{"id":965,"date":"2024-09-30T18:56:28","date_gmt":"2024-09-30T16:56:28","guid":{"rendered":"https:\/\/rvh-synergie.org\/actualites\/une-capacite-dattention-plus-faible-a-ladolescence-predit-la-consommation-de-substances-plus-tard-dans-la-vie\/"},"modified":"2024-09-30T18:56:30","modified_gmt":"2024-09-30T16:56:30","slug":"une-capacite-dattention-plus-faible-a-ladolescence-predit-la-consommation-de-substances-plus-tard-dans-la-vie","status":"publish","type":"post","link":"https:\/\/rvh-synergie.org\/actualites\/une-capacite-dattention-plus-faible-a-ladolescence-predit-la-consommation-de-substances-plus-tard-dans-la-vie\/","title":{"rendered":"Une capacit\u00e9 d\u2019attention plus faible \u00e0 l\u2019adolescence pr\u00e9dit la consommation de substances plus tard dans la vie"},"content":{"rendered":"<div>\n<div class=\"article-gallery lightGallery\">\n<div data-thumb=\"https:\/\/scx1.b-cdn.net\/csz\/news\/tmb\/2024\/lower-attention-abilit.jpg\" data-src=\"https:\/\/scx2.b-cdn.net\/gfx\/news\/hires\/2024\/lower-attention-abilit.jpg\" data-sub-html=\"Significant correlations between sustained attention and substance use across timepoints. Credit: &lt;i&gt;eLife&lt;\/i&gt; (2024). DOI: 10.7554\/eLife.97150.3\">\n<figure class=\"article-img\">\n<\/figure><\/div>\n<\/div>\n<p>Une faible capacit\u00e9 d&rsquo;attention \u00e0 l&rsquo;adolescence peut pr\u00e9dire la consommation de cigarettes et de cannabis chez les jeunes adultes, selon une nouvelle \u00e9tude du Trinity College de Dublin.<\/p>\n<p>L\u2019attention soutenue, c\u2019est-\u00e0-dire la capacit\u00e9 de rester concentr\u00e9 sur une t\u00e2che au fil du temps, est une capacit\u00e9 cognitive importante. La consommation de substances, en particulier de cigarettes et de cannabis, a d\u00e9j\u00e0 \u00e9t\u00e9 associ\u00e9e \u00e0 des troubles de l&rsquo;attention soutenue. Mais il n\u2019\u00e9tait pas clair si une mauvaise attention soutenue pr\u00e9c\u00e9dait la consommation de substances ou \u00e9tait une cons\u00e9quence de la consommation de substances.<\/p>\n<p>La recherche, publi\u00e9e dans la revue \u00e0 comit\u00e9 de lecture <i>eLife<\/i>ont d\u00e9couvert pour la premi\u00e8re fois qu&rsquo;une attention soutenue moindre et l&rsquo;activit\u00e9 du r\u00e9seau c\u00e9r\u00e9bral associ\u00e9e \u00e0 l&rsquo;\u00e2ge de 14 ans pr\u00e9disaient une augmentation plus importante de la consommation de cigarettes et de cannabis \u00e0 l&rsquo;\u00e2ge de 23 ans.<\/p>\n<p>L&rsquo;\u00e9tude, entreprise par des chercheurs de l&rsquo;\u00c9cole de psychologie et de l&rsquo;\u00c9cole de m\u00e9decine de Trinity, sugg\u00e8re qu&rsquo;une attention soutenue et l&rsquo;activit\u00e9 c\u00e9r\u00e9brale associ\u00e9e pourraient \u00eatre utilis\u00e9es comme premiers biomarqueurs de la vuln\u00e9rabilit\u00e9 \u00e0 la consommation de substances. La recherche impliquait l&rsquo;analyse des donn\u00e9es d&rsquo;imagerie c\u00e9r\u00e9brale de plus de 1\u00a0000 participants \u00e0 l&rsquo;\u00e9tude IMAGEN, obtenues \u00e0 l&rsquo;\u00e2ge de 14, 19 et 23 ans.<\/p>\n<p>Robert Whelan, professeur en psychologie, qui a dirig\u00e9 l&rsquo;\u00e9quipe de recherche, a expliqu\u00e9 : \u00ab La consommation g\u00e9n\u00e9ralis\u00e9e de cigarettes et de cannabis chez les adolescents et les jeunes adultes en Irlande et ailleurs constitue un probl\u00e8me de sant\u00e9 publique important, avec des implications majeures sur la sant\u00e9 \u00e0 long terme. \u00bb<\/p>\n<p>\u00ab\u00a0En identifiant une attention soutenue moindre comme pr\u00e9dicteur de la consommation de substances, nos r\u00e9sultats peuvent potentiellement guider le d\u00e9veloppement de programmes \u00e9ducatifs cibl\u00e9s et d&rsquo;interventions de formation cognitive pour am\u00e9liorer l&rsquo;attention chez les adolescents identifi\u00e9s comme vuln\u00e9rables \u00e0 la consommation de substances. Cette approche proactive pourrait r\u00e9duire les risques de toxicomanie, am\u00e9liorer vies individuelles et all\u00e9ger les fardeaux soci\u00e9taux li\u00e9s \u00e0 la d\u00e9pendance.<\/p>\n<p>                                        <!-- print only --><\/p><\/div>\n","protected":false},"excerpt":{"rendered":"<p>Une faible capacit\u00e9 d&rsquo;attention \u00e0 l&rsquo;adolescence peut pr\u00e9dire la consommation de cigarettes et de cannabis<\/p>\n","protected":false},"author":1,"featured_media":966,"comment_status":"closed","ping_status":"","sticky":false,"template":"","format":"standard","meta":{"footnotes":""},"categories":[35],"tags":[1244,33,44,1245,425,1246,246,741,628,47,597],"class_list":["post-965","post","type-post","status-publish","format-standard","has-post-thumbnail","hentry","category-les-addictions","tag-capacite","tag-consommation","tag-dans","tag-dattention","tag-faible","tag-ladolescence","tag-predit","tag-substances","tag-tard","tag-une","tag-vie","generate-columns","tablet-grid-50","mobile-grid-100","grid-parent","grid-50","resize-featured-image"],"yoast_head":"<!-- This site is optimized with the Yoast SEO plugin v23.4 - https:\/\/yoast.com\/wordpress\/plugins\/seo\/ -->\n<title>Une capacit\u00e9 d\u2019attention plus faible \u00e0 l\u2019adolescence pr\u00e9dit la consommation de substances plus tard dans la vie - RVH-Synergie.org<\/title>\n<meta name=\"robots\" content=\"index, follow, max-snippet:-1, max-image-preview:large, max-video-preview:-1\" \/>\n<link rel=\"canonical\" href=\"https:\/\/rvh-synergie.org\/actualites\/une-capacite-dattention-plus-faible-a-ladolescence-predit-la-consommation-de-substances-plus-tard-dans-la-vie\/\" \/>\n<meta property=\"og:locale\" content=\"fr_FR\" \/>\n<meta property=\"og:type\" content=\"article\" \/>\n<meta property=\"og:title\" content=\"Une capacit\u00e9 d\u2019attention plus faible \u00e0 l\u2019adolescence pr\u00e9dit la consommation de substances plus tard dans la vie - RVH-Synergie.org\" \/>\n<meta property=\"og:description\" content=\"Une faible capacit\u00e9 d&rsquo;attention \u00e0 l&rsquo;adolescence peut pr\u00e9dire la consommation de cigarettes et de cannabis\" \/>\n<meta property=\"og:url\" content=\"https:\/\/rvh-synergie.org\/actualites\/une-capacite-dattention-plus-faible-a-ladolescence-predit-la-consommation-de-substances-plus-tard-dans-la-vie\/\" \/>\n<meta property=\"og:site_name\" content=\"RVH-Synergie\" \/>\n<meta property=\"article:published_time\" content=\"2024-09-30T16:56:28+00:00\" \/>\n<meta property=\"article:modified_time\" content=\"2024-09-30T16:56:30+00:00\" \/>\n<meta property=\"og:image\" content=\"https:\/\/rvh-synergie.org\/actualites\/wp-content\/uploads\/2024\/09\/1727715389_Une-capacite-dattention-plus-faible-a-ladolescence-predit-la-consommation.jpg\" \/>\n\t<meta property=\"og:image:width\" content=\"1500\" \/>\n\t<meta property=\"og:image:height\" content=\"568\" \/>\n\t<meta property=\"og:image:type\" content=\"image\/jpeg\" \/>\n<meta name=\"author\" content=\"Charles Martinez\" \/>\n<meta name=\"twitter:card\" content=\"summary_large_image\" \/>\n<meta name=\"twitter:label1\" content=\"\u00c9crit par\" \/>\n\t<meta name=\"twitter:data1\" content=\"Charles Martinez\" \/>\n\t<meta name=\"twitter:label2\" content=\"Dur\u00e9e de lecture estim\u00e9e\" \/>\n\t<meta name=\"twitter:data2\" content=\"2 minutes\" \/>\n<script type=\"application\/ld+json\" class=\"yoast-schema-graph\">{\"@context\":\"https:\/\/schema.org\",\"@graph\":[{\"@type\":\"Article\",\"@id\":\"https:\/\/rvh-synergie.org\/actualites\/une-capacite-dattention-plus-faible-a-ladolescence-predit-la-consommation-de-substances-plus-tard-dans-la-vie\/#article\",\"isPartOf\":{\"@id\":\"https:\/\/rvh-synergie.org\/actualites\/une-capacite-dattention-plus-faible-a-ladolescence-predit-la-consommation-de-substances-plus-tard-dans-la-vie\/\"},\"author\":{\"name\":\"Charles Martinez\",\"@id\":\"https:\/\/rvh-synergie.org\/actualites\/#\/schema\/person\/aa5ea98671fb4e8620f488a0795d2560\"},\"headline\":\"Une capacit\u00e9 d\u2019attention plus faible \u00e0 l\u2019adolescence pr\u00e9dit la consommation de substances plus tard dans la vie\",\"datePublished\":\"2024-09-30T16:56:28+00:00\",\"dateModified\":\"2024-09-30T16:56:30+00:00\",\"mainEntityOfPage\":{\"@id\":\"https:\/\/rvh-synergie.org\/actualites\/une-capacite-dattention-plus-faible-a-ladolescence-predit-la-consommation-de-substances-plus-tard-dans-la-vie\/\"},\"wordCount\":385,\"publisher\":{\"@id\":\"https:\/\/rvh-synergie.org\/actualites\/#organization\"},\"image\":{\"@id\":\"https:\/\/rvh-synergie.org\/actualites\/une-capacite-dattention-plus-faible-a-ladolescence-predit-la-consommation-de-substances-plus-tard-dans-la-vie\/#primaryimage\"},\"thumbnailUrl\":\"https:\/\/rvh-synergie.org\/actualites\/wp-content\/uploads\/2024\/09\/1727715389_Une-capacite-dattention-plus-faible-a-ladolescence-predit-la-consommation.jpg\",\"keywords\":[\"capacit\u00e9\",\"consommation\",\"dans\",\"dattention\",\"faible\",\"ladolescence\",\"pr\u00e9dit\",\"substances\",\"tard\",\"une\",\"vie\"],\"articleSection\":[\"Les addictions\"],\"inLanguage\":\"fr-FR\"},{\"@type\":\"WebPage\",\"@id\":\"https:\/\/rvh-synergie.org\/actualites\/une-capacite-dattention-plus-faible-a-ladolescence-predit-la-consommation-de-substances-plus-tard-dans-la-vie\/\",\"url\":\"https:\/\/rvh-synergie.org\/actualites\/une-capacite-dattention-plus-faible-a-ladolescence-predit-la-consommation-de-substances-plus-tard-dans-la-vie\/\",\"name\":\"Une capacit\u00e9 d\u2019attention plus faible \u00e0 l\u2019adolescence pr\u00e9dit la consommation de substances plus tard dans la vie - RVH-Synergie.org\",\"isPartOf\":{\"@id\":\"https:\/\/rvh-synergie.org\/actualites\/#website\"},\"primaryImageOfPage\":{\"@id\":\"https:\/\/rvh-synergie.org\/actualites\/une-capacite-dattention-plus-faible-a-ladolescence-predit-la-consommation-de-substances-plus-tard-dans-la-vie\/#primaryimage\"},\"image\":{\"@id\":\"https:\/\/rvh-synergie.org\/actualites\/une-capacite-dattention-plus-faible-a-ladolescence-predit-la-consommation-de-substances-plus-tard-dans-la-vie\/#primaryimage\"},\"thumbnailUrl\":\"https:\/\/rvh-synergie.org\/actualites\/wp-content\/uploads\/2024\/09\/1727715389_Une-capacite-dattention-plus-faible-a-ladolescence-predit-la-consommation.jpg\",\"datePublished\":\"2024-09-30T16:56:28+00:00\",\"dateModified\":\"2024-09-30T16:56:30+00:00\",\"breadcrumb\":{\"@id\":\"https:\/\/rvh-synergie.org\/actualites\/une-capacite-dattention-plus-faible-a-ladolescence-predit-la-consommation-de-substances-plus-tard-dans-la-vie\/#breadcrumb\"},\"inLanguage\":\"fr-FR\",\"potentialAction\":[{\"@type\":\"ReadAction\",\"target\":[\"https:\/\/rvh-synergie.org\/actualites\/une-capacite-dattention-plus-faible-a-ladolescence-predit-la-consommation-de-substances-plus-tard-dans-la-vie\/\"]}]},{\"@type\":\"ImageObject\",\"inLanguage\":\"fr-FR\",\"@id\":\"https:\/\/rvh-synergie.org\/actualites\/une-capacite-dattention-plus-faible-a-ladolescence-predit-la-consommation-de-substances-plus-tard-dans-la-vie\/#primaryimage\",\"url\":\"https:\/\/rvh-synergie.org\/actualites\/wp-content\/uploads\/2024\/09\/1727715389_Une-capacite-dattention-plus-faible-a-ladolescence-predit-la-consommation.jpg\",\"contentUrl\":\"https:\/\/rvh-synergie.org\/actualites\/wp-content\/uploads\/2024\/09\/1727715389_Une-capacite-dattention-plus-faible-a-ladolescence-predit-la-consommation.jpg\",\"width\":1500,\"height\":568,\"caption\":\"Une capacit\u00e9 d\u2019attention plus faible \u00e0 l\u2019adolescence pr\u00e9dit la consommation de substances plus tard dans la vie\"},{\"@type\":\"BreadcrumbList\",\"@id\":\"https:\/\/rvh-synergie.org\/actualites\/une-capacite-dattention-plus-faible-a-ladolescence-predit-la-consommation-de-substances-plus-tard-dans-la-vie\/#breadcrumb\",\"itemListElement\":[{\"@type\":\"ListItem\",\"position\":1,\"name\":\"Accueil\",\"item\":\"https:\/\/rvh-synergie.org\/actualites\/\"},{\"@type\":\"ListItem\",\"position\":2,\"name\":\"Une capacit\u00e9 d\u2019attention plus faible \u00e0 l\u2019adolescence pr\u00e9dit la consommation de substances plus tard dans la vie\"}]},{\"@type\":\"WebSite\",\"@id\":\"https:\/\/rvh-synergie.org\/actualites\/#website\",\"url\":\"https:\/\/rvh-synergie.org\/actualites\/\",\"name\":\"RVH-Synergie.org\",\"description\":\"RVH-Synergie, site ind\u00e9pendant d&#039;informations sur la prise en charge des addictions.\",\"publisher\":{\"@id\":\"https:\/\/rvh-synergie.org\/actualites\/#organization\"},\"potentialAction\":[{\"@type\":\"SearchAction\",\"target\":{\"@type\":\"EntryPoint\",\"urlTemplate\":\"https:\/\/rvh-synergie.org\/actualites\/?s={search_term_string}\"},\"query-input\":{\"@type\":\"PropertyValueSpecification\",\"valueRequired\":true,\"valueName\":\"search_term_string\"}}],\"inLanguage\":\"fr-FR\"},{\"@type\":\"Organization\",\"@id\":\"https:\/\/rvh-synergie.org\/actualites\/#organization\",\"name\":\"RVH-Synergie.org\",\"url\":\"https:\/\/rvh-synergie.org\/actualites\/\",\"logo\":{\"@type\":\"ImageObject\",\"inLanguage\":\"fr-FR\",\"@id\":\"https:\/\/rvh-synergie.org\/actualites\/#\/schema\/logo\/image\/\",\"url\":\"https:\/\/rvh-synergie.org\/actualites\/wp-content\/uploads\/2024\/09\/favicon.png\",\"contentUrl\":\"https:\/\/rvh-synergie.org\/actualites\/wp-content\/uploads\/2024\/09\/favicon.png\",\"width\":512,\"height\":512,\"caption\":\"RVH-Synergie.org\"},\"image\":{\"@id\":\"https:\/\/rvh-synergie.org\/actualites\/#\/schema\/logo\/image\/\"}},{\"@type\":\"Person\",\"@id\":\"https:\/\/rvh-synergie.org\/actualites\/#\/schema\/person\/aa5ea98671fb4e8620f488a0795d2560\",\"name\":\"Charles Martinez\",\"image\":{\"@type\":\"ImageObject\",\"inLanguage\":\"fr-FR\",\"@id\":\"https:\/\/rvh-synergie.org\/actualites\/#\/schema\/person\/image\/\",\"url\":\"https:\/\/rvh-synergie.org\/actualites\/wp-content\/uploads\/2024\/09\/charles-martinez-scaled.jpg\",\"contentUrl\":\"https:\/\/rvh-synergie.org\/actualites\/wp-content\/uploads\/2024\/09\/charles-martinez-scaled.jpg\",\"caption\":\"Charles Martinez\"},\"description\":\"Bonjour, je m'appelle Charles Martinez, r\u00e9dacteur passionn\u00e9 pour le m\u00e9dia RVH-synergie.org, d\u00e9di\u00e9 aux addictions et aux maladies. Depuis plus de dix ans, j'explore et rapporte les histoires poignantes des individus confront\u00e9s \u00e0 ces d\u00e9fis, tout en sensibilisant le public aux traitements novateurs et aux progr\u00e8s scientifiques dans ce domaine. Mon engagement r\u00e9side dans l'espoir de cr\u00e9er une communaut\u00e9 inform\u00e9e et empathique, pr\u00eate \u00e0 soutenir ceux qui luttent contre ces \u00e9preuves.\",\"sameAs\":[\"https:\/\/rvh-synergie.org\/\"]}]}<\/script>\n<!-- \/ Yoast SEO plugin. -->","yoast_head_json":{"title":"Une capacit\u00e9 d\u2019attention plus faible \u00e0 l\u2019adolescence pr\u00e9dit la consommation de substances plus tard dans la vie - RVH-Synergie.org","robots":{"index":"index","follow":"follow","max-snippet":"max-snippet:-1","max-image-preview":"max-image-preview:large","max-video-preview":"max-video-preview:-1"},"canonical":"https:\/\/rvh-synergie.org\/actualites\/une-capacite-dattention-plus-faible-a-ladolescence-predit-la-consommation-de-substances-plus-tard-dans-la-vie\/","og_locale":"fr_FR","og_type":"article","og_title":"Une capacit\u00e9 d\u2019attention plus faible \u00e0 l\u2019adolescence pr\u00e9dit la consommation de substances plus tard dans la vie - RVH-Synergie.org","og_description":"Une faible capacit\u00e9 d&rsquo;attention \u00e0 l&rsquo;adolescence peut pr\u00e9dire la consommation de cigarettes et de cannabis","og_url":"https:\/\/rvh-synergie.org\/actualites\/une-capacite-dattention-plus-faible-a-ladolescence-predit-la-consommation-de-substances-plus-tard-dans-la-vie\/","og_site_name":"RVH-Synergie","article_published_time":"2024-09-30T16:56:28+00:00","article_modified_time":"2024-09-30T16:56:30+00:00","og_image":[{"width":1500,"height":568,"url":"https:\/\/rvh-synergie.org\/actualites\/wp-content\/uploads\/2024\/09\/1727715389_Une-capacite-dattention-plus-faible-a-ladolescence-predit-la-consommation.jpg","type":"image\/jpeg"}],"author":"Charles Martinez","twitter_card":"summary_large_image","twitter_misc":{"\u00c9crit par":"Charles Martinez","Dur\u00e9e de lecture estim\u00e9e":"2 minutes"},"schema":{"@context":"https:\/\/schema.org","@graph":[{"@type":"Article","@id":"https:\/\/rvh-synergie.org\/actualites\/une-capacite-dattention-plus-faible-a-ladolescence-predit-la-consommation-de-substances-plus-tard-dans-la-vie\/#article","isPartOf":{"@id":"https:\/\/rvh-synergie.org\/actualites\/une-capacite-dattention-plus-faible-a-ladolescence-predit-la-consommation-de-substances-plus-tard-dans-la-vie\/"},"author":{"name":"Charles Martinez","@id":"https:\/\/rvh-synergie.org\/actualites\/#\/schema\/person\/aa5ea98671fb4e8620f488a0795d2560"},"headline":"Une capacit\u00e9 d\u2019attention plus faible \u00e0 l\u2019adolescence pr\u00e9dit la consommation de substances plus tard dans la vie","datePublished":"2024-09-30T16:56:28+00:00","dateModified":"2024-09-30T16:56:30+00:00","mainEntityOfPage":{"@id":"https:\/\/rvh-synergie.org\/actualites\/une-capacite-dattention-plus-faible-a-ladolescence-predit-la-consommation-de-substances-plus-tard-dans-la-vie\/"},"wordCount":385,"publisher":{"@id":"https:\/\/rvh-synergie.org\/actualites\/#organization"},"image":{"@id":"https:\/\/rvh-synergie.org\/actualites\/une-capacite-dattention-plus-faible-a-ladolescence-predit-la-consommation-de-substances-plus-tard-dans-la-vie\/#primaryimage"},"thumbnailUrl":"https:\/\/rvh-synergie.org\/actualites\/wp-content\/uploads\/2024\/09\/1727715389_Une-capacite-dattention-plus-faible-a-ladolescence-predit-la-consommation.jpg","keywords":["capacit\u00e9","consommation","dans","dattention","faible","ladolescence","pr\u00e9dit","substances","tard","une","vie"],"articleSection":["Les addictions"],"inLanguage":"fr-FR"},{"@type":"WebPage","@id":"https:\/\/rvh-synergie.org\/actualites\/une-capacite-dattention-plus-faible-a-ladolescence-predit-la-consommation-de-substances-plus-tard-dans-la-vie\/","url":"https:\/\/rvh-synergie.org\/actualites\/une-capacite-dattention-plus-faible-a-ladolescence-predit-la-consommation-de-substances-plus-tard-dans-la-vie\/","name":"Une capacit\u00e9 d\u2019attention plus faible \u00e0 l\u2019adolescence pr\u00e9dit la consommation de substances plus tard dans la vie - RVH-Synergie.org","isPartOf":{"@id":"https:\/\/rvh-synergie.org\/actualites\/#website"},"primaryImageOfPage":{"@id":"https:\/\/rvh-synergie.org\/actualites\/une-capacite-dattention-plus-faible-a-ladolescence-predit-la-consommation-de-substances-plus-tard-dans-la-vie\/#primaryimage"},"image":{"@id":"https:\/\/rvh-synergie.org\/actualites\/une-capacite-dattention-plus-faible-a-ladolescence-predit-la-consommation-de-substances-plus-tard-dans-la-vie\/#primaryimage"},"thumbnailUrl":"https:\/\/rvh-synergie.org\/actualites\/wp-content\/uploads\/2024\/09\/1727715389_Une-capacite-dattention-plus-faible-a-ladolescence-predit-la-consommation.jpg","datePublished":"2024-09-30T16:56:28+00:00","dateModified":"2024-09-30T16:56:30+00:00","breadcrumb":{"@id":"https:\/\/rvh-synergie.org\/actualites\/une-capacite-dattention-plus-faible-a-ladolescence-predit-la-consommation-de-substances-plus-tard-dans-la-vie\/#breadcrumb"},"inLanguage":"fr-FR","potentialAction":[{"@type":"ReadAction","target":["https:\/\/rvh-synergie.org\/actualites\/une-capacite-dattention-plus-faible-a-ladolescence-predit-la-consommation-de-substances-plus-tard-dans-la-vie\/"]}]},{"@type":"ImageObject","inLanguage":"fr-FR","@id":"https:\/\/rvh-synergie.org\/actualites\/une-capacite-dattention-plus-faible-a-ladolescence-predit-la-consommation-de-substances-plus-tard-dans-la-vie\/#primaryimage","url":"https:\/\/rvh-synergie.org\/actualites\/wp-content\/uploads\/2024\/09\/1727715389_Une-capacite-dattention-plus-faible-a-ladolescence-predit-la-consommation.jpg","contentUrl":"https:\/\/rvh-synergie.org\/actualites\/wp-content\/uploads\/2024\/09\/1727715389_Une-capacite-dattention-plus-faible-a-ladolescence-predit-la-consommation.jpg","width":1500,"height":568,"caption":"Une capacit\u00e9 d\u2019attention plus faible \u00e0 l\u2019adolescence pr\u00e9dit la consommation de substances plus tard dans la vie"},{"@type":"BreadcrumbList","@id":"https:\/\/rvh-synergie.org\/actualites\/une-capacite-dattention-plus-faible-a-ladolescence-predit-la-consommation-de-substances-plus-tard-dans-la-vie\/#breadcrumb","itemListElement":[{"@type":"ListItem","position":1,"name":"Accueil","item":"https:\/\/rvh-synergie.org\/actualites\/"},{"@type":"ListItem","position":2,"name":"Une capacit\u00e9 d\u2019attention plus faible \u00e0 l\u2019adolescence pr\u00e9dit la consommation de substances plus tard dans la vie"}]},{"@type":"WebSite","@id":"https:\/\/rvh-synergie.org\/actualites\/#website","url":"https:\/\/rvh-synergie.org\/actualites\/","name":"RVH-Synergie.org","description":"RVH-Synergie, site ind\u00e9pendant d&#039;informations sur la prise en charge des addictions.","publisher":{"@id":"https:\/\/rvh-synergie.org\/actualites\/#organization"},"potentialAction":[{"@type":"SearchAction","target":{"@type":"EntryPoint","urlTemplate":"https:\/\/rvh-synergie.org\/actualites\/?s={search_term_string}"},"query-input":{"@type":"PropertyValueSpecification","valueRequired":true,"valueName":"search_term_string"}}],"inLanguage":"fr-FR"},{"@type":"Organization","@id":"https:\/\/rvh-synergie.org\/actualites\/#organization","name":"RVH-Synergie.org","url":"https:\/\/rvh-synergie.org\/actualites\/","logo":{"@type":"ImageObject","inLanguage":"fr-FR","@id":"https:\/\/rvh-synergie.org\/actualites\/#\/schema\/logo\/image\/","url":"https:\/\/rvh-synergie.org\/actualites\/wp-content\/uploads\/2024\/09\/favicon.png","contentUrl":"https:\/\/rvh-synergie.org\/actualites\/wp-content\/uploads\/2024\/09\/favicon.png","width":512,"height":512,"caption":"RVH-Synergie.org"},"image":{"@id":"https:\/\/rvh-synergie.org\/actualites\/#\/schema\/logo\/image\/"}},{"@type":"Person","@id":"https:\/\/rvh-synergie.org\/actualites\/#\/schema\/person\/aa5ea98671fb4e8620f488a0795d2560","name":"Charles Martinez","image":{"@type":"ImageObject","inLanguage":"fr-FR","@id":"https:\/\/rvh-synergie.org\/actualites\/#\/schema\/person\/image\/","url":"https:\/\/rvh-synergie.org\/actualites\/wp-content\/uploads\/2024\/09\/charles-martinez-scaled.jpg","contentUrl":"https:\/\/rvh-synergie.org\/actualites\/wp-content\/uploads\/2024\/09\/charles-martinez-scaled.jpg","caption":"Charles Martinez"},"description":"Bonjour, je m'appelle Charles Martinez, r\u00e9dacteur passionn\u00e9 pour le m\u00e9dia RVH-synergie.org, d\u00e9di\u00e9 aux addictions et aux maladies. Depuis plus de dix ans, j'explore et rapporte les histoires poignantes des individus confront\u00e9s \u00e0 ces d\u00e9fis, tout en sensibilisant le public aux traitements novateurs et aux progr\u00e8s scientifiques dans ce domaine. Mon engagement r\u00e9side dans l'espoir de cr\u00e9er une communaut\u00e9 inform\u00e9e et empathique, pr\u00eate \u00e0 soutenir ceux qui luttent contre ces \u00e9preuves.","sameAs":["https:\/\/rvh-synergie.org\/"]}]}},"_links":{"self":[{"href":"https:\/\/rvh-synergie.org\/actualites\/wp-json\/wp\/v2\/posts\/965","targetHints":{"allow":["GET"]}}],"collection":[{"href":"https:\/\/rvh-synergie.org\/actualites\/wp-json\/wp\/v2\/posts"}],"about":[{"href":"https:\/\/rvh-synergie.org\/actualites\/wp-json\/wp\/v2\/types\/post"}],"author":[{"embeddable":true,"href":"https:\/\/rvh-synergie.org\/actualites\/wp-json\/wp\/v2\/users\/1"}],"replies":[{"embeddable":true,"href":"https:\/\/rvh-synergie.org\/actualites\/wp-json\/wp\/v2\/comments?post=965"}],"version-history":[{"count":0,"href":"https:\/\/rvh-synergie.org\/actualites\/wp-json\/wp\/v2\/posts\/965\/revisions"}],"wp:featuredmedia":[{"embeddable":true,"href":"https:\/\/rvh-synergie.org\/actualites\/wp-json\/wp\/v2\/media\/966"}],"wp:attachment":[{"href":"https:\/\/rvh-synergie.org\/actualites\/wp-json\/wp\/v2\/media?parent=965"}],"wp:term":[{"taxonomy":"category","embeddable":true,"href":"https:\/\/rvh-synergie.org\/actualites\/wp-json\/wp\/v2\/categories?post=965"},{"taxonomy":"post_tag","embeddable":true,"href":"https:\/\/rvh-synergie.org\/actualites\/wp-json\/wp\/v2\/tags?post=965"}],"curies":[{"name":"wp","href":"https:\/\/api.w.org\/{rel}","templated":true}]}}