{"id":8912,"date":"2025-08-27T02:55:47","date_gmt":"2025-08-27T00:55:47","guid":{"rendered":"https:\/\/rvh-synergie.org\/actualites\/covid-rising-fast-en-californie-alimente-par-une-nouvelle-variante-stratus-liee-a-lomicron\/"},"modified":"2025-08-27T02:55:57","modified_gmt":"2025-08-27T00:55:57","slug":"covid-rising-fast-en-californie-alimente-par-une-nouvelle-variante-stratus-liee-a-lomicron","status":"publish","type":"post","link":"https:\/\/rvh-synergie.org\/actualites\/covid-rising-fast-en-californie-alimente-par-une-nouvelle-variante-stratus-liee-a-lomicron\/","title":{"rendered":"Covid Rising Fast en Californie, aliment\u00e9 par une nouvelle variante \u00abStratus\u00bb li\u00e9e \u00e0 l&rsquo;Omicron"},"content":{"rendered":"<div>\n<div class=\"article-gallery lightGallery\">\n<div data-thumb=\"https:\/\/scx1.b-cdn.net\/csz\/news\/tmb\/2020\/53-covid19.jpg\" data-src=\"https:\/\/scx2.b-cdn.net\/gfx\/news\/hires\/2020\/53-covid19.jpg\" data-sub-html=\"Credit: Unsplash\/CC0 Public Domain\">\n<figure class=\"article-img\">\n<\/figure><\/div>\n<\/div>\n<p>Covid-19 grimpe \u00e0 nouveau \u00e0 des niveaux troublants en Californie &#8211; une tendance inqui\u00e9tante alors que les responsables de la sant\u00e9 tentent de naviguer dans un paysage vaccinal jet\u00e9 dans l&rsquo;incertitude par les retards et les d\u00e9cisions de l&rsquo;administration Trump.<\/p>\n<p>Les services de sant\u00e9 publique des comt\u00e9s de Los Angeles et de Santa Clara ont signal\u00e9 des sauts dans les concentrations de coronavirus d\u00e9tect\u00e9es dans les eaux us\u00e9es ces derni\u00e8res semaines. Le comt\u00e9 de LA a \u00e9galement signal\u00e9 une faible augmentation des patients hospitalis\u00e9s avec Covid.<\/p>\n<p>\u00ab\u00a0Il y a beaucoup de covide l\u00e0-bas\u00a0\u00bb, a d\u00e9clar\u00e9 le Dr Peter Chin-Hong, un expert des maladies infectieuses \u00e0 l&rsquo;UC San Francisco. \u00ab\u00a0Covid arrive un peu plus tard que l&rsquo;an dernier.\u00a0\u00bb<\/p>\n<p>Le taux auquel les tests de laboratoire Covid sont revenus positifs dans le comt\u00e9 de LA est de 12,6% pour la semaine qui s&rsquo;est termin\u00e9e le 16 ao\u00fbt, contre 7,6% un mois plus t\u00f4t. Dans le comt\u00e9 d&rsquo;Orange, il est de 14,4%, contre 8,1%.<\/p>\n<p>\u00ab\u00a0Nous constatons que les cas ambulatoires augmenteront\u00a0\u00bb, a d\u00e9clar\u00e9 le Dr Elizabeth E. Hudson, m\u00e9decin r\u00e9gional des maladies infectieuses pour Kaiser Permanente Southern California. \u00ab\u00a0Avec la saison des \u00e9coles arri\u00e8re en plein essor &#8230; Nous nous attendons \u00e0 voir une augmentation de Covid chez les enfants au cours des prochaines semaines et cela est d\u00e9j\u00e0 vu dans certaines parties du pays.\u00a0\u00bb<\/p>\n<p>Dans un article de blog, le Dr Matt Willis, ancien responsable de la sant\u00e9 publique pour Marin County, a \u00e9crit que \u00ab\u00a0la Californie au milieu d&rsquo;une vague de Covid-19, et les taux \u00e0 l&rsquo;\u00e9chelle de l&rsquo;\u00c9tat sont parmi les plus \u00e9lev\u00e9s du pays\u00a0\u00bb.<\/p>\n<p>Parmi les r\u00e9sidents des personnes \u00e2g\u00e9es dans le comt\u00e9 d&rsquo;Orange, les visites aux urgences pour une maladie de type confortable, ainsi que les hospitalisations pour Covid, sont \u00e9galement en cours de reprise, a d\u00e9clar\u00e9 le Dr Christopher Zimmerman, m\u00e9decin de la Division des maladies transmissibles et du contr\u00f4le de l&rsquo;agence de soins de sant\u00e9 du comt\u00e9 d&rsquo;Orange, et le Dr Regina Chinsio-Kwong, le chef de la sant\u00e9 du comt\u00e9.<\/p>\n<p>Hudson a d\u00e9clar\u00e9 que le sous-variant du coronavirus XFG, surnomm\u00e9 Stratus, explique la grande majorit\u00e9 des variantes observ\u00e9es dans les eaux us\u00e9es.<\/p>\n<p>\u00ab\u00a0Il s&rsquo;agit d&rsquo;un autre subvariant omicron, donc les infections pr\u00e9c\u00e9dentes avec d&rsquo;autres variantes omicron peuvent offrir une certaine protection r\u00e9siduelle, mais, comme nous le savons, que la protection n&rsquo;est pas compl\u00e8te, vous pouvez donc \u00eatre r\u00e9infect\u00e9e\u00a0\u00bb, a d\u00e9clar\u00e9 Hudson.<\/p>\n<p>Il semble que cet \u00e9t\u00e9, la saison covide a \u00e9t\u00e9 moins intense que l&rsquo;ann\u00e9e derni\u00e8re.<\/p>\n<p>Dans le comt\u00e9 de Los Angeles, par exemple, les hospitalisations covides actuelles pour la semaine qui s&rsquo;est termin\u00e9e le 16 ao\u00fbt est d&rsquo;environ la moiti\u00e9 du niveau vu au cours de la m\u00eame semaine de l&rsquo;ann\u00e9e derni\u00e8re. Et dans le comt\u00e9 d&rsquo;Orange, les visites aux urgences li\u00e9es \u00e0 la maladie de type Covid sont moins de la moiti\u00e9 de ce qu&rsquo;elles \u00e9taient l&rsquo;\u00e9t\u00e9 dernier.<\/p>\n<p>\u00ab\u00a0L&rsquo;\u00e9t\u00e9 dernier, la surtension est la plus importante depuis 2022, donc la surtension de cette ann\u00e9e est davantage \u00e0 \u00e9galit\u00e9 avec nos ondes d&rsquo;\u00e9t\u00e9 moins s\u00e9v\u00e8res\u00a0\u00bb, a d\u00e9clar\u00e9 Hudson. \u00ab\u00a0Les gens deviennent d\u00e9finitivement covide cet \u00e9t\u00e9, mais l&rsquo;intensit\u00e9 est bien inf\u00e9rieure \u00e0 celle de 2024.\u00a0\u00bb<\/p>\n<p>L&rsquo;augmentation de Covid intervient alors que l&rsquo;administration Trump a retard\u00e9 le d\u00e9ploiement du vaccin mis \u00e0 jour pour la chute. L&rsquo;ann\u00e9e derni\u00e8re, le gouvernement f\u00e9d\u00e9ral avait compl\u00e8tement \u00e9clair\u00e9 la reformulation annuelle du vaccin d&rsquo;ici juin, \u00e0 temps pour un d\u00e9ploiement qui a commenc\u00e9 en septembre.<\/p>\n<p>Cette ann\u00e9e, cependant, le minist\u00e8re de la Sant\u00e9 et des Services sociaux, dirig\u00e9e par le secr\u00e9taire sceptique aux vaccins, Robert F. Kennedy Jr., a en fait retard\u00e9 le d\u00e9ploiement du tir covide de cet automne.<\/p>\n<p>\u00ab\u00a0Les vaccins mis \u00e0 jour Covid-19 ont \u00e9t\u00e9 retard\u00e9s cette ann\u00e9e en raison des changements de politique f\u00e9d\u00e9rale, et nous attendons une licence (Administration de l&rsquo;alimentation et du m\u00e9dicament) des produits de cette saison\u00a0\u00bb, a d\u00e9clar\u00e9 le D\u00e9partement de la sant\u00e9 publique du comt\u00e9 de Los Angeles dans un communiqu\u00e9 au Times. \u00ab\u00a0Cela signifie que la disponibilit\u00e9 en septembre peut \u00eatre plus tard que ce que les gens ont v\u00e9cu l&rsquo;automne dernier.\u00a0\u00bb<\/p>\n<p>Les responsables de la sant\u00e9 du comt\u00e9 ont not\u00e9 que la FDA pourrait r\u00e9viser ou limiter davantage qui peut obtenir un tir annuel de covide &#8211; comme l&rsquo;agence l&rsquo;a signal\u00e9 en mai &#8211; \u00ab\u00a0bien que les preuves actuelles continuent de montrer que les vaccins sont s\u00fbrs et efficaces \u00e0 tous les \u00e2ges.\u00a0\u00bb<\/p>\n<p>Le California Department of Public Health a \u00e9galement averti que, parce que le gouvernement f\u00e9d\u00e9ral n&rsquo;a pas pris de d\u00e9cisions sur les approbations et les recommandations de licence, \u00ab\u00a0la disponibilit\u00e9 et le calendrier de produits vaccinaux sp\u00e9cifiques Covid-19 peuvent \u00eatre plus limit\u00e9s et se produire dans un calendrier ult\u00e9rieur\u00a0\u00bb.<\/p>\n<p>\u00ab\u00a0Nous sommes dans des limbes malheureux, cr\u00e9\u00e9s par une administration qui n&rsquo;est pas engag\u00e9e aux vaccins, entre la fermeture lente de &rsquo;24 \u2013&rsquo;25 Disponibilit\u00e9 du vaccin et l&rsquo;acc\u00e8s au blog &rsquo;25 \u2013&rsquo;26\u00a0\u00bb, a \u00e9crit Willis dans le blog \u00ab\u00a0Votre \u00e9pid\u00e9miologiste local en Californie\u00a0\u00bb.<\/p>\n<p>Chin-Hong a d\u00e9clar\u00e9 que le moment du d\u00e9ploiement du vaccin est en train de faire un tel flux et qu&rsquo;il recommande \u00e0 toute personne \u00e0 risque de complications graves de la part de Covid qui n&rsquo;a pas \u00e9t\u00e9 vaccin\u00e9e depuis plus d&rsquo;un an pour \u00eatre inocul\u00e9e maintenant.<\/p>\n<p>Les personnes \u00e0 risque grave de maladie covide comprennent ceux de 65 ans et plus, ceux qui ont compromis les syst\u00e8mes immunitaires, ceux qui sont enceintes et tous les nourrissons et enfants \u00e2g\u00e9s de 6 mois \u00e0 23 mois. (Les enfants \u00e2g\u00e9s de 2 \u00e0 5 ans sont \u00e9galement plus \u00e0 risque de complications de la covide par rapport aux enfants plus \u00e2g\u00e9s.)<\/p>\n<p>\u00ab\u00a0S&rsquo;ils ne l&rsquo;ont pas obtenu depuis un an, allez-y, peut-\u00eatre, obtenez-le maintenant\u00a0\u00bb, a d\u00e9clar\u00e9 Chin-Hong. \u00ab\u00a0Parce aussi, le vaccin qui est propos\u00e9 (pour cet automne) est relativement la m\u00eame formule que l&rsquo;ann\u00e9e derni\u00e8re. &#8230; Il est moins important d&rsquo;attendre.\u00a0\u00bb<\/p>\n<p>Il pourrait \u00e9galement \u00eatre plus facile d&rsquo;obtenir le vaccin Covid-19 maintenant avant les changements potentiels des recommandations et approbations f\u00e9d\u00e9rales plus tard cette ann\u00e9e.<\/p>\n<p>Chin-Hong a appel\u00e9 le retard dans la formulation d&rsquo;un plan de jeu vaccinant sid\u00e9rurr\u00e9 pour cet automne \u00ab\u00a0juste bizarre\u00a0\u00bb, comme \u00ab\u00a0g\u00e9n\u00e9ralement en sant\u00e9 publique, la pr\u00e9paration est tout\u00a0\u00bb.<\/p>\n<p>\u00c0 ce stade des \u00e9t\u00e9s pr\u00e9c\u00e9dents, les responsables de la sant\u00e9 exhortaient g\u00e9n\u00e9ralement les gens \u00e0 faire des plans pour obtenir un vaccin \u00e0 l&rsquo;automne.<\/p>\n<p>Mais cette fois-ci, \u00ab\u00a0personne ne conna\u00eet des d\u00e9tails sur qui sera \u00e9ligible, exactement\u00a0\u00bb, a d\u00e9clar\u00e9 Chin-Hong, \u00e0 l&rsquo;exception des personnes \u00e2g\u00e9es de 65 ans et plus et plus \u00e2g\u00e9es souffrant de probl\u00e8mes de sant\u00e9 chroniques.<\/p>\n<p>\u00ab\u00a0Nous avons une toute nouvelle discussion, comme\u00a0\u00bb quand est-ce que cela vient? Pour qui est-ce que cela sera \u00e9ligible? &#8230; Les enfants doivent-ils d&rsquo;abord parler \u00e0 leur p\u00e9diatre? Les pharmaciens leur permettraient-ils de l&rsquo;obtenir? &#8230; Seraient-ils des personnes enceintes en bonne sant\u00e9 (pourraient-elles) l&rsquo;obtenir? \u00ab\u00a0\u00a0\u00bb, A d\u00e9clar\u00e9 Chin-Hong.<\/p>\n<p>C&rsquo;est comme si les responsables parlaient d&rsquo;un nouveau vaccin et d&rsquo;une nouvelle maladie, mais le vaccin Covid-19 existe depuis plus de quatre ans, a d\u00e9clar\u00e9 Chin-Hong.<\/p>\n<p>Mais le traitement par le gouvernement f\u00e9d\u00e9ral sur les plans covid\u00e9s ne se produit pas dans le vide. Kennedy a d\u00e9cri\u00e9 la technologie des vaccins d&rsquo;ARNm &#8211; la base des prises de vue covide les plus couramment administr\u00e9es &#8211; et a ordonn\u00e9 le licenciement des 17 experts du comit\u00e9 consultatif sur le vaccin influent des Centers for Disease and Prevention.<\/p>\n<p>Une personne qui dirigera un comit\u00e9 \u00e0 examiner la s\u00e9curit\u00e9 des vaccins coiff\u00e9s pour le CDC a d\u00e9crit les coups de feu comme \u00ab\u00a0le produit m\u00e9dical le plus d\u00e9faillant de l&rsquo;histoire des produits m\u00e9dicaux\u00a0\u00bb, a rapport\u00e9 vendredi le New York Times.<\/p>\n<p>Les vaccinations Covid-19 ont \u00e9vit\u00e9 2,5 millions de morts dans le monde de 2020 \u00e0 2024, selon un rapport publi\u00e9 dans la revue <i>Jama Health Forum<\/i> en juillet.<\/p>\n<p>Le leadership sceptique des vaccins de Kennedy sur le minist\u00e8re de la Sant\u00e9 et des Services sociaux, qui supervise la FDA et le CDC, a incit\u00e9 une telle r\u00e9partition dans la communaut\u00e9 m\u00e9dicale que les organisations traditionnelles telles que l&rsquo;American Academy of Pediatrics \u00e9mettent leurs propres recommandations concernant les vaccins.<\/p>\n<p>Le CDC, par exemple, plus t\u00f4t cette ann\u00e9e, a demand\u00e9 aux parents de parler avec un fournisseur de soins de sant\u00e9 avant d&rsquo;obtenir le vaccin covide pour les enfants en bonne sant\u00e9. C&rsquo;est une belle-m\u00e8re suppl\u00e9mentaire que les parents devront peut-\u00eatre prendre pour faire vacciner leurs enfants, et cela pourrait finir par \u00eatre une \u00ab\u00a0barri\u00e8re super grande\u00a0\u00bb pour la vaccination, a d\u00e9clar\u00e9 Chin-Hong.<\/p>\n<p>Auparavant, le CDC a recommand\u00e9 que tout le monde de 6 mois et plus obtienne un vaccin covide mis \u00e0 jour \u00e0 l&rsquo;automne.<\/p>\n<p>Le CDC a \u00e9galement r\u00e9cemment propos\u00e9 \u00abaucune orientation\u00bb pour savoir si les femmes enceintes en bonne sant\u00e9 devraient obtenir le vaccin conspect.<\/p>\n<p>Vendredi, en revanche, l&rsquo;American College of Obstetriciens and Gynecologists a recommand\u00e9 que les gens \u00ab\u00a0re\u00e7oivent un vaccin Covid-19 ou\u00a0\u00bb Booster \u00ab\u00a0mis \u00e0 jour \u00e0 tout moment pendant la grossesse, lorsqu&rsquo;ils pr\u00e9voient de devenir enceintes, pendant la p\u00e9riode post-partum, ou lors de la lactation\u00a0\u00bb.<\/p>\n<p>\u00ab\u00a0Les vaccins Covid-19 sont particuli\u00e8rement efficaces pour r\u00e9duire la morbidit\u00e9 des complications Covid-19 chez les patients enceintes et leurs nourrissons\u00a0\u00bb, a d\u00e9clar\u00e9 l&rsquo;organisation. \u00ab\u00a0Les donn\u00e9es soutiennent \u00e9galement le b\u00e9n\u00e9fice de la vaccination dans la r\u00e9duction des complications de la grossesse, telles que la morbidit\u00e9 maternelle s\u00e9v\u00e8re, les naissances pr\u00e9matur\u00e9es et la mortinaissance.\u00a0\u00bb<\/p>\n<p>Et l&rsquo;American Academy of Pediatrics, le 19 ao\u00fbt, a recommand\u00e9 que les nourrissons et les enfants \u00e2g\u00e9s de 6 mois \u00e0 23 mois obtiennent le vaccin covide mis \u00e0 jour, car ils \u00ab\u00a0sont \u00e0 haut risque\u00a0\u00bb.<\/p>\n<p>Le groupe a \u00e9galement d\u00e9clar\u00e9 que les enfants \u00e2g\u00e9s de 2 ans et plus devraient se voir offrir le dernier vaccin covide si leurs parents ou tuteurs le souhaitent.<\/p>\n<p>\u00ab\u00a0La situation covide des vaccins est troublante. &#8230; Les diff\u00e9rences d&rsquo;orientation des CDC et d&rsquo;autres groupes professionnels m\u00e9dicaux seront difficiles pour le public\u00a0\u00bb, a d\u00e9clar\u00e9 l&rsquo;\u00e9quipe de lutte contre les maladies transmissibles du comt\u00e9 d&rsquo;Orange.<\/p>\n<p>                                        <!-- print only --><\/p><\/div>\n","protected":false},"excerpt":{"rendered":"<p>Covid-19 grimpe \u00e0 nouveau \u00e0 des niveaux troublants en Californie &#8211; une tendance inqui\u00e9tante alors<\/p>\n","protected":false},"author":1,"featured_media":8913,"comment_status":"closed","ping_status":"","sticky":false,"template":"","format":"standard","meta":{"footnotes":""},"categories":[86],"tags":[6342,1297,618,6435,664,6437,244,540,6434,6436,47,889],"class_list":["post-8912","post","type-post","status-publish","format-standard","has-post-thumbnail","hentry","category-les-maladies","tag-alimente","tag-californie","tag-covid","tag-fast","tag-liee","tag-lomicron","tag-nouvelle","tag-par","tag-rising","tag-stratus","tag-une","tag-variante","generate-columns","tablet-grid-50","mobile-grid-100","grid-parent","grid-50","resize-featured-image"],"yoast_head":"<!-- This site is optimized with the Yoast SEO plugin v23.4 - https:\/\/yoast.com\/wordpress\/plugins\/seo\/ -->\n<title>Covid Rising Fast en Californie, aliment\u00e9 par une nouvelle variante \u00abStratus\u00bb li\u00e9e \u00e0 l&#039;Omicron - RVH-Synergie.org<\/title>\n<meta name=\"robots\" content=\"index, follow, max-snippet:-1, max-image-preview:large, max-video-preview:-1\" \/>\n<link rel=\"canonical\" href=\"https:\/\/rvh-synergie.org\/actualites\/covid-rising-fast-en-californie-alimente-par-une-nouvelle-variante-stratus-liee-a-lomicron\/\" \/>\n<meta property=\"og:locale\" content=\"fr_FR\" \/>\n<meta property=\"og:type\" content=\"article\" \/>\n<meta property=\"og:title\" content=\"Covid Rising Fast en Californie, aliment\u00e9 par une nouvelle variante \u00abStratus\u00bb li\u00e9e \u00e0 l&#039;Omicron - RVH-Synergie.org\" \/>\n<meta property=\"og:description\" content=\"Covid-19 grimpe \u00e0 nouveau \u00e0 des niveaux troublants en Californie &#8211; une tendance inqui\u00e9tante alors\" \/>\n<meta property=\"og:url\" content=\"https:\/\/rvh-synergie.org\/actualites\/covid-rising-fast-en-californie-alimente-par-une-nouvelle-variante-stratus-liee-a-lomicron\/\" \/>\n<meta property=\"og:site_name\" content=\"RVH-Synergie\" \/>\n<meta property=\"article:published_time\" content=\"2025-08-27T00:55:47+00:00\" \/>\n<meta property=\"article:modified_time\" content=\"2025-08-27T00:55:57+00:00\" \/>\n<meta property=\"og:image\" content=\"https:\/\/rvh-synergie.org\/actualites\/wp-content\/uploads\/2025\/08\/1756256147_Covid-Rising-Fast-en-Californie-alimente-par-une-nouvelle-variante-scaled.jpg\" \/>\n\t<meta property=\"og:image:width\" content=\"2560\" \/>\n\t<meta property=\"og:image:height\" content=\"1440\" \/>\n\t<meta property=\"og:image:type\" content=\"image\/jpeg\" \/>\n<meta name=\"author\" content=\"Charles Martinez\" \/>\n<meta name=\"twitter:card\" content=\"summary_large_image\" \/>\n<meta name=\"twitter:label1\" content=\"\u00c9crit par\" \/>\n\t<meta name=\"twitter:data1\" content=\"Charles Martinez\" \/>\n\t<meta name=\"twitter:label2\" content=\"Dur\u00e9e de lecture estim\u00e9e\" \/>\n\t<meta name=\"twitter:data2\" content=\"9 minutes\" \/>\n<script type=\"application\/ld+json\" class=\"yoast-schema-graph\">{\"@context\":\"https:\/\/schema.org\",\"@graph\":[{\"@type\":\"Article\",\"@id\":\"https:\/\/rvh-synergie.org\/actualites\/covid-rising-fast-en-californie-alimente-par-une-nouvelle-variante-stratus-liee-a-lomicron\/#article\",\"isPartOf\":{\"@id\":\"https:\/\/rvh-synergie.org\/actualites\/covid-rising-fast-en-californie-alimente-par-une-nouvelle-variante-stratus-liee-a-lomicron\/\"},\"author\":{\"name\":\"Charles Martinez\",\"@id\":\"https:\/\/rvh-synergie.org\/actualites\/#\/schema\/person\/aa5ea98671fb4e8620f488a0795d2560\"},\"headline\":\"Covid Rising Fast en Californie, aliment\u00e9 par une nouvelle variante \u00abStratus\u00bb li\u00e9e \u00e0 l&rsquo;Omicron\",\"datePublished\":\"2025-08-27T00:55:47+00:00\",\"dateModified\":\"2025-08-27T00:55:57+00:00\",\"mainEntityOfPage\":{\"@id\":\"https:\/\/rvh-synergie.org\/actualites\/covid-rising-fast-en-californie-alimente-par-une-nouvelle-variante-stratus-liee-a-lomicron\/\"},\"wordCount\":1807,\"publisher\":{\"@id\":\"https:\/\/rvh-synergie.org\/actualites\/#organization\"},\"image\":{\"@id\":\"https:\/\/rvh-synergie.org\/actualites\/covid-rising-fast-en-californie-alimente-par-une-nouvelle-variante-stratus-liee-a-lomicron\/#primaryimage\"},\"thumbnailUrl\":\"https:\/\/rvh-synergie.org\/actualites\/wp-content\/uploads\/2025\/08\/1756256147_Covid-Rising-Fast-en-Californie-alimente-par-une-nouvelle-variante-scaled.jpg\",\"keywords\":[\"aliment\u00e9\",\"Californie\",\"COVID\",\"Fast\",\"li\u00e9e\",\"lOmicron\",\"nouvelle\",\"par\",\"Rising\",\"Stratus\",\"une\",\"variante\"],\"articleSection\":[\"Les maladies\"],\"inLanguage\":\"fr-FR\"},{\"@type\":\"WebPage\",\"@id\":\"https:\/\/rvh-synergie.org\/actualites\/covid-rising-fast-en-californie-alimente-par-une-nouvelle-variante-stratus-liee-a-lomicron\/\",\"url\":\"https:\/\/rvh-synergie.org\/actualites\/covid-rising-fast-en-californie-alimente-par-une-nouvelle-variante-stratus-liee-a-lomicron\/\",\"name\":\"Covid Rising Fast en Californie, aliment\u00e9 par une nouvelle variante \u00abStratus\u00bb li\u00e9e \u00e0 l'Omicron - RVH-Synergie.org\",\"isPartOf\":{\"@id\":\"https:\/\/rvh-synergie.org\/actualites\/#website\"},\"primaryImageOfPage\":{\"@id\":\"https:\/\/rvh-synergie.org\/actualites\/covid-rising-fast-en-californie-alimente-par-une-nouvelle-variante-stratus-liee-a-lomicron\/#primaryimage\"},\"image\":{\"@id\":\"https:\/\/rvh-synergie.org\/actualites\/covid-rising-fast-en-californie-alimente-par-une-nouvelle-variante-stratus-liee-a-lomicron\/#primaryimage\"},\"thumbnailUrl\":\"https:\/\/rvh-synergie.org\/actualites\/wp-content\/uploads\/2025\/08\/1756256147_Covid-Rising-Fast-en-Californie-alimente-par-une-nouvelle-variante-scaled.jpg\",\"datePublished\":\"2025-08-27T00:55:47+00:00\",\"dateModified\":\"2025-08-27T00:55:57+00:00\",\"breadcrumb\":{\"@id\":\"https:\/\/rvh-synergie.org\/actualites\/covid-rising-fast-en-californie-alimente-par-une-nouvelle-variante-stratus-liee-a-lomicron\/#breadcrumb\"},\"inLanguage\":\"fr-FR\",\"potentialAction\":[{\"@type\":\"ReadAction\",\"target\":[\"https:\/\/rvh-synergie.org\/actualites\/covid-rising-fast-en-californie-alimente-par-une-nouvelle-variante-stratus-liee-a-lomicron\/\"]}]},{\"@type\":\"ImageObject\",\"inLanguage\":\"fr-FR\",\"@id\":\"https:\/\/rvh-synergie.org\/actualites\/covid-rising-fast-en-californie-alimente-par-une-nouvelle-variante-stratus-liee-a-lomicron\/#primaryimage\",\"url\":\"https:\/\/rvh-synergie.org\/actualites\/wp-content\/uploads\/2025\/08\/1756256147_Covid-Rising-Fast-en-Californie-alimente-par-une-nouvelle-variante-scaled.jpg\",\"contentUrl\":\"https:\/\/rvh-synergie.org\/actualites\/wp-content\/uploads\/2025\/08\/1756256147_Covid-Rising-Fast-en-Californie-alimente-par-une-nouvelle-variante-scaled.jpg\",\"width\":2560,\"height\":1440,\"caption\":\"Covid Rising Fast en Californie, aliment\u00e9 par une nouvelle variante \u00abStratus\u00bb li\u00e9e \u00e0 l'Omicron\"},{\"@type\":\"BreadcrumbList\",\"@id\":\"https:\/\/rvh-synergie.org\/actualites\/covid-rising-fast-en-californie-alimente-par-une-nouvelle-variante-stratus-liee-a-lomicron\/#breadcrumb\",\"itemListElement\":[{\"@type\":\"ListItem\",\"position\":1,\"name\":\"Accueil\",\"item\":\"https:\/\/rvh-synergie.org\/actualites\/\"},{\"@type\":\"ListItem\",\"position\":2,\"name\":\"Covid Rising Fast en Californie, aliment\u00e9 par une nouvelle variante \u00abStratus\u00bb li\u00e9e \u00e0 l&rsquo;Omicron\"}]},{\"@type\":\"WebSite\",\"@id\":\"https:\/\/rvh-synergie.org\/actualites\/#website\",\"url\":\"https:\/\/rvh-synergie.org\/actualites\/\",\"name\":\"RVH-Synergie.org\",\"description\":\"RVH-Synergie, site ind\u00e9pendant d&#039;informations sur la prise en charge des addictions.\",\"publisher\":{\"@id\":\"https:\/\/rvh-synergie.org\/actualites\/#organization\"},\"potentialAction\":[{\"@type\":\"SearchAction\",\"target\":{\"@type\":\"EntryPoint\",\"urlTemplate\":\"https:\/\/rvh-synergie.org\/actualites\/?s={search_term_string}\"},\"query-input\":{\"@type\":\"PropertyValueSpecification\",\"valueRequired\":true,\"valueName\":\"search_term_string\"}}],\"inLanguage\":\"fr-FR\"},{\"@type\":\"Organization\",\"@id\":\"https:\/\/rvh-synergie.org\/actualites\/#organization\",\"name\":\"RVH-Synergie.org\",\"url\":\"https:\/\/rvh-synergie.org\/actualites\/\",\"logo\":{\"@type\":\"ImageObject\",\"inLanguage\":\"fr-FR\",\"@id\":\"https:\/\/rvh-synergie.org\/actualites\/#\/schema\/logo\/image\/\",\"url\":\"https:\/\/rvh-synergie.org\/actualites\/wp-content\/uploads\/2024\/09\/favicon.png\",\"contentUrl\":\"https:\/\/rvh-synergie.org\/actualites\/wp-content\/uploads\/2024\/09\/favicon.png\",\"width\":512,\"height\":512,\"caption\":\"RVH-Synergie.org\"},\"image\":{\"@id\":\"https:\/\/rvh-synergie.org\/actualites\/#\/schema\/logo\/image\/\"}},{\"@type\":\"Person\",\"@id\":\"https:\/\/rvh-synergie.org\/actualites\/#\/schema\/person\/aa5ea98671fb4e8620f488a0795d2560\",\"name\":\"Charles Martinez\",\"image\":{\"@type\":\"ImageObject\",\"inLanguage\":\"fr-FR\",\"@id\":\"https:\/\/rvh-synergie.org\/actualites\/#\/schema\/person\/image\/\",\"url\":\"https:\/\/rvh-synergie.org\/actualites\/wp-content\/uploads\/2024\/09\/charles-martinez-scaled.jpg\",\"contentUrl\":\"https:\/\/rvh-synergie.org\/actualites\/wp-content\/uploads\/2024\/09\/charles-martinez-scaled.jpg\",\"caption\":\"Charles Martinez\"},\"description\":\"Bonjour, je m'appelle Charles Martinez, r\u00e9dacteur passionn\u00e9 pour le m\u00e9dia RVH-synergie.org, d\u00e9di\u00e9 aux addictions et aux maladies. Depuis plus de dix ans, j'explore et rapporte les histoires poignantes des individus confront\u00e9s \u00e0 ces d\u00e9fis, tout en sensibilisant le public aux traitements novateurs et aux progr\u00e8s scientifiques dans ce domaine. Mon engagement r\u00e9side dans l'espoir de cr\u00e9er une communaut\u00e9 inform\u00e9e et empathique, pr\u00eate \u00e0 soutenir ceux qui luttent contre ces \u00e9preuves.\",\"sameAs\":[\"https:\/\/rvh-synergie.org\/\"]}]}<\/script>\n<!-- \/ Yoast SEO plugin. -->","yoast_head_json":{"title":"Covid Rising Fast en Californie, aliment\u00e9 par une nouvelle variante \u00abStratus\u00bb li\u00e9e \u00e0 l'Omicron - RVH-Synergie.org","robots":{"index":"index","follow":"follow","max-snippet":"max-snippet:-1","max-image-preview":"max-image-preview:large","max-video-preview":"max-video-preview:-1"},"canonical":"https:\/\/rvh-synergie.org\/actualites\/covid-rising-fast-en-californie-alimente-par-une-nouvelle-variante-stratus-liee-a-lomicron\/","og_locale":"fr_FR","og_type":"article","og_title":"Covid Rising Fast en Californie, aliment\u00e9 par une nouvelle variante \u00abStratus\u00bb li\u00e9e \u00e0 l'Omicron - RVH-Synergie.org","og_description":"Covid-19 grimpe \u00e0 nouveau \u00e0 des niveaux troublants en Californie &#8211; une tendance inqui\u00e9tante alors","og_url":"https:\/\/rvh-synergie.org\/actualites\/covid-rising-fast-en-californie-alimente-par-une-nouvelle-variante-stratus-liee-a-lomicron\/","og_site_name":"RVH-Synergie","article_published_time":"2025-08-27T00:55:47+00:00","article_modified_time":"2025-08-27T00:55:57+00:00","og_image":[{"width":2560,"height":1440,"url":"https:\/\/rvh-synergie.org\/actualites\/wp-content\/uploads\/2025\/08\/1756256147_Covid-Rising-Fast-en-Californie-alimente-par-une-nouvelle-variante-scaled.jpg","type":"image\/jpeg"}],"author":"Charles Martinez","twitter_card":"summary_large_image","twitter_misc":{"\u00c9crit par":"Charles Martinez","Dur\u00e9e de lecture estim\u00e9e":"9 minutes"},"schema":{"@context":"https:\/\/schema.org","@graph":[{"@type":"Article","@id":"https:\/\/rvh-synergie.org\/actualites\/covid-rising-fast-en-californie-alimente-par-une-nouvelle-variante-stratus-liee-a-lomicron\/#article","isPartOf":{"@id":"https:\/\/rvh-synergie.org\/actualites\/covid-rising-fast-en-californie-alimente-par-une-nouvelle-variante-stratus-liee-a-lomicron\/"},"author":{"name":"Charles Martinez","@id":"https:\/\/rvh-synergie.org\/actualites\/#\/schema\/person\/aa5ea98671fb4e8620f488a0795d2560"},"headline":"Covid Rising Fast en Californie, aliment\u00e9 par une nouvelle variante \u00abStratus\u00bb li\u00e9e \u00e0 l&rsquo;Omicron","datePublished":"2025-08-27T00:55:47+00:00","dateModified":"2025-08-27T00:55:57+00:00","mainEntityOfPage":{"@id":"https:\/\/rvh-synergie.org\/actualites\/covid-rising-fast-en-californie-alimente-par-une-nouvelle-variante-stratus-liee-a-lomicron\/"},"wordCount":1807,"publisher":{"@id":"https:\/\/rvh-synergie.org\/actualites\/#organization"},"image":{"@id":"https:\/\/rvh-synergie.org\/actualites\/covid-rising-fast-en-californie-alimente-par-une-nouvelle-variante-stratus-liee-a-lomicron\/#primaryimage"},"thumbnailUrl":"https:\/\/rvh-synergie.org\/actualites\/wp-content\/uploads\/2025\/08\/1756256147_Covid-Rising-Fast-en-Californie-alimente-par-une-nouvelle-variante-scaled.jpg","keywords":["aliment\u00e9","Californie","COVID","Fast","li\u00e9e","lOmicron","nouvelle","par","Rising","Stratus","une","variante"],"articleSection":["Les maladies"],"inLanguage":"fr-FR"},{"@type":"WebPage","@id":"https:\/\/rvh-synergie.org\/actualites\/covid-rising-fast-en-californie-alimente-par-une-nouvelle-variante-stratus-liee-a-lomicron\/","url":"https:\/\/rvh-synergie.org\/actualites\/covid-rising-fast-en-californie-alimente-par-une-nouvelle-variante-stratus-liee-a-lomicron\/","name":"Covid Rising Fast en Californie, aliment\u00e9 par une nouvelle variante \u00abStratus\u00bb li\u00e9e \u00e0 l'Omicron - RVH-Synergie.org","isPartOf":{"@id":"https:\/\/rvh-synergie.org\/actualites\/#website"},"primaryImageOfPage":{"@id":"https:\/\/rvh-synergie.org\/actualites\/covid-rising-fast-en-californie-alimente-par-une-nouvelle-variante-stratus-liee-a-lomicron\/#primaryimage"},"image":{"@id":"https:\/\/rvh-synergie.org\/actualites\/covid-rising-fast-en-californie-alimente-par-une-nouvelle-variante-stratus-liee-a-lomicron\/#primaryimage"},"thumbnailUrl":"https:\/\/rvh-synergie.org\/actualites\/wp-content\/uploads\/2025\/08\/1756256147_Covid-Rising-Fast-en-Californie-alimente-par-une-nouvelle-variante-scaled.jpg","datePublished":"2025-08-27T00:55:47+00:00","dateModified":"2025-08-27T00:55:57+00:00","breadcrumb":{"@id":"https:\/\/rvh-synergie.org\/actualites\/covid-rising-fast-en-californie-alimente-par-une-nouvelle-variante-stratus-liee-a-lomicron\/#breadcrumb"},"inLanguage":"fr-FR","potentialAction":[{"@type":"ReadAction","target":["https:\/\/rvh-synergie.org\/actualites\/covid-rising-fast-en-californie-alimente-par-une-nouvelle-variante-stratus-liee-a-lomicron\/"]}]},{"@type":"ImageObject","inLanguage":"fr-FR","@id":"https:\/\/rvh-synergie.org\/actualites\/covid-rising-fast-en-californie-alimente-par-une-nouvelle-variante-stratus-liee-a-lomicron\/#primaryimage","url":"https:\/\/rvh-synergie.org\/actualites\/wp-content\/uploads\/2025\/08\/1756256147_Covid-Rising-Fast-en-Californie-alimente-par-une-nouvelle-variante-scaled.jpg","contentUrl":"https:\/\/rvh-synergie.org\/actualites\/wp-content\/uploads\/2025\/08\/1756256147_Covid-Rising-Fast-en-Californie-alimente-par-une-nouvelle-variante-scaled.jpg","width":2560,"height":1440,"caption":"Covid Rising Fast en Californie, aliment\u00e9 par une nouvelle variante \u00abStratus\u00bb li\u00e9e \u00e0 l'Omicron"},{"@type":"BreadcrumbList","@id":"https:\/\/rvh-synergie.org\/actualites\/covid-rising-fast-en-californie-alimente-par-une-nouvelle-variante-stratus-liee-a-lomicron\/#breadcrumb","itemListElement":[{"@type":"ListItem","position":1,"name":"Accueil","item":"https:\/\/rvh-synergie.org\/actualites\/"},{"@type":"ListItem","position":2,"name":"Covid Rising Fast en Californie, aliment\u00e9 par une nouvelle variante \u00abStratus\u00bb li\u00e9e \u00e0 l&rsquo;Omicron"}]},{"@type":"WebSite","@id":"https:\/\/rvh-synergie.org\/actualites\/#website","url":"https:\/\/rvh-synergie.org\/actualites\/","name":"RVH-Synergie.org","description":"RVH-Synergie, site ind\u00e9pendant d&#039;informations sur la prise en charge des addictions.","publisher":{"@id":"https:\/\/rvh-synergie.org\/actualites\/#organization"},"potentialAction":[{"@type":"SearchAction","target":{"@type":"EntryPoint","urlTemplate":"https:\/\/rvh-synergie.org\/actualites\/?s={search_term_string}"},"query-input":{"@type":"PropertyValueSpecification","valueRequired":true,"valueName":"search_term_string"}}],"inLanguage":"fr-FR"},{"@type":"Organization","@id":"https:\/\/rvh-synergie.org\/actualites\/#organization","name":"RVH-Synergie.org","url":"https:\/\/rvh-synergie.org\/actualites\/","logo":{"@type":"ImageObject","inLanguage":"fr-FR","@id":"https:\/\/rvh-synergie.org\/actualites\/#\/schema\/logo\/image\/","url":"https:\/\/rvh-synergie.org\/actualites\/wp-content\/uploads\/2024\/09\/favicon.png","contentUrl":"https:\/\/rvh-synergie.org\/actualites\/wp-content\/uploads\/2024\/09\/favicon.png","width":512,"height":512,"caption":"RVH-Synergie.org"},"image":{"@id":"https:\/\/rvh-synergie.org\/actualites\/#\/schema\/logo\/image\/"}},{"@type":"Person","@id":"https:\/\/rvh-synergie.org\/actualites\/#\/schema\/person\/aa5ea98671fb4e8620f488a0795d2560","name":"Charles Martinez","image":{"@type":"ImageObject","inLanguage":"fr-FR","@id":"https:\/\/rvh-synergie.org\/actualites\/#\/schema\/person\/image\/","url":"https:\/\/rvh-synergie.org\/actualites\/wp-content\/uploads\/2024\/09\/charles-martinez-scaled.jpg","contentUrl":"https:\/\/rvh-synergie.org\/actualites\/wp-content\/uploads\/2024\/09\/charles-martinez-scaled.jpg","caption":"Charles Martinez"},"description":"Bonjour, je m'appelle Charles Martinez, r\u00e9dacteur passionn\u00e9 pour le m\u00e9dia RVH-synergie.org, d\u00e9di\u00e9 aux addictions et aux maladies. Depuis plus de dix ans, j'explore et rapporte les histoires poignantes des individus confront\u00e9s \u00e0 ces d\u00e9fis, tout en sensibilisant le public aux traitements novateurs et aux progr\u00e8s scientifiques dans ce domaine. Mon engagement r\u00e9side dans l'espoir de cr\u00e9er une communaut\u00e9 inform\u00e9e et empathique, pr\u00eate \u00e0 soutenir ceux qui luttent contre ces \u00e9preuves.","sameAs":["https:\/\/rvh-synergie.org\/"]}]}},"_links":{"self":[{"href":"https:\/\/rvh-synergie.org\/actualites\/wp-json\/wp\/v2\/posts\/8912","targetHints":{"allow":["GET"]}}],"collection":[{"href":"https:\/\/rvh-synergie.org\/actualites\/wp-json\/wp\/v2\/posts"}],"about":[{"href":"https:\/\/rvh-synergie.org\/actualites\/wp-json\/wp\/v2\/types\/post"}],"author":[{"embeddable":true,"href":"https:\/\/rvh-synergie.org\/actualites\/wp-json\/wp\/v2\/users\/1"}],"replies":[{"embeddable":true,"href":"https:\/\/rvh-synergie.org\/actualites\/wp-json\/wp\/v2\/comments?post=8912"}],"version-history":[{"count":0,"href":"https:\/\/rvh-synergie.org\/actualites\/wp-json\/wp\/v2\/posts\/8912\/revisions"}],"wp:featuredmedia":[{"embeddable":true,"href":"https:\/\/rvh-synergie.org\/actualites\/wp-json\/wp\/v2\/media\/8913"}],"wp:attachment":[{"href":"https:\/\/rvh-synergie.org\/actualites\/wp-json\/wp\/v2\/media?parent=8912"}],"wp:term":[{"taxonomy":"category","embeddable":true,"href":"https:\/\/rvh-synergie.org\/actualites\/wp-json\/wp\/v2\/categories?post=8912"},{"taxonomy":"post_tag","embeddable":true,"href":"https:\/\/rvh-synergie.org\/actualites\/wp-json\/wp\/v2\/tags?post=8912"}],"curies":[{"name":"wp","href":"https:\/\/api.w.org\/{rel}","templated":true}]}}