{"id":8893,"date":"2025-08-26T10:55:58","date_gmt":"2025-08-26T08:55:58","guid":{"rendered":"https:\/\/rvh-synergie.org\/actualites\/le-rhume-peut-proteger-contre-le-covid-19-selon-les-chercheurs\/"},"modified":"2025-08-26T10:55:58","modified_gmt":"2025-08-26T08:55:58","slug":"le-rhume-peut-proteger-contre-le-covid-19-selon-les-chercheurs","status":"publish","type":"post","link":"https:\/\/rvh-synergie.org\/actualites\/le-rhume-peut-proteger-contre-le-covid-19-selon-les-chercheurs\/","title":{"rendered":"Le rhume peut prot\u00e9ger contre le Covid-19, selon les chercheurs"},"content":{"rendered":"<div>\n<div class=\"article-gallery lightGallery\">\n<div data-thumb=\"https:\/\/scx1.b-cdn.net\/csz\/news\/tmb\/2024\/-child-cough.jpg\" data-src=\"https:\/\/scx2.b-cdn.net\/gfx\/news\/hires\/2024\/-child-cough.jpg\" data-sub-html=\"Credit: Gustavo Fring from Pexels\">\n<figure class=\"article-img\">\n<\/figure><\/div>\n<\/div>\n<p>Une nouvelle \u00e9tude dirig\u00e9e par des chercheurs de National Jewish Health a r\u00e9v\u00e9l\u00e9 qu&rsquo;une infection r\u00e9cente par le rhume &#8211; souvent caus\u00e9e par des rhinovirus &#8211; peut offrir une protection temporaire contre l&rsquo;infection par le SRAS-CoV-2, le virus qui provoque Covid-19. La recherche fournit de nouveaux informations sur les raisons pour lesquelles les enfants sont moins susceptibles que les adultes de d\u00e9velopper des sympt\u00f4mes et pourraient indiquer de nouvelles fa\u00e7ons de r\u00e9duire la gravit\u00e9 des maladies respiratoires.<\/p>\n<p>Publi\u00e9 dans le <i>Journal des maladies infectieuses<\/i>L&rsquo;\u00e9tude a analys\u00e9 les donn\u00e9es de l&rsquo;\u00e9tude nationale de l&rsquo;\u00e9pid\u00e9miologie humaine et de la r\u00e9ponse \u00e0 l&rsquo;\u00e9tude SARS-COV-2 (Heros), qui a suivi plus de 4 100 personnes dans 1 394 m\u00e9nages de mai 2020 \u00e0 f\u00e9vrier 2021.<\/p>\n<p>Les chercheurs ont constat\u00e9 que les personnes, en particulier les enfants qui avaient une r\u00e9cente infection du rhinovirus, \u00e9taient significativement moins susceptibles d&rsquo;\u00eatre infect\u00e9es par le SARS-COV-2 au cours des semaines suivantes. On pense que cet effet est li\u00e9 aux d\u00e9fenses antivirales du corps. Les rhinovirus d\u00e9clenchent une forte r\u00e9ponse d&rsquo;interf\u00e9ron dans les voies respiratoires, ce qui peut temporairement amorcer le syst\u00e8me immunitaire pour combattre d&rsquo;autres virus.<\/p>\n<p>\u00ab\u00a0Nos r\u00e9sultats sugg\u00e8rent que le coup de pouce immunitaire d&rsquo;un rhume r\u00e9cent peut donner au corps un avantage pr\u00e9coce dans la lutte contre le SARS-CoV-2 avant d&rsquo;avoir une chance de s&rsquo;installer\u00a0\u00bb, a d\u00e9clar\u00e9 l&rsquo;auteur principal de l&rsquo;\u00e9tude Max Seibold, Ph.D., chercheur et directeur du programme de m\u00e9decine r\u00e9g\u00e9n\u00e9rative et d&rsquo;\u00e9dition du g\u00e9nome (Regen) \u00e0 National Jewish Health.<\/p>\n<p>\u00ab\u00a0Cela peut aider \u00e0 expliquer pourquoi les enfants, qui ont tendance \u00e0 avoir plus de rhume que les adultes, connaissent g\u00e9n\u00e9ralement des cas coiff\u00e9s moins et moins graves.\u00a0\u00bb<\/p>\n<p>En utilisant des milliers d&rsquo;\u00e9couvillons nasaux auto-collect\u00e9s, l&rsquo;\u00e9quipe a test\u00e9 \u00e0 la fois le SARS-COV-2 et d&rsquo;autres virus respiratoires courants, y compris le rhinovirus, chez les participants de tous \u00e2ges. Ils ont \u00e9galement analys\u00e9 l&rsquo;expression des g\u00e8nes des voies respiratoires pour voir comment les infections virales r\u00e9centes ont influenc\u00e9 les d\u00e9fenses antivirales du corps.<\/p>\n<p>Les enfants se sont av\u00e9r\u00e9s avoir une expression de r\u00e9f\u00e9rence plus \u00e9lev\u00e9e de g\u00e8nes li\u00e9s \u00e0 l&rsquo;interf\u00e9ron &#8211; des prot\u00e9ines qui agissent comme la premi\u00e8re ligne de d\u00e9fense du syst\u00e8me immunitaire contre les virus &#8211; par rapport aux adultes.<\/p>\n<p>Bien que ce ph\u00e9nom\u00e8ne, connu sous le nom d&rsquo;interf\u00e9rence virale h\u00e9t\u00e9rologue, ait \u00e9t\u00e9 observ\u00e9 avec d&rsquo;autres virus respiratoires, il s&rsquo;agit de la premi\u00e8re \u00e9tude prospective \u00e0 montrer qu&rsquo;elle peut \u00e9galement se produire avec SARS-COV-2.<\/p>\n<p>\u00ab\u00a0Cela ne signifie pas que les gens devraient intentionnellement essayer d&rsquo;attraper un rhume\u00a0\u00bb, a d\u00e9clar\u00e9 Camille Moore, Ph.D. et auteur principal de l&rsquo;\u00e9tude \u00e0 National Jewish Health.<\/p>\n<p>\u00ab\u00a0Mais comprendre comment un virus peut affecter la r\u00e9ponse de l&rsquo;organisme \u00e0 un autre pourrait nous aider \u00e0 d\u00e9velopper de nouvelles strat\u00e9gies de pr\u00e9vention, en particulier pour les populations vuln\u00e9rables.\u00a0\u00bb<\/p>\n<p>La recherche s&rsquo;appuie sur les r\u00e9sultats ant\u00e9rieurs de l&rsquo;\u00e9tude Heros montrant que les enfants sont six fois moins susceptibles que les adultes de d\u00e9velopper une covide symptomatique. Les nouvelles donn\u00e9es mettent en \u00e9vidence le r\u00f4le que les diff\u00e9rences immunitaires li\u00e9es \u00e0 l&rsquo;\u00e2ge et les expositions virales r\u00e9centes peuvent jouer dans cette protection.<\/p>\n<p>Des chercheurs nationaux de la sant\u00e9 juive ont men\u00e9 l&rsquo;\u00e9tude en collaboration avec des partenaires de 12 villes \u00e0 travers les \u00c9tats-Unis.<\/p>\n<p>                                        <!-- print only --><\/p><\/div>\n","protected":false},"excerpt":{"rendered":"<p>Une nouvelle \u00e9tude dirig\u00e9e par des chercheurs de National Jewish Health a r\u00e9v\u00e9l\u00e9 qu&rsquo;une infection<\/p>\n","protected":false},"author":1,"featured_media":831,"comment_status":"closed","ping_status":"","sticky":false,"template":"","format":"standard","meta":{"footnotes":""},"categories":[86],"tags":[288,90,561,49,669,218,916,46],"class_list":["post-8893","post","type-post","status-publish","format-standard","has-post-thumbnail","hentry","category-les-maladies","tag-chercheurs","tag-contre","tag-covid19","tag-les","tag-peut","tag-proteger","tag-rhume","tag-selon","generate-columns","tablet-grid-50","mobile-grid-100","grid-parent","grid-50","resize-featured-image"],"yoast_head":"<!-- This site is optimized with the Yoast SEO plugin v23.4 - https:\/\/yoast.com\/wordpress\/plugins\/seo\/ -->\n<title>Le rhume peut prot\u00e9ger contre le Covid-19, selon les chercheurs - RVH-Synergie.org<\/title>\n<meta name=\"robots\" content=\"index, follow, max-snippet:-1, max-image-preview:large, max-video-preview:-1\" \/>\n<link rel=\"canonical\" href=\"https:\/\/rvh-synergie.org\/actualites\/le-rhume-peut-proteger-contre-le-covid-19-selon-les-chercheurs\/\" \/>\n<meta property=\"og:locale\" content=\"fr_FR\" \/>\n<meta property=\"og:type\" content=\"article\" \/>\n<meta property=\"og:title\" content=\"Le rhume peut prot\u00e9ger contre le Covid-19, selon les chercheurs - RVH-Synergie.org\" \/>\n<meta property=\"og:description\" content=\"Une nouvelle \u00e9tude dirig\u00e9e par des chercheurs de National Jewish Health a r\u00e9v\u00e9l\u00e9 qu&rsquo;une infection\" \/>\n<meta property=\"og:url\" content=\"https:\/\/rvh-synergie.org\/actualites\/le-rhume-peut-proteger-contre-le-covid-19-selon-les-chercheurs\/\" \/>\n<meta property=\"og:site_name\" content=\"RVH-Synergie\" \/>\n<meta property=\"article:published_time\" content=\"2025-08-26T08:55:58+00:00\" \/>\n<meta property=\"og:image\" content=\"https:\/\/rvh-synergie.org\/actualites\/wp-content\/uploads\/2024\/09\/1727276178_Quest-ce-que-la-coqueluche-scaled.jpg\" \/>\n\t<meta property=\"og:image:width\" content=\"2560\" \/>\n\t<meta property=\"og:image:height\" content=\"1707\" \/>\n\t<meta property=\"og:image:type\" content=\"image\/jpeg\" \/>\n<meta name=\"author\" content=\"Charles Martinez\" \/>\n<meta name=\"twitter:card\" content=\"summary_large_image\" \/>\n<meta name=\"twitter:label1\" content=\"\u00c9crit par\" \/>\n\t<meta name=\"twitter:data1\" content=\"Charles Martinez\" \/>\n\t<meta name=\"twitter:label2\" content=\"Dur\u00e9e de lecture estim\u00e9e\" \/>\n\t<meta name=\"twitter:data2\" content=\"3 minutes\" \/>\n<script type=\"application\/ld+json\" class=\"yoast-schema-graph\">{\"@context\":\"https:\/\/schema.org\",\"@graph\":[{\"@type\":\"Article\",\"@id\":\"https:\/\/rvh-synergie.org\/actualites\/le-rhume-peut-proteger-contre-le-covid-19-selon-les-chercheurs\/#article\",\"isPartOf\":{\"@id\":\"https:\/\/rvh-synergie.org\/actualites\/le-rhume-peut-proteger-contre-le-covid-19-selon-les-chercheurs\/\"},\"author\":{\"name\":\"Charles Martinez\",\"@id\":\"https:\/\/rvh-synergie.org\/actualites\/#\/schema\/person\/aa5ea98671fb4e8620f488a0795d2560\"},\"headline\":\"Le rhume peut prot\u00e9ger contre le Covid-19, selon les chercheurs\",\"datePublished\":\"2025-08-26T08:55:58+00:00\",\"dateModified\":\"2025-08-26T08:55:58+00:00\",\"mainEntityOfPage\":{\"@id\":\"https:\/\/rvh-synergie.org\/actualites\/le-rhume-peut-proteger-contre-le-covid-19-selon-les-chercheurs\/\"},\"wordCount\":624,\"publisher\":{\"@id\":\"https:\/\/rvh-synergie.org\/actualites\/#organization\"},\"image\":{\"@id\":\"https:\/\/rvh-synergie.org\/actualites\/le-rhume-peut-proteger-contre-le-covid-19-selon-les-chercheurs\/#primaryimage\"},\"thumbnailUrl\":\"https:\/\/rvh-synergie.org\/actualites\/wp-content\/uploads\/2024\/09\/1727276178_Quest-ce-que-la-coqueluche-scaled.jpg\",\"keywords\":[\"chercheurs\",\"contre\",\"COVID19\",\"Les\",\"peut\",\"prot\u00e9ger\",\"Rhume\",\"selon\"],\"articleSection\":[\"Les maladies\"],\"inLanguage\":\"fr-FR\"},{\"@type\":\"WebPage\",\"@id\":\"https:\/\/rvh-synergie.org\/actualites\/le-rhume-peut-proteger-contre-le-covid-19-selon-les-chercheurs\/\",\"url\":\"https:\/\/rvh-synergie.org\/actualites\/le-rhume-peut-proteger-contre-le-covid-19-selon-les-chercheurs\/\",\"name\":\"Le rhume peut prot\u00e9ger contre le Covid-19, selon les chercheurs - RVH-Synergie.org\",\"isPartOf\":{\"@id\":\"https:\/\/rvh-synergie.org\/actualites\/#website\"},\"primaryImageOfPage\":{\"@id\":\"https:\/\/rvh-synergie.org\/actualites\/le-rhume-peut-proteger-contre-le-covid-19-selon-les-chercheurs\/#primaryimage\"},\"image\":{\"@id\":\"https:\/\/rvh-synergie.org\/actualites\/le-rhume-peut-proteger-contre-le-covid-19-selon-les-chercheurs\/#primaryimage\"},\"thumbnailUrl\":\"https:\/\/rvh-synergie.org\/actualites\/wp-content\/uploads\/2024\/09\/1727276178_Quest-ce-que-la-coqueluche-scaled.jpg\",\"datePublished\":\"2025-08-26T08:55:58+00:00\",\"dateModified\":\"2025-08-26T08:55:58+00:00\",\"breadcrumb\":{\"@id\":\"https:\/\/rvh-synergie.org\/actualites\/le-rhume-peut-proteger-contre-le-covid-19-selon-les-chercheurs\/#breadcrumb\"},\"inLanguage\":\"fr-FR\",\"potentialAction\":[{\"@type\":\"ReadAction\",\"target\":[\"https:\/\/rvh-synergie.org\/actualites\/le-rhume-peut-proteger-contre-le-covid-19-selon-les-chercheurs\/\"]}]},{\"@type\":\"ImageObject\",\"inLanguage\":\"fr-FR\",\"@id\":\"https:\/\/rvh-synergie.org\/actualites\/le-rhume-peut-proteger-contre-le-covid-19-selon-les-chercheurs\/#primaryimage\",\"url\":\"https:\/\/rvh-synergie.org\/actualites\/wp-content\/uploads\/2024\/09\/1727276178_Quest-ce-que-la-coqueluche-scaled.jpg\",\"contentUrl\":\"https:\/\/rvh-synergie.org\/actualites\/wp-content\/uploads\/2024\/09\/1727276178_Quest-ce-que-la-coqueluche-scaled.jpg\",\"width\":2560,\"height\":1707,\"caption\":\"Qu\u2019est-ce que la coqueluche ?\"},{\"@type\":\"BreadcrumbList\",\"@id\":\"https:\/\/rvh-synergie.org\/actualites\/le-rhume-peut-proteger-contre-le-covid-19-selon-les-chercheurs\/#breadcrumb\",\"itemListElement\":[{\"@type\":\"ListItem\",\"position\":1,\"name\":\"Accueil\",\"item\":\"https:\/\/rvh-synergie.org\/actualites\/\"},{\"@type\":\"ListItem\",\"position\":2,\"name\":\"Le rhume peut prot\u00e9ger contre le Covid-19, selon les chercheurs\"}]},{\"@type\":\"WebSite\",\"@id\":\"https:\/\/rvh-synergie.org\/actualites\/#website\",\"url\":\"https:\/\/rvh-synergie.org\/actualites\/\",\"name\":\"RVH-Synergie.org\",\"description\":\"RVH-Synergie, site ind\u00e9pendant d&#039;informations sur la prise en charge des addictions.\",\"publisher\":{\"@id\":\"https:\/\/rvh-synergie.org\/actualites\/#organization\"},\"potentialAction\":[{\"@type\":\"SearchAction\",\"target\":{\"@type\":\"EntryPoint\",\"urlTemplate\":\"https:\/\/rvh-synergie.org\/actualites\/?s={search_term_string}\"},\"query-input\":{\"@type\":\"PropertyValueSpecification\",\"valueRequired\":true,\"valueName\":\"search_term_string\"}}],\"inLanguage\":\"fr-FR\"},{\"@type\":\"Organization\",\"@id\":\"https:\/\/rvh-synergie.org\/actualites\/#organization\",\"name\":\"RVH-Synergie.org\",\"url\":\"https:\/\/rvh-synergie.org\/actualites\/\",\"logo\":{\"@type\":\"ImageObject\",\"inLanguage\":\"fr-FR\",\"@id\":\"https:\/\/rvh-synergie.org\/actualites\/#\/schema\/logo\/image\/\",\"url\":\"https:\/\/rvh-synergie.org\/actualites\/wp-content\/uploads\/2024\/09\/favicon.png\",\"contentUrl\":\"https:\/\/rvh-synergie.org\/actualites\/wp-content\/uploads\/2024\/09\/favicon.png\",\"width\":512,\"height\":512,\"caption\":\"RVH-Synergie.org\"},\"image\":{\"@id\":\"https:\/\/rvh-synergie.org\/actualites\/#\/schema\/logo\/image\/\"}},{\"@type\":\"Person\",\"@id\":\"https:\/\/rvh-synergie.org\/actualites\/#\/schema\/person\/aa5ea98671fb4e8620f488a0795d2560\",\"name\":\"Charles Martinez\",\"image\":{\"@type\":\"ImageObject\",\"inLanguage\":\"fr-FR\",\"@id\":\"https:\/\/rvh-synergie.org\/actualites\/#\/schema\/person\/image\/\",\"url\":\"https:\/\/rvh-synergie.org\/actualites\/wp-content\/uploads\/2024\/09\/charles-martinez-scaled.jpg\",\"contentUrl\":\"https:\/\/rvh-synergie.org\/actualites\/wp-content\/uploads\/2024\/09\/charles-martinez-scaled.jpg\",\"caption\":\"Charles Martinez\"},\"description\":\"Bonjour, je m'appelle Charles Martinez, r\u00e9dacteur passionn\u00e9 pour le m\u00e9dia RVH-synergie.org, d\u00e9di\u00e9 aux addictions et aux maladies. Depuis plus de dix ans, j'explore et rapporte les histoires poignantes des individus confront\u00e9s \u00e0 ces d\u00e9fis, tout en sensibilisant le public aux traitements novateurs et aux progr\u00e8s scientifiques dans ce domaine. Mon engagement r\u00e9side dans l'espoir de cr\u00e9er une communaut\u00e9 inform\u00e9e et empathique, pr\u00eate \u00e0 soutenir ceux qui luttent contre ces \u00e9preuves.\",\"sameAs\":[\"https:\/\/rvh-synergie.org\/\"]}]}<\/script>\n<!-- \/ Yoast SEO plugin. -->","yoast_head_json":{"title":"Le rhume peut prot\u00e9ger contre le Covid-19, selon les chercheurs - RVH-Synergie.org","robots":{"index":"index","follow":"follow","max-snippet":"max-snippet:-1","max-image-preview":"max-image-preview:large","max-video-preview":"max-video-preview:-1"},"canonical":"https:\/\/rvh-synergie.org\/actualites\/le-rhume-peut-proteger-contre-le-covid-19-selon-les-chercheurs\/","og_locale":"fr_FR","og_type":"article","og_title":"Le rhume peut prot\u00e9ger contre le Covid-19, selon les chercheurs - RVH-Synergie.org","og_description":"Une nouvelle \u00e9tude dirig\u00e9e par des chercheurs de National Jewish Health a r\u00e9v\u00e9l\u00e9 qu&rsquo;une infection","og_url":"https:\/\/rvh-synergie.org\/actualites\/le-rhume-peut-proteger-contre-le-covid-19-selon-les-chercheurs\/","og_site_name":"RVH-Synergie","article_published_time":"2025-08-26T08:55:58+00:00","og_image":[{"width":2560,"height":1707,"url":"https:\/\/rvh-synergie.org\/actualites\/wp-content\/uploads\/2024\/09\/1727276178_Quest-ce-que-la-coqueluche-scaled.jpg","type":"image\/jpeg"}],"author":"Charles Martinez","twitter_card":"summary_large_image","twitter_misc":{"\u00c9crit par":"Charles Martinez","Dur\u00e9e de lecture estim\u00e9e":"3 minutes"},"schema":{"@context":"https:\/\/schema.org","@graph":[{"@type":"Article","@id":"https:\/\/rvh-synergie.org\/actualites\/le-rhume-peut-proteger-contre-le-covid-19-selon-les-chercheurs\/#article","isPartOf":{"@id":"https:\/\/rvh-synergie.org\/actualites\/le-rhume-peut-proteger-contre-le-covid-19-selon-les-chercheurs\/"},"author":{"name":"Charles Martinez","@id":"https:\/\/rvh-synergie.org\/actualites\/#\/schema\/person\/aa5ea98671fb4e8620f488a0795d2560"},"headline":"Le rhume peut prot\u00e9ger contre le Covid-19, selon les chercheurs","datePublished":"2025-08-26T08:55:58+00:00","dateModified":"2025-08-26T08:55:58+00:00","mainEntityOfPage":{"@id":"https:\/\/rvh-synergie.org\/actualites\/le-rhume-peut-proteger-contre-le-covid-19-selon-les-chercheurs\/"},"wordCount":624,"publisher":{"@id":"https:\/\/rvh-synergie.org\/actualites\/#organization"},"image":{"@id":"https:\/\/rvh-synergie.org\/actualites\/le-rhume-peut-proteger-contre-le-covid-19-selon-les-chercheurs\/#primaryimage"},"thumbnailUrl":"https:\/\/rvh-synergie.org\/actualites\/wp-content\/uploads\/2024\/09\/1727276178_Quest-ce-que-la-coqueluche-scaled.jpg","keywords":["chercheurs","contre","COVID19","Les","peut","prot\u00e9ger","Rhume","selon"],"articleSection":["Les maladies"],"inLanguage":"fr-FR"},{"@type":"WebPage","@id":"https:\/\/rvh-synergie.org\/actualites\/le-rhume-peut-proteger-contre-le-covid-19-selon-les-chercheurs\/","url":"https:\/\/rvh-synergie.org\/actualites\/le-rhume-peut-proteger-contre-le-covid-19-selon-les-chercheurs\/","name":"Le rhume peut prot\u00e9ger contre le Covid-19, selon les chercheurs - RVH-Synergie.org","isPartOf":{"@id":"https:\/\/rvh-synergie.org\/actualites\/#website"},"primaryImageOfPage":{"@id":"https:\/\/rvh-synergie.org\/actualites\/le-rhume-peut-proteger-contre-le-covid-19-selon-les-chercheurs\/#primaryimage"},"image":{"@id":"https:\/\/rvh-synergie.org\/actualites\/le-rhume-peut-proteger-contre-le-covid-19-selon-les-chercheurs\/#primaryimage"},"thumbnailUrl":"https:\/\/rvh-synergie.org\/actualites\/wp-content\/uploads\/2024\/09\/1727276178_Quest-ce-que-la-coqueluche-scaled.jpg","datePublished":"2025-08-26T08:55:58+00:00","dateModified":"2025-08-26T08:55:58+00:00","breadcrumb":{"@id":"https:\/\/rvh-synergie.org\/actualites\/le-rhume-peut-proteger-contre-le-covid-19-selon-les-chercheurs\/#breadcrumb"},"inLanguage":"fr-FR","potentialAction":[{"@type":"ReadAction","target":["https:\/\/rvh-synergie.org\/actualites\/le-rhume-peut-proteger-contre-le-covid-19-selon-les-chercheurs\/"]}]},{"@type":"ImageObject","inLanguage":"fr-FR","@id":"https:\/\/rvh-synergie.org\/actualites\/le-rhume-peut-proteger-contre-le-covid-19-selon-les-chercheurs\/#primaryimage","url":"https:\/\/rvh-synergie.org\/actualites\/wp-content\/uploads\/2024\/09\/1727276178_Quest-ce-que-la-coqueluche-scaled.jpg","contentUrl":"https:\/\/rvh-synergie.org\/actualites\/wp-content\/uploads\/2024\/09\/1727276178_Quest-ce-que-la-coqueluche-scaled.jpg","width":2560,"height":1707,"caption":"Qu\u2019est-ce que la coqueluche ?"},{"@type":"BreadcrumbList","@id":"https:\/\/rvh-synergie.org\/actualites\/le-rhume-peut-proteger-contre-le-covid-19-selon-les-chercheurs\/#breadcrumb","itemListElement":[{"@type":"ListItem","position":1,"name":"Accueil","item":"https:\/\/rvh-synergie.org\/actualites\/"},{"@type":"ListItem","position":2,"name":"Le rhume peut prot\u00e9ger contre le Covid-19, selon les chercheurs"}]},{"@type":"WebSite","@id":"https:\/\/rvh-synergie.org\/actualites\/#website","url":"https:\/\/rvh-synergie.org\/actualites\/","name":"RVH-Synergie.org","description":"RVH-Synergie, site ind\u00e9pendant d&#039;informations sur la prise en charge des addictions.","publisher":{"@id":"https:\/\/rvh-synergie.org\/actualites\/#organization"},"potentialAction":[{"@type":"SearchAction","target":{"@type":"EntryPoint","urlTemplate":"https:\/\/rvh-synergie.org\/actualites\/?s={search_term_string}"},"query-input":{"@type":"PropertyValueSpecification","valueRequired":true,"valueName":"search_term_string"}}],"inLanguage":"fr-FR"},{"@type":"Organization","@id":"https:\/\/rvh-synergie.org\/actualites\/#organization","name":"RVH-Synergie.org","url":"https:\/\/rvh-synergie.org\/actualites\/","logo":{"@type":"ImageObject","inLanguage":"fr-FR","@id":"https:\/\/rvh-synergie.org\/actualites\/#\/schema\/logo\/image\/","url":"https:\/\/rvh-synergie.org\/actualites\/wp-content\/uploads\/2024\/09\/favicon.png","contentUrl":"https:\/\/rvh-synergie.org\/actualites\/wp-content\/uploads\/2024\/09\/favicon.png","width":512,"height":512,"caption":"RVH-Synergie.org"},"image":{"@id":"https:\/\/rvh-synergie.org\/actualites\/#\/schema\/logo\/image\/"}},{"@type":"Person","@id":"https:\/\/rvh-synergie.org\/actualites\/#\/schema\/person\/aa5ea98671fb4e8620f488a0795d2560","name":"Charles Martinez","image":{"@type":"ImageObject","inLanguage":"fr-FR","@id":"https:\/\/rvh-synergie.org\/actualites\/#\/schema\/person\/image\/","url":"https:\/\/rvh-synergie.org\/actualites\/wp-content\/uploads\/2024\/09\/charles-martinez-scaled.jpg","contentUrl":"https:\/\/rvh-synergie.org\/actualites\/wp-content\/uploads\/2024\/09\/charles-martinez-scaled.jpg","caption":"Charles Martinez"},"description":"Bonjour, je m'appelle Charles Martinez, r\u00e9dacteur passionn\u00e9 pour le m\u00e9dia RVH-synergie.org, d\u00e9di\u00e9 aux addictions et aux maladies. Depuis plus de dix ans, j'explore et rapporte les histoires poignantes des individus confront\u00e9s \u00e0 ces d\u00e9fis, tout en sensibilisant le public aux traitements novateurs et aux progr\u00e8s scientifiques dans ce domaine. Mon engagement r\u00e9side dans l'espoir de cr\u00e9er une communaut\u00e9 inform\u00e9e et empathique, pr\u00eate \u00e0 soutenir ceux qui luttent contre ces \u00e9preuves.","sameAs":["https:\/\/rvh-synergie.org\/"]}]}},"_links":{"self":[{"href":"https:\/\/rvh-synergie.org\/actualites\/wp-json\/wp\/v2\/posts\/8893","targetHints":{"allow":["GET"]}}],"collection":[{"href":"https:\/\/rvh-synergie.org\/actualites\/wp-json\/wp\/v2\/posts"}],"about":[{"href":"https:\/\/rvh-synergie.org\/actualites\/wp-json\/wp\/v2\/types\/post"}],"author":[{"embeddable":true,"href":"https:\/\/rvh-synergie.org\/actualites\/wp-json\/wp\/v2\/users\/1"}],"replies":[{"embeddable":true,"href":"https:\/\/rvh-synergie.org\/actualites\/wp-json\/wp\/v2\/comments?post=8893"}],"version-history":[{"count":0,"href":"https:\/\/rvh-synergie.org\/actualites\/wp-json\/wp\/v2\/posts\/8893\/revisions"}],"wp:featuredmedia":[{"embeddable":true,"href":"https:\/\/rvh-synergie.org\/actualites\/wp-json\/wp\/v2\/media\/831"}],"wp:attachment":[{"href":"https:\/\/rvh-synergie.org\/actualites\/wp-json\/wp\/v2\/media?parent=8893"}],"wp:term":[{"taxonomy":"category","embeddable":true,"href":"https:\/\/rvh-synergie.org\/actualites\/wp-json\/wp\/v2\/categories?post=8893"},{"taxonomy":"post_tag","embeddable":true,"href":"https:\/\/rvh-synergie.org\/actualites\/wp-json\/wp\/v2\/tags?post=8893"}],"curies":[{"name":"wp","href":"https:\/\/api.w.org\/{rel}","templated":true}]}}