{"id":4609,"date":"2025-02-25T21:58:12","date_gmt":"2025-02-25T20:58:12","guid":{"rendered":"https:\/\/rvh-synergie.org\/actualites\/nouvelle-declaration-les-envies-de-changement-dans-les-objectifs-de-traitement-des-migraines\/"},"modified":"2025-02-25T21:58:18","modified_gmt":"2025-02-25T20:58:18","slug":"nouvelle-declaration-les-envies-de-changement-dans-les-objectifs-de-traitement-des-migraines","status":"publish","type":"post","link":"https:\/\/rvh-synergie.org\/actualites\/nouvelle-declaration-les-envies-de-changement-dans-les-objectifs-de-traitement-des-migraines\/","title":{"rendered":"Nouvelle d\u00e9claration Les envies de changement dans les objectifs de traitement des migraines"},"content":{"rendered":"<div>\n<div class=\"article-gallery lightGallery\">\n<div data-thumb=\"https:\/\/scx1.b-cdn.net\/csz\/news\/tmb\/2025\/a-new-statement-callin.jpg\" data-src=\"https:\/\/scx2.b-cdn.net\/gfx\/news\/hires\/2025\/a-new-statement-callin.jpg\" data-sub-html=\"The impact of a 50% reduction in monthly migraine days (MMDs) varies greatly depending on baseline frequency. This variability is highly likely to influence differently the patients\u2019 quality of life. Credit: &lt;i&gt;Cephalalgia&lt;\/i&gt; (2025). DOI: 10.1177\/03331024251320608\">\n<figure class=\"article-img\">\n<\/figure><\/div>\n<\/div>\n<p>La migraine est bien plus qu&rsquo;un simple mal de t\u00eate. Il s&rsquo;agit d&rsquo;une maladie d\u00e9bilitante qui peut avoir un impact consid\u00e9rable sur la vie des personnes touch\u00e9es, limitant leur capacit\u00e9 \u00e0 travailler, \u00e0 \u00e9tudier, \u00e0 voyager, \u00e0 passer du temps en famille et \u00e0 profiter des moments quotidiens. La peur constante de la prochaine attaque, la douleur qui oblige les individus \u00e0 renoncer aux engagements et aux plans, et la frustration de se sentir pi\u00e9g\u00e9e dans une condition invisible aux autres sont trop famili\u00e8res \u00e0 ceux qui vivent avec la migraine.<\/p>\n<p>Gr\u00e2ce aux progr\u00e8s des th\u00e9rapies pr\u00e9ventives, telles que les inhibiteurs de la voie du peptide li\u00e9 au g\u00e8ne de la calcitonine (CGRP) et d&rsquo;autres th\u00e9rapies innovantes, il est d\u00e9sormais possible d&rsquo;aller au-del\u00e0 de la simple r\u00e9duction de la fr\u00e9quence des attaques et de viser la r\u00e9solution compl\u00e8te des manifestations de la maladie.<\/p>\n<p>Dans une nouvelle d\u00e9claration publi\u00e9e dans <i>C\u00e9phal\u00e9e<\/i>The Official Journal of the International Headache Society (IHS), l&rsquo;organisation appelle les communaut\u00e9s scientifiques et cliniques \u00e0 reconsid\u00e9rer les objectifs de la pr\u00e9vention de la migraine. Plut\u00f4t que de se concentrer uniquement sur les pourcentages de r\u00e9duction des jours de migraine, l&rsquo;accent devrait \u00eatre mis sur l&rsquo;am\u00e9lioration de la qualit\u00e9 de vie des patients et leur permettant de vivre pleinement et exempt de la charge constante de la maladie.<\/p>\n<p>\u00ab\u00a0Cette d\u00e9claration de position consiste \u00e0 \u00e9tablir de nouvelles normes pour la pr\u00e9vention des migraines, afin que nous puissions minimiser plus d\u00e9lib\u00e9r\u00e9ment les jours de migraine tout en abordant l&rsquo;incapacit\u00e9 associ\u00e9e, l&rsquo;impact sur la qualit\u00e9 de vie et le fardeau global\u00a0\u00bb, explique Teshamae Monteith, MD, co-auteur de la d\u00e9claration et professeur de neurologie clinique \u00e0 l&rsquo;\u00e9cole de m\u00e9decine de l&rsquo;Universit\u00e9 de Miami Miller.<\/p>\n<p>Le document pr\u00e9sente un nouveau cadre pour \u00e9valuer le contr\u00f4le de la migraine, structur\u00e9 en quatre niveaux:<\/p>\n<ol>\n<li>Libert\u00e9 de migraine &#8211; Aucun jour avec la migraine ou les maux de t\u00eate mod\u00e9r\u00e9s \u00e0 s\u00e9v\u00e8res.<\/li>\n<li>Contr\u00f4le optimal &#8211; plus de 4 jours par mois avec la migraine ou les c\u00e9phal\u00e9es mod\u00e9r\u00e9es \u00e0 s\u00e9v\u00e8res.<\/li>\n<li>Contr\u00f4le modeste &#8211; entre 4 et 6 jours par mois avec la migraine ou les maux de t\u00eate mod\u00e9r\u00e9s \u00e0 s\u00e9v\u00e8res.<\/li>\n<li>Contr\u00f4le insuffisant &#8211; plus de 6 jours par mois avec la migraine ou les maux de t\u00eate mod\u00e9r\u00e9s \u00e0 s\u00e9v\u00e8res.<\/li>\n<\/ol>\n<p>\u00ab\u00a0Il faut faire plus pour r\u00e9duire le fardeau r\u00e9siduel pour ceux qui vivent avec la migraine et pour am\u00e9liorer les r\u00e9sultats de mani\u00e8re \u00e9quitable\u00a0\u00bb, a d\u00e9clar\u00e9 le Dr Monteith. La r\u00e9alisation de cela n\u00e9cessitera un changement de soins cliniques qui int\u00e8gre des options th\u00e9rapeutiques plus r\u00e9centes et des m\u00e9dicaments personnalis\u00e9s. Les soins de migraine sont \u00e0 un point de basculement, mais cela n\u00e9cessite \u00e9galement un appel \u00e0 plus de financement de la recherche pour rechercher des cibles migraines plus r\u00e9centes. \u00ab\u00a0<\/p>\n<p>L&rsquo;IHS souligne que cette approche n&rsquo;est pas destin\u00e9e \u00e0 modifier les crit\u00e8res d&rsquo;approbation des m\u00e9dicaments ou les politiques de remboursement. Au lieu de cela, il vise \u00e0 inspirer les cliniciens, les chercheurs et les d\u00e9cideurs politiques \u00e0 viser des normes plus \u00e9lev\u00e9es dans la gestion des migraines, avec un potentiel d&rsquo;un impact positif sur la sant\u00e9 publique et le fardeau socio-\u00e9conomique de la maladie.<\/p>\n<p>Ce document marque un tournant dans la fa\u00e7on dont la migraine est approch\u00e9e, plaidant pour un changement d&rsquo;esprit. Les personnes atteintes de migraine m\u00e9ritent plus que de se sentir l\u00e9g\u00e8rement mieux &#8211; elles m\u00e9ritent de bien vivre, exemptes de l&rsquo;inqui\u00e9tude constante de la prochaine attaque.<\/p>\n<p>                                        <!-- print only --><\/p><\/div>\n","protected":false},"excerpt":{"rendered":"<p>La migraine est bien plus qu&rsquo;un simple mal de t\u00eate. Il s&rsquo;agit d&rsquo;une maladie d\u00e9bilitante<\/p>\n","protected":false},"author":1,"featured_media":4610,"comment_status":"closed","ping_status":"","sticky":false,"template":"","format":"standard","meta":{"footnotes":""},"categories":[86],"tags":[761,44,4218,16,661,49,2786,244,4219,261],"class_list":["post-4609","post","type-post","status-publish","format-standard","has-post-thumbnail","hentry","category-les-maladies","tag-changement","tag-dans","tag-declaration","tag-des","tag-envies","tag-les","tag-migraines","tag-nouvelle","tag-objectifs","tag-traitement","generate-columns","tablet-grid-50","mobile-grid-100","grid-parent","grid-50","resize-featured-image"],"yoast_head":"<!-- This site is optimized with the Yoast SEO plugin v23.4 - https:\/\/yoast.com\/wordpress\/plugins\/seo\/ -->\n<title>Nouvelle d\u00e9claration Les envies de changement dans les objectifs de traitement des migraines - RVH-Synergie.org<\/title>\n<meta name=\"robots\" content=\"index, follow, max-snippet:-1, max-image-preview:large, max-video-preview:-1\" \/>\n<link rel=\"canonical\" href=\"https:\/\/rvh-synergie.org\/actualites\/nouvelle-declaration-les-envies-de-changement-dans-les-objectifs-de-traitement-des-migraines\/\" \/>\n<meta property=\"og:locale\" content=\"fr_FR\" \/>\n<meta property=\"og:type\" content=\"article\" \/>\n<meta property=\"og:title\" content=\"Nouvelle d\u00e9claration Les envies de changement dans les objectifs de traitement des migraines - RVH-Synergie.org\" \/>\n<meta property=\"og:description\" content=\"La migraine est bien plus qu&rsquo;un simple mal de t\u00eate. Il s&rsquo;agit d&rsquo;une maladie d\u00e9bilitante\" \/>\n<meta property=\"og:url\" content=\"https:\/\/rvh-synergie.org\/actualites\/nouvelle-declaration-les-envies-de-changement-dans-les-objectifs-de-traitement-des-migraines\/\" \/>\n<meta property=\"og:site_name\" content=\"RVH-Synergie\" \/>\n<meta property=\"article:published_time\" content=\"2025-02-25T20:58:12+00:00\" \/>\n<meta property=\"article:modified_time\" content=\"2025-02-25T20:58:18+00:00\" \/>\n<meta property=\"og:image\" content=\"https:\/\/rvh-synergie.org\/actualites\/wp-content\/uploads\/2025\/02\/1740517092_Nouvelle-declaration-Les-envies-de-changement-dans-les-objectifs-de-scaled.jpg\" \/>\n\t<meta property=\"og:image:width\" content=\"2560\" \/>\n\t<meta property=\"og:image:height\" content=\"1526\" \/>\n\t<meta property=\"og:image:type\" content=\"image\/jpeg\" \/>\n<meta name=\"author\" content=\"Charles Martinez\" \/>\n<meta name=\"twitter:card\" content=\"summary_large_image\" \/>\n<meta name=\"twitter:label1\" content=\"\u00c9crit par\" \/>\n\t<meta name=\"twitter:data1\" content=\"Charles Martinez\" \/>\n\t<meta name=\"twitter:label2\" content=\"Dur\u00e9e de lecture estim\u00e9e\" \/>\n\t<meta name=\"twitter:data2\" content=\"3 minutes\" \/>\n<script type=\"application\/ld+json\" class=\"yoast-schema-graph\">{\"@context\":\"https:\/\/schema.org\",\"@graph\":[{\"@type\":\"Article\",\"@id\":\"https:\/\/rvh-synergie.org\/actualites\/nouvelle-declaration-les-envies-de-changement-dans-les-objectifs-de-traitement-des-migraines\/#article\",\"isPartOf\":{\"@id\":\"https:\/\/rvh-synergie.org\/actualites\/nouvelle-declaration-les-envies-de-changement-dans-les-objectifs-de-traitement-des-migraines\/\"},\"author\":{\"name\":\"Charles Martinez\",\"@id\":\"https:\/\/rvh-synergie.org\/actualites\/#\/schema\/person\/aa5ea98671fb4e8620f488a0795d2560\"},\"headline\":\"Nouvelle d\u00e9claration Les envies de changement dans les objectifs de traitement des migraines\",\"datePublished\":\"2025-02-25T20:58:12+00:00\",\"dateModified\":\"2025-02-25T20:58:18+00:00\",\"mainEntityOfPage\":{\"@id\":\"https:\/\/rvh-synergie.org\/actualites\/nouvelle-declaration-les-envies-de-changement-dans-les-objectifs-de-traitement-des-migraines\/\"},\"wordCount\":662,\"publisher\":{\"@id\":\"https:\/\/rvh-synergie.org\/actualites\/#organization\"},\"image\":{\"@id\":\"https:\/\/rvh-synergie.org\/actualites\/nouvelle-declaration-les-envies-de-changement-dans-les-objectifs-de-traitement-des-migraines\/#primaryimage\"},\"thumbnailUrl\":\"https:\/\/rvh-synergie.org\/actualites\/wp-content\/uploads\/2025\/02\/1740517092_Nouvelle-declaration-Les-envies-de-changement-dans-les-objectifs-de-scaled.jpg\",\"keywords\":[\"changement\",\"dans\",\"d\u00e9claration\",\"des\",\"envies\",\"Les\",\"migraines\",\"nouvelle\",\"objectifs\",\"traitement\"],\"articleSection\":[\"Les maladies\"],\"inLanguage\":\"fr-FR\"},{\"@type\":\"WebPage\",\"@id\":\"https:\/\/rvh-synergie.org\/actualites\/nouvelle-declaration-les-envies-de-changement-dans-les-objectifs-de-traitement-des-migraines\/\",\"url\":\"https:\/\/rvh-synergie.org\/actualites\/nouvelle-declaration-les-envies-de-changement-dans-les-objectifs-de-traitement-des-migraines\/\",\"name\":\"Nouvelle d\u00e9claration Les envies de changement dans les objectifs de traitement des migraines - RVH-Synergie.org\",\"isPartOf\":{\"@id\":\"https:\/\/rvh-synergie.org\/actualites\/#website\"},\"primaryImageOfPage\":{\"@id\":\"https:\/\/rvh-synergie.org\/actualites\/nouvelle-declaration-les-envies-de-changement-dans-les-objectifs-de-traitement-des-migraines\/#primaryimage\"},\"image\":{\"@id\":\"https:\/\/rvh-synergie.org\/actualites\/nouvelle-declaration-les-envies-de-changement-dans-les-objectifs-de-traitement-des-migraines\/#primaryimage\"},\"thumbnailUrl\":\"https:\/\/rvh-synergie.org\/actualites\/wp-content\/uploads\/2025\/02\/1740517092_Nouvelle-declaration-Les-envies-de-changement-dans-les-objectifs-de-scaled.jpg\",\"datePublished\":\"2025-02-25T20:58:12+00:00\",\"dateModified\":\"2025-02-25T20:58:18+00:00\",\"breadcrumb\":{\"@id\":\"https:\/\/rvh-synergie.org\/actualites\/nouvelle-declaration-les-envies-de-changement-dans-les-objectifs-de-traitement-des-migraines\/#breadcrumb\"},\"inLanguage\":\"fr-FR\",\"potentialAction\":[{\"@type\":\"ReadAction\",\"target\":[\"https:\/\/rvh-synergie.org\/actualites\/nouvelle-declaration-les-envies-de-changement-dans-les-objectifs-de-traitement-des-migraines\/\"]}]},{\"@type\":\"ImageObject\",\"inLanguage\":\"fr-FR\",\"@id\":\"https:\/\/rvh-synergie.org\/actualites\/nouvelle-declaration-les-envies-de-changement-dans-les-objectifs-de-traitement-des-migraines\/#primaryimage\",\"url\":\"https:\/\/rvh-synergie.org\/actualites\/wp-content\/uploads\/2025\/02\/1740517092_Nouvelle-declaration-Les-envies-de-changement-dans-les-objectifs-de-scaled.jpg\",\"contentUrl\":\"https:\/\/rvh-synergie.org\/actualites\/wp-content\/uploads\/2025\/02\/1740517092_Nouvelle-declaration-Les-envies-de-changement-dans-les-objectifs-de-scaled.jpg\",\"width\":2560,\"height\":1526,\"caption\":\"Nouvelle d\u00e9claration Les envies de changement dans les objectifs de traitement des migraines\"},{\"@type\":\"BreadcrumbList\",\"@id\":\"https:\/\/rvh-synergie.org\/actualites\/nouvelle-declaration-les-envies-de-changement-dans-les-objectifs-de-traitement-des-migraines\/#breadcrumb\",\"itemListElement\":[{\"@type\":\"ListItem\",\"position\":1,\"name\":\"Accueil\",\"item\":\"https:\/\/rvh-synergie.org\/actualites\/\"},{\"@type\":\"ListItem\",\"position\":2,\"name\":\"Nouvelle d\u00e9claration Les envies de changement dans les objectifs de traitement des migraines\"}]},{\"@type\":\"WebSite\",\"@id\":\"https:\/\/rvh-synergie.org\/actualites\/#website\",\"url\":\"https:\/\/rvh-synergie.org\/actualites\/\",\"name\":\"RVH-Synergie.org\",\"description\":\"RVH-Synergie, site ind\u00e9pendant d&#039;informations sur la prise en charge des addictions.\",\"publisher\":{\"@id\":\"https:\/\/rvh-synergie.org\/actualites\/#organization\"},\"potentialAction\":[{\"@type\":\"SearchAction\",\"target\":{\"@type\":\"EntryPoint\",\"urlTemplate\":\"https:\/\/rvh-synergie.org\/actualites\/?s={search_term_string}\"},\"query-input\":{\"@type\":\"PropertyValueSpecification\",\"valueRequired\":true,\"valueName\":\"search_term_string\"}}],\"inLanguage\":\"fr-FR\"},{\"@type\":\"Organization\",\"@id\":\"https:\/\/rvh-synergie.org\/actualites\/#organization\",\"name\":\"RVH-Synergie.org\",\"url\":\"https:\/\/rvh-synergie.org\/actualites\/\",\"logo\":{\"@type\":\"ImageObject\",\"inLanguage\":\"fr-FR\",\"@id\":\"https:\/\/rvh-synergie.org\/actualites\/#\/schema\/logo\/image\/\",\"url\":\"https:\/\/rvh-synergie.org\/actualites\/wp-content\/uploads\/2024\/09\/favicon.png\",\"contentUrl\":\"https:\/\/rvh-synergie.org\/actualites\/wp-content\/uploads\/2024\/09\/favicon.png\",\"width\":512,\"height\":512,\"caption\":\"RVH-Synergie.org\"},\"image\":{\"@id\":\"https:\/\/rvh-synergie.org\/actualites\/#\/schema\/logo\/image\/\"}},{\"@type\":\"Person\",\"@id\":\"https:\/\/rvh-synergie.org\/actualites\/#\/schema\/person\/aa5ea98671fb4e8620f488a0795d2560\",\"name\":\"Charles Martinez\",\"image\":{\"@type\":\"ImageObject\",\"inLanguage\":\"fr-FR\",\"@id\":\"https:\/\/rvh-synergie.org\/actualites\/#\/schema\/person\/image\/\",\"url\":\"https:\/\/rvh-synergie.org\/actualites\/wp-content\/uploads\/2024\/09\/charles-martinez-scaled.jpg\",\"contentUrl\":\"https:\/\/rvh-synergie.org\/actualites\/wp-content\/uploads\/2024\/09\/charles-martinez-scaled.jpg\",\"caption\":\"Charles Martinez\"},\"description\":\"Bonjour, je m'appelle Charles Martinez, r\u00e9dacteur passionn\u00e9 pour le m\u00e9dia RVH-synergie.org, d\u00e9di\u00e9 aux addictions et aux maladies. Depuis plus de dix ans, j'explore et rapporte les histoires poignantes des individus confront\u00e9s \u00e0 ces d\u00e9fis, tout en sensibilisant le public aux traitements novateurs et aux progr\u00e8s scientifiques dans ce domaine. Mon engagement r\u00e9side dans l'espoir de cr\u00e9er une communaut\u00e9 inform\u00e9e et empathique, pr\u00eate \u00e0 soutenir ceux qui luttent contre ces \u00e9preuves.\",\"sameAs\":[\"https:\/\/rvh-synergie.org\/\"]}]}<\/script>\n<!-- \/ Yoast SEO plugin. -->","yoast_head_json":{"title":"Nouvelle d\u00e9claration Les envies de changement dans les objectifs de traitement des migraines - RVH-Synergie.org","robots":{"index":"index","follow":"follow","max-snippet":"max-snippet:-1","max-image-preview":"max-image-preview:large","max-video-preview":"max-video-preview:-1"},"canonical":"https:\/\/rvh-synergie.org\/actualites\/nouvelle-declaration-les-envies-de-changement-dans-les-objectifs-de-traitement-des-migraines\/","og_locale":"fr_FR","og_type":"article","og_title":"Nouvelle d\u00e9claration Les envies de changement dans les objectifs de traitement des migraines - RVH-Synergie.org","og_description":"La migraine est bien plus qu&rsquo;un simple mal de t\u00eate. Il s&rsquo;agit d&rsquo;une maladie d\u00e9bilitante","og_url":"https:\/\/rvh-synergie.org\/actualites\/nouvelle-declaration-les-envies-de-changement-dans-les-objectifs-de-traitement-des-migraines\/","og_site_name":"RVH-Synergie","article_published_time":"2025-02-25T20:58:12+00:00","article_modified_time":"2025-02-25T20:58:18+00:00","og_image":[{"width":2560,"height":1526,"url":"https:\/\/rvh-synergie.org\/actualites\/wp-content\/uploads\/2025\/02\/1740517092_Nouvelle-declaration-Les-envies-de-changement-dans-les-objectifs-de-scaled.jpg","type":"image\/jpeg"}],"author":"Charles Martinez","twitter_card":"summary_large_image","twitter_misc":{"\u00c9crit par":"Charles Martinez","Dur\u00e9e de lecture estim\u00e9e":"3 minutes"},"schema":{"@context":"https:\/\/schema.org","@graph":[{"@type":"Article","@id":"https:\/\/rvh-synergie.org\/actualites\/nouvelle-declaration-les-envies-de-changement-dans-les-objectifs-de-traitement-des-migraines\/#article","isPartOf":{"@id":"https:\/\/rvh-synergie.org\/actualites\/nouvelle-declaration-les-envies-de-changement-dans-les-objectifs-de-traitement-des-migraines\/"},"author":{"name":"Charles Martinez","@id":"https:\/\/rvh-synergie.org\/actualites\/#\/schema\/person\/aa5ea98671fb4e8620f488a0795d2560"},"headline":"Nouvelle d\u00e9claration Les envies de changement dans les objectifs de traitement des migraines","datePublished":"2025-02-25T20:58:12+00:00","dateModified":"2025-02-25T20:58:18+00:00","mainEntityOfPage":{"@id":"https:\/\/rvh-synergie.org\/actualites\/nouvelle-declaration-les-envies-de-changement-dans-les-objectifs-de-traitement-des-migraines\/"},"wordCount":662,"publisher":{"@id":"https:\/\/rvh-synergie.org\/actualites\/#organization"},"image":{"@id":"https:\/\/rvh-synergie.org\/actualites\/nouvelle-declaration-les-envies-de-changement-dans-les-objectifs-de-traitement-des-migraines\/#primaryimage"},"thumbnailUrl":"https:\/\/rvh-synergie.org\/actualites\/wp-content\/uploads\/2025\/02\/1740517092_Nouvelle-declaration-Les-envies-de-changement-dans-les-objectifs-de-scaled.jpg","keywords":["changement","dans","d\u00e9claration","des","envies","Les","migraines","nouvelle","objectifs","traitement"],"articleSection":["Les maladies"],"inLanguage":"fr-FR"},{"@type":"WebPage","@id":"https:\/\/rvh-synergie.org\/actualites\/nouvelle-declaration-les-envies-de-changement-dans-les-objectifs-de-traitement-des-migraines\/","url":"https:\/\/rvh-synergie.org\/actualites\/nouvelle-declaration-les-envies-de-changement-dans-les-objectifs-de-traitement-des-migraines\/","name":"Nouvelle d\u00e9claration Les envies de changement dans les objectifs de traitement des migraines - RVH-Synergie.org","isPartOf":{"@id":"https:\/\/rvh-synergie.org\/actualites\/#website"},"primaryImageOfPage":{"@id":"https:\/\/rvh-synergie.org\/actualites\/nouvelle-declaration-les-envies-de-changement-dans-les-objectifs-de-traitement-des-migraines\/#primaryimage"},"image":{"@id":"https:\/\/rvh-synergie.org\/actualites\/nouvelle-declaration-les-envies-de-changement-dans-les-objectifs-de-traitement-des-migraines\/#primaryimage"},"thumbnailUrl":"https:\/\/rvh-synergie.org\/actualites\/wp-content\/uploads\/2025\/02\/1740517092_Nouvelle-declaration-Les-envies-de-changement-dans-les-objectifs-de-scaled.jpg","datePublished":"2025-02-25T20:58:12+00:00","dateModified":"2025-02-25T20:58:18+00:00","breadcrumb":{"@id":"https:\/\/rvh-synergie.org\/actualites\/nouvelle-declaration-les-envies-de-changement-dans-les-objectifs-de-traitement-des-migraines\/#breadcrumb"},"inLanguage":"fr-FR","potentialAction":[{"@type":"ReadAction","target":["https:\/\/rvh-synergie.org\/actualites\/nouvelle-declaration-les-envies-de-changement-dans-les-objectifs-de-traitement-des-migraines\/"]}]},{"@type":"ImageObject","inLanguage":"fr-FR","@id":"https:\/\/rvh-synergie.org\/actualites\/nouvelle-declaration-les-envies-de-changement-dans-les-objectifs-de-traitement-des-migraines\/#primaryimage","url":"https:\/\/rvh-synergie.org\/actualites\/wp-content\/uploads\/2025\/02\/1740517092_Nouvelle-declaration-Les-envies-de-changement-dans-les-objectifs-de-scaled.jpg","contentUrl":"https:\/\/rvh-synergie.org\/actualites\/wp-content\/uploads\/2025\/02\/1740517092_Nouvelle-declaration-Les-envies-de-changement-dans-les-objectifs-de-scaled.jpg","width":2560,"height":1526,"caption":"Nouvelle d\u00e9claration Les envies de changement dans les objectifs de traitement des migraines"},{"@type":"BreadcrumbList","@id":"https:\/\/rvh-synergie.org\/actualites\/nouvelle-declaration-les-envies-de-changement-dans-les-objectifs-de-traitement-des-migraines\/#breadcrumb","itemListElement":[{"@type":"ListItem","position":1,"name":"Accueil","item":"https:\/\/rvh-synergie.org\/actualites\/"},{"@type":"ListItem","position":2,"name":"Nouvelle d\u00e9claration Les envies de changement dans les objectifs de traitement des migraines"}]},{"@type":"WebSite","@id":"https:\/\/rvh-synergie.org\/actualites\/#website","url":"https:\/\/rvh-synergie.org\/actualites\/","name":"RVH-Synergie.org","description":"RVH-Synergie, site ind\u00e9pendant d&#039;informations sur la prise en charge des addictions.","publisher":{"@id":"https:\/\/rvh-synergie.org\/actualites\/#organization"},"potentialAction":[{"@type":"SearchAction","target":{"@type":"EntryPoint","urlTemplate":"https:\/\/rvh-synergie.org\/actualites\/?s={search_term_string}"},"query-input":{"@type":"PropertyValueSpecification","valueRequired":true,"valueName":"search_term_string"}}],"inLanguage":"fr-FR"},{"@type":"Organization","@id":"https:\/\/rvh-synergie.org\/actualites\/#organization","name":"RVH-Synergie.org","url":"https:\/\/rvh-synergie.org\/actualites\/","logo":{"@type":"ImageObject","inLanguage":"fr-FR","@id":"https:\/\/rvh-synergie.org\/actualites\/#\/schema\/logo\/image\/","url":"https:\/\/rvh-synergie.org\/actualites\/wp-content\/uploads\/2024\/09\/favicon.png","contentUrl":"https:\/\/rvh-synergie.org\/actualites\/wp-content\/uploads\/2024\/09\/favicon.png","width":512,"height":512,"caption":"RVH-Synergie.org"},"image":{"@id":"https:\/\/rvh-synergie.org\/actualites\/#\/schema\/logo\/image\/"}},{"@type":"Person","@id":"https:\/\/rvh-synergie.org\/actualites\/#\/schema\/person\/aa5ea98671fb4e8620f488a0795d2560","name":"Charles Martinez","image":{"@type":"ImageObject","inLanguage":"fr-FR","@id":"https:\/\/rvh-synergie.org\/actualites\/#\/schema\/person\/image\/","url":"https:\/\/rvh-synergie.org\/actualites\/wp-content\/uploads\/2024\/09\/charles-martinez-scaled.jpg","contentUrl":"https:\/\/rvh-synergie.org\/actualites\/wp-content\/uploads\/2024\/09\/charles-martinez-scaled.jpg","caption":"Charles Martinez"},"description":"Bonjour, je m'appelle Charles Martinez, r\u00e9dacteur passionn\u00e9 pour le m\u00e9dia RVH-synergie.org, d\u00e9di\u00e9 aux addictions et aux maladies. Depuis plus de dix ans, j'explore et rapporte les histoires poignantes des individus confront\u00e9s \u00e0 ces d\u00e9fis, tout en sensibilisant le public aux traitements novateurs et aux progr\u00e8s scientifiques dans ce domaine. Mon engagement r\u00e9side dans l'espoir de cr\u00e9er une communaut\u00e9 inform\u00e9e et empathique, pr\u00eate \u00e0 soutenir ceux qui luttent contre ces \u00e9preuves.","sameAs":["https:\/\/rvh-synergie.org\/"]}]}},"_links":{"self":[{"href":"https:\/\/rvh-synergie.org\/actualites\/wp-json\/wp\/v2\/posts\/4609","targetHints":{"allow":["GET"]}}],"collection":[{"href":"https:\/\/rvh-synergie.org\/actualites\/wp-json\/wp\/v2\/posts"}],"about":[{"href":"https:\/\/rvh-synergie.org\/actualites\/wp-json\/wp\/v2\/types\/post"}],"author":[{"embeddable":true,"href":"https:\/\/rvh-synergie.org\/actualites\/wp-json\/wp\/v2\/users\/1"}],"replies":[{"embeddable":true,"href":"https:\/\/rvh-synergie.org\/actualites\/wp-json\/wp\/v2\/comments?post=4609"}],"version-history":[{"count":0,"href":"https:\/\/rvh-synergie.org\/actualites\/wp-json\/wp\/v2\/posts\/4609\/revisions"}],"wp:featuredmedia":[{"embeddable":true,"href":"https:\/\/rvh-synergie.org\/actualites\/wp-json\/wp\/v2\/media\/4610"}],"wp:attachment":[{"href":"https:\/\/rvh-synergie.org\/actualites\/wp-json\/wp\/v2\/media?parent=4609"}],"wp:term":[{"taxonomy":"category","embeddable":true,"href":"https:\/\/rvh-synergie.org\/actualites\/wp-json\/wp\/v2\/categories?post=4609"},{"taxonomy":"post_tag","embeddable":true,"href":"https:\/\/rvh-synergie.org\/actualites\/wp-json\/wp\/v2\/tags?post=4609"}],"curies":[{"name":"wp","href":"https:\/\/api.w.org\/{rel}","templated":true}]}}