{"id":3786,"date":"2025-01-24T17:57:48","date_gmt":"2025-01-24T16:57:48","guid":{"rendered":"https:\/\/rvh-synergie.org\/actualites\/les-modeles-dia-predisent-les-risques-et-le-traitement-du-covid-19-pour-les-patients-hospitalises\/"},"modified":"2025-01-24T17:57:55","modified_gmt":"2025-01-24T16:57:55","slug":"les-modeles-dia-predisent-les-risques-et-le-traitement-du-covid-19-pour-les-patients-hospitalises","status":"publish","type":"post","link":"https:\/\/rvh-synergie.org\/actualites\/les-modeles-dia-predisent-les-risques-et-le-traitement-du-covid-19-pour-les-patients-hospitalises\/","title":{"rendered":"Les mod\u00e8les d\u2019IA pr\u00e9disent les risques et le traitement du COVID-19 pour les patients hospitalis\u00e9s"},"content":{"rendered":"<div>\n<div class=\"article-gallery lightGallery\">\n<div data-thumb=\"https:\/\/scx1.b-cdn.net\/csz\/news\/tmb\/2025\/ai-predicts-covid-19-r.jpg\" data-src=\"https:\/\/scx2.b-cdn.net\/gfx\/news\/hires\/2025\/ai-predicts-covid-19-r.jpg\" data-sub-html=\"(a) Performance matrices show that the models\u2019 performances in the test dataset yield an F1-score of 0.89 for MV, 0.87 for ICU admission, and 0.75 for IMCU. (b) Confusion matrices demonstrate that the models correctly classify 972 instances for MV, 942 instances for ICU, and 842 instances for IMCU. Credit: &lt;i&gt;Diagnostics&lt;\/i&gt; (2024). DOI: 10.3390\/diagnostics14171866\">\n<figure class=\"article-img\">\n<\/figure><\/div>\n<\/div>\n<p>La grippe saisonni\u00e8re, le virus respiratoire syncytial (VRS) et le COVID-19 circulent activement aux \u00c9tats-Unis. Ces maladies respiratoires contribuent \u00e0 des probl\u00e8mes de sant\u00e9 g\u00e9n\u00e9ralis\u00e9s, des cas \u00e9tant signal\u00e9s dans diverses r\u00e9gions du pays.<\/p>\n<p>Gr\u00e2ce \u00e0 l&rsquo;intelligence artificielle et \u00e0 l&rsquo;apprentissage automatique, des chercheurs du Christine E. Lynn College of Nursing et du College of Engineering and Computer Science de la Florida Atlantic University, en collaboration avec Memorial Healthcare System, repoussent les limites des soins de sant\u00e9 pour favoriser l&rsquo;innovation, am\u00e9liorer la prise de d\u00e9cision, et, \u00e0 terme, am\u00e9liorer les r\u00e9sultats en mati\u00e8re de sant\u00e9 des individus et des populations.<\/p>\n<p>Pour pr\u00e9dire la gravit\u00e9 du COVID-19 et les meilleures interventions th\u00e9rapeutiques pendant la pand\u00e9mie, les chercheurs ont \u00e9tabli un syst\u00e8me d&rsquo;aide \u00e0 la d\u00e9cision bas\u00e9 sur l&rsquo;IA en identifiant les caract\u00e9ristiques critiques influen\u00e7ant la gravit\u00e9 des r\u00e9sultats de la maladie chez les patients hospitalis\u00e9s pour le COVID-19 dans un h\u00f4pital du sud de la Floride.<\/p>\n<p>Plus pr\u00e9cis\u00e9ment, l\u2019\u00e9tude s\u2019est concentr\u00e9e sur la pr\u00e9vision de la n\u00e9cessit\u00e9 d\u2019une admission en unit\u00e9 de soins intensifs (USI) avec ou sans ventilation m\u00e9canique et d\u2019une admission en unit\u00e9 de soins interm\u00e9diaires (IMCU). L\u2019objectif \u00e9tait d\u2019exploiter ces fonctionnalit\u00e9s pour permettre une pr\u00e9vision plus rapide et plus pr\u00e9cise des plans de traitement, emp\u00eachant potentiellement l\u2019aggravation de conditions critiques.<\/p>\n<p>Pour l&rsquo;\u00e9tude, les chercheurs ont analys\u00e9 les donn\u00e9es des dossiers de sant\u00e9 \u00e9lectroniques (DSE) de 5\u00a0371 patients admis dans un h\u00f4pital du sud de la Floride avec le COVID-19 entre mars 2020 et janvier 2021. Ils ont form\u00e9 trois mod\u00e8les Random Forest pour pr\u00e9dire la ventilation m\u00e9canique, l&rsquo;admission en soins intensifs et en IMCU en utilisant 24 variables, y compris les donn\u00e9es sociod\u00e9mographiques, les comorbidit\u00e9s et les m\u00e9dicaments. L&rsquo;analyse s&rsquo;est concentr\u00e9e sur les donn\u00e9es recueillies au moment de l&rsquo;admission \u00e0 l&rsquo;h\u00f4pital.<\/p>\n<p>R\u00e9sultats de l&rsquo;\u00e9tude, publi\u00e9s dans la revue <i>Diagnostic<\/i>au d\u00e9but de l&rsquo;automne 2024, montrent que les mod\u00e8les pour les admissions en USI avec ventilation m\u00e9canique, en USI et IMCU ont identifi\u00e9 les facteurs suivants qui se chevauchent comme pr\u00e9dicteurs les plus importants parmi les trois r\u00e9sultats\u00a0: \u00e2ge, race, sexe, indice de masse corporelle (IMC), diarrh\u00e9e. , le diab\u00e8te, l&rsquo;hypertension, les premiers stades de la maladie r\u00e9nale et la pneumonie.<\/p>\n<p>Les chercheurs ont \u00e9galement d\u00e9couvert que les personnes de 65 ans et plus (\u00ab adultes plus \u00e2g\u00e9s \u00bb), les hommes, les fumeurs actuels et dont l&rsquo;IMC \u00e9tait class\u00e9 comme \u00ab en surpoids \u00bb et \u00ab ob\u00e8ses \u00bb couraient un plus grand risque de gravit\u00e9 de la maladie. L&rsquo;\u00e9tude a \u00e9galement explor\u00e9 la gravit\u00e9 de la maladie en fonction de la cooccurrence de facteurs de risque.<\/p>\n<p>\u00ab\u00a0C&rsquo;est l&rsquo;une des tr\u00e8s rares \u00e9tudes qui ont explor\u00e9 de telles interactions entre les facteurs de risque en utilisant des approches d&rsquo;interpr\u00e9tabilit\u00e9 d&rsquo;apprentissage automatique. Par exemple, la pneumonie associ\u00e9e au diab\u00e8te a augment\u00e9 le risque de ventilation m\u00e9canique, tandis que la diarrh\u00e9e a interagi fortement avec le diab\u00e8te pour les admissions en soins intensifs\u00a0\u00bb, a d\u00e9clar\u00e9 Debarshi Datta, Ph. .D., auteur principal et professeur adjoint au Christine E. Lynn College of Nursing de la FAU.<\/p>\n<p>\u00ab\u00a0La gravit\u00e9 de l&rsquo;IMCU \u00e9tait li\u00e9e \u00e0 des combinaisons telles que la diarrh\u00e9e, la pneumonie et l&rsquo;hypertension chez les personnes \u00e2g\u00e9es. De plus, des m\u00e9dicaments tels que les bloqueurs des r\u00e9cepteurs de l&rsquo;angiotensine II et les inhibiteurs de l&rsquo;ECA semblaient r\u00e9duire la gravit\u00e9 de la maladie, conform\u00e9ment aux recherches ant\u00e9rieures sur leurs effets protecteurs.\u00a0\u00bb<\/p>\n<p>Les principales caract\u00e9ristiques identifi\u00e9es par l&rsquo;interpr\u00e9tabilit\u00e9 des mod\u00e8les provenaient des cat\u00e9gories \u00ab caract\u00e9ristiques sociod\u00e9mographiques \u00bb, \u00ab comorbidit\u00e9s pr\u00e9hospitali\u00e8res \u00bb et \u00ab m\u00e9dicaments \u00bb. Cependant, les \u00ab comorbidit\u00e9s pr\u00e9hospitali\u00e8res \u00bb ont jou\u00e9 un r\u00f4le essentiel dans diff\u00e9rentes conditions critiques. En plus de l&rsquo;importance des caract\u00e9ristiques individuelles, les interactions entre les caract\u00e9ristiques fournissent \u00e9galement des informations cruciales pour pr\u00e9dire l&rsquo;issue la plus probable de l&rsquo;\u00e9tat des patients lorsque des plans de traitement urgents sont n\u00e9cessaires lors de l&rsquo;afflux de patients pendant la pand\u00e9mie.<\/p>\n<p>Par rapport aux \u00e9tudes ant\u00e9rieures, cette nouvelle approche se distingue par l\u2019utilisation de donn\u00e9es DSE facilement accessibles et par la combinaison de techniques d\u2019interpr\u00e9tabilit\u00e9 d\u2019apprentissage automatique avec des m\u00e9thodes statistiques traditionnelles. Cette m\u00e9thode a permis une compr\u00e9hension plus approfondie de caract\u00e9ristiques telles que l\u2019\u00e2ge, le sexe, l\u2019IMC et les comorbidit\u00e9s telles que le diab\u00e8te et l\u2019hypertension \u00e0 diff\u00e9rents niveaux de gravit\u00e9.<\/p>\n<p>\u00ab\u00a0Bien que les biomarqueurs aient \u00e9t\u00e9 utilis\u00e9s dans d&rsquo;autres \u00e9tudes, leur accessibilit\u00e9 clinique limit\u00e9e rend nos r\u00e9sultats plus pratiques pour les applications r\u00e9elles en mati\u00e8re de soins de sant\u00e9\u00a0\u00bb, a d\u00e9clar\u00e9 David Newman, Ph.D., co-auteur, professeur et statisticien, FAU Christine E. Coll\u00e8ge d&rsquo;infirmi\u00e8res Lynn.<\/p>\n<p>\u00ab En identifiant les facteurs et interactions critiques influen\u00e7ant les r\u00e9sultats du COVID-19, notre \u00e9tude fournit des informations exploitables pour am\u00e9liorer les soins aux patients et soutenir les syst\u00e8mes de sant\u00e9 dans des conditions de forte demande.<\/p>\n<p>Il est important de noter que l\u2019application de l\u2019IA et de l\u2019apprentissage automatique dans les soins de sant\u00e9 s\u2019\u00e9tend au-del\u00e0 de la maladie COVID-19 et promet d\u2019am\u00e9liorer le diagnostic, la s\u00e9lection des traitements, la surveillance de la maladie et les r\u00e9sultats pour les patients dans diverses sp\u00e9cialit\u00e9s m\u00e9dicales et \u00e9tablissements de soins de sant\u00e9. Ces connaissances permettent aux autorit\u00e9s de sant\u00e9 publique de planifier et de mettre en \u0153uvre de mani\u00e8re proactive des interventions cibl\u00e9es, att\u00e9nuant ainsi l\u2019impact des \u00e9pid\u00e9mies et optimisant la prestation des soins de sant\u00e9.<\/p>\n<p>\u00ab Le d\u00e9veloppement d&rsquo;un syst\u00e8me d&rsquo;aide \u00e0 la d\u00e9cision bas\u00e9 sur l&rsquo;IA pour pr\u00e9dire les \u00e9v\u00e9nements cliniques critiques chez les patients hospitalis\u00e9s atteints du COVID-19 r\u00e9pond non seulement aux demandes urgentes d&rsquo;une pand\u00e9mie, mais ouvre \u00e9galement de nouvelles voies en mati\u00e8re d&rsquo;IA et d&rsquo;apprentissage automatique dans les soins de sant\u00e9 \u00bb, a d\u00e9clar\u00e9 Datta.<\/p>\n<p>\u00ab\u00a0En utilisant des technologies et des algorithmes avanc\u00e9s, tels que l&rsquo;apprentissage automatique, les chercheurs et les cliniciens peuvent exploiter la puissance des informations bas\u00e9es sur les donn\u00e9es pour r\u00e9volutionner les soins aux patients.\u00a0\u00bb<\/p>\n<p>Les co-auteurs de l&rsquo;\u00e9tude sont Subhosit Ray, Ph.D., boursier postdoctoral\u00a0; Laurie Martinez, Ph.D., professeure adjointe\u00a0; Safiya George Dalmida, Ph.D., ancienne doyenne\u00a0; le tout avec le Christine E. Lynn College of Nursing de la FAU\u00a0; Javad Hashemi, Ph.D., pr\u00e9sident inaugural et professeur du D\u00e9partement de g\u00e9nie biom\u00e9dical et doyen associ\u00e9 \u00e0 la recherche, Coll\u00e8ge FAU d&rsquo;ing\u00e9nierie et d&rsquo;informatique\u00a0; Candice Sareli, MD, vice-pr\u00e9sidente et directrice de la recherche m\u00e9dicale, Memorial Healthcare System\u00a0; et Paul Eckardt, MD, chef de la Division Memorial des maladies infectieuses, Memorial Healthcare System.<\/p>\n<p>                                        <!-- print only --><\/p><\/div>\n","protected":false},"excerpt":{"rendered":"<p>La grippe saisonni\u00e8re, le virus respiratoire syncytial (VRS) et le COVID-19 circulent activement aux \u00c9tats-Unis.<\/p>\n","protected":false},"author":1,"featured_media":3787,"comment_status":"closed","ping_status":"","sticky":false,"template":"","format":"standard","meta":{"footnotes":""},"categories":[86],"tags":[561,1048,1716,49,1275,616,8,3680,397,261],"class_list":["post-3786","post","type-post","status-publish","format-standard","has-post-thumbnail","hentry","category-les-maladies","tag-covid19","tag-dia","tag-hospitalises","tag-les","tag-modeles","tag-patients","tag-pour","tag-predisent","tag-risques","tag-traitement","generate-columns","tablet-grid-50","mobile-grid-100","grid-parent","grid-50","resize-featured-image"],"yoast_head":"<!-- This site is optimized with the Yoast SEO plugin v23.4 - https:\/\/yoast.com\/wordpress\/plugins\/seo\/ -->\n<title>Les mod\u00e8les d\u2019IA pr\u00e9disent les risques et le traitement du COVID-19 pour les patients hospitalis\u00e9s - RVH-Synergie.org<\/title>\n<meta name=\"robots\" content=\"index, follow, max-snippet:-1, max-image-preview:large, max-video-preview:-1\" \/>\n<link rel=\"canonical\" href=\"https:\/\/rvh-synergie.org\/actualites\/les-modeles-dia-predisent-les-risques-et-le-traitement-du-covid-19-pour-les-patients-hospitalises\/\" \/>\n<meta property=\"og:locale\" content=\"fr_FR\" \/>\n<meta property=\"og:type\" content=\"article\" \/>\n<meta property=\"og:title\" content=\"Les mod\u00e8les d\u2019IA pr\u00e9disent les risques et le traitement du COVID-19 pour les patients hospitalis\u00e9s - RVH-Synergie.org\" \/>\n<meta property=\"og:description\" content=\"La grippe saisonni\u00e8re, le virus respiratoire syncytial (VRS) et le COVID-19 circulent activement aux \u00c9tats-Unis.\" \/>\n<meta property=\"og:url\" content=\"https:\/\/rvh-synergie.org\/actualites\/les-modeles-dia-predisent-les-risques-et-le-traitement-du-covid-19-pour-les-patients-hospitalises\/\" \/>\n<meta property=\"og:site_name\" content=\"RVH-Synergie\" \/>\n<meta property=\"article:published_time\" content=\"2025-01-24T16:57:48+00:00\" \/>\n<meta property=\"article:modified_time\" content=\"2025-01-24T16:57:55+00:00\" \/>\n<meta property=\"og:image\" content=\"https:\/\/rvh-synergie.org\/actualites\/wp-content\/uploads\/2025\/01\/1737737868_Les-modeles-dIA-predisent-les-risques-et-le-traitement-du-scaled.jpg\" \/>\n\t<meta property=\"og:image:width\" content=\"2560\" \/>\n\t<meta property=\"og:image:height\" content=\"1082\" \/>\n\t<meta property=\"og:image:type\" content=\"image\/jpeg\" \/>\n<meta name=\"author\" content=\"Charles Martinez\" \/>\n<meta name=\"twitter:card\" content=\"summary_large_image\" \/>\n<meta name=\"twitter:label1\" content=\"\u00c9crit par\" \/>\n\t<meta name=\"twitter:data1\" content=\"Charles Martinez\" \/>\n\t<meta name=\"twitter:label2\" content=\"Dur\u00e9e de lecture estim\u00e9e\" \/>\n\t<meta name=\"twitter:data2\" content=\"6 minutes\" \/>\n<script type=\"application\/ld+json\" class=\"yoast-schema-graph\">{\"@context\":\"https:\/\/schema.org\",\"@graph\":[{\"@type\":\"Article\",\"@id\":\"https:\/\/rvh-synergie.org\/actualites\/les-modeles-dia-predisent-les-risques-et-le-traitement-du-covid-19-pour-les-patients-hospitalises\/#article\",\"isPartOf\":{\"@id\":\"https:\/\/rvh-synergie.org\/actualites\/les-modeles-dia-predisent-les-risques-et-le-traitement-du-covid-19-pour-les-patients-hospitalises\/\"},\"author\":{\"name\":\"Charles Martinez\",\"@id\":\"https:\/\/rvh-synergie.org\/actualites\/#\/schema\/person\/aa5ea98671fb4e8620f488a0795d2560\"},\"headline\":\"Les mod\u00e8les d\u2019IA pr\u00e9disent les risques et le traitement du COVID-19 pour les patients hospitalis\u00e9s\",\"datePublished\":\"2025-01-24T16:57:48+00:00\",\"dateModified\":\"2025-01-24T16:57:55+00:00\",\"mainEntityOfPage\":{\"@id\":\"https:\/\/rvh-synergie.org\/actualites\/les-modeles-dia-predisent-les-risques-et-le-traitement-du-covid-19-pour-les-patients-hospitalises\/\"},\"wordCount\":1239,\"publisher\":{\"@id\":\"https:\/\/rvh-synergie.org\/actualites\/#organization\"},\"image\":{\"@id\":\"https:\/\/rvh-synergie.org\/actualites\/les-modeles-dia-predisent-les-risques-et-le-traitement-du-covid-19-pour-les-patients-hospitalises\/#primaryimage\"},\"thumbnailUrl\":\"https:\/\/rvh-synergie.org\/actualites\/wp-content\/uploads\/2025\/01\/1737737868_Les-modeles-dIA-predisent-les-risques-et-le-traitement-du-scaled.jpg\",\"keywords\":[\"COVID19\",\"dIA\",\"hospitalis\u00e9s\",\"Les\",\"mod\u00e8les\",\"patients\",\"pour\",\"pr\u00e9disent\",\"risques\",\"traitement\"],\"articleSection\":[\"Les maladies\"],\"inLanguage\":\"fr-FR\"},{\"@type\":\"WebPage\",\"@id\":\"https:\/\/rvh-synergie.org\/actualites\/les-modeles-dia-predisent-les-risques-et-le-traitement-du-covid-19-pour-les-patients-hospitalises\/\",\"url\":\"https:\/\/rvh-synergie.org\/actualites\/les-modeles-dia-predisent-les-risques-et-le-traitement-du-covid-19-pour-les-patients-hospitalises\/\",\"name\":\"Les mod\u00e8les d\u2019IA pr\u00e9disent les risques et le traitement du COVID-19 pour les patients hospitalis\u00e9s - RVH-Synergie.org\",\"isPartOf\":{\"@id\":\"https:\/\/rvh-synergie.org\/actualites\/#website\"},\"primaryImageOfPage\":{\"@id\":\"https:\/\/rvh-synergie.org\/actualites\/les-modeles-dia-predisent-les-risques-et-le-traitement-du-covid-19-pour-les-patients-hospitalises\/#primaryimage\"},\"image\":{\"@id\":\"https:\/\/rvh-synergie.org\/actualites\/les-modeles-dia-predisent-les-risques-et-le-traitement-du-covid-19-pour-les-patients-hospitalises\/#primaryimage\"},\"thumbnailUrl\":\"https:\/\/rvh-synergie.org\/actualites\/wp-content\/uploads\/2025\/01\/1737737868_Les-modeles-dIA-predisent-les-risques-et-le-traitement-du-scaled.jpg\",\"datePublished\":\"2025-01-24T16:57:48+00:00\",\"dateModified\":\"2025-01-24T16:57:55+00:00\",\"breadcrumb\":{\"@id\":\"https:\/\/rvh-synergie.org\/actualites\/les-modeles-dia-predisent-les-risques-et-le-traitement-du-covid-19-pour-les-patients-hospitalises\/#breadcrumb\"},\"inLanguage\":\"fr-FR\",\"potentialAction\":[{\"@type\":\"ReadAction\",\"target\":[\"https:\/\/rvh-synergie.org\/actualites\/les-modeles-dia-predisent-les-risques-et-le-traitement-du-covid-19-pour-les-patients-hospitalises\/\"]}]},{\"@type\":\"ImageObject\",\"inLanguage\":\"fr-FR\",\"@id\":\"https:\/\/rvh-synergie.org\/actualites\/les-modeles-dia-predisent-les-risques-et-le-traitement-du-covid-19-pour-les-patients-hospitalises\/#primaryimage\",\"url\":\"https:\/\/rvh-synergie.org\/actualites\/wp-content\/uploads\/2025\/01\/1737737868_Les-modeles-dIA-predisent-les-risques-et-le-traitement-du-scaled.jpg\",\"contentUrl\":\"https:\/\/rvh-synergie.org\/actualites\/wp-content\/uploads\/2025\/01\/1737737868_Les-modeles-dIA-predisent-les-risques-et-le-traitement-du-scaled.jpg\",\"width\":2560,\"height\":1082,\"caption\":\"Les mod\u00e8les d\u2019IA pr\u00e9disent les risques et le traitement du COVID-19 pour les patients hospitalis\u00e9s\"},{\"@type\":\"BreadcrumbList\",\"@id\":\"https:\/\/rvh-synergie.org\/actualites\/les-modeles-dia-predisent-les-risques-et-le-traitement-du-covid-19-pour-les-patients-hospitalises\/#breadcrumb\",\"itemListElement\":[{\"@type\":\"ListItem\",\"position\":1,\"name\":\"Accueil\",\"item\":\"https:\/\/rvh-synergie.org\/actualites\/\"},{\"@type\":\"ListItem\",\"position\":2,\"name\":\"Les mod\u00e8les d\u2019IA pr\u00e9disent les risques et le traitement du COVID-19 pour les patients hospitalis\u00e9s\"}]},{\"@type\":\"WebSite\",\"@id\":\"https:\/\/rvh-synergie.org\/actualites\/#website\",\"url\":\"https:\/\/rvh-synergie.org\/actualites\/\",\"name\":\"RVH-Synergie.org\",\"description\":\"RVH-Synergie, site ind\u00e9pendant d&#039;informations sur la prise en charge des addictions.\",\"publisher\":{\"@id\":\"https:\/\/rvh-synergie.org\/actualites\/#organization\"},\"potentialAction\":[{\"@type\":\"SearchAction\",\"target\":{\"@type\":\"EntryPoint\",\"urlTemplate\":\"https:\/\/rvh-synergie.org\/actualites\/?s={search_term_string}\"},\"query-input\":{\"@type\":\"PropertyValueSpecification\",\"valueRequired\":true,\"valueName\":\"search_term_string\"}}],\"inLanguage\":\"fr-FR\"},{\"@type\":\"Organization\",\"@id\":\"https:\/\/rvh-synergie.org\/actualites\/#organization\",\"name\":\"RVH-Synergie.org\",\"url\":\"https:\/\/rvh-synergie.org\/actualites\/\",\"logo\":{\"@type\":\"ImageObject\",\"inLanguage\":\"fr-FR\",\"@id\":\"https:\/\/rvh-synergie.org\/actualites\/#\/schema\/logo\/image\/\",\"url\":\"https:\/\/rvh-synergie.org\/actualites\/wp-content\/uploads\/2024\/09\/favicon.png\",\"contentUrl\":\"https:\/\/rvh-synergie.org\/actualites\/wp-content\/uploads\/2024\/09\/favicon.png\",\"width\":512,\"height\":512,\"caption\":\"RVH-Synergie.org\"},\"image\":{\"@id\":\"https:\/\/rvh-synergie.org\/actualites\/#\/schema\/logo\/image\/\"}},{\"@type\":\"Person\",\"@id\":\"https:\/\/rvh-synergie.org\/actualites\/#\/schema\/person\/aa5ea98671fb4e8620f488a0795d2560\",\"name\":\"Charles Martinez\",\"image\":{\"@type\":\"ImageObject\",\"inLanguage\":\"fr-FR\",\"@id\":\"https:\/\/rvh-synergie.org\/actualites\/#\/schema\/person\/image\/\",\"url\":\"https:\/\/rvh-synergie.org\/actualites\/wp-content\/uploads\/2024\/09\/charles-martinez-scaled.jpg\",\"contentUrl\":\"https:\/\/rvh-synergie.org\/actualites\/wp-content\/uploads\/2024\/09\/charles-martinez-scaled.jpg\",\"caption\":\"Charles Martinez\"},\"description\":\"Bonjour, je m'appelle Charles Martinez, r\u00e9dacteur passionn\u00e9 pour le m\u00e9dia RVH-synergie.org, d\u00e9di\u00e9 aux addictions et aux maladies. Depuis plus de dix ans, j'explore et rapporte les histoires poignantes des individus confront\u00e9s \u00e0 ces d\u00e9fis, tout en sensibilisant le public aux traitements novateurs et aux progr\u00e8s scientifiques dans ce domaine. Mon engagement r\u00e9side dans l'espoir de cr\u00e9er une communaut\u00e9 inform\u00e9e et empathique, pr\u00eate \u00e0 soutenir ceux qui luttent contre ces \u00e9preuves.\",\"sameAs\":[\"https:\/\/rvh-synergie.org\/\"]}]}<\/script>\n<!-- \/ Yoast SEO plugin. -->","yoast_head_json":{"title":"Les mod\u00e8les d\u2019IA pr\u00e9disent les risques et le traitement du COVID-19 pour les patients hospitalis\u00e9s - RVH-Synergie.org","robots":{"index":"index","follow":"follow","max-snippet":"max-snippet:-1","max-image-preview":"max-image-preview:large","max-video-preview":"max-video-preview:-1"},"canonical":"https:\/\/rvh-synergie.org\/actualites\/les-modeles-dia-predisent-les-risques-et-le-traitement-du-covid-19-pour-les-patients-hospitalises\/","og_locale":"fr_FR","og_type":"article","og_title":"Les mod\u00e8les d\u2019IA pr\u00e9disent les risques et le traitement du COVID-19 pour les patients hospitalis\u00e9s - RVH-Synergie.org","og_description":"La grippe saisonni\u00e8re, le virus respiratoire syncytial (VRS) et le COVID-19 circulent activement aux \u00c9tats-Unis.","og_url":"https:\/\/rvh-synergie.org\/actualites\/les-modeles-dia-predisent-les-risques-et-le-traitement-du-covid-19-pour-les-patients-hospitalises\/","og_site_name":"RVH-Synergie","article_published_time":"2025-01-24T16:57:48+00:00","article_modified_time":"2025-01-24T16:57:55+00:00","og_image":[{"width":2560,"height":1082,"url":"https:\/\/rvh-synergie.org\/actualites\/wp-content\/uploads\/2025\/01\/1737737868_Les-modeles-dIA-predisent-les-risques-et-le-traitement-du-scaled.jpg","type":"image\/jpeg"}],"author":"Charles Martinez","twitter_card":"summary_large_image","twitter_misc":{"\u00c9crit par":"Charles Martinez","Dur\u00e9e de lecture estim\u00e9e":"6 minutes"},"schema":{"@context":"https:\/\/schema.org","@graph":[{"@type":"Article","@id":"https:\/\/rvh-synergie.org\/actualites\/les-modeles-dia-predisent-les-risques-et-le-traitement-du-covid-19-pour-les-patients-hospitalises\/#article","isPartOf":{"@id":"https:\/\/rvh-synergie.org\/actualites\/les-modeles-dia-predisent-les-risques-et-le-traitement-du-covid-19-pour-les-patients-hospitalises\/"},"author":{"name":"Charles Martinez","@id":"https:\/\/rvh-synergie.org\/actualites\/#\/schema\/person\/aa5ea98671fb4e8620f488a0795d2560"},"headline":"Les mod\u00e8les d\u2019IA pr\u00e9disent les risques et le traitement du COVID-19 pour les patients hospitalis\u00e9s","datePublished":"2025-01-24T16:57:48+00:00","dateModified":"2025-01-24T16:57:55+00:00","mainEntityOfPage":{"@id":"https:\/\/rvh-synergie.org\/actualites\/les-modeles-dia-predisent-les-risques-et-le-traitement-du-covid-19-pour-les-patients-hospitalises\/"},"wordCount":1239,"publisher":{"@id":"https:\/\/rvh-synergie.org\/actualites\/#organization"},"image":{"@id":"https:\/\/rvh-synergie.org\/actualites\/les-modeles-dia-predisent-les-risques-et-le-traitement-du-covid-19-pour-les-patients-hospitalises\/#primaryimage"},"thumbnailUrl":"https:\/\/rvh-synergie.org\/actualites\/wp-content\/uploads\/2025\/01\/1737737868_Les-modeles-dIA-predisent-les-risques-et-le-traitement-du-scaled.jpg","keywords":["COVID19","dIA","hospitalis\u00e9s","Les","mod\u00e8les","patients","pour","pr\u00e9disent","risques","traitement"],"articleSection":["Les maladies"],"inLanguage":"fr-FR"},{"@type":"WebPage","@id":"https:\/\/rvh-synergie.org\/actualites\/les-modeles-dia-predisent-les-risques-et-le-traitement-du-covid-19-pour-les-patients-hospitalises\/","url":"https:\/\/rvh-synergie.org\/actualites\/les-modeles-dia-predisent-les-risques-et-le-traitement-du-covid-19-pour-les-patients-hospitalises\/","name":"Les mod\u00e8les d\u2019IA pr\u00e9disent les risques et le traitement du COVID-19 pour les patients hospitalis\u00e9s - RVH-Synergie.org","isPartOf":{"@id":"https:\/\/rvh-synergie.org\/actualites\/#website"},"primaryImageOfPage":{"@id":"https:\/\/rvh-synergie.org\/actualites\/les-modeles-dia-predisent-les-risques-et-le-traitement-du-covid-19-pour-les-patients-hospitalises\/#primaryimage"},"image":{"@id":"https:\/\/rvh-synergie.org\/actualites\/les-modeles-dia-predisent-les-risques-et-le-traitement-du-covid-19-pour-les-patients-hospitalises\/#primaryimage"},"thumbnailUrl":"https:\/\/rvh-synergie.org\/actualites\/wp-content\/uploads\/2025\/01\/1737737868_Les-modeles-dIA-predisent-les-risques-et-le-traitement-du-scaled.jpg","datePublished":"2025-01-24T16:57:48+00:00","dateModified":"2025-01-24T16:57:55+00:00","breadcrumb":{"@id":"https:\/\/rvh-synergie.org\/actualites\/les-modeles-dia-predisent-les-risques-et-le-traitement-du-covid-19-pour-les-patients-hospitalises\/#breadcrumb"},"inLanguage":"fr-FR","potentialAction":[{"@type":"ReadAction","target":["https:\/\/rvh-synergie.org\/actualites\/les-modeles-dia-predisent-les-risques-et-le-traitement-du-covid-19-pour-les-patients-hospitalises\/"]}]},{"@type":"ImageObject","inLanguage":"fr-FR","@id":"https:\/\/rvh-synergie.org\/actualites\/les-modeles-dia-predisent-les-risques-et-le-traitement-du-covid-19-pour-les-patients-hospitalises\/#primaryimage","url":"https:\/\/rvh-synergie.org\/actualites\/wp-content\/uploads\/2025\/01\/1737737868_Les-modeles-dIA-predisent-les-risques-et-le-traitement-du-scaled.jpg","contentUrl":"https:\/\/rvh-synergie.org\/actualites\/wp-content\/uploads\/2025\/01\/1737737868_Les-modeles-dIA-predisent-les-risques-et-le-traitement-du-scaled.jpg","width":2560,"height":1082,"caption":"Les mod\u00e8les d\u2019IA pr\u00e9disent les risques et le traitement du COVID-19 pour les patients hospitalis\u00e9s"},{"@type":"BreadcrumbList","@id":"https:\/\/rvh-synergie.org\/actualites\/les-modeles-dia-predisent-les-risques-et-le-traitement-du-covid-19-pour-les-patients-hospitalises\/#breadcrumb","itemListElement":[{"@type":"ListItem","position":1,"name":"Accueil","item":"https:\/\/rvh-synergie.org\/actualites\/"},{"@type":"ListItem","position":2,"name":"Les mod\u00e8les d\u2019IA pr\u00e9disent les risques et le traitement du COVID-19 pour les patients hospitalis\u00e9s"}]},{"@type":"WebSite","@id":"https:\/\/rvh-synergie.org\/actualites\/#website","url":"https:\/\/rvh-synergie.org\/actualites\/","name":"RVH-Synergie.org","description":"RVH-Synergie, site ind\u00e9pendant d&#039;informations sur la prise en charge des addictions.","publisher":{"@id":"https:\/\/rvh-synergie.org\/actualites\/#organization"},"potentialAction":[{"@type":"SearchAction","target":{"@type":"EntryPoint","urlTemplate":"https:\/\/rvh-synergie.org\/actualites\/?s={search_term_string}"},"query-input":{"@type":"PropertyValueSpecification","valueRequired":true,"valueName":"search_term_string"}}],"inLanguage":"fr-FR"},{"@type":"Organization","@id":"https:\/\/rvh-synergie.org\/actualites\/#organization","name":"RVH-Synergie.org","url":"https:\/\/rvh-synergie.org\/actualites\/","logo":{"@type":"ImageObject","inLanguage":"fr-FR","@id":"https:\/\/rvh-synergie.org\/actualites\/#\/schema\/logo\/image\/","url":"https:\/\/rvh-synergie.org\/actualites\/wp-content\/uploads\/2024\/09\/favicon.png","contentUrl":"https:\/\/rvh-synergie.org\/actualites\/wp-content\/uploads\/2024\/09\/favicon.png","width":512,"height":512,"caption":"RVH-Synergie.org"},"image":{"@id":"https:\/\/rvh-synergie.org\/actualites\/#\/schema\/logo\/image\/"}},{"@type":"Person","@id":"https:\/\/rvh-synergie.org\/actualites\/#\/schema\/person\/aa5ea98671fb4e8620f488a0795d2560","name":"Charles Martinez","image":{"@type":"ImageObject","inLanguage":"fr-FR","@id":"https:\/\/rvh-synergie.org\/actualites\/#\/schema\/person\/image\/","url":"https:\/\/rvh-synergie.org\/actualites\/wp-content\/uploads\/2024\/09\/charles-martinez-scaled.jpg","contentUrl":"https:\/\/rvh-synergie.org\/actualites\/wp-content\/uploads\/2024\/09\/charles-martinez-scaled.jpg","caption":"Charles Martinez"},"description":"Bonjour, je m'appelle Charles Martinez, r\u00e9dacteur passionn\u00e9 pour le m\u00e9dia RVH-synergie.org, d\u00e9di\u00e9 aux addictions et aux maladies. Depuis plus de dix ans, j'explore et rapporte les histoires poignantes des individus confront\u00e9s \u00e0 ces d\u00e9fis, tout en sensibilisant le public aux traitements novateurs et aux progr\u00e8s scientifiques dans ce domaine. Mon engagement r\u00e9side dans l'espoir de cr\u00e9er une communaut\u00e9 inform\u00e9e et empathique, pr\u00eate \u00e0 soutenir ceux qui luttent contre ces \u00e9preuves.","sameAs":["https:\/\/rvh-synergie.org\/"]}]}},"_links":{"self":[{"href":"https:\/\/rvh-synergie.org\/actualites\/wp-json\/wp\/v2\/posts\/3786","targetHints":{"allow":["GET"]}}],"collection":[{"href":"https:\/\/rvh-synergie.org\/actualites\/wp-json\/wp\/v2\/posts"}],"about":[{"href":"https:\/\/rvh-synergie.org\/actualites\/wp-json\/wp\/v2\/types\/post"}],"author":[{"embeddable":true,"href":"https:\/\/rvh-synergie.org\/actualites\/wp-json\/wp\/v2\/users\/1"}],"replies":[{"embeddable":true,"href":"https:\/\/rvh-synergie.org\/actualites\/wp-json\/wp\/v2\/comments?post=3786"}],"version-history":[{"count":0,"href":"https:\/\/rvh-synergie.org\/actualites\/wp-json\/wp\/v2\/posts\/3786\/revisions"}],"wp:featuredmedia":[{"embeddable":true,"href":"https:\/\/rvh-synergie.org\/actualites\/wp-json\/wp\/v2\/media\/3787"}],"wp:attachment":[{"href":"https:\/\/rvh-synergie.org\/actualites\/wp-json\/wp\/v2\/media?parent=3786"}],"wp:term":[{"taxonomy":"category","embeddable":true,"href":"https:\/\/rvh-synergie.org\/actualites\/wp-json\/wp\/v2\/categories?post=3786"},{"taxonomy":"post_tag","embeddable":true,"href":"https:\/\/rvh-synergie.org\/actualites\/wp-json\/wp\/v2\/tags?post=3786"}],"curies":[{"name":"wp","href":"https:\/\/api.w.org\/{rel}","templated":true}]}}