{"id":3783,"date":"2025-01-24T15:00:59","date_gmt":"2025-01-24T14:00:59","guid":{"rendered":"https:\/\/rvh-synergie.org\/actualites\/lusage-medical-du-cannabis-est-lie-a-une-prevalence-plus-elevee-des-troubles-lies-a-lusage-du-cannabis\/"},"modified":"2025-01-24T15:01:01","modified_gmt":"2025-01-24T14:01:01","slug":"lusage-medical-du-cannabis-est-lie-a-une-prevalence-plus-elevee-des-troubles-lies-a-lusage-du-cannabis","status":"publish","type":"post","link":"https:\/\/rvh-synergie.org\/actualites\/lusage-medical-du-cannabis-est-lie-a-une-prevalence-plus-elevee-des-troubles-lies-a-lusage-du-cannabis\/","title":{"rendered":"L\u2019usage m\u00e9dical du cannabis est li\u00e9 \u00e0 une pr\u00e9valence plus \u00e9lev\u00e9e des troubles li\u00e9s \u00e0 l\u2019usage du cannabis"},"content":{"rendered":"<div>\n<div class=\"article-gallery lightGallery\">\n<div data-thumb=\"https:\/\/scx1.b-cdn.net\/csz\/news\/tmb\/2025\/medical-use-of-cannabi.jpg\" data-src=\"https:\/\/scx2.b-cdn.net\/gfx\/news\/2025\/medical-use-of-cannabi.jpg\" data-sub-html=\"\">\n<figure class=\"article-img\">\n<\/figure><\/div>\n<\/div>\n<p>Selon une lettre de recherche publi\u00e9e en ligne le 22 janvier dans <i>JAMA Psychiatrie<\/i>.<\/p>\n<p>Beth Han, MD, Ph.D., MPH, des National Institutes of Health de Bethesda, dans le Maryland, et ses coll\u00e8gues ont examin\u00e9 les diff\u00e9rences dans la fr\u00e9quence de consommation de cannabis et la pr\u00e9valence du CUD pour l&rsquo;usage m\u00e9dical uniquement et m\u00e9dical non m\u00e9dical par rapport \u00e0 l&rsquo;usage non m\u00e9dical uniquement chez les adultes am\u00e9ricains. \u00e2g\u00e9s de 18 \u00e0 49 ans. L\u2019analyse comprenait les donn\u00e9es de 72\u00a0668 participants aux enqu\u00eates nationales 2021 \u00e0 2022 sur la consommation de drogues et la sant\u00e9.<\/p>\n<p>Les chercheurs ont constat\u00e9 que 29,5 pour cent des personnes interrog\u00e9es ont d\u00e9clar\u00e9 avoir consomm\u00e9 du cannabis au cours de l\u2019ann\u00e9e \u00e9coul\u00e9e\u00a0: 83,7 pour cent pour un usage non m\u00e9dical uniquement, 9,2 pour cent pour un usage m\u00e9dical uniquement et 5,7 pour cent pour un usage m\u00e9dical non m\u00e9dical. Plus d&rsquo;un tiers (34,8 pour cent) souffraient de CUD.<\/p>\n<p>Une pr\u00e9valence ajust\u00e9e plus \u00e9lev\u00e9e de CUD s\u00e9v\u00e8re, mod\u00e9r\u00e9e et l\u00e9g\u00e8re a \u00e9t\u00e9 observ\u00e9e chez les hommes et les femmes \u00e2g\u00e9s de 18 \u00e0 34 ans et chez les hommes \u00e2g\u00e9s de 35 \u00e0 49 ans d\u00e9clarant une utilisation m\u00e9dicale uniquement ou m\u00e9dicale non m\u00e9dicale par rapport \u00e0 ceux d\u00e9clarant une utilisation non m\u00e9dicale uniquement. Les adultes d\u00e9clarant une consommation m\u00e9dicale uniquement ou m\u00e9dicale-non m\u00e9dicale ont consomm\u00e9 plus de jours de cannabis que ceux d\u00e9clarant une consommation non m\u00e9dicale uniquement.<\/p>\n<p>\u00ab\u00a0Les cliniciens devraient prendre en compte le risque de d\u00e9pendance avant de recommander le cannabis m\u00e9dical et, s&rsquo;ils le font, devraient surveiller l&rsquo;\u00e9mergence de CUD\u00a0\u00bb, \u00e9crivent les auteurs.<\/p>\n<p>                                        <!-- print only --><\/p><\/div>\n","protected":false},"excerpt":{"rendered":"<p>Selon une lettre de recherche publi\u00e9e en ligne le 22 janvier dans JAMA Psychiatrie. Beth<\/p>\n","protected":false},"author":1,"featured_media":3784,"comment_status":"closed","ping_status":"","sticky":false,"template":"","format":"standard","meta":{"footnotes":""},"categories":[35],"tags":[392,16,963,223,954,172,173,468,1269,164,47],"class_list":["post-3783","post","type-post","status-publish","format-standard","has-post-thumbnail","hentry","category-les-addictions","tag-cannabis","tag-des","tag-elevee","tag-est","tag-lie","tag-lies","tag-lusage","tag-medical","tag-prevalence","tag-troubles","tag-une","generate-columns","tablet-grid-50","mobile-grid-100","grid-parent","grid-50","resize-featured-image"],"yoast_head":"<!-- This site is optimized with the Yoast SEO plugin v23.4 - https:\/\/yoast.com\/wordpress\/plugins\/seo\/ -->\n<title>L\u2019usage m\u00e9dical du cannabis est li\u00e9 \u00e0 une pr\u00e9valence plus \u00e9lev\u00e9e des troubles li\u00e9s \u00e0 l\u2019usage du cannabis - RVH-Synergie.org<\/title>\n<meta name=\"robots\" content=\"index, follow, max-snippet:-1, max-image-preview:large, max-video-preview:-1\" \/>\n<link rel=\"canonical\" href=\"https:\/\/rvh-synergie.org\/actualites\/lusage-medical-du-cannabis-est-lie-a-une-prevalence-plus-elevee-des-troubles-lies-a-lusage-du-cannabis\/\" \/>\n<meta property=\"og:locale\" content=\"fr_FR\" \/>\n<meta property=\"og:type\" content=\"article\" \/>\n<meta property=\"og:title\" content=\"L\u2019usage m\u00e9dical du cannabis est li\u00e9 \u00e0 une pr\u00e9valence plus \u00e9lev\u00e9e des troubles li\u00e9s \u00e0 l\u2019usage du cannabis - RVH-Synergie.org\" \/>\n<meta property=\"og:description\" content=\"Selon une lettre de recherche publi\u00e9e en ligne le 22 janvier dans JAMA Psychiatrie. Beth\" \/>\n<meta property=\"og:url\" content=\"https:\/\/rvh-synergie.org\/actualites\/lusage-medical-du-cannabis-est-lie-a-une-prevalence-plus-elevee-des-troubles-lies-a-lusage-du-cannabis\/\" \/>\n<meta property=\"og:site_name\" content=\"RVH-Synergie\" \/>\n<meta property=\"article:published_time\" content=\"2025-01-24T14:00:59+00:00\" \/>\n<meta property=\"article:modified_time\" content=\"2025-01-24T14:01:01+00:00\" \/>\n<meta property=\"og:image\" content=\"https:\/\/rvh-synergie.org\/actualites\/wp-content\/uploads\/2025\/01\/1737727259_Lusage-medical-du-cannabis-est-lie-a-une-prevalence-plus.jpg\" \/>\n\t<meta property=\"og:image:width\" content=\"1280\" \/>\n\t<meta property=\"og:image:height\" content=\"853\" \/>\n\t<meta property=\"og:image:type\" content=\"image\/jpeg\" \/>\n<meta name=\"author\" content=\"Charles Martinez\" \/>\n<meta name=\"twitter:card\" content=\"summary_large_image\" \/>\n<meta name=\"twitter:label1\" content=\"\u00c9crit par\" \/>\n\t<meta name=\"twitter:data1\" content=\"Charles Martinez\" \/>\n\t<meta name=\"twitter:label2\" content=\"Dur\u00e9e de lecture estim\u00e9e\" \/>\n\t<meta name=\"twitter:data2\" content=\"1 minute\" \/>\n<script type=\"application\/ld+json\" class=\"yoast-schema-graph\">{\"@context\":\"https:\/\/schema.org\",\"@graph\":[{\"@type\":\"Article\",\"@id\":\"https:\/\/rvh-synergie.org\/actualites\/lusage-medical-du-cannabis-est-lie-a-une-prevalence-plus-elevee-des-troubles-lies-a-lusage-du-cannabis\/#article\",\"isPartOf\":{\"@id\":\"https:\/\/rvh-synergie.org\/actualites\/lusage-medical-du-cannabis-est-lie-a-une-prevalence-plus-elevee-des-troubles-lies-a-lusage-du-cannabis\/\"},\"author\":{\"name\":\"Charles Martinez\",\"@id\":\"https:\/\/rvh-synergie.org\/actualites\/#\/schema\/person\/aa5ea98671fb4e8620f488a0795d2560\"},\"headline\":\"L\u2019usage m\u00e9dical du cannabis est li\u00e9 \u00e0 une pr\u00e9valence plus \u00e9lev\u00e9e des troubles li\u00e9s \u00e0 l\u2019usage du cannabis\",\"datePublished\":\"2025-01-24T14:00:59+00:00\",\"dateModified\":\"2025-01-24T14:01:01+00:00\",\"mainEntityOfPage\":{\"@id\":\"https:\/\/rvh-synergie.org\/actualites\/lusage-medical-du-cannabis-est-lie-a-une-prevalence-plus-elevee-des-troubles-lies-a-lusage-du-cannabis\/\"},\"wordCount\":316,\"publisher\":{\"@id\":\"https:\/\/rvh-synergie.org\/actualites\/#organization\"},\"image\":{\"@id\":\"https:\/\/rvh-synergie.org\/actualites\/lusage-medical-du-cannabis-est-lie-a-une-prevalence-plus-elevee-des-troubles-lies-a-lusage-du-cannabis\/#primaryimage\"},\"thumbnailUrl\":\"https:\/\/rvh-synergie.org\/actualites\/wp-content\/uploads\/2025\/01\/1737727259_Lusage-medical-du-cannabis-est-lie-a-une-prevalence-plus.jpg\",\"keywords\":[\"cannabis\",\"des\",\"\u00e9lev\u00e9e\",\"est\",\"li\u00e9\",\"li\u00e9s\",\"lusage\",\"m\u00e9dical\",\"pr\u00e9valence\",\"troubles\",\"une\"],\"articleSection\":[\"Les addictions\"],\"inLanguage\":\"fr-FR\"},{\"@type\":\"WebPage\",\"@id\":\"https:\/\/rvh-synergie.org\/actualites\/lusage-medical-du-cannabis-est-lie-a-une-prevalence-plus-elevee-des-troubles-lies-a-lusage-du-cannabis\/\",\"url\":\"https:\/\/rvh-synergie.org\/actualites\/lusage-medical-du-cannabis-est-lie-a-une-prevalence-plus-elevee-des-troubles-lies-a-lusage-du-cannabis\/\",\"name\":\"L\u2019usage m\u00e9dical du cannabis est li\u00e9 \u00e0 une pr\u00e9valence plus \u00e9lev\u00e9e des troubles li\u00e9s \u00e0 l\u2019usage du cannabis - RVH-Synergie.org\",\"isPartOf\":{\"@id\":\"https:\/\/rvh-synergie.org\/actualites\/#website\"},\"primaryImageOfPage\":{\"@id\":\"https:\/\/rvh-synergie.org\/actualites\/lusage-medical-du-cannabis-est-lie-a-une-prevalence-plus-elevee-des-troubles-lies-a-lusage-du-cannabis\/#primaryimage\"},\"image\":{\"@id\":\"https:\/\/rvh-synergie.org\/actualites\/lusage-medical-du-cannabis-est-lie-a-une-prevalence-plus-elevee-des-troubles-lies-a-lusage-du-cannabis\/#primaryimage\"},\"thumbnailUrl\":\"https:\/\/rvh-synergie.org\/actualites\/wp-content\/uploads\/2025\/01\/1737727259_Lusage-medical-du-cannabis-est-lie-a-une-prevalence-plus.jpg\",\"datePublished\":\"2025-01-24T14:00:59+00:00\",\"dateModified\":\"2025-01-24T14:01:01+00:00\",\"breadcrumb\":{\"@id\":\"https:\/\/rvh-synergie.org\/actualites\/lusage-medical-du-cannabis-est-lie-a-une-prevalence-plus-elevee-des-troubles-lies-a-lusage-du-cannabis\/#breadcrumb\"},\"inLanguage\":\"fr-FR\",\"potentialAction\":[{\"@type\":\"ReadAction\",\"target\":[\"https:\/\/rvh-synergie.org\/actualites\/lusage-medical-du-cannabis-est-lie-a-une-prevalence-plus-elevee-des-troubles-lies-a-lusage-du-cannabis\/\"]}]},{\"@type\":\"ImageObject\",\"inLanguage\":\"fr-FR\",\"@id\":\"https:\/\/rvh-synergie.org\/actualites\/lusage-medical-du-cannabis-est-lie-a-une-prevalence-plus-elevee-des-troubles-lies-a-lusage-du-cannabis\/#primaryimage\",\"url\":\"https:\/\/rvh-synergie.org\/actualites\/wp-content\/uploads\/2025\/01\/1737727259_Lusage-medical-du-cannabis-est-lie-a-une-prevalence-plus.jpg\",\"contentUrl\":\"https:\/\/rvh-synergie.org\/actualites\/wp-content\/uploads\/2025\/01\/1737727259_Lusage-medical-du-cannabis-est-lie-a-une-prevalence-plus.jpg\",\"width\":1280,\"height\":853,\"caption\":\"L\u2019usage m\u00e9dical du cannabis est li\u00e9 \u00e0 une pr\u00e9valence plus \u00e9lev\u00e9e des troubles li\u00e9s \u00e0 l\u2019usage du cannabis\"},{\"@type\":\"BreadcrumbList\",\"@id\":\"https:\/\/rvh-synergie.org\/actualites\/lusage-medical-du-cannabis-est-lie-a-une-prevalence-plus-elevee-des-troubles-lies-a-lusage-du-cannabis\/#breadcrumb\",\"itemListElement\":[{\"@type\":\"ListItem\",\"position\":1,\"name\":\"Accueil\",\"item\":\"https:\/\/rvh-synergie.org\/actualites\/\"},{\"@type\":\"ListItem\",\"position\":2,\"name\":\"L\u2019usage m\u00e9dical du cannabis est li\u00e9 \u00e0 une pr\u00e9valence plus \u00e9lev\u00e9e des troubles li\u00e9s \u00e0 l\u2019usage du cannabis\"}]},{\"@type\":\"WebSite\",\"@id\":\"https:\/\/rvh-synergie.org\/actualites\/#website\",\"url\":\"https:\/\/rvh-synergie.org\/actualites\/\",\"name\":\"RVH-Synergie.org\",\"description\":\"RVH-Synergie, site ind\u00e9pendant d&#039;informations sur la prise en charge des addictions.\",\"publisher\":{\"@id\":\"https:\/\/rvh-synergie.org\/actualites\/#organization\"},\"potentialAction\":[{\"@type\":\"SearchAction\",\"target\":{\"@type\":\"EntryPoint\",\"urlTemplate\":\"https:\/\/rvh-synergie.org\/actualites\/?s={search_term_string}\"},\"query-input\":{\"@type\":\"PropertyValueSpecification\",\"valueRequired\":true,\"valueName\":\"search_term_string\"}}],\"inLanguage\":\"fr-FR\"},{\"@type\":\"Organization\",\"@id\":\"https:\/\/rvh-synergie.org\/actualites\/#organization\",\"name\":\"RVH-Synergie.org\",\"url\":\"https:\/\/rvh-synergie.org\/actualites\/\",\"logo\":{\"@type\":\"ImageObject\",\"inLanguage\":\"fr-FR\",\"@id\":\"https:\/\/rvh-synergie.org\/actualites\/#\/schema\/logo\/image\/\",\"url\":\"https:\/\/rvh-synergie.org\/actualites\/wp-content\/uploads\/2024\/09\/favicon.png\",\"contentUrl\":\"https:\/\/rvh-synergie.org\/actualites\/wp-content\/uploads\/2024\/09\/favicon.png\",\"width\":512,\"height\":512,\"caption\":\"RVH-Synergie.org\"},\"image\":{\"@id\":\"https:\/\/rvh-synergie.org\/actualites\/#\/schema\/logo\/image\/\"}},{\"@type\":\"Person\",\"@id\":\"https:\/\/rvh-synergie.org\/actualites\/#\/schema\/person\/aa5ea98671fb4e8620f488a0795d2560\",\"name\":\"Charles Martinez\",\"image\":{\"@type\":\"ImageObject\",\"inLanguage\":\"fr-FR\",\"@id\":\"https:\/\/rvh-synergie.org\/actualites\/#\/schema\/person\/image\/\",\"url\":\"https:\/\/rvh-synergie.org\/actualites\/wp-content\/uploads\/2024\/09\/charles-martinez-scaled.jpg\",\"contentUrl\":\"https:\/\/rvh-synergie.org\/actualites\/wp-content\/uploads\/2024\/09\/charles-martinez-scaled.jpg\",\"caption\":\"Charles Martinez\"},\"description\":\"Bonjour, je m'appelle Charles Martinez, r\u00e9dacteur passionn\u00e9 pour le m\u00e9dia RVH-synergie.org, d\u00e9di\u00e9 aux addictions et aux maladies. Depuis plus de dix ans, j'explore et rapporte les histoires poignantes des individus confront\u00e9s \u00e0 ces d\u00e9fis, tout en sensibilisant le public aux traitements novateurs et aux progr\u00e8s scientifiques dans ce domaine. Mon engagement r\u00e9side dans l'espoir de cr\u00e9er une communaut\u00e9 inform\u00e9e et empathique, pr\u00eate \u00e0 soutenir ceux qui luttent contre ces \u00e9preuves.\",\"sameAs\":[\"https:\/\/rvh-synergie.org\/\"]}]}<\/script>\n<!-- \/ Yoast SEO plugin. -->","yoast_head_json":{"title":"L\u2019usage m\u00e9dical du cannabis est li\u00e9 \u00e0 une pr\u00e9valence plus \u00e9lev\u00e9e des troubles li\u00e9s \u00e0 l\u2019usage du cannabis - RVH-Synergie.org","robots":{"index":"index","follow":"follow","max-snippet":"max-snippet:-1","max-image-preview":"max-image-preview:large","max-video-preview":"max-video-preview:-1"},"canonical":"https:\/\/rvh-synergie.org\/actualites\/lusage-medical-du-cannabis-est-lie-a-une-prevalence-plus-elevee-des-troubles-lies-a-lusage-du-cannabis\/","og_locale":"fr_FR","og_type":"article","og_title":"L\u2019usage m\u00e9dical du cannabis est li\u00e9 \u00e0 une pr\u00e9valence plus \u00e9lev\u00e9e des troubles li\u00e9s \u00e0 l\u2019usage du cannabis - RVH-Synergie.org","og_description":"Selon une lettre de recherche publi\u00e9e en ligne le 22 janvier dans JAMA Psychiatrie. Beth","og_url":"https:\/\/rvh-synergie.org\/actualites\/lusage-medical-du-cannabis-est-lie-a-une-prevalence-plus-elevee-des-troubles-lies-a-lusage-du-cannabis\/","og_site_name":"RVH-Synergie","article_published_time":"2025-01-24T14:00:59+00:00","article_modified_time":"2025-01-24T14:01:01+00:00","og_image":[{"width":1280,"height":853,"url":"https:\/\/rvh-synergie.org\/actualites\/wp-content\/uploads\/2025\/01\/1737727259_Lusage-medical-du-cannabis-est-lie-a-une-prevalence-plus.jpg","type":"image\/jpeg"}],"author":"Charles Martinez","twitter_card":"summary_large_image","twitter_misc":{"\u00c9crit par":"Charles Martinez","Dur\u00e9e de lecture estim\u00e9e":"1 minute"},"schema":{"@context":"https:\/\/schema.org","@graph":[{"@type":"Article","@id":"https:\/\/rvh-synergie.org\/actualites\/lusage-medical-du-cannabis-est-lie-a-une-prevalence-plus-elevee-des-troubles-lies-a-lusage-du-cannabis\/#article","isPartOf":{"@id":"https:\/\/rvh-synergie.org\/actualites\/lusage-medical-du-cannabis-est-lie-a-une-prevalence-plus-elevee-des-troubles-lies-a-lusage-du-cannabis\/"},"author":{"name":"Charles Martinez","@id":"https:\/\/rvh-synergie.org\/actualites\/#\/schema\/person\/aa5ea98671fb4e8620f488a0795d2560"},"headline":"L\u2019usage m\u00e9dical du cannabis est li\u00e9 \u00e0 une pr\u00e9valence plus \u00e9lev\u00e9e des troubles li\u00e9s \u00e0 l\u2019usage du cannabis","datePublished":"2025-01-24T14:00:59+00:00","dateModified":"2025-01-24T14:01:01+00:00","mainEntityOfPage":{"@id":"https:\/\/rvh-synergie.org\/actualites\/lusage-medical-du-cannabis-est-lie-a-une-prevalence-plus-elevee-des-troubles-lies-a-lusage-du-cannabis\/"},"wordCount":316,"publisher":{"@id":"https:\/\/rvh-synergie.org\/actualites\/#organization"},"image":{"@id":"https:\/\/rvh-synergie.org\/actualites\/lusage-medical-du-cannabis-est-lie-a-une-prevalence-plus-elevee-des-troubles-lies-a-lusage-du-cannabis\/#primaryimage"},"thumbnailUrl":"https:\/\/rvh-synergie.org\/actualites\/wp-content\/uploads\/2025\/01\/1737727259_Lusage-medical-du-cannabis-est-lie-a-une-prevalence-plus.jpg","keywords":["cannabis","des","\u00e9lev\u00e9e","est","li\u00e9","li\u00e9s","lusage","m\u00e9dical","pr\u00e9valence","troubles","une"],"articleSection":["Les addictions"],"inLanguage":"fr-FR"},{"@type":"WebPage","@id":"https:\/\/rvh-synergie.org\/actualites\/lusage-medical-du-cannabis-est-lie-a-une-prevalence-plus-elevee-des-troubles-lies-a-lusage-du-cannabis\/","url":"https:\/\/rvh-synergie.org\/actualites\/lusage-medical-du-cannabis-est-lie-a-une-prevalence-plus-elevee-des-troubles-lies-a-lusage-du-cannabis\/","name":"L\u2019usage m\u00e9dical du cannabis est li\u00e9 \u00e0 une pr\u00e9valence plus \u00e9lev\u00e9e des troubles li\u00e9s \u00e0 l\u2019usage du cannabis - RVH-Synergie.org","isPartOf":{"@id":"https:\/\/rvh-synergie.org\/actualites\/#website"},"primaryImageOfPage":{"@id":"https:\/\/rvh-synergie.org\/actualites\/lusage-medical-du-cannabis-est-lie-a-une-prevalence-plus-elevee-des-troubles-lies-a-lusage-du-cannabis\/#primaryimage"},"image":{"@id":"https:\/\/rvh-synergie.org\/actualites\/lusage-medical-du-cannabis-est-lie-a-une-prevalence-plus-elevee-des-troubles-lies-a-lusage-du-cannabis\/#primaryimage"},"thumbnailUrl":"https:\/\/rvh-synergie.org\/actualites\/wp-content\/uploads\/2025\/01\/1737727259_Lusage-medical-du-cannabis-est-lie-a-une-prevalence-plus.jpg","datePublished":"2025-01-24T14:00:59+00:00","dateModified":"2025-01-24T14:01:01+00:00","breadcrumb":{"@id":"https:\/\/rvh-synergie.org\/actualites\/lusage-medical-du-cannabis-est-lie-a-une-prevalence-plus-elevee-des-troubles-lies-a-lusage-du-cannabis\/#breadcrumb"},"inLanguage":"fr-FR","potentialAction":[{"@type":"ReadAction","target":["https:\/\/rvh-synergie.org\/actualites\/lusage-medical-du-cannabis-est-lie-a-une-prevalence-plus-elevee-des-troubles-lies-a-lusage-du-cannabis\/"]}]},{"@type":"ImageObject","inLanguage":"fr-FR","@id":"https:\/\/rvh-synergie.org\/actualites\/lusage-medical-du-cannabis-est-lie-a-une-prevalence-plus-elevee-des-troubles-lies-a-lusage-du-cannabis\/#primaryimage","url":"https:\/\/rvh-synergie.org\/actualites\/wp-content\/uploads\/2025\/01\/1737727259_Lusage-medical-du-cannabis-est-lie-a-une-prevalence-plus.jpg","contentUrl":"https:\/\/rvh-synergie.org\/actualites\/wp-content\/uploads\/2025\/01\/1737727259_Lusage-medical-du-cannabis-est-lie-a-une-prevalence-plus.jpg","width":1280,"height":853,"caption":"L\u2019usage m\u00e9dical du cannabis est li\u00e9 \u00e0 une pr\u00e9valence plus \u00e9lev\u00e9e des troubles li\u00e9s \u00e0 l\u2019usage du cannabis"},{"@type":"BreadcrumbList","@id":"https:\/\/rvh-synergie.org\/actualites\/lusage-medical-du-cannabis-est-lie-a-une-prevalence-plus-elevee-des-troubles-lies-a-lusage-du-cannabis\/#breadcrumb","itemListElement":[{"@type":"ListItem","position":1,"name":"Accueil","item":"https:\/\/rvh-synergie.org\/actualites\/"},{"@type":"ListItem","position":2,"name":"L\u2019usage m\u00e9dical du cannabis est li\u00e9 \u00e0 une pr\u00e9valence plus \u00e9lev\u00e9e des troubles li\u00e9s \u00e0 l\u2019usage du cannabis"}]},{"@type":"WebSite","@id":"https:\/\/rvh-synergie.org\/actualites\/#website","url":"https:\/\/rvh-synergie.org\/actualites\/","name":"RVH-Synergie.org","description":"RVH-Synergie, site ind\u00e9pendant d&#039;informations sur la prise en charge des addictions.","publisher":{"@id":"https:\/\/rvh-synergie.org\/actualites\/#organization"},"potentialAction":[{"@type":"SearchAction","target":{"@type":"EntryPoint","urlTemplate":"https:\/\/rvh-synergie.org\/actualites\/?s={search_term_string}"},"query-input":{"@type":"PropertyValueSpecification","valueRequired":true,"valueName":"search_term_string"}}],"inLanguage":"fr-FR"},{"@type":"Organization","@id":"https:\/\/rvh-synergie.org\/actualites\/#organization","name":"RVH-Synergie.org","url":"https:\/\/rvh-synergie.org\/actualites\/","logo":{"@type":"ImageObject","inLanguage":"fr-FR","@id":"https:\/\/rvh-synergie.org\/actualites\/#\/schema\/logo\/image\/","url":"https:\/\/rvh-synergie.org\/actualites\/wp-content\/uploads\/2024\/09\/favicon.png","contentUrl":"https:\/\/rvh-synergie.org\/actualites\/wp-content\/uploads\/2024\/09\/favicon.png","width":512,"height":512,"caption":"RVH-Synergie.org"},"image":{"@id":"https:\/\/rvh-synergie.org\/actualites\/#\/schema\/logo\/image\/"}},{"@type":"Person","@id":"https:\/\/rvh-synergie.org\/actualites\/#\/schema\/person\/aa5ea98671fb4e8620f488a0795d2560","name":"Charles Martinez","image":{"@type":"ImageObject","inLanguage":"fr-FR","@id":"https:\/\/rvh-synergie.org\/actualites\/#\/schema\/person\/image\/","url":"https:\/\/rvh-synergie.org\/actualites\/wp-content\/uploads\/2024\/09\/charles-martinez-scaled.jpg","contentUrl":"https:\/\/rvh-synergie.org\/actualites\/wp-content\/uploads\/2024\/09\/charles-martinez-scaled.jpg","caption":"Charles Martinez"},"description":"Bonjour, je m'appelle Charles Martinez, r\u00e9dacteur passionn\u00e9 pour le m\u00e9dia RVH-synergie.org, d\u00e9di\u00e9 aux addictions et aux maladies. Depuis plus de dix ans, j'explore et rapporte les histoires poignantes des individus confront\u00e9s \u00e0 ces d\u00e9fis, tout en sensibilisant le public aux traitements novateurs et aux progr\u00e8s scientifiques dans ce domaine. Mon engagement r\u00e9side dans l'espoir de cr\u00e9er une communaut\u00e9 inform\u00e9e et empathique, pr\u00eate \u00e0 soutenir ceux qui luttent contre ces \u00e9preuves.","sameAs":["https:\/\/rvh-synergie.org\/"]}]}},"_links":{"self":[{"href":"https:\/\/rvh-synergie.org\/actualites\/wp-json\/wp\/v2\/posts\/3783","targetHints":{"allow":["GET"]}}],"collection":[{"href":"https:\/\/rvh-synergie.org\/actualites\/wp-json\/wp\/v2\/posts"}],"about":[{"href":"https:\/\/rvh-synergie.org\/actualites\/wp-json\/wp\/v2\/types\/post"}],"author":[{"embeddable":true,"href":"https:\/\/rvh-synergie.org\/actualites\/wp-json\/wp\/v2\/users\/1"}],"replies":[{"embeddable":true,"href":"https:\/\/rvh-synergie.org\/actualites\/wp-json\/wp\/v2\/comments?post=3783"}],"version-history":[{"count":0,"href":"https:\/\/rvh-synergie.org\/actualites\/wp-json\/wp\/v2\/posts\/3783\/revisions"}],"wp:featuredmedia":[{"embeddable":true,"href":"https:\/\/rvh-synergie.org\/actualites\/wp-json\/wp\/v2\/media\/3784"}],"wp:attachment":[{"href":"https:\/\/rvh-synergie.org\/actualites\/wp-json\/wp\/v2\/media?parent=3783"}],"wp:term":[{"taxonomy":"category","embeddable":true,"href":"https:\/\/rvh-synergie.org\/actualites\/wp-json\/wp\/v2\/categories?post=3783"},{"taxonomy":"post_tag","embeddable":true,"href":"https:\/\/rvh-synergie.org\/actualites\/wp-json\/wp\/v2\/tags?post=3783"}],"curies":[{"name":"wp","href":"https:\/\/api.w.org\/{rel}","templated":true}]}}