{"id":3763,"date":"2025-01-24T01:56:56","date_gmt":"2025-01-24T00:56:56","guid":{"rendered":"https:\/\/rvh-synergie.org\/actualites\/les-patients-atteints-de-covid-19-atteints-de-fibrose-pulmonaire-presentent-une-amelioration-pulmonaire-inattendue\/"},"modified":"2025-01-24T01:56:58","modified_gmt":"2025-01-24T00:56:58","slug":"les-patients-atteints-de-covid-19-atteints-de-fibrose-pulmonaire-presentent-une-amelioration-pulmonaire-inattendue","status":"publish","type":"post","link":"https:\/\/rvh-synergie.org\/actualites\/les-patients-atteints-de-covid-19-atteints-de-fibrose-pulmonaire-presentent-une-amelioration-pulmonaire-inattendue\/","title":{"rendered":"Les patients atteints de Covid-19 atteints de fibrose pulmonaire pr\u00e9sentent une am\u00e9lioration pulmonaire inattendue"},"content":{"rendered":"<div>\n<div class=\"article-gallery lightGallery\">\n<div data-thumb=\"https:\/\/scx1.b-cdn.net\/csz\/news\/tmb\/2025\/surprisingly-pulmonary.jpg\" data-src=\"https:\/\/scx2.b-cdn.net\/gfx\/news\/hires\/2025\/surprisingly-pulmonary.jpg\" data-sub-html=\"Graphical abstract. Credit: &lt;i&gt;American Journal of Physiology-Cell Physiology&lt;\/i&gt; (2024). DOI: 10.1152\/ajpcell.00528.2024\">\n<figure class=\"article-img\">\n<\/figure><\/div>\n<\/div>\n<p>La fibrose pulmonaire est une maladie chronique rare qui provoque des cicatrices dans les poumons, ce qui rend la respiration difficile pour les personnes qui en souffrent. Et, comme le Dr Jose Herazo-Maya de l&rsquo;Universit\u00e9 de Floride du Sud, le Dr Jose Herazo-Maya le sait trop bien, il est g\u00e9n\u00e9ralement irr\u00e9versible.<\/p>\n<p>Mais lorsque Herazo-Maya, directeur du Ubben Center for Pulmonary Fibrose Research et professeur agr\u00e9g\u00e9 au USF Health Morsani College of Medicine, a commenc\u00e9 \u00e0 \u00e9tudier les patients qui ont d\u00e9velopp\u00e9 une fibrose pulmonaire apr\u00e8s avoir contract\u00e9 des cas graves de Covid-19, lui et son \u00e9quipe de recherche ont remarqu\u00e9 quelque chose d&rsquo;\u00e9trange.<\/p>\n<p>Les poumons des patients se sont am\u00e9lior\u00e9s.<\/p>\n<p>\u00ab\u00a0L&rsquo;importance de cette constatation est que la fibrose pulmonaire apr\u00e8s Covid-19 a tendance \u00e0 r\u00e9soudre, tandis que dans la fibrose pulmonaire idiopathique (IPF), il progresse toujours\u00a0\u00bb, a d\u00e9clar\u00e9 Herazo-Maya. \u00ab\u00a0Nous devons d\u00e9couvrir les facteurs associ\u00e9s \u00e0 la r\u00e9solution de la fibrose pulmonaire et l&rsquo;appliquer \u00e0 des formes non r\u00e9solues de fibrose pulmonaire.\u00a0\u00bb<\/p>\n<p>Les conclusions de l&rsquo;\u00e9quipe sont publi\u00e9es sur papier ce mois-ci dans le <i>Journal am\u00e9ricain de physiologie de la physiologie<\/i> Dans un article intitul\u00e9 \u00ab\u00a0Aberrations immunitaires convergentes et divergentes dans la maladie pulmonaire Covid-19, post-avide-19 et interstitielle et fibrose pulmonaire idiopathique.\u00a0\u00bb Herazo-Maya est l&rsquo;auteur principal.<\/p>\n<p>Une question cl\u00e9 est de savoir si les chercheurs peuvent appliquer ce qu&rsquo;ils ont appris de ces patients Covid-19 aux patients qui ont une FPI, la forme la plus courante de fibrose pulmonaire.<\/p>\n<p>Herazo-Maya pense qu&rsquo;ils le peuvent, et il \u00e9tudie les effets de la covide s\u00e9v\u00e8re sur les personnes qui ont ensuite d\u00e9velopp\u00e9 une fibrose pulmonaire et appliquer ces connaissances pour d\u00e9velopper de nouveaux traitements pour am\u00e9liorer la survie chez les patients atteints des deux conditions.<\/p>\n<p>Depuis le d\u00e9but de Covid-19, Herazo-Maya et son \u00e9quipe ont \u00e9tudi\u00e9 les similitudes entre des niveaux anormaux de g\u00e8nes dans le sang des patients atteints de FPI et Covid. Ces nouvelles r\u00e9sultats s&rsquo;appuient sur la compr\u00e9hension ant\u00e9rieure des scientifiques en abordant l&rsquo;identification des cellules immunitaires o\u00f9 les g\u00e8nes sont activ\u00e9s ou d\u00e9sactiv\u00e9s et leur relation dans les deux maladies.<\/p>\n<p>\u00ab\u00a0Dans le pr\u00e9sent manuscrit, qui est un suivi de notre travail initial, nous voulions \u00e9tudier l&rsquo;origine cellulaire de ces g\u00e8nes dans Covid-19 et IPF\u00a0\u00bb, a d\u00e9clar\u00e9 Herazo-Maya. \u00ab\u00a0Cette fois, nous avons \u00e9galement \u00e9tudi\u00e9 les patients atteints de maladie pulmonaire post-1 apr\u00e8s 19 ans &#8211; c&rsquo;est-\u00e0-dire une fibrose pulmonaire qui se produit \u00e0 la suite de Covid-19. Pour atteindre cet objectif, nous avons utilis\u00e9 le s\u00e9quen\u00e7age d&rsquo;ARN unique, une nouvelle technique Cela nous permet d&rsquo;\u00e9tudier l&rsquo;ensemble du g\u00e9nome humain dans chaque seule cellule de patients. \u00ab\u00a0<\/p>\n<p>Les nouvelles r\u00e9sultats d\u00e9crivent comment certains g\u00e8nes des monocytes &#8211; les cellules sanguines blanches dans le syst\u00e8me immunitaire &#8211; suppression de l&rsquo;orchestration des cellules T dans le sang, entra\u00eenant un risque accru de d\u00e9c\u00e8s dans le Covid-19. L&rsquo;\u00e9tude impliquait une cellule suppresseur appel\u00e9e 7-GENE-MDSC &#8211; RECHERCHE pour les cellules suppressives d\u00e9riv\u00e9es des my\u00e9lo\u00efdes monocytaires.<\/p>\n<p>\u00ab\u00a0Cela signifie que le 7-GENE-MD-MDSC est associ\u00e9 \u00e0 un risque accru de mortalit\u00e9 Covid-19, mais si vous survivez \u00e0 Covid-19 s\u00e9v\u00e8re et finissez par avoir une fibrose pulmonaire en cons\u00e9quence, la fibrose pulmonaire est auto-limit\u00e9e et Pas progressif \u00ab\u00a0, a d\u00e9clar\u00e9 l&rsquo;auteur principal, Bochra Tourki, membre de l&rsquo;\u00e9quipe de Herazo-Maya. \u00ab\u00a0Nous pensons que cela est d\u00fb \u00e0 la disparition du 7-Gene-MD-MDSC et \u00e0 la r\u00e9surgence des r\u00e9ponses des cellules T.\u00a0\u00bb<\/p>\n<p>Les cellules T sont un type de globules blancs qui aident le syst\u00e8me immunitaire \u00e0 lutter contre les germes et \u00e0 \u00e9carter la maladie. Mais pourquoi la fibrose pulmonaire dans le post-avide-19 a-t-elle tendance \u00e0 r\u00e9soudre pendant qu&rsquo;elle progresse chez les personnes atteintes d&rsquo;IPF qui ne sont pas malades de Covid-19?<\/p>\n<p>\u00ab\u00a0Les deux maladies sont caus\u00e9es par une blessure aux cellules \u00e9pith\u00e9liales alv\u00e9olaires dans les poumons\u00a0\u00bb, a expliqu\u00e9 Herazo-Maya. \u00ab\u00a0Dans le cas de Covid-19, la blessure est virale et aigu\u00eb et dans le cas de l&rsquo;IPF, la blessure est inconnue mais r\u00e9p\u00e9titive et chronique &#8211; donc cela peut expliquer les diff\u00e9rents mod\u00e8les de progression de la fibrose pulmonaire. Ce que nous avons trouv\u00e9 dans cette \u00e9tude \u00e9tait Les \u00e9l\u00e9ments immunitaires cl\u00e9s (cellules et g\u00e8nes) qui peuvent expliquer la r\u00e9solution par rapport \u00e0 la progression de la fibrose pulmonaire. \u00ab\u00a0<\/p>\n<p>L&rsquo;IPF affecte le tissu entourant les sacs d&rsquo;air, ou alv\u00e9oles, dans les poumons. Cette condition se d\u00e9veloppe lorsque le tissu pulmonaire devient \u00e9pais et raide pour des raisons encore inconnues et conduit \u00e0 la cicatrisation pulmonaire irr\u00e9versible qui rend la respiration difficile.<\/p>\n<p>La nouvelle recherche est un suivi des travaux ant\u00e9rieurs de Herazo-Maya dans l&rsquo;entra\u00eenement des g\u00e8nes pour pr\u00e9dire les r\u00e9sultats de la fibrose pulmonaire. L&rsquo;objectif principal de ses recherches en cours est d&rsquo;identifier les g\u00e8nes qui pr\u00e9disent les r\u00e9sultats pour les personnes atteintes de fibrose pulmonaire, car en ciblant ces g\u00e8nes, les chercheurs pourraient \u00eatre en mesure de d\u00e9velopper de nouveaux traitements pour aider \u00e0 am\u00e9liorer les taux de survie.<\/p>\n<p>\u00ab\u00a0Nous pensons que l&rsquo;opportunit\u00e9 est de moduler l&rsquo;expression des g\u00e8nes identifi\u00e9s dans cette \u00e9tude comme un moyen de traiter la fibrose pulmonaire COVID-19, post-19, post-19,\u00a0\u00bb, a-t-il d\u00e9clar\u00e9.<\/p>\n<p>Cela soul\u00e8ve la possibilit\u00e9 que le blocage de l&rsquo;expression des g\u00e8nes dans les monocytes ou l&rsquo;augmentation de l&rsquo;expression de certains g\u00e8nes dans les cellules T peut transformer une maladie qui progresse toujours en une forme de fibrose pulmonaire qui peut \u00eatre trait\u00e9e.<\/p>\n<p>\u00ab\u00a0\u00c0 l&rsquo;avenir\u00a0\u00bb, a d\u00e9clar\u00e9 Herazo-Maya, \u00ab\u00a0des strat\u00e9gies visant \u00e0 moduler les cellules qui provoquent le changement de ces g\u00e8nes peuvent conduire \u00e0 de nouvelles th\u00e9rapies qui pourraient am\u00e9liorer la survie de Covid-19.\u00a0\u00bb<\/p>\n<p>                                        <!-- print only --><\/p><\/div>\n","protected":false},"excerpt":{"rendered":"<p>La fibrose pulmonaire est une maladie chronique rare qui provoque des cicatrices dans les poumons,<\/p>\n","protected":false},"author":1,"featured_media":3764,"comment_status":"closed","ping_status":"","sticky":false,"template":"","format":"standard","meta":{"footnotes":""},"categories":[86],"tags":[3660,282,561,654,3661,49,616,104,2276,47],"class_list":["post-3763","post","type-post","status-publish","format-standard","has-post-thumbnail","hentry","category-les-maladies","tag-amelioration","tag-atteints","tag-covid19","tag-fibrose","tag-inattendue","tag-les","tag-patients","tag-presentent","tag-pulmonaire","tag-une","generate-columns","tablet-grid-50","mobile-grid-100","grid-parent","grid-50","resize-featured-image"],"yoast_head":"<!-- This site is optimized with the Yoast SEO plugin v23.4 - https:\/\/yoast.com\/wordpress\/plugins\/seo\/ -->\n<title>Les patients atteints de Covid-19 atteints de fibrose pulmonaire pr\u00e9sentent une am\u00e9lioration pulmonaire inattendue - RVH-Synergie.org<\/title>\n<meta name=\"robots\" content=\"index, follow, max-snippet:-1, max-image-preview:large, max-video-preview:-1\" \/>\n<link rel=\"canonical\" href=\"https:\/\/rvh-synergie.org\/actualites\/les-patients-atteints-de-covid-19-atteints-de-fibrose-pulmonaire-presentent-une-amelioration-pulmonaire-inattendue\/\" \/>\n<meta property=\"og:locale\" content=\"fr_FR\" \/>\n<meta property=\"og:type\" content=\"article\" \/>\n<meta property=\"og:title\" content=\"Les patients atteints de Covid-19 atteints de fibrose pulmonaire pr\u00e9sentent une am\u00e9lioration pulmonaire inattendue - RVH-Synergie.org\" \/>\n<meta property=\"og:description\" content=\"La fibrose pulmonaire est une maladie chronique rare qui provoque des cicatrices dans les poumons,\" \/>\n<meta property=\"og:url\" content=\"https:\/\/rvh-synergie.org\/actualites\/les-patients-atteints-de-covid-19-atteints-de-fibrose-pulmonaire-presentent-une-amelioration-pulmonaire-inattendue\/\" \/>\n<meta property=\"og:site_name\" content=\"RVH-Synergie\" \/>\n<meta property=\"article:published_time\" content=\"2025-01-24T00:56:56+00:00\" \/>\n<meta property=\"article:modified_time\" content=\"2025-01-24T00:56:58+00:00\" \/>\n<meta property=\"og:image\" content=\"https:\/\/rvh-synergie.org\/actualites\/wp-content\/uploads\/2025\/01\/1737680216_Les-patients-atteints-de-Covid-19-atteints-de-fibrose-pulmonaire-presentent.jpg\" \/>\n\t<meta property=\"og:image:width\" content=\"1280\" \/>\n\t<meta property=\"og:image:height\" content=\"960\" \/>\n\t<meta property=\"og:image:type\" content=\"image\/jpeg\" \/>\n<meta name=\"author\" content=\"Charles Martinez\" \/>\n<meta name=\"twitter:card\" content=\"summary_large_image\" \/>\n<meta name=\"twitter:label1\" content=\"\u00c9crit par\" \/>\n\t<meta name=\"twitter:data1\" content=\"Charles Martinez\" \/>\n\t<meta name=\"twitter:label2\" content=\"Dur\u00e9e de lecture estim\u00e9e\" \/>\n\t<meta name=\"twitter:data2\" content=\"5 minutes\" \/>\n<script type=\"application\/ld+json\" class=\"yoast-schema-graph\">{\"@context\":\"https:\/\/schema.org\",\"@graph\":[{\"@type\":\"Article\",\"@id\":\"https:\/\/rvh-synergie.org\/actualites\/les-patients-atteints-de-covid-19-atteints-de-fibrose-pulmonaire-presentent-une-amelioration-pulmonaire-inattendue\/#article\",\"isPartOf\":{\"@id\":\"https:\/\/rvh-synergie.org\/actualites\/les-patients-atteints-de-covid-19-atteints-de-fibrose-pulmonaire-presentent-une-amelioration-pulmonaire-inattendue\/\"},\"author\":{\"name\":\"Charles Martinez\",\"@id\":\"https:\/\/rvh-synergie.org\/actualites\/#\/schema\/person\/aa5ea98671fb4e8620f488a0795d2560\"},\"headline\":\"Les patients atteints de Covid-19 atteints de fibrose pulmonaire pr\u00e9sentent une am\u00e9lioration pulmonaire inattendue\",\"datePublished\":\"2025-01-24T00:56:56+00:00\",\"dateModified\":\"2025-01-24T00:56:58+00:00\",\"mainEntityOfPage\":{\"@id\":\"https:\/\/rvh-synergie.org\/actualites\/les-patients-atteints-de-covid-19-atteints-de-fibrose-pulmonaire-presentent-une-amelioration-pulmonaire-inattendue\/\"},\"wordCount\":1026,\"publisher\":{\"@id\":\"https:\/\/rvh-synergie.org\/actualites\/#organization\"},\"image\":{\"@id\":\"https:\/\/rvh-synergie.org\/actualites\/les-patients-atteints-de-covid-19-atteints-de-fibrose-pulmonaire-presentent-une-amelioration-pulmonaire-inattendue\/#primaryimage\"},\"thumbnailUrl\":\"https:\/\/rvh-synergie.org\/actualites\/wp-content\/uploads\/2025\/01\/1737680216_Les-patients-atteints-de-Covid-19-atteints-de-fibrose-pulmonaire-presentent.jpg\",\"keywords\":[\"am\u00e9lioration\",\"atteints\",\"COVID19\",\"fibrose\",\"inattendue\",\"Les\",\"patients\",\"pr\u00e9sentent\",\"pulmonaire\",\"une\"],\"articleSection\":[\"Les maladies\"],\"inLanguage\":\"fr-FR\"},{\"@type\":\"WebPage\",\"@id\":\"https:\/\/rvh-synergie.org\/actualites\/les-patients-atteints-de-covid-19-atteints-de-fibrose-pulmonaire-presentent-une-amelioration-pulmonaire-inattendue\/\",\"url\":\"https:\/\/rvh-synergie.org\/actualites\/les-patients-atteints-de-covid-19-atteints-de-fibrose-pulmonaire-presentent-une-amelioration-pulmonaire-inattendue\/\",\"name\":\"Les patients atteints de Covid-19 atteints de fibrose pulmonaire pr\u00e9sentent une am\u00e9lioration pulmonaire inattendue - RVH-Synergie.org\",\"isPartOf\":{\"@id\":\"https:\/\/rvh-synergie.org\/actualites\/#website\"},\"primaryImageOfPage\":{\"@id\":\"https:\/\/rvh-synergie.org\/actualites\/les-patients-atteints-de-covid-19-atteints-de-fibrose-pulmonaire-presentent-une-amelioration-pulmonaire-inattendue\/#primaryimage\"},\"image\":{\"@id\":\"https:\/\/rvh-synergie.org\/actualites\/les-patients-atteints-de-covid-19-atteints-de-fibrose-pulmonaire-presentent-une-amelioration-pulmonaire-inattendue\/#primaryimage\"},\"thumbnailUrl\":\"https:\/\/rvh-synergie.org\/actualites\/wp-content\/uploads\/2025\/01\/1737680216_Les-patients-atteints-de-Covid-19-atteints-de-fibrose-pulmonaire-presentent.jpg\",\"datePublished\":\"2025-01-24T00:56:56+00:00\",\"dateModified\":\"2025-01-24T00:56:58+00:00\",\"breadcrumb\":{\"@id\":\"https:\/\/rvh-synergie.org\/actualites\/les-patients-atteints-de-covid-19-atteints-de-fibrose-pulmonaire-presentent-une-amelioration-pulmonaire-inattendue\/#breadcrumb\"},\"inLanguage\":\"fr-FR\",\"potentialAction\":[{\"@type\":\"ReadAction\",\"target\":[\"https:\/\/rvh-synergie.org\/actualites\/les-patients-atteints-de-covid-19-atteints-de-fibrose-pulmonaire-presentent-une-amelioration-pulmonaire-inattendue\/\"]}]},{\"@type\":\"ImageObject\",\"inLanguage\":\"fr-FR\",\"@id\":\"https:\/\/rvh-synergie.org\/actualites\/les-patients-atteints-de-covid-19-atteints-de-fibrose-pulmonaire-presentent-une-amelioration-pulmonaire-inattendue\/#primaryimage\",\"url\":\"https:\/\/rvh-synergie.org\/actualites\/wp-content\/uploads\/2025\/01\/1737680216_Les-patients-atteints-de-Covid-19-atteints-de-fibrose-pulmonaire-presentent.jpg\",\"contentUrl\":\"https:\/\/rvh-synergie.org\/actualites\/wp-content\/uploads\/2025\/01\/1737680216_Les-patients-atteints-de-Covid-19-atteints-de-fibrose-pulmonaire-presentent.jpg\",\"width\":1280,\"height\":960,\"caption\":\"Les patients atteints de Covid-19 atteints de fibrose pulmonaire pr\u00e9sentent une am\u00e9lioration pulmonaire inattendue\"},{\"@type\":\"BreadcrumbList\",\"@id\":\"https:\/\/rvh-synergie.org\/actualites\/les-patients-atteints-de-covid-19-atteints-de-fibrose-pulmonaire-presentent-une-amelioration-pulmonaire-inattendue\/#breadcrumb\",\"itemListElement\":[{\"@type\":\"ListItem\",\"position\":1,\"name\":\"Accueil\",\"item\":\"https:\/\/rvh-synergie.org\/actualites\/\"},{\"@type\":\"ListItem\",\"position\":2,\"name\":\"Les patients atteints de Covid-19 atteints de fibrose pulmonaire pr\u00e9sentent une am\u00e9lioration pulmonaire inattendue\"}]},{\"@type\":\"WebSite\",\"@id\":\"https:\/\/rvh-synergie.org\/actualites\/#website\",\"url\":\"https:\/\/rvh-synergie.org\/actualites\/\",\"name\":\"RVH-Synergie.org\",\"description\":\"RVH-Synergie, site ind\u00e9pendant d&#039;informations sur la prise en charge des addictions.\",\"publisher\":{\"@id\":\"https:\/\/rvh-synergie.org\/actualites\/#organization\"},\"potentialAction\":[{\"@type\":\"SearchAction\",\"target\":{\"@type\":\"EntryPoint\",\"urlTemplate\":\"https:\/\/rvh-synergie.org\/actualites\/?s={search_term_string}\"},\"query-input\":{\"@type\":\"PropertyValueSpecification\",\"valueRequired\":true,\"valueName\":\"search_term_string\"}}],\"inLanguage\":\"fr-FR\"},{\"@type\":\"Organization\",\"@id\":\"https:\/\/rvh-synergie.org\/actualites\/#organization\",\"name\":\"RVH-Synergie.org\",\"url\":\"https:\/\/rvh-synergie.org\/actualites\/\",\"logo\":{\"@type\":\"ImageObject\",\"inLanguage\":\"fr-FR\",\"@id\":\"https:\/\/rvh-synergie.org\/actualites\/#\/schema\/logo\/image\/\",\"url\":\"https:\/\/rvh-synergie.org\/actualites\/wp-content\/uploads\/2024\/09\/favicon.png\",\"contentUrl\":\"https:\/\/rvh-synergie.org\/actualites\/wp-content\/uploads\/2024\/09\/favicon.png\",\"width\":512,\"height\":512,\"caption\":\"RVH-Synergie.org\"},\"image\":{\"@id\":\"https:\/\/rvh-synergie.org\/actualites\/#\/schema\/logo\/image\/\"}},{\"@type\":\"Person\",\"@id\":\"https:\/\/rvh-synergie.org\/actualites\/#\/schema\/person\/aa5ea98671fb4e8620f488a0795d2560\",\"name\":\"Charles Martinez\",\"image\":{\"@type\":\"ImageObject\",\"inLanguage\":\"fr-FR\",\"@id\":\"https:\/\/rvh-synergie.org\/actualites\/#\/schema\/person\/image\/\",\"url\":\"https:\/\/rvh-synergie.org\/actualites\/wp-content\/uploads\/2024\/09\/charles-martinez-scaled.jpg\",\"contentUrl\":\"https:\/\/rvh-synergie.org\/actualites\/wp-content\/uploads\/2024\/09\/charles-martinez-scaled.jpg\",\"caption\":\"Charles Martinez\"},\"description\":\"Bonjour, je m'appelle Charles Martinez, r\u00e9dacteur passionn\u00e9 pour le m\u00e9dia RVH-synergie.org, d\u00e9di\u00e9 aux addictions et aux maladies. Depuis plus de dix ans, j'explore et rapporte les histoires poignantes des individus confront\u00e9s \u00e0 ces d\u00e9fis, tout en sensibilisant le public aux traitements novateurs et aux progr\u00e8s scientifiques dans ce domaine. Mon engagement r\u00e9side dans l'espoir de cr\u00e9er une communaut\u00e9 inform\u00e9e et empathique, pr\u00eate \u00e0 soutenir ceux qui luttent contre ces \u00e9preuves.\",\"sameAs\":[\"https:\/\/rvh-synergie.org\/\"]}]}<\/script>\n<!-- \/ Yoast SEO plugin. -->","yoast_head_json":{"title":"Les patients atteints de Covid-19 atteints de fibrose pulmonaire pr\u00e9sentent une am\u00e9lioration pulmonaire inattendue - RVH-Synergie.org","robots":{"index":"index","follow":"follow","max-snippet":"max-snippet:-1","max-image-preview":"max-image-preview:large","max-video-preview":"max-video-preview:-1"},"canonical":"https:\/\/rvh-synergie.org\/actualites\/les-patients-atteints-de-covid-19-atteints-de-fibrose-pulmonaire-presentent-une-amelioration-pulmonaire-inattendue\/","og_locale":"fr_FR","og_type":"article","og_title":"Les patients atteints de Covid-19 atteints de fibrose pulmonaire pr\u00e9sentent une am\u00e9lioration pulmonaire inattendue - RVH-Synergie.org","og_description":"La fibrose pulmonaire est une maladie chronique rare qui provoque des cicatrices dans les poumons,","og_url":"https:\/\/rvh-synergie.org\/actualites\/les-patients-atteints-de-covid-19-atteints-de-fibrose-pulmonaire-presentent-une-amelioration-pulmonaire-inattendue\/","og_site_name":"RVH-Synergie","article_published_time":"2025-01-24T00:56:56+00:00","article_modified_time":"2025-01-24T00:56:58+00:00","og_image":[{"width":1280,"height":960,"url":"https:\/\/rvh-synergie.org\/actualites\/wp-content\/uploads\/2025\/01\/1737680216_Les-patients-atteints-de-Covid-19-atteints-de-fibrose-pulmonaire-presentent.jpg","type":"image\/jpeg"}],"author":"Charles Martinez","twitter_card":"summary_large_image","twitter_misc":{"\u00c9crit par":"Charles Martinez","Dur\u00e9e de lecture estim\u00e9e":"5 minutes"},"schema":{"@context":"https:\/\/schema.org","@graph":[{"@type":"Article","@id":"https:\/\/rvh-synergie.org\/actualites\/les-patients-atteints-de-covid-19-atteints-de-fibrose-pulmonaire-presentent-une-amelioration-pulmonaire-inattendue\/#article","isPartOf":{"@id":"https:\/\/rvh-synergie.org\/actualites\/les-patients-atteints-de-covid-19-atteints-de-fibrose-pulmonaire-presentent-une-amelioration-pulmonaire-inattendue\/"},"author":{"name":"Charles Martinez","@id":"https:\/\/rvh-synergie.org\/actualites\/#\/schema\/person\/aa5ea98671fb4e8620f488a0795d2560"},"headline":"Les patients atteints de Covid-19 atteints de fibrose pulmonaire pr\u00e9sentent une am\u00e9lioration pulmonaire inattendue","datePublished":"2025-01-24T00:56:56+00:00","dateModified":"2025-01-24T00:56:58+00:00","mainEntityOfPage":{"@id":"https:\/\/rvh-synergie.org\/actualites\/les-patients-atteints-de-covid-19-atteints-de-fibrose-pulmonaire-presentent-une-amelioration-pulmonaire-inattendue\/"},"wordCount":1026,"publisher":{"@id":"https:\/\/rvh-synergie.org\/actualites\/#organization"},"image":{"@id":"https:\/\/rvh-synergie.org\/actualites\/les-patients-atteints-de-covid-19-atteints-de-fibrose-pulmonaire-presentent-une-amelioration-pulmonaire-inattendue\/#primaryimage"},"thumbnailUrl":"https:\/\/rvh-synergie.org\/actualites\/wp-content\/uploads\/2025\/01\/1737680216_Les-patients-atteints-de-Covid-19-atteints-de-fibrose-pulmonaire-presentent.jpg","keywords":["am\u00e9lioration","atteints","COVID19","fibrose","inattendue","Les","patients","pr\u00e9sentent","pulmonaire","une"],"articleSection":["Les maladies"],"inLanguage":"fr-FR"},{"@type":"WebPage","@id":"https:\/\/rvh-synergie.org\/actualites\/les-patients-atteints-de-covid-19-atteints-de-fibrose-pulmonaire-presentent-une-amelioration-pulmonaire-inattendue\/","url":"https:\/\/rvh-synergie.org\/actualites\/les-patients-atteints-de-covid-19-atteints-de-fibrose-pulmonaire-presentent-une-amelioration-pulmonaire-inattendue\/","name":"Les patients atteints de Covid-19 atteints de fibrose pulmonaire pr\u00e9sentent une am\u00e9lioration pulmonaire inattendue - RVH-Synergie.org","isPartOf":{"@id":"https:\/\/rvh-synergie.org\/actualites\/#website"},"primaryImageOfPage":{"@id":"https:\/\/rvh-synergie.org\/actualites\/les-patients-atteints-de-covid-19-atteints-de-fibrose-pulmonaire-presentent-une-amelioration-pulmonaire-inattendue\/#primaryimage"},"image":{"@id":"https:\/\/rvh-synergie.org\/actualites\/les-patients-atteints-de-covid-19-atteints-de-fibrose-pulmonaire-presentent-une-amelioration-pulmonaire-inattendue\/#primaryimage"},"thumbnailUrl":"https:\/\/rvh-synergie.org\/actualites\/wp-content\/uploads\/2025\/01\/1737680216_Les-patients-atteints-de-Covid-19-atteints-de-fibrose-pulmonaire-presentent.jpg","datePublished":"2025-01-24T00:56:56+00:00","dateModified":"2025-01-24T00:56:58+00:00","breadcrumb":{"@id":"https:\/\/rvh-synergie.org\/actualites\/les-patients-atteints-de-covid-19-atteints-de-fibrose-pulmonaire-presentent-une-amelioration-pulmonaire-inattendue\/#breadcrumb"},"inLanguage":"fr-FR","potentialAction":[{"@type":"ReadAction","target":["https:\/\/rvh-synergie.org\/actualites\/les-patients-atteints-de-covid-19-atteints-de-fibrose-pulmonaire-presentent-une-amelioration-pulmonaire-inattendue\/"]}]},{"@type":"ImageObject","inLanguage":"fr-FR","@id":"https:\/\/rvh-synergie.org\/actualites\/les-patients-atteints-de-covid-19-atteints-de-fibrose-pulmonaire-presentent-une-amelioration-pulmonaire-inattendue\/#primaryimage","url":"https:\/\/rvh-synergie.org\/actualites\/wp-content\/uploads\/2025\/01\/1737680216_Les-patients-atteints-de-Covid-19-atteints-de-fibrose-pulmonaire-presentent.jpg","contentUrl":"https:\/\/rvh-synergie.org\/actualites\/wp-content\/uploads\/2025\/01\/1737680216_Les-patients-atteints-de-Covid-19-atteints-de-fibrose-pulmonaire-presentent.jpg","width":1280,"height":960,"caption":"Les patients atteints de Covid-19 atteints de fibrose pulmonaire pr\u00e9sentent une am\u00e9lioration pulmonaire inattendue"},{"@type":"BreadcrumbList","@id":"https:\/\/rvh-synergie.org\/actualites\/les-patients-atteints-de-covid-19-atteints-de-fibrose-pulmonaire-presentent-une-amelioration-pulmonaire-inattendue\/#breadcrumb","itemListElement":[{"@type":"ListItem","position":1,"name":"Accueil","item":"https:\/\/rvh-synergie.org\/actualites\/"},{"@type":"ListItem","position":2,"name":"Les patients atteints de Covid-19 atteints de fibrose pulmonaire pr\u00e9sentent une am\u00e9lioration pulmonaire inattendue"}]},{"@type":"WebSite","@id":"https:\/\/rvh-synergie.org\/actualites\/#website","url":"https:\/\/rvh-synergie.org\/actualites\/","name":"RVH-Synergie.org","description":"RVH-Synergie, site ind\u00e9pendant d&#039;informations sur la prise en charge des addictions.","publisher":{"@id":"https:\/\/rvh-synergie.org\/actualites\/#organization"},"potentialAction":[{"@type":"SearchAction","target":{"@type":"EntryPoint","urlTemplate":"https:\/\/rvh-synergie.org\/actualites\/?s={search_term_string}"},"query-input":{"@type":"PropertyValueSpecification","valueRequired":true,"valueName":"search_term_string"}}],"inLanguage":"fr-FR"},{"@type":"Organization","@id":"https:\/\/rvh-synergie.org\/actualites\/#organization","name":"RVH-Synergie.org","url":"https:\/\/rvh-synergie.org\/actualites\/","logo":{"@type":"ImageObject","inLanguage":"fr-FR","@id":"https:\/\/rvh-synergie.org\/actualites\/#\/schema\/logo\/image\/","url":"https:\/\/rvh-synergie.org\/actualites\/wp-content\/uploads\/2024\/09\/favicon.png","contentUrl":"https:\/\/rvh-synergie.org\/actualites\/wp-content\/uploads\/2024\/09\/favicon.png","width":512,"height":512,"caption":"RVH-Synergie.org"},"image":{"@id":"https:\/\/rvh-synergie.org\/actualites\/#\/schema\/logo\/image\/"}},{"@type":"Person","@id":"https:\/\/rvh-synergie.org\/actualites\/#\/schema\/person\/aa5ea98671fb4e8620f488a0795d2560","name":"Charles Martinez","image":{"@type":"ImageObject","inLanguage":"fr-FR","@id":"https:\/\/rvh-synergie.org\/actualites\/#\/schema\/person\/image\/","url":"https:\/\/rvh-synergie.org\/actualites\/wp-content\/uploads\/2024\/09\/charles-martinez-scaled.jpg","contentUrl":"https:\/\/rvh-synergie.org\/actualites\/wp-content\/uploads\/2024\/09\/charles-martinez-scaled.jpg","caption":"Charles Martinez"},"description":"Bonjour, je m'appelle Charles Martinez, r\u00e9dacteur passionn\u00e9 pour le m\u00e9dia RVH-synergie.org, d\u00e9di\u00e9 aux addictions et aux maladies. Depuis plus de dix ans, j'explore et rapporte les histoires poignantes des individus confront\u00e9s \u00e0 ces d\u00e9fis, tout en sensibilisant le public aux traitements novateurs et aux progr\u00e8s scientifiques dans ce domaine. Mon engagement r\u00e9side dans l'espoir de cr\u00e9er une communaut\u00e9 inform\u00e9e et empathique, pr\u00eate \u00e0 soutenir ceux qui luttent contre ces \u00e9preuves.","sameAs":["https:\/\/rvh-synergie.org\/"]}]}},"_links":{"self":[{"href":"https:\/\/rvh-synergie.org\/actualites\/wp-json\/wp\/v2\/posts\/3763","targetHints":{"allow":["GET"]}}],"collection":[{"href":"https:\/\/rvh-synergie.org\/actualites\/wp-json\/wp\/v2\/posts"}],"about":[{"href":"https:\/\/rvh-synergie.org\/actualites\/wp-json\/wp\/v2\/types\/post"}],"author":[{"embeddable":true,"href":"https:\/\/rvh-synergie.org\/actualites\/wp-json\/wp\/v2\/users\/1"}],"replies":[{"embeddable":true,"href":"https:\/\/rvh-synergie.org\/actualites\/wp-json\/wp\/v2\/comments?post=3763"}],"version-history":[{"count":0,"href":"https:\/\/rvh-synergie.org\/actualites\/wp-json\/wp\/v2\/posts\/3763\/revisions"}],"wp:featuredmedia":[{"embeddable":true,"href":"https:\/\/rvh-synergie.org\/actualites\/wp-json\/wp\/v2\/media\/3764"}],"wp:attachment":[{"href":"https:\/\/rvh-synergie.org\/actualites\/wp-json\/wp\/v2\/media?parent=3763"}],"wp:term":[{"taxonomy":"category","embeddable":true,"href":"https:\/\/rvh-synergie.org\/actualites\/wp-json\/wp\/v2\/categories?post=3763"},{"taxonomy":"post_tag","embeddable":true,"href":"https:\/\/rvh-synergie.org\/actualites\/wp-json\/wp\/v2\/tags?post=3763"}],"curies":[{"name":"wp","href":"https:\/\/api.w.org\/{rel}","templated":true}]}}