{"id":3755,"date":"2025-01-23T18:55:51","date_gmt":"2025-01-23T17:55:51","guid":{"rendered":"https:\/\/rvh-synergie.org\/actualites\/les-disparites-raciales-dans-les-prescriptions-dopioides-persistent-malgre-les-facteurs-socio-economiques\/"},"modified":"2025-01-23T18:56:04","modified_gmt":"2025-01-23T17:56:04","slug":"les-disparites-raciales-dans-les-prescriptions-dopioides-persistent-malgre-les-facteurs-socio-economiques","status":"publish","type":"post","link":"https:\/\/rvh-synergie.org\/actualites\/les-disparites-raciales-dans-les-prescriptions-dopioides-persistent-malgre-les-facteurs-socio-economiques\/","title":{"rendered":"Les disparit\u00e9s raciales dans les prescriptions d&rsquo;opio\u00efdes persistent malgr\u00e9 les facteurs socio-\u00e9conomiques"},"content":{"rendered":"<div>\n<div class=\"article-gallery lightGallery\">\n<div data-thumb=\"https:\/\/scx1.b-cdn.net\/csz\/news\/tmb\/2025\/pill-pain.jpg\" data-src=\"https:\/\/scx2.b-cdn.net\/gfx\/news\/hires\/2025\/pill-pain.jpg\" data-sub-html=\"Credit: Towfiqu barbhuiya from Pexels\">\n<figure class=\"article-img\">\n<\/figure><\/div>\n<\/div>\n<p>Les communaut\u00e9s non blanches avaient beaucoup moins acc\u00e8s aux m\u00e9dicaments opio\u00efdes couramment prescrits pour les douleurs mod\u00e9r\u00e9es \u00e0 s\u00e9v\u00e8res que les communaut\u00e9s blanches au cours de la d\u00e9cennie commen\u00e7ant en 2011, selon une \u00e9tude men\u00e9e par des chercheurs de Weill Cornell Medicine.<\/p>\n<p>Les r\u00e9sultats, publi\u00e9s le 23 janvier dans <i>Douleur<\/i>s&rsquo;\u00e9tendant \u00e0 tous les groupes socio-\u00e9conomiques, et sugg\u00e8rent que les communaut\u00e9s de couleur peuvent \u00eatre particuli\u00e8rement vuln\u00e9rables aux cons\u00e9quences involontaires des efforts visant \u00e0 r\u00e9duire l&rsquo;utilisation dangereuse des analg\u00e9siques opio\u00efdes.<\/p>\n<p>De 2011 \u00e0 2021, la consommation d\u2019opio\u00efdes sur ordonnance a chut\u00e9 d\u2019environ 50 % aux \u00c9tats-Unis, signe probable de tentatives visant \u00e0 r\u00e9duire la surconsommation de ces m\u00e9dicaments, selon des \u00e9tudes ant\u00e9rieures. Cependant, ces baisses ont co\u00efncid\u00e9 avec le fait que les pharmacies de quartier et les \u00e9tablissements de soins de sant\u00e9 proposent \u00e9galement moins de m\u00e9dicaments opio\u00efdes, ce qui rend probablement plus difficile pour les gens d&rsquo;ex\u00e9cuter les ordonnances n\u00e9cessaires \u00e0 la gestion de la douleur. Pour certains, cela peut avoir n\u00e9cessit\u00e9 de parcourir de plus longues distances pour obtenir les m\u00e9dicaments dont ils ont besoin, voire de ne pas les obtenir du tout, sugg\u00e8rent les auteurs.<\/p>\n<p>L&rsquo;\u00e9tude, dirig\u00e9e par la Dre Allison Ju-Chen Hu, associ\u00e9e postdoctorale en sciences de la sant\u00e9 des populations, et le Dr Yuhua Bao, professeur de sciences de la sant\u00e9 des populations \u00e0 Weill Cornell Medicine, a examin\u00e9 l&rsquo;acc\u00e8s aux m\u00e9dicaments opio\u00efdes dans les communaut\u00e9s en fonction de leur composition raciale et ethnique. .<\/p>\n<p>L\u2019\u00e9quipe de recherche a analys\u00e9 les donn\u00e9es de la Drug Enforcement Administration de 2011 \u00e0 2021 faisant \u00e9tat d\u2019une distribution communautaire de morphine, d\u2019oxycodone et d\u2019hydrocodone. Ensemble, ces m\u00e9dicaments repr\u00e9sentaient 70 % des prescriptions d&rsquo;opio\u00efdes aux \u00c9tats-Unis en 2017. L&rsquo;\u00e9quipe a analys\u00e9 les communaut\u00e9s d\u00e9finies par des codes postaux \u00e0 3 chiffres dans les 50 \u00c9tats et le District de Columbia. Les communaut\u00e9s ont \u00e9t\u00e9 class\u00e9es comme \u00ab majoritairement blanches \u00bb ou \u00ab majoritairement non blanches \u00bb selon que 50 % ou plus des r\u00e9sidents se d\u00e9claraient eux-m\u00eames comme blancs non hispaniques. Les auteurs ont \u00e9galement utilis\u00e9 l&rsquo;indice de d\u00e9favorisation sociale pour mesurer le statut socio-\u00e9conomique de chaque communaut\u00e9.<\/p>\n<p>Leur analyse a montr\u00e9 qu\u2019il y avait une distribution par habitant globalement inf\u00e9rieure de 40 \u00e0 45 % des opio\u00efdes couramment prescrits dans les communaut\u00e9s majoritairement non blanches par rapport aux communaut\u00e9s majoritairement blanches.<\/p>\n<p>\u00ab\u00a0Alors que les distributions d&rsquo;opio\u00efdes \u00e9taient plus \u00e9lev\u00e9es parmi les communaut\u00e9s pr\u00e9sentant une plus grande privation socio-\u00e9conomique, les diff\u00e9rences entre les communaut\u00e9s majoritairement blanches et majoritairement non blanches persistaient \u00e0 tous les niveaux\u00a0\u00bb, ont rapport\u00e9 les auteurs. Cet acc\u00e8s inad\u00e9quat aux analg\u00e9siques opio\u00efdes dans les communaut\u00e9s majoritairement non blanches peut retarder le traitement m\u00eame lorsqu&rsquo;il est consid\u00e9r\u00e9 comme \u00ab cliniquement appropri\u00e9 \u00bb.<\/p>\n<p>\u00ab\u00a0Nos r\u00e9sultats mettent en \u00e9vidence les inqui\u00e9tudes selon lesquelles les communaut\u00e9s racialement et ethniquement minoritaires, en particulier les communaut\u00e9s les plus d\u00e9favoris\u00e9es, pourraient avoir syst\u00e9matiquement connu un acc\u00e8s inad\u00e9quat \u00e0 une gestion efficace de la douleur dans un contexte de d\u00e9clin rapide des analg\u00e9siques opio\u00efdes au cours de cette p\u00e9riode\u00a0\u00bb, ont conclu les auteurs.<\/p>\n<p>                                        <!-- print only --><\/p><\/div>\n","protected":false},"excerpt":{"rendered":"<p>Les communaut\u00e9s non blanches avaient beaucoup moins acc\u00e8s aux m\u00e9dicaments opio\u00efdes couramment prescrits pour les<\/p>\n","protected":false},"author":1,"featured_media":3756,"comment_status":"closed","ping_status":"","sticky":false,"template":"","format":"standard","meta":{"footnotes":""},"categories":[35],"tags":[44,169,174,674,49,882,175,1506,3658,2334],"class_list":["post-3755","post","type-post","status-publish","format-standard","has-post-thumbnail","hentry","category-les-addictions","tag-dans","tag-disparites","tag-dopioides","tag-facteurs","tag-les","tag-malgre","tag-persistent","tag-prescriptions","tag-raciales","tag-socioeconomiques","generate-columns","tablet-grid-50","mobile-grid-100","grid-parent","grid-50","resize-featured-image"],"yoast_head":"<!-- This site is optimized with the Yoast SEO plugin v23.4 - https:\/\/yoast.com\/wordpress\/plugins\/seo\/ -->\n<title>Les disparit\u00e9s raciales dans les prescriptions d&#039;opio\u00efdes persistent malgr\u00e9 les facteurs socio-\u00e9conomiques - RVH-Synergie.org<\/title>\n<meta name=\"robots\" content=\"index, follow, max-snippet:-1, max-image-preview:large, max-video-preview:-1\" \/>\n<link rel=\"canonical\" href=\"https:\/\/rvh-synergie.org\/actualites\/les-disparites-raciales-dans-les-prescriptions-dopioides-persistent-malgre-les-facteurs-socio-economiques\/\" \/>\n<meta property=\"og:locale\" content=\"fr_FR\" \/>\n<meta property=\"og:type\" content=\"article\" \/>\n<meta property=\"og:title\" content=\"Les disparit\u00e9s raciales dans les prescriptions d&#039;opio\u00efdes persistent malgr\u00e9 les facteurs socio-\u00e9conomiques - RVH-Synergie.org\" \/>\n<meta property=\"og:description\" content=\"Les communaut\u00e9s non blanches avaient beaucoup moins acc\u00e8s aux m\u00e9dicaments opio\u00efdes couramment prescrits pour les\" \/>\n<meta property=\"og:url\" content=\"https:\/\/rvh-synergie.org\/actualites\/les-disparites-raciales-dans-les-prescriptions-dopioides-persistent-malgre-les-facteurs-socio-economiques\/\" \/>\n<meta property=\"og:site_name\" content=\"RVH-Synergie\" \/>\n<meta property=\"article:published_time\" content=\"2025-01-23T17:55:51+00:00\" \/>\n<meta property=\"article:modified_time\" content=\"2025-01-23T17:56:04+00:00\" \/>\n<meta property=\"og:image\" content=\"https:\/\/rvh-synergie.org\/actualites\/wp-content\/uploads\/2025\/01\/1737654951_Les-disparites-raciales-dans-les-prescriptions-dopioides-persistent-malgre-les-scaled.jpg\" \/>\n\t<meta property=\"og:image:width\" content=\"2560\" \/>\n\t<meta property=\"og:image:height\" content=\"1707\" \/>\n\t<meta property=\"og:image:type\" content=\"image\/jpeg\" \/>\n<meta name=\"author\" content=\"Charles Martinez\" \/>\n<meta name=\"twitter:card\" content=\"summary_large_image\" \/>\n<meta name=\"twitter:label1\" content=\"\u00c9crit par\" \/>\n\t<meta name=\"twitter:data1\" content=\"Charles Martinez\" \/>\n\t<meta name=\"twitter:label2\" content=\"Dur\u00e9e de lecture estim\u00e9e\" \/>\n\t<meta name=\"twitter:data2\" content=\"3 minutes\" \/>\n<script type=\"application\/ld+json\" class=\"yoast-schema-graph\">{\"@context\":\"https:\/\/schema.org\",\"@graph\":[{\"@type\":\"Article\",\"@id\":\"https:\/\/rvh-synergie.org\/actualites\/les-disparites-raciales-dans-les-prescriptions-dopioides-persistent-malgre-les-facteurs-socio-economiques\/#article\",\"isPartOf\":{\"@id\":\"https:\/\/rvh-synergie.org\/actualites\/les-disparites-raciales-dans-les-prescriptions-dopioides-persistent-malgre-les-facteurs-socio-economiques\/\"},\"author\":{\"name\":\"Charles Martinez\",\"@id\":\"https:\/\/rvh-synergie.org\/actualites\/#\/schema\/person\/aa5ea98671fb4e8620f488a0795d2560\"},\"headline\":\"Les disparit\u00e9s raciales dans les prescriptions d&rsquo;opio\u00efdes persistent malgr\u00e9 les facteurs socio-\u00e9conomiques\",\"datePublished\":\"2025-01-23T17:55:51+00:00\",\"dateModified\":\"2025-01-23T17:56:04+00:00\",\"mainEntityOfPage\":{\"@id\":\"https:\/\/rvh-synergie.org\/actualites\/les-disparites-raciales-dans-les-prescriptions-dopioides-persistent-malgre-les-facteurs-socio-economiques\/\"},\"wordCount\":579,\"publisher\":{\"@id\":\"https:\/\/rvh-synergie.org\/actualites\/#organization\"},\"image\":{\"@id\":\"https:\/\/rvh-synergie.org\/actualites\/les-disparites-raciales-dans-les-prescriptions-dopioides-persistent-malgre-les-facteurs-socio-economiques\/#primaryimage\"},\"thumbnailUrl\":\"https:\/\/rvh-synergie.org\/actualites\/wp-content\/uploads\/2025\/01\/1737654951_Les-disparites-raciales-dans-les-prescriptions-dopioides-persistent-malgre-les-scaled.jpg\",\"keywords\":[\"dans\",\"disparit\u00e9s\",\"dopio\u00efdes\",\"facteurs\",\"Les\",\"malgr\u00e9\",\"persistent\",\"prescriptions\",\"raciales\",\"socio\u00e9conomiques\"],\"articleSection\":[\"Les addictions\"],\"inLanguage\":\"fr-FR\"},{\"@type\":\"WebPage\",\"@id\":\"https:\/\/rvh-synergie.org\/actualites\/les-disparites-raciales-dans-les-prescriptions-dopioides-persistent-malgre-les-facteurs-socio-economiques\/\",\"url\":\"https:\/\/rvh-synergie.org\/actualites\/les-disparites-raciales-dans-les-prescriptions-dopioides-persistent-malgre-les-facteurs-socio-economiques\/\",\"name\":\"Les disparit\u00e9s raciales dans les prescriptions d'opio\u00efdes persistent malgr\u00e9 les facteurs socio-\u00e9conomiques - RVH-Synergie.org\",\"isPartOf\":{\"@id\":\"https:\/\/rvh-synergie.org\/actualites\/#website\"},\"primaryImageOfPage\":{\"@id\":\"https:\/\/rvh-synergie.org\/actualites\/les-disparites-raciales-dans-les-prescriptions-dopioides-persistent-malgre-les-facteurs-socio-economiques\/#primaryimage\"},\"image\":{\"@id\":\"https:\/\/rvh-synergie.org\/actualites\/les-disparites-raciales-dans-les-prescriptions-dopioides-persistent-malgre-les-facteurs-socio-economiques\/#primaryimage\"},\"thumbnailUrl\":\"https:\/\/rvh-synergie.org\/actualites\/wp-content\/uploads\/2025\/01\/1737654951_Les-disparites-raciales-dans-les-prescriptions-dopioides-persistent-malgre-les-scaled.jpg\",\"datePublished\":\"2025-01-23T17:55:51+00:00\",\"dateModified\":\"2025-01-23T17:56:04+00:00\",\"breadcrumb\":{\"@id\":\"https:\/\/rvh-synergie.org\/actualites\/les-disparites-raciales-dans-les-prescriptions-dopioides-persistent-malgre-les-facteurs-socio-economiques\/#breadcrumb\"},\"inLanguage\":\"fr-FR\",\"potentialAction\":[{\"@type\":\"ReadAction\",\"target\":[\"https:\/\/rvh-synergie.org\/actualites\/les-disparites-raciales-dans-les-prescriptions-dopioides-persistent-malgre-les-facteurs-socio-economiques\/\"]}]},{\"@type\":\"ImageObject\",\"inLanguage\":\"fr-FR\",\"@id\":\"https:\/\/rvh-synergie.org\/actualites\/les-disparites-raciales-dans-les-prescriptions-dopioides-persistent-malgre-les-facteurs-socio-economiques\/#primaryimage\",\"url\":\"https:\/\/rvh-synergie.org\/actualites\/wp-content\/uploads\/2025\/01\/1737654951_Les-disparites-raciales-dans-les-prescriptions-dopioides-persistent-malgre-les-scaled.jpg\",\"contentUrl\":\"https:\/\/rvh-synergie.org\/actualites\/wp-content\/uploads\/2025\/01\/1737654951_Les-disparites-raciales-dans-les-prescriptions-dopioides-persistent-malgre-les-scaled.jpg\",\"width\":2560,\"height\":1707,\"caption\":\"Les disparit\u00e9s raciales dans les prescriptions d'opio\u00efdes persistent malgr\u00e9 les facteurs socio-\u00e9conomiques\"},{\"@type\":\"BreadcrumbList\",\"@id\":\"https:\/\/rvh-synergie.org\/actualites\/les-disparites-raciales-dans-les-prescriptions-dopioides-persistent-malgre-les-facteurs-socio-economiques\/#breadcrumb\",\"itemListElement\":[{\"@type\":\"ListItem\",\"position\":1,\"name\":\"Accueil\",\"item\":\"https:\/\/rvh-synergie.org\/actualites\/\"},{\"@type\":\"ListItem\",\"position\":2,\"name\":\"Les disparit\u00e9s raciales dans les prescriptions d&rsquo;opio\u00efdes persistent malgr\u00e9 les facteurs socio-\u00e9conomiques\"}]},{\"@type\":\"WebSite\",\"@id\":\"https:\/\/rvh-synergie.org\/actualites\/#website\",\"url\":\"https:\/\/rvh-synergie.org\/actualites\/\",\"name\":\"RVH-Synergie.org\",\"description\":\"RVH-Synergie, site ind\u00e9pendant d&#039;informations sur la prise en charge des addictions.\",\"publisher\":{\"@id\":\"https:\/\/rvh-synergie.org\/actualites\/#organization\"},\"potentialAction\":[{\"@type\":\"SearchAction\",\"target\":{\"@type\":\"EntryPoint\",\"urlTemplate\":\"https:\/\/rvh-synergie.org\/actualites\/?s={search_term_string}\"},\"query-input\":{\"@type\":\"PropertyValueSpecification\",\"valueRequired\":true,\"valueName\":\"search_term_string\"}}],\"inLanguage\":\"fr-FR\"},{\"@type\":\"Organization\",\"@id\":\"https:\/\/rvh-synergie.org\/actualites\/#organization\",\"name\":\"RVH-Synergie.org\",\"url\":\"https:\/\/rvh-synergie.org\/actualites\/\",\"logo\":{\"@type\":\"ImageObject\",\"inLanguage\":\"fr-FR\",\"@id\":\"https:\/\/rvh-synergie.org\/actualites\/#\/schema\/logo\/image\/\",\"url\":\"https:\/\/rvh-synergie.org\/actualites\/wp-content\/uploads\/2024\/09\/favicon.png\",\"contentUrl\":\"https:\/\/rvh-synergie.org\/actualites\/wp-content\/uploads\/2024\/09\/favicon.png\",\"width\":512,\"height\":512,\"caption\":\"RVH-Synergie.org\"},\"image\":{\"@id\":\"https:\/\/rvh-synergie.org\/actualites\/#\/schema\/logo\/image\/\"}},{\"@type\":\"Person\",\"@id\":\"https:\/\/rvh-synergie.org\/actualites\/#\/schema\/person\/aa5ea98671fb4e8620f488a0795d2560\",\"name\":\"Charles Martinez\",\"image\":{\"@type\":\"ImageObject\",\"inLanguage\":\"fr-FR\",\"@id\":\"https:\/\/rvh-synergie.org\/actualites\/#\/schema\/person\/image\/\",\"url\":\"https:\/\/rvh-synergie.org\/actualites\/wp-content\/uploads\/2024\/09\/charles-martinez-scaled.jpg\",\"contentUrl\":\"https:\/\/rvh-synergie.org\/actualites\/wp-content\/uploads\/2024\/09\/charles-martinez-scaled.jpg\",\"caption\":\"Charles Martinez\"},\"description\":\"Bonjour, je m'appelle Charles Martinez, r\u00e9dacteur passionn\u00e9 pour le m\u00e9dia RVH-synergie.org, d\u00e9di\u00e9 aux addictions et aux maladies. Depuis plus de dix ans, j'explore et rapporte les histoires poignantes des individus confront\u00e9s \u00e0 ces d\u00e9fis, tout en sensibilisant le public aux traitements novateurs et aux progr\u00e8s scientifiques dans ce domaine. Mon engagement r\u00e9side dans l'espoir de cr\u00e9er une communaut\u00e9 inform\u00e9e et empathique, pr\u00eate \u00e0 soutenir ceux qui luttent contre ces \u00e9preuves.\",\"sameAs\":[\"https:\/\/rvh-synergie.org\/\"]}]}<\/script>\n<!-- \/ Yoast SEO plugin. -->","yoast_head_json":{"title":"Les disparit\u00e9s raciales dans les prescriptions d'opio\u00efdes persistent malgr\u00e9 les facteurs socio-\u00e9conomiques - RVH-Synergie.org","robots":{"index":"index","follow":"follow","max-snippet":"max-snippet:-1","max-image-preview":"max-image-preview:large","max-video-preview":"max-video-preview:-1"},"canonical":"https:\/\/rvh-synergie.org\/actualites\/les-disparites-raciales-dans-les-prescriptions-dopioides-persistent-malgre-les-facteurs-socio-economiques\/","og_locale":"fr_FR","og_type":"article","og_title":"Les disparit\u00e9s raciales dans les prescriptions d'opio\u00efdes persistent malgr\u00e9 les facteurs socio-\u00e9conomiques - RVH-Synergie.org","og_description":"Les communaut\u00e9s non blanches avaient beaucoup moins acc\u00e8s aux m\u00e9dicaments opio\u00efdes couramment prescrits pour les","og_url":"https:\/\/rvh-synergie.org\/actualites\/les-disparites-raciales-dans-les-prescriptions-dopioides-persistent-malgre-les-facteurs-socio-economiques\/","og_site_name":"RVH-Synergie","article_published_time":"2025-01-23T17:55:51+00:00","article_modified_time":"2025-01-23T17:56:04+00:00","og_image":[{"width":2560,"height":1707,"url":"https:\/\/rvh-synergie.org\/actualites\/wp-content\/uploads\/2025\/01\/1737654951_Les-disparites-raciales-dans-les-prescriptions-dopioides-persistent-malgre-les-scaled.jpg","type":"image\/jpeg"}],"author":"Charles Martinez","twitter_card":"summary_large_image","twitter_misc":{"\u00c9crit par":"Charles Martinez","Dur\u00e9e de lecture estim\u00e9e":"3 minutes"},"schema":{"@context":"https:\/\/schema.org","@graph":[{"@type":"Article","@id":"https:\/\/rvh-synergie.org\/actualites\/les-disparites-raciales-dans-les-prescriptions-dopioides-persistent-malgre-les-facteurs-socio-economiques\/#article","isPartOf":{"@id":"https:\/\/rvh-synergie.org\/actualites\/les-disparites-raciales-dans-les-prescriptions-dopioides-persistent-malgre-les-facteurs-socio-economiques\/"},"author":{"name":"Charles Martinez","@id":"https:\/\/rvh-synergie.org\/actualites\/#\/schema\/person\/aa5ea98671fb4e8620f488a0795d2560"},"headline":"Les disparit\u00e9s raciales dans les prescriptions d&rsquo;opio\u00efdes persistent malgr\u00e9 les facteurs socio-\u00e9conomiques","datePublished":"2025-01-23T17:55:51+00:00","dateModified":"2025-01-23T17:56:04+00:00","mainEntityOfPage":{"@id":"https:\/\/rvh-synergie.org\/actualites\/les-disparites-raciales-dans-les-prescriptions-dopioides-persistent-malgre-les-facteurs-socio-economiques\/"},"wordCount":579,"publisher":{"@id":"https:\/\/rvh-synergie.org\/actualites\/#organization"},"image":{"@id":"https:\/\/rvh-synergie.org\/actualites\/les-disparites-raciales-dans-les-prescriptions-dopioides-persistent-malgre-les-facteurs-socio-economiques\/#primaryimage"},"thumbnailUrl":"https:\/\/rvh-synergie.org\/actualites\/wp-content\/uploads\/2025\/01\/1737654951_Les-disparites-raciales-dans-les-prescriptions-dopioides-persistent-malgre-les-scaled.jpg","keywords":["dans","disparit\u00e9s","dopio\u00efdes","facteurs","Les","malgr\u00e9","persistent","prescriptions","raciales","socio\u00e9conomiques"],"articleSection":["Les addictions"],"inLanguage":"fr-FR"},{"@type":"WebPage","@id":"https:\/\/rvh-synergie.org\/actualites\/les-disparites-raciales-dans-les-prescriptions-dopioides-persistent-malgre-les-facteurs-socio-economiques\/","url":"https:\/\/rvh-synergie.org\/actualites\/les-disparites-raciales-dans-les-prescriptions-dopioides-persistent-malgre-les-facteurs-socio-economiques\/","name":"Les disparit\u00e9s raciales dans les prescriptions d'opio\u00efdes persistent malgr\u00e9 les facteurs socio-\u00e9conomiques - RVH-Synergie.org","isPartOf":{"@id":"https:\/\/rvh-synergie.org\/actualites\/#website"},"primaryImageOfPage":{"@id":"https:\/\/rvh-synergie.org\/actualites\/les-disparites-raciales-dans-les-prescriptions-dopioides-persistent-malgre-les-facteurs-socio-economiques\/#primaryimage"},"image":{"@id":"https:\/\/rvh-synergie.org\/actualites\/les-disparites-raciales-dans-les-prescriptions-dopioides-persistent-malgre-les-facteurs-socio-economiques\/#primaryimage"},"thumbnailUrl":"https:\/\/rvh-synergie.org\/actualites\/wp-content\/uploads\/2025\/01\/1737654951_Les-disparites-raciales-dans-les-prescriptions-dopioides-persistent-malgre-les-scaled.jpg","datePublished":"2025-01-23T17:55:51+00:00","dateModified":"2025-01-23T17:56:04+00:00","breadcrumb":{"@id":"https:\/\/rvh-synergie.org\/actualites\/les-disparites-raciales-dans-les-prescriptions-dopioides-persistent-malgre-les-facteurs-socio-economiques\/#breadcrumb"},"inLanguage":"fr-FR","potentialAction":[{"@type":"ReadAction","target":["https:\/\/rvh-synergie.org\/actualites\/les-disparites-raciales-dans-les-prescriptions-dopioides-persistent-malgre-les-facteurs-socio-economiques\/"]}]},{"@type":"ImageObject","inLanguage":"fr-FR","@id":"https:\/\/rvh-synergie.org\/actualites\/les-disparites-raciales-dans-les-prescriptions-dopioides-persistent-malgre-les-facteurs-socio-economiques\/#primaryimage","url":"https:\/\/rvh-synergie.org\/actualites\/wp-content\/uploads\/2025\/01\/1737654951_Les-disparites-raciales-dans-les-prescriptions-dopioides-persistent-malgre-les-scaled.jpg","contentUrl":"https:\/\/rvh-synergie.org\/actualites\/wp-content\/uploads\/2025\/01\/1737654951_Les-disparites-raciales-dans-les-prescriptions-dopioides-persistent-malgre-les-scaled.jpg","width":2560,"height":1707,"caption":"Les disparit\u00e9s raciales dans les prescriptions d'opio\u00efdes persistent malgr\u00e9 les facteurs socio-\u00e9conomiques"},{"@type":"BreadcrumbList","@id":"https:\/\/rvh-synergie.org\/actualites\/les-disparites-raciales-dans-les-prescriptions-dopioides-persistent-malgre-les-facteurs-socio-economiques\/#breadcrumb","itemListElement":[{"@type":"ListItem","position":1,"name":"Accueil","item":"https:\/\/rvh-synergie.org\/actualites\/"},{"@type":"ListItem","position":2,"name":"Les disparit\u00e9s raciales dans les prescriptions d&rsquo;opio\u00efdes persistent malgr\u00e9 les facteurs socio-\u00e9conomiques"}]},{"@type":"WebSite","@id":"https:\/\/rvh-synergie.org\/actualites\/#website","url":"https:\/\/rvh-synergie.org\/actualites\/","name":"RVH-Synergie.org","description":"RVH-Synergie, site ind\u00e9pendant d&#039;informations sur la prise en charge des addictions.","publisher":{"@id":"https:\/\/rvh-synergie.org\/actualites\/#organization"},"potentialAction":[{"@type":"SearchAction","target":{"@type":"EntryPoint","urlTemplate":"https:\/\/rvh-synergie.org\/actualites\/?s={search_term_string}"},"query-input":{"@type":"PropertyValueSpecification","valueRequired":true,"valueName":"search_term_string"}}],"inLanguage":"fr-FR"},{"@type":"Organization","@id":"https:\/\/rvh-synergie.org\/actualites\/#organization","name":"RVH-Synergie.org","url":"https:\/\/rvh-synergie.org\/actualites\/","logo":{"@type":"ImageObject","inLanguage":"fr-FR","@id":"https:\/\/rvh-synergie.org\/actualites\/#\/schema\/logo\/image\/","url":"https:\/\/rvh-synergie.org\/actualites\/wp-content\/uploads\/2024\/09\/favicon.png","contentUrl":"https:\/\/rvh-synergie.org\/actualites\/wp-content\/uploads\/2024\/09\/favicon.png","width":512,"height":512,"caption":"RVH-Synergie.org"},"image":{"@id":"https:\/\/rvh-synergie.org\/actualites\/#\/schema\/logo\/image\/"}},{"@type":"Person","@id":"https:\/\/rvh-synergie.org\/actualites\/#\/schema\/person\/aa5ea98671fb4e8620f488a0795d2560","name":"Charles Martinez","image":{"@type":"ImageObject","inLanguage":"fr-FR","@id":"https:\/\/rvh-synergie.org\/actualites\/#\/schema\/person\/image\/","url":"https:\/\/rvh-synergie.org\/actualites\/wp-content\/uploads\/2024\/09\/charles-martinez-scaled.jpg","contentUrl":"https:\/\/rvh-synergie.org\/actualites\/wp-content\/uploads\/2024\/09\/charles-martinez-scaled.jpg","caption":"Charles Martinez"},"description":"Bonjour, je m'appelle Charles Martinez, r\u00e9dacteur passionn\u00e9 pour le m\u00e9dia RVH-synergie.org, d\u00e9di\u00e9 aux addictions et aux maladies. Depuis plus de dix ans, j'explore et rapporte les histoires poignantes des individus confront\u00e9s \u00e0 ces d\u00e9fis, tout en sensibilisant le public aux traitements novateurs et aux progr\u00e8s scientifiques dans ce domaine. Mon engagement r\u00e9side dans l'espoir de cr\u00e9er une communaut\u00e9 inform\u00e9e et empathique, pr\u00eate \u00e0 soutenir ceux qui luttent contre ces \u00e9preuves.","sameAs":["https:\/\/rvh-synergie.org\/"]}]}},"_links":{"self":[{"href":"https:\/\/rvh-synergie.org\/actualites\/wp-json\/wp\/v2\/posts\/3755","targetHints":{"allow":["GET"]}}],"collection":[{"href":"https:\/\/rvh-synergie.org\/actualites\/wp-json\/wp\/v2\/posts"}],"about":[{"href":"https:\/\/rvh-synergie.org\/actualites\/wp-json\/wp\/v2\/types\/post"}],"author":[{"embeddable":true,"href":"https:\/\/rvh-synergie.org\/actualites\/wp-json\/wp\/v2\/users\/1"}],"replies":[{"embeddable":true,"href":"https:\/\/rvh-synergie.org\/actualites\/wp-json\/wp\/v2\/comments?post=3755"}],"version-history":[{"count":0,"href":"https:\/\/rvh-synergie.org\/actualites\/wp-json\/wp\/v2\/posts\/3755\/revisions"}],"wp:featuredmedia":[{"embeddable":true,"href":"https:\/\/rvh-synergie.org\/actualites\/wp-json\/wp\/v2\/media\/3756"}],"wp:attachment":[{"href":"https:\/\/rvh-synergie.org\/actualites\/wp-json\/wp\/v2\/media?parent=3755"}],"wp:term":[{"taxonomy":"category","embeddable":true,"href":"https:\/\/rvh-synergie.org\/actualites\/wp-json\/wp\/v2\/categories?post=3755"},{"taxonomy":"post_tag","embeddable":true,"href":"https:\/\/rvh-synergie.org\/actualites\/wp-json\/wp\/v2\/tags?post=3755"}],"curies":[{"name":"wp","href":"https:\/\/api.w.org\/{rel}","templated":true}]}}