{"id":3749,"date":"2025-01-23T13:57:36","date_gmt":"2025-01-23T12:57:36","guid":{"rendered":"https:\/\/rvh-synergie.org\/actualites\/les-femmes-ont-un-risque-associe-31-plus-eleve-de-developper-un-long-covid-selon-une-etude\/"},"modified":"2025-01-23T13:57:48","modified_gmt":"2025-01-23T12:57:48","slug":"les-femmes-ont-un-risque-associe-31-plus-eleve-de-developper-un-long-covid-selon-une-etude","status":"publish","type":"post","link":"https:\/\/rvh-synergie.org\/actualites\/les-femmes-ont-un-risque-associe-31-plus-eleve-de-developper-un-long-covid-selon-une-etude\/","title":{"rendered":"Les femmes ont un risque associ\u00e9 31 % plus \u00e9lev\u00e9 de d\u00e9velopper un long COVID, selon une \u00e9tude"},"content":{"rendered":"<div>\n<div class=\"article-gallery lightGallery\">\n<div data-thumb=\"https:\/\/scx1.b-cdn.net\/csz\/news\/tmb\/2021\/1-mask.jpg\" data-src=\"https:\/\/scx2.b-cdn.net\/gfx\/news\/hires\/2021\/1-mask.jpg\" data-sub-html=\"Credit: Unsplash\/CC0 Public Domain\">\n<figure class=\"article-img\">\n<\/figure><\/div>\n<\/div>\n<p>Les femmes ont un risque associ\u00e9 31 % plus \u00e9lev\u00e9 de d\u00e9velopper un long COVID, les femmes \u00e2g\u00e9es de 40 \u00e0 55 ans ayant la propension la plus \u00e9lev\u00e9e, selon une \u00e9tude men\u00e9e par le Centre des sciences de la sant\u00e9 de l\u2019Universit\u00e9 du Texas \u00e0 San Antonio (UT Health San Antonio).<\/p>\n<p>Les r\u00e9sultats font partie d\u2019une initiative nationale lanc\u00e9e par le NIH, appel\u00e9e Researching COVID to Enhance Recovery, ou RECOVER, pour comprendre les effets \u00e0 long terme du COVID-19 sur la sant\u00e9.<\/p>\n<p>La derni\u00e8re \u00e9tude a suivi 12\u00a0276 participants au fil du temps pour identifier le risque de d\u00e9velopper une longue COVID, et a trouv\u00e9 que les femmes pr\u00e9sentaient un \u00ab\u00a0rapport de risque\u00a0\u00bb de 1,31 par rapport aux hommes, ce qui \u00e9quivaut \u00e0 un risque associ\u00e9 31\u00a0% plus \u00e9lev\u00e9, m\u00eame en tenant compte de facteurs tels que la race, l&rsquo;origine ethnique, le COVID. variante, la gravit\u00e9 de l\u2019infection au COVID et d\u2019autres facteurs sociaux non m\u00e9dicaux qui affectent la sant\u00e9.<\/p>\n<p>Le risque chez les femmes de d\u00e9velopper une longue COVID d\u00e9pendait de l\u2019\u00e2ge, de la grossesse et de l\u2019\u00e9tat de la m\u00e9nopause.<\/p>\n<p>\u00ab\u00a0Ces r\u00e9sultats montrent que les patients et les \u00e9quipes de soins de sant\u00e9 devraient prendre en compte les diff\u00e9rences de risque de COVID long en ce qui concerne le sexe attribu\u00e9 \u00e0 la naissance\u00a0\u00bb, a d\u00e9clar\u00e9 Dimpy Shah, MD, Ph.D., professeur adjoint de sciences de la sant\u00e9 des populations au Joe R. et \u00c9cole de m\u00e9decine Teresa Lozano Long de UT Health San Antonio. \u00ab\u00a0Comprendre ces diff\u00e9rences peut nous aider \u00e0 reconna\u00eetre et \u00e0 traiter plus efficacement les patients atteints de COVID long.\u00a0\u00bb<\/p>\n<p>Shah est l&rsquo;auteur correspondant de l&rsquo;\u00e9tude intitul\u00e9e \u00ab\u00a0Sex Differences in Long COVID\u00a0\u00bb, publi\u00e9e le 22 janvier 2025 dans <i>R\u00e9seau JAMA ouvert<\/i>.<\/p>\n<p>\u00ab Cette \u00e9tude importante de la cohorte RECOVER identifie les facteurs de risque de COVID long qui sont essentiels pour fournir des informations sur la pr\u00e9vention et le traitement de cette maladie souvent d\u00e9bilitante \u00bb, a d\u00e9clar\u00e9 Thomas Patterson, MD, MACP, professeur de m\u00e9decine et chef de la Division des maladies infectieuses. avec la Long School of Medicine de l&rsquo;UT Health San Antonio et chercheur principal pour PREVAIL South Texas, le centre RECOVER de l&rsquo;UT Health San Antonio.<\/p>\n<h2>La plus grande \u00e9tude de cohorte sur le COVID long<\/h2>\n<p>Dans le monde, le SRAS-CoV-2, une souche du coronavirus responsable du COVID-19, a infect\u00e9 plus de 700 millions de personnes, avec environ 7 millions de d\u00e9c\u00e8s, note l&rsquo;\u00e9tude. Bien que de nombreuses personnes se r\u00e9tablissent d\u2019une forme aigu\u00eb de COVID-19, une partie importante subit des effets \u00e0 long terme, appel\u00e9s COVID long ou \u00e9tat post-COVID.<\/p>\n<p>D\u2019autres maladies post-virales et auto-immunes ont une pr\u00e9dominance f\u00e9minine, mais il reste incertain qu\u2019il en soit de m\u00eame pour les COVID longs, en particulier au sein de diff\u00e9rents sous-groupes.<\/p>\n<p>De nombreuses \u00e9tudes ont montr\u00e9 que les hommes pr\u00e9sentent des cas aigus de COVID-19 plus graves et une mortalit\u00e9 plus \u00e9lev\u00e9e que les femmes. Cependant, de nouvelles publications sugg\u00e8rent que les femmes courent un plus grand risque de pr\u00e9senter des sympt\u00f4mes nouveaux et persistants apr\u00e8s une infection initiale.<\/p>\n<p>Les \u00e9tudes n\u2019ont pas encore pleinement pris en compte les facteurs susceptibles de fausser l\u2019estimation r\u00e9elle du risque biologique li\u00e9 au sexe, comme l\u2019\u00e2ge, l\u2019\u00e9tat menstruel, les comorbidit\u00e9s, le statut vaccinal, les variantes pr\u00e9occupantes, la gravit\u00e9 de la maladie aigu\u00eb et l\u2019engagement diff\u00e9rentiel dans les soins de sant\u00e9. Certaines \u00e9tudes reposaient sur des \u00e9chantillons de taille relativement petite ou manquant de diversit\u00e9 ethnique ou raciale.<\/p>\n<p>Les chercheurs de RECOVER ont entrepris d&rsquo;\u00e9valuer les diff\u00e9rences entre les sexes dans le risque de d\u00e9velopper un long COVD chez les adultes infect\u00e9s par le SRAS-CoV-2, ce qui tient compte des facteurs de distorsion et repr\u00e9sente la plus grande cohorte \u00e0 ce jour suivie dans une \u00e9tude d&rsquo;histoire naturelle du long COVID. L&rsquo;\u00e9tude de cohorte a utilis\u00e9 les donn\u00e9es de la cohorte NIH RECOVER-Adult, compos\u00e9e d&rsquo;individus inscrits et suivis de mani\u00e8re prospective dans 83 sites r\u00e9partis dans 33 \u00c9tats, \u00e0 Washington, DC et \u00e0 Porto Rico.<\/p>\n<p>Les donn\u00e9es ont \u00e9t\u00e9 examin\u00e9es aupr\u00e8s des participants inscrits entre le 29 octobre 2021 et le 5 juillet 2024, qui ont eu une visite d\u2019\u00e9tude admissible 6 mois ou plus apr\u00e8s leur infection initiale au COVID-19. Le sexe a \u00e9t\u00e9 d\u00e9fini comme le sexe autod\u00e9clar\u00e9 attribu\u00e9 \u00e0 la naissance.<\/p>\n<p>Les scientifiques ont mesur\u00e9 le d\u00e9veloppement d\u2019un long COVID \u00e0 l\u2019aide d\u2019un questionnaire bas\u00e9 sur les sympt\u00f4mes autod\u00e9clar\u00e9s et de lignes directrices de notation lors de la premi\u00e8re visite d\u2019\u00e9tude. Ils ont utilis\u00e9 l\u2019appariement des scores de propension pour estimer les risques relatifs et les diff\u00e9rences de risque. Le mod\u00e8le complet comprenait les caract\u00e9ristiques d\u00e9mographiques et cliniques ainsi que les d\u00e9terminants sociaux de la sant\u00e9, avec un mod\u00e8le r\u00e9duit incluant uniquement l&rsquo;\u00e2ge, la race et l&rsquo;origine ethnique.<\/p>\n<p>Le mod\u00e8le complet a r\u00e9v\u00e9l\u00e9 un risque 31 % plus \u00e9lev\u00e9 pour les femmes, avec un \u00e2ge moyen d&rsquo;infection de 46 ans. Parmi les participants \u00e2g\u00e9s de 40 \u00e0 54 ans, le risque \u00e9tait encore plus \u00e9lev\u00e9\u00a0: 42\u00a0% plus \u00e9lev\u00e9 chez les participantes m\u00e9nopaus\u00e9es et 45\u00a0% plus \u00e9lev\u00e9 chez les participantes non m\u00e9nopaus\u00e9es, par rapport aux participants masculins.<\/p>\n<p>\u00ab\u00a0Cette \u00e9tude nous apporte de nouvelles connaissances et s&rsquo;appuie sur d&rsquo;autres \u00e9tudes qui ont \u00e9galement examin\u00e9 le sexe attribu\u00e9 \u00e0 la naissance et le long COVID\u00a0\u00bb, a d\u00e9clar\u00e9 Shah. \u00ab En raison de la taille de l&rsquo;\u00e9tude RECOVER et de la diversit\u00e9 des participants, nous avons eu une occasion sp\u00e9ciale d&rsquo;examiner le sexe attribu\u00e9 \u00e0 la naissance tout en consid\u00e9rant \u00e9galement des \u00e9l\u00e9ments tels que le statut vaccinal, les maladies auto-immunes, le diab\u00e8te, l&rsquo;IMC et la variante du COVID.<\/p>\n<p>\u00ab\u00a0Nous esp\u00e9rons que cela encouragera d&rsquo;autres chercheurs \u00e0 explorer pourquoi il existe des diff\u00e9rences dans le risque de d\u00e9velopper un long COVID en fonction du sexe attribu\u00e9 \u00e0 la naissance\u00a0\u00bb, a-t-elle d\u00e9clar\u00e9.<\/p>\n<p>                                        <!-- print only --><\/p><\/div>\n","protected":false},"excerpt":{"rendered":"<p>Les femmes ont un risque associ\u00e9 31 % plus \u00e9lev\u00e9 de d\u00e9velopper un long COVID,<\/p>\n","protected":false},"author":1,"featured_media":3750,"comment_status":"closed","ping_status":"","sticky":false,"template":"","format":"standard","meta":{"footnotes":""},"categories":[86],"tags":[819,618,41,105,48,297,49,619,66,40,46,47],"class_list":["post-3749","post","type-post","status-publish","format-standard","has-post-thumbnail","hentry","category-les-maladies","tag-associe","tag-covid","tag-developper","tag-eleve","tag-etude","tag-femmes","tag-les","tag-long","tag-ont","tag-risque","tag-selon","tag-une","generate-columns","tablet-grid-50","mobile-grid-100","grid-parent","grid-50","resize-featured-image"],"yoast_head":"<!-- This site is optimized with the Yoast SEO plugin v23.4 - https:\/\/yoast.com\/wordpress\/plugins\/seo\/ -->\n<title>Les femmes ont un risque associ\u00e9 31 % plus \u00e9lev\u00e9 de d\u00e9velopper un long COVID, selon une \u00e9tude - RVH-Synergie.org<\/title>\n<meta name=\"robots\" content=\"index, follow, max-snippet:-1, max-image-preview:large, max-video-preview:-1\" \/>\n<link rel=\"canonical\" href=\"https:\/\/rvh-synergie.org\/actualites\/les-femmes-ont-un-risque-associe-31-plus-eleve-de-developper-un-long-covid-selon-une-etude\/\" \/>\n<meta property=\"og:locale\" content=\"fr_FR\" \/>\n<meta property=\"og:type\" content=\"article\" \/>\n<meta property=\"og:title\" content=\"Les femmes ont un risque associ\u00e9 31 % plus \u00e9lev\u00e9 de d\u00e9velopper un long COVID, selon une \u00e9tude - RVH-Synergie.org\" \/>\n<meta property=\"og:description\" content=\"Les femmes ont un risque associ\u00e9 31 % plus \u00e9lev\u00e9 de d\u00e9velopper un long COVID,\" \/>\n<meta property=\"og:url\" content=\"https:\/\/rvh-synergie.org\/actualites\/les-femmes-ont-un-risque-associe-31-plus-eleve-de-developper-un-long-covid-selon-une-etude\/\" \/>\n<meta property=\"og:site_name\" content=\"RVH-Synergie\" \/>\n<meta property=\"article:published_time\" content=\"2025-01-23T12:57:36+00:00\" \/>\n<meta property=\"article:modified_time\" content=\"2025-01-23T12:57:48+00:00\" \/>\n<meta property=\"og:image\" content=\"https:\/\/rvh-synergie.org\/actualites\/wp-content\/uploads\/2025\/01\/1737637056_Les-femmes-ont-un-risque-associe-31-plus-eleve-scaled.jpg\" \/>\n\t<meta property=\"og:image:width\" content=\"2560\" \/>\n\t<meta property=\"og:image:height\" content=\"1707\" \/>\n\t<meta property=\"og:image:type\" content=\"image\/jpeg\" \/>\n<meta name=\"author\" content=\"Charles Martinez\" \/>\n<meta name=\"twitter:card\" content=\"summary_large_image\" \/>\n<meta name=\"twitter:label1\" content=\"\u00c9crit par\" \/>\n\t<meta name=\"twitter:data1\" content=\"Charles Martinez\" \/>\n\t<meta name=\"twitter:label2\" content=\"Dur\u00e9e de lecture estim\u00e9e\" \/>\n\t<meta name=\"twitter:data2\" content=\"5 minutes\" \/>\n<script type=\"application\/ld+json\" class=\"yoast-schema-graph\">{\"@context\":\"https:\/\/schema.org\",\"@graph\":[{\"@type\":\"Article\",\"@id\":\"https:\/\/rvh-synergie.org\/actualites\/les-femmes-ont-un-risque-associe-31-plus-eleve-de-developper-un-long-covid-selon-une-etude\/#article\",\"isPartOf\":{\"@id\":\"https:\/\/rvh-synergie.org\/actualites\/les-femmes-ont-un-risque-associe-31-plus-eleve-de-developper-un-long-covid-selon-une-etude\/\"},\"author\":{\"name\":\"Charles Martinez\",\"@id\":\"https:\/\/rvh-synergie.org\/actualites\/#\/schema\/person\/aa5ea98671fb4e8620f488a0795d2560\"},\"headline\":\"Les femmes ont un risque associ\u00e9 31 % plus \u00e9lev\u00e9 de d\u00e9velopper un long COVID, selon une \u00e9tude\",\"datePublished\":\"2025-01-23T12:57:36+00:00\",\"dateModified\":\"2025-01-23T12:57:48+00:00\",\"mainEntityOfPage\":{\"@id\":\"https:\/\/rvh-synergie.org\/actualites\/les-femmes-ont-un-risque-associe-31-plus-eleve-de-developper-un-long-covid-selon-une-etude\/\"},\"wordCount\":1054,\"publisher\":{\"@id\":\"https:\/\/rvh-synergie.org\/actualites\/#organization\"},\"image\":{\"@id\":\"https:\/\/rvh-synergie.org\/actualites\/les-femmes-ont-un-risque-associe-31-plus-eleve-de-developper-un-long-covid-selon-une-etude\/#primaryimage\"},\"thumbnailUrl\":\"https:\/\/rvh-synergie.org\/actualites\/wp-content\/uploads\/2025\/01\/1737637056_Les-femmes-ont-un-risque-associe-31-plus-eleve-scaled.jpg\",\"keywords\":[\"associ\u00e9\",\"COVID\",\"d\u00e9velopper\",\"\u00e9lev\u00e9\",\"\u00e9tude\",\"femmes\",\"Les\",\"long\",\"ont\",\"risque\",\"selon\",\"une\"],\"articleSection\":[\"Les maladies\"],\"inLanguage\":\"fr-FR\"},{\"@type\":\"WebPage\",\"@id\":\"https:\/\/rvh-synergie.org\/actualites\/les-femmes-ont-un-risque-associe-31-plus-eleve-de-developper-un-long-covid-selon-une-etude\/\",\"url\":\"https:\/\/rvh-synergie.org\/actualites\/les-femmes-ont-un-risque-associe-31-plus-eleve-de-developper-un-long-covid-selon-une-etude\/\",\"name\":\"Les femmes ont un risque associ\u00e9 31 % plus \u00e9lev\u00e9 de d\u00e9velopper un long COVID, selon une \u00e9tude - RVH-Synergie.org\",\"isPartOf\":{\"@id\":\"https:\/\/rvh-synergie.org\/actualites\/#website\"},\"primaryImageOfPage\":{\"@id\":\"https:\/\/rvh-synergie.org\/actualites\/les-femmes-ont-un-risque-associe-31-plus-eleve-de-developper-un-long-covid-selon-une-etude\/#primaryimage\"},\"image\":{\"@id\":\"https:\/\/rvh-synergie.org\/actualites\/les-femmes-ont-un-risque-associe-31-plus-eleve-de-developper-un-long-covid-selon-une-etude\/#primaryimage\"},\"thumbnailUrl\":\"https:\/\/rvh-synergie.org\/actualites\/wp-content\/uploads\/2025\/01\/1737637056_Les-femmes-ont-un-risque-associe-31-plus-eleve-scaled.jpg\",\"datePublished\":\"2025-01-23T12:57:36+00:00\",\"dateModified\":\"2025-01-23T12:57:48+00:00\",\"breadcrumb\":{\"@id\":\"https:\/\/rvh-synergie.org\/actualites\/les-femmes-ont-un-risque-associe-31-plus-eleve-de-developper-un-long-covid-selon-une-etude\/#breadcrumb\"},\"inLanguage\":\"fr-FR\",\"potentialAction\":[{\"@type\":\"ReadAction\",\"target\":[\"https:\/\/rvh-synergie.org\/actualites\/les-femmes-ont-un-risque-associe-31-plus-eleve-de-developper-un-long-covid-selon-une-etude\/\"]}]},{\"@type\":\"ImageObject\",\"inLanguage\":\"fr-FR\",\"@id\":\"https:\/\/rvh-synergie.org\/actualites\/les-femmes-ont-un-risque-associe-31-plus-eleve-de-developper-un-long-covid-selon-une-etude\/#primaryimage\",\"url\":\"https:\/\/rvh-synergie.org\/actualites\/wp-content\/uploads\/2025\/01\/1737637056_Les-femmes-ont-un-risque-associe-31-plus-eleve-scaled.jpg\",\"contentUrl\":\"https:\/\/rvh-synergie.org\/actualites\/wp-content\/uploads\/2025\/01\/1737637056_Les-femmes-ont-un-risque-associe-31-plus-eleve-scaled.jpg\",\"width\":2560,\"height\":1707,\"caption\":\"Les femmes ont un risque associ\u00e9 31 % plus \u00e9lev\u00e9 de d\u00e9velopper un long COVID, selon une \u00e9tude\"},{\"@type\":\"BreadcrumbList\",\"@id\":\"https:\/\/rvh-synergie.org\/actualites\/les-femmes-ont-un-risque-associe-31-plus-eleve-de-developper-un-long-covid-selon-une-etude\/#breadcrumb\",\"itemListElement\":[{\"@type\":\"ListItem\",\"position\":1,\"name\":\"Accueil\",\"item\":\"https:\/\/rvh-synergie.org\/actualites\/\"},{\"@type\":\"ListItem\",\"position\":2,\"name\":\"Les femmes ont un risque associ\u00e9 31 % plus \u00e9lev\u00e9 de d\u00e9velopper un long COVID, selon une \u00e9tude\"}]},{\"@type\":\"WebSite\",\"@id\":\"https:\/\/rvh-synergie.org\/actualites\/#website\",\"url\":\"https:\/\/rvh-synergie.org\/actualites\/\",\"name\":\"RVH-Synergie.org\",\"description\":\"RVH-Synergie, site ind\u00e9pendant d&#039;informations sur la prise en charge des addictions.\",\"publisher\":{\"@id\":\"https:\/\/rvh-synergie.org\/actualites\/#organization\"},\"potentialAction\":[{\"@type\":\"SearchAction\",\"target\":{\"@type\":\"EntryPoint\",\"urlTemplate\":\"https:\/\/rvh-synergie.org\/actualites\/?s={search_term_string}\"},\"query-input\":{\"@type\":\"PropertyValueSpecification\",\"valueRequired\":true,\"valueName\":\"search_term_string\"}}],\"inLanguage\":\"fr-FR\"},{\"@type\":\"Organization\",\"@id\":\"https:\/\/rvh-synergie.org\/actualites\/#organization\",\"name\":\"RVH-Synergie.org\",\"url\":\"https:\/\/rvh-synergie.org\/actualites\/\",\"logo\":{\"@type\":\"ImageObject\",\"inLanguage\":\"fr-FR\",\"@id\":\"https:\/\/rvh-synergie.org\/actualites\/#\/schema\/logo\/image\/\",\"url\":\"https:\/\/rvh-synergie.org\/actualites\/wp-content\/uploads\/2024\/09\/favicon.png\",\"contentUrl\":\"https:\/\/rvh-synergie.org\/actualites\/wp-content\/uploads\/2024\/09\/favicon.png\",\"width\":512,\"height\":512,\"caption\":\"RVH-Synergie.org\"},\"image\":{\"@id\":\"https:\/\/rvh-synergie.org\/actualites\/#\/schema\/logo\/image\/\"}},{\"@type\":\"Person\",\"@id\":\"https:\/\/rvh-synergie.org\/actualites\/#\/schema\/person\/aa5ea98671fb4e8620f488a0795d2560\",\"name\":\"Charles Martinez\",\"image\":{\"@type\":\"ImageObject\",\"inLanguage\":\"fr-FR\",\"@id\":\"https:\/\/rvh-synergie.org\/actualites\/#\/schema\/person\/image\/\",\"url\":\"https:\/\/rvh-synergie.org\/actualites\/wp-content\/uploads\/2024\/09\/charles-martinez-scaled.jpg\",\"contentUrl\":\"https:\/\/rvh-synergie.org\/actualites\/wp-content\/uploads\/2024\/09\/charles-martinez-scaled.jpg\",\"caption\":\"Charles Martinez\"},\"description\":\"Bonjour, je m'appelle Charles Martinez, r\u00e9dacteur passionn\u00e9 pour le m\u00e9dia RVH-synergie.org, d\u00e9di\u00e9 aux addictions et aux maladies. Depuis plus de dix ans, j'explore et rapporte les histoires poignantes des individus confront\u00e9s \u00e0 ces d\u00e9fis, tout en sensibilisant le public aux traitements novateurs et aux progr\u00e8s scientifiques dans ce domaine. Mon engagement r\u00e9side dans l'espoir de cr\u00e9er une communaut\u00e9 inform\u00e9e et empathique, pr\u00eate \u00e0 soutenir ceux qui luttent contre ces \u00e9preuves.\",\"sameAs\":[\"https:\/\/rvh-synergie.org\/\"]}]}<\/script>\n<!-- \/ Yoast SEO plugin. -->","yoast_head_json":{"title":"Les femmes ont un risque associ\u00e9 31 % plus \u00e9lev\u00e9 de d\u00e9velopper un long COVID, selon une \u00e9tude - RVH-Synergie.org","robots":{"index":"index","follow":"follow","max-snippet":"max-snippet:-1","max-image-preview":"max-image-preview:large","max-video-preview":"max-video-preview:-1"},"canonical":"https:\/\/rvh-synergie.org\/actualites\/les-femmes-ont-un-risque-associe-31-plus-eleve-de-developper-un-long-covid-selon-une-etude\/","og_locale":"fr_FR","og_type":"article","og_title":"Les femmes ont un risque associ\u00e9 31 % plus \u00e9lev\u00e9 de d\u00e9velopper un long COVID, selon une \u00e9tude - RVH-Synergie.org","og_description":"Les femmes ont un risque associ\u00e9 31 % plus \u00e9lev\u00e9 de d\u00e9velopper un long COVID,","og_url":"https:\/\/rvh-synergie.org\/actualites\/les-femmes-ont-un-risque-associe-31-plus-eleve-de-developper-un-long-covid-selon-une-etude\/","og_site_name":"RVH-Synergie","article_published_time":"2025-01-23T12:57:36+00:00","article_modified_time":"2025-01-23T12:57:48+00:00","og_image":[{"width":2560,"height":1707,"url":"https:\/\/rvh-synergie.org\/actualites\/wp-content\/uploads\/2025\/01\/1737637056_Les-femmes-ont-un-risque-associe-31-plus-eleve-scaled.jpg","type":"image\/jpeg"}],"author":"Charles Martinez","twitter_card":"summary_large_image","twitter_misc":{"\u00c9crit par":"Charles Martinez","Dur\u00e9e de lecture estim\u00e9e":"5 minutes"},"schema":{"@context":"https:\/\/schema.org","@graph":[{"@type":"Article","@id":"https:\/\/rvh-synergie.org\/actualites\/les-femmes-ont-un-risque-associe-31-plus-eleve-de-developper-un-long-covid-selon-une-etude\/#article","isPartOf":{"@id":"https:\/\/rvh-synergie.org\/actualites\/les-femmes-ont-un-risque-associe-31-plus-eleve-de-developper-un-long-covid-selon-une-etude\/"},"author":{"name":"Charles Martinez","@id":"https:\/\/rvh-synergie.org\/actualites\/#\/schema\/person\/aa5ea98671fb4e8620f488a0795d2560"},"headline":"Les femmes ont un risque associ\u00e9 31 % plus \u00e9lev\u00e9 de d\u00e9velopper un long COVID, selon une \u00e9tude","datePublished":"2025-01-23T12:57:36+00:00","dateModified":"2025-01-23T12:57:48+00:00","mainEntityOfPage":{"@id":"https:\/\/rvh-synergie.org\/actualites\/les-femmes-ont-un-risque-associe-31-plus-eleve-de-developper-un-long-covid-selon-une-etude\/"},"wordCount":1054,"publisher":{"@id":"https:\/\/rvh-synergie.org\/actualites\/#organization"},"image":{"@id":"https:\/\/rvh-synergie.org\/actualites\/les-femmes-ont-un-risque-associe-31-plus-eleve-de-developper-un-long-covid-selon-une-etude\/#primaryimage"},"thumbnailUrl":"https:\/\/rvh-synergie.org\/actualites\/wp-content\/uploads\/2025\/01\/1737637056_Les-femmes-ont-un-risque-associe-31-plus-eleve-scaled.jpg","keywords":["associ\u00e9","COVID","d\u00e9velopper","\u00e9lev\u00e9","\u00e9tude","femmes","Les","long","ont","risque","selon","une"],"articleSection":["Les maladies"],"inLanguage":"fr-FR"},{"@type":"WebPage","@id":"https:\/\/rvh-synergie.org\/actualites\/les-femmes-ont-un-risque-associe-31-plus-eleve-de-developper-un-long-covid-selon-une-etude\/","url":"https:\/\/rvh-synergie.org\/actualites\/les-femmes-ont-un-risque-associe-31-plus-eleve-de-developper-un-long-covid-selon-une-etude\/","name":"Les femmes ont un risque associ\u00e9 31 % plus \u00e9lev\u00e9 de d\u00e9velopper un long COVID, selon une \u00e9tude - RVH-Synergie.org","isPartOf":{"@id":"https:\/\/rvh-synergie.org\/actualites\/#website"},"primaryImageOfPage":{"@id":"https:\/\/rvh-synergie.org\/actualites\/les-femmes-ont-un-risque-associe-31-plus-eleve-de-developper-un-long-covid-selon-une-etude\/#primaryimage"},"image":{"@id":"https:\/\/rvh-synergie.org\/actualites\/les-femmes-ont-un-risque-associe-31-plus-eleve-de-developper-un-long-covid-selon-une-etude\/#primaryimage"},"thumbnailUrl":"https:\/\/rvh-synergie.org\/actualites\/wp-content\/uploads\/2025\/01\/1737637056_Les-femmes-ont-un-risque-associe-31-plus-eleve-scaled.jpg","datePublished":"2025-01-23T12:57:36+00:00","dateModified":"2025-01-23T12:57:48+00:00","breadcrumb":{"@id":"https:\/\/rvh-synergie.org\/actualites\/les-femmes-ont-un-risque-associe-31-plus-eleve-de-developper-un-long-covid-selon-une-etude\/#breadcrumb"},"inLanguage":"fr-FR","potentialAction":[{"@type":"ReadAction","target":["https:\/\/rvh-synergie.org\/actualites\/les-femmes-ont-un-risque-associe-31-plus-eleve-de-developper-un-long-covid-selon-une-etude\/"]}]},{"@type":"ImageObject","inLanguage":"fr-FR","@id":"https:\/\/rvh-synergie.org\/actualites\/les-femmes-ont-un-risque-associe-31-plus-eleve-de-developper-un-long-covid-selon-une-etude\/#primaryimage","url":"https:\/\/rvh-synergie.org\/actualites\/wp-content\/uploads\/2025\/01\/1737637056_Les-femmes-ont-un-risque-associe-31-plus-eleve-scaled.jpg","contentUrl":"https:\/\/rvh-synergie.org\/actualites\/wp-content\/uploads\/2025\/01\/1737637056_Les-femmes-ont-un-risque-associe-31-plus-eleve-scaled.jpg","width":2560,"height":1707,"caption":"Les femmes ont un risque associ\u00e9 31 % plus \u00e9lev\u00e9 de d\u00e9velopper un long COVID, selon une \u00e9tude"},{"@type":"BreadcrumbList","@id":"https:\/\/rvh-synergie.org\/actualites\/les-femmes-ont-un-risque-associe-31-plus-eleve-de-developper-un-long-covid-selon-une-etude\/#breadcrumb","itemListElement":[{"@type":"ListItem","position":1,"name":"Accueil","item":"https:\/\/rvh-synergie.org\/actualites\/"},{"@type":"ListItem","position":2,"name":"Les femmes ont un risque associ\u00e9 31 % plus \u00e9lev\u00e9 de d\u00e9velopper un long COVID, selon une \u00e9tude"}]},{"@type":"WebSite","@id":"https:\/\/rvh-synergie.org\/actualites\/#website","url":"https:\/\/rvh-synergie.org\/actualites\/","name":"RVH-Synergie.org","description":"RVH-Synergie, site ind\u00e9pendant d&#039;informations sur la prise en charge des addictions.","publisher":{"@id":"https:\/\/rvh-synergie.org\/actualites\/#organization"},"potentialAction":[{"@type":"SearchAction","target":{"@type":"EntryPoint","urlTemplate":"https:\/\/rvh-synergie.org\/actualites\/?s={search_term_string}"},"query-input":{"@type":"PropertyValueSpecification","valueRequired":true,"valueName":"search_term_string"}}],"inLanguage":"fr-FR"},{"@type":"Organization","@id":"https:\/\/rvh-synergie.org\/actualites\/#organization","name":"RVH-Synergie.org","url":"https:\/\/rvh-synergie.org\/actualites\/","logo":{"@type":"ImageObject","inLanguage":"fr-FR","@id":"https:\/\/rvh-synergie.org\/actualites\/#\/schema\/logo\/image\/","url":"https:\/\/rvh-synergie.org\/actualites\/wp-content\/uploads\/2024\/09\/favicon.png","contentUrl":"https:\/\/rvh-synergie.org\/actualites\/wp-content\/uploads\/2024\/09\/favicon.png","width":512,"height":512,"caption":"RVH-Synergie.org"},"image":{"@id":"https:\/\/rvh-synergie.org\/actualites\/#\/schema\/logo\/image\/"}},{"@type":"Person","@id":"https:\/\/rvh-synergie.org\/actualites\/#\/schema\/person\/aa5ea98671fb4e8620f488a0795d2560","name":"Charles Martinez","image":{"@type":"ImageObject","inLanguage":"fr-FR","@id":"https:\/\/rvh-synergie.org\/actualites\/#\/schema\/person\/image\/","url":"https:\/\/rvh-synergie.org\/actualites\/wp-content\/uploads\/2024\/09\/charles-martinez-scaled.jpg","contentUrl":"https:\/\/rvh-synergie.org\/actualites\/wp-content\/uploads\/2024\/09\/charles-martinez-scaled.jpg","caption":"Charles Martinez"},"description":"Bonjour, je m'appelle Charles Martinez, r\u00e9dacteur passionn\u00e9 pour le m\u00e9dia RVH-synergie.org, d\u00e9di\u00e9 aux addictions et aux maladies. Depuis plus de dix ans, j'explore et rapporte les histoires poignantes des individus confront\u00e9s \u00e0 ces d\u00e9fis, tout en sensibilisant le public aux traitements novateurs et aux progr\u00e8s scientifiques dans ce domaine. Mon engagement r\u00e9side dans l'espoir de cr\u00e9er une communaut\u00e9 inform\u00e9e et empathique, pr\u00eate \u00e0 soutenir ceux qui luttent contre ces \u00e9preuves.","sameAs":["https:\/\/rvh-synergie.org\/"]}]}},"_links":{"self":[{"href":"https:\/\/rvh-synergie.org\/actualites\/wp-json\/wp\/v2\/posts\/3749","targetHints":{"allow":["GET"]}}],"collection":[{"href":"https:\/\/rvh-synergie.org\/actualites\/wp-json\/wp\/v2\/posts"}],"about":[{"href":"https:\/\/rvh-synergie.org\/actualites\/wp-json\/wp\/v2\/types\/post"}],"author":[{"embeddable":true,"href":"https:\/\/rvh-synergie.org\/actualites\/wp-json\/wp\/v2\/users\/1"}],"replies":[{"embeddable":true,"href":"https:\/\/rvh-synergie.org\/actualites\/wp-json\/wp\/v2\/comments?post=3749"}],"version-history":[{"count":0,"href":"https:\/\/rvh-synergie.org\/actualites\/wp-json\/wp\/v2\/posts\/3749\/revisions"}],"wp:featuredmedia":[{"embeddable":true,"href":"https:\/\/rvh-synergie.org\/actualites\/wp-json\/wp\/v2\/media\/3750"}],"wp:attachment":[{"href":"https:\/\/rvh-synergie.org\/actualites\/wp-json\/wp\/v2\/media?parent=3749"}],"wp:term":[{"taxonomy":"category","embeddable":true,"href":"https:\/\/rvh-synergie.org\/actualites\/wp-json\/wp\/v2\/categories?post=3749"},{"taxonomy":"post_tag","embeddable":true,"href":"https:\/\/rvh-synergie.org\/actualites\/wp-json\/wp\/v2\/tags?post=3749"}],"curies":[{"name":"wp","href":"https:\/\/api.w.org\/{rel}","templated":true}]}}