{"id":3713,"date":"2025-01-22T09:55:46","date_gmt":"2025-01-22T08:55:46","guid":{"rendered":"https:\/\/rvh-synergie.org\/actualites\/un-medecin-discute-de-3-facons-de-prevenir-le-cancer-de-la-tete-et-du-cou\/"},"modified":"2025-01-22T09:55:56","modified_gmt":"2025-01-22T08:55:56","slug":"un-medecin-discute-de-3-facons-de-prevenir-le-cancer-de-la-tete-et-du-cou","status":"publish","type":"post","link":"https:\/\/rvh-synergie.org\/actualites\/un-medecin-discute-de-3-facons-de-prevenir-le-cancer-de-la-tete-et-du-cou\/","title":{"rendered":"Un m\u00e9decin discute de 3 fa\u00e7ons de pr\u00e9venir le cancer de la t\u00eate et du cou"},"content":{"rendered":"<div>\n<div class=\"article-gallery lightGallery\">\n<div data-thumb=\"https:\/\/scx1.b-cdn.net\/csz\/news\/tmb\/2022\/throat.jpg\" data-src=\"https:\/\/scx2.b-cdn.net\/gfx\/news\/hires\/2022\/throat.jpg\" data-sub-html=\"Credit: Unsplash\/CC0 Public Domain\">\n<figure class=\"article-img\">\n<\/figure><\/div>\n<\/div>\n<p>Le cancer de la gorge est l&rsquo;un des cancers qui connaissent la croissance la plus rapide et il est souvent li\u00e9 au virus du papillome humain (VPH). Le cancer de l&rsquo;oropharynx, ou cancer de la gorge, est un type de cancer de la t\u00eate et du cou qui peut \u00eatre divis\u00e9 en deux sous-groupes : les cancers associ\u00e9s au VPH et les cancers non associ\u00e9s au VPH. Selon le type de sous-groupe, ils sont trait\u00e9s diff\u00e9remment.<\/p>\n<p>Katharine Price, MD, oncologue m\u00e9dical au Mayo Clinic Comprehensive Cancer Center \u00e0 Rochester, affirme qu&rsquo;il existe trois fa\u00e7ons de r\u00e9duire vos risques et d&rsquo;aider \u00e0 pr\u00e9venir le cancer de la t\u00eate et du cou.<\/p>\n<p>La consommation de tabac et d&rsquo;alcool augmente le risque de tumeurs non li\u00e9es au VPH, tandis que le VPH est responsable d&rsquo;environ 70 % des cancers de la t\u00eate et du cou.<\/p>\n<p>\u00ab\u00a0Ce qui est important \u00e0 ce sujet, c&rsquo;est qu&rsquo;ils ont une biologie diff\u00e9rente et sont beaucoup plus traitables, ce qui signifie qu&rsquo;ils r\u00e9pondent mieux aux traitements et ont tendance \u00e0 avoir un taux de gu\u00e9rison plus \u00e9lev\u00e9. Nous les traitons en quelque sorte diff\u00e9remment de la fa\u00e7on dont nous traitons certains cancers non li\u00e9s au VPH. \u00ab\u00a0, dit le Dr Price.<\/p>\n<p>La chirurgie, la radioth\u00e9rapie et la chimioth\u00e9rapie sont toutes des options de traitement, mais le Dr Price affirme qu&rsquo;il est pr\u00e9f\u00e9rable de r\u00e9duire les risques d&rsquo;infection.<\/p>\n<p>\u00ab\u00a0Les trois grands : ne pas fumer, minimiser l&rsquo;alcool, puis vacciner contre le VPH\u00a0\u00bb, dit-elle. \u00ab\u00a0Nous savons que le tabagisme et l&rsquo;alcool sont d&rsquo;importants facteurs de risque de cancer de la t\u00eate et du cou si vous faites les deux. Cela augmente encore plus votre risque.\u00a0\u00bb<\/p>\n<p>Elle encourage \u00e9galement une alimentation saine.<\/p>\n<p>\u00ab\u00a0Nous devrions vraiment nous efforcer d&rsquo;avoir une bonne alimentation compl\u00e8te, en essayant de minimiser la consommation d&rsquo;aliments transform\u00e9s et de sucres raffin\u00e9s\u00a0\u00bb, explique le Dr Price.<\/p>\n<p>                                        <!-- print only --><\/p><\/div>\n","protected":false},"excerpt":{"rendered":"<p>Le cancer de la gorge est l&rsquo;un des cancers qui connaissent la croissance la plus<\/p>\n","protected":false},"author":1,"featured_media":3714,"comment_status":"closed","ping_status":"","sticky":false,"template":"","format":"standard","meta":{"footnotes":""},"categories":[86],"tags":[391,3634,988,30,1236,538,3633],"class_list":["post-3713","post","type-post","status-publish","format-standard","has-post-thumbnail","hentry","category-les-maladies","tag-cancer","tag-cou","tag-discute","tag-facons","tag-medecin","tag-prevenir","tag-tete","generate-columns","tablet-grid-50","mobile-grid-100","grid-parent","grid-50","resize-featured-image"],"yoast_head":"<!-- This site is optimized with the Yoast SEO plugin v23.4 - https:\/\/yoast.com\/wordpress\/plugins\/seo\/ -->\n<title>Un m\u00e9decin discute de 3 fa\u00e7ons de pr\u00e9venir le cancer de la t\u00eate et du cou - RVH-Synergie.org<\/title>\n<meta name=\"robots\" content=\"index, follow, max-snippet:-1, max-image-preview:large, max-video-preview:-1\" \/>\n<link rel=\"canonical\" href=\"https:\/\/rvh-synergie.org\/actualites\/un-medecin-discute-de-3-facons-de-prevenir-le-cancer-de-la-tete-et-du-cou\/\" \/>\n<meta property=\"og:locale\" content=\"fr_FR\" \/>\n<meta property=\"og:type\" content=\"article\" \/>\n<meta property=\"og:title\" content=\"Un m\u00e9decin discute de 3 fa\u00e7ons de pr\u00e9venir le cancer de la t\u00eate et du cou - RVH-Synergie.org\" \/>\n<meta property=\"og:description\" content=\"Le cancer de la gorge est l&rsquo;un des cancers qui connaissent la croissance la plus\" \/>\n<meta property=\"og:url\" content=\"https:\/\/rvh-synergie.org\/actualites\/un-medecin-discute-de-3-facons-de-prevenir-le-cancer-de-la-tete-et-du-cou\/\" \/>\n<meta property=\"og:site_name\" content=\"RVH-Synergie\" \/>\n<meta property=\"article:published_time\" content=\"2025-01-22T08:55:46+00:00\" \/>\n<meta property=\"article:modified_time\" content=\"2025-01-22T08:55:56+00:00\" \/>\n<meta property=\"og:image\" content=\"https:\/\/rvh-synergie.org\/actualites\/wp-content\/uploads\/2025\/01\/1737536146_Un-medecin-discute-de-3-facons-de-prevenir-le-cancer-scaled.jpg\" \/>\n\t<meta property=\"og:image:width\" content=\"2560\" \/>\n\t<meta property=\"og:image:height\" content=\"1440\" \/>\n\t<meta property=\"og:image:type\" content=\"image\/jpeg\" \/>\n<meta name=\"author\" content=\"Charles Martinez\" \/>\n<meta name=\"twitter:card\" content=\"summary_large_image\" \/>\n<meta name=\"twitter:label1\" content=\"\u00c9crit par\" \/>\n\t<meta name=\"twitter:data1\" content=\"Charles Martinez\" \/>\n\t<meta name=\"twitter:label2\" content=\"Dur\u00e9e de lecture estim\u00e9e\" \/>\n\t<meta name=\"twitter:data2\" content=\"2 minutes\" \/>\n<script type=\"application\/ld+json\" class=\"yoast-schema-graph\">{\"@context\":\"https:\/\/schema.org\",\"@graph\":[{\"@type\":\"Article\",\"@id\":\"https:\/\/rvh-synergie.org\/actualites\/un-medecin-discute-de-3-facons-de-prevenir-le-cancer-de-la-tete-et-du-cou\/#article\",\"isPartOf\":{\"@id\":\"https:\/\/rvh-synergie.org\/actualites\/un-medecin-discute-de-3-facons-de-prevenir-le-cancer-de-la-tete-et-du-cou\/\"},\"author\":{\"name\":\"Charles Martinez\",\"@id\":\"https:\/\/rvh-synergie.org\/actualites\/#\/schema\/person\/aa5ea98671fb4e8620f488a0795d2560\"},\"headline\":\"Un m\u00e9decin discute de 3 fa\u00e7ons de pr\u00e9venir le cancer de la t\u00eate et du cou\",\"datePublished\":\"2025-01-22T08:55:46+00:00\",\"dateModified\":\"2025-01-22T08:55:56+00:00\",\"mainEntityOfPage\":{\"@id\":\"https:\/\/rvh-synergie.org\/actualites\/un-medecin-discute-de-3-facons-de-prevenir-le-cancer-de-la-tete-et-du-cou\/\"},\"wordCount\":360,\"publisher\":{\"@id\":\"https:\/\/rvh-synergie.org\/actualites\/#organization\"},\"image\":{\"@id\":\"https:\/\/rvh-synergie.org\/actualites\/un-medecin-discute-de-3-facons-de-prevenir-le-cancer-de-la-tete-et-du-cou\/#primaryimage\"},\"thumbnailUrl\":\"https:\/\/rvh-synergie.org\/actualites\/wp-content\/uploads\/2025\/01\/1737536146_Un-medecin-discute-de-3-facons-de-prevenir-le-cancer-scaled.jpg\",\"keywords\":[\"cancer\",\"cou\",\"discute\",\"fa\u00e7ons\",\"m\u00e9decin\",\"pr\u00e9venir\",\"t\u00eate\"],\"articleSection\":[\"Les maladies\"],\"inLanguage\":\"fr-FR\"},{\"@type\":\"WebPage\",\"@id\":\"https:\/\/rvh-synergie.org\/actualites\/un-medecin-discute-de-3-facons-de-prevenir-le-cancer-de-la-tete-et-du-cou\/\",\"url\":\"https:\/\/rvh-synergie.org\/actualites\/un-medecin-discute-de-3-facons-de-prevenir-le-cancer-de-la-tete-et-du-cou\/\",\"name\":\"Un m\u00e9decin discute de 3 fa\u00e7ons de pr\u00e9venir le cancer de la t\u00eate et du cou - RVH-Synergie.org\",\"isPartOf\":{\"@id\":\"https:\/\/rvh-synergie.org\/actualites\/#website\"},\"primaryImageOfPage\":{\"@id\":\"https:\/\/rvh-synergie.org\/actualites\/un-medecin-discute-de-3-facons-de-prevenir-le-cancer-de-la-tete-et-du-cou\/#primaryimage\"},\"image\":{\"@id\":\"https:\/\/rvh-synergie.org\/actualites\/un-medecin-discute-de-3-facons-de-prevenir-le-cancer-de-la-tete-et-du-cou\/#primaryimage\"},\"thumbnailUrl\":\"https:\/\/rvh-synergie.org\/actualites\/wp-content\/uploads\/2025\/01\/1737536146_Un-medecin-discute-de-3-facons-de-prevenir-le-cancer-scaled.jpg\",\"datePublished\":\"2025-01-22T08:55:46+00:00\",\"dateModified\":\"2025-01-22T08:55:56+00:00\",\"breadcrumb\":{\"@id\":\"https:\/\/rvh-synergie.org\/actualites\/un-medecin-discute-de-3-facons-de-prevenir-le-cancer-de-la-tete-et-du-cou\/#breadcrumb\"},\"inLanguage\":\"fr-FR\",\"potentialAction\":[{\"@type\":\"ReadAction\",\"target\":[\"https:\/\/rvh-synergie.org\/actualites\/un-medecin-discute-de-3-facons-de-prevenir-le-cancer-de-la-tete-et-du-cou\/\"]}]},{\"@type\":\"ImageObject\",\"inLanguage\":\"fr-FR\",\"@id\":\"https:\/\/rvh-synergie.org\/actualites\/un-medecin-discute-de-3-facons-de-prevenir-le-cancer-de-la-tete-et-du-cou\/#primaryimage\",\"url\":\"https:\/\/rvh-synergie.org\/actualites\/wp-content\/uploads\/2025\/01\/1737536146_Un-medecin-discute-de-3-facons-de-prevenir-le-cancer-scaled.jpg\",\"contentUrl\":\"https:\/\/rvh-synergie.org\/actualites\/wp-content\/uploads\/2025\/01\/1737536146_Un-medecin-discute-de-3-facons-de-prevenir-le-cancer-scaled.jpg\",\"width\":2560,\"height\":1440,\"caption\":\"Un m\u00e9decin discute de 3 fa\u00e7ons de pr\u00e9venir le cancer de la t\u00eate et du cou\"},{\"@type\":\"BreadcrumbList\",\"@id\":\"https:\/\/rvh-synergie.org\/actualites\/un-medecin-discute-de-3-facons-de-prevenir-le-cancer-de-la-tete-et-du-cou\/#breadcrumb\",\"itemListElement\":[{\"@type\":\"ListItem\",\"position\":1,\"name\":\"Accueil\",\"item\":\"https:\/\/rvh-synergie.org\/actualites\/\"},{\"@type\":\"ListItem\",\"position\":2,\"name\":\"Un m\u00e9decin discute de 3 fa\u00e7ons de pr\u00e9venir le cancer de la t\u00eate et du cou\"}]},{\"@type\":\"WebSite\",\"@id\":\"https:\/\/rvh-synergie.org\/actualites\/#website\",\"url\":\"https:\/\/rvh-synergie.org\/actualites\/\",\"name\":\"RVH-Synergie.org\",\"description\":\"RVH-Synergie, site ind\u00e9pendant d&#039;informations sur la prise en charge des addictions.\",\"publisher\":{\"@id\":\"https:\/\/rvh-synergie.org\/actualites\/#organization\"},\"potentialAction\":[{\"@type\":\"SearchAction\",\"target\":{\"@type\":\"EntryPoint\",\"urlTemplate\":\"https:\/\/rvh-synergie.org\/actualites\/?s={search_term_string}\"},\"query-input\":{\"@type\":\"PropertyValueSpecification\",\"valueRequired\":true,\"valueName\":\"search_term_string\"}}],\"inLanguage\":\"fr-FR\"},{\"@type\":\"Organization\",\"@id\":\"https:\/\/rvh-synergie.org\/actualites\/#organization\",\"name\":\"RVH-Synergie.org\",\"url\":\"https:\/\/rvh-synergie.org\/actualites\/\",\"logo\":{\"@type\":\"ImageObject\",\"inLanguage\":\"fr-FR\",\"@id\":\"https:\/\/rvh-synergie.org\/actualites\/#\/schema\/logo\/image\/\",\"url\":\"https:\/\/rvh-synergie.org\/actualites\/wp-content\/uploads\/2024\/09\/favicon.png\",\"contentUrl\":\"https:\/\/rvh-synergie.org\/actualites\/wp-content\/uploads\/2024\/09\/favicon.png\",\"width\":512,\"height\":512,\"caption\":\"RVH-Synergie.org\"},\"image\":{\"@id\":\"https:\/\/rvh-synergie.org\/actualites\/#\/schema\/logo\/image\/\"}},{\"@type\":\"Person\",\"@id\":\"https:\/\/rvh-synergie.org\/actualites\/#\/schema\/person\/aa5ea98671fb4e8620f488a0795d2560\",\"name\":\"Charles Martinez\",\"image\":{\"@type\":\"ImageObject\",\"inLanguage\":\"fr-FR\",\"@id\":\"https:\/\/rvh-synergie.org\/actualites\/#\/schema\/person\/image\/\",\"url\":\"https:\/\/rvh-synergie.org\/actualites\/wp-content\/uploads\/2024\/09\/charles-martinez-scaled.jpg\",\"contentUrl\":\"https:\/\/rvh-synergie.org\/actualites\/wp-content\/uploads\/2024\/09\/charles-martinez-scaled.jpg\",\"caption\":\"Charles Martinez\"},\"description\":\"Bonjour, je m'appelle Charles Martinez, r\u00e9dacteur passionn\u00e9 pour le m\u00e9dia RVH-synergie.org, d\u00e9di\u00e9 aux addictions et aux maladies. Depuis plus de dix ans, j'explore et rapporte les histoires poignantes des individus confront\u00e9s \u00e0 ces d\u00e9fis, tout en sensibilisant le public aux traitements novateurs et aux progr\u00e8s scientifiques dans ce domaine. Mon engagement r\u00e9side dans l'espoir de cr\u00e9er une communaut\u00e9 inform\u00e9e et empathique, pr\u00eate \u00e0 soutenir ceux qui luttent contre ces \u00e9preuves.\",\"sameAs\":[\"https:\/\/rvh-synergie.org\/\"]}]}<\/script>\n<!-- \/ Yoast SEO plugin. -->","yoast_head_json":{"title":"Un m\u00e9decin discute de 3 fa\u00e7ons de pr\u00e9venir le cancer de la t\u00eate et du cou - RVH-Synergie.org","robots":{"index":"index","follow":"follow","max-snippet":"max-snippet:-1","max-image-preview":"max-image-preview:large","max-video-preview":"max-video-preview:-1"},"canonical":"https:\/\/rvh-synergie.org\/actualites\/un-medecin-discute-de-3-facons-de-prevenir-le-cancer-de-la-tete-et-du-cou\/","og_locale":"fr_FR","og_type":"article","og_title":"Un m\u00e9decin discute de 3 fa\u00e7ons de pr\u00e9venir le cancer de la t\u00eate et du cou - RVH-Synergie.org","og_description":"Le cancer de la gorge est l&rsquo;un des cancers qui connaissent la croissance la plus","og_url":"https:\/\/rvh-synergie.org\/actualites\/un-medecin-discute-de-3-facons-de-prevenir-le-cancer-de-la-tete-et-du-cou\/","og_site_name":"RVH-Synergie","article_published_time":"2025-01-22T08:55:46+00:00","article_modified_time":"2025-01-22T08:55:56+00:00","og_image":[{"width":2560,"height":1440,"url":"https:\/\/rvh-synergie.org\/actualites\/wp-content\/uploads\/2025\/01\/1737536146_Un-medecin-discute-de-3-facons-de-prevenir-le-cancer-scaled.jpg","type":"image\/jpeg"}],"author":"Charles Martinez","twitter_card":"summary_large_image","twitter_misc":{"\u00c9crit par":"Charles Martinez","Dur\u00e9e de lecture estim\u00e9e":"2 minutes"},"schema":{"@context":"https:\/\/schema.org","@graph":[{"@type":"Article","@id":"https:\/\/rvh-synergie.org\/actualites\/un-medecin-discute-de-3-facons-de-prevenir-le-cancer-de-la-tete-et-du-cou\/#article","isPartOf":{"@id":"https:\/\/rvh-synergie.org\/actualites\/un-medecin-discute-de-3-facons-de-prevenir-le-cancer-de-la-tete-et-du-cou\/"},"author":{"name":"Charles Martinez","@id":"https:\/\/rvh-synergie.org\/actualites\/#\/schema\/person\/aa5ea98671fb4e8620f488a0795d2560"},"headline":"Un m\u00e9decin discute de 3 fa\u00e7ons de pr\u00e9venir le cancer de la t\u00eate et du cou","datePublished":"2025-01-22T08:55:46+00:00","dateModified":"2025-01-22T08:55:56+00:00","mainEntityOfPage":{"@id":"https:\/\/rvh-synergie.org\/actualites\/un-medecin-discute-de-3-facons-de-prevenir-le-cancer-de-la-tete-et-du-cou\/"},"wordCount":360,"publisher":{"@id":"https:\/\/rvh-synergie.org\/actualites\/#organization"},"image":{"@id":"https:\/\/rvh-synergie.org\/actualites\/un-medecin-discute-de-3-facons-de-prevenir-le-cancer-de-la-tete-et-du-cou\/#primaryimage"},"thumbnailUrl":"https:\/\/rvh-synergie.org\/actualites\/wp-content\/uploads\/2025\/01\/1737536146_Un-medecin-discute-de-3-facons-de-prevenir-le-cancer-scaled.jpg","keywords":["cancer","cou","discute","fa\u00e7ons","m\u00e9decin","pr\u00e9venir","t\u00eate"],"articleSection":["Les maladies"],"inLanguage":"fr-FR"},{"@type":"WebPage","@id":"https:\/\/rvh-synergie.org\/actualites\/un-medecin-discute-de-3-facons-de-prevenir-le-cancer-de-la-tete-et-du-cou\/","url":"https:\/\/rvh-synergie.org\/actualites\/un-medecin-discute-de-3-facons-de-prevenir-le-cancer-de-la-tete-et-du-cou\/","name":"Un m\u00e9decin discute de 3 fa\u00e7ons de pr\u00e9venir le cancer de la t\u00eate et du cou - RVH-Synergie.org","isPartOf":{"@id":"https:\/\/rvh-synergie.org\/actualites\/#website"},"primaryImageOfPage":{"@id":"https:\/\/rvh-synergie.org\/actualites\/un-medecin-discute-de-3-facons-de-prevenir-le-cancer-de-la-tete-et-du-cou\/#primaryimage"},"image":{"@id":"https:\/\/rvh-synergie.org\/actualites\/un-medecin-discute-de-3-facons-de-prevenir-le-cancer-de-la-tete-et-du-cou\/#primaryimage"},"thumbnailUrl":"https:\/\/rvh-synergie.org\/actualites\/wp-content\/uploads\/2025\/01\/1737536146_Un-medecin-discute-de-3-facons-de-prevenir-le-cancer-scaled.jpg","datePublished":"2025-01-22T08:55:46+00:00","dateModified":"2025-01-22T08:55:56+00:00","breadcrumb":{"@id":"https:\/\/rvh-synergie.org\/actualites\/un-medecin-discute-de-3-facons-de-prevenir-le-cancer-de-la-tete-et-du-cou\/#breadcrumb"},"inLanguage":"fr-FR","potentialAction":[{"@type":"ReadAction","target":["https:\/\/rvh-synergie.org\/actualites\/un-medecin-discute-de-3-facons-de-prevenir-le-cancer-de-la-tete-et-du-cou\/"]}]},{"@type":"ImageObject","inLanguage":"fr-FR","@id":"https:\/\/rvh-synergie.org\/actualites\/un-medecin-discute-de-3-facons-de-prevenir-le-cancer-de-la-tete-et-du-cou\/#primaryimage","url":"https:\/\/rvh-synergie.org\/actualites\/wp-content\/uploads\/2025\/01\/1737536146_Un-medecin-discute-de-3-facons-de-prevenir-le-cancer-scaled.jpg","contentUrl":"https:\/\/rvh-synergie.org\/actualites\/wp-content\/uploads\/2025\/01\/1737536146_Un-medecin-discute-de-3-facons-de-prevenir-le-cancer-scaled.jpg","width":2560,"height":1440,"caption":"Un m\u00e9decin discute de 3 fa\u00e7ons de pr\u00e9venir le cancer de la t\u00eate et du cou"},{"@type":"BreadcrumbList","@id":"https:\/\/rvh-synergie.org\/actualites\/un-medecin-discute-de-3-facons-de-prevenir-le-cancer-de-la-tete-et-du-cou\/#breadcrumb","itemListElement":[{"@type":"ListItem","position":1,"name":"Accueil","item":"https:\/\/rvh-synergie.org\/actualites\/"},{"@type":"ListItem","position":2,"name":"Un m\u00e9decin discute de 3 fa\u00e7ons de pr\u00e9venir le cancer de la t\u00eate et du cou"}]},{"@type":"WebSite","@id":"https:\/\/rvh-synergie.org\/actualites\/#website","url":"https:\/\/rvh-synergie.org\/actualites\/","name":"RVH-Synergie.org","description":"RVH-Synergie, site ind\u00e9pendant d&#039;informations sur la prise en charge des addictions.","publisher":{"@id":"https:\/\/rvh-synergie.org\/actualites\/#organization"},"potentialAction":[{"@type":"SearchAction","target":{"@type":"EntryPoint","urlTemplate":"https:\/\/rvh-synergie.org\/actualites\/?s={search_term_string}"},"query-input":{"@type":"PropertyValueSpecification","valueRequired":true,"valueName":"search_term_string"}}],"inLanguage":"fr-FR"},{"@type":"Organization","@id":"https:\/\/rvh-synergie.org\/actualites\/#organization","name":"RVH-Synergie.org","url":"https:\/\/rvh-synergie.org\/actualites\/","logo":{"@type":"ImageObject","inLanguage":"fr-FR","@id":"https:\/\/rvh-synergie.org\/actualites\/#\/schema\/logo\/image\/","url":"https:\/\/rvh-synergie.org\/actualites\/wp-content\/uploads\/2024\/09\/favicon.png","contentUrl":"https:\/\/rvh-synergie.org\/actualites\/wp-content\/uploads\/2024\/09\/favicon.png","width":512,"height":512,"caption":"RVH-Synergie.org"},"image":{"@id":"https:\/\/rvh-synergie.org\/actualites\/#\/schema\/logo\/image\/"}},{"@type":"Person","@id":"https:\/\/rvh-synergie.org\/actualites\/#\/schema\/person\/aa5ea98671fb4e8620f488a0795d2560","name":"Charles Martinez","image":{"@type":"ImageObject","inLanguage":"fr-FR","@id":"https:\/\/rvh-synergie.org\/actualites\/#\/schema\/person\/image\/","url":"https:\/\/rvh-synergie.org\/actualites\/wp-content\/uploads\/2024\/09\/charles-martinez-scaled.jpg","contentUrl":"https:\/\/rvh-synergie.org\/actualites\/wp-content\/uploads\/2024\/09\/charles-martinez-scaled.jpg","caption":"Charles Martinez"},"description":"Bonjour, je m'appelle Charles Martinez, r\u00e9dacteur passionn\u00e9 pour le m\u00e9dia RVH-synergie.org, d\u00e9di\u00e9 aux addictions et aux maladies. Depuis plus de dix ans, j'explore et rapporte les histoires poignantes des individus confront\u00e9s \u00e0 ces d\u00e9fis, tout en sensibilisant le public aux traitements novateurs et aux progr\u00e8s scientifiques dans ce domaine. Mon engagement r\u00e9side dans l'espoir de cr\u00e9er une communaut\u00e9 inform\u00e9e et empathique, pr\u00eate \u00e0 soutenir ceux qui luttent contre ces \u00e9preuves.","sameAs":["https:\/\/rvh-synergie.org\/"]}]}},"_links":{"self":[{"href":"https:\/\/rvh-synergie.org\/actualites\/wp-json\/wp\/v2\/posts\/3713","targetHints":{"allow":["GET"]}}],"collection":[{"href":"https:\/\/rvh-synergie.org\/actualites\/wp-json\/wp\/v2\/posts"}],"about":[{"href":"https:\/\/rvh-synergie.org\/actualites\/wp-json\/wp\/v2\/types\/post"}],"author":[{"embeddable":true,"href":"https:\/\/rvh-synergie.org\/actualites\/wp-json\/wp\/v2\/users\/1"}],"replies":[{"embeddable":true,"href":"https:\/\/rvh-synergie.org\/actualites\/wp-json\/wp\/v2\/comments?post=3713"}],"version-history":[{"count":0,"href":"https:\/\/rvh-synergie.org\/actualites\/wp-json\/wp\/v2\/posts\/3713\/revisions"}],"wp:featuredmedia":[{"embeddable":true,"href":"https:\/\/rvh-synergie.org\/actualites\/wp-json\/wp\/v2\/media\/3714"}],"wp:attachment":[{"href":"https:\/\/rvh-synergie.org\/actualites\/wp-json\/wp\/v2\/media?parent=3713"}],"wp:term":[{"taxonomy":"category","embeddable":true,"href":"https:\/\/rvh-synergie.org\/actualites\/wp-json\/wp\/v2\/categories?post=3713"},{"taxonomy":"post_tag","embeddable":true,"href":"https:\/\/rvh-synergie.org\/actualites\/wp-json\/wp\/v2\/tags?post=3713"}],"curies":[{"name":"wp","href":"https:\/\/api.w.org\/{rel}","templated":true}]}}