{"id":3699,"date":"2025-01-21T17:56:32","date_gmt":"2025-01-21T16:56:32","guid":{"rendered":"https:\/\/rvh-synergie.org\/actualites\/cinq-ans-se-sont-ecoules-depuis-le-premier-cas-de-covid-a-washington-ce-quil-faut-savoir-maintenant\/"},"modified":"2025-01-21T17:56:36","modified_gmt":"2025-01-21T16:56:36","slug":"cinq-ans-se-sont-ecoules-depuis-le-premier-cas-de-covid-a-washington-ce-quil-faut-savoir-maintenant","status":"publish","type":"post","link":"https:\/\/rvh-synergie.org\/actualites\/cinq-ans-se-sont-ecoules-depuis-le-premier-cas-de-covid-a-washington-ce-quil-faut-savoir-maintenant\/","title":{"rendered":"Cinq ans se sont \u00e9coul\u00e9s depuis le premier cas de COVID \u00e0 Washington\u00a0: ce qu&rsquo;il faut savoir maintenant"},"content":{"rendered":"<div>\n<div class=\"article-gallery lightGallery\">\n<div data-thumb=\"https:\/\/scx1.b-cdn.net\/csz\/news\/tmb\/2020\/13-covid19.jpg\" data-src=\"https:\/\/scx2.b-cdn.net\/gfx\/news\/hires\/2020\/13-covid19.jpg\" data-sub-html=\"Credit: CC0 Public Domain\">\n<figure class=\"article-img\">\n<\/figure><\/div>\n<\/div>\n<p>Cela fait cinq ans que la premi\u00e8re \u00e9pid\u00e9mie de COVID-19 a \u00e9t\u00e9 enregistr\u00e9e dans l&rsquo;\u00c9tat de Washington.<\/p>\n<p>Les responsables de la sant\u00e9 ont annonc\u00e9 le premier cas document\u00e9 aux \u00c9tats-Unis dans le comt\u00e9 de Snohomish le 21 janvier 2020.<\/p>\n<p>En mars 2020, le virus s\u2019\u00e9tait propag\u00e9 \u00e0 travers les \u00c9tats-Unis, avec 4\u00a0896 cas dans l\u2019\u00c9tat de Washington. Cela a conduit le gouverneur Jay Inslee \u00e0 utiliser des pouvoirs d&rsquo;urgence pour limiter les foules, notamment des ordonnances de s\u00e9jour \u00e0 la maison pour la plupart des Washingtoniens.<\/p>\n<p>Apr\u00e8s des mois d&rsquo;\u00e9cole en ligne, d&rsquo;interactions sociales limit\u00e9es et d&rsquo;obligations de masque, les vaccins COVID-19 ont \u00e9t\u00e9 d\u00e9ploy\u00e9s d\u00e9but 2021. En septembre de la m\u00eame ann\u00e9e, plus de 76 % de la population de l&rsquo;\u00c9tat avait re\u00e7u au moins une dose de vaccin.<\/p>\n<p>Plusieurs variantes du virus, des pics de cas et de nouveaux rappels plus tard, le virus est devenu end\u00e9mique.<\/p>\n<p>Voici ce qu\u2019il faut savoir sur le virus cinq ans apr\u00e8s l\u2019\u00e9pid\u00e9mie initiale.<\/p>\n<h2>Quelles sont les derni\u00e8res donn\u00e9es sur le COVID-19\u00a0?<\/h2>\n<p>C&rsquo;est d\u00e9licat.<\/p>\n<p>Le COVID-19 a tu\u00e9 plus d&rsquo;un million de personnes aux \u00c9tats-Unis en juin 2024. Cependant, le tableau de bord des donn\u00e9es COVID-19 de l&rsquo;\u00c9tat n&rsquo;affiche plus le nombre de tests positifs en raison du \u00ab faible nombre d&rsquo;\u00e9chantillons \u00bb soumis au minist\u00e8re de la Sant\u00e9 de l&rsquo;\u00c9tat pour analyse. .<\/p>\n<p>Les Centers for Disease Control and Prevention ont signal\u00e9 un taux national de positivit\u00e9 des tests de 6,6 % le 11 janvier.<\/p>\n<h2>Le COVID est-il toujours quelque chose dont je devrais m&rsquo;inqui\u00e9ter\u00a0?<\/h2>\n<p>\u00c7a d\u00e9pend.<\/p>\n<p>Le COVID-19 a d\u00e9sormais tendance \u00e0 conna\u00eetre des pics pendant les saisons du rhume et de la grippe. La plupart des personnes vaccin\u00e9es qui contractent le COVID-19 ne courent aucun risque de sympt\u00f4mes graves ou de d\u00e9c\u00e8s, selon le CDC.<\/p>\n<p>Cependant, les personnes dont le syst\u00e8me immunitaire est affaibli ou les personnes non vaccin\u00e9es pr\u00e9sentent un risque plus \u00e9lev\u00e9 de maladie grave ou d\u2019infection.<\/p>\n<h2>Dois-je quand m\u00eame m\u2019isoler si je contracte le COVID-19 ou si je suis expos\u00e9\u00a0?<\/h2>\n<p>Dans l\u2019ensemble, le CDC recommande de rester \u00e0 la maison si vous contractez le COVID-19 ou toute autre infection respiratoire. Les lignes directrices mises \u00e0 jour varient en fonction de la gravit\u00e9 et de la dur\u00e9e des sympt\u00f4mes. En r\u00e8gle g\u00e9n\u00e9rale, une personne infect\u00e9e peut reprendre ses activit\u00e9s normales si elle n&rsquo;a pas de fi\u00e8vre (sans prendre d&rsquo;antipyr\u00e9tique) depuis au moins 24 heures et si ses sympt\u00f4mes se sont am\u00e9lior\u00e9s.<\/p>\n<p>Cependant, le CDC recommande des pr\u00e9cautions telles que le masquage, la distance physique et les tests pendant cinq jours apr\u00e8s la fi\u00e8vre lorsque vous \u00eates \u00e0 l&rsquo;int\u00e9rieur avec d&rsquo;autres personnes.<\/p>\n<p>\u00ab\u00a0Cela est particuli\u00e8rement important pour prot\u00e9ger les personnes pr\u00e9sentant des facteurs qui augmentent leur risque de maladie grave due \u00e0 des virus respiratoires\u00a0\u00bb, d\u00e9clare l&rsquo;organisation.<\/p>\n<p>En cas d&rsquo;exposition, le DOH recommande le masquage, la distance physique, les tests et le lavage des mains. Le minist\u00e8re de la Sant\u00e9 recommande de rester \u00e0 l&rsquo;\u00e9cart des personnes \u00e0 haut risque pendant cinq jours.<\/p>\n<h2>Quel est le probl\u00e8me avec les vaccins ? Ai-je vraiment besoin de boosters ?<\/h2>\n<p>Il a \u00e9t\u00e9 scientifiquement prouv\u00e9 que les vaccins aident \u00e0 pr\u00e9venir la propagation de la COVID-19 et \u00e0 r\u00e9duire le risque d\u2019hospitalisation si vous tombez malade.<\/p>\n<p>Le CDC recommande aux personnes de six mois et plus de se tenir \u00e0 jour en mati\u00e8re de vaccination contre le COVID-19, y compris les rappels annuels, pour aider \u00e0 pr\u00e9venir la propagation et les hospitalisations. Les rappels sont n\u00e9cessaires et recommand\u00e9s car la protection des vaccins diminue avec le temps.<\/p>\n<p>Les boosters offrent \u00e9galement la meilleure protection contre les derni\u00e8res variantes virales.<\/p>\n<p>\u00ab\u00a0Se faire vacciner contre le COVID-19 est un moyen plus s\u00fbr et plus fiable de renforcer sa protection que de tomber malade du COVID-19\u00a0\u00bb, indique le site Internet du CDC.<\/p>\n<h2>O\u00f9 puis-je obtenir un booster mis \u00e0 jour ?<\/h2>\n<p>Le CDC dispose d\u2019un outil de recherche de vaccins en ligne sur vaccins.gov.<\/p>\n<p>Un m\u00e9decin de soins primaires ou une pharmacie locale disposera probablement du rappel mis \u00e0 jour. Si vous \u00eates assur\u00e9, le vaccin devrait \u00eatre couvert. Le service de sant\u00e9 du comt\u00e9 de King dispose d&rsquo;une page de ressources en ligne pour aider \u00e0 localiser les sites de vaccination gratuits pour les personnes non assur\u00e9es.<\/p>\n<p>                                        <!-- print only --><\/p><\/div>\n","protected":false},"excerpt":{"rendered":"<p>Cela fait cinq ans que la premi\u00e8re \u00e9pid\u00e9mie de COVID-19 a \u00e9t\u00e9 enregistr\u00e9e dans l&rsquo;\u00c9tat<\/p>\n","protected":false},"author":1,"featured_media":3700,"comment_status":"closed","ping_status":"","sticky":false,"template":"","format":"standard","meta":{"footnotes":""},"categories":[86],"tags":[38,344,894,618,544,3623,899,1384,322,474,888,62,2368],"class_list":["post-3699","post","type-post","status-publish","format-standard","has-post-thumbnail","hentry","category-les-maladies","tag-ans","tag-cas","tag-cinq","tag-covid","tag-depuis","tag-ecoules","tag-faut","tag-maintenant","tag-premier","tag-quil","tag-savoir","tag-sont","tag-washington","generate-columns","tablet-grid-50","mobile-grid-100","grid-parent","grid-50","resize-featured-image"],"yoast_head":"<!-- This site is optimized with the Yoast SEO plugin v23.4 - https:\/\/yoast.com\/wordpress\/plugins\/seo\/ -->\n<title>Cinq ans se sont \u00e9coul\u00e9s depuis le premier cas de COVID \u00e0 Washington\u00a0: ce qu&#039;il faut savoir maintenant - RVH-Synergie.org<\/title>\n<meta name=\"robots\" content=\"index, follow, max-snippet:-1, max-image-preview:large, max-video-preview:-1\" \/>\n<link rel=\"canonical\" href=\"https:\/\/rvh-synergie.org\/actualites\/cinq-ans-se-sont-ecoules-depuis-le-premier-cas-de-covid-a-washington-ce-quil-faut-savoir-maintenant\/\" \/>\n<meta property=\"og:locale\" content=\"fr_FR\" \/>\n<meta property=\"og:type\" content=\"article\" \/>\n<meta property=\"og:title\" content=\"Cinq ans se sont \u00e9coul\u00e9s depuis le premier cas de COVID \u00e0 Washington\u00a0: ce qu&#039;il faut savoir maintenant - RVH-Synergie.org\" \/>\n<meta property=\"og:description\" content=\"Cela fait cinq ans que la premi\u00e8re \u00e9pid\u00e9mie de COVID-19 a \u00e9t\u00e9 enregistr\u00e9e dans l&rsquo;\u00c9tat\" \/>\n<meta property=\"og:url\" content=\"https:\/\/rvh-synergie.org\/actualites\/cinq-ans-se-sont-ecoules-depuis-le-premier-cas-de-covid-a-washington-ce-quil-faut-savoir-maintenant\/\" \/>\n<meta property=\"og:site_name\" content=\"RVH-Synergie\" \/>\n<meta property=\"article:published_time\" content=\"2025-01-21T16:56:32+00:00\" \/>\n<meta property=\"article:modified_time\" content=\"2025-01-21T16:56:36+00:00\" \/>\n<meta property=\"og:image\" content=\"https:\/\/rvh-synergie.org\/actualites\/wp-content\/uploads\/2025\/01\/1737478592_Cinq-ans-se-sont-ecoules-depuis-le-premier-cas-de.jpg\" \/>\n\t<meta property=\"og:image:width\" content=\"1920\" \/>\n\t<meta property=\"og:image:height\" content=\"1344\" \/>\n\t<meta property=\"og:image:type\" content=\"image\/jpeg\" \/>\n<meta name=\"author\" content=\"Charles Martinez\" \/>\n<meta name=\"twitter:card\" content=\"summary_large_image\" \/>\n<meta name=\"twitter:label1\" content=\"\u00c9crit par\" \/>\n\t<meta name=\"twitter:data1\" content=\"Charles Martinez\" \/>\n\t<meta name=\"twitter:label2\" content=\"Dur\u00e9e de lecture estim\u00e9e\" \/>\n\t<meta name=\"twitter:data2\" content=\"4 minutes\" \/>\n<script type=\"application\/ld+json\" class=\"yoast-schema-graph\">{\"@context\":\"https:\/\/schema.org\",\"@graph\":[{\"@type\":\"Article\",\"@id\":\"https:\/\/rvh-synergie.org\/actualites\/cinq-ans-se-sont-ecoules-depuis-le-premier-cas-de-covid-a-washington-ce-quil-faut-savoir-maintenant\/#article\",\"isPartOf\":{\"@id\":\"https:\/\/rvh-synergie.org\/actualites\/cinq-ans-se-sont-ecoules-depuis-le-premier-cas-de-covid-a-washington-ce-quil-faut-savoir-maintenant\/\"},\"author\":{\"name\":\"Charles Martinez\",\"@id\":\"https:\/\/rvh-synergie.org\/actualites\/#\/schema\/person\/aa5ea98671fb4e8620f488a0795d2560\"},\"headline\":\"Cinq ans se sont \u00e9coul\u00e9s depuis le premier cas de COVID \u00e0 Washington\u00a0: ce qu&rsquo;il faut savoir maintenant\",\"datePublished\":\"2025-01-21T16:56:32+00:00\",\"dateModified\":\"2025-01-21T16:56:36+00:00\",\"mainEntityOfPage\":{\"@id\":\"https:\/\/rvh-synergie.org\/actualites\/cinq-ans-se-sont-ecoules-depuis-le-premier-cas-de-covid-a-washington-ce-quil-faut-savoir-maintenant\/\"},\"wordCount\":783,\"publisher\":{\"@id\":\"https:\/\/rvh-synergie.org\/actualites\/#organization\"},\"image\":{\"@id\":\"https:\/\/rvh-synergie.org\/actualites\/cinq-ans-se-sont-ecoules-depuis-le-premier-cas-de-covid-a-washington-ce-quil-faut-savoir-maintenant\/#primaryimage\"},\"thumbnailUrl\":\"https:\/\/rvh-synergie.org\/actualites\/wp-content\/uploads\/2025\/01\/1737478592_Cinq-ans-se-sont-ecoules-depuis-le-premier-cas-de.jpg\",\"keywords\":[\"ans\",\"cas\",\"cinq\",\"COVID\",\"depuis\",\"\u00e9coul\u00e9s\",\"faut\",\"maintenant\",\"premier\",\"quil\",\"savoir\",\"sont\",\"Washington\"],\"articleSection\":[\"Les maladies\"],\"inLanguage\":\"fr-FR\"},{\"@type\":\"WebPage\",\"@id\":\"https:\/\/rvh-synergie.org\/actualites\/cinq-ans-se-sont-ecoules-depuis-le-premier-cas-de-covid-a-washington-ce-quil-faut-savoir-maintenant\/\",\"url\":\"https:\/\/rvh-synergie.org\/actualites\/cinq-ans-se-sont-ecoules-depuis-le-premier-cas-de-covid-a-washington-ce-quil-faut-savoir-maintenant\/\",\"name\":\"Cinq ans se sont \u00e9coul\u00e9s depuis le premier cas de COVID \u00e0 Washington\u00a0: ce qu'il faut savoir maintenant - RVH-Synergie.org\",\"isPartOf\":{\"@id\":\"https:\/\/rvh-synergie.org\/actualites\/#website\"},\"primaryImageOfPage\":{\"@id\":\"https:\/\/rvh-synergie.org\/actualites\/cinq-ans-se-sont-ecoules-depuis-le-premier-cas-de-covid-a-washington-ce-quil-faut-savoir-maintenant\/#primaryimage\"},\"image\":{\"@id\":\"https:\/\/rvh-synergie.org\/actualites\/cinq-ans-se-sont-ecoules-depuis-le-premier-cas-de-covid-a-washington-ce-quil-faut-savoir-maintenant\/#primaryimage\"},\"thumbnailUrl\":\"https:\/\/rvh-synergie.org\/actualites\/wp-content\/uploads\/2025\/01\/1737478592_Cinq-ans-se-sont-ecoules-depuis-le-premier-cas-de.jpg\",\"datePublished\":\"2025-01-21T16:56:32+00:00\",\"dateModified\":\"2025-01-21T16:56:36+00:00\",\"breadcrumb\":{\"@id\":\"https:\/\/rvh-synergie.org\/actualites\/cinq-ans-se-sont-ecoules-depuis-le-premier-cas-de-covid-a-washington-ce-quil-faut-savoir-maintenant\/#breadcrumb\"},\"inLanguage\":\"fr-FR\",\"potentialAction\":[{\"@type\":\"ReadAction\",\"target\":[\"https:\/\/rvh-synergie.org\/actualites\/cinq-ans-se-sont-ecoules-depuis-le-premier-cas-de-covid-a-washington-ce-quil-faut-savoir-maintenant\/\"]}]},{\"@type\":\"ImageObject\",\"inLanguage\":\"fr-FR\",\"@id\":\"https:\/\/rvh-synergie.org\/actualites\/cinq-ans-se-sont-ecoules-depuis-le-premier-cas-de-covid-a-washington-ce-quil-faut-savoir-maintenant\/#primaryimage\",\"url\":\"https:\/\/rvh-synergie.org\/actualites\/wp-content\/uploads\/2025\/01\/1737478592_Cinq-ans-se-sont-ecoules-depuis-le-premier-cas-de.jpg\",\"contentUrl\":\"https:\/\/rvh-synergie.org\/actualites\/wp-content\/uploads\/2025\/01\/1737478592_Cinq-ans-se-sont-ecoules-depuis-le-premier-cas-de.jpg\",\"width\":1920,\"height\":1344,\"caption\":\"Cinq ans se sont \u00e9coul\u00e9s depuis le premier cas de COVID \u00e0 Washington\u00a0: ce qu'il faut savoir maintenant\"},{\"@type\":\"BreadcrumbList\",\"@id\":\"https:\/\/rvh-synergie.org\/actualites\/cinq-ans-se-sont-ecoules-depuis-le-premier-cas-de-covid-a-washington-ce-quil-faut-savoir-maintenant\/#breadcrumb\",\"itemListElement\":[{\"@type\":\"ListItem\",\"position\":1,\"name\":\"Accueil\",\"item\":\"https:\/\/rvh-synergie.org\/actualites\/\"},{\"@type\":\"ListItem\",\"position\":2,\"name\":\"Cinq ans se sont \u00e9coul\u00e9s depuis le premier cas de COVID \u00e0 Washington\u00a0: ce qu&rsquo;il faut savoir maintenant\"}]},{\"@type\":\"WebSite\",\"@id\":\"https:\/\/rvh-synergie.org\/actualites\/#website\",\"url\":\"https:\/\/rvh-synergie.org\/actualites\/\",\"name\":\"RVH-Synergie.org\",\"description\":\"RVH-Synergie, site ind\u00e9pendant d&#039;informations sur la prise en charge des addictions.\",\"publisher\":{\"@id\":\"https:\/\/rvh-synergie.org\/actualites\/#organization\"},\"potentialAction\":[{\"@type\":\"SearchAction\",\"target\":{\"@type\":\"EntryPoint\",\"urlTemplate\":\"https:\/\/rvh-synergie.org\/actualites\/?s={search_term_string}\"},\"query-input\":{\"@type\":\"PropertyValueSpecification\",\"valueRequired\":true,\"valueName\":\"search_term_string\"}}],\"inLanguage\":\"fr-FR\"},{\"@type\":\"Organization\",\"@id\":\"https:\/\/rvh-synergie.org\/actualites\/#organization\",\"name\":\"RVH-Synergie.org\",\"url\":\"https:\/\/rvh-synergie.org\/actualites\/\",\"logo\":{\"@type\":\"ImageObject\",\"inLanguage\":\"fr-FR\",\"@id\":\"https:\/\/rvh-synergie.org\/actualites\/#\/schema\/logo\/image\/\",\"url\":\"https:\/\/rvh-synergie.org\/actualites\/wp-content\/uploads\/2024\/09\/favicon.png\",\"contentUrl\":\"https:\/\/rvh-synergie.org\/actualites\/wp-content\/uploads\/2024\/09\/favicon.png\",\"width\":512,\"height\":512,\"caption\":\"RVH-Synergie.org\"},\"image\":{\"@id\":\"https:\/\/rvh-synergie.org\/actualites\/#\/schema\/logo\/image\/\"}},{\"@type\":\"Person\",\"@id\":\"https:\/\/rvh-synergie.org\/actualites\/#\/schema\/person\/aa5ea98671fb4e8620f488a0795d2560\",\"name\":\"Charles Martinez\",\"image\":{\"@type\":\"ImageObject\",\"inLanguage\":\"fr-FR\",\"@id\":\"https:\/\/rvh-synergie.org\/actualites\/#\/schema\/person\/image\/\",\"url\":\"https:\/\/rvh-synergie.org\/actualites\/wp-content\/uploads\/2024\/09\/charles-martinez-scaled.jpg\",\"contentUrl\":\"https:\/\/rvh-synergie.org\/actualites\/wp-content\/uploads\/2024\/09\/charles-martinez-scaled.jpg\",\"caption\":\"Charles Martinez\"},\"description\":\"Bonjour, je m'appelle Charles Martinez, r\u00e9dacteur passionn\u00e9 pour le m\u00e9dia RVH-synergie.org, d\u00e9di\u00e9 aux addictions et aux maladies. Depuis plus de dix ans, j'explore et rapporte les histoires poignantes des individus confront\u00e9s \u00e0 ces d\u00e9fis, tout en sensibilisant le public aux traitements novateurs et aux progr\u00e8s scientifiques dans ce domaine. Mon engagement r\u00e9side dans l'espoir de cr\u00e9er une communaut\u00e9 inform\u00e9e et empathique, pr\u00eate \u00e0 soutenir ceux qui luttent contre ces \u00e9preuves.\",\"sameAs\":[\"https:\/\/rvh-synergie.org\/\"]}]}<\/script>\n<!-- \/ Yoast SEO plugin. -->","yoast_head_json":{"title":"Cinq ans se sont \u00e9coul\u00e9s depuis le premier cas de COVID \u00e0 Washington\u00a0: ce qu'il faut savoir maintenant - RVH-Synergie.org","robots":{"index":"index","follow":"follow","max-snippet":"max-snippet:-1","max-image-preview":"max-image-preview:large","max-video-preview":"max-video-preview:-1"},"canonical":"https:\/\/rvh-synergie.org\/actualites\/cinq-ans-se-sont-ecoules-depuis-le-premier-cas-de-covid-a-washington-ce-quil-faut-savoir-maintenant\/","og_locale":"fr_FR","og_type":"article","og_title":"Cinq ans se sont \u00e9coul\u00e9s depuis le premier cas de COVID \u00e0 Washington\u00a0: ce qu'il faut savoir maintenant - RVH-Synergie.org","og_description":"Cela fait cinq ans que la premi\u00e8re \u00e9pid\u00e9mie de COVID-19 a \u00e9t\u00e9 enregistr\u00e9e dans l&rsquo;\u00c9tat","og_url":"https:\/\/rvh-synergie.org\/actualites\/cinq-ans-se-sont-ecoules-depuis-le-premier-cas-de-covid-a-washington-ce-quil-faut-savoir-maintenant\/","og_site_name":"RVH-Synergie","article_published_time":"2025-01-21T16:56:32+00:00","article_modified_time":"2025-01-21T16:56:36+00:00","og_image":[{"width":1920,"height":1344,"url":"https:\/\/rvh-synergie.org\/actualites\/wp-content\/uploads\/2025\/01\/1737478592_Cinq-ans-se-sont-ecoules-depuis-le-premier-cas-de.jpg","type":"image\/jpeg"}],"author":"Charles Martinez","twitter_card":"summary_large_image","twitter_misc":{"\u00c9crit par":"Charles Martinez","Dur\u00e9e de lecture estim\u00e9e":"4 minutes"},"schema":{"@context":"https:\/\/schema.org","@graph":[{"@type":"Article","@id":"https:\/\/rvh-synergie.org\/actualites\/cinq-ans-se-sont-ecoules-depuis-le-premier-cas-de-covid-a-washington-ce-quil-faut-savoir-maintenant\/#article","isPartOf":{"@id":"https:\/\/rvh-synergie.org\/actualites\/cinq-ans-se-sont-ecoules-depuis-le-premier-cas-de-covid-a-washington-ce-quil-faut-savoir-maintenant\/"},"author":{"name":"Charles Martinez","@id":"https:\/\/rvh-synergie.org\/actualites\/#\/schema\/person\/aa5ea98671fb4e8620f488a0795d2560"},"headline":"Cinq ans se sont \u00e9coul\u00e9s depuis le premier cas de COVID \u00e0 Washington\u00a0: ce qu&rsquo;il faut savoir maintenant","datePublished":"2025-01-21T16:56:32+00:00","dateModified":"2025-01-21T16:56:36+00:00","mainEntityOfPage":{"@id":"https:\/\/rvh-synergie.org\/actualites\/cinq-ans-se-sont-ecoules-depuis-le-premier-cas-de-covid-a-washington-ce-quil-faut-savoir-maintenant\/"},"wordCount":783,"publisher":{"@id":"https:\/\/rvh-synergie.org\/actualites\/#organization"},"image":{"@id":"https:\/\/rvh-synergie.org\/actualites\/cinq-ans-se-sont-ecoules-depuis-le-premier-cas-de-covid-a-washington-ce-quil-faut-savoir-maintenant\/#primaryimage"},"thumbnailUrl":"https:\/\/rvh-synergie.org\/actualites\/wp-content\/uploads\/2025\/01\/1737478592_Cinq-ans-se-sont-ecoules-depuis-le-premier-cas-de.jpg","keywords":["ans","cas","cinq","COVID","depuis","\u00e9coul\u00e9s","faut","maintenant","premier","quil","savoir","sont","Washington"],"articleSection":["Les maladies"],"inLanguage":"fr-FR"},{"@type":"WebPage","@id":"https:\/\/rvh-synergie.org\/actualites\/cinq-ans-se-sont-ecoules-depuis-le-premier-cas-de-covid-a-washington-ce-quil-faut-savoir-maintenant\/","url":"https:\/\/rvh-synergie.org\/actualites\/cinq-ans-se-sont-ecoules-depuis-le-premier-cas-de-covid-a-washington-ce-quil-faut-savoir-maintenant\/","name":"Cinq ans se sont \u00e9coul\u00e9s depuis le premier cas de COVID \u00e0 Washington\u00a0: ce qu'il faut savoir maintenant - RVH-Synergie.org","isPartOf":{"@id":"https:\/\/rvh-synergie.org\/actualites\/#website"},"primaryImageOfPage":{"@id":"https:\/\/rvh-synergie.org\/actualites\/cinq-ans-se-sont-ecoules-depuis-le-premier-cas-de-covid-a-washington-ce-quil-faut-savoir-maintenant\/#primaryimage"},"image":{"@id":"https:\/\/rvh-synergie.org\/actualites\/cinq-ans-se-sont-ecoules-depuis-le-premier-cas-de-covid-a-washington-ce-quil-faut-savoir-maintenant\/#primaryimage"},"thumbnailUrl":"https:\/\/rvh-synergie.org\/actualites\/wp-content\/uploads\/2025\/01\/1737478592_Cinq-ans-se-sont-ecoules-depuis-le-premier-cas-de.jpg","datePublished":"2025-01-21T16:56:32+00:00","dateModified":"2025-01-21T16:56:36+00:00","breadcrumb":{"@id":"https:\/\/rvh-synergie.org\/actualites\/cinq-ans-se-sont-ecoules-depuis-le-premier-cas-de-covid-a-washington-ce-quil-faut-savoir-maintenant\/#breadcrumb"},"inLanguage":"fr-FR","potentialAction":[{"@type":"ReadAction","target":["https:\/\/rvh-synergie.org\/actualites\/cinq-ans-se-sont-ecoules-depuis-le-premier-cas-de-covid-a-washington-ce-quil-faut-savoir-maintenant\/"]}]},{"@type":"ImageObject","inLanguage":"fr-FR","@id":"https:\/\/rvh-synergie.org\/actualites\/cinq-ans-se-sont-ecoules-depuis-le-premier-cas-de-covid-a-washington-ce-quil-faut-savoir-maintenant\/#primaryimage","url":"https:\/\/rvh-synergie.org\/actualites\/wp-content\/uploads\/2025\/01\/1737478592_Cinq-ans-se-sont-ecoules-depuis-le-premier-cas-de.jpg","contentUrl":"https:\/\/rvh-synergie.org\/actualites\/wp-content\/uploads\/2025\/01\/1737478592_Cinq-ans-se-sont-ecoules-depuis-le-premier-cas-de.jpg","width":1920,"height":1344,"caption":"Cinq ans se sont \u00e9coul\u00e9s depuis le premier cas de COVID \u00e0 Washington\u00a0: ce qu'il faut savoir maintenant"},{"@type":"BreadcrumbList","@id":"https:\/\/rvh-synergie.org\/actualites\/cinq-ans-se-sont-ecoules-depuis-le-premier-cas-de-covid-a-washington-ce-quil-faut-savoir-maintenant\/#breadcrumb","itemListElement":[{"@type":"ListItem","position":1,"name":"Accueil","item":"https:\/\/rvh-synergie.org\/actualites\/"},{"@type":"ListItem","position":2,"name":"Cinq ans se sont \u00e9coul\u00e9s depuis le premier cas de COVID \u00e0 Washington\u00a0: ce qu&rsquo;il faut savoir maintenant"}]},{"@type":"WebSite","@id":"https:\/\/rvh-synergie.org\/actualites\/#website","url":"https:\/\/rvh-synergie.org\/actualites\/","name":"RVH-Synergie.org","description":"RVH-Synergie, site ind\u00e9pendant d&#039;informations sur la prise en charge des addictions.","publisher":{"@id":"https:\/\/rvh-synergie.org\/actualites\/#organization"},"potentialAction":[{"@type":"SearchAction","target":{"@type":"EntryPoint","urlTemplate":"https:\/\/rvh-synergie.org\/actualites\/?s={search_term_string}"},"query-input":{"@type":"PropertyValueSpecification","valueRequired":true,"valueName":"search_term_string"}}],"inLanguage":"fr-FR"},{"@type":"Organization","@id":"https:\/\/rvh-synergie.org\/actualites\/#organization","name":"RVH-Synergie.org","url":"https:\/\/rvh-synergie.org\/actualites\/","logo":{"@type":"ImageObject","inLanguage":"fr-FR","@id":"https:\/\/rvh-synergie.org\/actualites\/#\/schema\/logo\/image\/","url":"https:\/\/rvh-synergie.org\/actualites\/wp-content\/uploads\/2024\/09\/favicon.png","contentUrl":"https:\/\/rvh-synergie.org\/actualites\/wp-content\/uploads\/2024\/09\/favicon.png","width":512,"height":512,"caption":"RVH-Synergie.org"},"image":{"@id":"https:\/\/rvh-synergie.org\/actualites\/#\/schema\/logo\/image\/"}},{"@type":"Person","@id":"https:\/\/rvh-synergie.org\/actualites\/#\/schema\/person\/aa5ea98671fb4e8620f488a0795d2560","name":"Charles Martinez","image":{"@type":"ImageObject","inLanguage":"fr-FR","@id":"https:\/\/rvh-synergie.org\/actualites\/#\/schema\/person\/image\/","url":"https:\/\/rvh-synergie.org\/actualites\/wp-content\/uploads\/2024\/09\/charles-martinez-scaled.jpg","contentUrl":"https:\/\/rvh-synergie.org\/actualites\/wp-content\/uploads\/2024\/09\/charles-martinez-scaled.jpg","caption":"Charles Martinez"},"description":"Bonjour, je m'appelle Charles Martinez, r\u00e9dacteur passionn\u00e9 pour le m\u00e9dia RVH-synergie.org, d\u00e9di\u00e9 aux addictions et aux maladies. Depuis plus de dix ans, j'explore et rapporte les histoires poignantes des individus confront\u00e9s \u00e0 ces d\u00e9fis, tout en sensibilisant le public aux traitements novateurs et aux progr\u00e8s scientifiques dans ce domaine. Mon engagement r\u00e9side dans l'espoir de cr\u00e9er une communaut\u00e9 inform\u00e9e et empathique, pr\u00eate \u00e0 soutenir ceux qui luttent contre ces \u00e9preuves.","sameAs":["https:\/\/rvh-synergie.org\/"]}]}},"_links":{"self":[{"href":"https:\/\/rvh-synergie.org\/actualites\/wp-json\/wp\/v2\/posts\/3699","targetHints":{"allow":["GET"]}}],"collection":[{"href":"https:\/\/rvh-synergie.org\/actualites\/wp-json\/wp\/v2\/posts"}],"about":[{"href":"https:\/\/rvh-synergie.org\/actualites\/wp-json\/wp\/v2\/types\/post"}],"author":[{"embeddable":true,"href":"https:\/\/rvh-synergie.org\/actualites\/wp-json\/wp\/v2\/users\/1"}],"replies":[{"embeddable":true,"href":"https:\/\/rvh-synergie.org\/actualites\/wp-json\/wp\/v2\/comments?post=3699"}],"version-history":[{"count":0,"href":"https:\/\/rvh-synergie.org\/actualites\/wp-json\/wp\/v2\/posts\/3699\/revisions"}],"wp:featuredmedia":[{"embeddable":true,"href":"https:\/\/rvh-synergie.org\/actualites\/wp-json\/wp\/v2\/media\/3700"}],"wp:attachment":[{"href":"https:\/\/rvh-synergie.org\/actualites\/wp-json\/wp\/v2\/media?parent=3699"}],"wp:term":[{"taxonomy":"category","embeddable":true,"href":"https:\/\/rvh-synergie.org\/actualites\/wp-json\/wp\/v2\/categories?post=3699"},{"taxonomy":"post_tag","embeddable":true,"href":"https:\/\/rvh-synergie.org\/actualites\/wp-json\/wp\/v2\/tags?post=3699"}],"curies":[{"name":"wp","href":"https:\/\/api.w.org\/{rel}","templated":true}]}}