{"id":3623,"date":"2025-01-18T05:57:22","date_gmt":"2025-01-18T04:57:22","guid":{"rendered":"https:\/\/rvh-synergie.org\/actualites\/le-cerveau-des-personnes-atteintes-de-drepanocytose-semble-plus-age-selon-une-etude\/"},"modified":"2025-01-18T05:57:22","modified_gmt":"2025-01-18T04:57:22","slug":"le-cerveau-des-personnes-atteintes-de-drepanocytose-semble-plus-age-selon-une-etude","status":"publish","type":"post","link":"https:\/\/rvh-synergie.org\/actualites\/le-cerveau-des-personnes-atteintes-de-drepanocytose-semble-plus-age-selon-une-etude\/","title":{"rendered":"Le cerveau des personnes atteintes de dr\u00e9panocytose semble plus \u00e2g\u00e9, selon une \u00e9tude"},"content":{"rendered":"<div>\n<div class=\"article-gallery lightGallery\">\n<div data-thumb=\"https:\/\/scx1.b-cdn.net\/csz\/news\/tmb\/2021\/sickle-cell-disease.jpg\" data-src=\"https:\/\/scx2.b-cdn.net\/gfx\/news\/2021\/sickle-cell-disease.jpg\" data-sub-html=\"Credit: National Institutes of Health\">\n<figure class=\"article-img\">\n<\/figure><\/div>\n<\/div>\n<p>Les personnes atteintes de dr\u00e9panocytose \u2013 une maladie chronique dans laquelle des cellules sanguines d\u00e9form\u00e9es et collantes s\u2019agglutinent, r\u00e9duisant ainsi l\u2019apport d\u2019oxyg\u00e8ne aux organes \u2013 courent un risque plus \u00e9lev\u00e9 d\u2019accident vasculaire c\u00e9r\u00e9bral et de d\u00e9ficience cognitive qui en r\u00e9sulte. Mais m\u00eame en l\u2019absence d\u2019accident vasculaire c\u00e9r\u00e9bral, bon nombre de ces patients ont des difficult\u00e9s \u00e0 se souvenir, \u00e0 se concentrer, \u00e0 apprendre et \u00e0 r\u00e9soudre des probl\u00e8mes, entre autres probl\u00e8mes cognitifs, et nombre d\u2019entre eux sont confront\u00e9s \u00e0 des difficult\u00e9s \u00e0 l\u2019\u00e9cole et sur le lieu de travail.<\/p>\n<p>Aujourd&rsquo;hui, une \u00e9quipe multidisciplinaire de chercheurs et de m\u00e9decins de la facult\u00e9 de m\u00e9decine de l&rsquo;universit\u00e9 de Washington \u00e0 Saint-Louis a publi\u00e9 une \u00e9tude qui aide \u00e0 expliquer comment la maladie pourrait affecter les performances cognitives des patients dr\u00e9panocytaires sans ant\u00e9c\u00e9dents d&rsquo;accident vasculaire c\u00e9r\u00e9bral.<\/p>\n<p>Les chercheurs ont d\u00e9couvert que le cerveau de ces participants semblait plus vieux que pr\u00e9vu pour leur \u00e2ge. Les personnes en situation de d\u00e9nuement \u00e9conomique, qui luttent pour r\u00e9pondre \u00e0 leurs besoins fondamentaux, m\u00eame en l\u2019absence de dr\u00e9panocytose, avaient un cerveau d\u2019apparence plus \u00e2g\u00e9e, a \u00e9galement d\u00e9couvert l\u2019\u00e9quipe.<\/p>\n<p>L&rsquo;\u00e9tude a \u00e9t\u00e9 publi\u00e9e le 17 janvier dans <i>R\u00e9seau JAMA ouvert<\/i>.<\/p>\n<p>\u00ab\u00a0Notre \u00e9tude explique comment une maladie chronique et un faible statut socio-\u00e9conomique peuvent provoquer des probl\u00e8mes cognitifs\u00a0\u00bb, a d\u00e9clar\u00e9 Andria Ford, MD, professeur de neurologie et chef de la section des accidents vasculaires c\u00e9r\u00e9braux et des maladies c\u00e9r\u00e9brovasculaires \u00e0 WashU Medicine et auteur correspondant de l&rsquo;\u00e9tude.<\/p>\n<p>\u00ab\u00a0Nous avons constat\u00e9 que de tels facteurs pourraient avoir un impact sur le d\u00e9veloppement et\/ou le vieillissement du cerveau, ce qui, en fin de compte, affecte les processus mentaux impliqu\u00e9s dans la r\u00e9flexion, la m\u00e9morisation et la r\u00e9solution de probl\u00e8mes, entre autres. Comprendre l&rsquo;influence de la dr\u00e9panocytose et du d\u00e9nuement \u00e9conomique sur la structure du cerveau pourrait conduire \u00e0 traitements et mesures pr\u00e9ventives qui pourraient potentiellement pr\u00e9server la fonction cognitive.<\/p>\n<p>Plus de 200 jeunes adultes noirs, avec ou sans dr\u00e9panocytose, vivant \u00e0 Saint-Louis et dans la r\u00e9gion environnante de l&rsquo;est du Missouri et du sud-ouest de l&rsquo;Illinois, ont particip\u00e9 \u00e0 des IRM c\u00e9r\u00e9brales et \u00e0 des tests cognitifs.<\/p>\n<p>Les chercheurs, dont Yasheng Chen, DSc, professeur agr\u00e9g\u00e9 de neurologie \u00e0 WashU Medicine et auteur principal de l&rsquo;\u00e9tude, ont calcul\u00e9 l&rsquo;\u00e2ge c\u00e9r\u00e9bral de chaque personne \u00e0 l&rsquo;aide d&rsquo;un outil de pr\u00e9diction de l&rsquo;\u00e2ge c\u00e9r\u00e9bral d\u00e9velopp\u00e9 \u00e0 l&rsquo;aide d&rsquo;IRM c\u00e9r\u00e9brales provenant d&rsquo;un groupe diversifi\u00e9 de plus de 14 000 personnes en bonne sant\u00e9 d&rsquo;\u00e2ges connus. L&rsquo;\u00e2ge estim\u00e9 du cerveau a \u00e9t\u00e9 compar\u00e9 \u00e0 l&rsquo;\u00e2ge r\u00e9el de l&rsquo;individu.<\/p>\n<p>Les chercheurs ont d\u00e9couvert que les participants atteints de dr\u00e9panocytose avaient un cerveau qui semblait en moyenne 14 ans plus \u00e2g\u00e9 que leur \u00e2ge r\u00e9el. Les participants dr\u00e9panocytaires dont le cerveau semble plus \u00e2g\u00e9 ont \u00e9galement obtenu des r\u00e9sultats inf\u00e9rieurs aux tests cognitifs.<\/p>\n<p>L&rsquo;\u00e9tude a \u00e9galement r\u00e9v\u00e9l\u00e9 que le statut socio-\u00e9conomique est en corr\u00e9lation avec l&rsquo;\u00e2ge du cerveau. En moyenne, un \u00e9cart de sept ans a \u00e9t\u00e9 constat\u00e9 entre l&rsquo;\u00e2ge du cerveau et l&rsquo;\u00e2ge r\u00e9el des participants en bonne sant\u00e9 et vivant dans la pauvret\u00e9. Plus la privation \u00e9conomique \u00e9tait grave, plus le cerveau des sujets d\u2019\u00e9tude paraissait vieux.<\/p>\n<p>Les cerveaux sains r\u00e9tr\u00e9cissent avec l&rsquo;\u00e2ge, tandis que le r\u00e9tr\u00e9cissement pr\u00e9matur\u00e9 est caract\u00e9ristique des maladies neurologiques telles que la maladie d&rsquo;Alzheimer. Mais un cerveau plus petit qui semble plus \u00e2g\u00e9 peut \u00e9galement r\u00e9sulter d\u2019un retard de croissance au d\u00e9but de la vie.<\/p>\n<p>La dr\u00e9panocytose est cong\u00e9nitale, privant chroniquement le cerveau en d\u00e9veloppement d&rsquo;oxyg\u00e8ne et affectant \u00e9ventuellement sa croissance d\u00e8s la naissance. En outre, les enfants expos\u00e9s \u00e0 la privation \u00e9conomique et \u00e0 la pauvret\u00e9 \u00e0 long terme sont confront\u00e9s \u00e0 des d\u00e9fis cognitifs qui affectent leurs r\u00e9sultats scolaires, a expliqu\u00e9 Ford.<\/p>\n<p>Dans le cadre de la m\u00eame \u00e9tude, les chercheurs effectuent \u00e0 nouveau des tests cognitifs et scannent les cerveaux des m\u00eames participants sains et dr\u00e9panocytaires trois ans apr\u00e8s leur premi\u00e8re analyse pour d\u00e9terminer si les cerveaux d&rsquo;apparence plus \u00e2g\u00e9e ont vieilli pr\u00e9matur\u00e9ment ou si leur d\u00e9veloppement a \u00e9t\u00e9 retard\u00e9. .<\/p>\n<p>\u00ab\u00a0Une seule scintigraphie c\u00e9r\u00e9brale permet de mesurer l&rsquo;\u00e2ge c\u00e9r\u00e9bral des participants \u00e0 ce moment pr\u00e9cis\u00a0\u00bb, a d\u00e9clar\u00e9 Ford, qui soigne les patients de l&rsquo;h\u00f4pital juif Barnes.<\/p>\n<p>\u00ab\u00a0Mais plusieurs points dans le temps peuvent nous aider \u00e0 comprendre si le cerveau est stable, en capturant initialement les diff\u00e9rences pr\u00e9sentes depuis l&rsquo;enfance, ou en vieillissant pr\u00e9matur\u00e9ment et en \u00e9tant capable de pr\u00e9dire la trajectoire du d\u00e9clin cognitif d&rsquo;une personne. Identifier qui est le plus \u00e0 risque de d\u00e9velopper un handicap cognitif futur avec un une seule IRM peut \u00eatre un outil puissant pour aider les patients souffrant de troubles neurologiques.<\/p>\n<p>                                        <!-- print only --><\/p><\/div>\n","protected":false},"excerpt":{"rendered":"<p>Les personnes atteintes de dr\u00e9panocytose \u2013 une maladie chronique dans laquelle des cellules sanguines d\u00e9form\u00e9es<\/p>\n","protected":false},"author":1,"featured_media":2687,"comment_status":"closed","ping_status":"","sticky":false,"template":"","format":"standard","meta":{"footnotes":""},"categories":[86],"tags":[1449,101,585,16,881,48,100,46,2509,47],"class_list":["post-3623","post","type-post","status-publish","format-standard","has-post-thumbnail","hentry","category-les-maladies","tag-age","tag-atteintes","tag-cerveau","tag-des","tag-drepanocytose","tag-etude","tag-personnes","tag-selon","tag-semble","tag-une","generate-columns","tablet-grid-50","mobile-grid-100","grid-parent","grid-50","resize-featured-image"],"yoast_head":"<!-- This site is optimized with the Yoast SEO plugin v23.4 - https:\/\/yoast.com\/wordpress\/plugins\/seo\/ -->\n<title>Le cerveau des personnes atteintes de dr\u00e9panocytose semble plus \u00e2g\u00e9, selon une \u00e9tude - RVH-Synergie.org<\/title>\n<meta name=\"robots\" content=\"index, follow, max-snippet:-1, max-image-preview:large, max-video-preview:-1\" \/>\n<link rel=\"canonical\" href=\"https:\/\/rvh-synergie.org\/actualites\/le-cerveau-des-personnes-atteintes-de-drepanocytose-semble-plus-age-selon-une-etude\/\" \/>\n<meta property=\"og:locale\" content=\"fr_FR\" \/>\n<meta property=\"og:type\" content=\"article\" \/>\n<meta property=\"og:title\" content=\"Le cerveau des personnes atteintes de dr\u00e9panocytose semble plus \u00e2g\u00e9, selon une \u00e9tude - RVH-Synergie.org\" \/>\n<meta property=\"og:description\" content=\"Les personnes atteintes de dr\u00e9panocytose \u2013 une maladie chronique dans laquelle des cellules sanguines d\u00e9form\u00e9es\" \/>\n<meta property=\"og:url\" content=\"https:\/\/rvh-synergie.org\/actualites\/le-cerveau-des-personnes-atteintes-de-drepanocytose-semble-plus-age-selon-une-etude\/\" \/>\n<meta property=\"og:site_name\" content=\"RVH-Synergie\" \/>\n<meta property=\"article:published_time\" content=\"2025-01-18T04:57:22+00:00\" \/>\n<meta property=\"og:image\" content=\"https:\/\/rvh-synergie.org\/actualites\/wp-content\/uploads\/2024\/12\/1733590942_Une-drepanocytose-dabord-ledition-de-bases-une-nouvelle-forme-de.jpg\" \/>\n\t<meta property=\"og:image:width\" content=\"768\" \/>\n\t<meta property=\"og:image:height\" content=\"432\" \/>\n\t<meta property=\"og:image:type\" content=\"image\/jpeg\" \/>\n<meta name=\"author\" content=\"Charles Martinez\" \/>\n<meta name=\"twitter:card\" content=\"summary_large_image\" \/>\n<meta name=\"twitter:label1\" content=\"\u00c9crit par\" \/>\n\t<meta name=\"twitter:data1\" content=\"Charles Martinez\" \/>\n\t<meta name=\"twitter:label2\" content=\"Dur\u00e9e de lecture estim\u00e9e\" \/>\n\t<meta name=\"twitter:data2\" content=\"4 minutes\" \/>\n<script type=\"application\/ld+json\" class=\"yoast-schema-graph\">{\"@context\":\"https:\/\/schema.org\",\"@graph\":[{\"@type\":\"Article\",\"@id\":\"https:\/\/rvh-synergie.org\/actualites\/le-cerveau-des-personnes-atteintes-de-drepanocytose-semble-plus-age-selon-une-etude\/#article\",\"isPartOf\":{\"@id\":\"https:\/\/rvh-synergie.org\/actualites\/le-cerveau-des-personnes-atteintes-de-drepanocytose-semble-plus-age-selon-une-etude\/\"},\"author\":{\"name\":\"Charles Martinez\",\"@id\":\"https:\/\/rvh-synergie.org\/actualites\/#\/schema\/person\/aa5ea98671fb4e8620f488a0795d2560\"},\"headline\":\"Le cerveau des personnes atteintes de dr\u00e9panocytose semble plus \u00e2g\u00e9, selon une \u00e9tude\",\"datePublished\":\"2025-01-18T04:57:22+00:00\",\"dateModified\":\"2025-01-18T04:57:22+00:00\",\"mainEntityOfPage\":{\"@id\":\"https:\/\/rvh-synergie.org\/actualites\/le-cerveau-des-personnes-atteintes-de-drepanocytose-semble-plus-age-selon-une-etude\/\"},\"wordCount\":894,\"publisher\":{\"@id\":\"https:\/\/rvh-synergie.org\/actualites\/#organization\"},\"image\":{\"@id\":\"https:\/\/rvh-synergie.org\/actualites\/le-cerveau-des-personnes-atteintes-de-drepanocytose-semble-plus-age-selon-une-etude\/#primaryimage\"},\"thumbnailUrl\":\"https:\/\/rvh-synergie.org\/actualites\/wp-content\/uploads\/2024\/12\/1733590942_Une-drepanocytose-dabord-ledition-de-bases-une-nouvelle-forme-de.jpg\",\"keywords\":[\"\u00e2ge\",\"atteintes\",\"cerveau\",\"des\",\"dr\u00e9panocytose\",\"\u00e9tude\",\"personnes\",\"selon\",\"semble\",\"une\"],\"articleSection\":[\"Les maladies\"],\"inLanguage\":\"fr-FR\"},{\"@type\":\"WebPage\",\"@id\":\"https:\/\/rvh-synergie.org\/actualites\/le-cerveau-des-personnes-atteintes-de-drepanocytose-semble-plus-age-selon-une-etude\/\",\"url\":\"https:\/\/rvh-synergie.org\/actualites\/le-cerveau-des-personnes-atteintes-de-drepanocytose-semble-plus-age-selon-une-etude\/\",\"name\":\"Le cerveau des personnes atteintes de dr\u00e9panocytose semble plus \u00e2g\u00e9, selon une \u00e9tude - RVH-Synergie.org\",\"isPartOf\":{\"@id\":\"https:\/\/rvh-synergie.org\/actualites\/#website\"},\"primaryImageOfPage\":{\"@id\":\"https:\/\/rvh-synergie.org\/actualites\/le-cerveau-des-personnes-atteintes-de-drepanocytose-semble-plus-age-selon-une-etude\/#primaryimage\"},\"image\":{\"@id\":\"https:\/\/rvh-synergie.org\/actualites\/le-cerveau-des-personnes-atteintes-de-drepanocytose-semble-plus-age-selon-une-etude\/#primaryimage\"},\"thumbnailUrl\":\"https:\/\/rvh-synergie.org\/actualites\/wp-content\/uploads\/2024\/12\/1733590942_Une-drepanocytose-dabord-ledition-de-bases-une-nouvelle-forme-de.jpg\",\"datePublished\":\"2025-01-18T04:57:22+00:00\",\"dateModified\":\"2025-01-18T04:57:22+00:00\",\"breadcrumb\":{\"@id\":\"https:\/\/rvh-synergie.org\/actualites\/le-cerveau-des-personnes-atteintes-de-drepanocytose-semble-plus-age-selon-une-etude\/#breadcrumb\"},\"inLanguage\":\"fr-FR\",\"potentialAction\":[{\"@type\":\"ReadAction\",\"target\":[\"https:\/\/rvh-synergie.org\/actualites\/le-cerveau-des-personnes-atteintes-de-drepanocytose-semble-plus-age-selon-une-etude\/\"]}]},{\"@type\":\"ImageObject\",\"inLanguage\":\"fr-FR\",\"@id\":\"https:\/\/rvh-synergie.org\/actualites\/le-cerveau-des-personnes-atteintes-de-drepanocytose-semble-plus-age-selon-une-etude\/#primaryimage\",\"url\":\"https:\/\/rvh-synergie.org\/actualites\/wp-content\/uploads\/2024\/12\/1733590942_Une-drepanocytose-dabord-ledition-de-bases-une-nouvelle-forme-de.jpg\",\"contentUrl\":\"https:\/\/rvh-synergie.org\/actualites\/wp-content\/uploads\/2024\/12\/1733590942_Une-drepanocytose-dabord-ledition-de-bases-une-nouvelle-forme-de.jpg\",\"width\":768,\"height\":432,\"caption\":\"Une dr\u00e9panocytose d'abord\u00a0: l'\u00e9dition de bases, une nouvelle forme de th\u00e9rapie g\u00e9nique, permet au patient de se sentir \u00ab plus que bien \u00bb\"},{\"@type\":\"BreadcrumbList\",\"@id\":\"https:\/\/rvh-synergie.org\/actualites\/le-cerveau-des-personnes-atteintes-de-drepanocytose-semble-plus-age-selon-une-etude\/#breadcrumb\",\"itemListElement\":[{\"@type\":\"ListItem\",\"position\":1,\"name\":\"Accueil\",\"item\":\"https:\/\/rvh-synergie.org\/actualites\/\"},{\"@type\":\"ListItem\",\"position\":2,\"name\":\"Le cerveau des personnes atteintes de dr\u00e9panocytose semble plus \u00e2g\u00e9, selon une \u00e9tude\"}]},{\"@type\":\"WebSite\",\"@id\":\"https:\/\/rvh-synergie.org\/actualites\/#website\",\"url\":\"https:\/\/rvh-synergie.org\/actualites\/\",\"name\":\"RVH-Synergie.org\",\"description\":\"RVH-Synergie, site ind\u00e9pendant d&#039;informations sur la prise en charge des addictions.\",\"publisher\":{\"@id\":\"https:\/\/rvh-synergie.org\/actualites\/#organization\"},\"potentialAction\":[{\"@type\":\"SearchAction\",\"target\":{\"@type\":\"EntryPoint\",\"urlTemplate\":\"https:\/\/rvh-synergie.org\/actualites\/?s={search_term_string}\"},\"query-input\":{\"@type\":\"PropertyValueSpecification\",\"valueRequired\":true,\"valueName\":\"search_term_string\"}}],\"inLanguage\":\"fr-FR\"},{\"@type\":\"Organization\",\"@id\":\"https:\/\/rvh-synergie.org\/actualites\/#organization\",\"name\":\"RVH-Synergie.org\",\"url\":\"https:\/\/rvh-synergie.org\/actualites\/\",\"logo\":{\"@type\":\"ImageObject\",\"inLanguage\":\"fr-FR\",\"@id\":\"https:\/\/rvh-synergie.org\/actualites\/#\/schema\/logo\/image\/\",\"url\":\"https:\/\/rvh-synergie.org\/actualites\/wp-content\/uploads\/2024\/09\/favicon.png\",\"contentUrl\":\"https:\/\/rvh-synergie.org\/actualites\/wp-content\/uploads\/2024\/09\/favicon.png\",\"width\":512,\"height\":512,\"caption\":\"RVH-Synergie.org\"},\"image\":{\"@id\":\"https:\/\/rvh-synergie.org\/actualites\/#\/schema\/logo\/image\/\"}},{\"@type\":\"Person\",\"@id\":\"https:\/\/rvh-synergie.org\/actualites\/#\/schema\/person\/aa5ea98671fb4e8620f488a0795d2560\",\"name\":\"Charles Martinez\",\"image\":{\"@type\":\"ImageObject\",\"inLanguage\":\"fr-FR\",\"@id\":\"https:\/\/rvh-synergie.org\/actualites\/#\/schema\/person\/image\/\",\"url\":\"https:\/\/rvh-synergie.org\/actualites\/wp-content\/uploads\/2024\/09\/charles-martinez-scaled.jpg\",\"contentUrl\":\"https:\/\/rvh-synergie.org\/actualites\/wp-content\/uploads\/2024\/09\/charles-martinez-scaled.jpg\",\"caption\":\"Charles Martinez\"},\"description\":\"Bonjour, je m'appelle Charles Martinez, r\u00e9dacteur passionn\u00e9 pour le m\u00e9dia RVH-synergie.org, d\u00e9di\u00e9 aux addictions et aux maladies. Depuis plus de dix ans, j'explore et rapporte les histoires poignantes des individus confront\u00e9s \u00e0 ces d\u00e9fis, tout en sensibilisant le public aux traitements novateurs et aux progr\u00e8s scientifiques dans ce domaine. Mon engagement r\u00e9side dans l'espoir de cr\u00e9er une communaut\u00e9 inform\u00e9e et empathique, pr\u00eate \u00e0 soutenir ceux qui luttent contre ces \u00e9preuves.\",\"sameAs\":[\"https:\/\/rvh-synergie.org\/\"]}]}<\/script>\n<!-- \/ Yoast SEO plugin. -->","yoast_head_json":{"title":"Le cerveau des personnes atteintes de dr\u00e9panocytose semble plus \u00e2g\u00e9, selon une \u00e9tude - RVH-Synergie.org","robots":{"index":"index","follow":"follow","max-snippet":"max-snippet:-1","max-image-preview":"max-image-preview:large","max-video-preview":"max-video-preview:-1"},"canonical":"https:\/\/rvh-synergie.org\/actualites\/le-cerveau-des-personnes-atteintes-de-drepanocytose-semble-plus-age-selon-une-etude\/","og_locale":"fr_FR","og_type":"article","og_title":"Le cerveau des personnes atteintes de dr\u00e9panocytose semble plus \u00e2g\u00e9, selon une \u00e9tude - RVH-Synergie.org","og_description":"Les personnes atteintes de dr\u00e9panocytose \u2013 une maladie chronique dans laquelle des cellules sanguines d\u00e9form\u00e9es","og_url":"https:\/\/rvh-synergie.org\/actualites\/le-cerveau-des-personnes-atteintes-de-drepanocytose-semble-plus-age-selon-une-etude\/","og_site_name":"RVH-Synergie","article_published_time":"2025-01-18T04:57:22+00:00","og_image":[{"width":768,"height":432,"url":"https:\/\/rvh-synergie.org\/actualites\/wp-content\/uploads\/2024\/12\/1733590942_Une-drepanocytose-dabord-ledition-de-bases-une-nouvelle-forme-de.jpg","type":"image\/jpeg"}],"author":"Charles Martinez","twitter_card":"summary_large_image","twitter_misc":{"\u00c9crit par":"Charles Martinez","Dur\u00e9e de lecture estim\u00e9e":"4 minutes"},"schema":{"@context":"https:\/\/schema.org","@graph":[{"@type":"Article","@id":"https:\/\/rvh-synergie.org\/actualites\/le-cerveau-des-personnes-atteintes-de-drepanocytose-semble-plus-age-selon-une-etude\/#article","isPartOf":{"@id":"https:\/\/rvh-synergie.org\/actualites\/le-cerveau-des-personnes-atteintes-de-drepanocytose-semble-plus-age-selon-une-etude\/"},"author":{"name":"Charles Martinez","@id":"https:\/\/rvh-synergie.org\/actualites\/#\/schema\/person\/aa5ea98671fb4e8620f488a0795d2560"},"headline":"Le cerveau des personnes atteintes de dr\u00e9panocytose semble plus \u00e2g\u00e9, selon une \u00e9tude","datePublished":"2025-01-18T04:57:22+00:00","dateModified":"2025-01-18T04:57:22+00:00","mainEntityOfPage":{"@id":"https:\/\/rvh-synergie.org\/actualites\/le-cerveau-des-personnes-atteintes-de-drepanocytose-semble-plus-age-selon-une-etude\/"},"wordCount":894,"publisher":{"@id":"https:\/\/rvh-synergie.org\/actualites\/#organization"},"image":{"@id":"https:\/\/rvh-synergie.org\/actualites\/le-cerveau-des-personnes-atteintes-de-drepanocytose-semble-plus-age-selon-une-etude\/#primaryimage"},"thumbnailUrl":"https:\/\/rvh-synergie.org\/actualites\/wp-content\/uploads\/2024\/12\/1733590942_Une-drepanocytose-dabord-ledition-de-bases-une-nouvelle-forme-de.jpg","keywords":["\u00e2ge","atteintes","cerveau","des","dr\u00e9panocytose","\u00e9tude","personnes","selon","semble","une"],"articleSection":["Les maladies"],"inLanguage":"fr-FR"},{"@type":"WebPage","@id":"https:\/\/rvh-synergie.org\/actualites\/le-cerveau-des-personnes-atteintes-de-drepanocytose-semble-plus-age-selon-une-etude\/","url":"https:\/\/rvh-synergie.org\/actualites\/le-cerveau-des-personnes-atteintes-de-drepanocytose-semble-plus-age-selon-une-etude\/","name":"Le cerveau des personnes atteintes de dr\u00e9panocytose semble plus \u00e2g\u00e9, selon une \u00e9tude - RVH-Synergie.org","isPartOf":{"@id":"https:\/\/rvh-synergie.org\/actualites\/#website"},"primaryImageOfPage":{"@id":"https:\/\/rvh-synergie.org\/actualites\/le-cerveau-des-personnes-atteintes-de-drepanocytose-semble-plus-age-selon-une-etude\/#primaryimage"},"image":{"@id":"https:\/\/rvh-synergie.org\/actualites\/le-cerveau-des-personnes-atteintes-de-drepanocytose-semble-plus-age-selon-une-etude\/#primaryimage"},"thumbnailUrl":"https:\/\/rvh-synergie.org\/actualites\/wp-content\/uploads\/2024\/12\/1733590942_Une-drepanocytose-dabord-ledition-de-bases-une-nouvelle-forme-de.jpg","datePublished":"2025-01-18T04:57:22+00:00","dateModified":"2025-01-18T04:57:22+00:00","breadcrumb":{"@id":"https:\/\/rvh-synergie.org\/actualites\/le-cerveau-des-personnes-atteintes-de-drepanocytose-semble-plus-age-selon-une-etude\/#breadcrumb"},"inLanguage":"fr-FR","potentialAction":[{"@type":"ReadAction","target":["https:\/\/rvh-synergie.org\/actualites\/le-cerveau-des-personnes-atteintes-de-drepanocytose-semble-plus-age-selon-une-etude\/"]}]},{"@type":"ImageObject","inLanguage":"fr-FR","@id":"https:\/\/rvh-synergie.org\/actualites\/le-cerveau-des-personnes-atteintes-de-drepanocytose-semble-plus-age-selon-une-etude\/#primaryimage","url":"https:\/\/rvh-synergie.org\/actualites\/wp-content\/uploads\/2024\/12\/1733590942_Une-drepanocytose-dabord-ledition-de-bases-une-nouvelle-forme-de.jpg","contentUrl":"https:\/\/rvh-synergie.org\/actualites\/wp-content\/uploads\/2024\/12\/1733590942_Une-drepanocytose-dabord-ledition-de-bases-une-nouvelle-forme-de.jpg","width":768,"height":432,"caption":"Une dr\u00e9panocytose d'abord\u00a0: l'\u00e9dition de bases, une nouvelle forme de th\u00e9rapie g\u00e9nique, permet au patient de se sentir \u00ab plus que bien \u00bb"},{"@type":"BreadcrumbList","@id":"https:\/\/rvh-synergie.org\/actualites\/le-cerveau-des-personnes-atteintes-de-drepanocytose-semble-plus-age-selon-une-etude\/#breadcrumb","itemListElement":[{"@type":"ListItem","position":1,"name":"Accueil","item":"https:\/\/rvh-synergie.org\/actualites\/"},{"@type":"ListItem","position":2,"name":"Le cerveau des personnes atteintes de dr\u00e9panocytose semble plus \u00e2g\u00e9, selon une \u00e9tude"}]},{"@type":"WebSite","@id":"https:\/\/rvh-synergie.org\/actualites\/#website","url":"https:\/\/rvh-synergie.org\/actualites\/","name":"RVH-Synergie.org","description":"RVH-Synergie, site ind\u00e9pendant d&#039;informations sur la prise en charge des addictions.","publisher":{"@id":"https:\/\/rvh-synergie.org\/actualites\/#organization"},"potentialAction":[{"@type":"SearchAction","target":{"@type":"EntryPoint","urlTemplate":"https:\/\/rvh-synergie.org\/actualites\/?s={search_term_string}"},"query-input":{"@type":"PropertyValueSpecification","valueRequired":true,"valueName":"search_term_string"}}],"inLanguage":"fr-FR"},{"@type":"Organization","@id":"https:\/\/rvh-synergie.org\/actualites\/#organization","name":"RVH-Synergie.org","url":"https:\/\/rvh-synergie.org\/actualites\/","logo":{"@type":"ImageObject","inLanguage":"fr-FR","@id":"https:\/\/rvh-synergie.org\/actualites\/#\/schema\/logo\/image\/","url":"https:\/\/rvh-synergie.org\/actualites\/wp-content\/uploads\/2024\/09\/favicon.png","contentUrl":"https:\/\/rvh-synergie.org\/actualites\/wp-content\/uploads\/2024\/09\/favicon.png","width":512,"height":512,"caption":"RVH-Synergie.org"},"image":{"@id":"https:\/\/rvh-synergie.org\/actualites\/#\/schema\/logo\/image\/"}},{"@type":"Person","@id":"https:\/\/rvh-synergie.org\/actualites\/#\/schema\/person\/aa5ea98671fb4e8620f488a0795d2560","name":"Charles Martinez","image":{"@type":"ImageObject","inLanguage":"fr-FR","@id":"https:\/\/rvh-synergie.org\/actualites\/#\/schema\/person\/image\/","url":"https:\/\/rvh-synergie.org\/actualites\/wp-content\/uploads\/2024\/09\/charles-martinez-scaled.jpg","contentUrl":"https:\/\/rvh-synergie.org\/actualites\/wp-content\/uploads\/2024\/09\/charles-martinez-scaled.jpg","caption":"Charles Martinez"},"description":"Bonjour, je m'appelle Charles Martinez, r\u00e9dacteur passionn\u00e9 pour le m\u00e9dia RVH-synergie.org, d\u00e9di\u00e9 aux addictions et aux maladies. Depuis plus de dix ans, j'explore et rapporte les histoires poignantes des individus confront\u00e9s \u00e0 ces d\u00e9fis, tout en sensibilisant le public aux traitements novateurs et aux progr\u00e8s scientifiques dans ce domaine. Mon engagement r\u00e9side dans l'espoir de cr\u00e9er une communaut\u00e9 inform\u00e9e et empathique, pr\u00eate \u00e0 soutenir ceux qui luttent contre ces \u00e9preuves.","sameAs":["https:\/\/rvh-synergie.org\/"]}]}},"_links":{"self":[{"href":"https:\/\/rvh-synergie.org\/actualites\/wp-json\/wp\/v2\/posts\/3623","targetHints":{"allow":["GET"]}}],"collection":[{"href":"https:\/\/rvh-synergie.org\/actualites\/wp-json\/wp\/v2\/posts"}],"about":[{"href":"https:\/\/rvh-synergie.org\/actualites\/wp-json\/wp\/v2\/types\/post"}],"author":[{"embeddable":true,"href":"https:\/\/rvh-synergie.org\/actualites\/wp-json\/wp\/v2\/users\/1"}],"replies":[{"embeddable":true,"href":"https:\/\/rvh-synergie.org\/actualites\/wp-json\/wp\/v2\/comments?post=3623"}],"version-history":[{"count":0,"href":"https:\/\/rvh-synergie.org\/actualites\/wp-json\/wp\/v2\/posts\/3623\/revisions"}],"wp:featuredmedia":[{"embeddable":true,"href":"https:\/\/rvh-synergie.org\/actualites\/wp-json\/wp\/v2\/media\/2687"}],"wp:attachment":[{"href":"https:\/\/rvh-synergie.org\/actualites\/wp-json\/wp\/v2\/media?parent=3623"}],"wp:term":[{"taxonomy":"category","embeddable":true,"href":"https:\/\/rvh-synergie.org\/actualites\/wp-json\/wp\/v2\/categories?post=3623"},{"taxonomy":"post_tag","embeddable":true,"href":"https:\/\/rvh-synergie.org\/actualites\/wp-json\/wp\/v2\/tags?post=3623"}],"curies":[{"name":"wp","href":"https:\/\/api.w.org\/{rel}","templated":true}]}}