{"id":3614,"date":"2025-01-17T22:57:36","date_gmt":"2025-01-17T21:57:36","guid":{"rendered":"https:\/\/rvh-synergie.org\/actualites\/la-fda-autorise-la-commercialisation-des-sachets-de-nicotine\/"},"modified":"2025-01-17T22:57:37","modified_gmt":"2025-01-17T21:57:37","slug":"la-fda-autorise-la-commercialisation-des-sachets-de-nicotine","status":"publish","type":"post","link":"https:\/\/rvh-synergie.org\/actualites\/la-fda-autorise-la-commercialisation-des-sachets-de-nicotine\/","title":{"rendered":"La FDA autorise la commercialisation des sachets de nicotine"},"content":{"rendered":"<div>\n<div class=\"article-gallery lightGallery\">\n<div data-thumb=\"https:\/\/scx1.b-cdn.net\/csz\/news\/tmb\/2025\/fda-approves-marketing.jpg\" data-src=\"https:\/\/scx2.b-cdn.net\/gfx\/news\/2025\/fda-approves-marketing.jpg\" data-sub-html=\"\">\n<figure class=\"article-img\">\n<\/figure><\/div>\n<\/div>\n<p>Apr\u00e8s un examen scientifique approfondi, la Food and Drug Administration des \u00c9tats-Unis a autoris\u00e9 la commercialisation de 20 sachets de nicotine ZYN. Les sachets de nicotine, petits sachets en fibres synth\u00e9tiques contenant de la nicotine, sont con\u00e7us pour \u00eatre plac\u00e9s entre la gencive et les l\u00e8vres d&rsquo;une personne.<\/p>\n<p>En faisant r\u00e9f\u00e9rence \u00e0 la norme de sant\u00e9 publique l\u00e9galement requise par la loi de 2009 sur la pr\u00e9vention du tabagisme familial et la lutte contre le tabac, la FDA a d\u00e9termin\u00e9 qu&rsquo;en raison de quantit\u00e9s nettement inf\u00e9rieures de composants nocifs que les cigarettes et la plupart des produits du tabac sans fum\u00e9e, les sachets de nicotine autoris\u00e9s pr\u00e9sentent un risque plus faible de cancer et d&rsquo;autres probl\u00e8mes de sant\u00e9 graves. En outre, il est prouv\u00e9 que ces sachets de nicotine peuvent aider les utilisateurs actuels de cigarettes et d\u2019autres produits du tabac \u00e0 arr\u00eater avec succ\u00e8s ces produits plus nocifs.<\/p>\n<p>\u00ab\u00a0Pour recevoir les autorisations de mise sur le march\u00e9, la FDA doit disposer de preuves suffisantes que les nouveaux produits offrent plus de b\u00e9n\u00e9fices pour la sant\u00e9 de la population que de risques\u00a0\u00bb, a d\u00e9clar\u00e9 Matthew Farrelly, Ph.D., directeur du Bureau scientifique du Centre des produits du tabac de la FDA. un communiqu\u00e9 de presse de l&rsquo;agence.<\/p>\n<p>\u00ab\u00a0Dans ce cas, les donn\u00e9es montrent que ces sachets de nicotine r\u00e9pondent \u00e0 cette barre en b\u00e9n\u00e9ficiant aux adultes qui consomment des cigarettes et\/ou des produits du tabac sans fum\u00e9e et qui passent compl\u00e8tement \u00e0 ces produits.\u00a0\u00bb<\/p>\n<p>La FDA a soulign\u00e9 que cette autorisation ne signifie pas que les produits \u00e0 base de nicotine sont totalement s\u00fbrs, mais qu&rsquo;ils r\u00e9pondent aux exigences visant \u00e0 apporter plus d&rsquo;avantages que d&rsquo;inconv\u00e9nients. L&rsquo;agence a ajout\u00e9 qu&rsquo;elle suivrait de pr\u00e8s la commercialisation de ces produits pour se pr\u00e9munir contre toute publicit\u00e9 destin\u00e9e aux jeunes et qu&rsquo;elle imposerait des \u00ab restrictions strictes \u00bb \u00e0 la publicit\u00e9 num\u00e9rique, t\u00e9l\u00e9vis\u00e9e et radiophonique.<\/p>\n<p>                                        <!-- print only --><\/p><\/div>\n","protected":false},"excerpt":{"rendered":"<p>Apr\u00e8s un examen scientifique approfondi, la Food and Drug Administration des \u00c9tats-Unis a autoris\u00e9 la<\/p>\n","protected":false},"author":1,"featured_media":3615,"comment_status":"closed","ping_status":"","sticky":false,"template":"","format":"standard","meta":{"footnotes":""},"categories":[35],"tags":[2607,3566,16,447,1122,1121],"class_list":["post-3614","post","type-post","status-publish","format-standard","has-post-thumbnail","hentry","category-les-addictions","tag-autorise","tag-commercialisation","tag-des","tag-fda","tag-nicotine","tag-sachets","generate-columns","tablet-grid-50","mobile-grid-100","grid-parent","grid-50","resize-featured-image"],"yoast_head":"<!-- This site is optimized with the Yoast SEO plugin v23.4 - https:\/\/yoast.com\/wordpress\/plugins\/seo\/ -->\n<title>La FDA autorise la commercialisation des sachets de nicotine - RVH-Synergie.org<\/title>\n<meta name=\"robots\" content=\"index, follow, max-snippet:-1, max-image-preview:large, max-video-preview:-1\" \/>\n<link rel=\"canonical\" href=\"https:\/\/rvh-synergie.org\/actualites\/la-fda-autorise-la-commercialisation-des-sachets-de-nicotine\/\" \/>\n<meta property=\"og:locale\" content=\"fr_FR\" \/>\n<meta property=\"og:type\" content=\"article\" \/>\n<meta property=\"og:title\" content=\"La FDA autorise la commercialisation des sachets de nicotine - RVH-Synergie.org\" \/>\n<meta property=\"og:description\" content=\"Apr\u00e8s un examen scientifique approfondi, la Food and Drug Administration des \u00c9tats-Unis a autoris\u00e9 la\" \/>\n<meta property=\"og:url\" content=\"https:\/\/rvh-synergie.org\/actualites\/la-fda-autorise-la-commercialisation-des-sachets-de-nicotine\/\" \/>\n<meta property=\"og:site_name\" content=\"RVH-Synergie\" \/>\n<meta property=\"article:published_time\" content=\"2025-01-17T21:57:36+00:00\" \/>\n<meta property=\"article:modified_time\" content=\"2025-01-17T21:57:37+00:00\" \/>\n<meta property=\"og:image\" content=\"https:\/\/rvh-synergie.org\/actualites\/wp-content\/uploads\/2025\/01\/1737151056_La-FDA-autorise-la-commercialisation-des-sachets-de-nicotine.jpg\" \/>\n\t<meta property=\"og:image:width\" content=\"1280\" \/>\n\t<meta property=\"og:image:height\" content=\"846\" \/>\n\t<meta property=\"og:image:type\" content=\"image\/jpeg\" \/>\n<meta name=\"author\" content=\"Charles Martinez\" \/>\n<meta name=\"twitter:card\" content=\"summary_large_image\" \/>\n<meta name=\"twitter:label1\" content=\"\u00c9crit par\" \/>\n\t<meta name=\"twitter:data1\" content=\"Charles Martinez\" \/>\n\t<meta name=\"twitter:label2\" content=\"Dur\u00e9e de lecture estim\u00e9e\" \/>\n\t<meta name=\"twitter:data2\" content=\"2 minutes\" \/>\n<script type=\"application\/ld+json\" class=\"yoast-schema-graph\">{\"@context\":\"https:\/\/schema.org\",\"@graph\":[{\"@type\":\"Article\",\"@id\":\"https:\/\/rvh-synergie.org\/actualites\/la-fda-autorise-la-commercialisation-des-sachets-de-nicotine\/#article\",\"isPartOf\":{\"@id\":\"https:\/\/rvh-synergie.org\/actualites\/la-fda-autorise-la-commercialisation-des-sachets-de-nicotine\/\"},\"author\":{\"name\":\"Charles Martinez\",\"@id\":\"https:\/\/rvh-synergie.org\/actualites\/#\/schema\/person\/aa5ea98671fb4e8620f488a0795d2560\"},\"headline\":\"La FDA autorise la commercialisation des sachets de nicotine\",\"datePublished\":\"2025-01-17T21:57:36+00:00\",\"dateModified\":\"2025-01-17T21:57:37+00:00\",\"mainEntityOfPage\":{\"@id\":\"https:\/\/rvh-synergie.org\/actualites\/la-fda-autorise-la-commercialisation-des-sachets-de-nicotine\/\"},\"wordCount\":359,\"publisher\":{\"@id\":\"https:\/\/rvh-synergie.org\/actualites\/#organization\"},\"image\":{\"@id\":\"https:\/\/rvh-synergie.org\/actualites\/la-fda-autorise-la-commercialisation-des-sachets-de-nicotine\/#primaryimage\"},\"thumbnailUrl\":\"https:\/\/rvh-synergie.org\/actualites\/wp-content\/uploads\/2025\/01\/1737151056_La-FDA-autorise-la-commercialisation-des-sachets-de-nicotine.jpg\",\"keywords\":[\"autorise\",\"commercialisation\",\"des\",\"FDA\",\"nicotine\",\"sachets\"],\"articleSection\":[\"Les addictions\"],\"inLanguage\":\"fr-FR\"},{\"@type\":\"WebPage\",\"@id\":\"https:\/\/rvh-synergie.org\/actualites\/la-fda-autorise-la-commercialisation-des-sachets-de-nicotine\/\",\"url\":\"https:\/\/rvh-synergie.org\/actualites\/la-fda-autorise-la-commercialisation-des-sachets-de-nicotine\/\",\"name\":\"La FDA autorise la commercialisation des sachets de nicotine - RVH-Synergie.org\",\"isPartOf\":{\"@id\":\"https:\/\/rvh-synergie.org\/actualites\/#website\"},\"primaryImageOfPage\":{\"@id\":\"https:\/\/rvh-synergie.org\/actualites\/la-fda-autorise-la-commercialisation-des-sachets-de-nicotine\/#primaryimage\"},\"image\":{\"@id\":\"https:\/\/rvh-synergie.org\/actualites\/la-fda-autorise-la-commercialisation-des-sachets-de-nicotine\/#primaryimage\"},\"thumbnailUrl\":\"https:\/\/rvh-synergie.org\/actualites\/wp-content\/uploads\/2025\/01\/1737151056_La-FDA-autorise-la-commercialisation-des-sachets-de-nicotine.jpg\",\"datePublished\":\"2025-01-17T21:57:36+00:00\",\"dateModified\":\"2025-01-17T21:57:37+00:00\",\"breadcrumb\":{\"@id\":\"https:\/\/rvh-synergie.org\/actualites\/la-fda-autorise-la-commercialisation-des-sachets-de-nicotine\/#breadcrumb\"},\"inLanguage\":\"fr-FR\",\"potentialAction\":[{\"@type\":\"ReadAction\",\"target\":[\"https:\/\/rvh-synergie.org\/actualites\/la-fda-autorise-la-commercialisation-des-sachets-de-nicotine\/\"]}]},{\"@type\":\"ImageObject\",\"inLanguage\":\"fr-FR\",\"@id\":\"https:\/\/rvh-synergie.org\/actualites\/la-fda-autorise-la-commercialisation-des-sachets-de-nicotine\/#primaryimage\",\"url\":\"https:\/\/rvh-synergie.org\/actualites\/wp-content\/uploads\/2025\/01\/1737151056_La-FDA-autorise-la-commercialisation-des-sachets-de-nicotine.jpg\",\"contentUrl\":\"https:\/\/rvh-synergie.org\/actualites\/wp-content\/uploads\/2025\/01\/1737151056_La-FDA-autorise-la-commercialisation-des-sachets-de-nicotine.jpg\",\"width\":1280,\"height\":846,\"caption\":\"La FDA autorise la commercialisation des sachets de nicotine\"},{\"@type\":\"BreadcrumbList\",\"@id\":\"https:\/\/rvh-synergie.org\/actualites\/la-fda-autorise-la-commercialisation-des-sachets-de-nicotine\/#breadcrumb\",\"itemListElement\":[{\"@type\":\"ListItem\",\"position\":1,\"name\":\"Accueil\",\"item\":\"https:\/\/rvh-synergie.org\/actualites\/\"},{\"@type\":\"ListItem\",\"position\":2,\"name\":\"La FDA autorise la commercialisation des sachets de nicotine\"}]},{\"@type\":\"WebSite\",\"@id\":\"https:\/\/rvh-synergie.org\/actualites\/#website\",\"url\":\"https:\/\/rvh-synergie.org\/actualites\/\",\"name\":\"RVH-Synergie.org\",\"description\":\"RVH-Synergie, site ind\u00e9pendant d&#039;informations sur la prise en charge des addictions.\",\"publisher\":{\"@id\":\"https:\/\/rvh-synergie.org\/actualites\/#organization\"},\"potentialAction\":[{\"@type\":\"SearchAction\",\"target\":{\"@type\":\"EntryPoint\",\"urlTemplate\":\"https:\/\/rvh-synergie.org\/actualites\/?s={search_term_string}\"},\"query-input\":{\"@type\":\"PropertyValueSpecification\",\"valueRequired\":true,\"valueName\":\"search_term_string\"}}],\"inLanguage\":\"fr-FR\"},{\"@type\":\"Organization\",\"@id\":\"https:\/\/rvh-synergie.org\/actualites\/#organization\",\"name\":\"RVH-Synergie.org\",\"url\":\"https:\/\/rvh-synergie.org\/actualites\/\",\"logo\":{\"@type\":\"ImageObject\",\"inLanguage\":\"fr-FR\",\"@id\":\"https:\/\/rvh-synergie.org\/actualites\/#\/schema\/logo\/image\/\",\"url\":\"https:\/\/rvh-synergie.org\/actualites\/wp-content\/uploads\/2024\/09\/favicon.png\",\"contentUrl\":\"https:\/\/rvh-synergie.org\/actualites\/wp-content\/uploads\/2024\/09\/favicon.png\",\"width\":512,\"height\":512,\"caption\":\"RVH-Synergie.org\"},\"image\":{\"@id\":\"https:\/\/rvh-synergie.org\/actualites\/#\/schema\/logo\/image\/\"}},{\"@type\":\"Person\",\"@id\":\"https:\/\/rvh-synergie.org\/actualites\/#\/schema\/person\/aa5ea98671fb4e8620f488a0795d2560\",\"name\":\"Charles Martinez\",\"image\":{\"@type\":\"ImageObject\",\"inLanguage\":\"fr-FR\",\"@id\":\"https:\/\/rvh-synergie.org\/actualites\/#\/schema\/person\/image\/\",\"url\":\"https:\/\/rvh-synergie.org\/actualites\/wp-content\/uploads\/2024\/09\/charles-martinez-scaled.jpg\",\"contentUrl\":\"https:\/\/rvh-synergie.org\/actualites\/wp-content\/uploads\/2024\/09\/charles-martinez-scaled.jpg\",\"caption\":\"Charles Martinez\"},\"description\":\"Bonjour, je m'appelle Charles Martinez, r\u00e9dacteur passionn\u00e9 pour le m\u00e9dia RVH-synergie.org, d\u00e9di\u00e9 aux addictions et aux maladies. Depuis plus de dix ans, j'explore et rapporte les histoires poignantes des individus confront\u00e9s \u00e0 ces d\u00e9fis, tout en sensibilisant le public aux traitements novateurs et aux progr\u00e8s scientifiques dans ce domaine. Mon engagement r\u00e9side dans l'espoir de cr\u00e9er une communaut\u00e9 inform\u00e9e et empathique, pr\u00eate \u00e0 soutenir ceux qui luttent contre ces \u00e9preuves.\",\"sameAs\":[\"https:\/\/rvh-synergie.org\/\"]}]}<\/script>\n<!-- \/ Yoast SEO plugin. -->","yoast_head_json":{"title":"La FDA autorise la commercialisation des sachets de nicotine - RVH-Synergie.org","robots":{"index":"index","follow":"follow","max-snippet":"max-snippet:-1","max-image-preview":"max-image-preview:large","max-video-preview":"max-video-preview:-1"},"canonical":"https:\/\/rvh-synergie.org\/actualites\/la-fda-autorise-la-commercialisation-des-sachets-de-nicotine\/","og_locale":"fr_FR","og_type":"article","og_title":"La FDA autorise la commercialisation des sachets de nicotine - RVH-Synergie.org","og_description":"Apr\u00e8s un examen scientifique approfondi, la Food and Drug Administration des \u00c9tats-Unis a autoris\u00e9 la","og_url":"https:\/\/rvh-synergie.org\/actualites\/la-fda-autorise-la-commercialisation-des-sachets-de-nicotine\/","og_site_name":"RVH-Synergie","article_published_time":"2025-01-17T21:57:36+00:00","article_modified_time":"2025-01-17T21:57:37+00:00","og_image":[{"width":1280,"height":846,"url":"https:\/\/rvh-synergie.org\/actualites\/wp-content\/uploads\/2025\/01\/1737151056_La-FDA-autorise-la-commercialisation-des-sachets-de-nicotine.jpg","type":"image\/jpeg"}],"author":"Charles Martinez","twitter_card":"summary_large_image","twitter_misc":{"\u00c9crit par":"Charles Martinez","Dur\u00e9e de lecture estim\u00e9e":"2 minutes"},"schema":{"@context":"https:\/\/schema.org","@graph":[{"@type":"Article","@id":"https:\/\/rvh-synergie.org\/actualites\/la-fda-autorise-la-commercialisation-des-sachets-de-nicotine\/#article","isPartOf":{"@id":"https:\/\/rvh-synergie.org\/actualites\/la-fda-autorise-la-commercialisation-des-sachets-de-nicotine\/"},"author":{"name":"Charles Martinez","@id":"https:\/\/rvh-synergie.org\/actualites\/#\/schema\/person\/aa5ea98671fb4e8620f488a0795d2560"},"headline":"La FDA autorise la commercialisation des sachets de nicotine","datePublished":"2025-01-17T21:57:36+00:00","dateModified":"2025-01-17T21:57:37+00:00","mainEntityOfPage":{"@id":"https:\/\/rvh-synergie.org\/actualites\/la-fda-autorise-la-commercialisation-des-sachets-de-nicotine\/"},"wordCount":359,"publisher":{"@id":"https:\/\/rvh-synergie.org\/actualites\/#organization"},"image":{"@id":"https:\/\/rvh-synergie.org\/actualites\/la-fda-autorise-la-commercialisation-des-sachets-de-nicotine\/#primaryimage"},"thumbnailUrl":"https:\/\/rvh-synergie.org\/actualites\/wp-content\/uploads\/2025\/01\/1737151056_La-FDA-autorise-la-commercialisation-des-sachets-de-nicotine.jpg","keywords":["autorise","commercialisation","des","FDA","nicotine","sachets"],"articleSection":["Les addictions"],"inLanguage":"fr-FR"},{"@type":"WebPage","@id":"https:\/\/rvh-synergie.org\/actualites\/la-fda-autorise-la-commercialisation-des-sachets-de-nicotine\/","url":"https:\/\/rvh-synergie.org\/actualites\/la-fda-autorise-la-commercialisation-des-sachets-de-nicotine\/","name":"La FDA autorise la commercialisation des sachets de nicotine - RVH-Synergie.org","isPartOf":{"@id":"https:\/\/rvh-synergie.org\/actualites\/#website"},"primaryImageOfPage":{"@id":"https:\/\/rvh-synergie.org\/actualites\/la-fda-autorise-la-commercialisation-des-sachets-de-nicotine\/#primaryimage"},"image":{"@id":"https:\/\/rvh-synergie.org\/actualites\/la-fda-autorise-la-commercialisation-des-sachets-de-nicotine\/#primaryimage"},"thumbnailUrl":"https:\/\/rvh-synergie.org\/actualites\/wp-content\/uploads\/2025\/01\/1737151056_La-FDA-autorise-la-commercialisation-des-sachets-de-nicotine.jpg","datePublished":"2025-01-17T21:57:36+00:00","dateModified":"2025-01-17T21:57:37+00:00","breadcrumb":{"@id":"https:\/\/rvh-synergie.org\/actualites\/la-fda-autorise-la-commercialisation-des-sachets-de-nicotine\/#breadcrumb"},"inLanguage":"fr-FR","potentialAction":[{"@type":"ReadAction","target":["https:\/\/rvh-synergie.org\/actualites\/la-fda-autorise-la-commercialisation-des-sachets-de-nicotine\/"]}]},{"@type":"ImageObject","inLanguage":"fr-FR","@id":"https:\/\/rvh-synergie.org\/actualites\/la-fda-autorise-la-commercialisation-des-sachets-de-nicotine\/#primaryimage","url":"https:\/\/rvh-synergie.org\/actualites\/wp-content\/uploads\/2025\/01\/1737151056_La-FDA-autorise-la-commercialisation-des-sachets-de-nicotine.jpg","contentUrl":"https:\/\/rvh-synergie.org\/actualites\/wp-content\/uploads\/2025\/01\/1737151056_La-FDA-autorise-la-commercialisation-des-sachets-de-nicotine.jpg","width":1280,"height":846,"caption":"La FDA autorise la commercialisation des sachets de nicotine"},{"@type":"BreadcrumbList","@id":"https:\/\/rvh-synergie.org\/actualites\/la-fda-autorise-la-commercialisation-des-sachets-de-nicotine\/#breadcrumb","itemListElement":[{"@type":"ListItem","position":1,"name":"Accueil","item":"https:\/\/rvh-synergie.org\/actualites\/"},{"@type":"ListItem","position":2,"name":"La FDA autorise la commercialisation des sachets de nicotine"}]},{"@type":"WebSite","@id":"https:\/\/rvh-synergie.org\/actualites\/#website","url":"https:\/\/rvh-synergie.org\/actualites\/","name":"RVH-Synergie.org","description":"RVH-Synergie, site ind\u00e9pendant d&#039;informations sur la prise en charge des addictions.","publisher":{"@id":"https:\/\/rvh-synergie.org\/actualites\/#organization"},"potentialAction":[{"@type":"SearchAction","target":{"@type":"EntryPoint","urlTemplate":"https:\/\/rvh-synergie.org\/actualites\/?s={search_term_string}"},"query-input":{"@type":"PropertyValueSpecification","valueRequired":true,"valueName":"search_term_string"}}],"inLanguage":"fr-FR"},{"@type":"Organization","@id":"https:\/\/rvh-synergie.org\/actualites\/#organization","name":"RVH-Synergie.org","url":"https:\/\/rvh-synergie.org\/actualites\/","logo":{"@type":"ImageObject","inLanguage":"fr-FR","@id":"https:\/\/rvh-synergie.org\/actualites\/#\/schema\/logo\/image\/","url":"https:\/\/rvh-synergie.org\/actualites\/wp-content\/uploads\/2024\/09\/favicon.png","contentUrl":"https:\/\/rvh-synergie.org\/actualites\/wp-content\/uploads\/2024\/09\/favicon.png","width":512,"height":512,"caption":"RVH-Synergie.org"},"image":{"@id":"https:\/\/rvh-synergie.org\/actualites\/#\/schema\/logo\/image\/"}},{"@type":"Person","@id":"https:\/\/rvh-synergie.org\/actualites\/#\/schema\/person\/aa5ea98671fb4e8620f488a0795d2560","name":"Charles Martinez","image":{"@type":"ImageObject","inLanguage":"fr-FR","@id":"https:\/\/rvh-synergie.org\/actualites\/#\/schema\/person\/image\/","url":"https:\/\/rvh-synergie.org\/actualites\/wp-content\/uploads\/2024\/09\/charles-martinez-scaled.jpg","contentUrl":"https:\/\/rvh-synergie.org\/actualites\/wp-content\/uploads\/2024\/09\/charles-martinez-scaled.jpg","caption":"Charles Martinez"},"description":"Bonjour, je m'appelle Charles Martinez, r\u00e9dacteur passionn\u00e9 pour le m\u00e9dia RVH-synergie.org, d\u00e9di\u00e9 aux addictions et aux maladies. Depuis plus de dix ans, j'explore et rapporte les histoires poignantes des individus confront\u00e9s \u00e0 ces d\u00e9fis, tout en sensibilisant le public aux traitements novateurs et aux progr\u00e8s scientifiques dans ce domaine. Mon engagement r\u00e9side dans l'espoir de cr\u00e9er une communaut\u00e9 inform\u00e9e et empathique, pr\u00eate \u00e0 soutenir ceux qui luttent contre ces \u00e9preuves.","sameAs":["https:\/\/rvh-synergie.org\/"]}]}},"_links":{"self":[{"href":"https:\/\/rvh-synergie.org\/actualites\/wp-json\/wp\/v2\/posts\/3614","targetHints":{"allow":["GET"]}}],"collection":[{"href":"https:\/\/rvh-synergie.org\/actualites\/wp-json\/wp\/v2\/posts"}],"about":[{"href":"https:\/\/rvh-synergie.org\/actualites\/wp-json\/wp\/v2\/types\/post"}],"author":[{"embeddable":true,"href":"https:\/\/rvh-synergie.org\/actualites\/wp-json\/wp\/v2\/users\/1"}],"replies":[{"embeddable":true,"href":"https:\/\/rvh-synergie.org\/actualites\/wp-json\/wp\/v2\/comments?post=3614"}],"version-history":[{"count":0,"href":"https:\/\/rvh-synergie.org\/actualites\/wp-json\/wp\/v2\/posts\/3614\/revisions"}],"wp:featuredmedia":[{"embeddable":true,"href":"https:\/\/rvh-synergie.org\/actualites\/wp-json\/wp\/v2\/media\/3615"}],"wp:attachment":[{"href":"https:\/\/rvh-synergie.org\/actualites\/wp-json\/wp\/v2\/media?parent=3614"}],"wp:term":[{"taxonomy":"category","embeddable":true,"href":"https:\/\/rvh-synergie.org\/actualites\/wp-json\/wp\/v2\/categories?post=3614"},{"taxonomy":"post_tag","embeddable":true,"href":"https:\/\/rvh-synergie.org\/actualites\/wp-json\/wp\/v2\/tags?post=3614"}],"curies":[{"name":"wp","href":"https:\/\/api.w.org\/{rel}","templated":true}]}}