{"id":19388,"date":"2026-09-06T14:10:59","date_gmt":"2026-09-06T12:10:59","guid":{"rendered":"https:\/\/rvh-synergie.org\/actualites\/ceux-qui-gardent-le-silence-en-groupe-observent-de-plus-pres\/"},"modified":"2026-09-06T14:10:59","modified_gmt":"2026-09-06T12:10:59","slug":"ceux-qui-gardent-le-silence-en-groupe-observent-de-plus-pres","status":"publish","type":"post","link":"https:\/\/rvh-synergie.org\/actualites\/ceux-qui-gardent-le-silence-en-groupe-observent-de-plus-pres\/","title":{"rendered":"Ceux qui gardent le silence en groupe observent de plus pr\u00e8s"},"content":{"rendered":"<p><!--$--><br \/>\n<!--\/--><br \/>\n<!--$--><\/p>\n<div data-hk=\"0000a124212000a23100\" class=\"Html-Block\" data-qa-article-content-text data-text-milestone-block>\n<p>C&rsquo;est une id\u00e9e fausse tr\u00e8s r\u00e9pandue : si vous restez silencieux lors d&rsquo;une discussion de groupe, vous n&rsquo;y pr\u00eatez pas attention. Selon la psychologie, la r\u00e9alit\u00e9 pourrait \u00eatre compl\u00e8tement diff\u00e9rente. La participation \u00e0 une conversation ne peut pas \u00eatre mesur\u00e9e par la quantit\u00e9 de parole. Les gens peuvent suivre une conversation avec une grande concentration, saisir les arguments centraux et participer intens\u00e9ment \u00e0 leurs pens\u00e9es &#8211; sans m\u00eame avoir \u00e0 parler. C\u2019est ce qu\u2019\u00e9crit le magazine d\u2019information fran\u00e7ais \u00ab Linternaute \u00bb.<\/p>\n<\/div>\n<aside data-hk=\"0000a124212000a2311004\" data-qa-ad-slot class=\"Ad-Slot Ad-Slot-mobile Ad-Slot-hor Ad-Slot-FC\">\n<div class=\"Ad-Slot-FC-Container\">\n<div class=\"Ad-Slot-FC-Window\">\n<div id=\"ad-slot-mobile-hor-2\" data-orientation=\"hor\" data-index=\"2\" data-slot=\"ad-slot\" data-device=\"mobile\"><\/div>\n<\/div>\n<\/div>\n<\/aside>\n<div data-hk=\"0000a124212000a23120\" class=\"Html-Block\" data-qa-article-content-text data-text-milestone-block>\n<h2>Dans les grands groupes, nous avons tendance \u00e0 devenir silencieux<\/h2>\n<p>D\u00e8s 1991, les psychologues Garold Stasser et Laurie Taylor soulignaient dans une \u00e9tude du \u00ab Journal of Personality and Social Psychology \u00bb \u00e0 quel point les conversations au sein des groupes \u00e9taient en r\u00e9alit\u00e9 in\u00e9gales. Ils ont constitu\u00e9 des groupes de six personnes chacun et ont \u00e9valu\u00e9 les mod\u00e8les de conversation. Pr\u00e8s de la moiti\u00e9 (49 %) de toutes les contributions verbales \u00e9taient des conversations en t\u00eate-\u00e0-t\u00eate : deux personnes se parlaient pendant que les quatre autres \u00e9coutaient.<\/p>\n<\/div>\n<aside data-hk=\"0000a124212000a2313004\" data-qa-ad-slot class=\"Ad-Slot Ad-Slot-mobile Ad-Slot-out\">\n<div id=\"ad-slot-mobile-out-1\" data-orientation=\"out\" data-index=\"1\" data-slot=\"ad-slot\" data-device=\"mobile\"><\/div>\n<\/aside>\n<div data-hk=\"0000a124212000a23140\" class=\"Html-Block\" data-qa-article-content-text data-text-milestone-block>\n<p>Dans les groupes plus importants, cet effet est devenu encore plus fort, comme l&rsquo;\u00e9crivaient quelques ann\u00e9es plus tard les chercheurs en communication Nicolas Fay, Simon Garrod et Jean Carletta dans la revue \u00ab Psychological Science \u00bb : Dans de petits groupes de cinq personnes, la communication fonctionne davantage comme un dialogue entre couples. \u00ab\u00a0Dans les grands groupes de dix personnes, cependant, la communication ressemble \u00e0 un monologue et les membres sont plus influenc\u00e9s par un locuteur dominant\u00a0\u00bb, \u00e9crivent les auteurs.<\/p>\n<\/div>\n<aside data-hk=\"0000a124212000a2315004\" data-qa-ad-slot class=\"Ad-Slot Ad-Slot-mobile Ad-Slot-hor\">\n<div id=\"ad-slot-mobile-hor-3\" data-orientation=\"hor\" data-index=\"3\" data-slot=\"ad-slot\" data-device=\"mobile\"><\/div>\n<\/aside>\n<div data-hk=\"0000a124212000a23160\" class=\"Ad-Carousel mb-xl row\">\n<div data-hk=\"0000a124212000a231610\" class=\"col-lg-4\">\n<div data-hk=\"0000a124212000a231611004\" data-qa-ad-slot class=\"Ad-Slot Ad-Slot-desktop Ad-Slot-ver\" role=\"region\" aria-label=\"Anzeige 1\">\n<div id=\"ad-slot-desktop-ver-1\" data-orientation=\"ver\" data-index=\"1\" data-slot=\"ad-slot\" data-device=\"desktop\"><\/div>\n<\/div>\n<\/div>\n<div data-hk=\"0000a124212000a231612\" class=\"col-lg-4\">\n<aside data-hk=\"0000a124212000a231613004\" data-qa-ad-slot class=\"Ad-Slot Ad-Slot-desktop Ad-Slot-ver Ad-Slot-FC\">\n<div class=\"Ad-Slot-FC-Container\">\n<div class=\"Ad-Slot-FC-Window\">\n<div id=\"ad-slot-desktop-ver-2\" data-orientation=\"ver\" data-index=\"2\" data-slot=\"ad-slot\" data-device=\"desktop\"><\/div>\n<\/div>\n<\/div>\n<\/aside>\n<\/div>\n<div data-hk=\"0000a124212000a231614\" class=\"col-lg-4\">\n<div data-hk=\"0000a124212000a231615004\" data-qa-ad-slot class=\"Ad-Slot Ad-Slot-desktop Ad-Slot-ver\" role=\"region\" aria-label=\"Anzeige 3\">\n<div id=\"ad-slot-desktop-ver-3\" data-orientation=\"ver\" data-index=\"3\" data-slot=\"ad-slot\" data-device=\"desktop\"><\/div>\n<\/div>\n<\/div>\n<\/div>\n<div data-hk=\"0000a124212000a23170\" class=\"Html-Block\" data-qa-article-content-text data-text-milestone-block>\n<h2>Il faut comprendre avant de parler<\/h2>\n<p>\u00ab\u00a0Linternaute\u00a0\u00bb soup\u00e7onne que plus le groupe est grand, plus il faut traiter d&rsquo;informations en m\u00eame temps. Environ:<\/p>\n<\/div>\n<div data-hk=\"0000a124212000a23180\" class=\"Html-Block\" data-qa-article-content-text data-text-milestone-block>\n<ul>\n<li>expressions faciales<\/li>\n<li>Changement de sujet<\/li>\n<li>Interruptions<\/li>\n<li>diff\u00e9rents styles de communication<\/li>\n<\/ul>\n<p>Pour certains types de personnalit\u00e9, l\u2019observation consciente devient une strat\u00e9gie naturelle. Comprenez d\u2019abord, puis parlez. Et le contexte joue un r\u00f4le \u00e9norme. La m\u00eame personne qui dit \u00e0 peine un mot lors d\u2019une r\u00e9union avec 15 coll\u00e8gues peut avoir des discussions anim\u00e9es en petit groupe pendant des heures. Parce que moins de monde signifie moins de concurrence pour le terrain, une dynamique plus g\u00e9rable, plus de familiarit\u00e9.<\/p>\n<\/div>\n<aside data-hk=\"0000a124212000a2319004\" data-qa-ad-slot class=\"Ad-Slot Ad-Slot-mobile Ad-Slot-hor\">\n<div id=\"ad-slot-mobile-hor-4\" data-orientation=\"hor\" data-index=\"4\" data-slot=\"ad-slot\" data-device=\"mobile\"><\/div>\n<\/aside>\n<div data-hk=\"0000a124212000a231a100\" class=\"Html-Block\" data-qa-article-content-text data-text-milestone-block>\n<h2>\u00ab Hypoth\u00e8se Babble \u00bb : quiconque parle beaucoup est consid\u00e9r\u00e9 comme comp\u00e9tent<\/h2>\n<p>Pourtant, dans la vie professionnelle, le silence peut avoir un prix. Une \u00e9tude publi\u00e9e dans la revue \u00ab The Leadership Quarterly \u00bb en 2020 confirme le ph\u00e9nom\u00e8ne dit de \u00ab l\u2019hypoth\u00e8se Babble \u00bb. 33 groupes, comptant chacun quatre \u00e0 dix participants, ont \u00e9t\u00e9 invit\u00e9s \u00e0 r\u00e9soudre un probl\u00e8me. Il s\u2019est av\u00e9r\u00e9 que le simple temps pendant lequel une personne parle d\u00e9termine si un groupe la per\u00e7oit comme un leader. L\u2019intelligence ou la comp\u00e9tence r\u00e9elle ne jouent aucun r\u00f4le mesurable.<\/p>\n<\/div>\n<aside data-hk=\"0000a124212000a231a11004\" data-qa-ad-slot class=\"Ad-Slot Ad-Slot-mobile Ad-Slot-hor\">\n<div id=\"ad-slot-mobile-hor-5\" data-orientation=\"hor\" data-index=\"5\" data-slot=\"ad-slot\" data-device=\"mobile\"><\/div>\n<\/aside>\n<div data-hk=\"0000a124212000a231a120\" class=\"Html-Block\" data-qa-article-content-text data-text-milestone-block>\n<p>En 2025, la psychologue Mallory McCord de l&rsquo;universit\u00e9 Old Dominion, dans l&rsquo;\u00c9tat am\u00e9ricain de Virginie, est all\u00e9e encore plus loin. Dans trois enqu\u00eates ind\u00e9pendantes (publi\u00e9es dans la revue \u00ab Occupation Health Science \u00bb), elle a montr\u00e9 : les employ\u00e9s introvertis sont syst\u00e9matiquement \u00e9valu\u00e9s comme moins chaleureux et moins comp\u00e9tents. M\u00eame de la part de coll\u00e8gues qui se d\u00e9crivent comme introvertis. Les pr\u00e9jug\u00e9s sont apparemment si profonds que m\u00eame nos propres pr\u00e9occupations ne peuvent nous prot\u00e9ger contre eux.<\/p>\n<\/div>\n<aside data-hk=\"0000a124212000a231a13004\" data-qa-ad-slot class=\"Ad-Slot Ad-Slot-mobile Ad-Slot-hor\">\n<div id=\"ad-slot-mobile-hor-6\" data-orientation=\"hor\" data-index=\"6\" data-slot=\"ad-slot\" data-device=\"mobile\"><\/div>\n<\/aside>\n<aside data-hk=\"0000a124212000a231a14004\" data-qa-ad-slot class=\"Ad-Slot Ad-Slot-desktop Ad-Slot-hor Ad-Slot-FC\">\n<div class=\"Ad-Slot-FC-Container\">\n<div class=\"Ad-Slot-FC-Window\">\n<div id=\"ad-slot-desktop-hor-2\" data-orientation=\"hor\" data-index=\"2\" data-slot=\"ad-slot\" data-device=\"desktop\"><\/div>\n<\/div>\n<\/div>\n<\/aside>\n<div data-hk=\"0000a124212000a231a150\" class=\"Html-Block\" data-qa-article-content-text data-text-milestone-block>\n<h2>Pourquoi les silencieux remarquent souvent davantage<\/h2>\n<p>Mais que se passe-t-il r\u00e9ellement dans la t\u00eate de ceux qui pr\u00e9f\u00e8rent observer plut\u00f4t que discuter en groupe ? La recherche neuroscientifique fournit des indices. Une \u00e9tude du Kings College de Londres montre dans le \u00ab Journal of Neuroscience \u00bb : Le cerveau des personnes introverties est un peu plus actif m\u00eame lorsqu&rsquo;elles sont au repos, en particulier dans les zones du cerveau li\u00e9es au traitement de l&rsquo;information.<\/p>\n<\/div>\n<aside data-hk=\"0000a124212000a231a16004\" data-qa-ad-slot class=\"Ad-Slot Ad-Slot-mobile Ad-Slot-hor\">\n<div id=\"ad-slot-mobile-hor-7\" data-orientation=\"hor\" data-index=\"7\" data-slot=\"ad-slot\" data-device=\"mobile\"><\/div>\n<\/aside>\n<div data-hk=\"0000a124212000a231a170\" class=\"Html-Block\" data-qa-article-content-text data-text-milestone-block>\n<p>Les introvertis et les extravertis ont obtenu de bons r\u00e9sultats dans des t\u00e2ches de r\u00e9flexion exigeantes, mais les sujets introvertis ont d\u00fb mobiliser moins de ressources pour y parvenir. En d\u2019autres termes : votre esprit ne fonctionne pas uniquement sur commande, il fonctionne constamment.<\/p>\n<\/div>\n<div data-hk=\"0000a124212000a231a180\" class=\"Html-Block\" data-qa-article-content-text data-text-milestone-block>\n<h2>Introverti, extraverti \u2013 ou quelque chose de compl\u00e8tement diff\u00e9rent ?<\/h2>\n<p>La psychologie classique conna\u00eet principalement deux p\u00f4les : l&rsquo;introversion et l&rsquo;extraversion. Mais beaucoup de gens ne se consid\u00e8rent vraiment dans aucune des deux cat\u00e9gories. Dans un article sur FOCUS online, le sp\u00e9cialiste en m\u00e9decine psychosomatique et psychoth\u00e9rapie Stefan Woinoff fait r\u00e9f\u00e9rence \u00e0 un terme qui appara\u00eet de plus en plus dans les r\u00e9seaux sociaux et les podcasts : \u00ab otroverti \u00bb. Le mot est compos\u00e9 de l&rsquo;espagnol \u00ab otro \u00bb (l&rsquo;autre) et de la terminaison latine \u00ab -vertiert \u00bb (tourner) et remonte au psychiatre am\u00e9ricain Rami Kaminski.<\/p>\n<\/div>\n<aside data-hk=\"0000a124212000a231a19004\" data-qa-ad-slot class=\"Ad-Slot Ad-Slot-mobile Ad-Slot-hor\">\n<div id=\"ad-slot-mobile-hor-8\" data-orientation=\"hor\" data-index=\"8\" data-slot=\"ad-slot\" data-device=\"mobile\"><\/div>\n<\/aside>\n<div data-hk=\"0000a124212000a231a200\" class=\"Html-Block\" data-qa-article-content-text data-text-milestone-block>\n<p>Comme l&rsquo;explique Woinoff, le terme d\u00e9crit des personnes qui semblent ouvertes et sociables envers le monde ext\u00e9rieur, mais qui trouvent en m\u00eame temps les situations sociales stressantes.<\/p>\n<\/div>\n<div data-hk=\"0000a124212000a231a210\" class=\"Html-Block\" data-qa-article-content-text data-text-milestone-block>\n<p>Selon Woinoff, ces personnes pr\u00e9sentent des caract\u00e9ristiques typiques\u00a0:<\/p>\n<\/div>\n<div data-hk=\"0000a124212000a231a220\" class=\"Html-Block\" data-qa-article-content-text data-text-milestone-block>\n<ul>\n<li>\ufeff\ufeffVous semblez accessible, mais avez besoin de longues p\u00e9riodes de r\u00e9cup\u00e9ration apr\u00e8s des contacts sociaux.<\/li>\n<li>\ufeff\ufeffVous vous sentez \u00e0 la fois impliqu\u00e9 et ali\u00e9n\u00e9 dans les groupes.<\/li>\n<li>\ufeff\ufeffVous pr\u00e9f\u00e9rez les conversations profondes plut\u00f4t que la superficialit\u00e9.<\/li>\n<li>\ufeff\ufeffVous analysez ensuite intensivement les situations sociales.<\/li>\n<li>\ufeff\ufeffIls sont souvent consid\u00e9r\u00e9s comme difficiles \u00e0 classer.<\/li>\n<\/ul>\n<p>La diff\u00e9rence cruciale avec ce qu&rsquo;on appelle l&rsquo;ambiversion : il s&rsquo;agit moins d&rsquo;un basculement flexible entre les p\u00f4les que d&rsquo;une contradiction interne. Vous appartenez, mais vous vous sentez \u00e9tranger. Vous ma\u00eetrisez les bavardages, mais vous les consid\u00e9rez comme creux. Vous aimez la compagnie \u2013 et vous avez ensuite besoin d\u2019un temps de retraite inhabituel.<\/p>\n<\/div>\n<p><!--\/--><br \/>\n<!--$--><br \/>\n<!--\/--><br \/>\n<!--$--><br \/>\n<!--\/--><br \/>\n<!--$--><br \/>\n<!--\/--><\/p>\n","protected":false},"excerpt":{"rendered":"<p>C&rsquo;est une id\u00e9e fausse tr\u00e8s r\u00e9pandue : si vous restez silencieux lors d&rsquo;une discussion de<\/p>\n","protected":false},"author":1,"featured_media":19389,"comment_status":"open","ping_status":"","sticky":false,"template":"","format":"standard","meta":{"footnotes":""},"categories":[86],"tags":[914,8927,4075,8745,527,193,3448],"class_list":["post-19388","post","type-post","status-publish","format-standard","has-post-thumbnail","hentry","category-les-maladies","tag-ceux","tag-gardent","tag-groupe","tag-observent","tag-pres","tag-qui","tag-silence","generate-columns","tablet-grid-50","mobile-grid-100","grid-parent","grid-50","resize-featured-image"],"yoast_head":"<!-- This site is optimized with the Yoast SEO plugin v23.4 - https:\/\/yoast.com\/wordpress\/plugins\/seo\/ -->\n<title>Ceux qui gardent le silence en groupe observent de plus pr\u00e8s - RVH-Synergie.org<\/title>\n<meta name=\"robots\" content=\"index, follow, max-snippet:-1, max-image-preview:large, max-video-preview:-1\" \/>\n<link rel=\"canonical\" href=\"https:\/\/rvh-synergie.org\/actualites\/ceux-qui-gardent-le-silence-en-groupe-observent-de-plus-pres\/\" \/>\n<meta property=\"og:locale\" content=\"fr_FR\" \/>\n<meta property=\"og:type\" content=\"article\" \/>\n<meta property=\"og:title\" content=\"Ceux qui gardent le silence en groupe observent de plus pr\u00e8s - RVH-Synergie.org\" \/>\n<meta property=\"og:description\" content=\"C&rsquo;est une id\u00e9e fausse tr\u00e8s r\u00e9pandue : si vous restez silencieux lors d&rsquo;une discussion de\" \/>\n<meta property=\"og:url\" content=\"https:\/\/rvh-synergie.org\/actualites\/ceux-qui-gardent-le-silence-en-groupe-observent-de-plus-pres\/\" \/>\n<meta property=\"og:site_name\" content=\"RVH-Synergie\" \/>\n<meta property=\"article:published_time\" content=\"2026-09-06T12:10:59+00:00\" \/>\n<meta property=\"og:image\" content=\"https:\/\/rvh-synergie.org\/actualites\/wp-content\/uploads\/2026\/09\/Ceux-qui-gardent-le-silence-en-groupe-observent-de-plus.jpg\" \/>\n\t<meta property=\"og:image:width\" content=\"1200\" \/>\n\t<meta property=\"og:image:height\" content=\"630\" \/>\n\t<meta property=\"og:image:type\" content=\"image\/jpeg\" \/>\n<meta name=\"author\" content=\"Charles Martinez\" \/>\n<meta name=\"twitter:card\" content=\"summary_large_image\" \/>\n<meta name=\"twitter:label1\" content=\"\u00c9crit par\" \/>\n\t<meta name=\"twitter:data1\" content=\"Charles Martinez\" \/>\n\t<meta name=\"twitter:label2\" content=\"Dur\u00e9e de lecture estim\u00e9e\" \/>\n\t<meta name=\"twitter:data2\" content=\"5 minutes\" \/>\n<script type=\"application\/ld+json\" class=\"yoast-schema-graph\">{\"@context\":\"https:\/\/schema.org\",\"@graph\":[{\"@type\":\"Article\",\"@id\":\"https:\/\/rvh-synergie.org\/actualites\/ceux-qui-gardent-le-silence-en-groupe-observent-de-plus-pres\/#article\",\"isPartOf\":{\"@id\":\"https:\/\/rvh-synergie.org\/actualites\/ceux-qui-gardent-le-silence-en-groupe-observent-de-plus-pres\/\"},\"author\":{\"name\":\"Charles Martinez\",\"@id\":\"https:\/\/rvh-synergie.org\/actualites\/#\/schema\/person\/6affb9c7fc596daaea315c8c28318135\"},\"headline\":\"Ceux qui gardent le silence en groupe observent de plus pr\u00e8s\",\"datePublished\":\"2026-09-06T12:10:59+00:00\",\"dateModified\":\"2026-09-06T12:10:59+00:00\",\"mainEntityOfPage\":{\"@id\":\"https:\/\/rvh-synergie.org\/actualites\/ceux-qui-gardent-le-silence-en-groupe-observent-de-plus-pres\/\"},\"wordCount\":967,\"commentCount\":0,\"publisher\":{\"@id\":\"https:\/\/rvh-synergie.org\/actualites\/#organization\"},\"image\":{\"@id\":\"https:\/\/rvh-synergie.org\/actualites\/ceux-qui-gardent-le-silence-en-groupe-observent-de-plus-pres\/#primaryimage\"},\"thumbnailUrl\":\"https:\/\/rvh-synergie.org\/actualites\/wp-content\/uploads\/2026\/09\/Ceux-qui-gardent-le-silence-en-groupe-observent-de-plus.jpg\",\"keywords\":[\"ceux\",\"gardent\",\"groupe\",\"observent\",\"Pr\u00e8s\",\"qui\",\"silence\"],\"articleSection\":[\"Les maladies\"],\"inLanguage\":\"fr-FR\",\"potentialAction\":[{\"@type\":\"CommentAction\",\"name\":\"Comment\",\"target\":[\"https:\/\/rvh-synergie.org\/actualites\/ceux-qui-gardent-le-silence-en-groupe-observent-de-plus-pres\/#respond\"]}]},{\"@type\":\"WebPage\",\"@id\":\"https:\/\/rvh-synergie.org\/actualites\/ceux-qui-gardent-le-silence-en-groupe-observent-de-plus-pres\/\",\"url\":\"https:\/\/rvh-synergie.org\/actualites\/ceux-qui-gardent-le-silence-en-groupe-observent-de-plus-pres\/\",\"name\":\"Ceux qui gardent le silence en groupe observent de plus pr\u00e8s - RVH-Synergie.org\",\"isPartOf\":{\"@id\":\"https:\/\/rvh-synergie.org\/actualites\/#website\"},\"primaryImageOfPage\":{\"@id\":\"https:\/\/rvh-synergie.org\/actualites\/ceux-qui-gardent-le-silence-en-groupe-observent-de-plus-pres\/#primaryimage\"},\"image\":{\"@id\":\"https:\/\/rvh-synergie.org\/actualites\/ceux-qui-gardent-le-silence-en-groupe-observent-de-plus-pres\/#primaryimage\"},\"thumbnailUrl\":\"https:\/\/rvh-synergie.org\/actualites\/wp-content\/uploads\/2026\/09\/Ceux-qui-gardent-le-silence-en-groupe-observent-de-plus.jpg\",\"datePublished\":\"2026-09-06T12:10:59+00:00\",\"dateModified\":\"2026-09-06T12:10:59+00:00\",\"breadcrumb\":{\"@id\":\"https:\/\/rvh-synergie.org\/actualites\/ceux-qui-gardent-le-silence-en-groupe-observent-de-plus-pres\/#breadcrumb\"},\"inLanguage\":\"fr-FR\",\"potentialAction\":[{\"@type\":\"ReadAction\",\"target\":[\"https:\/\/rvh-synergie.org\/actualites\/ceux-qui-gardent-le-silence-en-groupe-observent-de-plus-pres\/\"]}]},{\"@type\":\"ImageObject\",\"inLanguage\":\"fr-FR\",\"@id\":\"https:\/\/rvh-synergie.org\/actualites\/ceux-qui-gardent-le-silence-en-groupe-observent-de-plus-pres\/#primaryimage\",\"url\":\"https:\/\/rvh-synergie.org\/actualites\/wp-content\/uploads\/2026\/09\/Ceux-qui-gardent-le-silence-en-groupe-observent-de-plus.jpg\",\"contentUrl\":\"https:\/\/rvh-synergie.org\/actualites\/wp-content\/uploads\/2026\/09\/Ceux-qui-gardent-le-silence-en-groupe-observent-de-plus.jpg\",\"width\":1200,\"height\":630},{\"@type\":\"BreadcrumbList\",\"@id\":\"https:\/\/rvh-synergie.org\/actualites\/ceux-qui-gardent-le-silence-en-groupe-observent-de-plus-pres\/#breadcrumb\",\"itemListElement\":[{\"@type\":\"ListItem\",\"position\":1,\"name\":\"Accueil\",\"item\":\"https:\/\/rvh-synergie.org\/actualites\/\"},{\"@type\":\"ListItem\",\"position\":2,\"name\":\"Ceux qui gardent le silence en groupe observent de plus pr\u00e8s\"}]},{\"@type\":\"WebSite\",\"@id\":\"https:\/\/rvh-synergie.org\/actualites\/#website\",\"url\":\"https:\/\/rvh-synergie.org\/actualites\/\",\"name\":\"RVH-Synergie.org\",\"description\":\"RVH-Synergie, site ind\u00e9pendant d&#039;informations sur la prise en charge des addictions.\",\"publisher\":{\"@id\":\"https:\/\/rvh-synergie.org\/actualites\/#organization\"},\"potentialAction\":[{\"@type\":\"SearchAction\",\"target\":{\"@type\":\"EntryPoint\",\"urlTemplate\":\"https:\/\/rvh-synergie.org\/actualites\/?s={search_term_string}\"},\"query-input\":{\"@type\":\"PropertyValueSpecification\",\"valueRequired\":true,\"valueName\":\"search_term_string\"}}],\"inLanguage\":\"fr-FR\"},{\"@type\":\"Organization\",\"@id\":\"https:\/\/rvh-synergie.org\/actualites\/#organization\",\"name\":\"RVH-Synergie.org\",\"url\":\"https:\/\/rvh-synergie.org\/actualites\/\",\"logo\":{\"@type\":\"ImageObject\",\"inLanguage\":\"fr-FR\",\"@id\":\"https:\/\/rvh-synergie.org\/actualites\/#\/schema\/logo\/image\/\",\"url\":\"https:\/\/rvh-synergie.org\/actualites\/wp-content\/uploads\/2024\/09\/favicon.png\",\"contentUrl\":\"https:\/\/rvh-synergie.org\/actualites\/wp-content\/uploads\/2024\/09\/favicon.png\",\"width\":512,\"height\":512,\"caption\":\"RVH-Synergie.org\"},\"image\":{\"@id\":\"https:\/\/rvh-synergie.org\/actualites\/#\/schema\/logo\/image\/\"}},{\"@type\":\"Person\",\"@id\":\"https:\/\/rvh-synergie.org\/actualites\/#\/schema\/person\/6affb9c7fc596daaea315c8c28318135\",\"name\":\"Charles Martinez\",\"image\":{\"@type\":\"ImageObject\",\"inLanguage\":\"fr-FR\",\"@id\":\"https:\/\/rvh-synergie.org\/actualites\/#\/schema\/person\/image\/\",\"url\":\"https:\/\/rvh-synergie.org\/actualites\/wp-content\/uploads\/2024\/09\/charles-martinez-scaled.jpg\",\"contentUrl\":\"https:\/\/rvh-synergie.org\/actualites\/wp-content\/uploads\/2024\/09\/charles-martinez-scaled.jpg\",\"caption\":\"Charles Martinez\"},\"description\":\"Bonjour, je m'appelle Charles Martinez, r\u00e9dacteur passionn\u00e9 pour le m\u00e9dia RVH-synergie.org, d\u00e9di\u00e9 aux addictions et aux maladies. Depuis plus de dix ans, j'explore et rapporte les histoires poignantes des individus confront\u00e9s \u00e0 ces d\u00e9fis, tout en sensibilisant le public aux traitements novateurs et aux progr\u00e8s scientifiques dans ce domaine. Mon engagement r\u00e9side dans l'espoir de cr\u00e9er une communaut\u00e9 inform\u00e9e et empathique, pr\u00eate \u00e0 soutenir ceux qui luttent contre ces \u00e9preuves.\",\"sameAs\":[\"https:\/\/rvh-synergie.org\/\"]}]}<\/script>\n<!-- \/ Yoast SEO plugin. -->","yoast_head_json":{"title":"Ceux qui gardent le silence en groupe observent de plus pr\u00e8s - RVH-Synergie.org","robots":{"index":"index","follow":"follow","max-snippet":"max-snippet:-1","max-image-preview":"max-image-preview:large","max-video-preview":"max-video-preview:-1"},"canonical":"https:\/\/rvh-synergie.org\/actualites\/ceux-qui-gardent-le-silence-en-groupe-observent-de-plus-pres\/","og_locale":"fr_FR","og_type":"article","og_title":"Ceux qui gardent le silence en groupe observent de plus pr\u00e8s - RVH-Synergie.org","og_description":"C&rsquo;est une id\u00e9e fausse tr\u00e8s r\u00e9pandue : si vous restez silencieux lors d&rsquo;une discussion de","og_url":"https:\/\/rvh-synergie.org\/actualites\/ceux-qui-gardent-le-silence-en-groupe-observent-de-plus-pres\/","og_site_name":"RVH-Synergie","article_published_time":"2026-09-06T12:10:59+00:00","og_image":[{"width":1200,"height":630,"url":"https:\/\/rvh-synergie.org\/actualites\/wp-content\/uploads\/2026\/09\/Ceux-qui-gardent-le-silence-en-groupe-observent-de-plus.jpg","type":"image\/jpeg"}],"author":"Charles Martinez","twitter_card":"summary_large_image","twitter_misc":{"\u00c9crit par":"Charles Martinez","Dur\u00e9e de lecture estim\u00e9e":"5 minutes"},"schema":{"@context":"https:\/\/schema.org","@graph":[{"@type":"Article","@id":"https:\/\/rvh-synergie.org\/actualites\/ceux-qui-gardent-le-silence-en-groupe-observent-de-plus-pres\/#article","isPartOf":{"@id":"https:\/\/rvh-synergie.org\/actualites\/ceux-qui-gardent-le-silence-en-groupe-observent-de-plus-pres\/"},"author":{"name":"Charles Martinez","@id":"https:\/\/rvh-synergie.org\/actualites\/#\/schema\/person\/6affb9c7fc596daaea315c8c28318135"},"headline":"Ceux qui gardent le silence en groupe observent de plus pr\u00e8s","datePublished":"2026-09-06T12:10:59+00:00","dateModified":"2026-09-06T12:10:59+00:00","mainEntityOfPage":{"@id":"https:\/\/rvh-synergie.org\/actualites\/ceux-qui-gardent-le-silence-en-groupe-observent-de-plus-pres\/"},"wordCount":967,"commentCount":0,"publisher":{"@id":"https:\/\/rvh-synergie.org\/actualites\/#organization"},"image":{"@id":"https:\/\/rvh-synergie.org\/actualites\/ceux-qui-gardent-le-silence-en-groupe-observent-de-plus-pres\/#primaryimage"},"thumbnailUrl":"https:\/\/rvh-synergie.org\/actualites\/wp-content\/uploads\/2026\/09\/Ceux-qui-gardent-le-silence-en-groupe-observent-de-plus.jpg","keywords":["ceux","gardent","groupe","observent","Pr\u00e8s","qui","silence"],"articleSection":["Les maladies"],"inLanguage":"fr-FR","potentialAction":[{"@type":"CommentAction","name":"Comment","target":["https:\/\/rvh-synergie.org\/actualites\/ceux-qui-gardent-le-silence-en-groupe-observent-de-plus-pres\/#respond"]}]},{"@type":"WebPage","@id":"https:\/\/rvh-synergie.org\/actualites\/ceux-qui-gardent-le-silence-en-groupe-observent-de-plus-pres\/","url":"https:\/\/rvh-synergie.org\/actualites\/ceux-qui-gardent-le-silence-en-groupe-observent-de-plus-pres\/","name":"Ceux qui gardent le silence en groupe observent de plus pr\u00e8s - RVH-Synergie.org","isPartOf":{"@id":"https:\/\/rvh-synergie.org\/actualites\/#website"},"primaryImageOfPage":{"@id":"https:\/\/rvh-synergie.org\/actualites\/ceux-qui-gardent-le-silence-en-groupe-observent-de-plus-pres\/#primaryimage"},"image":{"@id":"https:\/\/rvh-synergie.org\/actualites\/ceux-qui-gardent-le-silence-en-groupe-observent-de-plus-pres\/#primaryimage"},"thumbnailUrl":"https:\/\/rvh-synergie.org\/actualites\/wp-content\/uploads\/2026\/09\/Ceux-qui-gardent-le-silence-en-groupe-observent-de-plus.jpg","datePublished":"2026-09-06T12:10:59+00:00","dateModified":"2026-09-06T12:10:59+00:00","breadcrumb":{"@id":"https:\/\/rvh-synergie.org\/actualites\/ceux-qui-gardent-le-silence-en-groupe-observent-de-plus-pres\/#breadcrumb"},"inLanguage":"fr-FR","potentialAction":[{"@type":"ReadAction","target":["https:\/\/rvh-synergie.org\/actualites\/ceux-qui-gardent-le-silence-en-groupe-observent-de-plus-pres\/"]}]},{"@type":"ImageObject","inLanguage":"fr-FR","@id":"https:\/\/rvh-synergie.org\/actualites\/ceux-qui-gardent-le-silence-en-groupe-observent-de-plus-pres\/#primaryimage","url":"https:\/\/rvh-synergie.org\/actualites\/wp-content\/uploads\/2026\/09\/Ceux-qui-gardent-le-silence-en-groupe-observent-de-plus.jpg","contentUrl":"https:\/\/rvh-synergie.org\/actualites\/wp-content\/uploads\/2026\/09\/Ceux-qui-gardent-le-silence-en-groupe-observent-de-plus.jpg","width":1200,"height":630},{"@type":"BreadcrumbList","@id":"https:\/\/rvh-synergie.org\/actualites\/ceux-qui-gardent-le-silence-en-groupe-observent-de-plus-pres\/#breadcrumb","itemListElement":[{"@type":"ListItem","position":1,"name":"Accueil","item":"https:\/\/rvh-synergie.org\/actualites\/"},{"@type":"ListItem","position":2,"name":"Ceux qui gardent le silence en groupe observent de plus pr\u00e8s"}]},{"@type":"WebSite","@id":"https:\/\/rvh-synergie.org\/actualites\/#website","url":"https:\/\/rvh-synergie.org\/actualites\/","name":"RVH-Synergie.org","description":"RVH-Synergie, site ind\u00e9pendant d&#039;informations sur la prise en charge des addictions.","publisher":{"@id":"https:\/\/rvh-synergie.org\/actualites\/#organization"},"potentialAction":[{"@type":"SearchAction","target":{"@type":"EntryPoint","urlTemplate":"https:\/\/rvh-synergie.org\/actualites\/?s={search_term_string}"},"query-input":{"@type":"PropertyValueSpecification","valueRequired":true,"valueName":"search_term_string"}}],"inLanguage":"fr-FR"},{"@type":"Organization","@id":"https:\/\/rvh-synergie.org\/actualites\/#organization","name":"RVH-Synergie.org","url":"https:\/\/rvh-synergie.org\/actualites\/","logo":{"@type":"ImageObject","inLanguage":"fr-FR","@id":"https:\/\/rvh-synergie.org\/actualites\/#\/schema\/logo\/image\/","url":"https:\/\/rvh-synergie.org\/actualites\/wp-content\/uploads\/2024\/09\/favicon.png","contentUrl":"https:\/\/rvh-synergie.org\/actualites\/wp-content\/uploads\/2024\/09\/favicon.png","width":512,"height":512,"caption":"RVH-Synergie.org"},"image":{"@id":"https:\/\/rvh-synergie.org\/actualites\/#\/schema\/logo\/image\/"}},{"@type":"Person","@id":"https:\/\/rvh-synergie.org\/actualites\/#\/schema\/person\/6affb9c7fc596daaea315c8c28318135","name":"Charles Martinez","image":{"@type":"ImageObject","inLanguage":"fr-FR","@id":"https:\/\/rvh-synergie.org\/actualites\/#\/schema\/person\/image\/","url":"https:\/\/rvh-synergie.org\/actualites\/wp-content\/uploads\/2024\/09\/charles-martinez-scaled.jpg","contentUrl":"https:\/\/rvh-synergie.org\/actualites\/wp-content\/uploads\/2024\/09\/charles-martinez-scaled.jpg","caption":"Charles Martinez"},"description":"Bonjour, je m'appelle Charles Martinez, r\u00e9dacteur passionn\u00e9 pour le m\u00e9dia RVH-synergie.org, d\u00e9di\u00e9 aux addictions et aux maladies. Depuis plus de dix ans, j'explore et rapporte les histoires poignantes des individus confront\u00e9s \u00e0 ces d\u00e9fis, tout en sensibilisant le public aux traitements novateurs et aux progr\u00e8s scientifiques dans ce domaine. Mon engagement r\u00e9side dans l'espoir de cr\u00e9er une communaut\u00e9 inform\u00e9e et empathique, pr\u00eate \u00e0 soutenir ceux qui luttent contre ces \u00e9preuves.","sameAs":["https:\/\/rvh-synergie.org\/"]}]}},"_links":{"self":[{"href":"https:\/\/rvh-synergie.org\/actualites\/wp-json\/wp\/v2\/posts\/19388","targetHints":{"allow":["GET"]}}],"collection":[{"href":"https:\/\/rvh-synergie.org\/actualites\/wp-json\/wp\/v2\/posts"}],"about":[{"href":"https:\/\/rvh-synergie.org\/actualites\/wp-json\/wp\/v2\/types\/post"}],"author":[{"embeddable":true,"href":"https:\/\/rvh-synergie.org\/actualites\/wp-json\/wp\/v2\/users\/1"}],"replies":[{"embeddable":true,"href":"https:\/\/rvh-synergie.org\/actualites\/wp-json\/wp\/v2\/comments?post=19388"}],"version-history":[{"count":1,"href":"https:\/\/rvh-synergie.org\/actualites\/wp-json\/wp\/v2\/posts\/19388\/revisions"}],"predecessor-version":[{"id":19390,"href":"https:\/\/rvh-synergie.org\/actualites\/wp-json\/wp\/v2\/posts\/19388\/revisions\/19390"}],"wp:featuredmedia":[{"embeddable":true,"href":"https:\/\/rvh-synergie.org\/actualites\/wp-json\/wp\/v2\/media\/19389"}],"wp:attachment":[{"href":"https:\/\/rvh-synergie.org\/actualites\/wp-json\/wp\/v2\/media?parent=19388"}],"wp:term":[{"taxonomy":"category","embeddable":true,"href":"https:\/\/rvh-synergie.org\/actualites\/wp-json\/wp\/v2\/categories?post=19388"},{"taxonomy":"post_tag","embeddable":true,"href":"https:\/\/rvh-synergie.org\/actualites\/wp-json\/wp\/v2\/tags?post=19388"}],"curies":[{"name":"wp","href":"https:\/\/api.w.org\/{rel}","templated":true}]}}