{"id":19373,"date":"2026-09-05T22:11:36","date_gmt":"2026-09-05T20:11:36","guid":{"rendered":"https:\/\/rvh-synergie.org\/actualites\/trop-de-reunions-vous-privent-de-concentration\/"},"modified":"2026-09-05T22:11:37","modified_gmt":"2026-09-05T20:11:37","slug":"trop-de-reunions-vous-privent-de-concentration","status":"publish","type":"post","link":"https:\/\/rvh-synergie.org\/actualites\/trop-de-reunions-vous-privent-de-concentration\/","title":{"rendered":"Trop de r\u00e9unions vous privent de concentration"},"content":{"rendered":"<p><!--$--><br \/>\n<!--\/--><br \/>\n<!--$--><\/p>\n<div data-hk=\"0000a124212000a23100\" class=\"Html-Block\" data-qa-article-content-text data-text-milestone-block>\n<p>R\u00e9union \u00e0 9h. Vote \u00e0 10h. Jour fixe \u00e0 11h. R\u00e9union de projet apr\u00e8s le d\u00e9jeuner. Puis un \u00ab court appel \u00bb qui dure une heure. De nombreux employ\u00e9s consacrent d\u00e9sormais plus de temps aux r\u00e9unions qu&rsquo;\u00e0 leur travail r\u00e9el. Il en r\u00e9sulte une nouvelle forme d\u2019\u00e9puisement : la fatigue du zoom \u2013 ou plus g\u00e9n\u00e9ralement : la fatigue des r\u00e9unions.<\/p>\n<\/div>\n<div data-hk=\"0000a124212000a23110\" class=\"Html-Block\" data-qa-article-content-text data-text-milestone-block>\n<p>Il ne s\u2019agit plus seulement de vid\u00e9oconf\u00e9rences. Les r\u00e9unions en face \u00e0 face souffrent \u00e9galement du m\u00eame probl\u00e8me. De plus en plus de collaborateurs ont le sentiment que les r\u00e9unions consomment souvent plus d\u2019\u00e9nergie qu\u2019elles ne produisent de r\u00e9sultats. Ce qui \u00e9tait initialement destin\u00e9 \u00e0 am\u00e9liorer la communication devient de plus en plus nuisible \u00e0 la productivit\u00e9.<\/p>\n<\/div>\n<aside data-hk=\"0000a124212000a2312004\" data-qa-ad-slot class=\"Ad-Slot Ad-Slot-mobile Ad-Slot-hor Ad-Slot-FC\">\n<div class=\"Ad-Slot-FC-Container\">\n<div class=\"Ad-Slot-FC-Window\">\n<div id=\"ad-slot-mobile-hor-2\" data-orientation=\"hor\" data-index=\"2\" data-slot=\"ad-slot\" data-device=\"mobile\"><\/div>\n<\/div>\n<\/div>\n<\/aside>\n<div data-hk=\"0000a124212000a23130\" class=\"Article-ReusableText Html-Block\" data-qa-article-reusable-content-text><!--$--><!--\/--><!--$--><!--\/--><\/p>\n<div>\n<p>Stefan Woinoff est sp\u00e9cialiste en m\u00e9decine psychosomatique et en psychoth\u00e9rapie ainsi qu&rsquo;expert relationnel de www.50plus-Treff.de. Il fait partie de notre r\u00e9seau d&rsquo;experts EXPERTS Circle. <\/p>\n<\/div>\n<\/div>\n<div data-hk=\"0000a124212000a23140\" class=\"Html-Block\" data-qa-article-content-text data-text-milestone-block>\n<h2>Exemple de cas : \u00ab Je ne travaille pas tant que tout le monde n\u2019a pas quitt\u00e9 le travail. \u00bb<\/h2>\n<p>Lorsque Sabine M., 42 ans, chef de projet dans une entreprise industrielle internationale, a d\u00e9but\u00e9 son m\u00e9tier il y a cinq ans, elle adorait son m\u00e9tier. Elle coordonnait des projets, \u00e9laborait des strat\u00e9gies et aimait travailler avec son \u00e9quipe sur des solutions cr\u00e9atives. Aujourd\u2019hui, son calendrier est compl\u00e8tement diff\u00e9rent. Le lundi matin commence par une r\u00e9union d&rsquo;\u00e9quipe d&rsquo;une heure. S&rsquo;en suit une discussion sur le projet, suivie d&rsquo;un rendez-vous de coordination avec un autre service. Apr\u00e8s le d\u00e9jeuner, une mise \u00e0 jour de l&rsquo;\u00e9tat d&rsquo;avancement, une r\u00e9union avec les clients et un \u00ab\u00a0appel d&rsquo;alignement\u00a0\u00bb sont au programme.<\/p>\n<\/div>\n<aside data-hk=\"0000a124212000a2315004\" data-qa-ad-slot class=\"Ad-Slot Ad-Slot-mobile Ad-Slot-out\">\n<div id=\"ad-slot-mobile-out-1\" data-orientation=\"out\" data-index=\"1\" data-slot=\"ad-slot\" data-device=\"mobile\"><\/div>\n<\/aside>\n<div data-hk=\"0000a124212000a23160\" class=\"Ad-Carousel mb-xl row\">\n<div data-hk=\"0000a124212000a231610\" class=\"col-lg-4\">\n<div data-hk=\"0000a124212000a231611004\" data-qa-ad-slot class=\"Ad-Slot Ad-Slot-desktop Ad-Slot-ver\" role=\"region\" aria-label=\"Anzeige 1\">\n<div id=\"ad-slot-desktop-ver-1\" data-orientation=\"ver\" data-index=\"1\" data-slot=\"ad-slot\" data-device=\"desktop\"><\/div>\n<\/div>\n<\/div>\n<div data-hk=\"0000a124212000a231612\" class=\"col-lg-4\">\n<aside data-hk=\"0000a124212000a231613004\" data-qa-ad-slot class=\"Ad-Slot Ad-Slot-desktop Ad-Slot-ver Ad-Slot-FC\">\n<div class=\"Ad-Slot-FC-Container\">\n<div class=\"Ad-Slot-FC-Window\">\n<div id=\"ad-slot-desktop-ver-2\" data-orientation=\"ver\" data-index=\"2\" data-slot=\"ad-slot\" data-device=\"desktop\"><\/div>\n<\/div>\n<\/div>\n<\/aside>\n<\/div>\n<div data-hk=\"0000a124212000a231614\" class=\"col-lg-4\">\n<div data-hk=\"0000a124212000a231615004\" data-qa-ad-slot class=\"Ad-Slot Ad-Slot-desktop Ad-Slot-ver\" role=\"region\" aria-label=\"Anzeige 3\">\n<div id=\"ad-slot-desktop-ver-3\" data-orientation=\"ver\" data-index=\"3\" data-slot=\"ad-slot\" data-device=\"desktop\"><\/div>\n<\/div>\n<\/div>\n<\/div>\n<div data-hk=\"0000a124212000a23170\" class=\"Html-Block\" data-qa-article-content-text data-text-milestone-block>\n<p>Il ne reste pas plus de dix minutes avant que la prochaine invitation n\u2019apparaisse. De son point de vue, elle n\u2019avait m\u00eame pas besoin d\u2019assister \u00e0 bon nombre de ces r\u00e9unions. Souvent, elle ne dit presque rien. Il n\u2019est pas rare que soient pr\u00e9sent\u00e9s des contenus qui auraient tout aussi bien pu \u00eatre envoy\u00e9s par courrier \u00e9lectronique ou dans le cadre d\u2019un court protocole. Cependant, le vrai probl\u00e8me ne commence qu\u2019apr\u00e8s 17 heures.<\/p>\n<\/div>\n<div data-hk=\"0000a124212000a23180\" class=\"Html-Block\" data-qa-article-content-text data-text-milestone-block>\n<p>Puis, une fois la plupart des r\u00e9unions termin\u00e9es, leur v\u00e9ritable travail commence : v\u00e9rifier les offres, r\u00e9diger des concepts, cr\u00e9er des pr\u00e9sentations ou pr\u00e9parer des d\u00e9cisions difficiles. C&rsquo;est pourquoi elle reste r\u00e9guli\u00e8rement assise \u00e0 son bureau jusqu&rsquo;au soir. Non pas parce que ses t\u00e2ches sont trop lourdes, mais parce qu&rsquo;elle n&rsquo;a tout simplement pas le temps pendant la journ\u00e9e. Elle d\u00e9crit ainsi sa vie professionnelle quotidienne : \u00ab Je travaille toute la journ\u00e9e, mais pas \u00e0 mon travail. \u00bb Maintenant, elle se sent constamment press\u00e9e. Apr\u00e8s plusieurs heures de visioconf\u00e9rences ou de r\u00e9unions, elle a de plus en plus de mal \u00e0 se concentrer. Elle reporte les t\u00e2ches cr\u00e9atives, les d\u00e9cisions prennent plus de temps et elle r\u00e9agit de mani\u00e8re plus irritable qu&rsquo;auparavant.<\/p>\n<\/div>\n<aside data-hk=\"0000a124212000a2319004\" data-qa-ad-slot class=\"Ad-Slot Ad-Slot-mobile Ad-Slot-hor\">\n<div id=\"ad-slot-mobile-hor-3\" data-orientation=\"hor\" data-index=\"3\" data-slot=\"ad-slot\" data-device=\"mobile\"><\/div>\n<\/aside>\n<div data-hk=\"0000a124212000a231a100\" class=\"Html-Block\" data-qa-article-content-text data-text-milestone-block>\n<p>D&rsquo;un point de vue psychologique, elle se retrouve dans une spirale classique d&rsquo;\u00e9puisement : des charges de communication \u00e9lev\u00e9es, des interruptions constantes et des phases manquantes de travail concentr\u00e9 conduisent \u00e0 une surcharge mentale &#8211; m\u00eame si objectivement, peut-\u00eatre qu&rsquo;il n&rsquo;y a peut-\u00eatre pas plus de travail qu&rsquo;avant.<\/p>\n<\/div>\n<aside data-hk=\"0000a124212000a231a11004\" data-qa-ad-slot class=\"Ad-Slot Ad-Slot-desktop Ad-Slot-hor Ad-Slot-FC\">\n<div class=\"Ad-Slot-FC-Container\">\n<div class=\"Ad-Slot-FC-Window\">\n<div id=\"ad-slot-desktop-hor-2\" data-orientation=\"hor\" data-index=\"2\" data-slot=\"ad-slot\" data-device=\"desktop\"><\/div>\n<\/div>\n<\/div>\n<\/aside>\n<div data-hk=\"0000a124212000a231a120\" class=\"Html-Block\" data-qa-article-content-text data-text-milestone-block>\n<h2>Notre cerveau n&rsquo;est pas construit pour une communication constante<\/h2>\n<p>De nombreuses entreprises pensent encore qu\u2019une plus grande coordination signifie automatiquement une meilleure collaboration. Mais d\u2019un point de vue psychologique, cela n\u2019est vrai que jusqu\u2019\u00e0 un certain point. Chaque r\u00e9union n\u00e9cessite des performances cognitives importantes de la part du cerveau :<\/p>\n<\/div>\n<aside data-hk=\"0000a124212000a231a13004\" data-qa-ad-slot class=\"Ad-Slot Ad-Slot-mobile Ad-Slot-hor\">\n<div id=\"ad-slot-mobile-hor-4\" data-orientation=\"hor\" data-index=\"4\" data-slot=\"ad-slot\" data-device=\"mobile\"><\/div>\n<\/aside>\n<div data-hk=\"0000a124212000a231a140\" class=\"Html-Block\" data-qa-article-content-text data-text-milestone-block>\n<ul>\n<li>Maintenir l&rsquo;attention<\/li>\n<li>Suivre les conversations<\/li>\n<li>interpr\u00e9ter les signaux sociaux<\/li>\n<li>planifiez vos propres publications<\/li>\n<li>basculer entre diff\u00e9rents sujets<\/li>\n<li>prendre des d\u00e9cisions<\/li>\n<\/ul>\n<p>Les vid\u00e9oconf\u00e9rences en particulier augmentent cette charge. Le regard constant sur l\u2019\u00e9cran, les retards minimes dans la parole et les images, l\u2019affichage de notre propre cam\u00e9ra et l\u2019absence de nombreux signaux non verbaux signifient que notre cerveau doit constamment \u00ab retravailler \u00bb. Le r\u00e9sultat est une fatigue mentale.<\/p>\n<\/div>\n<aside data-hk=\"0000a124212000a231a15004\" data-qa-ad-slot class=\"Ad-Slot Ad-Slot-mobile Ad-Slot-hor\">\n<div id=\"ad-slot-mobile-hor-5\" data-orientation=\"hor\" data-index=\"5\" data-slot=\"ad-slot\" data-device=\"mobile\"><\/div>\n<\/aside>\n<div data-hk=\"0000a124212000a231a160\" class=\"Html-Block\" data-qa-article-content-text data-text-milestone-block>\n<h2>Le v\u00e9ritable tueur de productivit\u00e9 s&rsquo;appelle le changement de contexte<\/h2>\n<p>Mais il y a autre chose qui est encore plus grave que la dur\u00e9e de la r\u00e9union : le basculement constant entre les diff\u00e9rentes t\u00e2ches. La recherche psychologique parle de \u00ab changement de t\u00e2che \u00bb. Chaque fois que nous passons d\u2019une activit\u00e9 cibl\u00e9e \u00e0 une r\u00e9union puis revenons, notre cerveau a besoin de temps pour se replonger dans la t\u00e2che initiale. Ce temps de red\u00e9marrage est souvent sous-estim\u00e9. Quelques interruptions par heure suffisent pour rendre un travail complexe nettement plus difficile.<\/p>\n<\/div>\n<aside data-hk=\"0000a124212000a231a17004\" data-qa-ad-slot class=\"Ad-Slot Ad-Slot-mobile Ad-Slot-hor\">\n<div id=\"ad-slot-mobile-hor-6\" data-orientation=\"hor\" data-index=\"6\" data-slot=\"ad-slot\" data-device=\"mobile\"><\/div>\n<\/aside>\n<aside data-hk=\"0000a124212000a231a18004\" data-qa-ad-slot class=\"Ad-Slot Ad-Slot-desktop Ad-Slot-out\">\n<div id=\"ad-slot-desktop-out-1\" data-orientation=\"out\" data-index=\"1\" data-slot=\"ad-slot\" data-device=\"desktop\"><\/div>\n<\/aside>\n<div data-hk=\"0000a124212000a231a190\" class=\"Html-Block\" data-qa-article-content-text data-text-milestone-block>\n<p>Les activit\u00e9s cr\u00e9atives, la r\u00e9flexion strat\u00e9gique ou la r\u00e9solution de probl\u00e8mes sophistiqu\u00e9s n\u00e9cessitent en particulier de plus longues p\u00e9riodes de concentration sans perturbation. Or, ce sont pr\u00e9cis\u00e9ment ces derniers qui disparaissent de plus en plus du quotidien professionnel.<\/p>\n<\/div>\n<div data-hk=\"0000a124212000a231a200\" class=\"Html-Block\" data-qa-article-content-text data-text-milestone-block>\n<h2>Les r\u00e9unions donnent souvent un sentiment de productivit\u00e9<\/h2>\n<p>Un autre m\u00e9canisme psychologique aggrave le probl\u00e8me. Les r\u00e9unions g\u00e9n\u00e8rent de l&rsquo;activit\u00e9. Les calendriers sont charg\u00e9s, beaucoup de gens se parlent, les d\u00e9cisions semblent se pr\u00e9parer. Cela cr\u00e9e facilement l\u2019impression d\u2019une productivit\u00e9 \u00e9lev\u00e9e. En fait, les gens parlent souvent simplement du travail au lieu de le faire.<\/p>\n<\/div>\n<aside data-hk=\"0000a124212000a231a21004\" data-qa-ad-slot class=\"Ad-Slot Ad-Slot-mobile Ad-Slot-hor\">\n<div id=\"ad-slot-mobile-hor-7\" data-orientation=\"hor\" data-index=\"7\" data-slot=\"ad-slot\" data-device=\"mobile\"><\/div>\n<\/aside>\n<div data-hk=\"0000a124212000a231a220\" class=\"Html-Block\" data-qa-article-content-text data-text-milestone-block>\n<p>Ce ph\u00e9nom\u00e8ne est similaire au \u00ab biais d&rsquo;occupation \u00bb : les gens se consid\u00e8rent souvent eux-m\u00eames et les autres comme particuli\u00e8rement productifs lorsqu&rsquo;ils semblent visiblement occup\u00e9s, ind\u00e9pendamment du fait que les r\u00e9sultats se produisent r\u00e9ellement ou non. Un calendrier complet devient un symbole de statut.<\/p>\n<\/div>\n<div data-hk=\"0000a124212000a231a230\" class=\"Html-Block\" data-qa-article-content-text data-text-milestone-block>\n<h2>Pourquoi personne n&rsquo;annule les r\u00e9unions<\/h2>\n<p>De nombreux collaborateurs savent en effet quelles r\u00e9unions apportent peu de valeur ajout\u00e9e. N\u00e9anmoins, ils apparaissent.<\/p>\n<\/div>\n<div data-hk=\"0000a124212000a231a240\" class=\"Html-Block\" data-qa-article-content-text data-text-milestone-block>\n<p>Il y a plusieurs raisons psychologiques \u00e0 cela : Premi\u00e8rement, personne ne veut manquer des informations importantes (\u00ab peur de manquer quelque chose \u00bb). D\u2019un autre c\u00f4t\u00e9, la pr\u00e9sence est encore per\u00e7ue comme un signe d\u2019engagement dans de nombreuses entreprises. Quiconque d\u00e9cline rapidement les invitations craint d\u2019\u00eatre per\u00e7u comme n\u2019ayant pas l\u2019esprit d\u2019\u00e9quipe ou peu coop\u00e9ratif. Il y a aussi un autre effet : d\u00e8s que de nombreuses personnes sont invit\u00e9es, presque personne ne se sent personnellement responsable. Les d\u00e9cisions sont report\u00e9es, les responsabilit\u00e9s s&rsquo;estompent, les discussions s&rsquo;allongent. De nombreux collaborateurs ne connaissent que trop bien le r\u00e9sultat : une r\u00e9union d\u2019une heure se termine par la phrase : \u00ab Alors nous nous reverrons la semaine prochaine \u00bb.<\/p>\n<\/div>\n<aside data-hk=\"0000a124212000a231a25004\" data-qa-ad-slot class=\"Ad-Slot Ad-Slot-mobile Ad-Slot-hor\">\n<div id=\"ad-slot-mobile-hor-8\" data-orientation=\"hor\" data-index=\"8\" data-slot=\"ad-slot\" data-device=\"mobile\"><\/div>\n<\/aside>\n<aside data-hk=\"0000a124212000a231a26004\" data-qa-ad-slot class=\"Ad-Slot Ad-Slot-desktop Ad-Slot-hor\">\n<div id=\"ad-slot-desktop-hor-3\" data-orientation=\"hor\" data-index=\"3\" data-slot=\"ad-slot\" data-device=\"desktop\"><\/div>\n<\/aside>\n<div data-hk=\"0000a124212000a231a270\" class=\"Html-Block\" data-qa-article-content-text data-text-milestone-block>\n<h2>Particuli\u00e8rement stressant : la cascade des r\u00e9unions<\/h2>\n<p>De nombreuses entreprises planifient d\u00e9sormais des r\u00e9unions toutes les demi-heures. Ce qui semble efficace sur le calendrier est probl\u00e9matique pour notre cerveau. Il n&rsquo;y a souvent pas de temps entre deux r\u00e9unions<\/p>\n<\/div>\n<div data-hk=\"0000a124212000a231a280\" class=\"Html-Block\" data-qa-article-content-text data-text-milestone-block>\n<ul>\n<li>traiter des informations,<\/li>\n<li>mettre en \u0153uvre les d\u00e9cisions,<\/li>\n<li>pour r\u00e9pondre aux emails,<\/li>\n<li>travailler de mani\u00e8re concentr\u00e9e<\/li>\n<li>ou simplement respirez profond\u00e9ment.<\/li>\n<\/ul>\n<p>La charge mentale s\u2019accumule au fil de la journ\u00e9e. De nombreux employ\u00e9s subissent donc une baisse significative de leur concentration en d\u00e9but d&rsquo;apr\u00e8s-midi &#8211; non pas \u00e0 cause d&rsquo;un effort physique, mais \u00e0 cause d&rsquo;un stress cognitif constant.<\/p>\n<\/div>\n<aside data-hk=\"0000a124212000a231a29004\" data-qa-ad-slot class=\"Ad-Slot Ad-Slot-mobile Ad-Slot-hor\">\n<div id=\"ad-slot-mobile-hor-9\" data-orientation=\"hor\" data-index=\"9\" data-slot=\"ad-slot\" data-device=\"mobile\"><\/div>\n<\/aside>\n<div data-hk=\"0000a124212000a231a300\" class=\"Html-Block\" data-qa-article-content-text data-text-milestone-block>\n<h2>Cinq fa\u00e7ons de sortir du pi\u00e8ge des rencontres<\/h2>\n<p>Les entreprises ne doivent donc pas communiquer moins, elles doivent communiquer plus intelligemment.<\/p>\n<\/div>\n<div data-hk=\"0000a124212000a231a310\" class=\"Html-Block\" data-qa-article-content-text data-text-milestone-block>\n<p><strong>1. Chaque invitation doit avoir un objectif clair<\/strong><\/p>\n<\/div>\n<div data-hk=\"0000a124212000a231a320\" class=\"Html-Block\" data-qa-article-content-text data-text-milestone-block>\n<p>Avant chaque r\u00e9union, vous devez \u00eatre en mesure de r\u00e9pondre\u00a0: <i>Quel probl\u00e8me sp\u00e9cifique est en cours de r\u00e9solution ? Quelle d\u00e9cision faut-il prendre au final ? <\/i>Si cette r\u00e9ponse manque, la r\u00e9union est g\u00e9n\u00e9ralement inutile.<\/p>\n<\/div>\n<div data-hk=\"0000a124212000a231a330\" class=\"Html-Block\" data-qa-article-content-text data-text-milestone-block>\n<p><strong>2. N&rsquo;invitez que les personnes dont on a vraiment besoin<\/strong><\/p>\n<\/div>\n<aside data-hk=\"0000a124212000a231a34004\" data-qa-ad-slot class=\"Ad-Slot Ad-Slot-mobile Ad-Slot-hor\">\n<div id=\"ad-slot-mobile-hor-10\" data-orientation=\"hor\" data-index=\"10\" data-slot=\"ad-slot\" data-device=\"mobile\"><\/div>\n<\/aside>\n<div data-hk=\"0000a124212000a231a350\" class=\"Html-Block\" data-qa-article-content-text data-text-milestone-block>\n<p>La transmission d\u2019informations n\u2019est pas un motif de participation. Toute personne ayant simplement besoin d\u2019\u00eatre inform\u00e9e recevra alors un bref rapport ou un r\u00e9sum\u00e9. Chaque invitation inutile fait gagner du temps de travail.<\/p>\n<\/div>\n<div data-hk=\"0000a124212000a231a360\" class=\"Html-Block\" data-qa-article-content-text data-text-milestone-block>\n<p><strong>3. Prot\u00e9gez syst\u00e9matiquement les temps de mise au point<\/strong><\/p>\n<\/div>\n<div data-hk=\"0000a124212000a231a370\" class=\"Html-Block\" data-qa-article-content-text data-text-milestone-block>\n<p>De plus en plus d&rsquo;entreprises prosp\u00e8res r\u00e9servent des blocs de discussion sans r\u00e9unions dans leur calendrier. Les r\u00e9unions sont g\u00e9n\u00e9ralement taboues pendant ces plages horaires. Ce n\u2019est qu\u2019alors que des phases plus longues de travail de connaissance concentr\u00e9 r\u00e9apparaissent.<\/p>\n<\/div>\n<aside data-hk=\"0000a124212000a231a38004\" data-qa-ad-slot class=\"Ad-Slot Ad-Slot-mobile Ad-Slot-hor\">\n<div id=\"ad-slot-mobile-hor-11\" data-orientation=\"hor\" data-index=\"11\" data-slot=\"ad-slot\" data-device=\"mobile\"><\/div>\n<\/aside>\n<aside data-hk=\"0000a124212000a231a39004\" data-qa-ad-slot class=\"Ad-Slot Ad-Slot-desktop Ad-Slot-hor\">\n<div id=\"ad-slot-desktop-hor-4\" data-orientation=\"hor\" data-index=\"4\" data-slot=\"ad-slot\" data-device=\"desktop\"><\/div>\n<\/aside>\n<div data-hk=\"0000a124212000a231a400\" class=\"Html-Block\" data-qa-article-content-text data-text-milestone-block>\n<p><strong>4. Planifiez les r\u00e9unions sur des p\u00e9riodes beaucoup plus courtes<\/strong><\/p>\n<\/div>\n<div data-hk=\"0000a124212000a231a410\" class=\"Html-Block\" data-qa-article-content-text data-text-milestone-block>\n<p>Pourquoi les r\u00e9unions durent-elles presque automatiquement 30 ou 60 minutes ? Souvent uniquement parce que les programmes de calendrier pr\u00e9d\u00e9finissent ces heures. Psychologiquement, le temps disponible agit comme un \u00e9lastique : les discussions se prolongent jusqu&rsquo;\u00e0 \u00e9puisement du temps imparti. 20 ou 25 minutes suffisent souvent.<\/p>\n<\/div>\n<div data-hk=\"0000a124212000a231a420\" class=\"Html-Block\" data-qa-article-content-text data-text-milestone-block>\n<p><strong>5. Planifiez d&rsquo;abord la fin<\/strong><\/p>\n<\/div>\n<div data-hk=\"0000a124212000a231a430\" class=\"Html-Block\" data-qa-article-content-text data-text-milestone-block>\n<p>Chaque r\u00e9union doit se terminer par une r\u00e9ponse claire\u00a0:<\/p>\n<\/div>\n<aside data-hk=\"0000a124212000a231a44004\" data-qa-ad-slot class=\"Ad-Slot Ad-Slot-mobile Ad-Slot-hor\">\n<div id=\"ad-slot-mobile-hor-12\" data-orientation=\"hor\" data-index=\"12\" data-slot=\"ad-slot\" data-device=\"mobile\"><\/div>\n<\/aside>\n<div data-hk=\"0000a124212000a231a450\" class=\"Html-Block\" data-qa-article-content-text data-text-milestone-block>\n<ul>\n<li>Quelle d\u00e9cision a \u00e9t\u00e9 prise ?<\/li>\n<li>Qui assume quelle t\u00e2che ?<\/li>\n<li>Jusqu&rsquo;\u00e0 quand ?<\/li>\n<li>Une r\u00e9union de suivi est-elle m\u00eame n\u00e9cessaire\u00a0?<\/li>\n<\/ul>\n<p>Sans r\u00e9sultats concrets, la r\u00e9union n\u2019\u00e9tait probablement pas un bon investissement.<\/p>\n<\/div>\n<div data-hk=\"0000a124212000a231a460\" class=\"Html-Block\" data-qa-article-content-text data-text-milestone-block>\n<h2>Conclusion\u00a0: moins de r\u00e9unions signifie souvent plus de collaboration<\/h2>\n<p>La communication reste au c\u0153ur des entreprises modernes. Mais la communication n\u2019est pas une fin en soi. Lorsque les employ\u00e9s passent la majeure partie de leur journ\u00e9e \u00e0 parler de leur travail, ils disposent de moins en moins de temps pour accomplir r\u00e9ellement leur travail.<\/p>\n<\/div>\n<div data-hk=\"0000a124212000a231a470\" class=\"Html-Block\" data-qa-article-content-text data-text-milestone-block>\n<p>La fatigue du zoom est donc bien plus que la fatigue apr\u00e8s les visioconf\u00e9rences. C\u2019est l\u2019expression d\u2019une culture du travail qui confond souvent activit\u00e9 et productivit\u00e9. Peut-\u00eatre qu\u2019\u00e0 l\u2019avenir les entreprises ne devraient plus se demander : \u00ab Combien de r\u00e9unions avons-nous eu aujourd\u2019hui ? Mais plut\u00f4t : \u00ab Quelle quantit\u00e9 de travail avons-nous r\u00e9ellement pu accomplir aujourd\u2019hui ?<\/p>\n<\/div>\n<p><!--\/--><br \/>\n<!--$--><br \/>\n<!--\/--><br \/>\n<!--$--><br \/>\n<!--\/--><br \/>\n<!--$--><br \/>\n<!--\/--><\/p>\n","protected":false},"excerpt":{"rendered":"<p>R\u00e9union \u00e0 9h. Vote \u00e0 10h. Jour fixe \u00e0 11h. R\u00e9union de projet apr\u00e8s le<\/p>\n","protected":false},"author":1,"featured_media":19374,"comment_status":"open","ping_status":"","sticky":false,"template":"","format":"standard","meta":{"footnotes":""},"categories":[86],"tags":[5536,8705,509,1486,263],"class_list":["post-19373","post","type-post","status-publish","format-standard","has-post-thumbnail","hentry","category-les-maladies","tag-concentration","tag-privent","tag-reunions","tag-trop","tag-vous","generate-columns","tablet-grid-50","mobile-grid-100","grid-parent","grid-50","resize-featured-image"],"yoast_head":"<!-- This site is optimized with the Yoast SEO plugin v23.4 - https:\/\/yoast.com\/wordpress\/plugins\/seo\/ -->\n<title>Trop de r\u00e9unions vous privent de concentration - RVH-Synergie.org<\/title>\n<meta name=\"robots\" content=\"index, follow, max-snippet:-1, max-image-preview:large, max-video-preview:-1\" \/>\n<link rel=\"canonical\" href=\"https:\/\/rvh-synergie.org\/actualites\/trop-de-reunions-vous-privent-de-concentration\/\" \/>\n<meta property=\"og:locale\" content=\"fr_FR\" \/>\n<meta property=\"og:type\" content=\"article\" \/>\n<meta property=\"og:title\" content=\"Trop de r\u00e9unions vous privent de concentration - RVH-Synergie.org\" \/>\n<meta property=\"og:description\" content=\"R\u00e9union \u00e0 9h. Vote \u00e0 10h. Jour fixe \u00e0 11h. R\u00e9union de projet apr\u00e8s le\" \/>\n<meta property=\"og:url\" content=\"https:\/\/rvh-synergie.org\/actualites\/trop-de-reunions-vous-privent-de-concentration\/\" \/>\n<meta property=\"og:site_name\" content=\"RVH-Synergie\" \/>\n<meta property=\"article:published_time\" content=\"2026-09-05T20:11:36+00:00\" \/>\n<meta property=\"article:modified_time\" content=\"2026-09-05T20:11:37+00:00\" \/>\n<meta property=\"og:image\" content=\"https:\/\/rvh-synergie.org\/actualites\/wp-content\/uploads\/2026\/09\/Trop-de-reunions-vous-privent-de-concentration.jpg\" \/>\n\t<meta property=\"og:image:width\" content=\"1200\" \/>\n\t<meta property=\"og:image:height\" content=\"630\" \/>\n\t<meta property=\"og:image:type\" content=\"image\/jpeg\" \/>\n<meta name=\"author\" content=\"Charles Martinez\" \/>\n<meta name=\"twitter:card\" content=\"summary_large_image\" \/>\n<meta name=\"twitter:label1\" content=\"\u00c9crit par\" \/>\n\t<meta name=\"twitter:data1\" content=\"Charles Martinez\" \/>\n\t<meta name=\"twitter:label2\" content=\"Dur\u00e9e de lecture estim\u00e9e\" \/>\n\t<meta name=\"twitter:data2\" content=\"8 minutes\" \/>\n<script type=\"application\/ld+json\" class=\"yoast-schema-graph\">{\"@context\":\"https:\/\/schema.org\",\"@graph\":[{\"@type\":\"Article\",\"@id\":\"https:\/\/rvh-synergie.org\/actualites\/trop-de-reunions-vous-privent-de-concentration\/#article\",\"isPartOf\":{\"@id\":\"https:\/\/rvh-synergie.org\/actualites\/trop-de-reunions-vous-privent-de-concentration\/\"},\"author\":{\"name\":\"Charles Martinez\",\"@id\":\"https:\/\/rvh-synergie.org\/actualites\/#\/schema\/person\/6affb9c7fc596daaea315c8c28318135\"},\"headline\":\"Trop de r\u00e9unions vous privent de concentration\",\"datePublished\":\"2026-09-05T20:11:36+00:00\",\"dateModified\":\"2026-09-05T20:11:37+00:00\",\"mainEntityOfPage\":{\"@id\":\"https:\/\/rvh-synergie.org\/actualites\/trop-de-reunions-vous-privent-de-concentration\/\"},\"wordCount\":1672,\"commentCount\":0,\"publisher\":{\"@id\":\"https:\/\/rvh-synergie.org\/actualites\/#organization\"},\"image\":{\"@id\":\"https:\/\/rvh-synergie.org\/actualites\/trop-de-reunions-vous-privent-de-concentration\/#primaryimage\"},\"thumbnailUrl\":\"https:\/\/rvh-synergie.org\/actualites\/wp-content\/uploads\/2026\/09\/Trop-de-reunions-vous-privent-de-concentration.jpg\",\"keywords\":[\"Concentration\",\"privent\",\"r\u00e9unions\",\"trop\",\"vous\"],\"articleSection\":[\"Les maladies\"],\"inLanguage\":\"fr-FR\",\"potentialAction\":[{\"@type\":\"CommentAction\",\"name\":\"Comment\",\"target\":[\"https:\/\/rvh-synergie.org\/actualites\/trop-de-reunions-vous-privent-de-concentration\/#respond\"]}]},{\"@type\":\"WebPage\",\"@id\":\"https:\/\/rvh-synergie.org\/actualites\/trop-de-reunions-vous-privent-de-concentration\/\",\"url\":\"https:\/\/rvh-synergie.org\/actualites\/trop-de-reunions-vous-privent-de-concentration\/\",\"name\":\"Trop de r\u00e9unions vous privent de concentration - RVH-Synergie.org\",\"isPartOf\":{\"@id\":\"https:\/\/rvh-synergie.org\/actualites\/#website\"},\"primaryImageOfPage\":{\"@id\":\"https:\/\/rvh-synergie.org\/actualites\/trop-de-reunions-vous-privent-de-concentration\/#primaryimage\"},\"image\":{\"@id\":\"https:\/\/rvh-synergie.org\/actualites\/trop-de-reunions-vous-privent-de-concentration\/#primaryimage\"},\"thumbnailUrl\":\"https:\/\/rvh-synergie.org\/actualites\/wp-content\/uploads\/2026\/09\/Trop-de-reunions-vous-privent-de-concentration.jpg\",\"datePublished\":\"2026-09-05T20:11:36+00:00\",\"dateModified\":\"2026-09-05T20:11:37+00:00\",\"breadcrumb\":{\"@id\":\"https:\/\/rvh-synergie.org\/actualites\/trop-de-reunions-vous-privent-de-concentration\/#breadcrumb\"},\"inLanguage\":\"fr-FR\",\"potentialAction\":[{\"@type\":\"ReadAction\",\"target\":[\"https:\/\/rvh-synergie.org\/actualites\/trop-de-reunions-vous-privent-de-concentration\/\"]}]},{\"@type\":\"ImageObject\",\"inLanguage\":\"fr-FR\",\"@id\":\"https:\/\/rvh-synergie.org\/actualites\/trop-de-reunions-vous-privent-de-concentration\/#primaryimage\",\"url\":\"https:\/\/rvh-synergie.org\/actualites\/wp-content\/uploads\/2026\/09\/Trop-de-reunions-vous-privent-de-concentration.jpg\",\"contentUrl\":\"https:\/\/rvh-synergie.org\/actualites\/wp-content\/uploads\/2026\/09\/Trop-de-reunions-vous-privent-de-concentration.jpg\",\"width\":1200,\"height\":630},{\"@type\":\"BreadcrumbList\",\"@id\":\"https:\/\/rvh-synergie.org\/actualites\/trop-de-reunions-vous-privent-de-concentration\/#breadcrumb\",\"itemListElement\":[{\"@type\":\"ListItem\",\"position\":1,\"name\":\"Accueil\",\"item\":\"https:\/\/rvh-synergie.org\/actualites\/\"},{\"@type\":\"ListItem\",\"position\":2,\"name\":\"Trop de r\u00e9unions vous privent de concentration\"}]},{\"@type\":\"WebSite\",\"@id\":\"https:\/\/rvh-synergie.org\/actualites\/#website\",\"url\":\"https:\/\/rvh-synergie.org\/actualites\/\",\"name\":\"RVH-Synergie.org\",\"description\":\"RVH-Synergie, site ind\u00e9pendant d&#039;informations sur la prise en charge des addictions.\",\"publisher\":{\"@id\":\"https:\/\/rvh-synergie.org\/actualites\/#organization\"},\"potentialAction\":[{\"@type\":\"SearchAction\",\"target\":{\"@type\":\"EntryPoint\",\"urlTemplate\":\"https:\/\/rvh-synergie.org\/actualites\/?s={search_term_string}\"},\"query-input\":{\"@type\":\"PropertyValueSpecification\",\"valueRequired\":true,\"valueName\":\"search_term_string\"}}],\"inLanguage\":\"fr-FR\"},{\"@type\":\"Organization\",\"@id\":\"https:\/\/rvh-synergie.org\/actualites\/#organization\",\"name\":\"RVH-Synergie.org\",\"url\":\"https:\/\/rvh-synergie.org\/actualites\/\",\"logo\":{\"@type\":\"ImageObject\",\"inLanguage\":\"fr-FR\",\"@id\":\"https:\/\/rvh-synergie.org\/actualites\/#\/schema\/logo\/image\/\",\"url\":\"https:\/\/rvh-synergie.org\/actualites\/wp-content\/uploads\/2024\/09\/favicon.png\",\"contentUrl\":\"https:\/\/rvh-synergie.org\/actualites\/wp-content\/uploads\/2024\/09\/favicon.png\",\"width\":512,\"height\":512,\"caption\":\"RVH-Synergie.org\"},\"image\":{\"@id\":\"https:\/\/rvh-synergie.org\/actualites\/#\/schema\/logo\/image\/\"}},{\"@type\":\"Person\",\"@id\":\"https:\/\/rvh-synergie.org\/actualites\/#\/schema\/person\/6affb9c7fc596daaea315c8c28318135\",\"name\":\"Charles Martinez\",\"image\":{\"@type\":\"ImageObject\",\"inLanguage\":\"fr-FR\",\"@id\":\"https:\/\/rvh-synergie.org\/actualites\/#\/schema\/person\/image\/\",\"url\":\"https:\/\/rvh-synergie.org\/actualites\/wp-content\/uploads\/2024\/09\/charles-martinez-scaled.jpg\",\"contentUrl\":\"https:\/\/rvh-synergie.org\/actualites\/wp-content\/uploads\/2024\/09\/charles-martinez-scaled.jpg\",\"caption\":\"Charles Martinez\"},\"description\":\"Bonjour, je m'appelle Charles Martinez, r\u00e9dacteur passionn\u00e9 pour le m\u00e9dia RVH-synergie.org, d\u00e9di\u00e9 aux addictions et aux maladies. Depuis plus de dix ans, j'explore et rapporte les histoires poignantes des individus confront\u00e9s \u00e0 ces d\u00e9fis, tout en sensibilisant le public aux traitements novateurs et aux progr\u00e8s scientifiques dans ce domaine. Mon engagement r\u00e9side dans l'espoir de cr\u00e9er une communaut\u00e9 inform\u00e9e et empathique, pr\u00eate \u00e0 soutenir ceux qui luttent contre ces \u00e9preuves.\",\"sameAs\":[\"https:\/\/rvh-synergie.org\/\"]}]}<\/script>\n<!-- \/ Yoast SEO plugin. -->","yoast_head_json":{"title":"Trop de r\u00e9unions vous privent de concentration - RVH-Synergie.org","robots":{"index":"index","follow":"follow","max-snippet":"max-snippet:-1","max-image-preview":"max-image-preview:large","max-video-preview":"max-video-preview:-1"},"canonical":"https:\/\/rvh-synergie.org\/actualites\/trop-de-reunions-vous-privent-de-concentration\/","og_locale":"fr_FR","og_type":"article","og_title":"Trop de r\u00e9unions vous privent de concentration - RVH-Synergie.org","og_description":"R\u00e9union \u00e0 9h. Vote \u00e0 10h. Jour fixe \u00e0 11h. R\u00e9union de projet apr\u00e8s le","og_url":"https:\/\/rvh-synergie.org\/actualites\/trop-de-reunions-vous-privent-de-concentration\/","og_site_name":"RVH-Synergie","article_published_time":"2026-09-05T20:11:36+00:00","article_modified_time":"2026-09-05T20:11:37+00:00","og_image":[{"width":1200,"height":630,"url":"https:\/\/rvh-synergie.org\/actualites\/wp-content\/uploads\/2026\/09\/Trop-de-reunions-vous-privent-de-concentration.jpg","type":"image\/jpeg"}],"author":"Charles Martinez","twitter_card":"summary_large_image","twitter_misc":{"\u00c9crit par":"Charles Martinez","Dur\u00e9e de lecture estim\u00e9e":"8 minutes"},"schema":{"@context":"https:\/\/schema.org","@graph":[{"@type":"Article","@id":"https:\/\/rvh-synergie.org\/actualites\/trop-de-reunions-vous-privent-de-concentration\/#article","isPartOf":{"@id":"https:\/\/rvh-synergie.org\/actualites\/trop-de-reunions-vous-privent-de-concentration\/"},"author":{"name":"Charles Martinez","@id":"https:\/\/rvh-synergie.org\/actualites\/#\/schema\/person\/6affb9c7fc596daaea315c8c28318135"},"headline":"Trop de r\u00e9unions vous privent de concentration","datePublished":"2026-09-05T20:11:36+00:00","dateModified":"2026-09-05T20:11:37+00:00","mainEntityOfPage":{"@id":"https:\/\/rvh-synergie.org\/actualites\/trop-de-reunions-vous-privent-de-concentration\/"},"wordCount":1672,"commentCount":0,"publisher":{"@id":"https:\/\/rvh-synergie.org\/actualites\/#organization"},"image":{"@id":"https:\/\/rvh-synergie.org\/actualites\/trop-de-reunions-vous-privent-de-concentration\/#primaryimage"},"thumbnailUrl":"https:\/\/rvh-synergie.org\/actualites\/wp-content\/uploads\/2026\/09\/Trop-de-reunions-vous-privent-de-concentration.jpg","keywords":["Concentration","privent","r\u00e9unions","trop","vous"],"articleSection":["Les maladies"],"inLanguage":"fr-FR","potentialAction":[{"@type":"CommentAction","name":"Comment","target":["https:\/\/rvh-synergie.org\/actualites\/trop-de-reunions-vous-privent-de-concentration\/#respond"]}]},{"@type":"WebPage","@id":"https:\/\/rvh-synergie.org\/actualites\/trop-de-reunions-vous-privent-de-concentration\/","url":"https:\/\/rvh-synergie.org\/actualites\/trop-de-reunions-vous-privent-de-concentration\/","name":"Trop de r\u00e9unions vous privent de concentration - RVH-Synergie.org","isPartOf":{"@id":"https:\/\/rvh-synergie.org\/actualites\/#website"},"primaryImageOfPage":{"@id":"https:\/\/rvh-synergie.org\/actualites\/trop-de-reunions-vous-privent-de-concentration\/#primaryimage"},"image":{"@id":"https:\/\/rvh-synergie.org\/actualites\/trop-de-reunions-vous-privent-de-concentration\/#primaryimage"},"thumbnailUrl":"https:\/\/rvh-synergie.org\/actualites\/wp-content\/uploads\/2026\/09\/Trop-de-reunions-vous-privent-de-concentration.jpg","datePublished":"2026-09-05T20:11:36+00:00","dateModified":"2026-09-05T20:11:37+00:00","breadcrumb":{"@id":"https:\/\/rvh-synergie.org\/actualites\/trop-de-reunions-vous-privent-de-concentration\/#breadcrumb"},"inLanguage":"fr-FR","potentialAction":[{"@type":"ReadAction","target":["https:\/\/rvh-synergie.org\/actualites\/trop-de-reunions-vous-privent-de-concentration\/"]}]},{"@type":"ImageObject","inLanguage":"fr-FR","@id":"https:\/\/rvh-synergie.org\/actualites\/trop-de-reunions-vous-privent-de-concentration\/#primaryimage","url":"https:\/\/rvh-synergie.org\/actualites\/wp-content\/uploads\/2026\/09\/Trop-de-reunions-vous-privent-de-concentration.jpg","contentUrl":"https:\/\/rvh-synergie.org\/actualites\/wp-content\/uploads\/2026\/09\/Trop-de-reunions-vous-privent-de-concentration.jpg","width":1200,"height":630},{"@type":"BreadcrumbList","@id":"https:\/\/rvh-synergie.org\/actualites\/trop-de-reunions-vous-privent-de-concentration\/#breadcrumb","itemListElement":[{"@type":"ListItem","position":1,"name":"Accueil","item":"https:\/\/rvh-synergie.org\/actualites\/"},{"@type":"ListItem","position":2,"name":"Trop de r\u00e9unions vous privent de concentration"}]},{"@type":"WebSite","@id":"https:\/\/rvh-synergie.org\/actualites\/#website","url":"https:\/\/rvh-synergie.org\/actualites\/","name":"RVH-Synergie.org","description":"RVH-Synergie, site ind\u00e9pendant d&#039;informations sur la prise en charge des addictions.","publisher":{"@id":"https:\/\/rvh-synergie.org\/actualites\/#organization"},"potentialAction":[{"@type":"SearchAction","target":{"@type":"EntryPoint","urlTemplate":"https:\/\/rvh-synergie.org\/actualites\/?s={search_term_string}"},"query-input":{"@type":"PropertyValueSpecification","valueRequired":true,"valueName":"search_term_string"}}],"inLanguage":"fr-FR"},{"@type":"Organization","@id":"https:\/\/rvh-synergie.org\/actualites\/#organization","name":"RVH-Synergie.org","url":"https:\/\/rvh-synergie.org\/actualites\/","logo":{"@type":"ImageObject","inLanguage":"fr-FR","@id":"https:\/\/rvh-synergie.org\/actualites\/#\/schema\/logo\/image\/","url":"https:\/\/rvh-synergie.org\/actualites\/wp-content\/uploads\/2024\/09\/favicon.png","contentUrl":"https:\/\/rvh-synergie.org\/actualites\/wp-content\/uploads\/2024\/09\/favicon.png","width":512,"height":512,"caption":"RVH-Synergie.org"},"image":{"@id":"https:\/\/rvh-synergie.org\/actualites\/#\/schema\/logo\/image\/"}},{"@type":"Person","@id":"https:\/\/rvh-synergie.org\/actualites\/#\/schema\/person\/6affb9c7fc596daaea315c8c28318135","name":"Charles Martinez","image":{"@type":"ImageObject","inLanguage":"fr-FR","@id":"https:\/\/rvh-synergie.org\/actualites\/#\/schema\/person\/image\/","url":"https:\/\/rvh-synergie.org\/actualites\/wp-content\/uploads\/2024\/09\/charles-martinez-scaled.jpg","contentUrl":"https:\/\/rvh-synergie.org\/actualites\/wp-content\/uploads\/2024\/09\/charles-martinez-scaled.jpg","caption":"Charles Martinez"},"description":"Bonjour, je m'appelle Charles Martinez, r\u00e9dacteur passionn\u00e9 pour le m\u00e9dia RVH-synergie.org, d\u00e9di\u00e9 aux addictions et aux maladies. Depuis plus de dix ans, j'explore et rapporte les histoires poignantes des individus confront\u00e9s \u00e0 ces d\u00e9fis, tout en sensibilisant le public aux traitements novateurs et aux progr\u00e8s scientifiques dans ce domaine. Mon engagement r\u00e9side dans l'espoir de cr\u00e9er une communaut\u00e9 inform\u00e9e et empathique, pr\u00eate \u00e0 soutenir ceux qui luttent contre ces \u00e9preuves.","sameAs":["https:\/\/rvh-synergie.org\/"]}]}},"_links":{"self":[{"href":"https:\/\/rvh-synergie.org\/actualites\/wp-json\/wp\/v2\/posts\/19373","targetHints":{"allow":["GET"]}}],"collection":[{"href":"https:\/\/rvh-synergie.org\/actualites\/wp-json\/wp\/v2\/posts"}],"about":[{"href":"https:\/\/rvh-synergie.org\/actualites\/wp-json\/wp\/v2\/types\/post"}],"author":[{"embeddable":true,"href":"https:\/\/rvh-synergie.org\/actualites\/wp-json\/wp\/v2\/users\/1"}],"replies":[{"embeddable":true,"href":"https:\/\/rvh-synergie.org\/actualites\/wp-json\/wp\/v2\/comments?post=19373"}],"version-history":[{"count":1,"href":"https:\/\/rvh-synergie.org\/actualites\/wp-json\/wp\/v2\/posts\/19373\/revisions"}],"predecessor-version":[{"id":19375,"href":"https:\/\/rvh-synergie.org\/actualites\/wp-json\/wp\/v2\/posts\/19373\/revisions\/19375"}],"wp:featuredmedia":[{"embeddable":true,"href":"https:\/\/rvh-synergie.org\/actualites\/wp-json\/wp\/v2\/media\/19374"}],"wp:attachment":[{"href":"https:\/\/rvh-synergie.org\/actualites\/wp-json\/wp\/v2\/media?parent=19373"}],"wp:term":[{"taxonomy":"category","embeddable":true,"href":"https:\/\/rvh-synergie.org\/actualites\/wp-json\/wp\/v2\/categories?post=19373"},{"taxonomy":"post_tag","embeddable":true,"href":"https:\/\/rvh-synergie.org\/actualites\/wp-json\/wp\/v2\/tags?post=19373"}],"curies":[{"name":"wp","href":"https:\/\/api.w.org\/{rel}","templated":true}]}}