{"id":19340,"date":"2026-09-04T18:11:31","date_gmt":"2026-09-04T16:11:31","guid":{"rendered":"https:\/\/rvh-synergie.org\/actualites\/la-pourriture-due-a-la-pluie-se-transmet-entre-les-personnes-en-allemagne\/"},"modified":"2026-09-04T18:11:32","modified_gmt":"2026-09-04T16:11:32","slug":"la-pourriture-due-a-la-pluie-se-transmet-entre-les-personnes-en-allemagne","status":"publish","type":"post","link":"https:\/\/rvh-synergie.org\/actualites\/la-pourriture-due-a-la-pluie-se-transmet-entre-les-personnes-en-allemagne\/","title":{"rendered":"La \u00ab pourriture due \u00e0 la pluie \u00bb se transmet entre les personnes en Allemagne"},"content":{"rendered":"<p><!--$--><br \/>\n<!--\/--><br \/>\n<!--$--><\/p>\n<div data-hk=\"0000a124212000a23100\" class=\"Html-Block\" data-qa-article-content-text data-text-milestone-block>\n<p>Une infection cutan\u00e9e rare, connue famili\u00e8rement sous le nom de \u00ab pourriture due \u00e0 la pluie \u00bb, se propage \u00e0 travers l\u2019Europe. Le Centre europ\u00e9en de pr\u00e9vention et de contr\u00f4le des maladies (ECDC) a r\u00e9cemment d\u00e9clar\u00e9 que le nombre de cas en Europe \u00e9tait pass\u00e9 de 70 en juin \u00e0 126 en ao\u00fbt.<\/p>\n<\/div>\n<div data-hk=\"0000a124212000a23110\" class=\"Html-Block\" data-qa-article-content-text data-text-milestone-block>\n<p>\u00ab\u00a0Aucune transmission interhumaine n&rsquo;a \u00e9t\u00e9 document\u00e9e auparavant, et les cas dans les zones urbaines sans contact signal\u00e9 avec des animaux ont \u00e9t\u00e9 rarement d\u00e9crits\u00a0\u00bb, \u00e9crit l&rsquo;ECDC. Cela a maintenant chang\u00e9. L&rsquo;infection cutan\u00e9e sexuellement transmissible s&rsquo;est produite jusqu&rsquo;\u00e0 pr\u00e9sent en Allemagne, en France, en Espagne et en Norv\u00e8ge, et l&rsquo;\u00c9cosse a \u00e9galement r\u00e9cemment signal\u00e9 un cas d&rsquo;infection.<\/p>\n<\/div>\n<aside data-hk=\"0000a124212000a2312004\" data-qa-ad-slot class=\"Ad-Slot Ad-Slot-mobile Ad-Slot-hor Ad-Slot-FC\">\n<div class=\"Ad-Slot-FC-Container\">\n<div class=\"Ad-Slot-FC-Window\">\n<div id=\"ad-slot-mobile-hor-2\" data-orientation=\"hor\" data-index=\"2\" data-slot=\"ad-slot\" data-device=\"mobile\"><\/div>\n<\/div>\n<\/div>\n<\/aside>\n<div data-hk=\"0000a124212000a23130\" class=\"Html-Block\" data-qa-article-content-text data-text-milestone-block>\n<h2>L\u2019infection cutan\u00e9e \u00ab\u00a0pourriture due \u00e0 la pluie\u00a0\u00bb se propage par l\u2019humidit\u00e9<\/h2>\n<p>La \u00ab pourriture due \u00e0 la pluie \u00bb, connue dans les milieux sp\u00e9cialis\u00e9s sous le nom de dermatophilose, est une infection caus\u00e9e par la bact\u00e9rie Dermatophilus congolensis. Cela provoque des infections cutan\u00e9es, notamment chez les chevaux et les ruminants, qui peuvent toutefois \u00eatre transmises \u00e0 l&rsquo;homme au cours d&rsquo;infections zoonotiques.<\/p>\n<\/div>\n<div data-hk=\"0000a124212000a23140\" class=\"Html-Block\" data-qa-article-content-text data-text-milestone-block>\n<p>Le nom sp\u00e9cial \u00ab pourriture due \u00e0 la pluie \u00bb vient du fait que l\u2019humidit\u00e9 et une humidit\u00e9 \u00e9lev\u00e9e favorisent la propagation de l\u2019infection.<\/p>\n<\/div>\n<aside data-hk=\"0000a124212000a2315004\" data-qa-ad-slot class=\"Ad-Slot Ad-Slot-mobile Ad-Slot-out\">\n<div id=\"ad-slot-mobile-out-1\" data-orientation=\"out\" data-index=\"1\" data-slot=\"ad-slot\" data-device=\"mobile\"><\/div>\n<\/aside>\n<div data-hk=\"0000a124212000a23160\" class=\"Html-Block\" data-qa-article-content-text data-text-milestone-block>\n<h2>Une \u00e9ruption cutan\u00e9e peut appara\u00eetre sur les organes g\u00e9nitaux et le visage<\/h2>\n<p>Comme l&rsquo;explique l&rsquo;Institut Robert Koch (RKI) dans le Bulletin \u00e9pid\u00e9miologique de mai 2026, l&rsquo;infection se manifeste par<\/p>\n<\/div>\n<div data-hk=\"0000a124212000a23170\" class=\"Ad-Carousel mb-xl row\">\n<div data-hk=\"0000a124212000a231710\" class=\"col-lg-4\">\n<div data-hk=\"0000a124212000a231711004\" data-qa-ad-slot class=\"Ad-Slot Ad-Slot-desktop Ad-Slot-ver\" role=\"region\" aria-label=\"Anzeige 1\">\n<div id=\"ad-slot-desktop-ver-1\" data-orientation=\"ver\" data-index=\"1\" data-slot=\"ad-slot\" data-device=\"desktop\"><\/div>\n<\/div>\n<\/div>\n<div data-hk=\"0000a124212000a231712\" class=\"col-lg-4\">\n<aside data-hk=\"0000a124212000a231713004\" data-qa-ad-slot class=\"Ad-Slot Ad-Slot-desktop Ad-Slot-ver Ad-Slot-FC\">\n<div class=\"Ad-Slot-FC-Container\">\n<div class=\"Ad-Slot-FC-Window\">\n<div id=\"ad-slot-desktop-ver-2\" data-orientation=\"ver\" data-index=\"2\" data-slot=\"ad-slot\" data-device=\"desktop\"><\/div>\n<\/div>\n<\/div>\n<\/aside>\n<\/div>\n<div data-hk=\"0000a124212000a231714\" class=\"col-lg-4\">\n<div data-hk=\"0000a124212000a231715004\" data-qa-ad-slot class=\"Ad-Slot Ad-Slot-desktop Ad-Slot-ver\" role=\"region\" aria-label=\"Anzeige 3\">\n<div id=\"ad-slot-desktop-ver-3\" data-orientation=\"ver\" data-index=\"3\" data-slot=\"ad-slot\" data-device=\"desktop\"><\/div>\n<\/div>\n<\/div>\n<\/div>\n<div data-hk=\"0000a124212000a23180\" class=\"Html-Block\" data-qa-article-content-text data-text-milestone-block>\n<ul>\n<li>\u00e9ruption cutan\u00e9e<\/li>\n<li>Boutons et pustules, \u00e9ventuellement remplis de pus<\/li>\n<li>l\u00e9sions cutan\u00e9es squameuses et cro\u00fbteuses<\/li>\n<li>d\u00e9mangeaison<\/li>\n<\/ul>\n<p>Selon l&rsquo;ECDC, la plupart des cas signal\u00e9s en Europe \u00e0 ce jour sont des infections cutan\u00e9es b\u00e9nignes survenant sur diverses parties du corps, notamment\u00a0:<\/p>\n<\/div>\n<aside data-hk=\"0000a124212000a2319004\" data-qa-ad-slot class=\"Ad-Slot Ad-Slot-mobile Ad-Slot-hor\">\n<div id=\"ad-slot-mobile-hor-3\" data-orientation=\"hor\" data-index=\"3\" data-slot=\"ad-slot\" data-device=\"mobile\"><\/div>\n<\/aside>\n<div data-hk=\"0000a124212000a231a100\" class=\"Html-Block\" data-qa-article-content-text data-text-milestone-block>\n<ul>\n<li>organes g\u00e9nitaux<\/li>\n<li>Cuisse<\/li>\n<li>bar<\/li>\n<li>Affronter<\/li>\n<\/ul>\n<h2>Transmis par contact cutan\u00e9 \u00e9troit et lors de rapports sexuels<\/h2>\n<p>La dermatophilose se transmet par contact cutan\u00e9 \u00e9troit. Jusqu&rsquo;\u00e0 pr\u00e9sent, les hommes homosexuels et bisexuels ainsi que d&rsquo;autres hommes ayant des rapports sexuels avec des hommes ont \u00e9t\u00e9 infect\u00e9s par la bact\u00e9rie &#8211; en particulier ceux qui d\u00e9clarent avoir visit\u00e9 des lieux o\u00f9 des visiteurs ont des relations sexuelles. Il s&rsquo;agit, par exemple, des saunas sexuellement positifs.<\/p>\n<\/div>\n<aside data-hk=\"0000a124212000a231a11004\" data-qa-ad-slot class=\"Ad-Slot Ad-Slot-mobile Ad-Slot-hor\">\n<div id=\"ad-slot-mobile-hor-4\" data-orientation=\"hor\" data-index=\"4\" data-slot=\"ad-slot\" data-device=\"mobile\"><\/div>\n<\/aside>\n<div data-hk=\"0000a124212000a231a120\" class=\"Html-Block\" data-qa-article-content-text data-text-milestone-block>\n<p>\u00ab\u00a0Une exposition dans des saunas \u00e0 pr\u00e9dominance sexuelle positive a \u00e9t\u00e9 signal\u00e9e au m\u00eame moment dans diff\u00e9rentes villes ou pays, de sorte que les contacts sexuels et\/ou l&rsquo;exposition environnementale partag\u00e9e dans des saunas dans un contexte sexuel semblent plausibles comme voie de transmission\u00a0\u00bb, \u00e9crit le RKI.<\/p>\n<\/div>\n<div data-hk=\"0000a124212000a231a130\" class=\"Html-Block\" data-qa-article-content-text data-text-milestone-block>\n<p>Toutefois, d\u2019autres cas \u00e9taient li\u00e9s \u00e0 la pratique de sports de contact ou d\u2019arts martiaux. Des cas li\u00e9s \u00e0 des voyages en Asie du Sud-Est, o\u00f9 le climat est humide, ont \u00e9galement \u00e9t\u00e9 enregistr\u00e9s.<\/p>\n<\/div>\n<aside data-hk=\"0000a124212000a231a14004\" data-qa-ad-slot class=\"Ad-Slot Ad-Slot-mobile Ad-Slot-hor\">\n<div id=\"ad-slot-mobile-hor-5\" data-orientation=\"hor\" data-index=\"5\" data-slot=\"ad-slot\" data-device=\"mobile\"><\/div>\n<\/aside>\n<div data-hk=\"0000a124212000a231a150\" class=\"Html-Block\" data-qa-article-content-text data-text-milestone-block>\n<h2>Risque d\u2019infection \u00ab tr\u00e8s faible \u00bb<\/h2>\n<p>Le risque d\u2019infection pour la population g\u00e9n\u00e9rale est \u00ab tr\u00e8s faible \u00bb, souligne l\u2019ECDC. Les hommes homosexuels et bisexuels ainsi que les autres hommes ayant des rapports sexuels avec des hommes pr\u00e9sentent \u00e9galement g\u00e9n\u00e9ralement un risque \u00ab faible \u00bb. Cependant, pour ceux qui fr\u00e9quentent des \u00e9tablissements o\u00f9 des relations sexuelles ont lieu sur place, le risque d\u2019infection est \u00ab mod\u00e9r\u00e9 \u00bb.<\/p>\n<\/div>\n<aside data-hk=\"0000a124212000a231a16004\" data-qa-ad-slot class=\"Ad-Slot Ad-Slot-desktop Ad-Slot-hor Ad-Slot-FC\">\n<div class=\"Ad-Slot-FC-Container\">\n<div class=\"Ad-Slot-FC-Window\">\n<div id=\"ad-slot-desktop-hor-2\" data-orientation=\"hor\" data-index=\"2\" data-slot=\"ad-slot\" data-device=\"desktop\"><\/div>\n<\/div>\n<\/div>\n<\/aside>\n<div data-hk=\"0000a124212000a231a170\" class=\"Html-Block\" data-qa-article-content-text data-text-milestone-block>\n<p>Pour vous prot\u00e9ger de la dermatophilose, les m\u00e9decins recommandent d&rsquo;utiliser vos propres serviettes propres lorsque vous visitez les saunas. De plus, de tels appareils doivent \u00eatre \u00e9vit\u00e9s dans la zone intime apr\u00e8s un nouveau rasage, car les petites blessures cutan\u00e9es peuvent affaiblir la barri\u00e8re cutan\u00e9e.<\/p>\n<\/div>\n<aside data-hk=\"0000a124212000a231a18004\" data-qa-ad-slot class=\"Ad-Slot Ad-Slot-mobile Ad-Slot-hor\">\n<div id=\"ad-slot-mobile-hor-6\" data-orientation=\"hor\" data-index=\"6\" data-slot=\"ad-slot\" data-device=\"mobile\"><\/div>\n<\/aside>\n<div data-hk=\"0000a124212000a231a190\" class=\"Html-Block\" data-qa-article-content-text data-text-milestone-block>\n<h2>Le traitement repose sur des antibiotiques<\/h2>\n<p>La dermatophilose est trait\u00e9e avec des antibiotiques. Il gu\u00e9rit sans aucune cons\u00e9quence et, selon l\u2019ECDC, il n\u2019y a eu jusqu\u2019\u00e0 pr\u00e9sent aucune complication grave pendant le traitement.<\/p>\n<\/div>\n<div data-hk=\"0000a124212000a231a200\" class=\"Html-Block\" data-qa-article-content-text data-text-milestone-block>\n<p>En Allemagne, selon le RKI, 17 cas ont \u00e9t\u00e9 d\u00e9tect\u00e9s dans un laboratoire berlinois entre d\u00e9cembre 2025 et juin 2026. Les personnes infect\u00e9es sont exclusivement des hommes \u00e2g\u00e9s en moyenne de 45 ans. Les cas se sont produits \u00e0 Berlin et dans le Brandebourg. D\u00e9cembre 2025 \u00e9tait probablement la p\u00e9riode la plus ancienne document\u00e9e \u00e0 ce jour.<\/p>\n<\/div>\n<div data-hk=\"0000a124212000a231a210\" class=\"Article-ReusableText Html-Block\" data-qa-article-reusable-content-text><!--$--><!--\/--><!--$--><!--\/--><\/p>\n<div>\n<h2>Comment configurer FOCUS en ligne comme source pr\u00e9f\u00e9r\u00e9e sur Google<\/h2>\n<p>Souhaitez-vous ajouter FOCUS en ligne comme source pr\u00e9f\u00e9r\u00e9e sur Google\u00a0? Un compte Google est requis pour ce param\u00e8tre. Le param\u00e9trage lui-m\u00eame ne n\u00e9cessite que quelques clics. Ce lien direct vous m\u00e8nera aux param\u00e8tres source de votre compte Google. Nous avons d\u00e9j\u00e0 s\u00e9lectionn\u00e9 FOCUS en ligne pour vous ici &#8211; il vous suffit de cocher la case vous-m\u00eame.<\/p>\n<\/div>\n<\/div>\n<p><!--\/--><br \/>\n<!--$--><br \/>\n<!--\/--><br \/>\n<!--$--><br \/>\n<!--\/--><br \/>\n<!--$--><br \/>\n<!--\/--><\/p>\n","protected":false},"excerpt":{"rendered":"<p>Une infection cutan\u00e9e rare, connue famili\u00e8rement sous le nom de \u00ab pourriture due \u00e0 la<\/p>\n","protected":false},"author":1,"featured_media":19341,"comment_status":"open","ping_status":"","sticky":false,"template":"","format":"standard","meta":{"footnotes":""},"categories":[86],"tags":[1421,3217,159,49,100,4419,10739,10740],"class_list":["post-19340","post","type-post","status-publish","format-standard","has-post-thumbnail","hentry","category-les-maladies","tag-allemagne","tag-due","tag-entre","tag-les","tag-personnes","tag-pluie","tag-pourriture","tag-transmet","generate-columns","tablet-grid-50","mobile-grid-100","grid-parent","grid-50","resize-featured-image"],"yoast_head":"<!-- This site is optimized with the Yoast SEO plugin v23.4 - https:\/\/yoast.com\/wordpress\/plugins\/seo\/ -->\n<title>La \u00ab pourriture due \u00e0 la pluie \u00bb se transmet entre les personnes en Allemagne - RVH-Synergie.org<\/title>\n<meta name=\"robots\" content=\"index, follow, max-snippet:-1, max-image-preview:large, max-video-preview:-1\" \/>\n<link rel=\"canonical\" href=\"https:\/\/rvh-synergie.org\/actualites\/la-pourriture-due-a-la-pluie-se-transmet-entre-les-personnes-en-allemagne\/\" \/>\n<meta property=\"og:locale\" content=\"fr_FR\" \/>\n<meta property=\"og:type\" content=\"article\" \/>\n<meta property=\"og:title\" content=\"La \u00ab pourriture due \u00e0 la pluie \u00bb se transmet entre les personnes en Allemagne - RVH-Synergie.org\" \/>\n<meta property=\"og:description\" content=\"Une infection cutan\u00e9e rare, connue famili\u00e8rement sous le nom de \u00ab pourriture due \u00e0 la\" \/>\n<meta property=\"og:url\" content=\"https:\/\/rvh-synergie.org\/actualites\/la-pourriture-due-a-la-pluie-se-transmet-entre-les-personnes-en-allemagne\/\" \/>\n<meta property=\"og:site_name\" content=\"RVH-Synergie\" \/>\n<meta property=\"article:published_time\" content=\"2026-09-04T16:11:31+00:00\" \/>\n<meta property=\"article:modified_time\" content=\"2026-09-04T16:11:32+00:00\" \/>\n<meta property=\"og:image\" content=\"https:\/\/rvh-synergie.org\/actualites\/wp-content\/uploads\/2026\/09\/La-pourriture-due-a-la-pluie-se-transmet.jpg\" \/>\n\t<meta property=\"og:image:width\" content=\"1200\" \/>\n\t<meta property=\"og:image:height\" content=\"630\" \/>\n\t<meta property=\"og:image:type\" content=\"image\/jpeg\" \/>\n<meta name=\"author\" content=\"Charles Martinez\" \/>\n<meta name=\"twitter:card\" content=\"summary_large_image\" \/>\n<meta name=\"twitter:label1\" content=\"\u00c9crit par\" \/>\n\t<meta name=\"twitter:data1\" content=\"Charles Martinez\" \/>\n\t<meta name=\"twitter:label2\" content=\"Dur\u00e9e de lecture estim\u00e9e\" \/>\n\t<meta name=\"twitter:data2\" content=\"4 minutes\" \/>\n<script type=\"application\/ld+json\" class=\"yoast-schema-graph\">{\"@context\":\"https:\/\/schema.org\",\"@graph\":[{\"@type\":\"Article\",\"@id\":\"https:\/\/rvh-synergie.org\/actualites\/la-pourriture-due-a-la-pluie-se-transmet-entre-les-personnes-en-allemagne\/#article\",\"isPartOf\":{\"@id\":\"https:\/\/rvh-synergie.org\/actualites\/la-pourriture-due-a-la-pluie-se-transmet-entre-les-personnes-en-allemagne\/\"},\"author\":{\"name\":\"Charles Martinez\",\"@id\":\"https:\/\/rvh-synergie.org\/actualites\/#\/schema\/person\/6affb9c7fc596daaea315c8c28318135\"},\"headline\":\"La \u00ab pourriture due \u00e0 la pluie \u00bb se transmet entre les personnes en Allemagne\",\"datePublished\":\"2026-09-04T16:11:31+00:00\",\"dateModified\":\"2026-09-04T16:11:32+00:00\",\"mainEntityOfPage\":{\"@id\":\"https:\/\/rvh-synergie.org\/actualites\/la-pourriture-due-a-la-pluie-se-transmet-entre-les-personnes-en-allemagne\/\"},\"wordCount\":780,\"commentCount\":0,\"publisher\":{\"@id\":\"https:\/\/rvh-synergie.org\/actualites\/#organization\"},\"image\":{\"@id\":\"https:\/\/rvh-synergie.org\/actualites\/la-pourriture-due-a-la-pluie-se-transmet-entre-les-personnes-en-allemagne\/#primaryimage\"},\"thumbnailUrl\":\"https:\/\/rvh-synergie.org\/actualites\/wp-content\/uploads\/2026\/09\/La-pourriture-due-a-la-pluie-se-transmet.jpg\",\"keywords\":[\"Allemagne\",\"due\",\"entre\",\"Les\",\"personnes\",\"pluie\",\"pourriture\",\"transmet\"],\"articleSection\":[\"Les maladies\"],\"inLanguage\":\"fr-FR\",\"potentialAction\":[{\"@type\":\"CommentAction\",\"name\":\"Comment\",\"target\":[\"https:\/\/rvh-synergie.org\/actualites\/la-pourriture-due-a-la-pluie-se-transmet-entre-les-personnes-en-allemagne\/#respond\"]}]},{\"@type\":\"WebPage\",\"@id\":\"https:\/\/rvh-synergie.org\/actualites\/la-pourriture-due-a-la-pluie-se-transmet-entre-les-personnes-en-allemagne\/\",\"url\":\"https:\/\/rvh-synergie.org\/actualites\/la-pourriture-due-a-la-pluie-se-transmet-entre-les-personnes-en-allemagne\/\",\"name\":\"La \u00ab pourriture due \u00e0 la pluie \u00bb se transmet entre les personnes en Allemagne - RVH-Synergie.org\",\"isPartOf\":{\"@id\":\"https:\/\/rvh-synergie.org\/actualites\/#website\"},\"primaryImageOfPage\":{\"@id\":\"https:\/\/rvh-synergie.org\/actualites\/la-pourriture-due-a-la-pluie-se-transmet-entre-les-personnes-en-allemagne\/#primaryimage\"},\"image\":{\"@id\":\"https:\/\/rvh-synergie.org\/actualites\/la-pourriture-due-a-la-pluie-se-transmet-entre-les-personnes-en-allemagne\/#primaryimage\"},\"thumbnailUrl\":\"https:\/\/rvh-synergie.org\/actualites\/wp-content\/uploads\/2026\/09\/La-pourriture-due-a-la-pluie-se-transmet.jpg\",\"datePublished\":\"2026-09-04T16:11:31+00:00\",\"dateModified\":\"2026-09-04T16:11:32+00:00\",\"breadcrumb\":{\"@id\":\"https:\/\/rvh-synergie.org\/actualites\/la-pourriture-due-a-la-pluie-se-transmet-entre-les-personnes-en-allemagne\/#breadcrumb\"},\"inLanguage\":\"fr-FR\",\"potentialAction\":[{\"@type\":\"ReadAction\",\"target\":[\"https:\/\/rvh-synergie.org\/actualites\/la-pourriture-due-a-la-pluie-se-transmet-entre-les-personnes-en-allemagne\/\"]}]},{\"@type\":\"ImageObject\",\"inLanguage\":\"fr-FR\",\"@id\":\"https:\/\/rvh-synergie.org\/actualites\/la-pourriture-due-a-la-pluie-se-transmet-entre-les-personnes-en-allemagne\/#primaryimage\",\"url\":\"https:\/\/rvh-synergie.org\/actualites\/wp-content\/uploads\/2026\/09\/La-pourriture-due-a-la-pluie-se-transmet.jpg\",\"contentUrl\":\"https:\/\/rvh-synergie.org\/actualites\/wp-content\/uploads\/2026\/09\/La-pourriture-due-a-la-pluie-se-transmet.jpg\",\"width\":1200,\"height\":630},{\"@type\":\"BreadcrumbList\",\"@id\":\"https:\/\/rvh-synergie.org\/actualites\/la-pourriture-due-a-la-pluie-se-transmet-entre-les-personnes-en-allemagne\/#breadcrumb\",\"itemListElement\":[{\"@type\":\"ListItem\",\"position\":1,\"name\":\"Accueil\",\"item\":\"https:\/\/rvh-synergie.org\/actualites\/\"},{\"@type\":\"ListItem\",\"position\":2,\"name\":\"La \u00ab pourriture due \u00e0 la pluie \u00bb se transmet entre les personnes en Allemagne\"}]},{\"@type\":\"WebSite\",\"@id\":\"https:\/\/rvh-synergie.org\/actualites\/#website\",\"url\":\"https:\/\/rvh-synergie.org\/actualites\/\",\"name\":\"RVH-Synergie.org\",\"description\":\"RVH-Synergie, site ind\u00e9pendant d&#039;informations sur la prise en charge des addictions.\",\"publisher\":{\"@id\":\"https:\/\/rvh-synergie.org\/actualites\/#organization\"},\"potentialAction\":[{\"@type\":\"SearchAction\",\"target\":{\"@type\":\"EntryPoint\",\"urlTemplate\":\"https:\/\/rvh-synergie.org\/actualites\/?s={search_term_string}\"},\"query-input\":{\"@type\":\"PropertyValueSpecification\",\"valueRequired\":true,\"valueName\":\"search_term_string\"}}],\"inLanguage\":\"fr-FR\"},{\"@type\":\"Organization\",\"@id\":\"https:\/\/rvh-synergie.org\/actualites\/#organization\",\"name\":\"RVH-Synergie.org\",\"url\":\"https:\/\/rvh-synergie.org\/actualites\/\",\"logo\":{\"@type\":\"ImageObject\",\"inLanguage\":\"fr-FR\",\"@id\":\"https:\/\/rvh-synergie.org\/actualites\/#\/schema\/logo\/image\/\",\"url\":\"https:\/\/rvh-synergie.org\/actualites\/wp-content\/uploads\/2024\/09\/favicon.png\",\"contentUrl\":\"https:\/\/rvh-synergie.org\/actualites\/wp-content\/uploads\/2024\/09\/favicon.png\",\"width\":512,\"height\":512,\"caption\":\"RVH-Synergie.org\"},\"image\":{\"@id\":\"https:\/\/rvh-synergie.org\/actualites\/#\/schema\/logo\/image\/\"}},{\"@type\":\"Person\",\"@id\":\"https:\/\/rvh-synergie.org\/actualites\/#\/schema\/person\/6affb9c7fc596daaea315c8c28318135\",\"name\":\"Charles Martinez\",\"image\":{\"@type\":\"ImageObject\",\"inLanguage\":\"fr-FR\",\"@id\":\"https:\/\/rvh-synergie.org\/actualites\/#\/schema\/person\/image\/\",\"url\":\"https:\/\/rvh-synergie.org\/actualites\/wp-content\/uploads\/2024\/09\/charles-martinez-scaled.jpg\",\"contentUrl\":\"https:\/\/rvh-synergie.org\/actualites\/wp-content\/uploads\/2024\/09\/charles-martinez-scaled.jpg\",\"caption\":\"Charles Martinez\"},\"description\":\"Bonjour, je m'appelle Charles Martinez, r\u00e9dacteur passionn\u00e9 pour le m\u00e9dia RVH-synergie.org, d\u00e9di\u00e9 aux addictions et aux maladies. Depuis plus de dix ans, j'explore et rapporte les histoires poignantes des individus confront\u00e9s \u00e0 ces d\u00e9fis, tout en sensibilisant le public aux traitements novateurs et aux progr\u00e8s scientifiques dans ce domaine. Mon engagement r\u00e9side dans l'espoir de cr\u00e9er une communaut\u00e9 inform\u00e9e et empathique, pr\u00eate \u00e0 soutenir ceux qui luttent contre ces \u00e9preuves.\",\"sameAs\":[\"https:\/\/rvh-synergie.org\/\"]}]}<\/script>\n<!-- \/ Yoast SEO plugin. -->","yoast_head_json":{"title":"La \u00ab pourriture due \u00e0 la pluie \u00bb se transmet entre les personnes en Allemagne - RVH-Synergie.org","robots":{"index":"index","follow":"follow","max-snippet":"max-snippet:-1","max-image-preview":"max-image-preview:large","max-video-preview":"max-video-preview:-1"},"canonical":"https:\/\/rvh-synergie.org\/actualites\/la-pourriture-due-a-la-pluie-se-transmet-entre-les-personnes-en-allemagne\/","og_locale":"fr_FR","og_type":"article","og_title":"La \u00ab pourriture due \u00e0 la pluie \u00bb se transmet entre les personnes en Allemagne - RVH-Synergie.org","og_description":"Une infection cutan\u00e9e rare, connue famili\u00e8rement sous le nom de \u00ab pourriture due \u00e0 la","og_url":"https:\/\/rvh-synergie.org\/actualites\/la-pourriture-due-a-la-pluie-se-transmet-entre-les-personnes-en-allemagne\/","og_site_name":"RVH-Synergie","article_published_time":"2026-09-04T16:11:31+00:00","article_modified_time":"2026-09-04T16:11:32+00:00","og_image":[{"width":1200,"height":630,"url":"https:\/\/rvh-synergie.org\/actualites\/wp-content\/uploads\/2026\/09\/La-pourriture-due-a-la-pluie-se-transmet.jpg","type":"image\/jpeg"}],"author":"Charles Martinez","twitter_card":"summary_large_image","twitter_misc":{"\u00c9crit par":"Charles Martinez","Dur\u00e9e de lecture estim\u00e9e":"4 minutes"},"schema":{"@context":"https:\/\/schema.org","@graph":[{"@type":"Article","@id":"https:\/\/rvh-synergie.org\/actualites\/la-pourriture-due-a-la-pluie-se-transmet-entre-les-personnes-en-allemagne\/#article","isPartOf":{"@id":"https:\/\/rvh-synergie.org\/actualites\/la-pourriture-due-a-la-pluie-se-transmet-entre-les-personnes-en-allemagne\/"},"author":{"name":"Charles Martinez","@id":"https:\/\/rvh-synergie.org\/actualites\/#\/schema\/person\/6affb9c7fc596daaea315c8c28318135"},"headline":"La \u00ab pourriture due \u00e0 la pluie \u00bb se transmet entre les personnes en Allemagne","datePublished":"2026-09-04T16:11:31+00:00","dateModified":"2026-09-04T16:11:32+00:00","mainEntityOfPage":{"@id":"https:\/\/rvh-synergie.org\/actualites\/la-pourriture-due-a-la-pluie-se-transmet-entre-les-personnes-en-allemagne\/"},"wordCount":780,"commentCount":0,"publisher":{"@id":"https:\/\/rvh-synergie.org\/actualites\/#organization"},"image":{"@id":"https:\/\/rvh-synergie.org\/actualites\/la-pourriture-due-a-la-pluie-se-transmet-entre-les-personnes-en-allemagne\/#primaryimage"},"thumbnailUrl":"https:\/\/rvh-synergie.org\/actualites\/wp-content\/uploads\/2026\/09\/La-pourriture-due-a-la-pluie-se-transmet.jpg","keywords":["Allemagne","due","entre","Les","personnes","pluie","pourriture","transmet"],"articleSection":["Les maladies"],"inLanguage":"fr-FR","potentialAction":[{"@type":"CommentAction","name":"Comment","target":["https:\/\/rvh-synergie.org\/actualites\/la-pourriture-due-a-la-pluie-se-transmet-entre-les-personnes-en-allemagne\/#respond"]}]},{"@type":"WebPage","@id":"https:\/\/rvh-synergie.org\/actualites\/la-pourriture-due-a-la-pluie-se-transmet-entre-les-personnes-en-allemagne\/","url":"https:\/\/rvh-synergie.org\/actualites\/la-pourriture-due-a-la-pluie-se-transmet-entre-les-personnes-en-allemagne\/","name":"La \u00ab pourriture due \u00e0 la pluie \u00bb se transmet entre les personnes en Allemagne - RVH-Synergie.org","isPartOf":{"@id":"https:\/\/rvh-synergie.org\/actualites\/#website"},"primaryImageOfPage":{"@id":"https:\/\/rvh-synergie.org\/actualites\/la-pourriture-due-a-la-pluie-se-transmet-entre-les-personnes-en-allemagne\/#primaryimage"},"image":{"@id":"https:\/\/rvh-synergie.org\/actualites\/la-pourriture-due-a-la-pluie-se-transmet-entre-les-personnes-en-allemagne\/#primaryimage"},"thumbnailUrl":"https:\/\/rvh-synergie.org\/actualites\/wp-content\/uploads\/2026\/09\/La-pourriture-due-a-la-pluie-se-transmet.jpg","datePublished":"2026-09-04T16:11:31+00:00","dateModified":"2026-09-04T16:11:32+00:00","breadcrumb":{"@id":"https:\/\/rvh-synergie.org\/actualites\/la-pourriture-due-a-la-pluie-se-transmet-entre-les-personnes-en-allemagne\/#breadcrumb"},"inLanguage":"fr-FR","potentialAction":[{"@type":"ReadAction","target":["https:\/\/rvh-synergie.org\/actualites\/la-pourriture-due-a-la-pluie-se-transmet-entre-les-personnes-en-allemagne\/"]}]},{"@type":"ImageObject","inLanguage":"fr-FR","@id":"https:\/\/rvh-synergie.org\/actualites\/la-pourriture-due-a-la-pluie-se-transmet-entre-les-personnes-en-allemagne\/#primaryimage","url":"https:\/\/rvh-synergie.org\/actualites\/wp-content\/uploads\/2026\/09\/La-pourriture-due-a-la-pluie-se-transmet.jpg","contentUrl":"https:\/\/rvh-synergie.org\/actualites\/wp-content\/uploads\/2026\/09\/La-pourriture-due-a-la-pluie-se-transmet.jpg","width":1200,"height":630},{"@type":"BreadcrumbList","@id":"https:\/\/rvh-synergie.org\/actualites\/la-pourriture-due-a-la-pluie-se-transmet-entre-les-personnes-en-allemagne\/#breadcrumb","itemListElement":[{"@type":"ListItem","position":1,"name":"Accueil","item":"https:\/\/rvh-synergie.org\/actualites\/"},{"@type":"ListItem","position":2,"name":"La \u00ab pourriture due \u00e0 la pluie \u00bb se transmet entre les personnes en Allemagne"}]},{"@type":"WebSite","@id":"https:\/\/rvh-synergie.org\/actualites\/#website","url":"https:\/\/rvh-synergie.org\/actualites\/","name":"RVH-Synergie.org","description":"RVH-Synergie, site ind\u00e9pendant d&#039;informations sur la prise en charge des addictions.","publisher":{"@id":"https:\/\/rvh-synergie.org\/actualites\/#organization"},"potentialAction":[{"@type":"SearchAction","target":{"@type":"EntryPoint","urlTemplate":"https:\/\/rvh-synergie.org\/actualites\/?s={search_term_string}"},"query-input":{"@type":"PropertyValueSpecification","valueRequired":true,"valueName":"search_term_string"}}],"inLanguage":"fr-FR"},{"@type":"Organization","@id":"https:\/\/rvh-synergie.org\/actualites\/#organization","name":"RVH-Synergie.org","url":"https:\/\/rvh-synergie.org\/actualites\/","logo":{"@type":"ImageObject","inLanguage":"fr-FR","@id":"https:\/\/rvh-synergie.org\/actualites\/#\/schema\/logo\/image\/","url":"https:\/\/rvh-synergie.org\/actualites\/wp-content\/uploads\/2024\/09\/favicon.png","contentUrl":"https:\/\/rvh-synergie.org\/actualites\/wp-content\/uploads\/2024\/09\/favicon.png","width":512,"height":512,"caption":"RVH-Synergie.org"},"image":{"@id":"https:\/\/rvh-synergie.org\/actualites\/#\/schema\/logo\/image\/"}},{"@type":"Person","@id":"https:\/\/rvh-synergie.org\/actualites\/#\/schema\/person\/6affb9c7fc596daaea315c8c28318135","name":"Charles Martinez","image":{"@type":"ImageObject","inLanguage":"fr-FR","@id":"https:\/\/rvh-synergie.org\/actualites\/#\/schema\/person\/image\/","url":"https:\/\/rvh-synergie.org\/actualites\/wp-content\/uploads\/2024\/09\/charles-martinez-scaled.jpg","contentUrl":"https:\/\/rvh-synergie.org\/actualites\/wp-content\/uploads\/2024\/09\/charles-martinez-scaled.jpg","caption":"Charles Martinez"},"description":"Bonjour, je m'appelle Charles Martinez, r\u00e9dacteur passionn\u00e9 pour le m\u00e9dia RVH-synergie.org, d\u00e9di\u00e9 aux addictions et aux maladies. Depuis plus de dix ans, j'explore et rapporte les histoires poignantes des individus confront\u00e9s \u00e0 ces d\u00e9fis, tout en sensibilisant le public aux traitements novateurs et aux progr\u00e8s scientifiques dans ce domaine. Mon engagement r\u00e9side dans l'espoir de cr\u00e9er une communaut\u00e9 inform\u00e9e et empathique, pr\u00eate \u00e0 soutenir ceux qui luttent contre ces \u00e9preuves.","sameAs":["https:\/\/rvh-synergie.org\/"]}]}},"_links":{"self":[{"href":"https:\/\/rvh-synergie.org\/actualites\/wp-json\/wp\/v2\/posts\/19340","targetHints":{"allow":["GET"]}}],"collection":[{"href":"https:\/\/rvh-synergie.org\/actualites\/wp-json\/wp\/v2\/posts"}],"about":[{"href":"https:\/\/rvh-synergie.org\/actualites\/wp-json\/wp\/v2\/types\/post"}],"author":[{"embeddable":true,"href":"https:\/\/rvh-synergie.org\/actualites\/wp-json\/wp\/v2\/users\/1"}],"replies":[{"embeddable":true,"href":"https:\/\/rvh-synergie.org\/actualites\/wp-json\/wp\/v2\/comments?post=19340"}],"version-history":[{"count":1,"href":"https:\/\/rvh-synergie.org\/actualites\/wp-json\/wp\/v2\/posts\/19340\/revisions"}],"predecessor-version":[{"id":19342,"href":"https:\/\/rvh-synergie.org\/actualites\/wp-json\/wp\/v2\/posts\/19340\/revisions\/19342"}],"wp:featuredmedia":[{"embeddable":true,"href":"https:\/\/rvh-synergie.org\/actualites\/wp-json\/wp\/v2\/media\/19341"}],"wp:attachment":[{"href":"https:\/\/rvh-synergie.org\/actualites\/wp-json\/wp\/v2\/media?parent=19340"}],"wp:term":[{"taxonomy":"category","embeddable":true,"href":"https:\/\/rvh-synergie.org\/actualites\/wp-json\/wp\/v2\/categories?post=19340"},{"taxonomy":"post_tag","embeddable":true,"href":"https:\/\/rvh-synergie.org\/actualites\/wp-json\/wp\/v2\/tags?post=19340"}],"curies":[{"name":"wp","href":"https:\/\/api.w.org\/{rel}","templated":true}]}}