{"id":19327,"date":"2026-09-04T05:11:47","date_gmt":"2026-09-04T03:11:47","guid":{"rendered":"https:\/\/rvh-synergie.org\/actualites\/les-plans-de-lafd-pour-la-saxe-anhalt-leducation-serait-une-question-de-chance\/"},"modified":"2026-09-04T05:11:47","modified_gmt":"2026-09-04T03:11:47","slug":"les-plans-de-lafd-pour-la-saxe-anhalt-leducation-serait-une-question-de-chance","status":"publish","type":"post","link":"https:\/\/rvh-synergie.org\/actualites\/les-plans-de-lafd-pour-la-saxe-anhalt-leducation-serait-une-question-de-chance\/","title":{"rendered":"Les plans de l\u2019AfD pour la Saxe-Anhalt : \u00ab L\u2019\u00e9ducation serait une question de chance \u00bb"},"content":{"rendered":"<p><!--$--><br \/>\n<!--\/--><br \/>\n<!--$--><\/p>\n<div data-hk=\"0000a124212000a23100\" class=\"Html-Block\" data-qa-article-content-text data-text-milestone-block>\n<p>Quiconque traverse la Saxe-Anhalt ces jours-ci arrive<strong> <\/strong>\u00e0 peu pr\u00e8s s\u00fbr<strong> <\/strong>anciennes affiches \u00e9lectorales bleues. \u00ab Faire le plein sans larmes \u00bb, \u00ab R\u00e9compenser les travailleurs \u00bb ou, plus path\u00e9tique : \u00ab Tout est possible \u00bb. L&rsquo;AfD le promet peu avant les \u00e9lections r\u00e9gionales du 6 septembre.<\/p>\n<\/div>\n<div data-hk=\"0000a124212000a23110\" class=\"Html-Block\" data-qa-article-content-text data-text-milestone-block>\n<p>Les id\u00e9es du parti sont contenues plus en d\u00e9tail dans le \u00ab programme du gouvernement \u00bb. Il fait 258 pages et contient plus d&rsquo;une centaine de mesures, dont certaines co\u00fbteuses, que l&rsquo;AfD souhaite mettre en \u0153uvre en Saxe-Anhalt si elle arrive au pouvoir.<\/p>\n<\/div>\n<aside data-hk=\"0000a124212000a2312004\" data-qa-ad-slot class=\"Ad-Slot Ad-Slot-mobile Ad-Slot-hor Ad-Slot-FC\">\n<div class=\"Ad-Slot-FC-Container\">\n<div class=\"Ad-Slot-FC-Window\">\n<div id=\"ad-slot-mobile-hor-2\" data-orientation=\"hor\" data-index=\"2\" data-slot=\"ad-slot\" data-device=\"mobile\"><\/div>\n<\/div>\n<\/div>\n<\/aside>\n<div data-hk=\"0000a124212000a23130\" class=\"Html-Block\" data-qa-article-content-text data-text-milestone-block>\n<p>Les th\u00e8mes de la migration, de l\u2019\u00e9ducation, de la culture et de l\u2019\u00e9conomie fa\u00e7onnent particuli\u00e8rement le d\u00e9bat public. Selon une enqu\u00eate r\u00e9alis\u00e9e en juillet par Infratest dimap, les habitants de Saxe-Anhalt consid\u00e8rent que c&rsquo;est dans ces domaines que l&rsquo;\u00c9tat est le plus confront\u00e9.<\/p>\n<\/div>\n<div data-hk=\"0000a124212000a23140\" class=\"Html-Block\" data-qa-article-content-text data-text-milestone-block>\n<h2>L\u2019AfD veut changer cela en Saxe-Anhalt<\/h2>\n<p>Le programme gouvernemental de l\u2019AfD contient \u00e9galement des exigences cl\u00e9s en mati\u00e8re de migration, d\u2019\u00e9ducation et d\u2019\u00e9conomie. Roger St\u00f6cker, politologue \u00e0 l&rsquo;universit\u00e9 Otto von Guericke de Magdebourg, d\u00e9crit le catalogue de mesures dans une interview accord\u00e9e \u00e0 FOCUS en ligne comme un \u00ab recueil de d\u00e9clarations de guerre et de rupture de tabous \u00bb.<\/p>\n<\/div>\n<aside data-hk=\"0000a124212000a2315004\" data-qa-ad-slot class=\"Ad-Slot Ad-Slot-mobile Ad-Slot-out\">\n<div id=\"ad-slot-mobile-out-1\" data-orientation=\"out\" data-index=\"1\" data-slot=\"ad-slot\" data-device=\"mobile\"><\/div>\n<\/aside>\n<div data-hk=\"0000a124212000a23160\" class=\"Html-Block\" data-qa-article-content-text data-text-milestone-block>\n<p>L&rsquo;AfD se positionne clairement \u00e0 droite de la CDU, a d\u00e9clar\u00e9 St\u00f6cker. \u00ab Si certaines revendications semblent plut\u00f4t inoffensives, d\u2019autres atteindraient rapidement les limites de la loi actuelle. \u00bb<\/p>\n<\/div>\n<div data-hk=\"0000a124212000a23170\" class=\"Html-Block\" data-qa-article-content-text data-text-milestone-block>\n<h2>\u00c9cole et \u00e9ducation<\/h2>\n<p>L\u2019AfD pourrait beaucoup changer, notamment dans le secteur scolaire. L&rsquo;\u00e9ducation est l&rsquo;une des comp\u00e9tences centrales d&rsquo;un gouvernement d&rsquo;\u00c9tat. Il peut par exemple concevoir des programmes, influencer la planification du personnel dans les \u00e9coles et d\u00e9terminer les conditions-cadres des examens.<\/p>\n<\/div>\n<aside data-hk=\"0000a124212000a2318004\" data-qa-ad-slot class=\"Ad-Slot Ad-Slot-mobile Ad-Slot-hor\">\n<div id=\"ad-slot-mobile-hor-3\" data-orientation=\"hor\" data-index=\"3\" data-slot=\"ad-slot\" data-device=\"mobile\"><\/div>\n<\/aside>\n<div data-hk=\"0000a124212000a23190\" class=\"Ad-Carousel mb-xl row\">\n<div data-hk=\"0000a124212000a231910\" class=\"col-lg-4\">\n<div data-hk=\"0000a124212000a231911004\" data-qa-ad-slot class=\"Ad-Slot Ad-Slot-desktop Ad-Slot-ver\" role=\"region\" aria-label=\"Anzeige 1\">\n<div id=\"ad-slot-desktop-ver-1\" data-orientation=\"ver\" data-index=\"1\" data-slot=\"ad-slot\" data-device=\"desktop\"><\/div>\n<\/div>\n<\/div>\n<div data-hk=\"0000a124212000a231912\" class=\"col-lg-4\">\n<aside data-hk=\"0000a124212000a231913004\" data-qa-ad-slot class=\"Ad-Slot Ad-Slot-desktop Ad-Slot-ver Ad-Slot-FC\">\n<div class=\"Ad-Slot-FC-Container\">\n<div class=\"Ad-Slot-FC-Window\">\n<div id=\"ad-slot-desktop-ver-2\" data-orientation=\"ver\" data-index=\"2\" data-slot=\"ad-slot\" data-device=\"desktop\"><\/div>\n<\/div>\n<\/div>\n<\/aside>\n<\/div>\n<div data-hk=\"0000a124212000a231914\" class=\"col-lg-4\">\n<div data-hk=\"0000a124212000a231915004\" data-qa-ad-slot class=\"Ad-Slot Ad-Slot-desktop Ad-Slot-ver\" role=\"region\" aria-label=\"Anzeige 3\">\n<div id=\"ad-slot-desktop-ver-3\" data-orientation=\"ver\" data-index=\"3\" data-slot=\"ad-slot\" data-device=\"desktop\"><\/div>\n<\/div>\n<\/div>\n<\/div>\n<div data-hk=\"0000a124212000a231a100\" class=\"Html-Block\" data-qa-article-content-text data-text-milestone-block>\n<p>\u00ab\u00a0En principe, l&rsquo;AfD veut penser l&rsquo;\u00e9cole d&rsquo;une mani\u00e8re compl\u00e8tement diff\u00e9rente : avec des classes s\u00e9par\u00e9es pour les enfants r\u00e9fugi\u00e9s, une exigence de neutralit\u00e9 plus stricte pour les enseignants et plus de patriotisme\u00a0\u00bb, explique St\u00f6cker. Par exemple, le programme gouvernemental stipule : \u00ab L\u2019enseignant doit mod\u00e9rer les expressions d\u2019opinion des \u00e9l\u00e8ves, mais ne pas participer \u00e0 la discussion avec sa propre opinion. \u00bb<\/p>\n<\/div>\n<div data-hk=\"0000a124212000a231a110\" class=\"Html-Block\" data-qa-article-content-text data-text-milestone-block>\n<p>L&rsquo;AfD veut interdire les drapeaux arc-en-ciel dans les \u00e9coles. \u00ab\u00a0L&rsquo;\u00e9cole doit plut\u00f4t offrir aux enfants une famille normale compos\u00e9e d&rsquo;un homme et d&rsquo;une femme, de laquelle les enfants \u00e9mergent, comme mod\u00e8le\u00a0\u00bb, dit le programme. Les cours de russe doivent \u00eatre \u00e9tendus en Saxe-Anhalt. De mani\u00e8re g\u00e9n\u00e9rale, le parti souhaite construire de meilleures relations avec la Russie.<\/p>\n<\/div>\n<aside data-hk=\"0000a124212000a231a12004\" data-qa-ad-slot class=\"Ad-Slot Ad-Slot-mobile Ad-Slot-hor\">\n<div id=\"ad-slot-mobile-hor-4\" data-orientation=\"hor\" data-index=\"4\" data-slot=\"ad-slot\" data-device=\"mobile\"><\/div>\n<\/aside>\n<div data-hk=\"0000a124212000a231a130\" class=\"Html-Block\" data-qa-article-content-text data-text-milestone-block>\n<p>D&rsquo;une part, les classes de r\u00e9fugi\u00e9s abord\u00e9es visent \u00e0 faire comprendre que le s\u00e9jour des enfants en Allemagne est \u00ab temporaire \u00bb. \u00ab\u00a0Les enseignants de ces classes devraient donc, si possible, \u00eatre recrut\u00e9s parmi les r\u00e9fugi\u00e9s\u00a0\u00bb, \u00e9crit l&rsquo;AfD.<\/p>\n<\/div>\n<div data-hk=\"0000a124212000a231a140\" class=\"mb-lg\">\n<div data-hk=\"0000a124212000a231a1412\" data-qa-article-image class=\"Article-Image\">\n<figure data-hk=\"0000a124212000a231a141300\" class=\"Article-Content-Figure\"><!--$--><!--\/--><!--$--><\/p>\n<div data-hk=\"0000a124212000a231a1413020000\" class=\"Image-Container\" data-qa-image-container><\/div>\n<p><!--\/--><!--$--><figcaption data-hk=\"0000a124212000a231a1413030\" class=\"Article-Content-Figcaption\"><span data-hk=\"0000a124212000a231a141000\" data-qa-image-caption class=\"Image-Caption\"> <!--$-->Un gouvernement d\u2019\u00c9tat AfD disposerait de nombreuses options de conception, en particulier dans le secteur de l\u2019\u00e9ducation.<!--\/--> <\/span><span data-hk=\"0000a124212000a231a141100\" data-qa-image-credit class=\"Image-Credit\"> <!--$-->IMAGO \/ Steffen Schellhorn<!--\/--> <!--$--><!--\/--><\/span><\/figcaption><!--\/--><\/figure>\n<\/div>\n<\/div>\n<div data-hk=\"0000a124212000a231a150\" class=\"Html-Block\" data-qa-article-content-text data-text-milestone-block>\n<p>Cela signifie : un gouvernement de l\u2019AfD ne planifierait gu\u00e8re l\u2019int\u00e9gration \u00e0 long terme des enfants r\u00e9fugi\u00e9s. Et l&rsquo;image de la famille que l&rsquo;on enseignerait aux jeunes dans les \u00e9coles de Saxe-Anhalt exclurait les formes alternatives de coexistence, comme les relations homosexuelles.<\/p>\n<\/div>\n<aside data-hk=\"0000a124212000a231a16004\" data-qa-ad-slot class=\"Ad-Slot Ad-Slot-mobile Ad-Slot-hor\">\n<div id=\"ad-slot-mobile-hor-5\" data-orientation=\"hor\" data-index=\"5\" data-slot=\"ad-slot\" data-device=\"mobile\"><\/div>\n<\/aside>\n<div data-hk=\"0000a124212000a231a170\" class=\"Html-Block\" data-qa-article-content-text data-text-milestone-block>\n<p>L\u2019AfD ne veut pas seulement modifier le contenu de l\u2019enseignement dans le Land d\u2019Allemagne de l\u2019Est. Elle pr\u00f4ne \u00e9galement une \u00ab libert\u00e9 de choix entre l\u2019\u00e9cole et l\u2019enseignement \u00e0 domicile \u00bb. La scolarit\u00e9 obligatoire devrait \u00eatre abolie sous sa forme actuelle. St\u00f6cker trouve cette exigence dangereuse.<\/p>\n<\/div>\n<aside data-hk=\"0000a124212000a231a18004\" data-qa-ad-slot class=\"Ad-Slot Ad-Slot-desktop Ad-Slot-hor Ad-Slot-FC\">\n<div class=\"Ad-Slot-FC-Container\">\n<div class=\"Ad-Slot-FC-Window\">\n<div id=\"ad-slot-desktop-hor-2\" data-orientation=\"hor\" data-index=\"2\" data-slot=\"ad-slot\" data-device=\"desktop\"><\/div>\n<\/div>\n<\/div>\n<\/aside>\n<div data-hk=\"0000a124212000a231a190\" class=\"Html-Block\" data-qa-article-content-text data-text-milestone-block>\n<p>Il dit : \u00ab\u00a0Avec tous les probl\u00e8mes que conna\u00eet actuellement le syst\u00e8me \u00e9ducatif, les normes de qualit\u00e9 dans le secteur domestique seraient davantage une loterie didactique sans garantie de faits. La qualit\u00e9 de l&rsquo;\u00e9ducation deviendrait une question de chance &#8211; en fonction du foyer parental dans lequel l&rsquo;enfant na\u00eet.\u00a0\u00bb<\/p>\n<\/div>\n<aside data-hk=\"0000a124212000a231a20004\" data-qa-ad-slot class=\"Ad-Slot Ad-Slot-mobile Ad-Slot-hor\">\n<div id=\"ad-slot-mobile-hor-6\" data-orientation=\"hor\" data-index=\"6\" data-slot=\"ad-slot\" data-device=\"mobile\"><\/div>\n<\/aside>\n<div data-hk=\"0000a124212000a231a210\" class=\"Html-Block\" data-qa-article-content-text data-text-milestone-block>\n<h2>Risques et limites dans les exigences scolaires<\/h2>\n<p>Stefan Marschall, professeur de sciences politiques \u00e0 l&rsquo;universit\u00e9 Heinrich Heine de D\u00fcsseldorf, critique \u00e9galement l&rsquo;annonce de l&rsquo;AfD concernant la fr\u00e9quentation scolaire obligatoire. \u00ab La scolarit\u00e9 obligatoire est r\u00e9glement\u00e9e par la loi scolaire de l\u2019\u00c9tat et inscrite dans la constitution \u00bb, explique-t-il en ligne \u00e0 FOCUS.<\/p>\n<\/div>\n<div data-hk=\"0000a124212000a231a220\" class=\"Html-Block\" data-qa-article-content-text data-text-milestone-block>\n<p>\u00ab\u00a0Un assouplissement fondamental ne serait donc pas seulement une question de majorit\u00e9s politiques, mais devrait \u00e9galement r\u00e9pondre aux exigences constitutionnelles.\u00a0\u00bb Les changements dans le syst\u00e8me scolaire et les types d\u2019\u00e9coles, comme le souhaite le parti, prendraient \u00e9galement du temps.<\/p>\n<\/div>\n<aside data-hk=\"0000a124212000a231a23004\" data-qa-ad-slot class=\"Ad-Slot Ad-Slot-mobile Ad-Slot-hor\">\n<div id=\"ad-slot-mobile-hor-7\" data-orientation=\"hor\" data-index=\"7\" data-slot=\"ad-slot\" data-device=\"mobile\"><\/div>\n<\/aside>\n<div data-hk=\"0000a124212000a231a240\" class=\"Html-Block\" data-qa-article-content-text data-text-milestone-block>\n<p>Son coll\u00e8gue St\u00f6cker estime \u00e9galement que l&rsquo;\u00e9ventuel exode des jeunes enseignants est risqu\u00e9. Les nouvelles normes de la politique \u00e9ducative pourraient vous d\u00e9ranger. Ils pourraient \u00e9ventuellement effectuer leur stage juridique en dehors de la Saxe-Anhalt. \u00ab\u00a0Cela aggraverait consid\u00e9rablement la p\u00e9nurie d&rsquo;enseignants\u00a0\u00bb, a d\u00e9clar\u00e9 le politologue de Magdebourg.<\/p>\n<\/div>\n<div data-hk=\"0000a124212000a231a250\" class=\"Html-Block\" data-qa-article-content-text data-text-milestone-block>\n<h2>Sciences et universit\u00e9s<\/h2>\n<p>L&rsquo;AfD veut \u00e9galement transformer le secteur scientifique en Saxe-Anhalt. Le programme gouvernemental d\u00e9clare : \u00ab Nous bannirons la politique de la science, abolirons tous les quotas et discriminations non scientifiques, restaurerons une v\u00e9ritable libert\u00e9 acad\u00e9mique, r\u00e9introduirons les programmes d\u2019\u00e9tudes et les dipl\u00f4mes allemands et repousserons le genre non scientifique. \u00bb<\/p>\n<\/div>\n<aside data-hk=\"0000a124212000a231a26004\" data-qa-ad-slot class=\"Ad-Slot Ad-Slot-mobile Ad-Slot-hor\">\n<div id=\"ad-slot-mobile-hor-8\" data-orientation=\"hor\" data-index=\"8\" data-slot=\"ad-slot\" data-device=\"mobile\"><\/div>\n<\/aside>\n<aside data-hk=\"0000a124212000a231a27004\" data-qa-ad-slot class=\"Ad-Slot Ad-Slot-desktop Ad-Slot-out\">\n<div id=\"ad-slot-desktop-out-1\" data-orientation=\"out\" data-index=\"1\" data-slot=\"ad-slot\" data-device=\"desktop\"><\/div>\n<\/aside>\n<div data-hk=\"0000a124212000a231a280\" class=\"Html-Block\" data-qa-article-content-text data-text-milestone-block>\n<p>L&rsquo;AfD de Saxe-Anhalt souhaite abolir le syst\u00e8me de Bologne, qui comprend des dipl\u00f4mes de licence et de master et vise \u00e0 rendre les programmes d&rsquo;\u00e9tudes plus comparables en Europe. St\u00f6cker estime \u00e9galement que le syst\u00e8me pr\u00e9sente des lacunes. La critique touche un \u00ab point faible \u00bb, dit-il.<\/p>\n<\/div>\n<div data-hk=\"0000a124212000a231a290\" class=\"Html-Block\" data-qa-article-content-text data-text-milestone-block>\n<p>\u00ab Dans la chasse aux points de cr\u00e9dit \u00bb, la motivation pour l\u2019approfondissement spirituel est \u00ab en grande partie perdue \u00bb. Mais le politologue estime \u00e9galement que l&rsquo;abolition du syst\u00e8me de Bologne entra\u00eenerait le risque d&rsquo;un \u00ab isolement scientifique \u00bb.<\/p>\n<\/div>\n<aside data-hk=\"0000a124212000a231a30004\" data-qa-ad-slot class=\"Ad-Slot Ad-Slot-mobile Ad-Slot-hor\">\n<div id=\"ad-slot-mobile-hor-9\" data-orientation=\"hor\" data-index=\"9\" data-slot=\"ad-slot\" data-device=\"mobile\"><\/div>\n<\/aside>\n<div data-hk=\"0000a124212000a231a310\" class=\"Html-Block\" data-qa-article-content-text data-text-milestone-block>\n<p>Apr\u00e8s tout, cela devrait permettre aux \u00e9tudiants d\u2019\u00e9tudier plus facilement dans des universit\u00e9s d\u2019autres pays europ\u00e9ens. Les points ECTS sont utilis\u00e9s pour enregistrer l\u2019effort d\u2019\u00e9tudes de mani\u00e8re comparable \u00e0 travers l\u2019Europe. \u00ab\u00a0Sinon, de nombreuses id\u00e9es porteraient atteinte \u00e0 la libert\u00e9 scientifique inscrite dans la Loi fondamentale. Ces affaires deviendraient alors davantage d&rsquo;affaires port\u00e9es devant les tribunaux.\u00a0\u00bb<\/p>\n<\/div>\n<div data-hk=\"0000a124212000a231a320\" class=\"Html-Block\" data-qa-article-content-text data-text-milestone-block>\n<p>Marschall estime que le d\u00e9mant\u00e8lement des structures de Bologne pourrait r\u00e9duire l&rsquo;attractivit\u00e9 de la Saxe-Anhalt en tant que site universitaire, tant \u00e0 l&rsquo;int\u00e9rieur qu&rsquo;\u00e0 l&rsquo;ext\u00e9rieur.<\/p>\n<\/div>\n<aside data-hk=\"0000a124212000a231a33004\" data-qa-ad-slot class=\"Ad-Slot Ad-Slot-mobile Ad-Slot-hor\">\n<div id=\"ad-slot-mobile-hor-10\" data-orientation=\"hor\" data-index=\"10\" data-slot=\"ad-slot\" data-device=\"mobile\"><\/div>\n<\/aside>\n<div data-hk=\"0000a124212000a231a340\" class=\"Html-Block\" data-qa-article-content-text data-text-milestone-block>\n<h2>Migration, asile et s\u00e9curit\u00e9 int\u00e9rieure<\/h2>\n<p>Il est bien connu que l\u2019AfD de Saxe-Anhalt est favorable \u00e0 une politique de migration et d\u2019asile beaucoup plus stricte. C\u2019est \u00e9galement le th\u00e8me central du plan dit des 100 jours, dans lequel le parti \u00e9num\u00e8re ce qu\u2019il souhaite changer \u00ab imm\u00e9diatement \u00bb dans l\u2019\u00c9tat de l\u2019Allemagne de l\u2019Est s\u2019il rel\u00e8ve de la responsabilit\u00e9 gouvernementale.<\/p>\n<\/div>\n<aside data-hk=\"0000a124212000a231a35004\" data-qa-ad-slot class=\"Ad-Slot Ad-Slot-desktop Ad-Slot-hor\">\n<div id=\"ad-slot-desktop-hor-3\" data-orientation=\"hor\" data-index=\"3\" data-slot=\"ad-slot\" data-device=\"desktop\"><\/div>\n<\/aside>\n<div data-hk=\"0000a124212000a231a360\" class=\"Html-Block\" data-qa-article-content-text data-text-milestone-block>\n<p>Dans le programme gouvernemental de l&rsquo;AfD pour la Saxe-Anhalt, \u00ab Immigration et remigration \u00bb constitue le chapitre le plus complet avec 43 sous-\u00e9l\u00e9ments.<\/p>\n<\/div>\n<aside data-hk=\"0000a124212000a231a37004\" data-qa-ad-slot class=\"Ad-Slot Ad-Slot-mobile Ad-Slot-hor\">\n<div id=\"ad-slot-mobile-hor-11\" data-orientation=\"hor\" data-index=\"11\" data-slot=\"ad-slot\" data-device=\"mobile\"><\/div>\n<\/aside>\n<div data-hk=\"0000a124212000a231a380\" class=\"Html-Block\" data-qa-article-content-text data-text-milestone-block>\n<p>Il dit notamment : \u00ab\u00a0Un gouvernement du Land dirig\u00e9 par l&rsquo;AfD travaillera au Bundesrat pour garantir que les contr\u00f4les aux fronti\u00e8res allemandes soient massivement renforc\u00e9s et que les immigr\u00e9s ill\u00e9gaux sans droit d&rsquo;asile soient rejet\u00e9s sans exception.\u00a0\u00bb On parle \u00e9galement de diverses id\u00e9es et offensives de remigration. Selon ses propres d\u00e9clarations, le parti souhaite supprimer le droit fondamental d&rsquo;asile \u2013 dans le cadre d&rsquo;une \u00ab initiative du Conseil f\u00e9d\u00e9ral \u00bb.<\/p>\n<\/div>\n<aside data-hk=\"0000a124212000a231a39004\" data-qa-ad-slot class=\"Ad-Slot Ad-Slot-mobile Ad-Slot-hor\">\n<div id=\"ad-slot-mobile-hor-12\" data-orientation=\"hor\" data-index=\"12\" data-slot=\"ad-slot\" data-device=\"mobile\"><\/div>\n<\/aside>\n<div data-hk=\"0000a124212000a231a400\" class=\"mb-lg\">\n<div data-hk=\"0000a124212000a231a4012\" data-qa-article-image class=\"Article-Image\">\n<figure data-hk=\"0000a124212000a231a401300\" class=\"Article-Content-Figure\"><!--$--><!--\/--><!--$--><\/p>\n<div data-hk=\"0000a124212000a231a4013020000\" class=\"Image-Container\" data-qa-image-container><img decoding=\"async\" data-hk=\"0000a124212000a231a40130200010\" class=\"Lazy-Image Lazy-Image--Loading\" loading=\"lazy\" srcset=\"https:\/\/quadro.burda-forward.de\/ctf\/10ef43b9-b0f6-474a-937b-e589d5b85649.9bd82b4f-e445-4693-b925-9365aac3d77c.jpg?im=RegionOfInterestCrop=(320,213),regionOfInterest=(2367,914)&amp;hash=a3a48fce7efb0b65cbd10a34b7a0c4aa1c200c8044e3a61ad8ae228d0480ac65 320w, https:\/\/quadro.burda-forward.de\/ctf\/10ef43b9-b0f6-474a-937b-e589d5b85649.9bd82b4f-e445-4693-b925-9365aac3d77c.jpg?im=RegionOfInterestCrop=(570,380),regionOfInterest=(2367,914)&amp;hash=386d6eb347b59f05110c3c8c77d971e3a281deb0005c64dac73b0a2ab0b0f920 570w, https:\/\/quadro.burda-forward.de\/ctf\/10ef43b9-b0f6-474a-937b-e589d5b85649.9bd82b4f-e445-4693-b925-9365aac3d77c.jpg?im=RegionOfInterestCrop=(640,427),regionOfInterest=(2367,914)&amp;hash=e74d3aa4bfc4e1c40266b9223ea1411ea73a071add728c07753d8a7e2ec4f169 640w, https:\/\/quadro.burda-forward.de\/ctf\/10ef43b9-b0f6-474a-937b-e589d5b85649.9bd82b4f-e445-4693-b925-9365aac3d77c.jpg?im=RegionOfInterestCrop=(780,520),regionOfInterest=(2367,914)&amp;hash=fca38bcbd29d89a3a1c4ce2d7c8929e9309305e455c3b13e5143b52ac8a6ee74 780w, https:\/\/quadro.burda-forward.de\/ctf\/10ef43b9-b0f6-474a-937b-e589d5b85649.9bd82b4f-e445-4693-b925-9365aac3d77c.jpg?im=RegionOfInterestCrop=(992,661),regionOfInterest=(2367,914)&amp;hash=4d79b0a520a5a0e0de61f61a0400926dc1242c5869337971c2e60a6e15e2c31a 992w, https:\/\/quadro.burda-forward.de\/ctf\/10ef43b9-b0f6-474a-937b-e589d5b85649.9bd82b4f-e445-4693-b925-9365aac3d77c.jpg?im=RegionOfInterestCrop=(1140,760),regionOfInterest=(2367,914)&amp;hash=3e8eec367f1e2b7683df4d9bb32e48c806b4f608bce7a318f187380b03e31713 1140w, https:\/\/quadro.burda-forward.de\/ctf\/10ef43b9-b0f6-474a-937b-e589d5b85649.9bd82b4f-e445-4693-b925-9365aac3d77c.jpg?im=RegionOfInterestCrop=(1560,1040),regionOfInterest=(2367,914)&amp;hash=eeccb405b7eaddb8713e4affc593721c7c54d59c32d3a0419dfcdaba89248ddb 1560w, https:\/\/quadro.burda-forward.de\/ctf\/10ef43b9-b0f6-474a-937b-e589d5b85649.9bd82b4f-e445-4693-b925-9365aac3d77c.jpg?im=RegionOfInterestCrop=(1680,1120),regionOfInterest=(2367,914)&amp;hash=d52eb3bed80c12138087bc99c856efba3c7f42e288e41bb6452d1eec44c71c1f 1680w, https:\/\/quadro.burda-forward.de\/ctf\/10ef43b9-b0f6-474a-937b-e589d5b85649.9bd82b4f-e445-4693-b925-9365aac3d77c.jpg?im=RegionOfInterestCrop=(1984,1323),regionOfInterest=(2367,914)&amp;hash=cdecb21e358d61795dc1ea34c585dc14b7096849adba90b24998a3d18cd6c20a 1984w, https:\/\/quadro.burda-forward.de\/ctf\/10ef43b9-b0f6-474a-937b-e589d5b85649.9bd82b4f-e445-4693-b925-9365aac3d77c.jpg?im=RegionOfInterestCrop=(3360,2240),regionOfInterest=(2367,914)&amp;hash=70c0d530a08cbca75b3fb4de03176db703195b702d79ee7e0fea3ef803dc8273 3360w\" src=\"https:\/\/quadro.burda-forward.de\/ctf\/10ef43b9-b0f6-474a-937b-e589d5b85649.9bd82b4f-e445-4693-b925-9365aac3d77c.jpg?im=RegionOfInterestCrop=(1080,720),regionOfInterest=(2367,914)&amp;hash=88dc13cd728ce4a3fcd40de39d00bfb5aba3f4df938d0d24900f3389f62e2289\" sizes=\"auto, (max-width: 768px) calc(100vw - 1rem), (max-width: 992px) calc(((100vw - 1rem) \/ 3 * 2) - 1rem), calc(((1200px - 1rem) \/ 3 * 2) - 1rem)\" alt=\"Asile Saxe-Anhalt\" width=\"1080\" height=\"720\"><\/div>\n<p><!--\/--><!--$--><figcaption data-hk=\"0000a124212000a231a4013030\" class=\"Article-Content-Figcaption\"><span data-hk=\"0000a124212000a231a401000\" data-qa-image-caption class=\"Image-Caption\"> <!--$-->Dans son programme gouvernemental pour la Saxe-Anhalt, l\u2019AfD appelle \u00e0 des politiques de migration et d\u2019asile plus strictes.<!--\/--> <\/span><span data-hk=\"0000a124212000a231a401100\" data-qa-image-credit class=\"Image-Credit\"> <!--$-->IMAGO \/ Christian Grube<!--\/--> <!--$--><!--\/--><\/span><\/figcaption><!--\/--><\/figure>\n<\/div>\n<\/div>\n<div data-hk=\"0000a124212000a231a410\" class=\"Html-Block\" data-qa-article-content-text data-text-milestone-block>\n<p>St\u00f6cker est particuli\u00e8rement critique sur ce dernier point. \u00ab\u00a0Le droit fondamental \u00e0 l&rsquo;asile ne peut pas \u00eatre aboli par un minist\u00e8re de Magdebourg. Pour parvenir \u00e0 des changements fondamentaux, il faudrait des majorit\u00e9s au niveau national\u00a0\u00bb, dit-il. Ils ne sont actuellement pas disponibles.<\/p>\n<\/div>\n<div data-hk=\"0000a124212000a231a420\" class=\"Html-Block\" data-qa-article-content-text data-text-milestone-block>\n<p>Marschall est \u00e9galement sceptique quant au chapitre \u00ab immigration et remigration \u00bb du programme gouvernemental de l\u2019AfD. \u00ab\u00a0Les propositions dans le domaine de l&rsquo;asile et de la migration vont tr\u00e8s loin. Une grande partie \u00e9chappe \u00e0 la comp\u00e9tence d&rsquo;un \u00c9tat. En particulier, le droit d&rsquo;asile et de s\u00e9jour est essentiellement r\u00e9glement\u00e9 au niveau f\u00e9d\u00e9ral\u00a0\u00bb, dit-il.<\/p>\n<\/div>\n<aside data-hk=\"0000a124212000a231a43004\" data-qa-ad-slot class=\"Ad-Slot Ad-Slot-mobile Ad-Slot-hor\">\n<div id=\"ad-slot-mobile-hor-13\" data-orientation=\"hor\" data-index=\"13\" data-slot=\"ad-slot\" data-device=\"mobile\"><\/div>\n<\/aside>\n<div data-hk=\"0000a124212000a231a440\" class=\"Html-Block\" data-qa-article-content-text data-text-milestone-block>\n<p>Le gouvernement d&rsquo;un Land pourrait initier des changements dans ces domaines en premier lieu par l&rsquo;interm\u00e9diaire du Conseil f\u00e9d\u00e9ral. \u00ab\u00a0La situation est diff\u00e9rente lorsqu&rsquo;il s&rsquo;agit de faire respecter le droit de s\u00e9jour et d&rsquo;expulsions\u00a0\u00bb, a d\u00e9clar\u00e9 le politologue. Les L\u00e4nder disposent d&rsquo;options dans ce domaine, par exemple par l&rsquo;interm\u00e9diaire des autorit\u00e9s charg\u00e9es de l&rsquo;immigration.<\/p>\n<\/div>\n<aside data-hk=\"0000a124212000a231a45004\" data-qa-ad-slot class=\"Ad-Slot Ad-Slot-desktop Ad-Slot-hor\">\n<div id=\"ad-slot-desktop-hor-4\" data-orientation=\"hor\" data-index=\"4\" data-slot=\"ad-slot\" data-device=\"desktop\"><\/div>\n<\/aside>\n<div data-hk=\"0000a124212000a231a460\" class=\"Html-Block\" data-qa-article-content-text data-text-milestone-block>\n<p>Dans l\u2019ensemble, la marge d\u2019action d\u2019un gouvernement de l\u2019AfD resterait limit\u00e9e. \u00abL&rsquo;AfD devrait s&rsquo;appuyer sur le gouvernement f\u00e9d\u00e9ral pour modifier fondamentalement les conditions l\u00e9gales des expulsions\u00bb, dit-il.<\/p>\n<\/div>\n<aside data-hk=\"0000a124212000a231a47004\" data-qa-ad-slot class=\"Ad-Slot Ad-Slot-mobile Ad-Slot-hor\">\n<div id=\"ad-slot-mobile-hor-14\" data-orientation=\"hor\" data-index=\"14\" data-slot=\"ad-slot\" data-device=\"mobile\"><\/div>\n<\/aside>\n<div data-hk=\"0000a124212000a231a480\" class=\"Html-Block\" data-qa-article-content-text data-text-milestone-block>\n<h2>Mise en place d\u2019une \u00ab veille citoyenne \u00bb<\/h2>\n<p>En ce qui concerne la s\u00e9curit\u00e9 int\u00e9rieure, l\u2019AfD souhaite notamment mettre en place une \u00ab surveillance citoyenne volontaire \u00bb en Saxe-Anhalt. Le programme pr\u00e9cise : \u00ab L&rsquo;organisme b\u00e9n\u00e9vole de surveillance communautaire doit \u00eatre subordonn\u00e9 au service de l&rsquo;ordre public. Il soutient le travail du service de l&rsquo;ordre public et de la police par des activit\u00e9s auxiliaires.<\/p>\n<\/div>\n<div data-hk=\"0000a124212000a231a490\" class=\"Html-Block\" data-qa-article-content-text data-text-milestone-block>\n<p>La proposition n\u2019est pas nouvelle en soi : d\u2019autres L\u00e4nder disposent d\u00e9j\u00e0 d\u2019une police volontaire. En Bavi\u00e8re, par exemple, les membres des \u00ab agents de s\u00e9curit\u00e9 \u00bb sont autoris\u00e9s \u00e0 interroger les personnes, \u00e0 d\u00e9terminer leur identit\u00e9 et \u00e0 proc\u00e9der \u00e0 des expulsions.<\/p>\n<\/div>\n<aside data-hk=\"0000a124212000a231a50004\" data-qa-ad-slot class=\"Ad-Slot Ad-Slot-mobile Ad-Slot-hor\">\n<div id=\"ad-slot-mobile-hor-15\" data-orientation=\"hor\" data-index=\"15\" data-slot=\"ad-slot\" data-device=\"mobile\"><\/div>\n<\/aside>\n<div data-hk=\"0000a124212000a231a510\" class=\"Html-Block\" data-qa-article-content-text data-text-milestone-block>\n<p>Le fait que le \u00ab chien de garde citoyen \u00bb soit d\u00e9sign\u00e9 dans le programme de l\u2019AfD comme le \u00ab troisi\u00e8me pilier \u00bb de l\u2019architecture de s\u00e9curit\u00e9 aux c\u00f4t\u00e9s de la police et du service de l\u2019ordre public suscite des inqui\u00e9tudes parmi les juristes. Il pourrait y avoir une collision avec l&rsquo;article 33 de la Loi fondamentale. Le paragraphe 4 pr\u00e9cise :<\/p>\n<\/div>\n<div data-hk=\"0000a124212000a231a520\" class=\"Html-Block\" data-qa-article-content-text data-text-milestone-block>\n<blockquote>\n<p>\u00ab En tant que mission permanente, l&rsquo;exercice des pouvoirs souverains est g\u00e9n\u00e9ralement confi\u00e9 aux agents de la fonction publique qui entretiennent une relation de service et de loyaut\u00e9 de droit public. \u00bb<\/p>\n<\/blockquote>\n<\/div>\n<aside data-hk=\"0000a124212000a231a53004\" data-qa-ad-slot class=\"Ad-Slot Ad-Slot-mobile Ad-Slot-hor\">\n<div id=\"ad-slot-mobile-hor-16\" data-orientation=\"hor\" data-index=\"16\" data-slot=\"ad-slot\" data-device=\"mobile\"><\/div>\n<\/aside>\n<div data-hk=\"0000a124212000a231a540\" class=\"Html-Block\" data-qa-article-content-text data-text-milestone-block>\n<p>La proposition de l\u2019AfD concerne toutefois les particuliers. Contrairement au mod\u00e8le bavarois, le \u00ab gardien de s\u00e9curit\u00e9 \u00bb y est \u00e9troitement li\u00e9 \u00e0 la police.<\/p>\n<\/div>\n<aside data-hk=\"0000a124212000a231a55004\" data-qa-ad-slot class=\"Ad-Slot Ad-Slot-desktop Ad-Slot-hor\">\n<div id=\"ad-slot-desktop-hor-5\" data-orientation=\"hor\" data-index=\"5\" data-slot=\"ad-slot\" data-device=\"desktop\"><\/div>\n<\/aside>\n<div data-hk=\"0000a124212000a231a560\" class=\"Html-Block\" data-qa-article-content-text data-text-milestone-block>\n<h2>Augmentation des effectifs de police<\/h2>\n<p>Parmi les autres mesures que le parti souhaite prendre pour accro\u00eetre la s\u00e9curit\u00e9 int\u00e9rieure figurent l\u2019augmentation des forces de police de l\u2019\u00c9tat \u00ab \u00e0 au moins 7 500 agents charg\u00e9s de l\u2019application des lois \u00bb et davantage de centres de d\u00e9tention pour expulsion.<\/p>\n<\/div>\n<div data-hk=\"0000a124212000a231a570\" class=\"Html-Block\" data-qa-article-content-text data-text-milestone-block>\n<p>\u00abLes revendications de l\u2019AfD en mati\u00e8re de politique int\u00e9rieure et de s\u00e9curit\u00e9 constituent une approche claire et claire en mati\u00e8re d\u2019ordre public qui se veut une r\u00e9ponse au besoin croissant de s\u00e9curit\u00e9 de la population\u00bb, d\u00e9clare St\u00f6cker. Ce besoin ne doit pas \u00eatre sous-estim\u00e9, surtout \u00e0 la lumi\u00e8re de l\u2019attaque du march\u00e9 de No\u00ebl de Magdebourg en 2024.<\/p>\n<\/div>\n<aside data-hk=\"0000a124212000a231a58004\" data-qa-ad-slot class=\"Ad-Slot Ad-Slot-mobile Ad-Slot-hor\">\n<div id=\"ad-slot-mobile-hor-17\" data-orientation=\"hor\" data-index=\"17\" data-slot=\"ad-slot\" data-device=\"mobile\"><\/div>\n<\/aside>\n<div data-hk=\"0000a124212000a231a590\" class=\"Html-Block\" data-qa-article-content-text data-text-milestone-block>\n<p>Mais le politologue d\u00e9clare \u00e9galement : \u00ab\u00a0Il est possible de d\u00e9cider d&rsquo;augmenter le nombre de policiers &#8211; on ne peut pas \u00e9lire des policiers plus qualifi\u00e9s. Il faudrait des ann\u00e9es pour que ces r\u00e9formes prennent effet. Et le pass\u00e9 a montr\u00e9 que le souhait d&rsquo;avoir plus de forces de police dans le pays a souvent \u00e9chou\u00e9 en raison de la r\u00e9alit\u00e9.\u00a0\u00bb<\/p>\n<\/div>\n<div data-hk=\"0000a124212000a231a600\" class=\"Html-Block\" data-qa-article-content-text data-text-milestone-block>\n<h2>Entreprise<\/h2>\n<p>Une chose est s\u00fbre : la Saxe-Anhalt est un Land vieillissant et relativement pauvre qui manque d\u2019environ 14 000 travailleurs qualifi\u00e9s. Selon les chiffres de l&rsquo;Office national des statistiques, 21,3 pour cent des habitants \u00e9taient menac\u00e9s de pauvret\u00e9 en 2025. Ils disposent donc de moins de 60 pour cent du revenu m\u00e9dian de l&rsquo;ensemble de la population.<\/p>\n<\/div>\n<aside data-hk=\"0000a124212000a231a61004\" data-qa-ad-slot class=\"Ad-Slot Ad-Slot-mobile Ad-Slot-hor\">\n<div id=\"ad-slot-mobile-hor-18\" data-orientation=\"hor\" data-index=\"18\" data-slot=\"ad-slot\" data-device=\"mobile\"><\/div>\n<\/aside>\n<div data-hk=\"0000a124212000a231a620\" class=\"Html-Block\" data-qa-article-content-text data-text-milestone-block>\n<p>\u00ab Un gouvernement du Land dirig\u00e9 par l\u2019AfD mettra un terme au d\u00e9clin \u00e9conomique et \u00e0 la d\u00e9sindustrialisation qui en d\u00e9coule \u00bb, affirme le programme gouvernemental du parti.<\/p>\n<\/div>\n<aside data-hk=\"0000a124212000a231a63004\" data-qa-ad-slot class=\"Ad-Slot Ad-Slot-desktop Ad-Slot-hor\">\n<div id=\"ad-slot-desktop-hor-6\" data-orientation=\"hor\" data-index=\"6\" data-slot=\"ad-slot\" data-device=\"desktop\"><\/div>\n<\/aside>\n<div data-hk=\"0000a124212000a231a640\" class=\"Html-Block\" data-qa-article-content-text data-text-milestone-block>\n<p>Les mesures pr\u00e9vues par l&rsquo;AfD peuvent \u00eatre r\u00e9sum\u00e9es ainsi : moins d&rsquo;imp\u00f4ts, moins de bureaucratie, une \u00e9nergie plus traditionnelle. Les petites et moyennes entreprises doivent \u00eatre encourag\u00e9es et la bureaucratie r\u00e9duite ; il est \u00e9galement question d&rsquo;introduire un label de qualit\u00e9 \u00ab Made in Saxe-Anhalt \u00bb. Toutefois, le contrefinancement sp\u00e9cifique de nombreux plans reste flou.<\/p>\n<\/div>\n<aside data-hk=\"0000a124212000a231a65004\" data-qa-ad-slot class=\"Ad-Slot Ad-Slot-mobile Ad-Slot-hor\">\n<div id=\"ad-slot-mobile-hor-19\" data-orientation=\"hor\" data-index=\"19\" data-slot=\"ad-slot\" data-device=\"mobile\"><\/div>\n<\/aside>\n<div id=\"isl-8-InpageWidgetDatawrapper\" data-island=\"InpageWidgetBase\">\n<div data-hk=\"00070\" class=\"Article-Inpage-Widget\" data-qa-article-inpage-widget><iframe title=\"Armuts- und Ausgrenzungsgef\u00e4hrdung\" aria-label=\"S\u00e4ulen\" id=\"datawrapper-chart-ZINd0\" src=\"https:\/\/datawrapper.dwcdn.net\/ZINd0\/1\/\" style=\"width:0;min-width:100% !important;border:none;\" height=\"594\" data-external=\"1\"><\/iframe><\/div>\n<\/div>\n<div data-hk=\"0000a124212000a231a670\" class=\"Html-Block\" data-qa-article-content-text data-text-milestone-block>\n<p>St\u00f6cker d\u00e9clare : \u00ab Un certain nombre d\u2019entrepreneurs de taille moyenne sympathiseront probablement avec l\u2019AfD en raison de leur frustration face \u00e0 l\u2019augmentation des prix des mati\u00e8res premi\u00e8res, des co\u00fbts salariaux et de la bureaucratie, m\u00eame s\u2019ils soup\u00e7onnent probablement que cela ne r\u00e9soudra pas beaucoup de ces probl\u00e8mes et en aggravera probablement certains \u2013 comme celui des travailleurs qualifi\u00e9s. \u00bb<\/p>\n<\/div>\n<div data-hk=\"0000a124212000a231a680\" class=\"Html-Block\" data-qa-article-content-text data-text-milestone-block>\n<h2>L&rsquo;AfD veut faire pression au-del\u00e0 de la Saxe-Anhalt<\/h2>\n<p>En fin de compte, le programme de l&rsquo;AfD en Saxe-Anhalt vise un \u00ab changement politique fondamental \u00bb. C&rsquo;est du moins ainsi que Marshal l&rsquo;analyse.<\/p>\n<\/div>\n<aside data-hk=\"0000a124212000a231a69004\" data-qa-ad-slot class=\"Ad-Slot Ad-Slot-mobile Ad-Slot-hor\">\n<div id=\"ad-slot-mobile-hor-20\" data-orientation=\"hor\" data-index=\"20\" data-slot=\"ad-slot\" data-device=\"mobile\"><\/div>\n<\/aside>\n<div data-hk=\"0000a124212000a231a700\" class=\"Html-Block\" data-qa-article-content-text data-text-milestone-block>\n<p>Il est fait r\u00e9f\u00e9rence au Conseil f\u00e9d\u00e9ral comme levier pour diverses revendications. Aux yeux du professeur de politique, cela montre que le parti ne limite pas ses ambitions politiques \u00e0 la Saxe-Anhalt.<\/p>\n<\/div>\n<div data-hk=\"0000a124212000a231a710\" class=\"Html-Block\" data-qa-article-content-text data-text-milestone-block>\n<p>En fin de compte, une chose est \u00e9galement claire : toute une s\u00e9rie de demandes que l\u2019AfD inscrit dans son programme gouvernemental pour la Saxe-Anhalt n\u2019ont pas pu \u00eatre mises en \u0153uvre imm\u00e9diatement. Il y a deux raisons \u00e0 cela : premi\u00e8rement, la charge financi\u00e8re qui en d\u00e9coule. D\u2019un autre c\u00f4t\u00e9, les pouvoirs limit\u00e9s d\u2019un gouvernement d\u2019\u00c9tat.<\/p>\n<\/div>\n<div data-hk=\"0000a124212000a231a720\" class=\"Html-Block\" data-qa-article-content-text data-text-milestone-block>\n<p>Le message des affiches \u00e9lectorales qui parcourent les villages et les villes de Saxe-Anhalt est trompeur : \u00ab tout n&rsquo;est pas possible \u00bb.<\/p>\n<\/div>\n<p><!--\/--><br \/>\n<!--$--><br \/>\n<!--\/--><br \/>\n<!--$--><br \/>\n<!--\/--><br \/>\n<!--$--><br \/>\n<!--\/--><\/p>\n","protected":false},"excerpt":{"rendered":"<p>Quiconque traverse la Saxe-Anhalt ces jours-ci arrive \u00e0 peu pr\u00e8s s\u00fbr anciennes affiches \u00e9lectorales bleues.<\/p>\n","protected":false},"author":1,"featured_media":19328,"comment_status":"open","ping_status":"","sticky":false,"template":"","format":"standard","meta":{"footnotes":""},"categories":[117],"tags":[3896,10732,1598,49,4498,8,2450,10733,2764,47],"class_list":["post-19327","post","type-post","status-publish","format-standard","has-post-thumbnail","hentry","category-parentalite-enfance","tag-chance","tag-lafd","tag-leducation","tag-les","tag-plans","tag-pour","tag-question","tag-saxeanhalt","tag-serait","tag-une","generate-columns","tablet-grid-50","mobile-grid-100","grid-parent","grid-50","resize-featured-image"],"yoast_head":"<!-- This site is optimized with the Yoast SEO plugin v23.4 - https:\/\/yoast.com\/wordpress\/plugins\/seo\/ -->\n<title>Les plans de l\u2019AfD pour la Saxe-Anhalt : \u00ab L\u2019\u00e9ducation serait une question de chance \u00bb - RVH-Synergie.org<\/title>\n<meta name=\"robots\" content=\"index, follow, max-snippet:-1, max-image-preview:large, max-video-preview:-1\" \/>\n<link rel=\"canonical\" href=\"https:\/\/rvh-synergie.org\/actualites\/les-plans-de-lafd-pour-la-saxe-anhalt-leducation-serait-une-question-de-chance\/\" \/>\n<meta property=\"og:locale\" content=\"fr_FR\" \/>\n<meta property=\"og:type\" content=\"article\" \/>\n<meta property=\"og:title\" content=\"Les plans de l\u2019AfD pour la Saxe-Anhalt : \u00ab L\u2019\u00e9ducation serait une question de chance \u00bb - RVH-Synergie.org\" \/>\n<meta property=\"og:description\" content=\"Quiconque traverse la Saxe-Anhalt ces jours-ci arrive \u00e0 peu pr\u00e8s s\u00fbr anciennes affiches \u00e9lectorales bleues.\" \/>\n<meta property=\"og:url\" content=\"https:\/\/rvh-synergie.org\/actualites\/les-plans-de-lafd-pour-la-saxe-anhalt-leducation-serait-une-question-de-chance\/\" \/>\n<meta property=\"og:site_name\" content=\"RVH-Synergie\" \/>\n<meta property=\"article:published_time\" content=\"2026-09-04T03:11:47+00:00\" \/>\n<meta property=\"og:image\" content=\"https:\/\/rvh-synergie.org\/actualites\/wp-content\/uploads\/2026\/09\/Les-plans-de-lAfD-pour-la-Saxe-Anhalt-Leducation.jpg\" \/>\n\t<meta property=\"og:image:width\" content=\"1200\" \/>\n\t<meta property=\"og:image:height\" content=\"630\" \/>\n\t<meta property=\"og:image:type\" content=\"image\/jpeg\" \/>\n<meta name=\"author\" content=\"Charles Martinez\" \/>\n<meta name=\"twitter:card\" content=\"summary_large_image\" \/>\n<meta name=\"twitter:label1\" content=\"\u00c9crit par\" \/>\n\t<meta name=\"twitter:data1\" content=\"Charles Martinez\" \/>\n\t<meta name=\"twitter:label2\" content=\"Dur\u00e9e de lecture estim\u00e9e\" \/>\n\t<meta name=\"twitter:data2\" content=\"11 minutes\" \/>\n<script type=\"application\/ld+json\" class=\"yoast-schema-graph\">{\"@context\":\"https:\/\/schema.org\",\"@graph\":[{\"@type\":\"Article\",\"@id\":\"https:\/\/rvh-synergie.org\/actualites\/les-plans-de-lafd-pour-la-saxe-anhalt-leducation-serait-une-question-de-chance\/#article\",\"isPartOf\":{\"@id\":\"https:\/\/rvh-synergie.org\/actualites\/les-plans-de-lafd-pour-la-saxe-anhalt-leducation-serait-une-question-de-chance\/\"},\"author\":{\"name\":\"Charles Martinez\",\"@id\":\"https:\/\/rvh-synergie.org\/actualites\/#\/schema\/person\/6affb9c7fc596daaea315c8c28318135\"},\"headline\":\"Les plans de l\u2019AfD pour la Saxe-Anhalt : \u00ab L\u2019\u00e9ducation serait une question de chance \u00bb\",\"datePublished\":\"2026-09-04T03:11:47+00:00\",\"dateModified\":\"2026-09-04T03:11:47+00:00\",\"mainEntityOfPage\":{\"@id\":\"https:\/\/rvh-synergie.org\/actualites\/les-plans-de-lafd-pour-la-saxe-anhalt-leducation-serait-une-question-de-chance\/\"},\"wordCount\":2278,\"commentCount\":0,\"publisher\":{\"@id\":\"https:\/\/rvh-synergie.org\/actualites\/#organization\"},\"image\":{\"@id\":\"https:\/\/rvh-synergie.org\/actualites\/les-plans-de-lafd-pour-la-saxe-anhalt-leducation-serait-une-question-de-chance\/#primaryimage\"},\"thumbnailUrl\":\"https:\/\/rvh-synergie.org\/actualites\/wp-content\/uploads\/2026\/09\/Les-plans-de-lAfD-pour-la-Saxe-Anhalt-Leducation.jpg\",\"keywords\":[\"chance\",\"lAfD\",\"l\u00e9ducation\",\"Les\",\"plans\",\"pour\",\"question\",\"SaxeAnhalt\",\"serait\",\"une\"],\"articleSection\":[\"Parentalit\u00e9 &amp; Enfance\"],\"inLanguage\":\"fr-FR\",\"potentialAction\":[{\"@type\":\"CommentAction\",\"name\":\"Comment\",\"target\":[\"https:\/\/rvh-synergie.org\/actualites\/les-plans-de-lafd-pour-la-saxe-anhalt-leducation-serait-une-question-de-chance\/#respond\"]}]},{\"@type\":\"WebPage\",\"@id\":\"https:\/\/rvh-synergie.org\/actualites\/les-plans-de-lafd-pour-la-saxe-anhalt-leducation-serait-une-question-de-chance\/\",\"url\":\"https:\/\/rvh-synergie.org\/actualites\/les-plans-de-lafd-pour-la-saxe-anhalt-leducation-serait-une-question-de-chance\/\",\"name\":\"Les plans de l\u2019AfD pour la Saxe-Anhalt : \u00ab L\u2019\u00e9ducation serait une question de chance \u00bb - RVH-Synergie.org\",\"isPartOf\":{\"@id\":\"https:\/\/rvh-synergie.org\/actualites\/#website\"},\"primaryImageOfPage\":{\"@id\":\"https:\/\/rvh-synergie.org\/actualites\/les-plans-de-lafd-pour-la-saxe-anhalt-leducation-serait-une-question-de-chance\/#primaryimage\"},\"image\":{\"@id\":\"https:\/\/rvh-synergie.org\/actualites\/les-plans-de-lafd-pour-la-saxe-anhalt-leducation-serait-une-question-de-chance\/#primaryimage\"},\"thumbnailUrl\":\"https:\/\/rvh-synergie.org\/actualites\/wp-content\/uploads\/2026\/09\/Les-plans-de-lAfD-pour-la-Saxe-Anhalt-Leducation.jpg\",\"datePublished\":\"2026-09-04T03:11:47+00:00\",\"dateModified\":\"2026-09-04T03:11:47+00:00\",\"breadcrumb\":{\"@id\":\"https:\/\/rvh-synergie.org\/actualites\/les-plans-de-lafd-pour-la-saxe-anhalt-leducation-serait-une-question-de-chance\/#breadcrumb\"},\"inLanguage\":\"fr-FR\",\"potentialAction\":[{\"@type\":\"ReadAction\",\"target\":[\"https:\/\/rvh-synergie.org\/actualites\/les-plans-de-lafd-pour-la-saxe-anhalt-leducation-serait-une-question-de-chance\/\"]}]},{\"@type\":\"ImageObject\",\"inLanguage\":\"fr-FR\",\"@id\":\"https:\/\/rvh-synergie.org\/actualites\/les-plans-de-lafd-pour-la-saxe-anhalt-leducation-serait-une-question-de-chance\/#primaryimage\",\"url\":\"https:\/\/rvh-synergie.org\/actualites\/wp-content\/uploads\/2026\/09\/Les-plans-de-lAfD-pour-la-Saxe-Anhalt-Leducation.jpg\",\"contentUrl\":\"https:\/\/rvh-synergie.org\/actualites\/wp-content\/uploads\/2026\/09\/Les-plans-de-lAfD-pour-la-Saxe-Anhalt-Leducation.jpg\",\"width\":1200,\"height\":630},{\"@type\":\"BreadcrumbList\",\"@id\":\"https:\/\/rvh-synergie.org\/actualites\/les-plans-de-lafd-pour-la-saxe-anhalt-leducation-serait-une-question-de-chance\/#breadcrumb\",\"itemListElement\":[{\"@type\":\"ListItem\",\"position\":1,\"name\":\"Accueil\",\"item\":\"https:\/\/rvh-synergie.org\/actualites\/\"},{\"@type\":\"ListItem\",\"position\":2,\"name\":\"Les plans de l\u2019AfD pour la Saxe-Anhalt : \u00ab L\u2019\u00e9ducation serait une question de chance \u00bb\"}]},{\"@type\":\"WebSite\",\"@id\":\"https:\/\/rvh-synergie.org\/actualites\/#website\",\"url\":\"https:\/\/rvh-synergie.org\/actualites\/\",\"name\":\"RVH-Synergie.org\",\"description\":\"RVH-Synergie, site ind\u00e9pendant d&#039;informations sur la prise en charge des addictions.\",\"publisher\":{\"@id\":\"https:\/\/rvh-synergie.org\/actualites\/#organization\"},\"potentialAction\":[{\"@type\":\"SearchAction\",\"target\":{\"@type\":\"EntryPoint\",\"urlTemplate\":\"https:\/\/rvh-synergie.org\/actualites\/?s={search_term_string}\"},\"query-input\":{\"@type\":\"PropertyValueSpecification\",\"valueRequired\":true,\"valueName\":\"search_term_string\"}}],\"inLanguage\":\"fr-FR\"},{\"@type\":\"Organization\",\"@id\":\"https:\/\/rvh-synergie.org\/actualites\/#organization\",\"name\":\"RVH-Synergie.org\",\"url\":\"https:\/\/rvh-synergie.org\/actualites\/\",\"logo\":{\"@type\":\"ImageObject\",\"inLanguage\":\"fr-FR\",\"@id\":\"https:\/\/rvh-synergie.org\/actualites\/#\/schema\/logo\/image\/\",\"url\":\"https:\/\/rvh-synergie.org\/actualites\/wp-content\/uploads\/2024\/09\/favicon.png\",\"contentUrl\":\"https:\/\/rvh-synergie.org\/actualites\/wp-content\/uploads\/2024\/09\/favicon.png\",\"width\":512,\"height\":512,\"caption\":\"RVH-Synergie.org\"},\"image\":{\"@id\":\"https:\/\/rvh-synergie.org\/actualites\/#\/schema\/logo\/image\/\"}},{\"@type\":\"Person\",\"@id\":\"https:\/\/rvh-synergie.org\/actualites\/#\/schema\/person\/6affb9c7fc596daaea315c8c28318135\",\"name\":\"Charles Martinez\",\"image\":{\"@type\":\"ImageObject\",\"inLanguage\":\"fr-FR\",\"@id\":\"https:\/\/rvh-synergie.org\/actualites\/#\/schema\/person\/image\/\",\"url\":\"https:\/\/rvh-synergie.org\/actualites\/wp-content\/uploads\/2024\/09\/charles-martinez-scaled.jpg\",\"contentUrl\":\"https:\/\/rvh-synergie.org\/actualites\/wp-content\/uploads\/2024\/09\/charles-martinez-scaled.jpg\",\"caption\":\"Charles Martinez\"},\"description\":\"Bonjour, je m'appelle Charles Martinez, r\u00e9dacteur passionn\u00e9 pour le m\u00e9dia RVH-synergie.org, d\u00e9di\u00e9 aux addictions et aux maladies. Depuis plus de dix ans, j'explore et rapporte les histoires poignantes des individus confront\u00e9s \u00e0 ces d\u00e9fis, tout en sensibilisant le public aux traitements novateurs et aux progr\u00e8s scientifiques dans ce domaine. Mon engagement r\u00e9side dans l'espoir de cr\u00e9er une communaut\u00e9 inform\u00e9e et empathique, pr\u00eate \u00e0 soutenir ceux qui luttent contre ces \u00e9preuves.\",\"sameAs\":[\"https:\/\/rvh-synergie.org\/\"]}]}<\/script>\n<!-- \/ Yoast SEO plugin. -->","yoast_head_json":{"title":"Les plans de l\u2019AfD pour la Saxe-Anhalt : \u00ab L\u2019\u00e9ducation serait une question de chance \u00bb - RVH-Synergie.org","robots":{"index":"index","follow":"follow","max-snippet":"max-snippet:-1","max-image-preview":"max-image-preview:large","max-video-preview":"max-video-preview:-1"},"canonical":"https:\/\/rvh-synergie.org\/actualites\/les-plans-de-lafd-pour-la-saxe-anhalt-leducation-serait-une-question-de-chance\/","og_locale":"fr_FR","og_type":"article","og_title":"Les plans de l\u2019AfD pour la Saxe-Anhalt : \u00ab L\u2019\u00e9ducation serait une question de chance \u00bb - RVH-Synergie.org","og_description":"Quiconque traverse la Saxe-Anhalt ces jours-ci arrive \u00e0 peu pr\u00e8s s\u00fbr anciennes affiches \u00e9lectorales bleues.","og_url":"https:\/\/rvh-synergie.org\/actualites\/les-plans-de-lafd-pour-la-saxe-anhalt-leducation-serait-une-question-de-chance\/","og_site_name":"RVH-Synergie","article_published_time":"2026-09-04T03:11:47+00:00","og_image":[{"width":1200,"height":630,"url":"https:\/\/rvh-synergie.org\/actualites\/wp-content\/uploads\/2026\/09\/Les-plans-de-lAfD-pour-la-Saxe-Anhalt-Leducation.jpg","type":"image\/jpeg"}],"author":"Charles Martinez","twitter_card":"summary_large_image","twitter_misc":{"\u00c9crit par":"Charles Martinez","Dur\u00e9e de lecture estim\u00e9e":"11 minutes"},"schema":{"@context":"https:\/\/schema.org","@graph":[{"@type":"Article","@id":"https:\/\/rvh-synergie.org\/actualites\/les-plans-de-lafd-pour-la-saxe-anhalt-leducation-serait-une-question-de-chance\/#article","isPartOf":{"@id":"https:\/\/rvh-synergie.org\/actualites\/les-plans-de-lafd-pour-la-saxe-anhalt-leducation-serait-une-question-de-chance\/"},"author":{"name":"Charles Martinez","@id":"https:\/\/rvh-synergie.org\/actualites\/#\/schema\/person\/6affb9c7fc596daaea315c8c28318135"},"headline":"Les plans de l\u2019AfD pour la Saxe-Anhalt : \u00ab L\u2019\u00e9ducation serait une question de chance \u00bb","datePublished":"2026-09-04T03:11:47+00:00","dateModified":"2026-09-04T03:11:47+00:00","mainEntityOfPage":{"@id":"https:\/\/rvh-synergie.org\/actualites\/les-plans-de-lafd-pour-la-saxe-anhalt-leducation-serait-une-question-de-chance\/"},"wordCount":2278,"commentCount":0,"publisher":{"@id":"https:\/\/rvh-synergie.org\/actualites\/#organization"},"image":{"@id":"https:\/\/rvh-synergie.org\/actualites\/les-plans-de-lafd-pour-la-saxe-anhalt-leducation-serait-une-question-de-chance\/#primaryimage"},"thumbnailUrl":"https:\/\/rvh-synergie.org\/actualites\/wp-content\/uploads\/2026\/09\/Les-plans-de-lAfD-pour-la-Saxe-Anhalt-Leducation.jpg","keywords":["chance","lAfD","l\u00e9ducation","Les","plans","pour","question","SaxeAnhalt","serait","une"],"articleSection":["Parentalit\u00e9 &amp; Enfance"],"inLanguage":"fr-FR","potentialAction":[{"@type":"CommentAction","name":"Comment","target":["https:\/\/rvh-synergie.org\/actualites\/les-plans-de-lafd-pour-la-saxe-anhalt-leducation-serait-une-question-de-chance\/#respond"]}]},{"@type":"WebPage","@id":"https:\/\/rvh-synergie.org\/actualites\/les-plans-de-lafd-pour-la-saxe-anhalt-leducation-serait-une-question-de-chance\/","url":"https:\/\/rvh-synergie.org\/actualites\/les-plans-de-lafd-pour-la-saxe-anhalt-leducation-serait-une-question-de-chance\/","name":"Les plans de l\u2019AfD pour la Saxe-Anhalt : \u00ab L\u2019\u00e9ducation serait une question de chance \u00bb - RVH-Synergie.org","isPartOf":{"@id":"https:\/\/rvh-synergie.org\/actualites\/#website"},"primaryImageOfPage":{"@id":"https:\/\/rvh-synergie.org\/actualites\/les-plans-de-lafd-pour-la-saxe-anhalt-leducation-serait-une-question-de-chance\/#primaryimage"},"image":{"@id":"https:\/\/rvh-synergie.org\/actualites\/les-plans-de-lafd-pour-la-saxe-anhalt-leducation-serait-une-question-de-chance\/#primaryimage"},"thumbnailUrl":"https:\/\/rvh-synergie.org\/actualites\/wp-content\/uploads\/2026\/09\/Les-plans-de-lAfD-pour-la-Saxe-Anhalt-Leducation.jpg","datePublished":"2026-09-04T03:11:47+00:00","dateModified":"2026-09-04T03:11:47+00:00","breadcrumb":{"@id":"https:\/\/rvh-synergie.org\/actualites\/les-plans-de-lafd-pour-la-saxe-anhalt-leducation-serait-une-question-de-chance\/#breadcrumb"},"inLanguage":"fr-FR","potentialAction":[{"@type":"ReadAction","target":["https:\/\/rvh-synergie.org\/actualites\/les-plans-de-lafd-pour-la-saxe-anhalt-leducation-serait-une-question-de-chance\/"]}]},{"@type":"ImageObject","inLanguage":"fr-FR","@id":"https:\/\/rvh-synergie.org\/actualites\/les-plans-de-lafd-pour-la-saxe-anhalt-leducation-serait-une-question-de-chance\/#primaryimage","url":"https:\/\/rvh-synergie.org\/actualites\/wp-content\/uploads\/2026\/09\/Les-plans-de-lAfD-pour-la-Saxe-Anhalt-Leducation.jpg","contentUrl":"https:\/\/rvh-synergie.org\/actualites\/wp-content\/uploads\/2026\/09\/Les-plans-de-lAfD-pour-la-Saxe-Anhalt-Leducation.jpg","width":1200,"height":630},{"@type":"BreadcrumbList","@id":"https:\/\/rvh-synergie.org\/actualites\/les-plans-de-lafd-pour-la-saxe-anhalt-leducation-serait-une-question-de-chance\/#breadcrumb","itemListElement":[{"@type":"ListItem","position":1,"name":"Accueil","item":"https:\/\/rvh-synergie.org\/actualites\/"},{"@type":"ListItem","position":2,"name":"Les plans de l\u2019AfD pour la Saxe-Anhalt : \u00ab L\u2019\u00e9ducation serait une question de chance \u00bb"}]},{"@type":"WebSite","@id":"https:\/\/rvh-synergie.org\/actualites\/#website","url":"https:\/\/rvh-synergie.org\/actualites\/","name":"RVH-Synergie.org","description":"RVH-Synergie, site ind\u00e9pendant d&#039;informations sur la prise en charge des addictions.","publisher":{"@id":"https:\/\/rvh-synergie.org\/actualites\/#organization"},"potentialAction":[{"@type":"SearchAction","target":{"@type":"EntryPoint","urlTemplate":"https:\/\/rvh-synergie.org\/actualites\/?s={search_term_string}"},"query-input":{"@type":"PropertyValueSpecification","valueRequired":true,"valueName":"search_term_string"}}],"inLanguage":"fr-FR"},{"@type":"Organization","@id":"https:\/\/rvh-synergie.org\/actualites\/#organization","name":"RVH-Synergie.org","url":"https:\/\/rvh-synergie.org\/actualites\/","logo":{"@type":"ImageObject","inLanguage":"fr-FR","@id":"https:\/\/rvh-synergie.org\/actualites\/#\/schema\/logo\/image\/","url":"https:\/\/rvh-synergie.org\/actualites\/wp-content\/uploads\/2024\/09\/favicon.png","contentUrl":"https:\/\/rvh-synergie.org\/actualites\/wp-content\/uploads\/2024\/09\/favicon.png","width":512,"height":512,"caption":"RVH-Synergie.org"},"image":{"@id":"https:\/\/rvh-synergie.org\/actualites\/#\/schema\/logo\/image\/"}},{"@type":"Person","@id":"https:\/\/rvh-synergie.org\/actualites\/#\/schema\/person\/6affb9c7fc596daaea315c8c28318135","name":"Charles Martinez","image":{"@type":"ImageObject","inLanguage":"fr-FR","@id":"https:\/\/rvh-synergie.org\/actualites\/#\/schema\/person\/image\/","url":"https:\/\/rvh-synergie.org\/actualites\/wp-content\/uploads\/2024\/09\/charles-martinez-scaled.jpg","contentUrl":"https:\/\/rvh-synergie.org\/actualites\/wp-content\/uploads\/2024\/09\/charles-martinez-scaled.jpg","caption":"Charles Martinez"},"description":"Bonjour, je m'appelle Charles Martinez, r\u00e9dacteur passionn\u00e9 pour le m\u00e9dia RVH-synergie.org, d\u00e9di\u00e9 aux addictions et aux maladies. Depuis plus de dix ans, j'explore et rapporte les histoires poignantes des individus confront\u00e9s \u00e0 ces d\u00e9fis, tout en sensibilisant le public aux traitements novateurs et aux progr\u00e8s scientifiques dans ce domaine. Mon engagement r\u00e9side dans l'espoir de cr\u00e9er une communaut\u00e9 inform\u00e9e et empathique, pr\u00eate \u00e0 soutenir ceux qui luttent contre ces \u00e9preuves.","sameAs":["https:\/\/rvh-synergie.org\/"]}]}},"_links":{"self":[{"href":"https:\/\/rvh-synergie.org\/actualites\/wp-json\/wp\/v2\/posts\/19327","targetHints":{"allow":["GET"]}}],"collection":[{"href":"https:\/\/rvh-synergie.org\/actualites\/wp-json\/wp\/v2\/posts"}],"about":[{"href":"https:\/\/rvh-synergie.org\/actualites\/wp-json\/wp\/v2\/types\/post"}],"author":[{"embeddable":true,"href":"https:\/\/rvh-synergie.org\/actualites\/wp-json\/wp\/v2\/users\/1"}],"replies":[{"embeddable":true,"href":"https:\/\/rvh-synergie.org\/actualites\/wp-json\/wp\/v2\/comments?post=19327"}],"version-history":[{"count":1,"href":"https:\/\/rvh-synergie.org\/actualites\/wp-json\/wp\/v2\/posts\/19327\/revisions"}],"predecessor-version":[{"id":19329,"href":"https:\/\/rvh-synergie.org\/actualites\/wp-json\/wp\/v2\/posts\/19327\/revisions\/19329"}],"wp:featuredmedia":[{"embeddable":true,"href":"https:\/\/rvh-synergie.org\/actualites\/wp-json\/wp\/v2\/media\/19328"}],"wp:attachment":[{"href":"https:\/\/rvh-synergie.org\/actualites\/wp-json\/wp\/v2\/media?parent=19327"}],"wp:term":[{"taxonomy":"category","embeddable":true,"href":"https:\/\/rvh-synergie.org\/actualites\/wp-json\/wp\/v2\/categories?post=19327"},{"taxonomy":"post_tag","embeddable":true,"href":"https:\/\/rvh-synergie.org\/actualites\/wp-json\/wp\/v2\/tags?post=19327"}],"curies":[{"name":"wp","href":"https:\/\/api.w.org\/{rel}","templated":true}]}}