{"id":19321,"date":"2026-09-03T22:11:20","date_gmt":"2026-09-03T20:11:20","guid":{"rendered":"https:\/\/rvh-synergie.org\/actualites\/cest-pourquoi-les-taches-jaunes-sur-loreiller-sont-un-signal-dalarme\/"},"modified":"2026-09-03T22:11:21","modified_gmt":"2026-09-03T20:11:21","slug":"cest-pourquoi-les-taches-jaunes-sur-loreiller-sont-un-signal-dalarme","status":"publish","type":"post","link":"https:\/\/rvh-synergie.org\/actualites\/cest-pourquoi-les-taches-jaunes-sur-loreiller-sont-un-signal-dalarme\/","title":{"rendered":"C&rsquo;est pourquoi les taches jaunes sur l&rsquo;oreiller sont un signal d&rsquo;alarme"},"content":{"rendered":"<p><!--$--><br \/>\n<!--\/--><br \/>\n<!--$--><\/p>\n<div data-hk=\"0000a124212000a23100\" class=\"Html-Block\" data-qa-article-content-text data-text-milestone-block>\n<p>Vos oreillers doivent r\u00e9sister \u00e0 beaucoup de choses. Les gens passent environ un tiers de la journ\u00e9e \u00e0 dormir au lit. Il arrive certaines choses que vous ne remarquez m\u00eame pas : vous transpirez, vous perdez de la peau et des cheveux, ou m\u00eame un peu de salive s&rsquo;\u00e9coule de votre bouche.<\/p>\n<\/div>\n<div data-hk=\"0000a124212000a23110\" class=\"Html-Block\" data-qa-article-content-text data-text-milestone-block>\n<p>Tout cela est tout \u00e0 fait normal, mais cela signifie que les oreillers se salissent avec le temps. R\u00e9f\u00e9rences ou pas. Au fil du temps, les taches jaunes typiques de moisissure apparaissent. <\/p>\n<\/div>\n<aside data-hk=\"0000a124212000a2312004\" data-qa-ad-slot class=\"Ad-Slot Ad-Slot-mobile Ad-Slot-hor Ad-Slot-FC\">\n<div class=\"Ad-Slot-FC-Container\">\n<div class=\"Ad-Slot-FC-Window\">\n<div id=\"ad-slot-mobile-hor-2\" data-orientation=\"hor\" data-index=\"2\" data-slot=\"ad-slot\" data-device=\"mobile\"><\/div>\n<\/div>\n<\/div>\n<\/aside>\n<div data-hk=\"0000a124212000a23130\" class=\"Html-Block\" data-qa-article-content-text data-text-milestone-block>\n<h2>Diff\u00e9rence entre les taches jaunes et les taches de moisissure<\/h2>\n<blockquote>\n<p>Les taches jaunes sur les oreillers sont principalement caus\u00e9es par l&rsquo;oxydation de la sueur, de la salive, des huiles cutan\u00e9es (s\u00e9bum) et des produits cosm\u00e9tiques (voir guide Swiss Sense). En revanche, les v\u00e9ritables \u00ab\u00a0taches de moisissure\u00a0\u00bb \u200b\u200bsont des d\u00e9colorations gris-noires, semblables \u00e0 des points, caus\u00e9es par l&rsquo;humidit\u00e9 et la moisissure persistantes (voir Zollner24).<\/p>\n<\/blockquote>\n<\/div>\n<div data-hk=\"0000a124212000a23140\" class=\"Html-Block\" data-qa-article-content-text data-text-milestone-block>\n<h2>C&rsquo;est pourquoi les oreillers jaunissent avec le temps<\/h2>\n<p>Les taches de moisissure typiques apparaissent apr\u00e8s une utilisation prolong\u00e9e de l&rsquo;oreiller. La sueur et les huiles cutan\u00e9es s\u00e9cr\u00e9t\u00e9es par la peau la nuit en sont les principales responsables. Mais le s\u00e9bum du cuir chevelu s\u2019accumule \u00e9galement \u00e0 un moment donn\u00e9. De plus, les produits d&rsquo;entretien tels que les cr\u00e8mes ou les lotions peuvent \u00e9galement salir l&rsquo;oreiller.<\/p>\n<\/div>\n<aside data-hk=\"0000a124212000a2315004\" data-qa-ad-slot class=\"Ad-Slot Ad-Slot-mobile Ad-Slot-out\">\n<div id=\"ad-slot-mobile-out-1\" data-orientation=\"out\" data-index=\"1\" data-slot=\"ad-slot\" data-device=\"mobile\"><\/div>\n<\/aside>\n<div data-hk=\"0000a124212000a23160\" class=\"Html-Block\" data-qa-article-content-text data-text-milestone-block>\n<p>Prendre une douche avant d&rsquo;aller dormir n&rsquo;aide pas \u00e0 pr\u00e9venir la formation de taches de moisissure. Les cheveux mouill\u00e9s ou l\u00e9g\u00e8rement humides peuvent m\u00eame \u00eatre nocifs et entra\u00eener la formation de moisissures dans l&rsquo;oreiller.<\/p>\n<\/div>\n<div data-hk=\"0000a124212000a23170\" class=\"Ad-Carousel mb-xl row\">\n<div data-hk=\"0000a124212000a231710\" class=\"col-lg-4\">\n<div data-hk=\"0000a124212000a231711004\" data-qa-ad-slot class=\"Ad-Slot Ad-Slot-desktop Ad-Slot-ver\" role=\"region\" aria-label=\"Anzeige 1\">\n<div id=\"ad-slot-desktop-ver-1\" data-orientation=\"ver\" data-index=\"1\" data-slot=\"ad-slot\" data-device=\"desktop\"><\/div>\n<\/div>\n<\/div>\n<div data-hk=\"0000a124212000a231712\" class=\"col-lg-4\">\n<aside data-hk=\"0000a124212000a231713004\" data-qa-ad-slot class=\"Ad-Slot Ad-Slot-desktop Ad-Slot-ver Ad-Slot-FC\">\n<div class=\"Ad-Slot-FC-Container\">\n<div class=\"Ad-Slot-FC-Window\">\n<div id=\"ad-slot-desktop-ver-2\" data-orientation=\"ver\" data-index=\"2\" data-slot=\"ad-slot\" data-device=\"desktop\"><\/div>\n<\/div>\n<\/div>\n<\/aside>\n<\/div>\n<div data-hk=\"0000a124212000a231714\" class=\"col-lg-4\">\n<div data-hk=\"0000a124212000a231715004\" data-qa-ad-slot class=\"Ad-Slot Ad-Slot-desktop Ad-Slot-ver\" role=\"region\" aria-label=\"Anzeige 3\">\n<div id=\"ad-slot-desktop-ver-3\" data-orientation=\"ver\" data-index=\"3\" data-slot=\"ad-slot\" data-device=\"desktop\"><\/div>\n<\/div>\n<\/div>\n<\/div>\n<div data-hk=\"0000a124212000a23180\" class=\"Html-Block\" data-qa-article-content-text data-text-milestone-block>\n<p>Alors si votre oreiller est d\u00e9j\u00e0 plus contamin\u00e9, mieux vaut le remplacer. Sinon, des cons\u00e9quences sur la sant\u00e9 telles que des r\u00e9actions allergiques ou des probl\u00e8mes respiratoires pourraient survenir. De plus, les acariens et les bact\u00e9ries se sentent tr\u00e8s \u00e0 l\u2019aise dans des environnements aussi humides.<\/p>\n<\/div>\n<aside data-hk=\"0000a124212000a2319004\" data-qa-ad-slot class=\"Ad-Slot Ad-Slot-mobile Ad-Slot-hor\">\n<div id=\"ad-slot-mobile-hor-3\" data-orientation=\"hor\" data-index=\"3\" data-slot=\"ad-slot\" data-device=\"mobile\"><\/div>\n<\/aside>\n<div data-hk=\"0000a124212000a231a100\" class=\"Html-Block\" data-qa-article-content-text data-text-milestone-block>\n<h2>Vous \u00e9viterez ainsi les taches de moisissure sur l&rsquo;oreiller<\/h2>\n<p>Pour \u00e9viter la formation de moisissures, vous pouvez utiliser un prot\u00e8ge-oreiller imperm\u00e9able situ\u00e9 sous la taie d&rsquo;oreiller. Cela att\u00e9nue \u00e9galement les sympt\u00f4mes des personnes allergiques et est particuli\u00e8rement utile pour les oreillers co\u00fbteux que l&rsquo;on ne veut pas remplacer toutes les quelques ann\u00e9es.<\/p>\n<\/div>\n<div data-hk=\"0000a124212000a231a110\" class=\"Html-Block\" data-qa-article-content-text data-text-milestone-block>\n<p>Vous devez \u00e9galement changer les housses r\u00e9guli\u00e8rement. Les experts recommandent de le faire chaque semaine. Mais dans la pratique, tr\u00e8s peu de gens ont le temps de s\u2019en occuper. Essayez de trouver un rythme qui vous convient.<\/p>\n<\/div>\n<aside data-hk=\"0000a124212000a231a12004\" data-qa-ad-slot class=\"Ad-Slot Ad-Slot-mobile Ad-Slot-hor\">\n<div id=\"ad-slot-mobile-hor-4\" data-orientation=\"hor\" data-index=\"4\" data-slot=\"ad-slot\" data-device=\"mobile\"><\/div>\n<\/aside>\n<div data-hk=\"0000a124212000a231a130\" class=\"Html-Block\" data-qa-article-content-text data-text-milestone-block>\n<p>Lorsque vous vous levez le matin, laissez l&rsquo;oreiller bien a\u00e9rer pour que l&rsquo;humidit\u00e9 puisse s&rsquo;\u00e9chapper. Secouer vigoureusement aide \u00e9galement, car cela d\u00e9tend le duvet ou le rembourrage de l&rsquo;oreiller.<\/p>\n<\/div>\n<div data-hk=\"0000a124212000a231a140\" class=\"Html-Block\" data-qa-article-content-text data-text-milestone-block>\n<h2>Enlever les taches de moisissure<\/h2>\n<p>Pour les taches l\u00e9g\u00e8res, un simple lavage normal de l\u2019oreiller peut suffire. Veuillez noter les informations du fabricant sur l&rsquo;\u00e9tiquette. \u00c0 partir de 60 degr\u00e9s, les spores de moisissures et de nombreuses bact\u00e9ries sont \u00e9galement tu\u00e9es. Vous pouvez \u00e9galement pr\u00e9traiter le tissu avec des sprays anti-taches con\u00e7us pour lutter contre les taches de sueur.<\/p>\n<\/div>\n<aside data-hk=\"0000a124212000a231a15004\" data-qa-ad-slot class=\"Ad-Slot Ad-Slot-mobile Ad-Slot-hor\">\n<div id=\"ad-slot-mobile-hor-5\" data-orientation=\"hor\" data-index=\"5\" data-slot=\"ad-slot\" data-device=\"mobile\"><\/div>\n<\/aside>\n<div data-hk=\"0000a124212000a231a160\" class=\"Html-Block\" data-qa-article-content-text data-text-milestone-block>\n<p>Si le nettoyage n&rsquo;est pas satisfaisant, vous devrez recourir \u00e0 des m\u00e9thodes plus agressives avant de proc\u00e9der au lavage. Un m\u00e9lange de peroxyde d&rsquo;hydrog\u00e8ne et d&rsquo;eau (rapport 1:5) ou de vinaigre et d&rsquo;eau (rapport 1:3) peut aider \u00e0 traiter les taches. Mettez-le ensuite dans la machine \u00e0 laver. Avant de r\u00e9utiliser les coussins, ils doivent \u00eatre compl\u00e8tement secs.<\/p>\n<\/div>\n<div data-hk=\"0000a124212000a231a170\" class=\"Html-Block\" data-qa-article-content-text data-text-milestone-block>\n<p>Il n&rsquo;est pas facile de se d\u00e9barrasser des vieilles taches de moisissure. Si vous n&rsquo;avez pas lav\u00e9 votre oreiller depuis un certain temps, il peut \u00eatre conseill\u00e9 d&rsquo;en acheter un nouveau et de le recouvrir ult\u00e9rieurement d&rsquo;un prot\u00e8ge-oreiller imperm\u00e9able.<\/p>\n<\/div>\n<p><!--\/--><br \/>\n<!--$--><br \/>\n<!--\/--><br \/>\n<!--$--><br \/>\n<!--\/--><br \/>\n<!--$--><br \/>\n<!--\/--><\/p>\n","protected":false},"excerpt":{"rendered":"<p>Vos oreillers doivent r\u00e9sister \u00e0 beaucoup de choses. Les gens passent environ un tiers de<\/p>\n","protected":false},"author":1,"featured_media":19322,"comment_status":"open","ping_status":"","sticky":false,"template":"","format":"standard","meta":{"footnotes":""},"categories":[86],"tags":[3452,5192,8791,49,8792,2019,8098,62,112,3778],"class_list":["post-19321","post","type-post","status-publish","format-standard","has-post-thumbnail","hentry","category-les-maladies","tag-cest","tag-dalarme","tag-jaunes","tag-les","tag-loreiller","tag-pourquoi","tag-signal","tag-sont","tag-sur","tag-taches","generate-columns","tablet-grid-50","mobile-grid-100","grid-parent","grid-50","resize-featured-image"],"yoast_head":"<!-- This site is optimized with the Yoast SEO plugin v23.4 - https:\/\/yoast.com\/wordpress\/plugins\/seo\/ -->\n<title>C&#039;est pourquoi les taches jaunes sur l&#039;oreiller sont un signal d&#039;alarme - RVH-Synergie.org<\/title>\n<meta name=\"robots\" content=\"index, follow, max-snippet:-1, max-image-preview:large, max-video-preview:-1\" \/>\n<link rel=\"canonical\" href=\"https:\/\/rvh-synergie.org\/actualites\/cest-pourquoi-les-taches-jaunes-sur-loreiller-sont-un-signal-dalarme\/\" \/>\n<meta property=\"og:locale\" content=\"fr_FR\" \/>\n<meta property=\"og:type\" content=\"article\" \/>\n<meta property=\"og:title\" content=\"C&#039;est pourquoi les taches jaunes sur l&#039;oreiller sont un signal d&#039;alarme - RVH-Synergie.org\" \/>\n<meta property=\"og:description\" content=\"Vos oreillers doivent r\u00e9sister \u00e0 beaucoup de choses. Les gens passent environ un tiers de\" \/>\n<meta property=\"og:url\" content=\"https:\/\/rvh-synergie.org\/actualites\/cest-pourquoi-les-taches-jaunes-sur-loreiller-sont-un-signal-dalarme\/\" \/>\n<meta property=\"og:site_name\" content=\"RVH-Synergie\" \/>\n<meta property=\"article:published_time\" content=\"2026-09-03T20:11:20+00:00\" \/>\n<meta property=\"article:modified_time\" content=\"2026-09-03T20:11:21+00:00\" \/>\n<meta property=\"og:image\" content=\"https:\/\/rvh-synergie.org\/actualites\/wp-content\/uploads\/2026\/09\/Cest-pourquoi-les-taches-jaunes-sur-loreiller-sont-un-signal.jpeg\" \/>\n\t<meta property=\"og:image:width\" content=\"1200\" \/>\n\t<meta property=\"og:image:height\" content=\"630\" \/>\n\t<meta property=\"og:image:type\" content=\"image\/jpeg\" \/>\n<meta name=\"author\" content=\"Charles Martinez\" \/>\n<meta name=\"twitter:card\" content=\"summary_large_image\" \/>\n<meta name=\"twitter:label1\" content=\"\u00c9crit par\" \/>\n\t<meta name=\"twitter:data1\" content=\"Charles Martinez\" \/>\n\t<meta name=\"twitter:label2\" content=\"Dur\u00e9e de lecture estim\u00e9e\" \/>\n\t<meta name=\"twitter:data2\" content=\"3 minutes\" \/>\n<script type=\"application\/ld+json\" class=\"yoast-schema-graph\">{\"@context\":\"https:\/\/schema.org\",\"@graph\":[{\"@type\":\"Article\",\"@id\":\"https:\/\/rvh-synergie.org\/actualites\/cest-pourquoi-les-taches-jaunes-sur-loreiller-sont-un-signal-dalarme\/#article\",\"isPartOf\":{\"@id\":\"https:\/\/rvh-synergie.org\/actualites\/cest-pourquoi-les-taches-jaunes-sur-loreiller-sont-un-signal-dalarme\/\"},\"author\":{\"name\":\"Charles Martinez\",\"@id\":\"https:\/\/rvh-synergie.org\/actualites\/#\/schema\/person\/6affb9c7fc596daaea315c8c28318135\"},\"headline\":\"C&rsquo;est pourquoi les taches jaunes sur l&rsquo;oreiller sont un signal d&rsquo;alarme\",\"datePublished\":\"2026-09-03T20:11:20+00:00\",\"dateModified\":\"2026-09-03T20:11:21+00:00\",\"mainEntityOfPage\":{\"@id\":\"https:\/\/rvh-synergie.org\/actualites\/cest-pourquoi-les-taches-jaunes-sur-loreiller-sont-un-signal-dalarme\/\"},\"wordCount\":658,\"commentCount\":0,\"publisher\":{\"@id\":\"https:\/\/rvh-synergie.org\/actualites\/#organization\"},\"image\":{\"@id\":\"https:\/\/rvh-synergie.org\/actualites\/cest-pourquoi-les-taches-jaunes-sur-loreiller-sont-un-signal-dalarme\/#primaryimage\"},\"thumbnailUrl\":\"https:\/\/rvh-synergie.org\/actualites\/wp-content\/uploads\/2026\/09\/Cest-pourquoi-les-taches-jaunes-sur-loreiller-sont-un-signal.jpeg\",\"keywords\":[\"Cest\",\"dalarme\",\"jaunes\",\"Les\",\"loreiller\",\"Pourquoi\",\"signal\",\"sont\",\"sur\",\"taches\"],\"articleSection\":[\"Les maladies\"],\"inLanguage\":\"fr-FR\",\"potentialAction\":[{\"@type\":\"CommentAction\",\"name\":\"Comment\",\"target\":[\"https:\/\/rvh-synergie.org\/actualites\/cest-pourquoi-les-taches-jaunes-sur-loreiller-sont-un-signal-dalarme\/#respond\"]}]},{\"@type\":\"WebPage\",\"@id\":\"https:\/\/rvh-synergie.org\/actualites\/cest-pourquoi-les-taches-jaunes-sur-loreiller-sont-un-signal-dalarme\/\",\"url\":\"https:\/\/rvh-synergie.org\/actualites\/cest-pourquoi-les-taches-jaunes-sur-loreiller-sont-un-signal-dalarme\/\",\"name\":\"C'est pourquoi les taches jaunes sur l'oreiller sont un signal d'alarme - RVH-Synergie.org\",\"isPartOf\":{\"@id\":\"https:\/\/rvh-synergie.org\/actualites\/#website\"},\"primaryImageOfPage\":{\"@id\":\"https:\/\/rvh-synergie.org\/actualites\/cest-pourquoi-les-taches-jaunes-sur-loreiller-sont-un-signal-dalarme\/#primaryimage\"},\"image\":{\"@id\":\"https:\/\/rvh-synergie.org\/actualites\/cest-pourquoi-les-taches-jaunes-sur-loreiller-sont-un-signal-dalarme\/#primaryimage\"},\"thumbnailUrl\":\"https:\/\/rvh-synergie.org\/actualites\/wp-content\/uploads\/2026\/09\/Cest-pourquoi-les-taches-jaunes-sur-loreiller-sont-un-signal.jpeg\",\"datePublished\":\"2026-09-03T20:11:20+00:00\",\"dateModified\":\"2026-09-03T20:11:21+00:00\",\"breadcrumb\":{\"@id\":\"https:\/\/rvh-synergie.org\/actualites\/cest-pourquoi-les-taches-jaunes-sur-loreiller-sont-un-signal-dalarme\/#breadcrumb\"},\"inLanguage\":\"fr-FR\",\"potentialAction\":[{\"@type\":\"ReadAction\",\"target\":[\"https:\/\/rvh-synergie.org\/actualites\/cest-pourquoi-les-taches-jaunes-sur-loreiller-sont-un-signal-dalarme\/\"]}]},{\"@type\":\"ImageObject\",\"inLanguage\":\"fr-FR\",\"@id\":\"https:\/\/rvh-synergie.org\/actualites\/cest-pourquoi-les-taches-jaunes-sur-loreiller-sont-un-signal-dalarme\/#primaryimage\",\"url\":\"https:\/\/rvh-synergie.org\/actualites\/wp-content\/uploads\/2026\/09\/Cest-pourquoi-les-taches-jaunes-sur-loreiller-sont-un-signal.jpeg\",\"contentUrl\":\"https:\/\/rvh-synergie.org\/actualites\/wp-content\/uploads\/2026\/09\/Cest-pourquoi-les-taches-jaunes-sur-loreiller-sont-un-signal.jpeg\",\"width\":1200,\"height\":630},{\"@type\":\"BreadcrumbList\",\"@id\":\"https:\/\/rvh-synergie.org\/actualites\/cest-pourquoi-les-taches-jaunes-sur-loreiller-sont-un-signal-dalarme\/#breadcrumb\",\"itemListElement\":[{\"@type\":\"ListItem\",\"position\":1,\"name\":\"Accueil\",\"item\":\"https:\/\/rvh-synergie.org\/actualites\/\"},{\"@type\":\"ListItem\",\"position\":2,\"name\":\"C&rsquo;est pourquoi les taches jaunes sur l&rsquo;oreiller sont un signal d&rsquo;alarme\"}]},{\"@type\":\"WebSite\",\"@id\":\"https:\/\/rvh-synergie.org\/actualites\/#website\",\"url\":\"https:\/\/rvh-synergie.org\/actualites\/\",\"name\":\"RVH-Synergie.org\",\"description\":\"RVH-Synergie, site ind\u00e9pendant d&#039;informations sur la prise en charge des addictions.\",\"publisher\":{\"@id\":\"https:\/\/rvh-synergie.org\/actualites\/#organization\"},\"potentialAction\":[{\"@type\":\"SearchAction\",\"target\":{\"@type\":\"EntryPoint\",\"urlTemplate\":\"https:\/\/rvh-synergie.org\/actualites\/?s={search_term_string}\"},\"query-input\":{\"@type\":\"PropertyValueSpecification\",\"valueRequired\":true,\"valueName\":\"search_term_string\"}}],\"inLanguage\":\"fr-FR\"},{\"@type\":\"Organization\",\"@id\":\"https:\/\/rvh-synergie.org\/actualites\/#organization\",\"name\":\"RVH-Synergie.org\",\"url\":\"https:\/\/rvh-synergie.org\/actualites\/\",\"logo\":{\"@type\":\"ImageObject\",\"inLanguage\":\"fr-FR\",\"@id\":\"https:\/\/rvh-synergie.org\/actualites\/#\/schema\/logo\/image\/\",\"url\":\"https:\/\/rvh-synergie.org\/actualites\/wp-content\/uploads\/2024\/09\/favicon.png\",\"contentUrl\":\"https:\/\/rvh-synergie.org\/actualites\/wp-content\/uploads\/2024\/09\/favicon.png\",\"width\":512,\"height\":512,\"caption\":\"RVH-Synergie.org\"},\"image\":{\"@id\":\"https:\/\/rvh-synergie.org\/actualites\/#\/schema\/logo\/image\/\"}},{\"@type\":\"Person\",\"@id\":\"https:\/\/rvh-synergie.org\/actualites\/#\/schema\/person\/6affb9c7fc596daaea315c8c28318135\",\"name\":\"Charles Martinez\",\"image\":{\"@type\":\"ImageObject\",\"inLanguage\":\"fr-FR\",\"@id\":\"https:\/\/rvh-synergie.org\/actualites\/#\/schema\/person\/image\/\",\"url\":\"https:\/\/rvh-synergie.org\/actualites\/wp-content\/uploads\/2024\/09\/charles-martinez-scaled.jpg\",\"contentUrl\":\"https:\/\/rvh-synergie.org\/actualites\/wp-content\/uploads\/2024\/09\/charles-martinez-scaled.jpg\",\"caption\":\"Charles Martinez\"},\"description\":\"Bonjour, je m'appelle Charles Martinez, r\u00e9dacteur passionn\u00e9 pour le m\u00e9dia RVH-synergie.org, d\u00e9di\u00e9 aux addictions et aux maladies. Depuis plus de dix ans, j'explore et rapporte les histoires poignantes des individus confront\u00e9s \u00e0 ces d\u00e9fis, tout en sensibilisant le public aux traitements novateurs et aux progr\u00e8s scientifiques dans ce domaine. Mon engagement r\u00e9side dans l'espoir de cr\u00e9er une communaut\u00e9 inform\u00e9e et empathique, pr\u00eate \u00e0 soutenir ceux qui luttent contre ces \u00e9preuves.\",\"sameAs\":[\"https:\/\/rvh-synergie.org\/\"]}]}<\/script>\n<!-- \/ Yoast SEO plugin. -->","yoast_head_json":{"title":"C'est pourquoi les taches jaunes sur l'oreiller sont un signal d'alarme - RVH-Synergie.org","robots":{"index":"index","follow":"follow","max-snippet":"max-snippet:-1","max-image-preview":"max-image-preview:large","max-video-preview":"max-video-preview:-1"},"canonical":"https:\/\/rvh-synergie.org\/actualites\/cest-pourquoi-les-taches-jaunes-sur-loreiller-sont-un-signal-dalarme\/","og_locale":"fr_FR","og_type":"article","og_title":"C'est pourquoi les taches jaunes sur l'oreiller sont un signal d'alarme - RVH-Synergie.org","og_description":"Vos oreillers doivent r\u00e9sister \u00e0 beaucoup de choses. Les gens passent environ un tiers de","og_url":"https:\/\/rvh-synergie.org\/actualites\/cest-pourquoi-les-taches-jaunes-sur-loreiller-sont-un-signal-dalarme\/","og_site_name":"RVH-Synergie","article_published_time":"2026-09-03T20:11:20+00:00","article_modified_time":"2026-09-03T20:11:21+00:00","og_image":[{"width":1200,"height":630,"url":"https:\/\/rvh-synergie.org\/actualites\/wp-content\/uploads\/2026\/09\/Cest-pourquoi-les-taches-jaunes-sur-loreiller-sont-un-signal.jpeg","type":"image\/jpeg"}],"author":"Charles Martinez","twitter_card":"summary_large_image","twitter_misc":{"\u00c9crit par":"Charles Martinez","Dur\u00e9e de lecture estim\u00e9e":"3 minutes"},"schema":{"@context":"https:\/\/schema.org","@graph":[{"@type":"Article","@id":"https:\/\/rvh-synergie.org\/actualites\/cest-pourquoi-les-taches-jaunes-sur-loreiller-sont-un-signal-dalarme\/#article","isPartOf":{"@id":"https:\/\/rvh-synergie.org\/actualites\/cest-pourquoi-les-taches-jaunes-sur-loreiller-sont-un-signal-dalarme\/"},"author":{"name":"Charles Martinez","@id":"https:\/\/rvh-synergie.org\/actualites\/#\/schema\/person\/6affb9c7fc596daaea315c8c28318135"},"headline":"C&rsquo;est pourquoi les taches jaunes sur l&rsquo;oreiller sont un signal d&rsquo;alarme","datePublished":"2026-09-03T20:11:20+00:00","dateModified":"2026-09-03T20:11:21+00:00","mainEntityOfPage":{"@id":"https:\/\/rvh-synergie.org\/actualites\/cest-pourquoi-les-taches-jaunes-sur-loreiller-sont-un-signal-dalarme\/"},"wordCount":658,"commentCount":0,"publisher":{"@id":"https:\/\/rvh-synergie.org\/actualites\/#organization"},"image":{"@id":"https:\/\/rvh-synergie.org\/actualites\/cest-pourquoi-les-taches-jaunes-sur-loreiller-sont-un-signal-dalarme\/#primaryimage"},"thumbnailUrl":"https:\/\/rvh-synergie.org\/actualites\/wp-content\/uploads\/2026\/09\/Cest-pourquoi-les-taches-jaunes-sur-loreiller-sont-un-signal.jpeg","keywords":["Cest","dalarme","jaunes","Les","loreiller","Pourquoi","signal","sont","sur","taches"],"articleSection":["Les maladies"],"inLanguage":"fr-FR","potentialAction":[{"@type":"CommentAction","name":"Comment","target":["https:\/\/rvh-synergie.org\/actualites\/cest-pourquoi-les-taches-jaunes-sur-loreiller-sont-un-signal-dalarme\/#respond"]}]},{"@type":"WebPage","@id":"https:\/\/rvh-synergie.org\/actualites\/cest-pourquoi-les-taches-jaunes-sur-loreiller-sont-un-signal-dalarme\/","url":"https:\/\/rvh-synergie.org\/actualites\/cest-pourquoi-les-taches-jaunes-sur-loreiller-sont-un-signal-dalarme\/","name":"C'est pourquoi les taches jaunes sur l'oreiller sont un signal d'alarme - RVH-Synergie.org","isPartOf":{"@id":"https:\/\/rvh-synergie.org\/actualites\/#website"},"primaryImageOfPage":{"@id":"https:\/\/rvh-synergie.org\/actualites\/cest-pourquoi-les-taches-jaunes-sur-loreiller-sont-un-signal-dalarme\/#primaryimage"},"image":{"@id":"https:\/\/rvh-synergie.org\/actualites\/cest-pourquoi-les-taches-jaunes-sur-loreiller-sont-un-signal-dalarme\/#primaryimage"},"thumbnailUrl":"https:\/\/rvh-synergie.org\/actualites\/wp-content\/uploads\/2026\/09\/Cest-pourquoi-les-taches-jaunes-sur-loreiller-sont-un-signal.jpeg","datePublished":"2026-09-03T20:11:20+00:00","dateModified":"2026-09-03T20:11:21+00:00","breadcrumb":{"@id":"https:\/\/rvh-synergie.org\/actualites\/cest-pourquoi-les-taches-jaunes-sur-loreiller-sont-un-signal-dalarme\/#breadcrumb"},"inLanguage":"fr-FR","potentialAction":[{"@type":"ReadAction","target":["https:\/\/rvh-synergie.org\/actualites\/cest-pourquoi-les-taches-jaunes-sur-loreiller-sont-un-signal-dalarme\/"]}]},{"@type":"ImageObject","inLanguage":"fr-FR","@id":"https:\/\/rvh-synergie.org\/actualites\/cest-pourquoi-les-taches-jaunes-sur-loreiller-sont-un-signal-dalarme\/#primaryimage","url":"https:\/\/rvh-synergie.org\/actualites\/wp-content\/uploads\/2026\/09\/Cest-pourquoi-les-taches-jaunes-sur-loreiller-sont-un-signal.jpeg","contentUrl":"https:\/\/rvh-synergie.org\/actualites\/wp-content\/uploads\/2026\/09\/Cest-pourquoi-les-taches-jaunes-sur-loreiller-sont-un-signal.jpeg","width":1200,"height":630},{"@type":"BreadcrumbList","@id":"https:\/\/rvh-synergie.org\/actualites\/cest-pourquoi-les-taches-jaunes-sur-loreiller-sont-un-signal-dalarme\/#breadcrumb","itemListElement":[{"@type":"ListItem","position":1,"name":"Accueil","item":"https:\/\/rvh-synergie.org\/actualites\/"},{"@type":"ListItem","position":2,"name":"C&rsquo;est pourquoi les taches jaunes sur l&rsquo;oreiller sont un signal d&rsquo;alarme"}]},{"@type":"WebSite","@id":"https:\/\/rvh-synergie.org\/actualites\/#website","url":"https:\/\/rvh-synergie.org\/actualites\/","name":"RVH-Synergie.org","description":"RVH-Synergie, site ind\u00e9pendant d&#039;informations sur la prise en charge des addictions.","publisher":{"@id":"https:\/\/rvh-synergie.org\/actualites\/#organization"},"potentialAction":[{"@type":"SearchAction","target":{"@type":"EntryPoint","urlTemplate":"https:\/\/rvh-synergie.org\/actualites\/?s={search_term_string}"},"query-input":{"@type":"PropertyValueSpecification","valueRequired":true,"valueName":"search_term_string"}}],"inLanguage":"fr-FR"},{"@type":"Organization","@id":"https:\/\/rvh-synergie.org\/actualites\/#organization","name":"RVH-Synergie.org","url":"https:\/\/rvh-synergie.org\/actualites\/","logo":{"@type":"ImageObject","inLanguage":"fr-FR","@id":"https:\/\/rvh-synergie.org\/actualites\/#\/schema\/logo\/image\/","url":"https:\/\/rvh-synergie.org\/actualites\/wp-content\/uploads\/2024\/09\/favicon.png","contentUrl":"https:\/\/rvh-synergie.org\/actualites\/wp-content\/uploads\/2024\/09\/favicon.png","width":512,"height":512,"caption":"RVH-Synergie.org"},"image":{"@id":"https:\/\/rvh-synergie.org\/actualites\/#\/schema\/logo\/image\/"}},{"@type":"Person","@id":"https:\/\/rvh-synergie.org\/actualites\/#\/schema\/person\/6affb9c7fc596daaea315c8c28318135","name":"Charles Martinez","image":{"@type":"ImageObject","inLanguage":"fr-FR","@id":"https:\/\/rvh-synergie.org\/actualites\/#\/schema\/person\/image\/","url":"https:\/\/rvh-synergie.org\/actualites\/wp-content\/uploads\/2024\/09\/charles-martinez-scaled.jpg","contentUrl":"https:\/\/rvh-synergie.org\/actualites\/wp-content\/uploads\/2024\/09\/charles-martinez-scaled.jpg","caption":"Charles Martinez"},"description":"Bonjour, je m'appelle Charles Martinez, r\u00e9dacteur passionn\u00e9 pour le m\u00e9dia RVH-synergie.org, d\u00e9di\u00e9 aux addictions et aux maladies. Depuis plus de dix ans, j'explore et rapporte les histoires poignantes des individus confront\u00e9s \u00e0 ces d\u00e9fis, tout en sensibilisant le public aux traitements novateurs et aux progr\u00e8s scientifiques dans ce domaine. Mon engagement r\u00e9side dans l'espoir de cr\u00e9er une communaut\u00e9 inform\u00e9e et empathique, pr\u00eate \u00e0 soutenir ceux qui luttent contre ces \u00e9preuves.","sameAs":["https:\/\/rvh-synergie.org\/"]}]}},"_links":{"self":[{"href":"https:\/\/rvh-synergie.org\/actualites\/wp-json\/wp\/v2\/posts\/19321","targetHints":{"allow":["GET"]}}],"collection":[{"href":"https:\/\/rvh-synergie.org\/actualites\/wp-json\/wp\/v2\/posts"}],"about":[{"href":"https:\/\/rvh-synergie.org\/actualites\/wp-json\/wp\/v2\/types\/post"}],"author":[{"embeddable":true,"href":"https:\/\/rvh-synergie.org\/actualites\/wp-json\/wp\/v2\/users\/1"}],"replies":[{"embeddable":true,"href":"https:\/\/rvh-synergie.org\/actualites\/wp-json\/wp\/v2\/comments?post=19321"}],"version-history":[{"count":1,"href":"https:\/\/rvh-synergie.org\/actualites\/wp-json\/wp\/v2\/posts\/19321\/revisions"}],"predecessor-version":[{"id":19323,"href":"https:\/\/rvh-synergie.org\/actualites\/wp-json\/wp\/v2\/posts\/19321\/revisions\/19323"}],"wp:featuredmedia":[{"embeddable":true,"href":"https:\/\/rvh-synergie.org\/actualites\/wp-json\/wp\/v2\/media\/19322"}],"wp:attachment":[{"href":"https:\/\/rvh-synergie.org\/actualites\/wp-json\/wp\/v2\/media?parent=19321"}],"wp:term":[{"taxonomy":"category","embeddable":true,"href":"https:\/\/rvh-synergie.org\/actualites\/wp-json\/wp\/v2\/categories?post=19321"},{"taxonomy":"post_tag","embeddable":true,"href":"https:\/\/rvh-synergie.org\/actualites\/wp-json\/wp\/v2\/tags?post=19321"}],"curies":[{"name":"wp","href":"https:\/\/api.w.org\/{rel}","templated":true}]}}