{"id":19286,"date":"2026-09-02T14:11:13","date_gmt":"2026-09-02T12:11:13","guid":{"rendered":"https:\/\/rvh-synergie.org\/actualites\/la-consommation-de-sucre-pendant-lenfance-pourrait-influencer-le-risque-dalzheimer\/"},"modified":"2026-09-02T14:11:14","modified_gmt":"2026-09-02T12:11:14","slug":"la-consommation-de-sucre-pendant-lenfance-pourrait-influencer-le-risque-dalzheimer","status":"publish","type":"post","link":"https:\/\/rvh-synergie.org\/actualites\/la-consommation-de-sucre-pendant-lenfance-pourrait-influencer-le-risque-dalzheimer\/","title":{"rendered":"La consommation de sucre pendant l&rsquo;enfance pourrait influencer le risque d&rsquo;Alzheimer"},"content":{"rendered":"<p><!--$--><br \/>\n<!--\/--><br \/>\n<!--$--><\/p>\n<div data-hk=\"0000a124212000a23100\" class=\"Html-Block\" data-qa-article-content-text data-text-milestone-block>\n<p>Grande-Bretagne, d\u00e9but des ann\u00e9es 1950 : M\u00eame des ann\u00e9es apr\u00e8s la fin de la guerre, le sucre restait rationn\u00e9. Il n&rsquo;y avait pas de ration s\u00e9par\u00e9e pour les enfants de moins de deux ans et les sucreries manquaient donc. En septembre 1953, les restrictions tomb\u00e8rent et la consommation de sucre explosa. Plus de 70 ans plus tard, ce tournant historique offre une comparaison \u00e9tonnante : ceux qui ont pass\u00e9 leurs 1 000 premiers jours de vie sous rationnement de sucre avaient plus tard un risque 46 % inf\u00e9rieur de d\u00e9velopper la maladie d&rsquo;Alzheimer.<\/p>\n<\/div>\n<aside data-hk=\"0000a124212000a2311004\" data-qa-ad-slot class=\"Ad-Slot Ad-Slot-mobile Ad-Slot-hor Ad-Slot-FC\">\n<div class=\"Ad-Slot-FC-Container\">\n<div class=\"Ad-Slot-FC-Window\">\n<div id=\"ad-slot-mobile-hor-2\" data-orientation=\"hor\" data-index=\"2\" data-slot=\"ad-slot\" data-device=\"mobile\"><\/div>\n<\/div>\n<\/div>\n<\/aside>\n<div data-hk=\"0000a124212000a23120\" class=\"Html-Block\" data-qa-article-content-text data-text-milestone-block>\n<p>Les scientifiques ont \u00e9valu\u00e9 les donn\u00e9es de 60\u00a0394 personnes de la biobanque britannique. Tous les participants sont n\u00e9s entre 1951 et 1956. Comme le rapporte l\u2019\u00e9quipe dans la revue \u00ab npj Aging \u00bb, le risque global de d\u00e9mence \u00e9tait 27 % inf\u00e9rieur dans le premier groupe rationn\u00e9.<\/p>\n<\/div>\n<div data-hk=\"0000a124212000a23130\" class=\"Html-Block\" data-qa-article-content-text data-text-milestone-block>\n<h2>Moins de sucre est li\u00e9 \u00e0 un risque plus faible de maladie d&rsquo;Alzheimer<\/h2>\n<p>Les chiffres de consommation montrent \u00e0 quel point les conditions nutritionnelles ont chang\u00e9 \u00e0 cette \u00e9poque. Les adultes consommaient en moyenne environ 41 grammes de sucre par jour pendant le rationnement \u2013 \u200b\u200bune quantit\u00e9 \u00e0 peu pr\u00e8s conforme aux recommandations actuelles.<\/p>\n<\/div>\n<aside data-hk=\"0000a124212000a2314004\" data-qa-ad-slot class=\"Ad-Slot Ad-Slot-mobile Ad-Slot-out\">\n<div id=\"ad-slot-mobile-out-1\" data-orientation=\"out\" data-index=\"1\" data-slot=\"ad-slot\" data-device=\"mobile\"><\/div>\n<\/aside>\n<div data-hk=\"0000a124212000a23150\" class=\"Html-Block\" data-qa-article-content-text data-text-milestone-block>\n<p>Apr\u00e8s la fin des restrictions, la valeur est pass\u00e9e \u00e0 environ 80 grammes par jour. La consommation de sucreries des enfants a plus que doubl\u00e9. Il en r\u00e9sulte des mill\u00e9simes presque du m\u00eame \u00e2ge, dont l&rsquo;alimentation pr\u00e9coce diff\u00e8re sensiblement.<\/p>\n<\/div>\n<div data-hk=\"0000a124212000a23160\" class=\"Ad-Carousel mb-xl row\">\n<div data-hk=\"0000a124212000a231610\" class=\"col-lg-4\">\n<div data-hk=\"0000a124212000a231611004\" data-qa-ad-slot class=\"Ad-Slot Ad-Slot-desktop Ad-Slot-ver\" role=\"region\" aria-label=\"Anzeige 1\">\n<div id=\"ad-slot-desktop-ver-1\" data-orientation=\"ver\" data-index=\"1\" data-slot=\"ad-slot\" data-device=\"desktop\"><\/div>\n<\/div>\n<\/div>\n<div data-hk=\"0000a124212000a231612\" class=\"col-lg-4\">\n<aside data-hk=\"0000a124212000a231613004\" data-qa-ad-slot class=\"Ad-Slot Ad-Slot-desktop Ad-Slot-ver Ad-Slot-FC\">\n<div class=\"Ad-Slot-FC-Container\">\n<div class=\"Ad-Slot-FC-Window\">\n<div id=\"ad-slot-desktop-ver-2\" data-orientation=\"ver\" data-index=\"2\" data-slot=\"ad-slot\" data-device=\"desktop\"><\/div>\n<\/div>\n<\/div>\n<\/aside>\n<\/div>\n<div data-hk=\"0000a124212000a231614\" class=\"col-lg-4\">\n<div data-hk=\"0000a124212000a231615004\" data-qa-ad-slot class=\"Ad-Slot Ad-Slot-desktop Ad-Slot-ver\" role=\"region\" aria-label=\"Anzeige 3\">\n<div id=\"ad-slot-desktop-ver-3\" data-orientation=\"ver\" data-index=\"3\" data-slot=\"ad-slot\" data-device=\"desktop\"><\/div>\n<\/div>\n<\/div>\n<\/div>\n<div data-hk=\"0000a124212000a23170\" class=\"Html-Block\" data-qa-article-content-text data-text-milestone-block>\n<h2>La fin du rationnement du sucre rend la comparaison possible<\/h2>\n<p>Les scientifiques ont r\u00e9parti les participants selon le moment o\u00f9 ils ont \u00e9t\u00e9 expos\u00e9s au rationnement du sucre. Un groupe en a fait l\u2019exp\u00e9rience exclusivement dans l\u2019ut\u00e9rus. Dans un deuxi\u00e8me groupe, la restriction s&rsquo;appliquait pendant la grossesse et jusqu&rsquo;\u00e0 deux ans apr\u00e8s la naissance. Un autre groupe a grandi sans cette restriction.<\/p>\n<\/div>\n<aside data-hk=\"0000a124212000a2318004\" data-qa-ad-slot class=\"Ad-Slot Ad-Slot-mobile Ad-Slot-hor\">\n<div id=\"ad-slot-mobile-hor-3\" data-orientation=\"hor\" data-index=\"3\" data-slot=\"ad-slot\" data-device=\"mobile\"><\/div>\n<\/aside>\n<div data-hk=\"0000a124212000a23190\" class=\"Html-Block\" data-qa-article-content-text data-text-milestone-block>\n<p>Les diff\u00e9rences \u00e9taient particuli\u00e8rement nettes chez les personnes dont la consommation de sucre restait limit\u00e9e m\u00eame apr\u00e8s la naissance. En revanche, la restriction exclusivement pendant la grossesse n\u2019\u00e9tait associ\u00e9e qu\u2019\u00e0 quelques diff\u00e9rences nettes. Il n\u2019y avait pas de lien aussi clair en ce qui concerne le risque de maladie d\u2019Alzheimer.<\/p>\n<\/div>\n<div data-hk=\"0000a124212000a231a100\" class=\"Html-Block\" data-qa-article-content-text data-text-milestone-block>\n<h2>Les 1000 premiers jours pourraient \u00eatre particuli\u00e8rement importants<\/h2>\n<p>Les 1000 premiers jours s&rsquo;\u00e9tendent de la conception jusqu&rsquo;au deuxi\u00e8me anniversaire environ. L\u2019auteur de l\u2019\u00e9tude, Bing Zhang, d\u00e9crit cette p\u00e9riode comme \u00ab une fen\u00eatre critique pendant laquelle le cerveau se d\u00e9veloppe rapidement et est particuli\u00e8rement sensible aux signaux nutritionnels \u00bb.<\/p>\n<\/div>\n<aside data-hk=\"0000a124212000a231a11004\" data-qa-ad-slot class=\"Ad-Slot Ad-Slot-mobile Ad-Slot-hor\">\n<div id=\"ad-slot-mobile-hor-4\" data-orientation=\"hor\" data-index=\"4\" data-slot=\"ad-slot\" data-device=\"mobile\"><\/div>\n<\/aside>\n<div data-hk=\"0000a124212000a231a120\" class=\"Html-Block\" data-qa-article-content-text data-text-milestone-block>\n<p>D&rsquo;autres maladies sont \u00e9galement survenues moins fr\u00e9quemment chez les participants qui ont grandi avec moins de sucre d\u00e8s leur plus jeune \u00e2ge. Leur risque de d\u00e9pression \u00e9tait inf\u00e9rieur de onze pour cent. Pour les troubles anxieux, la diff\u00e9rence \u00e9tait de 20 pour cent. Cependant, les scientifiques n\u2019ont trouv\u00e9 aucun lien correspondant avec la maladie de Parkinson. Pour la d\u00e9pression et les troubles anxieux, l\u2019association augmentait lorsque la restriction sucr\u00e9e durait plus de six mois apr\u00e8s la naissance.<\/p>\n<\/div>\n<aside data-hk=\"0000a124212000a231a13004\" data-qa-ad-slot class=\"Ad-Slot Ad-Slot-mobile Ad-Slot-hor\">\n<div id=\"ad-slot-mobile-hor-5\" data-orientation=\"hor\" data-index=\"5\" data-slot=\"ad-slot\" data-device=\"mobile\"><\/div>\n<\/aside>\n<aside data-hk=\"0000a124212000a231a14004\" data-qa-ad-slot class=\"Ad-Slot Ad-Slot-desktop Ad-Slot-hor Ad-Slot-FC\">\n<div class=\"Ad-Slot-FC-Container\">\n<div class=\"Ad-Slot-FC-Window\">\n<div id=\"ad-slot-desktop-hor-2\" data-orientation=\"hor\" data-index=\"2\" data-slot=\"ad-slot\" data-device=\"desktop\"><\/div>\n<\/div>\n<\/div>\n<\/aside>\n<div data-hk=\"0000a124212000a231a150\" class=\"Html-Block\" data-qa-article-content-text data-text-milestone-block>\n<h2>Il existe \u00e9galement des diff\u00e9rences dans le cerveau<\/h2>\n<p>Certains participants ont \u00e9galement subi une IRM du cerveau. Les scientifiques ont d\u00e9couvert d&rsquo;autres diff\u00e9rences entre les groupes. Chez les personnes qui vivaient sous rationnement de sucre apr\u00e8s la naissance, l\u2019\u00e2ge c\u00e9r\u00e9bral calcul\u00e9 \u00e9tait en moyenne 0,39 an plus jeune que leur \u00e2ge biologique.<\/p>\n<\/div>\n<div data-hk=\"0000a124212000a231a160\" class=\"Html-Block\" data-qa-article-content-text data-text-milestone-block>\n<p>Dans le m\u00eame temps, plusieurs r\u00e9gions c\u00e9r\u00e9brales plus profondes \u00e9taient plus grandes. Ceux-ci comprenaient l&rsquo;hippocampe et le thalamus. L&rsquo;hippocampe est important, entre autres, pour la formation et la r\u00e9cup\u00e9ration des souvenirs. Surtout dans la maladie d&rsquo;Alzheimer, c&rsquo;est l&rsquo;une des r\u00e9gions du cerveau qui peut \u00eatre affect\u00e9e tr\u00e8s t\u00f4t par des changements.<\/p>\n<\/div>\n<aside data-hk=\"0000a124212000a231a17004\" data-qa-ad-slot class=\"Ad-Slot Ad-Slot-mobile Ad-Slot-hor\">\n<div id=\"ad-slot-mobile-hor-6\" data-orientation=\"hor\" data-index=\"6\" data-slot=\"ad-slot\" data-device=\"mobile\"><\/div>\n<\/aside>\n<div data-hk=\"0000a124212000a231a180\" class=\"Html-Block\" data-qa-article-content-text data-text-milestone-block>\n<h2>La maladie d&rsquo;Alzheimer et le sucre ne peuvent \u00eatre r\u00e9duits \u00e0 une cause et un effet<\/h2>\n<p>Toutefois, les chiffres ne permettent pas de conclure que moins de sucre pendant la petite enfance pr\u00e9vient la maladie d&rsquo;Alzheimer. Les participants n\u2019ont pas \u00e9t\u00e9 assign\u00e9s au hasard \u00e0 diff\u00e9rents r\u00e9gimes. Au lieu de cela, les scientifiques ont utilis\u00e9 la fin historique du rationnement britannique comme une exp\u00e9rience naturelle.<\/p>\n<\/div>\n<div data-hk=\"0000a124212000a231a190\" class=\"Html-Block\" data-qa-article-content-text data-text-milestone-block>\n<p>La quantit\u00e9 de sucre r\u00e9ellement consomm\u00e9e par les m\u00e8res et les enfants est \u00e9galement inconnue. En outre, la Grande-Bretagne a chang\u00e9 dans de nombreux autres domaines apr\u00e8s la guerre. Les calculs ont pris en compte, entre autres, le lieu de naissance, les facteurs sociaux et \u00e9conomiques et les diff\u00e9rences g\u00e9n\u00e9tiques. N\u00e9anmoins, d\u2019autres influences ne peuvent \u00eatre totalement exclues.<\/p>\n<\/div>\n<aside data-hk=\"0000a124212000a231a20004\" data-qa-ad-slot class=\"Ad-Slot Ad-Slot-mobile Ad-Slot-hor\">\n<div id=\"ad-slot-mobile-hor-7\" data-orientation=\"hor\" data-index=\"7\" data-slot=\"ad-slot\" data-device=\"mobile\"><\/div>\n<\/aside>\n<aside data-hk=\"0000a124212000a231a21004\" data-qa-ad-slot class=\"Ad-Slot Ad-Slot-desktop Ad-Slot-out\">\n<div id=\"ad-slot-desktop-out-1\" data-orientation=\"out\" data-index=\"1\" data-slot=\"ad-slot\" data-device=\"desktop\"><\/div>\n<\/aside>\n<div data-hk=\"0000a124212000a231a220\" class=\"Html-Block\" data-qa-article-content-text data-text-milestone-block>\n<h2>Seulement 123 participants ont d\u00e9velopp\u00e9 la maladie d&rsquo;Alzheimer<\/h2>\n<p>Le nombre absolu de cas limite \u00e9galement la signification. Sur plus de 60 000 personnes examin\u00e9es, 307 ont d\u00e9velopp\u00e9 une d\u00e9mence au cours du suivi. Parmi eux, 123 cas d&rsquo;Alzheimer. Le chiffre de 46 pour cent d\u00e9crit donc une diff\u00e9rence de risque relatif entre les groupes examin\u00e9s et n&rsquo;indique pas la probabilit\u00e9 qu&rsquo;une personne particuli\u00e8re d\u00e9veloppe la maladie d&rsquo;Alzheimer.<\/p>\n<\/div>\n<aside data-hk=\"0000a124212000a231a23004\" data-qa-ad-slot class=\"Ad-Slot Ad-Slot-mobile Ad-Slot-hor\">\n<div id=\"ad-slot-mobile-hor-8\" data-orientation=\"hor\" data-index=\"8\" data-slot=\"ad-slot\" data-device=\"mobile\"><\/div>\n<\/aside>\n<div data-hk=\"0000a124212000a231a240\" class=\"Html-Block\" data-qa-article-content-text data-text-milestone-block>\n<p>\u00c0 cela s\u2019ajoute la composition de la UK Biobank. Leurs participants sont majoritairement blancs et, en moyenne, en meilleure sant\u00e9 que la population britannique g\u00e9n\u00e9rale. Les r\u00e9sultats ne peuvent donc pas \u00eatre facilement transpos\u00e9s \u00e0 tous les groupes de population.<\/p>\n<\/div>\n<div data-hk=\"0000a124212000a231a250\" class=\"Html-Block\" data-qa-article-content-text data-text-milestone-block>\n<h2>Le sucre peut provoquer une r\u00e9sistance \u00e0 l&rsquo;insuline<\/h2>\n<p>Pour Bing Zhang, une connexion possible pourrait passer par le m\u00e9tabolisme. \u00ab\u00a0Une consommation \u00e9lev\u00e9e de sucre \u00e0 un jeune \u00e2ge favorise la r\u00e9sistance \u00e0 l&rsquo;insuline et une inflammation chronique de faible intensit\u00e9\u00a0\u00bb, explique le m\u00e9decin. Les deux facteurs sont consid\u00e9r\u00e9s comme des facteurs de risque possibles de d\u00e9mence. Cependant, ces m\u00e9canismes n\u2019ont pas \u00e9t\u00e9 examin\u00e9s directement dans les travaux.<\/p>\n<\/div>\n<aside data-hk=\"0000a124212000a231a26004\" data-qa-ad-slot class=\"Ad-Slot Ad-Slot-mobile Ad-Slot-hor\">\n<div id=\"ad-slot-mobile-hor-9\" data-orientation=\"hor\" data-index=\"9\" data-slot=\"ad-slot\" data-device=\"mobile\"><\/div>\n<\/aside>\n<div data-hk=\"0000a124212000a231a270\" class=\"Html-Block\" data-qa-article-content-text data-text-milestone-block>\n<p>Ce qui reste particuli\u00e8rement frappant, c&rsquo;est le timing. Une exposition plus faible au sucre in utero seule \u00e9tait associ\u00e9e \u00e0 relativement peu de diff\u00e9rences. Ce n\u2019est que lorsque le rationnement s\u2019est poursuivi apr\u00e8s la naissance que des liens plus forts avec la maladie d\u2019Alzheimer, la d\u00e9mence et la structure c\u00e9r\u00e9brale ont \u00e9merg\u00e9.<\/p>\n<\/div>\n<div data-hk=\"0000a124212000a231a280\" class=\"Html-Block\" data-qa-article-content-text data-text-milestone-block>\n<h2>En r\u00e9sum\u00e9 :<\/h2>\n<ul>\n<li>Les personnes qui limitaient leur consommation de sucre au cours des 1 000 premiers jours de leur vie pr\u00e9sentaient un risque 46 % inf\u00e9rieur de d\u00e9velopper la maladie d&rsquo;Alzheimer par la suite.<\/li>\n<li>Le lien \u00e9tait particuli\u00e8rement clair lorsque la restriction en sucre se poursuivait apr\u00e8s la naissance.<\/li>\n<li>L&rsquo;\u00e9tude d\u00e9crit un lien, mais ne prouve pas que moins de sucre pendant la petite enfance pr\u00e9vient la maladie d&rsquo;Alzheimer.<\/li>\n<\/ul>\n<p>Par Anne Bajrica<\/p>\n<\/div>\n<div data-hk=\"0000a124212000a231a290\" class=\"Html-Block\" data-qa-article-content-text data-text-milestone-block>\n<p><i>L&rsquo;original de cet article \u00ab\u00a0Ceux qui ont consomm\u00e9 moins de sucre lorsqu&rsquo;ils \u00e9taient b\u00e9b\u00e9s avaient plus tard un risque 46 pour cent inf\u00e9rieur de d\u00e9velopper la maladie d&rsquo;Alzheimer\u00a0\u00bb vient de Smart Up News.<\/i><\/p>\n<\/div>\n<p><!--\/--><br \/>\n<!--$--><br \/>\n<!--\/--><br \/>\n<!--$--><br \/>\n<!--\/--><br \/>\n<!--$--><br \/>\n<!--\/--><\/p>\n","protected":false},"excerpt":{"rendered":"<p>Grande-Bretagne, d\u00e9but des ann\u00e9es 1950 : M\u00eame des ann\u00e9es apr\u00e8s la fin de la guerre,<\/p>\n","protected":false},"author":1,"featured_media":19287,"comment_status":"open","ping_status":"","sticky":false,"template":"","format":"standard","meta":{"footnotes":""},"categories":[86],"tags":[33,676,2722,2419,201,203,40,555],"class_list":["post-19286","post","type-post","status-publish","format-standard","has-post-thumbnail","hentry","category-les-maladies","tag-consommation","tag-dalzheimer","tag-influencer","tag-lenfance","tag-pendant","tag-pourrait","tag-risque","tag-sucre","generate-columns","tablet-grid-50","mobile-grid-100","grid-parent","grid-50","resize-featured-image"],"yoast_head":"<!-- This site is optimized with the Yoast SEO plugin v23.4 - https:\/\/yoast.com\/wordpress\/plugins\/seo\/ -->\n<title>La consommation de sucre pendant l&#039;enfance pourrait influencer le risque d&#039;Alzheimer - RVH-Synergie.org<\/title>\n<meta name=\"robots\" content=\"index, follow, max-snippet:-1, max-image-preview:large, max-video-preview:-1\" \/>\n<link rel=\"canonical\" href=\"https:\/\/rvh-synergie.org\/actualites\/la-consommation-de-sucre-pendant-lenfance-pourrait-influencer-le-risque-dalzheimer\/\" \/>\n<meta property=\"og:locale\" content=\"fr_FR\" \/>\n<meta property=\"og:type\" content=\"article\" \/>\n<meta property=\"og:title\" content=\"La consommation de sucre pendant l&#039;enfance pourrait influencer le risque d&#039;Alzheimer - RVH-Synergie.org\" \/>\n<meta property=\"og:description\" content=\"Grande-Bretagne, d\u00e9but des ann\u00e9es 1950 : M\u00eame des ann\u00e9es apr\u00e8s la fin de la guerre,\" \/>\n<meta property=\"og:url\" content=\"https:\/\/rvh-synergie.org\/actualites\/la-consommation-de-sucre-pendant-lenfance-pourrait-influencer-le-risque-dalzheimer\/\" \/>\n<meta property=\"og:site_name\" content=\"RVH-Synergie\" \/>\n<meta property=\"article:published_time\" content=\"2026-09-02T12:11:13+00:00\" \/>\n<meta property=\"article:modified_time\" content=\"2026-09-02T12:11:14+00:00\" \/>\n<meta property=\"og:image\" content=\"https:\/\/rvh-synergie.org\/actualites\/wp-content\/uploads\/2026\/09\/La-consommation-de-sucre-pendant-lenfance-pourrait-influencer-le-risque.jpg\" \/>\n\t<meta property=\"og:image:width\" content=\"1200\" \/>\n\t<meta property=\"og:image:height\" content=\"630\" \/>\n\t<meta property=\"og:image:type\" content=\"image\/jpeg\" \/>\n<meta name=\"author\" content=\"Charles Martinez\" \/>\n<meta name=\"twitter:card\" content=\"summary_large_image\" \/>\n<meta name=\"twitter:label1\" content=\"\u00c9crit par\" \/>\n\t<meta name=\"twitter:data1\" content=\"Charles Martinez\" \/>\n\t<meta name=\"twitter:label2\" content=\"Dur\u00e9e de lecture estim\u00e9e\" \/>\n\t<meta name=\"twitter:data2\" content=\"6 minutes\" \/>\n<script type=\"application\/ld+json\" class=\"yoast-schema-graph\">{\"@context\":\"https:\/\/schema.org\",\"@graph\":[{\"@type\":\"Article\",\"@id\":\"https:\/\/rvh-synergie.org\/actualites\/la-consommation-de-sucre-pendant-lenfance-pourrait-influencer-le-risque-dalzheimer\/#article\",\"isPartOf\":{\"@id\":\"https:\/\/rvh-synergie.org\/actualites\/la-consommation-de-sucre-pendant-lenfance-pourrait-influencer-le-risque-dalzheimer\/\"},\"author\":{\"name\":\"Charles Martinez\",\"@id\":\"https:\/\/rvh-synergie.org\/actualites\/#\/schema\/person\/6affb9c7fc596daaea315c8c28318135\"},\"headline\":\"La consommation de sucre pendant l&rsquo;enfance pourrait influencer le risque d&rsquo;Alzheimer\",\"datePublished\":\"2026-09-02T12:11:13+00:00\",\"dateModified\":\"2026-09-02T12:11:14+00:00\",\"mainEntityOfPage\":{\"@id\":\"https:\/\/rvh-synergie.org\/actualites\/la-consommation-de-sucre-pendant-lenfance-pourrait-influencer-le-risque-dalzheimer\/\"},\"wordCount\":1161,\"commentCount\":0,\"publisher\":{\"@id\":\"https:\/\/rvh-synergie.org\/actualites\/#organization\"},\"image\":{\"@id\":\"https:\/\/rvh-synergie.org\/actualites\/la-consommation-de-sucre-pendant-lenfance-pourrait-influencer-le-risque-dalzheimer\/#primaryimage\"},\"thumbnailUrl\":\"https:\/\/rvh-synergie.org\/actualites\/wp-content\/uploads\/2026\/09\/La-consommation-de-sucre-pendant-lenfance-pourrait-influencer-le-risque.jpg\",\"keywords\":[\"consommation\",\"dAlzheimer\",\"influencer\",\"lenfance\",\"pendant\",\"pourrait\",\"risque\",\"Sucre\"],\"articleSection\":[\"Les maladies\"],\"inLanguage\":\"fr-FR\",\"potentialAction\":[{\"@type\":\"CommentAction\",\"name\":\"Comment\",\"target\":[\"https:\/\/rvh-synergie.org\/actualites\/la-consommation-de-sucre-pendant-lenfance-pourrait-influencer-le-risque-dalzheimer\/#respond\"]}]},{\"@type\":\"WebPage\",\"@id\":\"https:\/\/rvh-synergie.org\/actualites\/la-consommation-de-sucre-pendant-lenfance-pourrait-influencer-le-risque-dalzheimer\/\",\"url\":\"https:\/\/rvh-synergie.org\/actualites\/la-consommation-de-sucre-pendant-lenfance-pourrait-influencer-le-risque-dalzheimer\/\",\"name\":\"La consommation de sucre pendant l'enfance pourrait influencer le risque d'Alzheimer - RVH-Synergie.org\",\"isPartOf\":{\"@id\":\"https:\/\/rvh-synergie.org\/actualites\/#website\"},\"primaryImageOfPage\":{\"@id\":\"https:\/\/rvh-synergie.org\/actualites\/la-consommation-de-sucre-pendant-lenfance-pourrait-influencer-le-risque-dalzheimer\/#primaryimage\"},\"image\":{\"@id\":\"https:\/\/rvh-synergie.org\/actualites\/la-consommation-de-sucre-pendant-lenfance-pourrait-influencer-le-risque-dalzheimer\/#primaryimage\"},\"thumbnailUrl\":\"https:\/\/rvh-synergie.org\/actualites\/wp-content\/uploads\/2026\/09\/La-consommation-de-sucre-pendant-lenfance-pourrait-influencer-le-risque.jpg\",\"datePublished\":\"2026-09-02T12:11:13+00:00\",\"dateModified\":\"2026-09-02T12:11:14+00:00\",\"breadcrumb\":{\"@id\":\"https:\/\/rvh-synergie.org\/actualites\/la-consommation-de-sucre-pendant-lenfance-pourrait-influencer-le-risque-dalzheimer\/#breadcrumb\"},\"inLanguage\":\"fr-FR\",\"potentialAction\":[{\"@type\":\"ReadAction\",\"target\":[\"https:\/\/rvh-synergie.org\/actualites\/la-consommation-de-sucre-pendant-lenfance-pourrait-influencer-le-risque-dalzheimer\/\"]}]},{\"@type\":\"ImageObject\",\"inLanguage\":\"fr-FR\",\"@id\":\"https:\/\/rvh-synergie.org\/actualites\/la-consommation-de-sucre-pendant-lenfance-pourrait-influencer-le-risque-dalzheimer\/#primaryimage\",\"url\":\"https:\/\/rvh-synergie.org\/actualites\/wp-content\/uploads\/2026\/09\/La-consommation-de-sucre-pendant-lenfance-pourrait-influencer-le-risque.jpg\",\"contentUrl\":\"https:\/\/rvh-synergie.org\/actualites\/wp-content\/uploads\/2026\/09\/La-consommation-de-sucre-pendant-lenfance-pourrait-influencer-le-risque.jpg\",\"width\":1200,\"height\":630},{\"@type\":\"BreadcrumbList\",\"@id\":\"https:\/\/rvh-synergie.org\/actualites\/la-consommation-de-sucre-pendant-lenfance-pourrait-influencer-le-risque-dalzheimer\/#breadcrumb\",\"itemListElement\":[{\"@type\":\"ListItem\",\"position\":1,\"name\":\"Accueil\",\"item\":\"https:\/\/rvh-synergie.org\/actualites\/\"},{\"@type\":\"ListItem\",\"position\":2,\"name\":\"La consommation de sucre pendant l&rsquo;enfance pourrait influencer le risque d&rsquo;Alzheimer\"}]},{\"@type\":\"WebSite\",\"@id\":\"https:\/\/rvh-synergie.org\/actualites\/#website\",\"url\":\"https:\/\/rvh-synergie.org\/actualites\/\",\"name\":\"RVH-Synergie.org\",\"description\":\"RVH-Synergie, site ind\u00e9pendant d&#039;informations sur la prise en charge des addictions.\",\"publisher\":{\"@id\":\"https:\/\/rvh-synergie.org\/actualites\/#organization\"},\"potentialAction\":[{\"@type\":\"SearchAction\",\"target\":{\"@type\":\"EntryPoint\",\"urlTemplate\":\"https:\/\/rvh-synergie.org\/actualites\/?s={search_term_string}\"},\"query-input\":{\"@type\":\"PropertyValueSpecification\",\"valueRequired\":true,\"valueName\":\"search_term_string\"}}],\"inLanguage\":\"fr-FR\"},{\"@type\":\"Organization\",\"@id\":\"https:\/\/rvh-synergie.org\/actualites\/#organization\",\"name\":\"RVH-Synergie.org\",\"url\":\"https:\/\/rvh-synergie.org\/actualites\/\",\"logo\":{\"@type\":\"ImageObject\",\"inLanguage\":\"fr-FR\",\"@id\":\"https:\/\/rvh-synergie.org\/actualites\/#\/schema\/logo\/image\/\",\"url\":\"https:\/\/rvh-synergie.org\/actualites\/wp-content\/uploads\/2024\/09\/favicon.png\",\"contentUrl\":\"https:\/\/rvh-synergie.org\/actualites\/wp-content\/uploads\/2024\/09\/favicon.png\",\"width\":512,\"height\":512,\"caption\":\"RVH-Synergie.org\"},\"image\":{\"@id\":\"https:\/\/rvh-synergie.org\/actualites\/#\/schema\/logo\/image\/\"}},{\"@type\":\"Person\",\"@id\":\"https:\/\/rvh-synergie.org\/actualites\/#\/schema\/person\/6affb9c7fc596daaea315c8c28318135\",\"name\":\"Charles Martinez\",\"image\":{\"@type\":\"ImageObject\",\"inLanguage\":\"fr-FR\",\"@id\":\"https:\/\/rvh-synergie.org\/actualites\/#\/schema\/person\/image\/\",\"url\":\"https:\/\/rvh-synergie.org\/actualites\/wp-content\/uploads\/2024\/09\/charles-martinez-scaled.jpg\",\"contentUrl\":\"https:\/\/rvh-synergie.org\/actualites\/wp-content\/uploads\/2024\/09\/charles-martinez-scaled.jpg\",\"caption\":\"Charles Martinez\"},\"description\":\"Bonjour, je m'appelle Charles Martinez, r\u00e9dacteur passionn\u00e9 pour le m\u00e9dia RVH-synergie.org, d\u00e9di\u00e9 aux addictions et aux maladies. Depuis plus de dix ans, j'explore et rapporte les histoires poignantes des individus confront\u00e9s \u00e0 ces d\u00e9fis, tout en sensibilisant le public aux traitements novateurs et aux progr\u00e8s scientifiques dans ce domaine. Mon engagement r\u00e9side dans l'espoir de cr\u00e9er une communaut\u00e9 inform\u00e9e et empathique, pr\u00eate \u00e0 soutenir ceux qui luttent contre ces \u00e9preuves.\",\"sameAs\":[\"https:\/\/rvh-synergie.org\/\"]}]}<\/script>\n<!-- \/ Yoast SEO plugin. -->","yoast_head_json":{"title":"La consommation de sucre pendant l'enfance pourrait influencer le risque d'Alzheimer - RVH-Synergie.org","robots":{"index":"index","follow":"follow","max-snippet":"max-snippet:-1","max-image-preview":"max-image-preview:large","max-video-preview":"max-video-preview:-1"},"canonical":"https:\/\/rvh-synergie.org\/actualites\/la-consommation-de-sucre-pendant-lenfance-pourrait-influencer-le-risque-dalzheimer\/","og_locale":"fr_FR","og_type":"article","og_title":"La consommation de sucre pendant l'enfance pourrait influencer le risque d'Alzheimer - RVH-Synergie.org","og_description":"Grande-Bretagne, d\u00e9but des ann\u00e9es 1950 : M\u00eame des ann\u00e9es apr\u00e8s la fin de la guerre,","og_url":"https:\/\/rvh-synergie.org\/actualites\/la-consommation-de-sucre-pendant-lenfance-pourrait-influencer-le-risque-dalzheimer\/","og_site_name":"RVH-Synergie","article_published_time":"2026-09-02T12:11:13+00:00","article_modified_time":"2026-09-02T12:11:14+00:00","og_image":[{"width":1200,"height":630,"url":"https:\/\/rvh-synergie.org\/actualites\/wp-content\/uploads\/2026\/09\/La-consommation-de-sucre-pendant-lenfance-pourrait-influencer-le-risque.jpg","type":"image\/jpeg"}],"author":"Charles Martinez","twitter_card":"summary_large_image","twitter_misc":{"\u00c9crit par":"Charles Martinez","Dur\u00e9e de lecture estim\u00e9e":"6 minutes"},"schema":{"@context":"https:\/\/schema.org","@graph":[{"@type":"Article","@id":"https:\/\/rvh-synergie.org\/actualites\/la-consommation-de-sucre-pendant-lenfance-pourrait-influencer-le-risque-dalzheimer\/#article","isPartOf":{"@id":"https:\/\/rvh-synergie.org\/actualites\/la-consommation-de-sucre-pendant-lenfance-pourrait-influencer-le-risque-dalzheimer\/"},"author":{"name":"Charles Martinez","@id":"https:\/\/rvh-synergie.org\/actualites\/#\/schema\/person\/6affb9c7fc596daaea315c8c28318135"},"headline":"La consommation de sucre pendant l&rsquo;enfance pourrait influencer le risque d&rsquo;Alzheimer","datePublished":"2026-09-02T12:11:13+00:00","dateModified":"2026-09-02T12:11:14+00:00","mainEntityOfPage":{"@id":"https:\/\/rvh-synergie.org\/actualites\/la-consommation-de-sucre-pendant-lenfance-pourrait-influencer-le-risque-dalzheimer\/"},"wordCount":1161,"commentCount":0,"publisher":{"@id":"https:\/\/rvh-synergie.org\/actualites\/#organization"},"image":{"@id":"https:\/\/rvh-synergie.org\/actualites\/la-consommation-de-sucre-pendant-lenfance-pourrait-influencer-le-risque-dalzheimer\/#primaryimage"},"thumbnailUrl":"https:\/\/rvh-synergie.org\/actualites\/wp-content\/uploads\/2026\/09\/La-consommation-de-sucre-pendant-lenfance-pourrait-influencer-le-risque.jpg","keywords":["consommation","dAlzheimer","influencer","lenfance","pendant","pourrait","risque","Sucre"],"articleSection":["Les maladies"],"inLanguage":"fr-FR","potentialAction":[{"@type":"CommentAction","name":"Comment","target":["https:\/\/rvh-synergie.org\/actualites\/la-consommation-de-sucre-pendant-lenfance-pourrait-influencer-le-risque-dalzheimer\/#respond"]}]},{"@type":"WebPage","@id":"https:\/\/rvh-synergie.org\/actualites\/la-consommation-de-sucre-pendant-lenfance-pourrait-influencer-le-risque-dalzheimer\/","url":"https:\/\/rvh-synergie.org\/actualites\/la-consommation-de-sucre-pendant-lenfance-pourrait-influencer-le-risque-dalzheimer\/","name":"La consommation de sucre pendant l'enfance pourrait influencer le risque d'Alzheimer - RVH-Synergie.org","isPartOf":{"@id":"https:\/\/rvh-synergie.org\/actualites\/#website"},"primaryImageOfPage":{"@id":"https:\/\/rvh-synergie.org\/actualites\/la-consommation-de-sucre-pendant-lenfance-pourrait-influencer-le-risque-dalzheimer\/#primaryimage"},"image":{"@id":"https:\/\/rvh-synergie.org\/actualites\/la-consommation-de-sucre-pendant-lenfance-pourrait-influencer-le-risque-dalzheimer\/#primaryimage"},"thumbnailUrl":"https:\/\/rvh-synergie.org\/actualites\/wp-content\/uploads\/2026\/09\/La-consommation-de-sucre-pendant-lenfance-pourrait-influencer-le-risque.jpg","datePublished":"2026-09-02T12:11:13+00:00","dateModified":"2026-09-02T12:11:14+00:00","breadcrumb":{"@id":"https:\/\/rvh-synergie.org\/actualites\/la-consommation-de-sucre-pendant-lenfance-pourrait-influencer-le-risque-dalzheimer\/#breadcrumb"},"inLanguage":"fr-FR","potentialAction":[{"@type":"ReadAction","target":["https:\/\/rvh-synergie.org\/actualites\/la-consommation-de-sucre-pendant-lenfance-pourrait-influencer-le-risque-dalzheimer\/"]}]},{"@type":"ImageObject","inLanguage":"fr-FR","@id":"https:\/\/rvh-synergie.org\/actualites\/la-consommation-de-sucre-pendant-lenfance-pourrait-influencer-le-risque-dalzheimer\/#primaryimage","url":"https:\/\/rvh-synergie.org\/actualites\/wp-content\/uploads\/2026\/09\/La-consommation-de-sucre-pendant-lenfance-pourrait-influencer-le-risque.jpg","contentUrl":"https:\/\/rvh-synergie.org\/actualites\/wp-content\/uploads\/2026\/09\/La-consommation-de-sucre-pendant-lenfance-pourrait-influencer-le-risque.jpg","width":1200,"height":630},{"@type":"BreadcrumbList","@id":"https:\/\/rvh-synergie.org\/actualites\/la-consommation-de-sucre-pendant-lenfance-pourrait-influencer-le-risque-dalzheimer\/#breadcrumb","itemListElement":[{"@type":"ListItem","position":1,"name":"Accueil","item":"https:\/\/rvh-synergie.org\/actualites\/"},{"@type":"ListItem","position":2,"name":"La consommation de sucre pendant l&rsquo;enfance pourrait influencer le risque d&rsquo;Alzheimer"}]},{"@type":"WebSite","@id":"https:\/\/rvh-synergie.org\/actualites\/#website","url":"https:\/\/rvh-synergie.org\/actualites\/","name":"RVH-Synergie.org","description":"RVH-Synergie, site ind\u00e9pendant d&#039;informations sur la prise en charge des addictions.","publisher":{"@id":"https:\/\/rvh-synergie.org\/actualites\/#organization"},"potentialAction":[{"@type":"SearchAction","target":{"@type":"EntryPoint","urlTemplate":"https:\/\/rvh-synergie.org\/actualites\/?s={search_term_string}"},"query-input":{"@type":"PropertyValueSpecification","valueRequired":true,"valueName":"search_term_string"}}],"inLanguage":"fr-FR"},{"@type":"Organization","@id":"https:\/\/rvh-synergie.org\/actualites\/#organization","name":"RVH-Synergie.org","url":"https:\/\/rvh-synergie.org\/actualites\/","logo":{"@type":"ImageObject","inLanguage":"fr-FR","@id":"https:\/\/rvh-synergie.org\/actualites\/#\/schema\/logo\/image\/","url":"https:\/\/rvh-synergie.org\/actualites\/wp-content\/uploads\/2024\/09\/favicon.png","contentUrl":"https:\/\/rvh-synergie.org\/actualites\/wp-content\/uploads\/2024\/09\/favicon.png","width":512,"height":512,"caption":"RVH-Synergie.org"},"image":{"@id":"https:\/\/rvh-synergie.org\/actualites\/#\/schema\/logo\/image\/"}},{"@type":"Person","@id":"https:\/\/rvh-synergie.org\/actualites\/#\/schema\/person\/6affb9c7fc596daaea315c8c28318135","name":"Charles Martinez","image":{"@type":"ImageObject","inLanguage":"fr-FR","@id":"https:\/\/rvh-synergie.org\/actualites\/#\/schema\/person\/image\/","url":"https:\/\/rvh-synergie.org\/actualites\/wp-content\/uploads\/2024\/09\/charles-martinez-scaled.jpg","contentUrl":"https:\/\/rvh-synergie.org\/actualites\/wp-content\/uploads\/2024\/09\/charles-martinez-scaled.jpg","caption":"Charles Martinez"},"description":"Bonjour, je m'appelle Charles Martinez, r\u00e9dacteur passionn\u00e9 pour le m\u00e9dia RVH-synergie.org, d\u00e9di\u00e9 aux addictions et aux maladies. Depuis plus de dix ans, j'explore et rapporte les histoires poignantes des individus confront\u00e9s \u00e0 ces d\u00e9fis, tout en sensibilisant le public aux traitements novateurs et aux progr\u00e8s scientifiques dans ce domaine. Mon engagement r\u00e9side dans l'espoir de cr\u00e9er une communaut\u00e9 inform\u00e9e et empathique, pr\u00eate \u00e0 soutenir ceux qui luttent contre ces \u00e9preuves.","sameAs":["https:\/\/rvh-synergie.org\/"]}]}},"_links":{"self":[{"href":"https:\/\/rvh-synergie.org\/actualites\/wp-json\/wp\/v2\/posts\/19286","targetHints":{"allow":["GET"]}}],"collection":[{"href":"https:\/\/rvh-synergie.org\/actualites\/wp-json\/wp\/v2\/posts"}],"about":[{"href":"https:\/\/rvh-synergie.org\/actualites\/wp-json\/wp\/v2\/types\/post"}],"author":[{"embeddable":true,"href":"https:\/\/rvh-synergie.org\/actualites\/wp-json\/wp\/v2\/users\/1"}],"replies":[{"embeddable":true,"href":"https:\/\/rvh-synergie.org\/actualites\/wp-json\/wp\/v2\/comments?post=19286"}],"version-history":[{"count":1,"href":"https:\/\/rvh-synergie.org\/actualites\/wp-json\/wp\/v2\/posts\/19286\/revisions"}],"predecessor-version":[{"id":19288,"href":"https:\/\/rvh-synergie.org\/actualites\/wp-json\/wp\/v2\/posts\/19286\/revisions\/19288"}],"wp:featuredmedia":[{"embeddable":true,"href":"https:\/\/rvh-synergie.org\/actualites\/wp-json\/wp\/v2\/media\/19287"}],"wp:attachment":[{"href":"https:\/\/rvh-synergie.org\/actualites\/wp-json\/wp\/v2\/media?parent=19286"}],"wp:term":[{"taxonomy":"category","embeddable":true,"href":"https:\/\/rvh-synergie.org\/actualites\/wp-json\/wp\/v2\/categories?post=19286"},{"taxonomy":"post_tag","embeddable":true,"href":"https:\/\/rvh-synergie.org\/actualites\/wp-json\/wp\/v2\/tags?post=19286"}],"curies":[{"name":"wp","href":"https:\/\/api.w.org\/{rel}","templated":true}]}}