{"id":19257,"date":"2026-09-01T06:11:10","date_gmt":"2026-09-01T04:11:10","guid":{"rendered":"https:\/\/rvh-synergie.org\/actualites\/nous-navons-pas-besoin-du-gouvernement-en-tant-que-dietetiste\/"},"modified":"2026-09-01T06:11:11","modified_gmt":"2026-09-01T04:11:11","slug":"nous-navons-pas-besoin-du-gouvernement-en-tant-que-dietetiste","status":"publish","type":"post","link":"https:\/\/rvh-synergie.org\/actualites\/nous-navons-pas-besoin-du-gouvernement-en-tant-que-dietetiste\/","title":{"rendered":"\u00ab Nous n\u2019avons pas besoin du gouvernement en tant que di\u00e9t\u00e9tiste \u00bb"},"content":{"rendered":"<p><!--$--><br \/>\n<!--\/--><br \/>\n<!--$--><\/p>\n<div data-hk=\"0000a124212000a23100\" class=\"Html-Block\" data-qa-article-content-text data-text-milestone-block>\n<ul>\n<li>L&rsquo;article complet de Tim Hollstein, auquel fait r\u00e9f\u00e9rence l&rsquo;analyse des commentaires suivante, est disponible ici : Mais pas de taxe sur le sucre sur les boissons l\u00e9g\u00e8res &#8211; c&rsquo;est vrai<\/li>\n<\/ul>\n<\/div>\n<div data-hk=\"0000a124212000a23110\" class=\"Html-Block\" data-qa-article-content-text data-text-milestone-block>\n<p>Le chercheur en m\u00e9tabolisme Tim Hollstein estime que les boissons l\u00e9g\u00e8res et z\u00e9ro sont un meilleur choix que les limonades tr\u00e8s sucr\u00e9es, m\u00eame si l&rsquo;eau est pr\u00e9f\u00e9rable pour des raisons de sant\u00e9. Dans ce contexte, il pr\u00e9conise d\u2019aligner une \u00e9ventuelle taxe sur le sucre sur la teneur r\u00e9elle en sucre et de ne pas traiter les boissons sans sucre de la m\u00eame mani\u00e8re. Il y a une discussion anim\u00e9e \u00e0 ce sujet dans le forum des lecteurs. Pour la plupart des lecteurs, l\u2019intervention gouvernementale est tr\u00e8s controvers\u00e9e : beaucoup croient \u00e0 la responsabilit\u00e9 personnelle, d\u2019autres mettent en garde contre les risques possibles li\u00e9s aux \u00e9dulcorants. D&rsquo;autres encore consid\u00e8rent qu&rsquo;un pr\u00e9l\u00e8vement est en principe envisageable, mais exigent des r\u00e8gles claires et coh\u00e9rentes.<\/p>\n<\/div>\n<aside data-hk=\"0000a124212000a2312004\" data-qa-ad-slot class=\"Ad-Slot Ad-Slot-mobile Ad-Slot-hor Ad-Slot-FC\">\n<div class=\"Ad-Slot-FC-Container\">\n<div class=\"Ad-Slot-FC-Window\">\n<div id=\"ad-slot-mobile-hor-2\" data-orientation=\"hor\" data-index=\"2\" data-slot=\"ad-slot\" data-device=\"mobile\"><\/div>\n<\/div>\n<\/div>\n<\/aside>\n<div id=\"isl-7-InpageWidgetDatawrapper\" data-island=\"InpageWidgetBase\">\n<div data-hk=\"00070\" class=\"Article-Inpage-Widget\" data-qa-article-inpage-widget><iframe title=\"MVP - Verteilung der Lesermeinungen\" aria-label=\"S\u00e4ulen\" id=\"1RVd2\" src=\"https:\/\/datawrapper.dwcdn.net\/1RVd2\/2\/\" style=\"width:0;min-width:100% !important;border:none;\" height=\"594\" data-external=\"1\"><\/iframe><\/div>\n<\/div>\n<div data-hk=\"0000a124212000a23140\" class=\"Html-Block\" data-qa-article-content-text data-text-milestone-block>\n<h2>Critique du contr\u00f4le \u00e9tatique de la consommation de sucre<\/h2>\n<p>L\u2019opinion majoritaire est moins contre le z\u00e9ro boisson que contre la taxe sur le sucre elle-m\u00eame. De nombreux lecteurs consid\u00e8rent la nutrition comme une d\u00e9cision personnelle et doutent que des prix plus \u00e9lev\u00e9s combattent efficacement l\u2019ob\u00e9sit\u00e9. Ils citent comme alternatives l\u2019exercice, l\u2019\u00e9ducation nutritionnelle et d\u2019\u00e9ventuelles lignes directrices \u00e0 l\u2019intention des fabricants. Plusieurs commentateurs soup\u00e7onnent \u00e9galement qu\u2019un pr\u00e9l\u00e8vement devrait avant tout g\u00e9n\u00e9rer des recettes publiques suppl\u00e9mentaires. Cependant, cela ne peut pas \u00eatre d\u00e9duit des consid\u00e9rations pr\u00e9sent\u00e9es jusqu&rsquo;\u00e0 pr\u00e9sent.<\/p>\n<\/div>\n<aside data-hk=\"0000a124212000a2315004\" data-qa-ad-slot class=\"Ad-Slot Ad-Slot-mobile Ad-Slot-out\">\n<div id=\"ad-slot-mobile-out-1\" data-orientation=\"out\" data-index=\"1\" data-slot=\"ad-slot\" data-device=\"mobile\"><\/div>\n<\/aside>\n<div data-hk=\"0000a124212000a23160\" class=\"Ad-Carousel mb-xl row\">\n<div data-hk=\"0000a124212000a231610\" class=\"col-lg-4\">\n<div data-hk=\"0000a124212000a231611004\" data-qa-ad-slot class=\"Ad-Slot Ad-Slot-desktop Ad-Slot-ver\" role=\"region\" aria-label=\"Anzeige 1\">\n<div id=\"ad-slot-desktop-ver-1\" data-orientation=\"ver\" data-index=\"1\" data-slot=\"ad-slot\" data-device=\"desktop\"><\/div>\n<\/div>\n<\/div>\n<div data-hk=\"0000a124212000a231612\" class=\"col-lg-4\">\n<aside data-hk=\"0000a124212000a231613004\" data-qa-ad-slot class=\"Ad-Slot Ad-Slot-desktop Ad-Slot-ver Ad-Slot-FC\">\n<div class=\"Ad-Slot-FC-Container\">\n<div class=\"Ad-Slot-FC-Window\">\n<div id=\"ad-slot-desktop-ver-2\" data-orientation=\"ver\" data-index=\"2\" data-slot=\"ad-slot\" data-device=\"desktop\"><\/div>\n<\/div>\n<\/div>\n<\/aside>\n<\/div>\n<div data-hk=\"0000a124212000a231614\" class=\"col-lg-4\">\n<div data-hk=\"0000a124212000a231615004\" data-qa-ad-slot class=\"Ad-Slot Ad-Slot-desktop Ad-Slot-ver\" role=\"region\" aria-label=\"Anzeige 3\">\n<div id=\"ad-slot-desktop-ver-3\" data-orientation=\"ver\" data-index=\"3\" data-slot=\"ad-slot\" data-device=\"desktop\"><\/div>\n<\/div>\n<\/div>\n<\/div>\n<div data-hk=\"0000a124212000a23170\" class=\"Html-Block\" data-qa-article-content-text data-text-milestone-block>\n<blockquote>\n<p>\u00ab\u00a0Si notre gouvernement s&rsquo;int\u00e9ressait \u00e0 la sant\u00e9 de ses citoyens, l&rsquo;industrie alimentaire aurait alors des exigences correspondantes. Comme ce n&rsquo;est pas le cas, il s&rsquo;agit simplement d&rsquo;une arnaque. Toutes ces valeurs limites ne peuvent pas fonctionner, car des substances douteuses se trouvent d\u00e9sormais dans un aliment sur deux. Personne n&rsquo;est probablement non plus conscient de l&rsquo;interaction entre ces substances.\u00a0\u00bb Vers le commentaire original<\/p>\n<\/blockquote>\n<\/div>\n<aside data-hk=\"0000a124212000a2318004\" data-qa-ad-slot class=\"Ad-Slot Ad-Slot-mobile Ad-Slot-hor\">\n<div id=\"ad-slot-mobile-hor-3\" data-orientation=\"hor\" data-index=\"3\" data-slot=\"ad-slot\" data-device=\"mobile\"><\/div>\n<\/aside>\n<div data-hk=\"0000a124212000a23190\" class=\"Html-Block\" data-qa-article-content-text data-text-milestone-block>\n<blockquote>\n<p>\u00ab\u00a0Nous sommes tous des gens responsables, ind\u00e9pendants et lucides ! Je n&rsquo;ai pas besoin d&rsquo;un \u00c9tat qui veut constamment me dire ce que je dois consommer et penser ! Quiconque croit que cet argent ira aux caisses d&rsquo;assurance maladie croit aussi au P\u00e8re No\u00ebl. Il dispara\u00eetra dans les caisses de l&rsquo;\u00c9tat comme tout le reste.\u00a0\u00bb Vers le commentaire original<\/p>\n<\/blockquote>\n<\/div>\n<div data-hk=\"0000a124212000a231a100\" class=\"Html-Block\" data-qa-article-content-text data-text-milestone-block>\n<blockquote>\n<p>\u00ab\u00a0Pourquoi taxer le sucre ? S&rsquo;agit-il des glucides ou du go\u00fbt sucr\u00e9 ? S&rsquo;il s&rsquo;agissait des effets des glucides sur la sant\u00e9, la bi\u00e8re, le pain, le lait, le lait d&rsquo;avoine et m\u00eame les fruits m\u00fbrs, etc. devraient \u00e9galement \u00eatre tax\u00e9s (&#8230;) Nous n&rsquo;avons pas besoin du gouvernement comme conseiller en mati\u00e8re de r\u00e9gime. L&rsquo;\u00c9tat n&rsquo;est pas notre gardien, et la libert\u00e9 signifie toujours la libert\u00e9 de faire de mauvaises choses&#8230;\u00a0\u00bb Au commentaire original<\/p>\n<\/blockquote>\n<\/div>\n<aside data-hk=\"0000a124212000a231a11004\" data-qa-ad-slot class=\"Ad-Slot Ad-Slot-mobile Ad-Slot-hor\">\n<div id=\"ad-slot-mobile-hor-4\" data-orientation=\"hor\" data-index=\"4\" data-slot=\"ad-slot\" data-device=\"mobile\"><\/div>\n<\/aside>\n<div data-hk=\"0000a124212000a231a120\" class=\"Html-Block\" data-qa-article-content-text data-text-milestone-block>\n<h2>Inqui\u00e9tudes concernant les cons\u00e9quences des \u00e9dulcorants sur la sant\u00e9<\/h2>\n<p>Une autre partie des lecteurs n\u2019est pas d\u2019accord avec la classification des boissons l\u00e9g\u00e8res et z\u00e9ro. Ils consid\u00e8rent les \u00e9dulcorants artificiels comme tout aussi probl\u00e9matiques, voire plus dangereux, que le sucre et pointent du doigt des probl\u00e8mes intestinaux, m\u00e9taboliques ou des maladies personnelles. Cependant, de telles exp\u00e9riences ne prouvent pas un lien de causalit\u00e9. On ne peut pas dire de mani\u00e8re g\u00e9n\u00e9rale que les \u00e9dulcorants autoris\u00e9s sont plus dangereux que le sucre. L\u2019Autorit\u00e9 alimentaire europ\u00e9enne, par exemple, consid\u00e8re l\u2019aspartame comme \u00e9tant sans danger dans la limite de la dose journali\u00e8re sp\u00e9cifi\u00e9e. Dans le m\u00eame temps, l\u2019Organisation mondiale de la sant\u00e9 ne recommande pas les \u00e9dulcorants comme moyen de contr\u00f4le du poids \u00e0 long terme.<\/p>\n<\/div>\n<aside data-hk=\"0000a124212000a231a13004\" data-qa-ad-slot class=\"Ad-Slot Ad-Slot-mobile Ad-Slot-hor\">\n<div id=\"ad-slot-mobile-hor-5\" data-orientation=\"hor\" data-index=\"5\" data-slot=\"ad-slot\" data-device=\"mobile\"><\/div>\n<\/aside>\n<aside data-hk=\"0000a124212000a231a14004\" data-qa-ad-slot class=\"Ad-Slot Ad-Slot-desktop Ad-Slot-hor Ad-Slot-FC\">\n<div class=\"Ad-Slot-FC-Container\">\n<div class=\"Ad-Slot-FC-Window\">\n<div id=\"ad-slot-desktop-hor-2\" data-orientation=\"hor\" data-index=\"2\" data-slot=\"ad-slot\" data-device=\"desktop\"><\/div>\n<\/div>\n<\/div>\n<\/aside>\n<div data-hk=\"0000a124212000a231a150\" class=\"Html-Block\" data-qa-article-content-text data-text-milestone-block>\n<blockquote>\n<p>\u00ab Comme toutes les inventions de l\u2019industrie alimentaire, les \u00e9dulcorants artificiels doivent \u00eatre trait\u00e9s avec une extr\u00eame prudence. \u00bb Vers le commentaire original<\/p>\n<\/blockquote>\n<\/div>\n<div data-hk=\"0000a124212000a231a160\" class=\"Html-Block\" data-qa-article-content-text data-text-milestone-block>\n<blockquote>\n<p>\u00ab\u00a0Les \u00e9dulcorants ne sont pas vraiment sains. Le nombre toujours croissant de personnes souffrant de probl\u00e8mes gastro-intestinaux le prouve.\u00a0\u00bb Vers le commentaire original<\/p>\n<\/blockquote>\n<\/div>\n<div data-hk=\"0000a124212000a231a170\" class=\"Html-Block\" data-qa-article-content-text data-text-milestone-block>\n<blockquote>\n<p>\u00ab\u00a0Il est peu probable que le sucre raffin\u00e9 soit plus nocif que les \u00e9dulcorants artificiels.\u00a0\u00bb Vers le commentaire original<\/p>\n<\/blockquote>\n<\/div>\n<aside data-hk=\"0000a124212000a231a18004\" data-qa-ad-slot class=\"Ad-Slot Ad-Slot-mobile Ad-Slot-hor\">\n<div id=\"ad-slot-mobile-hor-6\" data-orientation=\"hor\" data-index=\"6\" data-slot=\"ad-slot\" data-device=\"mobile\"><\/div>\n<\/aside>\n<div data-hk=\"0000a124212000a231a190\" class=\"Html-Block\" data-qa-article-content-text data-text-milestone-block>\n<h2>Demande de taxation en fonction de la teneur en sucre<\/h2>\n<p>Ces lecteurs ne rejettent pas fondamentalement les interventions en mati\u00e8re de politique de sant\u00e9, mais ils remettent en question le caract\u00e8re syst\u00e9matique d\u2019une taxe sur le sucre. Selon eux, si le sucre pose probl\u00e8me, un \u00e9ventuel pr\u00e9l\u00e8vement devrait \u00eatre bas\u00e9 sur la teneur r\u00e9elle en sucre. Certains souhaitent donc \u00e9galement prendre en compte les confiseries et les aliments hautement transform\u00e9s, d&rsquo;autres pr\u00e9f\u00e8rent des sp\u00e9cifications contraignantes pour les fabricants. Cela touche un point important de l\u2019article : les boissons sucr\u00e9es et sans sucre ne sont pas les m\u00eames d\u2019un point de vue nutritionnel. Cependant, cela ne signifie pas qu\u2019aucun produit n\u2019est g\u00e9n\u00e9ralement recommand\u00e9. L\u2019alimentation globale reste cruciale.<\/p>\n<\/div>\n<aside data-hk=\"0000a124212000a231a20004\" data-qa-ad-slot class=\"Ad-Slot Ad-Slot-mobile Ad-Slot-hor\">\n<div id=\"ad-slot-mobile-hor-7\" data-orientation=\"hor\" data-index=\"7\" data-slot=\"ad-slot\" data-device=\"mobile\"><\/div>\n<\/aside>\n<div data-hk=\"0000a124212000a231a210\" class=\"Html-Block\" data-qa-article-content-text data-text-milestone-block>\n<blockquote>\n<p>\u00ab\u00a0Cette recommandation concernant les \u00e9dulcorants contredit les d\u00e9couvertes nutritionnelles actuelles. Si sucr\u00e9, alors avec du sucre, mais en moins grande quantit\u00e9 ! D&rsquo;o\u00f9 la taxe sur le sucre &#8211; mais directement sur le fabricant ou le distributeur, et sur le sucre en g\u00e9n\u00e9ral, et pas seulement sur certaines boissons, comme le pr\u00e9voit le monstre bureaucratique insens\u00e9 planifi\u00e9 !\u00a0\u00bb Vers le commentaire original<\/p>\n<\/blockquote>\n<\/div>\n<aside data-hk=\"0000a124212000a231a22004\" data-qa-ad-slot class=\"Ad-Slot Ad-Slot-desktop Ad-Slot-out\">\n<div id=\"ad-slot-desktop-out-1\" data-orientation=\"out\" data-index=\"1\" data-slot=\"ad-slot\" data-device=\"desktop\"><\/div>\n<\/aside>\n<div data-hk=\"0000a124212000a231a230\" class=\"Html-Block\" data-qa-article-content-text data-text-milestone-block>\n<blockquote>\n<p>\u00ab\u00a0Il est incompr\u00e9hensible qu&rsquo;une telle taxe vise toutes les boissons. Si le sucre constitue un probl\u00e8me en termes de sant\u00e9, il faudrait alors prendre en compte la teneur en sucre dans son ensemble &#8211; y compris le sucre cristallis\u00e9, les confiseries, le chocolat, les biscuits, les g\u00e2teaux, les glaces, les c\u00e9r\u00e9ales pour petit-d\u00e9jeuner, les confitures, le caramel et de nombreux produits finis. Une taxe pure sur les boissons a donc un effet plus s\u00e9lectif que ce qui est coh\u00e9rent en termes de sant\u00e9&#8230;\u00a0\u00bb<\/p>\n<\/blockquote>\n<\/div>\n<aside data-hk=\"0000a124212000a231a24004\" data-qa-ad-slot class=\"Ad-Slot Ad-Slot-mobile Ad-Slot-hor\">\n<div id=\"ad-slot-mobile-hor-8\" data-orientation=\"hor\" data-index=\"8\" data-slot=\"ad-slot\" data-device=\"mobile\"><\/div>\n<\/aside>\n<div data-hk=\"0000a124212000a231a250\" class=\"Html-Block\" data-qa-article-content-text data-text-milestone-block>\n<blockquote>\n<p>\u00ab\u00a0Si cela s&rsquo;appelle une taxe sur le sucre, le sucre devrait \u00e9galement \u00eatre tax\u00e9. Si vous souhaitez \u00e9galement taxer les boissons contenant des \u00e9dulcorants, vous devriez logiquement appeler cela une taxe sur les \u00e9dulcorants. Pourquoi ne le faites-vous pas ?&#8230;\u00a0\u00bb Aller au commentaire original<\/p>\n<\/blockquote>\n<\/div>\n<div data-hk=\"0000a124212000a231a260\" class=\"Html-Block\" data-qa-article-content-text data-text-milestone-block>\n<h2>Autres opinions et contributions sarcastiques<\/h2>\n<p>Les autres commentaires d\u00e9placent l\u2019attention des imp\u00f4ts vers la vie personnelle quotidienne. Les lecteurs parlent de leur propre r\u00e9gime alimentaire, rejettent les \u00e9dulcorants en raison de leur go\u00fbt ou consid\u00e8rent le manque d&rsquo;exercice, les boissons \u00e9nergisantes et les aliments hautement transform\u00e9s comme des probl\u00e8mes plus graves.<\/p>\n<\/div>\n<aside data-hk=\"0000a124212000a231a27004\" data-qa-ad-slot class=\"Ad-Slot Ad-Slot-mobile Ad-Slot-hor\">\n<div id=\"ad-slot-mobile-hor-9\" data-orientation=\"hor\" data-index=\"9\" data-slot=\"ad-slot\" data-device=\"mobile\"><\/div>\n<\/aside>\n<div data-hk=\"0000a124212000a231a280\" class=\"Html-Block\" data-qa-article-content-text data-text-milestone-block>\n<blockquote>\n<p>\u00ab\u00a0Pour moi, les \u00e9dulcorants \u00e9chouent \u00e0 cause du go\u00fbt.\u00a0\u00bb Vers le commentaire original<\/p>\n<\/blockquote>\n<\/div>\n<div data-hk=\"0000a124212000a231a290\" class=\"Html-Block\" data-qa-article-content-text data-text-milestone-block>\n<blockquote>\n<p>\u00ab\u00a0Pourquoi devrais-je boire quelque chose que je n\u2019aime pas\u00a0?\u00a0\u00bb Vers le commentaire original<\/p>\n<\/blockquote>\n<\/div>\n<div data-hk=\"0000a124212000a231a300\" class=\"Html-Block\" data-qa-article-content-text data-text-milestone-block>\n<blockquote>\n<p>\u00ab\u00a0C&rsquo;est avant tout une question de qualit\u00e9 et de go\u00fbt, c&rsquo;est pourquoi : un Coca-Cola savoureux avec du sucre, bien s\u00fbr !\u00a0\u00bb Vers le commentaire original<\/p>\n<\/blockquote>\n<\/div>\n<div id=\"isl-8-InpageWidgetOpinary\" data-island=\"InpageWidgetBase\"><\/div>\n<div data-hk=\"0000a124212000a231a320\" class=\"Html-Block\" data-qa-article-content-text data-text-milestone-block>\n<p><strong>Rejoignez la discussion, partagez votre opinion et rejoignez la discussion dans la section commentaires.<\/strong><\/p>\n<\/div>\n<div data-hk=\"0000a124212000a231a330\" class=\"Html-Block\" data-qa-article-content-text data-text-milestone-block><i><b>Un avis :<\/b> Les commentaires cit\u00e9s refl\u00e8tent uniquement les opinions de nos lecteurs et le contenu n&rsquo;a pas \u00e9t\u00e9 modifi\u00e9. L&rsquo;analyse et la structuration se font gr\u00e2ce \u00e0 l&rsquo;intelligence artificielle. Les textes de synth\u00e8se et les classifications sont organis\u00e9s et \u00e9dit\u00e9s sur le plan \u00e9ditorial.<\/i><\/div>\n<p><!--\/--><br \/>\n<!--$--><br \/>\n<!--\/--><br \/>\n<!--$--><br \/>\n<!--\/--><br \/>\n<!--$--><br \/>\n<!--\/--><\/p>\n","protected":false},"excerpt":{"rendered":"<p>L&rsquo;article complet de Tim Hollstein, auquel fait r\u00e9f\u00e9rence l&rsquo;analyse des commentaires suivante, est disponible ici<\/p>\n","protected":false},"author":1,"featured_media":19258,"comment_status":"open","ping_status":"","sticky":false,"template":"","format":"standard","meta":{"footnotes":""},"categories":[86],"tags":[360,10706,1084,7898,455,359,5386],"class_list":["post-19257","post","type-post","status-publish","format-standard","has-post-thumbnail","hentry","category-les-maladies","tag-besoin","tag-dietetiste","tag-gouvernement","tag-navons","tag-nous","tag-pas","tag-tant","generate-columns","tablet-grid-50","mobile-grid-100","grid-parent","grid-50","resize-featured-image"],"yoast_head":"<!-- This site is optimized with the Yoast SEO plugin v23.4 - https:\/\/yoast.com\/wordpress\/plugins\/seo\/ -->\n<title>\u00ab Nous n\u2019avons pas besoin du gouvernement en tant que di\u00e9t\u00e9tiste \u00bb - RVH-Synergie.org<\/title>\n<meta name=\"robots\" content=\"index, follow, max-snippet:-1, max-image-preview:large, max-video-preview:-1\" \/>\n<link rel=\"canonical\" href=\"https:\/\/rvh-synergie.org\/actualites\/nous-navons-pas-besoin-du-gouvernement-en-tant-que-dietetiste\/\" \/>\n<meta property=\"og:locale\" content=\"fr_FR\" \/>\n<meta property=\"og:type\" content=\"article\" \/>\n<meta property=\"og:title\" content=\"\u00ab Nous n\u2019avons pas besoin du gouvernement en tant que di\u00e9t\u00e9tiste \u00bb - RVH-Synergie.org\" \/>\n<meta property=\"og:description\" content=\"L&rsquo;article complet de Tim Hollstein, auquel fait r\u00e9f\u00e9rence l&rsquo;analyse des commentaires suivante, est disponible ici\" \/>\n<meta property=\"og:url\" content=\"https:\/\/rvh-synergie.org\/actualites\/nous-navons-pas-besoin-du-gouvernement-en-tant-que-dietetiste\/\" \/>\n<meta property=\"og:site_name\" content=\"RVH-Synergie\" \/>\n<meta property=\"article:published_time\" content=\"2026-09-01T04:11:10+00:00\" \/>\n<meta property=\"article:modified_time\" content=\"2026-09-01T04:11:11+00:00\" \/>\n<meta property=\"og:image\" content=\"https:\/\/rvh-synergie.org\/actualites\/wp-content\/uploads\/2026\/09\/Nous-navons-pas-besoin-du-gouvernement-en-tant-que.jpg\" \/>\n\t<meta property=\"og:image:width\" content=\"1200\" \/>\n\t<meta property=\"og:image:height\" content=\"630\" \/>\n\t<meta property=\"og:image:type\" content=\"image\/jpeg\" \/>\n<meta name=\"author\" content=\"Charles Martinez\" \/>\n<meta name=\"twitter:card\" content=\"summary_large_image\" \/>\n<meta name=\"twitter:label1\" content=\"\u00c9crit par\" \/>\n\t<meta name=\"twitter:data1\" content=\"Charles Martinez\" \/>\n\t<meta name=\"twitter:label2\" content=\"Dur\u00e9e de lecture estim\u00e9e\" \/>\n\t<meta name=\"twitter:data2\" content=\"6 minutes\" \/>\n<script type=\"application\/ld+json\" class=\"yoast-schema-graph\">{\"@context\":\"https:\/\/schema.org\",\"@graph\":[{\"@type\":\"Article\",\"@id\":\"https:\/\/rvh-synergie.org\/actualites\/nous-navons-pas-besoin-du-gouvernement-en-tant-que-dietetiste\/#article\",\"isPartOf\":{\"@id\":\"https:\/\/rvh-synergie.org\/actualites\/nous-navons-pas-besoin-du-gouvernement-en-tant-que-dietetiste\/\"},\"author\":{\"name\":\"Charles Martinez\",\"@id\":\"https:\/\/rvh-synergie.org\/actualites\/#\/schema\/person\/6affb9c7fc596daaea315c8c28318135\"},\"headline\":\"\u00ab Nous n\u2019avons pas besoin du gouvernement en tant que di\u00e9t\u00e9tiste \u00bb\",\"datePublished\":\"2026-09-01T04:11:10+00:00\",\"dateModified\":\"2026-09-01T04:11:11+00:00\",\"mainEntityOfPage\":{\"@id\":\"https:\/\/rvh-synergie.org\/actualites\/nous-navons-pas-besoin-du-gouvernement-en-tant-que-dietetiste\/\"},\"wordCount\":1260,\"commentCount\":0,\"publisher\":{\"@id\":\"https:\/\/rvh-synergie.org\/actualites\/#organization\"},\"image\":{\"@id\":\"https:\/\/rvh-synergie.org\/actualites\/nous-navons-pas-besoin-du-gouvernement-en-tant-que-dietetiste\/#primaryimage\"},\"thumbnailUrl\":\"https:\/\/rvh-synergie.org\/actualites\/wp-content\/uploads\/2026\/09\/Nous-navons-pas-besoin-du-gouvernement-en-tant-que.jpg\",\"keywords\":[\"besoin\",\"di\u00e9t\u00e9tiste\",\"gouvernement\",\"navons\",\"nous\",\"pas\",\"tant\"],\"articleSection\":[\"Les maladies\"],\"inLanguage\":\"fr-FR\",\"potentialAction\":[{\"@type\":\"CommentAction\",\"name\":\"Comment\",\"target\":[\"https:\/\/rvh-synergie.org\/actualites\/nous-navons-pas-besoin-du-gouvernement-en-tant-que-dietetiste\/#respond\"]}]},{\"@type\":\"WebPage\",\"@id\":\"https:\/\/rvh-synergie.org\/actualites\/nous-navons-pas-besoin-du-gouvernement-en-tant-que-dietetiste\/\",\"url\":\"https:\/\/rvh-synergie.org\/actualites\/nous-navons-pas-besoin-du-gouvernement-en-tant-que-dietetiste\/\",\"name\":\"\u00ab Nous n\u2019avons pas besoin du gouvernement en tant que di\u00e9t\u00e9tiste \u00bb - RVH-Synergie.org\",\"isPartOf\":{\"@id\":\"https:\/\/rvh-synergie.org\/actualites\/#website\"},\"primaryImageOfPage\":{\"@id\":\"https:\/\/rvh-synergie.org\/actualites\/nous-navons-pas-besoin-du-gouvernement-en-tant-que-dietetiste\/#primaryimage\"},\"image\":{\"@id\":\"https:\/\/rvh-synergie.org\/actualites\/nous-navons-pas-besoin-du-gouvernement-en-tant-que-dietetiste\/#primaryimage\"},\"thumbnailUrl\":\"https:\/\/rvh-synergie.org\/actualites\/wp-content\/uploads\/2026\/09\/Nous-navons-pas-besoin-du-gouvernement-en-tant-que.jpg\",\"datePublished\":\"2026-09-01T04:11:10+00:00\",\"dateModified\":\"2026-09-01T04:11:11+00:00\",\"breadcrumb\":{\"@id\":\"https:\/\/rvh-synergie.org\/actualites\/nous-navons-pas-besoin-du-gouvernement-en-tant-que-dietetiste\/#breadcrumb\"},\"inLanguage\":\"fr-FR\",\"potentialAction\":[{\"@type\":\"ReadAction\",\"target\":[\"https:\/\/rvh-synergie.org\/actualites\/nous-navons-pas-besoin-du-gouvernement-en-tant-que-dietetiste\/\"]}]},{\"@type\":\"ImageObject\",\"inLanguage\":\"fr-FR\",\"@id\":\"https:\/\/rvh-synergie.org\/actualites\/nous-navons-pas-besoin-du-gouvernement-en-tant-que-dietetiste\/#primaryimage\",\"url\":\"https:\/\/rvh-synergie.org\/actualites\/wp-content\/uploads\/2026\/09\/Nous-navons-pas-besoin-du-gouvernement-en-tant-que.jpg\",\"contentUrl\":\"https:\/\/rvh-synergie.org\/actualites\/wp-content\/uploads\/2026\/09\/Nous-navons-pas-besoin-du-gouvernement-en-tant-que.jpg\",\"width\":1200,\"height\":630},{\"@type\":\"BreadcrumbList\",\"@id\":\"https:\/\/rvh-synergie.org\/actualites\/nous-navons-pas-besoin-du-gouvernement-en-tant-que-dietetiste\/#breadcrumb\",\"itemListElement\":[{\"@type\":\"ListItem\",\"position\":1,\"name\":\"Accueil\",\"item\":\"https:\/\/rvh-synergie.org\/actualites\/\"},{\"@type\":\"ListItem\",\"position\":2,\"name\":\"\u00ab Nous n\u2019avons pas besoin du gouvernement en tant que di\u00e9t\u00e9tiste \u00bb\"}]},{\"@type\":\"WebSite\",\"@id\":\"https:\/\/rvh-synergie.org\/actualites\/#website\",\"url\":\"https:\/\/rvh-synergie.org\/actualites\/\",\"name\":\"RVH-Synergie.org\",\"description\":\"RVH-Synergie, site ind\u00e9pendant d&#039;informations sur la prise en charge des addictions.\",\"publisher\":{\"@id\":\"https:\/\/rvh-synergie.org\/actualites\/#organization\"},\"potentialAction\":[{\"@type\":\"SearchAction\",\"target\":{\"@type\":\"EntryPoint\",\"urlTemplate\":\"https:\/\/rvh-synergie.org\/actualites\/?s={search_term_string}\"},\"query-input\":{\"@type\":\"PropertyValueSpecification\",\"valueRequired\":true,\"valueName\":\"search_term_string\"}}],\"inLanguage\":\"fr-FR\"},{\"@type\":\"Organization\",\"@id\":\"https:\/\/rvh-synergie.org\/actualites\/#organization\",\"name\":\"RVH-Synergie.org\",\"url\":\"https:\/\/rvh-synergie.org\/actualites\/\",\"logo\":{\"@type\":\"ImageObject\",\"inLanguage\":\"fr-FR\",\"@id\":\"https:\/\/rvh-synergie.org\/actualites\/#\/schema\/logo\/image\/\",\"url\":\"https:\/\/rvh-synergie.org\/actualites\/wp-content\/uploads\/2024\/09\/favicon.png\",\"contentUrl\":\"https:\/\/rvh-synergie.org\/actualites\/wp-content\/uploads\/2024\/09\/favicon.png\",\"width\":512,\"height\":512,\"caption\":\"RVH-Synergie.org\"},\"image\":{\"@id\":\"https:\/\/rvh-synergie.org\/actualites\/#\/schema\/logo\/image\/\"}},{\"@type\":\"Person\",\"@id\":\"https:\/\/rvh-synergie.org\/actualites\/#\/schema\/person\/6affb9c7fc596daaea315c8c28318135\",\"name\":\"Charles Martinez\",\"image\":{\"@type\":\"ImageObject\",\"inLanguage\":\"fr-FR\",\"@id\":\"https:\/\/rvh-synergie.org\/actualites\/#\/schema\/person\/image\/\",\"url\":\"https:\/\/rvh-synergie.org\/actualites\/wp-content\/uploads\/2024\/09\/charles-martinez-scaled.jpg\",\"contentUrl\":\"https:\/\/rvh-synergie.org\/actualites\/wp-content\/uploads\/2024\/09\/charles-martinez-scaled.jpg\",\"caption\":\"Charles Martinez\"},\"description\":\"Bonjour, je m'appelle Charles Martinez, r\u00e9dacteur passionn\u00e9 pour le m\u00e9dia RVH-synergie.org, d\u00e9di\u00e9 aux addictions et aux maladies. Depuis plus de dix ans, j'explore et rapporte les histoires poignantes des individus confront\u00e9s \u00e0 ces d\u00e9fis, tout en sensibilisant le public aux traitements novateurs et aux progr\u00e8s scientifiques dans ce domaine. Mon engagement r\u00e9side dans l'espoir de cr\u00e9er une communaut\u00e9 inform\u00e9e et empathique, pr\u00eate \u00e0 soutenir ceux qui luttent contre ces \u00e9preuves.\",\"sameAs\":[\"https:\/\/rvh-synergie.org\/\"]}]}<\/script>\n<!-- \/ Yoast SEO plugin. -->","yoast_head_json":{"title":"\u00ab Nous n\u2019avons pas besoin du gouvernement en tant que di\u00e9t\u00e9tiste \u00bb - RVH-Synergie.org","robots":{"index":"index","follow":"follow","max-snippet":"max-snippet:-1","max-image-preview":"max-image-preview:large","max-video-preview":"max-video-preview:-1"},"canonical":"https:\/\/rvh-synergie.org\/actualites\/nous-navons-pas-besoin-du-gouvernement-en-tant-que-dietetiste\/","og_locale":"fr_FR","og_type":"article","og_title":"\u00ab Nous n\u2019avons pas besoin du gouvernement en tant que di\u00e9t\u00e9tiste \u00bb - RVH-Synergie.org","og_description":"L&rsquo;article complet de Tim Hollstein, auquel fait r\u00e9f\u00e9rence l&rsquo;analyse des commentaires suivante, est disponible ici","og_url":"https:\/\/rvh-synergie.org\/actualites\/nous-navons-pas-besoin-du-gouvernement-en-tant-que-dietetiste\/","og_site_name":"RVH-Synergie","article_published_time":"2026-09-01T04:11:10+00:00","article_modified_time":"2026-09-01T04:11:11+00:00","og_image":[{"width":1200,"height":630,"url":"https:\/\/rvh-synergie.org\/actualites\/wp-content\/uploads\/2026\/09\/Nous-navons-pas-besoin-du-gouvernement-en-tant-que.jpg","type":"image\/jpeg"}],"author":"Charles Martinez","twitter_card":"summary_large_image","twitter_misc":{"\u00c9crit par":"Charles Martinez","Dur\u00e9e de lecture estim\u00e9e":"6 minutes"},"schema":{"@context":"https:\/\/schema.org","@graph":[{"@type":"Article","@id":"https:\/\/rvh-synergie.org\/actualites\/nous-navons-pas-besoin-du-gouvernement-en-tant-que-dietetiste\/#article","isPartOf":{"@id":"https:\/\/rvh-synergie.org\/actualites\/nous-navons-pas-besoin-du-gouvernement-en-tant-que-dietetiste\/"},"author":{"name":"Charles Martinez","@id":"https:\/\/rvh-synergie.org\/actualites\/#\/schema\/person\/6affb9c7fc596daaea315c8c28318135"},"headline":"\u00ab Nous n\u2019avons pas besoin du gouvernement en tant que di\u00e9t\u00e9tiste \u00bb","datePublished":"2026-09-01T04:11:10+00:00","dateModified":"2026-09-01T04:11:11+00:00","mainEntityOfPage":{"@id":"https:\/\/rvh-synergie.org\/actualites\/nous-navons-pas-besoin-du-gouvernement-en-tant-que-dietetiste\/"},"wordCount":1260,"commentCount":0,"publisher":{"@id":"https:\/\/rvh-synergie.org\/actualites\/#organization"},"image":{"@id":"https:\/\/rvh-synergie.org\/actualites\/nous-navons-pas-besoin-du-gouvernement-en-tant-que-dietetiste\/#primaryimage"},"thumbnailUrl":"https:\/\/rvh-synergie.org\/actualites\/wp-content\/uploads\/2026\/09\/Nous-navons-pas-besoin-du-gouvernement-en-tant-que.jpg","keywords":["besoin","di\u00e9t\u00e9tiste","gouvernement","navons","nous","pas","tant"],"articleSection":["Les maladies"],"inLanguage":"fr-FR","potentialAction":[{"@type":"CommentAction","name":"Comment","target":["https:\/\/rvh-synergie.org\/actualites\/nous-navons-pas-besoin-du-gouvernement-en-tant-que-dietetiste\/#respond"]}]},{"@type":"WebPage","@id":"https:\/\/rvh-synergie.org\/actualites\/nous-navons-pas-besoin-du-gouvernement-en-tant-que-dietetiste\/","url":"https:\/\/rvh-synergie.org\/actualites\/nous-navons-pas-besoin-du-gouvernement-en-tant-que-dietetiste\/","name":"\u00ab Nous n\u2019avons pas besoin du gouvernement en tant que di\u00e9t\u00e9tiste \u00bb - RVH-Synergie.org","isPartOf":{"@id":"https:\/\/rvh-synergie.org\/actualites\/#website"},"primaryImageOfPage":{"@id":"https:\/\/rvh-synergie.org\/actualites\/nous-navons-pas-besoin-du-gouvernement-en-tant-que-dietetiste\/#primaryimage"},"image":{"@id":"https:\/\/rvh-synergie.org\/actualites\/nous-navons-pas-besoin-du-gouvernement-en-tant-que-dietetiste\/#primaryimage"},"thumbnailUrl":"https:\/\/rvh-synergie.org\/actualites\/wp-content\/uploads\/2026\/09\/Nous-navons-pas-besoin-du-gouvernement-en-tant-que.jpg","datePublished":"2026-09-01T04:11:10+00:00","dateModified":"2026-09-01T04:11:11+00:00","breadcrumb":{"@id":"https:\/\/rvh-synergie.org\/actualites\/nous-navons-pas-besoin-du-gouvernement-en-tant-que-dietetiste\/#breadcrumb"},"inLanguage":"fr-FR","potentialAction":[{"@type":"ReadAction","target":["https:\/\/rvh-synergie.org\/actualites\/nous-navons-pas-besoin-du-gouvernement-en-tant-que-dietetiste\/"]}]},{"@type":"ImageObject","inLanguage":"fr-FR","@id":"https:\/\/rvh-synergie.org\/actualites\/nous-navons-pas-besoin-du-gouvernement-en-tant-que-dietetiste\/#primaryimage","url":"https:\/\/rvh-synergie.org\/actualites\/wp-content\/uploads\/2026\/09\/Nous-navons-pas-besoin-du-gouvernement-en-tant-que.jpg","contentUrl":"https:\/\/rvh-synergie.org\/actualites\/wp-content\/uploads\/2026\/09\/Nous-navons-pas-besoin-du-gouvernement-en-tant-que.jpg","width":1200,"height":630},{"@type":"BreadcrumbList","@id":"https:\/\/rvh-synergie.org\/actualites\/nous-navons-pas-besoin-du-gouvernement-en-tant-que-dietetiste\/#breadcrumb","itemListElement":[{"@type":"ListItem","position":1,"name":"Accueil","item":"https:\/\/rvh-synergie.org\/actualites\/"},{"@type":"ListItem","position":2,"name":"\u00ab Nous n\u2019avons pas besoin du gouvernement en tant que di\u00e9t\u00e9tiste \u00bb"}]},{"@type":"WebSite","@id":"https:\/\/rvh-synergie.org\/actualites\/#website","url":"https:\/\/rvh-synergie.org\/actualites\/","name":"RVH-Synergie.org","description":"RVH-Synergie, site ind\u00e9pendant d&#039;informations sur la prise en charge des addictions.","publisher":{"@id":"https:\/\/rvh-synergie.org\/actualites\/#organization"},"potentialAction":[{"@type":"SearchAction","target":{"@type":"EntryPoint","urlTemplate":"https:\/\/rvh-synergie.org\/actualites\/?s={search_term_string}"},"query-input":{"@type":"PropertyValueSpecification","valueRequired":true,"valueName":"search_term_string"}}],"inLanguage":"fr-FR"},{"@type":"Organization","@id":"https:\/\/rvh-synergie.org\/actualites\/#organization","name":"RVH-Synergie.org","url":"https:\/\/rvh-synergie.org\/actualites\/","logo":{"@type":"ImageObject","inLanguage":"fr-FR","@id":"https:\/\/rvh-synergie.org\/actualites\/#\/schema\/logo\/image\/","url":"https:\/\/rvh-synergie.org\/actualites\/wp-content\/uploads\/2024\/09\/favicon.png","contentUrl":"https:\/\/rvh-synergie.org\/actualites\/wp-content\/uploads\/2024\/09\/favicon.png","width":512,"height":512,"caption":"RVH-Synergie.org"},"image":{"@id":"https:\/\/rvh-synergie.org\/actualites\/#\/schema\/logo\/image\/"}},{"@type":"Person","@id":"https:\/\/rvh-synergie.org\/actualites\/#\/schema\/person\/6affb9c7fc596daaea315c8c28318135","name":"Charles Martinez","image":{"@type":"ImageObject","inLanguage":"fr-FR","@id":"https:\/\/rvh-synergie.org\/actualites\/#\/schema\/person\/image\/","url":"https:\/\/rvh-synergie.org\/actualites\/wp-content\/uploads\/2024\/09\/charles-martinez-scaled.jpg","contentUrl":"https:\/\/rvh-synergie.org\/actualites\/wp-content\/uploads\/2024\/09\/charles-martinez-scaled.jpg","caption":"Charles Martinez"},"description":"Bonjour, je m'appelle Charles Martinez, r\u00e9dacteur passionn\u00e9 pour le m\u00e9dia RVH-synergie.org, d\u00e9di\u00e9 aux addictions et aux maladies. Depuis plus de dix ans, j'explore et rapporte les histoires poignantes des individus confront\u00e9s \u00e0 ces d\u00e9fis, tout en sensibilisant le public aux traitements novateurs et aux progr\u00e8s scientifiques dans ce domaine. Mon engagement r\u00e9side dans l'espoir de cr\u00e9er une communaut\u00e9 inform\u00e9e et empathique, pr\u00eate \u00e0 soutenir ceux qui luttent contre ces \u00e9preuves.","sameAs":["https:\/\/rvh-synergie.org\/"]}]}},"_links":{"self":[{"href":"https:\/\/rvh-synergie.org\/actualites\/wp-json\/wp\/v2\/posts\/19257","targetHints":{"allow":["GET"]}}],"collection":[{"href":"https:\/\/rvh-synergie.org\/actualites\/wp-json\/wp\/v2\/posts"}],"about":[{"href":"https:\/\/rvh-synergie.org\/actualites\/wp-json\/wp\/v2\/types\/post"}],"author":[{"embeddable":true,"href":"https:\/\/rvh-synergie.org\/actualites\/wp-json\/wp\/v2\/users\/1"}],"replies":[{"embeddable":true,"href":"https:\/\/rvh-synergie.org\/actualites\/wp-json\/wp\/v2\/comments?post=19257"}],"version-history":[{"count":1,"href":"https:\/\/rvh-synergie.org\/actualites\/wp-json\/wp\/v2\/posts\/19257\/revisions"}],"predecessor-version":[{"id":19259,"href":"https:\/\/rvh-synergie.org\/actualites\/wp-json\/wp\/v2\/posts\/19257\/revisions\/19259"}],"wp:featuredmedia":[{"embeddable":true,"href":"https:\/\/rvh-synergie.org\/actualites\/wp-json\/wp\/v2\/media\/19258"}],"wp:attachment":[{"href":"https:\/\/rvh-synergie.org\/actualites\/wp-json\/wp\/v2\/media?parent=19257"}],"wp:term":[{"taxonomy":"category","embeddable":true,"href":"https:\/\/rvh-synergie.org\/actualites\/wp-json\/wp\/v2\/categories?post=19257"},{"taxonomy":"post_tag","embeddable":true,"href":"https:\/\/rvh-synergie.org\/actualites\/wp-json\/wp\/v2\/tags?post=19257"}],"curies":[{"name":"wp","href":"https:\/\/api.w.org\/{rel}","templated":true}]}}