{"id":19249,"date":"2026-08-31T22:11:18","date_gmt":"2026-08-31T20:11:18","guid":{"rendered":"https:\/\/rvh-synergie.org\/actualites\/les-pfas-dans-les-vestes-mettent-desormais-lue-sous-pression\/"},"modified":"2026-08-31T22:11:19","modified_gmt":"2026-08-31T20:11:19","slug":"les-pfas-dans-les-vestes-mettent-desormais-lue-sous-pression","status":"publish","type":"post","link":"https:\/\/rvh-synergie.org\/actualites\/les-pfas-dans-les-vestes-mettent-desormais-lue-sous-pression\/","title":{"rendered":"Les PFAS dans les vestes mettent d\u00e9sormais l\u2019UE sous pression"},"content":{"rendered":"<p><!--$--><br \/>\n<!--\/--><br \/>\n<!--$--><\/p>\n<div data-hk=\"0000a124212000a23100\" class=\"Html-Block\" data-qa-article-content-text data-text-milestone-block>\n<p>Les v\u00eatements fonctionnels offrent une protection fiable contre le vent et la pluie, mais la recherche se concentre de plus en plus sur leur contamination chimique. En particulier, les PFAS (substances alkyles per- et polyfluor\u00e9es), \u00e9galement connues sous le nom de \u00ab produits chimiques \u00e9ternels \u00bb, sont utilis\u00e9es depuis des d\u00e9cennies pour rendre les textiles hydrofuges, anti-salissures et anti-graisses.<\/p>\n<\/div>\n<div data-hk=\"0000a124212000a23110\" class=\"Html-Block\" data-qa-article-content-text data-text-milestone-block>\n<p>Le probl\u00e8me : nombre de ces substances ont une dur\u00e9e de vie extr\u00eamement longue, s&rsquo;accumulent dans l&rsquo;environnement et parfois aussi dans le corps humain et sont soup\u00e7onn\u00e9es de pr\u00e9senter des risques pour la sant\u00e9. C&rsquo;est pourquoi l&rsquo;Union europ\u00e9enne renforce continuellement ses r\u00e9glementations et interdit progressivement d&rsquo;autres compos\u00e9s PFAS dans les textiles de consommation.<\/p>\n<\/div>\n<aside data-hk=\"0000a124212000a2312004\" data-qa-ad-slot class=\"Ad-Slot Ad-Slot-mobile Ad-Slot-hor Ad-Slot-FC\">\n<div class=\"Ad-Slot-FC-Container\">\n<div class=\"Ad-Slot-FC-Window\">\n<div id=\"ad-slot-mobile-hor-2\" data-orientation=\"hor\" data-index=\"2\" data-slot=\"ad-slot\" data-device=\"mobile\"><\/div>\n<\/div>\n<\/div>\n<\/aside>\n<div data-hk=\"0000a124212000a23130\" class=\"Article-ReusableText Html-Block\" data-qa-article-reusable-content-text><!--$--><!--\/--><!--$--><!--\/--><\/p>\n<div>\n<p>Nina Ruge est docteur en biologie qui combine sa longue carri\u00e8re de journaliste \u00e0 la t\u00e9l\u00e9vision avec son expertise actuelle en biologie cellulaire du vieillissement. Elle fait partie de notre Cercle EXPERTS. <\/p>\n<\/div>\n<\/div>\n<div data-hk=\"0000a124212000a23140\" class=\"Html-Block\" data-qa-article-content-text data-text-milestone-block>\n<h2>V\u00eatements \u00e0 faibles \u00e9missions\u00a0: ce que les consommateurs peuvent consid\u00e9rer<\/h2>\n<p>Dans le m\u00eame temps, les m\u00e9decins environnementaux soulignent que non seulement les PFAS, mais \u00e9galement d&rsquo;autres r\u00e9sidus issus de la production textile, peuvent provoquer des irritations cutan\u00e9es ou des allergies.<\/p>\n<\/div>\n<div data-hk=\"0000a124212000a23150\" class=\"Html-Block\" data-qa-article-content-text data-text-milestone-block>\n<p>Les conseils du professeur Claudia Traidl-Hoffmann mentionn\u00e9s dans le clip &#8211; laver plusieurs fois les nouveaux v\u00eatements fonctionnels avant de les porter, ne pas les porter inutilement serr\u00e9s et les utiliser pendant une p\u00e9riode plus longue &#8211; correspondent au principe de pr\u00e9caution actuel.<\/p>\n<\/div>\n<div data-hk=\"0000a124212000a23160\" class=\"Html-Block\" data-qa-article-content-text data-text-milestone-block>\n<p>Le sujet est particuli\u00e8rement d\u2019actualit\u00e9 aujourd\u2019hui, car la sant\u00e9, la durabilit\u00e9 et l\u2019\u00e9conomie circulaire sont de plus en plus consid\u00e9r\u00e9es ensemble \u2013 et les consommateurs accordent de plus en plus d\u2019attention aux alternatives peu polluantes et sans PFAS.<\/p>\n<\/div>\n<p><!--\/--><br \/>\n<!--$--><br \/>\n<!--\/--><br \/>\n<!--$--><br \/>\n<!--\/--><br \/>\n<!--$--><br \/>\n<!--\/--><\/p>\n","protected":false},"excerpt":{"rendered":"<p>Les v\u00eatements fonctionnels offrent une protection fiable contre le vent et la pluie, mais la<\/p>\n","protected":false},"author":1,"featured_media":19250,"comment_status":"open","ping_status":"","sticky":false,"template":"","format":"standard","meta":{"footnotes":""},"categories":[86],"tags":[44,1093,49,2859,1605,4233,3339,623,10704],"class_list":["post-19249","post","type-post","status-publish","format-standard","has-post-thumbnail","hentry","category-les-maladies","tag-dans","tag-desormais","tag-les","tag-lue","tag-mettent","tag-pfas","tag-pression","tag-sous","tag-vestes","generate-columns","tablet-grid-50","mobile-grid-100","grid-parent","grid-50","resize-featured-image"],"yoast_head":"<!-- This site is optimized with the Yoast SEO plugin v23.4 - https:\/\/yoast.com\/wordpress\/plugins\/seo\/ -->\n<title>Les PFAS dans les vestes mettent d\u00e9sormais l\u2019UE sous pression - RVH-Synergie.org<\/title>\n<meta name=\"robots\" content=\"index, follow, max-snippet:-1, max-image-preview:large, max-video-preview:-1\" \/>\n<link rel=\"canonical\" href=\"https:\/\/rvh-synergie.org\/actualites\/les-pfas-dans-les-vestes-mettent-desormais-lue-sous-pression\/\" \/>\n<meta property=\"og:locale\" content=\"fr_FR\" \/>\n<meta property=\"og:type\" content=\"article\" \/>\n<meta property=\"og:title\" content=\"Les PFAS dans les vestes mettent d\u00e9sormais l\u2019UE sous pression - RVH-Synergie.org\" \/>\n<meta property=\"og:description\" content=\"Les v\u00eatements fonctionnels offrent une protection fiable contre le vent et la pluie, mais la\" \/>\n<meta property=\"og:url\" content=\"https:\/\/rvh-synergie.org\/actualites\/les-pfas-dans-les-vestes-mettent-desormais-lue-sous-pression\/\" \/>\n<meta property=\"og:site_name\" content=\"RVH-Synergie\" \/>\n<meta property=\"article:published_time\" content=\"2026-08-31T20:11:18+00:00\" \/>\n<meta property=\"article:modified_time\" content=\"2026-08-31T20:11:19+00:00\" \/>\n<meta property=\"og:image\" content=\"https:\/\/rvh-synergie.org\/actualites\/wp-content\/uploads\/2026\/08\/Les-PFAS-dans-les-vestes-mettent-desormais-lUE-sous-pression.jpeg\" \/>\n\t<meta property=\"og:image:width\" content=\"1200\" \/>\n\t<meta property=\"og:image:height\" content=\"630\" \/>\n\t<meta property=\"og:image:type\" content=\"image\/jpeg\" \/>\n<meta name=\"author\" content=\"Charles Martinez\" \/>\n<meta name=\"twitter:card\" content=\"summary_large_image\" \/>\n<meta name=\"twitter:label1\" content=\"\u00c9crit par\" \/>\n\t<meta name=\"twitter:data1\" content=\"Charles Martinez\" \/>\n\t<meta name=\"twitter:label2\" content=\"Dur\u00e9e de lecture estim\u00e9e\" \/>\n\t<meta name=\"twitter:data2\" content=\"1 minute\" \/>\n<script type=\"application\/ld+json\" class=\"yoast-schema-graph\">{\"@context\":\"https:\/\/schema.org\",\"@graph\":[{\"@type\":\"Article\",\"@id\":\"https:\/\/rvh-synergie.org\/actualites\/les-pfas-dans-les-vestes-mettent-desormais-lue-sous-pression\/#article\",\"isPartOf\":{\"@id\":\"https:\/\/rvh-synergie.org\/actualites\/les-pfas-dans-les-vestes-mettent-desormais-lue-sous-pression\/\"},\"author\":{\"name\":\"Charles Martinez\",\"@id\":\"https:\/\/rvh-synergie.org\/actualites\/#\/schema\/person\/6affb9c7fc596daaea315c8c28318135\"},\"headline\":\"Les PFAS dans les vestes mettent d\u00e9sormais l\u2019UE sous pression\",\"datePublished\":\"2026-08-31T20:11:18+00:00\",\"dateModified\":\"2026-08-31T20:11:19+00:00\",\"mainEntityOfPage\":{\"@id\":\"https:\/\/rvh-synergie.org\/actualites\/les-pfas-dans-les-vestes-mettent-desormais-lue-sous-pression\/\"},\"wordCount\":311,\"commentCount\":0,\"publisher\":{\"@id\":\"https:\/\/rvh-synergie.org\/actualites\/#organization\"},\"image\":{\"@id\":\"https:\/\/rvh-synergie.org\/actualites\/les-pfas-dans-les-vestes-mettent-desormais-lue-sous-pression\/#primaryimage\"},\"thumbnailUrl\":\"https:\/\/rvh-synergie.org\/actualites\/wp-content\/uploads\/2026\/08\/Les-PFAS-dans-les-vestes-mettent-desormais-lUE-sous-pression.jpeg\",\"keywords\":[\"dans\",\"d\u00e9sormais\",\"Les\",\"lUE\",\"mettent\",\"PFAS\",\"pression\",\"sous\",\"vestes\"],\"articleSection\":[\"Les maladies\"],\"inLanguage\":\"fr-FR\",\"potentialAction\":[{\"@type\":\"CommentAction\",\"name\":\"Comment\",\"target\":[\"https:\/\/rvh-synergie.org\/actualites\/les-pfas-dans-les-vestes-mettent-desormais-lue-sous-pression\/#respond\"]}]},{\"@type\":\"WebPage\",\"@id\":\"https:\/\/rvh-synergie.org\/actualites\/les-pfas-dans-les-vestes-mettent-desormais-lue-sous-pression\/\",\"url\":\"https:\/\/rvh-synergie.org\/actualites\/les-pfas-dans-les-vestes-mettent-desormais-lue-sous-pression\/\",\"name\":\"Les PFAS dans les vestes mettent d\u00e9sormais l\u2019UE sous pression - RVH-Synergie.org\",\"isPartOf\":{\"@id\":\"https:\/\/rvh-synergie.org\/actualites\/#website\"},\"primaryImageOfPage\":{\"@id\":\"https:\/\/rvh-synergie.org\/actualites\/les-pfas-dans-les-vestes-mettent-desormais-lue-sous-pression\/#primaryimage\"},\"image\":{\"@id\":\"https:\/\/rvh-synergie.org\/actualites\/les-pfas-dans-les-vestes-mettent-desormais-lue-sous-pression\/#primaryimage\"},\"thumbnailUrl\":\"https:\/\/rvh-synergie.org\/actualites\/wp-content\/uploads\/2026\/08\/Les-PFAS-dans-les-vestes-mettent-desormais-lUE-sous-pression.jpeg\",\"datePublished\":\"2026-08-31T20:11:18+00:00\",\"dateModified\":\"2026-08-31T20:11:19+00:00\",\"breadcrumb\":{\"@id\":\"https:\/\/rvh-synergie.org\/actualites\/les-pfas-dans-les-vestes-mettent-desormais-lue-sous-pression\/#breadcrumb\"},\"inLanguage\":\"fr-FR\",\"potentialAction\":[{\"@type\":\"ReadAction\",\"target\":[\"https:\/\/rvh-synergie.org\/actualites\/les-pfas-dans-les-vestes-mettent-desormais-lue-sous-pression\/\"]}]},{\"@type\":\"ImageObject\",\"inLanguage\":\"fr-FR\",\"@id\":\"https:\/\/rvh-synergie.org\/actualites\/les-pfas-dans-les-vestes-mettent-desormais-lue-sous-pression\/#primaryimage\",\"url\":\"https:\/\/rvh-synergie.org\/actualites\/wp-content\/uploads\/2026\/08\/Les-PFAS-dans-les-vestes-mettent-desormais-lUE-sous-pression.jpeg\",\"contentUrl\":\"https:\/\/rvh-synergie.org\/actualites\/wp-content\/uploads\/2026\/08\/Les-PFAS-dans-les-vestes-mettent-desormais-lUE-sous-pression.jpeg\",\"width\":1200,\"height\":630},{\"@type\":\"BreadcrumbList\",\"@id\":\"https:\/\/rvh-synergie.org\/actualites\/les-pfas-dans-les-vestes-mettent-desormais-lue-sous-pression\/#breadcrumb\",\"itemListElement\":[{\"@type\":\"ListItem\",\"position\":1,\"name\":\"Accueil\",\"item\":\"https:\/\/rvh-synergie.org\/actualites\/\"},{\"@type\":\"ListItem\",\"position\":2,\"name\":\"Les PFAS dans les vestes mettent d\u00e9sormais l\u2019UE sous pression\"}]},{\"@type\":\"WebSite\",\"@id\":\"https:\/\/rvh-synergie.org\/actualites\/#website\",\"url\":\"https:\/\/rvh-synergie.org\/actualites\/\",\"name\":\"RVH-Synergie.org\",\"description\":\"RVH-Synergie, site ind\u00e9pendant d&#039;informations sur la prise en charge des addictions.\",\"publisher\":{\"@id\":\"https:\/\/rvh-synergie.org\/actualites\/#organization\"},\"potentialAction\":[{\"@type\":\"SearchAction\",\"target\":{\"@type\":\"EntryPoint\",\"urlTemplate\":\"https:\/\/rvh-synergie.org\/actualites\/?s={search_term_string}\"},\"query-input\":{\"@type\":\"PropertyValueSpecification\",\"valueRequired\":true,\"valueName\":\"search_term_string\"}}],\"inLanguage\":\"fr-FR\"},{\"@type\":\"Organization\",\"@id\":\"https:\/\/rvh-synergie.org\/actualites\/#organization\",\"name\":\"RVH-Synergie.org\",\"url\":\"https:\/\/rvh-synergie.org\/actualites\/\",\"logo\":{\"@type\":\"ImageObject\",\"inLanguage\":\"fr-FR\",\"@id\":\"https:\/\/rvh-synergie.org\/actualites\/#\/schema\/logo\/image\/\",\"url\":\"https:\/\/rvh-synergie.org\/actualites\/wp-content\/uploads\/2024\/09\/favicon.png\",\"contentUrl\":\"https:\/\/rvh-synergie.org\/actualites\/wp-content\/uploads\/2024\/09\/favicon.png\",\"width\":512,\"height\":512,\"caption\":\"RVH-Synergie.org\"},\"image\":{\"@id\":\"https:\/\/rvh-synergie.org\/actualites\/#\/schema\/logo\/image\/\"}},{\"@type\":\"Person\",\"@id\":\"https:\/\/rvh-synergie.org\/actualites\/#\/schema\/person\/6affb9c7fc596daaea315c8c28318135\",\"name\":\"Charles Martinez\",\"image\":{\"@type\":\"ImageObject\",\"inLanguage\":\"fr-FR\",\"@id\":\"https:\/\/rvh-synergie.org\/actualites\/#\/schema\/person\/image\/\",\"url\":\"https:\/\/rvh-synergie.org\/actualites\/wp-content\/uploads\/2024\/09\/charles-martinez-scaled.jpg\",\"contentUrl\":\"https:\/\/rvh-synergie.org\/actualites\/wp-content\/uploads\/2024\/09\/charles-martinez-scaled.jpg\",\"caption\":\"Charles Martinez\"},\"description\":\"Bonjour, je m'appelle Charles Martinez, r\u00e9dacteur passionn\u00e9 pour le m\u00e9dia RVH-synergie.org, d\u00e9di\u00e9 aux addictions et aux maladies. Depuis plus de dix ans, j'explore et rapporte les histoires poignantes des individus confront\u00e9s \u00e0 ces d\u00e9fis, tout en sensibilisant le public aux traitements novateurs et aux progr\u00e8s scientifiques dans ce domaine. Mon engagement r\u00e9side dans l'espoir de cr\u00e9er une communaut\u00e9 inform\u00e9e et empathique, pr\u00eate \u00e0 soutenir ceux qui luttent contre ces \u00e9preuves.\",\"sameAs\":[\"https:\/\/rvh-synergie.org\/\"]}]}<\/script>\n<!-- \/ Yoast SEO plugin. -->","yoast_head_json":{"title":"Les PFAS dans les vestes mettent d\u00e9sormais l\u2019UE sous pression - RVH-Synergie.org","robots":{"index":"index","follow":"follow","max-snippet":"max-snippet:-1","max-image-preview":"max-image-preview:large","max-video-preview":"max-video-preview:-1"},"canonical":"https:\/\/rvh-synergie.org\/actualites\/les-pfas-dans-les-vestes-mettent-desormais-lue-sous-pression\/","og_locale":"fr_FR","og_type":"article","og_title":"Les PFAS dans les vestes mettent d\u00e9sormais l\u2019UE sous pression - RVH-Synergie.org","og_description":"Les v\u00eatements fonctionnels offrent une protection fiable contre le vent et la pluie, mais la","og_url":"https:\/\/rvh-synergie.org\/actualites\/les-pfas-dans-les-vestes-mettent-desormais-lue-sous-pression\/","og_site_name":"RVH-Synergie","article_published_time":"2026-08-31T20:11:18+00:00","article_modified_time":"2026-08-31T20:11:19+00:00","og_image":[{"width":1200,"height":630,"url":"https:\/\/rvh-synergie.org\/actualites\/wp-content\/uploads\/2026\/08\/Les-PFAS-dans-les-vestes-mettent-desormais-lUE-sous-pression.jpeg","type":"image\/jpeg"}],"author":"Charles Martinez","twitter_card":"summary_large_image","twitter_misc":{"\u00c9crit par":"Charles Martinez","Dur\u00e9e de lecture estim\u00e9e":"1 minute"},"schema":{"@context":"https:\/\/schema.org","@graph":[{"@type":"Article","@id":"https:\/\/rvh-synergie.org\/actualites\/les-pfas-dans-les-vestes-mettent-desormais-lue-sous-pression\/#article","isPartOf":{"@id":"https:\/\/rvh-synergie.org\/actualites\/les-pfas-dans-les-vestes-mettent-desormais-lue-sous-pression\/"},"author":{"name":"Charles Martinez","@id":"https:\/\/rvh-synergie.org\/actualites\/#\/schema\/person\/6affb9c7fc596daaea315c8c28318135"},"headline":"Les PFAS dans les vestes mettent d\u00e9sormais l\u2019UE sous pression","datePublished":"2026-08-31T20:11:18+00:00","dateModified":"2026-08-31T20:11:19+00:00","mainEntityOfPage":{"@id":"https:\/\/rvh-synergie.org\/actualites\/les-pfas-dans-les-vestes-mettent-desormais-lue-sous-pression\/"},"wordCount":311,"commentCount":0,"publisher":{"@id":"https:\/\/rvh-synergie.org\/actualites\/#organization"},"image":{"@id":"https:\/\/rvh-synergie.org\/actualites\/les-pfas-dans-les-vestes-mettent-desormais-lue-sous-pression\/#primaryimage"},"thumbnailUrl":"https:\/\/rvh-synergie.org\/actualites\/wp-content\/uploads\/2026\/08\/Les-PFAS-dans-les-vestes-mettent-desormais-lUE-sous-pression.jpeg","keywords":["dans","d\u00e9sormais","Les","lUE","mettent","PFAS","pression","sous","vestes"],"articleSection":["Les maladies"],"inLanguage":"fr-FR","potentialAction":[{"@type":"CommentAction","name":"Comment","target":["https:\/\/rvh-synergie.org\/actualites\/les-pfas-dans-les-vestes-mettent-desormais-lue-sous-pression\/#respond"]}]},{"@type":"WebPage","@id":"https:\/\/rvh-synergie.org\/actualites\/les-pfas-dans-les-vestes-mettent-desormais-lue-sous-pression\/","url":"https:\/\/rvh-synergie.org\/actualites\/les-pfas-dans-les-vestes-mettent-desormais-lue-sous-pression\/","name":"Les PFAS dans les vestes mettent d\u00e9sormais l\u2019UE sous pression - RVH-Synergie.org","isPartOf":{"@id":"https:\/\/rvh-synergie.org\/actualites\/#website"},"primaryImageOfPage":{"@id":"https:\/\/rvh-synergie.org\/actualites\/les-pfas-dans-les-vestes-mettent-desormais-lue-sous-pression\/#primaryimage"},"image":{"@id":"https:\/\/rvh-synergie.org\/actualites\/les-pfas-dans-les-vestes-mettent-desormais-lue-sous-pression\/#primaryimage"},"thumbnailUrl":"https:\/\/rvh-synergie.org\/actualites\/wp-content\/uploads\/2026\/08\/Les-PFAS-dans-les-vestes-mettent-desormais-lUE-sous-pression.jpeg","datePublished":"2026-08-31T20:11:18+00:00","dateModified":"2026-08-31T20:11:19+00:00","breadcrumb":{"@id":"https:\/\/rvh-synergie.org\/actualites\/les-pfas-dans-les-vestes-mettent-desormais-lue-sous-pression\/#breadcrumb"},"inLanguage":"fr-FR","potentialAction":[{"@type":"ReadAction","target":["https:\/\/rvh-synergie.org\/actualites\/les-pfas-dans-les-vestes-mettent-desormais-lue-sous-pression\/"]}]},{"@type":"ImageObject","inLanguage":"fr-FR","@id":"https:\/\/rvh-synergie.org\/actualites\/les-pfas-dans-les-vestes-mettent-desormais-lue-sous-pression\/#primaryimage","url":"https:\/\/rvh-synergie.org\/actualites\/wp-content\/uploads\/2026\/08\/Les-PFAS-dans-les-vestes-mettent-desormais-lUE-sous-pression.jpeg","contentUrl":"https:\/\/rvh-synergie.org\/actualites\/wp-content\/uploads\/2026\/08\/Les-PFAS-dans-les-vestes-mettent-desormais-lUE-sous-pression.jpeg","width":1200,"height":630},{"@type":"BreadcrumbList","@id":"https:\/\/rvh-synergie.org\/actualites\/les-pfas-dans-les-vestes-mettent-desormais-lue-sous-pression\/#breadcrumb","itemListElement":[{"@type":"ListItem","position":1,"name":"Accueil","item":"https:\/\/rvh-synergie.org\/actualites\/"},{"@type":"ListItem","position":2,"name":"Les PFAS dans les vestes mettent d\u00e9sormais l\u2019UE sous pression"}]},{"@type":"WebSite","@id":"https:\/\/rvh-synergie.org\/actualites\/#website","url":"https:\/\/rvh-synergie.org\/actualites\/","name":"RVH-Synergie.org","description":"RVH-Synergie, site ind\u00e9pendant d&#039;informations sur la prise en charge des addictions.","publisher":{"@id":"https:\/\/rvh-synergie.org\/actualites\/#organization"},"potentialAction":[{"@type":"SearchAction","target":{"@type":"EntryPoint","urlTemplate":"https:\/\/rvh-synergie.org\/actualites\/?s={search_term_string}"},"query-input":{"@type":"PropertyValueSpecification","valueRequired":true,"valueName":"search_term_string"}}],"inLanguage":"fr-FR"},{"@type":"Organization","@id":"https:\/\/rvh-synergie.org\/actualites\/#organization","name":"RVH-Synergie.org","url":"https:\/\/rvh-synergie.org\/actualites\/","logo":{"@type":"ImageObject","inLanguage":"fr-FR","@id":"https:\/\/rvh-synergie.org\/actualites\/#\/schema\/logo\/image\/","url":"https:\/\/rvh-synergie.org\/actualites\/wp-content\/uploads\/2024\/09\/favicon.png","contentUrl":"https:\/\/rvh-synergie.org\/actualites\/wp-content\/uploads\/2024\/09\/favicon.png","width":512,"height":512,"caption":"RVH-Synergie.org"},"image":{"@id":"https:\/\/rvh-synergie.org\/actualites\/#\/schema\/logo\/image\/"}},{"@type":"Person","@id":"https:\/\/rvh-synergie.org\/actualites\/#\/schema\/person\/6affb9c7fc596daaea315c8c28318135","name":"Charles Martinez","image":{"@type":"ImageObject","inLanguage":"fr-FR","@id":"https:\/\/rvh-synergie.org\/actualites\/#\/schema\/person\/image\/","url":"https:\/\/rvh-synergie.org\/actualites\/wp-content\/uploads\/2024\/09\/charles-martinez-scaled.jpg","contentUrl":"https:\/\/rvh-synergie.org\/actualites\/wp-content\/uploads\/2024\/09\/charles-martinez-scaled.jpg","caption":"Charles Martinez"},"description":"Bonjour, je m'appelle Charles Martinez, r\u00e9dacteur passionn\u00e9 pour le m\u00e9dia RVH-synergie.org, d\u00e9di\u00e9 aux addictions et aux maladies. Depuis plus de dix ans, j'explore et rapporte les histoires poignantes des individus confront\u00e9s \u00e0 ces d\u00e9fis, tout en sensibilisant le public aux traitements novateurs et aux progr\u00e8s scientifiques dans ce domaine. Mon engagement r\u00e9side dans l'espoir de cr\u00e9er une communaut\u00e9 inform\u00e9e et empathique, pr\u00eate \u00e0 soutenir ceux qui luttent contre ces \u00e9preuves.","sameAs":["https:\/\/rvh-synergie.org\/"]}]}},"_links":{"self":[{"href":"https:\/\/rvh-synergie.org\/actualites\/wp-json\/wp\/v2\/posts\/19249","targetHints":{"allow":["GET"]}}],"collection":[{"href":"https:\/\/rvh-synergie.org\/actualites\/wp-json\/wp\/v2\/posts"}],"about":[{"href":"https:\/\/rvh-synergie.org\/actualites\/wp-json\/wp\/v2\/types\/post"}],"author":[{"embeddable":true,"href":"https:\/\/rvh-synergie.org\/actualites\/wp-json\/wp\/v2\/users\/1"}],"replies":[{"embeddable":true,"href":"https:\/\/rvh-synergie.org\/actualites\/wp-json\/wp\/v2\/comments?post=19249"}],"version-history":[{"count":1,"href":"https:\/\/rvh-synergie.org\/actualites\/wp-json\/wp\/v2\/posts\/19249\/revisions"}],"predecessor-version":[{"id":19251,"href":"https:\/\/rvh-synergie.org\/actualites\/wp-json\/wp\/v2\/posts\/19249\/revisions\/19251"}],"wp:featuredmedia":[{"embeddable":true,"href":"https:\/\/rvh-synergie.org\/actualites\/wp-json\/wp\/v2\/media\/19250"}],"wp:attachment":[{"href":"https:\/\/rvh-synergie.org\/actualites\/wp-json\/wp\/v2\/media?parent=19249"}],"wp:term":[{"taxonomy":"category","embeddable":true,"href":"https:\/\/rvh-synergie.org\/actualites\/wp-json\/wp\/v2\/categories?post=19249"},{"taxonomy":"post_tag","embeddable":true,"href":"https:\/\/rvh-synergie.org\/actualites\/wp-json\/wp\/v2\/tags?post=19249"}],"curies":[{"name":"wp","href":"https:\/\/api.w.org\/{rel}","templated":true}]}}