{"id":19246,"date":"2026-08-31T21:11:58","date_gmt":"2026-08-31T19:11:58","guid":{"rendered":"https:\/\/rvh-synergie.org\/actualites\/lenfant-supporte-t-il-le-trajet-jusqua-lecole-ca-depend-des-parents\/"},"modified":"2026-08-31T21:11:59","modified_gmt":"2026-08-31T19:11:59","slug":"lenfant-supporte-t-il-le-trajet-jusqua-lecole-ca-depend-des-parents","status":"publish","type":"post","link":"https:\/\/rvh-synergie.org\/actualites\/lenfant-supporte-t-il-le-trajet-jusqua-lecole-ca-depend-des-parents\/","title":{"rendered":"L&rsquo;enfant supporte-t-il le trajet jusqu&rsquo;\u00e0 l&rsquo;\u00e9cole ? \u00e7a d\u00e9pend des parents"},"content":{"rendered":"<p><!--$--><br \/>\n<!--\/--><br \/>\n<!--$--><\/p>\n<div data-hk=\"0000a124212000a23100\" class=\"Html-Block\" data-qa-article-content-text data-text-milestone-block>\n<p>C&rsquo;est une petite sc\u00e8ne qui s&rsquo;est r\u00e9p\u00e9t\u00e9e mille fois ces derni\u00e8res semaines : un enfant se tient debout \u00e0 l&rsquo;arr\u00eat de bus, son cartable encore un peu trop grand pour son dos \u00e9troit. A quelques m\u00e8tres, dans la voiture ou derri\u00e8re le rideau, se trouve un parent. Observer. En attendant. En interne pr\u00eat \u00e0 intervenir en cas de doute.<\/p>\n<\/div>\n<div data-hk=\"0000a124212000a23110\" class=\"Html-Block\" data-qa-article-content-text data-text-milestone-block>\n<p>Cette sc\u00e8ne en dit plus sur le chemin de l\u2019\u00e9cole que n\u2019importe quelle liste de contr\u00f4le. La vraie question est rarement de savoir si un enfant est techniquement capable de terminer le parcours. La vraie question est de savoir si les adultes sont pr\u00eats \u00e0 lui faire confiance pour le faire.<\/p>\n<\/div>\n<aside data-hk=\"0000a124212000a2312004\" data-qa-ad-slot class=\"Ad-Slot Ad-Slot-mobile Ad-Slot-hor Ad-Slot-FC\">\n<div class=\"Ad-Slot-FC-Container\">\n<div class=\"Ad-Slot-FC-Window\">\n<div id=\"ad-slot-mobile-hor-2\" data-orientation=\"hor\" data-index=\"2\" data-slot=\"ad-slot\" data-device=\"mobile\"><\/div>\n<\/div>\n<\/div>\n<\/aside>\n<div data-hk=\"0000a124212000a23130\" class=\"Article-ReusableText Html-Block\" data-qa-article-reusable-content-text><!--$--><!--\/--><!--$--><!--\/--><\/p>\n<div>\n<p>Claudia Rehder est enseignante, coach pour sp\u00e9cialistes et gestionnaires de l&rsquo;\u00e9ducation et experte pour des perspectives consciemment diff\u00e9rentes sur l&rsquo;\u00e9ducation dans les cr\u00e8ches et les \u00e9coles. Elle fait partie de notre r\u00e9seau d&rsquo;experts EXPERTS Circle. <\/p>\n<\/div>\n<\/div>\n<div data-hk=\"0000a124212000a23140\" class=\"Html-Block\" data-qa-article-content-text data-text-milestone-block>\n<h2>La maturit\u00e9 ne se mesure pas en ann\u00e9es<\/h2>\n<p>De nombreux parents souhaitent un chiffre clair \u2013 un \u00e2ge auquel la scolarisation est officiellement \u00ab autoris\u00e9e \u00bb. Ce num\u00e9ro n&rsquo;existe pas. La maturit\u00e9 ne se traduit pas par la date de naissance, mais par des comp\u00e9tences concr\u00e8tes : <\/p>\n<\/div>\n<div data-hk=\"0000a124212000a23150\" class=\"Html-Block\" data-qa-article-content-text data-text-milestone-block>\n<ul>\n<li>Un enfant peut-il r\u00e9ellement \u00e9valuer une situation de circulation ou se contente-t-il de r\u00e9citer les r\u00e8gles ? <\/li>\n<li>Reste-t-il pond\u00e9r\u00e9 lorsque quelque chose d\u2019inattendu se produit \u2013 un chien qui aboie soudainement, une balle qui roule dans la rue ? <\/li>\n<li>Et comment r\u00e9agit-il lorsque le bus est d\u00e9j\u00e0 parti : panique-t-il ou trouve-t-il une solution tout seul ?<\/li>\n<\/ul>\n<p>C\u2019est exactement ce qui montre si un enfant poss\u00e8de la stabilit\u00e9 int\u00e9rieure qui lui apporte un soutien lors de ses d\u00e9placements. La plupart des enfants d\u00e9veloppent ces comp\u00e9tences entre six et neuf ans. Les parents connaissent g\u00e9n\u00e9ralement leur enfant mieux que n&rsquo;importe quel conseiller &#8211; et peuvent faire confiance \u00e0 cette \u00e9valuation plus que ne le permettent souvent les lignes directrices.<\/p>\n<\/div>\n<aside data-hk=\"0000a124212000a2316004\" data-qa-ad-slot class=\"Ad-Slot Ad-Slot-mobile Ad-Slot-out\">\n<div id=\"ad-slot-mobile-out-1\" data-orientation=\"out\" data-index=\"1\" data-slot=\"ad-slot\" data-device=\"mobile\"><\/div>\n<\/aside>\n<div data-hk=\"0000a124212000a23170\" class=\"Ad-Carousel mb-xl row\">\n<div data-hk=\"0000a124212000a231710\" class=\"col-lg-4\">\n<div data-hk=\"0000a124212000a231711004\" data-qa-ad-slot class=\"Ad-Slot Ad-Slot-desktop Ad-Slot-ver\" role=\"region\" aria-label=\"Anzeige 1\">\n<div id=\"ad-slot-desktop-ver-1\" data-orientation=\"ver\" data-index=\"1\" data-slot=\"ad-slot\" data-device=\"desktop\"><\/div>\n<\/div>\n<\/div>\n<div data-hk=\"0000a124212000a231712\" class=\"col-lg-4\">\n<aside data-hk=\"0000a124212000a231713004\" data-qa-ad-slot class=\"Ad-Slot Ad-Slot-desktop Ad-Slot-ver Ad-Slot-FC\">\n<div class=\"Ad-Slot-FC-Container\">\n<div class=\"Ad-Slot-FC-Window\">\n<div id=\"ad-slot-desktop-ver-2\" data-orientation=\"ver\" data-index=\"2\" data-slot=\"ad-slot\" data-device=\"desktop\"><\/div>\n<\/div>\n<\/div>\n<\/aside>\n<\/div>\n<div data-hk=\"0000a124212000a231714\" class=\"col-lg-4\">\n<div data-hk=\"0000a124212000a231715004\" data-qa-ad-slot class=\"Ad-Slot Ad-Slot-desktop Ad-Slot-ver\" role=\"region\" aria-label=\"Anzeige 3\">\n<div id=\"ad-slot-desktop-ver-3\" data-orientation=\"ver\" data-index=\"3\" data-slot=\"ad-slot\" data-device=\"desktop\"><\/div>\n<\/div>\n<\/div>\n<\/div>\n<div data-hk=\"0000a124212000a23180\" class=\"Html-Block\" data-qa-article-content-text data-text-milestone-block>\n<h2>\u00c0 pied, \u00e0 v\u00e9lo ou en bus : \u00e7a d\u00e9pend<\/h2>\n<p>La marche, le v\u00e9lo et les bus ont des exigences diff\u00e9rentes. La marche n\u00e9cessite un certain sens de la distance et de la vitesse : les enfants sous-estiment souvent la rapidit\u00e9 avec laquelle une voiture s&rsquo;approche.<\/p>\n<\/div>\n<div data-hk=\"0000a124212000a23190\" class=\"Html-Block\" data-qa-article-content-text data-text-milestone-block>\n<p>En v\u00e9lo, le c\u00f4t\u00e9 moteur entre en jeu : diriger, freiner, surveiller la circulation et donner des signaux manuels en m\u00eame temps &#8211; cela n&rsquo;est possible que lorsque la conduite elle-m\u00eame ne n\u00e9cessite plus d&rsquo;attention.<\/p>\n<\/div>\n<aside data-hk=\"0000a124212000a231a10004\" data-qa-ad-slot class=\"Ad-Slot Ad-Slot-mobile Ad-Slot-hor\">\n<div id=\"ad-slot-mobile-hor-3\" data-orientation=\"hor\" data-index=\"3\" data-slot=\"ad-slot\" data-device=\"mobile\"><\/div>\n<\/aside>\n<div data-hk=\"0000a124212000a231a110\" class=\"Html-Block\" data-qa-article-content-text data-text-milestone-block>\n<p>Lorsque vous prenez un bus, les comp\u00e9tences sociales sont particuli\u00e8rement importantes : naviguer dans la foule, sortir au bon moment et fixer des limites avec les \u00e9trangers de mani\u00e8re amicale mais ferme. Cette partie de la maturit\u00e9 est souvent n\u00e9glig\u00e9e, mais elle a beaucoup \u00e0 voir avec la s\u00e9curit\u00e9 int\u00e9rieure de l&rsquo;enfant.<\/p>\n<\/div>\n<div data-hk=\"0000a124212000a231a120\" class=\"Html-Block\" data-qa-article-content-text data-text-milestone-block>\n<h2>Pratiquer, accompagner, l\u00e2cher prise<\/h2>\n<p>L\u2019\u00e9tape la plus importante est de pratiquer ensemble jusqu\u2019\u00e0 ce que le chemin devienne une routine. Les parents peuvent consciemment prendre du recul : d\u2019abord avancer, puis courir \u00e0 c\u00f4t\u00e9, puis suivre, puis observer sans \u00eatre vu. De cette mani\u00e8re, l\u2019enfant \u00e9prouve une r\u00e9elle responsabilit\u00e9 personnelle, tandis que les parents savent toujours comment ils r\u00e9agissent.<\/p>\n<\/div>\n<aside data-hk=\"0000a124212000a231a13004\" data-qa-ad-slot class=\"Ad-Slot Ad-Slot-mobile Ad-Slot-hor\">\n<div id=\"ad-slot-mobile-hor-4\" data-orientation=\"hor\" data-index=\"4\" data-slot=\"ad-slot\" data-device=\"mobile\"><\/div>\n<\/aside>\n<div data-hk=\"0000a124212000a231a140\" class=\"Html-Block\" data-qa-article-content-text data-text-milestone-block>\n<p>Il est \u00e9galement judicieux de discuter sp\u00e9cifiquement des endroits dangereux, de trouver un itin\u00e9raire alternatif connu et d&rsquo;examiner ensemble les situations possibles &#8211; \u00ab\u00a0Que feriez-vous si&#8230;\u00a0?\u00a0\u00bb \u2013 renforce la capacit\u00e9 d\u2019agir bien plus que de simples interdictions.<\/p>\n<\/div>\n<div data-hk=\"0000a124212000a231a150\" class=\"Html-Block\" data-qa-article-content-text data-text-milestone-block>\n<p>La s\u00e9curit\u00e9 pratique est assur\u00e9e par des v\u00eatements visibles, des r\u00e9flecteurs, un v\u00e9lo fonctionnel et des accords clairs sur le moment et le lieu o\u00f9 l&rsquo;enfant se pr\u00e9sentera. Un t\u00e9l\u00e9phone portable peut y contribuer, mais il doit rester un filet de s\u00e9curit\u00e9 et non un instrument de contr\u00f4le. Les enfants ressentent clairement la diff\u00e9rence.<\/p>\n<\/div>\n<aside data-hk=\"0000a124212000a231a16004\" data-qa-ad-slot class=\"Ad-Slot Ad-Slot-mobile Ad-Slot-hor\">\n<div id=\"ad-slot-mobile-hor-5\" data-orientation=\"hor\" data-index=\"5\" data-slot=\"ad-slot\" data-device=\"mobile\"><\/div>\n<\/aside>\n<aside data-hk=\"0000a124212000a231a17004\" data-qa-ad-slot class=\"Ad-Slot Ad-Slot-desktop Ad-Slot-hor Ad-Slot-FC\">\n<div class=\"Ad-Slot-FC-Container\">\n<div class=\"Ad-Slot-FC-Window\">\n<div id=\"ad-slot-desktop-hor-2\" data-orientation=\"hor\" data-index=\"2\" data-slot=\"ad-slot\" data-device=\"desktop\"><\/div>\n<\/div>\n<\/div>\n<\/aside>\n<div data-hk=\"0000a124212000a231a180\" class=\"Html-Block\" data-qa-article-content-text data-text-milestone-block>\n<h2>Aller \u00e0 l\u2019\u00e9cole ensemble assure la s\u00e9curit\u00e9<\/h2>\n<p>Un facteur souvent n\u00e9glig\u00e9 : les enfants parviennent plus facilement \u00e0 se rendre \u00e0 l&rsquo;\u00e9cole s&rsquo;ils ne doivent pas y aller seuls. Sortir avec d&rsquo;autres enfants renforce \u00e0 parts \u00e9gales le sentiment de s\u00e9curit\u00e9 et d&rsquo;ind\u00e9pendance : on se rappelle les r\u00e8gles, on prend ses responsabilit\u00e9s \u00e0 tour de r\u00f4le et on ose faire les choses ensemble.<\/p>\n<\/div>\n<div data-hk=\"0000a124212000a231a190\" class=\"Html-Block\" data-qa-article-content-text data-text-milestone-block>\n<p>Deux enfants du quartier qui se retrouvent chaque matin au m\u00eame coin de rue et font le reste du chemin ensemble s&rsquo;entra\u00eenent \u00e9galement \u00e0 la fiabilit\u00e9 l&rsquo;un pour l&rsquo;autre. Cela peut \u00eatre un grand soulagement pour les parents : savoir que votre enfant ne voyage pas seul facilite le l\u00e2cher prise &#8211; m\u00eame si cette t\u00e2che incombe finalement aux parents eux-m\u00eames.<\/p>\n<\/div>\n<aside data-hk=\"0000a124212000a231a20004\" data-qa-ad-slot class=\"Ad-Slot Ad-Slot-mobile Ad-Slot-hor\">\n<div id=\"ad-slot-mobile-hor-6\" data-orientation=\"hor\" data-index=\"6\" data-slot=\"ad-slot\" data-device=\"mobile\"><\/div>\n<\/aside>\n<div data-hk=\"0000a124212000a231a210\" class=\"Html-Block\" data-qa-article-content-text data-text-milestone-block>\n<h2>Ce que les parents craignent vraiment<\/h2>\n<p>Les inqui\u00e9tudes des parents d\u00e9coulent rarement du danger r\u00e9el : aujourd&rsquo;hui, les routes sont g\u00e9n\u00e9ralement bien s\u00e9curis\u00e9es. Cela vient d\u2019un lieu int\u00e9rieur : le d\u00e9sir de ne pas abandonner le contr\u00f4le du bien-\u00eatre de son propre enfant. Profond\u00e9ment humain, pens\u00e9 avec amour &#8211; et pourtant quelque chose qui peut garder un enfant petit si cela n&rsquo;est pas refl\u00e9t\u00e9.<\/p>\n<\/div>\n<div data-hk=\"0000a124212000a231a220\" class=\"Html-Block\" data-qa-article-content-text data-text-milestone-block>\n<p>Les parents peuvent honn\u00eatement se demander : ai-je peur d&rsquo;un danger sp\u00e9cifique ou du sentiment de ne plus tout contr\u00f4ler ? Un enfant sent tr\u00e8s clairement si on lui fait confiance ou s&rsquo;il partage la peur de ses parents &#8211; et cette peur est alors transmise au lieu de prot\u00e9ger.<\/p>\n<\/div>\n<aside data-hk=\"0000a124212000a231a23004\" data-qa-ad-slot class=\"Ad-Slot Ad-Slot-mobile Ad-Slot-hor\">\n<div id=\"ad-slot-mobile-hor-7\" data-orientation=\"hor\" data-index=\"7\" data-slot=\"ad-slot\" data-device=\"mobile\"><\/div>\n<\/aside>\n<div data-hk=\"0000a124212000a231a240\" class=\"Html-Block\" data-qa-article-content-text data-text-milestone-block>\n<p>Ce qui aide vraiment : prendre au s\u00e9rieux ses propres pr\u00e9occupations sans les transmettre. Une pr\u00e9paration r\u00e9aliste cr\u00e9e une v\u00e9ritable s\u00e9curit\u00e9. La r\u00e9p\u00e9tition mentale des catastrophes cr\u00e9e avant tout une chose : un trouble int\u00e9rieur, aussi bien pour les parents que pour les enfants.<\/p>\n<\/div>\n<div data-hk=\"0000a124212000a231a250\" class=\"Html-Block\" data-qa-article-content-text data-text-milestone-block>\n<h2>Sur le chemin de l&rsquo;\u00e9cole, les enfants apprennent \u00e0 faire confiance \u00e0 leur capacit\u00e9 d&rsquo;agir<\/h2>\n<p>Un enfant en qui on a confiance grandit gr\u00e2ce \u00e0 cette exp\u00e9rience. \u00c0 l&rsquo;arr\u00eat de bus, dans la circulation, sur le sentier familier, ils apprennent quelque chose qui va bien au-del\u00e0 de la s\u00e9curit\u00e9 routi\u00e8re : qu&rsquo;on peut avoir confiance en soi. <\/p>\n<\/div>\n<div data-hk=\"0000a124212000a231a260\" class=\"Html-Block\" data-qa-article-content-text data-text-milestone-block>\n<p>Cette confiance en sa propre capacit\u00e9 d&rsquo;agir est l&rsquo;une des comp\u00e9tences les plus pr\u00e9cieuses que nous puissions transmettre aux enfants tout au long de leur vie.<\/p>\n<\/div>\n<p><!--\/--><br \/>\n<!--$--><br \/>\n<!--\/--><br \/>\n<!--$--><br \/>\n<!--\/--><br \/>\n<!--$--><br \/>\n<!--\/--><\/p>\n","protected":false},"excerpt":{"rendered":"<p>C&rsquo;est une petite sc\u00e8ne qui s&rsquo;est r\u00e9p\u00e9t\u00e9e mille fois ces derni\u00e8res semaines : un enfant<\/p>\n","protected":false},"author":1,"featured_media":19247,"comment_status":"open","ping_status":"","sticky":false,"template":"","format":"standard","meta":{"footnotes":""},"categories":[117],"tags":[5383,2799,16,2741,127,3385,275,10703,125],"class_list":["post-19246","post","type-post","status-publish","format-standard","has-post-thumbnail","hentry","category-parentalite-enfance","tag-ca","tag-depend","tag-des","tag-jusqua","tag-lecole","tag-lenfant","tag-parents","tag-supportetil","tag-trajet","generate-columns","tablet-grid-50","mobile-grid-100","grid-parent","grid-50","resize-featured-image"],"yoast_head":"<!-- This site is optimized with the Yoast SEO plugin v23.4 - https:\/\/yoast.com\/wordpress\/plugins\/seo\/ -->\n<title>L&#039;enfant supporte-t-il le trajet jusqu&#039;\u00e0 l&#039;\u00e9cole ? \u00e7a d\u00e9pend des parents - RVH-Synergie.org<\/title>\n<meta name=\"robots\" content=\"index, follow, max-snippet:-1, max-image-preview:large, max-video-preview:-1\" \/>\n<link rel=\"canonical\" href=\"https:\/\/rvh-synergie.org\/actualites\/lenfant-supporte-t-il-le-trajet-jusqua-lecole-ca-depend-des-parents\/\" \/>\n<meta property=\"og:locale\" content=\"fr_FR\" \/>\n<meta property=\"og:type\" content=\"article\" \/>\n<meta property=\"og:title\" content=\"L&#039;enfant supporte-t-il le trajet jusqu&#039;\u00e0 l&#039;\u00e9cole ? \u00e7a d\u00e9pend des parents - RVH-Synergie.org\" \/>\n<meta property=\"og:description\" content=\"C&rsquo;est une petite sc\u00e8ne qui s&rsquo;est r\u00e9p\u00e9t\u00e9e mille fois ces derni\u00e8res semaines : un enfant\" \/>\n<meta property=\"og:url\" content=\"https:\/\/rvh-synergie.org\/actualites\/lenfant-supporte-t-il-le-trajet-jusqua-lecole-ca-depend-des-parents\/\" \/>\n<meta property=\"og:site_name\" content=\"RVH-Synergie\" \/>\n<meta property=\"article:published_time\" content=\"2026-08-31T19:11:58+00:00\" \/>\n<meta property=\"article:modified_time\" content=\"2026-08-31T19:11:59+00:00\" \/>\n<meta property=\"og:image\" content=\"https:\/\/rvh-synergie.org\/actualites\/wp-content\/uploads\/2026\/08\/Lenfant-supporte-t-il-le-trajet-jusqua-lecole-ca-depend-des.jpg\" \/>\n\t<meta property=\"og:image:width\" content=\"1200\" \/>\n\t<meta property=\"og:image:height\" content=\"630\" \/>\n\t<meta property=\"og:image:type\" content=\"image\/jpeg\" \/>\n<meta name=\"author\" content=\"Charles Martinez\" \/>\n<meta name=\"twitter:card\" content=\"summary_large_image\" \/>\n<meta name=\"twitter:label1\" content=\"\u00c9crit par\" \/>\n\t<meta name=\"twitter:data1\" content=\"Charles Martinez\" \/>\n\t<meta name=\"twitter:label2\" content=\"Dur\u00e9e de lecture estim\u00e9e\" \/>\n\t<meta name=\"twitter:data2\" content=\"5 minutes\" \/>\n<script type=\"application\/ld+json\" class=\"yoast-schema-graph\">{\"@context\":\"https:\/\/schema.org\",\"@graph\":[{\"@type\":\"Article\",\"@id\":\"https:\/\/rvh-synergie.org\/actualites\/lenfant-supporte-t-il-le-trajet-jusqua-lecole-ca-depend-des-parents\/#article\",\"isPartOf\":{\"@id\":\"https:\/\/rvh-synergie.org\/actualites\/lenfant-supporte-t-il-le-trajet-jusqua-lecole-ca-depend-des-parents\/\"},\"author\":{\"name\":\"Charles Martinez\",\"@id\":\"https:\/\/rvh-synergie.org\/actualites\/#\/schema\/person\/6affb9c7fc596daaea315c8c28318135\"},\"headline\":\"L&rsquo;enfant supporte-t-il le trajet jusqu&rsquo;\u00e0 l&rsquo;\u00e9cole ? \u00e7a d\u00e9pend des parents\",\"datePublished\":\"2026-08-31T19:11:58+00:00\",\"dateModified\":\"2026-08-31T19:11:59+00:00\",\"mainEntityOfPage\":{\"@id\":\"https:\/\/rvh-synergie.org\/actualites\/lenfant-supporte-t-il-le-trajet-jusqua-lecole-ca-depend-des-parents\/\"},\"wordCount\":1087,\"commentCount\":0,\"publisher\":{\"@id\":\"https:\/\/rvh-synergie.org\/actualites\/#organization\"},\"image\":{\"@id\":\"https:\/\/rvh-synergie.org\/actualites\/lenfant-supporte-t-il-le-trajet-jusqua-lecole-ca-depend-des-parents\/#primaryimage\"},\"thumbnailUrl\":\"https:\/\/rvh-synergie.org\/actualites\/wp-content\/uploads\/2026\/08\/Lenfant-supporte-t-il-le-trajet-jusqua-lecole-ca-depend-des.jpg\",\"keywords\":[\"\u00e7a\",\"d\u00e9pend\",\"des\",\"jusqu\u00e0\",\"l\u00e9cole\",\"lenfant\",\"parents\",\"supportetil\",\"trajet\"],\"articleSection\":[\"Parentalit\u00e9 &amp; Enfance\"],\"inLanguage\":\"fr-FR\",\"potentialAction\":[{\"@type\":\"CommentAction\",\"name\":\"Comment\",\"target\":[\"https:\/\/rvh-synergie.org\/actualites\/lenfant-supporte-t-il-le-trajet-jusqua-lecole-ca-depend-des-parents\/#respond\"]}]},{\"@type\":\"WebPage\",\"@id\":\"https:\/\/rvh-synergie.org\/actualites\/lenfant-supporte-t-il-le-trajet-jusqua-lecole-ca-depend-des-parents\/\",\"url\":\"https:\/\/rvh-synergie.org\/actualites\/lenfant-supporte-t-il-le-trajet-jusqua-lecole-ca-depend-des-parents\/\",\"name\":\"L'enfant supporte-t-il le trajet jusqu'\u00e0 l'\u00e9cole ? \u00e7a d\u00e9pend des parents - RVH-Synergie.org\",\"isPartOf\":{\"@id\":\"https:\/\/rvh-synergie.org\/actualites\/#website\"},\"primaryImageOfPage\":{\"@id\":\"https:\/\/rvh-synergie.org\/actualites\/lenfant-supporte-t-il-le-trajet-jusqua-lecole-ca-depend-des-parents\/#primaryimage\"},\"image\":{\"@id\":\"https:\/\/rvh-synergie.org\/actualites\/lenfant-supporte-t-il-le-trajet-jusqua-lecole-ca-depend-des-parents\/#primaryimage\"},\"thumbnailUrl\":\"https:\/\/rvh-synergie.org\/actualites\/wp-content\/uploads\/2026\/08\/Lenfant-supporte-t-il-le-trajet-jusqua-lecole-ca-depend-des.jpg\",\"datePublished\":\"2026-08-31T19:11:58+00:00\",\"dateModified\":\"2026-08-31T19:11:59+00:00\",\"breadcrumb\":{\"@id\":\"https:\/\/rvh-synergie.org\/actualites\/lenfant-supporte-t-il-le-trajet-jusqua-lecole-ca-depend-des-parents\/#breadcrumb\"},\"inLanguage\":\"fr-FR\",\"potentialAction\":[{\"@type\":\"ReadAction\",\"target\":[\"https:\/\/rvh-synergie.org\/actualites\/lenfant-supporte-t-il-le-trajet-jusqua-lecole-ca-depend-des-parents\/\"]}]},{\"@type\":\"ImageObject\",\"inLanguage\":\"fr-FR\",\"@id\":\"https:\/\/rvh-synergie.org\/actualites\/lenfant-supporte-t-il-le-trajet-jusqua-lecole-ca-depend-des-parents\/#primaryimage\",\"url\":\"https:\/\/rvh-synergie.org\/actualites\/wp-content\/uploads\/2026\/08\/Lenfant-supporte-t-il-le-trajet-jusqua-lecole-ca-depend-des.jpg\",\"contentUrl\":\"https:\/\/rvh-synergie.org\/actualites\/wp-content\/uploads\/2026\/08\/Lenfant-supporte-t-il-le-trajet-jusqua-lecole-ca-depend-des.jpg\",\"width\":1200,\"height\":630},{\"@type\":\"BreadcrumbList\",\"@id\":\"https:\/\/rvh-synergie.org\/actualites\/lenfant-supporte-t-il-le-trajet-jusqua-lecole-ca-depend-des-parents\/#breadcrumb\",\"itemListElement\":[{\"@type\":\"ListItem\",\"position\":1,\"name\":\"Accueil\",\"item\":\"https:\/\/rvh-synergie.org\/actualites\/\"},{\"@type\":\"ListItem\",\"position\":2,\"name\":\"L&rsquo;enfant supporte-t-il le trajet jusqu&rsquo;\u00e0 l&rsquo;\u00e9cole ? \u00e7a d\u00e9pend des parents\"}]},{\"@type\":\"WebSite\",\"@id\":\"https:\/\/rvh-synergie.org\/actualites\/#website\",\"url\":\"https:\/\/rvh-synergie.org\/actualites\/\",\"name\":\"RVH-Synergie.org\",\"description\":\"RVH-Synergie, site ind\u00e9pendant d&#039;informations sur la prise en charge des addictions.\",\"publisher\":{\"@id\":\"https:\/\/rvh-synergie.org\/actualites\/#organization\"},\"potentialAction\":[{\"@type\":\"SearchAction\",\"target\":{\"@type\":\"EntryPoint\",\"urlTemplate\":\"https:\/\/rvh-synergie.org\/actualites\/?s={search_term_string}\"},\"query-input\":{\"@type\":\"PropertyValueSpecification\",\"valueRequired\":true,\"valueName\":\"search_term_string\"}}],\"inLanguage\":\"fr-FR\"},{\"@type\":\"Organization\",\"@id\":\"https:\/\/rvh-synergie.org\/actualites\/#organization\",\"name\":\"RVH-Synergie.org\",\"url\":\"https:\/\/rvh-synergie.org\/actualites\/\",\"logo\":{\"@type\":\"ImageObject\",\"inLanguage\":\"fr-FR\",\"@id\":\"https:\/\/rvh-synergie.org\/actualites\/#\/schema\/logo\/image\/\",\"url\":\"https:\/\/rvh-synergie.org\/actualites\/wp-content\/uploads\/2024\/09\/favicon.png\",\"contentUrl\":\"https:\/\/rvh-synergie.org\/actualites\/wp-content\/uploads\/2024\/09\/favicon.png\",\"width\":512,\"height\":512,\"caption\":\"RVH-Synergie.org\"},\"image\":{\"@id\":\"https:\/\/rvh-synergie.org\/actualites\/#\/schema\/logo\/image\/\"}},{\"@type\":\"Person\",\"@id\":\"https:\/\/rvh-synergie.org\/actualites\/#\/schema\/person\/6affb9c7fc596daaea315c8c28318135\",\"name\":\"Charles Martinez\",\"image\":{\"@type\":\"ImageObject\",\"inLanguage\":\"fr-FR\",\"@id\":\"https:\/\/rvh-synergie.org\/actualites\/#\/schema\/person\/image\/\",\"url\":\"https:\/\/rvh-synergie.org\/actualites\/wp-content\/uploads\/2024\/09\/charles-martinez-scaled.jpg\",\"contentUrl\":\"https:\/\/rvh-synergie.org\/actualites\/wp-content\/uploads\/2024\/09\/charles-martinez-scaled.jpg\",\"caption\":\"Charles Martinez\"},\"description\":\"Bonjour, je m'appelle Charles Martinez, r\u00e9dacteur passionn\u00e9 pour le m\u00e9dia RVH-synergie.org, d\u00e9di\u00e9 aux addictions et aux maladies. Depuis plus de dix ans, j'explore et rapporte les histoires poignantes des individus confront\u00e9s \u00e0 ces d\u00e9fis, tout en sensibilisant le public aux traitements novateurs et aux progr\u00e8s scientifiques dans ce domaine. Mon engagement r\u00e9side dans l'espoir de cr\u00e9er une communaut\u00e9 inform\u00e9e et empathique, pr\u00eate \u00e0 soutenir ceux qui luttent contre ces \u00e9preuves.\",\"sameAs\":[\"https:\/\/rvh-synergie.org\/\"]}]}<\/script>\n<!-- \/ Yoast SEO plugin. -->","yoast_head_json":{"title":"L'enfant supporte-t-il le trajet jusqu'\u00e0 l'\u00e9cole ? \u00e7a d\u00e9pend des parents - RVH-Synergie.org","robots":{"index":"index","follow":"follow","max-snippet":"max-snippet:-1","max-image-preview":"max-image-preview:large","max-video-preview":"max-video-preview:-1"},"canonical":"https:\/\/rvh-synergie.org\/actualites\/lenfant-supporte-t-il-le-trajet-jusqua-lecole-ca-depend-des-parents\/","og_locale":"fr_FR","og_type":"article","og_title":"L'enfant supporte-t-il le trajet jusqu'\u00e0 l'\u00e9cole ? \u00e7a d\u00e9pend des parents - RVH-Synergie.org","og_description":"C&rsquo;est une petite sc\u00e8ne qui s&rsquo;est r\u00e9p\u00e9t\u00e9e mille fois ces derni\u00e8res semaines : un enfant","og_url":"https:\/\/rvh-synergie.org\/actualites\/lenfant-supporte-t-il-le-trajet-jusqua-lecole-ca-depend-des-parents\/","og_site_name":"RVH-Synergie","article_published_time":"2026-08-31T19:11:58+00:00","article_modified_time":"2026-08-31T19:11:59+00:00","og_image":[{"width":1200,"height":630,"url":"https:\/\/rvh-synergie.org\/actualites\/wp-content\/uploads\/2026\/08\/Lenfant-supporte-t-il-le-trajet-jusqua-lecole-ca-depend-des.jpg","type":"image\/jpeg"}],"author":"Charles Martinez","twitter_card":"summary_large_image","twitter_misc":{"\u00c9crit par":"Charles Martinez","Dur\u00e9e de lecture estim\u00e9e":"5 minutes"},"schema":{"@context":"https:\/\/schema.org","@graph":[{"@type":"Article","@id":"https:\/\/rvh-synergie.org\/actualites\/lenfant-supporte-t-il-le-trajet-jusqua-lecole-ca-depend-des-parents\/#article","isPartOf":{"@id":"https:\/\/rvh-synergie.org\/actualites\/lenfant-supporte-t-il-le-trajet-jusqua-lecole-ca-depend-des-parents\/"},"author":{"name":"Charles Martinez","@id":"https:\/\/rvh-synergie.org\/actualites\/#\/schema\/person\/6affb9c7fc596daaea315c8c28318135"},"headline":"L&rsquo;enfant supporte-t-il le trajet jusqu&rsquo;\u00e0 l&rsquo;\u00e9cole ? \u00e7a d\u00e9pend des parents","datePublished":"2026-08-31T19:11:58+00:00","dateModified":"2026-08-31T19:11:59+00:00","mainEntityOfPage":{"@id":"https:\/\/rvh-synergie.org\/actualites\/lenfant-supporte-t-il-le-trajet-jusqua-lecole-ca-depend-des-parents\/"},"wordCount":1087,"commentCount":0,"publisher":{"@id":"https:\/\/rvh-synergie.org\/actualites\/#organization"},"image":{"@id":"https:\/\/rvh-synergie.org\/actualites\/lenfant-supporte-t-il-le-trajet-jusqua-lecole-ca-depend-des-parents\/#primaryimage"},"thumbnailUrl":"https:\/\/rvh-synergie.org\/actualites\/wp-content\/uploads\/2026\/08\/Lenfant-supporte-t-il-le-trajet-jusqua-lecole-ca-depend-des.jpg","keywords":["\u00e7a","d\u00e9pend","des","jusqu\u00e0","l\u00e9cole","lenfant","parents","supportetil","trajet"],"articleSection":["Parentalit\u00e9 &amp; Enfance"],"inLanguage":"fr-FR","potentialAction":[{"@type":"CommentAction","name":"Comment","target":["https:\/\/rvh-synergie.org\/actualites\/lenfant-supporte-t-il-le-trajet-jusqua-lecole-ca-depend-des-parents\/#respond"]}]},{"@type":"WebPage","@id":"https:\/\/rvh-synergie.org\/actualites\/lenfant-supporte-t-il-le-trajet-jusqua-lecole-ca-depend-des-parents\/","url":"https:\/\/rvh-synergie.org\/actualites\/lenfant-supporte-t-il-le-trajet-jusqua-lecole-ca-depend-des-parents\/","name":"L'enfant supporte-t-il le trajet jusqu'\u00e0 l'\u00e9cole ? \u00e7a d\u00e9pend des parents - RVH-Synergie.org","isPartOf":{"@id":"https:\/\/rvh-synergie.org\/actualites\/#website"},"primaryImageOfPage":{"@id":"https:\/\/rvh-synergie.org\/actualites\/lenfant-supporte-t-il-le-trajet-jusqua-lecole-ca-depend-des-parents\/#primaryimage"},"image":{"@id":"https:\/\/rvh-synergie.org\/actualites\/lenfant-supporte-t-il-le-trajet-jusqua-lecole-ca-depend-des-parents\/#primaryimage"},"thumbnailUrl":"https:\/\/rvh-synergie.org\/actualites\/wp-content\/uploads\/2026\/08\/Lenfant-supporte-t-il-le-trajet-jusqua-lecole-ca-depend-des.jpg","datePublished":"2026-08-31T19:11:58+00:00","dateModified":"2026-08-31T19:11:59+00:00","breadcrumb":{"@id":"https:\/\/rvh-synergie.org\/actualites\/lenfant-supporte-t-il-le-trajet-jusqua-lecole-ca-depend-des-parents\/#breadcrumb"},"inLanguage":"fr-FR","potentialAction":[{"@type":"ReadAction","target":["https:\/\/rvh-synergie.org\/actualites\/lenfant-supporte-t-il-le-trajet-jusqua-lecole-ca-depend-des-parents\/"]}]},{"@type":"ImageObject","inLanguage":"fr-FR","@id":"https:\/\/rvh-synergie.org\/actualites\/lenfant-supporte-t-il-le-trajet-jusqua-lecole-ca-depend-des-parents\/#primaryimage","url":"https:\/\/rvh-synergie.org\/actualites\/wp-content\/uploads\/2026\/08\/Lenfant-supporte-t-il-le-trajet-jusqua-lecole-ca-depend-des.jpg","contentUrl":"https:\/\/rvh-synergie.org\/actualites\/wp-content\/uploads\/2026\/08\/Lenfant-supporte-t-il-le-trajet-jusqua-lecole-ca-depend-des.jpg","width":1200,"height":630},{"@type":"BreadcrumbList","@id":"https:\/\/rvh-synergie.org\/actualites\/lenfant-supporte-t-il-le-trajet-jusqua-lecole-ca-depend-des-parents\/#breadcrumb","itemListElement":[{"@type":"ListItem","position":1,"name":"Accueil","item":"https:\/\/rvh-synergie.org\/actualites\/"},{"@type":"ListItem","position":2,"name":"L&rsquo;enfant supporte-t-il le trajet jusqu&rsquo;\u00e0 l&rsquo;\u00e9cole ? \u00e7a d\u00e9pend des parents"}]},{"@type":"WebSite","@id":"https:\/\/rvh-synergie.org\/actualites\/#website","url":"https:\/\/rvh-synergie.org\/actualites\/","name":"RVH-Synergie.org","description":"RVH-Synergie, site ind\u00e9pendant d&#039;informations sur la prise en charge des addictions.","publisher":{"@id":"https:\/\/rvh-synergie.org\/actualites\/#organization"},"potentialAction":[{"@type":"SearchAction","target":{"@type":"EntryPoint","urlTemplate":"https:\/\/rvh-synergie.org\/actualites\/?s={search_term_string}"},"query-input":{"@type":"PropertyValueSpecification","valueRequired":true,"valueName":"search_term_string"}}],"inLanguage":"fr-FR"},{"@type":"Organization","@id":"https:\/\/rvh-synergie.org\/actualites\/#organization","name":"RVH-Synergie.org","url":"https:\/\/rvh-synergie.org\/actualites\/","logo":{"@type":"ImageObject","inLanguage":"fr-FR","@id":"https:\/\/rvh-synergie.org\/actualites\/#\/schema\/logo\/image\/","url":"https:\/\/rvh-synergie.org\/actualites\/wp-content\/uploads\/2024\/09\/favicon.png","contentUrl":"https:\/\/rvh-synergie.org\/actualites\/wp-content\/uploads\/2024\/09\/favicon.png","width":512,"height":512,"caption":"RVH-Synergie.org"},"image":{"@id":"https:\/\/rvh-synergie.org\/actualites\/#\/schema\/logo\/image\/"}},{"@type":"Person","@id":"https:\/\/rvh-synergie.org\/actualites\/#\/schema\/person\/6affb9c7fc596daaea315c8c28318135","name":"Charles Martinez","image":{"@type":"ImageObject","inLanguage":"fr-FR","@id":"https:\/\/rvh-synergie.org\/actualites\/#\/schema\/person\/image\/","url":"https:\/\/rvh-synergie.org\/actualites\/wp-content\/uploads\/2024\/09\/charles-martinez-scaled.jpg","contentUrl":"https:\/\/rvh-synergie.org\/actualites\/wp-content\/uploads\/2024\/09\/charles-martinez-scaled.jpg","caption":"Charles Martinez"},"description":"Bonjour, je m'appelle Charles Martinez, r\u00e9dacteur passionn\u00e9 pour le m\u00e9dia RVH-synergie.org, d\u00e9di\u00e9 aux addictions et aux maladies. Depuis plus de dix ans, j'explore et rapporte les histoires poignantes des individus confront\u00e9s \u00e0 ces d\u00e9fis, tout en sensibilisant le public aux traitements novateurs et aux progr\u00e8s scientifiques dans ce domaine. Mon engagement r\u00e9side dans l'espoir de cr\u00e9er une communaut\u00e9 inform\u00e9e et empathique, pr\u00eate \u00e0 soutenir ceux qui luttent contre ces \u00e9preuves.","sameAs":["https:\/\/rvh-synergie.org\/"]}]}},"_links":{"self":[{"href":"https:\/\/rvh-synergie.org\/actualites\/wp-json\/wp\/v2\/posts\/19246","targetHints":{"allow":["GET"]}}],"collection":[{"href":"https:\/\/rvh-synergie.org\/actualites\/wp-json\/wp\/v2\/posts"}],"about":[{"href":"https:\/\/rvh-synergie.org\/actualites\/wp-json\/wp\/v2\/types\/post"}],"author":[{"embeddable":true,"href":"https:\/\/rvh-synergie.org\/actualites\/wp-json\/wp\/v2\/users\/1"}],"replies":[{"embeddable":true,"href":"https:\/\/rvh-synergie.org\/actualites\/wp-json\/wp\/v2\/comments?post=19246"}],"version-history":[{"count":1,"href":"https:\/\/rvh-synergie.org\/actualites\/wp-json\/wp\/v2\/posts\/19246\/revisions"}],"predecessor-version":[{"id":19248,"href":"https:\/\/rvh-synergie.org\/actualites\/wp-json\/wp\/v2\/posts\/19246\/revisions\/19248"}],"wp:featuredmedia":[{"embeddable":true,"href":"https:\/\/rvh-synergie.org\/actualites\/wp-json\/wp\/v2\/media\/19247"}],"wp:attachment":[{"href":"https:\/\/rvh-synergie.org\/actualites\/wp-json\/wp\/v2\/media?parent=19246"}],"wp:term":[{"taxonomy":"category","embeddable":true,"href":"https:\/\/rvh-synergie.org\/actualites\/wp-json\/wp\/v2\/categories?post=19246"},{"taxonomy":"post_tag","embeddable":true,"href":"https:\/\/rvh-synergie.org\/actualites\/wp-json\/wp\/v2\/tags?post=19246"}],"curies":[{"name":"wp","href":"https:\/\/api.w.org\/{rel}","templated":true}]}}