{"id":16210,"date":"2026-05-03T12:10:47","date_gmt":"2026-05-03T10:10:47","guid":{"rendered":"https:\/\/rvh-synergie.org\/actualites\/un-medecin-de-la-longevite-partage-sa-routine-matinale-de-10-minutes\/"},"modified":"2026-05-03T12:10:48","modified_gmt":"2026-05-03T10:10:48","slug":"un-medecin-de-la-longevite-partage-sa-routine-matinale-de-10-minutes","status":"publish","type":"post","link":"https:\/\/rvh-synergie.org\/actualites\/un-medecin-de-la-longevite-partage-sa-routine-matinale-de-10-minutes\/","title":{"rendered":"Un m\u00e9decin de la long\u00e9vit\u00e9 partage sa routine matinale de 10 minutes"},"content":{"rendered":"<p><!--$--><\/p>\n<div data-hk=\"0000942120a20200\" class=\"Html-Block\" data-qa-article-content-text>\n<p>Alors, \u00e0 quoi ressemble votre routine matinale ? Le mien &#8211; si je suis tout \u00e0 fait honn\u00eate &#8211; consiste en un caf\u00e9 rapide puis un sprint jusqu&rsquo;\u00e0 la r\u00e9daction. Cela semble stressant et c\u2019est g\u00e9n\u00e9ralement le cas. Les experts se contenteraient probablement de secouer la t\u00eate. La recommandation est de commencer la journ\u00e9e le moins stressant possible, en prenant au moins quelques minutes de temps pour soi.<\/p>\n<\/div>\n<div data-hk=\"0000942120a20210\" class=\"Html-Block\" data-qa-article-content-text>\n<p>Kien Vuu peut \u00eatre un mod\u00e8le. Le m\u00e9decin, auteur et conf\u00e9rencier de Ted \u00e9tait auparavant professeur adjoint de sciences de la sant\u00e9 \u00e0 l&rsquo;Universit\u00e9 de Californie (UCLA) et s&rsquo;est ensuite sp\u00e9cialis\u00e9, entre autres, dans la m\u00e9decine de la nutrition, de la performance et de la long\u00e9vit\u00e9. Il a r\u00e9v\u00e9l\u00e9 sa routine matinale quotidienne de 10 minutes \u00e0 \u00ab Business Insider \u00bb.<\/p>\n<\/div>\n<aside data-hk=\"0000942120a202204\" data-qa-ad-slot class=\"Ad-Slot Ad-Slot-mobile Ad-Slot-hor Ad-Slot-FC\">\n<div class=\"Ad-Slot-FC-Container\">\n<div class=\"Ad-Slot-FC-Window\">\n<div id=\"ad-slot-mobile-hor-2\" data-orientation=\"hor\" data-index=\"2\" data-slot=\"ad-slot\" data-device=\"mobile\"><\/div>\n<\/div>\n<\/div>\n<\/aside>\n<div data-hk=\"0000942120a20230\" class=\"Html-Block\" data-qa-article-content-text>\n<h2>Un m\u00e9decin de la long\u00e9vit\u00e9 partage sa routine matinale de 10 minutes<\/h2>\n<p>Il explique vouloir couvrir les \u00ab cinq piliers de la sant\u00e9 \u00bb avec sa routine. Il s\u2019agit plus pr\u00e9cis\u00e9ment de la sant\u00e9 physique, mentale, \u00e9motionnelle, sociale et significative.<\/p>\n<\/div>\n<div data-hk=\"0000942120a20240\" class=\"Html-Block\" data-qa-article-content-text>\n<p><strong>1. Grand verre d&rsquo;eau citronn\u00e9e (1 minute)<\/strong><\/p>\n<\/div>\n<div data-hk=\"0000942120a20250\" class=\"Html-Block\" data-qa-article-content-text>\n<p>Il commence par un grand verre d&rsquo;eau avec du citron et des \u00e9lectrolytes ou du sel min\u00e9ral. Par exemple, le sel rose de l&rsquo;Himalaya ou le sel marin celtique, tous deux disponibles dans les \u00e9piceries normales et contiennent plus d&rsquo;oligo\u00e9l\u00e9ments tels que le calcium et le magn\u00e9sium que le sel de table normal. \u00ab De cette fa\u00e7on, l&rsquo;\u00e9quilibre hydrique est r\u00e9tabli et des nutriments suppl\u00e9mentaires sont fournis \u00bb, explique Vuu.<\/p>\n<\/div>\n<aside data-hk=\"0000942120a202604\" data-qa-ad-slot class=\"Ad-Slot Ad-Slot-mobile Ad-Slot-out\">\n<div id=\"ad-slot-mobile-out-1\" data-orientation=\"out\" data-index=\"1\" data-slot=\"ad-slot\" data-device=\"mobile\"><\/div>\n<\/aside>\n<div data-hk=\"0000942120a20270\" class=\"Ad-Row\">\n<div class=\"Ad-Col col-lg-5\">\n<div data-hk=\"0000942120a2027104\" data-qa-ad-slot class=\"Ad-Slot Ad-Slot-desktop Ad-Slot-ver\" role=\"region\" aria-label=\"Anzeige 1\">\n<div id=\"ad-slot-desktop-ver-1\" data-orientation=\"ver\" data-index=\"1\" data-slot=\"ad-slot\" data-device=\"desktop\"><\/div>\n<\/div>\n<\/div>\n<div class=\"Ad-Col col-lg-5\">\n<aside data-hk=\"0000942120a2027204\" data-qa-ad-slot class=\"Ad-Slot Ad-Slot-desktop Ad-Slot-ver Ad-Slot-FC\">\n<div class=\"Ad-Slot-FC-Container\">\n<div class=\"Ad-Slot-FC-Window\">\n<div id=\"ad-slot-desktop-ver-2\" data-orientation=\"ver\" data-index=\"2\" data-slot=\"ad-slot\" data-device=\"desktop\"><\/div>\n<\/div>\n<\/div>\n<\/aside>\n<\/div>\n<\/div>\n<div data-hk=\"0000942120a20280\" class=\"Html-Block\" data-qa-article-content-text>\n<p><strong>2. Laissez le soleil briller sur votre visage (si possible, 1 minute)<\/strong><\/p>\n<\/div>\n<div data-hk=\"0000942120a20290\" class=\"Html-Block\" data-qa-article-content-text>\n<p>Si possible, il laisse \u00e9galement la lumi\u00e8re du soleil briller sur son visage et sa peau le matin. Cela soutient le rythme veille-sommeil naturel du corps et aide \u00e0 atteindre un niveau d\u2019\u00e9nergie constant.<\/p>\n<\/div>\n<div data-hk=\"0000942120a202a100\" class=\"Html-Block\" data-qa-article-content-text>\n<p><strong>3. Qi Gong et Burpees (5 minutes)<\/strong><\/p>\n<\/div>\n<div data-hk=\"0000942120a202a110\" class=\"Html-Block\" data-qa-article-content-text>\n<p>Ceci est suivi d\u2019un court exercice de Qigong. Il s\u2019agit de formes de mouvements m\u00e9ditatives venues de Chine et destin\u00e9es \u00e0 stimuler le corps et l\u2019esprit.<\/p>\n<\/div>\n<aside data-hk=\"0000942120a202a1204\" data-qa-ad-slot class=\"Ad-Slot Ad-Slot-mobile Ad-Slot-hor\">\n<div id=\"ad-slot-mobile-hor-3\" data-orientation=\"hor\" data-index=\"3\" data-slot=\"ad-slot\" data-device=\"mobile\"><\/div>\n<\/aside>\n<div data-hk=\"0000942120a202a130\" class=\"Html-Block\" data-qa-article-content-text>\n<p>Plus pr\u00e9cis\u00e9ment, il recommande deux exercices :<\/p>\n<\/div>\n<div data-hk=\"0000942120a202a140\" class=\"Html-Block\" data-qa-article-content-text>\n<ul>\n<li>Rebond du Qigong : Relevez vos \u00e9paules puis laissez-les retomber pour que tout votre corps rebondisse comme sur un trampoline.<\/li>\n<li>Rotation du Qigong\u00a0: tournez le haut de votre corps d&rsquo;un c\u00f4t\u00e9 \u00e0 l&rsquo;autre et laissez vos mains se balancer &#8211; d&rsquo;abord en frappant doucement contre votre poitrine, puis contre vos cuisses.<\/li>\n<\/ul>\n<p>Il compl\u00e8te l&rsquo;unit\u00e9 de mouvement avec dix \u00e0 15 burpees. Les trois exercices push-up, squat et stretch jump sont combin\u00e9s en un seul mouvement fluide avec les deux mains au-dessus de la t\u00eate.<\/p>\n<\/div>\n<aside data-hk=\"0000942120a202a1504\" data-qa-ad-slot class=\"Ad-Slot Ad-Slot-mobile Ad-Slot-hor\">\n<div id=\"ad-slot-mobile-hor-4\" data-orientation=\"hor\" data-index=\"4\" data-slot=\"ad-slot\" data-device=\"mobile\"><\/div>\n<\/aside>\n<div data-hk=\"0000942120a202a160\" class=\"Html-Block\" data-qa-article-content-text>\n<p>Comme le souligne Vuu, il est prouv\u00e9 que de courtes p\u00e9riodes d&rsquo;exercice, en particulier lorsque la fr\u00e9quence cardiaque augmente, peuvent am\u00e9liorer la concentration et r\u00e9duire les effets n\u00e9gatifs du manque d&rsquo;exercice sur la sant\u00e9.<\/p>\n<\/div>\n<div data-hk=\"0000942120a202a170\" class=\"Html-Block\" data-qa-article-content-text>\n<p>\u00ab\u00a0Cela cr\u00e9e de l&rsquo;\u00e9nergie\u00a0\u00bb, explique Vuu. \u00ab\u00a0Cinq minutes suffisent pour faire monter l&rsquo;\u00e9nergie.\u00a0\u00bb<\/p>\n<\/div>\n<aside data-hk=\"0000942120a202a1804\" data-qa-ad-slot class=\"Ad-Slot Ad-Slot-desktop Ad-Slot-hor Ad-Slot-FC\">\n<div class=\"Ad-Slot-FC-Container\">\n<div class=\"Ad-Slot-FC-Window\">\n<div id=\"ad-slot-desktop-hor-2\" data-orientation=\"hor\" data-index=\"2\" data-slot=\"ad-slot\" data-device=\"desktop\"><\/div>\n<\/div>\n<\/div>\n<\/aside>\n<div data-hk=\"0000942120a202a190\" class=\"Html-Block\" data-qa-article-content-text>\n<p><strong>4. Exercice de respiration (2 \u00e0 3 minutes)<\/strong><\/p>\n<\/div>\n<div data-hk=\"0000942120a202a200\" class=\"Html-Block\" data-qa-article-content-text>\n<p>Apr\u00e8s l&rsquo;entra\u00eenement, Vuu prend deux \u00e0 trois minutes pour faire des exercices de respiration. Ceux-ci pourraient vous aider \u00e0 mieux vous concentrer et \u00e0 r\u00e9duire le stress. Il existe des techniques tr\u00e8s diff\u00e9rentes et Vuu essaie aussi de temps en temps quelque chose de nouveau.<\/p>\n<\/div>\n<aside data-hk=\"0000942120a202a2104\" data-qa-ad-slot class=\"Ad-Slot Ad-Slot-mobile Ad-Slot-hor\">\n<div id=\"ad-slot-mobile-hor-5\" data-orientation=\"hor\" data-index=\"5\" data-slot=\"ad-slot\" data-device=\"mobile\"><\/div>\n<\/aside>\n<div data-hk=\"0000942120a202a220\" class=\"Html-Block\" data-qa-article-content-text>\n<p>Comme <strong>classique simple <\/strong>La respiration 4-7-8 s&rsquo;applique\u00a0: inspirez par le nez pendant quatre secondes, retenez votre respiration pendant sept secondes, puis expirez pendant huit secondes, en \u00e9mettant un son \u00ab whoosh \u00bb avec vos l\u00e8vres press\u00e9es l&rsquo;une contre l&rsquo;autre. R\u00e9p\u00e9tez cette op\u00e9ration jusqu&rsquo;\u00e0 quatre fois.<\/p>\n<\/div>\n<div data-hk=\"0000942120a202a230\" class=\"Html-Block\" data-qa-article-content-text>\n<p>Vuu en a \u00e9galement un autre sur sa cha\u00eene Vimeo <strong>Exercice de respiration<\/strong> avant:<\/p>\n<\/div>\n<div data-hk=\"0000942120a202a240\" class=\"Html-Block\" data-qa-article-content-text>\n<ul>\n<li>Inspirez par le nez en vous concentrant sur l\u2019expansion de votre ventre.<\/li>\n<li>Sans expirer, inspirez \u00e0 nouveau directement par le nez, en vous concentrant sur l\u2019air entrant dans votre poitrine.<\/li>\n<li>Expirez par la bouche.<\/li>\n<li>R\u00e9p\u00e9tez l&rsquo;exercice dix fois puis \u00e0 nouveau \u00e0 double vitesse.<\/li>\n<\/ul>\n<p>Suivant:<\/p>\n<\/div>\n<aside data-hk=\"0000942120a202a2504\" data-qa-ad-slot class=\"Ad-Slot Ad-Slot-mobile Ad-Slot-hor\">\n<div id=\"ad-slot-mobile-hor-6\" data-orientation=\"hor\" data-index=\"6\" data-slot=\"ad-slot\" data-device=\"mobile\"><\/div>\n<\/aside>\n<div data-hk=\"0000942120a202a260\" class=\"Html-Block\" data-qa-article-content-text>\n<ul>\n<li>Inspirez profond\u00e9ment par le nez, en contractant tous les muscles de votre corps, et retenez votre souffle pendant 10 \u00e0 15 secondes.<\/li>\n<li>Expirez par la bouche, puis faites une pause de 30 secondes et concentrez-vous sur quelques mots cl\u00e9s que vous souhaitez incarner pour la journ\u00e9e \u00e0 venir. Les exemples incluent la connexion, le calme, la concentration ou la joie.<\/li>\n<li>Terminez l\u2019exercice par une derni\u00e8re respiration profonde, maintenue pendant 10 \u00e0 15 secondes puis rel\u00e2ch\u00e9e.<\/li>\n<li>R\u00e9p\u00e9tez l&rsquo;exercice deux fois.<\/li>\n<\/ul>\n<p><strong>5. M\u00e9ditation de gratitude (1 minute)<\/strong><\/p>\n<\/div>\n<aside data-hk=\"0000942120a202a2704\" data-qa-ad-slot class=\"Ad-Slot Ad-Slot-mobile Ad-Slot-hor\">\n<div id=\"ad-slot-mobile-hor-7\" data-orientation=\"hor\" data-index=\"7\" data-slot=\"ad-slot\" data-device=\"mobile\"><\/div>\n<\/aside>\n<aside data-hk=\"0000942120a202a2804\" data-qa-ad-slot class=\"Ad-Slot Ad-Slot-desktop Ad-Slot-out\">\n<div id=\"ad-slot-desktop-out-1\" data-orientation=\"out\" data-index=\"1\" data-slot=\"ad-slot\" data-device=\"desktop\"><\/div>\n<\/aside>\n<div data-hk=\"0000942120a202a290\" class=\"Html-Block\" data-qa-article-content-text>\n<p>Vuu termine sa routine matinale par une courte m\u00e9ditation de gratitude. \u00abIl suffit de prendre une minute et de se concentrer sur les choses de la vie pour lesquelles vous \u00eates reconnaissant\u00bb, explique le m\u00e9decin.<\/p>\n<\/div>\n<div data-hk=\"0000942120a202a300\" class=\"Html-Block\" data-qa-article-content-text>\n<p>Au d\u00e9but, il n\u2019en \u00e9tait pas lui-m\u00eame un grand fan. Il aurait pr\u00e9f\u00e9r\u00e9 se concentrer sur le prochain objectif, la prochaine \u00e9tape. Cependant, cela a maintenant chang\u00e9. Les pratiques de gratitude pourraient produire des changements dans le corps et le cerveau qui favorisent la sant\u00e9 et la long\u00e9vit\u00e9, explique Vuu. Il est prouv\u00e9 que la gratitude lib\u00e8re des hormones du bonheur telles que l\u2019ocytocine. \u00ab Chaque fois que nous ressentons de la gratitude, il se produit une r\u00e9action biochimique qui a un effet anti-inflammatoire \u00bb, dit-il.<\/p>\n<\/div>\n<aside data-hk=\"0000942120a202a3104\" data-qa-ad-slot class=\"Ad-Slot Ad-Slot-mobile Ad-Slot-hor\">\n<div id=\"ad-slot-mobile-hor-8\" data-orientation=\"hor\" data-index=\"8\" data-slot=\"ad-slot\" data-device=\"mobile\"><\/div>\n<\/aside>\n<div data-hk=\"0000942120a202a320\" class=\"Html-Block\" data-qa-article-content-text>\n<p>Sa promesse : Avec la routine matinale, vous pourrez bien commencer la journ\u00e9e. Vous \u00eates concentr\u00e9 et plein d&rsquo;\u00e9nergie &#8211; en m\u00eame temps, votre esp\u00e9rance de vie augmente.<\/p>\n<\/div>\n<div data-hk=\"0000942120a202a330\" class=\"Html-Block\" data-qa-article-content-text>\n<h2>Ce que signifie r\u00e9ellement la long\u00e9vit\u00e9 et 5 autres conseils<\/h2>\n<p>Vivre longtemps et en bonne sant\u00e9, rester en forme \u00e0 80 ou 90 ans et vieillir sans maladies graves \u2013 tel est probablement le souhait de la plupart des gens. La m\u00e9decine s\u2019int\u00e9resse \u00e9galement de plus en plus \u00e0 la question de savoir comment prolonger non seulement la dur\u00e9e de vie, mais \u00e9galement la sant\u00e9. Cette combinaison est r\u00e9sum\u00e9e sous le terme \u00ab long\u00e9vit\u00e9 \u00bb.<\/p>\n<\/div>\n<div data-hk=\"0000942120a202a340\" class=\"Html-Block\" data-qa-article-content-text>\n<p>D\u2019autres conseils classiques de long\u00e9vit\u00e9 incluent\u00a0:<\/p>\n<\/div>\n<div data-hk=\"0000942120a202a350\" class=\"Html-Block\" data-qa-article-content-text>\n<ul>\n<li>assez de sommeil<\/li>\n<li>alimentation \u00e9quilibr\u00e9e et saine (une cuisine m\u00e9diterran\u00e9enne est recommand\u00e9e)<\/li>\n<li>assez d&rsquo;exercice<\/li>\n<li>entretenir des contacts sociaux<\/li>\n<li>\u00c9vitez le stress ou neutralisez-le avec un entra\u00eenement anti-stress<\/li>\n<li>pas de nicotine ni d&rsquo;alcool<\/li>\n<\/ul>\n<\/div>\n<div data-hk=\"0000942120a202a3600\" data-qa-article-articles-box=\"https:\/\/www.focus.de\/gesundheit\/longevity\/true\" class=\"Article-ArticlesBox \" data-element-tracking-name=\"related-article-linkbox\" data-element-tracking-id=\"3fc2f78f-5778-44b2-9c0c-1a35d7969d51\" data-element-tracking-position=\"contentblock_2\" data-element-tracking-exclude-links-from-view-events=\"https:\/\/www.focus.de\/gesundheit\/longevity\/true\" data-element-tracking-campaign-name=\"zum-thema\" data-element-tracking-creative=\"list-with-images-true\" data-element-tracking-load=\"false\" data-element-tracking-view=\"false\" data-element-tracking-swipe=\"false\">\n<div id=\"isl-6-FocusArticleBox\" data-island=\"FocusArticleBoxBase\">\n<div data-hk=\"00\" class=\"Related_Article_Headline\">Sur le sujet<\/div>\n<div data-hk=\"01\" class=\"row Related_Article_Linkboxes relative m-0\">\n<div data-hk=\"020\" class=\"col-xs-12 col-lg-6\"><!--$--><\/p>\n<div class=\"pl-0 col-xs-offset-0 col-xs-4 col-md-2 col-lg-4 relative Related_Article_Linkbox--Image\"><!--$--><!--\/--><\/div>\n<div class=\"col-xs-offset-0 col-xs-8 col-md-10 col-lg-8\">\n<div class=\"Related_Article_Linkbox--Title\">Troisi\u00e8me cancer le plus r\u00e9pandu<\/div>\n<div class=\"Related_Article_Linkbox--Description\">Le taux de mortalit\u00e9 par cancer du c\u00f4lon augmente chez les jeunes \u2013 les chercheurs citent 3 causes principales<\/div>\n<\/div>\n<p><!--\/--><!--$--><!--\/--><\/div>\n<div data-hk=\"023\" class=\"col-xs-12 col-lg-6\"><!--$--><\/p>\n<div class=\"pl-0 col-xs-offset-0 col-xs-4 col-md-2 col-lg-4 relative Related_Article_Linkbox--Image\"><!--$--><!--\/--><img decoding=\"async\" src=\"https:\/\/quadro.burda-forward.de\/ctf\/9550cb07-262f-40b4-b113-a1b8ff84a3b4.9e7beae3-1dd0-47f8-b12e-fe8cd8fc42a0.jpeg?im=RegionOfInterestCrop=(300,200),regionOfInterest=(1858,1076)&amp;hash=5d20133c5c72a687ab9888ace198cd3c09ea4c494d601aed9d576c1c3febb557\" alt=\"D\u00e9tection du cancer\"><\/div>\n<div class=\"col-xs-offset-0 col-xs-8 col-md-10 col-lg-8\">\n<div class=\"Related_Article_Linkbox--Title\">\u00ab Talon d&rsquo;Achille de la tumeur \u00bb<\/div>\n<div class=\"Related_Article_Linkbox--Description\">Pour de nombreux types de cancer, les chances de survie sont particuli\u00e8rement bonnes<\/div>\n<\/div>\n<p><!--\/--><!--$--><!--\/--><\/div>\n<div data-hk=\"026\" class=\"col-xs-12 col-lg-6\"><!--$--><\/p>\n<div class=\"pl-0 col-xs-offset-0 col-xs-4 col-md-2 col-lg-4 relative Related_Article_Linkbox--Image\"><!--$--><!--\/--><img decoding=\"async\" src=\"https:\/\/quadro.burda-forward.de\/ctf\/a36bf46a-f9be-42ba-892d-c9840adc4439.74c14e13-b1fb-4361-a4ad-5815b220c374.jpeg?im=RegionOfInterestCrop=(300,200),regionOfInterest=(1731.5,1154.5)&amp;hash=f845a1a810824f4f56d2050762e2489edd368d1d103871bc6791ecaee400d2a4\" alt=\"Proc\u00e8s pour meurtre de Doppelganger\"><\/div>\n<div class=\"col-xs-offset-0 col-xs-8 col-md-10 col-lg-8\">\n<div class=\"Related_Article_Linkbox--Title\">Cas curieux<\/div>\n<div class=\"Related_Article_Linkbox--Description\">Proc\u00e8s pour meurtre de sosie &#8211; l&rsquo;accus\u00e9 pr\u00e9sente soudainement l&rsquo;affaire compl\u00e8tement diff\u00e9remment<\/div>\n<\/div>\n<p><!--\/--><!--$--><!--\/--><\/div>\n<\/div>\n<\/div>\n<\/div>\n<p><!--\/--><br \/>\n<!--$--><br \/>\n<!--\/--><br \/>\n<!--$--><br \/>\n<!--\/--><\/p>\n","protected":false},"excerpt":{"rendered":"<p>Alors, \u00e0 quoi ressemble votre routine matinale ? Le mien &#8211; si je suis tout<\/p>\n","protected":false},"author":1,"featured_media":16211,"comment_status":"open","ping_status":"","sticky":false,"template":"","format":"standard","meta":{"footnotes":""},"categories":[86],"tags":[2149,8465,1236,3331,2586,156],"class_list":["post-16210","post","type-post","status-publish","format-standard","has-post-thumbnail","hentry","category-les-maladies","tag-longevite","tag-matinale","tag-medecin","tag-minutes","tag-partage","tag-routine","generate-columns","tablet-grid-50","mobile-grid-100","grid-parent","grid-50","resize-featured-image"],"yoast_head":"<!-- This site is optimized with the Yoast SEO plugin v23.4 - https:\/\/yoast.com\/wordpress\/plugins\/seo\/ -->\n<title>Un m\u00e9decin de la long\u00e9vit\u00e9 partage sa routine matinale de 10 minutes - RVH-Synergie.org<\/title>\n<meta name=\"robots\" content=\"index, follow, max-snippet:-1, max-image-preview:large, max-video-preview:-1\" \/>\n<link rel=\"canonical\" href=\"https:\/\/rvh-synergie.org\/actualites\/un-medecin-de-la-longevite-partage-sa-routine-matinale-de-10-minutes\/\" \/>\n<meta property=\"og:locale\" content=\"fr_FR\" \/>\n<meta property=\"og:type\" content=\"article\" \/>\n<meta property=\"og:title\" content=\"Un m\u00e9decin de la long\u00e9vit\u00e9 partage sa routine matinale de 10 minutes - RVH-Synergie.org\" \/>\n<meta property=\"og:description\" content=\"Alors, \u00e0 quoi ressemble votre routine matinale ? Le mien &#8211; si je suis tout\" \/>\n<meta property=\"og:url\" content=\"https:\/\/rvh-synergie.org\/actualites\/un-medecin-de-la-longevite-partage-sa-routine-matinale-de-10-minutes\/\" \/>\n<meta property=\"og:site_name\" content=\"RVH-Synergie\" \/>\n<meta property=\"article:published_time\" content=\"2026-05-03T10:10:47+00:00\" \/>\n<meta property=\"article:modified_time\" content=\"2026-05-03T10:10:48+00:00\" \/>\n<meta property=\"og:image\" content=\"https:\/\/rvh-synergie.org\/actualites\/wp-content\/uploads\/2026\/05\/Un-medecin-de-la-longevite-partage-sa-routine-matinale-de.png\" \/>\n\t<meta property=\"og:image:width\" content=\"1200\" \/>\n\t<meta property=\"og:image:height\" content=\"630\" \/>\n\t<meta property=\"og:image:type\" content=\"image\/png\" \/>\n<meta name=\"author\" content=\"Charles Martinez\" \/>\n<meta name=\"twitter:card\" content=\"summary_large_image\" \/>\n<meta name=\"twitter:label1\" content=\"\u00c9crit par\" \/>\n\t<meta name=\"twitter:data1\" content=\"Charles Martinez\" \/>\n\t<meta name=\"twitter:label2\" content=\"Dur\u00e9e de lecture estim\u00e9e\" \/>\n\t<meta name=\"twitter:data2\" content=\"5 minutes\" \/>\n<script type=\"application\/ld+json\" class=\"yoast-schema-graph\">{\"@context\":\"https:\/\/schema.org\",\"@graph\":[{\"@type\":\"Article\",\"@id\":\"https:\/\/rvh-synergie.org\/actualites\/un-medecin-de-la-longevite-partage-sa-routine-matinale-de-10-minutes\/#article\",\"isPartOf\":{\"@id\":\"https:\/\/rvh-synergie.org\/actualites\/un-medecin-de-la-longevite-partage-sa-routine-matinale-de-10-minutes\/\"},\"author\":{\"name\":\"Charles Martinez\",\"@id\":\"https:\/\/rvh-synergie.org\/actualites\/#\/schema\/person\/aa5ea98671fb4e8620f488a0795d2560\"},\"headline\":\"Un m\u00e9decin de la long\u00e9vit\u00e9 partage sa routine matinale de 10 minutes\",\"datePublished\":\"2026-05-03T10:10:47+00:00\",\"dateModified\":\"2026-05-03T10:10:48+00:00\",\"mainEntityOfPage\":{\"@id\":\"https:\/\/rvh-synergie.org\/actualites\/un-medecin-de-la-longevite-partage-sa-routine-matinale-de-10-minutes\/\"},\"wordCount\":1116,\"commentCount\":0,\"publisher\":{\"@id\":\"https:\/\/rvh-synergie.org\/actualites\/#organization\"},\"image\":{\"@id\":\"https:\/\/rvh-synergie.org\/actualites\/un-medecin-de-la-longevite-partage-sa-routine-matinale-de-10-minutes\/#primaryimage\"},\"thumbnailUrl\":\"https:\/\/rvh-synergie.org\/actualites\/wp-content\/uploads\/2026\/05\/Un-medecin-de-la-longevite-partage-sa-routine-matinale-de.png\",\"keywords\":[\"long\u00e9vit\u00e9\",\"matinale\",\"m\u00e9decin\",\"minutes\",\"partage\",\"routine\"],\"articleSection\":[\"Les maladies\"],\"inLanguage\":\"fr-FR\",\"potentialAction\":[{\"@type\":\"CommentAction\",\"name\":\"Comment\",\"target\":[\"https:\/\/rvh-synergie.org\/actualites\/un-medecin-de-la-longevite-partage-sa-routine-matinale-de-10-minutes\/#respond\"]}]},{\"@type\":\"WebPage\",\"@id\":\"https:\/\/rvh-synergie.org\/actualites\/un-medecin-de-la-longevite-partage-sa-routine-matinale-de-10-minutes\/\",\"url\":\"https:\/\/rvh-synergie.org\/actualites\/un-medecin-de-la-longevite-partage-sa-routine-matinale-de-10-minutes\/\",\"name\":\"Un m\u00e9decin de la long\u00e9vit\u00e9 partage sa routine matinale de 10 minutes - RVH-Synergie.org\",\"isPartOf\":{\"@id\":\"https:\/\/rvh-synergie.org\/actualites\/#website\"},\"primaryImageOfPage\":{\"@id\":\"https:\/\/rvh-synergie.org\/actualites\/un-medecin-de-la-longevite-partage-sa-routine-matinale-de-10-minutes\/#primaryimage\"},\"image\":{\"@id\":\"https:\/\/rvh-synergie.org\/actualites\/un-medecin-de-la-longevite-partage-sa-routine-matinale-de-10-minutes\/#primaryimage\"},\"thumbnailUrl\":\"https:\/\/rvh-synergie.org\/actualites\/wp-content\/uploads\/2026\/05\/Un-medecin-de-la-longevite-partage-sa-routine-matinale-de.png\",\"datePublished\":\"2026-05-03T10:10:47+00:00\",\"dateModified\":\"2026-05-03T10:10:48+00:00\",\"breadcrumb\":{\"@id\":\"https:\/\/rvh-synergie.org\/actualites\/un-medecin-de-la-longevite-partage-sa-routine-matinale-de-10-minutes\/#breadcrumb\"},\"inLanguage\":\"fr-FR\",\"potentialAction\":[{\"@type\":\"ReadAction\",\"target\":[\"https:\/\/rvh-synergie.org\/actualites\/un-medecin-de-la-longevite-partage-sa-routine-matinale-de-10-minutes\/\"]}]},{\"@type\":\"ImageObject\",\"inLanguage\":\"fr-FR\",\"@id\":\"https:\/\/rvh-synergie.org\/actualites\/un-medecin-de-la-longevite-partage-sa-routine-matinale-de-10-minutes\/#primaryimage\",\"url\":\"https:\/\/rvh-synergie.org\/actualites\/wp-content\/uploads\/2026\/05\/Un-medecin-de-la-longevite-partage-sa-routine-matinale-de.png\",\"contentUrl\":\"https:\/\/rvh-synergie.org\/actualites\/wp-content\/uploads\/2026\/05\/Un-medecin-de-la-longevite-partage-sa-routine-matinale-de.png\",\"width\":1200,\"height\":630},{\"@type\":\"BreadcrumbList\",\"@id\":\"https:\/\/rvh-synergie.org\/actualites\/un-medecin-de-la-longevite-partage-sa-routine-matinale-de-10-minutes\/#breadcrumb\",\"itemListElement\":[{\"@type\":\"ListItem\",\"position\":1,\"name\":\"Accueil\",\"item\":\"https:\/\/rvh-synergie.org\/actualites\/\"},{\"@type\":\"ListItem\",\"position\":2,\"name\":\"Un m\u00e9decin de la long\u00e9vit\u00e9 partage sa routine matinale de 10 minutes\"}]},{\"@type\":\"WebSite\",\"@id\":\"https:\/\/rvh-synergie.org\/actualites\/#website\",\"url\":\"https:\/\/rvh-synergie.org\/actualites\/\",\"name\":\"RVH-Synergie.org\",\"description\":\"RVH-Synergie, site ind\u00e9pendant d&#039;informations sur la prise en charge des addictions.\",\"publisher\":{\"@id\":\"https:\/\/rvh-synergie.org\/actualites\/#organization\"},\"potentialAction\":[{\"@type\":\"SearchAction\",\"target\":{\"@type\":\"EntryPoint\",\"urlTemplate\":\"https:\/\/rvh-synergie.org\/actualites\/?s={search_term_string}\"},\"query-input\":{\"@type\":\"PropertyValueSpecification\",\"valueRequired\":true,\"valueName\":\"search_term_string\"}}],\"inLanguage\":\"fr-FR\"},{\"@type\":\"Organization\",\"@id\":\"https:\/\/rvh-synergie.org\/actualites\/#organization\",\"name\":\"RVH-Synergie.org\",\"url\":\"https:\/\/rvh-synergie.org\/actualites\/\",\"logo\":{\"@type\":\"ImageObject\",\"inLanguage\":\"fr-FR\",\"@id\":\"https:\/\/rvh-synergie.org\/actualites\/#\/schema\/logo\/image\/\",\"url\":\"https:\/\/rvh-synergie.org\/actualites\/wp-content\/uploads\/2024\/09\/favicon.png\",\"contentUrl\":\"https:\/\/rvh-synergie.org\/actualites\/wp-content\/uploads\/2024\/09\/favicon.png\",\"width\":512,\"height\":512,\"caption\":\"RVH-Synergie.org\"},\"image\":{\"@id\":\"https:\/\/rvh-synergie.org\/actualites\/#\/schema\/logo\/image\/\"}},{\"@type\":\"Person\",\"@id\":\"https:\/\/rvh-synergie.org\/actualites\/#\/schema\/person\/aa5ea98671fb4e8620f488a0795d2560\",\"name\":\"Charles Martinez\",\"image\":{\"@type\":\"ImageObject\",\"inLanguage\":\"fr-FR\",\"@id\":\"https:\/\/rvh-synergie.org\/actualites\/#\/schema\/person\/image\/\",\"url\":\"https:\/\/rvh-synergie.org\/actualites\/wp-content\/uploads\/2024\/09\/charles-martinez-scaled.jpg\",\"contentUrl\":\"https:\/\/rvh-synergie.org\/actualites\/wp-content\/uploads\/2024\/09\/charles-martinez-scaled.jpg\",\"caption\":\"Charles Martinez\"},\"description\":\"Bonjour, je m'appelle Charles Martinez, r\u00e9dacteur passionn\u00e9 pour le m\u00e9dia RVH-synergie.org, d\u00e9di\u00e9 aux addictions et aux maladies. Depuis plus de dix ans, j'explore et rapporte les histoires poignantes des individus confront\u00e9s \u00e0 ces d\u00e9fis, tout en sensibilisant le public aux traitements novateurs et aux progr\u00e8s scientifiques dans ce domaine. Mon engagement r\u00e9side dans l'espoir de cr\u00e9er une communaut\u00e9 inform\u00e9e et empathique, pr\u00eate \u00e0 soutenir ceux qui luttent contre ces \u00e9preuves.\",\"sameAs\":[\"https:\/\/rvh-synergie.org\/\"]}]}<\/script>\n<!-- \/ Yoast SEO plugin. -->","yoast_head_json":{"title":"Un m\u00e9decin de la long\u00e9vit\u00e9 partage sa routine matinale de 10 minutes - RVH-Synergie.org","robots":{"index":"index","follow":"follow","max-snippet":"max-snippet:-1","max-image-preview":"max-image-preview:large","max-video-preview":"max-video-preview:-1"},"canonical":"https:\/\/rvh-synergie.org\/actualites\/un-medecin-de-la-longevite-partage-sa-routine-matinale-de-10-minutes\/","og_locale":"fr_FR","og_type":"article","og_title":"Un m\u00e9decin de la long\u00e9vit\u00e9 partage sa routine matinale de 10 minutes - RVH-Synergie.org","og_description":"Alors, \u00e0 quoi ressemble votre routine matinale ? Le mien &#8211; si je suis tout","og_url":"https:\/\/rvh-synergie.org\/actualites\/un-medecin-de-la-longevite-partage-sa-routine-matinale-de-10-minutes\/","og_site_name":"RVH-Synergie","article_published_time":"2026-05-03T10:10:47+00:00","article_modified_time":"2026-05-03T10:10:48+00:00","og_image":[{"width":1200,"height":630,"url":"https:\/\/rvh-synergie.org\/actualites\/wp-content\/uploads\/2026\/05\/Un-medecin-de-la-longevite-partage-sa-routine-matinale-de.png","type":"image\/png"}],"author":"Charles Martinez","twitter_card":"summary_large_image","twitter_misc":{"\u00c9crit par":"Charles Martinez","Dur\u00e9e de lecture estim\u00e9e":"5 minutes"},"schema":{"@context":"https:\/\/schema.org","@graph":[{"@type":"Article","@id":"https:\/\/rvh-synergie.org\/actualites\/un-medecin-de-la-longevite-partage-sa-routine-matinale-de-10-minutes\/#article","isPartOf":{"@id":"https:\/\/rvh-synergie.org\/actualites\/un-medecin-de-la-longevite-partage-sa-routine-matinale-de-10-minutes\/"},"author":{"name":"Charles Martinez","@id":"https:\/\/rvh-synergie.org\/actualites\/#\/schema\/person\/aa5ea98671fb4e8620f488a0795d2560"},"headline":"Un m\u00e9decin de la long\u00e9vit\u00e9 partage sa routine matinale de 10 minutes","datePublished":"2026-05-03T10:10:47+00:00","dateModified":"2026-05-03T10:10:48+00:00","mainEntityOfPage":{"@id":"https:\/\/rvh-synergie.org\/actualites\/un-medecin-de-la-longevite-partage-sa-routine-matinale-de-10-minutes\/"},"wordCount":1116,"commentCount":0,"publisher":{"@id":"https:\/\/rvh-synergie.org\/actualites\/#organization"},"image":{"@id":"https:\/\/rvh-synergie.org\/actualites\/un-medecin-de-la-longevite-partage-sa-routine-matinale-de-10-minutes\/#primaryimage"},"thumbnailUrl":"https:\/\/rvh-synergie.org\/actualites\/wp-content\/uploads\/2026\/05\/Un-medecin-de-la-longevite-partage-sa-routine-matinale-de.png","keywords":["long\u00e9vit\u00e9","matinale","m\u00e9decin","minutes","partage","routine"],"articleSection":["Les maladies"],"inLanguage":"fr-FR","potentialAction":[{"@type":"CommentAction","name":"Comment","target":["https:\/\/rvh-synergie.org\/actualites\/un-medecin-de-la-longevite-partage-sa-routine-matinale-de-10-minutes\/#respond"]}]},{"@type":"WebPage","@id":"https:\/\/rvh-synergie.org\/actualites\/un-medecin-de-la-longevite-partage-sa-routine-matinale-de-10-minutes\/","url":"https:\/\/rvh-synergie.org\/actualites\/un-medecin-de-la-longevite-partage-sa-routine-matinale-de-10-minutes\/","name":"Un m\u00e9decin de la long\u00e9vit\u00e9 partage sa routine matinale de 10 minutes - RVH-Synergie.org","isPartOf":{"@id":"https:\/\/rvh-synergie.org\/actualites\/#website"},"primaryImageOfPage":{"@id":"https:\/\/rvh-synergie.org\/actualites\/un-medecin-de-la-longevite-partage-sa-routine-matinale-de-10-minutes\/#primaryimage"},"image":{"@id":"https:\/\/rvh-synergie.org\/actualites\/un-medecin-de-la-longevite-partage-sa-routine-matinale-de-10-minutes\/#primaryimage"},"thumbnailUrl":"https:\/\/rvh-synergie.org\/actualites\/wp-content\/uploads\/2026\/05\/Un-medecin-de-la-longevite-partage-sa-routine-matinale-de.png","datePublished":"2026-05-03T10:10:47+00:00","dateModified":"2026-05-03T10:10:48+00:00","breadcrumb":{"@id":"https:\/\/rvh-synergie.org\/actualites\/un-medecin-de-la-longevite-partage-sa-routine-matinale-de-10-minutes\/#breadcrumb"},"inLanguage":"fr-FR","potentialAction":[{"@type":"ReadAction","target":["https:\/\/rvh-synergie.org\/actualites\/un-medecin-de-la-longevite-partage-sa-routine-matinale-de-10-minutes\/"]}]},{"@type":"ImageObject","inLanguage":"fr-FR","@id":"https:\/\/rvh-synergie.org\/actualites\/un-medecin-de-la-longevite-partage-sa-routine-matinale-de-10-minutes\/#primaryimage","url":"https:\/\/rvh-synergie.org\/actualites\/wp-content\/uploads\/2026\/05\/Un-medecin-de-la-longevite-partage-sa-routine-matinale-de.png","contentUrl":"https:\/\/rvh-synergie.org\/actualites\/wp-content\/uploads\/2026\/05\/Un-medecin-de-la-longevite-partage-sa-routine-matinale-de.png","width":1200,"height":630},{"@type":"BreadcrumbList","@id":"https:\/\/rvh-synergie.org\/actualites\/un-medecin-de-la-longevite-partage-sa-routine-matinale-de-10-minutes\/#breadcrumb","itemListElement":[{"@type":"ListItem","position":1,"name":"Accueil","item":"https:\/\/rvh-synergie.org\/actualites\/"},{"@type":"ListItem","position":2,"name":"Un m\u00e9decin de la long\u00e9vit\u00e9 partage sa routine matinale de 10 minutes"}]},{"@type":"WebSite","@id":"https:\/\/rvh-synergie.org\/actualites\/#website","url":"https:\/\/rvh-synergie.org\/actualites\/","name":"RVH-Synergie.org","description":"RVH-Synergie, site ind\u00e9pendant d&#039;informations sur la prise en charge des addictions.","publisher":{"@id":"https:\/\/rvh-synergie.org\/actualites\/#organization"},"potentialAction":[{"@type":"SearchAction","target":{"@type":"EntryPoint","urlTemplate":"https:\/\/rvh-synergie.org\/actualites\/?s={search_term_string}"},"query-input":{"@type":"PropertyValueSpecification","valueRequired":true,"valueName":"search_term_string"}}],"inLanguage":"fr-FR"},{"@type":"Organization","@id":"https:\/\/rvh-synergie.org\/actualites\/#organization","name":"RVH-Synergie.org","url":"https:\/\/rvh-synergie.org\/actualites\/","logo":{"@type":"ImageObject","inLanguage":"fr-FR","@id":"https:\/\/rvh-synergie.org\/actualites\/#\/schema\/logo\/image\/","url":"https:\/\/rvh-synergie.org\/actualites\/wp-content\/uploads\/2024\/09\/favicon.png","contentUrl":"https:\/\/rvh-synergie.org\/actualites\/wp-content\/uploads\/2024\/09\/favicon.png","width":512,"height":512,"caption":"RVH-Synergie.org"},"image":{"@id":"https:\/\/rvh-synergie.org\/actualites\/#\/schema\/logo\/image\/"}},{"@type":"Person","@id":"https:\/\/rvh-synergie.org\/actualites\/#\/schema\/person\/aa5ea98671fb4e8620f488a0795d2560","name":"Charles Martinez","image":{"@type":"ImageObject","inLanguage":"fr-FR","@id":"https:\/\/rvh-synergie.org\/actualites\/#\/schema\/person\/image\/","url":"https:\/\/rvh-synergie.org\/actualites\/wp-content\/uploads\/2024\/09\/charles-martinez-scaled.jpg","contentUrl":"https:\/\/rvh-synergie.org\/actualites\/wp-content\/uploads\/2024\/09\/charles-martinez-scaled.jpg","caption":"Charles Martinez"},"description":"Bonjour, je m'appelle Charles Martinez, r\u00e9dacteur passionn\u00e9 pour le m\u00e9dia RVH-synergie.org, d\u00e9di\u00e9 aux addictions et aux maladies. Depuis plus de dix ans, j'explore et rapporte les histoires poignantes des individus confront\u00e9s \u00e0 ces d\u00e9fis, tout en sensibilisant le public aux traitements novateurs et aux progr\u00e8s scientifiques dans ce domaine. Mon engagement r\u00e9side dans l'espoir de cr\u00e9er une communaut\u00e9 inform\u00e9e et empathique, pr\u00eate \u00e0 soutenir ceux qui luttent contre ces \u00e9preuves.","sameAs":["https:\/\/rvh-synergie.org\/"]}]}},"_links":{"self":[{"href":"https:\/\/rvh-synergie.org\/actualites\/wp-json\/wp\/v2\/posts\/16210","targetHints":{"allow":["GET"]}}],"collection":[{"href":"https:\/\/rvh-synergie.org\/actualites\/wp-json\/wp\/v2\/posts"}],"about":[{"href":"https:\/\/rvh-synergie.org\/actualites\/wp-json\/wp\/v2\/types\/post"}],"author":[{"embeddable":true,"href":"https:\/\/rvh-synergie.org\/actualites\/wp-json\/wp\/v2\/users\/1"}],"replies":[{"embeddable":true,"href":"https:\/\/rvh-synergie.org\/actualites\/wp-json\/wp\/v2\/comments?post=16210"}],"version-history":[{"count":1,"href":"https:\/\/rvh-synergie.org\/actualites\/wp-json\/wp\/v2\/posts\/16210\/revisions"}],"predecessor-version":[{"id":16212,"href":"https:\/\/rvh-synergie.org\/actualites\/wp-json\/wp\/v2\/posts\/16210\/revisions\/16212"}],"wp:featuredmedia":[{"embeddable":true,"href":"https:\/\/rvh-synergie.org\/actualites\/wp-json\/wp\/v2\/media\/16211"}],"wp:attachment":[{"href":"https:\/\/rvh-synergie.org\/actualites\/wp-json\/wp\/v2\/media?parent=16210"}],"wp:term":[{"taxonomy":"category","embeddable":true,"href":"https:\/\/rvh-synergie.org\/actualites\/wp-json\/wp\/v2\/categories?post=16210"},{"taxonomy":"post_tag","embeddable":true,"href":"https:\/\/rvh-synergie.org\/actualites\/wp-json\/wp\/v2\/tags?post=16210"}],"curies":[{"name":"wp","href":"https:\/\/api.w.org\/{rel}","templated":true}]}}