{"id":16181,"date":"2026-05-02T06:10:49","date_gmt":"2026-05-02T04:10:49","guid":{"rendered":"https:\/\/rvh-synergie.org\/actualites\/pour-mieux-dormir-mieux-vaut-eviter-le-cafe-de-fin-de-soiree\/"},"modified":"2026-05-02T06:10:50","modified_gmt":"2026-05-02T04:10:50","slug":"pour-mieux-dormir-mieux-vaut-eviter-le-cafe-de-fin-de-soiree","status":"publish","type":"post","link":"https:\/\/rvh-synergie.org\/actualites\/pour-mieux-dormir-mieux-vaut-eviter-le-cafe-de-fin-de-soiree\/","title":{"rendered":"Pour mieux dormir, mieux vaut \u00e9viter le caf\u00e9 de fin de soir\u00e9e"},"content":{"rendered":"<p><!--$--><\/p>\n<div data-hk=\"0000942120a20200\" class=\"Html-Block\" data-qa-article-content-text>\n<p>Pour \u00e9chapper \u00e0 la morosit\u00e9 de l&rsquo;apr\u00e8s-midi, prendre un caf\u00e9 apr\u00e8s le d\u00e9jeuner est une pratique courante, notamment dans la vie de tous les jours au bureau. Cependant, ce rituel peut avoir un impact durable sur le sommeil.<\/p>\n<\/div>\n<div data-hk=\"0000942120a20210\" class=\"Html-Block\" data-qa-article-content-text>\n<p>Car m\u00eame si les effets de la caf\u00e9ine ne sont plus consciemment per\u00e7us au bout de quelques heures, elle reste active dans l&rsquo;organisme et peut l&#8217;emp\u00eacher de se reposer le soir.<\/p>\n<\/div>\n<div data-hk=\"0000942120a20220\" class=\"Html-Block\" data-qa-article-content-text>\n<h2>La d\u00e9composition de la caf\u00e9ine prend plus de temps que pr\u00e9vu<\/h2>\n<p>Il faut g\u00e9n\u00e9ralement 15 \u00e0 45 minutes apr\u00e8s avoir bu une tasse de caf\u00e9 pour ressentir les effets de la caf\u00e9ine et se sentir plus alerte. Cependant, il faut beaucoup plus de temps pour que la caf\u00e9ine soit compl\u00e8tement d\u00e9compos\u00e9e par l\u2019organisme.<\/p>\n<\/div>\n<aside data-hk=\"0000942120a202304\" data-qa-ad-slot class=\"Ad-Slot Ad-Slot-mobile Ad-Slot-hor Ad-Slot-FC\">\n<div class=\"Ad-Slot-FC-Container\">\n<div class=\"Ad-Slot-FC-Window\">\n<div id=\"ad-slot-mobile-hor-2\" data-orientation=\"hor\" data-index=\"2\" data-slot=\"ad-slot\" data-device=\"mobile\"><\/div>\n<\/div>\n<\/div>\n<\/aside>\n<div data-hk=\"0000942120a20240\" class=\"Html-Block\" data-qa-article-content-text>\n<p>Selon la Food and Drug Administration (FDA) am\u00e9ricaine, la demi-vie de la caf\u00e9ine est d&rsquo;environ quatre \u00e0 six heures.<\/p>\n<\/div>\n<div data-hk=\"0000942120a20250\" class=\"Html-Block\" data-qa-article-content-text>\n<p>Cela signifie qu\u2019environ la moiti\u00e9 de la caf\u00e9ine est encore dans le sang quatre \u00e0 six heures apr\u00e8s sa consommation.<\/p>\n<\/div>\n<div data-hk=\"0000942120a20260\" class=\"Html-Block\" data-qa-article-content-text>\n<p>Quatre \u00e0 six heures s&rsquo;\u00e9coulent encore jusqu&rsquo;\u00e0 ce que la moiti\u00e9 de ce montant restant ait \u00e9t\u00e9 r\u00e9duite.<\/p>\n<\/div>\n<div data-hk=\"0000942120a20270\" class=\"Html-Block\" data-qa-article-content-text>\n<p>Ainsi, si vous buvez un caf\u00e9 contenant 100 milligrammes de caf\u00e9ine \u00e0 10 heures du matin, vous avez encore environ 25 milligrammes de caf\u00e9ine active dans votre corps \u00e0 22 heures.<\/p>\n<\/div>\n<aside data-hk=\"0000942120a202804\" data-qa-ad-slot class=\"Ad-Slot Ad-Slot-mobile Ad-Slot-out\">\n<div id=\"ad-slot-mobile-out-1\" data-orientation=\"out\" data-index=\"1\" data-slot=\"ad-slot\" data-device=\"mobile\"><\/div>\n<\/aside>\n<div data-hk=\"0000942120a20290\" class=\"Html-Block\" data-qa-article-content-text>\n<p>Pas \u00e9tonnant que vous ne puissiez pas dormir le soir apr\u00e8s un caf\u00e9 l&rsquo;apr\u00e8s-midi : si vous buvez du caf\u00e9 \u00e0 16 heures, vous aurez encore 50 mg de caf\u00e9ine dans votre sang six heures plus tard, soit presque autant de caf\u00e9ine que celle contenue dans une boisson \u00e9nergisante.<\/p>\n<\/div>\n<div data-hk=\"0000942120a202a100\" class=\"Ad-Row\">\n<div class=\"Ad-Col col-lg-5\">\n<div data-hk=\"0000942120a202a10104\" data-qa-ad-slot class=\"Ad-Slot Ad-Slot-desktop Ad-Slot-ver\" role=\"region\" aria-label=\"Anzeige 1\">\n<div id=\"ad-slot-desktop-ver-1\" data-orientation=\"ver\" data-index=\"1\" data-slot=\"ad-slot\" data-device=\"desktop\"><\/div>\n<\/div>\n<\/div>\n<div class=\"Ad-Col col-lg-5\">\n<aside data-hk=\"0000942120a202a10204\" data-qa-ad-slot class=\"Ad-Slot Ad-Slot-desktop Ad-Slot-ver Ad-Slot-FC\">\n<div class=\"Ad-Slot-FC-Container\">\n<div class=\"Ad-Slot-FC-Window\">\n<div id=\"ad-slot-desktop-ver-2\" data-orientation=\"ver\" data-index=\"2\" data-slot=\"ad-slot\" data-device=\"desktop\"><\/div>\n<\/div>\n<\/div>\n<\/aside>\n<\/div>\n<\/div>\n<div data-hk=\"0000942120a202a110\" class=\"Html-Block\" data-qa-article-content-text>\n<h2>Pourquoi la caf\u00e9ine n&rsquo;agit pas de la m\u00eame mani\u00e8re pour tout le monde<\/h2>\n<p>Votre sensibilit\u00e9 \u00e0 la caf\u00e9ine et la rapidit\u00e9 avec laquelle votre corps peut d\u00e9composer la substance varient d&rsquo;une personne \u00e0 l&rsquo;autre.<\/p>\n<\/div>\n<aside data-hk=\"0000942120a202a1204\" data-qa-ad-slot class=\"Ad-Slot Ad-Slot-mobile Ad-Slot-hor\">\n<div id=\"ad-slot-mobile-hor-3\" data-orientation=\"hor\" data-index=\"3\" data-slot=\"ad-slot\" data-device=\"mobile\"><\/div>\n<\/aside>\n<div data-hk=\"0000942120a202a130\" class=\"Html-Block\" data-qa-article-content-text>\n<p>L&rsquo;\u00e2ge influence \u00e9galement les effets de la caf\u00e9ine. M\u00eame si les causes ne sont pas encore claires, la caf\u00e9ine semble avoir un effet plus marqu\u00e9 chez les personnes \u00e2g\u00e9es que chez les plus jeunes. De plus, les personnes \u00e2g\u00e9es ont de toute fa\u00e7on plus de mal \u00e0 s\u2019endormir.<\/p>\n<\/div>\n<div data-hk=\"0000942120a202a140\" class=\"Html-Block\" data-qa-article-content-text>\n<p>La quantit\u00e9 et la fr\u00e9quence de consommation de caf\u00e9ine ont \u00e9galement une influence majeure sur la sensibilit\u00e9 \u00e0 la caf\u00e9ine. \u00c0 un moment donn\u00e9, le corps s&rsquo;y habitue tellement qu&rsquo;il faut des quantit\u00e9s beaucoup plus importantes pour obtenir un effet notable.<\/p>\n<\/div>\n<aside data-hk=\"0000942120a202a1504\" data-qa-ad-slot class=\"Ad-Slot Ad-Slot-mobile Ad-Slot-hor\">\n<div id=\"ad-slot-mobile-hor-4\" data-orientation=\"hor\" data-index=\"4\" data-slot=\"ad-slot\" data-device=\"mobile\"><\/div>\n<\/aside>\n<div data-hk=\"0000942120a202a160\" class=\"Html-Block\" data-qa-article-content-text>\n<h2>Repensez vos habitudes en mati\u00e8re de caf\u00e9<\/h2>\n<p>Afin de d\u00e9couvrir comment la caf\u00e9ine vous affecte, la seule chose qui aide est une introspection minutieuse. Vous constaterez peut-\u00eatre m\u00eame que la caf\u00e9ine n\u2019a aucun effet sur votre sommeil, m\u00eame si vous prenez un expresso apr\u00e8s un d\u00eener copieux.<\/p>\n<\/div>\n<div data-hk=\"0000942120a202a170\" class=\"Html-Block\" data-qa-article-content-text>\n<p>Le Dr Ajay Sampat, ancien professeur adjoint \u00e0 l&rsquo;UC Davis Health en Californie d\u00e9c\u00e9d\u00e9 en 2025, a conclu \u00e0 Self : \u00ab\u00a0Si vous n&rsquo;avez pas de difficult\u00e9 \u00e0 vous endormir et que vous vous sentez repos\u00e9 pendant la journ\u00e9e, vous pouvez (boire du caf\u00e9 tard dans la journ\u00e9e).\u00a0\u00bb<\/p>\n<\/div>\n<div data-hk=\"0000942120a202a180\" class=\"Html-Block\" data-qa-article-content-text>\n<p>Sinon, en r\u00e8gle g\u00e9n\u00e9rale, il recommande de consommer son dernier caf\u00e9 au moins huit \u00e0 dix heures avant de se coucher. Une ligne directrice claire consiste simplement \u00e0 prendre l\u2019habitude d\u2019\u00e9viter de prendre davantage de caf\u00e9 apr\u00e8s le d\u00e9jeuner.<\/p>\n<\/div>\n<div data-hk=\"0000942120a202a190\" class=\"Html-Block\" data-qa-article-content-text>\n<p>Au moins, le caf\u00e9 devrait \u00eatre exclu comme d\u00e9clencheur de probl\u00e8mes de sommeil.<\/p>\n<\/div>\n<p><!--\/--><br \/>\n<!--$--><br \/>\n<!--\/--><br \/>\n<!--$--><br \/>\n<!--\/--><\/p>\n","protected":false},"excerpt":{"rendered":"<p>Pour \u00e9chapper \u00e0 la morosit\u00e9 de l&rsquo;apr\u00e8s-midi, prendre un caf\u00e9 apr\u00e8s le d\u00e9jeuner est une<\/p>\n","protected":false},"author":1,"featured_media":16182,"comment_status":"open","ping_status":"","sticky":false,"template":"","format":"standard","meta":{"footnotes":""},"categories":[86],"tags":[8144,2898,633,2819,2260,8,8182,8191],"class_list":["post-16181","post","type-post","status-publish","format-standard","has-post-thumbnail","hentry","category-les-maladies","tag-cafe","tag-dormir","tag-eviter","tag-fin","tag-mieux","tag-pour","tag-soiree","tag-vaut","generate-columns","tablet-grid-50","mobile-grid-100","grid-parent","grid-50","resize-featured-image"],"yoast_head":"<!-- This site is optimized with the Yoast SEO plugin v23.4 - https:\/\/yoast.com\/wordpress\/plugins\/seo\/ -->\n<title>Pour mieux dormir, mieux vaut \u00e9viter le caf\u00e9 de fin de soir\u00e9e - RVH-Synergie.org<\/title>\n<meta name=\"robots\" content=\"index, follow, max-snippet:-1, max-image-preview:large, max-video-preview:-1\" \/>\n<link rel=\"canonical\" href=\"https:\/\/rvh-synergie.org\/actualites\/pour-mieux-dormir-mieux-vaut-eviter-le-cafe-de-fin-de-soiree\/\" \/>\n<meta property=\"og:locale\" content=\"fr_FR\" \/>\n<meta property=\"og:type\" content=\"article\" \/>\n<meta property=\"og:title\" content=\"Pour mieux dormir, mieux vaut \u00e9viter le caf\u00e9 de fin de soir\u00e9e - RVH-Synergie.org\" \/>\n<meta property=\"og:description\" content=\"Pour \u00e9chapper \u00e0 la morosit\u00e9 de l&rsquo;apr\u00e8s-midi, prendre un caf\u00e9 apr\u00e8s le d\u00e9jeuner est une\" \/>\n<meta property=\"og:url\" content=\"https:\/\/rvh-synergie.org\/actualites\/pour-mieux-dormir-mieux-vaut-eviter-le-cafe-de-fin-de-soiree\/\" \/>\n<meta property=\"og:site_name\" content=\"RVH-Synergie\" \/>\n<meta property=\"article:published_time\" content=\"2026-05-02T04:10:49+00:00\" \/>\n<meta property=\"article:modified_time\" content=\"2026-05-02T04:10:50+00:00\" \/>\n<meta property=\"og:image\" content=\"https:\/\/rvh-synergie.org\/actualites\/wp-content\/uploads\/2026\/05\/Pour-mieux-dormir-mieux-vaut-eviter-le-cafe-de-fin.jpeg\" \/>\n\t<meta property=\"og:image:width\" content=\"1200\" \/>\n\t<meta property=\"og:image:height\" content=\"630\" \/>\n\t<meta property=\"og:image:type\" content=\"image\/jpeg\" \/>\n<meta name=\"author\" content=\"Charles Martinez\" \/>\n<meta name=\"twitter:card\" content=\"summary_large_image\" \/>\n<meta name=\"twitter:label1\" content=\"\u00c9crit par\" \/>\n\t<meta name=\"twitter:data1\" content=\"Charles Martinez\" \/>\n\t<meta name=\"twitter:label2\" content=\"Dur\u00e9e de lecture estim\u00e9e\" \/>\n\t<meta name=\"twitter:data2\" content=\"3 minutes\" \/>\n<script type=\"application\/ld+json\" class=\"yoast-schema-graph\">{\"@context\":\"https:\/\/schema.org\",\"@graph\":[{\"@type\":\"Article\",\"@id\":\"https:\/\/rvh-synergie.org\/actualites\/pour-mieux-dormir-mieux-vaut-eviter-le-cafe-de-fin-de-soiree\/#article\",\"isPartOf\":{\"@id\":\"https:\/\/rvh-synergie.org\/actualites\/pour-mieux-dormir-mieux-vaut-eviter-le-cafe-de-fin-de-soiree\/\"},\"author\":{\"name\":\"Charles Martinez\",\"@id\":\"https:\/\/rvh-synergie.org\/actualites\/#\/schema\/person\/aa5ea98671fb4e8620f488a0795d2560\"},\"headline\":\"Pour mieux dormir, mieux vaut \u00e9viter le caf\u00e9 de fin de soir\u00e9e\",\"datePublished\":\"2026-05-02T04:10:49+00:00\",\"dateModified\":\"2026-05-02T04:10:50+00:00\",\"mainEntityOfPage\":{\"@id\":\"https:\/\/rvh-synergie.org\/actualites\/pour-mieux-dormir-mieux-vaut-eviter-le-cafe-de-fin-de-soiree\/\"},\"wordCount\":597,\"commentCount\":0,\"publisher\":{\"@id\":\"https:\/\/rvh-synergie.org\/actualites\/#organization\"},\"image\":{\"@id\":\"https:\/\/rvh-synergie.org\/actualites\/pour-mieux-dormir-mieux-vaut-eviter-le-cafe-de-fin-de-soiree\/#primaryimage\"},\"thumbnailUrl\":\"https:\/\/rvh-synergie.org\/actualites\/wp-content\/uploads\/2026\/05\/Pour-mieux-dormir-mieux-vaut-eviter-le-cafe-de-fin.jpeg\",\"keywords\":[\"caf\u00e9\",\"dormir\",\"\u00e9viter\",\"fin\",\"mieux\",\"pour\",\"soir\u00e9e\",\"vaut\"],\"articleSection\":[\"Les maladies\"],\"inLanguage\":\"fr-FR\",\"potentialAction\":[{\"@type\":\"CommentAction\",\"name\":\"Comment\",\"target\":[\"https:\/\/rvh-synergie.org\/actualites\/pour-mieux-dormir-mieux-vaut-eviter-le-cafe-de-fin-de-soiree\/#respond\"]}]},{\"@type\":\"WebPage\",\"@id\":\"https:\/\/rvh-synergie.org\/actualites\/pour-mieux-dormir-mieux-vaut-eviter-le-cafe-de-fin-de-soiree\/\",\"url\":\"https:\/\/rvh-synergie.org\/actualites\/pour-mieux-dormir-mieux-vaut-eviter-le-cafe-de-fin-de-soiree\/\",\"name\":\"Pour mieux dormir, mieux vaut \u00e9viter le caf\u00e9 de fin de soir\u00e9e - RVH-Synergie.org\",\"isPartOf\":{\"@id\":\"https:\/\/rvh-synergie.org\/actualites\/#website\"},\"primaryImageOfPage\":{\"@id\":\"https:\/\/rvh-synergie.org\/actualites\/pour-mieux-dormir-mieux-vaut-eviter-le-cafe-de-fin-de-soiree\/#primaryimage\"},\"image\":{\"@id\":\"https:\/\/rvh-synergie.org\/actualites\/pour-mieux-dormir-mieux-vaut-eviter-le-cafe-de-fin-de-soiree\/#primaryimage\"},\"thumbnailUrl\":\"https:\/\/rvh-synergie.org\/actualites\/wp-content\/uploads\/2026\/05\/Pour-mieux-dormir-mieux-vaut-eviter-le-cafe-de-fin.jpeg\",\"datePublished\":\"2026-05-02T04:10:49+00:00\",\"dateModified\":\"2026-05-02T04:10:50+00:00\",\"breadcrumb\":{\"@id\":\"https:\/\/rvh-synergie.org\/actualites\/pour-mieux-dormir-mieux-vaut-eviter-le-cafe-de-fin-de-soiree\/#breadcrumb\"},\"inLanguage\":\"fr-FR\",\"potentialAction\":[{\"@type\":\"ReadAction\",\"target\":[\"https:\/\/rvh-synergie.org\/actualites\/pour-mieux-dormir-mieux-vaut-eviter-le-cafe-de-fin-de-soiree\/\"]}]},{\"@type\":\"ImageObject\",\"inLanguage\":\"fr-FR\",\"@id\":\"https:\/\/rvh-synergie.org\/actualites\/pour-mieux-dormir-mieux-vaut-eviter-le-cafe-de-fin-de-soiree\/#primaryimage\",\"url\":\"https:\/\/rvh-synergie.org\/actualites\/wp-content\/uploads\/2026\/05\/Pour-mieux-dormir-mieux-vaut-eviter-le-cafe-de-fin.jpeg\",\"contentUrl\":\"https:\/\/rvh-synergie.org\/actualites\/wp-content\/uploads\/2026\/05\/Pour-mieux-dormir-mieux-vaut-eviter-le-cafe-de-fin.jpeg\",\"width\":1200,\"height\":630},{\"@type\":\"BreadcrumbList\",\"@id\":\"https:\/\/rvh-synergie.org\/actualites\/pour-mieux-dormir-mieux-vaut-eviter-le-cafe-de-fin-de-soiree\/#breadcrumb\",\"itemListElement\":[{\"@type\":\"ListItem\",\"position\":1,\"name\":\"Accueil\",\"item\":\"https:\/\/rvh-synergie.org\/actualites\/\"},{\"@type\":\"ListItem\",\"position\":2,\"name\":\"Pour mieux dormir, mieux vaut \u00e9viter le caf\u00e9 de fin de soir\u00e9e\"}]},{\"@type\":\"WebSite\",\"@id\":\"https:\/\/rvh-synergie.org\/actualites\/#website\",\"url\":\"https:\/\/rvh-synergie.org\/actualites\/\",\"name\":\"RVH-Synergie.org\",\"description\":\"RVH-Synergie, site ind\u00e9pendant d&#039;informations sur la prise en charge des addictions.\",\"publisher\":{\"@id\":\"https:\/\/rvh-synergie.org\/actualites\/#organization\"},\"potentialAction\":[{\"@type\":\"SearchAction\",\"target\":{\"@type\":\"EntryPoint\",\"urlTemplate\":\"https:\/\/rvh-synergie.org\/actualites\/?s={search_term_string}\"},\"query-input\":{\"@type\":\"PropertyValueSpecification\",\"valueRequired\":true,\"valueName\":\"search_term_string\"}}],\"inLanguage\":\"fr-FR\"},{\"@type\":\"Organization\",\"@id\":\"https:\/\/rvh-synergie.org\/actualites\/#organization\",\"name\":\"RVH-Synergie.org\",\"url\":\"https:\/\/rvh-synergie.org\/actualites\/\",\"logo\":{\"@type\":\"ImageObject\",\"inLanguage\":\"fr-FR\",\"@id\":\"https:\/\/rvh-synergie.org\/actualites\/#\/schema\/logo\/image\/\",\"url\":\"https:\/\/rvh-synergie.org\/actualites\/wp-content\/uploads\/2024\/09\/favicon.png\",\"contentUrl\":\"https:\/\/rvh-synergie.org\/actualites\/wp-content\/uploads\/2024\/09\/favicon.png\",\"width\":512,\"height\":512,\"caption\":\"RVH-Synergie.org\"},\"image\":{\"@id\":\"https:\/\/rvh-synergie.org\/actualites\/#\/schema\/logo\/image\/\"}},{\"@type\":\"Person\",\"@id\":\"https:\/\/rvh-synergie.org\/actualites\/#\/schema\/person\/aa5ea98671fb4e8620f488a0795d2560\",\"name\":\"Charles Martinez\",\"image\":{\"@type\":\"ImageObject\",\"inLanguage\":\"fr-FR\",\"@id\":\"https:\/\/rvh-synergie.org\/actualites\/#\/schema\/person\/image\/\",\"url\":\"https:\/\/rvh-synergie.org\/actualites\/wp-content\/uploads\/2024\/09\/charles-martinez-scaled.jpg\",\"contentUrl\":\"https:\/\/rvh-synergie.org\/actualites\/wp-content\/uploads\/2024\/09\/charles-martinez-scaled.jpg\",\"caption\":\"Charles Martinez\"},\"description\":\"Bonjour, je m'appelle Charles Martinez, r\u00e9dacteur passionn\u00e9 pour le m\u00e9dia RVH-synergie.org, d\u00e9di\u00e9 aux addictions et aux maladies. Depuis plus de dix ans, j'explore et rapporte les histoires poignantes des individus confront\u00e9s \u00e0 ces d\u00e9fis, tout en sensibilisant le public aux traitements novateurs et aux progr\u00e8s scientifiques dans ce domaine. Mon engagement r\u00e9side dans l'espoir de cr\u00e9er une communaut\u00e9 inform\u00e9e et empathique, pr\u00eate \u00e0 soutenir ceux qui luttent contre ces \u00e9preuves.\",\"sameAs\":[\"https:\/\/rvh-synergie.org\/\"]}]}<\/script>\n<!-- \/ Yoast SEO plugin. -->","yoast_head_json":{"title":"Pour mieux dormir, mieux vaut \u00e9viter le caf\u00e9 de fin de soir\u00e9e - RVH-Synergie.org","robots":{"index":"index","follow":"follow","max-snippet":"max-snippet:-1","max-image-preview":"max-image-preview:large","max-video-preview":"max-video-preview:-1"},"canonical":"https:\/\/rvh-synergie.org\/actualites\/pour-mieux-dormir-mieux-vaut-eviter-le-cafe-de-fin-de-soiree\/","og_locale":"fr_FR","og_type":"article","og_title":"Pour mieux dormir, mieux vaut \u00e9viter le caf\u00e9 de fin de soir\u00e9e - RVH-Synergie.org","og_description":"Pour \u00e9chapper \u00e0 la morosit\u00e9 de l&rsquo;apr\u00e8s-midi, prendre un caf\u00e9 apr\u00e8s le d\u00e9jeuner est une","og_url":"https:\/\/rvh-synergie.org\/actualites\/pour-mieux-dormir-mieux-vaut-eviter-le-cafe-de-fin-de-soiree\/","og_site_name":"RVH-Synergie","article_published_time":"2026-05-02T04:10:49+00:00","article_modified_time":"2026-05-02T04:10:50+00:00","og_image":[{"width":1200,"height":630,"url":"https:\/\/rvh-synergie.org\/actualites\/wp-content\/uploads\/2026\/05\/Pour-mieux-dormir-mieux-vaut-eviter-le-cafe-de-fin.jpeg","type":"image\/jpeg"}],"author":"Charles Martinez","twitter_card":"summary_large_image","twitter_misc":{"\u00c9crit par":"Charles Martinez","Dur\u00e9e de lecture estim\u00e9e":"3 minutes"},"schema":{"@context":"https:\/\/schema.org","@graph":[{"@type":"Article","@id":"https:\/\/rvh-synergie.org\/actualites\/pour-mieux-dormir-mieux-vaut-eviter-le-cafe-de-fin-de-soiree\/#article","isPartOf":{"@id":"https:\/\/rvh-synergie.org\/actualites\/pour-mieux-dormir-mieux-vaut-eviter-le-cafe-de-fin-de-soiree\/"},"author":{"name":"Charles Martinez","@id":"https:\/\/rvh-synergie.org\/actualites\/#\/schema\/person\/aa5ea98671fb4e8620f488a0795d2560"},"headline":"Pour mieux dormir, mieux vaut \u00e9viter le caf\u00e9 de fin de soir\u00e9e","datePublished":"2026-05-02T04:10:49+00:00","dateModified":"2026-05-02T04:10:50+00:00","mainEntityOfPage":{"@id":"https:\/\/rvh-synergie.org\/actualites\/pour-mieux-dormir-mieux-vaut-eviter-le-cafe-de-fin-de-soiree\/"},"wordCount":597,"commentCount":0,"publisher":{"@id":"https:\/\/rvh-synergie.org\/actualites\/#organization"},"image":{"@id":"https:\/\/rvh-synergie.org\/actualites\/pour-mieux-dormir-mieux-vaut-eviter-le-cafe-de-fin-de-soiree\/#primaryimage"},"thumbnailUrl":"https:\/\/rvh-synergie.org\/actualites\/wp-content\/uploads\/2026\/05\/Pour-mieux-dormir-mieux-vaut-eviter-le-cafe-de-fin.jpeg","keywords":["caf\u00e9","dormir","\u00e9viter","fin","mieux","pour","soir\u00e9e","vaut"],"articleSection":["Les maladies"],"inLanguage":"fr-FR","potentialAction":[{"@type":"CommentAction","name":"Comment","target":["https:\/\/rvh-synergie.org\/actualites\/pour-mieux-dormir-mieux-vaut-eviter-le-cafe-de-fin-de-soiree\/#respond"]}]},{"@type":"WebPage","@id":"https:\/\/rvh-synergie.org\/actualites\/pour-mieux-dormir-mieux-vaut-eviter-le-cafe-de-fin-de-soiree\/","url":"https:\/\/rvh-synergie.org\/actualites\/pour-mieux-dormir-mieux-vaut-eviter-le-cafe-de-fin-de-soiree\/","name":"Pour mieux dormir, mieux vaut \u00e9viter le caf\u00e9 de fin de soir\u00e9e - RVH-Synergie.org","isPartOf":{"@id":"https:\/\/rvh-synergie.org\/actualites\/#website"},"primaryImageOfPage":{"@id":"https:\/\/rvh-synergie.org\/actualites\/pour-mieux-dormir-mieux-vaut-eviter-le-cafe-de-fin-de-soiree\/#primaryimage"},"image":{"@id":"https:\/\/rvh-synergie.org\/actualites\/pour-mieux-dormir-mieux-vaut-eviter-le-cafe-de-fin-de-soiree\/#primaryimage"},"thumbnailUrl":"https:\/\/rvh-synergie.org\/actualites\/wp-content\/uploads\/2026\/05\/Pour-mieux-dormir-mieux-vaut-eviter-le-cafe-de-fin.jpeg","datePublished":"2026-05-02T04:10:49+00:00","dateModified":"2026-05-02T04:10:50+00:00","breadcrumb":{"@id":"https:\/\/rvh-synergie.org\/actualites\/pour-mieux-dormir-mieux-vaut-eviter-le-cafe-de-fin-de-soiree\/#breadcrumb"},"inLanguage":"fr-FR","potentialAction":[{"@type":"ReadAction","target":["https:\/\/rvh-synergie.org\/actualites\/pour-mieux-dormir-mieux-vaut-eviter-le-cafe-de-fin-de-soiree\/"]}]},{"@type":"ImageObject","inLanguage":"fr-FR","@id":"https:\/\/rvh-synergie.org\/actualites\/pour-mieux-dormir-mieux-vaut-eviter-le-cafe-de-fin-de-soiree\/#primaryimage","url":"https:\/\/rvh-synergie.org\/actualites\/wp-content\/uploads\/2026\/05\/Pour-mieux-dormir-mieux-vaut-eviter-le-cafe-de-fin.jpeg","contentUrl":"https:\/\/rvh-synergie.org\/actualites\/wp-content\/uploads\/2026\/05\/Pour-mieux-dormir-mieux-vaut-eviter-le-cafe-de-fin.jpeg","width":1200,"height":630},{"@type":"BreadcrumbList","@id":"https:\/\/rvh-synergie.org\/actualites\/pour-mieux-dormir-mieux-vaut-eviter-le-cafe-de-fin-de-soiree\/#breadcrumb","itemListElement":[{"@type":"ListItem","position":1,"name":"Accueil","item":"https:\/\/rvh-synergie.org\/actualites\/"},{"@type":"ListItem","position":2,"name":"Pour mieux dormir, mieux vaut \u00e9viter le caf\u00e9 de fin de soir\u00e9e"}]},{"@type":"WebSite","@id":"https:\/\/rvh-synergie.org\/actualites\/#website","url":"https:\/\/rvh-synergie.org\/actualites\/","name":"RVH-Synergie.org","description":"RVH-Synergie, site ind\u00e9pendant d&#039;informations sur la prise en charge des addictions.","publisher":{"@id":"https:\/\/rvh-synergie.org\/actualites\/#organization"},"potentialAction":[{"@type":"SearchAction","target":{"@type":"EntryPoint","urlTemplate":"https:\/\/rvh-synergie.org\/actualites\/?s={search_term_string}"},"query-input":{"@type":"PropertyValueSpecification","valueRequired":true,"valueName":"search_term_string"}}],"inLanguage":"fr-FR"},{"@type":"Organization","@id":"https:\/\/rvh-synergie.org\/actualites\/#organization","name":"RVH-Synergie.org","url":"https:\/\/rvh-synergie.org\/actualites\/","logo":{"@type":"ImageObject","inLanguage":"fr-FR","@id":"https:\/\/rvh-synergie.org\/actualites\/#\/schema\/logo\/image\/","url":"https:\/\/rvh-synergie.org\/actualites\/wp-content\/uploads\/2024\/09\/favicon.png","contentUrl":"https:\/\/rvh-synergie.org\/actualites\/wp-content\/uploads\/2024\/09\/favicon.png","width":512,"height":512,"caption":"RVH-Synergie.org"},"image":{"@id":"https:\/\/rvh-synergie.org\/actualites\/#\/schema\/logo\/image\/"}},{"@type":"Person","@id":"https:\/\/rvh-synergie.org\/actualites\/#\/schema\/person\/aa5ea98671fb4e8620f488a0795d2560","name":"Charles Martinez","image":{"@type":"ImageObject","inLanguage":"fr-FR","@id":"https:\/\/rvh-synergie.org\/actualites\/#\/schema\/person\/image\/","url":"https:\/\/rvh-synergie.org\/actualites\/wp-content\/uploads\/2024\/09\/charles-martinez-scaled.jpg","contentUrl":"https:\/\/rvh-synergie.org\/actualites\/wp-content\/uploads\/2024\/09\/charles-martinez-scaled.jpg","caption":"Charles Martinez"},"description":"Bonjour, je m'appelle Charles Martinez, r\u00e9dacteur passionn\u00e9 pour le m\u00e9dia RVH-synergie.org, d\u00e9di\u00e9 aux addictions et aux maladies. Depuis plus de dix ans, j'explore et rapporte les histoires poignantes des individus confront\u00e9s \u00e0 ces d\u00e9fis, tout en sensibilisant le public aux traitements novateurs et aux progr\u00e8s scientifiques dans ce domaine. Mon engagement r\u00e9side dans l'espoir de cr\u00e9er une communaut\u00e9 inform\u00e9e et empathique, pr\u00eate \u00e0 soutenir ceux qui luttent contre ces \u00e9preuves.","sameAs":["https:\/\/rvh-synergie.org\/"]}]}},"_links":{"self":[{"href":"https:\/\/rvh-synergie.org\/actualites\/wp-json\/wp\/v2\/posts\/16181","targetHints":{"allow":["GET"]}}],"collection":[{"href":"https:\/\/rvh-synergie.org\/actualites\/wp-json\/wp\/v2\/posts"}],"about":[{"href":"https:\/\/rvh-synergie.org\/actualites\/wp-json\/wp\/v2\/types\/post"}],"author":[{"embeddable":true,"href":"https:\/\/rvh-synergie.org\/actualites\/wp-json\/wp\/v2\/users\/1"}],"replies":[{"embeddable":true,"href":"https:\/\/rvh-synergie.org\/actualites\/wp-json\/wp\/v2\/comments?post=16181"}],"version-history":[{"count":1,"href":"https:\/\/rvh-synergie.org\/actualites\/wp-json\/wp\/v2\/posts\/16181\/revisions"}],"predecessor-version":[{"id":16183,"href":"https:\/\/rvh-synergie.org\/actualites\/wp-json\/wp\/v2\/posts\/16181\/revisions\/16183"}],"wp:featuredmedia":[{"embeddable":true,"href":"https:\/\/rvh-synergie.org\/actualites\/wp-json\/wp\/v2\/media\/16182"}],"wp:attachment":[{"href":"https:\/\/rvh-synergie.org\/actualites\/wp-json\/wp\/v2\/media?parent=16181"}],"wp:term":[{"taxonomy":"category","embeddable":true,"href":"https:\/\/rvh-synergie.org\/actualites\/wp-json\/wp\/v2\/categories?post=16181"},{"taxonomy":"post_tag","embeddable":true,"href":"https:\/\/rvh-synergie.org\/actualites\/wp-json\/wp\/v2\/tags?post=16181"}],"curies":[{"name":"wp","href":"https:\/\/api.w.org\/{rel}","templated":true}]}}