{"id":16178,"date":"2026-05-02T03:12:06","date_gmt":"2026-05-02T01:12:06","guid":{"rendered":"https:\/\/rvh-synergie.org\/actualites\/les-personnes-nees-dans-les-annees-60-manquent-aujourdhui-dempathie-et-de-patience\/"},"modified":"2026-05-02T03:12:08","modified_gmt":"2026-05-02T01:12:08","slug":"les-personnes-nees-dans-les-annees-60-manquent-aujourdhui-dempathie-et-de-patience","status":"publish","type":"post","link":"https:\/\/rvh-synergie.org\/actualites\/les-personnes-nees-dans-les-annees-60-manquent-aujourdhui-dempathie-et-de-patience\/","title":{"rendered":"Les personnes n\u00e9es dans les ann\u00e9es 60 manquent aujourd\u2019hui d\u2019empathie et de patience"},"content":{"rendered":"<p><!--$--><\/p>\n<div data-hk=\"0000942120a20200\" class=\"Html-Block\" data-qa-article-content-text>\n<p>Une petite enqu\u00eate dans notre article sur les forces mentales des personnes n\u00e9es dans les ann\u00e9es 60 et 70 montre \u00e0 quel point certaines comp\u00e9tences leur manquent chez les jeunes g\u00e9n\u00e9rations. Les critiques ne sont pas injustifi\u00e9es, mais elles ne racontent que la moiti\u00e9 de l\u2019histoire.<\/p>\n<\/div>\n<div data-hk=\"0000942120a20210\" class=\"Html-Block\" data-qa-article-content-text>\n<h2>1. Patience et tol\u00e9rance \u00e0 la frustration<\/h2>\n<p>19 pour cent des personnes interrog\u00e9es manquent de patience chez les jeunes \u2013 la capacit\u00e9 d&rsquo;endurer les revers sans abandonner imm\u00e9diatement. En fait, l&rsquo;\u00e9tude longitudinale \u00ab Monitoring the Future \u00bb de l&rsquo;Universit\u00e9 du Michigan montre des probl\u00e8mes de concentration croissants chez les jeunes, qui ont commenc\u00e9 avant 2015.<\/p>\n<\/div>\n<aside data-hk=\"0000942120a202204\" data-qa-ad-slot class=\"Ad-Slot Ad-Slot-mobile Ad-Slot-hor Ad-Slot-FC\">\n<div class=\"Ad-Slot-FC-Container\">\n<div class=\"Ad-Slot-FC-Window\">\n<div id=\"ad-slot-mobile-hor-2\" data-orientation=\"hor\" data-index=\"2\" data-slot=\"ad-slot\" data-device=\"mobile\"><\/div>\n<\/div>\n<\/div>\n<\/aside>\n<div data-hk=\"0000942120a20230\" class=\"Html-Block\" data-qa-article-content-text>\n<p>Mais : La patience et la suppression des sentiments sont deux choses diff\u00e9rentes. Selon une \u00e9valuation du professeur Andreas Maercker (Universit\u00e9 de Zurich) sur les obstacles \u00e0 la th\u00e9rapie chez les personnes \u00e2g\u00e9es, seules 4 \u00e0 5 % des personnes de plus de 60 ans ont d\u00e9j\u00e0 eu une conversation qu&rsquo;elles qualifieraient elles-m\u00eames de psychoth\u00e9rapie. Ceux qui ont appris \u00e0 garder le silence n\u2019ont pas n\u00e9cessairement appris \u00e0 g\u00e9rer la douleur. Souvent, il reste simplement enterr\u00e9. Et ce qui reste non trait\u00e9 finit souvent entre les mains de vos propres enfants.<\/p>\n<\/div>\n<aside data-hk=\"0000942120a202404\" data-qa-ad-slot class=\"Ad-Slot Ad-Slot-mobile Ad-Slot-out\">\n<div id=\"ad-slot-mobile-out-1\" data-orientation=\"out\" data-index=\"1\" data-slot=\"ad-slot\" data-device=\"mobile\"><\/div>\n<\/aside>\n<div data-hk=\"0000942120a20250\" class=\"Html-Block\" data-qa-article-content-text>\n<h2>2. R\u00e9solvez les probl\u00e8mes de mani\u00e8re ind\u00e9pendante<\/h2>\n<p>37 % regrettent le fait qu&rsquo;avant, ils trouvaient eux-m\u00eames des solutions sans Internet ni manuel. L&rsquo;\u00e9tude internationale ICILS montre que la capacit\u00e9 des \u00e9l\u00e8ves de huiti\u00e8me ann\u00e9e \u00e0 \u00e9valuer de mani\u00e8re ind\u00e9pendante les informations est en d\u00e9clin mesurable en Allemagne depuis 2013 &#8211; aujourd&rsquo;hui, seulement 1,1 pour cent atteignent le plus haut niveau de comp\u00e9tence. Les psychologues cognitifs appellent cela \u00ab l\u2019effet Google \u00bb : ceux qui savent que la r\u00e9ponse est disponible sont moins susceptibles de penser par eux-m\u00eames.<\/p>\n<\/div>\n<aside data-hk=\"0000942120a202604\" data-qa-ad-slot class=\"Ad-Slot Ad-Slot-mobile Ad-Slot-hor\">\n<div id=\"ad-slot-mobile-hor-3\" data-orientation=\"hor\" data-index=\"3\" data-slot=\"ad-slot\" data-device=\"mobile\"><\/div>\n<\/aside>\n<div data-hk=\"0000942120a20270\" class=\"Ad-Row\">\n<div class=\"Ad-Col col-lg-5\">\n<div data-hk=\"0000942120a2027104\" data-qa-ad-slot class=\"Ad-Slot Ad-Slot-desktop Ad-Slot-ver\" role=\"region\" aria-label=\"Anzeige 1\">\n<div id=\"ad-slot-desktop-ver-1\" data-orientation=\"ver\" data-index=\"1\" data-slot=\"ad-slot\" data-device=\"desktop\"><\/div>\n<\/div>\n<\/div>\n<div class=\"Ad-Col col-lg-5\">\n<aside data-hk=\"0000942120a2027204\" data-qa-ad-slot class=\"Ad-Slot Ad-Slot-desktop Ad-Slot-ver Ad-Slot-FC\">\n<div class=\"Ad-Slot-FC-Container\">\n<div class=\"Ad-Slot-FC-Window\">\n<div id=\"ad-slot-desktop-ver-2\" data-orientation=\"ver\" data-index=\"2\" data-slot=\"ad-slot\" data-device=\"desktop\"><\/div>\n<\/div>\n<\/div>\n<\/aside>\n<\/div>\n<\/div>\n<div data-hk=\"0000942120a20280\" class=\"Html-Block\" data-qa-article-content-text>\n<p>Mais : dans les ann\u00e9es 60 et 70, l\u2019ind\u00e9pendance n\u2019\u00e9tait souvent pas un choix conscient, car il n\u2019y avait tout simplement pas d\u2019alternative. Cela ne rend pas le r\u00e9sultat moins pr\u00e9cieux, mais simplement moins romantique. Et lorsqu\u2019il s\u2019agissait de probl\u00e8mes \u00e9motionnels, \u00ab\u00a0r\u00e9solvez-le vous-m\u00eame\u00a0\u00bb \u00e9tait souvent synonyme de \u00ab\u00a0ignorez-le\u00a0\u00bb.<\/p>\n<\/div>\n<div data-hk=\"0000942120a20290\" class=\"Html-Block\" data-qa-article-content-text>\n<h2>3. Empathie et \u00e9coute<\/h2>\n<p>44 pour cent \u2013 \u200b\u200ble r\u00e9sultat le plus fort de l\u2019enqu\u00eate \u2013 d\u00e9clarent que l\u2019empathie et l\u2019\u00e9coute font d\u00e9faut aujourd\u2019hui. Une \u00e9tude de l&rsquo;Universit\u00e9 du Michigan montre qu&rsquo;en 2010, les \u00e9tudiants faisaient preuve de 40 % d&#8217;empathie en moins que leurs pairs des ann\u00e9es 1980.<\/p>\n<\/div>\n<aside data-hk=\"0000942120a202a1004\" data-qa-ad-slot class=\"Ad-Slot Ad-Slot-mobile Ad-Slot-hor\">\n<div id=\"ad-slot-mobile-hor-4\" data-orientation=\"hor\" data-index=\"4\" data-slot=\"ad-slot\" data-device=\"mobile\"><\/div>\n<\/aside>\n<div data-hk=\"0000942120a202a110\" class=\"Html-Block\" data-qa-article-content-text>\n<p>Mais : l\u2019empathie se transmet \u2013 ou pas. Comme le montrent les recherches du Deutschlandfunk et les recherches en psychoth\u00e9rapie, de nombreuses g\u00e9n\u00e9rations plus \u00e2g\u00e9es ont grandi avec des parents traumatis\u00e9s par la guerre, la perte et la pauvret\u00e9 et n&rsquo;ont donc pas pu transmettre une s\u00e9curit\u00e9 \u00e9motionnelle. Quiconque n\u2019a jamais appris \u00e0 nommer ses sentiments peut difficilement le transmettre aux enfants.<\/p>\n<\/div>\n<div data-hk=\"0000942120a202a120\" class=\"Html-Block\" data-qa-article-content-text>\n<h2>Comment jeunes et vieux peuvent bien s\u2019entendre et apprendre les uns des autres<\/h2>\n<p>Les critiques adress\u00e9es \u00e0 l\u2019ancienne g\u00e9n\u00e9ration sont parfois justifi\u00e9es et peuvent \u00eatre scientifiquement prouv\u00e9es. Mais la solution ne r\u00e9side pas dans un retour en arri\u00e8re ou dans des affirmations selon lesquelles \u00ab tout allait mieux \u00bb. Il faut plut\u00f4t parler de ses sentiments, renforcer son ind\u00e9pendance et apprendre sa r\u00e9silience. Quiconque recherche de l&rsquo;aide peut d\u00e9sormais trouver des offres \u00e0 bas seuil, par exemple gr\u00e2ce aux conseils en ligne de Caritas.<\/p>\n<\/div>\n<p><!--\/--><br \/>\n<!--$--><br \/>\n<!--\/--><br \/>\n<!--$--><br \/>\n<!--\/--><\/p>\n","protected":false},"excerpt":{"rendered":"<p>Une petite enqu\u00eate dans notre article sur les forces mentales des personnes n\u00e9es dans les<\/p>\n","protected":false},"author":1,"featured_media":16179,"comment_status":"open","ping_status":"","sticky":false,"template":"","format":"standard","meta":{"footnotes":""},"categories":[86],"tags":[2354,3030,44,9719,49,3137,9718,9720,100],"class_list":["post-16178","post","type-post","status-publish","format-standard","has-post-thumbnail","hentry","category-les-maladies","tag-annees","tag-aujourdhui","tag-dans","tag-dempathie","tag-les","tag-manquent","tag-nees","tag-patience","tag-personnes","generate-columns","tablet-grid-50","mobile-grid-100","grid-parent","grid-50","resize-featured-image"],"yoast_head":"<!-- This site is optimized with the Yoast SEO plugin v23.4 - https:\/\/yoast.com\/wordpress\/plugins\/seo\/ -->\n<title>Les personnes n\u00e9es dans les ann\u00e9es 60 manquent aujourd\u2019hui d\u2019empathie et de patience - RVH-Synergie.org<\/title>\n<meta name=\"robots\" content=\"index, follow, max-snippet:-1, max-image-preview:large, max-video-preview:-1\" \/>\n<link rel=\"canonical\" href=\"https:\/\/rvh-synergie.org\/actualites\/les-personnes-nees-dans-les-annees-60-manquent-aujourdhui-dempathie-et-de-patience\/\" \/>\n<meta property=\"og:locale\" content=\"fr_FR\" \/>\n<meta property=\"og:type\" content=\"article\" \/>\n<meta property=\"og:title\" content=\"Les personnes n\u00e9es dans les ann\u00e9es 60 manquent aujourd\u2019hui d\u2019empathie et de patience - RVH-Synergie.org\" \/>\n<meta property=\"og:description\" content=\"Une petite enqu\u00eate dans notre article sur les forces mentales des personnes n\u00e9es dans les\" \/>\n<meta property=\"og:url\" content=\"https:\/\/rvh-synergie.org\/actualites\/les-personnes-nees-dans-les-annees-60-manquent-aujourdhui-dempathie-et-de-patience\/\" \/>\n<meta property=\"og:site_name\" content=\"RVH-Synergie\" \/>\n<meta property=\"article:published_time\" content=\"2026-05-02T01:12:06+00:00\" \/>\n<meta property=\"article:modified_time\" content=\"2026-05-02T01:12:08+00:00\" \/>\n<meta property=\"og:image\" content=\"https:\/\/rvh-synergie.org\/actualites\/wp-content\/uploads\/2026\/05\/Les-personnes-nees-dans-les-annees-60-manquent-aujourdhui-dempathie.jpg\" \/>\n\t<meta property=\"og:image:width\" content=\"1200\" \/>\n\t<meta property=\"og:image:height\" content=\"630\" \/>\n\t<meta property=\"og:image:type\" content=\"image\/jpeg\" \/>\n<meta name=\"author\" content=\"Charles Martinez\" \/>\n<meta name=\"twitter:card\" content=\"summary_large_image\" \/>\n<meta name=\"twitter:label1\" content=\"\u00c9crit par\" \/>\n\t<meta name=\"twitter:data1\" content=\"Charles Martinez\" \/>\n\t<meta name=\"twitter:label2\" content=\"Dur\u00e9e de lecture estim\u00e9e\" \/>\n\t<meta name=\"twitter:data2\" content=\"3 minutes\" \/>\n<script type=\"application\/ld+json\" class=\"yoast-schema-graph\">{\"@context\":\"https:\/\/schema.org\",\"@graph\":[{\"@type\":\"Article\",\"@id\":\"https:\/\/rvh-synergie.org\/actualites\/les-personnes-nees-dans-les-annees-60-manquent-aujourdhui-dempathie-et-de-patience\/#article\",\"isPartOf\":{\"@id\":\"https:\/\/rvh-synergie.org\/actualites\/les-personnes-nees-dans-les-annees-60-manquent-aujourdhui-dempathie-et-de-patience\/\"},\"author\":{\"name\":\"Charles Martinez\",\"@id\":\"https:\/\/rvh-synergie.org\/actualites\/#\/schema\/person\/aa5ea98671fb4e8620f488a0795d2560\"},\"headline\":\"Les personnes n\u00e9es dans les ann\u00e9es 60 manquent aujourd\u2019hui d\u2019empathie et de patience\",\"datePublished\":\"2026-05-02T01:12:06+00:00\",\"dateModified\":\"2026-05-02T01:12:08+00:00\",\"mainEntityOfPage\":{\"@id\":\"https:\/\/rvh-synergie.org\/actualites\/les-personnes-nees-dans-les-annees-60-manquent-aujourdhui-dempathie-et-de-patience\/\"},\"wordCount\":584,\"commentCount\":0,\"publisher\":{\"@id\":\"https:\/\/rvh-synergie.org\/actualites\/#organization\"},\"image\":{\"@id\":\"https:\/\/rvh-synergie.org\/actualites\/les-personnes-nees-dans-les-annees-60-manquent-aujourdhui-dempathie-et-de-patience\/#primaryimage\"},\"thumbnailUrl\":\"https:\/\/rvh-synergie.org\/actualites\/wp-content\/uploads\/2026\/05\/Les-personnes-nees-dans-les-annees-60-manquent-aujourdhui-dempathie.jpg\",\"keywords\":[\"ann\u00e9es\",\"aujourdhui\",\"dans\",\"dempathie\",\"Les\",\"manquent\",\"n\u00e9es\",\"patience\",\"personnes\"],\"articleSection\":[\"Les maladies\"],\"inLanguage\":\"fr-FR\",\"potentialAction\":[{\"@type\":\"CommentAction\",\"name\":\"Comment\",\"target\":[\"https:\/\/rvh-synergie.org\/actualites\/les-personnes-nees-dans-les-annees-60-manquent-aujourdhui-dempathie-et-de-patience\/#respond\"]}]},{\"@type\":\"WebPage\",\"@id\":\"https:\/\/rvh-synergie.org\/actualites\/les-personnes-nees-dans-les-annees-60-manquent-aujourdhui-dempathie-et-de-patience\/\",\"url\":\"https:\/\/rvh-synergie.org\/actualites\/les-personnes-nees-dans-les-annees-60-manquent-aujourdhui-dempathie-et-de-patience\/\",\"name\":\"Les personnes n\u00e9es dans les ann\u00e9es 60 manquent aujourd\u2019hui d\u2019empathie et de patience - RVH-Synergie.org\",\"isPartOf\":{\"@id\":\"https:\/\/rvh-synergie.org\/actualites\/#website\"},\"primaryImageOfPage\":{\"@id\":\"https:\/\/rvh-synergie.org\/actualites\/les-personnes-nees-dans-les-annees-60-manquent-aujourdhui-dempathie-et-de-patience\/#primaryimage\"},\"image\":{\"@id\":\"https:\/\/rvh-synergie.org\/actualites\/les-personnes-nees-dans-les-annees-60-manquent-aujourdhui-dempathie-et-de-patience\/#primaryimage\"},\"thumbnailUrl\":\"https:\/\/rvh-synergie.org\/actualites\/wp-content\/uploads\/2026\/05\/Les-personnes-nees-dans-les-annees-60-manquent-aujourdhui-dempathie.jpg\",\"datePublished\":\"2026-05-02T01:12:06+00:00\",\"dateModified\":\"2026-05-02T01:12:08+00:00\",\"breadcrumb\":{\"@id\":\"https:\/\/rvh-synergie.org\/actualites\/les-personnes-nees-dans-les-annees-60-manquent-aujourdhui-dempathie-et-de-patience\/#breadcrumb\"},\"inLanguage\":\"fr-FR\",\"potentialAction\":[{\"@type\":\"ReadAction\",\"target\":[\"https:\/\/rvh-synergie.org\/actualites\/les-personnes-nees-dans-les-annees-60-manquent-aujourdhui-dempathie-et-de-patience\/\"]}]},{\"@type\":\"ImageObject\",\"inLanguage\":\"fr-FR\",\"@id\":\"https:\/\/rvh-synergie.org\/actualites\/les-personnes-nees-dans-les-annees-60-manquent-aujourdhui-dempathie-et-de-patience\/#primaryimage\",\"url\":\"https:\/\/rvh-synergie.org\/actualites\/wp-content\/uploads\/2026\/05\/Les-personnes-nees-dans-les-annees-60-manquent-aujourdhui-dempathie.jpg\",\"contentUrl\":\"https:\/\/rvh-synergie.org\/actualites\/wp-content\/uploads\/2026\/05\/Les-personnes-nees-dans-les-annees-60-manquent-aujourdhui-dempathie.jpg\",\"width\":1200,\"height\":630},{\"@type\":\"BreadcrumbList\",\"@id\":\"https:\/\/rvh-synergie.org\/actualites\/les-personnes-nees-dans-les-annees-60-manquent-aujourdhui-dempathie-et-de-patience\/#breadcrumb\",\"itemListElement\":[{\"@type\":\"ListItem\",\"position\":1,\"name\":\"Accueil\",\"item\":\"https:\/\/rvh-synergie.org\/actualites\/\"},{\"@type\":\"ListItem\",\"position\":2,\"name\":\"Les personnes n\u00e9es dans les ann\u00e9es 60 manquent aujourd\u2019hui d\u2019empathie et de patience\"}]},{\"@type\":\"WebSite\",\"@id\":\"https:\/\/rvh-synergie.org\/actualites\/#website\",\"url\":\"https:\/\/rvh-synergie.org\/actualites\/\",\"name\":\"RVH-Synergie.org\",\"description\":\"RVH-Synergie, site ind\u00e9pendant d&#039;informations sur la prise en charge des addictions.\",\"publisher\":{\"@id\":\"https:\/\/rvh-synergie.org\/actualites\/#organization\"},\"potentialAction\":[{\"@type\":\"SearchAction\",\"target\":{\"@type\":\"EntryPoint\",\"urlTemplate\":\"https:\/\/rvh-synergie.org\/actualites\/?s={search_term_string}\"},\"query-input\":{\"@type\":\"PropertyValueSpecification\",\"valueRequired\":true,\"valueName\":\"search_term_string\"}}],\"inLanguage\":\"fr-FR\"},{\"@type\":\"Organization\",\"@id\":\"https:\/\/rvh-synergie.org\/actualites\/#organization\",\"name\":\"RVH-Synergie.org\",\"url\":\"https:\/\/rvh-synergie.org\/actualites\/\",\"logo\":{\"@type\":\"ImageObject\",\"inLanguage\":\"fr-FR\",\"@id\":\"https:\/\/rvh-synergie.org\/actualites\/#\/schema\/logo\/image\/\",\"url\":\"https:\/\/rvh-synergie.org\/actualites\/wp-content\/uploads\/2024\/09\/favicon.png\",\"contentUrl\":\"https:\/\/rvh-synergie.org\/actualites\/wp-content\/uploads\/2024\/09\/favicon.png\",\"width\":512,\"height\":512,\"caption\":\"RVH-Synergie.org\"},\"image\":{\"@id\":\"https:\/\/rvh-synergie.org\/actualites\/#\/schema\/logo\/image\/\"}},{\"@type\":\"Person\",\"@id\":\"https:\/\/rvh-synergie.org\/actualites\/#\/schema\/person\/aa5ea98671fb4e8620f488a0795d2560\",\"name\":\"Charles Martinez\",\"image\":{\"@type\":\"ImageObject\",\"inLanguage\":\"fr-FR\",\"@id\":\"https:\/\/rvh-synergie.org\/actualites\/#\/schema\/person\/image\/\",\"url\":\"https:\/\/rvh-synergie.org\/actualites\/wp-content\/uploads\/2024\/09\/charles-martinez-scaled.jpg\",\"contentUrl\":\"https:\/\/rvh-synergie.org\/actualites\/wp-content\/uploads\/2024\/09\/charles-martinez-scaled.jpg\",\"caption\":\"Charles Martinez\"},\"description\":\"Bonjour, je m'appelle Charles Martinez, r\u00e9dacteur passionn\u00e9 pour le m\u00e9dia RVH-synergie.org, d\u00e9di\u00e9 aux addictions et aux maladies. Depuis plus de dix ans, j'explore et rapporte les histoires poignantes des individus confront\u00e9s \u00e0 ces d\u00e9fis, tout en sensibilisant le public aux traitements novateurs et aux progr\u00e8s scientifiques dans ce domaine. Mon engagement r\u00e9side dans l'espoir de cr\u00e9er une communaut\u00e9 inform\u00e9e et empathique, pr\u00eate \u00e0 soutenir ceux qui luttent contre ces \u00e9preuves.\",\"sameAs\":[\"https:\/\/rvh-synergie.org\/\"]}]}<\/script>\n<!-- \/ Yoast SEO plugin. -->","yoast_head_json":{"title":"Les personnes n\u00e9es dans les ann\u00e9es 60 manquent aujourd\u2019hui d\u2019empathie et de patience - RVH-Synergie.org","robots":{"index":"index","follow":"follow","max-snippet":"max-snippet:-1","max-image-preview":"max-image-preview:large","max-video-preview":"max-video-preview:-1"},"canonical":"https:\/\/rvh-synergie.org\/actualites\/les-personnes-nees-dans-les-annees-60-manquent-aujourdhui-dempathie-et-de-patience\/","og_locale":"fr_FR","og_type":"article","og_title":"Les personnes n\u00e9es dans les ann\u00e9es 60 manquent aujourd\u2019hui d\u2019empathie et de patience - RVH-Synergie.org","og_description":"Une petite enqu\u00eate dans notre article sur les forces mentales des personnes n\u00e9es dans les","og_url":"https:\/\/rvh-synergie.org\/actualites\/les-personnes-nees-dans-les-annees-60-manquent-aujourdhui-dempathie-et-de-patience\/","og_site_name":"RVH-Synergie","article_published_time":"2026-05-02T01:12:06+00:00","article_modified_time":"2026-05-02T01:12:08+00:00","og_image":[{"width":1200,"height":630,"url":"https:\/\/rvh-synergie.org\/actualites\/wp-content\/uploads\/2026\/05\/Les-personnes-nees-dans-les-annees-60-manquent-aujourdhui-dempathie.jpg","type":"image\/jpeg"}],"author":"Charles Martinez","twitter_card":"summary_large_image","twitter_misc":{"\u00c9crit par":"Charles Martinez","Dur\u00e9e de lecture estim\u00e9e":"3 minutes"},"schema":{"@context":"https:\/\/schema.org","@graph":[{"@type":"Article","@id":"https:\/\/rvh-synergie.org\/actualites\/les-personnes-nees-dans-les-annees-60-manquent-aujourdhui-dempathie-et-de-patience\/#article","isPartOf":{"@id":"https:\/\/rvh-synergie.org\/actualites\/les-personnes-nees-dans-les-annees-60-manquent-aujourdhui-dempathie-et-de-patience\/"},"author":{"name":"Charles Martinez","@id":"https:\/\/rvh-synergie.org\/actualites\/#\/schema\/person\/aa5ea98671fb4e8620f488a0795d2560"},"headline":"Les personnes n\u00e9es dans les ann\u00e9es 60 manquent aujourd\u2019hui d\u2019empathie et de patience","datePublished":"2026-05-02T01:12:06+00:00","dateModified":"2026-05-02T01:12:08+00:00","mainEntityOfPage":{"@id":"https:\/\/rvh-synergie.org\/actualites\/les-personnes-nees-dans-les-annees-60-manquent-aujourdhui-dempathie-et-de-patience\/"},"wordCount":584,"commentCount":0,"publisher":{"@id":"https:\/\/rvh-synergie.org\/actualites\/#organization"},"image":{"@id":"https:\/\/rvh-synergie.org\/actualites\/les-personnes-nees-dans-les-annees-60-manquent-aujourdhui-dempathie-et-de-patience\/#primaryimage"},"thumbnailUrl":"https:\/\/rvh-synergie.org\/actualites\/wp-content\/uploads\/2026\/05\/Les-personnes-nees-dans-les-annees-60-manquent-aujourdhui-dempathie.jpg","keywords":["ann\u00e9es","aujourdhui","dans","dempathie","Les","manquent","n\u00e9es","patience","personnes"],"articleSection":["Les maladies"],"inLanguage":"fr-FR","potentialAction":[{"@type":"CommentAction","name":"Comment","target":["https:\/\/rvh-synergie.org\/actualites\/les-personnes-nees-dans-les-annees-60-manquent-aujourdhui-dempathie-et-de-patience\/#respond"]}]},{"@type":"WebPage","@id":"https:\/\/rvh-synergie.org\/actualites\/les-personnes-nees-dans-les-annees-60-manquent-aujourdhui-dempathie-et-de-patience\/","url":"https:\/\/rvh-synergie.org\/actualites\/les-personnes-nees-dans-les-annees-60-manquent-aujourdhui-dempathie-et-de-patience\/","name":"Les personnes n\u00e9es dans les ann\u00e9es 60 manquent aujourd\u2019hui d\u2019empathie et de patience - RVH-Synergie.org","isPartOf":{"@id":"https:\/\/rvh-synergie.org\/actualites\/#website"},"primaryImageOfPage":{"@id":"https:\/\/rvh-synergie.org\/actualites\/les-personnes-nees-dans-les-annees-60-manquent-aujourdhui-dempathie-et-de-patience\/#primaryimage"},"image":{"@id":"https:\/\/rvh-synergie.org\/actualites\/les-personnes-nees-dans-les-annees-60-manquent-aujourdhui-dempathie-et-de-patience\/#primaryimage"},"thumbnailUrl":"https:\/\/rvh-synergie.org\/actualites\/wp-content\/uploads\/2026\/05\/Les-personnes-nees-dans-les-annees-60-manquent-aujourdhui-dempathie.jpg","datePublished":"2026-05-02T01:12:06+00:00","dateModified":"2026-05-02T01:12:08+00:00","breadcrumb":{"@id":"https:\/\/rvh-synergie.org\/actualites\/les-personnes-nees-dans-les-annees-60-manquent-aujourdhui-dempathie-et-de-patience\/#breadcrumb"},"inLanguage":"fr-FR","potentialAction":[{"@type":"ReadAction","target":["https:\/\/rvh-synergie.org\/actualites\/les-personnes-nees-dans-les-annees-60-manquent-aujourdhui-dempathie-et-de-patience\/"]}]},{"@type":"ImageObject","inLanguage":"fr-FR","@id":"https:\/\/rvh-synergie.org\/actualites\/les-personnes-nees-dans-les-annees-60-manquent-aujourdhui-dempathie-et-de-patience\/#primaryimage","url":"https:\/\/rvh-synergie.org\/actualites\/wp-content\/uploads\/2026\/05\/Les-personnes-nees-dans-les-annees-60-manquent-aujourdhui-dempathie.jpg","contentUrl":"https:\/\/rvh-synergie.org\/actualites\/wp-content\/uploads\/2026\/05\/Les-personnes-nees-dans-les-annees-60-manquent-aujourdhui-dempathie.jpg","width":1200,"height":630},{"@type":"BreadcrumbList","@id":"https:\/\/rvh-synergie.org\/actualites\/les-personnes-nees-dans-les-annees-60-manquent-aujourdhui-dempathie-et-de-patience\/#breadcrumb","itemListElement":[{"@type":"ListItem","position":1,"name":"Accueil","item":"https:\/\/rvh-synergie.org\/actualites\/"},{"@type":"ListItem","position":2,"name":"Les personnes n\u00e9es dans les ann\u00e9es 60 manquent aujourd\u2019hui d\u2019empathie et de patience"}]},{"@type":"WebSite","@id":"https:\/\/rvh-synergie.org\/actualites\/#website","url":"https:\/\/rvh-synergie.org\/actualites\/","name":"RVH-Synergie.org","description":"RVH-Synergie, site ind\u00e9pendant d&#039;informations sur la prise en charge des addictions.","publisher":{"@id":"https:\/\/rvh-synergie.org\/actualites\/#organization"},"potentialAction":[{"@type":"SearchAction","target":{"@type":"EntryPoint","urlTemplate":"https:\/\/rvh-synergie.org\/actualites\/?s={search_term_string}"},"query-input":{"@type":"PropertyValueSpecification","valueRequired":true,"valueName":"search_term_string"}}],"inLanguage":"fr-FR"},{"@type":"Organization","@id":"https:\/\/rvh-synergie.org\/actualites\/#organization","name":"RVH-Synergie.org","url":"https:\/\/rvh-synergie.org\/actualites\/","logo":{"@type":"ImageObject","inLanguage":"fr-FR","@id":"https:\/\/rvh-synergie.org\/actualites\/#\/schema\/logo\/image\/","url":"https:\/\/rvh-synergie.org\/actualites\/wp-content\/uploads\/2024\/09\/favicon.png","contentUrl":"https:\/\/rvh-synergie.org\/actualites\/wp-content\/uploads\/2024\/09\/favicon.png","width":512,"height":512,"caption":"RVH-Synergie.org"},"image":{"@id":"https:\/\/rvh-synergie.org\/actualites\/#\/schema\/logo\/image\/"}},{"@type":"Person","@id":"https:\/\/rvh-synergie.org\/actualites\/#\/schema\/person\/aa5ea98671fb4e8620f488a0795d2560","name":"Charles Martinez","image":{"@type":"ImageObject","inLanguage":"fr-FR","@id":"https:\/\/rvh-synergie.org\/actualites\/#\/schema\/person\/image\/","url":"https:\/\/rvh-synergie.org\/actualites\/wp-content\/uploads\/2024\/09\/charles-martinez-scaled.jpg","contentUrl":"https:\/\/rvh-synergie.org\/actualites\/wp-content\/uploads\/2024\/09\/charles-martinez-scaled.jpg","caption":"Charles Martinez"},"description":"Bonjour, je m'appelle Charles Martinez, r\u00e9dacteur passionn\u00e9 pour le m\u00e9dia RVH-synergie.org, d\u00e9di\u00e9 aux addictions et aux maladies. Depuis plus de dix ans, j'explore et rapporte les histoires poignantes des individus confront\u00e9s \u00e0 ces d\u00e9fis, tout en sensibilisant le public aux traitements novateurs et aux progr\u00e8s scientifiques dans ce domaine. Mon engagement r\u00e9side dans l'espoir de cr\u00e9er une communaut\u00e9 inform\u00e9e et empathique, pr\u00eate \u00e0 soutenir ceux qui luttent contre ces \u00e9preuves.","sameAs":["https:\/\/rvh-synergie.org\/"]}]}},"_links":{"self":[{"href":"https:\/\/rvh-synergie.org\/actualites\/wp-json\/wp\/v2\/posts\/16178","targetHints":{"allow":["GET"]}}],"collection":[{"href":"https:\/\/rvh-synergie.org\/actualites\/wp-json\/wp\/v2\/posts"}],"about":[{"href":"https:\/\/rvh-synergie.org\/actualites\/wp-json\/wp\/v2\/types\/post"}],"author":[{"embeddable":true,"href":"https:\/\/rvh-synergie.org\/actualites\/wp-json\/wp\/v2\/users\/1"}],"replies":[{"embeddable":true,"href":"https:\/\/rvh-synergie.org\/actualites\/wp-json\/wp\/v2\/comments?post=16178"}],"version-history":[{"count":1,"href":"https:\/\/rvh-synergie.org\/actualites\/wp-json\/wp\/v2\/posts\/16178\/revisions"}],"predecessor-version":[{"id":16180,"href":"https:\/\/rvh-synergie.org\/actualites\/wp-json\/wp\/v2\/posts\/16178\/revisions\/16180"}],"wp:featuredmedia":[{"embeddable":true,"href":"https:\/\/rvh-synergie.org\/actualites\/wp-json\/wp\/v2\/media\/16179"}],"wp:attachment":[{"href":"https:\/\/rvh-synergie.org\/actualites\/wp-json\/wp\/v2\/media?parent=16178"}],"wp:term":[{"taxonomy":"category","embeddable":true,"href":"https:\/\/rvh-synergie.org\/actualites\/wp-json\/wp\/v2\/categories?post=16178"},{"taxonomy":"post_tag","embeddable":true,"href":"https:\/\/rvh-synergie.org\/actualites\/wp-json\/wp\/v2\/tags?post=16178"}],"curies":[{"name":"wp","href":"https:\/\/api.w.org\/{rel}","templated":true}]}}