{"id":16172,"date":"2026-05-01T23:12:58","date_gmt":"2026-05-01T21:12:58","guid":{"rendered":"https:\/\/rvh-synergie.org\/actualites\/3-medicaments-augmentent-le-risque-de-demence-5-vous-protegent\/"},"modified":"2026-05-01T23:12:59","modified_gmt":"2026-05-01T21:12:59","slug":"3-medicaments-augmentent-le-risque-de-demence-5-vous-protegent","status":"publish","type":"post","link":"https:\/\/rvh-synergie.org\/actualites\/3-medicaments-augmentent-le-risque-de-demence-5-vous-protegent\/","title":{"rendered":"3 m\u00e9dicaments augmentent le risque de d\u00e9mence \u2013 5 vous prot\u00e8gent"},"content":{"rendered":"<p><!--$--><\/p>\n<nav data-hk=\"0000942120a20100\" class=\"TOC mt-xl mb-lg \" data-qa-article-table-of-contents>\n<p class=\"headline-sm mb-sm\">Table des mati\u00e8res<\/p>\n<p><!--$--><\/p>\n<ol data-hk=\"0000942120a2010100\" class=\"RUC-List RUC-List--Ordered RUC-List--Theme-Neutral RUC-List--Spacing-MD \">\n<li data-hk=\"0000942120a201010200\" class=\"\">Qu\u2019est-ce qui pourrait augmenter le risque de d\u00e9mence\u00a0:<\/li>\n<li data-hk=\"0000942120a201010210\" class=\"\">M\u00e9dicaments anticholinergiques pour les allergies et les troubles du sommeil<\/li>\n<li data-hk=\"0000942120a201010220\" class=\"\">Antipsychotiques pour les maladies mentales graves<\/li>\n<li data-hk=\"0000942120a201010230\" class=\"\">S\u00e9datifs et somnif\u00e8res aux benzodiaz\u00e9pines<\/li>\n<li data-hk=\"0000942120a201010240\" class=\"\">La recherche est divis\u00e9e en ce qui concerne les rem\u00e8des contre les br\u00fblures d&rsquo;estomac<\/li>\n<li data-hk=\"0000942120a201010250\" class=\"\">Qu&rsquo;est-ce qui pourrait prot\u00e9ger contre la d\u00e9mence\u00a0:<\/li>\n<li data-hk=\"0000942120a201010260\" class=\"\">Vaccin contre la grippe<\/li>\n<li data-hk=\"0000942120a201010270\" class=\"\">Vaccination contre le zona<\/li>\n<li data-hk=\"0000942120a201010280\" class=\"\">Antihypertenseurs<\/li>\n<li data-hk=\"0000942120a201010290\" class=\"\">M\u00e9dicaments hypocholest\u00e9rol\u00e9miants<\/li>\n<li data-hk=\"0000942120a2010102a100\" class=\"\">M\u00e9dicaments contre le diab\u00e8te<\/li>\n<li data-hk=\"0000942120a2010102a110\" class=\"\">La recherche est divis\u00e9e sur les anti-inflammatoires<\/li>\n<\/ol>\n<p><!--\/--><\/nav>\n<div data-hk=\"0000942120a20200\" class=\"Html-Block\" data-qa-article-content-text>\n<p>Beaucoup de gens avalent des pilules pendant des ann\u00e9es sans penser \u00e0 leur cerveau. Mais certains m\u00e9dicaments courants contre les allergies, les probl\u00e8mes de sommeil ou les br\u00fblures d&rsquo;estomac sont soup\u00e7onn\u00e9s d&rsquo;augmenter le risque de d\u00e9mence, tandis que les vaccins, les antihypertenseurs et d&rsquo;autres m\u00e9dicaments peuvent prot\u00e9ger le cerveau.<\/p>\n<\/div>\n<div data-hk=\"0000942120a20210\" class=\"Html-Block\" data-qa-article-content-text>\n<p>Plusieurs \u00e9tudes et analyses, dont fait \u00e9galement \u00e9tat le New York Times, en apportent des preuves concr\u00e8tes. Ce qui est important, ce n\u2019est pas seulement le principe actif lui-m\u00eame, mais aussi la dur\u00e9e et la fr\u00e9quence de prise.<\/p>\n<\/div>\n<aside data-hk=\"0000942120a202204\" data-qa-ad-slot class=\"Ad-Slot Ad-Slot-mobile Ad-Slot-hor Ad-Slot-FC\">\n<div class=\"Ad-Slot-FC-Container\">\n<div class=\"Ad-Slot-FC-Window\">\n<div id=\"ad-slot-mobile-hor-2\" data-orientation=\"hor\" data-index=\"2\" data-slot=\"ad-slot\" data-device=\"mobile\"><\/div>\n<\/div>\n<\/div>\n<\/aside>\n<div data-hk=\"0000942120a20230\" id=\"was-demenz-risiko-erh\u00f6hen-k\u00f6nnte\" class=\"Html-Block\" data-qa-article-content-text>\n<h2>Ce qui pourrait augmenter le risque de d\u00e9mence<\/h2>\n<\/p>\n<\/div>\n<div data-hk=\"0000942120a20240\" id=\"anticholinerge-medikamente-gegen-allergien-und-schlafst\u00f6rungen\" class=\"Html-Block\" data-qa-article-content-text>\n<h2>1. M\u00e9dicaments contre les allergies et les troubles du sommeil (anticholinergiques)<\/h2>\n<p>Les facteurs de risque les plus \u00e9tudi\u00e9s comprennent les m\u00e9dicaments anticholinergiques. Ils bloquent l&rsquo;ac\u00e9tylcholine, un messager chimique important pour l&rsquo;attention, l&rsquo;apprentissage et la m\u00e9moire. Lorsque ces voies de signalisation sont att\u00e9nu\u00e9es, le cerveau a plus de mal \u00e0 traiter les informations.<\/p>\n<\/div>\n<div data-hk=\"0000942120a20250\" id=\"anticholinerge-medikamente-gegen-allergien-und-schlafst\u00f6rungen\" class=\"Html-Block\" data-qa-article-content-text>\n<p>Ces ingr\u00e9dients actifs se trouvent souvent dans les anciens antihistaminiques ou dans les somnif\u00e8res en vente libre. \u00c0 court terme, ils provoquent de la fatigue et des probl\u00e8mes de concentration. Chez les personnes \u00e2g\u00e9es, ils peuvent \u00e9galement cr\u00e9er de la confusion et augmenter le risque de chute. \u00c0 long terme, les \u00e9tudes montrent un risque significativement accru de d\u00e9mence.<\/p>\n<\/div>\n<aside data-hk=\"0000942120a202604\" data-qa-ad-slot class=\"Ad-Slot Ad-Slot-mobile Ad-Slot-out\">\n<div id=\"ad-slot-mobile-out-1\" data-orientation=\"out\" data-index=\"1\" data-slot=\"ad-slot\" data-device=\"mobile\"><\/div>\n<\/aside>\n<div data-hk=\"0000942120a20270\" id=\"anticholinerge-medikamente-gegen-allergien-und-schlafst\u00f6rungen\" class=\"Html-Block\" data-qa-article-content-text>\n<p>Dans certaines \u00e9tudes, le risque \u00e9tait environ 50 pour cent plus \u00e9lev\u00e9 pour les personnes qui prenaient de telles pr\u00e9parations quotidiennement pendant des ann\u00e9es. \u00ab\u00a0L&rsquo;utilisation occasionnelle de Benadryl n&rsquo;augmente probablement pas le risque de d\u00e9mence\u00a0\u00bb, d\u00e9clare la pharmacienne Shelly Gray, selon le New York Times. L&rsquo;utilisation \u00e0 long terme reste particuli\u00e8rement critique.<\/p>\n<\/div>\n<div data-hk=\"0000942120a20280\" class=\"Ad-Row\">\n<div class=\"Ad-Col col-lg-5\">\n<div data-hk=\"0000942120a2028104\" data-qa-ad-slot class=\"Ad-Slot Ad-Slot-desktop Ad-Slot-ver\" role=\"region\" aria-label=\"Anzeige 1\">\n<div id=\"ad-slot-desktop-ver-1\" data-orientation=\"ver\" data-index=\"1\" data-slot=\"ad-slot\" data-device=\"desktop\"><\/div>\n<\/div>\n<\/div>\n<div class=\"Ad-Col col-lg-5\">\n<aside data-hk=\"0000942120a2028204\" data-qa-ad-slot class=\"Ad-Slot Ad-Slot-desktop Ad-Slot-ver Ad-Slot-FC\">\n<div class=\"Ad-Slot-FC-Container\">\n<div class=\"Ad-Slot-FC-Window\">\n<div id=\"ad-slot-desktop-ver-2\" data-orientation=\"ver\" data-index=\"2\" data-slot=\"ad-slot\" data-device=\"desktop\"><\/div>\n<\/div>\n<\/div>\n<\/aside>\n<\/div>\n<\/div>\n<div data-hk=\"0000942120a20290\" id=\"antipsychotika-gegen-schwere-psychische-erkrankungen\" class=\"Html-Block\" data-qa-article-content-text>\n<h2>2. Antipsychotiques pour les maladies mentales graves<\/h2>\n<p>Les m\u00e9dicaments contre les maladies mentales graves, appel\u00e9s antipsychotiques, sont utilis\u00e9s, par exemple, dans les psychoses ou la schizophr\u00e9nie. Ils peuvent r\u00e9duire les d\u00e9lires, l\u2019agitation grave ou les hallucinations. Ils sont donc importants pour de nombreux patients et ne doivent pas \u00eatre consid\u00e9r\u00e9s comme \u00e9vitables de mani\u00e8re g\u00e9n\u00e9rale.<\/p>\n<\/div>\n<aside data-hk=\"0000942120a202a1004\" data-qa-ad-slot class=\"Ad-Slot Ad-Slot-mobile Ad-Slot-hor\">\n<div id=\"ad-slot-mobile-hor-3\" data-orientation=\"hor\" data-index=\"3\" data-slot=\"ad-slot\" data-device=\"mobile\"><\/div>\n<\/aside>\n<div data-hk=\"0000942120a202a110\" id=\"antipsychotika-gegen-schwere-psychische-erkrankungen\" class=\"Html-Block\" data-qa-article-content-text>\n<p>N\u00e9anmoins, des \u00e9tudes montrent un lien avec les d\u00e9ficiences cognitives. L\u2019\u00e9valuation reste difficile car une maladie mentale grave elle-m\u00eame peut \u00eatre associ\u00e9e \u00e0 un risque plus \u00e9lev\u00e9 de d\u00e9mence. La d\u00e9pression ou les sympt\u00f4mes psychotiques peuvent \u00e9galement \u00eatre des signes pr\u00e9coces de l\u2019apparition d\u2019une d\u00e9mence.<\/p>\n<\/div>\n<div data-hk=\"0000942120a202a120\" id=\"antipsychotika-gegen-schwere-psychische-erkrankungen\" class=\"Html-Block\" data-qa-article-content-text>\n<p>Les experts sont particuli\u00e8rement critiques quant \u00e0 son utilisation chez les personnes d\u00e9j\u00e0 atteintes de d\u00e9mence. Les antipsychotiques sont souvent destin\u00e9s \u00e0 r\u00e9duire l&rsquo;agitation, l&rsquo;agressivit\u00e9 ou les probl\u00e8mes de sommeil. Cependant, selon le New York Times, il existe une forte tendance \u00e0 r\u00e9duire ces prescriptions de contr\u00f4le comportemental pour les patients atteints de d\u00e9mence. Ce m\u00e9dicament augmente \u00e9galement le risque de complications chez les personnes d\u00e9j\u00e0 malades.<\/p>\n<\/div>\n<aside data-hk=\"0000942120a202a1304\" data-qa-ad-slot class=\"Ad-Slot Ad-Slot-mobile Ad-Slot-hor\">\n<div id=\"ad-slot-mobile-hor-4\" data-orientation=\"hor\" data-index=\"4\" data-slot=\"ad-slot\" data-device=\"mobile\"><\/div>\n<\/aside>\n<div data-hk=\"0000942120a202a140\" id=\"beruhigungs--und-schlafmittel-mit-benzodiazepinen\" class=\"Html-Block\" data-qa-article-content-text>\n<h2>3. S\u00e9datifs et somnif\u00e8res contenant des benzodiaz\u00e9pines<\/h2>\n<p>Les benzodiaz\u00e9pines ont un effet calmant et sont souvent utilis\u00e9es contre l\u2019anxi\u00e9t\u00e9 ou les probl\u00e8mes de sommeil. Chez les personnes \u00e2g\u00e9es, ils augmentent les risques de confusion et de chutes.<\/p>\n<\/div>\n<div data-hk=\"0000942120a202a150\" id=\"beruhigungs--und-schlafmittel-mit-benzodiazepinen\" class=\"Html-Block\" data-qa-article-content-text>\n<p>Cependant, un lien direct avec la d\u00e9mence ne peut \u00eatre clairement prouv\u00e9. Une analyse des patients ayant re\u00e7u ces m\u00e9dicaments pour des maux de dos n\u2019a r\u00e9v\u00e9l\u00e9 aucune association avec des diagnostics ult\u00e9rieurs. L&rsquo;\u00e9conomiste de la sant\u00e9 Geoffrey Joyce a d\u00e9clar\u00e9 dans le New York Times qu&rsquo;il ne voyait pas ce lien et que des recherches plus approfondies \u00e9taient n\u00e9cessaires.<\/p>\n<\/div>\n<aside data-hk=\"0000942120a202a1604\" data-qa-ad-slot class=\"Ad-Slot Ad-Slot-mobile Ad-Slot-hor\">\n<div id=\"ad-slot-mobile-hor-5\" data-orientation=\"hor\" data-index=\"5\" data-slot=\"ad-slot\" data-device=\"mobile\"><\/div>\n<\/aside>\n<aside data-hk=\"0000942120a202a1704\" data-qa-ad-slot class=\"Ad-Slot Ad-Slot-desktop Ad-Slot-hor Ad-Slot-FC\">\n<div class=\"Ad-Slot-FC-Container\">\n<div class=\"Ad-Slot-FC-Window\">\n<div id=\"ad-slot-desktop-hor-2\" data-orientation=\"hor\" data-index=\"2\" data-slot=\"ad-slot\" data-device=\"desktop\"><\/div>\n<\/div>\n<\/div>\n<\/aside>\n<div data-hk=\"0000942120a202a180\" id=\"beruhigungs--und-schlafmittel-mit-benzodiazepinen\" class=\"Html-Block\" data-qa-article-content-text>\n<p>On ne sait pas encore clairement si le m\u00e9dicament lui-m\u00eame ou les sympt\u00f4mes sous-jacents jouent un r\u00f4le.<\/p>\n<\/div>\n<div data-hk=\"0000942120a202a190\" id=\"bei-mitteln-gegen-sodbrennen-ist-sich-forschung-uneins\" class=\"Html-Block\" data-qa-article-content-text>\n<h2>La recherche est divis\u00e9e en ce qui concerne les rem\u00e8des contre les br\u00fblures d&rsquo;estomac<\/h2>\n<p>Les inhibiteurs de la pompe \u00e0 protons font partie des rem\u00e8des les plus couramment utilis\u00e9s contre les br\u00fblures d\u2019estomac et le reflux. Ils ralentissent la formation d\u2019acide gastrique et peuvent soulager consid\u00e9rablement les sympt\u00f4mes. Cependant, certaines \u00e9tudes ont \u00e9tabli un lien entre ces m\u00e9dicaments et un risque accru de d\u00e9mence, rapporte le journal.<\/p>\n<\/div>\n<aside data-hk=\"0000942120a202a2004\" data-qa-ad-slot class=\"Ad-Slot Ad-Slot-mobile Ad-Slot-hor\">\n<div id=\"ad-slot-mobile-hor-6\" data-orientation=\"hor\" data-index=\"6\" data-slot=\"ad-slot\" data-device=\"mobile\"><\/div>\n<\/aside>\n<div data-hk=\"0000942120a202a210\" id=\"bei-mitteln-gegen-sodbrennen-ist-sich-forschung-uneins\" class=\"Html-Block\" data-qa-article-content-text>\n<p>D&rsquo;autres \u00e9tudes contredisent cela. Une \u00e9tude clinique portant sur l\u2019ingr\u00e9dient actif pantoprazole n\u2019a montr\u00e9 aucune augmentation du risque sur trois ans. Ceci est important car les \u00e9tudes cliniques peuvent souvent examiner les relations plus clairement que les donn\u00e9es purement observationnelles.<\/p>\n<\/div>\n<div data-hk=\"0000942120a202a220\" id=\"bei-mitteln-gegen-sodbrennen-ist-sich-forschung-uneins\" class=\"Html-Block\" data-qa-article-content-text>\n<p>Comme explication possible, les chercheurs \u00e9voquent une carence en vitamine B12, qui peut \u00eatre favoris\u00e9e par une r\u00e9duction \u00e0 long terme de l&rsquo;acide gastrique. La vitamine B12 est importante pour les nerfs et la formation du sang ; une carence peut \u00e9galement d\u00e9clencher des probl\u00e8mes cognitifs. Toutefois, selon le Times, une \u00e9valuation claire est toujours en attente.<\/p>\n<\/div>\n<aside data-hk=\"0000942120a202a2304\" data-qa-ad-slot class=\"Ad-Slot Ad-Slot-mobile Ad-Slot-hor\">\n<div id=\"ad-slot-mobile-hor-7\" data-orientation=\"hor\" data-index=\"7\" data-slot=\"ad-slot\" data-device=\"mobile\"><\/div>\n<\/aside>\n<div data-hk=\"0000942120a202a240\" class=\"Article-ReusableText Html-Block\" data-qa-article-reusable-content-text><!--$--><!--\/--><\/p>\n<div>\n<h2>N\u2019arr\u00eatez pas vous-m\u00eame de prendre vos m\u00e9dicaments\u00a0:<\/h2>\n<p>L\u2019arr\u00eat brutal du traitement peut entra\u00eener des risques pour la sant\u00e9. Les modifications ne doivent \u00eatre apport\u00e9es qu&rsquo;apr\u00e8s consultation d&rsquo;un m\u00e9decin.<\/p>\n<\/div>\n<\/div>\n<div data-hk=\"0000942120a202a250\" id=\"was-vor-demenz-sch\u00fctzen-k\u00f6nnte\" class=\"Html-Block\" data-qa-article-content-text>\n<h2>Qu&rsquo;est-ce qui pourrait prot\u00e9ger contre la d\u00e9mence<\/h2>\n<\/p>\n<\/div>\n<div data-hk=\"0000942120a202a260\" id=\"grippeimpfung\" class=\"Html-Block\" data-qa-article-content-text>\n<h2>1. Vaccin contre la grippe<\/h2>\n<p>Aux risques possibles s\u2019ajoutent \u00e9galement des effets protecteurs. La vaccination contre la grippe est particuli\u00e8rement visible. Plusieurs \u00e9tudes montrent que les personnes \u00e2g\u00e9es vaccin\u00e9es sont moins susceptibles de d\u00e9velopper une d\u00e9mence, selon un autre rapport du New York Times.<\/p>\n<\/div>\n<aside data-hk=\"0000942120a202a2704\" data-qa-ad-slot class=\"Ad-Slot Ad-Slot-desktop Ad-Slot-out\">\n<div id=\"ad-slot-desktop-out-1\" data-orientation=\"out\" data-index=\"1\" data-slot=\"ad-slot\" data-device=\"desktop\"><\/div>\n<\/aside>\n<div data-hk=\"0000942120a202a280\" id=\"grippeimpfung\" class=\"Html-Block\" data-qa-article-content-text>\n<p>Dans une \u00e9tude, le risque \u00e9tait jusqu&rsquo;\u00e0 40 % inf\u00e9rieur. Une analyse r\u00e9cente sugg\u00e8re que les vaccins \u00e0 haute dose pourraient offrir une protection encore plus grande aux personnes \u00e2g\u00e9es de 65 ans et plus. Ils contiennent plus d\u2019antig\u00e8nes et stimuleraient davantage le syst\u00e8me immunitaire. Ceci est important car le syst\u00e8me immunitaire r\u00e9agit souvent de mani\u00e8re plus faible \u00e0 mesure que nous vieillissons.<\/p>\n<\/div>\n<aside data-hk=\"0000942120a202a2904\" data-qa-ad-slot class=\"Ad-Slot Ad-Slot-mobile Ad-Slot-hor\">\n<div id=\"ad-slot-mobile-hor-8\" data-orientation=\"hor\" data-index=\"8\" data-slot=\"ad-slot\" data-device=\"mobile\"><\/div>\n<\/aside>\n<div data-hk=\"0000942120a202a300\" id=\"grippeimpfung\" class=\"Html-Block\" data-qa-article-content-text>\n<p>Les experts cit\u00e9s trouvent une explication possible dans le syst\u00e8me immunitaire : les vaccinations pr\u00e9viennent les infections ou affaiblissent leur progression. Cela pourrait \u00e9galement r\u00e9duire les r\u00e9actions inflammatoires. L\u2019inflammation chronique est consid\u00e9r\u00e9e comme un facteur pouvant favoriser la d\u00e9mence. Il n\u2019a pas encore \u00e9t\u00e9 prouv\u00e9 de mani\u00e8re concluante que ce m\u00e9canisme explique r\u00e9ellement l\u2019effet protecteur observ\u00e9.<\/p>\n<\/div>\n<div data-hk=\"0000942120a202a310\" id=\"g\u00fcrtelrose-impfung\" class=\"Html-Block\" data-qa-article-content-text>\n<h2>2. Vaccination contre le zona<\/h2>\n<p>La vaccination contre le zona donne des r\u00e9sultats particuli\u00e8rement probants. Des \u00e9tudes men\u00e9es dans plusieurs pays montrent un risque de d\u00e9mence inf\u00e9rieur de 15 \u00e0 20 pour cent.<\/p>\n<\/div>\n<aside data-hk=\"0000942120a202a3204\" data-qa-ad-slot class=\"Ad-Slot Ad-Slot-mobile Ad-Slot-hor\">\n<div id=\"ad-slot-mobile-hor-9\" data-orientation=\"hor\" data-index=\"9\" data-slot=\"ad-slot\" data-device=\"mobile\"><\/div>\n<\/aside>\n<div data-hk=\"0000942120a202a330\" id=\"g\u00fcrtelrose-impfung\" class=\"Html-Block\" data-qa-article-content-text>\n<p>L\u2019\u00e9pid\u00e9miologiste Pascal Geldsetzer \u00e9value clairement les donn\u00e9es : \u00ab Je pense que les preuves d\u2019une relation de cause \u00e0 effet sont tr\u00e8s solides. \u00bb<\/p>\n<\/div>\n<div data-hk=\"0000942120a202a340\" id=\"g\u00fcrtelrose-impfung\" class=\"Html-Block\" data-qa-article-content-text>\n<p>Une des raisons possibles est son effet sur l\u2019inflammation. Le virus attaque les cellules nerveuses et peut d\u00e9clencher une inflammation du cerveau.<\/p>\n<\/div>\n<div data-hk=\"0000942120a202a350\" id=\"blutdrucksenker\" class=\"Html-Block\" data-qa-article-content-text>\n<h2>3. Antihypertenseurs<\/h2>\n<p>Les m\u00e9dicaments contre l\u2019hypertension art\u00e9rielle comptent parmi les facteurs de protection les plus importants. Des \u00e9tudes les associent \u00e0 un risque de d\u00e9mence inf\u00e9rieur de 10 \u00e0 15 pour cent.<\/p>\n<\/div>\n<aside data-hk=\"0000942120a202a3604\" data-qa-ad-slot class=\"Ad-Slot Ad-Slot-mobile Ad-Slot-hor\">\n<div id=\"ad-slot-mobile-hor-10\" data-orientation=\"hor\" data-index=\"10\" data-slot=\"ad-slot\" data-device=\"mobile\"><\/div>\n<\/aside>\n<aside data-hk=\"0000942120a202a3704\" data-qa-ad-slot class=\"Ad-Slot Ad-Slot-desktop Ad-Slot-hor\">\n<div id=\"ad-slot-desktop-hor-3\" data-orientation=\"hor\" data-index=\"3\" data-slot=\"ad-slot\" data-device=\"desktop\"><\/div>\n<\/aside>\n<div data-hk=\"0000942120a202a380\" id=\"blutdrucksenker\" class=\"Html-Block\" data-qa-article-content-text>\n<p>Le lien est m\u00e9dicalement plausible : une pression art\u00e9rielle constamment \u00e9lev\u00e9e endommage les petits vaisseaux, y compris dans le cerveau. Cela peut entra\u00eener des probl\u00e8mes circulatoires inaper\u00e7us qui mettent \u00e0 rude \u00e9preuve la m\u00e9moire et les capacit\u00e9s de r\u00e9flexion pendant des ann\u00e9es. Une pression art\u00e9rielle bien contr\u00f4l\u00e9e peut prot\u00e9ger ces vaisseaux et stabiliser l\u2019apport au cerveau.<\/p>\n<\/div>\n<div data-hk=\"0000942120a202a390\" id=\"blutdrucksenker\" class=\"Html-Block\" data-qa-article-content-text>\n<p>Une \u00e9tude chinoise a montr\u00e9 que les patients trait\u00e9s \u00e9taient moins susceptibles de d\u00e9velopper une d\u00e9mence apr\u00e8s quatre ans. N\u00e9anmoins, il en va de m\u00eame ici : le b\u00e9n\u00e9fice a \u00e9t\u00e9 prouv\u00e9 principalement pour les personnes souffrant d&rsquo;hypertension art\u00e9rielle.<\/p>\n<\/div>\n<aside data-hk=\"0000942120a202a4004\" data-qa-ad-slot class=\"Ad-Slot Ad-Slot-mobile Ad-Slot-hor\">\n<div id=\"ad-slot-mobile-hor-11\" data-orientation=\"hor\" data-index=\"11\" data-slot=\"ad-slot\" data-device=\"mobile\"><\/div>\n<\/aside>\n<div data-hk=\"0000942120a202a410\" id=\"cholesterinsenker\" class=\"Html-Block\" data-qa-article-content-text>\n<h2>4. R\u00e9ducteurs de cholest\u00e9rol<\/h2>\n<p>Les statines abaissent le taux de cholest\u00e9rol et prot\u00e8gent ainsi le c\u0153ur et les vaisseaux sanguins. Le cerveau pourrait \u00e9galement en b\u00e9n\u00e9ficier, car des vaisseaux sains sont importants pour une circulation sanguine stable.<\/p>\n<\/div>\n<div data-hk=\"0000942120a202a420\" id=\"cholesterinsenker\" class=\"Html-Block\" data-qa-article-content-text>\n<p>Des \u00e9tudes \u00e9tablissent un lien entre sa prise et un risque de d\u00e9mence de 10 \u00e0 15 % inf\u00e9rieur. Cependant, l&rsquo;effet n&rsquo;est pas garanti. Une raison : les personnes qui prennent r\u00e9guli\u00e8rement des statines re\u00e7oivent souvent des soins m\u00e9dicaux plus rapproch\u00e9s et peuvent accorder plus d\u2019attention \u00e0 leur sant\u00e9.<\/p>\n<\/div>\n<aside data-hk=\"0000942120a202a4304\" data-qa-ad-slot class=\"Ad-Slot Ad-Slot-mobile Ad-Slot-hor\">\n<div id=\"ad-slot-mobile-hor-12\" data-orientation=\"hor\" data-index=\"12\" data-slot=\"ad-slot\" data-device=\"mobile\"><\/div>\n<\/aside>\n<div data-hk=\"0000942120a202a440\" id=\"cholesterinsenker\" class=\"Html-Block\" data-qa-article-content-text>\n<p>Une \u00e9tude clinique plus ancienne n\u2019a trouv\u00e9 aucune protection claire contre le d\u00e9clin cognitif. Les statines ne conviennent donc pas comme pr\u00e9vention pure de la d\u00e9mence, mais surtout lorsqu&rsquo;elles sont m\u00e9dicalement utiles pour des raisons cardiovasculaires.<\/p>\n<\/div>\n<div data-hk=\"0000942120a202a450\" id=\"diabetes-medikamente\" class=\"Html-Block\" data-qa-article-content-text>\n<h2>5. M\u00e9dicaments contre le diab\u00e8te<\/h2>\n<p>Certains m\u00e9dicaments ont un effet protecteur possible chez les personnes diab\u00e9tiques. Ceux-ci incluent la metformine et les inhibiteurs du SGLT2.<\/p>\n<\/div>\n<aside data-hk=\"0000942120a202a4604\" data-qa-ad-slot class=\"Ad-Slot Ad-Slot-desktop Ad-Slot-hor\">\n<div id=\"ad-slot-desktop-hor-4\" data-orientation=\"hor\" data-index=\"4\" data-slot=\"ad-slot\" data-device=\"desktop\"><\/div>\n<\/aside>\n<div data-hk=\"0000942120a202a470\" id=\"diabetes-medikamente\" class=\"Html-Block\" data-qa-article-content-text>\n<p>Le b\u00e9n\u00e9fice \u00e9ventuel est principalement li\u00e9 \u00e0 la glyc\u00e9mie. Des niveaux \u00e9lev\u00e9s et soutenus exercent une pression sur les vaisseaux sanguins et les cellules nerveuses. Ils peuvent favoriser l\u2019inflammation et perturber l\u2019approvisionnement \u00e9nerg\u00e9tique du cerveau. Les m\u00e9dicaments qui stabilisent la glyc\u00e9mie pourraient donc \u00e9galement soulager le cerveau.<\/p>\n<\/div>\n<aside data-hk=\"0000942120a202a4804\" data-qa-ad-slot class=\"Ad-Slot Ad-Slot-mobile Ad-Slot-hor\">\n<div id=\"ad-slot-mobile-hor-13\" data-orientation=\"hor\" data-index=\"13\" data-slot=\"ad-slot\" data-device=\"mobile\"><\/div>\n<\/aside>\n<div data-hk=\"0000942120a202a490\" id=\"diabetes-medikamente\" class=\"Html-Block\" data-qa-article-content-text>\n<p>Certaines \u00e9tudes sugg\u00e8rent \u00e9galement que ces principes actifs r\u00e9duisent l\u2019inflammation et influencent les d\u00e9p\u00f4ts dans le cerveau. L&rsquo;effet s&rsquo;applique particuli\u00e8rement aux personnes atteintes de diab\u00e8te ; Ces m\u00e9dicaments n\u2019ont pas fait leurs preuves en tant que pr\u00e9vention g\u00e9n\u00e9rale de la d\u00e9mence.<\/p>\n<\/div>\n<div data-hk=\"0000942120a202a500\" id=\"bei-entz\u00fcndungshemmern-ist-sich-forschung-uneins\" class=\"Html-Block\" data-qa-article-content-text>\n<h2>La recherche est divis\u00e9e sur les anti-inflammatoires<\/h2>\n<p>L\u2019inflammation du cerveau est consid\u00e9r\u00e9e comme un facteur pouvant favoriser la maladie d\u2019Alzheimer. C&rsquo;est pourquoi les chercheurs \u00e9tudient si les m\u00e9dicaments anti-inflammatoires pourraient \u00e9galement prot\u00e9ger contre la d\u00e9mence. Une vaste revue r\u00e9pertorie ce groupe de principes actifs parmi les candidats possibles.<\/p>\n<\/div>\n<aside data-hk=\"0000942120a202a5104\" data-qa-ad-slot class=\"Ad-Slot Ad-Slot-mobile Ad-Slot-hor\">\n<div id=\"ad-slot-mobile-hor-14\" data-orientation=\"hor\" data-index=\"14\" data-slot=\"ad-slot\" data-device=\"mobile\"><\/div>\n<\/aside>\n<div data-hk=\"0000942120a202a520\" id=\"bei-entz\u00fcndungshemmern-ist-sich-forschung-uneins\" class=\"Html-Block\" data-qa-article-content-text>\n<p>Selon le New York Times, l&rsquo;\u00e9pid\u00e9miologiste David Llewellyn estime que cette approche est scientifiquement plausible. Cependant, la situation des \u00e9tudes reste contradictoire. Certaines \u00e9tudes ont trouv\u00e9 un risque plus faible de d\u00e9mence avec l&rsquo;ibuprof\u00e8ne, d&rsquo;autres n&rsquo;ont trouv\u00e9 aucune association, voire un risque plus \u00e9lev\u00e9. Une revue Cochrane a conclu en 2020 qu\u2019il n\u2019existait aucune preuve soutenant l\u2019utilisation de l\u2019aspirine ou d\u2019autres anti-inflammatoires non st\u00e9ro\u00efdiens pour pr\u00e9venir la d\u00e9mence.<\/p>\n<\/div>\n<aside data-hk=\"0000942120a202a5304\" data-qa-ad-slot class=\"Ad-Slot Ad-Slot-mobile Ad-Slot-hor\">\n<div id=\"ad-slot-mobile-hor-15\" data-orientation=\"hor\" data-index=\"15\" data-slot=\"ad-slot\" data-device=\"mobile\"><\/div>\n<\/aside>\n<div data-hk=\"0000942120a202a540\" id=\"bei-entz\u00fcndungshemmern-ist-sich-forschung-uneins\" class=\"Html-Block\" data-qa-article-content-text>\n<h2>En r\u00e9sum\u00e9 :<\/h2>\n<ul>\n<li>Certains m\u00e9dicaments anticholinergiques, antipsychotiques, benzodiaz\u00e9pines et inhibiteurs de la pompe \u00e0 protons sont associ\u00e9s \u00e0 un risque plus \u00e9lev\u00e9 de d\u00e9mence \u2013 les preuves varient selon le m\u00e9dicament.<\/li>\n<li>Les vaccins contre la grippe et le zona ainsi que les antihypertenseurs, les statines et certains m\u00e9dicaments contre le diab\u00e8te pourraient prot\u00e9ger le cerveau, notamment via les vaisseaux sanguins, le m\u00e9tabolisme et l&rsquo;inflammation.<\/li>\n<li>Les m\u00e9dicaments ne doivent jamais \u00eatre arr\u00eat\u00e9s de votre propre initiative ; Un examen m\u00e9dical r\u00e9gulier est particuli\u00e8rement important si vous le prenez \u00e0 long terme.<\/li>\n<\/ul>\n<\/div>\n<div data-hk=\"0000942120a202a550\" class=\"Html-Block\" data-qa-article-content-text>\n<p><i>L&rsquo;original de cet article \u00ab 4 m\u00e9dicaments courants augmentent le risque de d\u00e9mence \u2013 6 autres pourraient prot\u00e9ger le cerveau \u00bb vient de Smart Up News.<\/i><\/p>\n<\/div>\n<p><!--\/--><br \/>\n<!--$--><br \/>\n<!--\/--><br \/>\n<!--$--><br \/>\n<!--\/--><\/p>\n","protected":false},"excerpt":{"rendered":"<p>Table des mati\u00e8res Qu\u2019est-ce qui pourrait augmenter le risque de d\u00e9mence\u00a0: M\u00e9dicaments anticholinergiques pour les<\/p>\n","protected":false},"author":1,"featured_media":16173,"comment_status":"open","ping_status":"","sticky":false,"template":"","format":"standard","meta":{"footnotes":""},"categories":[86],"tags":[880,4256,87,3506,40,263],"class_list":["post-16172","post","type-post","status-publish","format-standard","has-post-thumbnail","hentry","category-les-maladies","tag-augmentent","tag-demence","tag-medicaments","tag-protegent","tag-risque","tag-vous","generate-columns","tablet-grid-50","mobile-grid-100","grid-parent","grid-50","resize-featured-image"],"yoast_head":"<!-- This site is optimized with the Yoast SEO plugin v23.4 - https:\/\/yoast.com\/wordpress\/plugins\/seo\/ -->\n<title>3 m\u00e9dicaments augmentent le risque de d\u00e9mence \u2013 5 vous prot\u00e8gent - RVH-Synergie.org<\/title>\n<meta name=\"robots\" content=\"index, follow, max-snippet:-1, max-image-preview:large, max-video-preview:-1\" \/>\n<link rel=\"canonical\" href=\"https:\/\/rvh-synergie.org\/actualites\/3-medicaments-augmentent-le-risque-de-demence-5-vous-protegent\/\" \/>\n<meta property=\"og:locale\" content=\"fr_FR\" \/>\n<meta property=\"og:type\" content=\"article\" \/>\n<meta property=\"og:title\" content=\"3 m\u00e9dicaments augmentent le risque de d\u00e9mence \u2013 5 vous prot\u00e8gent - RVH-Synergie.org\" \/>\n<meta property=\"og:description\" content=\"Table des mati\u00e8res Qu\u2019est-ce qui pourrait augmenter le risque de d\u00e9mence\u00a0: M\u00e9dicaments anticholinergiques pour les\" \/>\n<meta property=\"og:url\" content=\"https:\/\/rvh-synergie.org\/actualites\/3-medicaments-augmentent-le-risque-de-demence-5-vous-protegent\/\" \/>\n<meta property=\"og:site_name\" content=\"RVH-Synergie\" \/>\n<meta property=\"article:published_time\" content=\"2026-05-01T21:12:58+00:00\" \/>\n<meta property=\"article:modified_time\" content=\"2026-05-01T21:12:59+00:00\" \/>\n<meta property=\"og:image\" content=\"https:\/\/rvh-synergie.org\/actualites\/wp-content\/uploads\/2026\/05\/3-medicaments-augmentent-le-risque-de-demence-\u2013-5-vous.jpg\" \/>\n\t<meta property=\"og:image:width\" content=\"1200\" \/>\n\t<meta property=\"og:image:height\" content=\"630\" \/>\n\t<meta property=\"og:image:type\" content=\"image\/jpeg\" \/>\n<meta name=\"author\" content=\"Charles Martinez\" \/>\n<meta name=\"twitter:card\" content=\"summary_large_image\" \/>\n<meta name=\"twitter:label1\" content=\"\u00c9crit par\" \/>\n\t<meta name=\"twitter:data1\" content=\"Charles Martinez\" \/>\n\t<meta name=\"twitter:label2\" content=\"Dur\u00e9e de lecture estim\u00e9e\" \/>\n\t<meta name=\"twitter:data2\" content=\"9 minutes\" \/>\n<script type=\"application\/ld+json\" class=\"yoast-schema-graph\">{\"@context\":\"https:\/\/schema.org\",\"@graph\":[{\"@type\":\"Article\",\"@id\":\"https:\/\/rvh-synergie.org\/actualites\/3-medicaments-augmentent-le-risque-de-demence-5-vous-protegent\/#article\",\"isPartOf\":{\"@id\":\"https:\/\/rvh-synergie.org\/actualites\/3-medicaments-augmentent-le-risque-de-demence-5-vous-protegent\/\"},\"author\":{\"name\":\"Charles Martinez\",\"@id\":\"https:\/\/rvh-synergie.org\/actualites\/#\/schema\/person\/aa5ea98671fb4e8620f488a0795d2560\"},\"headline\":\"3 m\u00e9dicaments augmentent le risque de d\u00e9mence \u2013 5 vous prot\u00e8gent\",\"datePublished\":\"2026-05-01T21:12:58+00:00\",\"dateModified\":\"2026-05-01T21:12:59+00:00\",\"mainEntityOfPage\":{\"@id\":\"https:\/\/rvh-synergie.org\/actualites\/3-medicaments-augmentent-le-risque-de-demence-5-vous-protegent\/\"},\"wordCount\":1930,\"commentCount\":0,\"publisher\":{\"@id\":\"https:\/\/rvh-synergie.org\/actualites\/#organization\"},\"image\":{\"@id\":\"https:\/\/rvh-synergie.org\/actualites\/3-medicaments-augmentent-le-risque-de-demence-5-vous-protegent\/#primaryimage\"},\"thumbnailUrl\":\"https:\/\/rvh-synergie.org\/actualites\/wp-content\/uploads\/2026\/05\/3-medicaments-augmentent-le-risque-de-demence-\u2013-5-vous.jpg\",\"keywords\":[\"augmentent\",\"d\u00e9mence\",\"m\u00e9dicaments\",\"prot\u00e8gent\",\"risque\",\"vous\"],\"articleSection\":[\"Les maladies\"],\"inLanguage\":\"fr-FR\",\"potentialAction\":[{\"@type\":\"CommentAction\",\"name\":\"Comment\",\"target\":[\"https:\/\/rvh-synergie.org\/actualites\/3-medicaments-augmentent-le-risque-de-demence-5-vous-protegent\/#respond\"]}]},{\"@type\":\"WebPage\",\"@id\":\"https:\/\/rvh-synergie.org\/actualites\/3-medicaments-augmentent-le-risque-de-demence-5-vous-protegent\/\",\"url\":\"https:\/\/rvh-synergie.org\/actualites\/3-medicaments-augmentent-le-risque-de-demence-5-vous-protegent\/\",\"name\":\"3 m\u00e9dicaments augmentent le risque de d\u00e9mence \u2013 5 vous prot\u00e8gent - RVH-Synergie.org\",\"isPartOf\":{\"@id\":\"https:\/\/rvh-synergie.org\/actualites\/#website\"},\"primaryImageOfPage\":{\"@id\":\"https:\/\/rvh-synergie.org\/actualites\/3-medicaments-augmentent-le-risque-de-demence-5-vous-protegent\/#primaryimage\"},\"image\":{\"@id\":\"https:\/\/rvh-synergie.org\/actualites\/3-medicaments-augmentent-le-risque-de-demence-5-vous-protegent\/#primaryimage\"},\"thumbnailUrl\":\"https:\/\/rvh-synergie.org\/actualites\/wp-content\/uploads\/2026\/05\/3-medicaments-augmentent-le-risque-de-demence-\u2013-5-vous.jpg\",\"datePublished\":\"2026-05-01T21:12:58+00:00\",\"dateModified\":\"2026-05-01T21:12:59+00:00\",\"breadcrumb\":{\"@id\":\"https:\/\/rvh-synergie.org\/actualites\/3-medicaments-augmentent-le-risque-de-demence-5-vous-protegent\/#breadcrumb\"},\"inLanguage\":\"fr-FR\",\"potentialAction\":[{\"@type\":\"ReadAction\",\"target\":[\"https:\/\/rvh-synergie.org\/actualites\/3-medicaments-augmentent-le-risque-de-demence-5-vous-protegent\/\"]}]},{\"@type\":\"ImageObject\",\"inLanguage\":\"fr-FR\",\"@id\":\"https:\/\/rvh-synergie.org\/actualites\/3-medicaments-augmentent-le-risque-de-demence-5-vous-protegent\/#primaryimage\",\"url\":\"https:\/\/rvh-synergie.org\/actualites\/wp-content\/uploads\/2026\/05\/3-medicaments-augmentent-le-risque-de-demence-\u2013-5-vous.jpg\",\"contentUrl\":\"https:\/\/rvh-synergie.org\/actualites\/wp-content\/uploads\/2026\/05\/3-medicaments-augmentent-le-risque-de-demence-\u2013-5-vous.jpg\",\"width\":1200,\"height\":630},{\"@type\":\"BreadcrumbList\",\"@id\":\"https:\/\/rvh-synergie.org\/actualites\/3-medicaments-augmentent-le-risque-de-demence-5-vous-protegent\/#breadcrumb\",\"itemListElement\":[{\"@type\":\"ListItem\",\"position\":1,\"name\":\"Accueil\",\"item\":\"https:\/\/rvh-synergie.org\/actualites\/\"},{\"@type\":\"ListItem\",\"position\":2,\"name\":\"3 m\u00e9dicaments augmentent le risque de d\u00e9mence \u2013 5 vous prot\u00e8gent\"}]},{\"@type\":\"WebSite\",\"@id\":\"https:\/\/rvh-synergie.org\/actualites\/#website\",\"url\":\"https:\/\/rvh-synergie.org\/actualites\/\",\"name\":\"RVH-Synergie.org\",\"description\":\"RVH-Synergie, site ind\u00e9pendant d&#039;informations sur la prise en charge des addictions.\",\"publisher\":{\"@id\":\"https:\/\/rvh-synergie.org\/actualites\/#organization\"},\"potentialAction\":[{\"@type\":\"SearchAction\",\"target\":{\"@type\":\"EntryPoint\",\"urlTemplate\":\"https:\/\/rvh-synergie.org\/actualites\/?s={search_term_string}\"},\"query-input\":{\"@type\":\"PropertyValueSpecification\",\"valueRequired\":true,\"valueName\":\"search_term_string\"}}],\"inLanguage\":\"fr-FR\"},{\"@type\":\"Organization\",\"@id\":\"https:\/\/rvh-synergie.org\/actualites\/#organization\",\"name\":\"RVH-Synergie.org\",\"url\":\"https:\/\/rvh-synergie.org\/actualites\/\",\"logo\":{\"@type\":\"ImageObject\",\"inLanguage\":\"fr-FR\",\"@id\":\"https:\/\/rvh-synergie.org\/actualites\/#\/schema\/logo\/image\/\",\"url\":\"https:\/\/rvh-synergie.org\/actualites\/wp-content\/uploads\/2024\/09\/favicon.png\",\"contentUrl\":\"https:\/\/rvh-synergie.org\/actualites\/wp-content\/uploads\/2024\/09\/favicon.png\",\"width\":512,\"height\":512,\"caption\":\"RVH-Synergie.org\"},\"image\":{\"@id\":\"https:\/\/rvh-synergie.org\/actualites\/#\/schema\/logo\/image\/\"}},{\"@type\":\"Person\",\"@id\":\"https:\/\/rvh-synergie.org\/actualites\/#\/schema\/person\/aa5ea98671fb4e8620f488a0795d2560\",\"name\":\"Charles Martinez\",\"image\":{\"@type\":\"ImageObject\",\"inLanguage\":\"fr-FR\",\"@id\":\"https:\/\/rvh-synergie.org\/actualites\/#\/schema\/person\/image\/\",\"url\":\"https:\/\/rvh-synergie.org\/actualites\/wp-content\/uploads\/2024\/09\/charles-martinez-scaled.jpg\",\"contentUrl\":\"https:\/\/rvh-synergie.org\/actualites\/wp-content\/uploads\/2024\/09\/charles-martinez-scaled.jpg\",\"caption\":\"Charles Martinez\"},\"description\":\"Bonjour, je m'appelle Charles Martinez, r\u00e9dacteur passionn\u00e9 pour le m\u00e9dia RVH-synergie.org, d\u00e9di\u00e9 aux addictions et aux maladies. Depuis plus de dix ans, j'explore et rapporte les histoires poignantes des individus confront\u00e9s \u00e0 ces d\u00e9fis, tout en sensibilisant le public aux traitements novateurs et aux progr\u00e8s scientifiques dans ce domaine. Mon engagement r\u00e9side dans l'espoir de cr\u00e9er une communaut\u00e9 inform\u00e9e et empathique, pr\u00eate \u00e0 soutenir ceux qui luttent contre ces \u00e9preuves.\",\"sameAs\":[\"https:\/\/rvh-synergie.org\/\"]}]}<\/script>\n<!-- \/ Yoast SEO plugin. -->","yoast_head_json":{"title":"3 m\u00e9dicaments augmentent le risque de d\u00e9mence \u2013 5 vous prot\u00e8gent - RVH-Synergie.org","robots":{"index":"index","follow":"follow","max-snippet":"max-snippet:-1","max-image-preview":"max-image-preview:large","max-video-preview":"max-video-preview:-1"},"canonical":"https:\/\/rvh-synergie.org\/actualites\/3-medicaments-augmentent-le-risque-de-demence-5-vous-protegent\/","og_locale":"fr_FR","og_type":"article","og_title":"3 m\u00e9dicaments augmentent le risque de d\u00e9mence \u2013 5 vous prot\u00e8gent - RVH-Synergie.org","og_description":"Table des mati\u00e8res Qu\u2019est-ce qui pourrait augmenter le risque de d\u00e9mence\u00a0: M\u00e9dicaments anticholinergiques pour les","og_url":"https:\/\/rvh-synergie.org\/actualites\/3-medicaments-augmentent-le-risque-de-demence-5-vous-protegent\/","og_site_name":"RVH-Synergie","article_published_time":"2026-05-01T21:12:58+00:00","article_modified_time":"2026-05-01T21:12:59+00:00","og_image":[{"width":1200,"height":630,"url":"https:\/\/rvh-synergie.org\/actualites\/wp-content\/uploads\/2026\/05\/3-medicaments-augmentent-le-risque-de-demence-\u2013-5-vous.jpg","type":"image\/jpeg"}],"author":"Charles Martinez","twitter_card":"summary_large_image","twitter_misc":{"\u00c9crit par":"Charles Martinez","Dur\u00e9e de lecture estim\u00e9e":"9 minutes"},"schema":{"@context":"https:\/\/schema.org","@graph":[{"@type":"Article","@id":"https:\/\/rvh-synergie.org\/actualites\/3-medicaments-augmentent-le-risque-de-demence-5-vous-protegent\/#article","isPartOf":{"@id":"https:\/\/rvh-synergie.org\/actualites\/3-medicaments-augmentent-le-risque-de-demence-5-vous-protegent\/"},"author":{"name":"Charles Martinez","@id":"https:\/\/rvh-synergie.org\/actualites\/#\/schema\/person\/aa5ea98671fb4e8620f488a0795d2560"},"headline":"3 m\u00e9dicaments augmentent le risque de d\u00e9mence \u2013 5 vous prot\u00e8gent","datePublished":"2026-05-01T21:12:58+00:00","dateModified":"2026-05-01T21:12:59+00:00","mainEntityOfPage":{"@id":"https:\/\/rvh-synergie.org\/actualites\/3-medicaments-augmentent-le-risque-de-demence-5-vous-protegent\/"},"wordCount":1930,"commentCount":0,"publisher":{"@id":"https:\/\/rvh-synergie.org\/actualites\/#organization"},"image":{"@id":"https:\/\/rvh-synergie.org\/actualites\/3-medicaments-augmentent-le-risque-de-demence-5-vous-protegent\/#primaryimage"},"thumbnailUrl":"https:\/\/rvh-synergie.org\/actualites\/wp-content\/uploads\/2026\/05\/3-medicaments-augmentent-le-risque-de-demence-\u2013-5-vous.jpg","keywords":["augmentent","d\u00e9mence","m\u00e9dicaments","prot\u00e8gent","risque","vous"],"articleSection":["Les maladies"],"inLanguage":"fr-FR","potentialAction":[{"@type":"CommentAction","name":"Comment","target":["https:\/\/rvh-synergie.org\/actualites\/3-medicaments-augmentent-le-risque-de-demence-5-vous-protegent\/#respond"]}]},{"@type":"WebPage","@id":"https:\/\/rvh-synergie.org\/actualites\/3-medicaments-augmentent-le-risque-de-demence-5-vous-protegent\/","url":"https:\/\/rvh-synergie.org\/actualites\/3-medicaments-augmentent-le-risque-de-demence-5-vous-protegent\/","name":"3 m\u00e9dicaments augmentent le risque de d\u00e9mence \u2013 5 vous prot\u00e8gent - RVH-Synergie.org","isPartOf":{"@id":"https:\/\/rvh-synergie.org\/actualites\/#website"},"primaryImageOfPage":{"@id":"https:\/\/rvh-synergie.org\/actualites\/3-medicaments-augmentent-le-risque-de-demence-5-vous-protegent\/#primaryimage"},"image":{"@id":"https:\/\/rvh-synergie.org\/actualites\/3-medicaments-augmentent-le-risque-de-demence-5-vous-protegent\/#primaryimage"},"thumbnailUrl":"https:\/\/rvh-synergie.org\/actualites\/wp-content\/uploads\/2026\/05\/3-medicaments-augmentent-le-risque-de-demence-\u2013-5-vous.jpg","datePublished":"2026-05-01T21:12:58+00:00","dateModified":"2026-05-01T21:12:59+00:00","breadcrumb":{"@id":"https:\/\/rvh-synergie.org\/actualites\/3-medicaments-augmentent-le-risque-de-demence-5-vous-protegent\/#breadcrumb"},"inLanguage":"fr-FR","potentialAction":[{"@type":"ReadAction","target":["https:\/\/rvh-synergie.org\/actualites\/3-medicaments-augmentent-le-risque-de-demence-5-vous-protegent\/"]}]},{"@type":"ImageObject","inLanguage":"fr-FR","@id":"https:\/\/rvh-synergie.org\/actualites\/3-medicaments-augmentent-le-risque-de-demence-5-vous-protegent\/#primaryimage","url":"https:\/\/rvh-synergie.org\/actualites\/wp-content\/uploads\/2026\/05\/3-medicaments-augmentent-le-risque-de-demence-\u2013-5-vous.jpg","contentUrl":"https:\/\/rvh-synergie.org\/actualites\/wp-content\/uploads\/2026\/05\/3-medicaments-augmentent-le-risque-de-demence-\u2013-5-vous.jpg","width":1200,"height":630},{"@type":"BreadcrumbList","@id":"https:\/\/rvh-synergie.org\/actualites\/3-medicaments-augmentent-le-risque-de-demence-5-vous-protegent\/#breadcrumb","itemListElement":[{"@type":"ListItem","position":1,"name":"Accueil","item":"https:\/\/rvh-synergie.org\/actualites\/"},{"@type":"ListItem","position":2,"name":"3 m\u00e9dicaments augmentent le risque de d\u00e9mence \u2013 5 vous prot\u00e8gent"}]},{"@type":"WebSite","@id":"https:\/\/rvh-synergie.org\/actualites\/#website","url":"https:\/\/rvh-synergie.org\/actualites\/","name":"RVH-Synergie.org","description":"RVH-Synergie, site ind\u00e9pendant d&#039;informations sur la prise en charge des addictions.","publisher":{"@id":"https:\/\/rvh-synergie.org\/actualites\/#organization"},"potentialAction":[{"@type":"SearchAction","target":{"@type":"EntryPoint","urlTemplate":"https:\/\/rvh-synergie.org\/actualites\/?s={search_term_string}"},"query-input":{"@type":"PropertyValueSpecification","valueRequired":true,"valueName":"search_term_string"}}],"inLanguage":"fr-FR"},{"@type":"Organization","@id":"https:\/\/rvh-synergie.org\/actualites\/#organization","name":"RVH-Synergie.org","url":"https:\/\/rvh-synergie.org\/actualites\/","logo":{"@type":"ImageObject","inLanguage":"fr-FR","@id":"https:\/\/rvh-synergie.org\/actualites\/#\/schema\/logo\/image\/","url":"https:\/\/rvh-synergie.org\/actualites\/wp-content\/uploads\/2024\/09\/favicon.png","contentUrl":"https:\/\/rvh-synergie.org\/actualites\/wp-content\/uploads\/2024\/09\/favicon.png","width":512,"height":512,"caption":"RVH-Synergie.org"},"image":{"@id":"https:\/\/rvh-synergie.org\/actualites\/#\/schema\/logo\/image\/"}},{"@type":"Person","@id":"https:\/\/rvh-synergie.org\/actualites\/#\/schema\/person\/aa5ea98671fb4e8620f488a0795d2560","name":"Charles Martinez","image":{"@type":"ImageObject","inLanguage":"fr-FR","@id":"https:\/\/rvh-synergie.org\/actualites\/#\/schema\/person\/image\/","url":"https:\/\/rvh-synergie.org\/actualites\/wp-content\/uploads\/2024\/09\/charles-martinez-scaled.jpg","contentUrl":"https:\/\/rvh-synergie.org\/actualites\/wp-content\/uploads\/2024\/09\/charles-martinez-scaled.jpg","caption":"Charles Martinez"},"description":"Bonjour, je m'appelle Charles Martinez, r\u00e9dacteur passionn\u00e9 pour le m\u00e9dia RVH-synergie.org, d\u00e9di\u00e9 aux addictions et aux maladies. Depuis plus de dix ans, j'explore et rapporte les histoires poignantes des individus confront\u00e9s \u00e0 ces d\u00e9fis, tout en sensibilisant le public aux traitements novateurs et aux progr\u00e8s scientifiques dans ce domaine. Mon engagement r\u00e9side dans l'espoir de cr\u00e9er une communaut\u00e9 inform\u00e9e et empathique, pr\u00eate \u00e0 soutenir ceux qui luttent contre ces \u00e9preuves.","sameAs":["https:\/\/rvh-synergie.org\/"]}]}},"_links":{"self":[{"href":"https:\/\/rvh-synergie.org\/actualites\/wp-json\/wp\/v2\/posts\/16172","targetHints":{"allow":["GET"]}}],"collection":[{"href":"https:\/\/rvh-synergie.org\/actualites\/wp-json\/wp\/v2\/posts"}],"about":[{"href":"https:\/\/rvh-synergie.org\/actualites\/wp-json\/wp\/v2\/types\/post"}],"author":[{"embeddable":true,"href":"https:\/\/rvh-synergie.org\/actualites\/wp-json\/wp\/v2\/users\/1"}],"replies":[{"embeddable":true,"href":"https:\/\/rvh-synergie.org\/actualites\/wp-json\/wp\/v2\/comments?post=16172"}],"version-history":[{"count":1,"href":"https:\/\/rvh-synergie.org\/actualites\/wp-json\/wp\/v2\/posts\/16172\/revisions"}],"predecessor-version":[{"id":16174,"href":"https:\/\/rvh-synergie.org\/actualites\/wp-json\/wp\/v2\/posts\/16172\/revisions\/16174"}],"wp:featuredmedia":[{"embeddable":true,"href":"https:\/\/rvh-synergie.org\/actualites\/wp-json\/wp\/v2\/media\/16173"}],"wp:attachment":[{"href":"https:\/\/rvh-synergie.org\/actualites\/wp-json\/wp\/v2\/media?parent=16172"}],"wp:term":[{"taxonomy":"category","embeddable":true,"href":"https:\/\/rvh-synergie.org\/actualites\/wp-json\/wp\/v2\/categories?post=16172"},{"taxonomy":"post_tag","embeddable":true,"href":"https:\/\/rvh-synergie.org\/actualites\/wp-json\/wp\/v2\/tags?post=16172"}],"curies":[{"name":"wp","href":"https:\/\/api.w.org\/{rel}","templated":true}]}}