{"id":16169,"date":"2026-05-01T20:10:40","date_gmt":"2026-05-01T18:10:40","guid":{"rendered":"https:\/\/rvh-synergie.org\/actualites\/nous-sous-estimons-systematiquement-la-frequence-a-laquelle-les-choses-tournent-mal\/"},"modified":"2026-05-01T20:10:41","modified_gmt":"2026-05-01T18:10:41","slug":"nous-sous-estimons-systematiquement-la-frequence-a-laquelle-les-choses-tournent-mal","status":"publish","type":"post","link":"https:\/\/rvh-synergie.org\/actualites\/nous-sous-estimons-systematiquement-la-frequence-a-laquelle-les-choses-tournent-mal\/","title":{"rendered":"Nous sous-estimons syst\u00e9matiquement la fr\u00e9quence \u00e0 laquelle les choses tournent mal"},"content":{"rendered":"<p><!--$--><\/p>\n<div data-hk=\"0000942120a20200\" class=\"Html-Block\" data-qa-article-content-text>\n<p>C&rsquo;est l&rsquo;un des paradoxes discrets de notre \u00e9poque : nous n&rsquo;avons jamais eu autant acc\u00e8s \u00e0 l&rsquo;information &#8211; et pourtant nous ne voyons pas une partie essentielle de la r\u00e9alit\u00e9. Pour \u00eatre plus pr\u00e9cis : nous n\u2019aimons pas le voir. <\/p>\n<\/div>\n<div data-hk=\"0000942120a20210\" class=\"Html-Block\" data-qa-article-content-text>\n<p>Les recherches psychologiques sur ce que l\u2019on appelle \u00ab l\u2019\u00e9cart d\u2019\u00e9chec \u00bb montrent que les gens sous-estiment syst\u00e9matiquement la fr\u00e9quence \u00e0 laquelle les choses tournent mal \u2013 dans leur propre vie, dans la soci\u00e9t\u00e9 et dans le monde. Cette distorsion n\u2019est pas un ph\u00e9nom\u00e8ne marginal, mais plut\u00f4t profond\u00e9ment ancr\u00e9e dans notre perception \u2013 avec des cons\u00e9quences consid\u00e9rables.<\/p>\n<\/div>\n<aside data-hk=\"0000942120a202204\" data-qa-ad-slot class=\"Ad-Slot Ad-Slot-mobile Ad-Slot-hor Ad-Slot-FC\">\n<div class=\"Ad-Slot-FC-Container\">\n<div class=\"Ad-Slot-FC-Window\">\n<div id=\"ad-slot-mobile-hor-2\" data-orientation=\"hor\" data-index=\"2\" data-slot=\"ad-slot\" data-device=\"mobile\"><\/div>\n<\/div>\n<\/div>\n<\/aside>\n<div data-hk=\"0000942120a20230\" class=\"Html-Block\" data-qa-article-content-text>\n<h2>Qu\u2019est-ce que \u00ab l\u2019\u00e9cart d\u2019\u00e9chec \u00bb exactement ?<\/h2>\n<p>Le \u00abFailure Gap\u00bb d\u00e9crit l&rsquo;\u00e9cart entre la fr\u00e9quence r\u00e9elle des \u00e9checs et notre perception de ceux-ci. En un sens, c\u2019est un point aveugle dans la conscience collective.<\/p>\n<\/div>\n<div data-hk=\"0000942120a20240\" class=\"Html-Block\" data-qa-article-content-text>\n<p>\u00c0 grande \u00e9chelle, nous le rencontrons dans les d\u00e9bats politiques : si nous pensons que la criminalit\u00e9 est plus rare qu&rsquo;elle n&rsquo;existe r\u00e9ellement, ou que les probl\u00e8mes sociaux sont moins r\u00e9pandus, cela influence notre attitude \u00e0 l&rsquo;\u00e9gard des lois et des mesures. Il en va de m\u00eame dans le contexte \u00e9conomique \u2013 par exemple lorsque les succ\u00e8s entrepreneuriaux sont c\u00e9l\u00e9br\u00e9s dans les m\u00e9dias, alors que le grand nombre de start-ups en faillite restent invisibles.<\/p>\n<\/div>\n<aside data-hk=\"0000942120a202504\" data-qa-ad-slot class=\"Ad-Slot Ad-Slot-mobile Ad-Slot-out\">\n<div id=\"ad-slot-mobile-out-1\" data-orientation=\"out\" data-index=\"1\" data-slot=\"ad-slot\" data-device=\"mobile\"><\/div>\n<\/aside>\n<div data-hk=\"0000942120a20260\" class=\"Article-ReusableText Html-Block\" data-qa-article-reusable-content-text><!--$--><!--\/--><\/p>\n<div>\n<p>Stefan Woinoff est sp\u00e9cialiste en m\u00e9decine psychosomatique et en psychoth\u00e9rapie ainsi qu&rsquo;expert relationnel de www.50plus-Treff.de. Il fait partie de notre r\u00e9seau d&rsquo;experts EXPERTS Circle. <\/p>\n<\/div>\n<\/div>\n<div data-hk=\"0000942120a20270\" class=\"Html-Block\" data-qa-article-content-text>\n<p>Mais le \u00abFailure Gap\u00bb touche avant tout la vie quotidienne. Nous voyons les relations heureuses des autres \u2013 mais pas leurs crises. Nous entendons parler de promotions, mais rarement de candidatures rejet\u00e9es. Sur les r\u00e9seaux sociaux, les succ\u00e8s sont c\u00e9l\u00e9br\u00e9s, mais les \u00e9checs sont ignor\u00e9s ou pass\u00e9s sous silence. Cela cr\u00e9e l\u2019impression que les autres \u00ab s\u2019en sortent mieux \u00bb alors que vous \u00e9chouez plus souvent.<\/p>\n<\/div>\n<div data-hk=\"0000942120a20280\" class=\"Ad-Row\">\n<div class=\"Ad-Col col-lg-5\">\n<div data-hk=\"0000942120a2028104\" data-qa-ad-slot class=\"Ad-Slot Ad-Slot-desktop Ad-Slot-ver\" role=\"region\" aria-label=\"Anzeige 1\">\n<div id=\"ad-slot-desktop-ver-1\" data-orientation=\"ver\" data-index=\"1\" data-slot=\"ad-slot\" data-device=\"desktop\"><\/div>\n<\/div>\n<\/div>\n<div class=\"Ad-Col col-lg-5\">\n<aside data-hk=\"0000942120a2028204\" data-qa-ad-slot class=\"Ad-Slot Ad-Slot-desktop Ad-Slot-ver Ad-Slot-FC\">\n<div class=\"Ad-Slot-FC-Container\">\n<div class=\"Ad-Slot-FC-Window\">\n<div id=\"ad-slot-desktop-ver-2\" data-orientation=\"ver\" data-index=\"2\" data-slot=\"ad-slot\" data-device=\"desktop\"><\/div>\n<\/div>\n<\/div>\n<\/aside>\n<\/div>\n<\/div>\n<div data-hk=\"0000942120a20290\" class=\"Html-Block\" data-qa-article-content-text>\n<p>Cette distorsion peut \u00eatre subtile mais profonde\u00a0: <\/p>\n<\/div>\n<aside data-hk=\"0000942120a202a1004\" data-qa-ad-slot class=\"Ad-Slot Ad-Slot-mobile Ad-Slot-hor\">\n<div id=\"ad-slot-mobile-hor-3\" data-orientation=\"hor\" data-index=\"3\" data-slot=\"ad-slot\" data-device=\"mobile\"><\/div>\n<\/aside>\n<div data-hk=\"0000942120a202a110\" class=\"Html-Block\" data-qa-article-content-text>\n<blockquote>\n<p>Quiconque croit qu\u2019il \u00e9chouera seul ne vit pas l\u2019\u00e9chec comme une partie normale de la vie, mais plut\u00f4t comme un d\u00e9ficit personnel.<\/p>\n<\/blockquote>\n<\/div>\n<div data-hk=\"0000942120a202a120\" class=\"Html-Block\" data-qa-article-content-text>\n<h2>On sous-estime les \u00e9checs (presque) partout<\/h2>\n<p>Les derni\u00e8res \u00e9tudes le montrent clairement\u00a0: les gens sous-estiment les \u00e9checs dans presque tous les domaines de la vie &#8211; depuis les exp\u00e9riences personnelles telles que les s\u00e9parations ou les projets rat\u00e9s jusqu&rsquo;aux probl\u00e8mes sociaux majeurs tels que la criminalit\u00e9, la pauvret\u00e9 ou les mauvais traitements m\u00e9dicaux. Dans certains cas, les estimations sont dramatiquement erron\u00e9es : sur plusieurs \u00e9checs qui se produisent r\u00e9ellement, souvent seule une fraction est remarqu\u00e9e.<\/p>\n<\/div>\n<aside data-hk=\"0000942120a202a1304\" data-qa-ad-slot class=\"Ad-Slot Ad-Slot-mobile Ad-Slot-hor\">\n<div id=\"ad-slot-mobile-hor-4\" data-orientation=\"hor\" data-index=\"4\" data-slot=\"ad-slot\" data-device=\"mobile\"><\/div>\n<\/aside>\n<div data-hk=\"0000942120a202a140\" class=\"Html-Block\" data-qa-article-content-text>\n<p>Ce qui est particuli\u00e8rement remarquable, c\u2019est que cette erreur d\u2019appr\u00e9ciation se produit m\u00eame lorsque la r\u00e9alit\u00e9 serait en r\u00e9alit\u00e9 facile \u00e0 comprendre. Dans le sport, par exemple, o\u00f9 toute victoire implique in\u00e9vitablement une d\u00e9faite, les gens sous-estiment encore la fr\u00e9quence des d\u00e9faites. Le \u00abFailure Gap\u00bb n\u2019est pas seulement un manque de connaissances \u2013 c\u2019est une distorsion syst\u00e9matique.<\/p>\n<\/div>\n<div data-hk=\"0000942120a202a150\" class=\"Html-Block\" data-qa-article-content-text>\n<p>Dans le m\u00eame temps, les recherches montrent que cet \u00e9cart peut \u00eatre combl\u00e9. Lorsque les gens sont confront\u00e9s \u00e0 des informations r\u00e9alistes sur l\u2019\u00e9chec, leur fa\u00e7on de penser change : ils deviennent moins punitifs, plus nuanc\u00e9s et souvent plus empathiques dans leurs jugements.<\/p>\n<\/div>\n<aside data-hk=\"0000942120a202a1604\" data-qa-ad-slot class=\"Ad-Slot Ad-Slot-mobile Ad-Slot-hor\">\n<div id=\"ad-slot-mobile-hor-5\" data-orientation=\"hor\" data-index=\"5\" data-slot=\"ad-slot\" data-device=\"mobile\"><\/div>\n<\/aside>\n<div data-hk=\"0000942120a202a170\" class=\"Html-Block\" data-qa-article-content-text>\n<h2>C&rsquo;est pourquoi nous ignorons les \u00e9checs<\/h2>\n<p>Les causes du \u00abFailure Gap\u00bb ne r\u00e9sident pas seulement dans les erreurs individuelles de r\u00e9flexion, mais aussi dans la dynamique sociale.<\/p>\n<\/div>\n<aside data-hk=\"0000942120a202a1804\" data-qa-ad-slot class=\"Ad-Slot Ad-Slot-desktop Ad-Slot-hor Ad-Slot-FC\">\n<div class=\"Ad-Slot-FC-Container\">\n<div class=\"Ad-Slot-FC-Window\">\n<div id=\"ad-slot-desktop-hor-2\" data-orientation=\"hor\" data-index=\"2\" data-slot=\"ad-slot\" data-device=\"desktop\"><\/div>\n<\/div>\n<\/div>\n<\/aside>\n<div data-hk=\"0000942120a202a190\" class=\"Html-Block\" data-qa-article-content-text>\n<p>Un facteur central est la communication s\u00e9lective : parler des r\u00e9ussites est socialement gratifiant \u2013 cela apporte reconnaissance, statut et appartenance. En revanche, l\u2019\u00e9chec est souvent associ\u00e9 \u00e0 la honte. Ils peuvent \u00eatre interpr\u00e9t\u00e9s comme un signe d\u2019incomp\u00e9tence et engendrer des co\u00fbts sociaux. En cons\u00e9quence, ils sont partag\u00e9s moins souvent.<\/p>\n<\/div>\n<aside data-hk=\"0000942120a202a2004\" data-qa-ad-slot class=\"Ad-Slot Ad-Slot-mobile Ad-Slot-hor\">\n<div id=\"ad-slot-mobile-hor-6\" data-orientation=\"hor\" data-index=\"6\" data-slot=\"ad-slot\" data-device=\"mobile\"><\/div>\n<\/aside>\n<div data-hk=\"0000942120a202a210\" class=\"Html-Block\" data-qa-article-content-text>\n<p>Il existe \u00e9galement un m\u00e9canisme cognitif : les gens ont tendance \u00e0 avoir une vision optimiste du monde. Cette \u00ab distorsion de l\u2019optimisme \u00bb prot\u00e8ge l\u2019estime de soi et permet de s\u2019orienter dans un monde complexe. Mais cela a un prix : les informations n\u00e9gatives ont moins de chances d\u2019\u00eatre remarqu\u00e9es, m\u00e9moris\u00e9es ou transmises.<\/p>\n<\/div>\n<div data-hk=\"0000942120a202a220\" class=\"Html-Block\" data-qa-article-content-text>\n<p>Les structures m\u00e9diatiques renforcent \u00e9galement cet effet. Les actualit\u00e9s, les r\u00e9seaux sociaux et les critiques ne refl\u00e8tent pas la r\u00e9alit\u00e9 de mani\u00e8re neutre : ils suivent une logique d\u2019attention. Si des erreurs individuelles spectaculaires peuvent faire la une des journaux, de nombreux \u00e9checs du quotidien disparaissent dans le bruit de fond. Dans le m\u00eame temps, les r\u00e9ussites dominent en tant que r\u00e9cits identitaires.<\/p>\n<\/div>\n<aside data-hk=\"0000942120a202a2304\" data-qa-ad-slot class=\"Ad-Slot Ad-Slot-mobile Ad-Slot-hor\">\n<div id=\"ad-slot-mobile-hor-7\" data-orientation=\"hor\" data-index=\"7\" data-slot=\"ad-slot\" data-device=\"mobile\"><\/div>\n<\/aside>\n<div data-hk=\"0000942120a202a240\" class=\"Html-Block\" data-qa-article-content-text>\n<p>Cela cr\u00e9e une image globale d\u00e9form\u00e9e : nous vivons dans un monde dans lequel l\u2019\u00e9chec est omnipr\u00e9sent \u2013 \u200b\u200bmais est collectivement sous-estim\u00e9.<\/p>\n<\/div>\n<div data-hk=\"0000942120a202a250\" class=\"Html-Block\" data-qa-article-content-text>\n<h2>De cette fa\u00e7on, votre propre \u00ab\u00a0\u00e9cart d\u2019\u00e9chec\u00a0\u00bb peut \u00eatre r\u00e9duit<\/h2>\n<p>La bonne nouvelle\u00a0: le \u00ab\u00a0Failure Gap\u00a0\u00bb n\u2019est pas un destin immuable. Elle peut \u00eatre consciemment r\u00e9duite \u2013 mais pas par une simple \u00ab pens\u00e9e positive \u00bb, mais par une perception plus r\u00e9aliste.<\/p>\n<\/div>\n<aside data-hk=\"0000942120a202a2604\" data-qa-ad-slot class=\"Ad-Slot Ad-Slot-desktop Ad-Slot-out\">\n<div id=\"ad-slot-desktop-out-1\" data-orientation=\"out\" data-index=\"1\" data-slot=\"ad-slot\" data-device=\"desktop\"><\/div>\n<\/aside>\n<div data-hk=\"0000942120a202a270\" class=\"Html-Block\" data-qa-article-content-text>\n<ol>\n<li>Recherche d&rsquo;informations cibl\u00e9e : quiconque traite consciemment des statistiques, des rapports d&rsquo;exp\u00e9rience et m\u00eame des projets \u00e9chou\u00e9s \u00e9largit sa vision de la r\u00e9alit\u00e9. Il est particuli\u00e8rement utile de regarder dans les coulisses des r\u00e9ussites, comme par exemple les biographies dans lesquelles les d\u00e9tours et les d\u00e9faites sont \u00e9galement visibles.<\/li>\n<li>Propre culture de communication : Quiconque commence \u00e0 parler ouvertement de ses propres erreurs contribue non seulement \u00e0 son propre soulagement, mais aussi \u00e0 la normalisation de l&rsquo;\u00e9chec dans l&rsquo;environnement social. Les managers, par exemple, qui r\u00e9fl\u00e9chissent \u00e0 leurs propres mauvaises d\u00e9cisions cr\u00e9ent souvent un climat dans lequel l\u2019apprentissage plut\u00f4t que le bl\u00e2me est possible.<\/li>\n<li>Remettez en question votre propre \u00e9valuation de l\u2019\u00e9chec : l\u2019\u00e9chec est-il vraiment un jugement final \u2013 ou plut\u00f4t une \u00e9tape interm\u00e9diaire ? Des concepts psychologiques tels que la \u00ab mentalit\u00e9 de croissance \u00bb montrent que l&rsquo;interpr\u00e9tation des erreurs est cruciale : comme preuve d&rsquo;incomp\u00e9tence ou comme partie d&rsquo;un processus d&rsquo;apprentissage.<\/li>\n<\/ol>\n<p>Enfin et surtout, cela aide \u00e0 corriger activement votre propre perception : si vous vous surprenez \u00e0 surestimer votre propre \u00e9chec et \u00e0 sous-estimer celui des autres, cela vaut la peine de changer consciemment de point de vue.<\/p>\n<\/div>\n<aside data-hk=\"0000942120a202a2804\" data-qa-ad-slot class=\"Ad-Slot Ad-Slot-mobile Ad-Slot-hor\">\n<div id=\"ad-slot-mobile-hor-8\" data-orientation=\"hor\" data-index=\"8\" data-slot=\"ad-slot\" data-device=\"mobile\"><\/div>\n<\/aside>\n<div data-hk=\"0000942120a202a290\" class=\"Html-Block\" data-qa-article-content-text>\n<h2>Qu\u2019y a-t-il de si dangereux \u00e0 sous-estimer l\u2019\u00e9chec ?<\/h2>\n<p>Le \u00abFailure Gap\u00bb n\u2019est pas seulement une curiosit\u00e9 cognitive : il a de r\u00e9elles cons\u00e9quences.<\/p>\n<\/div>\n<aside data-hk=\"0000942120a202a3004\" data-qa-ad-slot class=\"Ad-Slot Ad-Slot-desktop Ad-Slot-hor\">\n<div id=\"ad-slot-desktop-hor-3\" data-orientation=\"hor\" data-index=\"3\" data-slot=\"ad-slot\" data-device=\"desktop\"><\/div>\n<\/aside>\n<div data-hk=\"0000942120a202a310\" class=\"Html-Block\" data-qa-article-content-text>\n<p>Au niveau individuel, cela peut conduire \u00e0 des attentes excessives. Quiconque croit que le succ\u00e8s est la norme vit l\u2019\u00e9chec comme une exception \u2013 et donc particuli\u00e8rement stressant. Cela peut accro\u00eetre le doute de soi, favoriser la r\u00e9signation ou encourager des d\u00e9cisions risqu\u00e9es parce que vous sous-estimez la probabilit\u00e9 d\u2019\u00e9chec.<\/p>\n<\/div>\n<aside data-hk=\"0000942120a202a3204\" data-qa-ad-slot class=\"Ad-Slot Ad-Slot-mobile Ad-Slot-hor\">\n<div id=\"ad-slot-mobile-hor-9\" data-orientation=\"hor\" data-index=\"9\" data-slot=\"ad-slot\" data-device=\"mobile\"><\/div>\n<\/aside>\n<div data-hk=\"0000942120a202a330\" class=\"Html-Block\" data-qa-article-content-text>\n<p>Au niveau soci\u00e9tal, le \u00ab foss\u00e9 d\u2019\u00e9chec \u00bb influence les d\u00e9cisions politiques et institutionnelles. Les recherches montrent que ceux qui sous-estiment l\u2019\u00e9chec sont plus susceptibles de recourir \u00e0 des sanctions s\u00e9v\u00e8res et \u00e0 des solutions simplistes. Cependant, ceux qui connaissent la fr\u00e9quence r\u00e9elle des probl\u00e8mes se montrent plus dispos\u00e9s \u00e0 prendre des mesures de soutien diff\u00e9renci\u00e9es.<\/p>\n<\/div>\n<div data-hk=\"0000942120a202a340\" class=\"Html-Block\" data-qa-article-content-text>\n<p>Enfin et surtout, le \u00ab foss\u00e9 d\u2019\u00e9chec \u00bb contribue \u00e0 la stigmatisation. Lorsque l\u2019\u00e9chec est per\u00e7u comme rare, ceux qui \u00e9chouent apparaissent comme des exceptions \u2013 et sont plus susceptibles d\u2019\u00eatre per\u00e7us n\u00e9gativement.<\/p>\n<\/div>\n<aside data-hk=\"0000942120a202a3504\" data-qa-ad-slot class=\"Ad-Slot Ad-Slot-mobile Ad-Slot-hor\">\n<div id=\"ad-slot-mobile-hor-10\" data-orientation=\"hor\" data-index=\"10\" data-slot=\"ad-slot\" data-device=\"mobile\"><\/div>\n<\/aside>\n<div data-hk=\"0000942120a202a360\" class=\"Html-Block\" data-qa-article-content-text>\n<h2>Conclusion\u00a0:\u00a0l&rsquo;\u00e9chec est un d\u00e9veloppement<\/h2>\n<p>Le \u00abFailure Gap\u00bb nous confronte \u00e0 une v\u00e9rit\u00e9 inconfortable : notre perception du monde est syst\u00e9matiquement d\u00e9form\u00e9e \u2013 vers le positif. Ce qui semble r\u00e9confortant \u00e0 premi\u00e8re vue se r\u00e9v\u00e8le probl\u00e9matique \u00e0 y regarder de plus pr\u00e8s.<\/p>\n<\/div>\n<div data-hk=\"0000942120a202a370\" class=\"Html-Block\" data-qa-article-content-text>\n<p>Parce que si vous ne voyez pas l\u2019\u00e9chec, vous ne pouvez ni le comprendre ni y r\u00e9agir de mani\u00e8re appropri\u00e9e. Le d\u00e9fi n\u2019est donc pas de devenir plus pessimiste, mais plut\u00f4t de devenir plus r\u00e9aliste : comprendre l\u2019\u00e9chec comme partie int\u00e9grante du d\u00e9veloppement \u2013 \u200b\u200bdans sa propre vie et dans la soci\u00e9t\u00e9.<\/p>\n<\/div>\n<div data-hk=\"0000942120a202a380\" class=\"Html-Block\" data-qa-article-content-text>\n<p>Il y a peut-\u00eatre l\u00e0 une opportunit\u00e9 : si nous apprenons \u00e0 parler plus ouvertement de l\u2019\u00e9chec, non seulement nos erreurs perdront leur horreur, mais nos id\u00e9es de perfection perdront \u00e9galement leur pouvoir.<\/p>\n<\/div>\n<p><!--\/--><br \/>\n<!--$--><br \/>\n<!--\/--><br \/>\n<!--$--><br \/>\n<!--\/--><\/p>\n","protected":false},"excerpt":{"rendered":"<p>C&rsquo;est l&rsquo;un des paradoxes discrets de notre \u00e9poque : nous n&rsquo;avons jamais eu autant acc\u00e8s<\/p>\n","protected":false},"author":1,"featured_media":16170,"comment_status":"open","ping_status":"","sticky":false,"template":"","format":"standard","meta":{"footnotes":""},"categories":[86],"tags":[340,4360,2868,49,94,455,8630,9716,3070],"class_list":["post-16169","post","type-post","status-publish","format-standard","has-post-thumbnail","hentry","category-les-maladies","tag-choses","tag-frequence","tag-laquelle","tag-les","tag-mal","tag-nous","tag-sousestimons","tag-systematiquement","tag-tournent","generate-columns","tablet-grid-50","mobile-grid-100","grid-parent","grid-50","resize-featured-image"],"yoast_head":"<!-- This site is optimized with the Yoast SEO plugin v23.4 - https:\/\/yoast.com\/wordpress\/plugins\/seo\/ -->\n<title>Nous sous-estimons syst\u00e9matiquement la fr\u00e9quence \u00e0 laquelle les choses tournent mal - RVH-Synergie.org<\/title>\n<meta name=\"robots\" content=\"index, follow, max-snippet:-1, max-image-preview:large, max-video-preview:-1\" \/>\n<link rel=\"canonical\" href=\"https:\/\/rvh-synergie.org\/actualites\/nous-sous-estimons-systematiquement-la-frequence-a-laquelle-les-choses-tournent-mal\/\" \/>\n<meta property=\"og:locale\" content=\"fr_FR\" \/>\n<meta property=\"og:type\" content=\"article\" \/>\n<meta property=\"og:title\" content=\"Nous sous-estimons syst\u00e9matiquement la fr\u00e9quence \u00e0 laquelle les choses tournent mal - RVH-Synergie.org\" \/>\n<meta property=\"og:description\" content=\"C&rsquo;est l&rsquo;un des paradoxes discrets de notre \u00e9poque : nous n&rsquo;avons jamais eu autant acc\u00e8s\" \/>\n<meta property=\"og:url\" content=\"https:\/\/rvh-synergie.org\/actualites\/nous-sous-estimons-systematiquement-la-frequence-a-laquelle-les-choses-tournent-mal\/\" \/>\n<meta property=\"og:site_name\" content=\"RVH-Synergie\" \/>\n<meta property=\"article:published_time\" content=\"2026-05-01T18:10:40+00:00\" \/>\n<meta property=\"article:modified_time\" content=\"2026-05-01T18:10:41+00:00\" \/>\n<meta property=\"og:image\" content=\"https:\/\/rvh-synergie.org\/actualites\/wp-content\/uploads\/2026\/05\/Nous-sous-estimons-systematiquement-la-frequence-a-laquelle-les-choses-tournent.jpg\" \/>\n\t<meta property=\"og:image:width\" content=\"1200\" \/>\n\t<meta property=\"og:image:height\" content=\"630\" \/>\n\t<meta property=\"og:image:type\" content=\"image\/jpeg\" \/>\n<meta name=\"author\" content=\"Charles Martinez\" \/>\n<meta name=\"twitter:card\" content=\"summary_large_image\" \/>\n<meta name=\"twitter:label1\" content=\"\u00c9crit par\" \/>\n\t<meta name=\"twitter:data1\" content=\"Charles Martinez\" \/>\n\t<meta name=\"twitter:label2\" content=\"Dur\u00e9e de lecture estim\u00e9e\" \/>\n\t<meta name=\"twitter:data2\" content=\"7 minutes\" \/>\n<script type=\"application\/ld+json\" class=\"yoast-schema-graph\">{\"@context\":\"https:\/\/schema.org\",\"@graph\":[{\"@type\":\"Article\",\"@id\":\"https:\/\/rvh-synergie.org\/actualites\/nous-sous-estimons-systematiquement-la-frequence-a-laquelle-les-choses-tournent-mal\/#article\",\"isPartOf\":{\"@id\":\"https:\/\/rvh-synergie.org\/actualites\/nous-sous-estimons-systematiquement-la-frequence-a-laquelle-les-choses-tournent-mal\/\"},\"author\":{\"name\":\"Charles Martinez\",\"@id\":\"https:\/\/rvh-synergie.org\/actualites\/#\/schema\/person\/aa5ea98671fb4e8620f488a0795d2560\"},\"headline\":\"Nous sous-estimons syst\u00e9matiquement la fr\u00e9quence \u00e0 laquelle les choses tournent mal\",\"datePublished\":\"2026-05-01T18:10:40+00:00\",\"dateModified\":\"2026-05-01T18:10:41+00:00\",\"mainEntityOfPage\":{\"@id\":\"https:\/\/rvh-synergie.org\/actualites\/nous-sous-estimons-systematiquement-la-frequence-a-laquelle-les-choses-tournent-mal\/\"},\"wordCount\":1405,\"commentCount\":0,\"publisher\":{\"@id\":\"https:\/\/rvh-synergie.org\/actualites\/#organization\"},\"image\":{\"@id\":\"https:\/\/rvh-synergie.org\/actualites\/nous-sous-estimons-systematiquement-la-frequence-a-laquelle-les-choses-tournent-mal\/#primaryimage\"},\"thumbnailUrl\":\"https:\/\/rvh-synergie.org\/actualites\/wp-content\/uploads\/2026\/05\/Nous-sous-estimons-systematiquement-la-frequence-a-laquelle-les-choses-tournent.jpg\",\"keywords\":[\"choses\",\"fr\u00e9quence\",\"laquelle\",\"Les\",\"mal\",\"nous\",\"sousestimons\",\"syst\u00e9matiquement\",\"tournent\"],\"articleSection\":[\"Les maladies\"],\"inLanguage\":\"fr-FR\",\"potentialAction\":[{\"@type\":\"CommentAction\",\"name\":\"Comment\",\"target\":[\"https:\/\/rvh-synergie.org\/actualites\/nous-sous-estimons-systematiquement-la-frequence-a-laquelle-les-choses-tournent-mal\/#respond\"]}]},{\"@type\":\"WebPage\",\"@id\":\"https:\/\/rvh-synergie.org\/actualites\/nous-sous-estimons-systematiquement-la-frequence-a-laquelle-les-choses-tournent-mal\/\",\"url\":\"https:\/\/rvh-synergie.org\/actualites\/nous-sous-estimons-systematiquement-la-frequence-a-laquelle-les-choses-tournent-mal\/\",\"name\":\"Nous sous-estimons syst\u00e9matiquement la fr\u00e9quence \u00e0 laquelle les choses tournent mal - RVH-Synergie.org\",\"isPartOf\":{\"@id\":\"https:\/\/rvh-synergie.org\/actualites\/#website\"},\"primaryImageOfPage\":{\"@id\":\"https:\/\/rvh-synergie.org\/actualites\/nous-sous-estimons-systematiquement-la-frequence-a-laquelle-les-choses-tournent-mal\/#primaryimage\"},\"image\":{\"@id\":\"https:\/\/rvh-synergie.org\/actualites\/nous-sous-estimons-systematiquement-la-frequence-a-laquelle-les-choses-tournent-mal\/#primaryimage\"},\"thumbnailUrl\":\"https:\/\/rvh-synergie.org\/actualites\/wp-content\/uploads\/2026\/05\/Nous-sous-estimons-systematiquement-la-frequence-a-laquelle-les-choses-tournent.jpg\",\"datePublished\":\"2026-05-01T18:10:40+00:00\",\"dateModified\":\"2026-05-01T18:10:41+00:00\",\"breadcrumb\":{\"@id\":\"https:\/\/rvh-synergie.org\/actualites\/nous-sous-estimons-systematiquement-la-frequence-a-laquelle-les-choses-tournent-mal\/#breadcrumb\"},\"inLanguage\":\"fr-FR\",\"potentialAction\":[{\"@type\":\"ReadAction\",\"target\":[\"https:\/\/rvh-synergie.org\/actualites\/nous-sous-estimons-systematiquement-la-frequence-a-laquelle-les-choses-tournent-mal\/\"]}]},{\"@type\":\"ImageObject\",\"inLanguage\":\"fr-FR\",\"@id\":\"https:\/\/rvh-synergie.org\/actualites\/nous-sous-estimons-systematiquement-la-frequence-a-laquelle-les-choses-tournent-mal\/#primaryimage\",\"url\":\"https:\/\/rvh-synergie.org\/actualites\/wp-content\/uploads\/2026\/05\/Nous-sous-estimons-systematiquement-la-frequence-a-laquelle-les-choses-tournent.jpg\",\"contentUrl\":\"https:\/\/rvh-synergie.org\/actualites\/wp-content\/uploads\/2026\/05\/Nous-sous-estimons-systematiquement-la-frequence-a-laquelle-les-choses-tournent.jpg\",\"width\":1200,\"height\":630},{\"@type\":\"BreadcrumbList\",\"@id\":\"https:\/\/rvh-synergie.org\/actualites\/nous-sous-estimons-systematiquement-la-frequence-a-laquelle-les-choses-tournent-mal\/#breadcrumb\",\"itemListElement\":[{\"@type\":\"ListItem\",\"position\":1,\"name\":\"Accueil\",\"item\":\"https:\/\/rvh-synergie.org\/actualites\/\"},{\"@type\":\"ListItem\",\"position\":2,\"name\":\"Nous sous-estimons syst\u00e9matiquement la fr\u00e9quence \u00e0 laquelle les choses tournent mal\"}]},{\"@type\":\"WebSite\",\"@id\":\"https:\/\/rvh-synergie.org\/actualites\/#website\",\"url\":\"https:\/\/rvh-synergie.org\/actualites\/\",\"name\":\"RVH-Synergie.org\",\"description\":\"RVH-Synergie, site ind\u00e9pendant d&#039;informations sur la prise en charge des addictions.\",\"publisher\":{\"@id\":\"https:\/\/rvh-synergie.org\/actualites\/#organization\"},\"potentialAction\":[{\"@type\":\"SearchAction\",\"target\":{\"@type\":\"EntryPoint\",\"urlTemplate\":\"https:\/\/rvh-synergie.org\/actualites\/?s={search_term_string}\"},\"query-input\":{\"@type\":\"PropertyValueSpecification\",\"valueRequired\":true,\"valueName\":\"search_term_string\"}}],\"inLanguage\":\"fr-FR\"},{\"@type\":\"Organization\",\"@id\":\"https:\/\/rvh-synergie.org\/actualites\/#organization\",\"name\":\"RVH-Synergie.org\",\"url\":\"https:\/\/rvh-synergie.org\/actualites\/\",\"logo\":{\"@type\":\"ImageObject\",\"inLanguage\":\"fr-FR\",\"@id\":\"https:\/\/rvh-synergie.org\/actualites\/#\/schema\/logo\/image\/\",\"url\":\"https:\/\/rvh-synergie.org\/actualites\/wp-content\/uploads\/2024\/09\/favicon.png\",\"contentUrl\":\"https:\/\/rvh-synergie.org\/actualites\/wp-content\/uploads\/2024\/09\/favicon.png\",\"width\":512,\"height\":512,\"caption\":\"RVH-Synergie.org\"},\"image\":{\"@id\":\"https:\/\/rvh-synergie.org\/actualites\/#\/schema\/logo\/image\/\"}},{\"@type\":\"Person\",\"@id\":\"https:\/\/rvh-synergie.org\/actualites\/#\/schema\/person\/aa5ea98671fb4e8620f488a0795d2560\",\"name\":\"Charles Martinez\",\"image\":{\"@type\":\"ImageObject\",\"inLanguage\":\"fr-FR\",\"@id\":\"https:\/\/rvh-synergie.org\/actualites\/#\/schema\/person\/image\/\",\"url\":\"https:\/\/rvh-synergie.org\/actualites\/wp-content\/uploads\/2024\/09\/charles-martinez-scaled.jpg\",\"contentUrl\":\"https:\/\/rvh-synergie.org\/actualites\/wp-content\/uploads\/2024\/09\/charles-martinez-scaled.jpg\",\"caption\":\"Charles Martinez\"},\"description\":\"Bonjour, je m'appelle Charles Martinez, r\u00e9dacteur passionn\u00e9 pour le m\u00e9dia RVH-synergie.org, d\u00e9di\u00e9 aux addictions et aux maladies. Depuis plus de dix ans, j'explore et rapporte les histoires poignantes des individus confront\u00e9s \u00e0 ces d\u00e9fis, tout en sensibilisant le public aux traitements novateurs et aux progr\u00e8s scientifiques dans ce domaine. Mon engagement r\u00e9side dans l'espoir de cr\u00e9er une communaut\u00e9 inform\u00e9e et empathique, pr\u00eate \u00e0 soutenir ceux qui luttent contre ces \u00e9preuves.\",\"sameAs\":[\"https:\/\/rvh-synergie.org\/\"]}]}<\/script>\n<!-- \/ Yoast SEO plugin. -->","yoast_head_json":{"title":"Nous sous-estimons syst\u00e9matiquement la fr\u00e9quence \u00e0 laquelle les choses tournent mal - RVH-Synergie.org","robots":{"index":"index","follow":"follow","max-snippet":"max-snippet:-1","max-image-preview":"max-image-preview:large","max-video-preview":"max-video-preview:-1"},"canonical":"https:\/\/rvh-synergie.org\/actualites\/nous-sous-estimons-systematiquement-la-frequence-a-laquelle-les-choses-tournent-mal\/","og_locale":"fr_FR","og_type":"article","og_title":"Nous sous-estimons syst\u00e9matiquement la fr\u00e9quence \u00e0 laquelle les choses tournent mal - RVH-Synergie.org","og_description":"C&rsquo;est l&rsquo;un des paradoxes discrets de notre \u00e9poque : nous n&rsquo;avons jamais eu autant acc\u00e8s","og_url":"https:\/\/rvh-synergie.org\/actualites\/nous-sous-estimons-systematiquement-la-frequence-a-laquelle-les-choses-tournent-mal\/","og_site_name":"RVH-Synergie","article_published_time":"2026-05-01T18:10:40+00:00","article_modified_time":"2026-05-01T18:10:41+00:00","og_image":[{"width":1200,"height":630,"url":"https:\/\/rvh-synergie.org\/actualites\/wp-content\/uploads\/2026\/05\/Nous-sous-estimons-systematiquement-la-frequence-a-laquelle-les-choses-tournent.jpg","type":"image\/jpeg"}],"author":"Charles Martinez","twitter_card":"summary_large_image","twitter_misc":{"\u00c9crit par":"Charles Martinez","Dur\u00e9e de lecture estim\u00e9e":"7 minutes"},"schema":{"@context":"https:\/\/schema.org","@graph":[{"@type":"Article","@id":"https:\/\/rvh-synergie.org\/actualites\/nous-sous-estimons-systematiquement-la-frequence-a-laquelle-les-choses-tournent-mal\/#article","isPartOf":{"@id":"https:\/\/rvh-synergie.org\/actualites\/nous-sous-estimons-systematiquement-la-frequence-a-laquelle-les-choses-tournent-mal\/"},"author":{"name":"Charles Martinez","@id":"https:\/\/rvh-synergie.org\/actualites\/#\/schema\/person\/aa5ea98671fb4e8620f488a0795d2560"},"headline":"Nous sous-estimons syst\u00e9matiquement la fr\u00e9quence \u00e0 laquelle les choses tournent mal","datePublished":"2026-05-01T18:10:40+00:00","dateModified":"2026-05-01T18:10:41+00:00","mainEntityOfPage":{"@id":"https:\/\/rvh-synergie.org\/actualites\/nous-sous-estimons-systematiquement-la-frequence-a-laquelle-les-choses-tournent-mal\/"},"wordCount":1405,"commentCount":0,"publisher":{"@id":"https:\/\/rvh-synergie.org\/actualites\/#organization"},"image":{"@id":"https:\/\/rvh-synergie.org\/actualites\/nous-sous-estimons-systematiquement-la-frequence-a-laquelle-les-choses-tournent-mal\/#primaryimage"},"thumbnailUrl":"https:\/\/rvh-synergie.org\/actualites\/wp-content\/uploads\/2026\/05\/Nous-sous-estimons-systematiquement-la-frequence-a-laquelle-les-choses-tournent.jpg","keywords":["choses","fr\u00e9quence","laquelle","Les","mal","nous","sousestimons","syst\u00e9matiquement","tournent"],"articleSection":["Les maladies"],"inLanguage":"fr-FR","potentialAction":[{"@type":"CommentAction","name":"Comment","target":["https:\/\/rvh-synergie.org\/actualites\/nous-sous-estimons-systematiquement-la-frequence-a-laquelle-les-choses-tournent-mal\/#respond"]}]},{"@type":"WebPage","@id":"https:\/\/rvh-synergie.org\/actualites\/nous-sous-estimons-systematiquement-la-frequence-a-laquelle-les-choses-tournent-mal\/","url":"https:\/\/rvh-synergie.org\/actualites\/nous-sous-estimons-systematiquement-la-frequence-a-laquelle-les-choses-tournent-mal\/","name":"Nous sous-estimons syst\u00e9matiquement la fr\u00e9quence \u00e0 laquelle les choses tournent mal - RVH-Synergie.org","isPartOf":{"@id":"https:\/\/rvh-synergie.org\/actualites\/#website"},"primaryImageOfPage":{"@id":"https:\/\/rvh-synergie.org\/actualites\/nous-sous-estimons-systematiquement-la-frequence-a-laquelle-les-choses-tournent-mal\/#primaryimage"},"image":{"@id":"https:\/\/rvh-synergie.org\/actualites\/nous-sous-estimons-systematiquement-la-frequence-a-laquelle-les-choses-tournent-mal\/#primaryimage"},"thumbnailUrl":"https:\/\/rvh-synergie.org\/actualites\/wp-content\/uploads\/2026\/05\/Nous-sous-estimons-systematiquement-la-frequence-a-laquelle-les-choses-tournent.jpg","datePublished":"2026-05-01T18:10:40+00:00","dateModified":"2026-05-01T18:10:41+00:00","breadcrumb":{"@id":"https:\/\/rvh-synergie.org\/actualites\/nous-sous-estimons-systematiquement-la-frequence-a-laquelle-les-choses-tournent-mal\/#breadcrumb"},"inLanguage":"fr-FR","potentialAction":[{"@type":"ReadAction","target":["https:\/\/rvh-synergie.org\/actualites\/nous-sous-estimons-systematiquement-la-frequence-a-laquelle-les-choses-tournent-mal\/"]}]},{"@type":"ImageObject","inLanguage":"fr-FR","@id":"https:\/\/rvh-synergie.org\/actualites\/nous-sous-estimons-systematiquement-la-frequence-a-laquelle-les-choses-tournent-mal\/#primaryimage","url":"https:\/\/rvh-synergie.org\/actualites\/wp-content\/uploads\/2026\/05\/Nous-sous-estimons-systematiquement-la-frequence-a-laquelle-les-choses-tournent.jpg","contentUrl":"https:\/\/rvh-synergie.org\/actualites\/wp-content\/uploads\/2026\/05\/Nous-sous-estimons-systematiquement-la-frequence-a-laquelle-les-choses-tournent.jpg","width":1200,"height":630},{"@type":"BreadcrumbList","@id":"https:\/\/rvh-synergie.org\/actualites\/nous-sous-estimons-systematiquement-la-frequence-a-laquelle-les-choses-tournent-mal\/#breadcrumb","itemListElement":[{"@type":"ListItem","position":1,"name":"Accueil","item":"https:\/\/rvh-synergie.org\/actualites\/"},{"@type":"ListItem","position":2,"name":"Nous sous-estimons syst\u00e9matiquement la fr\u00e9quence \u00e0 laquelle les choses tournent mal"}]},{"@type":"WebSite","@id":"https:\/\/rvh-synergie.org\/actualites\/#website","url":"https:\/\/rvh-synergie.org\/actualites\/","name":"RVH-Synergie.org","description":"RVH-Synergie, site ind\u00e9pendant d&#039;informations sur la prise en charge des addictions.","publisher":{"@id":"https:\/\/rvh-synergie.org\/actualites\/#organization"},"potentialAction":[{"@type":"SearchAction","target":{"@type":"EntryPoint","urlTemplate":"https:\/\/rvh-synergie.org\/actualites\/?s={search_term_string}"},"query-input":{"@type":"PropertyValueSpecification","valueRequired":true,"valueName":"search_term_string"}}],"inLanguage":"fr-FR"},{"@type":"Organization","@id":"https:\/\/rvh-synergie.org\/actualites\/#organization","name":"RVH-Synergie.org","url":"https:\/\/rvh-synergie.org\/actualites\/","logo":{"@type":"ImageObject","inLanguage":"fr-FR","@id":"https:\/\/rvh-synergie.org\/actualites\/#\/schema\/logo\/image\/","url":"https:\/\/rvh-synergie.org\/actualites\/wp-content\/uploads\/2024\/09\/favicon.png","contentUrl":"https:\/\/rvh-synergie.org\/actualites\/wp-content\/uploads\/2024\/09\/favicon.png","width":512,"height":512,"caption":"RVH-Synergie.org"},"image":{"@id":"https:\/\/rvh-synergie.org\/actualites\/#\/schema\/logo\/image\/"}},{"@type":"Person","@id":"https:\/\/rvh-synergie.org\/actualites\/#\/schema\/person\/aa5ea98671fb4e8620f488a0795d2560","name":"Charles Martinez","image":{"@type":"ImageObject","inLanguage":"fr-FR","@id":"https:\/\/rvh-synergie.org\/actualites\/#\/schema\/person\/image\/","url":"https:\/\/rvh-synergie.org\/actualites\/wp-content\/uploads\/2024\/09\/charles-martinez-scaled.jpg","contentUrl":"https:\/\/rvh-synergie.org\/actualites\/wp-content\/uploads\/2024\/09\/charles-martinez-scaled.jpg","caption":"Charles Martinez"},"description":"Bonjour, je m'appelle Charles Martinez, r\u00e9dacteur passionn\u00e9 pour le m\u00e9dia RVH-synergie.org, d\u00e9di\u00e9 aux addictions et aux maladies. Depuis plus de dix ans, j'explore et rapporte les histoires poignantes des individus confront\u00e9s \u00e0 ces d\u00e9fis, tout en sensibilisant le public aux traitements novateurs et aux progr\u00e8s scientifiques dans ce domaine. Mon engagement r\u00e9side dans l'espoir de cr\u00e9er une communaut\u00e9 inform\u00e9e et empathique, pr\u00eate \u00e0 soutenir ceux qui luttent contre ces \u00e9preuves.","sameAs":["https:\/\/rvh-synergie.org\/"]}]}},"_links":{"self":[{"href":"https:\/\/rvh-synergie.org\/actualites\/wp-json\/wp\/v2\/posts\/16169","targetHints":{"allow":["GET"]}}],"collection":[{"href":"https:\/\/rvh-synergie.org\/actualites\/wp-json\/wp\/v2\/posts"}],"about":[{"href":"https:\/\/rvh-synergie.org\/actualites\/wp-json\/wp\/v2\/types\/post"}],"author":[{"embeddable":true,"href":"https:\/\/rvh-synergie.org\/actualites\/wp-json\/wp\/v2\/users\/1"}],"replies":[{"embeddable":true,"href":"https:\/\/rvh-synergie.org\/actualites\/wp-json\/wp\/v2\/comments?post=16169"}],"version-history":[{"count":1,"href":"https:\/\/rvh-synergie.org\/actualites\/wp-json\/wp\/v2\/posts\/16169\/revisions"}],"predecessor-version":[{"id":16171,"href":"https:\/\/rvh-synergie.org\/actualites\/wp-json\/wp\/v2\/posts\/16169\/revisions\/16171"}],"wp:featuredmedia":[{"embeddable":true,"href":"https:\/\/rvh-synergie.org\/actualites\/wp-json\/wp\/v2\/media\/16170"}],"wp:attachment":[{"href":"https:\/\/rvh-synergie.org\/actualites\/wp-json\/wp\/v2\/media?parent=16169"}],"wp:term":[{"taxonomy":"category","embeddable":true,"href":"https:\/\/rvh-synergie.org\/actualites\/wp-json\/wp\/v2\/categories?post=16169"},{"taxonomy":"post_tag","embeddable":true,"href":"https:\/\/rvh-synergie.org\/actualites\/wp-json\/wp\/v2\/tags?post=16169"}],"curies":[{"name":"wp","href":"https:\/\/api.w.org\/{rel}","templated":true}]}}