{"id":16139,"date":"2026-04-30T17:11:36","date_gmt":"2026-04-30T15:11:36","guid":{"rendered":"https:\/\/rvh-synergie.org\/actualites\/un-pneumologue-met-en-garde-contre-une-nouvelle-generation-de-dependants-a-la-nicotine\/"},"modified":"2026-04-30T17:11:37","modified_gmt":"2026-04-30T15:11:37","slug":"un-pneumologue-met-en-garde-contre-une-nouvelle-generation-de-dependants-a-la-nicotine","status":"publish","type":"post","link":"https:\/\/rvh-synergie.org\/actualites\/un-pneumologue-met-en-garde-contre-une-nouvelle-generation-de-dependants-a-la-nicotine\/","title":{"rendered":"Un pneumologue met en garde contre une nouvelle g\u00e9n\u00e9ration de d\u00e9pendants \u00e0 la nicotine"},"content":{"rendered":"<p><!--$--><\/p>\n<div data-hk=\"0000942120a20200\" class=\"Html-Block\" data-qa-article-content-text>\n<p>Alors que les cigarettes classiques perdent de plus en plus d\u2019importance, de plus en plus de fumeurs se tournent vers les cigarettes \u00e9lectroniques ou les produits \u00ab\u00a0heat-not-burn\u00a0\u00bb. Les jeunes sont particuli\u00e8rement \u00e0 risque. Le pneumologue belge Emiel Wouters pr\u00e9vient qu&rsquo;une nouvelle g\u00e9n\u00e9ration de nicotiniens est en train de se cr\u00e9er.<\/p>\n<\/div>\n<div data-hk=\"0000942120a20210\" class=\"Html-Block\" data-qa-article-content-text>\n<p>Ce qui est particuli\u00e8rement alarmant pour l&rsquo;expert, c&rsquo;est l&rsquo;apparition pr\u00e9coce, vers l&rsquo;\u00e2ge de 15 ans. Selon Wouters, la nicotine affecte non seulement les poumons, mais aussi le cerveau. \u00ab\u00a0Lorsque les jeunes commencent \u00e0 chauffer ou \u00e0 vapoter d\u00e8s leur plus jeune \u00e2ge, ils d\u00e9veloppent un comportement addictif qui dure souvent toute la vie\u00a0\u00bb, explique le m\u00e9decin dans une interview au journal autrichien \u00ab\u00a0Der Standard\u00a0\u00bb.<\/p>\n<\/div>\n<aside data-hk=\"0000942120a202204\" data-qa-ad-slot class=\"Ad-Slot Ad-Slot-mobile Ad-Slot-hor Ad-Slot-FC\">\n<div class=\"Ad-Slot-FC-Container\">\n<div class=\"Ad-Slot-FC-Window\">\n<div id=\"ad-slot-mobile-hor-2\" data-orientation=\"hor\" data-index=\"2\" data-slot=\"ad-slot\" data-device=\"mobile\"><\/div>\n<\/div>\n<\/div>\n<\/aside>\n<div data-hk=\"0000942120a20232\" data-qa-article-image class=\"Article-Image mb-lg\">\n<figure data-hk=\"0000942120a2023300\" class=\"Article-Content-Figure\"><!--$--><!--\/--><!--$--><\/p>\n<div data-hk=\"0000942120a202330200\" class=\"Image-Container\" data-qa-image-container><\/div>\n<p><!--\/--><!--$--><figcaption data-hk=\"0000942120a20233030\" class=\"Article-Content-Figcaption\"><span data-hk=\"0000942120a2023000\" data-qa-image-caption class=\"Image-Caption\"> <!--$-->Selon les experts, les jeunes commencent \u00e0 consommer de la nicotine vers l&rsquo;\u00e2ge de 15 ans. (image symbole)<!--\/--> <\/span><span data-hk=\"0000942120a2023100\" data-qa-image-credit class=\"Image-Credit\"> <!--$-->IMAGO\/SNA<!--\/--> <!--$--><!--\/--><\/span><\/figcaption><!--\/--><\/figure>\n<\/div>\n<div data-hk=\"0000942120a20240\" class=\"Html-Block\" data-qa-article-content-text>\n<h2>Fumer et vapoter en m\u00eame temps pourrait \u00eatre particuli\u00e8rement nocif<\/h2>\n<p>Le pneumologue est particuli\u00e8rement critique \u00e0 l\u2019\u00e9gard de ce qu\u2019on appelle les doubles utilisateurs, c\u2019est-\u00e0-dire les personnes qui fument et vapotent. \u00ab\u00a0Il est fort possible que cette combinaison soit plus nocive \u00e0 long terme que fumer seul\u00a0\u00bb, explique Wouters dans le \u00ab\u00a0Standard\u00a0\u00bb. <\/p>\n<\/div>\n<div data-hk=\"0000942120a20250\" class=\"Html-Block\" data-qa-article-content-text>\n<p>Concernant l\u2019argument de vente des e-cigarettes \u00ab plus saines \u00bb, l\u2019expert pr\u00e9cise que le changement est strat\u00e9gique et non substantiel. L\u2019industrie du tabac \u00ab s\u2019attaque \u00e0 la d\u00e9pendance \u00e0 la nicotine \u00bb, pr\u00e9cise Wouters.<\/p>\n<\/div>\n<aside data-hk=\"0000942120a202604\" data-qa-ad-slot class=\"Ad-Slot Ad-Slot-mobile Ad-Slot-out\">\n<div id=\"ad-slot-mobile-out-1\" data-orientation=\"out\" data-index=\"1\" data-slot=\"ad-slot\" data-device=\"mobile\"><\/div>\n<\/aside>\n<div data-hk=\"0000942120a20270\" class=\"Html-Block\" data-qa-article-content-text>\n<h2>Les jeunes peuvent d\u00e9velopper plus tard une BPCO \u00e0 cause des cigarettes \u00e9lectroniques<\/h2>\n<p>L\u2019\u00e9tude europ\u00e9enne des \u00e9tudiants de 2025 sur l\u2019alcool et d\u2019autres drogues (ESPAD) a r\u00e9v\u00e9l\u00e9 que 22 % des jeunes de 15 \u00e0 16 ans en Europe ont utilis\u00e9 des cigarettes \u00e9lectroniques au cours des 30 derniers jours. La tendance est clairement \u00e0 la hausse ces derni\u00e8res ann\u00e9es : en 2019, la proportion d\u2019utilisateurs actuels \u00e9tait d\u2019environ 14 pour cent. <\/p>\n<\/div>\n<div data-hk=\"0000942120a20280\" class=\"Html-Block\" data-qa-article-content-text>\n<p>Les jeunes, en particulier, risquent de d\u00e9velopper une BPCO plus tard dans la vie. Il s\u2019agit d\u2019une maladie pulmonaire chronique dans laquelle les voies respiratoires sont r\u00e9tr\u00e9cies de fa\u00e7on permanente et les alv\u00e9oles des poumons sont d\u00e9truites. Entre autres choses, vous souffrez constamment d\u2019essoufflement et de toux. Selon le Lung Information Service, une \u00e9tude de synth\u00e8se datant de 2025 montre que les cigarettes \u00e9lectroniques augmentent consid\u00e9rablement le risque de BPCO. <\/p>\n<\/div>\n<p><!--\/--><br \/>\n<!--$--><br \/>\n<!--\/--><br \/>\n<!--$--><br \/>\n<!--\/--><\/p>\n","protected":false},"excerpt":{"rendered":"<p>Alors que les cigarettes classiques perdent de plus en plus d\u2019importance, de plus en plus<\/p>\n","protected":false},"author":1,"featured_media":16140,"comment_status":"open","ping_status":"","sticky":false,"template":"","format":"standard","meta":{"footnotes":""},"categories":[86],"tags":[90,9700,349,2268,815,1122,244,9183,47],"class_list":["post-16139","post","type-post","status-publish","format-standard","has-post-thumbnail","hentry","category-les-maladies","tag-contre","tag-dependants","tag-garde","tag-generation","tag-met","tag-nicotine","tag-nouvelle","tag-pneumologue","tag-une","generate-columns","tablet-grid-50","mobile-grid-100","grid-parent","grid-50","resize-featured-image"],"yoast_head":"<!-- This site is optimized with the Yoast SEO plugin v23.4 - https:\/\/yoast.com\/wordpress\/plugins\/seo\/ -->\n<title>Un pneumologue met en garde contre une nouvelle g\u00e9n\u00e9ration de d\u00e9pendants \u00e0 la nicotine - RVH-Synergie.org<\/title>\n<meta name=\"robots\" content=\"index, follow, max-snippet:-1, max-image-preview:large, max-video-preview:-1\" \/>\n<link rel=\"canonical\" href=\"https:\/\/rvh-synergie.org\/actualites\/un-pneumologue-met-en-garde-contre-une-nouvelle-generation-de-dependants-a-la-nicotine\/\" \/>\n<meta property=\"og:locale\" content=\"fr_FR\" \/>\n<meta property=\"og:type\" content=\"article\" \/>\n<meta property=\"og:title\" content=\"Un pneumologue met en garde contre une nouvelle g\u00e9n\u00e9ration de d\u00e9pendants \u00e0 la nicotine - RVH-Synergie.org\" \/>\n<meta property=\"og:description\" content=\"Alors que les cigarettes classiques perdent de plus en plus d\u2019importance, de plus en plus\" \/>\n<meta property=\"og:url\" content=\"https:\/\/rvh-synergie.org\/actualites\/un-pneumologue-met-en-garde-contre-une-nouvelle-generation-de-dependants-a-la-nicotine\/\" \/>\n<meta property=\"og:site_name\" content=\"RVH-Synergie\" \/>\n<meta property=\"article:published_time\" content=\"2026-04-30T15:11:36+00:00\" \/>\n<meta property=\"article:modified_time\" content=\"2026-04-30T15:11:37+00:00\" \/>\n<meta property=\"og:image\" content=\"https:\/\/rvh-synergie.org\/actualites\/wp-content\/uploads\/2026\/04\/Un-pneumologue-met-en-garde-contre-une-nouvelle-generation-de.png\" \/>\n\t<meta property=\"og:image:width\" content=\"1200\" \/>\n\t<meta property=\"og:image:height\" content=\"630\" \/>\n\t<meta property=\"og:image:type\" content=\"image\/png\" \/>\n<meta name=\"author\" content=\"Charles Martinez\" \/>\n<meta name=\"twitter:card\" content=\"summary_large_image\" \/>\n<meta name=\"twitter:label1\" content=\"\u00c9crit par\" \/>\n\t<meta name=\"twitter:data1\" content=\"Charles Martinez\" \/>\n\t<meta name=\"twitter:label2\" content=\"Dur\u00e9e de lecture estim\u00e9e\" \/>\n\t<meta name=\"twitter:data2\" content=\"2 minutes\" \/>\n<script type=\"application\/ld+json\" class=\"yoast-schema-graph\">{\"@context\":\"https:\/\/schema.org\",\"@graph\":[{\"@type\":\"Article\",\"@id\":\"https:\/\/rvh-synergie.org\/actualites\/un-pneumologue-met-en-garde-contre-une-nouvelle-generation-de-dependants-a-la-nicotine\/#article\",\"isPartOf\":{\"@id\":\"https:\/\/rvh-synergie.org\/actualites\/un-pneumologue-met-en-garde-contre-une-nouvelle-generation-de-dependants-a-la-nicotine\/\"},\"author\":{\"name\":\"Charles Martinez\",\"@id\":\"https:\/\/rvh-synergie.org\/actualites\/#\/schema\/person\/aa5ea98671fb4e8620f488a0795d2560\"},\"headline\":\"Un pneumologue met en garde contre une nouvelle g\u00e9n\u00e9ration de d\u00e9pendants \u00e0 la nicotine\",\"datePublished\":\"2026-04-30T15:11:36+00:00\",\"dateModified\":\"2026-04-30T15:11:37+00:00\",\"mainEntityOfPage\":{\"@id\":\"https:\/\/rvh-synergie.org\/actualites\/un-pneumologue-met-en-garde-contre-une-nouvelle-generation-de-dependants-a-la-nicotine\/\"},\"wordCount\":405,\"commentCount\":0,\"publisher\":{\"@id\":\"https:\/\/rvh-synergie.org\/actualites\/#organization\"},\"image\":{\"@id\":\"https:\/\/rvh-synergie.org\/actualites\/un-pneumologue-met-en-garde-contre-une-nouvelle-generation-de-dependants-a-la-nicotine\/#primaryimage\"},\"thumbnailUrl\":\"https:\/\/rvh-synergie.org\/actualites\/wp-content\/uploads\/2026\/04\/Un-pneumologue-met-en-garde-contre-une-nouvelle-generation-de.png\",\"keywords\":[\"contre\",\"d\u00e9pendants\",\"garde\",\"g\u00e9n\u00e9ration\",\"met\",\"nicotine\",\"nouvelle\",\"Pneumologue\",\"une\"],\"articleSection\":[\"Les maladies\"],\"inLanguage\":\"fr-FR\",\"potentialAction\":[{\"@type\":\"CommentAction\",\"name\":\"Comment\",\"target\":[\"https:\/\/rvh-synergie.org\/actualites\/un-pneumologue-met-en-garde-contre-une-nouvelle-generation-de-dependants-a-la-nicotine\/#respond\"]}]},{\"@type\":\"WebPage\",\"@id\":\"https:\/\/rvh-synergie.org\/actualites\/un-pneumologue-met-en-garde-contre-une-nouvelle-generation-de-dependants-a-la-nicotine\/\",\"url\":\"https:\/\/rvh-synergie.org\/actualites\/un-pneumologue-met-en-garde-contre-une-nouvelle-generation-de-dependants-a-la-nicotine\/\",\"name\":\"Un pneumologue met en garde contre une nouvelle g\u00e9n\u00e9ration de d\u00e9pendants \u00e0 la nicotine - RVH-Synergie.org\",\"isPartOf\":{\"@id\":\"https:\/\/rvh-synergie.org\/actualites\/#website\"},\"primaryImageOfPage\":{\"@id\":\"https:\/\/rvh-synergie.org\/actualites\/un-pneumologue-met-en-garde-contre-une-nouvelle-generation-de-dependants-a-la-nicotine\/#primaryimage\"},\"image\":{\"@id\":\"https:\/\/rvh-synergie.org\/actualites\/un-pneumologue-met-en-garde-contre-une-nouvelle-generation-de-dependants-a-la-nicotine\/#primaryimage\"},\"thumbnailUrl\":\"https:\/\/rvh-synergie.org\/actualites\/wp-content\/uploads\/2026\/04\/Un-pneumologue-met-en-garde-contre-une-nouvelle-generation-de.png\",\"datePublished\":\"2026-04-30T15:11:36+00:00\",\"dateModified\":\"2026-04-30T15:11:37+00:00\",\"breadcrumb\":{\"@id\":\"https:\/\/rvh-synergie.org\/actualites\/un-pneumologue-met-en-garde-contre-une-nouvelle-generation-de-dependants-a-la-nicotine\/#breadcrumb\"},\"inLanguage\":\"fr-FR\",\"potentialAction\":[{\"@type\":\"ReadAction\",\"target\":[\"https:\/\/rvh-synergie.org\/actualites\/un-pneumologue-met-en-garde-contre-une-nouvelle-generation-de-dependants-a-la-nicotine\/\"]}]},{\"@type\":\"ImageObject\",\"inLanguage\":\"fr-FR\",\"@id\":\"https:\/\/rvh-synergie.org\/actualites\/un-pneumologue-met-en-garde-contre-une-nouvelle-generation-de-dependants-a-la-nicotine\/#primaryimage\",\"url\":\"https:\/\/rvh-synergie.org\/actualites\/wp-content\/uploads\/2026\/04\/Un-pneumologue-met-en-garde-contre-une-nouvelle-generation-de.png\",\"contentUrl\":\"https:\/\/rvh-synergie.org\/actualites\/wp-content\/uploads\/2026\/04\/Un-pneumologue-met-en-garde-contre-une-nouvelle-generation-de.png\",\"width\":1200,\"height\":630},{\"@type\":\"BreadcrumbList\",\"@id\":\"https:\/\/rvh-synergie.org\/actualites\/un-pneumologue-met-en-garde-contre-une-nouvelle-generation-de-dependants-a-la-nicotine\/#breadcrumb\",\"itemListElement\":[{\"@type\":\"ListItem\",\"position\":1,\"name\":\"Accueil\",\"item\":\"https:\/\/rvh-synergie.org\/actualites\/\"},{\"@type\":\"ListItem\",\"position\":2,\"name\":\"Un pneumologue met en garde contre une nouvelle g\u00e9n\u00e9ration de d\u00e9pendants \u00e0 la nicotine\"}]},{\"@type\":\"WebSite\",\"@id\":\"https:\/\/rvh-synergie.org\/actualites\/#website\",\"url\":\"https:\/\/rvh-synergie.org\/actualites\/\",\"name\":\"RVH-Synergie.org\",\"description\":\"RVH-Synergie, site ind\u00e9pendant d&#039;informations sur la prise en charge des addictions.\",\"publisher\":{\"@id\":\"https:\/\/rvh-synergie.org\/actualites\/#organization\"},\"potentialAction\":[{\"@type\":\"SearchAction\",\"target\":{\"@type\":\"EntryPoint\",\"urlTemplate\":\"https:\/\/rvh-synergie.org\/actualites\/?s={search_term_string}\"},\"query-input\":{\"@type\":\"PropertyValueSpecification\",\"valueRequired\":true,\"valueName\":\"search_term_string\"}}],\"inLanguage\":\"fr-FR\"},{\"@type\":\"Organization\",\"@id\":\"https:\/\/rvh-synergie.org\/actualites\/#organization\",\"name\":\"RVH-Synergie.org\",\"url\":\"https:\/\/rvh-synergie.org\/actualites\/\",\"logo\":{\"@type\":\"ImageObject\",\"inLanguage\":\"fr-FR\",\"@id\":\"https:\/\/rvh-synergie.org\/actualites\/#\/schema\/logo\/image\/\",\"url\":\"https:\/\/rvh-synergie.org\/actualites\/wp-content\/uploads\/2024\/09\/favicon.png\",\"contentUrl\":\"https:\/\/rvh-synergie.org\/actualites\/wp-content\/uploads\/2024\/09\/favicon.png\",\"width\":512,\"height\":512,\"caption\":\"RVH-Synergie.org\"},\"image\":{\"@id\":\"https:\/\/rvh-synergie.org\/actualites\/#\/schema\/logo\/image\/\"}},{\"@type\":\"Person\",\"@id\":\"https:\/\/rvh-synergie.org\/actualites\/#\/schema\/person\/aa5ea98671fb4e8620f488a0795d2560\",\"name\":\"Charles Martinez\",\"image\":{\"@type\":\"ImageObject\",\"inLanguage\":\"fr-FR\",\"@id\":\"https:\/\/rvh-synergie.org\/actualites\/#\/schema\/person\/image\/\",\"url\":\"https:\/\/rvh-synergie.org\/actualites\/wp-content\/uploads\/2024\/09\/charles-martinez-scaled.jpg\",\"contentUrl\":\"https:\/\/rvh-synergie.org\/actualites\/wp-content\/uploads\/2024\/09\/charles-martinez-scaled.jpg\",\"caption\":\"Charles Martinez\"},\"description\":\"Bonjour, je m'appelle Charles Martinez, r\u00e9dacteur passionn\u00e9 pour le m\u00e9dia RVH-synergie.org, d\u00e9di\u00e9 aux addictions et aux maladies. Depuis plus de dix ans, j'explore et rapporte les histoires poignantes des individus confront\u00e9s \u00e0 ces d\u00e9fis, tout en sensibilisant le public aux traitements novateurs et aux progr\u00e8s scientifiques dans ce domaine. Mon engagement r\u00e9side dans l'espoir de cr\u00e9er une communaut\u00e9 inform\u00e9e et empathique, pr\u00eate \u00e0 soutenir ceux qui luttent contre ces \u00e9preuves.\",\"sameAs\":[\"https:\/\/rvh-synergie.org\/\"]}]}<\/script>\n<!-- \/ Yoast SEO plugin. -->","yoast_head_json":{"title":"Un pneumologue met en garde contre une nouvelle g\u00e9n\u00e9ration de d\u00e9pendants \u00e0 la nicotine - RVH-Synergie.org","robots":{"index":"index","follow":"follow","max-snippet":"max-snippet:-1","max-image-preview":"max-image-preview:large","max-video-preview":"max-video-preview:-1"},"canonical":"https:\/\/rvh-synergie.org\/actualites\/un-pneumologue-met-en-garde-contre-une-nouvelle-generation-de-dependants-a-la-nicotine\/","og_locale":"fr_FR","og_type":"article","og_title":"Un pneumologue met en garde contre une nouvelle g\u00e9n\u00e9ration de d\u00e9pendants \u00e0 la nicotine - RVH-Synergie.org","og_description":"Alors que les cigarettes classiques perdent de plus en plus d\u2019importance, de plus en plus","og_url":"https:\/\/rvh-synergie.org\/actualites\/un-pneumologue-met-en-garde-contre-une-nouvelle-generation-de-dependants-a-la-nicotine\/","og_site_name":"RVH-Synergie","article_published_time":"2026-04-30T15:11:36+00:00","article_modified_time":"2026-04-30T15:11:37+00:00","og_image":[{"width":1200,"height":630,"url":"https:\/\/rvh-synergie.org\/actualites\/wp-content\/uploads\/2026\/04\/Un-pneumologue-met-en-garde-contre-une-nouvelle-generation-de.png","type":"image\/png"}],"author":"Charles Martinez","twitter_card":"summary_large_image","twitter_misc":{"\u00c9crit par":"Charles Martinez","Dur\u00e9e de lecture estim\u00e9e":"2 minutes"},"schema":{"@context":"https:\/\/schema.org","@graph":[{"@type":"Article","@id":"https:\/\/rvh-synergie.org\/actualites\/un-pneumologue-met-en-garde-contre-une-nouvelle-generation-de-dependants-a-la-nicotine\/#article","isPartOf":{"@id":"https:\/\/rvh-synergie.org\/actualites\/un-pneumologue-met-en-garde-contre-une-nouvelle-generation-de-dependants-a-la-nicotine\/"},"author":{"name":"Charles Martinez","@id":"https:\/\/rvh-synergie.org\/actualites\/#\/schema\/person\/aa5ea98671fb4e8620f488a0795d2560"},"headline":"Un pneumologue met en garde contre une nouvelle g\u00e9n\u00e9ration de d\u00e9pendants \u00e0 la nicotine","datePublished":"2026-04-30T15:11:36+00:00","dateModified":"2026-04-30T15:11:37+00:00","mainEntityOfPage":{"@id":"https:\/\/rvh-synergie.org\/actualites\/un-pneumologue-met-en-garde-contre-une-nouvelle-generation-de-dependants-a-la-nicotine\/"},"wordCount":405,"commentCount":0,"publisher":{"@id":"https:\/\/rvh-synergie.org\/actualites\/#organization"},"image":{"@id":"https:\/\/rvh-synergie.org\/actualites\/un-pneumologue-met-en-garde-contre-une-nouvelle-generation-de-dependants-a-la-nicotine\/#primaryimage"},"thumbnailUrl":"https:\/\/rvh-synergie.org\/actualites\/wp-content\/uploads\/2026\/04\/Un-pneumologue-met-en-garde-contre-une-nouvelle-generation-de.png","keywords":["contre","d\u00e9pendants","garde","g\u00e9n\u00e9ration","met","nicotine","nouvelle","Pneumologue","une"],"articleSection":["Les maladies"],"inLanguage":"fr-FR","potentialAction":[{"@type":"CommentAction","name":"Comment","target":["https:\/\/rvh-synergie.org\/actualites\/un-pneumologue-met-en-garde-contre-une-nouvelle-generation-de-dependants-a-la-nicotine\/#respond"]}]},{"@type":"WebPage","@id":"https:\/\/rvh-synergie.org\/actualites\/un-pneumologue-met-en-garde-contre-une-nouvelle-generation-de-dependants-a-la-nicotine\/","url":"https:\/\/rvh-synergie.org\/actualites\/un-pneumologue-met-en-garde-contre-une-nouvelle-generation-de-dependants-a-la-nicotine\/","name":"Un pneumologue met en garde contre une nouvelle g\u00e9n\u00e9ration de d\u00e9pendants \u00e0 la nicotine - RVH-Synergie.org","isPartOf":{"@id":"https:\/\/rvh-synergie.org\/actualites\/#website"},"primaryImageOfPage":{"@id":"https:\/\/rvh-synergie.org\/actualites\/un-pneumologue-met-en-garde-contre-une-nouvelle-generation-de-dependants-a-la-nicotine\/#primaryimage"},"image":{"@id":"https:\/\/rvh-synergie.org\/actualites\/un-pneumologue-met-en-garde-contre-une-nouvelle-generation-de-dependants-a-la-nicotine\/#primaryimage"},"thumbnailUrl":"https:\/\/rvh-synergie.org\/actualites\/wp-content\/uploads\/2026\/04\/Un-pneumologue-met-en-garde-contre-une-nouvelle-generation-de.png","datePublished":"2026-04-30T15:11:36+00:00","dateModified":"2026-04-30T15:11:37+00:00","breadcrumb":{"@id":"https:\/\/rvh-synergie.org\/actualites\/un-pneumologue-met-en-garde-contre-une-nouvelle-generation-de-dependants-a-la-nicotine\/#breadcrumb"},"inLanguage":"fr-FR","potentialAction":[{"@type":"ReadAction","target":["https:\/\/rvh-synergie.org\/actualites\/un-pneumologue-met-en-garde-contre-une-nouvelle-generation-de-dependants-a-la-nicotine\/"]}]},{"@type":"ImageObject","inLanguage":"fr-FR","@id":"https:\/\/rvh-synergie.org\/actualites\/un-pneumologue-met-en-garde-contre-une-nouvelle-generation-de-dependants-a-la-nicotine\/#primaryimage","url":"https:\/\/rvh-synergie.org\/actualites\/wp-content\/uploads\/2026\/04\/Un-pneumologue-met-en-garde-contre-une-nouvelle-generation-de.png","contentUrl":"https:\/\/rvh-synergie.org\/actualites\/wp-content\/uploads\/2026\/04\/Un-pneumologue-met-en-garde-contre-une-nouvelle-generation-de.png","width":1200,"height":630},{"@type":"BreadcrumbList","@id":"https:\/\/rvh-synergie.org\/actualites\/un-pneumologue-met-en-garde-contre-une-nouvelle-generation-de-dependants-a-la-nicotine\/#breadcrumb","itemListElement":[{"@type":"ListItem","position":1,"name":"Accueil","item":"https:\/\/rvh-synergie.org\/actualites\/"},{"@type":"ListItem","position":2,"name":"Un pneumologue met en garde contre une nouvelle g\u00e9n\u00e9ration de d\u00e9pendants \u00e0 la nicotine"}]},{"@type":"WebSite","@id":"https:\/\/rvh-synergie.org\/actualites\/#website","url":"https:\/\/rvh-synergie.org\/actualites\/","name":"RVH-Synergie.org","description":"RVH-Synergie, site ind\u00e9pendant d&#039;informations sur la prise en charge des addictions.","publisher":{"@id":"https:\/\/rvh-synergie.org\/actualites\/#organization"},"potentialAction":[{"@type":"SearchAction","target":{"@type":"EntryPoint","urlTemplate":"https:\/\/rvh-synergie.org\/actualites\/?s={search_term_string}"},"query-input":{"@type":"PropertyValueSpecification","valueRequired":true,"valueName":"search_term_string"}}],"inLanguage":"fr-FR"},{"@type":"Organization","@id":"https:\/\/rvh-synergie.org\/actualites\/#organization","name":"RVH-Synergie.org","url":"https:\/\/rvh-synergie.org\/actualites\/","logo":{"@type":"ImageObject","inLanguage":"fr-FR","@id":"https:\/\/rvh-synergie.org\/actualites\/#\/schema\/logo\/image\/","url":"https:\/\/rvh-synergie.org\/actualites\/wp-content\/uploads\/2024\/09\/favicon.png","contentUrl":"https:\/\/rvh-synergie.org\/actualites\/wp-content\/uploads\/2024\/09\/favicon.png","width":512,"height":512,"caption":"RVH-Synergie.org"},"image":{"@id":"https:\/\/rvh-synergie.org\/actualites\/#\/schema\/logo\/image\/"}},{"@type":"Person","@id":"https:\/\/rvh-synergie.org\/actualites\/#\/schema\/person\/aa5ea98671fb4e8620f488a0795d2560","name":"Charles Martinez","image":{"@type":"ImageObject","inLanguage":"fr-FR","@id":"https:\/\/rvh-synergie.org\/actualites\/#\/schema\/person\/image\/","url":"https:\/\/rvh-synergie.org\/actualites\/wp-content\/uploads\/2024\/09\/charles-martinez-scaled.jpg","contentUrl":"https:\/\/rvh-synergie.org\/actualites\/wp-content\/uploads\/2024\/09\/charles-martinez-scaled.jpg","caption":"Charles Martinez"},"description":"Bonjour, je m'appelle Charles Martinez, r\u00e9dacteur passionn\u00e9 pour le m\u00e9dia RVH-synergie.org, d\u00e9di\u00e9 aux addictions et aux maladies. Depuis plus de dix ans, j'explore et rapporte les histoires poignantes des individus confront\u00e9s \u00e0 ces d\u00e9fis, tout en sensibilisant le public aux traitements novateurs et aux progr\u00e8s scientifiques dans ce domaine. Mon engagement r\u00e9side dans l'espoir de cr\u00e9er une communaut\u00e9 inform\u00e9e et empathique, pr\u00eate \u00e0 soutenir ceux qui luttent contre ces \u00e9preuves.","sameAs":["https:\/\/rvh-synergie.org\/"]}]}},"_links":{"self":[{"href":"https:\/\/rvh-synergie.org\/actualites\/wp-json\/wp\/v2\/posts\/16139","targetHints":{"allow":["GET"]}}],"collection":[{"href":"https:\/\/rvh-synergie.org\/actualites\/wp-json\/wp\/v2\/posts"}],"about":[{"href":"https:\/\/rvh-synergie.org\/actualites\/wp-json\/wp\/v2\/types\/post"}],"author":[{"embeddable":true,"href":"https:\/\/rvh-synergie.org\/actualites\/wp-json\/wp\/v2\/users\/1"}],"replies":[{"embeddable":true,"href":"https:\/\/rvh-synergie.org\/actualites\/wp-json\/wp\/v2\/comments?post=16139"}],"version-history":[{"count":1,"href":"https:\/\/rvh-synergie.org\/actualites\/wp-json\/wp\/v2\/posts\/16139\/revisions"}],"predecessor-version":[{"id":16141,"href":"https:\/\/rvh-synergie.org\/actualites\/wp-json\/wp\/v2\/posts\/16139\/revisions\/16141"}],"wp:featuredmedia":[{"embeddable":true,"href":"https:\/\/rvh-synergie.org\/actualites\/wp-json\/wp\/v2\/media\/16140"}],"wp:attachment":[{"href":"https:\/\/rvh-synergie.org\/actualites\/wp-json\/wp\/v2\/media?parent=16139"}],"wp:term":[{"taxonomy":"category","embeddable":true,"href":"https:\/\/rvh-synergie.org\/actualites\/wp-json\/wp\/v2\/categories?post=16139"},{"taxonomy":"post_tag","embeddable":true,"href":"https:\/\/rvh-synergie.org\/actualites\/wp-json\/wp\/v2\/tags?post=16139"}],"curies":[{"name":"wp","href":"https:\/\/api.w.org\/{rel}","templated":true}]}}