{"id":16106,"date":"2026-04-29T11:11:42","date_gmt":"2026-04-29T09:11:42","guid":{"rendered":"https:\/\/rvh-synergie.org\/actualites\/comment-conserver-les-asperges-plus-longtemps\/"},"modified":"2026-04-29T11:11:45","modified_gmt":"2026-04-29T09:11:45","slug":"comment-conserver-les-asperges-plus-longtemps","status":"publish","type":"post","link":"https:\/\/rvh-synergie.org\/actualites\/comment-conserver-les-asperges-plus-longtemps\/","title":{"rendered":"Comment conserver les asperges plus longtemps"},"content":{"rendered":"<p><!--$--><\/p>\n<div data-hk=\"0000942120a20200\" class=\"Html-Block\" data-qa-article-content-text>\n<p>Bien s\u00fbr, vous pouvez congeler les asperges apr\u00e8s la saison pour plus tard, mais il y a quelques points que vous devez garder \u00e0 l&rsquo;esprit. Le d\u00e9givrage en particulier doit \u00eatre effectu\u00e9 correctement.<\/p>\n<\/div>\n<div data-hk=\"0000942120a20210\" class=\"Html-Block\" data-qa-article-content-text>\n<p>Si vous envisagez de congeler des asperges, ne les blanchissez pas (laissez mijoter doucement) au pr\u00e9alable. La raison en est simple : si vous blanchissez les asperges \u00e0 l&rsquo;avance, elles perdront rapidement leur go\u00fbt et deviendront trop molles lorsque vous les pr\u00e9parerez \u00e0 nouveau.<\/p>\n<\/div>\n<aside data-hk=\"0000942120a202204\" data-qa-ad-slot class=\"Ad-Slot Ad-Slot-mobile Ad-Slot-hor Ad-Slot-FC\">\n<div class=\"Ad-Slot-FC-Container\">\n<div class=\"Ad-Slot-FC-Window\">\n<div id=\"ad-slot-mobile-hor-2\" data-orientation=\"hor\" data-index=\"2\" data-slot=\"ad-slot\" data-device=\"mobile\"><\/div>\n<\/div>\n<\/div>\n<\/aside>\n<div data-hk=\"0000942120a20230\" class=\"Html-Block\" data-qa-article-content-text>\n<p>Avant de congeler, un autre aspect doit \u00eatre pris en compte &#8211; en fonction de la couleur des asperges. Alors que les asperges vertes vont au cong\u00e9lateur sans \u00eatre pel\u00e9es, les asperges blanches doivent imp\u00e9rativement \u00eatre pel\u00e9es au pr\u00e9alable. Pour les deux types, coupez env. 1,5 cm des extr\u00e9mit\u00e9s au pr\u00e9alable.<\/p>\n<\/div>\n<div data-hk=\"0000942120a20240\" class=\"Html-Block\" data-qa-article-content-text>\n<p>Avant de les congeler, vous devez \u00e9galement les s\u00e9cher en les tapotant et les placer dans un r\u00e9cipient herm\u00e9tique. Cela pr\u00e9sente l&rsquo;avantage que vous pouvez le supprimer individuellement. Bien entendu, vous pouvez \u00e9galement congeler les l\u00e9gumes en portions.<\/p>\n<\/div>\n<aside data-hk=\"0000942120a202504\" data-qa-ad-slot class=\"Ad-Slot Ad-Slot-mobile Ad-Slot-out\">\n<div id=\"ad-slot-mobile-out-1\" data-orientation=\"out\" data-index=\"1\" data-slot=\"ad-slot\" data-device=\"mobile\"><\/div>\n<\/aside>\n<div data-hk=\"0000942120a20260\" class=\"Html-Block\" data-qa-article-content-text>\n<h2>Un bon d\u00e9givrage est crucial<\/h2>\n<p>Contrairement \u00e0 d&rsquo;autres l\u00e9gumes, il ne faut pas simplement sortir les asperges du cong\u00e9lateur et les laisser d\u00e9congeler pendant quelques heures. De ce fait, il perd beaucoup d&rsquo;eau et donc aussi son go\u00fbt.<\/p>\n<\/div>\n<div data-hk=\"0000942120a20270\" class=\"Html-Block\" data-qa-article-content-text>\n<p>Placez-le plut\u00f4t congel\u00e9 dans de l&rsquo;eau bouillante sal\u00e9e et faites cuire la portion en fonction de l&rsquo;\u00e9paisseur des pointes et du type d&rsquo;asperge. Les asperges ne prennent que 10 minutes environ. Asperges blanches 12-15 minutes.<\/p>\n<\/div>\n<aside data-hk=\"0000942120a202804\" data-qa-ad-slot class=\"Ad-Slot Ad-Slot-mobile Ad-Slot-hor\">\n<div id=\"ad-slot-mobile-hor-3\" data-orientation=\"hor\" data-index=\"3\" data-slot=\"ad-slot\" data-device=\"mobile\"><\/div>\n<\/aside>\n<div data-hk=\"0000942120a20290\" class=\"Html-Block\" data-qa-article-content-text>\n<p>Vous pr\u00e9f\u00e9rez frire ou griller les asperges ? Ce n&rsquo;est pas un probl\u00e8me non plus ! Pour ce faire, placez-le congel\u00e9 dans la po\u00eale chaude et faites-le revenir \u00e0 feu doux \u00e0 moyen. Autre avantage : les asperges cuisent plus vite et sont moins longues \u00e0 pr\u00e9parer.<\/p>\n<\/div>\n<div data-hk=\"0000942120a202a100\" class=\"Html-Block\" data-qa-article-content-text>\n<p>Rien ne s\u2019oppose donc \u00e0 la d\u00e9gustation de d\u00e9licieuses asperges hors saison. Cependant, veillez \u00e0 utiliser les asperges surgel\u00e9es dans les six mois. Bon app\u00e9tit!<\/p>\n<\/div>\n<p><!--\/--><br \/>\n<!--$--><br \/>\n<!--\/--><br \/>\n<!--$--><br \/>\n<!--\/--><\/p>\n","protected":false},"excerpt":{"rendered":"<p>Bien s\u00fbr, vous pouvez congeler les asperges apr\u00e8s la saison pour plus tard, mais il<\/p>\n","protected":false},"author":1,"featured_media":16107,"comment_status":"open","ping_status":"","sticky":false,"template":"","format":"standard","meta":{"footnotes":""},"categories":[86],"tags":[9239,182,5043,49,1634],"class_list":["post-16106","post","type-post","status-publish","format-standard","has-post-thumbnail","hentry","category-les-maladies","tag-asperges","tag-comment","tag-conserver","tag-les","tag-longtemps","generate-columns","tablet-grid-50","mobile-grid-100","grid-parent","grid-50","resize-featured-image"],"yoast_head":"<!-- This site is optimized with the Yoast SEO plugin v23.4 - https:\/\/yoast.com\/wordpress\/plugins\/seo\/ -->\n<title>Comment conserver les asperges plus longtemps - RVH-Synergie.org<\/title>\n<meta name=\"robots\" content=\"index, follow, max-snippet:-1, max-image-preview:large, max-video-preview:-1\" \/>\n<link rel=\"canonical\" href=\"https:\/\/rvh-synergie.org\/actualites\/comment-conserver-les-asperges-plus-longtemps\/\" \/>\n<meta property=\"og:locale\" content=\"fr_FR\" \/>\n<meta property=\"og:type\" content=\"article\" \/>\n<meta property=\"og:title\" content=\"Comment conserver les asperges plus longtemps - RVH-Synergie.org\" \/>\n<meta property=\"og:description\" content=\"Bien s\u00fbr, vous pouvez congeler les asperges apr\u00e8s la saison pour plus tard, mais il\" \/>\n<meta property=\"og:url\" content=\"https:\/\/rvh-synergie.org\/actualites\/comment-conserver-les-asperges-plus-longtemps\/\" \/>\n<meta property=\"og:site_name\" content=\"RVH-Synergie\" \/>\n<meta property=\"article:published_time\" content=\"2026-04-29T09:11:42+00:00\" \/>\n<meta property=\"article:modified_time\" content=\"2026-04-29T09:11:45+00:00\" \/>\n<meta property=\"og:image\" content=\"https:\/\/rvh-synergie.org\/actualites\/wp-content\/uploads\/2026\/04\/Comment-conserver-les-asperges-plus-longtemps.jpeg\" \/>\n\t<meta property=\"og:image:width\" content=\"1200\" \/>\n\t<meta property=\"og:image:height\" content=\"630\" \/>\n\t<meta property=\"og:image:type\" content=\"image\/jpeg\" \/>\n<meta name=\"author\" content=\"Charles Martinez\" \/>\n<meta name=\"twitter:card\" content=\"summary_large_image\" \/>\n<meta name=\"twitter:label1\" content=\"\u00c9crit par\" \/>\n\t<meta name=\"twitter:data1\" content=\"Charles Martinez\" \/>\n\t<meta name=\"twitter:label2\" content=\"Dur\u00e9e de lecture estim\u00e9e\" \/>\n\t<meta name=\"twitter:data2\" content=\"2 minutes\" \/>\n<script type=\"application\/ld+json\" class=\"yoast-schema-graph\">{\"@context\":\"https:\/\/schema.org\",\"@graph\":[{\"@type\":\"Article\",\"@id\":\"https:\/\/rvh-synergie.org\/actualites\/comment-conserver-les-asperges-plus-longtemps\/#article\",\"isPartOf\":{\"@id\":\"https:\/\/rvh-synergie.org\/actualites\/comment-conserver-les-asperges-plus-longtemps\/\"},\"author\":{\"name\":\"Charles Martinez\",\"@id\":\"https:\/\/rvh-synergie.org\/actualites\/#\/schema\/person\/aa5ea98671fb4e8620f488a0795d2560\"},\"headline\":\"Comment conserver les asperges plus longtemps\",\"datePublished\":\"2026-04-29T09:11:42+00:00\",\"dateModified\":\"2026-04-29T09:11:45+00:00\",\"mainEntityOfPage\":{\"@id\":\"https:\/\/rvh-synergie.org\/actualites\/comment-conserver-les-asperges-plus-longtemps\/\"},\"wordCount\":347,\"commentCount\":0,\"publisher\":{\"@id\":\"https:\/\/rvh-synergie.org\/actualites\/#organization\"},\"image\":{\"@id\":\"https:\/\/rvh-synergie.org\/actualites\/comment-conserver-les-asperges-plus-longtemps\/#primaryimage\"},\"thumbnailUrl\":\"https:\/\/rvh-synergie.org\/actualites\/wp-content\/uploads\/2026\/04\/Comment-conserver-les-asperges-plus-longtemps.jpeg\",\"keywords\":[\"asperges\",\"comment\",\"conserver\",\"Les\",\"longtemps\"],\"articleSection\":[\"Les maladies\"],\"inLanguage\":\"fr-FR\",\"potentialAction\":[{\"@type\":\"CommentAction\",\"name\":\"Comment\",\"target\":[\"https:\/\/rvh-synergie.org\/actualites\/comment-conserver-les-asperges-plus-longtemps\/#respond\"]}]},{\"@type\":\"WebPage\",\"@id\":\"https:\/\/rvh-synergie.org\/actualites\/comment-conserver-les-asperges-plus-longtemps\/\",\"url\":\"https:\/\/rvh-synergie.org\/actualites\/comment-conserver-les-asperges-plus-longtemps\/\",\"name\":\"Comment conserver les asperges plus longtemps - RVH-Synergie.org\",\"isPartOf\":{\"@id\":\"https:\/\/rvh-synergie.org\/actualites\/#website\"},\"primaryImageOfPage\":{\"@id\":\"https:\/\/rvh-synergie.org\/actualites\/comment-conserver-les-asperges-plus-longtemps\/#primaryimage\"},\"image\":{\"@id\":\"https:\/\/rvh-synergie.org\/actualites\/comment-conserver-les-asperges-plus-longtemps\/#primaryimage\"},\"thumbnailUrl\":\"https:\/\/rvh-synergie.org\/actualites\/wp-content\/uploads\/2026\/04\/Comment-conserver-les-asperges-plus-longtemps.jpeg\",\"datePublished\":\"2026-04-29T09:11:42+00:00\",\"dateModified\":\"2026-04-29T09:11:45+00:00\",\"breadcrumb\":{\"@id\":\"https:\/\/rvh-synergie.org\/actualites\/comment-conserver-les-asperges-plus-longtemps\/#breadcrumb\"},\"inLanguage\":\"fr-FR\",\"potentialAction\":[{\"@type\":\"ReadAction\",\"target\":[\"https:\/\/rvh-synergie.org\/actualites\/comment-conserver-les-asperges-plus-longtemps\/\"]}]},{\"@type\":\"ImageObject\",\"inLanguage\":\"fr-FR\",\"@id\":\"https:\/\/rvh-synergie.org\/actualites\/comment-conserver-les-asperges-plus-longtemps\/#primaryimage\",\"url\":\"https:\/\/rvh-synergie.org\/actualites\/wp-content\/uploads\/2026\/04\/Comment-conserver-les-asperges-plus-longtemps.jpeg\",\"contentUrl\":\"https:\/\/rvh-synergie.org\/actualites\/wp-content\/uploads\/2026\/04\/Comment-conserver-les-asperges-plus-longtemps.jpeg\",\"width\":1200,\"height\":630},{\"@type\":\"BreadcrumbList\",\"@id\":\"https:\/\/rvh-synergie.org\/actualites\/comment-conserver-les-asperges-plus-longtemps\/#breadcrumb\",\"itemListElement\":[{\"@type\":\"ListItem\",\"position\":1,\"name\":\"Accueil\",\"item\":\"https:\/\/rvh-synergie.org\/actualites\/\"},{\"@type\":\"ListItem\",\"position\":2,\"name\":\"Comment conserver les asperges plus longtemps\"}]},{\"@type\":\"WebSite\",\"@id\":\"https:\/\/rvh-synergie.org\/actualites\/#website\",\"url\":\"https:\/\/rvh-synergie.org\/actualites\/\",\"name\":\"RVH-Synergie.org\",\"description\":\"RVH-Synergie, site ind\u00e9pendant d&#039;informations sur la prise en charge des addictions.\",\"publisher\":{\"@id\":\"https:\/\/rvh-synergie.org\/actualites\/#organization\"},\"potentialAction\":[{\"@type\":\"SearchAction\",\"target\":{\"@type\":\"EntryPoint\",\"urlTemplate\":\"https:\/\/rvh-synergie.org\/actualites\/?s={search_term_string}\"},\"query-input\":{\"@type\":\"PropertyValueSpecification\",\"valueRequired\":true,\"valueName\":\"search_term_string\"}}],\"inLanguage\":\"fr-FR\"},{\"@type\":\"Organization\",\"@id\":\"https:\/\/rvh-synergie.org\/actualites\/#organization\",\"name\":\"RVH-Synergie.org\",\"url\":\"https:\/\/rvh-synergie.org\/actualites\/\",\"logo\":{\"@type\":\"ImageObject\",\"inLanguage\":\"fr-FR\",\"@id\":\"https:\/\/rvh-synergie.org\/actualites\/#\/schema\/logo\/image\/\",\"url\":\"https:\/\/rvh-synergie.org\/actualites\/wp-content\/uploads\/2024\/09\/favicon.png\",\"contentUrl\":\"https:\/\/rvh-synergie.org\/actualites\/wp-content\/uploads\/2024\/09\/favicon.png\",\"width\":512,\"height\":512,\"caption\":\"RVH-Synergie.org\"},\"image\":{\"@id\":\"https:\/\/rvh-synergie.org\/actualites\/#\/schema\/logo\/image\/\"}},{\"@type\":\"Person\",\"@id\":\"https:\/\/rvh-synergie.org\/actualites\/#\/schema\/person\/aa5ea98671fb4e8620f488a0795d2560\",\"name\":\"Charles Martinez\",\"image\":{\"@type\":\"ImageObject\",\"inLanguage\":\"fr-FR\",\"@id\":\"https:\/\/rvh-synergie.org\/actualites\/#\/schema\/person\/image\/\",\"url\":\"https:\/\/rvh-synergie.org\/actualites\/wp-content\/uploads\/2024\/09\/charles-martinez-scaled.jpg\",\"contentUrl\":\"https:\/\/rvh-synergie.org\/actualites\/wp-content\/uploads\/2024\/09\/charles-martinez-scaled.jpg\",\"caption\":\"Charles Martinez\"},\"description\":\"Bonjour, je m'appelle Charles Martinez, r\u00e9dacteur passionn\u00e9 pour le m\u00e9dia RVH-synergie.org, d\u00e9di\u00e9 aux addictions et aux maladies. Depuis plus de dix ans, j'explore et rapporte les histoires poignantes des individus confront\u00e9s \u00e0 ces d\u00e9fis, tout en sensibilisant le public aux traitements novateurs et aux progr\u00e8s scientifiques dans ce domaine. Mon engagement r\u00e9side dans l'espoir de cr\u00e9er une communaut\u00e9 inform\u00e9e et empathique, pr\u00eate \u00e0 soutenir ceux qui luttent contre ces \u00e9preuves.\",\"sameAs\":[\"https:\/\/rvh-synergie.org\/\"]}]}<\/script>\n<!-- \/ Yoast SEO plugin. -->","yoast_head_json":{"title":"Comment conserver les asperges plus longtemps - RVH-Synergie.org","robots":{"index":"index","follow":"follow","max-snippet":"max-snippet:-1","max-image-preview":"max-image-preview:large","max-video-preview":"max-video-preview:-1"},"canonical":"https:\/\/rvh-synergie.org\/actualites\/comment-conserver-les-asperges-plus-longtemps\/","og_locale":"fr_FR","og_type":"article","og_title":"Comment conserver les asperges plus longtemps - RVH-Synergie.org","og_description":"Bien s\u00fbr, vous pouvez congeler les asperges apr\u00e8s la saison pour plus tard, mais il","og_url":"https:\/\/rvh-synergie.org\/actualites\/comment-conserver-les-asperges-plus-longtemps\/","og_site_name":"RVH-Synergie","article_published_time":"2026-04-29T09:11:42+00:00","article_modified_time":"2026-04-29T09:11:45+00:00","og_image":[{"width":1200,"height":630,"url":"https:\/\/rvh-synergie.org\/actualites\/wp-content\/uploads\/2026\/04\/Comment-conserver-les-asperges-plus-longtemps.jpeg","type":"image\/jpeg"}],"author":"Charles Martinez","twitter_card":"summary_large_image","twitter_misc":{"\u00c9crit par":"Charles Martinez","Dur\u00e9e de lecture estim\u00e9e":"2 minutes"},"schema":{"@context":"https:\/\/schema.org","@graph":[{"@type":"Article","@id":"https:\/\/rvh-synergie.org\/actualites\/comment-conserver-les-asperges-plus-longtemps\/#article","isPartOf":{"@id":"https:\/\/rvh-synergie.org\/actualites\/comment-conserver-les-asperges-plus-longtemps\/"},"author":{"name":"Charles Martinez","@id":"https:\/\/rvh-synergie.org\/actualites\/#\/schema\/person\/aa5ea98671fb4e8620f488a0795d2560"},"headline":"Comment conserver les asperges plus longtemps","datePublished":"2026-04-29T09:11:42+00:00","dateModified":"2026-04-29T09:11:45+00:00","mainEntityOfPage":{"@id":"https:\/\/rvh-synergie.org\/actualites\/comment-conserver-les-asperges-plus-longtemps\/"},"wordCount":347,"commentCount":0,"publisher":{"@id":"https:\/\/rvh-synergie.org\/actualites\/#organization"},"image":{"@id":"https:\/\/rvh-synergie.org\/actualites\/comment-conserver-les-asperges-plus-longtemps\/#primaryimage"},"thumbnailUrl":"https:\/\/rvh-synergie.org\/actualites\/wp-content\/uploads\/2026\/04\/Comment-conserver-les-asperges-plus-longtemps.jpeg","keywords":["asperges","comment","conserver","Les","longtemps"],"articleSection":["Les maladies"],"inLanguage":"fr-FR","potentialAction":[{"@type":"CommentAction","name":"Comment","target":["https:\/\/rvh-synergie.org\/actualites\/comment-conserver-les-asperges-plus-longtemps\/#respond"]}]},{"@type":"WebPage","@id":"https:\/\/rvh-synergie.org\/actualites\/comment-conserver-les-asperges-plus-longtemps\/","url":"https:\/\/rvh-synergie.org\/actualites\/comment-conserver-les-asperges-plus-longtemps\/","name":"Comment conserver les asperges plus longtemps - RVH-Synergie.org","isPartOf":{"@id":"https:\/\/rvh-synergie.org\/actualites\/#website"},"primaryImageOfPage":{"@id":"https:\/\/rvh-synergie.org\/actualites\/comment-conserver-les-asperges-plus-longtemps\/#primaryimage"},"image":{"@id":"https:\/\/rvh-synergie.org\/actualites\/comment-conserver-les-asperges-plus-longtemps\/#primaryimage"},"thumbnailUrl":"https:\/\/rvh-synergie.org\/actualites\/wp-content\/uploads\/2026\/04\/Comment-conserver-les-asperges-plus-longtemps.jpeg","datePublished":"2026-04-29T09:11:42+00:00","dateModified":"2026-04-29T09:11:45+00:00","breadcrumb":{"@id":"https:\/\/rvh-synergie.org\/actualites\/comment-conserver-les-asperges-plus-longtemps\/#breadcrumb"},"inLanguage":"fr-FR","potentialAction":[{"@type":"ReadAction","target":["https:\/\/rvh-synergie.org\/actualites\/comment-conserver-les-asperges-plus-longtemps\/"]}]},{"@type":"ImageObject","inLanguage":"fr-FR","@id":"https:\/\/rvh-synergie.org\/actualites\/comment-conserver-les-asperges-plus-longtemps\/#primaryimage","url":"https:\/\/rvh-synergie.org\/actualites\/wp-content\/uploads\/2026\/04\/Comment-conserver-les-asperges-plus-longtemps.jpeg","contentUrl":"https:\/\/rvh-synergie.org\/actualites\/wp-content\/uploads\/2026\/04\/Comment-conserver-les-asperges-plus-longtemps.jpeg","width":1200,"height":630},{"@type":"BreadcrumbList","@id":"https:\/\/rvh-synergie.org\/actualites\/comment-conserver-les-asperges-plus-longtemps\/#breadcrumb","itemListElement":[{"@type":"ListItem","position":1,"name":"Accueil","item":"https:\/\/rvh-synergie.org\/actualites\/"},{"@type":"ListItem","position":2,"name":"Comment conserver les asperges plus longtemps"}]},{"@type":"WebSite","@id":"https:\/\/rvh-synergie.org\/actualites\/#website","url":"https:\/\/rvh-synergie.org\/actualites\/","name":"RVH-Synergie.org","description":"RVH-Synergie, site ind\u00e9pendant d&#039;informations sur la prise en charge des addictions.","publisher":{"@id":"https:\/\/rvh-synergie.org\/actualites\/#organization"},"potentialAction":[{"@type":"SearchAction","target":{"@type":"EntryPoint","urlTemplate":"https:\/\/rvh-synergie.org\/actualites\/?s={search_term_string}"},"query-input":{"@type":"PropertyValueSpecification","valueRequired":true,"valueName":"search_term_string"}}],"inLanguage":"fr-FR"},{"@type":"Organization","@id":"https:\/\/rvh-synergie.org\/actualites\/#organization","name":"RVH-Synergie.org","url":"https:\/\/rvh-synergie.org\/actualites\/","logo":{"@type":"ImageObject","inLanguage":"fr-FR","@id":"https:\/\/rvh-synergie.org\/actualites\/#\/schema\/logo\/image\/","url":"https:\/\/rvh-synergie.org\/actualites\/wp-content\/uploads\/2024\/09\/favicon.png","contentUrl":"https:\/\/rvh-synergie.org\/actualites\/wp-content\/uploads\/2024\/09\/favicon.png","width":512,"height":512,"caption":"RVH-Synergie.org"},"image":{"@id":"https:\/\/rvh-synergie.org\/actualites\/#\/schema\/logo\/image\/"}},{"@type":"Person","@id":"https:\/\/rvh-synergie.org\/actualites\/#\/schema\/person\/aa5ea98671fb4e8620f488a0795d2560","name":"Charles Martinez","image":{"@type":"ImageObject","inLanguage":"fr-FR","@id":"https:\/\/rvh-synergie.org\/actualites\/#\/schema\/person\/image\/","url":"https:\/\/rvh-synergie.org\/actualites\/wp-content\/uploads\/2024\/09\/charles-martinez-scaled.jpg","contentUrl":"https:\/\/rvh-synergie.org\/actualites\/wp-content\/uploads\/2024\/09\/charles-martinez-scaled.jpg","caption":"Charles Martinez"},"description":"Bonjour, je m'appelle Charles Martinez, r\u00e9dacteur passionn\u00e9 pour le m\u00e9dia RVH-synergie.org, d\u00e9di\u00e9 aux addictions et aux maladies. Depuis plus de dix ans, j'explore et rapporte les histoires poignantes des individus confront\u00e9s \u00e0 ces d\u00e9fis, tout en sensibilisant le public aux traitements novateurs et aux progr\u00e8s scientifiques dans ce domaine. Mon engagement r\u00e9side dans l'espoir de cr\u00e9er une communaut\u00e9 inform\u00e9e et empathique, pr\u00eate \u00e0 soutenir ceux qui luttent contre ces \u00e9preuves.","sameAs":["https:\/\/rvh-synergie.org\/"]}]}},"_links":{"self":[{"href":"https:\/\/rvh-synergie.org\/actualites\/wp-json\/wp\/v2\/posts\/16106","targetHints":{"allow":["GET"]}}],"collection":[{"href":"https:\/\/rvh-synergie.org\/actualites\/wp-json\/wp\/v2\/posts"}],"about":[{"href":"https:\/\/rvh-synergie.org\/actualites\/wp-json\/wp\/v2\/types\/post"}],"author":[{"embeddable":true,"href":"https:\/\/rvh-synergie.org\/actualites\/wp-json\/wp\/v2\/users\/1"}],"replies":[{"embeddable":true,"href":"https:\/\/rvh-synergie.org\/actualites\/wp-json\/wp\/v2\/comments?post=16106"}],"version-history":[{"count":1,"href":"https:\/\/rvh-synergie.org\/actualites\/wp-json\/wp\/v2\/posts\/16106\/revisions"}],"predecessor-version":[{"id":16108,"href":"https:\/\/rvh-synergie.org\/actualites\/wp-json\/wp\/v2\/posts\/16106\/revisions\/16108"}],"wp:featuredmedia":[{"embeddable":true,"href":"https:\/\/rvh-synergie.org\/actualites\/wp-json\/wp\/v2\/media\/16107"}],"wp:attachment":[{"href":"https:\/\/rvh-synergie.org\/actualites\/wp-json\/wp\/v2\/media?parent=16106"}],"wp:term":[{"taxonomy":"category","embeddable":true,"href":"https:\/\/rvh-synergie.org\/actualites\/wp-json\/wp\/v2\/categories?post=16106"},{"taxonomy":"post_tag","embeddable":true,"href":"https:\/\/rvh-synergie.org\/actualites\/wp-json\/wp\/v2\/tags?post=16106"}],"curies":[{"name":"wp","href":"https:\/\/api.w.org\/{rel}","templated":true}]}}