{"id":16085,"date":"2026-04-28T18:10:37","date_gmt":"2026-04-28T16:10:37","guid":{"rendered":"https:\/\/rvh-synergie.org\/actualites\/netanyahu-avait-un-cancer-de-la-prostate-les-medecins-le-considerent-en-bonne-sante\/"},"modified":"2026-04-28T18:10:38","modified_gmt":"2026-04-28T16:10:38","slug":"netanyahu-avait-un-cancer-de-la-prostate-les-medecins-le-considerent-en-bonne-sante","status":"publish","type":"post","link":"https:\/\/rvh-synergie.org\/actualites\/netanyahu-avait-un-cancer-de-la-prostate-les-medecins-le-considerent-en-bonne-sante\/","title":{"rendered":"Netanyahu avait un cancer de la prostate, les m\u00e9decins le consid\u00e8rent en bonne sant\u00e9"},"content":{"rendered":"<p><!--$--><\/p>\n<div data-hk=\"0000942120a20200\" class=\"Html-Block\" data-qa-article-content-text>\n<p>Le Premier ministre isra\u00e9lien Benjamin Netanyahu souffrait d&rsquo;une tumeur \u00e0 la prostate. Il a partag\u00e9 vendredi la nouvelle du cancer sur sa cha\u00eene officielle du service en ligne X.<\/p>\n<\/div>\n<div data-hk=\"0000942120a20210\" class=\"Html-Block\" data-qa-article-content-text>\n<p>Lors d&rsquo;un contr\u00f4le, une petite tache a \u00e9t\u00e9 d\u00e9couverte dans la prostate. \u00ab Il s\u2019est av\u00e9r\u00e9 qu\u2019il s\u2019agissait d\u2019un stade tr\u00e8s pr\u00e9coce d\u2019une tumeur maligne, sans aucune propagation ni m\u00e9tastase \u00bb, \u00e9crit Netanyahu. Il a subi un traitement cibl\u00e9 \u00ab qui a \u00e9limin\u00e9 le probl\u00e8me et n\u2019a laiss\u00e9 aucune trace \u00bb.<\/p>\n<\/div>\n<aside data-hk=\"0000942120a202204\" data-qa-ad-slot class=\"Ad-Slot Ad-Slot-mobile Ad-Slot-hor Ad-Slot-FC\">\n<div class=\"Ad-Slot-FC-Container\">\n<div class=\"Ad-Slot-FC-Window\">\n<div id=\"ad-slot-mobile-hor-2\" data-orientation=\"hor\" data-index=\"2\" data-slot=\"ad-slot\" data-device=\"mobile\"><\/div>\n<\/div>\n<\/div>\n<\/aside>\n<div data-hk=\"0000942120a20230\" class=\"Html-Block\" data-qa-article-content-text>\n<p>\u00ab\u00a0J&rsquo;ai suivi quelques traitements courts, lu un livre et continu\u00e9 \u00e0 travailler. La tache a compl\u00e8tement disparu\u00a0\u00bb, raconte l&rsquo;homme de 76 ans.<\/p>\n<\/div>\n<div data-hk=\"0000942120a20240\" class=\"Html-Block\" data-qa-article-content-text>\n<h2>Le cancer de la prostate touche de nombreux hommes<\/h2>\n<p>Le cancer de la prostate est le cancer le plus r\u00e9pandu chez les hommes. Elle rencontre particuli\u00e8rement souvent des personnes \u00e2g\u00e9es. Selon la radiologue munichoise Anno Graser, le risque de d\u00e9velopper cette maladie au cours des dix prochaines ann\u00e9es est de 0,1 pour cent pour une personne de 35 ans. Pour une personne de 75 ans, ce chiffre est de 5 pour cent. <\/p>\n<\/div>\n<aside data-hk=\"0000942120a202504\" data-qa-ad-slot class=\"Ad-Slot Ad-Slot-mobile Ad-Slot-out\">\n<div id=\"ad-slot-mobile-out-1\" data-orientation=\"out\" data-index=\"1\" data-slot=\"ad-slot\" data-device=\"mobile\"><\/div>\n<\/aside>\n<div data-hk=\"0000942120a20260\" class=\"Html-Block\" data-qa-article-content-text>\n<p>Particuli\u00e8rement d\u00e9licat : le cancer de la prostate ne se manifeste que tardivement. Les m\u00e9decins de Netanyahu n\u2019ont pris conscience de la \u00ab tache \u00bb, qui mesurait moins d\u2019un centim\u00e8tre, que parce qu\u2019il \u00e9tait sous observation m\u00e9dicale r\u00e9guli\u00e8re suite \u00e0 une pr\u00e9c\u00e9dente intervention sur sa prostate. <\/p>\n<\/div>\n<div data-hk=\"0000942120a20270\" class=\"Html-Block\" data-qa-article-content-text>\n<h2>Ces trois signes peuvent indiquer un cancer de la prostate :<\/h2>\n<p><strong>1. Probl\u00e8mes pour uriner<\/strong><\/p>\n<\/div>\n<div data-hk=\"0000942120a20280\" class=\"Ad-Row\">\n<div class=\"Ad-Col col-lg-5\">\n<div data-hk=\"0000942120a2028104\" data-qa-ad-slot class=\"Ad-Slot Ad-Slot-desktop Ad-Slot-ver\" role=\"region\" aria-label=\"Anzeige 1\">\n<div id=\"ad-slot-desktop-ver-1\" data-orientation=\"ver\" data-index=\"1\" data-slot=\"ad-slot\" data-device=\"desktop\"><\/div>\n<\/div>\n<\/div>\n<div class=\"Ad-Col col-lg-5\">\n<aside data-hk=\"0000942120a2028204\" data-qa-ad-slot class=\"Ad-Slot Ad-Slot-desktop Ad-Slot-ver Ad-Slot-FC\">\n<div class=\"Ad-Slot-FC-Container\">\n<div class=\"Ad-Slot-FC-Window\">\n<div id=\"ad-slot-desktop-ver-2\" data-orientation=\"ver\" data-index=\"2\" data-slot=\"ad-slot\" data-device=\"desktop\"><\/div>\n<\/div>\n<\/div>\n<\/aside>\n<\/div>\n<\/div>\n<div data-hk=\"0000942120a20290\" class=\"Html-Block\" data-qa-article-content-text>\n<p>La prostate se situe sous la vessie. Si leur forme change, cela peut affecter le passage aux toilettes. Les plaintes possibles sont\u00a0:<\/p>\n<\/div>\n<aside data-hk=\"0000942120a202a1004\" data-qa-ad-slot class=\"Ad-Slot Ad-Slot-mobile Ad-Slot-hor\">\n<div id=\"ad-slot-mobile-hor-3\" data-orientation=\"hor\" data-index=\"3\" data-slot=\"ad-slot\" data-device=\"mobile\"><\/div>\n<\/aside>\n<div data-hk=\"0000942120a202a110\" class=\"Html-Block\" data-qa-article-content-text>\n<ul>\n<li>Difficult\u00e9 \u00e0 commencer \u00e0 uriner<\/li>\n<li>faible jet d&rsquo;urine<\/li>\n<li>La miction prend un temps inhabituellement long<\/li>\n<li>L&rsquo;urine coule de l&rsquo;ur\u00e8tre<\/li>\n<li>La vessie ne se vide pas compl\u00e8tement<\/li>\n<li>Miction douloureuse<\/li>\n<li>envie fr\u00e9quente d&rsquo;uriner, m\u00eame la nuit<\/li>\n<\/ul>\n<p>La raison en est peut-\u00eatre une tumeur qui exerce une pression sur l&rsquo;ur\u00e8tre. Cependant, une hypertrophie b\u00e9nigne de la prostate, g\u00e9n\u00e9ralement inoffensive, est plus courante. Dans les deux cas, vous devez cependant consulter un m\u00e9decin et faire clarifier la cause.<\/p>\n<\/div>\n<aside data-hk=\"0000942120a202a1204\" data-qa-ad-slot class=\"Ad-Slot Ad-Slot-mobile Ad-Slot-hor\">\n<div id=\"ad-slot-mobile-hor-4\" data-orientation=\"hor\" data-index=\"4\" data-slot=\"ad-slot\" data-device=\"mobile\"><\/div>\n<\/aside>\n<div data-hk=\"0000942120a202a130\" class=\"Html-Block\" data-qa-article-content-text>\n<p><strong>2. Sang ou d\u00e9coloration dans les urines<\/strong><\/p>\n<\/div>\n<div data-hk=\"0000942120a202a140\" class=\"Html-Block\" data-qa-article-content-text>\n<p>Les hommes devraient \u00e9galement discuter de la pr\u00e9sence de sang ou d\u2019une d\u00e9coloration visible dans leur urine ou leur sperme avec un m\u00e9decin. Ces changements peuvent indiquer une inflammation ou une infection, mais aussi une tumeur.<\/p>\n<\/div>\n<div data-hk=\"0000942120a202a150\" class=\"Html-Block\" data-qa-article-content-text>\n<p><strong>3. Probl\u00e8mes lors des rapports sexuels<\/strong><\/p>\n<\/div>\n<div data-hk=\"0000942120a202a160\" class=\"Html-Block\" data-qa-article-content-text>\n<p>Une modification de la prostate peut \u00e9galement devenir perceptible lors des rapports sexuels :<\/p>\n<\/div>\n<div data-hk=\"0000942120a202a170\" class=\"Html-Block\" data-qa-article-content-text>\n<ul>\n<li>Dysfonction \u00e9rectile<\/li>\n<li>Douleur pendant l&rsquo;\u00e9rection<\/li>\n<li>Douleur pendant les rapports sexuels<\/li>\n<\/ul>\n<p>\u00ab\u00a0Le cancer de la prostate ne provoque g\u00e9n\u00e9ralement des douleurs que lorsque les cellules tumorales se sont propag\u00e9es au-del\u00e0 de l&rsquo;organe\u00a0\u00bb, explique le service allemand d&rsquo;information sur le cancer.<\/p>\n<\/div>\n<aside data-hk=\"0000942120a202a1804\" data-qa-ad-slot class=\"Ad-Slot Ad-Slot-mobile Ad-Slot-hor\">\n<div id=\"ad-slot-mobile-hor-5\" data-orientation=\"hor\" data-index=\"5\" data-slot=\"ad-slot\" data-device=\"mobile\"><\/div>\n<\/aside>\n<div data-hk=\"0000942120a202a190\" class=\"Html-Block\" data-qa-article-content-text>\n<p>Si vous ressentez de la douleur pendant les rapports sexuels, vous devez absolument consulter un m\u00e9decin. Cependant, les trois sympt\u00f4mes peuvent aussi avoir des causes inoffensives.<\/p>\n<\/div>\n<aside data-hk=\"0000942120a202a2004\" data-qa-ad-slot class=\"Ad-Slot Ad-Slot-desktop Ad-Slot-hor Ad-Slot-FC\">\n<div class=\"Ad-Slot-FC-Container\">\n<div class=\"Ad-Slot-FC-Window\">\n<div id=\"ad-slot-desktop-hor-2\" data-orientation=\"hor\" data-index=\"2\" data-slot=\"ad-slot\" data-device=\"desktop\"><\/div>\n<\/div>\n<\/div>\n<\/aside>\n<div data-hk=\"0000942120a202a210\" class=\"Html-Block\" data-qa-article-content-text>\n<h2>Bon pronostic avec une pr\u00e9vention pr\u00e9coce<\/h2>\n<p>Selon le Service d&rsquo;information sur le cancer, d&rsquo;autres plaintes incluent \u00e9galement<\/p>\n<\/div>\n<div data-hk=\"0000942120a202a220\" class=\"Html-Block\" data-qa-article-content-text>\n<ul>\n<li>Difficult\u00e9s \u00e0 aller \u00e0 la selle ou m\u00eame<\/li>\n<li>Douleur osseuse.<\/li>\n<\/ul>\n<p>En g\u00e9n\u00e9ral, le cancer de la prostate est curable et est un cancer quelque peu agressif : sur les 80 000 hommes diagnostiqu\u00e9s chaque ann\u00e9e en Allemagne, selon les donn\u00e9es actuelles sur le cancer, environ 15 000 en meurent.<\/p>\n<\/div>\n<aside data-hk=\"0000942120a202a2304\" data-qa-ad-slot class=\"Ad-Slot Ad-Slot-mobile Ad-Slot-hor\">\n<div id=\"ad-slot-mobile-hor-6\" data-orientation=\"hor\" data-index=\"6\" data-slot=\"ad-slot\" data-device=\"mobile\"><\/div>\n<\/aside>\n<div data-hk=\"0000942120a202a240\" class=\"Html-Block\" data-qa-article-content-text>\n<p>Le radiologue Graser affirme que les chances de gu\u00e9rison d&rsquo;un cancer de la prostate sont bonnes par rapport \u00e0 d&rsquo;autres types de cancer. Ils sont \u00e0 90 pour cent. Cependant, plus le cancer est d\u00e9tect\u00e9 t\u00f4t, meilleur est le pronostic.<\/p>\n<\/div>\n<div data-hk=\"0000942120a202a250\" class=\"Html-Block\" data-qa-article-content-text>\n<p>\u00c9tant donn\u00e9 que le cancer de la prostate ne provoque des douleurs perceptibles que tardivement, les hommes devraient subir des contr\u00f4les r\u00e9guliers \u00e0 partir de 40 ans, m\u00eame s&rsquo;ils se sentent en bonne sant\u00e9.<\/p>\n<\/div>\n<div data-hk=\"0000942120a202a260\" class=\"Html-Block\" data-qa-article-content-text>\n<p>Sur<\/p>\n<\/div>\n<p><!--\/--><br \/>\n<!--$--><br \/>\n<!--\/--><br \/>\n<!--$--><br \/>\n<!--\/--><\/p>\n","protected":false},"excerpt":{"rendered":"<p>Le Premier ministre isra\u00e9lien Benjamin Netanyahu souffrait d&rsquo;une tumeur \u00e0 la prostate. Il a partag\u00e9<\/p>\n","protected":false},"author":1,"featured_media":16086,"comment_status":"open","ping_status":"","sticky":false,"template":"","format":"standard","meta":{"footnotes":""},"categories":[86],"tags":[7443,187,391,3826,49,2142,9672,1358,212],"class_list":["post-16085","post","type-post","status-publish","format-standard","has-post-thumbnail","hentry","category-les-maladies","tag-avait","tag-bonne","tag-cancer","tag-considerent","tag-les","tag-medecins","tag-netanyahu","tag-prostate","tag-sante","generate-columns","tablet-grid-50","mobile-grid-100","grid-parent","grid-50","resize-featured-image"],"yoast_head":"<!-- This site is optimized with the Yoast SEO plugin v23.4 - https:\/\/yoast.com\/wordpress\/plugins\/seo\/ -->\n<title>Netanyahu avait un cancer de la prostate, les m\u00e9decins le consid\u00e8rent en bonne sant\u00e9 - RVH-Synergie.org<\/title>\n<meta name=\"robots\" content=\"index, follow, max-snippet:-1, max-image-preview:large, max-video-preview:-1\" \/>\n<link rel=\"canonical\" href=\"https:\/\/rvh-synergie.org\/actualites\/netanyahu-avait-un-cancer-de-la-prostate-les-medecins-le-considerent-en-bonne-sante\/\" \/>\n<meta property=\"og:locale\" content=\"fr_FR\" \/>\n<meta property=\"og:type\" content=\"article\" \/>\n<meta property=\"og:title\" content=\"Netanyahu avait un cancer de la prostate, les m\u00e9decins le consid\u00e8rent en bonne sant\u00e9 - RVH-Synergie.org\" \/>\n<meta property=\"og:description\" content=\"Le Premier ministre isra\u00e9lien Benjamin Netanyahu souffrait d&rsquo;une tumeur \u00e0 la prostate. Il a partag\u00e9\" \/>\n<meta property=\"og:url\" content=\"https:\/\/rvh-synergie.org\/actualites\/netanyahu-avait-un-cancer-de-la-prostate-les-medecins-le-considerent-en-bonne-sante\/\" \/>\n<meta property=\"og:site_name\" content=\"RVH-Synergie\" \/>\n<meta property=\"article:published_time\" content=\"2026-04-28T16:10:37+00:00\" \/>\n<meta property=\"article:modified_time\" content=\"2026-04-28T16:10:38+00:00\" \/>\n<meta property=\"og:image\" content=\"https:\/\/rvh-synergie.org\/actualites\/wp-content\/uploads\/2026\/04\/Netanyahu-avait-un-cancer-de-la-prostate-les-medecins-le.jpeg\" \/>\n\t<meta property=\"og:image:width\" content=\"1200\" \/>\n\t<meta property=\"og:image:height\" content=\"630\" \/>\n\t<meta property=\"og:image:type\" content=\"image\/jpeg\" \/>\n<meta name=\"author\" content=\"Charles Martinez\" \/>\n<meta name=\"twitter:card\" content=\"summary_large_image\" \/>\n<meta name=\"twitter:label1\" content=\"\u00c9crit par\" \/>\n\t<meta name=\"twitter:data1\" content=\"Charles Martinez\" \/>\n\t<meta name=\"twitter:label2\" content=\"Dur\u00e9e de lecture estim\u00e9e\" \/>\n\t<meta name=\"twitter:data2\" content=\"3 minutes\" \/>\n<script type=\"application\/ld+json\" class=\"yoast-schema-graph\">{\"@context\":\"https:\/\/schema.org\",\"@graph\":[{\"@type\":\"Article\",\"@id\":\"https:\/\/rvh-synergie.org\/actualites\/netanyahu-avait-un-cancer-de-la-prostate-les-medecins-le-considerent-en-bonne-sante\/#article\",\"isPartOf\":{\"@id\":\"https:\/\/rvh-synergie.org\/actualites\/netanyahu-avait-un-cancer-de-la-prostate-les-medecins-le-considerent-en-bonne-sante\/\"},\"author\":{\"name\":\"Charles Martinez\",\"@id\":\"https:\/\/rvh-synergie.org\/actualites\/#\/schema\/person\/aa5ea98671fb4e8620f488a0795d2560\"},\"headline\":\"Netanyahu avait un cancer de la prostate, les m\u00e9decins le consid\u00e8rent en bonne sant\u00e9\",\"datePublished\":\"2026-04-28T16:10:37+00:00\",\"dateModified\":\"2026-04-28T16:10:38+00:00\",\"mainEntityOfPage\":{\"@id\":\"https:\/\/rvh-synergie.org\/actualites\/netanyahu-avait-un-cancer-de-la-prostate-les-medecins-le-considerent-en-bonne-sante\/\"},\"wordCount\":669,\"commentCount\":0,\"publisher\":{\"@id\":\"https:\/\/rvh-synergie.org\/actualites\/#organization\"},\"image\":{\"@id\":\"https:\/\/rvh-synergie.org\/actualites\/netanyahu-avait-un-cancer-de-la-prostate-les-medecins-le-considerent-en-bonne-sante\/#primaryimage\"},\"thumbnailUrl\":\"https:\/\/rvh-synergie.org\/actualites\/wp-content\/uploads\/2026\/04\/Netanyahu-avait-un-cancer-de-la-prostate-les-medecins-le.jpeg\",\"keywords\":[\"avait\",\"bonne\",\"cancer\",\"consid\u00e8rent\",\"Les\",\"m\u00e9decins\",\"Netanyahu\",\"prostate\",\"sant\u00e9\"],\"articleSection\":[\"Les maladies\"],\"inLanguage\":\"fr-FR\",\"potentialAction\":[{\"@type\":\"CommentAction\",\"name\":\"Comment\",\"target\":[\"https:\/\/rvh-synergie.org\/actualites\/netanyahu-avait-un-cancer-de-la-prostate-les-medecins-le-considerent-en-bonne-sante\/#respond\"]}]},{\"@type\":\"WebPage\",\"@id\":\"https:\/\/rvh-synergie.org\/actualites\/netanyahu-avait-un-cancer-de-la-prostate-les-medecins-le-considerent-en-bonne-sante\/\",\"url\":\"https:\/\/rvh-synergie.org\/actualites\/netanyahu-avait-un-cancer-de-la-prostate-les-medecins-le-considerent-en-bonne-sante\/\",\"name\":\"Netanyahu avait un cancer de la prostate, les m\u00e9decins le consid\u00e8rent en bonne sant\u00e9 - RVH-Synergie.org\",\"isPartOf\":{\"@id\":\"https:\/\/rvh-synergie.org\/actualites\/#website\"},\"primaryImageOfPage\":{\"@id\":\"https:\/\/rvh-synergie.org\/actualites\/netanyahu-avait-un-cancer-de-la-prostate-les-medecins-le-considerent-en-bonne-sante\/#primaryimage\"},\"image\":{\"@id\":\"https:\/\/rvh-synergie.org\/actualites\/netanyahu-avait-un-cancer-de-la-prostate-les-medecins-le-considerent-en-bonne-sante\/#primaryimage\"},\"thumbnailUrl\":\"https:\/\/rvh-synergie.org\/actualites\/wp-content\/uploads\/2026\/04\/Netanyahu-avait-un-cancer-de-la-prostate-les-medecins-le.jpeg\",\"datePublished\":\"2026-04-28T16:10:37+00:00\",\"dateModified\":\"2026-04-28T16:10:38+00:00\",\"breadcrumb\":{\"@id\":\"https:\/\/rvh-synergie.org\/actualites\/netanyahu-avait-un-cancer-de-la-prostate-les-medecins-le-considerent-en-bonne-sante\/#breadcrumb\"},\"inLanguage\":\"fr-FR\",\"potentialAction\":[{\"@type\":\"ReadAction\",\"target\":[\"https:\/\/rvh-synergie.org\/actualites\/netanyahu-avait-un-cancer-de-la-prostate-les-medecins-le-considerent-en-bonne-sante\/\"]}]},{\"@type\":\"ImageObject\",\"inLanguage\":\"fr-FR\",\"@id\":\"https:\/\/rvh-synergie.org\/actualites\/netanyahu-avait-un-cancer-de-la-prostate-les-medecins-le-considerent-en-bonne-sante\/#primaryimage\",\"url\":\"https:\/\/rvh-synergie.org\/actualites\/wp-content\/uploads\/2026\/04\/Netanyahu-avait-un-cancer-de-la-prostate-les-medecins-le.jpeg\",\"contentUrl\":\"https:\/\/rvh-synergie.org\/actualites\/wp-content\/uploads\/2026\/04\/Netanyahu-avait-un-cancer-de-la-prostate-les-medecins-le.jpeg\",\"width\":1200,\"height\":630},{\"@type\":\"BreadcrumbList\",\"@id\":\"https:\/\/rvh-synergie.org\/actualites\/netanyahu-avait-un-cancer-de-la-prostate-les-medecins-le-considerent-en-bonne-sante\/#breadcrumb\",\"itemListElement\":[{\"@type\":\"ListItem\",\"position\":1,\"name\":\"Accueil\",\"item\":\"https:\/\/rvh-synergie.org\/actualites\/\"},{\"@type\":\"ListItem\",\"position\":2,\"name\":\"Netanyahu avait un cancer de la prostate, les m\u00e9decins le consid\u00e8rent en bonne sant\u00e9\"}]},{\"@type\":\"WebSite\",\"@id\":\"https:\/\/rvh-synergie.org\/actualites\/#website\",\"url\":\"https:\/\/rvh-synergie.org\/actualites\/\",\"name\":\"RVH-Synergie.org\",\"description\":\"RVH-Synergie, site ind\u00e9pendant d&#039;informations sur la prise en charge des addictions.\",\"publisher\":{\"@id\":\"https:\/\/rvh-synergie.org\/actualites\/#organization\"},\"potentialAction\":[{\"@type\":\"SearchAction\",\"target\":{\"@type\":\"EntryPoint\",\"urlTemplate\":\"https:\/\/rvh-synergie.org\/actualites\/?s={search_term_string}\"},\"query-input\":{\"@type\":\"PropertyValueSpecification\",\"valueRequired\":true,\"valueName\":\"search_term_string\"}}],\"inLanguage\":\"fr-FR\"},{\"@type\":\"Organization\",\"@id\":\"https:\/\/rvh-synergie.org\/actualites\/#organization\",\"name\":\"RVH-Synergie.org\",\"url\":\"https:\/\/rvh-synergie.org\/actualites\/\",\"logo\":{\"@type\":\"ImageObject\",\"inLanguage\":\"fr-FR\",\"@id\":\"https:\/\/rvh-synergie.org\/actualites\/#\/schema\/logo\/image\/\",\"url\":\"https:\/\/rvh-synergie.org\/actualites\/wp-content\/uploads\/2024\/09\/favicon.png\",\"contentUrl\":\"https:\/\/rvh-synergie.org\/actualites\/wp-content\/uploads\/2024\/09\/favicon.png\",\"width\":512,\"height\":512,\"caption\":\"RVH-Synergie.org\"},\"image\":{\"@id\":\"https:\/\/rvh-synergie.org\/actualites\/#\/schema\/logo\/image\/\"}},{\"@type\":\"Person\",\"@id\":\"https:\/\/rvh-synergie.org\/actualites\/#\/schema\/person\/aa5ea98671fb4e8620f488a0795d2560\",\"name\":\"Charles Martinez\",\"image\":{\"@type\":\"ImageObject\",\"inLanguage\":\"fr-FR\",\"@id\":\"https:\/\/rvh-synergie.org\/actualites\/#\/schema\/person\/image\/\",\"url\":\"https:\/\/rvh-synergie.org\/actualites\/wp-content\/uploads\/2024\/09\/charles-martinez-scaled.jpg\",\"contentUrl\":\"https:\/\/rvh-synergie.org\/actualites\/wp-content\/uploads\/2024\/09\/charles-martinez-scaled.jpg\",\"caption\":\"Charles Martinez\"},\"description\":\"Bonjour, je m'appelle Charles Martinez, r\u00e9dacteur passionn\u00e9 pour le m\u00e9dia RVH-synergie.org, d\u00e9di\u00e9 aux addictions et aux maladies. Depuis plus de dix ans, j'explore et rapporte les histoires poignantes des individus confront\u00e9s \u00e0 ces d\u00e9fis, tout en sensibilisant le public aux traitements novateurs et aux progr\u00e8s scientifiques dans ce domaine. Mon engagement r\u00e9side dans l'espoir de cr\u00e9er une communaut\u00e9 inform\u00e9e et empathique, pr\u00eate \u00e0 soutenir ceux qui luttent contre ces \u00e9preuves.\",\"sameAs\":[\"https:\/\/rvh-synergie.org\/\"]}]}<\/script>\n<!-- \/ Yoast SEO plugin. -->","yoast_head_json":{"title":"Netanyahu avait un cancer de la prostate, les m\u00e9decins le consid\u00e8rent en bonne sant\u00e9 - RVH-Synergie.org","robots":{"index":"index","follow":"follow","max-snippet":"max-snippet:-1","max-image-preview":"max-image-preview:large","max-video-preview":"max-video-preview:-1"},"canonical":"https:\/\/rvh-synergie.org\/actualites\/netanyahu-avait-un-cancer-de-la-prostate-les-medecins-le-considerent-en-bonne-sante\/","og_locale":"fr_FR","og_type":"article","og_title":"Netanyahu avait un cancer de la prostate, les m\u00e9decins le consid\u00e8rent en bonne sant\u00e9 - RVH-Synergie.org","og_description":"Le Premier ministre isra\u00e9lien Benjamin Netanyahu souffrait d&rsquo;une tumeur \u00e0 la prostate. Il a partag\u00e9","og_url":"https:\/\/rvh-synergie.org\/actualites\/netanyahu-avait-un-cancer-de-la-prostate-les-medecins-le-considerent-en-bonne-sante\/","og_site_name":"RVH-Synergie","article_published_time":"2026-04-28T16:10:37+00:00","article_modified_time":"2026-04-28T16:10:38+00:00","og_image":[{"width":1200,"height":630,"url":"https:\/\/rvh-synergie.org\/actualites\/wp-content\/uploads\/2026\/04\/Netanyahu-avait-un-cancer-de-la-prostate-les-medecins-le.jpeg","type":"image\/jpeg"}],"author":"Charles Martinez","twitter_card":"summary_large_image","twitter_misc":{"\u00c9crit par":"Charles Martinez","Dur\u00e9e de lecture estim\u00e9e":"3 minutes"},"schema":{"@context":"https:\/\/schema.org","@graph":[{"@type":"Article","@id":"https:\/\/rvh-synergie.org\/actualites\/netanyahu-avait-un-cancer-de-la-prostate-les-medecins-le-considerent-en-bonne-sante\/#article","isPartOf":{"@id":"https:\/\/rvh-synergie.org\/actualites\/netanyahu-avait-un-cancer-de-la-prostate-les-medecins-le-considerent-en-bonne-sante\/"},"author":{"name":"Charles Martinez","@id":"https:\/\/rvh-synergie.org\/actualites\/#\/schema\/person\/aa5ea98671fb4e8620f488a0795d2560"},"headline":"Netanyahu avait un cancer de la prostate, les m\u00e9decins le consid\u00e8rent en bonne sant\u00e9","datePublished":"2026-04-28T16:10:37+00:00","dateModified":"2026-04-28T16:10:38+00:00","mainEntityOfPage":{"@id":"https:\/\/rvh-synergie.org\/actualites\/netanyahu-avait-un-cancer-de-la-prostate-les-medecins-le-considerent-en-bonne-sante\/"},"wordCount":669,"commentCount":0,"publisher":{"@id":"https:\/\/rvh-synergie.org\/actualites\/#organization"},"image":{"@id":"https:\/\/rvh-synergie.org\/actualites\/netanyahu-avait-un-cancer-de-la-prostate-les-medecins-le-considerent-en-bonne-sante\/#primaryimage"},"thumbnailUrl":"https:\/\/rvh-synergie.org\/actualites\/wp-content\/uploads\/2026\/04\/Netanyahu-avait-un-cancer-de-la-prostate-les-medecins-le.jpeg","keywords":["avait","bonne","cancer","consid\u00e8rent","Les","m\u00e9decins","Netanyahu","prostate","sant\u00e9"],"articleSection":["Les maladies"],"inLanguage":"fr-FR","potentialAction":[{"@type":"CommentAction","name":"Comment","target":["https:\/\/rvh-synergie.org\/actualites\/netanyahu-avait-un-cancer-de-la-prostate-les-medecins-le-considerent-en-bonne-sante\/#respond"]}]},{"@type":"WebPage","@id":"https:\/\/rvh-synergie.org\/actualites\/netanyahu-avait-un-cancer-de-la-prostate-les-medecins-le-considerent-en-bonne-sante\/","url":"https:\/\/rvh-synergie.org\/actualites\/netanyahu-avait-un-cancer-de-la-prostate-les-medecins-le-considerent-en-bonne-sante\/","name":"Netanyahu avait un cancer de la prostate, les m\u00e9decins le consid\u00e8rent en bonne sant\u00e9 - RVH-Synergie.org","isPartOf":{"@id":"https:\/\/rvh-synergie.org\/actualites\/#website"},"primaryImageOfPage":{"@id":"https:\/\/rvh-synergie.org\/actualites\/netanyahu-avait-un-cancer-de-la-prostate-les-medecins-le-considerent-en-bonne-sante\/#primaryimage"},"image":{"@id":"https:\/\/rvh-synergie.org\/actualites\/netanyahu-avait-un-cancer-de-la-prostate-les-medecins-le-considerent-en-bonne-sante\/#primaryimage"},"thumbnailUrl":"https:\/\/rvh-synergie.org\/actualites\/wp-content\/uploads\/2026\/04\/Netanyahu-avait-un-cancer-de-la-prostate-les-medecins-le.jpeg","datePublished":"2026-04-28T16:10:37+00:00","dateModified":"2026-04-28T16:10:38+00:00","breadcrumb":{"@id":"https:\/\/rvh-synergie.org\/actualites\/netanyahu-avait-un-cancer-de-la-prostate-les-medecins-le-considerent-en-bonne-sante\/#breadcrumb"},"inLanguage":"fr-FR","potentialAction":[{"@type":"ReadAction","target":["https:\/\/rvh-synergie.org\/actualites\/netanyahu-avait-un-cancer-de-la-prostate-les-medecins-le-considerent-en-bonne-sante\/"]}]},{"@type":"ImageObject","inLanguage":"fr-FR","@id":"https:\/\/rvh-synergie.org\/actualites\/netanyahu-avait-un-cancer-de-la-prostate-les-medecins-le-considerent-en-bonne-sante\/#primaryimage","url":"https:\/\/rvh-synergie.org\/actualites\/wp-content\/uploads\/2026\/04\/Netanyahu-avait-un-cancer-de-la-prostate-les-medecins-le.jpeg","contentUrl":"https:\/\/rvh-synergie.org\/actualites\/wp-content\/uploads\/2026\/04\/Netanyahu-avait-un-cancer-de-la-prostate-les-medecins-le.jpeg","width":1200,"height":630},{"@type":"BreadcrumbList","@id":"https:\/\/rvh-synergie.org\/actualites\/netanyahu-avait-un-cancer-de-la-prostate-les-medecins-le-considerent-en-bonne-sante\/#breadcrumb","itemListElement":[{"@type":"ListItem","position":1,"name":"Accueil","item":"https:\/\/rvh-synergie.org\/actualites\/"},{"@type":"ListItem","position":2,"name":"Netanyahu avait un cancer de la prostate, les m\u00e9decins le consid\u00e8rent en bonne sant\u00e9"}]},{"@type":"WebSite","@id":"https:\/\/rvh-synergie.org\/actualites\/#website","url":"https:\/\/rvh-synergie.org\/actualites\/","name":"RVH-Synergie.org","description":"RVH-Synergie, site ind\u00e9pendant d&#039;informations sur la prise en charge des addictions.","publisher":{"@id":"https:\/\/rvh-synergie.org\/actualites\/#organization"},"potentialAction":[{"@type":"SearchAction","target":{"@type":"EntryPoint","urlTemplate":"https:\/\/rvh-synergie.org\/actualites\/?s={search_term_string}"},"query-input":{"@type":"PropertyValueSpecification","valueRequired":true,"valueName":"search_term_string"}}],"inLanguage":"fr-FR"},{"@type":"Organization","@id":"https:\/\/rvh-synergie.org\/actualites\/#organization","name":"RVH-Synergie.org","url":"https:\/\/rvh-synergie.org\/actualites\/","logo":{"@type":"ImageObject","inLanguage":"fr-FR","@id":"https:\/\/rvh-synergie.org\/actualites\/#\/schema\/logo\/image\/","url":"https:\/\/rvh-synergie.org\/actualites\/wp-content\/uploads\/2024\/09\/favicon.png","contentUrl":"https:\/\/rvh-synergie.org\/actualites\/wp-content\/uploads\/2024\/09\/favicon.png","width":512,"height":512,"caption":"RVH-Synergie.org"},"image":{"@id":"https:\/\/rvh-synergie.org\/actualites\/#\/schema\/logo\/image\/"}},{"@type":"Person","@id":"https:\/\/rvh-synergie.org\/actualites\/#\/schema\/person\/aa5ea98671fb4e8620f488a0795d2560","name":"Charles Martinez","image":{"@type":"ImageObject","inLanguage":"fr-FR","@id":"https:\/\/rvh-synergie.org\/actualites\/#\/schema\/person\/image\/","url":"https:\/\/rvh-synergie.org\/actualites\/wp-content\/uploads\/2024\/09\/charles-martinez-scaled.jpg","contentUrl":"https:\/\/rvh-synergie.org\/actualites\/wp-content\/uploads\/2024\/09\/charles-martinez-scaled.jpg","caption":"Charles Martinez"},"description":"Bonjour, je m'appelle Charles Martinez, r\u00e9dacteur passionn\u00e9 pour le m\u00e9dia RVH-synergie.org, d\u00e9di\u00e9 aux addictions et aux maladies. Depuis plus de dix ans, j'explore et rapporte les histoires poignantes des individus confront\u00e9s \u00e0 ces d\u00e9fis, tout en sensibilisant le public aux traitements novateurs et aux progr\u00e8s scientifiques dans ce domaine. Mon engagement r\u00e9side dans l'espoir de cr\u00e9er une communaut\u00e9 inform\u00e9e et empathique, pr\u00eate \u00e0 soutenir ceux qui luttent contre ces \u00e9preuves.","sameAs":["https:\/\/rvh-synergie.org\/"]}]}},"_links":{"self":[{"href":"https:\/\/rvh-synergie.org\/actualites\/wp-json\/wp\/v2\/posts\/16085","targetHints":{"allow":["GET"]}}],"collection":[{"href":"https:\/\/rvh-synergie.org\/actualites\/wp-json\/wp\/v2\/posts"}],"about":[{"href":"https:\/\/rvh-synergie.org\/actualites\/wp-json\/wp\/v2\/types\/post"}],"author":[{"embeddable":true,"href":"https:\/\/rvh-synergie.org\/actualites\/wp-json\/wp\/v2\/users\/1"}],"replies":[{"embeddable":true,"href":"https:\/\/rvh-synergie.org\/actualites\/wp-json\/wp\/v2\/comments?post=16085"}],"version-history":[{"count":1,"href":"https:\/\/rvh-synergie.org\/actualites\/wp-json\/wp\/v2\/posts\/16085\/revisions"}],"predecessor-version":[{"id":16087,"href":"https:\/\/rvh-synergie.org\/actualites\/wp-json\/wp\/v2\/posts\/16085\/revisions\/16087"}],"wp:featuredmedia":[{"embeddable":true,"href":"https:\/\/rvh-synergie.org\/actualites\/wp-json\/wp\/v2\/media\/16086"}],"wp:attachment":[{"href":"https:\/\/rvh-synergie.org\/actualites\/wp-json\/wp\/v2\/media?parent=16085"}],"wp:term":[{"taxonomy":"category","embeddable":true,"href":"https:\/\/rvh-synergie.org\/actualites\/wp-json\/wp\/v2\/categories?post=16085"},{"taxonomy":"post_tag","embeddable":true,"href":"https:\/\/rvh-synergie.org\/actualites\/wp-json\/wp\/v2\/tags?post=16085"}],"curies":[{"name":"wp","href":"https:\/\/api.w.org\/{rel}","templated":true}]}}