{"id":16079,"date":"2026-04-28T12:10:37","date_gmt":"2026-04-28T10:10:37","guid":{"rendered":"https:\/\/rvh-synergie.org\/actualites\/jai-decouvert-le-dernier-cas-de-cancer-de-la-peau-lors-dune-fete-danniversaire\/"},"modified":"2026-04-28T12:10:38","modified_gmt":"2026-04-28T10:10:38","slug":"jai-decouvert-le-dernier-cas-de-cancer-de-la-peau-lors-dune-fete-danniversaire","status":"publish","type":"post","link":"https:\/\/rvh-synergie.org\/actualites\/jai-decouvert-le-dernier-cas-de-cancer-de-la-peau-lors-dune-fete-danniversaire\/","title":{"rendered":"J&rsquo;ai d\u00e9couvert le dernier cas de cancer de la peau lors d&rsquo;une f\u00eate d&rsquo;anniversaire"},"content":{"rendered":"<p><!--$--><\/p>\n<div data-hk=\"0000942120a20200\" class=\"Html-Block\" data-qa-article-content-text>\n<p>J&rsquo;ai d\u00e9couvert mon dernier cas grave de cancer de la peau, non pas dans mon cabinet, mais chez nous, lors d&rsquo;une f\u00eate d&rsquo;anniversaire. Une petite tache sur l&rsquo;avant-bras d&rsquo;un ami, discr\u00e8te &#8211; mais mes yeux \u00e9taient attir\u00e9s par elle. C&rsquo;\u00e9tait clair pour moi : il pourrait s&rsquo;agir d&rsquo;un m\u00e9lanome, \u00e0 ses d\u00e9buts.<\/p>\n<\/div>\n<div data-hk=\"0000942120a20210\" class=\"Html-Block\" data-qa-article-content-text>\n<p>J&rsquo;ai imm\u00e9diatement pu mettre mon amie en contact avec une coll\u00e8gue d&rsquo;une clinique proche d&rsquo;elle qui a confirm\u00e9 mes soup\u00e7ons. C&rsquo;\u00e9tait le meilleur cas possible : la maladie a \u00e9t\u00e9 d\u00e9tect\u00e9e si t\u00f4t qu&rsquo;aucune cons\u00e9quence n&rsquo;est \u00e0 pr\u00e9voir &#8211; mon amie a \u00e9t\u00e9 gu\u00e9rie avant m\u00eame de tomber malade. Les cellules malignes se trouvaient dans une couche de peau dans laquelle elles ne peuvent pas tenter de semer des tumeurs filles, c&rsquo;est pourquoi le m\u00e9lanome est dit in situ (tr\u00e8s localement limit\u00e9 \u00e0 l&rsquo;\u00e9piderme).<\/p>\n<\/div>\n<aside data-hk=\"0000942120a202204\" data-qa-ad-slot class=\"Ad-Slot Ad-Slot-mobile Ad-Slot-hor Ad-Slot-FC\">\n<div class=\"Ad-Slot-FC-Container\">\n<div class=\"Ad-Slot-FC-Window\">\n<div id=\"ad-slot-mobile-hor-2\" data-orientation=\"hor\" data-index=\"2\" data-slot=\"ad-slot\" data-device=\"mobile\"><\/div>\n<\/div>\n<\/div>\n<\/aside>\n<div data-hk=\"0000942120a20230\" class=\"Article-ReusableText Html-Block\" data-qa-article-reusable-content-text><!--$--><!--\/--><\/p>\n<div>\n<h2>\u00c0 propos de l&rsquo;auteur<\/h2>\n<p>Claudia Traidl-Hoffmann est directrice de l&rsquo;Institut de m\u00e9decine environnementale et de sant\u00e9 int\u00e9grative de l&rsquo;universit\u00e9 et de l&rsquo;h\u00f4pital universitaire d&rsquo;Augsbourg. De 2011 \u00e0 2013, elle a \u00e9t\u00e9 directrice dermatologique du Centre interdisciplinaire VIH de la Clinique Rechts der Isar.<\/p>\n<\/div>\n<\/div>\n<div data-hk=\"0000942120a20240\" class=\"Html-Block\" data-qa-article-content-text>\n<h2>Le cancer de la peau peut se cacher<\/h2>\n<p>Cela m&rsquo;arrive souvent. \u00c0 maintes reprises, des amis, des membres de ma famille et m\u00eame de parfaits inconnus me montrent leurs changements cutan\u00e9s lorsqu&rsquo;ils d\u00e9couvrent que je suis dermatologue. Souvent, ils sont inoffensifs, mais parfois non.<\/p>\n<\/div>\n<div data-hk=\"0000942120a20250\" class=\"Html-Block\" data-qa-article-content-text>\n<p>Un patient est venu me voir \u00e0 cause d&rsquo;un psoriasis s\u00e9v\u00e8re. Comme toujours, j&rsquo;ai insist\u00e9 pour un examen cutan\u00e9 complet. Je fais cela \u00e9tape par \u00e9tape, d&rsquo;abord les bras, puis le haut du corps, enfin les jambes. \u00c0 la fin, elle s&rsquo;est tenue devant moi en chaussettes.<\/p>\n<\/div>\n<aside data-hk=\"0000942120a202604\" data-qa-ad-slot class=\"Ad-Slot Ad-Slot-mobile Ad-Slot-out\">\n<div id=\"ad-slot-mobile-out-1\" data-orientation=\"out\" data-index=\"1\" data-slot=\"ad-slot\" data-device=\"mobile\"><\/div>\n<\/aside>\n<div data-hk=\"0000942120a20270\" class=\"Ad-Row\">\n<div class=\"Ad-Col col-lg-5\">\n<div data-hk=\"0000942120a2027104\" data-qa-ad-slot class=\"Ad-Slot Ad-Slot-desktop Ad-Slot-ver\" role=\"region\" aria-label=\"Anzeige 1\">\n<div id=\"ad-slot-desktop-ver-1\" data-orientation=\"ver\" data-index=\"1\" data-slot=\"ad-slot\" data-device=\"desktop\"><\/div>\n<\/div>\n<\/div>\n<div class=\"Ad-Col col-lg-5\">\n<aside data-hk=\"0000942120a2027204\" data-qa-ad-slot class=\"Ad-Slot Ad-Slot-desktop Ad-Slot-ver Ad-Slot-FC\">\n<div class=\"Ad-Slot-FC-Container\">\n<div class=\"Ad-Slot-FC-Window\">\n<div id=\"ad-slot-desktop-ver-2\" data-orientation=\"ver\" data-index=\"2\" data-slot=\"ad-slot\" data-device=\"desktop\"><\/div>\n<\/div>\n<\/div>\n<\/aside>\n<\/div>\n<\/div>\n<div data-hk=\"0000942120a20280\" class=\"Html-Block\" data-qa-article-content-text>\n<p>\u00ab\u00a0Il n&rsquo;est pas n\u00e9cessaire de chercher l\u00e0-bas, il n&rsquo;y a pas de psoriasis\u00a0\u00bb, a d\u00e9clar\u00e9 le patient. \u00ab\u00a0Quoi qu&rsquo;il en soit, s&rsquo;il te pla\u00eet, enl\u00e8ve tes chaussettes\u00a0\u00bb, ai-je demand\u00e9. Presque un peu ennuy\u00e9e, elle l&rsquo;a fait &#8211; et j&rsquo;ai ensuite d\u00e9couvert une tache sombre l\u00e9g\u00e8rement saignante sur son petit orteil. \u00ab\u00a0Oh, \u00e7a,\u00a0\u00bb lui fit-elle signe. \u00ab\u00a0D&rsquo;autres m\u00e9decins ont d\u00e9j\u00e0 regard\u00e9. M\u00eame le podologue a dit que ce n&rsquo;\u00e9tait rien.\u00a0\u00bb Mais c\u2019\u00e9tait quelque chose : un m\u00e9lanome malin acrolentigineux \u2013 une forme particuli\u00e8rement agressive de cancer de la peau noire.<\/p>\n<\/div>\n<aside data-hk=\"0000942120a202904\" data-qa-ad-slot class=\"Ad-Slot Ad-Slot-mobile Ad-Slot-hor\">\n<div id=\"ad-slot-mobile-hor-3\" data-orientation=\"hor\" data-index=\"3\" data-slot=\"ad-slot\" data-device=\"mobile\"><\/div>\n<\/aside>\n<div data-hk=\"0000942120a202a100\" class=\"Html-Block\" data-qa-article-content-text>\n<p>Cela montre \u00e9galement \u00e0 quel point il est crucial de prendre son temps et d\u2019y regarder de pr\u00e8s. Bien s\u00fbr, le psoriasis \u00e9tait le probl\u00e8me auquel le patient \u00e9tait confront\u00e9, et je l&rsquo;ai \u00e9galement trait\u00e9 plus tard. Mais \u00e0 ce moment-l\u00e0, j\u2019ai d\u00fb fixer des priorit\u00e9s : d\u2019abord le m\u00e9lanome potentiellement mortel, puis la maladie cutan\u00e9e chronique. Aujourd\u2019hui, les deux sont abord\u00e9s \u2013 dans le bon ordre.<\/p>\n<\/div>\n<div data-hk=\"0000942120a202a110\" class=\"Html-Block\" data-qa-article-content-text>\n<h2>Notre peau n&rsquo;oublie rien<\/h2>\n<p>Ces deux histoires montrent ce qu\u2019est le cancer de la peau : une d\u00e9tection pr\u00e9coce. Le cancer de la peau est en augmentation depuis des d\u00e9cennies \u2013 le cancer de la peau blanche plus que le cancer de la peau noire.<\/p>\n<\/div>\n<aside data-hk=\"0000942120a202a1204\" data-qa-ad-slot class=\"Ad-Slot Ad-Slot-mobile Ad-Slot-hor\">\n<div id=\"ad-slot-mobile-hor-4\" data-orientation=\"hor\" data-index=\"4\" data-slot=\"ad-slot\" data-device=\"mobile\"><\/div>\n<\/aside>\n<div data-hk=\"0000942120a202a130\" class=\"Html-Block\" data-qa-article-content-text>\n<p>La principale cause est le rayonnement UV du soleil, des solariums et de nos activit\u00e9s de loisirs. Avec le changement climatique, les conditions changent \u00e9galement : il fait plus chaud, nous profitons davantage du soleil, passons plus de temps \u00e0 l\u2019ext\u00e9rieur et sommes expos\u00e9s \u00e0 des conditions de rayonnement changeantes. <\/p>\n<\/div>\n<aside data-hk=\"0000942120a202a1404\" data-qa-ad-slot class=\"Ad-Slot Ad-Slot-desktop Ad-Slot-hor Ad-Slot-FC\">\n<div class=\"Ad-Slot-FC-Container\">\n<div class=\"Ad-Slot-FC-Window\">\n<div id=\"ad-slot-desktop-hor-2\" data-orientation=\"hor\" data-index=\"2\" data-slot=\"ad-slot\" data-device=\"desktop\"><\/div>\n<\/div>\n<\/div>\n<\/aside>\n<div data-hk=\"0000942120a202a150\" class=\"Html-Block\" data-qa-article-content-text>\n<p>Mais notre peau n&rsquo;oublie rien. Une surdose de lumi\u00e8re UV endommage le mat\u00e9riel g\u00e9n\u00e9tique des cellules. La peau peut r\u00e9parer ces dommages, mais ces m\u00e9canismes deviennent moins efficaces avec le temps. Le \u00ab Rapport m\u00e9dical \u00bb de la Barmer Krankenkasse 2025 montre que les diagnostics de cancer de la peau noire (m\u00e9lanome malin) ont plus que doubl\u00e9 : de 29 250 en 2005 \u00e0 plus de 71 150 cas en 2023.<\/p>\n<\/div>\n<aside data-hk=\"0000942120a202a1604\" data-qa-ad-slot class=\"Ad-Slot Ad-Slot-mobile Ad-Slot-hor\">\n<div id=\"ad-slot-mobile-hor-5\" data-orientation=\"hor\" data-index=\"5\" data-slot=\"ad-slot\" data-device=\"mobile\"><\/div>\n<\/aside>\n<div data-hk=\"0000942120a202a170\" class=\"Html-Block\" data-qa-article-content-text>\n<p>Le diagnostic de \u00ab cancer de la peau autre que le m\u00e9lanome \u00bb est \u00e9galement de plus en plus courant : le nombre de cas est pass\u00e9 d&rsquo;environ 112 200 \u00e0 295 000. Selon ce rapport, la \u00ab g\u00e9n\u00e9ration des baby-boomers \u00bb, c&rsquo;est-\u00e0-dire les personnes n\u00e9es entre 1950 et 1964 et qui ont invent\u00e9 le \u00ab bronzage \u00bb, est particuli\u00e8rement touch\u00e9e. Tous ceux qui avaient de l&rsquo;argent partaient en vacances dans le sud, se pr\u00e9lassaient au soleil et exhibaient leur bronzage avec fiert\u00e9. Ceux qui n&rsquo;en avaient pas allaient au solarium.<\/p>\n<\/div>\n<aside data-hk=\"0000942120a202a1804\" data-qa-ad-slot class=\"Ad-Slot Ad-Slot-mobile Ad-Slot-hor\">\n<div id=\"ad-slot-mobile-hor-6\" data-orientation=\"hor\" data-index=\"6\" data-slot=\"ad-slot\" data-device=\"mobile\"><\/div>\n<\/aside>\n<div data-hk=\"0000942120a202a190\" data-qa-article-cwc-widget class=\"Article-CwcWidget\">\n<div data-hk=\"0000942120a202a1910\" class=\"CwcWidget-Wrapper mb-xl\"><!--!$e0000942120a202a19110--><\/p>\n<section data-hk=\"0000942120a202a19110000\" class=\"Boost-List\" data-qa-boost-list><!--$--><\/p>\n<h2 data-hk=\"0000942120a202a191100010\" class=\"caps primary mb-sm\" data-qa-boost-list-title>Astuce de livre (publicit\u00e9)<\/h2>\n<p><!--\/--><!--$--><!--\/--><!--$--><\/p>\n<ul data-hk=\"0000942120a202a1911000300\" class=\"RUC-List RUC-List--Theme-Brand RUC-List--Spacing-SM \" data-qa-boost-list-items=\"https:\/\/www.focus.de\/gesundheit\/ratgeber\/true\">\n<li data-hk=\"0000942120a202a191100030200\" class=\"\">\n<article data-hk=\"0000942120a202a1911000302010\" class=\"Boost-List-Article \" data-qa-boost-list-article><!--$--><!--\/--><!--$--><\/p>\n<figure data-hk=\"0000942120a202a191100030201201\" class=\"Boost-List-Article-Figure\"><!--$--><!--\/--><!--$--><\/p>\n<div data-hk=\"0000942120a202a1911000302012030000\" data-qa-image-container class=\"Image-Container aspect-ratio-box aspect-4-3\"><\/div>\n<p><!--\/--><!--$--><figcaption data-hk=\"0000942120a202a1911000302012040\">\n<p data-hk=\"0000942120a202a1911000302012000\" class=\"Image-Credit mt-xs mb-0\">Source des images\u00a0: <!--$-->\u00c9ditions Rowohlt<!--\/--><\/p>\n<\/figcaption><!--\/--><\/figure>\n<p><!--\/--><\/p>\n<div class=\"Boost-List-Article-Header\">\n<p class=\"unified-headline-sm mb-sm\" data-qa-boost-list-article-title>Astuce de livre (publicit\u00e9)<\/p>\n<div class=\"Html-Block unified-text-base mb-xs\" data-qa-boost-list-article-text>\n<p>Cet article est un extrait du livre \u00ab\u00a0La m\u00e9decine du futur &#8211; Gu\u00e9rir dans un monde chang\u00e9\u00a0\u00bb de Claudia Traidl-Hoffmann et Katja Trippel.<\/p>\n<\/div>\n<p><!--$--><!--\/--><\/div>\n<p><!--$--><!--\/--><\/article>\n<\/li>\n<\/ul>\n<p><!--\/--><\/section>\n<p><!--!$\/e0000942120a202a19110--><\/div>\n<\/div>\n<div data-hk=\"0000942120a202a200\" class=\"Article-ReusableText Html-Block\" data-qa-article-reusable-content-text><!--$--><!--\/--><\/p>\n<div>\n<h2>Comment d\u00e9tecter pr\u00e9cocement le cancer de la peau noire<\/h2>\n<p>Il est important de reconna\u00eetre pr\u00e9cocement le cancer de la peau noire afin de pr\u00e9venir d\u2019\u00e9ventuelles m\u00e9tastases. Les personnes b\u00e9n\u00e9ficiant d&rsquo;une assurance maladie obligatoire devraient donc profiter de l&rsquo;examen pr\u00e9ventif. \u00c0 partir de 35 ans, les assur\u00e9s peuvent b\u00e9n\u00e9ficier d\u2019un d\u00e9pistage du cancer de la peau tous les deux ans.<\/p>\n<p>N\u00e9anmoins, il est \u00e9galement important de garder un \u0153il sur sa propre peau afin de d\u00e9tecter tout changement suspect. Gesund.Bund r\u00e9sume les caract\u00e9ristiques les plus importantes de la r\u00e8gle ABCDE\u00a0:<\/p>\n<ul>\n<li>A : structure asym\u00e9trique<\/li>\n<li>B : limite irr\u00e9guli\u00e8re<\/li>\n<li>C : diff\u00e9rentes nuances (Couleur)<\/li>\n<li>D\u00a0: diam\u00e8tre sup\u00e9rieur \u00e0 5 millim\u00e8tres<\/li>\n<li>E : D\u00e9veloppement, c&rsquo;est-\u00e0-dire modification d&rsquo;un grain de beaut\u00e9 pigmentaire (parfois \u00e9galement appel\u00e9 \u00e9l\u00e9vation)<\/li>\n<\/ul>\n<p>Si un ou plusieurs de ces changements visibles surviennent, un m\u00e9decin doit \u00eatre consult\u00e9.<\/p>\n<\/div>\n<\/div>\n<div data-hk=\"0000942120a202a210\" class=\"Html-Block\" data-qa-article-content-text>\n<h2>La m\u00e9decine environnementale envisage le cancer de la peau de mani\u00e8re holistique<\/h2>\n<p>Ce n\u2019est que dans les ann\u00e9es 1980, apr\u00e8s la d\u00e9couverte du trou dans la couche d\u2019ozone, que les connaissances sur le risque du rayonnement solaire se sont lentement d\u00e9velopp\u00e9es : avec l\u2019arsenic et la fum\u00e9e de cigarette, c\u2019est l\u2019une des pires toxines canc\u00e9rig\u00e8nes.<\/p>\n<\/div>\n<div data-hk=\"0000942120a202a220\" class=\"Html-Block\" data-qa-article-content-text>\n<p>La bonne nouvelle : l\u2019humanit\u00e9 peut r\u00e9soudre les probl\u00e8mes qu\u2019elle cr\u00e9e. Le meilleur exemple : la lutte contre le trou dans la couche d\u2019ozone. Au milieu des ann\u00e9es 1970, les scientifiques ont \u00e9t\u00e9 les premiers \u00e0 avertir haut et fort que les CFC (chlorofluorocarbures) endommageaient la couche d&rsquo;ozone dans l&rsquo;atmosph\u00e8re.<\/p>\n<\/div>\n<aside data-hk=\"0000942120a202a2304\" data-qa-ad-slot class=\"Ad-Slot Ad-Slot-mobile Ad-Slot-hor\">\n<div id=\"ad-slot-mobile-hor-7\" data-orientation=\"hor\" data-index=\"7\" data-slot=\"ad-slot\" data-device=\"mobile\"><\/div>\n<\/aside>\n<aside data-hk=\"0000942120a202a2404\" data-qa-ad-slot class=\"Ad-Slot Ad-Slot-desktop Ad-Slot-out\">\n<div id=\"ad-slot-desktop-out-1\" data-orientation=\"out\" data-index=\"1\" data-slot=\"ad-slot\" data-device=\"desktop\"><\/div>\n<\/aside>\n<div data-hk=\"0000942120a202a250\" class=\"Html-Block\" data-qa-article-content-text>\n<p>Lorsque la communaut\u00e9 internationale a reconnu l&rsquo;ampleur du risque, elle a r\u00e9agi rapidement et globalement : en 1985, 189 pays ont d\u00e9cid\u00e9 d&rsquo;arr\u00eater en grande partie la production et l&rsquo;utilisation de ces substances et s&rsquo;y sont tenus. Depuis, le trou dans la couche d\u2019ozone s\u2019est consid\u00e9rablement r\u00e9duit. Dans de nombreux pays, la cr\u00e8me solaire est d\u00e9sormais gratuite sur de nombreuses plages.<\/p>\n<\/div>\n<div data-hk=\"0000942120a202a260\" class=\"Html-Block\" data-qa-article-content-text>\n<p>Cette forme de pr\u00e9vention co\u00fbte beaucoup moins cher \u00e0 la communaut\u00e9 que si elle devait financer des cliniques de cancer de la peau. La m\u00e9decine environnementale pense tout cela ensemble : les facteurs environnementaux, le risque individuel, les \u00e9volutions sociales et les \u00e9ventuelles mesures pr\u00e9ventives. C\u2019est la seule fa\u00e7on de d\u00e9tecter, de pr\u00e9venir et de traiter le cancer de la peau \u00e0 temps.<\/p>\n<\/div>\n<p><!--\/--><br \/>\n<!--$--><br \/>\n<!--\/--><br \/>\n<!--$--><br \/>\n<!--\/--><\/p>\n","protected":false},"excerpt":{"rendered":"<p>J&rsquo;ai d\u00e9couvert mon dernier cas grave de cancer de la peau, non pas dans mon<\/p>\n","protected":false},"author":1,"featured_media":16080,"comment_status":"open","ping_status":"","sticky":false,"template":"","format":"standard","meta":{"footnotes":""},"categories":[86],"tags":[391,344,9671,1658,862,284,4595,613,71,1692],"class_list":["post-16079","post","type-post","status-publish","format-standard","has-post-thumbnail","hentry","category-les-maladies","tag-cancer","tag-cas","tag-danniversaire","tag-decouvert","tag-dernier","tag-dune","tag-fete","tag-jai","tag-lors","tag-peau","generate-columns","tablet-grid-50","mobile-grid-100","grid-parent","grid-50","resize-featured-image"],"yoast_head":"<!-- This site is optimized with the Yoast SEO plugin v23.4 - https:\/\/yoast.com\/wordpress\/plugins\/seo\/ -->\n<title>J&#039;ai d\u00e9couvert le dernier cas de cancer de la peau lors d&#039;une f\u00eate d&#039;anniversaire - RVH-Synergie.org<\/title>\n<meta name=\"robots\" content=\"index, follow, max-snippet:-1, max-image-preview:large, max-video-preview:-1\" \/>\n<link rel=\"canonical\" href=\"https:\/\/rvh-synergie.org\/actualites\/jai-decouvert-le-dernier-cas-de-cancer-de-la-peau-lors-dune-fete-danniversaire\/\" \/>\n<meta property=\"og:locale\" content=\"fr_FR\" \/>\n<meta property=\"og:type\" content=\"article\" \/>\n<meta property=\"og:title\" content=\"J&#039;ai d\u00e9couvert le dernier cas de cancer de la peau lors d&#039;une f\u00eate d&#039;anniversaire - RVH-Synergie.org\" \/>\n<meta property=\"og:description\" content=\"J&rsquo;ai d\u00e9couvert mon dernier cas grave de cancer de la peau, non pas dans mon\" \/>\n<meta property=\"og:url\" content=\"https:\/\/rvh-synergie.org\/actualites\/jai-decouvert-le-dernier-cas-de-cancer-de-la-peau-lors-dune-fete-danniversaire\/\" \/>\n<meta property=\"og:site_name\" content=\"RVH-Synergie\" \/>\n<meta property=\"article:published_time\" content=\"2026-04-28T10:10:37+00:00\" \/>\n<meta property=\"article:modified_time\" content=\"2026-04-28T10:10:38+00:00\" \/>\n<meta property=\"og:image\" content=\"https:\/\/rvh-synergie.org\/actualites\/wp-content\/uploads\/2026\/04\/Jai-decouvert-le-dernier-cas-de-cancer-de-la-peau.jpg\" \/>\n\t<meta property=\"og:image:width\" content=\"1200\" \/>\n\t<meta property=\"og:image:height\" content=\"630\" \/>\n\t<meta property=\"og:image:type\" content=\"image\/jpeg\" \/>\n<meta name=\"author\" content=\"Charles Martinez\" \/>\n<meta name=\"twitter:card\" content=\"summary_large_image\" \/>\n<meta name=\"twitter:label1\" content=\"\u00c9crit par\" \/>\n\t<meta name=\"twitter:data1\" content=\"Charles Martinez\" \/>\n\t<meta name=\"twitter:label2\" content=\"Dur\u00e9e de lecture estim\u00e9e\" \/>\n\t<meta name=\"twitter:data2\" content=\"6 minutes\" \/>\n<script type=\"application\/ld+json\" class=\"yoast-schema-graph\">{\"@context\":\"https:\/\/schema.org\",\"@graph\":[{\"@type\":\"Article\",\"@id\":\"https:\/\/rvh-synergie.org\/actualites\/jai-decouvert-le-dernier-cas-de-cancer-de-la-peau-lors-dune-fete-danniversaire\/#article\",\"isPartOf\":{\"@id\":\"https:\/\/rvh-synergie.org\/actualites\/jai-decouvert-le-dernier-cas-de-cancer-de-la-peau-lors-dune-fete-danniversaire\/\"},\"author\":{\"name\":\"Charles Martinez\",\"@id\":\"https:\/\/rvh-synergie.org\/actualites\/#\/schema\/person\/aa5ea98671fb4e8620f488a0795d2560\"},\"headline\":\"J&rsquo;ai d\u00e9couvert le dernier cas de cancer de la peau lors d&rsquo;une f\u00eate d&rsquo;anniversaire\",\"datePublished\":\"2026-04-28T10:10:37+00:00\",\"dateModified\":\"2026-04-28T10:10:38+00:00\",\"mainEntityOfPage\":{\"@id\":\"https:\/\/rvh-synergie.org\/actualites\/jai-decouvert-le-dernier-cas-de-cancer-de-la-peau-lors-dune-fete-danniversaire\/\"},\"wordCount\":1237,\"commentCount\":0,\"publisher\":{\"@id\":\"https:\/\/rvh-synergie.org\/actualites\/#organization\"},\"image\":{\"@id\":\"https:\/\/rvh-synergie.org\/actualites\/jai-decouvert-le-dernier-cas-de-cancer-de-la-peau-lors-dune-fete-danniversaire\/#primaryimage\"},\"thumbnailUrl\":\"https:\/\/rvh-synergie.org\/actualites\/wp-content\/uploads\/2026\/04\/Jai-decouvert-le-dernier-cas-de-cancer-de-la-peau.jpg\",\"keywords\":[\"cancer\",\"cas\",\"danniversaire\",\"d\u00e9couvert\",\"dernier\",\"dune\",\"f\u00eate\",\"jai\",\"lors\",\"peau\"],\"articleSection\":[\"Les maladies\"],\"inLanguage\":\"fr-FR\",\"potentialAction\":[{\"@type\":\"CommentAction\",\"name\":\"Comment\",\"target\":[\"https:\/\/rvh-synergie.org\/actualites\/jai-decouvert-le-dernier-cas-de-cancer-de-la-peau-lors-dune-fete-danniversaire\/#respond\"]}]},{\"@type\":\"WebPage\",\"@id\":\"https:\/\/rvh-synergie.org\/actualites\/jai-decouvert-le-dernier-cas-de-cancer-de-la-peau-lors-dune-fete-danniversaire\/\",\"url\":\"https:\/\/rvh-synergie.org\/actualites\/jai-decouvert-le-dernier-cas-de-cancer-de-la-peau-lors-dune-fete-danniversaire\/\",\"name\":\"J'ai d\u00e9couvert le dernier cas de cancer de la peau lors d'une f\u00eate d'anniversaire - RVH-Synergie.org\",\"isPartOf\":{\"@id\":\"https:\/\/rvh-synergie.org\/actualites\/#website\"},\"primaryImageOfPage\":{\"@id\":\"https:\/\/rvh-synergie.org\/actualites\/jai-decouvert-le-dernier-cas-de-cancer-de-la-peau-lors-dune-fete-danniversaire\/#primaryimage\"},\"image\":{\"@id\":\"https:\/\/rvh-synergie.org\/actualites\/jai-decouvert-le-dernier-cas-de-cancer-de-la-peau-lors-dune-fete-danniversaire\/#primaryimage\"},\"thumbnailUrl\":\"https:\/\/rvh-synergie.org\/actualites\/wp-content\/uploads\/2026\/04\/Jai-decouvert-le-dernier-cas-de-cancer-de-la-peau.jpg\",\"datePublished\":\"2026-04-28T10:10:37+00:00\",\"dateModified\":\"2026-04-28T10:10:38+00:00\",\"breadcrumb\":{\"@id\":\"https:\/\/rvh-synergie.org\/actualites\/jai-decouvert-le-dernier-cas-de-cancer-de-la-peau-lors-dune-fete-danniversaire\/#breadcrumb\"},\"inLanguage\":\"fr-FR\",\"potentialAction\":[{\"@type\":\"ReadAction\",\"target\":[\"https:\/\/rvh-synergie.org\/actualites\/jai-decouvert-le-dernier-cas-de-cancer-de-la-peau-lors-dune-fete-danniversaire\/\"]}]},{\"@type\":\"ImageObject\",\"inLanguage\":\"fr-FR\",\"@id\":\"https:\/\/rvh-synergie.org\/actualites\/jai-decouvert-le-dernier-cas-de-cancer-de-la-peau-lors-dune-fete-danniversaire\/#primaryimage\",\"url\":\"https:\/\/rvh-synergie.org\/actualites\/wp-content\/uploads\/2026\/04\/Jai-decouvert-le-dernier-cas-de-cancer-de-la-peau.jpg\",\"contentUrl\":\"https:\/\/rvh-synergie.org\/actualites\/wp-content\/uploads\/2026\/04\/Jai-decouvert-le-dernier-cas-de-cancer-de-la-peau.jpg\",\"width\":1200,\"height\":630},{\"@type\":\"BreadcrumbList\",\"@id\":\"https:\/\/rvh-synergie.org\/actualites\/jai-decouvert-le-dernier-cas-de-cancer-de-la-peau-lors-dune-fete-danniversaire\/#breadcrumb\",\"itemListElement\":[{\"@type\":\"ListItem\",\"position\":1,\"name\":\"Accueil\",\"item\":\"https:\/\/rvh-synergie.org\/actualites\/\"},{\"@type\":\"ListItem\",\"position\":2,\"name\":\"J&rsquo;ai d\u00e9couvert le dernier cas de cancer de la peau lors d&rsquo;une f\u00eate d&rsquo;anniversaire\"}]},{\"@type\":\"WebSite\",\"@id\":\"https:\/\/rvh-synergie.org\/actualites\/#website\",\"url\":\"https:\/\/rvh-synergie.org\/actualites\/\",\"name\":\"RVH-Synergie.org\",\"description\":\"RVH-Synergie, site ind\u00e9pendant d&#039;informations sur la prise en charge des addictions.\",\"publisher\":{\"@id\":\"https:\/\/rvh-synergie.org\/actualites\/#organization\"},\"potentialAction\":[{\"@type\":\"SearchAction\",\"target\":{\"@type\":\"EntryPoint\",\"urlTemplate\":\"https:\/\/rvh-synergie.org\/actualites\/?s={search_term_string}\"},\"query-input\":{\"@type\":\"PropertyValueSpecification\",\"valueRequired\":true,\"valueName\":\"search_term_string\"}}],\"inLanguage\":\"fr-FR\"},{\"@type\":\"Organization\",\"@id\":\"https:\/\/rvh-synergie.org\/actualites\/#organization\",\"name\":\"RVH-Synergie.org\",\"url\":\"https:\/\/rvh-synergie.org\/actualites\/\",\"logo\":{\"@type\":\"ImageObject\",\"inLanguage\":\"fr-FR\",\"@id\":\"https:\/\/rvh-synergie.org\/actualites\/#\/schema\/logo\/image\/\",\"url\":\"https:\/\/rvh-synergie.org\/actualites\/wp-content\/uploads\/2024\/09\/favicon.png\",\"contentUrl\":\"https:\/\/rvh-synergie.org\/actualites\/wp-content\/uploads\/2024\/09\/favicon.png\",\"width\":512,\"height\":512,\"caption\":\"RVH-Synergie.org\"},\"image\":{\"@id\":\"https:\/\/rvh-synergie.org\/actualites\/#\/schema\/logo\/image\/\"}},{\"@type\":\"Person\",\"@id\":\"https:\/\/rvh-synergie.org\/actualites\/#\/schema\/person\/aa5ea98671fb4e8620f488a0795d2560\",\"name\":\"Charles Martinez\",\"image\":{\"@type\":\"ImageObject\",\"inLanguage\":\"fr-FR\",\"@id\":\"https:\/\/rvh-synergie.org\/actualites\/#\/schema\/person\/image\/\",\"url\":\"https:\/\/rvh-synergie.org\/actualites\/wp-content\/uploads\/2024\/09\/charles-martinez-scaled.jpg\",\"contentUrl\":\"https:\/\/rvh-synergie.org\/actualites\/wp-content\/uploads\/2024\/09\/charles-martinez-scaled.jpg\",\"caption\":\"Charles Martinez\"},\"description\":\"Bonjour, je m'appelle Charles Martinez, r\u00e9dacteur passionn\u00e9 pour le m\u00e9dia RVH-synergie.org, d\u00e9di\u00e9 aux addictions et aux maladies. Depuis plus de dix ans, j'explore et rapporte les histoires poignantes des individus confront\u00e9s \u00e0 ces d\u00e9fis, tout en sensibilisant le public aux traitements novateurs et aux progr\u00e8s scientifiques dans ce domaine. Mon engagement r\u00e9side dans l'espoir de cr\u00e9er une communaut\u00e9 inform\u00e9e et empathique, pr\u00eate \u00e0 soutenir ceux qui luttent contre ces \u00e9preuves.\",\"sameAs\":[\"https:\/\/rvh-synergie.org\/\"]}]}<\/script>\n<!-- \/ Yoast SEO plugin. -->","yoast_head_json":{"title":"J'ai d\u00e9couvert le dernier cas de cancer de la peau lors d'une f\u00eate d'anniversaire - RVH-Synergie.org","robots":{"index":"index","follow":"follow","max-snippet":"max-snippet:-1","max-image-preview":"max-image-preview:large","max-video-preview":"max-video-preview:-1"},"canonical":"https:\/\/rvh-synergie.org\/actualites\/jai-decouvert-le-dernier-cas-de-cancer-de-la-peau-lors-dune-fete-danniversaire\/","og_locale":"fr_FR","og_type":"article","og_title":"J'ai d\u00e9couvert le dernier cas de cancer de la peau lors d'une f\u00eate d'anniversaire - RVH-Synergie.org","og_description":"J&rsquo;ai d\u00e9couvert mon dernier cas grave de cancer de la peau, non pas dans mon","og_url":"https:\/\/rvh-synergie.org\/actualites\/jai-decouvert-le-dernier-cas-de-cancer-de-la-peau-lors-dune-fete-danniversaire\/","og_site_name":"RVH-Synergie","article_published_time":"2026-04-28T10:10:37+00:00","article_modified_time":"2026-04-28T10:10:38+00:00","og_image":[{"width":1200,"height":630,"url":"https:\/\/rvh-synergie.org\/actualites\/wp-content\/uploads\/2026\/04\/Jai-decouvert-le-dernier-cas-de-cancer-de-la-peau.jpg","type":"image\/jpeg"}],"author":"Charles Martinez","twitter_card":"summary_large_image","twitter_misc":{"\u00c9crit par":"Charles Martinez","Dur\u00e9e de lecture estim\u00e9e":"6 minutes"},"schema":{"@context":"https:\/\/schema.org","@graph":[{"@type":"Article","@id":"https:\/\/rvh-synergie.org\/actualites\/jai-decouvert-le-dernier-cas-de-cancer-de-la-peau-lors-dune-fete-danniversaire\/#article","isPartOf":{"@id":"https:\/\/rvh-synergie.org\/actualites\/jai-decouvert-le-dernier-cas-de-cancer-de-la-peau-lors-dune-fete-danniversaire\/"},"author":{"name":"Charles Martinez","@id":"https:\/\/rvh-synergie.org\/actualites\/#\/schema\/person\/aa5ea98671fb4e8620f488a0795d2560"},"headline":"J&rsquo;ai d\u00e9couvert le dernier cas de cancer de la peau lors d&rsquo;une f\u00eate d&rsquo;anniversaire","datePublished":"2026-04-28T10:10:37+00:00","dateModified":"2026-04-28T10:10:38+00:00","mainEntityOfPage":{"@id":"https:\/\/rvh-synergie.org\/actualites\/jai-decouvert-le-dernier-cas-de-cancer-de-la-peau-lors-dune-fete-danniversaire\/"},"wordCount":1237,"commentCount":0,"publisher":{"@id":"https:\/\/rvh-synergie.org\/actualites\/#organization"},"image":{"@id":"https:\/\/rvh-synergie.org\/actualites\/jai-decouvert-le-dernier-cas-de-cancer-de-la-peau-lors-dune-fete-danniversaire\/#primaryimage"},"thumbnailUrl":"https:\/\/rvh-synergie.org\/actualites\/wp-content\/uploads\/2026\/04\/Jai-decouvert-le-dernier-cas-de-cancer-de-la-peau.jpg","keywords":["cancer","cas","danniversaire","d\u00e9couvert","dernier","dune","f\u00eate","jai","lors","peau"],"articleSection":["Les maladies"],"inLanguage":"fr-FR","potentialAction":[{"@type":"CommentAction","name":"Comment","target":["https:\/\/rvh-synergie.org\/actualites\/jai-decouvert-le-dernier-cas-de-cancer-de-la-peau-lors-dune-fete-danniversaire\/#respond"]}]},{"@type":"WebPage","@id":"https:\/\/rvh-synergie.org\/actualites\/jai-decouvert-le-dernier-cas-de-cancer-de-la-peau-lors-dune-fete-danniversaire\/","url":"https:\/\/rvh-synergie.org\/actualites\/jai-decouvert-le-dernier-cas-de-cancer-de-la-peau-lors-dune-fete-danniversaire\/","name":"J'ai d\u00e9couvert le dernier cas de cancer de la peau lors d'une f\u00eate d'anniversaire - RVH-Synergie.org","isPartOf":{"@id":"https:\/\/rvh-synergie.org\/actualites\/#website"},"primaryImageOfPage":{"@id":"https:\/\/rvh-synergie.org\/actualites\/jai-decouvert-le-dernier-cas-de-cancer-de-la-peau-lors-dune-fete-danniversaire\/#primaryimage"},"image":{"@id":"https:\/\/rvh-synergie.org\/actualites\/jai-decouvert-le-dernier-cas-de-cancer-de-la-peau-lors-dune-fete-danniversaire\/#primaryimage"},"thumbnailUrl":"https:\/\/rvh-synergie.org\/actualites\/wp-content\/uploads\/2026\/04\/Jai-decouvert-le-dernier-cas-de-cancer-de-la-peau.jpg","datePublished":"2026-04-28T10:10:37+00:00","dateModified":"2026-04-28T10:10:38+00:00","breadcrumb":{"@id":"https:\/\/rvh-synergie.org\/actualites\/jai-decouvert-le-dernier-cas-de-cancer-de-la-peau-lors-dune-fete-danniversaire\/#breadcrumb"},"inLanguage":"fr-FR","potentialAction":[{"@type":"ReadAction","target":["https:\/\/rvh-synergie.org\/actualites\/jai-decouvert-le-dernier-cas-de-cancer-de-la-peau-lors-dune-fete-danniversaire\/"]}]},{"@type":"ImageObject","inLanguage":"fr-FR","@id":"https:\/\/rvh-synergie.org\/actualites\/jai-decouvert-le-dernier-cas-de-cancer-de-la-peau-lors-dune-fete-danniversaire\/#primaryimage","url":"https:\/\/rvh-synergie.org\/actualites\/wp-content\/uploads\/2026\/04\/Jai-decouvert-le-dernier-cas-de-cancer-de-la-peau.jpg","contentUrl":"https:\/\/rvh-synergie.org\/actualites\/wp-content\/uploads\/2026\/04\/Jai-decouvert-le-dernier-cas-de-cancer-de-la-peau.jpg","width":1200,"height":630},{"@type":"BreadcrumbList","@id":"https:\/\/rvh-synergie.org\/actualites\/jai-decouvert-le-dernier-cas-de-cancer-de-la-peau-lors-dune-fete-danniversaire\/#breadcrumb","itemListElement":[{"@type":"ListItem","position":1,"name":"Accueil","item":"https:\/\/rvh-synergie.org\/actualites\/"},{"@type":"ListItem","position":2,"name":"J&rsquo;ai d\u00e9couvert le dernier cas de cancer de la peau lors d&rsquo;une f\u00eate d&rsquo;anniversaire"}]},{"@type":"WebSite","@id":"https:\/\/rvh-synergie.org\/actualites\/#website","url":"https:\/\/rvh-synergie.org\/actualites\/","name":"RVH-Synergie.org","description":"RVH-Synergie, site ind\u00e9pendant d&#039;informations sur la prise en charge des addictions.","publisher":{"@id":"https:\/\/rvh-synergie.org\/actualites\/#organization"},"potentialAction":[{"@type":"SearchAction","target":{"@type":"EntryPoint","urlTemplate":"https:\/\/rvh-synergie.org\/actualites\/?s={search_term_string}"},"query-input":{"@type":"PropertyValueSpecification","valueRequired":true,"valueName":"search_term_string"}}],"inLanguage":"fr-FR"},{"@type":"Organization","@id":"https:\/\/rvh-synergie.org\/actualites\/#organization","name":"RVH-Synergie.org","url":"https:\/\/rvh-synergie.org\/actualites\/","logo":{"@type":"ImageObject","inLanguage":"fr-FR","@id":"https:\/\/rvh-synergie.org\/actualites\/#\/schema\/logo\/image\/","url":"https:\/\/rvh-synergie.org\/actualites\/wp-content\/uploads\/2024\/09\/favicon.png","contentUrl":"https:\/\/rvh-synergie.org\/actualites\/wp-content\/uploads\/2024\/09\/favicon.png","width":512,"height":512,"caption":"RVH-Synergie.org"},"image":{"@id":"https:\/\/rvh-synergie.org\/actualites\/#\/schema\/logo\/image\/"}},{"@type":"Person","@id":"https:\/\/rvh-synergie.org\/actualites\/#\/schema\/person\/aa5ea98671fb4e8620f488a0795d2560","name":"Charles Martinez","image":{"@type":"ImageObject","inLanguage":"fr-FR","@id":"https:\/\/rvh-synergie.org\/actualites\/#\/schema\/person\/image\/","url":"https:\/\/rvh-synergie.org\/actualites\/wp-content\/uploads\/2024\/09\/charles-martinez-scaled.jpg","contentUrl":"https:\/\/rvh-synergie.org\/actualites\/wp-content\/uploads\/2024\/09\/charles-martinez-scaled.jpg","caption":"Charles Martinez"},"description":"Bonjour, je m'appelle Charles Martinez, r\u00e9dacteur passionn\u00e9 pour le m\u00e9dia RVH-synergie.org, d\u00e9di\u00e9 aux addictions et aux maladies. Depuis plus de dix ans, j'explore et rapporte les histoires poignantes des individus confront\u00e9s \u00e0 ces d\u00e9fis, tout en sensibilisant le public aux traitements novateurs et aux progr\u00e8s scientifiques dans ce domaine. Mon engagement r\u00e9side dans l'espoir de cr\u00e9er une communaut\u00e9 inform\u00e9e et empathique, pr\u00eate \u00e0 soutenir ceux qui luttent contre ces \u00e9preuves.","sameAs":["https:\/\/rvh-synergie.org\/"]}]}},"_links":{"self":[{"href":"https:\/\/rvh-synergie.org\/actualites\/wp-json\/wp\/v2\/posts\/16079","targetHints":{"allow":["GET"]}}],"collection":[{"href":"https:\/\/rvh-synergie.org\/actualites\/wp-json\/wp\/v2\/posts"}],"about":[{"href":"https:\/\/rvh-synergie.org\/actualites\/wp-json\/wp\/v2\/types\/post"}],"author":[{"embeddable":true,"href":"https:\/\/rvh-synergie.org\/actualites\/wp-json\/wp\/v2\/users\/1"}],"replies":[{"embeddable":true,"href":"https:\/\/rvh-synergie.org\/actualites\/wp-json\/wp\/v2\/comments?post=16079"}],"version-history":[{"count":1,"href":"https:\/\/rvh-synergie.org\/actualites\/wp-json\/wp\/v2\/posts\/16079\/revisions"}],"predecessor-version":[{"id":16081,"href":"https:\/\/rvh-synergie.org\/actualites\/wp-json\/wp\/v2\/posts\/16079\/revisions\/16081"}],"wp:featuredmedia":[{"embeddable":true,"href":"https:\/\/rvh-synergie.org\/actualites\/wp-json\/wp\/v2\/media\/16080"}],"wp:attachment":[{"href":"https:\/\/rvh-synergie.org\/actualites\/wp-json\/wp\/v2\/media?parent=16079"}],"wp:term":[{"taxonomy":"category","embeddable":true,"href":"https:\/\/rvh-synergie.org\/actualites\/wp-json\/wp\/v2\/categories?post=16079"},{"taxonomy":"post_tag","embeddable":true,"href":"https:\/\/rvh-synergie.org\/actualites\/wp-json\/wp\/v2\/tags?post=16079"}],"curies":[{"name":"wp","href":"https:\/\/api.w.org\/{rel}","templated":true}]}}