{"id":16076,"date":"2026-04-28T11:11:08","date_gmt":"2026-04-28T09:11:08","guid":{"rendered":"https:\/\/rvh-synergie.org\/actualites\/les-enfants-de-marlene-70-ans-ne-peuvent-plus-rien-faire-avec-elle-commencer\/"},"modified":"2026-04-28T11:11:09","modified_gmt":"2026-04-28T09:11:09","slug":"les-enfants-de-marlene-70-ans-ne-peuvent-plus-rien-faire-avec-elle-commencer","status":"publish","type":"post","link":"https:\/\/rvh-synergie.org\/actualites\/les-enfants-de-marlene-70-ans-ne-peuvent-plus-rien-faire-avec-elle-commencer\/","title":{"rendered":"Les enfants de Marlene (70 ans) ne peuvent plus rien faire avec elle &quot;commencer&quot;"},"content":{"rendered":"<p><!--$--><\/p>\n<div data-hk=\"0000942120a20200\" class=\"Html-Block\" data-qa-article-content-text>\n<p>Marlene Martin, professeur d&rsquo;anglais et auteure \u00e0 la retraite, raconte une prise de conscience douce-am\u00e8re \u00e0 laquelle elle est arriv\u00e9e \u00e0 un \u00e2ge avanc\u00e9 : \u00ab\u00a0J&rsquo;ai 70 ans et j&rsquo;ai r\u00e9cemment r\u00e9alis\u00e9 que mes enfants m&rsquo;aiment, mais qu&rsquo;ils ne peuvent rien faire avec moi\u00a0\u00bb, \u00e9crit l&rsquo;Am\u00e9ricaine dans un essai pour le portail lifestyle am\u00e9ricain \u00ab\u00a0VegOut\u00a0\u00bb.<\/p>\n<\/div>\n<div data-hk=\"0000942120a20210\" class=\"Html-Block\" data-qa-article-content-text>\n<p>Martin consid\u00e8re les conversations avec son fils comme routini\u00e8res et superficielles. Il lui parle au t\u00e9l\u00e9phone tous les dimanches, mais peu de temps apr\u00e8s, la conversation se termine. <\/p>\n<\/div>\n<aside data-hk=\"0000942120a202204\" data-qa-ad-slot class=\"Ad-Slot Ad-Slot-mobile Ad-Slot-hor Ad-Slot-FC\">\n<div class=\"Ad-Slot-FC-Container\">\n<div class=\"Ad-Slot-FC-Window\">\n<div id=\"ad-slot-mobile-hor-2\" data-orientation=\"hor\" data-index=\"2\" data-slot=\"ad-slot\" data-device=\"mobile\"><\/div>\n<\/div>\n<\/div>\n<\/aside>\n<div data-hk=\"0000942120a20230\" class=\"Html-Block\" data-qa-article-content-text>\n<h2>Les enfants de Marlene Martin lui \u00e9loignent les probl\u00e8mes<\/h2>\n<p>La femme de 70 ans manque particuli\u00e8rement d&rsquo;\u00eatre v\u00e9ritablement impliqu\u00e9e dans la vie de ses enfants adultes. Mais ils pr\u00e9f\u00e8rent lui cacher les probl\u00e8mes. \u00ab\u00a0Je ne voulais pas vous alourdir\u00a0\u00bb, a d\u00e9clar\u00e9 sa fille apr\u00e8s avoir d&rsquo;abord gard\u00e9 le silence sur une fausse couche, dit Martin dans son essai \u00ab\u00a0VegOut\u00a0\u00bb. <\/p>\n<\/div>\n<div data-hk=\"0000942120a20240\" class=\"Html-Block\" data-qa-article-content-text>\n<h2>Une m\u00e8re cherche un nouvel \u00e9panouissement dans le b\u00e9n\u00e9volat<\/h2>\n<p>L&rsquo;auteur d\u00e9crit l&rsquo;ind\u00e9pendance de ses enfants comme ambivalente. \u00abNous les avons \u00e9lev\u00e9s pour qu&rsquo;ils nous quittent\u00bb, souligne Martin. Malgr\u00e9 la d\u00e9ception, l\u2019ancien professeur cherche de nouvelles voies. Elle fait du b\u00e9n\u00e9volat et \u00e9crit sur sa vie. Elle se sent \u00e0 nouveau n\u00e9cessaire l\u00e0-bas. Elle accepte la distance de ses enfants, m\u00eame si cela fait mal.<\/p>\n<\/div>\n<aside data-hk=\"0000942120a202504\" data-qa-ad-slot class=\"Ad-Slot Ad-Slot-mobile Ad-Slot-out\">\n<div id=\"ad-slot-mobile-out-1\" data-orientation=\"out\" data-index=\"1\" data-slot=\"ad-slot\" data-device=\"mobile\"><\/div>\n<\/aside>\n<div data-hk=\"0000942120a20260\" class=\"Html-Block\" data-qa-article-content-text>\n<p>La relation ambivalente de Marlene Martin avec ses enfants adultes n&rsquo;est pas rare. Les parents de la g\u00e9n\u00e9ration du baby-boom et leurs enfants vivent souvent dans une zone de conflits et d&rsquo;attentes diff\u00e9rentes. C\u2019est le r\u00e9sultat d\u2019une \u00e9tude qui sera publi\u00e9e dans le \u00ab Journal of Family Medicine and Primary Care \u00bb en 2022.<strong> <\/strong>a \u00e9t\u00e9 publi\u00e9.<\/p>\n<\/div>\n<div data-hk=\"0000942120a20270\" class=\"Ad-Row\">\n<div class=\"Ad-Col col-lg-5\">\n<div data-hk=\"0000942120a2027104\" data-qa-ad-slot class=\"Ad-Slot Ad-Slot-desktop Ad-Slot-ver\" role=\"region\" aria-label=\"Anzeige 1\">\n<div id=\"ad-slot-desktop-ver-1\" data-orientation=\"ver\" data-index=\"1\" data-slot=\"ad-slot\" data-device=\"desktop\"><\/div>\n<\/div>\n<\/div>\n<div class=\"Ad-Col col-lg-5\">\n<aside data-hk=\"0000942120a2027204\" data-qa-ad-slot class=\"Ad-Slot Ad-Slot-desktop Ad-Slot-ver Ad-Slot-FC\">\n<div class=\"Ad-Slot-FC-Container\">\n<div class=\"Ad-Slot-FC-Window\">\n<div id=\"ad-slot-desktop-ver-2\" data-orientation=\"ver\" data-index=\"2\" data-slot=\"ad-slot\" data-device=\"desktop\"><\/div>\n<\/div>\n<\/div>\n<\/aside>\n<\/div>\n<\/div>\n<div data-hk=\"0000942120a20280\" class=\"Html-Block\" data-qa-article-content-text>\n<h2><strong>Sept conseils pour am\u00e9liorer la relation entre parents et enfants adultes<\/strong><\/h2>\n<p>Le psychoth\u00e9rapeute J\u00f6rg Berger a r\u00e9sum\u00e9 sept conseils pour que les parents puissent entretenir de bonnes relations avec leurs enfants adultes.<\/p>\n<\/div>\n<aside data-hk=\"0000942120a202904\" data-qa-ad-slot class=\"Ad-Slot Ad-Slot-mobile Ad-Slot-hor\">\n<div id=\"ad-slot-mobile-hor-3\" data-orientation=\"hor\" data-index=\"3\" data-slot=\"ad-slot\" data-device=\"mobile\"><\/div>\n<\/aside>\n<div data-hk=\"0000942120a202a100\" class=\"Html-Block\" data-qa-article-content-text>\n<ol>\n<li><strong>Reconna\u00eetre l\u2019impact \u00e9motionnel\u00a0:<\/strong> Les parents fa\u00e7onnent leurs enfants tout au long de leur vie et ne doivent pas surestimer leurs r\u00e9actions.<\/li>\n<li><strong>G\u00e9rer sa propre culpabilit\u00e9 avec maturit\u00e9\u00a0:<\/strong> Acceptez les erreurs, mais ne les exag\u00e9rez pas et ne demandez pas constamment pardon.<\/li>\n<li><strong>Admettez vos erreurs et corrigez-vous\u00a0:<\/strong> Soyez ouvert aux critiques et adaptez votre propre comportement.<\/li>\n<li><strong>Soyez discret :<\/strong> Ne partagez pas les affaires personnelles des enfants sans leur demander.<\/li>\n<li><strong>Cultivez votre propre vie et votre bonheur\u00a0:<\/strong> Des parents satisfaits soulagent le fardeau de leurs enfants adultes.<\/li>\n<li><strong>Offrez du soutien\u00a0:<\/strong> Montrez votre int\u00e9r\u00eat et soyez l\u00e0 en tant que soutien fiable.<\/li>\n<li><strong>Impliquer les beaux-enfants :<\/strong> L&rsquo;ouverture et la chaleur cr\u00e9ent une \u00ab r\u00e9sidence secondaire \u00bb.<\/li>\n<\/ol>\n<\/div>\n<p><!--\/--><br \/>\n<!--$--><br \/>\n<!--\/--><br \/>\n<!--$--><br \/>\n<!--\/--><\/p>\n","protected":false},"excerpt":{"rendered":"<p>Marlene Martin, professeur d&rsquo;anglais et auteure \u00e0 la retraite, raconte une prise de conscience douce-am\u00e8re<\/p>\n","protected":false},"author":1,"featured_media":16077,"comment_status":"open","ping_status":"","sticky":false,"template":"","format":"standard","meta":{"footnotes":""},"categories":[117],"tags":[38,313,4230,135,93,49,9669,92,9670,299],"class_list":["post-16076","post","type-post","status-publish","format-standard","has-post-thumbnail","hentry","category-parentalite-enfance","tag-ans","tag-avec","tag-elle","tag-enfants","tag-faire","tag-les","tag-marlene","tag-peuvent","tag-quotcommencerquot","tag-rien","generate-columns","tablet-grid-50","mobile-grid-100","grid-parent","grid-50","resize-featured-image"],"yoast_head":"<!-- This site is optimized with the Yoast SEO plugin v23.4 - https:\/\/yoast.com\/wordpress\/plugins\/seo\/ -->\n<title>Les enfants de Marlene (70 ans) ne peuvent plus rien faire avec elle &quot;commencer&quot; - RVH-Synergie.org<\/title>\n<meta name=\"robots\" content=\"index, follow, max-snippet:-1, max-image-preview:large, max-video-preview:-1\" \/>\n<link rel=\"canonical\" href=\"https:\/\/rvh-synergie.org\/actualites\/les-enfants-de-marlene-70-ans-ne-peuvent-plus-rien-faire-avec-elle-commencer\/\" \/>\n<meta property=\"og:locale\" content=\"fr_FR\" \/>\n<meta property=\"og:type\" content=\"article\" \/>\n<meta property=\"og:title\" content=\"Les enfants de Marlene (70 ans) ne peuvent plus rien faire avec elle &quot;commencer&quot; - RVH-Synergie.org\" \/>\n<meta property=\"og:description\" content=\"Marlene Martin, professeur d&rsquo;anglais et auteure \u00e0 la retraite, raconte une prise de conscience douce-am\u00e8re\" \/>\n<meta property=\"og:url\" content=\"https:\/\/rvh-synergie.org\/actualites\/les-enfants-de-marlene-70-ans-ne-peuvent-plus-rien-faire-avec-elle-commencer\/\" \/>\n<meta property=\"og:site_name\" content=\"RVH-Synergie\" \/>\n<meta property=\"article:published_time\" content=\"2026-04-28T09:11:08+00:00\" \/>\n<meta property=\"article:modified_time\" content=\"2026-04-28T09:11:09+00:00\" \/>\n<meta property=\"og:image\" content=\"https:\/\/rvh-synergie.org\/actualites\/wp-content\/uploads\/2026\/04\/Les-enfants-de-Marlene-70-ans-ne-peuvent-plus-rien.png\" \/>\n\t<meta property=\"og:image:width\" content=\"1200\" \/>\n\t<meta property=\"og:image:height\" content=\"630\" \/>\n\t<meta property=\"og:image:type\" content=\"image\/png\" \/>\n<meta name=\"author\" content=\"Charles Martinez\" \/>\n<meta name=\"twitter:card\" content=\"summary_large_image\" \/>\n<meta name=\"twitter:label1\" content=\"\u00c9crit par\" \/>\n\t<meta name=\"twitter:data1\" content=\"Charles Martinez\" \/>\n\t<meta name=\"twitter:label2\" content=\"Dur\u00e9e de lecture estim\u00e9e\" \/>\n\t<meta name=\"twitter:data2\" content=\"2 minutes\" \/>\n<script type=\"application\/ld+json\" class=\"yoast-schema-graph\">{\"@context\":\"https:\/\/schema.org\",\"@graph\":[{\"@type\":\"Article\",\"@id\":\"https:\/\/rvh-synergie.org\/actualites\/les-enfants-de-marlene-70-ans-ne-peuvent-plus-rien-faire-avec-elle-commencer\/#article\",\"isPartOf\":{\"@id\":\"https:\/\/rvh-synergie.org\/actualites\/les-enfants-de-marlene-70-ans-ne-peuvent-plus-rien-faire-avec-elle-commencer\/\"},\"author\":{\"name\":\"Charles Martinez\",\"@id\":\"https:\/\/rvh-synergie.org\/actualites\/#\/schema\/person\/aa5ea98671fb4e8620f488a0795d2560\"},\"headline\":\"Les enfants de Marlene (70 ans) ne peuvent plus rien faire avec elle &quot;commencer&quot;\",\"datePublished\":\"2026-04-28T09:11:08+00:00\",\"dateModified\":\"2026-04-28T09:11:09+00:00\",\"mainEntityOfPage\":{\"@id\":\"https:\/\/rvh-synergie.org\/actualites\/les-enfants-de-marlene-70-ans-ne-peuvent-plus-rien-faire-avec-elle-commencer\/\"},\"wordCount\":478,\"commentCount\":0,\"publisher\":{\"@id\":\"https:\/\/rvh-synergie.org\/actualites\/#organization\"},\"image\":{\"@id\":\"https:\/\/rvh-synergie.org\/actualites\/les-enfants-de-marlene-70-ans-ne-peuvent-plus-rien-faire-avec-elle-commencer\/#primaryimage\"},\"thumbnailUrl\":\"https:\/\/rvh-synergie.org\/actualites\/wp-content\/uploads\/2026\/04\/Les-enfants-de-Marlene-70-ans-ne-peuvent-plus-rien.png\",\"keywords\":[\"ans\",\"avec\",\"elle\",\"enfants\",\"faire\",\"Les\",\"Marlene\",\"peuvent\",\"quotcommencerquot\",\"rien\"],\"articleSection\":[\"Parentalit\u00e9 &amp; Enfance\"],\"inLanguage\":\"fr-FR\",\"potentialAction\":[{\"@type\":\"CommentAction\",\"name\":\"Comment\",\"target\":[\"https:\/\/rvh-synergie.org\/actualites\/les-enfants-de-marlene-70-ans-ne-peuvent-plus-rien-faire-avec-elle-commencer\/#respond\"]}]},{\"@type\":\"WebPage\",\"@id\":\"https:\/\/rvh-synergie.org\/actualites\/les-enfants-de-marlene-70-ans-ne-peuvent-plus-rien-faire-avec-elle-commencer\/\",\"url\":\"https:\/\/rvh-synergie.org\/actualites\/les-enfants-de-marlene-70-ans-ne-peuvent-plus-rien-faire-avec-elle-commencer\/\",\"name\":\"Les enfants de Marlene (70 ans) ne peuvent plus rien faire avec elle &quot;commencer&quot; - RVH-Synergie.org\",\"isPartOf\":{\"@id\":\"https:\/\/rvh-synergie.org\/actualites\/#website\"},\"primaryImageOfPage\":{\"@id\":\"https:\/\/rvh-synergie.org\/actualites\/les-enfants-de-marlene-70-ans-ne-peuvent-plus-rien-faire-avec-elle-commencer\/#primaryimage\"},\"image\":{\"@id\":\"https:\/\/rvh-synergie.org\/actualites\/les-enfants-de-marlene-70-ans-ne-peuvent-plus-rien-faire-avec-elle-commencer\/#primaryimage\"},\"thumbnailUrl\":\"https:\/\/rvh-synergie.org\/actualites\/wp-content\/uploads\/2026\/04\/Les-enfants-de-Marlene-70-ans-ne-peuvent-plus-rien.png\",\"datePublished\":\"2026-04-28T09:11:08+00:00\",\"dateModified\":\"2026-04-28T09:11:09+00:00\",\"breadcrumb\":{\"@id\":\"https:\/\/rvh-synergie.org\/actualites\/les-enfants-de-marlene-70-ans-ne-peuvent-plus-rien-faire-avec-elle-commencer\/#breadcrumb\"},\"inLanguage\":\"fr-FR\",\"potentialAction\":[{\"@type\":\"ReadAction\",\"target\":[\"https:\/\/rvh-synergie.org\/actualites\/les-enfants-de-marlene-70-ans-ne-peuvent-plus-rien-faire-avec-elle-commencer\/\"]}]},{\"@type\":\"ImageObject\",\"inLanguage\":\"fr-FR\",\"@id\":\"https:\/\/rvh-synergie.org\/actualites\/les-enfants-de-marlene-70-ans-ne-peuvent-plus-rien-faire-avec-elle-commencer\/#primaryimage\",\"url\":\"https:\/\/rvh-synergie.org\/actualites\/wp-content\/uploads\/2026\/04\/Les-enfants-de-Marlene-70-ans-ne-peuvent-plus-rien.png\",\"contentUrl\":\"https:\/\/rvh-synergie.org\/actualites\/wp-content\/uploads\/2026\/04\/Les-enfants-de-Marlene-70-ans-ne-peuvent-plus-rien.png\",\"width\":1200,\"height\":630},{\"@type\":\"BreadcrumbList\",\"@id\":\"https:\/\/rvh-synergie.org\/actualites\/les-enfants-de-marlene-70-ans-ne-peuvent-plus-rien-faire-avec-elle-commencer\/#breadcrumb\",\"itemListElement\":[{\"@type\":\"ListItem\",\"position\":1,\"name\":\"Accueil\",\"item\":\"https:\/\/rvh-synergie.org\/actualites\/\"},{\"@type\":\"ListItem\",\"position\":2,\"name\":\"Les enfants de Marlene (70 ans) ne peuvent plus rien faire avec elle &quot;commencer&quot;\"}]},{\"@type\":\"WebSite\",\"@id\":\"https:\/\/rvh-synergie.org\/actualites\/#website\",\"url\":\"https:\/\/rvh-synergie.org\/actualites\/\",\"name\":\"RVH-Synergie.org\",\"description\":\"RVH-Synergie, site ind\u00e9pendant d&#039;informations sur la prise en charge des addictions.\",\"publisher\":{\"@id\":\"https:\/\/rvh-synergie.org\/actualites\/#organization\"},\"potentialAction\":[{\"@type\":\"SearchAction\",\"target\":{\"@type\":\"EntryPoint\",\"urlTemplate\":\"https:\/\/rvh-synergie.org\/actualites\/?s={search_term_string}\"},\"query-input\":{\"@type\":\"PropertyValueSpecification\",\"valueRequired\":true,\"valueName\":\"search_term_string\"}}],\"inLanguage\":\"fr-FR\"},{\"@type\":\"Organization\",\"@id\":\"https:\/\/rvh-synergie.org\/actualites\/#organization\",\"name\":\"RVH-Synergie.org\",\"url\":\"https:\/\/rvh-synergie.org\/actualites\/\",\"logo\":{\"@type\":\"ImageObject\",\"inLanguage\":\"fr-FR\",\"@id\":\"https:\/\/rvh-synergie.org\/actualites\/#\/schema\/logo\/image\/\",\"url\":\"https:\/\/rvh-synergie.org\/actualites\/wp-content\/uploads\/2024\/09\/favicon.png\",\"contentUrl\":\"https:\/\/rvh-synergie.org\/actualites\/wp-content\/uploads\/2024\/09\/favicon.png\",\"width\":512,\"height\":512,\"caption\":\"RVH-Synergie.org\"},\"image\":{\"@id\":\"https:\/\/rvh-synergie.org\/actualites\/#\/schema\/logo\/image\/\"}},{\"@type\":\"Person\",\"@id\":\"https:\/\/rvh-synergie.org\/actualites\/#\/schema\/person\/aa5ea98671fb4e8620f488a0795d2560\",\"name\":\"Charles Martinez\",\"image\":{\"@type\":\"ImageObject\",\"inLanguage\":\"fr-FR\",\"@id\":\"https:\/\/rvh-synergie.org\/actualites\/#\/schema\/person\/image\/\",\"url\":\"https:\/\/rvh-synergie.org\/actualites\/wp-content\/uploads\/2024\/09\/charles-martinez-scaled.jpg\",\"contentUrl\":\"https:\/\/rvh-synergie.org\/actualites\/wp-content\/uploads\/2024\/09\/charles-martinez-scaled.jpg\",\"caption\":\"Charles Martinez\"},\"description\":\"Bonjour, je m'appelle Charles Martinez, r\u00e9dacteur passionn\u00e9 pour le m\u00e9dia RVH-synergie.org, d\u00e9di\u00e9 aux addictions et aux maladies. Depuis plus de dix ans, j'explore et rapporte les histoires poignantes des individus confront\u00e9s \u00e0 ces d\u00e9fis, tout en sensibilisant le public aux traitements novateurs et aux progr\u00e8s scientifiques dans ce domaine. Mon engagement r\u00e9side dans l'espoir de cr\u00e9er une communaut\u00e9 inform\u00e9e et empathique, pr\u00eate \u00e0 soutenir ceux qui luttent contre ces \u00e9preuves.\",\"sameAs\":[\"https:\/\/rvh-synergie.org\/\"]}]}<\/script>\n<!-- \/ Yoast SEO plugin. -->","yoast_head_json":{"title":"Les enfants de Marlene (70 ans) ne peuvent plus rien faire avec elle &quot;commencer&quot; - RVH-Synergie.org","robots":{"index":"index","follow":"follow","max-snippet":"max-snippet:-1","max-image-preview":"max-image-preview:large","max-video-preview":"max-video-preview:-1"},"canonical":"https:\/\/rvh-synergie.org\/actualites\/les-enfants-de-marlene-70-ans-ne-peuvent-plus-rien-faire-avec-elle-commencer\/","og_locale":"fr_FR","og_type":"article","og_title":"Les enfants de Marlene (70 ans) ne peuvent plus rien faire avec elle &quot;commencer&quot; - RVH-Synergie.org","og_description":"Marlene Martin, professeur d&rsquo;anglais et auteure \u00e0 la retraite, raconte une prise de conscience douce-am\u00e8re","og_url":"https:\/\/rvh-synergie.org\/actualites\/les-enfants-de-marlene-70-ans-ne-peuvent-plus-rien-faire-avec-elle-commencer\/","og_site_name":"RVH-Synergie","article_published_time":"2026-04-28T09:11:08+00:00","article_modified_time":"2026-04-28T09:11:09+00:00","og_image":[{"width":1200,"height":630,"url":"https:\/\/rvh-synergie.org\/actualites\/wp-content\/uploads\/2026\/04\/Les-enfants-de-Marlene-70-ans-ne-peuvent-plus-rien.png","type":"image\/png"}],"author":"Charles Martinez","twitter_card":"summary_large_image","twitter_misc":{"\u00c9crit par":"Charles Martinez","Dur\u00e9e de lecture estim\u00e9e":"2 minutes"},"schema":{"@context":"https:\/\/schema.org","@graph":[{"@type":"Article","@id":"https:\/\/rvh-synergie.org\/actualites\/les-enfants-de-marlene-70-ans-ne-peuvent-plus-rien-faire-avec-elle-commencer\/#article","isPartOf":{"@id":"https:\/\/rvh-synergie.org\/actualites\/les-enfants-de-marlene-70-ans-ne-peuvent-plus-rien-faire-avec-elle-commencer\/"},"author":{"name":"Charles Martinez","@id":"https:\/\/rvh-synergie.org\/actualites\/#\/schema\/person\/aa5ea98671fb4e8620f488a0795d2560"},"headline":"Les enfants de Marlene (70 ans) ne peuvent plus rien faire avec elle &quot;commencer&quot;","datePublished":"2026-04-28T09:11:08+00:00","dateModified":"2026-04-28T09:11:09+00:00","mainEntityOfPage":{"@id":"https:\/\/rvh-synergie.org\/actualites\/les-enfants-de-marlene-70-ans-ne-peuvent-plus-rien-faire-avec-elle-commencer\/"},"wordCount":478,"commentCount":0,"publisher":{"@id":"https:\/\/rvh-synergie.org\/actualites\/#organization"},"image":{"@id":"https:\/\/rvh-synergie.org\/actualites\/les-enfants-de-marlene-70-ans-ne-peuvent-plus-rien-faire-avec-elle-commencer\/#primaryimage"},"thumbnailUrl":"https:\/\/rvh-synergie.org\/actualites\/wp-content\/uploads\/2026\/04\/Les-enfants-de-Marlene-70-ans-ne-peuvent-plus-rien.png","keywords":["ans","avec","elle","enfants","faire","Les","Marlene","peuvent","quotcommencerquot","rien"],"articleSection":["Parentalit\u00e9 &amp; Enfance"],"inLanguage":"fr-FR","potentialAction":[{"@type":"CommentAction","name":"Comment","target":["https:\/\/rvh-synergie.org\/actualites\/les-enfants-de-marlene-70-ans-ne-peuvent-plus-rien-faire-avec-elle-commencer\/#respond"]}]},{"@type":"WebPage","@id":"https:\/\/rvh-synergie.org\/actualites\/les-enfants-de-marlene-70-ans-ne-peuvent-plus-rien-faire-avec-elle-commencer\/","url":"https:\/\/rvh-synergie.org\/actualites\/les-enfants-de-marlene-70-ans-ne-peuvent-plus-rien-faire-avec-elle-commencer\/","name":"Les enfants de Marlene (70 ans) ne peuvent plus rien faire avec elle &quot;commencer&quot; - RVH-Synergie.org","isPartOf":{"@id":"https:\/\/rvh-synergie.org\/actualites\/#website"},"primaryImageOfPage":{"@id":"https:\/\/rvh-synergie.org\/actualites\/les-enfants-de-marlene-70-ans-ne-peuvent-plus-rien-faire-avec-elle-commencer\/#primaryimage"},"image":{"@id":"https:\/\/rvh-synergie.org\/actualites\/les-enfants-de-marlene-70-ans-ne-peuvent-plus-rien-faire-avec-elle-commencer\/#primaryimage"},"thumbnailUrl":"https:\/\/rvh-synergie.org\/actualites\/wp-content\/uploads\/2026\/04\/Les-enfants-de-Marlene-70-ans-ne-peuvent-plus-rien.png","datePublished":"2026-04-28T09:11:08+00:00","dateModified":"2026-04-28T09:11:09+00:00","breadcrumb":{"@id":"https:\/\/rvh-synergie.org\/actualites\/les-enfants-de-marlene-70-ans-ne-peuvent-plus-rien-faire-avec-elle-commencer\/#breadcrumb"},"inLanguage":"fr-FR","potentialAction":[{"@type":"ReadAction","target":["https:\/\/rvh-synergie.org\/actualites\/les-enfants-de-marlene-70-ans-ne-peuvent-plus-rien-faire-avec-elle-commencer\/"]}]},{"@type":"ImageObject","inLanguage":"fr-FR","@id":"https:\/\/rvh-synergie.org\/actualites\/les-enfants-de-marlene-70-ans-ne-peuvent-plus-rien-faire-avec-elle-commencer\/#primaryimage","url":"https:\/\/rvh-synergie.org\/actualites\/wp-content\/uploads\/2026\/04\/Les-enfants-de-Marlene-70-ans-ne-peuvent-plus-rien.png","contentUrl":"https:\/\/rvh-synergie.org\/actualites\/wp-content\/uploads\/2026\/04\/Les-enfants-de-Marlene-70-ans-ne-peuvent-plus-rien.png","width":1200,"height":630},{"@type":"BreadcrumbList","@id":"https:\/\/rvh-synergie.org\/actualites\/les-enfants-de-marlene-70-ans-ne-peuvent-plus-rien-faire-avec-elle-commencer\/#breadcrumb","itemListElement":[{"@type":"ListItem","position":1,"name":"Accueil","item":"https:\/\/rvh-synergie.org\/actualites\/"},{"@type":"ListItem","position":2,"name":"Les enfants de Marlene (70 ans) ne peuvent plus rien faire avec elle &quot;commencer&quot;"}]},{"@type":"WebSite","@id":"https:\/\/rvh-synergie.org\/actualites\/#website","url":"https:\/\/rvh-synergie.org\/actualites\/","name":"RVH-Synergie.org","description":"RVH-Synergie, site ind\u00e9pendant d&#039;informations sur la prise en charge des addictions.","publisher":{"@id":"https:\/\/rvh-synergie.org\/actualites\/#organization"},"potentialAction":[{"@type":"SearchAction","target":{"@type":"EntryPoint","urlTemplate":"https:\/\/rvh-synergie.org\/actualites\/?s={search_term_string}"},"query-input":{"@type":"PropertyValueSpecification","valueRequired":true,"valueName":"search_term_string"}}],"inLanguage":"fr-FR"},{"@type":"Organization","@id":"https:\/\/rvh-synergie.org\/actualites\/#organization","name":"RVH-Synergie.org","url":"https:\/\/rvh-synergie.org\/actualites\/","logo":{"@type":"ImageObject","inLanguage":"fr-FR","@id":"https:\/\/rvh-synergie.org\/actualites\/#\/schema\/logo\/image\/","url":"https:\/\/rvh-synergie.org\/actualites\/wp-content\/uploads\/2024\/09\/favicon.png","contentUrl":"https:\/\/rvh-synergie.org\/actualites\/wp-content\/uploads\/2024\/09\/favicon.png","width":512,"height":512,"caption":"RVH-Synergie.org"},"image":{"@id":"https:\/\/rvh-synergie.org\/actualites\/#\/schema\/logo\/image\/"}},{"@type":"Person","@id":"https:\/\/rvh-synergie.org\/actualites\/#\/schema\/person\/aa5ea98671fb4e8620f488a0795d2560","name":"Charles Martinez","image":{"@type":"ImageObject","inLanguage":"fr-FR","@id":"https:\/\/rvh-synergie.org\/actualites\/#\/schema\/person\/image\/","url":"https:\/\/rvh-synergie.org\/actualites\/wp-content\/uploads\/2024\/09\/charles-martinez-scaled.jpg","contentUrl":"https:\/\/rvh-synergie.org\/actualites\/wp-content\/uploads\/2024\/09\/charles-martinez-scaled.jpg","caption":"Charles Martinez"},"description":"Bonjour, je m'appelle Charles Martinez, r\u00e9dacteur passionn\u00e9 pour le m\u00e9dia RVH-synergie.org, d\u00e9di\u00e9 aux addictions et aux maladies. Depuis plus de dix ans, j'explore et rapporte les histoires poignantes des individus confront\u00e9s \u00e0 ces d\u00e9fis, tout en sensibilisant le public aux traitements novateurs et aux progr\u00e8s scientifiques dans ce domaine. Mon engagement r\u00e9side dans l'espoir de cr\u00e9er une communaut\u00e9 inform\u00e9e et empathique, pr\u00eate \u00e0 soutenir ceux qui luttent contre ces \u00e9preuves.","sameAs":["https:\/\/rvh-synergie.org\/"]}]}},"_links":{"self":[{"href":"https:\/\/rvh-synergie.org\/actualites\/wp-json\/wp\/v2\/posts\/16076","targetHints":{"allow":["GET"]}}],"collection":[{"href":"https:\/\/rvh-synergie.org\/actualites\/wp-json\/wp\/v2\/posts"}],"about":[{"href":"https:\/\/rvh-synergie.org\/actualites\/wp-json\/wp\/v2\/types\/post"}],"author":[{"embeddable":true,"href":"https:\/\/rvh-synergie.org\/actualites\/wp-json\/wp\/v2\/users\/1"}],"replies":[{"embeddable":true,"href":"https:\/\/rvh-synergie.org\/actualites\/wp-json\/wp\/v2\/comments?post=16076"}],"version-history":[{"count":1,"href":"https:\/\/rvh-synergie.org\/actualites\/wp-json\/wp\/v2\/posts\/16076\/revisions"}],"predecessor-version":[{"id":16078,"href":"https:\/\/rvh-synergie.org\/actualites\/wp-json\/wp\/v2\/posts\/16076\/revisions\/16078"}],"wp:featuredmedia":[{"embeddable":true,"href":"https:\/\/rvh-synergie.org\/actualites\/wp-json\/wp\/v2\/media\/16077"}],"wp:attachment":[{"href":"https:\/\/rvh-synergie.org\/actualites\/wp-json\/wp\/v2\/media?parent=16076"}],"wp:term":[{"taxonomy":"category","embeddable":true,"href":"https:\/\/rvh-synergie.org\/actualites\/wp-json\/wp\/v2\/categories?post=16076"},{"taxonomy":"post_tag","embeddable":true,"href":"https:\/\/rvh-synergie.org\/actualites\/wp-json\/wp\/v2\/tags?post=16076"}],"curies":[{"name":"wp","href":"https:\/\/api.w.org\/{rel}","templated":true}]}}