{"id":16064,"date":"2026-04-28T01:11:28","date_gmt":"2026-04-27T23:11:28","guid":{"rendered":"https:\/\/rvh-synergie.org\/actualites\/10-pour-cent-de-reduction-pour-les-retraites-lors-de-leurs-achats\/"},"modified":"2026-04-28T01:11:29","modified_gmt":"2026-04-27T23:11:29","slug":"10-pour-cent-de-reduction-pour-les-retraites-lors-de-leurs-achats","status":"publish","type":"post","link":"https:\/\/rvh-synergie.org\/actualites\/10-pour-cent-de-reduction-pour-les-retraites-lors-de-leurs-achats\/","title":{"rendered":"10 pour cent de r\u00e9duction pour les retrait\u00e9s lors de leurs achats"},"content":{"rendered":"<p><!--$--><\/p>\n<div data-hk=\"0000942120a20200\" class=\"Html-Block\" data-qa-article-content-text>\n<p>L&rsquo;\u00e9picier syrien \u00ab Teiba Market \u00bb fait actuellement la Une des journaux. Le supermarch\u00e9 de Neuruppin dans le Brandebourg a introduit une r\u00e9duction sp\u00e9ciale pour les retrait\u00e9s. Depuis plusieurs mois, ils paient dix pour cent de moins pour tous les produits. Les seules exceptions concernent les produits du tabac, comme les cigarettes. Pour ce faire, les retrait\u00e9s doivent pr\u00e9senter leur carte de pension \u00e0 la caisse. La campagne n&rsquo;a pas encore de date de fin. Les propri\u00e9taires Yasser Daaboul (50 ans) et son fils Abd Alkader (23 ans) veulent donner l&rsquo;exemple contre la pauvret\u00e9 des personnes \u00e2g\u00e9es. <\/p>\n<\/div>\n<aside data-hk=\"0000942120a202104\" data-qa-ad-slot class=\"Ad-Slot Ad-Slot-mobile Ad-Slot-hor Ad-Slot-FC\">\n<div class=\"Ad-Slot-FC-Container\">\n<div class=\"Ad-Slot-FC-Window\">\n<div id=\"ad-slot-mobile-hor-2\" data-orientation=\"hor\" data-index=\"2\" data-slot=\"ad-slot\" data-device=\"mobile\"><\/div>\n<\/div>\n<\/div>\n<\/aside>\n<div data-hk=\"0000942120a20220\" class=\"Html-Block\" data-qa-article-content-text>\n<p>Dans le Brandebourg, environ 13 pour cent de toutes les personnes \u00e2g\u00e9es de 65 ans et plus sont menac\u00e9es de pauvret\u00e9. Cela signifie qu\u2019ils doivent survivre avec moins de 60 pour cent du revenu m\u00e9dian de l\u2019\u00c9tat. La situation pourrait empirer. Selon l&rsquo;Office des statistiques de Berlin-Brandebourg, pr\u00e8s d&rsquo;un nouveau retrait\u00e9 sur deux dans le Brandebourg recevra \u00e0 l&rsquo;avenir moins de 1 000 euros de pension par mois. Cela pourrait faire monter en fl\u00e8che la pauvret\u00e9 des personnes \u00e2g\u00e9es.<\/p>\n<\/div>\n<aside data-hk=\"0000942120a202304\" data-qa-ad-slot class=\"Ad-Slot Ad-Slot-mobile Ad-Slot-out\">\n<div id=\"ad-slot-mobile-out-1\" data-orientation=\"out\" data-index=\"1\" data-slot=\"ad-slot\" data-device=\"mobile\"><\/div>\n<\/aside>\n<div data-hk=\"0000942120a20240\" class=\"Html-Block\" data-qa-article-content-text>\n<p>\u00ab\u00a0L&rsquo;\u00e9l\u00e9ment d\u00e9clencheur a \u00e9t\u00e9 une amie plus \u00e2g\u00e9e de la famille. Ensuite, nous avons vu \u00e0 quel point elle \u00e9tait \u00e0 court d&rsquo;argent\u00a0\u00bb, a d\u00e9clar\u00e9 Abd Alkader au journal Bild. De plus en plus de seniors acceptent d\u00e9sormais cette offre. Les op\u00e9rateurs ont ouvert le march\u00e9 \u00e0 Neuruppin il y a quatre ans. Ils sont arriv\u00e9s en Allemagne via la Su\u00e8de en 2015 en tant que r\u00e9fugi\u00e9s syriens.<\/p>\n<\/div>\n<div data-hk=\"0000942120a20250\" class=\"Html-Block\" data-qa-article-content-text>\n<h2>Aldi, Lidl et Co. n&rsquo;offrent pas de r\u00e9ductions aux retrait\u00e9s<\/h2>\n<p>Les deux hommes esp\u00e9raient que leur campagne encouragerait d\u2019autres supermarch\u00e9s \u00e0 proposer des r\u00e9ductions similaires. Mais cela tombe dans l\u2019oreille d\u2019un sourd \u2013 du moins lorsqu\u2019il s\u2019agit des grandes cha\u00eenes. Les leaders du march\u00e9 ont d\u00e9clar\u00e9 ce qui suit \u00e0 Bild et t-online.de\u00a0:<\/p>\n<\/div>\n<aside data-hk=\"0000942120a202604\" data-qa-ad-slot class=\"Ad-Slot Ad-Slot-mobile Ad-Slot-hor\">\n<div id=\"ad-slot-mobile-hor-3\" data-orientation=\"hor\" data-index=\"3\" data-slot=\"ad-slot\" data-device=\"mobile\"><\/div>\n<\/aside>\n<div data-hk=\"0000942120a20270\" class=\"Ad-Row\">\n<div class=\"Ad-Col col-lg-5\">\n<div data-hk=\"0000942120a2027104\" data-qa-ad-slot class=\"Ad-Slot Ad-Slot-desktop Ad-Slot-ver\" role=\"region\" aria-label=\"Anzeige 1\">\n<div id=\"ad-slot-desktop-ver-1\" data-orientation=\"ver\" data-index=\"1\" data-slot=\"ad-slot\" data-device=\"desktop\"><\/div>\n<\/div>\n<\/div>\n<div class=\"Ad-Col col-lg-5\">\n<aside data-hk=\"0000942120a2027204\" data-qa-ad-slot class=\"Ad-Slot Ad-Slot-desktop Ad-Slot-ver Ad-Slot-FC\">\n<div class=\"Ad-Slot-FC-Container\">\n<div class=\"Ad-Slot-FC-Window\">\n<div id=\"ad-slot-desktop-ver-2\" data-orientation=\"ver\" data-index=\"2\" data-slot=\"ad-slot\" data-device=\"desktop\"><\/div>\n<\/div>\n<\/div>\n<\/aside>\n<\/div>\n<\/div>\n<div data-hk=\"0000942120a20280\" class=\"Html-Block\" data-qa-article-content-text>\n<ul>\n<li><strong>Aldi <\/strong>nous informe que nous r\u00e9percuterons toujours les \u00e9ventuels avantages de prix dans la mesure du possible, mais que nous n&rsquo;offrirons aucune remise ou coupon sp\u00e9cial. Une r\u00e9duction distincte pour les retrait\u00e9s n\u2019est donc pas non plus pr\u00e9vue.<\/li>\n<li><strong>Lidl <\/strong>ne pr\u00e9voit pas non plus de r\u00e9duction sp\u00e9ciale pour les seniors. Le discounter se r\u00e9f\u00e8re toutefois \u00e0 ses offres g\u00e9n\u00e9rales. Ceux-ci seraient \u00e9galement adapt\u00e9s au comportement d&rsquo;achat individuel via l&rsquo;application Lidl Plus. Les offres sont toujours disponibles sous une forme non individualis\u00e9e dans la brochure imprim\u00e9e. Cela aide les clients qui n\u2019utilisent pas de smartphone.<\/li>\n<li><strong>R\u00e9we <\/strong>ne pr\u00e9voit pas non plus de r\u00e9ductions pour les retrait\u00e9s et ne propose aucune autre r\u00e9duction individuelle. La cha\u00eene s&rsquo;appuie enti\u00e8rement sur sa propre marque.<\/li>\n<li><strong>Ed\u00e9ka <\/strong>est un cas particulier. Ici, les march\u00e9s sont organis\u00e9s en coop\u00e9ration. Environ 3 200 commer\u00e7ants ind\u00e9pendants qui exploitent les magasins Edeka peuvent ainsi d\u00e9cider eux-m\u00eames des r\u00e9ductions qu&rsquo;ils proposent. Il en va de m\u00eame pour les sept grossistes r\u00e9gionaux. Le si\u00e8ge social ne sait pas si et dans quels magasins Edeka il existe une r\u00e9duction pour les retrait\u00e9s.<\/li>\n<li><strong>Kaufland <\/strong>Semblable \u00e0 Lidl, elle s&rsquo;appuie sur un programme de bonus sp\u00e9cial Kaufland Card et sur les offres XTRA. Celui-ci \u00e9value le comportement d&rsquo;achat et les donn\u00e9es d\u00e9mographiques des utilisateurs et vise \u00e0 proposer des offres adapt\u00e9es. Cependant, il n\u2019existe pas de r\u00e9duction g\u00e9n\u00e9rale pour les retrait\u00e9s.<\/li>\n<li><strong>penny <\/strong>n&rsquo;offre pas non plus de r\u00e9ductions pour des groupes sp\u00e9cifiques. Selon un porte-parole de la presse, la cha\u00eene estime que cela ne sert \u00e0 rien. Apr\u00e8s tout, de nombreux jeunes et parents c\u00e9libataires d\u00e9pendent \u00e9galement d\u2019une alimentation bon march\u00e9.<\/li>\n<\/ul>\n<\/div>\n<p><!--\/--><br \/>\n<!--$--><br \/>\n<!--\/--><br \/>\n<!--$--><br \/>\n<!--\/--><\/p>\n","protected":false},"excerpt":{"rendered":"<p>L&rsquo;\u00e9picier syrien \u00ab Teiba Market \u00bb fait actuellement la Une des journaux. Le supermarch\u00e9 de<\/p>\n","protected":false},"author":1,"featured_media":16065,"comment_status":"open","ping_status":"","sticky":false,"template":"","format":"standard","meta":{"footnotes":""},"categories":[117],"tags":[181,3259,49,762,71,8,656,8651],"class_list":["post-16064","post","type-post","status-publish","format-standard","has-post-thumbnail","hentry","category-parentalite-enfance","tag-achats","tag-cent","tag-les","tag-leurs","tag-lors","tag-pour","tag-reduction","tag-retraites","generate-columns","tablet-grid-50","mobile-grid-100","grid-parent","grid-50","resize-featured-image"],"yoast_head":"<!-- This site is optimized with the Yoast SEO plugin v23.4 - https:\/\/yoast.com\/wordpress\/plugins\/seo\/ -->\n<title>10 pour cent de r\u00e9duction pour les retrait\u00e9s lors de leurs achats - RVH-Synergie.org<\/title>\n<meta name=\"robots\" content=\"index, follow, max-snippet:-1, max-image-preview:large, max-video-preview:-1\" \/>\n<link rel=\"canonical\" href=\"https:\/\/rvh-synergie.org\/actualites\/10-pour-cent-de-reduction-pour-les-retraites-lors-de-leurs-achats\/\" \/>\n<meta property=\"og:locale\" content=\"fr_FR\" \/>\n<meta property=\"og:type\" content=\"article\" \/>\n<meta property=\"og:title\" content=\"10 pour cent de r\u00e9duction pour les retrait\u00e9s lors de leurs achats - RVH-Synergie.org\" \/>\n<meta property=\"og:description\" content=\"L&rsquo;\u00e9picier syrien \u00ab Teiba Market \u00bb fait actuellement la Une des journaux. Le supermarch\u00e9 de\" \/>\n<meta property=\"og:url\" content=\"https:\/\/rvh-synergie.org\/actualites\/10-pour-cent-de-reduction-pour-les-retraites-lors-de-leurs-achats\/\" \/>\n<meta property=\"og:site_name\" content=\"RVH-Synergie\" \/>\n<meta property=\"article:published_time\" content=\"2026-04-27T23:11:28+00:00\" \/>\n<meta property=\"article:modified_time\" content=\"2026-04-27T23:11:29+00:00\" \/>\n<meta property=\"og:image\" content=\"https:\/\/rvh-synergie.org\/actualites\/wp-content\/uploads\/2026\/04\/10-pour-cent-de-reduction-pour-les-retraites-lors-de.jpg\" \/>\n\t<meta property=\"og:image:width\" content=\"1200\" \/>\n\t<meta property=\"og:image:height\" content=\"630\" \/>\n\t<meta property=\"og:image:type\" content=\"image\/jpeg\" \/>\n<meta name=\"author\" content=\"Charles Martinez\" \/>\n<meta name=\"twitter:card\" content=\"summary_large_image\" \/>\n<meta name=\"twitter:label1\" content=\"\u00c9crit par\" \/>\n\t<meta name=\"twitter:data1\" content=\"Charles Martinez\" \/>\n\t<meta name=\"twitter:label2\" content=\"Dur\u00e9e de lecture estim\u00e9e\" \/>\n\t<meta name=\"twitter:data2\" content=\"3 minutes\" \/>\n<script type=\"application\/ld+json\" class=\"yoast-schema-graph\">{\"@context\":\"https:\/\/schema.org\",\"@graph\":[{\"@type\":\"Article\",\"@id\":\"https:\/\/rvh-synergie.org\/actualites\/10-pour-cent-de-reduction-pour-les-retraites-lors-de-leurs-achats\/#article\",\"isPartOf\":{\"@id\":\"https:\/\/rvh-synergie.org\/actualites\/10-pour-cent-de-reduction-pour-les-retraites-lors-de-leurs-achats\/\"},\"author\":{\"name\":\"Charles Martinez\",\"@id\":\"https:\/\/rvh-synergie.org\/actualites\/#\/schema\/person\/aa5ea98671fb4e8620f488a0795d2560\"},\"headline\":\"10 pour cent de r\u00e9duction pour les retrait\u00e9s lors de leurs achats\",\"datePublished\":\"2026-04-27T23:11:28+00:00\",\"dateModified\":\"2026-04-27T23:11:29+00:00\",\"mainEntityOfPage\":{\"@id\":\"https:\/\/rvh-synergie.org\/actualites\/10-pour-cent-de-reduction-pour-les-retraites-lors-de-leurs-achats\/\"},\"wordCount\":661,\"commentCount\":0,\"publisher\":{\"@id\":\"https:\/\/rvh-synergie.org\/actualites\/#organization\"},\"image\":{\"@id\":\"https:\/\/rvh-synergie.org\/actualites\/10-pour-cent-de-reduction-pour-les-retraites-lors-de-leurs-achats\/#primaryimage\"},\"thumbnailUrl\":\"https:\/\/rvh-synergie.org\/actualites\/wp-content\/uploads\/2026\/04\/10-pour-cent-de-reduction-pour-les-retraites-lors-de.jpg\",\"keywords\":[\"Achats\",\"cent\",\"Les\",\"leurs\",\"lors\",\"pour\",\"r\u00e9duction\",\"retraites\"],\"articleSection\":[\"Parentalit\u00e9 &amp; Enfance\"],\"inLanguage\":\"fr-FR\",\"potentialAction\":[{\"@type\":\"CommentAction\",\"name\":\"Comment\",\"target\":[\"https:\/\/rvh-synergie.org\/actualites\/10-pour-cent-de-reduction-pour-les-retraites-lors-de-leurs-achats\/#respond\"]}]},{\"@type\":\"WebPage\",\"@id\":\"https:\/\/rvh-synergie.org\/actualites\/10-pour-cent-de-reduction-pour-les-retraites-lors-de-leurs-achats\/\",\"url\":\"https:\/\/rvh-synergie.org\/actualites\/10-pour-cent-de-reduction-pour-les-retraites-lors-de-leurs-achats\/\",\"name\":\"10 pour cent de r\u00e9duction pour les retrait\u00e9s lors de leurs achats - RVH-Synergie.org\",\"isPartOf\":{\"@id\":\"https:\/\/rvh-synergie.org\/actualites\/#website\"},\"primaryImageOfPage\":{\"@id\":\"https:\/\/rvh-synergie.org\/actualites\/10-pour-cent-de-reduction-pour-les-retraites-lors-de-leurs-achats\/#primaryimage\"},\"image\":{\"@id\":\"https:\/\/rvh-synergie.org\/actualites\/10-pour-cent-de-reduction-pour-les-retraites-lors-de-leurs-achats\/#primaryimage\"},\"thumbnailUrl\":\"https:\/\/rvh-synergie.org\/actualites\/wp-content\/uploads\/2026\/04\/10-pour-cent-de-reduction-pour-les-retraites-lors-de.jpg\",\"datePublished\":\"2026-04-27T23:11:28+00:00\",\"dateModified\":\"2026-04-27T23:11:29+00:00\",\"breadcrumb\":{\"@id\":\"https:\/\/rvh-synergie.org\/actualites\/10-pour-cent-de-reduction-pour-les-retraites-lors-de-leurs-achats\/#breadcrumb\"},\"inLanguage\":\"fr-FR\",\"potentialAction\":[{\"@type\":\"ReadAction\",\"target\":[\"https:\/\/rvh-synergie.org\/actualites\/10-pour-cent-de-reduction-pour-les-retraites-lors-de-leurs-achats\/\"]}]},{\"@type\":\"ImageObject\",\"inLanguage\":\"fr-FR\",\"@id\":\"https:\/\/rvh-synergie.org\/actualites\/10-pour-cent-de-reduction-pour-les-retraites-lors-de-leurs-achats\/#primaryimage\",\"url\":\"https:\/\/rvh-synergie.org\/actualites\/wp-content\/uploads\/2026\/04\/10-pour-cent-de-reduction-pour-les-retraites-lors-de.jpg\",\"contentUrl\":\"https:\/\/rvh-synergie.org\/actualites\/wp-content\/uploads\/2026\/04\/10-pour-cent-de-reduction-pour-les-retraites-lors-de.jpg\",\"width\":1200,\"height\":630},{\"@type\":\"BreadcrumbList\",\"@id\":\"https:\/\/rvh-synergie.org\/actualites\/10-pour-cent-de-reduction-pour-les-retraites-lors-de-leurs-achats\/#breadcrumb\",\"itemListElement\":[{\"@type\":\"ListItem\",\"position\":1,\"name\":\"Accueil\",\"item\":\"https:\/\/rvh-synergie.org\/actualites\/\"},{\"@type\":\"ListItem\",\"position\":2,\"name\":\"10 pour cent de r\u00e9duction pour les retrait\u00e9s lors de leurs achats\"}]},{\"@type\":\"WebSite\",\"@id\":\"https:\/\/rvh-synergie.org\/actualites\/#website\",\"url\":\"https:\/\/rvh-synergie.org\/actualites\/\",\"name\":\"RVH-Synergie.org\",\"description\":\"RVH-Synergie, site ind\u00e9pendant d&#039;informations sur la prise en charge des addictions.\",\"publisher\":{\"@id\":\"https:\/\/rvh-synergie.org\/actualites\/#organization\"},\"potentialAction\":[{\"@type\":\"SearchAction\",\"target\":{\"@type\":\"EntryPoint\",\"urlTemplate\":\"https:\/\/rvh-synergie.org\/actualites\/?s={search_term_string}\"},\"query-input\":{\"@type\":\"PropertyValueSpecification\",\"valueRequired\":true,\"valueName\":\"search_term_string\"}}],\"inLanguage\":\"fr-FR\"},{\"@type\":\"Organization\",\"@id\":\"https:\/\/rvh-synergie.org\/actualites\/#organization\",\"name\":\"RVH-Synergie.org\",\"url\":\"https:\/\/rvh-synergie.org\/actualites\/\",\"logo\":{\"@type\":\"ImageObject\",\"inLanguage\":\"fr-FR\",\"@id\":\"https:\/\/rvh-synergie.org\/actualites\/#\/schema\/logo\/image\/\",\"url\":\"https:\/\/rvh-synergie.org\/actualites\/wp-content\/uploads\/2024\/09\/favicon.png\",\"contentUrl\":\"https:\/\/rvh-synergie.org\/actualites\/wp-content\/uploads\/2024\/09\/favicon.png\",\"width\":512,\"height\":512,\"caption\":\"RVH-Synergie.org\"},\"image\":{\"@id\":\"https:\/\/rvh-synergie.org\/actualites\/#\/schema\/logo\/image\/\"}},{\"@type\":\"Person\",\"@id\":\"https:\/\/rvh-synergie.org\/actualites\/#\/schema\/person\/aa5ea98671fb4e8620f488a0795d2560\",\"name\":\"Charles Martinez\",\"image\":{\"@type\":\"ImageObject\",\"inLanguage\":\"fr-FR\",\"@id\":\"https:\/\/rvh-synergie.org\/actualites\/#\/schema\/person\/image\/\",\"url\":\"https:\/\/rvh-synergie.org\/actualites\/wp-content\/uploads\/2024\/09\/charles-martinez-scaled.jpg\",\"contentUrl\":\"https:\/\/rvh-synergie.org\/actualites\/wp-content\/uploads\/2024\/09\/charles-martinez-scaled.jpg\",\"caption\":\"Charles Martinez\"},\"description\":\"Bonjour, je m'appelle Charles Martinez, r\u00e9dacteur passionn\u00e9 pour le m\u00e9dia RVH-synergie.org, d\u00e9di\u00e9 aux addictions et aux maladies. Depuis plus de dix ans, j'explore et rapporte les histoires poignantes des individus confront\u00e9s \u00e0 ces d\u00e9fis, tout en sensibilisant le public aux traitements novateurs et aux progr\u00e8s scientifiques dans ce domaine. Mon engagement r\u00e9side dans l'espoir de cr\u00e9er une communaut\u00e9 inform\u00e9e et empathique, pr\u00eate \u00e0 soutenir ceux qui luttent contre ces \u00e9preuves.\",\"sameAs\":[\"https:\/\/rvh-synergie.org\/\"]}]}<\/script>\n<!-- \/ Yoast SEO plugin. -->","yoast_head_json":{"title":"10 pour cent de r\u00e9duction pour les retrait\u00e9s lors de leurs achats - RVH-Synergie.org","robots":{"index":"index","follow":"follow","max-snippet":"max-snippet:-1","max-image-preview":"max-image-preview:large","max-video-preview":"max-video-preview:-1"},"canonical":"https:\/\/rvh-synergie.org\/actualites\/10-pour-cent-de-reduction-pour-les-retraites-lors-de-leurs-achats\/","og_locale":"fr_FR","og_type":"article","og_title":"10 pour cent de r\u00e9duction pour les retrait\u00e9s lors de leurs achats - RVH-Synergie.org","og_description":"L&rsquo;\u00e9picier syrien \u00ab Teiba Market \u00bb fait actuellement la Une des journaux. Le supermarch\u00e9 de","og_url":"https:\/\/rvh-synergie.org\/actualites\/10-pour-cent-de-reduction-pour-les-retraites-lors-de-leurs-achats\/","og_site_name":"RVH-Synergie","article_published_time":"2026-04-27T23:11:28+00:00","article_modified_time":"2026-04-27T23:11:29+00:00","og_image":[{"width":1200,"height":630,"url":"https:\/\/rvh-synergie.org\/actualites\/wp-content\/uploads\/2026\/04\/10-pour-cent-de-reduction-pour-les-retraites-lors-de.jpg","type":"image\/jpeg"}],"author":"Charles Martinez","twitter_card":"summary_large_image","twitter_misc":{"\u00c9crit par":"Charles Martinez","Dur\u00e9e de lecture estim\u00e9e":"3 minutes"},"schema":{"@context":"https:\/\/schema.org","@graph":[{"@type":"Article","@id":"https:\/\/rvh-synergie.org\/actualites\/10-pour-cent-de-reduction-pour-les-retraites-lors-de-leurs-achats\/#article","isPartOf":{"@id":"https:\/\/rvh-synergie.org\/actualites\/10-pour-cent-de-reduction-pour-les-retraites-lors-de-leurs-achats\/"},"author":{"name":"Charles Martinez","@id":"https:\/\/rvh-synergie.org\/actualites\/#\/schema\/person\/aa5ea98671fb4e8620f488a0795d2560"},"headline":"10 pour cent de r\u00e9duction pour les retrait\u00e9s lors de leurs achats","datePublished":"2026-04-27T23:11:28+00:00","dateModified":"2026-04-27T23:11:29+00:00","mainEntityOfPage":{"@id":"https:\/\/rvh-synergie.org\/actualites\/10-pour-cent-de-reduction-pour-les-retraites-lors-de-leurs-achats\/"},"wordCount":661,"commentCount":0,"publisher":{"@id":"https:\/\/rvh-synergie.org\/actualites\/#organization"},"image":{"@id":"https:\/\/rvh-synergie.org\/actualites\/10-pour-cent-de-reduction-pour-les-retraites-lors-de-leurs-achats\/#primaryimage"},"thumbnailUrl":"https:\/\/rvh-synergie.org\/actualites\/wp-content\/uploads\/2026\/04\/10-pour-cent-de-reduction-pour-les-retraites-lors-de.jpg","keywords":["Achats","cent","Les","leurs","lors","pour","r\u00e9duction","retraites"],"articleSection":["Parentalit\u00e9 &amp; Enfance"],"inLanguage":"fr-FR","potentialAction":[{"@type":"CommentAction","name":"Comment","target":["https:\/\/rvh-synergie.org\/actualites\/10-pour-cent-de-reduction-pour-les-retraites-lors-de-leurs-achats\/#respond"]}]},{"@type":"WebPage","@id":"https:\/\/rvh-synergie.org\/actualites\/10-pour-cent-de-reduction-pour-les-retraites-lors-de-leurs-achats\/","url":"https:\/\/rvh-synergie.org\/actualites\/10-pour-cent-de-reduction-pour-les-retraites-lors-de-leurs-achats\/","name":"10 pour cent de r\u00e9duction pour les retrait\u00e9s lors de leurs achats - RVH-Synergie.org","isPartOf":{"@id":"https:\/\/rvh-synergie.org\/actualites\/#website"},"primaryImageOfPage":{"@id":"https:\/\/rvh-synergie.org\/actualites\/10-pour-cent-de-reduction-pour-les-retraites-lors-de-leurs-achats\/#primaryimage"},"image":{"@id":"https:\/\/rvh-synergie.org\/actualites\/10-pour-cent-de-reduction-pour-les-retraites-lors-de-leurs-achats\/#primaryimage"},"thumbnailUrl":"https:\/\/rvh-synergie.org\/actualites\/wp-content\/uploads\/2026\/04\/10-pour-cent-de-reduction-pour-les-retraites-lors-de.jpg","datePublished":"2026-04-27T23:11:28+00:00","dateModified":"2026-04-27T23:11:29+00:00","breadcrumb":{"@id":"https:\/\/rvh-synergie.org\/actualites\/10-pour-cent-de-reduction-pour-les-retraites-lors-de-leurs-achats\/#breadcrumb"},"inLanguage":"fr-FR","potentialAction":[{"@type":"ReadAction","target":["https:\/\/rvh-synergie.org\/actualites\/10-pour-cent-de-reduction-pour-les-retraites-lors-de-leurs-achats\/"]}]},{"@type":"ImageObject","inLanguage":"fr-FR","@id":"https:\/\/rvh-synergie.org\/actualites\/10-pour-cent-de-reduction-pour-les-retraites-lors-de-leurs-achats\/#primaryimage","url":"https:\/\/rvh-synergie.org\/actualites\/wp-content\/uploads\/2026\/04\/10-pour-cent-de-reduction-pour-les-retraites-lors-de.jpg","contentUrl":"https:\/\/rvh-synergie.org\/actualites\/wp-content\/uploads\/2026\/04\/10-pour-cent-de-reduction-pour-les-retraites-lors-de.jpg","width":1200,"height":630},{"@type":"BreadcrumbList","@id":"https:\/\/rvh-synergie.org\/actualites\/10-pour-cent-de-reduction-pour-les-retraites-lors-de-leurs-achats\/#breadcrumb","itemListElement":[{"@type":"ListItem","position":1,"name":"Accueil","item":"https:\/\/rvh-synergie.org\/actualites\/"},{"@type":"ListItem","position":2,"name":"10 pour cent de r\u00e9duction pour les retrait\u00e9s lors de leurs achats"}]},{"@type":"WebSite","@id":"https:\/\/rvh-synergie.org\/actualites\/#website","url":"https:\/\/rvh-synergie.org\/actualites\/","name":"RVH-Synergie.org","description":"RVH-Synergie, site ind\u00e9pendant d&#039;informations sur la prise en charge des addictions.","publisher":{"@id":"https:\/\/rvh-synergie.org\/actualites\/#organization"},"potentialAction":[{"@type":"SearchAction","target":{"@type":"EntryPoint","urlTemplate":"https:\/\/rvh-synergie.org\/actualites\/?s={search_term_string}"},"query-input":{"@type":"PropertyValueSpecification","valueRequired":true,"valueName":"search_term_string"}}],"inLanguage":"fr-FR"},{"@type":"Organization","@id":"https:\/\/rvh-synergie.org\/actualites\/#organization","name":"RVH-Synergie.org","url":"https:\/\/rvh-synergie.org\/actualites\/","logo":{"@type":"ImageObject","inLanguage":"fr-FR","@id":"https:\/\/rvh-synergie.org\/actualites\/#\/schema\/logo\/image\/","url":"https:\/\/rvh-synergie.org\/actualites\/wp-content\/uploads\/2024\/09\/favicon.png","contentUrl":"https:\/\/rvh-synergie.org\/actualites\/wp-content\/uploads\/2024\/09\/favicon.png","width":512,"height":512,"caption":"RVH-Synergie.org"},"image":{"@id":"https:\/\/rvh-synergie.org\/actualites\/#\/schema\/logo\/image\/"}},{"@type":"Person","@id":"https:\/\/rvh-synergie.org\/actualites\/#\/schema\/person\/aa5ea98671fb4e8620f488a0795d2560","name":"Charles Martinez","image":{"@type":"ImageObject","inLanguage":"fr-FR","@id":"https:\/\/rvh-synergie.org\/actualites\/#\/schema\/person\/image\/","url":"https:\/\/rvh-synergie.org\/actualites\/wp-content\/uploads\/2024\/09\/charles-martinez-scaled.jpg","contentUrl":"https:\/\/rvh-synergie.org\/actualites\/wp-content\/uploads\/2024\/09\/charles-martinez-scaled.jpg","caption":"Charles Martinez"},"description":"Bonjour, je m'appelle Charles Martinez, r\u00e9dacteur passionn\u00e9 pour le m\u00e9dia RVH-synergie.org, d\u00e9di\u00e9 aux addictions et aux maladies. Depuis plus de dix ans, j'explore et rapporte les histoires poignantes des individus confront\u00e9s \u00e0 ces d\u00e9fis, tout en sensibilisant le public aux traitements novateurs et aux progr\u00e8s scientifiques dans ce domaine. Mon engagement r\u00e9side dans l'espoir de cr\u00e9er une communaut\u00e9 inform\u00e9e et empathique, pr\u00eate \u00e0 soutenir ceux qui luttent contre ces \u00e9preuves.","sameAs":["https:\/\/rvh-synergie.org\/"]}]}},"_links":{"self":[{"href":"https:\/\/rvh-synergie.org\/actualites\/wp-json\/wp\/v2\/posts\/16064","targetHints":{"allow":["GET"]}}],"collection":[{"href":"https:\/\/rvh-synergie.org\/actualites\/wp-json\/wp\/v2\/posts"}],"about":[{"href":"https:\/\/rvh-synergie.org\/actualites\/wp-json\/wp\/v2\/types\/post"}],"author":[{"embeddable":true,"href":"https:\/\/rvh-synergie.org\/actualites\/wp-json\/wp\/v2\/users\/1"}],"replies":[{"embeddable":true,"href":"https:\/\/rvh-synergie.org\/actualites\/wp-json\/wp\/v2\/comments?post=16064"}],"version-history":[{"count":1,"href":"https:\/\/rvh-synergie.org\/actualites\/wp-json\/wp\/v2\/posts\/16064\/revisions"}],"predecessor-version":[{"id":16066,"href":"https:\/\/rvh-synergie.org\/actualites\/wp-json\/wp\/v2\/posts\/16064\/revisions\/16066"}],"wp:featuredmedia":[{"embeddable":true,"href":"https:\/\/rvh-synergie.org\/actualites\/wp-json\/wp\/v2\/media\/16065"}],"wp:attachment":[{"href":"https:\/\/rvh-synergie.org\/actualites\/wp-json\/wp\/v2\/media?parent=16064"}],"wp:term":[{"taxonomy":"category","embeddable":true,"href":"https:\/\/rvh-synergie.org\/actualites\/wp-json\/wp\/v2\/categories?post=16064"},{"taxonomy":"post_tag","embeddable":true,"href":"https:\/\/rvh-synergie.org\/actualites\/wp-json\/wp\/v2\/tags?post=16064"}],"curies":[{"name":"wp","href":"https:\/\/api.w.org\/{rel}","templated":true}]}}