{"id":16024,"date":"2026-04-26T10:11:07","date_gmt":"2026-04-26T08:11:07","guid":{"rendered":"https:\/\/rvh-synergie.org\/actualites\/jour-de-la-terre-et-au-dela-enseigner-le-climat-aux-enfants\/"},"modified":"2026-04-26T10:11:07","modified_gmt":"2026-04-26T08:11:07","slug":"jour-de-la-terre-et-au-dela-enseigner-le-climat-aux-enfants","status":"publish","type":"post","link":"https:\/\/rvh-synergie.org\/actualites\/jour-de-la-terre-et-au-dela-enseigner-le-climat-aux-enfants\/","title":{"rendered":"Jour de la Terre et au-del\u00e0\u00a0: enseigner le climat aux enfants"},"content":{"rendered":"<p>Le Jour de la Terre n&rsquo;est pas seulement une c\u00e9l\u00e9bration : c&rsquo;est l&rsquo;occasion d&rsquo;aider les enfants \u00e0 mieux comprendre le monde qui les entoure. Les conversations sur le climat deviennent de plus en plus bruyantes et complexes, et les enfants entendent souvent des bribes sans disposer des outils n\u00e9cessaires pour les comprendre.<\/p>\n<p>D\u00e9velopper pr\u00e9cocement des connaissances sur le climat ne signifie pas submerger les enfants de pr\u00e9dictions effrayantes. Cela signifie les aider \u00e0 rester curieux, \u00e0 comprendre comment les choses fonctionnent et \u00e0 sentir qu\u2019ils peuvent faire la diff\u00e9rence.<\/p>\n<p>Voici six fa\u00e7ons simples de commencer.<\/p>\n<h4 class=\"wp-block-heading\">1. Posez-leur des questions <\/h4>\n<p>Selon un sondage NPR, 60 pour cent des \u00e9coles am\u00e9ricaines n&rsquo;inscrivent pas le changement climatique dans leur programme, m\u00eame si 80 pour cent des parents conviennent qu&rsquo;il devrait \u00eatre enseign\u00e9.<\/p>\n<p>Vous pouvez combler cette lacune en parlant du climat et en attisant leur curiosit\u00e9 avec des questions simples. Demandez-leur pourquoi ils pensent qu\u2019il y a plus de pluie au printemps et en \u00e9t\u00e9 et plus de neige en hiver. Demandez-leur s\u2019ils savent comment se produisent les inondations ou les s\u00e9cheresses. <\/p>\n<p>\u00c0 partir de l\u00e0, vous pouvez introduire des id\u00e9es plus vastes en termes simples, comme expliquer l\u2019effet de serre comme une \u00ab couverture autour de la Terre \u00bb qui emprisonne la chaleur.<\/p>\n<p>Quelques conversations r\u00e9fl\u00e9chies \u00e0 la maison peuvent susciter un int\u00e9r\u00eat pour les choses qui ont un impact sur notre climat. <\/p>\n<h4 class=\"wp-block-heading\">2. Utilisez des activit\u00e9s pratiques pour des concepts plus vastes<\/h4>\n<p>Les enfants apprennent mieux en faisant. Ajouter des activit\u00e9s sur le changement climatique aux r\u00e9cr\u00e9ations peut en faire plus qu\u2019un concept abstrait. <\/p>\n<p>Une recette amusante \u00e0 essayer\u00a0: placez une quantit\u00e9 \u00e9gale de gla\u00e7ons dans deux plats peu profonds en Pyrex. Ajoutez une petite quantit\u00e9 d&rsquo;eau \u00e0 l&rsquo;un d&rsquo;eux. En observant les r\u00e9sultats \u2013 la glace plac\u00e9e dans l\u2019eau devrait fondre plus rapidement que la glace sans eau \u2013 les enfants peuvent voir comment la glace fond plus rapidement dans l\u2019eau que sur terre. Cela peut ouvrir une discussion sur l\u2019\u00e9l\u00e9vation du niveau de la mer et le manque d\u2019approvisionnement en eau. <\/p>\n<h4 class=\"wp-block-heading\">3. Lisez des histoires au coucher sur le climat <\/h4>\n<p>Selon Earth.org, les enfants conna\u00eetront pr\u00e8s de trois fois plus de catastrophes climatiques que leurs grands-parents. Il est donc plus important de cultiver leur conscience environnementale d\u00e8s le d\u00e9but pour les aider \u00e0 se sentir pr\u00e9par\u00e9s et non effray\u00e9s. <\/p>\n<p>Essayez de remplacer l&rsquo;une de vos lectures habituelles au coucher par des histoires sur le th\u00e8me du climat, telles que The<em> Lorax<\/em><em>, <\/em><em>Une plan\u00e8te pleine de plastique<\/em>et <em>Dessin\u00e9 \u00e0 changer le monde<\/em>une collection de romans graphiques mettant en vedette Greta Thunberg et d\u2019autres militants \u00e9cologistes.<\/p>\n<h4 class=\"wp-block-heading\">4. Concentrez-vous sur l&rsquo;action, pas sur l&rsquo;anxi\u00e9t\u00e9 <\/h4>\n<p>Le changement climatique peut sembler accablant, m\u00eame pour les adultes. Pour les enfants, l\u2019objectif est de leur donner les moyens de s\u2019impliquer. Encouragez de petites actions adapt\u00e9es \u00e0 votre \u00e2ge, telles que\u00a0:<\/p>\n<ul class=\"wp-block-list\">\n<li>Utiliser une bouteille d&rsquo;eau r\u00e9utilisable<\/li>\n<li>Planter un petit jardin <\/li>\n<li>Marcher ou faire du v\u00e9lo pour aller \u00e0 l&rsquo;\u00e9cole <\/li>\n<\/ul>\n<p>Ces habitudes aident les enfants \u00e0 se consid\u00e9rer comme faisant partie de la solution.<\/p>\n<h4 class=\"wp-block-heading\">5. Suivez leur exemple<\/h4>\n<p>Si votre enfant s&rsquo;int\u00e9resse \u00e0 un sujet climatique (comme les oc\u00e9ans ou les temp\u00eates), explorez ces sujets plus en profondeur. L\u2019\u00e9ducation climatique ne doit pas n\u00e9cessairement suivre un programme strict. Nourrissez l&rsquo;int\u00e9r\u00eat de votre enfant\u00a0!<\/p>\n<h4 class=\"wp-block-heading\">6. Mod\u00e8le de bon comportement<\/h4>\n<p>Les enfants remarquent ce que font les adultes. Des habitudes simples comme le recyclage, la conservation de l&rsquo;\u00e9nergie en \u00e9teignant les lumi\u00e8res et la r\u00e9duction des d\u00e9chets renforcent discr\u00e8tement ce que vous enseignez.<\/p>\n<h4 class=\"wp-block-heading\">Poursuivez la conversation<\/h4>\n<p>La connaissance du climat ne doit pas n\u00e9cessairement \u00eatre compliqu\u00e9e ou parfaite. Ce qui compte le plus, c\u2019est de cr\u00e9er un espace pour la curiosit\u00e9, la conversation et les petites actions significatives. En aidant les enfants \u00e0 comprendre le monde qui les entoure et la place qu&rsquo;ils y occupent, vous ne leur enseignez pas seulement le climat : vous leur donnez la confiance n\u00e9cessaire pour s&rsquo;en soucier, poser des questions et faire partie de la solution.<\/p>\n<p>L&rsquo;article Jour de la Terre et au-del\u00e0\u00a0: Enseigner le climat aux enfants est apparu pour la premi\u00e8re fois dans le magazine Our Children.<\/p>\n","protected":false},"excerpt":{"rendered":"<p>Le Jour de la Terre n&rsquo;est pas seulement une c\u00e9l\u00e9bration : c&rsquo;est l&rsquo;occasion d&rsquo;aider les<\/p>\n","protected":false},"author":1,"featured_media":16025,"comment_status":"open","ping_status":"","sticky":false,"template":"","format":"standard","meta":{"footnotes":""},"categories":[117],"tags":[327,171,6572,135,4911,1644,4916],"class_list":["post-16024","post","type-post","status-publish","format-standard","has-post-thumbnail","hentry","category-parentalite-enfance","tag-audela","tag-aux","tag-climat","tag-enfants","tag-enseigner","tag-jour","tag-terre","generate-columns","tablet-grid-50","mobile-grid-100","grid-parent","grid-50","resize-featured-image"],"yoast_head":"<!-- This site is optimized with the Yoast SEO plugin v23.4 - https:\/\/yoast.com\/wordpress\/plugins\/seo\/ -->\n<title>Jour de la Terre et au-del\u00e0\u00a0: enseigner le climat aux enfants - RVH-Synergie.org<\/title>\n<meta name=\"robots\" content=\"index, follow, max-snippet:-1, max-image-preview:large, max-video-preview:-1\" \/>\n<link rel=\"canonical\" href=\"https:\/\/rvh-synergie.org\/actualites\/jour-de-la-terre-et-au-dela-enseigner-le-climat-aux-enfants\/\" \/>\n<meta property=\"og:locale\" content=\"fr_FR\" \/>\n<meta property=\"og:type\" content=\"article\" \/>\n<meta property=\"og:title\" content=\"Jour de la Terre et au-del\u00e0\u00a0: enseigner le climat aux enfants - RVH-Synergie.org\" \/>\n<meta property=\"og:description\" content=\"Le Jour de la Terre n&rsquo;est pas seulement une c\u00e9l\u00e9bration : c&rsquo;est l&rsquo;occasion d&rsquo;aider les\" \/>\n<meta property=\"og:url\" content=\"https:\/\/rvh-synergie.org\/actualites\/jour-de-la-terre-et-au-dela-enseigner-le-climat-aux-enfants\/\" \/>\n<meta property=\"og:site_name\" content=\"RVH-Synergie\" \/>\n<meta property=\"article:published_time\" content=\"2026-04-26T08:11:07+00:00\" \/>\n<meta property=\"og:image\" content=\"https:\/\/rvh-synergie.org\/actualites\/wp-content\/uploads\/2026\/04\/Jour-de-la-Terre-et-au-dela-enseigner-le-climat-aux.jpg\" \/>\n\t<meta property=\"og:image:width\" content=\"1000\" \/>\n\t<meta property=\"og:image:height\" content=\"667\" \/>\n\t<meta property=\"og:image:type\" content=\"image\/jpeg\" \/>\n<meta name=\"author\" content=\"Charles Martinez\" \/>\n<meta name=\"twitter:card\" content=\"summary_large_image\" \/>\n<meta name=\"twitter:label1\" content=\"\u00c9crit par\" \/>\n\t<meta name=\"twitter:data1\" content=\"Charles Martinez\" \/>\n\t<meta name=\"twitter:label2\" content=\"Dur\u00e9e de lecture estim\u00e9e\" \/>\n\t<meta name=\"twitter:data2\" content=\"4 minutes\" \/>\n<script type=\"application\/ld+json\" class=\"yoast-schema-graph\">{\"@context\":\"https:\/\/schema.org\",\"@graph\":[{\"@type\":\"Article\",\"@id\":\"https:\/\/rvh-synergie.org\/actualites\/jour-de-la-terre-et-au-dela-enseigner-le-climat-aux-enfants\/#article\",\"isPartOf\":{\"@id\":\"https:\/\/rvh-synergie.org\/actualites\/jour-de-la-terre-et-au-dela-enseigner-le-climat-aux-enfants\/\"},\"author\":{\"name\":\"Charles Martinez\",\"@id\":\"https:\/\/rvh-synergie.org\/actualites\/#\/schema\/person\/aa5ea98671fb4e8620f488a0795d2560\"},\"headline\":\"Jour de la Terre et au-del\u00e0\u00a0: enseigner le climat aux enfants\",\"datePublished\":\"2026-04-26T08:11:07+00:00\",\"dateModified\":\"2026-04-26T08:11:07+00:00\",\"mainEntityOfPage\":{\"@id\":\"https:\/\/rvh-synergie.org\/actualites\/jour-de-la-terre-et-au-dela-enseigner-le-climat-aux-enfants\/\"},\"wordCount\":757,\"commentCount\":0,\"publisher\":{\"@id\":\"https:\/\/rvh-synergie.org\/actualites\/#organization\"},\"image\":{\"@id\":\"https:\/\/rvh-synergie.org\/actualites\/jour-de-la-terre-et-au-dela-enseigner-le-climat-aux-enfants\/#primaryimage\"},\"thumbnailUrl\":\"https:\/\/rvh-synergie.org\/actualites\/wp-content\/uploads\/2026\/04\/Jour-de-la-Terre-et-au-dela-enseigner-le-climat-aux.jpg\",\"keywords\":[\"audel\u00e0\",\"aux\",\"climat\",\"enfants\",\"Enseigner\",\"jour\",\"Terre\"],\"articleSection\":[\"Parentalit\u00e9 &amp; Enfance\"],\"inLanguage\":\"fr-FR\",\"potentialAction\":[{\"@type\":\"CommentAction\",\"name\":\"Comment\",\"target\":[\"https:\/\/rvh-synergie.org\/actualites\/jour-de-la-terre-et-au-dela-enseigner-le-climat-aux-enfants\/#respond\"]}]},{\"@type\":\"WebPage\",\"@id\":\"https:\/\/rvh-synergie.org\/actualites\/jour-de-la-terre-et-au-dela-enseigner-le-climat-aux-enfants\/\",\"url\":\"https:\/\/rvh-synergie.org\/actualites\/jour-de-la-terre-et-au-dela-enseigner-le-climat-aux-enfants\/\",\"name\":\"Jour de la Terre et au-del\u00e0\u00a0: enseigner le climat aux enfants - RVH-Synergie.org\",\"isPartOf\":{\"@id\":\"https:\/\/rvh-synergie.org\/actualites\/#website\"},\"primaryImageOfPage\":{\"@id\":\"https:\/\/rvh-synergie.org\/actualites\/jour-de-la-terre-et-au-dela-enseigner-le-climat-aux-enfants\/#primaryimage\"},\"image\":{\"@id\":\"https:\/\/rvh-synergie.org\/actualites\/jour-de-la-terre-et-au-dela-enseigner-le-climat-aux-enfants\/#primaryimage\"},\"thumbnailUrl\":\"https:\/\/rvh-synergie.org\/actualites\/wp-content\/uploads\/2026\/04\/Jour-de-la-Terre-et-au-dela-enseigner-le-climat-aux.jpg\",\"datePublished\":\"2026-04-26T08:11:07+00:00\",\"dateModified\":\"2026-04-26T08:11:07+00:00\",\"breadcrumb\":{\"@id\":\"https:\/\/rvh-synergie.org\/actualites\/jour-de-la-terre-et-au-dela-enseigner-le-climat-aux-enfants\/#breadcrumb\"},\"inLanguage\":\"fr-FR\",\"potentialAction\":[{\"@type\":\"ReadAction\",\"target\":[\"https:\/\/rvh-synergie.org\/actualites\/jour-de-la-terre-et-au-dela-enseigner-le-climat-aux-enfants\/\"]}]},{\"@type\":\"ImageObject\",\"inLanguage\":\"fr-FR\",\"@id\":\"https:\/\/rvh-synergie.org\/actualites\/jour-de-la-terre-et-au-dela-enseigner-le-climat-aux-enfants\/#primaryimage\",\"url\":\"https:\/\/rvh-synergie.org\/actualites\/wp-content\/uploads\/2026\/04\/Jour-de-la-Terre-et-au-dela-enseigner-le-climat-aux.jpg\",\"contentUrl\":\"https:\/\/rvh-synergie.org\/actualites\/wp-content\/uploads\/2026\/04\/Jour-de-la-Terre-et-au-dela-enseigner-le-climat-aux.jpg\",\"width\":1000,\"height\":667,\"caption\":\"Jour de la Terre et au-del\u00e0\u00a0: enseigner le climat aux enfants\"},{\"@type\":\"BreadcrumbList\",\"@id\":\"https:\/\/rvh-synergie.org\/actualites\/jour-de-la-terre-et-au-dela-enseigner-le-climat-aux-enfants\/#breadcrumb\",\"itemListElement\":[{\"@type\":\"ListItem\",\"position\":1,\"name\":\"Accueil\",\"item\":\"https:\/\/rvh-synergie.org\/actualites\/\"},{\"@type\":\"ListItem\",\"position\":2,\"name\":\"Jour de la Terre et au-del\u00e0\u00a0: enseigner le climat aux enfants\"}]},{\"@type\":\"WebSite\",\"@id\":\"https:\/\/rvh-synergie.org\/actualites\/#website\",\"url\":\"https:\/\/rvh-synergie.org\/actualites\/\",\"name\":\"RVH-Synergie.org\",\"description\":\"RVH-Synergie, site ind\u00e9pendant d&#039;informations sur la prise en charge des addictions.\",\"publisher\":{\"@id\":\"https:\/\/rvh-synergie.org\/actualites\/#organization\"},\"potentialAction\":[{\"@type\":\"SearchAction\",\"target\":{\"@type\":\"EntryPoint\",\"urlTemplate\":\"https:\/\/rvh-synergie.org\/actualites\/?s={search_term_string}\"},\"query-input\":{\"@type\":\"PropertyValueSpecification\",\"valueRequired\":true,\"valueName\":\"search_term_string\"}}],\"inLanguage\":\"fr-FR\"},{\"@type\":\"Organization\",\"@id\":\"https:\/\/rvh-synergie.org\/actualites\/#organization\",\"name\":\"RVH-Synergie.org\",\"url\":\"https:\/\/rvh-synergie.org\/actualites\/\",\"logo\":{\"@type\":\"ImageObject\",\"inLanguage\":\"fr-FR\",\"@id\":\"https:\/\/rvh-synergie.org\/actualites\/#\/schema\/logo\/image\/\",\"url\":\"https:\/\/rvh-synergie.org\/actualites\/wp-content\/uploads\/2024\/09\/favicon.png\",\"contentUrl\":\"https:\/\/rvh-synergie.org\/actualites\/wp-content\/uploads\/2024\/09\/favicon.png\",\"width\":512,\"height\":512,\"caption\":\"RVH-Synergie.org\"},\"image\":{\"@id\":\"https:\/\/rvh-synergie.org\/actualites\/#\/schema\/logo\/image\/\"}},{\"@type\":\"Person\",\"@id\":\"https:\/\/rvh-synergie.org\/actualites\/#\/schema\/person\/aa5ea98671fb4e8620f488a0795d2560\",\"name\":\"Charles Martinez\",\"image\":{\"@type\":\"ImageObject\",\"inLanguage\":\"fr-FR\",\"@id\":\"https:\/\/rvh-synergie.org\/actualites\/#\/schema\/person\/image\/\",\"url\":\"https:\/\/rvh-synergie.org\/actualites\/wp-content\/uploads\/2024\/09\/charles-martinez-scaled.jpg\",\"contentUrl\":\"https:\/\/rvh-synergie.org\/actualites\/wp-content\/uploads\/2024\/09\/charles-martinez-scaled.jpg\",\"caption\":\"Charles Martinez\"},\"description\":\"Bonjour, je m'appelle Charles Martinez, r\u00e9dacteur passionn\u00e9 pour le m\u00e9dia RVH-synergie.org, d\u00e9di\u00e9 aux addictions et aux maladies. Depuis plus de dix ans, j'explore et rapporte les histoires poignantes des individus confront\u00e9s \u00e0 ces d\u00e9fis, tout en sensibilisant le public aux traitements novateurs et aux progr\u00e8s scientifiques dans ce domaine. Mon engagement r\u00e9side dans l'espoir de cr\u00e9er une communaut\u00e9 inform\u00e9e et empathique, pr\u00eate \u00e0 soutenir ceux qui luttent contre ces \u00e9preuves.\",\"sameAs\":[\"https:\/\/rvh-synergie.org\/\"]}]}<\/script>\n<!-- \/ Yoast SEO plugin. -->","yoast_head_json":{"title":"Jour de la Terre et au-del\u00e0\u00a0: enseigner le climat aux enfants - RVH-Synergie.org","robots":{"index":"index","follow":"follow","max-snippet":"max-snippet:-1","max-image-preview":"max-image-preview:large","max-video-preview":"max-video-preview:-1"},"canonical":"https:\/\/rvh-synergie.org\/actualites\/jour-de-la-terre-et-au-dela-enseigner-le-climat-aux-enfants\/","og_locale":"fr_FR","og_type":"article","og_title":"Jour de la Terre et au-del\u00e0\u00a0: enseigner le climat aux enfants - RVH-Synergie.org","og_description":"Le Jour de la Terre n&rsquo;est pas seulement une c\u00e9l\u00e9bration : c&rsquo;est l&rsquo;occasion d&rsquo;aider les","og_url":"https:\/\/rvh-synergie.org\/actualites\/jour-de-la-terre-et-au-dela-enseigner-le-climat-aux-enfants\/","og_site_name":"RVH-Synergie","article_published_time":"2026-04-26T08:11:07+00:00","og_image":[{"width":1000,"height":667,"url":"https:\/\/rvh-synergie.org\/actualites\/wp-content\/uploads\/2026\/04\/Jour-de-la-Terre-et-au-dela-enseigner-le-climat-aux.jpg","type":"image\/jpeg"}],"author":"Charles Martinez","twitter_card":"summary_large_image","twitter_misc":{"\u00c9crit par":"Charles Martinez","Dur\u00e9e de lecture estim\u00e9e":"4 minutes"},"schema":{"@context":"https:\/\/schema.org","@graph":[{"@type":"Article","@id":"https:\/\/rvh-synergie.org\/actualites\/jour-de-la-terre-et-au-dela-enseigner-le-climat-aux-enfants\/#article","isPartOf":{"@id":"https:\/\/rvh-synergie.org\/actualites\/jour-de-la-terre-et-au-dela-enseigner-le-climat-aux-enfants\/"},"author":{"name":"Charles Martinez","@id":"https:\/\/rvh-synergie.org\/actualites\/#\/schema\/person\/aa5ea98671fb4e8620f488a0795d2560"},"headline":"Jour de la Terre et au-del\u00e0\u00a0: enseigner le climat aux enfants","datePublished":"2026-04-26T08:11:07+00:00","dateModified":"2026-04-26T08:11:07+00:00","mainEntityOfPage":{"@id":"https:\/\/rvh-synergie.org\/actualites\/jour-de-la-terre-et-au-dela-enseigner-le-climat-aux-enfants\/"},"wordCount":757,"commentCount":0,"publisher":{"@id":"https:\/\/rvh-synergie.org\/actualites\/#organization"},"image":{"@id":"https:\/\/rvh-synergie.org\/actualites\/jour-de-la-terre-et-au-dela-enseigner-le-climat-aux-enfants\/#primaryimage"},"thumbnailUrl":"https:\/\/rvh-synergie.org\/actualites\/wp-content\/uploads\/2026\/04\/Jour-de-la-Terre-et-au-dela-enseigner-le-climat-aux.jpg","keywords":["audel\u00e0","aux","climat","enfants","Enseigner","jour","Terre"],"articleSection":["Parentalit\u00e9 &amp; Enfance"],"inLanguage":"fr-FR","potentialAction":[{"@type":"CommentAction","name":"Comment","target":["https:\/\/rvh-synergie.org\/actualites\/jour-de-la-terre-et-au-dela-enseigner-le-climat-aux-enfants\/#respond"]}]},{"@type":"WebPage","@id":"https:\/\/rvh-synergie.org\/actualites\/jour-de-la-terre-et-au-dela-enseigner-le-climat-aux-enfants\/","url":"https:\/\/rvh-synergie.org\/actualites\/jour-de-la-terre-et-au-dela-enseigner-le-climat-aux-enfants\/","name":"Jour de la Terre et au-del\u00e0\u00a0: enseigner le climat aux enfants - RVH-Synergie.org","isPartOf":{"@id":"https:\/\/rvh-synergie.org\/actualites\/#website"},"primaryImageOfPage":{"@id":"https:\/\/rvh-synergie.org\/actualites\/jour-de-la-terre-et-au-dela-enseigner-le-climat-aux-enfants\/#primaryimage"},"image":{"@id":"https:\/\/rvh-synergie.org\/actualites\/jour-de-la-terre-et-au-dela-enseigner-le-climat-aux-enfants\/#primaryimage"},"thumbnailUrl":"https:\/\/rvh-synergie.org\/actualites\/wp-content\/uploads\/2026\/04\/Jour-de-la-Terre-et-au-dela-enseigner-le-climat-aux.jpg","datePublished":"2026-04-26T08:11:07+00:00","dateModified":"2026-04-26T08:11:07+00:00","breadcrumb":{"@id":"https:\/\/rvh-synergie.org\/actualites\/jour-de-la-terre-et-au-dela-enseigner-le-climat-aux-enfants\/#breadcrumb"},"inLanguage":"fr-FR","potentialAction":[{"@type":"ReadAction","target":["https:\/\/rvh-synergie.org\/actualites\/jour-de-la-terre-et-au-dela-enseigner-le-climat-aux-enfants\/"]}]},{"@type":"ImageObject","inLanguage":"fr-FR","@id":"https:\/\/rvh-synergie.org\/actualites\/jour-de-la-terre-et-au-dela-enseigner-le-climat-aux-enfants\/#primaryimage","url":"https:\/\/rvh-synergie.org\/actualites\/wp-content\/uploads\/2026\/04\/Jour-de-la-Terre-et-au-dela-enseigner-le-climat-aux.jpg","contentUrl":"https:\/\/rvh-synergie.org\/actualites\/wp-content\/uploads\/2026\/04\/Jour-de-la-Terre-et-au-dela-enseigner-le-climat-aux.jpg","width":1000,"height":667,"caption":"Jour de la Terre et au-del\u00e0\u00a0: enseigner le climat aux enfants"},{"@type":"BreadcrumbList","@id":"https:\/\/rvh-synergie.org\/actualites\/jour-de-la-terre-et-au-dela-enseigner-le-climat-aux-enfants\/#breadcrumb","itemListElement":[{"@type":"ListItem","position":1,"name":"Accueil","item":"https:\/\/rvh-synergie.org\/actualites\/"},{"@type":"ListItem","position":2,"name":"Jour de la Terre et au-del\u00e0\u00a0: enseigner le climat aux enfants"}]},{"@type":"WebSite","@id":"https:\/\/rvh-synergie.org\/actualites\/#website","url":"https:\/\/rvh-synergie.org\/actualites\/","name":"RVH-Synergie.org","description":"RVH-Synergie, site ind\u00e9pendant d&#039;informations sur la prise en charge des addictions.","publisher":{"@id":"https:\/\/rvh-synergie.org\/actualites\/#organization"},"potentialAction":[{"@type":"SearchAction","target":{"@type":"EntryPoint","urlTemplate":"https:\/\/rvh-synergie.org\/actualites\/?s={search_term_string}"},"query-input":{"@type":"PropertyValueSpecification","valueRequired":true,"valueName":"search_term_string"}}],"inLanguage":"fr-FR"},{"@type":"Organization","@id":"https:\/\/rvh-synergie.org\/actualites\/#organization","name":"RVH-Synergie.org","url":"https:\/\/rvh-synergie.org\/actualites\/","logo":{"@type":"ImageObject","inLanguage":"fr-FR","@id":"https:\/\/rvh-synergie.org\/actualites\/#\/schema\/logo\/image\/","url":"https:\/\/rvh-synergie.org\/actualites\/wp-content\/uploads\/2024\/09\/favicon.png","contentUrl":"https:\/\/rvh-synergie.org\/actualites\/wp-content\/uploads\/2024\/09\/favicon.png","width":512,"height":512,"caption":"RVH-Synergie.org"},"image":{"@id":"https:\/\/rvh-synergie.org\/actualites\/#\/schema\/logo\/image\/"}},{"@type":"Person","@id":"https:\/\/rvh-synergie.org\/actualites\/#\/schema\/person\/aa5ea98671fb4e8620f488a0795d2560","name":"Charles Martinez","image":{"@type":"ImageObject","inLanguage":"fr-FR","@id":"https:\/\/rvh-synergie.org\/actualites\/#\/schema\/person\/image\/","url":"https:\/\/rvh-synergie.org\/actualites\/wp-content\/uploads\/2024\/09\/charles-martinez-scaled.jpg","contentUrl":"https:\/\/rvh-synergie.org\/actualites\/wp-content\/uploads\/2024\/09\/charles-martinez-scaled.jpg","caption":"Charles Martinez"},"description":"Bonjour, je m'appelle Charles Martinez, r\u00e9dacteur passionn\u00e9 pour le m\u00e9dia RVH-synergie.org, d\u00e9di\u00e9 aux addictions et aux maladies. Depuis plus de dix ans, j'explore et rapporte les histoires poignantes des individus confront\u00e9s \u00e0 ces d\u00e9fis, tout en sensibilisant le public aux traitements novateurs et aux progr\u00e8s scientifiques dans ce domaine. Mon engagement r\u00e9side dans l'espoir de cr\u00e9er une communaut\u00e9 inform\u00e9e et empathique, pr\u00eate \u00e0 soutenir ceux qui luttent contre ces \u00e9preuves.","sameAs":["https:\/\/rvh-synergie.org\/"]}]}},"_links":{"self":[{"href":"https:\/\/rvh-synergie.org\/actualites\/wp-json\/wp\/v2\/posts\/16024","targetHints":{"allow":["GET"]}}],"collection":[{"href":"https:\/\/rvh-synergie.org\/actualites\/wp-json\/wp\/v2\/posts"}],"about":[{"href":"https:\/\/rvh-synergie.org\/actualites\/wp-json\/wp\/v2\/types\/post"}],"author":[{"embeddable":true,"href":"https:\/\/rvh-synergie.org\/actualites\/wp-json\/wp\/v2\/users\/1"}],"replies":[{"embeddable":true,"href":"https:\/\/rvh-synergie.org\/actualites\/wp-json\/wp\/v2\/comments?post=16024"}],"version-history":[{"count":1,"href":"https:\/\/rvh-synergie.org\/actualites\/wp-json\/wp\/v2\/posts\/16024\/revisions"}],"predecessor-version":[{"id":16026,"href":"https:\/\/rvh-synergie.org\/actualites\/wp-json\/wp\/v2\/posts\/16024\/revisions\/16026"}],"wp:featuredmedia":[{"embeddable":true,"href":"https:\/\/rvh-synergie.org\/actualites\/wp-json\/wp\/v2\/media\/16025"}],"wp:attachment":[{"href":"https:\/\/rvh-synergie.org\/actualites\/wp-json\/wp\/v2\/media?parent=16024"}],"wp:term":[{"taxonomy":"category","embeddable":true,"href":"https:\/\/rvh-synergie.org\/actualites\/wp-json\/wp\/v2\/categories?post=16024"},{"taxonomy":"post_tag","embeddable":true,"href":"https:\/\/rvh-synergie.org\/actualites\/wp-json\/wp\/v2\/tags?post=16024"}],"curies":[{"name":"wp","href":"https:\/\/api.w.org\/{rel}","templated":true}]}}