{"id":15988,"date":"2026-04-25T09:11:15","date_gmt":"2026-04-25T07:11:15","guid":{"rendered":"https:\/\/rvh-synergie.org\/actualites\/pourquoi-devriez-vous-vous-allonger-apres-une-tasse-de-cafe\/"},"modified":"2026-04-25T09:11:16","modified_gmt":"2026-04-25T07:11:16","slug":"pourquoi-devriez-vous-vous-allonger-apres-une-tasse-de-cafe","status":"publish","type":"post","link":"https:\/\/rvh-synergie.org\/actualites\/pourquoi-devriez-vous-vous-allonger-apres-une-tasse-de-cafe\/","title":{"rendered":"Pourquoi devriez-vous vous allonger apr\u00e8s une tasse de caf\u00e9"},"content":{"rendered":"<p><!--$--><\/p>\n<div data-hk=\"0000942120a20200\" class=\"Html-Block\" data-qa-article-content-text>\n<p>Le caf\u00e9 est consid\u00e9r\u00e9 comme la boisson pr\u00e9f\u00e9r\u00e9e des Allemands. Pour la plupart des gens, une boisson au r\u00e9veil est indispensable le matin et de nombreuses personnes ont \u00e9galement besoin d\u2019une tasse l\u2019apr\u00e8s-midi pour rester alertes. L\u2019id\u00e9e d\u2019une \u00ab sieste caf\u00e9 \u00bb, une sieste imm\u00e9diatement apr\u00e8s une tasse de caf\u00e9, semble d\u2019autant plus inhabituelle.<\/p>\n<\/div>\n<div data-hk=\"0000942120a20210\" class=\"Html-Block\" data-qa-article-content-text>\n<h2>Sieste au caf\u00e9\u00a0: l&rsquo;explication derri\u00e8re cela<\/h2>\n<p>Le terme vient de la tendance du biohacking, qui cherche des moyens de tirer le meilleur parti du corps. L&rsquo;id\u00e9e derri\u00e8re la sieste au caf\u00e9 est simple : vous devez faire une sieste juste apr\u00e8s votre tasse de caf\u00e9, l&rsquo;apr\u00e8s-midi ou entre les deux.<\/p>\n<\/div>\n<aside data-hk=\"0000942120a202204\" data-qa-ad-slot class=\"Ad-Slot Ad-Slot-mobile Ad-Slot-hor Ad-Slot-FC\">\n<div class=\"Ad-Slot-FC-Container\">\n<div class=\"Ad-Slot-FC-Window\">\n<div id=\"ad-slot-mobile-hor-2\" data-orientation=\"hor\" data-index=\"2\" data-slot=\"ad-slot\" data-device=\"mobile\"><\/div>\n<\/div>\n<\/div>\n<\/aside>\n<div data-hk=\"0000942120a20230\" class=\"Html-Block\" data-qa-article-content-text>\n<p>Pour de nombreuses personnes, la sieste fait de toute fa\u00e7on partie de leur routine quotidienne. Cependant, tr\u00e8s peu de gens pensent probablement \u00e0 boire la boisson chaude avant et non apr\u00e8s avoir dormi. Mais c&rsquo;est logique, car la caf\u00e9ine n&rsquo;agit qu&rsquo;apr\u00e8s environ 20 minutes &#8211; de toute fa\u00e7on, une sieste ne devrait pas durer beaucoup plus longtemps.<\/p>\n<\/div>\n<div data-hk=\"0000942120a20240\" class=\"Html-Block\" data-qa-article-content-text>\n<p>Ainsi, si vous faites une courte (!) sieste apr\u00e8s avoir bu du caf\u00e9, vous pourrez b\u00e9n\u00e9ficier d&rsquo;un boost de caf\u00e9ine au r\u00e9veil.<\/p>\n<\/div>\n<aside data-hk=\"0000942120a202504\" data-qa-ad-slot class=\"Ad-Slot Ad-Slot-mobile Ad-Slot-out\">\n<div id=\"ad-slot-mobile-out-1\" data-orientation=\"out\" data-index=\"1\" data-slot=\"ad-slot\" data-device=\"mobile\"><\/div>\n<\/aside>\n<div data-hk=\"0000942120a20260\" class=\"Html-Block\" data-qa-article-content-text>\n<h2>Combinez astucieusement caf\u00e9 et sieste l\u2019apr\u00e8s-midi <\/h2>\n<p>La caf\u00e9ine a une structure similaire \u00e0 l&rsquo;ad\u00e9nosine, la substance messag\u00e8re qui provoque la fatigue dans notre corps. Apr\u00e8s une p\u00e9riode d&rsquo;\u00e9veil plus longue, l&rsquo;ad\u00e9nosine est lib\u00e9r\u00e9e et occupe les r\u00e9cepteurs des cellules nerveuses, ce qui nous fatigue. Une courte sieste lib\u00e8re les r\u00e9cepteurs et peut ensuite \u00eatre occup\u00e9e par la caf\u00e9ine &#8211; qui commence \u00e0 agir apr\u00e8s 20 minutes.<\/p>\n<\/div>\n<div data-hk=\"0000942120a20270\" class=\"Html-Block\" data-qa-article-content-text>\n<p>Cela permet au caf\u00e9 de d\u00e9velopper parfaitement son effet et l&rsquo;augmentation de la caf\u00e9ine est encore plus forte.<\/p>\n<\/div>\n<p><!--\/--><br \/>\n<!--$--><br \/>\n<!--\/--><br \/>\n<!--$--><br \/>\n<!--\/--><\/p>\n","protected":false},"excerpt":{"rendered":"<p>Le caf\u00e9 est consid\u00e9r\u00e9 comme la boisson pr\u00e9f\u00e9r\u00e9e des Allemands. Pour la plupart des gens,<\/p>\n","protected":false},"author":1,"featured_media":15989,"comment_status":"open","ping_status":"","sticky":false,"template":"","format":"standard","meta":{"footnotes":""},"categories":[86],"tags":[9655,217,8144,1907,2019,8112,47,263],"class_list":["post-15988","post","type-post","status-publish","format-standard","has-post-thumbnail","hentry","category-les-maladies","tag-allonger","tag-apres","tag-cafe","tag-devriezvous","tag-pourquoi","tag-tasse","tag-une","tag-vous","generate-columns","tablet-grid-50","mobile-grid-100","grid-parent","grid-50","resize-featured-image"],"yoast_head":"<!-- This site is optimized with the Yoast SEO plugin v23.4 - https:\/\/yoast.com\/wordpress\/plugins\/seo\/ -->\n<title>Pourquoi devriez-vous vous allonger apr\u00e8s une tasse de caf\u00e9 - RVH-Synergie.org<\/title>\n<meta name=\"robots\" content=\"index, follow, max-snippet:-1, max-image-preview:large, max-video-preview:-1\" \/>\n<link rel=\"canonical\" href=\"https:\/\/rvh-synergie.org\/actualites\/pourquoi-devriez-vous-vous-allonger-apres-une-tasse-de-cafe\/\" \/>\n<meta property=\"og:locale\" content=\"fr_FR\" \/>\n<meta property=\"og:type\" content=\"article\" \/>\n<meta property=\"og:title\" content=\"Pourquoi devriez-vous vous allonger apr\u00e8s une tasse de caf\u00e9 - RVH-Synergie.org\" \/>\n<meta property=\"og:description\" content=\"Le caf\u00e9 est consid\u00e9r\u00e9 comme la boisson pr\u00e9f\u00e9r\u00e9e des Allemands. Pour la plupart des gens,\" \/>\n<meta property=\"og:url\" content=\"https:\/\/rvh-synergie.org\/actualites\/pourquoi-devriez-vous-vous-allonger-apres-une-tasse-de-cafe\/\" \/>\n<meta property=\"og:site_name\" content=\"RVH-Synergie\" \/>\n<meta property=\"article:published_time\" content=\"2026-04-25T07:11:15+00:00\" \/>\n<meta property=\"article:modified_time\" content=\"2026-04-25T07:11:16+00:00\" \/>\n<meta property=\"og:image\" content=\"https:\/\/rvh-synergie.org\/actualites\/wp-content\/uploads\/2026\/04\/Pourquoi-devriez-vous-vous-allonger-apres-une-tasse-de-cafe.jpg\" \/>\n\t<meta property=\"og:image:width\" content=\"1200\" \/>\n\t<meta property=\"og:image:height\" content=\"630\" \/>\n\t<meta property=\"og:image:type\" content=\"image\/jpeg\" \/>\n<meta name=\"author\" content=\"Charles Martinez\" \/>\n<meta name=\"twitter:card\" content=\"summary_large_image\" \/>\n<meta name=\"twitter:label1\" content=\"\u00c9crit par\" \/>\n\t<meta name=\"twitter:data1\" content=\"Charles Martinez\" \/>\n\t<meta name=\"twitter:label2\" content=\"Dur\u00e9e de lecture estim\u00e9e\" \/>\n\t<meta name=\"twitter:data2\" content=\"2 minutes\" \/>\n<script type=\"application\/ld+json\" class=\"yoast-schema-graph\">{\"@context\":\"https:\/\/schema.org\",\"@graph\":[{\"@type\":\"Article\",\"@id\":\"https:\/\/rvh-synergie.org\/actualites\/pourquoi-devriez-vous-vous-allonger-apres-une-tasse-de-cafe\/#article\",\"isPartOf\":{\"@id\":\"https:\/\/rvh-synergie.org\/actualites\/pourquoi-devriez-vous-vous-allonger-apres-une-tasse-de-cafe\/\"},\"author\":{\"name\":\"Charles Martinez\",\"@id\":\"https:\/\/rvh-synergie.org\/actualites\/#\/schema\/person\/aa5ea98671fb4e8620f488a0795d2560\"},\"headline\":\"Pourquoi devriez-vous vous allonger apr\u00e8s une tasse de caf\u00e9\",\"datePublished\":\"2026-04-25T07:11:15+00:00\",\"dateModified\":\"2026-04-25T07:11:16+00:00\",\"mainEntityOfPage\":{\"@id\":\"https:\/\/rvh-synergie.org\/actualites\/pourquoi-devriez-vous-vous-allonger-apres-une-tasse-de-cafe\/\"},\"wordCount\":327,\"commentCount\":0,\"publisher\":{\"@id\":\"https:\/\/rvh-synergie.org\/actualites\/#organization\"},\"image\":{\"@id\":\"https:\/\/rvh-synergie.org\/actualites\/pourquoi-devriez-vous-vous-allonger-apres-une-tasse-de-cafe\/#primaryimage\"},\"thumbnailUrl\":\"https:\/\/rvh-synergie.org\/actualites\/wp-content\/uploads\/2026\/04\/Pourquoi-devriez-vous-vous-allonger-apres-une-tasse-de-cafe.jpg\",\"keywords\":[\"allonger\",\"apr\u00e8s\",\"caf\u00e9\",\"devriezvous\",\"Pourquoi\",\"tasse\",\"une\",\"vous\"],\"articleSection\":[\"Les maladies\"],\"inLanguage\":\"fr-FR\",\"potentialAction\":[{\"@type\":\"CommentAction\",\"name\":\"Comment\",\"target\":[\"https:\/\/rvh-synergie.org\/actualites\/pourquoi-devriez-vous-vous-allonger-apres-une-tasse-de-cafe\/#respond\"]}]},{\"@type\":\"WebPage\",\"@id\":\"https:\/\/rvh-synergie.org\/actualites\/pourquoi-devriez-vous-vous-allonger-apres-une-tasse-de-cafe\/\",\"url\":\"https:\/\/rvh-synergie.org\/actualites\/pourquoi-devriez-vous-vous-allonger-apres-une-tasse-de-cafe\/\",\"name\":\"Pourquoi devriez-vous vous allonger apr\u00e8s une tasse de caf\u00e9 - RVH-Synergie.org\",\"isPartOf\":{\"@id\":\"https:\/\/rvh-synergie.org\/actualites\/#website\"},\"primaryImageOfPage\":{\"@id\":\"https:\/\/rvh-synergie.org\/actualites\/pourquoi-devriez-vous-vous-allonger-apres-une-tasse-de-cafe\/#primaryimage\"},\"image\":{\"@id\":\"https:\/\/rvh-synergie.org\/actualites\/pourquoi-devriez-vous-vous-allonger-apres-une-tasse-de-cafe\/#primaryimage\"},\"thumbnailUrl\":\"https:\/\/rvh-synergie.org\/actualites\/wp-content\/uploads\/2026\/04\/Pourquoi-devriez-vous-vous-allonger-apres-une-tasse-de-cafe.jpg\",\"datePublished\":\"2026-04-25T07:11:15+00:00\",\"dateModified\":\"2026-04-25T07:11:16+00:00\",\"breadcrumb\":{\"@id\":\"https:\/\/rvh-synergie.org\/actualites\/pourquoi-devriez-vous-vous-allonger-apres-une-tasse-de-cafe\/#breadcrumb\"},\"inLanguage\":\"fr-FR\",\"potentialAction\":[{\"@type\":\"ReadAction\",\"target\":[\"https:\/\/rvh-synergie.org\/actualites\/pourquoi-devriez-vous-vous-allonger-apres-une-tasse-de-cafe\/\"]}]},{\"@type\":\"ImageObject\",\"inLanguage\":\"fr-FR\",\"@id\":\"https:\/\/rvh-synergie.org\/actualites\/pourquoi-devriez-vous-vous-allonger-apres-une-tasse-de-cafe\/#primaryimage\",\"url\":\"https:\/\/rvh-synergie.org\/actualites\/wp-content\/uploads\/2026\/04\/Pourquoi-devriez-vous-vous-allonger-apres-une-tasse-de-cafe.jpg\",\"contentUrl\":\"https:\/\/rvh-synergie.org\/actualites\/wp-content\/uploads\/2026\/04\/Pourquoi-devriez-vous-vous-allonger-apres-une-tasse-de-cafe.jpg\",\"width\":1200,\"height\":630},{\"@type\":\"BreadcrumbList\",\"@id\":\"https:\/\/rvh-synergie.org\/actualites\/pourquoi-devriez-vous-vous-allonger-apres-une-tasse-de-cafe\/#breadcrumb\",\"itemListElement\":[{\"@type\":\"ListItem\",\"position\":1,\"name\":\"Accueil\",\"item\":\"https:\/\/rvh-synergie.org\/actualites\/\"},{\"@type\":\"ListItem\",\"position\":2,\"name\":\"Pourquoi devriez-vous vous allonger apr\u00e8s une tasse de caf\u00e9\"}]},{\"@type\":\"WebSite\",\"@id\":\"https:\/\/rvh-synergie.org\/actualites\/#website\",\"url\":\"https:\/\/rvh-synergie.org\/actualites\/\",\"name\":\"RVH-Synergie.org\",\"description\":\"RVH-Synergie, site ind\u00e9pendant d&#039;informations sur la prise en charge des addictions.\",\"publisher\":{\"@id\":\"https:\/\/rvh-synergie.org\/actualites\/#organization\"},\"potentialAction\":[{\"@type\":\"SearchAction\",\"target\":{\"@type\":\"EntryPoint\",\"urlTemplate\":\"https:\/\/rvh-synergie.org\/actualites\/?s={search_term_string}\"},\"query-input\":{\"@type\":\"PropertyValueSpecification\",\"valueRequired\":true,\"valueName\":\"search_term_string\"}}],\"inLanguage\":\"fr-FR\"},{\"@type\":\"Organization\",\"@id\":\"https:\/\/rvh-synergie.org\/actualites\/#organization\",\"name\":\"RVH-Synergie.org\",\"url\":\"https:\/\/rvh-synergie.org\/actualites\/\",\"logo\":{\"@type\":\"ImageObject\",\"inLanguage\":\"fr-FR\",\"@id\":\"https:\/\/rvh-synergie.org\/actualites\/#\/schema\/logo\/image\/\",\"url\":\"https:\/\/rvh-synergie.org\/actualites\/wp-content\/uploads\/2024\/09\/favicon.png\",\"contentUrl\":\"https:\/\/rvh-synergie.org\/actualites\/wp-content\/uploads\/2024\/09\/favicon.png\",\"width\":512,\"height\":512,\"caption\":\"RVH-Synergie.org\"},\"image\":{\"@id\":\"https:\/\/rvh-synergie.org\/actualites\/#\/schema\/logo\/image\/\"}},{\"@type\":\"Person\",\"@id\":\"https:\/\/rvh-synergie.org\/actualites\/#\/schema\/person\/aa5ea98671fb4e8620f488a0795d2560\",\"name\":\"Charles Martinez\",\"image\":{\"@type\":\"ImageObject\",\"inLanguage\":\"fr-FR\",\"@id\":\"https:\/\/rvh-synergie.org\/actualites\/#\/schema\/person\/image\/\",\"url\":\"https:\/\/rvh-synergie.org\/actualites\/wp-content\/uploads\/2024\/09\/charles-martinez-scaled.jpg\",\"contentUrl\":\"https:\/\/rvh-synergie.org\/actualites\/wp-content\/uploads\/2024\/09\/charles-martinez-scaled.jpg\",\"caption\":\"Charles Martinez\"},\"description\":\"Bonjour, je m'appelle Charles Martinez, r\u00e9dacteur passionn\u00e9 pour le m\u00e9dia RVH-synergie.org, d\u00e9di\u00e9 aux addictions et aux maladies. Depuis plus de dix ans, j'explore et rapporte les histoires poignantes des individus confront\u00e9s \u00e0 ces d\u00e9fis, tout en sensibilisant le public aux traitements novateurs et aux progr\u00e8s scientifiques dans ce domaine. Mon engagement r\u00e9side dans l'espoir de cr\u00e9er une communaut\u00e9 inform\u00e9e et empathique, pr\u00eate \u00e0 soutenir ceux qui luttent contre ces \u00e9preuves.\",\"sameAs\":[\"https:\/\/rvh-synergie.org\/\"]}]}<\/script>\n<!-- \/ Yoast SEO plugin. -->","yoast_head_json":{"title":"Pourquoi devriez-vous vous allonger apr\u00e8s une tasse de caf\u00e9 - RVH-Synergie.org","robots":{"index":"index","follow":"follow","max-snippet":"max-snippet:-1","max-image-preview":"max-image-preview:large","max-video-preview":"max-video-preview:-1"},"canonical":"https:\/\/rvh-synergie.org\/actualites\/pourquoi-devriez-vous-vous-allonger-apres-une-tasse-de-cafe\/","og_locale":"fr_FR","og_type":"article","og_title":"Pourquoi devriez-vous vous allonger apr\u00e8s une tasse de caf\u00e9 - RVH-Synergie.org","og_description":"Le caf\u00e9 est consid\u00e9r\u00e9 comme la boisson pr\u00e9f\u00e9r\u00e9e des Allemands. Pour la plupart des gens,","og_url":"https:\/\/rvh-synergie.org\/actualites\/pourquoi-devriez-vous-vous-allonger-apres-une-tasse-de-cafe\/","og_site_name":"RVH-Synergie","article_published_time":"2026-04-25T07:11:15+00:00","article_modified_time":"2026-04-25T07:11:16+00:00","og_image":[{"width":1200,"height":630,"url":"https:\/\/rvh-synergie.org\/actualites\/wp-content\/uploads\/2026\/04\/Pourquoi-devriez-vous-vous-allonger-apres-une-tasse-de-cafe.jpg","type":"image\/jpeg"}],"author":"Charles Martinez","twitter_card":"summary_large_image","twitter_misc":{"\u00c9crit par":"Charles Martinez","Dur\u00e9e de lecture estim\u00e9e":"2 minutes"},"schema":{"@context":"https:\/\/schema.org","@graph":[{"@type":"Article","@id":"https:\/\/rvh-synergie.org\/actualites\/pourquoi-devriez-vous-vous-allonger-apres-une-tasse-de-cafe\/#article","isPartOf":{"@id":"https:\/\/rvh-synergie.org\/actualites\/pourquoi-devriez-vous-vous-allonger-apres-une-tasse-de-cafe\/"},"author":{"name":"Charles Martinez","@id":"https:\/\/rvh-synergie.org\/actualites\/#\/schema\/person\/aa5ea98671fb4e8620f488a0795d2560"},"headline":"Pourquoi devriez-vous vous allonger apr\u00e8s une tasse de caf\u00e9","datePublished":"2026-04-25T07:11:15+00:00","dateModified":"2026-04-25T07:11:16+00:00","mainEntityOfPage":{"@id":"https:\/\/rvh-synergie.org\/actualites\/pourquoi-devriez-vous-vous-allonger-apres-une-tasse-de-cafe\/"},"wordCount":327,"commentCount":0,"publisher":{"@id":"https:\/\/rvh-synergie.org\/actualites\/#organization"},"image":{"@id":"https:\/\/rvh-synergie.org\/actualites\/pourquoi-devriez-vous-vous-allonger-apres-une-tasse-de-cafe\/#primaryimage"},"thumbnailUrl":"https:\/\/rvh-synergie.org\/actualites\/wp-content\/uploads\/2026\/04\/Pourquoi-devriez-vous-vous-allonger-apres-une-tasse-de-cafe.jpg","keywords":["allonger","apr\u00e8s","caf\u00e9","devriezvous","Pourquoi","tasse","une","vous"],"articleSection":["Les maladies"],"inLanguage":"fr-FR","potentialAction":[{"@type":"CommentAction","name":"Comment","target":["https:\/\/rvh-synergie.org\/actualites\/pourquoi-devriez-vous-vous-allonger-apres-une-tasse-de-cafe\/#respond"]}]},{"@type":"WebPage","@id":"https:\/\/rvh-synergie.org\/actualites\/pourquoi-devriez-vous-vous-allonger-apres-une-tasse-de-cafe\/","url":"https:\/\/rvh-synergie.org\/actualites\/pourquoi-devriez-vous-vous-allonger-apres-une-tasse-de-cafe\/","name":"Pourquoi devriez-vous vous allonger apr\u00e8s une tasse de caf\u00e9 - RVH-Synergie.org","isPartOf":{"@id":"https:\/\/rvh-synergie.org\/actualites\/#website"},"primaryImageOfPage":{"@id":"https:\/\/rvh-synergie.org\/actualites\/pourquoi-devriez-vous-vous-allonger-apres-une-tasse-de-cafe\/#primaryimage"},"image":{"@id":"https:\/\/rvh-synergie.org\/actualites\/pourquoi-devriez-vous-vous-allonger-apres-une-tasse-de-cafe\/#primaryimage"},"thumbnailUrl":"https:\/\/rvh-synergie.org\/actualites\/wp-content\/uploads\/2026\/04\/Pourquoi-devriez-vous-vous-allonger-apres-une-tasse-de-cafe.jpg","datePublished":"2026-04-25T07:11:15+00:00","dateModified":"2026-04-25T07:11:16+00:00","breadcrumb":{"@id":"https:\/\/rvh-synergie.org\/actualites\/pourquoi-devriez-vous-vous-allonger-apres-une-tasse-de-cafe\/#breadcrumb"},"inLanguage":"fr-FR","potentialAction":[{"@type":"ReadAction","target":["https:\/\/rvh-synergie.org\/actualites\/pourquoi-devriez-vous-vous-allonger-apres-une-tasse-de-cafe\/"]}]},{"@type":"ImageObject","inLanguage":"fr-FR","@id":"https:\/\/rvh-synergie.org\/actualites\/pourquoi-devriez-vous-vous-allonger-apres-une-tasse-de-cafe\/#primaryimage","url":"https:\/\/rvh-synergie.org\/actualites\/wp-content\/uploads\/2026\/04\/Pourquoi-devriez-vous-vous-allonger-apres-une-tasse-de-cafe.jpg","contentUrl":"https:\/\/rvh-synergie.org\/actualites\/wp-content\/uploads\/2026\/04\/Pourquoi-devriez-vous-vous-allonger-apres-une-tasse-de-cafe.jpg","width":1200,"height":630},{"@type":"BreadcrumbList","@id":"https:\/\/rvh-synergie.org\/actualites\/pourquoi-devriez-vous-vous-allonger-apres-une-tasse-de-cafe\/#breadcrumb","itemListElement":[{"@type":"ListItem","position":1,"name":"Accueil","item":"https:\/\/rvh-synergie.org\/actualites\/"},{"@type":"ListItem","position":2,"name":"Pourquoi devriez-vous vous allonger apr\u00e8s une tasse de caf\u00e9"}]},{"@type":"WebSite","@id":"https:\/\/rvh-synergie.org\/actualites\/#website","url":"https:\/\/rvh-synergie.org\/actualites\/","name":"RVH-Synergie.org","description":"RVH-Synergie, site ind\u00e9pendant d&#039;informations sur la prise en charge des addictions.","publisher":{"@id":"https:\/\/rvh-synergie.org\/actualites\/#organization"},"potentialAction":[{"@type":"SearchAction","target":{"@type":"EntryPoint","urlTemplate":"https:\/\/rvh-synergie.org\/actualites\/?s={search_term_string}"},"query-input":{"@type":"PropertyValueSpecification","valueRequired":true,"valueName":"search_term_string"}}],"inLanguage":"fr-FR"},{"@type":"Organization","@id":"https:\/\/rvh-synergie.org\/actualites\/#organization","name":"RVH-Synergie.org","url":"https:\/\/rvh-synergie.org\/actualites\/","logo":{"@type":"ImageObject","inLanguage":"fr-FR","@id":"https:\/\/rvh-synergie.org\/actualites\/#\/schema\/logo\/image\/","url":"https:\/\/rvh-synergie.org\/actualites\/wp-content\/uploads\/2024\/09\/favicon.png","contentUrl":"https:\/\/rvh-synergie.org\/actualites\/wp-content\/uploads\/2024\/09\/favicon.png","width":512,"height":512,"caption":"RVH-Synergie.org"},"image":{"@id":"https:\/\/rvh-synergie.org\/actualites\/#\/schema\/logo\/image\/"}},{"@type":"Person","@id":"https:\/\/rvh-synergie.org\/actualites\/#\/schema\/person\/aa5ea98671fb4e8620f488a0795d2560","name":"Charles Martinez","image":{"@type":"ImageObject","inLanguage":"fr-FR","@id":"https:\/\/rvh-synergie.org\/actualites\/#\/schema\/person\/image\/","url":"https:\/\/rvh-synergie.org\/actualites\/wp-content\/uploads\/2024\/09\/charles-martinez-scaled.jpg","contentUrl":"https:\/\/rvh-synergie.org\/actualites\/wp-content\/uploads\/2024\/09\/charles-martinez-scaled.jpg","caption":"Charles Martinez"},"description":"Bonjour, je m'appelle Charles Martinez, r\u00e9dacteur passionn\u00e9 pour le m\u00e9dia RVH-synergie.org, d\u00e9di\u00e9 aux addictions et aux maladies. Depuis plus de dix ans, j'explore et rapporte les histoires poignantes des individus confront\u00e9s \u00e0 ces d\u00e9fis, tout en sensibilisant le public aux traitements novateurs et aux progr\u00e8s scientifiques dans ce domaine. Mon engagement r\u00e9side dans l'espoir de cr\u00e9er une communaut\u00e9 inform\u00e9e et empathique, pr\u00eate \u00e0 soutenir ceux qui luttent contre ces \u00e9preuves.","sameAs":["https:\/\/rvh-synergie.org\/"]}]}},"_links":{"self":[{"href":"https:\/\/rvh-synergie.org\/actualites\/wp-json\/wp\/v2\/posts\/15988","targetHints":{"allow":["GET"]}}],"collection":[{"href":"https:\/\/rvh-synergie.org\/actualites\/wp-json\/wp\/v2\/posts"}],"about":[{"href":"https:\/\/rvh-synergie.org\/actualites\/wp-json\/wp\/v2\/types\/post"}],"author":[{"embeddable":true,"href":"https:\/\/rvh-synergie.org\/actualites\/wp-json\/wp\/v2\/users\/1"}],"replies":[{"embeddable":true,"href":"https:\/\/rvh-synergie.org\/actualites\/wp-json\/wp\/v2\/comments?post=15988"}],"version-history":[{"count":1,"href":"https:\/\/rvh-synergie.org\/actualites\/wp-json\/wp\/v2\/posts\/15988\/revisions"}],"predecessor-version":[{"id":15990,"href":"https:\/\/rvh-synergie.org\/actualites\/wp-json\/wp\/v2\/posts\/15988\/revisions\/15990"}],"wp:featuredmedia":[{"embeddable":true,"href":"https:\/\/rvh-synergie.org\/actualites\/wp-json\/wp\/v2\/media\/15989"}],"wp:attachment":[{"href":"https:\/\/rvh-synergie.org\/actualites\/wp-json\/wp\/v2\/media?parent=15988"}],"wp:term":[{"taxonomy":"category","embeddable":true,"href":"https:\/\/rvh-synergie.org\/actualites\/wp-json\/wp\/v2\/categories?post=15988"},{"taxonomy":"post_tag","embeddable":true,"href":"https:\/\/rvh-synergie.org\/actualites\/wp-json\/wp\/v2\/tags?post=15988"}],"curies":[{"name":"wp","href":"https:\/\/api.w.org\/{rel}","templated":true}]}}