{"id":11810,"date":"2025-11-17T18:18:40","date_gmt":"2025-11-17T17:18:40","guid":{"rendered":"https:\/\/rvh-synergie.org\/actualites\/un-essai-evalue-un-derive-de-la-vitamine-b3-chez-les-personnes-atteintes-dun-long-covid\/"},"modified":"2025-11-17T18:18:51","modified_gmt":"2025-11-17T17:18:51","slug":"un-essai-evalue-un-derive-de-la-vitamine-b3-chez-les-personnes-atteintes-dun-long-covid","status":"publish","type":"post","link":"https:\/\/rvh-synergie.org\/actualites\/un-essai-evalue-un-derive-de-la-vitamine-b3-chez-les-personnes-atteintes-dun-long-covid\/","title":{"rendered":"Un essai \u00e9value un d\u00e9riv\u00e9 de la vitamine B3 chez les personnes atteintes d&rsquo;un long COVID"},"content":{"rendered":"<div>\n<div class=\"article-gallery lightGallery\">\n<div data-thumb=\"https:\/\/scx1.b-cdn.net\/csz\/news\/tmb\/2023\/taking-a-pill-1.jpg\" data-src=\"https:\/\/scx2.b-cdn.net\/gfx\/news\/hires\/2023\/taking-a-pill-1.jpg\" data-sub-html=\"Credit: JESHOOTS.com from Pexels\">\n<figure class=\"article-img\">\n<\/figure><\/div>\n<\/div>\n<p>Des millions de personnes dans le monde continuent de ressentir des sympt\u00f4mes persistants apr\u00e8s la COVID-19, une maladie connue sous le nom de COVID longue. Ces sympt\u00f4mes peuvent toucher des personnes de tous \u00e2ges et incluent souvent des probl\u00e8mes neurologiques tels que le \u00ab brouillard c\u00e9r\u00e9bral \u00bb, qui rend la r\u00e9flexion et la m\u00e9moire difficiles. Parce que ces probl\u00e8mes peuvent perturber consid\u00e9rablement la vie quotidienne, les chercheurs travaillent \u00e0 trouver des traitements efficaces.<\/p>\n<p>Chao-Yi Wu, Ph.D., OT, du D\u00e9partement de neurologie, et Edmarie Guzm\u00e1n-V\u00e9lez, Ph.D., du D\u00e9partement de psychiatrie de Mass General Brigham, sont les auteurs principaux et principaux d&rsquo;un article publi\u00e9 dans <i>eM\u00e9decineClinique<\/i> intitul\u00e9 \u00ab\u00a0Effets du nicotinamide riboside sur les niveaux de NAD\u207a, la cognition et la r\u00e9cup\u00e9ration des sympt\u00f4mes lors d&rsquo;un long COVID\u00a0: un essai contr\u00f4l\u00e9 randomis\u00e9.\u00a0\u00bb<\/p>\n<p>L\u2019essai clinique a test\u00e9 si l\u2019augmentation des niveaux de NAD\u207a \u2013 une mol\u00e9cule qui aide les cellules \u00e0 produire de l\u2019\u00e9nergie \u2013 gr\u00e2ce au nicotinamide riboside (NR), une forme de vitamine B3, pourrait am\u00e9liorer les r\u00e9sultats pour la sant\u00e9. Les participants ont pris des suppl\u00e9ments NR pendant 20 semaines maximum et les changements ont \u00e9t\u00e9 suivis au fil du temps.<\/p>\n<p>La mol\u00e9cule NAD\u207a est pr\u00e9sente dans toutes les cellules humaines et est essentielle \u00e0 la production d\u2019\u00e9nergie, \u00e0 la fonction immunitaire et au contr\u00f4le de l\u2019inflammation. Des recherches ant\u00e9rieures sugg\u00e8rent que le COVID-19 pourrait interf\u00e9rer avec les processus biologiques li\u00e9s au NAD\u207a, contribuant ainsi aux sympt\u00f4mes neurologiques.<\/p>\n<h2>Comment l\u2019essai clinique a \u00e9t\u00e9 men\u00e9<\/h2>\n<p>Dans cette \u00e9tude, les chercheurs voulaient savoir si l\u2019augmentation du NAD\u207a via une suppl\u00e9mentation en NR pouvait am\u00e9liorer la fonction cognitive et att\u00e9nuer les sympt\u00f4mes courants du COVID long.<\/p>\n<p>Les chercheurs ont men\u00e9 un essai clinique de 24 semaines au Massachusetts General Hospital entre ao\u00fbt 2021 et septembre 2023, recrutant 58 personnes atteintes d\u2019un long COVID qui ont \u00e9t\u00e9 r\u00e9parties au hasard en deux groupes :<\/p>\n<ul>\n<li>Un groupe a pris 2 000 mg de NR chaque jour pendant 20 semaines.<\/li>\n<li>L&rsquo;autre groupe a pris un placebo (une fausse pilule) pendant 10 semaines, puis est pass\u00e9 \u00e0 NR pendant les 10 semaines suivantes.<\/li>\n<\/ul>\n<p>Pour garantir des r\u00e9sultats impartiaux, ni les participants ni les chercheurs ne savaient au d\u00e9but qui recevait le v\u00e9ritable suppl\u00e9ment.<\/p>\n<p>L&rsquo;\u00e9quipe a mesur\u00e9 les niveaux de NAD\u207a au moyen d&rsquo;analyses sanguines et a demand\u00e9 aux participants de r\u00e9pondre \u00e0 des enqu\u00eates et \u00e0 des tests cognitifs sur la m\u00e9moire, le sommeil, la fatigue et l&rsquo;humeur au d\u00e9but, \u00e0 10 semaines et \u00e0 20 semaines.<\/p>\n<p>Sur les 58 personnes qui ont particip\u00e9 \u00e0 l\u2019\u00e9tude, 37 ont commenc\u00e9 imm\u00e9diatement la NR et 21 ont commenc\u00e9 avec le placebo. Seules 18 personnes ont suivi le protocole complet de 22 semaines. Les autres ont quitt\u00e9 l\u2019\u00e9tude pour des raisons telles que contracter \u00e0 nouveau le COVID, d\u00e9m\u00e9nager, changer de m\u00e9dicament ou ressentir d\u2019\u00e9ventuels effets secondaires.<\/p>\n<h2>Principales conclusions et ce qu\u2019elles peuvent signifier<\/h2>\n<p>Lorsque les enqu\u00eateurs ont compar\u00e9 les deux groupes, ils n\u2019ont pas constat\u00e9 de diff\u00e9rences majeures dans les scores de r\u00e9flexion ou de m\u00e9moire, qui \u00e9taient les principaux objectifs de l\u2019\u00e9tude. D&rsquo;autres sympt\u00f4mes comme la fatigue, le sommeil et l&rsquo;humeur n&rsquo;ont pas non plus montr\u00e9 de grandes diff\u00e9rences entre les groupes.<\/p>\n<p>Cependant, dans des analyses exploratoires post-hoc avec un \u00e9chantillon l\u00e9g\u00e8rement plus grand de toutes les personnes ayant pris de la NR pendant au moins 10 semaines, les chercheurs ont observ\u00e9 des am\u00e9liorations de la fatigue, du sommeil et des sympt\u00f4mes d\u00e9pressifs autod\u00e9clar\u00e9s apr\u00e8s 10 semaines de suppl\u00e9mentation en NR par rapport \u00e0 la ligne de base.<\/p>\n<p>Certains ont \u00e9galement obtenu de meilleurs r\u00e9sultats dans une t\u00e2che de fonctionnement ex\u00e9cutif, un ensemble de comp\u00e9tences mentales qui nous aident, par exemple, \u00e0 planifier, \u00e0 organiser et \u00e0 passer d&rsquo;une t\u00e2che \u00e0 l&rsquo;autre. Cela sugg\u00e8re que certaines personnes pourraient b\u00e9n\u00e9ficier de l&rsquo;utilisation de la NR, m\u00eame si les r\u00e9sultats globaux n&rsquo;ont pas montr\u00e9 de diff\u00e9rences claires entre les groupes.<\/p>\n<p>Le long COVID affecte environ 400 millions de personnes dans le monde, mais ses causes restent floues. Dans cette \u00e9tude, la NR \u00e0 forte dose a augment\u00e9 en toute s\u00e9curit\u00e9 les niveaux de NAD\u207a. Bien que les r\u00e9sultats soient mitig\u00e9s, les r\u00e9sultats sugg\u00e8rent que l\u2019augmentation du NAD\u207a pourrait jouer un r\u00f4le dans l\u2019att\u00e9nuation des sympt\u00f4mes tels que la fatigue et le manque de sommeil chez certaines personnes. Cela indique une direction prometteuse pour les futurs traitements.<\/p>\n<h2>S\u00e9curit\u00e9, limites et prochaines \u00e9tapes<\/h2>\n<p>Les effets secondaires les plus courants \u00e9taient l\u00e9gers, tels que des ecchymoses ou des \u00e9ruptions cutan\u00e9es. Aucun n&rsquo;\u00e9tait grave et seuls quelques participants ont arr\u00eat\u00e9 le traitement en raison d&rsquo;effets secondaires.<\/p>\n<p>Les \u00e9tudes futures devraient inclure des groupes plus grands et plus diversifi\u00e9s pour confirmer ces r\u00e9sultats et identifier ceux qui en b\u00e9n\u00e9ficient le plus. Par exemple, les hommes et les femmes r\u00e9agissent-ils diff\u00e9remment\u00a0? Les personnes ayant des niveaux de NAD\u207a de base inf\u00e9rieurs ou une inflammation plus \u00e9lev\u00e9e sont-elles plus susceptibles de s\u2019am\u00e9liorer\u00a0? \u00c9tant donn\u00e9 que le COVID long implique souvent une inflammation, une question importante est de savoir si l\u2019augmentation du NAD\u207a peut aider \u00e0 la r\u00e9duire.<\/p>\n<p>L&rsquo;\u00e9quipe pr\u00e9voit \u00e9galement d&rsquo;analyser les donn\u00e9es sur l&rsquo;activit\u00e9 physique collect\u00e9es au cours de l&rsquo;essai, ainsi que d&rsquo;examiner si d&rsquo;autres suppl\u00e9ments pris par les participants ont influenc\u00e9 les effets de NR.<\/p>\n<p>                                        <!-- print only --><\/p><\/div>\n","protected":false},"excerpt":{"rendered":"<p>Des millions de personnes dans le monde continuent de ressentir des sympt\u00f4mes persistants apr\u00e8s la<\/p>\n","protected":false},"author":1,"featured_media":11811,"comment_status":"closed","ping_status":"","sticky":false,"template":"","format":"standard","meta":{"footnotes":""},"categories":[86],"tags":[101,56,618,5583,528,732,1816,49,619,100,845],"class_list":["post-11810","post","type-post","status-publish","format-standard","has-post-thumbnail","hentry","category-les-maladies","tag-atteintes","tag-chez","tag-covid","tag-derive","tag-dun","tag-essai","tag-evalue","tag-les","tag-long","tag-personnes","tag-vitamine","generate-columns","tablet-grid-50","mobile-grid-100","grid-parent","grid-50","resize-featured-image"],"yoast_head":"<!-- This site is optimized with the Yoast SEO plugin v23.4 - https:\/\/yoast.com\/wordpress\/plugins\/seo\/ -->\n<title>Un essai \u00e9value un d\u00e9riv\u00e9 de la vitamine B3 chez les personnes atteintes d&#039;un long COVID - RVH-Synergie.org<\/title>\n<meta name=\"robots\" content=\"index, follow, max-snippet:-1, max-image-preview:large, max-video-preview:-1\" \/>\n<link rel=\"canonical\" href=\"https:\/\/rvh-synergie.org\/actualites\/un-essai-evalue-un-derive-de-la-vitamine-b3-chez-les-personnes-atteintes-dun-long-covid\/\" \/>\n<meta property=\"og:locale\" content=\"fr_FR\" \/>\n<meta property=\"og:type\" content=\"article\" \/>\n<meta property=\"og:title\" content=\"Un essai \u00e9value un d\u00e9riv\u00e9 de la vitamine B3 chez les personnes atteintes d&#039;un long COVID - RVH-Synergie.org\" \/>\n<meta property=\"og:description\" content=\"Des millions de personnes dans le monde continuent de ressentir des sympt\u00f4mes persistants apr\u00e8s la\" \/>\n<meta property=\"og:url\" content=\"https:\/\/rvh-synergie.org\/actualites\/un-essai-evalue-un-derive-de-la-vitamine-b3-chez-les-personnes-atteintes-dun-long-covid\/\" \/>\n<meta property=\"og:site_name\" content=\"RVH-Synergie\" \/>\n<meta property=\"article:published_time\" content=\"2025-11-17T17:18:40+00:00\" \/>\n<meta property=\"article:modified_time\" content=\"2025-11-17T17:18:51+00:00\" \/>\n<meta property=\"og:image\" content=\"https:\/\/rvh-synergie.org\/actualites\/wp-content\/uploads\/2025\/11\/1763399920_Un-essai-evalue-un-derive-de-la-vitamine-B3-chez-scaled.jpg\" \/>\n\t<meta property=\"og:image:width\" content=\"2560\" \/>\n\t<meta property=\"og:image:height\" content=\"1707\" \/>\n\t<meta property=\"og:image:type\" content=\"image\/jpeg\" \/>\n<meta name=\"author\" content=\"Charles Martinez\" \/>\n<meta name=\"twitter:card\" content=\"summary_large_image\" \/>\n<meta name=\"twitter:label1\" content=\"\u00c9crit par\" \/>\n\t<meta name=\"twitter:data1\" content=\"Charles Martinez\" \/>\n\t<meta name=\"twitter:label2\" content=\"Dur\u00e9e de lecture estim\u00e9e\" \/>\n\t<meta name=\"twitter:data2\" content=\"5 minutes\" \/>\n<script type=\"application\/ld+json\" class=\"yoast-schema-graph\">{\"@context\":\"https:\/\/schema.org\",\"@graph\":[{\"@type\":\"Article\",\"@id\":\"https:\/\/rvh-synergie.org\/actualites\/un-essai-evalue-un-derive-de-la-vitamine-b3-chez-les-personnes-atteintes-dun-long-covid\/#article\",\"isPartOf\":{\"@id\":\"https:\/\/rvh-synergie.org\/actualites\/un-essai-evalue-un-derive-de-la-vitamine-b3-chez-les-personnes-atteintes-dun-long-covid\/\"},\"author\":{\"name\":\"Charles Martinez\",\"@id\":\"https:\/\/rvh-synergie.org\/actualites\/#\/schema\/person\/aa5ea98671fb4e8620f488a0795d2560\"},\"headline\":\"Un essai \u00e9value un d\u00e9riv\u00e9 de la vitamine B3 chez les personnes atteintes d&rsquo;un long COVID\",\"datePublished\":\"2025-11-17T17:18:40+00:00\",\"dateModified\":\"2025-11-17T17:18:51+00:00\",\"mainEntityOfPage\":{\"@id\":\"https:\/\/rvh-synergie.org\/actualites\/un-essai-evalue-un-derive-de-la-vitamine-b3-chez-les-personnes-atteintes-dun-long-covid\/\"},\"wordCount\":976,\"publisher\":{\"@id\":\"https:\/\/rvh-synergie.org\/actualites\/#organization\"},\"image\":{\"@id\":\"https:\/\/rvh-synergie.org\/actualites\/un-essai-evalue-un-derive-de-la-vitamine-b3-chez-les-personnes-atteintes-dun-long-covid\/#primaryimage\"},\"thumbnailUrl\":\"https:\/\/rvh-synergie.org\/actualites\/wp-content\/uploads\/2025\/11\/1763399920_Un-essai-evalue-un-derive-de-la-vitamine-B3-chez-scaled.jpg\",\"keywords\":[\"atteintes\",\"chez\",\"COVID\",\"d\u00e9riv\u00e9\",\"dun\",\"essai\",\"\u00e9value\",\"Les\",\"long\",\"personnes\",\"vitamine\"],\"articleSection\":[\"Les maladies\"],\"inLanguage\":\"fr-FR\"},{\"@type\":\"WebPage\",\"@id\":\"https:\/\/rvh-synergie.org\/actualites\/un-essai-evalue-un-derive-de-la-vitamine-b3-chez-les-personnes-atteintes-dun-long-covid\/\",\"url\":\"https:\/\/rvh-synergie.org\/actualites\/un-essai-evalue-un-derive-de-la-vitamine-b3-chez-les-personnes-atteintes-dun-long-covid\/\",\"name\":\"Un essai \u00e9value un d\u00e9riv\u00e9 de la vitamine B3 chez les personnes atteintes d'un long COVID - RVH-Synergie.org\",\"isPartOf\":{\"@id\":\"https:\/\/rvh-synergie.org\/actualites\/#website\"},\"primaryImageOfPage\":{\"@id\":\"https:\/\/rvh-synergie.org\/actualites\/un-essai-evalue-un-derive-de-la-vitamine-b3-chez-les-personnes-atteintes-dun-long-covid\/#primaryimage\"},\"image\":{\"@id\":\"https:\/\/rvh-synergie.org\/actualites\/un-essai-evalue-un-derive-de-la-vitamine-b3-chez-les-personnes-atteintes-dun-long-covid\/#primaryimage\"},\"thumbnailUrl\":\"https:\/\/rvh-synergie.org\/actualites\/wp-content\/uploads\/2025\/11\/1763399920_Un-essai-evalue-un-derive-de-la-vitamine-B3-chez-scaled.jpg\",\"datePublished\":\"2025-11-17T17:18:40+00:00\",\"dateModified\":\"2025-11-17T17:18:51+00:00\",\"breadcrumb\":{\"@id\":\"https:\/\/rvh-synergie.org\/actualites\/un-essai-evalue-un-derive-de-la-vitamine-b3-chez-les-personnes-atteintes-dun-long-covid\/#breadcrumb\"},\"inLanguage\":\"fr-FR\",\"potentialAction\":[{\"@type\":\"ReadAction\",\"target\":[\"https:\/\/rvh-synergie.org\/actualites\/un-essai-evalue-un-derive-de-la-vitamine-b3-chez-les-personnes-atteintes-dun-long-covid\/\"]}]},{\"@type\":\"ImageObject\",\"inLanguage\":\"fr-FR\",\"@id\":\"https:\/\/rvh-synergie.org\/actualites\/un-essai-evalue-un-derive-de-la-vitamine-b3-chez-les-personnes-atteintes-dun-long-covid\/#primaryimage\",\"url\":\"https:\/\/rvh-synergie.org\/actualites\/wp-content\/uploads\/2025\/11\/1763399920_Un-essai-evalue-un-derive-de-la-vitamine-B3-chez-scaled.jpg\",\"contentUrl\":\"https:\/\/rvh-synergie.org\/actualites\/wp-content\/uploads\/2025\/11\/1763399920_Un-essai-evalue-un-derive-de-la-vitamine-B3-chez-scaled.jpg\",\"width\":2560,\"height\":1707,\"caption\":\"Un essai \u00e9value un d\u00e9riv\u00e9 de la vitamine B3 chez les personnes atteintes d'un long COVID\"},{\"@type\":\"BreadcrumbList\",\"@id\":\"https:\/\/rvh-synergie.org\/actualites\/un-essai-evalue-un-derive-de-la-vitamine-b3-chez-les-personnes-atteintes-dun-long-covid\/#breadcrumb\",\"itemListElement\":[{\"@type\":\"ListItem\",\"position\":1,\"name\":\"Accueil\",\"item\":\"https:\/\/rvh-synergie.org\/actualites\/\"},{\"@type\":\"ListItem\",\"position\":2,\"name\":\"Un essai \u00e9value un d\u00e9riv\u00e9 de la vitamine B3 chez les personnes atteintes d&rsquo;un long COVID\"}]},{\"@type\":\"WebSite\",\"@id\":\"https:\/\/rvh-synergie.org\/actualites\/#website\",\"url\":\"https:\/\/rvh-synergie.org\/actualites\/\",\"name\":\"RVH-Synergie.org\",\"description\":\"RVH-Synergie, site ind\u00e9pendant d&#039;informations sur la prise en charge des addictions.\",\"publisher\":{\"@id\":\"https:\/\/rvh-synergie.org\/actualites\/#organization\"},\"potentialAction\":[{\"@type\":\"SearchAction\",\"target\":{\"@type\":\"EntryPoint\",\"urlTemplate\":\"https:\/\/rvh-synergie.org\/actualites\/?s={search_term_string}\"},\"query-input\":{\"@type\":\"PropertyValueSpecification\",\"valueRequired\":true,\"valueName\":\"search_term_string\"}}],\"inLanguage\":\"fr-FR\"},{\"@type\":\"Organization\",\"@id\":\"https:\/\/rvh-synergie.org\/actualites\/#organization\",\"name\":\"RVH-Synergie.org\",\"url\":\"https:\/\/rvh-synergie.org\/actualites\/\",\"logo\":{\"@type\":\"ImageObject\",\"inLanguage\":\"fr-FR\",\"@id\":\"https:\/\/rvh-synergie.org\/actualites\/#\/schema\/logo\/image\/\",\"url\":\"https:\/\/rvh-synergie.org\/actualites\/wp-content\/uploads\/2024\/09\/favicon.png\",\"contentUrl\":\"https:\/\/rvh-synergie.org\/actualites\/wp-content\/uploads\/2024\/09\/favicon.png\",\"width\":512,\"height\":512,\"caption\":\"RVH-Synergie.org\"},\"image\":{\"@id\":\"https:\/\/rvh-synergie.org\/actualites\/#\/schema\/logo\/image\/\"}},{\"@type\":\"Person\",\"@id\":\"https:\/\/rvh-synergie.org\/actualites\/#\/schema\/person\/aa5ea98671fb4e8620f488a0795d2560\",\"name\":\"Charles Martinez\",\"image\":{\"@type\":\"ImageObject\",\"inLanguage\":\"fr-FR\",\"@id\":\"https:\/\/rvh-synergie.org\/actualites\/#\/schema\/person\/image\/\",\"url\":\"https:\/\/rvh-synergie.org\/actualites\/wp-content\/uploads\/2024\/09\/charles-martinez-scaled.jpg\",\"contentUrl\":\"https:\/\/rvh-synergie.org\/actualites\/wp-content\/uploads\/2024\/09\/charles-martinez-scaled.jpg\",\"caption\":\"Charles Martinez\"},\"description\":\"Bonjour, je m'appelle Charles Martinez, r\u00e9dacteur passionn\u00e9 pour le m\u00e9dia RVH-synergie.org, d\u00e9di\u00e9 aux addictions et aux maladies. Depuis plus de dix ans, j'explore et rapporte les histoires poignantes des individus confront\u00e9s \u00e0 ces d\u00e9fis, tout en sensibilisant le public aux traitements novateurs et aux progr\u00e8s scientifiques dans ce domaine. Mon engagement r\u00e9side dans l'espoir de cr\u00e9er une communaut\u00e9 inform\u00e9e et empathique, pr\u00eate \u00e0 soutenir ceux qui luttent contre ces \u00e9preuves.\",\"sameAs\":[\"https:\/\/rvh-synergie.org\/\"]}]}<\/script>\n<!-- \/ Yoast SEO plugin. -->","yoast_head_json":{"title":"Un essai \u00e9value un d\u00e9riv\u00e9 de la vitamine B3 chez les personnes atteintes d'un long COVID - RVH-Synergie.org","robots":{"index":"index","follow":"follow","max-snippet":"max-snippet:-1","max-image-preview":"max-image-preview:large","max-video-preview":"max-video-preview:-1"},"canonical":"https:\/\/rvh-synergie.org\/actualites\/un-essai-evalue-un-derive-de-la-vitamine-b3-chez-les-personnes-atteintes-dun-long-covid\/","og_locale":"fr_FR","og_type":"article","og_title":"Un essai \u00e9value un d\u00e9riv\u00e9 de la vitamine B3 chez les personnes atteintes d'un long COVID - RVH-Synergie.org","og_description":"Des millions de personnes dans le monde continuent de ressentir des sympt\u00f4mes persistants apr\u00e8s la","og_url":"https:\/\/rvh-synergie.org\/actualites\/un-essai-evalue-un-derive-de-la-vitamine-b3-chez-les-personnes-atteintes-dun-long-covid\/","og_site_name":"RVH-Synergie","article_published_time":"2025-11-17T17:18:40+00:00","article_modified_time":"2025-11-17T17:18:51+00:00","og_image":[{"width":2560,"height":1707,"url":"https:\/\/rvh-synergie.org\/actualites\/wp-content\/uploads\/2025\/11\/1763399920_Un-essai-evalue-un-derive-de-la-vitamine-B3-chez-scaled.jpg","type":"image\/jpeg"}],"author":"Charles Martinez","twitter_card":"summary_large_image","twitter_misc":{"\u00c9crit par":"Charles Martinez","Dur\u00e9e de lecture estim\u00e9e":"5 minutes"},"schema":{"@context":"https:\/\/schema.org","@graph":[{"@type":"Article","@id":"https:\/\/rvh-synergie.org\/actualites\/un-essai-evalue-un-derive-de-la-vitamine-b3-chez-les-personnes-atteintes-dun-long-covid\/#article","isPartOf":{"@id":"https:\/\/rvh-synergie.org\/actualites\/un-essai-evalue-un-derive-de-la-vitamine-b3-chez-les-personnes-atteintes-dun-long-covid\/"},"author":{"name":"Charles Martinez","@id":"https:\/\/rvh-synergie.org\/actualites\/#\/schema\/person\/aa5ea98671fb4e8620f488a0795d2560"},"headline":"Un essai \u00e9value un d\u00e9riv\u00e9 de la vitamine B3 chez les personnes atteintes d&rsquo;un long COVID","datePublished":"2025-11-17T17:18:40+00:00","dateModified":"2025-11-17T17:18:51+00:00","mainEntityOfPage":{"@id":"https:\/\/rvh-synergie.org\/actualites\/un-essai-evalue-un-derive-de-la-vitamine-b3-chez-les-personnes-atteintes-dun-long-covid\/"},"wordCount":976,"publisher":{"@id":"https:\/\/rvh-synergie.org\/actualites\/#organization"},"image":{"@id":"https:\/\/rvh-synergie.org\/actualites\/un-essai-evalue-un-derive-de-la-vitamine-b3-chez-les-personnes-atteintes-dun-long-covid\/#primaryimage"},"thumbnailUrl":"https:\/\/rvh-synergie.org\/actualites\/wp-content\/uploads\/2025\/11\/1763399920_Un-essai-evalue-un-derive-de-la-vitamine-B3-chez-scaled.jpg","keywords":["atteintes","chez","COVID","d\u00e9riv\u00e9","dun","essai","\u00e9value","Les","long","personnes","vitamine"],"articleSection":["Les maladies"],"inLanguage":"fr-FR"},{"@type":"WebPage","@id":"https:\/\/rvh-synergie.org\/actualites\/un-essai-evalue-un-derive-de-la-vitamine-b3-chez-les-personnes-atteintes-dun-long-covid\/","url":"https:\/\/rvh-synergie.org\/actualites\/un-essai-evalue-un-derive-de-la-vitamine-b3-chez-les-personnes-atteintes-dun-long-covid\/","name":"Un essai \u00e9value un d\u00e9riv\u00e9 de la vitamine B3 chez les personnes atteintes d'un long COVID - RVH-Synergie.org","isPartOf":{"@id":"https:\/\/rvh-synergie.org\/actualites\/#website"},"primaryImageOfPage":{"@id":"https:\/\/rvh-synergie.org\/actualites\/un-essai-evalue-un-derive-de-la-vitamine-b3-chez-les-personnes-atteintes-dun-long-covid\/#primaryimage"},"image":{"@id":"https:\/\/rvh-synergie.org\/actualites\/un-essai-evalue-un-derive-de-la-vitamine-b3-chez-les-personnes-atteintes-dun-long-covid\/#primaryimage"},"thumbnailUrl":"https:\/\/rvh-synergie.org\/actualites\/wp-content\/uploads\/2025\/11\/1763399920_Un-essai-evalue-un-derive-de-la-vitamine-B3-chez-scaled.jpg","datePublished":"2025-11-17T17:18:40+00:00","dateModified":"2025-11-17T17:18:51+00:00","breadcrumb":{"@id":"https:\/\/rvh-synergie.org\/actualites\/un-essai-evalue-un-derive-de-la-vitamine-b3-chez-les-personnes-atteintes-dun-long-covid\/#breadcrumb"},"inLanguage":"fr-FR","potentialAction":[{"@type":"ReadAction","target":["https:\/\/rvh-synergie.org\/actualites\/un-essai-evalue-un-derive-de-la-vitamine-b3-chez-les-personnes-atteintes-dun-long-covid\/"]}]},{"@type":"ImageObject","inLanguage":"fr-FR","@id":"https:\/\/rvh-synergie.org\/actualites\/un-essai-evalue-un-derive-de-la-vitamine-b3-chez-les-personnes-atteintes-dun-long-covid\/#primaryimage","url":"https:\/\/rvh-synergie.org\/actualites\/wp-content\/uploads\/2025\/11\/1763399920_Un-essai-evalue-un-derive-de-la-vitamine-B3-chez-scaled.jpg","contentUrl":"https:\/\/rvh-synergie.org\/actualites\/wp-content\/uploads\/2025\/11\/1763399920_Un-essai-evalue-un-derive-de-la-vitamine-B3-chez-scaled.jpg","width":2560,"height":1707,"caption":"Un essai \u00e9value un d\u00e9riv\u00e9 de la vitamine B3 chez les personnes atteintes d'un long COVID"},{"@type":"BreadcrumbList","@id":"https:\/\/rvh-synergie.org\/actualites\/un-essai-evalue-un-derive-de-la-vitamine-b3-chez-les-personnes-atteintes-dun-long-covid\/#breadcrumb","itemListElement":[{"@type":"ListItem","position":1,"name":"Accueil","item":"https:\/\/rvh-synergie.org\/actualites\/"},{"@type":"ListItem","position":2,"name":"Un essai \u00e9value un d\u00e9riv\u00e9 de la vitamine B3 chez les personnes atteintes d&rsquo;un long COVID"}]},{"@type":"WebSite","@id":"https:\/\/rvh-synergie.org\/actualites\/#website","url":"https:\/\/rvh-synergie.org\/actualites\/","name":"RVH-Synergie.org","description":"RVH-Synergie, site ind\u00e9pendant d&#039;informations sur la prise en charge des addictions.","publisher":{"@id":"https:\/\/rvh-synergie.org\/actualites\/#organization"},"potentialAction":[{"@type":"SearchAction","target":{"@type":"EntryPoint","urlTemplate":"https:\/\/rvh-synergie.org\/actualites\/?s={search_term_string}"},"query-input":{"@type":"PropertyValueSpecification","valueRequired":true,"valueName":"search_term_string"}}],"inLanguage":"fr-FR"},{"@type":"Organization","@id":"https:\/\/rvh-synergie.org\/actualites\/#organization","name":"RVH-Synergie.org","url":"https:\/\/rvh-synergie.org\/actualites\/","logo":{"@type":"ImageObject","inLanguage":"fr-FR","@id":"https:\/\/rvh-synergie.org\/actualites\/#\/schema\/logo\/image\/","url":"https:\/\/rvh-synergie.org\/actualites\/wp-content\/uploads\/2024\/09\/favicon.png","contentUrl":"https:\/\/rvh-synergie.org\/actualites\/wp-content\/uploads\/2024\/09\/favicon.png","width":512,"height":512,"caption":"RVH-Synergie.org"},"image":{"@id":"https:\/\/rvh-synergie.org\/actualites\/#\/schema\/logo\/image\/"}},{"@type":"Person","@id":"https:\/\/rvh-synergie.org\/actualites\/#\/schema\/person\/aa5ea98671fb4e8620f488a0795d2560","name":"Charles Martinez","image":{"@type":"ImageObject","inLanguage":"fr-FR","@id":"https:\/\/rvh-synergie.org\/actualites\/#\/schema\/person\/image\/","url":"https:\/\/rvh-synergie.org\/actualites\/wp-content\/uploads\/2024\/09\/charles-martinez-scaled.jpg","contentUrl":"https:\/\/rvh-synergie.org\/actualites\/wp-content\/uploads\/2024\/09\/charles-martinez-scaled.jpg","caption":"Charles Martinez"},"description":"Bonjour, je m'appelle Charles Martinez, r\u00e9dacteur passionn\u00e9 pour le m\u00e9dia RVH-synergie.org, d\u00e9di\u00e9 aux addictions et aux maladies. Depuis plus de dix ans, j'explore et rapporte les histoires poignantes des individus confront\u00e9s \u00e0 ces d\u00e9fis, tout en sensibilisant le public aux traitements novateurs et aux progr\u00e8s scientifiques dans ce domaine. Mon engagement r\u00e9side dans l'espoir de cr\u00e9er une communaut\u00e9 inform\u00e9e et empathique, pr\u00eate \u00e0 soutenir ceux qui luttent contre ces \u00e9preuves.","sameAs":["https:\/\/rvh-synergie.org\/"]}]}},"_links":{"self":[{"href":"https:\/\/rvh-synergie.org\/actualites\/wp-json\/wp\/v2\/posts\/11810","targetHints":{"allow":["GET"]}}],"collection":[{"href":"https:\/\/rvh-synergie.org\/actualites\/wp-json\/wp\/v2\/posts"}],"about":[{"href":"https:\/\/rvh-synergie.org\/actualites\/wp-json\/wp\/v2\/types\/post"}],"author":[{"embeddable":true,"href":"https:\/\/rvh-synergie.org\/actualites\/wp-json\/wp\/v2\/users\/1"}],"replies":[{"embeddable":true,"href":"https:\/\/rvh-synergie.org\/actualites\/wp-json\/wp\/v2\/comments?post=11810"}],"version-history":[{"count":0,"href":"https:\/\/rvh-synergie.org\/actualites\/wp-json\/wp\/v2\/posts\/11810\/revisions"}],"wp:featuredmedia":[{"embeddable":true,"href":"https:\/\/rvh-synergie.org\/actualites\/wp-json\/wp\/v2\/media\/11811"}],"wp:attachment":[{"href":"https:\/\/rvh-synergie.org\/actualites\/wp-json\/wp\/v2\/media?parent=11810"}],"wp:term":[{"taxonomy":"category","embeddable":true,"href":"https:\/\/rvh-synergie.org\/actualites\/wp-json\/wp\/v2\/categories?post=11810"},{"taxonomy":"post_tag","embeddable":true,"href":"https:\/\/rvh-synergie.org\/actualites\/wp-json\/wp\/v2\/tags?post=11810"}],"curies":[{"name":"wp","href":"https:\/\/api.w.org\/{rel}","templated":true}]}}