{"id":11747,"date":"2025-11-15T20:19:40","date_gmt":"2025-11-15T19:19:40","guid":{"rendered":"https:\/\/rvh-synergie.org\/actualites\/lanalyse-revele-que-limagerie-est-surutilisee-dans-le-diagnostic-et-la-gestion-de-la-paralysie-faciale\/"},"modified":"2025-11-15T20:19:52","modified_gmt":"2025-11-15T19:19:52","slug":"lanalyse-revele-que-limagerie-est-surutilisee-dans-le-diagnostic-et-la-gestion-de-la-paralysie-faciale","status":"publish","type":"post","link":"https:\/\/rvh-synergie.org\/actualites\/lanalyse-revele-que-limagerie-est-surutilisee-dans-le-diagnostic-et-la-gestion-de-la-paralysie-faciale\/","title":{"rendered":"L&rsquo;analyse r\u00e9v\u00e8le que l&rsquo;imagerie est surutilis\u00e9e dans le diagnostic et la gestion de la paralysie faciale"},"content":{"rendered":"<div>\n<div class=\"article-gallery lightGallery\">\n<div data-thumb=\"https:\/\/scx1.b-cdn.net\/csz\/news\/tmb\/2025\/holding-face.jpg\" data-src=\"https:\/\/scx2.b-cdn.net\/gfx\/news\/hires\/2025\/holding-face.jpg\" data-sub-html=\"Credit: El\u012bna Ar\u0101ja from Pexels\">\n<figure class=\"article-img\">\n<\/figure><\/div>\n<\/div>\n<p>Une nouvelle \u00e9tude analyse la fa\u00e7on dont l&rsquo;imagerie est utilis\u00e9e pour diagnostiquer et g\u00e9rer la paralysie de Bell, une maladie qui provoque une faiblesse soudaine des muscles d&rsquo;un c\u00f4t\u00e9 du visage, g\u00e9n\u00e9ralement temporairement. Bien que l&rsquo;imagerie diagnostique puisse aider \u00e0 exclure d&rsquo;\u00e9ventuels signaux d&rsquo;alarme ou \u00e0 aider les prestataires \u00e0 comprendre les causes des sympt\u00f4mes d&rsquo;un patient, elle ne doit \u00eatre utilis\u00e9e que lorsque les signes cliniques le justifient. \u00c0 la connaissance des chercheurs, aucune \u00e9tude n\u2019a explor\u00e9 cette relation dans le contexte de la paralysie de Bell.<\/p>\n<p>En \u00e9valuant l&rsquo;utilisation actuelle de l&rsquo;imagerie dans le diagnostic et la gestion de la paralysie de Bell, les chercheurs ont cherch\u00e9 \u00e0 garantir que les pratiques mettent l&rsquo;accent sur les soins optimaux aux patients tout en minimisant les co\u00fbts inutiles des soins de sant\u00e9.<\/p>\n<p>L&rsquo;article est publi\u00e9 dans <i>Le laryngoscope<\/i> journal.<\/p>\n<p>Pour cette recherche, les \u00e9tudiants en m\u00e9decine de Mount Sinai et les chirurgiens plasticiens du visage ont collabor\u00e9 avec un r\u00e9sident en chef du d\u00e9partement d&rsquo;oto-rhino-laryngologie du centre m\u00e9dical de l&rsquo;universit\u00e9 Vanderbilt.<\/p>\n<p>L&rsquo;\u00e9tude est la premi\u00e8re du genre \u00e0 utiliser une analyse \u00e0 l&rsquo;\u00e9chelle nationale pour examiner comment et quand l&rsquo;imagerie est utilis\u00e9e pour diagnostiquer et g\u00e9rer la paralysie de Bell aux \u00c9tats-Unis.<\/p>\n<p>Cette \u00e9tude permet d&rsquo;\u00e9valuer si les pratiques actuelles d&rsquo;imagerie pour la paralysie de Bell s&rsquo;alignent sur les lignes directrices fond\u00e9es sur des preuves. \u00c9tant donn\u00e9 que la paralysie de Bell est g\u00e9n\u00e9ralement diagnostiqu\u00e9e au moyen d&rsquo;une anamn\u00e8se approfondie et d&rsquo;un examen physique, l&rsquo;imagerie n&rsquo;est g\u00e9n\u00e9ralement pas n\u00e9cessaire pour les cas simples et un traitement aux st\u00e9ro\u00efdes dans les 72 heures est recommand\u00e9. Cette approche garantit que les patients re\u00e7oivent des soins rapides et efficaces tout en \u00e9vitant les imageries inutiles, r\u00e9duisant ainsi les co\u00fbts des soins de sant\u00e9.<\/p>\n<p>Pour cette \u00e9tude r\u00e9trospective, les donn\u00e9es ont \u00e9t\u00e9 collect\u00e9es \u00e0 partir de deux bases de donn\u00e9es\u00a0: la base de donn\u00e9es MarketScan sur les r\u00e9clamations et les rencontres commerciales, qui comprend les r\u00e9clamations d&rsquo;assurance ambulatoire anonymis\u00e9es pour les assur\u00e9s priv\u00e9s aux \u00c9tats-Unis, et la base de donn\u00e9es suppl\u00e9mentaire MarketScan Medicare, qui couvre les personnes inscrites \u00e0 Medicare. Ensemble, ces bases de donn\u00e9es fournissent des donn\u00e9es sur plus de 100 millions de patients, offrant ainsi un \u00e9chantillon repr\u00e9sentatif de la population am\u00e9ricaine b\u00e9n\u00e9ficiant d&rsquo;une assurance priv\u00e9e parrain\u00e9e par l&#8217;employeur.<\/p>\n<p>De ce groupe, les donn\u00e9es de seulement 35 942 patients adultes atteints de paralysie de Bell b\u00e9n\u00e9ficiant d&rsquo;une couverture d&rsquo;assurance continue pendant au moins un an apr\u00e8s leur diagnostic initial de paralysie de Bell ont \u00e9t\u00e9 incluses.<\/p>\n<p>D&rsquo;apr\u00e8s cette analyse d&rsquo;un peu moins de 36 000 patients atteints de paralysie de Bell, environ 25 % ont subi une tomodensitom\u00e9trie (tomodensitom\u00e9trie) ou une IRM (imagerie par r\u00e9sonance magn\u00e9tique) dans les 30 jours suivant le diagnostic, ce qui n&rsquo;est pas conforme aux lignes directrices actuelles publi\u00e9es par l&rsquo;American Academy of Otolaryngology-Head and Neck Surgery. Les chercheurs ont \u00e9galement d\u00e9couvert que les patients ayant subi une imagerie \u00e9taient plus susceptibles de recevoir \u00e0 la fois des traitements antiviraux et st\u00e9ro\u00efdiens, peut-\u00eatre parce que les prestataires prennent des pr\u00e9cautions suppl\u00e9mentaires dans les cas plus graves.<\/p>\n<p>Ces r\u00e9sultats mettent en \u00e9vidence la surutilisation de l\u2019imagerie, qui augmente les co\u00fbts et p\u00e8se sur les ressources sans apporter de valeur diagnostique significative dans les cas de routine. Cette \u00e9tude souligne la n\u00e9cessit\u00e9 d&rsquo;initiatives visant \u00e0 aligner la pratique clinique sur les lignes directrices fond\u00e9es sur des donn\u00e9es probantes, en favorisant un traitement pr\u00e9coce par corticost\u00e9ro\u00efdes et en minimisant l&rsquo;imagerie inutile.<\/p>\n<p>La paralysie de Bell peut \u00eatre un diagnostic effrayant pour les patients, car la paralysie faciale soudaine qu&rsquo;elle provoque peut imiter les signes d&rsquo;un accident vasculaire c\u00e9r\u00e9bral. Cependant, si les ant\u00e9c\u00e9dents et l&rsquo;examen physique du patient sont normaux, la paralysie de Bell dispara\u00eet g\u00e9n\u00e9ralement d&rsquo;elle-m\u00eame dans les trois mois et peut \u00eatre trait\u00e9e efficacement par une administration rapide de st\u00e9ro\u00efdes, sans n\u00e9cessiter d&rsquo;imagerie.<\/p>\n<p>Bien que les prestataires puissent ordonner une imagerie pour exclure d&rsquo;\u00e9ventuels signaux d&rsquo;alarme, tels que des accidents vasculaires c\u00e9r\u00e9braux ou d&rsquo;autres d\u00e9ficits des nerfs cr\u00e2niens, il est essentiel que l&rsquo;imagerie soit effectu\u00e9e uniquement lorsque les sympt\u00f4mes d&rsquo;un patient le justifient. Les r\u00e9sultats renforcent le fait que les cliniciens devraient donner la priorit\u00e9 \u00e0 une anamn\u00e8se et \u00e0 un examen physique approfondis lors du diagnostic de la paralysie de Bell et administrer une th\u00e9rapie aux st\u00e9ro\u00efdes dans les 72 heures suivant l&rsquo;apparition des sympt\u00f4mes afin de garantir le meilleur r\u00e9sultat possible pour le patient.<\/p>\n<p>Cette \u00e9tude a utilis\u00e9 des donn\u00e9es portant sur des patients b\u00e9n\u00e9ficiant d&rsquo;une assurance priv\u00e9e ou de Medicare. Les prochaines \u00e9tapes consistent \u00e0 examiner si ces r\u00e9sultats s&rsquo;appliquent aux populations sans assurance priv\u00e9e et \u00e0 explorer comment des facteurs tels que la race et le statut socio-\u00e9conomique peuvent influencer les tendances en mati\u00e8re d&rsquo;imagerie pour la paralysie de Bell.<\/p>\n<p>\u00ab\u00a0Cette \u00e9tude met en lumi\u00e8re la possible surutilisation de l&rsquo;imagerie diagnostique pour la paralysie de Bell qui est idiopathique, sans cause connue, par rapport aux directives cliniques\u00a0\u00bb, explique Ratna.<\/p>\n<p>\u00ab Nos r\u00e9sultats soulignent l&rsquo;importance de mettre \u00e0 jour les directives cliniques et de les diffuser dans toutes les sp\u00e9cialit\u00e9s qui soignent ces patients, pas seulement en oto-rhino-laryngologie. Je suis reconnaissant \u00e0 mes mentors, les Drs Mingyang Gray et Joshua Rosenberg du Mount Sinai, et \u00e0 Rahul Sharma, MD, du Vanderbilt University Medical Center, pour leur mentorat et leur collaboration.<\/p>\n<p>                                        <!-- print only --><\/p><\/div>\n","protected":false},"excerpt":{"rendered":"<p>Une nouvelle \u00e9tude analyse la fa\u00e7on dont l&rsquo;imagerie est utilis\u00e9e pour diagnostiquer et g\u00e9rer la<\/p>\n","protected":false},"author":1,"featured_media":11748,"comment_status":"closed","ping_status":"","sticky":false,"template":"","format":"standard","meta":{"footnotes":""},"categories":[86],"tags":[44,1391,223,7684,3229,1730,1735,2592,157,7683],"class_list":["post-11747","post","type-post","status-publish","format-standard","has-post-thumbnail","hentry","category-les-maladies","tag-dans","tag-diagnostic","tag-est","tag-faciale","tag-gestion","tag-lanalyse","tag-limagerie","tag-paralysie","tag-revele","tag-surutilisee","generate-columns","tablet-grid-50","mobile-grid-100","grid-parent","grid-50","resize-featured-image"],"yoast_head":"<!-- This site is optimized with the Yoast SEO plugin v23.4 - https:\/\/yoast.com\/wordpress\/plugins\/seo\/ -->\n<title>L&#039;analyse r\u00e9v\u00e8le que l&#039;imagerie est surutilis\u00e9e dans le diagnostic et la gestion de la paralysie faciale - RVH-Synergie.org<\/title>\n<meta name=\"robots\" content=\"index, follow, max-snippet:-1, max-image-preview:large, max-video-preview:-1\" \/>\n<link rel=\"canonical\" href=\"https:\/\/rvh-synergie.org\/actualites\/lanalyse-revele-que-limagerie-est-surutilisee-dans-le-diagnostic-et-la-gestion-de-la-paralysie-faciale\/\" \/>\n<meta property=\"og:locale\" content=\"fr_FR\" \/>\n<meta property=\"og:type\" content=\"article\" \/>\n<meta property=\"og:title\" content=\"L&#039;analyse r\u00e9v\u00e8le que l&#039;imagerie est surutilis\u00e9e dans le diagnostic et la gestion de la paralysie faciale - RVH-Synergie.org\" \/>\n<meta property=\"og:description\" content=\"Une nouvelle \u00e9tude analyse la fa\u00e7on dont l&rsquo;imagerie est utilis\u00e9e pour diagnostiquer et g\u00e9rer la\" \/>\n<meta property=\"og:url\" content=\"https:\/\/rvh-synergie.org\/actualites\/lanalyse-revele-que-limagerie-est-surutilisee-dans-le-diagnostic-et-la-gestion-de-la-paralysie-faciale\/\" \/>\n<meta property=\"og:site_name\" content=\"RVH-Synergie\" \/>\n<meta property=\"article:published_time\" content=\"2025-11-15T19:19:40+00:00\" \/>\n<meta property=\"article:modified_time\" content=\"2025-11-15T19:19:52+00:00\" \/>\n<meta property=\"og:image\" content=\"https:\/\/rvh-synergie.org\/actualites\/wp-content\/uploads\/2025\/11\/1763234380_Lanalyse-revele-que-limagerie-est-surutilisee-dans-le-diagnostic-et-scaled.jpg\" \/>\n\t<meta property=\"og:image:width\" content=\"2560\" \/>\n\t<meta property=\"og:image:height\" content=\"1736\" \/>\n\t<meta property=\"og:image:type\" content=\"image\/jpeg\" \/>\n<meta name=\"author\" content=\"Charles Martinez\" \/>\n<meta name=\"twitter:card\" content=\"summary_large_image\" \/>\n<meta name=\"twitter:label1\" content=\"\u00c9crit par\" \/>\n\t<meta name=\"twitter:data1\" content=\"Charles Martinez\" \/>\n\t<meta name=\"twitter:label2\" content=\"Dur\u00e9e de lecture estim\u00e9e\" \/>\n\t<meta name=\"twitter:data2\" content=\"5 minutes\" \/>\n<script type=\"application\/ld+json\" class=\"yoast-schema-graph\">{\"@context\":\"https:\/\/schema.org\",\"@graph\":[{\"@type\":\"Article\",\"@id\":\"https:\/\/rvh-synergie.org\/actualites\/lanalyse-revele-que-limagerie-est-surutilisee-dans-le-diagnostic-et-la-gestion-de-la-paralysie-faciale\/#article\",\"isPartOf\":{\"@id\":\"https:\/\/rvh-synergie.org\/actualites\/lanalyse-revele-que-limagerie-est-surutilisee-dans-le-diagnostic-et-la-gestion-de-la-paralysie-faciale\/\"},\"author\":{\"name\":\"Charles Martinez\",\"@id\":\"https:\/\/rvh-synergie.org\/actualites\/#\/schema\/person\/aa5ea98671fb4e8620f488a0795d2560\"},\"headline\":\"L&rsquo;analyse r\u00e9v\u00e8le que l&rsquo;imagerie est surutilis\u00e9e dans le diagnostic et la gestion de la paralysie faciale\",\"datePublished\":\"2025-11-15T19:19:40+00:00\",\"dateModified\":\"2025-11-15T19:19:52+00:00\",\"mainEntityOfPage\":{\"@id\":\"https:\/\/rvh-synergie.org\/actualites\/lanalyse-revele-que-limagerie-est-surutilisee-dans-le-diagnostic-et-la-gestion-de-la-paralysie-faciale\/\"},\"wordCount\":1027,\"publisher\":{\"@id\":\"https:\/\/rvh-synergie.org\/actualites\/#organization\"},\"image\":{\"@id\":\"https:\/\/rvh-synergie.org\/actualites\/lanalyse-revele-que-limagerie-est-surutilisee-dans-le-diagnostic-et-la-gestion-de-la-paralysie-faciale\/#primaryimage\"},\"thumbnailUrl\":\"https:\/\/rvh-synergie.org\/actualites\/wp-content\/uploads\/2025\/11\/1763234380_Lanalyse-revele-que-limagerie-est-surutilisee-dans-le-diagnostic-et-scaled.jpg\",\"keywords\":[\"dans\",\"diagnostic\",\"est\",\"faciale\",\"gestion\",\"Lanalyse\",\"Limagerie\",\"paralysie\",\"r\u00e9v\u00e8le\",\"surutilis\u00e9e\"],\"articleSection\":[\"Les maladies\"],\"inLanguage\":\"fr-FR\"},{\"@type\":\"WebPage\",\"@id\":\"https:\/\/rvh-synergie.org\/actualites\/lanalyse-revele-que-limagerie-est-surutilisee-dans-le-diagnostic-et-la-gestion-de-la-paralysie-faciale\/\",\"url\":\"https:\/\/rvh-synergie.org\/actualites\/lanalyse-revele-que-limagerie-est-surutilisee-dans-le-diagnostic-et-la-gestion-de-la-paralysie-faciale\/\",\"name\":\"L'analyse r\u00e9v\u00e8le que l'imagerie est surutilis\u00e9e dans le diagnostic et la gestion de la paralysie faciale - RVH-Synergie.org\",\"isPartOf\":{\"@id\":\"https:\/\/rvh-synergie.org\/actualites\/#website\"},\"primaryImageOfPage\":{\"@id\":\"https:\/\/rvh-synergie.org\/actualites\/lanalyse-revele-que-limagerie-est-surutilisee-dans-le-diagnostic-et-la-gestion-de-la-paralysie-faciale\/#primaryimage\"},\"image\":{\"@id\":\"https:\/\/rvh-synergie.org\/actualites\/lanalyse-revele-que-limagerie-est-surutilisee-dans-le-diagnostic-et-la-gestion-de-la-paralysie-faciale\/#primaryimage\"},\"thumbnailUrl\":\"https:\/\/rvh-synergie.org\/actualites\/wp-content\/uploads\/2025\/11\/1763234380_Lanalyse-revele-que-limagerie-est-surutilisee-dans-le-diagnostic-et-scaled.jpg\",\"datePublished\":\"2025-11-15T19:19:40+00:00\",\"dateModified\":\"2025-11-15T19:19:52+00:00\",\"breadcrumb\":{\"@id\":\"https:\/\/rvh-synergie.org\/actualites\/lanalyse-revele-que-limagerie-est-surutilisee-dans-le-diagnostic-et-la-gestion-de-la-paralysie-faciale\/#breadcrumb\"},\"inLanguage\":\"fr-FR\",\"potentialAction\":[{\"@type\":\"ReadAction\",\"target\":[\"https:\/\/rvh-synergie.org\/actualites\/lanalyse-revele-que-limagerie-est-surutilisee-dans-le-diagnostic-et-la-gestion-de-la-paralysie-faciale\/\"]}]},{\"@type\":\"ImageObject\",\"inLanguage\":\"fr-FR\",\"@id\":\"https:\/\/rvh-synergie.org\/actualites\/lanalyse-revele-que-limagerie-est-surutilisee-dans-le-diagnostic-et-la-gestion-de-la-paralysie-faciale\/#primaryimage\",\"url\":\"https:\/\/rvh-synergie.org\/actualites\/wp-content\/uploads\/2025\/11\/1763234380_Lanalyse-revele-que-limagerie-est-surutilisee-dans-le-diagnostic-et-scaled.jpg\",\"contentUrl\":\"https:\/\/rvh-synergie.org\/actualites\/wp-content\/uploads\/2025\/11\/1763234380_Lanalyse-revele-que-limagerie-est-surutilisee-dans-le-diagnostic-et-scaled.jpg\",\"width\":2560,\"height\":1736,\"caption\":\"L'analyse r\u00e9v\u00e8le que l'imagerie est surutilis\u00e9e dans le diagnostic et la gestion de la paralysie faciale\"},{\"@type\":\"BreadcrumbList\",\"@id\":\"https:\/\/rvh-synergie.org\/actualites\/lanalyse-revele-que-limagerie-est-surutilisee-dans-le-diagnostic-et-la-gestion-de-la-paralysie-faciale\/#breadcrumb\",\"itemListElement\":[{\"@type\":\"ListItem\",\"position\":1,\"name\":\"Accueil\",\"item\":\"https:\/\/rvh-synergie.org\/actualites\/\"},{\"@type\":\"ListItem\",\"position\":2,\"name\":\"L&rsquo;analyse r\u00e9v\u00e8le que l&rsquo;imagerie est surutilis\u00e9e dans le diagnostic et la gestion de la paralysie faciale\"}]},{\"@type\":\"WebSite\",\"@id\":\"https:\/\/rvh-synergie.org\/actualites\/#website\",\"url\":\"https:\/\/rvh-synergie.org\/actualites\/\",\"name\":\"RVH-Synergie.org\",\"description\":\"RVH-Synergie, site ind\u00e9pendant d&#039;informations sur la prise en charge des addictions.\",\"publisher\":{\"@id\":\"https:\/\/rvh-synergie.org\/actualites\/#organization\"},\"potentialAction\":[{\"@type\":\"SearchAction\",\"target\":{\"@type\":\"EntryPoint\",\"urlTemplate\":\"https:\/\/rvh-synergie.org\/actualites\/?s={search_term_string}\"},\"query-input\":{\"@type\":\"PropertyValueSpecification\",\"valueRequired\":true,\"valueName\":\"search_term_string\"}}],\"inLanguage\":\"fr-FR\"},{\"@type\":\"Organization\",\"@id\":\"https:\/\/rvh-synergie.org\/actualites\/#organization\",\"name\":\"RVH-Synergie.org\",\"url\":\"https:\/\/rvh-synergie.org\/actualites\/\",\"logo\":{\"@type\":\"ImageObject\",\"inLanguage\":\"fr-FR\",\"@id\":\"https:\/\/rvh-synergie.org\/actualites\/#\/schema\/logo\/image\/\",\"url\":\"https:\/\/rvh-synergie.org\/actualites\/wp-content\/uploads\/2024\/09\/favicon.png\",\"contentUrl\":\"https:\/\/rvh-synergie.org\/actualites\/wp-content\/uploads\/2024\/09\/favicon.png\",\"width\":512,\"height\":512,\"caption\":\"RVH-Synergie.org\"},\"image\":{\"@id\":\"https:\/\/rvh-synergie.org\/actualites\/#\/schema\/logo\/image\/\"}},{\"@type\":\"Person\",\"@id\":\"https:\/\/rvh-synergie.org\/actualites\/#\/schema\/person\/aa5ea98671fb4e8620f488a0795d2560\",\"name\":\"Charles Martinez\",\"image\":{\"@type\":\"ImageObject\",\"inLanguage\":\"fr-FR\",\"@id\":\"https:\/\/rvh-synergie.org\/actualites\/#\/schema\/person\/image\/\",\"url\":\"https:\/\/rvh-synergie.org\/actualites\/wp-content\/uploads\/2024\/09\/charles-martinez-scaled.jpg\",\"contentUrl\":\"https:\/\/rvh-synergie.org\/actualites\/wp-content\/uploads\/2024\/09\/charles-martinez-scaled.jpg\",\"caption\":\"Charles Martinez\"},\"description\":\"Bonjour, je m'appelle Charles Martinez, r\u00e9dacteur passionn\u00e9 pour le m\u00e9dia RVH-synergie.org, d\u00e9di\u00e9 aux addictions et aux maladies. Depuis plus de dix ans, j'explore et rapporte les histoires poignantes des individus confront\u00e9s \u00e0 ces d\u00e9fis, tout en sensibilisant le public aux traitements novateurs et aux progr\u00e8s scientifiques dans ce domaine. Mon engagement r\u00e9side dans l'espoir de cr\u00e9er une communaut\u00e9 inform\u00e9e et empathique, pr\u00eate \u00e0 soutenir ceux qui luttent contre ces \u00e9preuves.\",\"sameAs\":[\"https:\/\/rvh-synergie.org\/\"]}]}<\/script>\n<!-- \/ Yoast SEO plugin. -->","yoast_head_json":{"title":"L'analyse r\u00e9v\u00e8le que l'imagerie est surutilis\u00e9e dans le diagnostic et la gestion de la paralysie faciale - RVH-Synergie.org","robots":{"index":"index","follow":"follow","max-snippet":"max-snippet:-1","max-image-preview":"max-image-preview:large","max-video-preview":"max-video-preview:-1"},"canonical":"https:\/\/rvh-synergie.org\/actualites\/lanalyse-revele-que-limagerie-est-surutilisee-dans-le-diagnostic-et-la-gestion-de-la-paralysie-faciale\/","og_locale":"fr_FR","og_type":"article","og_title":"L'analyse r\u00e9v\u00e8le que l'imagerie est surutilis\u00e9e dans le diagnostic et la gestion de la paralysie faciale - RVH-Synergie.org","og_description":"Une nouvelle \u00e9tude analyse la fa\u00e7on dont l&rsquo;imagerie est utilis\u00e9e pour diagnostiquer et g\u00e9rer la","og_url":"https:\/\/rvh-synergie.org\/actualites\/lanalyse-revele-que-limagerie-est-surutilisee-dans-le-diagnostic-et-la-gestion-de-la-paralysie-faciale\/","og_site_name":"RVH-Synergie","article_published_time":"2025-11-15T19:19:40+00:00","article_modified_time":"2025-11-15T19:19:52+00:00","og_image":[{"width":2560,"height":1736,"url":"https:\/\/rvh-synergie.org\/actualites\/wp-content\/uploads\/2025\/11\/1763234380_Lanalyse-revele-que-limagerie-est-surutilisee-dans-le-diagnostic-et-scaled.jpg","type":"image\/jpeg"}],"author":"Charles Martinez","twitter_card":"summary_large_image","twitter_misc":{"\u00c9crit par":"Charles Martinez","Dur\u00e9e de lecture estim\u00e9e":"5 minutes"},"schema":{"@context":"https:\/\/schema.org","@graph":[{"@type":"Article","@id":"https:\/\/rvh-synergie.org\/actualites\/lanalyse-revele-que-limagerie-est-surutilisee-dans-le-diagnostic-et-la-gestion-de-la-paralysie-faciale\/#article","isPartOf":{"@id":"https:\/\/rvh-synergie.org\/actualites\/lanalyse-revele-que-limagerie-est-surutilisee-dans-le-diagnostic-et-la-gestion-de-la-paralysie-faciale\/"},"author":{"name":"Charles Martinez","@id":"https:\/\/rvh-synergie.org\/actualites\/#\/schema\/person\/aa5ea98671fb4e8620f488a0795d2560"},"headline":"L&rsquo;analyse r\u00e9v\u00e8le que l&rsquo;imagerie est surutilis\u00e9e dans le diagnostic et la gestion de la paralysie faciale","datePublished":"2025-11-15T19:19:40+00:00","dateModified":"2025-11-15T19:19:52+00:00","mainEntityOfPage":{"@id":"https:\/\/rvh-synergie.org\/actualites\/lanalyse-revele-que-limagerie-est-surutilisee-dans-le-diagnostic-et-la-gestion-de-la-paralysie-faciale\/"},"wordCount":1027,"publisher":{"@id":"https:\/\/rvh-synergie.org\/actualites\/#organization"},"image":{"@id":"https:\/\/rvh-synergie.org\/actualites\/lanalyse-revele-que-limagerie-est-surutilisee-dans-le-diagnostic-et-la-gestion-de-la-paralysie-faciale\/#primaryimage"},"thumbnailUrl":"https:\/\/rvh-synergie.org\/actualites\/wp-content\/uploads\/2025\/11\/1763234380_Lanalyse-revele-que-limagerie-est-surutilisee-dans-le-diagnostic-et-scaled.jpg","keywords":["dans","diagnostic","est","faciale","gestion","Lanalyse","Limagerie","paralysie","r\u00e9v\u00e8le","surutilis\u00e9e"],"articleSection":["Les maladies"],"inLanguage":"fr-FR"},{"@type":"WebPage","@id":"https:\/\/rvh-synergie.org\/actualites\/lanalyse-revele-que-limagerie-est-surutilisee-dans-le-diagnostic-et-la-gestion-de-la-paralysie-faciale\/","url":"https:\/\/rvh-synergie.org\/actualites\/lanalyse-revele-que-limagerie-est-surutilisee-dans-le-diagnostic-et-la-gestion-de-la-paralysie-faciale\/","name":"L'analyse r\u00e9v\u00e8le que l'imagerie est surutilis\u00e9e dans le diagnostic et la gestion de la paralysie faciale - RVH-Synergie.org","isPartOf":{"@id":"https:\/\/rvh-synergie.org\/actualites\/#website"},"primaryImageOfPage":{"@id":"https:\/\/rvh-synergie.org\/actualites\/lanalyse-revele-que-limagerie-est-surutilisee-dans-le-diagnostic-et-la-gestion-de-la-paralysie-faciale\/#primaryimage"},"image":{"@id":"https:\/\/rvh-synergie.org\/actualites\/lanalyse-revele-que-limagerie-est-surutilisee-dans-le-diagnostic-et-la-gestion-de-la-paralysie-faciale\/#primaryimage"},"thumbnailUrl":"https:\/\/rvh-synergie.org\/actualites\/wp-content\/uploads\/2025\/11\/1763234380_Lanalyse-revele-que-limagerie-est-surutilisee-dans-le-diagnostic-et-scaled.jpg","datePublished":"2025-11-15T19:19:40+00:00","dateModified":"2025-11-15T19:19:52+00:00","breadcrumb":{"@id":"https:\/\/rvh-synergie.org\/actualites\/lanalyse-revele-que-limagerie-est-surutilisee-dans-le-diagnostic-et-la-gestion-de-la-paralysie-faciale\/#breadcrumb"},"inLanguage":"fr-FR","potentialAction":[{"@type":"ReadAction","target":["https:\/\/rvh-synergie.org\/actualites\/lanalyse-revele-que-limagerie-est-surutilisee-dans-le-diagnostic-et-la-gestion-de-la-paralysie-faciale\/"]}]},{"@type":"ImageObject","inLanguage":"fr-FR","@id":"https:\/\/rvh-synergie.org\/actualites\/lanalyse-revele-que-limagerie-est-surutilisee-dans-le-diagnostic-et-la-gestion-de-la-paralysie-faciale\/#primaryimage","url":"https:\/\/rvh-synergie.org\/actualites\/wp-content\/uploads\/2025\/11\/1763234380_Lanalyse-revele-que-limagerie-est-surutilisee-dans-le-diagnostic-et-scaled.jpg","contentUrl":"https:\/\/rvh-synergie.org\/actualites\/wp-content\/uploads\/2025\/11\/1763234380_Lanalyse-revele-que-limagerie-est-surutilisee-dans-le-diagnostic-et-scaled.jpg","width":2560,"height":1736,"caption":"L'analyse r\u00e9v\u00e8le que l'imagerie est surutilis\u00e9e dans le diagnostic et la gestion de la paralysie faciale"},{"@type":"BreadcrumbList","@id":"https:\/\/rvh-synergie.org\/actualites\/lanalyse-revele-que-limagerie-est-surutilisee-dans-le-diagnostic-et-la-gestion-de-la-paralysie-faciale\/#breadcrumb","itemListElement":[{"@type":"ListItem","position":1,"name":"Accueil","item":"https:\/\/rvh-synergie.org\/actualites\/"},{"@type":"ListItem","position":2,"name":"L&rsquo;analyse r\u00e9v\u00e8le que l&rsquo;imagerie est surutilis\u00e9e dans le diagnostic et la gestion de la paralysie faciale"}]},{"@type":"WebSite","@id":"https:\/\/rvh-synergie.org\/actualites\/#website","url":"https:\/\/rvh-synergie.org\/actualites\/","name":"RVH-Synergie.org","description":"RVH-Synergie, site ind\u00e9pendant d&#039;informations sur la prise en charge des addictions.","publisher":{"@id":"https:\/\/rvh-synergie.org\/actualites\/#organization"},"potentialAction":[{"@type":"SearchAction","target":{"@type":"EntryPoint","urlTemplate":"https:\/\/rvh-synergie.org\/actualites\/?s={search_term_string}"},"query-input":{"@type":"PropertyValueSpecification","valueRequired":true,"valueName":"search_term_string"}}],"inLanguage":"fr-FR"},{"@type":"Organization","@id":"https:\/\/rvh-synergie.org\/actualites\/#organization","name":"RVH-Synergie.org","url":"https:\/\/rvh-synergie.org\/actualites\/","logo":{"@type":"ImageObject","inLanguage":"fr-FR","@id":"https:\/\/rvh-synergie.org\/actualites\/#\/schema\/logo\/image\/","url":"https:\/\/rvh-synergie.org\/actualites\/wp-content\/uploads\/2024\/09\/favicon.png","contentUrl":"https:\/\/rvh-synergie.org\/actualites\/wp-content\/uploads\/2024\/09\/favicon.png","width":512,"height":512,"caption":"RVH-Synergie.org"},"image":{"@id":"https:\/\/rvh-synergie.org\/actualites\/#\/schema\/logo\/image\/"}},{"@type":"Person","@id":"https:\/\/rvh-synergie.org\/actualites\/#\/schema\/person\/aa5ea98671fb4e8620f488a0795d2560","name":"Charles Martinez","image":{"@type":"ImageObject","inLanguage":"fr-FR","@id":"https:\/\/rvh-synergie.org\/actualites\/#\/schema\/person\/image\/","url":"https:\/\/rvh-synergie.org\/actualites\/wp-content\/uploads\/2024\/09\/charles-martinez-scaled.jpg","contentUrl":"https:\/\/rvh-synergie.org\/actualites\/wp-content\/uploads\/2024\/09\/charles-martinez-scaled.jpg","caption":"Charles Martinez"},"description":"Bonjour, je m'appelle Charles Martinez, r\u00e9dacteur passionn\u00e9 pour le m\u00e9dia RVH-synergie.org, d\u00e9di\u00e9 aux addictions et aux maladies. Depuis plus de dix ans, j'explore et rapporte les histoires poignantes des individus confront\u00e9s \u00e0 ces d\u00e9fis, tout en sensibilisant le public aux traitements novateurs et aux progr\u00e8s scientifiques dans ce domaine. Mon engagement r\u00e9side dans l'espoir de cr\u00e9er une communaut\u00e9 inform\u00e9e et empathique, pr\u00eate \u00e0 soutenir ceux qui luttent contre ces \u00e9preuves.","sameAs":["https:\/\/rvh-synergie.org\/"]}]}},"_links":{"self":[{"href":"https:\/\/rvh-synergie.org\/actualites\/wp-json\/wp\/v2\/posts\/11747","targetHints":{"allow":["GET"]}}],"collection":[{"href":"https:\/\/rvh-synergie.org\/actualites\/wp-json\/wp\/v2\/posts"}],"about":[{"href":"https:\/\/rvh-synergie.org\/actualites\/wp-json\/wp\/v2\/types\/post"}],"author":[{"embeddable":true,"href":"https:\/\/rvh-synergie.org\/actualites\/wp-json\/wp\/v2\/users\/1"}],"replies":[{"embeddable":true,"href":"https:\/\/rvh-synergie.org\/actualites\/wp-json\/wp\/v2\/comments?post=11747"}],"version-history":[{"count":0,"href":"https:\/\/rvh-synergie.org\/actualites\/wp-json\/wp\/v2\/posts\/11747\/revisions"}],"wp:featuredmedia":[{"embeddable":true,"href":"https:\/\/rvh-synergie.org\/actualites\/wp-json\/wp\/v2\/media\/11748"}],"wp:attachment":[{"href":"https:\/\/rvh-synergie.org\/actualites\/wp-json\/wp\/v2\/media?parent=11747"}],"wp:term":[{"taxonomy":"category","embeddable":true,"href":"https:\/\/rvh-synergie.org\/actualites\/wp-json\/wp\/v2\/categories?post=11747"},{"taxonomy":"post_tag","embeddable":true,"href":"https:\/\/rvh-synergie.org\/actualites\/wp-json\/wp\/v2\/tags?post=11747"}],"curies":[{"name":"wp","href":"https:\/\/api.w.org\/{rel}","templated":true}]}}