{"id":11715,"date":"2025-11-14T11:49:43","date_gmt":"2025-11-14T10:49:43","guid":{"rendered":"https:\/\/rvh-synergie.org\/actualites\/un-cas-preliminaire-de-grippe-aviaire-dans-letat-de-washington-serait-le-premier-aux-etats-unis-depuis-9-mois\/"},"modified":"2025-11-14T11:49:50","modified_gmt":"2025-11-14T10:49:50","slug":"un-cas-preliminaire-de-grippe-aviaire-dans-letat-de-washington-serait-le-premier-aux-etats-unis-depuis-9-mois","status":"publish","type":"post","link":"https:\/\/rvh-synergie.org\/actualites\/un-cas-preliminaire-de-grippe-aviaire-dans-letat-de-washington-serait-le-premier-aux-etats-unis-depuis-9-mois\/","title":{"rendered":"Un cas pr\u00e9liminaire de grippe aviaire dans l&rsquo;\u00c9tat de Washington serait le premier aux \u00c9tats-Unis depuis 9 mois"},"content":{"rendered":"<div>\n<div class=\"article-gallery lightGallery\">\n<div data-thumb=\"https:\/\/scx1.b-cdn.net\/csz\/news\/tmb\/2025\/bird-flu-1.jpg\" data-src=\"https:\/\/scx2.b-cdn.net\/gfx\/news\/hires\/2025\/bird-flu-1.jpg\" data-sub-html=\"Credit: Unsplash\/CC0 Public Domain\">\n<figure class=\"article-img\">\n<\/figure><\/div>\n<\/div>\n<p>Les autorit\u00e9s sanitaires de l&rsquo;\u00c9tat de Washington affirment avoir identifi\u00e9 le premier cas humain de grippe aviaire dans le pays depuis f\u00e9vrier, en attendant des tests de confirmation.<\/p>\n<p>Un r\u00e9sident du comt\u00e9 de Grays Harbor, dans l&rsquo;\u00c9tat de Washington, a \u00e9t\u00e9 pr\u00e9alablement test\u00e9 positif \u00e0 l&rsquo;infection, a annonc\u00e9 jeudi le minist\u00e8re de la Sant\u00e9 de l&rsquo;\u00c9tat de Washington. Les responsables de la sant\u00e9 affirment qu&rsquo;ils enqu\u00eatent toujours sur la source de l&rsquo;infection, notamment le contact avec des oiseaux sauvages ou domestiques.<\/p>\n<p>Le patient est une personne \u00e2g\u00e9e souffrant de probl\u00e8mes de sant\u00e9 sous-jacents, ont indiqu\u00e9 les responsables de la sant\u00e9 de l\u2019\u00c9tat. Ils ont d\u00e9velopp\u00e9 une forte fi\u00e8vre, de la confusion et une d\u00e9tresse respiratoire et ont \u00e9t\u00e9 hospitalis\u00e9s d\u00e9but novembre. Le traitement de la personne est en cours.<\/p>\n<p>Jusqu&rsquo;\u00e0 pr\u00e9sent cette ann\u00e9e, jusqu&rsquo;au 4 ao\u00fbt, 26 infections humaines par la grippe aviaire ont \u00e9t\u00e9 confirm\u00e9es dans le monde, selon les Centers for Disease Control and Prevention des \u00c9tats-Unis. La plupart d&rsquo;entre eux, 23, ont \u00e9t\u00e9 retrouv\u00e9s en dehors des \u00c9tats-Unis et 11 personnes sont mortes. L&rsquo;\u00e9cart de neuf mois entre les nouveaux cas aux \u00c9tats-Unis a d\u00e9concert\u00e9 les experts de la sant\u00e9 qui suivent la propagation du virus.<\/p>\n<p>En 2024 et d\u00e9but 2025, des infections ont \u00e9t\u00e9 signal\u00e9es chez 70 personnes aux \u00c9tats-Unis, pour la plupart des travailleurs de fermes laiti\u00e8res et avicoles. Une personne est d\u00e9c\u00e9d\u00e9e, mais la plupart des personnes infect\u00e9es souffraient de maladies b\u00e9nignes.<\/p>\n<p>Alors que les \u00c9tats-Unis n&rsquo;ont pas enregistr\u00e9 d&rsquo;infection humaine depuis des mois, des cas de grippe aviaire se sont produits r\u00e9cemment dans des troupeaux de volailles et de b\u00e9tail.<\/p>\n<p>Au cours du mois dernier, pr\u00e8s de 70 \u00e9levages de volailles aux \u00c9tats-Unis, qu&rsquo;ils soient commerciaux ou de basse-cour, ont \u00e9t\u00e9 infect\u00e9s par la grippe aviaire, avec plus de 1,7 million d&rsquo;oiseaux touch\u00e9s, selon le minist\u00e8re am\u00e9ricain de l&rsquo;Agriculture. La derni\u00e8re d\u00e9tection confirm\u00e9e de b\u00e9tail remonte \u00e0 environ un mois chez des vaches laiti\u00e8res de l&rsquo;Idaho, selon l&rsquo;USDA.<\/p>\n<p>Le CDC qualifie le risque pour le grand public de faible, bien qu&rsquo;il soit plus \u00e9lev\u00e9 pour les personnes qui travaillent avec du b\u00e9tail et de la volaille ou qui sont en contact avec des oiseaux sauvages.<\/p>\n<p>                                        <!-- print only --><\/p><\/div>\n","protected":false},"excerpt":{"rendered":"<p>Les autorit\u00e9s sanitaires de l&rsquo;\u00c9tat de Washington affirment avoir identifi\u00e9 le premier cas humain de<\/p>\n","protected":false},"author":1,"featured_media":11716,"comment_status":"closed","ping_status":"","sticky":false,"template":"","format":"standard","meta":{"footnotes":""},"categories":[86],"tags":[171,420,344,44,544,541,419,2351,923,7676,322,2764,2368],"class_list":["post-11715","post","type-post","status-publish","format-standard","has-post-thumbnail","hentry","category-les-maladies","tag-aux","tag-aviaire","tag-cas","tag-dans","tag-depuis","tag-etatsunis","tag-grippe","tag-letat","tag-mois","tag-preliminaire","tag-premier","tag-serait","tag-washington","generate-columns","tablet-grid-50","mobile-grid-100","grid-parent","grid-50","resize-featured-image"],"yoast_head":"<!-- This site is optimized with the Yoast SEO plugin v23.4 - https:\/\/yoast.com\/wordpress\/plugins\/seo\/ -->\n<title>Un cas pr\u00e9liminaire de grippe aviaire dans l&#039;\u00c9tat de Washington serait le premier aux \u00c9tats-Unis depuis 9 mois - RVH-Synergie.org<\/title>\n<meta name=\"robots\" content=\"index, follow, max-snippet:-1, max-image-preview:large, max-video-preview:-1\" \/>\n<link rel=\"canonical\" href=\"https:\/\/rvh-synergie.org\/actualites\/un-cas-preliminaire-de-grippe-aviaire-dans-letat-de-washington-serait-le-premier-aux-etats-unis-depuis-9-mois\/\" \/>\n<meta property=\"og:locale\" content=\"fr_FR\" \/>\n<meta property=\"og:type\" content=\"article\" \/>\n<meta property=\"og:title\" content=\"Un cas pr\u00e9liminaire de grippe aviaire dans l&#039;\u00c9tat de Washington serait le premier aux \u00c9tats-Unis depuis 9 mois - RVH-Synergie.org\" \/>\n<meta property=\"og:description\" content=\"Les autorit\u00e9s sanitaires de l&rsquo;\u00c9tat de Washington affirment avoir identifi\u00e9 le premier cas humain de\" \/>\n<meta property=\"og:url\" content=\"https:\/\/rvh-synergie.org\/actualites\/un-cas-preliminaire-de-grippe-aviaire-dans-letat-de-washington-serait-le-premier-aux-etats-unis-depuis-9-mois\/\" \/>\n<meta property=\"og:site_name\" content=\"RVH-Synergie\" \/>\n<meta property=\"article:published_time\" content=\"2025-11-14T10:49:43+00:00\" \/>\n<meta property=\"article:modified_time\" content=\"2025-11-14T10:49:50+00:00\" \/>\n<meta property=\"og:image\" content=\"https:\/\/rvh-synergie.org\/actualites\/wp-content\/uploads\/2025\/11\/1763117384_Un-cas-preliminaire-de-grippe-aviaire-dans-lEtat-de-Washington.jpg\" \/>\n\t<meta property=\"og:image:width\" content=\"2500\" \/>\n\t<meta property=\"og:image:height\" content=\"2046\" \/>\n\t<meta property=\"og:image:type\" content=\"image\/jpeg\" \/>\n<meta name=\"author\" content=\"Charles Martinez\" \/>\n<meta name=\"twitter:card\" content=\"summary_large_image\" \/>\n<meta name=\"twitter:label1\" content=\"\u00c9crit par\" \/>\n\t<meta name=\"twitter:data1\" content=\"Charles Martinez\" \/>\n\t<meta name=\"twitter:label2\" content=\"Dur\u00e9e de lecture estim\u00e9e\" \/>\n\t<meta name=\"twitter:data2\" content=\"2 minutes\" \/>\n<script type=\"application\/ld+json\" class=\"yoast-schema-graph\">{\"@context\":\"https:\/\/schema.org\",\"@graph\":[{\"@type\":\"Article\",\"@id\":\"https:\/\/rvh-synergie.org\/actualites\/un-cas-preliminaire-de-grippe-aviaire-dans-letat-de-washington-serait-le-premier-aux-etats-unis-depuis-9-mois\/#article\",\"isPartOf\":{\"@id\":\"https:\/\/rvh-synergie.org\/actualites\/un-cas-preliminaire-de-grippe-aviaire-dans-letat-de-washington-serait-le-premier-aux-etats-unis-depuis-9-mois\/\"},\"author\":{\"name\":\"Charles Martinez\",\"@id\":\"https:\/\/rvh-synergie.org\/actualites\/#\/schema\/person\/aa5ea98671fb4e8620f488a0795d2560\"},\"headline\":\"Un cas pr\u00e9liminaire de grippe aviaire dans l&rsquo;\u00c9tat de Washington serait le premier aux \u00c9tats-Unis depuis 9 mois\",\"datePublished\":\"2025-11-14T10:49:43+00:00\",\"dateModified\":\"2025-11-14T10:49:50+00:00\",\"mainEntityOfPage\":{\"@id\":\"https:\/\/rvh-synergie.org\/actualites\/un-cas-preliminaire-de-grippe-aviaire-dans-letat-de-washington-serait-le-premier-aux-etats-unis-depuis-9-mois\/\"},\"wordCount\":428,\"publisher\":{\"@id\":\"https:\/\/rvh-synergie.org\/actualites\/#organization\"},\"image\":{\"@id\":\"https:\/\/rvh-synergie.org\/actualites\/un-cas-preliminaire-de-grippe-aviaire-dans-letat-de-washington-serait-le-premier-aux-etats-unis-depuis-9-mois\/#primaryimage\"},\"thumbnailUrl\":\"https:\/\/rvh-synergie.org\/actualites\/wp-content\/uploads\/2025\/11\/1763117384_Un-cas-preliminaire-de-grippe-aviaire-dans-lEtat-de-Washington.jpg\",\"keywords\":[\"aux\",\"aviaire\",\"cas\",\"dans\",\"depuis\",\"\u00c9tatsUnis\",\"grippe\",\"l\u00e9tat\",\"mois\",\"pr\u00e9liminaire\",\"premier\",\"serait\",\"Washington\"],\"articleSection\":[\"Les maladies\"],\"inLanguage\":\"fr-FR\"},{\"@type\":\"WebPage\",\"@id\":\"https:\/\/rvh-synergie.org\/actualites\/un-cas-preliminaire-de-grippe-aviaire-dans-letat-de-washington-serait-le-premier-aux-etats-unis-depuis-9-mois\/\",\"url\":\"https:\/\/rvh-synergie.org\/actualites\/un-cas-preliminaire-de-grippe-aviaire-dans-letat-de-washington-serait-le-premier-aux-etats-unis-depuis-9-mois\/\",\"name\":\"Un cas pr\u00e9liminaire de grippe aviaire dans l'\u00c9tat de Washington serait le premier aux \u00c9tats-Unis depuis 9 mois - RVH-Synergie.org\",\"isPartOf\":{\"@id\":\"https:\/\/rvh-synergie.org\/actualites\/#website\"},\"primaryImageOfPage\":{\"@id\":\"https:\/\/rvh-synergie.org\/actualites\/un-cas-preliminaire-de-grippe-aviaire-dans-letat-de-washington-serait-le-premier-aux-etats-unis-depuis-9-mois\/#primaryimage\"},\"image\":{\"@id\":\"https:\/\/rvh-synergie.org\/actualites\/un-cas-preliminaire-de-grippe-aviaire-dans-letat-de-washington-serait-le-premier-aux-etats-unis-depuis-9-mois\/#primaryimage\"},\"thumbnailUrl\":\"https:\/\/rvh-synergie.org\/actualites\/wp-content\/uploads\/2025\/11\/1763117384_Un-cas-preliminaire-de-grippe-aviaire-dans-lEtat-de-Washington.jpg\",\"datePublished\":\"2025-11-14T10:49:43+00:00\",\"dateModified\":\"2025-11-14T10:49:50+00:00\",\"breadcrumb\":{\"@id\":\"https:\/\/rvh-synergie.org\/actualites\/un-cas-preliminaire-de-grippe-aviaire-dans-letat-de-washington-serait-le-premier-aux-etats-unis-depuis-9-mois\/#breadcrumb\"},\"inLanguage\":\"fr-FR\",\"potentialAction\":[{\"@type\":\"ReadAction\",\"target\":[\"https:\/\/rvh-synergie.org\/actualites\/un-cas-preliminaire-de-grippe-aviaire-dans-letat-de-washington-serait-le-premier-aux-etats-unis-depuis-9-mois\/\"]}]},{\"@type\":\"ImageObject\",\"inLanguage\":\"fr-FR\",\"@id\":\"https:\/\/rvh-synergie.org\/actualites\/un-cas-preliminaire-de-grippe-aviaire-dans-letat-de-washington-serait-le-premier-aux-etats-unis-depuis-9-mois\/#primaryimage\",\"url\":\"https:\/\/rvh-synergie.org\/actualites\/wp-content\/uploads\/2025\/11\/1763117384_Un-cas-preliminaire-de-grippe-aviaire-dans-lEtat-de-Washington.jpg\",\"contentUrl\":\"https:\/\/rvh-synergie.org\/actualites\/wp-content\/uploads\/2025\/11\/1763117384_Un-cas-preliminaire-de-grippe-aviaire-dans-lEtat-de-Washington.jpg\",\"width\":2500,\"height\":2046,\"caption\":\"Un cas pr\u00e9liminaire de grippe aviaire dans l'\u00c9tat de Washington serait le premier aux \u00c9tats-Unis depuis 9 mois\"},{\"@type\":\"BreadcrumbList\",\"@id\":\"https:\/\/rvh-synergie.org\/actualites\/un-cas-preliminaire-de-grippe-aviaire-dans-letat-de-washington-serait-le-premier-aux-etats-unis-depuis-9-mois\/#breadcrumb\",\"itemListElement\":[{\"@type\":\"ListItem\",\"position\":1,\"name\":\"Accueil\",\"item\":\"https:\/\/rvh-synergie.org\/actualites\/\"},{\"@type\":\"ListItem\",\"position\":2,\"name\":\"Un cas pr\u00e9liminaire de grippe aviaire dans l&rsquo;\u00c9tat de Washington serait le premier aux \u00c9tats-Unis depuis 9 mois\"}]},{\"@type\":\"WebSite\",\"@id\":\"https:\/\/rvh-synergie.org\/actualites\/#website\",\"url\":\"https:\/\/rvh-synergie.org\/actualites\/\",\"name\":\"RVH-Synergie.org\",\"description\":\"RVH-Synergie, site ind\u00e9pendant d&#039;informations sur la prise en charge des addictions.\",\"publisher\":{\"@id\":\"https:\/\/rvh-synergie.org\/actualites\/#organization\"},\"potentialAction\":[{\"@type\":\"SearchAction\",\"target\":{\"@type\":\"EntryPoint\",\"urlTemplate\":\"https:\/\/rvh-synergie.org\/actualites\/?s={search_term_string}\"},\"query-input\":{\"@type\":\"PropertyValueSpecification\",\"valueRequired\":true,\"valueName\":\"search_term_string\"}}],\"inLanguage\":\"fr-FR\"},{\"@type\":\"Organization\",\"@id\":\"https:\/\/rvh-synergie.org\/actualites\/#organization\",\"name\":\"RVH-Synergie.org\",\"url\":\"https:\/\/rvh-synergie.org\/actualites\/\",\"logo\":{\"@type\":\"ImageObject\",\"inLanguage\":\"fr-FR\",\"@id\":\"https:\/\/rvh-synergie.org\/actualites\/#\/schema\/logo\/image\/\",\"url\":\"https:\/\/rvh-synergie.org\/actualites\/wp-content\/uploads\/2024\/09\/favicon.png\",\"contentUrl\":\"https:\/\/rvh-synergie.org\/actualites\/wp-content\/uploads\/2024\/09\/favicon.png\",\"width\":512,\"height\":512,\"caption\":\"RVH-Synergie.org\"},\"image\":{\"@id\":\"https:\/\/rvh-synergie.org\/actualites\/#\/schema\/logo\/image\/\"}},{\"@type\":\"Person\",\"@id\":\"https:\/\/rvh-synergie.org\/actualites\/#\/schema\/person\/aa5ea98671fb4e8620f488a0795d2560\",\"name\":\"Charles Martinez\",\"image\":{\"@type\":\"ImageObject\",\"inLanguage\":\"fr-FR\",\"@id\":\"https:\/\/rvh-synergie.org\/actualites\/#\/schema\/person\/image\/\",\"url\":\"https:\/\/rvh-synergie.org\/actualites\/wp-content\/uploads\/2024\/09\/charles-martinez-scaled.jpg\",\"contentUrl\":\"https:\/\/rvh-synergie.org\/actualites\/wp-content\/uploads\/2024\/09\/charles-martinez-scaled.jpg\",\"caption\":\"Charles Martinez\"},\"description\":\"Bonjour, je m'appelle Charles Martinez, r\u00e9dacteur passionn\u00e9 pour le m\u00e9dia RVH-synergie.org, d\u00e9di\u00e9 aux addictions et aux maladies. Depuis plus de dix ans, j'explore et rapporte les histoires poignantes des individus confront\u00e9s \u00e0 ces d\u00e9fis, tout en sensibilisant le public aux traitements novateurs et aux progr\u00e8s scientifiques dans ce domaine. Mon engagement r\u00e9side dans l'espoir de cr\u00e9er une communaut\u00e9 inform\u00e9e et empathique, pr\u00eate \u00e0 soutenir ceux qui luttent contre ces \u00e9preuves.\",\"sameAs\":[\"https:\/\/rvh-synergie.org\/\"]}]}<\/script>\n<!-- \/ Yoast SEO plugin. -->","yoast_head_json":{"title":"Un cas pr\u00e9liminaire de grippe aviaire dans l'\u00c9tat de Washington serait le premier aux \u00c9tats-Unis depuis 9 mois - RVH-Synergie.org","robots":{"index":"index","follow":"follow","max-snippet":"max-snippet:-1","max-image-preview":"max-image-preview:large","max-video-preview":"max-video-preview:-1"},"canonical":"https:\/\/rvh-synergie.org\/actualites\/un-cas-preliminaire-de-grippe-aviaire-dans-letat-de-washington-serait-le-premier-aux-etats-unis-depuis-9-mois\/","og_locale":"fr_FR","og_type":"article","og_title":"Un cas pr\u00e9liminaire de grippe aviaire dans l'\u00c9tat de Washington serait le premier aux \u00c9tats-Unis depuis 9 mois - RVH-Synergie.org","og_description":"Les autorit\u00e9s sanitaires de l&rsquo;\u00c9tat de Washington affirment avoir identifi\u00e9 le premier cas humain de","og_url":"https:\/\/rvh-synergie.org\/actualites\/un-cas-preliminaire-de-grippe-aviaire-dans-letat-de-washington-serait-le-premier-aux-etats-unis-depuis-9-mois\/","og_site_name":"RVH-Synergie","article_published_time":"2025-11-14T10:49:43+00:00","article_modified_time":"2025-11-14T10:49:50+00:00","og_image":[{"width":2500,"height":2046,"url":"https:\/\/rvh-synergie.org\/actualites\/wp-content\/uploads\/2025\/11\/1763117384_Un-cas-preliminaire-de-grippe-aviaire-dans-lEtat-de-Washington.jpg","type":"image\/jpeg"}],"author":"Charles Martinez","twitter_card":"summary_large_image","twitter_misc":{"\u00c9crit par":"Charles Martinez","Dur\u00e9e de lecture estim\u00e9e":"2 minutes"},"schema":{"@context":"https:\/\/schema.org","@graph":[{"@type":"Article","@id":"https:\/\/rvh-synergie.org\/actualites\/un-cas-preliminaire-de-grippe-aviaire-dans-letat-de-washington-serait-le-premier-aux-etats-unis-depuis-9-mois\/#article","isPartOf":{"@id":"https:\/\/rvh-synergie.org\/actualites\/un-cas-preliminaire-de-grippe-aviaire-dans-letat-de-washington-serait-le-premier-aux-etats-unis-depuis-9-mois\/"},"author":{"name":"Charles Martinez","@id":"https:\/\/rvh-synergie.org\/actualites\/#\/schema\/person\/aa5ea98671fb4e8620f488a0795d2560"},"headline":"Un cas pr\u00e9liminaire de grippe aviaire dans l&rsquo;\u00c9tat de Washington serait le premier aux \u00c9tats-Unis depuis 9 mois","datePublished":"2025-11-14T10:49:43+00:00","dateModified":"2025-11-14T10:49:50+00:00","mainEntityOfPage":{"@id":"https:\/\/rvh-synergie.org\/actualites\/un-cas-preliminaire-de-grippe-aviaire-dans-letat-de-washington-serait-le-premier-aux-etats-unis-depuis-9-mois\/"},"wordCount":428,"publisher":{"@id":"https:\/\/rvh-synergie.org\/actualites\/#organization"},"image":{"@id":"https:\/\/rvh-synergie.org\/actualites\/un-cas-preliminaire-de-grippe-aviaire-dans-letat-de-washington-serait-le-premier-aux-etats-unis-depuis-9-mois\/#primaryimage"},"thumbnailUrl":"https:\/\/rvh-synergie.org\/actualites\/wp-content\/uploads\/2025\/11\/1763117384_Un-cas-preliminaire-de-grippe-aviaire-dans-lEtat-de-Washington.jpg","keywords":["aux","aviaire","cas","dans","depuis","\u00c9tatsUnis","grippe","l\u00e9tat","mois","pr\u00e9liminaire","premier","serait","Washington"],"articleSection":["Les maladies"],"inLanguage":"fr-FR"},{"@type":"WebPage","@id":"https:\/\/rvh-synergie.org\/actualites\/un-cas-preliminaire-de-grippe-aviaire-dans-letat-de-washington-serait-le-premier-aux-etats-unis-depuis-9-mois\/","url":"https:\/\/rvh-synergie.org\/actualites\/un-cas-preliminaire-de-grippe-aviaire-dans-letat-de-washington-serait-le-premier-aux-etats-unis-depuis-9-mois\/","name":"Un cas pr\u00e9liminaire de grippe aviaire dans l'\u00c9tat de Washington serait le premier aux \u00c9tats-Unis depuis 9 mois - RVH-Synergie.org","isPartOf":{"@id":"https:\/\/rvh-synergie.org\/actualites\/#website"},"primaryImageOfPage":{"@id":"https:\/\/rvh-synergie.org\/actualites\/un-cas-preliminaire-de-grippe-aviaire-dans-letat-de-washington-serait-le-premier-aux-etats-unis-depuis-9-mois\/#primaryimage"},"image":{"@id":"https:\/\/rvh-synergie.org\/actualites\/un-cas-preliminaire-de-grippe-aviaire-dans-letat-de-washington-serait-le-premier-aux-etats-unis-depuis-9-mois\/#primaryimage"},"thumbnailUrl":"https:\/\/rvh-synergie.org\/actualites\/wp-content\/uploads\/2025\/11\/1763117384_Un-cas-preliminaire-de-grippe-aviaire-dans-lEtat-de-Washington.jpg","datePublished":"2025-11-14T10:49:43+00:00","dateModified":"2025-11-14T10:49:50+00:00","breadcrumb":{"@id":"https:\/\/rvh-synergie.org\/actualites\/un-cas-preliminaire-de-grippe-aviaire-dans-letat-de-washington-serait-le-premier-aux-etats-unis-depuis-9-mois\/#breadcrumb"},"inLanguage":"fr-FR","potentialAction":[{"@type":"ReadAction","target":["https:\/\/rvh-synergie.org\/actualites\/un-cas-preliminaire-de-grippe-aviaire-dans-letat-de-washington-serait-le-premier-aux-etats-unis-depuis-9-mois\/"]}]},{"@type":"ImageObject","inLanguage":"fr-FR","@id":"https:\/\/rvh-synergie.org\/actualites\/un-cas-preliminaire-de-grippe-aviaire-dans-letat-de-washington-serait-le-premier-aux-etats-unis-depuis-9-mois\/#primaryimage","url":"https:\/\/rvh-synergie.org\/actualites\/wp-content\/uploads\/2025\/11\/1763117384_Un-cas-preliminaire-de-grippe-aviaire-dans-lEtat-de-Washington.jpg","contentUrl":"https:\/\/rvh-synergie.org\/actualites\/wp-content\/uploads\/2025\/11\/1763117384_Un-cas-preliminaire-de-grippe-aviaire-dans-lEtat-de-Washington.jpg","width":2500,"height":2046,"caption":"Un cas pr\u00e9liminaire de grippe aviaire dans l'\u00c9tat de Washington serait le premier aux \u00c9tats-Unis depuis 9 mois"},{"@type":"BreadcrumbList","@id":"https:\/\/rvh-synergie.org\/actualites\/un-cas-preliminaire-de-grippe-aviaire-dans-letat-de-washington-serait-le-premier-aux-etats-unis-depuis-9-mois\/#breadcrumb","itemListElement":[{"@type":"ListItem","position":1,"name":"Accueil","item":"https:\/\/rvh-synergie.org\/actualites\/"},{"@type":"ListItem","position":2,"name":"Un cas pr\u00e9liminaire de grippe aviaire dans l&rsquo;\u00c9tat de Washington serait le premier aux \u00c9tats-Unis depuis 9 mois"}]},{"@type":"WebSite","@id":"https:\/\/rvh-synergie.org\/actualites\/#website","url":"https:\/\/rvh-synergie.org\/actualites\/","name":"RVH-Synergie.org","description":"RVH-Synergie, site ind\u00e9pendant d&#039;informations sur la prise en charge des addictions.","publisher":{"@id":"https:\/\/rvh-synergie.org\/actualites\/#organization"},"potentialAction":[{"@type":"SearchAction","target":{"@type":"EntryPoint","urlTemplate":"https:\/\/rvh-synergie.org\/actualites\/?s={search_term_string}"},"query-input":{"@type":"PropertyValueSpecification","valueRequired":true,"valueName":"search_term_string"}}],"inLanguage":"fr-FR"},{"@type":"Organization","@id":"https:\/\/rvh-synergie.org\/actualites\/#organization","name":"RVH-Synergie.org","url":"https:\/\/rvh-synergie.org\/actualites\/","logo":{"@type":"ImageObject","inLanguage":"fr-FR","@id":"https:\/\/rvh-synergie.org\/actualites\/#\/schema\/logo\/image\/","url":"https:\/\/rvh-synergie.org\/actualites\/wp-content\/uploads\/2024\/09\/favicon.png","contentUrl":"https:\/\/rvh-synergie.org\/actualites\/wp-content\/uploads\/2024\/09\/favicon.png","width":512,"height":512,"caption":"RVH-Synergie.org"},"image":{"@id":"https:\/\/rvh-synergie.org\/actualites\/#\/schema\/logo\/image\/"}},{"@type":"Person","@id":"https:\/\/rvh-synergie.org\/actualites\/#\/schema\/person\/aa5ea98671fb4e8620f488a0795d2560","name":"Charles Martinez","image":{"@type":"ImageObject","inLanguage":"fr-FR","@id":"https:\/\/rvh-synergie.org\/actualites\/#\/schema\/person\/image\/","url":"https:\/\/rvh-synergie.org\/actualites\/wp-content\/uploads\/2024\/09\/charles-martinez-scaled.jpg","contentUrl":"https:\/\/rvh-synergie.org\/actualites\/wp-content\/uploads\/2024\/09\/charles-martinez-scaled.jpg","caption":"Charles Martinez"},"description":"Bonjour, je m'appelle Charles Martinez, r\u00e9dacteur passionn\u00e9 pour le m\u00e9dia RVH-synergie.org, d\u00e9di\u00e9 aux addictions et aux maladies. Depuis plus de dix ans, j'explore et rapporte les histoires poignantes des individus confront\u00e9s \u00e0 ces d\u00e9fis, tout en sensibilisant le public aux traitements novateurs et aux progr\u00e8s scientifiques dans ce domaine. Mon engagement r\u00e9side dans l'espoir de cr\u00e9er une communaut\u00e9 inform\u00e9e et empathique, pr\u00eate \u00e0 soutenir ceux qui luttent contre ces \u00e9preuves.","sameAs":["https:\/\/rvh-synergie.org\/"]}]}},"_links":{"self":[{"href":"https:\/\/rvh-synergie.org\/actualites\/wp-json\/wp\/v2\/posts\/11715","targetHints":{"allow":["GET"]}}],"collection":[{"href":"https:\/\/rvh-synergie.org\/actualites\/wp-json\/wp\/v2\/posts"}],"about":[{"href":"https:\/\/rvh-synergie.org\/actualites\/wp-json\/wp\/v2\/types\/post"}],"author":[{"embeddable":true,"href":"https:\/\/rvh-synergie.org\/actualites\/wp-json\/wp\/v2\/users\/1"}],"replies":[{"embeddable":true,"href":"https:\/\/rvh-synergie.org\/actualites\/wp-json\/wp\/v2\/comments?post=11715"}],"version-history":[{"count":0,"href":"https:\/\/rvh-synergie.org\/actualites\/wp-json\/wp\/v2\/posts\/11715\/revisions"}],"wp:featuredmedia":[{"embeddable":true,"href":"https:\/\/rvh-synergie.org\/actualites\/wp-json\/wp\/v2\/media\/11716"}],"wp:attachment":[{"href":"https:\/\/rvh-synergie.org\/actualites\/wp-json\/wp\/v2\/media?parent=11715"}],"wp:term":[{"taxonomy":"category","embeddable":true,"href":"https:\/\/rvh-synergie.org\/actualites\/wp-json\/wp\/v2\/categories?post=11715"},{"taxonomy":"post_tag","embeddable":true,"href":"https:\/\/rvh-synergie.org\/actualites\/wp-json\/wp\/v2\/tags?post=11715"}],"curies":[{"name":"wp","href":"https:\/\/api.w.org\/{rel}","templated":true}]}}