{"id":11706,"date":"2025-11-14T03:42:00","date_gmt":"2025-11-14T02:42:00","guid":{"rendered":"https:\/\/rvh-synergie.org\/actualites\/premier-deces-lie-a-une-allergie-a-la-viande-transmise-par-les-tiques\/"},"modified":"2025-11-14T03:42:06","modified_gmt":"2025-11-14T02:42:06","slug":"premier-deces-lie-a-une-allergie-a-la-viande-transmise-par-les-tiques","status":"publish","type":"post","link":"https:\/\/rvh-synergie.org\/actualites\/premier-deces-lie-a-une-allergie-a-la-viande-transmise-par-les-tiques\/","title":{"rendered":"Premier d\u00e9c\u00e8s li\u00e9 \u00e0 une \u00ab allergie \u00e0 la viande \u00bb transmise par les tiques"},"content":{"rendered":"<div>\n<div class=\"article-gallery lightGallery\">\n<div data-thumb=\"https:\/\/scx1.b-cdn.net\/csz\/news\/tmb\/2025\/tick-1.jpg\" data-src=\"https:\/\/scx2.b-cdn.net\/gfx\/news\/hires\/2025\/tick-1.jpg\" data-sub-html=\"Credit: Unsplash\/CC0 Public Domain\">\n<figure class=\"article-img\">\n<\/figure><\/div>\n<\/div>\n<p>Des chercheurs de l&rsquo;\u00c9cole de m\u00e9decine de l&rsquo;Universit\u00e9 de Virginie ont identifi\u00e9 le premier d\u00e9c\u00e8s caus\u00e9 par ce que l&rsquo;on appelle commun\u00e9ment \u00ab l&rsquo;allergie \u00e0 la viande \u00bb transmise par les tiques.<\/p>\n<p>Un homme de 47 ans en bonne sant\u00e9 du New Jersey est d\u00e9c\u00e9d\u00e9 subitement quatre heures apr\u00e8s avoir consomm\u00e9 du b\u0153uf. La cause de sa mort \u00e9tait un myst\u00e8re jusqu&rsquo;\u00e0 ce que Thomas Platts-Mills, MD, Ph.D., d&rsquo;UVA Health, enqu\u00eate. Allergologue de renomm\u00e9e mondiale, Platts-Mills a d\u00e9couvert l&rsquo;allergie et en reste le plus grand expert.<\/p>\n<p>L&rsquo;allergie est caus\u00e9e par la piq\u00fbre de la tique Lone Star. Les morsures peuvent sensibiliser les gens \u00e0 l&rsquo;alpha-gal, un sucre pr\u00e9sent dans la viande des mammif\u00e8res. Les personnes sensibilis\u00e9es au sucre peuvent pr\u00e9senter des sympt\u00f4mes allergiques tels que des \u00e9ruptions cutan\u00e9es, des naus\u00e9es et des vomissements apr\u00e8s avoir mang\u00e9 du b\u0153uf, du porc ou de l&rsquo;agneau. Les chercheurs craignaient qu&rsquo;une anaphylaxie mortelle soit possible dans les cas graves, mais n&rsquo;avaient jusqu&rsquo;\u00e0 pr\u00e9sent pas confirm\u00e9 de d\u00e9c\u00e8s d\u00fb \u00e0 l&rsquo;allergie.<\/p>\n<p>\u00ab\u00a0Les informations importantes pour le public sont les suivantes\u00a0: premi\u00e8rement, des douleurs abdominales s\u00e9v\u00e8res survenant 3 \u00e0 5 heures apr\u00e8s avoir mang\u00e9 du b\u0153uf, du porc ou de l&rsquo;agneau devraient \u00eatre \u00e9tudi\u00e9es comme un \u00e9pisode possible d&rsquo;anaphylaxie\u00a0; et, deuxi\u00e8mement, que les piq\u00fbres de tiques qui d\u00e9mangent pendant plus d&rsquo;une semaine ou que les larves de tiques, souvent appel\u00e9es \u00ab\u00a0ao\u00fbtats\u00a0\u00bb, peuvent induire ou augmenter la sensibilisation \u00e0 la viande d&rsquo;origine mammif\u00e8re\u00a0\u00bb, a d\u00e9clar\u00e9 Platts-Mills, ancien chef de la division de l&rsquo;asthme d&rsquo;UVA Health. Allergie et immunologie clinique.<\/p>\n<p>\u00ab\u00a0D&rsquo;un autre c\u00f4t\u00e9, la plupart des personnes qui ont des \u00e9pisodes d&rsquo;urticaire l\u00e9gers \u00e0 mod\u00e9r\u00e9s peuvent contr\u00f4ler leurs sympt\u00f4mes gr\u00e2ce \u00e0 un r\u00e9gime alimentaire appropri\u00e9.\u00a0\u00bb<\/p>\n<h2>\u00c0 propos du d\u00e9c\u00e8s d\u00fb \u00e0 une allergie \u00e0 la viande<\/h2>\n<p>L&rsquo;homme du New Jersey, dont le nom n&rsquo;a pas \u00e9t\u00e9 d\u00e9voil\u00e9, \u00e9tait parti camper avec sa femme et ses enfants \u00e0 l&rsquo;\u00e9t\u00e9 2024. Un soir, ils ont d\u00een\u00e9 un steak tardif \u00e0 22 heures. L&rsquo;homme s&rsquo;est r\u00e9veill\u00e9 \u00e0 2 heures du matin avec de graves douleurs abdominales, de la diarrh\u00e9e et des vomissements. Il s&rsquo;est r\u00e9tabli le matin, mais il a dit \u00e0 son fils qu&rsquo;il pensait qu&rsquo;il allait mourir.<\/p>\n<p>Deux semaines plus tard, ignorant toujours qu&rsquo;il avait contract\u00e9 une allergie \u00e0 la viande, il a mang\u00e9 un hamburger lors d&rsquo;un barbecue. Il a commenc\u00e9 \u00e0 se sentir mal apr\u00e8s 19 heures et son fils l&rsquo;a trouv\u00e9 effondr\u00e9 dans la salle de bain \u00e0 19 h 37.<\/p>\n<p>L&rsquo;autopsie n&rsquo;a pas \u00e9t\u00e9 concluante, la cause \u00e9tant une \u00ab\u00a0mort subite et inexpliqu\u00e9e\u00a0\u00bb.<\/p>\n<p>L\u2019\u00e9pouse de l\u2019homme est cependant rest\u00e9e insatisfaite. Elle a demand\u00e9 \u00e0 un m\u00e9decin d&rsquo;examiner le rapport d&rsquo;autopsie\u00a0; le m\u00e9decin a contact\u00e9 l&rsquo;\u00e9quipe de Platts-Mills pour voir si l&rsquo;alpha-gal aurait pu jouer un r\u00f4le.<\/p>\n<p>Platts-Mills a obtenu des \u00e9chantillons de sang de l&rsquo;homme qui avaient \u00e9t\u00e9 collect\u00e9s post mortem et a d\u00e9couvert qu&rsquo;il avait \u00e9t\u00e9 sensibilis\u00e9 \u00e0 l&rsquo;alpha-gal. De plus, le sang indiquait que l\u2019homme avait eu une r\u00e9action extr\u00eame, conforme \u00e0 ce que l\u2019on observe dans une anaphylaxie mortelle.<\/p>\n<p>Interrog\u00e9e sur ses ant\u00e9c\u00e9dents de piq\u00fbres de tiques, la femme de l&rsquo;homme a r\u00e9pondu qu&rsquo;il n&rsquo;en avait eu aucune l&rsquo;ann\u00e9e derni\u00e8re, mais qu&rsquo;il avait eu 12 ou 13 piq\u00fbres d&rsquo;ao\u00fbtats autour des chevilles cet \u00e9t\u00e9. Platts-Mills s&rsquo;est rendu compte que de nombreuses \u00ab piq\u00fbres d&rsquo;ao\u00fbtats \u00bb dans l&rsquo;est des \u00c9tats-Unis sont en r\u00e9alit\u00e9 des piq\u00fbres de larves de tiques Lone Star.<\/p>\n<p>Platts-Mills et ses coll\u00e8gues soup\u00e7onnent que plusieurs facteurs peuvent avoir contribu\u00e9 \u00e0 la gravit\u00e9 de la r\u00e9action de l&rsquo;homme, notamment le fait de boire une bi\u00e8re avec son hamburger, l&rsquo;exposition au pollen d&rsquo;ambroisie et le fait d&rsquo;avoir fait de l&rsquo;exercice cet apr\u00e8s-midi-l\u00e0. Platts-Mills a not\u00e9 que la famille de l&rsquo;homme a d\u00e9clar\u00e9 qu&rsquo;il mangeait de la viande rouge avec beaucoup de parcimonie.<\/p>\n<p>\u00c0 la suite du d\u00e9c\u00e8s de cet homme, Platts-Mills exhorte les m\u00e9decins \u00e0 \u00eatre \u00e0 l&rsquo;aff\u00fbt des personnes ayant d\u00e9velopp\u00e9 une allergie ou pr\u00e9sentant un risque d&rsquo;exposition. Il a not\u00e9 que la population de cerfs explose dans de nombreux \u00c9tats et que ces animaux constituent un terrain de reproduction privil\u00e9gi\u00e9 pour la tique Lone Star qui propage l&rsquo;allergie.<\/p>\n<p>\u00ab\u00a0Il est important que les m\u00e9decins et les patients qui vivent dans une r\u00e9gion du pays o\u00f9 les tiques Lone Star sont courantes soient conscients du risque de sensibilisation\u00a0\u00bb, a d\u00e9clar\u00e9 Platts-Mills. \u00ab\u00a0Plus pr\u00e9cis\u00e9ment, s&rsquo;ils pr\u00e9sentent des \u00e9pisodes inattendus de douleurs abdominales s\u00e9v\u00e8res survenant plusieurs heures apr\u00e8s avoir mang\u00e9 de la viande de mammif\u00e8re, ils devraient faire l&rsquo;objet d&rsquo;une enqu\u00eate pour une \u00e9ventuelle sensibilisation \u00e0 l&rsquo;oligosaccharide alpha-gal.\u00a0\u00bb<\/p>\n<p>Platts-Mills et ses coll\u00e8gues ont publi\u00e9 les d\u00e9tails de l&rsquo;affaire dans le <i>Journal d&rsquo;allergie et d&rsquo;immunologie clinique\u00a0: en pratique<\/i>. Le document a \u00e9t\u00e9 r\u00e9dig\u00e9 par Platts-Mills, Lisa J. Workman, Nathan E. Richards, Jeffrey M. Wilson et Erin M. McFeely.<\/p>\n<p>Les chercheurs ont obtenu l&rsquo;autorisation de la veuve de l&rsquo;homme avant de publier leurs conclusions.<\/p>\n<p>                                        <!-- print only --><\/p><\/div>\n","protected":false},"excerpt":{"rendered":"<p>Des chercheurs de l&rsquo;\u00c9cole de m\u00e9decine de l&rsquo;Universit\u00e9 de Virginie ont identifi\u00e9 le premier d\u00e9c\u00e8s<\/p>\n","protected":false},"author":1,"featured_media":11707,"comment_status":"closed","ping_status":"","sticky":false,"template":"","format":"standard","meta":{"footnotes":""},"categories":[86],"tags":[4599,301,49,954,540,322,1474,2878,47,1809],"class_list":["post-11706","post","type-post","status-publish","format-standard","has-post-thumbnail","hentry","category-les-maladies","tag-allergie","tag-deces","tag-les","tag-lie","tag-par","tag-premier","tag-tiques","tag-transmise","tag-une","tag-viande","generate-columns","tablet-grid-50","mobile-grid-100","grid-parent","grid-50","resize-featured-image"],"yoast_head":"<!-- This site is optimized with the Yoast SEO plugin v23.4 - https:\/\/yoast.com\/wordpress\/plugins\/seo\/ -->\n<title>Premier d\u00e9c\u00e8s li\u00e9 \u00e0 une \u00ab allergie \u00e0 la viande \u00bb transmise par les tiques - RVH-Synergie.org<\/title>\n<meta name=\"robots\" content=\"index, follow, max-snippet:-1, max-image-preview:large, max-video-preview:-1\" \/>\n<link rel=\"canonical\" href=\"https:\/\/rvh-synergie.org\/actualites\/premier-deces-lie-a-une-allergie-a-la-viande-transmise-par-les-tiques\/\" \/>\n<meta property=\"og:locale\" content=\"fr_FR\" \/>\n<meta property=\"og:type\" content=\"article\" \/>\n<meta property=\"og:title\" content=\"Premier d\u00e9c\u00e8s li\u00e9 \u00e0 une \u00ab allergie \u00e0 la viande \u00bb transmise par les tiques - RVH-Synergie.org\" \/>\n<meta property=\"og:description\" content=\"Des chercheurs de l&rsquo;\u00c9cole de m\u00e9decine de l&rsquo;Universit\u00e9 de Virginie ont identifi\u00e9 le premier d\u00e9c\u00e8s\" \/>\n<meta property=\"og:url\" content=\"https:\/\/rvh-synergie.org\/actualites\/premier-deces-lie-a-une-allergie-a-la-viande-transmise-par-les-tiques\/\" \/>\n<meta property=\"og:site_name\" content=\"RVH-Synergie\" \/>\n<meta property=\"article:published_time\" content=\"2025-11-14T02:42:00+00:00\" \/>\n<meta property=\"article:modified_time\" content=\"2025-11-14T02:42:06+00:00\" \/>\n<meta property=\"og:image\" content=\"https:\/\/rvh-synergie.org\/actualites\/wp-content\/uploads\/2025\/11\/1763088120_Premier-deces-lie-a-une-allergie-a-la-viande-scaled.jpg\" \/>\n\t<meta property=\"og:image:width\" content=\"2560\" \/>\n\t<meta property=\"og:image:height\" content=\"1707\" \/>\n\t<meta property=\"og:image:type\" content=\"image\/jpeg\" \/>\n<meta name=\"author\" content=\"Charles Martinez\" \/>\n<meta name=\"twitter:card\" content=\"summary_large_image\" \/>\n<meta name=\"twitter:label1\" content=\"\u00c9crit par\" \/>\n\t<meta name=\"twitter:data1\" content=\"Charles Martinez\" \/>\n\t<meta name=\"twitter:label2\" content=\"Dur\u00e9e de lecture estim\u00e9e\" \/>\n\t<meta name=\"twitter:data2\" content=\"4 minutes\" \/>\n<script type=\"application\/ld+json\" class=\"yoast-schema-graph\">{\"@context\":\"https:\/\/schema.org\",\"@graph\":[{\"@type\":\"Article\",\"@id\":\"https:\/\/rvh-synergie.org\/actualites\/premier-deces-lie-a-une-allergie-a-la-viande-transmise-par-les-tiques\/#article\",\"isPartOf\":{\"@id\":\"https:\/\/rvh-synergie.org\/actualites\/premier-deces-lie-a-une-allergie-a-la-viande-transmise-par-les-tiques\/\"},\"author\":{\"name\":\"Charles Martinez\",\"@id\":\"https:\/\/rvh-synergie.org\/actualites\/#\/schema\/person\/aa5ea98671fb4e8620f488a0795d2560\"},\"headline\":\"Premier d\u00e9c\u00e8s li\u00e9 \u00e0 une \u00ab allergie \u00e0 la viande \u00bb transmise par les tiques\",\"datePublished\":\"2025-11-14T02:42:00+00:00\",\"dateModified\":\"2025-11-14T02:42:06+00:00\",\"mainEntityOfPage\":{\"@id\":\"https:\/\/rvh-synergie.org\/actualites\/premier-deces-lie-a-une-allergie-a-la-viande-transmise-par-les-tiques\/\"},\"wordCount\":949,\"publisher\":{\"@id\":\"https:\/\/rvh-synergie.org\/actualites\/#organization\"},\"image\":{\"@id\":\"https:\/\/rvh-synergie.org\/actualites\/premier-deces-lie-a-une-allergie-a-la-viande-transmise-par-les-tiques\/#primaryimage\"},\"thumbnailUrl\":\"https:\/\/rvh-synergie.org\/actualites\/wp-content\/uploads\/2025\/11\/1763088120_Premier-deces-lie-a-une-allergie-a-la-viande-scaled.jpg\",\"keywords\":[\"Allergie\",\"d\u00e9c\u00e8s\",\"Les\",\"li\u00e9\",\"par\",\"premier\",\"tiques\",\"transmise\",\"une\",\"viande\"],\"articleSection\":[\"Les maladies\"],\"inLanguage\":\"fr-FR\"},{\"@type\":\"WebPage\",\"@id\":\"https:\/\/rvh-synergie.org\/actualites\/premier-deces-lie-a-une-allergie-a-la-viande-transmise-par-les-tiques\/\",\"url\":\"https:\/\/rvh-synergie.org\/actualites\/premier-deces-lie-a-une-allergie-a-la-viande-transmise-par-les-tiques\/\",\"name\":\"Premier d\u00e9c\u00e8s li\u00e9 \u00e0 une \u00ab allergie \u00e0 la viande \u00bb transmise par les tiques - RVH-Synergie.org\",\"isPartOf\":{\"@id\":\"https:\/\/rvh-synergie.org\/actualites\/#website\"},\"primaryImageOfPage\":{\"@id\":\"https:\/\/rvh-synergie.org\/actualites\/premier-deces-lie-a-une-allergie-a-la-viande-transmise-par-les-tiques\/#primaryimage\"},\"image\":{\"@id\":\"https:\/\/rvh-synergie.org\/actualites\/premier-deces-lie-a-une-allergie-a-la-viande-transmise-par-les-tiques\/#primaryimage\"},\"thumbnailUrl\":\"https:\/\/rvh-synergie.org\/actualites\/wp-content\/uploads\/2025\/11\/1763088120_Premier-deces-lie-a-une-allergie-a-la-viande-scaled.jpg\",\"datePublished\":\"2025-11-14T02:42:00+00:00\",\"dateModified\":\"2025-11-14T02:42:06+00:00\",\"breadcrumb\":{\"@id\":\"https:\/\/rvh-synergie.org\/actualites\/premier-deces-lie-a-une-allergie-a-la-viande-transmise-par-les-tiques\/#breadcrumb\"},\"inLanguage\":\"fr-FR\",\"potentialAction\":[{\"@type\":\"ReadAction\",\"target\":[\"https:\/\/rvh-synergie.org\/actualites\/premier-deces-lie-a-une-allergie-a-la-viande-transmise-par-les-tiques\/\"]}]},{\"@type\":\"ImageObject\",\"inLanguage\":\"fr-FR\",\"@id\":\"https:\/\/rvh-synergie.org\/actualites\/premier-deces-lie-a-une-allergie-a-la-viande-transmise-par-les-tiques\/#primaryimage\",\"url\":\"https:\/\/rvh-synergie.org\/actualites\/wp-content\/uploads\/2025\/11\/1763088120_Premier-deces-lie-a-une-allergie-a-la-viande-scaled.jpg\",\"contentUrl\":\"https:\/\/rvh-synergie.org\/actualites\/wp-content\/uploads\/2025\/11\/1763088120_Premier-deces-lie-a-une-allergie-a-la-viande-scaled.jpg\",\"width\":2560,\"height\":1707,\"caption\":\"Premier d\u00e9c\u00e8s li\u00e9 \u00e0 une \u00ab allergie \u00e0 la viande \u00bb transmise par les tiques\"},{\"@type\":\"BreadcrumbList\",\"@id\":\"https:\/\/rvh-synergie.org\/actualites\/premier-deces-lie-a-une-allergie-a-la-viande-transmise-par-les-tiques\/#breadcrumb\",\"itemListElement\":[{\"@type\":\"ListItem\",\"position\":1,\"name\":\"Accueil\",\"item\":\"https:\/\/rvh-synergie.org\/actualites\/\"},{\"@type\":\"ListItem\",\"position\":2,\"name\":\"Premier d\u00e9c\u00e8s li\u00e9 \u00e0 une \u00ab allergie \u00e0 la viande \u00bb transmise par les tiques\"}]},{\"@type\":\"WebSite\",\"@id\":\"https:\/\/rvh-synergie.org\/actualites\/#website\",\"url\":\"https:\/\/rvh-synergie.org\/actualites\/\",\"name\":\"RVH-Synergie.org\",\"description\":\"RVH-Synergie, site ind\u00e9pendant d&#039;informations sur la prise en charge des addictions.\",\"publisher\":{\"@id\":\"https:\/\/rvh-synergie.org\/actualites\/#organization\"},\"potentialAction\":[{\"@type\":\"SearchAction\",\"target\":{\"@type\":\"EntryPoint\",\"urlTemplate\":\"https:\/\/rvh-synergie.org\/actualites\/?s={search_term_string}\"},\"query-input\":{\"@type\":\"PropertyValueSpecification\",\"valueRequired\":true,\"valueName\":\"search_term_string\"}}],\"inLanguage\":\"fr-FR\"},{\"@type\":\"Organization\",\"@id\":\"https:\/\/rvh-synergie.org\/actualites\/#organization\",\"name\":\"RVH-Synergie.org\",\"url\":\"https:\/\/rvh-synergie.org\/actualites\/\",\"logo\":{\"@type\":\"ImageObject\",\"inLanguage\":\"fr-FR\",\"@id\":\"https:\/\/rvh-synergie.org\/actualites\/#\/schema\/logo\/image\/\",\"url\":\"https:\/\/rvh-synergie.org\/actualites\/wp-content\/uploads\/2024\/09\/favicon.png\",\"contentUrl\":\"https:\/\/rvh-synergie.org\/actualites\/wp-content\/uploads\/2024\/09\/favicon.png\",\"width\":512,\"height\":512,\"caption\":\"RVH-Synergie.org\"},\"image\":{\"@id\":\"https:\/\/rvh-synergie.org\/actualites\/#\/schema\/logo\/image\/\"}},{\"@type\":\"Person\",\"@id\":\"https:\/\/rvh-synergie.org\/actualites\/#\/schema\/person\/aa5ea98671fb4e8620f488a0795d2560\",\"name\":\"Charles Martinez\",\"image\":{\"@type\":\"ImageObject\",\"inLanguage\":\"fr-FR\",\"@id\":\"https:\/\/rvh-synergie.org\/actualites\/#\/schema\/person\/image\/\",\"url\":\"https:\/\/rvh-synergie.org\/actualites\/wp-content\/uploads\/2024\/09\/charles-martinez-scaled.jpg\",\"contentUrl\":\"https:\/\/rvh-synergie.org\/actualites\/wp-content\/uploads\/2024\/09\/charles-martinez-scaled.jpg\",\"caption\":\"Charles Martinez\"},\"description\":\"Bonjour, je m'appelle Charles Martinez, r\u00e9dacteur passionn\u00e9 pour le m\u00e9dia RVH-synergie.org, d\u00e9di\u00e9 aux addictions et aux maladies. Depuis plus de dix ans, j'explore et rapporte les histoires poignantes des individus confront\u00e9s \u00e0 ces d\u00e9fis, tout en sensibilisant le public aux traitements novateurs et aux progr\u00e8s scientifiques dans ce domaine. Mon engagement r\u00e9side dans l'espoir de cr\u00e9er une communaut\u00e9 inform\u00e9e et empathique, pr\u00eate \u00e0 soutenir ceux qui luttent contre ces \u00e9preuves.\",\"sameAs\":[\"https:\/\/rvh-synergie.org\/\"]}]}<\/script>\n<!-- \/ Yoast SEO plugin. -->","yoast_head_json":{"title":"Premier d\u00e9c\u00e8s li\u00e9 \u00e0 une \u00ab allergie \u00e0 la viande \u00bb transmise par les tiques - RVH-Synergie.org","robots":{"index":"index","follow":"follow","max-snippet":"max-snippet:-1","max-image-preview":"max-image-preview:large","max-video-preview":"max-video-preview:-1"},"canonical":"https:\/\/rvh-synergie.org\/actualites\/premier-deces-lie-a-une-allergie-a-la-viande-transmise-par-les-tiques\/","og_locale":"fr_FR","og_type":"article","og_title":"Premier d\u00e9c\u00e8s li\u00e9 \u00e0 une \u00ab allergie \u00e0 la viande \u00bb transmise par les tiques - RVH-Synergie.org","og_description":"Des chercheurs de l&rsquo;\u00c9cole de m\u00e9decine de l&rsquo;Universit\u00e9 de Virginie ont identifi\u00e9 le premier d\u00e9c\u00e8s","og_url":"https:\/\/rvh-synergie.org\/actualites\/premier-deces-lie-a-une-allergie-a-la-viande-transmise-par-les-tiques\/","og_site_name":"RVH-Synergie","article_published_time":"2025-11-14T02:42:00+00:00","article_modified_time":"2025-11-14T02:42:06+00:00","og_image":[{"width":2560,"height":1707,"url":"https:\/\/rvh-synergie.org\/actualites\/wp-content\/uploads\/2025\/11\/1763088120_Premier-deces-lie-a-une-allergie-a-la-viande-scaled.jpg","type":"image\/jpeg"}],"author":"Charles Martinez","twitter_card":"summary_large_image","twitter_misc":{"\u00c9crit par":"Charles Martinez","Dur\u00e9e de lecture estim\u00e9e":"4 minutes"},"schema":{"@context":"https:\/\/schema.org","@graph":[{"@type":"Article","@id":"https:\/\/rvh-synergie.org\/actualites\/premier-deces-lie-a-une-allergie-a-la-viande-transmise-par-les-tiques\/#article","isPartOf":{"@id":"https:\/\/rvh-synergie.org\/actualites\/premier-deces-lie-a-une-allergie-a-la-viande-transmise-par-les-tiques\/"},"author":{"name":"Charles Martinez","@id":"https:\/\/rvh-synergie.org\/actualites\/#\/schema\/person\/aa5ea98671fb4e8620f488a0795d2560"},"headline":"Premier d\u00e9c\u00e8s li\u00e9 \u00e0 une \u00ab allergie \u00e0 la viande \u00bb transmise par les tiques","datePublished":"2025-11-14T02:42:00+00:00","dateModified":"2025-11-14T02:42:06+00:00","mainEntityOfPage":{"@id":"https:\/\/rvh-synergie.org\/actualites\/premier-deces-lie-a-une-allergie-a-la-viande-transmise-par-les-tiques\/"},"wordCount":949,"publisher":{"@id":"https:\/\/rvh-synergie.org\/actualites\/#organization"},"image":{"@id":"https:\/\/rvh-synergie.org\/actualites\/premier-deces-lie-a-une-allergie-a-la-viande-transmise-par-les-tiques\/#primaryimage"},"thumbnailUrl":"https:\/\/rvh-synergie.org\/actualites\/wp-content\/uploads\/2025\/11\/1763088120_Premier-deces-lie-a-une-allergie-a-la-viande-scaled.jpg","keywords":["Allergie","d\u00e9c\u00e8s","Les","li\u00e9","par","premier","tiques","transmise","une","viande"],"articleSection":["Les maladies"],"inLanguage":"fr-FR"},{"@type":"WebPage","@id":"https:\/\/rvh-synergie.org\/actualites\/premier-deces-lie-a-une-allergie-a-la-viande-transmise-par-les-tiques\/","url":"https:\/\/rvh-synergie.org\/actualites\/premier-deces-lie-a-une-allergie-a-la-viande-transmise-par-les-tiques\/","name":"Premier d\u00e9c\u00e8s li\u00e9 \u00e0 une \u00ab allergie \u00e0 la viande \u00bb transmise par les tiques - RVH-Synergie.org","isPartOf":{"@id":"https:\/\/rvh-synergie.org\/actualites\/#website"},"primaryImageOfPage":{"@id":"https:\/\/rvh-synergie.org\/actualites\/premier-deces-lie-a-une-allergie-a-la-viande-transmise-par-les-tiques\/#primaryimage"},"image":{"@id":"https:\/\/rvh-synergie.org\/actualites\/premier-deces-lie-a-une-allergie-a-la-viande-transmise-par-les-tiques\/#primaryimage"},"thumbnailUrl":"https:\/\/rvh-synergie.org\/actualites\/wp-content\/uploads\/2025\/11\/1763088120_Premier-deces-lie-a-une-allergie-a-la-viande-scaled.jpg","datePublished":"2025-11-14T02:42:00+00:00","dateModified":"2025-11-14T02:42:06+00:00","breadcrumb":{"@id":"https:\/\/rvh-synergie.org\/actualites\/premier-deces-lie-a-une-allergie-a-la-viande-transmise-par-les-tiques\/#breadcrumb"},"inLanguage":"fr-FR","potentialAction":[{"@type":"ReadAction","target":["https:\/\/rvh-synergie.org\/actualites\/premier-deces-lie-a-une-allergie-a-la-viande-transmise-par-les-tiques\/"]}]},{"@type":"ImageObject","inLanguage":"fr-FR","@id":"https:\/\/rvh-synergie.org\/actualites\/premier-deces-lie-a-une-allergie-a-la-viande-transmise-par-les-tiques\/#primaryimage","url":"https:\/\/rvh-synergie.org\/actualites\/wp-content\/uploads\/2025\/11\/1763088120_Premier-deces-lie-a-une-allergie-a-la-viande-scaled.jpg","contentUrl":"https:\/\/rvh-synergie.org\/actualites\/wp-content\/uploads\/2025\/11\/1763088120_Premier-deces-lie-a-une-allergie-a-la-viande-scaled.jpg","width":2560,"height":1707,"caption":"Premier d\u00e9c\u00e8s li\u00e9 \u00e0 une \u00ab allergie \u00e0 la viande \u00bb transmise par les tiques"},{"@type":"BreadcrumbList","@id":"https:\/\/rvh-synergie.org\/actualites\/premier-deces-lie-a-une-allergie-a-la-viande-transmise-par-les-tiques\/#breadcrumb","itemListElement":[{"@type":"ListItem","position":1,"name":"Accueil","item":"https:\/\/rvh-synergie.org\/actualites\/"},{"@type":"ListItem","position":2,"name":"Premier d\u00e9c\u00e8s li\u00e9 \u00e0 une \u00ab allergie \u00e0 la viande \u00bb transmise par les tiques"}]},{"@type":"WebSite","@id":"https:\/\/rvh-synergie.org\/actualites\/#website","url":"https:\/\/rvh-synergie.org\/actualites\/","name":"RVH-Synergie.org","description":"RVH-Synergie, site ind\u00e9pendant d&#039;informations sur la prise en charge des addictions.","publisher":{"@id":"https:\/\/rvh-synergie.org\/actualites\/#organization"},"potentialAction":[{"@type":"SearchAction","target":{"@type":"EntryPoint","urlTemplate":"https:\/\/rvh-synergie.org\/actualites\/?s={search_term_string}"},"query-input":{"@type":"PropertyValueSpecification","valueRequired":true,"valueName":"search_term_string"}}],"inLanguage":"fr-FR"},{"@type":"Organization","@id":"https:\/\/rvh-synergie.org\/actualites\/#organization","name":"RVH-Synergie.org","url":"https:\/\/rvh-synergie.org\/actualites\/","logo":{"@type":"ImageObject","inLanguage":"fr-FR","@id":"https:\/\/rvh-synergie.org\/actualites\/#\/schema\/logo\/image\/","url":"https:\/\/rvh-synergie.org\/actualites\/wp-content\/uploads\/2024\/09\/favicon.png","contentUrl":"https:\/\/rvh-synergie.org\/actualites\/wp-content\/uploads\/2024\/09\/favicon.png","width":512,"height":512,"caption":"RVH-Synergie.org"},"image":{"@id":"https:\/\/rvh-synergie.org\/actualites\/#\/schema\/logo\/image\/"}},{"@type":"Person","@id":"https:\/\/rvh-synergie.org\/actualites\/#\/schema\/person\/aa5ea98671fb4e8620f488a0795d2560","name":"Charles Martinez","image":{"@type":"ImageObject","inLanguage":"fr-FR","@id":"https:\/\/rvh-synergie.org\/actualites\/#\/schema\/person\/image\/","url":"https:\/\/rvh-synergie.org\/actualites\/wp-content\/uploads\/2024\/09\/charles-martinez-scaled.jpg","contentUrl":"https:\/\/rvh-synergie.org\/actualites\/wp-content\/uploads\/2024\/09\/charles-martinez-scaled.jpg","caption":"Charles Martinez"},"description":"Bonjour, je m'appelle Charles Martinez, r\u00e9dacteur passionn\u00e9 pour le m\u00e9dia RVH-synergie.org, d\u00e9di\u00e9 aux addictions et aux maladies. Depuis plus de dix ans, j'explore et rapporte les histoires poignantes des individus confront\u00e9s \u00e0 ces d\u00e9fis, tout en sensibilisant le public aux traitements novateurs et aux progr\u00e8s scientifiques dans ce domaine. Mon engagement r\u00e9side dans l'espoir de cr\u00e9er une communaut\u00e9 inform\u00e9e et empathique, pr\u00eate \u00e0 soutenir ceux qui luttent contre ces \u00e9preuves.","sameAs":["https:\/\/rvh-synergie.org\/"]}]}},"_links":{"self":[{"href":"https:\/\/rvh-synergie.org\/actualites\/wp-json\/wp\/v2\/posts\/11706","targetHints":{"allow":["GET"]}}],"collection":[{"href":"https:\/\/rvh-synergie.org\/actualites\/wp-json\/wp\/v2\/posts"}],"about":[{"href":"https:\/\/rvh-synergie.org\/actualites\/wp-json\/wp\/v2\/types\/post"}],"author":[{"embeddable":true,"href":"https:\/\/rvh-synergie.org\/actualites\/wp-json\/wp\/v2\/users\/1"}],"replies":[{"embeddable":true,"href":"https:\/\/rvh-synergie.org\/actualites\/wp-json\/wp\/v2\/comments?post=11706"}],"version-history":[{"count":0,"href":"https:\/\/rvh-synergie.org\/actualites\/wp-json\/wp\/v2\/posts\/11706\/revisions"}],"wp:featuredmedia":[{"embeddable":true,"href":"https:\/\/rvh-synergie.org\/actualites\/wp-json\/wp\/v2\/media\/11707"}],"wp:attachment":[{"href":"https:\/\/rvh-synergie.org\/actualites\/wp-json\/wp\/v2\/media?parent=11706"}],"wp:term":[{"taxonomy":"category","embeddable":true,"href":"https:\/\/rvh-synergie.org\/actualites\/wp-json\/wp\/v2\/categories?post=11706"},{"taxonomy":"post_tag","embeddable":true,"href":"https:\/\/rvh-synergie.org\/actualites\/wp-json\/wp\/v2\/tags?post=11706"}],"curies":[{"name":"wp","href":"https:\/\/api.w.org\/{rel}","templated":true}]}}