{"id":11700,"date":"2025-11-14T00:59:43","date_gmt":"2025-11-13T23:59:43","guid":{"rendered":"https:\/\/rvh-synergie.org\/actualites\/le-rapport-de-la-cop30-revele-comment-le-changement-climatique-propage-les-maladies-infectieuses-a-de-nouvelles-regions\/"},"modified":"2025-11-14T00:59:45","modified_gmt":"2025-11-13T23:59:45","slug":"le-rapport-de-la-cop30-revele-comment-le-changement-climatique-propage-les-maladies-infectieuses-a-de-nouvelles-regions","status":"publish","type":"post","link":"https:\/\/rvh-synergie.org\/actualites\/le-rapport-de-la-cop30-revele-comment-le-changement-climatique-propage-les-maladies-infectieuses-a-de-nouvelles-regions\/","title":{"rendered":"Le rapport de la COP30 r\u00e9v\u00e8le comment le changement climatique propage les maladies infectieuses \u00e0 de nouvelles r\u00e9gions"},"content":{"rendered":"<div>\n<div class=\"article-gallery lightGallery\">\n<div data-thumb=\"https:\/\/scx1.b-cdn.net\/csz\/news\/tmb\/2024\/virus.jpg\" data-src=\"https:\/\/scx2.b-cdn.net\/gfx\/news\/hires\/2024\/virus.jpg\" data-sub-html=\"Credit: Pixabay\/CC0 Public Domain\">\n<figure class=\"article-img\">\n<\/figure><\/div>\n<\/div>\n<p>La hausse des temp\u00e9ratures, l&rsquo;\u00e9volution des r\u00e9gimes de pr\u00e9cipitations et les \u00e9v\u00e9nements m\u00e9t\u00e9orologiques extr\u00eames cr\u00e9ent des conditions id\u00e9ales pour que les agents pathog\u00e8nes et leurs vecteurs, tels que les moustiques, les moucherons et les tiques, se d\u00e9veloppent.<\/p>\n<p>Ceci est confirm\u00e9 par un r\u00e9cent rapport de la conf\u00e9rence mondiale sur le changement climatique, la COP30. Le rapport a \u00e9t\u00e9 produit par une \u00e9quipe de scientifiques du Sud du consortium Climate Amplified Diseases and Epidemics, qui \u00e9tudie et trouve des moyens de r\u00e9pondre aux maladies infectieuses aggrav\u00e9es par le changement climatique. Il montre comment des maladies mortelles comme le virus du Nil occidental, la dengue et le chikungunya se propagent d\u00e9sormais \u00e0 de nouvelles r\u00e9gions d&rsquo;Afrique et d&rsquo;Europe en raison du changement climatique.<\/p>\n<p>Certains des auteurs du rapport, Tulio de Oliveira, Cheryl Baxter et Ph.D. candidat Maambele Khosa, expliquez ce qui doit \u00eatre fait pour assurer la s\u00e9curit\u00e9 des personnes \u00e0 risque d&rsquo;infection et emp\u00eacher la multiplication des maladies infectieuses.<\/p>\n<h2>Qu\u2019est-ce qui aggrave les risques de maladie dans le contexte du changement climatique ?<\/h2>\n<p>Il existe plusieurs facteurs aggravants. Premi\u00e8rement, les agents pathog\u00e8nes (tels qu\u2019un virus ou une bact\u00e9rie pouvant provoquer une maladie) peuvent s\u2019adapter \u00e0 de nouveaux vecteurs et \u00e0 de nouveaux climats. Cela a \u00e9t\u00e9 r\u00e9cemment observ\u00e9 avec les mutations du virus chikungunya qui ont permis \u00e0 Aedes albopictus \u2013 une esp\u00e8ce de moustique d\u00e9sormais r\u00e9pandue en Asie, en Europe et en Am\u00e9rique du Nord \u2013 de propager plus facilement le virus.<\/p>\n<p>Deuxi\u00e8mement, les \u00e9v\u00e9nements m\u00e9t\u00e9orologiques extr\u00eames comme les s\u00e9cheresses et les inondations perturbent les \u00e9cosyst\u00e8mes et les \u00e9tablissements humains. Ces perturbations permettent \u00e0 des agents pathog\u00e8nes d\u2019origine hydrique tels que Vibrio cholera, responsable du chol\u00e9ra, de se d\u00e9velopper. Les inondations peuvent \u00e9galement accro\u00eetre les sites de reproduction des vecteurs et retarder les interventions de sant\u00e9 publique.<\/p>\n<p>Troisi\u00e8mement, les migrations li\u00e9es au climat poussent des millions de personnes vers des zones surpeupl\u00e9es, sans eau ni toilettes suffisantes. Cela augmente leur exposition aux maladies end\u00e9miques (maladies qui sont syst\u00e9matiquement pr\u00e9sentes dans une zone g\u00e9ographique ou un groupe de population sp\u00e9cifique \u00e0 un rythme attendu et pr\u00e9visible). Cela d\u00e9clenche \u00e9galement la propagation de nouveaux agents pathog\u00e8nes.<\/p>\n<p>Ce probl\u00e8me est particuli\u00e8rement grave en Afrique, o\u00f9 les syst\u00e8mes de sant\u00e9 manquent souvent de ressources et o\u00f9 les populations sont tr\u00e8s vuln\u00e9rables.<\/p>\n<h2>Quelles nouvelles technologies peuvent \u00eatre utilis\u00e9es pour r\u00e9pondre aux \u00e9pid\u00e9mies li\u00e9es au climat ?<\/h2>\n<p>La surveillance et le suivi g\u00e9nomique sont des outils essentiels pour la d\u00e9tection et la r\u00e9ponse pr\u00e9coces. La surveillance g\u00e9nomique permet aux scientifiques de pr\u00e9lever des \u00e9chantillons des premiers cas d&rsquo;\u00e9pid\u00e9mie afin d&rsquo;identifier les virus \u00e9mergents avant qu&rsquo;ils ne provoquent des \u00e9pid\u00e9mies g\u00e9n\u00e9ralis\u00e9es.<\/p>\n<p>En d\u2019autres termes, la surveillance g\u00e9nomique surveille l\u2019\u00e9volution des virus en temps r\u00e9el. Le syst\u00e8me pand\u00e9mique COVID-19, o\u00f9 la g\u00e9nomique a \u00e9t\u00e9 largement utilis\u00e9e pour identifier et caract\u00e9riser les variantes du virus, peut d\u00e9sormais \u00eatre utilis\u00e9 pour surveiller d\u2019autres agents pathog\u00e8nes. Cette approche a \u00e9t\u00e9 utilis\u00e9e avec succ\u00e8s lors de la r\u00e9cente \u00e9pid\u00e9mie de Marburg au Rwanda.<\/p>\n<p>Les donn\u00e9es \u00e9pid\u00e9miologiques et \u00e9cologiques sont utilis\u00e9es pour comprendre o\u00f9 se situent les vecteurs de maladies. L\u2019int\u00e9gration de ces donn\u00e9es aux donn\u00e9es climatiques et g\u00e9nomiques dans les syst\u00e8mes d\u2019alerte pr\u00e9coce peut aider \u00e0 pr\u00e9dire o\u00f9 et quand des \u00e9pid\u00e9mies pourraient survenir. Par exemple, une analyse de mod\u00e9lisation r\u00e9cente a identifi\u00e9 l&#8217;emplacement des moucherons qui transmettent le virus Oropouche, puis a combin\u00e9 cela avec des donn\u00e9es environnementales (comme le climat, le sol et l&rsquo;utilisation des terres), et a pu pr\u00e9dire la r\u00e9surgence du virus Oropouche en Amazonie.<\/p>\n<p>L\u2019int\u00e9gration d\u2019\u00e9chantillonnages provenant de l\u2019environnement, des animaux et des humains est connue sous le nom d\u2019approche One Health. Au cours de la derni\u00e8re d\u00e9cennie, cette approche a \u00e9t\u00e9 utilis\u00e9e pour lutter contre le virus de la fi\u00e8vre de la vall\u00e9e du Rift au Kenya.<\/p>\n<h2>Si rien n\u2019est fait, que pourrait-il se passer ?<\/h2>\n<p>En Afrique, les migrations li\u00e9es au climat devraient entra\u00eener le d\u00e9placement de jusqu\u2019\u00e0 113 millions de personnes d\u2019ici 2050. Sans une pr\u00e9paration solide, les syst\u00e8mes de sant\u00e9 africains seront mis \u00e0 rude \u00e9preuve. En effet, les migrants climatiques, qui ont souvent tout perdu, s\u2019installent g\u00e9n\u00e9ralement dans des zones o\u00f9 les infrastructures de sant\u00e9 sont limit\u00e9es, o\u00f9 les conditions sanitaires sont m\u00e9diocres et o\u00f9 la pr\u00e9valence des maladies infectieuses est \u00e9lev\u00e9e. Cela rend les \u00e9pid\u00e9mies plus probables.<\/p>\n<p>Les mouvements de personnes peuvent \u00e9galement propager des agents pathog\u00e8nes vers de nouvelles r\u00e9gions. Diff\u00e9rents pays doivent coordonner leur r\u00e9ponse en tant que r\u00e9gions et investir dans la pr\u00e9paration de leurs syst\u00e8mes de sant\u00e9 aux \u00e9pid\u00e9mies de maladies li\u00e9es au climat. Dans le cas contraire, ces pressions pourraient conduire \u00e0 de fr\u00e9quentes \u00e9pid\u00e9mies. Les migrants climatiques qui ont moins acc\u00e8s aux soins seront les plus touch\u00e9s.<\/p>\n<h2>Que doit-il se passer ensuite\u00a0?<\/h2>\n<p>Les gouvernements doivent donner la priorit\u00e9 \u00e0 la construction de syst\u00e8mes de sant\u00e9 capables de r\u00e9sister et de r\u00e9pondre aux chocs li\u00e9s au climat tels que les inondations, les incendies de for\u00eat et la chaleur extr\u00eame.<\/p>\n<p>Les gouvernements doivent \u00e9galement veiller \u00e0 ce que chacun ait un acc\u00e8s \u00e9gal aux vaccins et aux diagnostics. Ils doivent investir dans la surveillance communautaire. C\u2019est l\u00e0 que la population locale remarque et signale les \u00e9pid\u00e9mies afin qu\u2019une action rapide puisse \u00eatre prise.<\/p>\n<p>Il est tr\u00e8s important qu\u2019un diagnostic de maladie \u00e0 faible co\u00fbt soit disponible dans tous les centres de sant\u00e9 ou cliniques locales, m\u00eame dans les zones rurales, et pas seulement dans les grands h\u00f4pitaux. Par exemple, pendant la pand\u00e9mie de COVID-19, les gens pouvaient se tester eux-m\u00eames pour le virus \u00e0 un co\u00fbt minime.<\/p>\n<p>Un financement durable et continu est essentiel pour soutenir la recherche, le renforcement des capacit\u00e9s et les interventions de sant\u00e9 publique. La coop\u00e9ration r\u00e9gionale est \u00e9galement essentielle pour partager des donn\u00e9es, coordonner les r\u00e9ponses et g\u00e9rer les flux migratoires. Cela peut aider \u00e0 contenir les \u00e9pid\u00e9mies et \u00e0 soutenir l\u2019adaptation.<\/p>\n<p>Le 13 novembre 2025, la Journ\u00e9e de la Sant\u00e9 COP30 promouvra la coop\u00e9ration r\u00e9gionale en pr\u00e9sentant le Plan d&rsquo;action sant\u00e9 de Bel\u00e9m. Ce plan soutient la mise en \u0153uvre des recommandations de notre rapport. Cela comprend l\u2019augmentation de la surveillance et du suivi, des politiques et strat\u00e9gies fond\u00e9es sur des donn\u00e9es probantes, le renforcement des capacit\u00e9s et l\u2019innovation. Nous exhortons les gouvernements \u00e0 profiter de la COP30 pour faire avancer l\u2019agenda climatique et sanitaire.<\/p>\n<p>La lutte contre les maladies amplifi\u00e9es par le climat est importante non seulement pour la sant\u00e9, mais aussi pour la justice climatique. Les pays du Sud, m\u00eame s\u2019ils contribuent le moins au changement climatique, en supportent le plus lourd fardeau. Les gouvernements et les industries priv\u00e9es qui contribuent le plus au changement climatique devraient \u00eatre tenus responsables. Ils doivent apporter leur juste part \u00e0 la r\u00e9ponse aux maladies climatiques.<\/p>\n<p>                                        <!-- print only --><\/p><\/div>\n","protected":false},"excerpt":{"rendered":"<p>La hausse des temp\u00e9ratures, l&rsquo;\u00e9volution des r\u00e9gimes de pr\u00e9cipitations et les \u00e9v\u00e9nements m\u00e9t\u00e9orologiques extr\u00eames cr\u00e9ent<\/p>\n","protected":false},"author":1,"featured_media":11701,"comment_status":"closed","ping_status":"","sticky":false,"template":"","format":"standard","meta":{"footnotes":""},"categories":[86],"tags":[761,775,182,7670,1591,49,404,1189,1582,257,1400,157],"class_list":["post-11700","post","type-post","status-publish","format-standard","has-post-thumbnail","hentry","category-les-maladies","tag-changement","tag-climatique","tag-comment","tag-cop30","tag-infectieuses","tag-les","tag-maladies","tag-nouvelles","tag-propage","tag-rapport","tag-regions","tag-revele","generate-columns","tablet-grid-50","mobile-grid-100","grid-parent","grid-50","resize-featured-image"],"yoast_head":"<!-- This site is optimized with the Yoast SEO plugin v23.4 - https:\/\/yoast.com\/wordpress\/plugins\/seo\/ -->\n<title>Le rapport de la COP30 r\u00e9v\u00e8le comment le changement climatique propage les maladies infectieuses \u00e0 de nouvelles r\u00e9gions - RVH-Synergie.org<\/title>\n<meta name=\"robots\" content=\"index, follow, max-snippet:-1, max-image-preview:large, max-video-preview:-1\" \/>\n<link rel=\"canonical\" href=\"https:\/\/rvh-synergie.org\/actualites\/le-rapport-de-la-cop30-revele-comment-le-changement-climatique-propage-les-maladies-infectieuses-a-de-nouvelles-regions\/\" \/>\n<meta property=\"og:locale\" content=\"fr_FR\" \/>\n<meta property=\"og:type\" content=\"article\" \/>\n<meta property=\"og:title\" content=\"Le rapport de la COP30 r\u00e9v\u00e8le comment le changement climatique propage les maladies infectieuses \u00e0 de nouvelles r\u00e9gions - RVH-Synergie.org\" \/>\n<meta property=\"og:description\" content=\"La hausse des temp\u00e9ratures, l&rsquo;\u00e9volution des r\u00e9gimes de pr\u00e9cipitations et les \u00e9v\u00e9nements m\u00e9t\u00e9orologiques extr\u00eames cr\u00e9ent\" \/>\n<meta property=\"og:url\" content=\"https:\/\/rvh-synergie.org\/actualites\/le-rapport-de-la-cop30-revele-comment-le-changement-climatique-propage-les-maladies-infectieuses-a-de-nouvelles-regions\/\" \/>\n<meta property=\"og:site_name\" content=\"RVH-Synergie\" \/>\n<meta property=\"article:published_time\" content=\"2025-11-13T23:59:43+00:00\" \/>\n<meta property=\"article:modified_time\" content=\"2025-11-13T23:59:45+00:00\" \/>\n<meta property=\"og:image\" content=\"https:\/\/rvh-synergie.org\/actualites\/wp-content\/uploads\/2025\/11\/1763078383_Le-rapport-de-la-COP30-revele-comment-le-changement-climatique.jpg\" \/>\n\t<meta property=\"og:image:width\" content=\"1920\" \/>\n\t<meta property=\"og:image:height\" content=\"1080\" \/>\n\t<meta property=\"og:image:type\" content=\"image\/jpeg\" \/>\n<meta name=\"author\" content=\"Charles Martinez\" \/>\n<meta name=\"twitter:card\" content=\"summary_large_image\" \/>\n<meta name=\"twitter:label1\" content=\"\u00c9crit par\" \/>\n\t<meta name=\"twitter:data1\" content=\"Charles Martinez\" \/>\n\t<meta name=\"twitter:label2\" content=\"Dur\u00e9e de lecture estim\u00e9e\" \/>\n\t<meta name=\"twitter:data2\" content=\"6 minutes\" \/>\n<script type=\"application\/ld+json\" class=\"yoast-schema-graph\">{\"@context\":\"https:\/\/schema.org\",\"@graph\":[{\"@type\":\"Article\",\"@id\":\"https:\/\/rvh-synergie.org\/actualites\/le-rapport-de-la-cop30-revele-comment-le-changement-climatique-propage-les-maladies-infectieuses-a-de-nouvelles-regions\/#article\",\"isPartOf\":{\"@id\":\"https:\/\/rvh-synergie.org\/actualites\/le-rapport-de-la-cop30-revele-comment-le-changement-climatique-propage-les-maladies-infectieuses-a-de-nouvelles-regions\/\"},\"author\":{\"name\":\"Charles Martinez\",\"@id\":\"https:\/\/rvh-synergie.org\/actualites\/#\/schema\/person\/aa5ea98671fb4e8620f488a0795d2560\"},\"headline\":\"Le rapport de la COP30 r\u00e9v\u00e8le comment le changement climatique propage les maladies infectieuses \u00e0 de nouvelles r\u00e9gions\",\"datePublished\":\"2025-11-13T23:59:43+00:00\",\"dateModified\":\"2025-11-13T23:59:45+00:00\",\"mainEntityOfPage\":{\"@id\":\"https:\/\/rvh-synergie.org\/actualites\/le-rapport-de-la-cop30-revele-comment-le-changement-climatique-propage-les-maladies-infectieuses-a-de-nouvelles-regions\/\"},\"wordCount\":1295,\"publisher\":{\"@id\":\"https:\/\/rvh-synergie.org\/actualites\/#organization\"},\"image\":{\"@id\":\"https:\/\/rvh-synergie.org\/actualites\/le-rapport-de-la-cop30-revele-comment-le-changement-climatique-propage-les-maladies-infectieuses-a-de-nouvelles-regions\/#primaryimage\"},\"thumbnailUrl\":\"https:\/\/rvh-synergie.org\/actualites\/wp-content\/uploads\/2025\/11\/1763078383_Le-rapport-de-la-COP30-revele-comment-le-changement-climatique.jpg\",\"keywords\":[\"changement\",\"climatique\",\"comment\",\"COP30\",\"infectieuses\",\"Les\",\"maladies\",\"nouvelles\",\"propage\",\"rapport\",\"r\u00e9gions\",\"r\u00e9v\u00e8le\"],\"articleSection\":[\"Les maladies\"],\"inLanguage\":\"fr-FR\"},{\"@type\":\"WebPage\",\"@id\":\"https:\/\/rvh-synergie.org\/actualites\/le-rapport-de-la-cop30-revele-comment-le-changement-climatique-propage-les-maladies-infectieuses-a-de-nouvelles-regions\/\",\"url\":\"https:\/\/rvh-synergie.org\/actualites\/le-rapport-de-la-cop30-revele-comment-le-changement-climatique-propage-les-maladies-infectieuses-a-de-nouvelles-regions\/\",\"name\":\"Le rapport de la COP30 r\u00e9v\u00e8le comment le changement climatique propage les maladies infectieuses \u00e0 de nouvelles r\u00e9gions - RVH-Synergie.org\",\"isPartOf\":{\"@id\":\"https:\/\/rvh-synergie.org\/actualites\/#website\"},\"primaryImageOfPage\":{\"@id\":\"https:\/\/rvh-synergie.org\/actualites\/le-rapport-de-la-cop30-revele-comment-le-changement-climatique-propage-les-maladies-infectieuses-a-de-nouvelles-regions\/#primaryimage\"},\"image\":{\"@id\":\"https:\/\/rvh-synergie.org\/actualites\/le-rapport-de-la-cop30-revele-comment-le-changement-climatique-propage-les-maladies-infectieuses-a-de-nouvelles-regions\/#primaryimage\"},\"thumbnailUrl\":\"https:\/\/rvh-synergie.org\/actualites\/wp-content\/uploads\/2025\/11\/1763078383_Le-rapport-de-la-COP30-revele-comment-le-changement-climatique.jpg\",\"datePublished\":\"2025-11-13T23:59:43+00:00\",\"dateModified\":\"2025-11-13T23:59:45+00:00\",\"breadcrumb\":{\"@id\":\"https:\/\/rvh-synergie.org\/actualites\/le-rapport-de-la-cop30-revele-comment-le-changement-climatique-propage-les-maladies-infectieuses-a-de-nouvelles-regions\/#breadcrumb\"},\"inLanguage\":\"fr-FR\",\"potentialAction\":[{\"@type\":\"ReadAction\",\"target\":[\"https:\/\/rvh-synergie.org\/actualites\/le-rapport-de-la-cop30-revele-comment-le-changement-climatique-propage-les-maladies-infectieuses-a-de-nouvelles-regions\/\"]}]},{\"@type\":\"ImageObject\",\"inLanguage\":\"fr-FR\",\"@id\":\"https:\/\/rvh-synergie.org\/actualites\/le-rapport-de-la-cop30-revele-comment-le-changement-climatique-propage-les-maladies-infectieuses-a-de-nouvelles-regions\/#primaryimage\",\"url\":\"https:\/\/rvh-synergie.org\/actualites\/wp-content\/uploads\/2025\/11\/1763078383_Le-rapport-de-la-COP30-revele-comment-le-changement-climatique.jpg\",\"contentUrl\":\"https:\/\/rvh-synergie.org\/actualites\/wp-content\/uploads\/2025\/11\/1763078383_Le-rapport-de-la-COP30-revele-comment-le-changement-climatique.jpg\",\"width\":1920,\"height\":1080,\"caption\":\"Le rapport de la COP30 r\u00e9v\u00e8le comment le changement climatique propage les maladies infectieuses \u00e0 de nouvelles r\u00e9gions\"},{\"@type\":\"BreadcrumbList\",\"@id\":\"https:\/\/rvh-synergie.org\/actualites\/le-rapport-de-la-cop30-revele-comment-le-changement-climatique-propage-les-maladies-infectieuses-a-de-nouvelles-regions\/#breadcrumb\",\"itemListElement\":[{\"@type\":\"ListItem\",\"position\":1,\"name\":\"Accueil\",\"item\":\"https:\/\/rvh-synergie.org\/actualites\/\"},{\"@type\":\"ListItem\",\"position\":2,\"name\":\"Le rapport de la COP30 r\u00e9v\u00e8le comment le changement climatique propage les maladies infectieuses \u00e0 de nouvelles r\u00e9gions\"}]},{\"@type\":\"WebSite\",\"@id\":\"https:\/\/rvh-synergie.org\/actualites\/#website\",\"url\":\"https:\/\/rvh-synergie.org\/actualites\/\",\"name\":\"RVH-Synergie.org\",\"description\":\"RVH-Synergie, site ind\u00e9pendant d&#039;informations sur la prise en charge des addictions.\",\"publisher\":{\"@id\":\"https:\/\/rvh-synergie.org\/actualites\/#organization\"},\"potentialAction\":[{\"@type\":\"SearchAction\",\"target\":{\"@type\":\"EntryPoint\",\"urlTemplate\":\"https:\/\/rvh-synergie.org\/actualites\/?s={search_term_string}\"},\"query-input\":{\"@type\":\"PropertyValueSpecification\",\"valueRequired\":true,\"valueName\":\"search_term_string\"}}],\"inLanguage\":\"fr-FR\"},{\"@type\":\"Organization\",\"@id\":\"https:\/\/rvh-synergie.org\/actualites\/#organization\",\"name\":\"RVH-Synergie.org\",\"url\":\"https:\/\/rvh-synergie.org\/actualites\/\",\"logo\":{\"@type\":\"ImageObject\",\"inLanguage\":\"fr-FR\",\"@id\":\"https:\/\/rvh-synergie.org\/actualites\/#\/schema\/logo\/image\/\",\"url\":\"https:\/\/rvh-synergie.org\/actualites\/wp-content\/uploads\/2024\/09\/favicon.png\",\"contentUrl\":\"https:\/\/rvh-synergie.org\/actualites\/wp-content\/uploads\/2024\/09\/favicon.png\",\"width\":512,\"height\":512,\"caption\":\"RVH-Synergie.org\"},\"image\":{\"@id\":\"https:\/\/rvh-synergie.org\/actualites\/#\/schema\/logo\/image\/\"}},{\"@type\":\"Person\",\"@id\":\"https:\/\/rvh-synergie.org\/actualites\/#\/schema\/person\/aa5ea98671fb4e8620f488a0795d2560\",\"name\":\"Charles Martinez\",\"image\":{\"@type\":\"ImageObject\",\"inLanguage\":\"fr-FR\",\"@id\":\"https:\/\/rvh-synergie.org\/actualites\/#\/schema\/person\/image\/\",\"url\":\"https:\/\/rvh-synergie.org\/actualites\/wp-content\/uploads\/2024\/09\/charles-martinez-scaled.jpg\",\"contentUrl\":\"https:\/\/rvh-synergie.org\/actualites\/wp-content\/uploads\/2024\/09\/charles-martinez-scaled.jpg\",\"caption\":\"Charles Martinez\"},\"description\":\"Bonjour, je m'appelle Charles Martinez, r\u00e9dacteur passionn\u00e9 pour le m\u00e9dia RVH-synergie.org, d\u00e9di\u00e9 aux addictions et aux maladies. Depuis plus de dix ans, j'explore et rapporte les histoires poignantes des individus confront\u00e9s \u00e0 ces d\u00e9fis, tout en sensibilisant le public aux traitements novateurs et aux progr\u00e8s scientifiques dans ce domaine. Mon engagement r\u00e9side dans l'espoir de cr\u00e9er une communaut\u00e9 inform\u00e9e et empathique, pr\u00eate \u00e0 soutenir ceux qui luttent contre ces \u00e9preuves.\",\"sameAs\":[\"https:\/\/rvh-synergie.org\/\"]}]}<\/script>\n<!-- \/ Yoast SEO plugin. -->","yoast_head_json":{"title":"Le rapport de la COP30 r\u00e9v\u00e8le comment le changement climatique propage les maladies infectieuses \u00e0 de nouvelles r\u00e9gions - RVH-Synergie.org","robots":{"index":"index","follow":"follow","max-snippet":"max-snippet:-1","max-image-preview":"max-image-preview:large","max-video-preview":"max-video-preview:-1"},"canonical":"https:\/\/rvh-synergie.org\/actualites\/le-rapport-de-la-cop30-revele-comment-le-changement-climatique-propage-les-maladies-infectieuses-a-de-nouvelles-regions\/","og_locale":"fr_FR","og_type":"article","og_title":"Le rapport de la COP30 r\u00e9v\u00e8le comment le changement climatique propage les maladies infectieuses \u00e0 de nouvelles r\u00e9gions - RVH-Synergie.org","og_description":"La hausse des temp\u00e9ratures, l&rsquo;\u00e9volution des r\u00e9gimes de pr\u00e9cipitations et les \u00e9v\u00e9nements m\u00e9t\u00e9orologiques extr\u00eames cr\u00e9ent","og_url":"https:\/\/rvh-synergie.org\/actualites\/le-rapport-de-la-cop30-revele-comment-le-changement-climatique-propage-les-maladies-infectieuses-a-de-nouvelles-regions\/","og_site_name":"RVH-Synergie","article_published_time":"2025-11-13T23:59:43+00:00","article_modified_time":"2025-11-13T23:59:45+00:00","og_image":[{"width":1920,"height":1080,"url":"https:\/\/rvh-synergie.org\/actualites\/wp-content\/uploads\/2025\/11\/1763078383_Le-rapport-de-la-COP30-revele-comment-le-changement-climatique.jpg","type":"image\/jpeg"}],"author":"Charles Martinez","twitter_card":"summary_large_image","twitter_misc":{"\u00c9crit par":"Charles Martinez","Dur\u00e9e de lecture estim\u00e9e":"6 minutes"},"schema":{"@context":"https:\/\/schema.org","@graph":[{"@type":"Article","@id":"https:\/\/rvh-synergie.org\/actualites\/le-rapport-de-la-cop30-revele-comment-le-changement-climatique-propage-les-maladies-infectieuses-a-de-nouvelles-regions\/#article","isPartOf":{"@id":"https:\/\/rvh-synergie.org\/actualites\/le-rapport-de-la-cop30-revele-comment-le-changement-climatique-propage-les-maladies-infectieuses-a-de-nouvelles-regions\/"},"author":{"name":"Charles Martinez","@id":"https:\/\/rvh-synergie.org\/actualites\/#\/schema\/person\/aa5ea98671fb4e8620f488a0795d2560"},"headline":"Le rapport de la COP30 r\u00e9v\u00e8le comment le changement climatique propage les maladies infectieuses \u00e0 de nouvelles r\u00e9gions","datePublished":"2025-11-13T23:59:43+00:00","dateModified":"2025-11-13T23:59:45+00:00","mainEntityOfPage":{"@id":"https:\/\/rvh-synergie.org\/actualites\/le-rapport-de-la-cop30-revele-comment-le-changement-climatique-propage-les-maladies-infectieuses-a-de-nouvelles-regions\/"},"wordCount":1295,"publisher":{"@id":"https:\/\/rvh-synergie.org\/actualites\/#organization"},"image":{"@id":"https:\/\/rvh-synergie.org\/actualites\/le-rapport-de-la-cop30-revele-comment-le-changement-climatique-propage-les-maladies-infectieuses-a-de-nouvelles-regions\/#primaryimage"},"thumbnailUrl":"https:\/\/rvh-synergie.org\/actualites\/wp-content\/uploads\/2025\/11\/1763078383_Le-rapport-de-la-COP30-revele-comment-le-changement-climatique.jpg","keywords":["changement","climatique","comment","COP30","infectieuses","Les","maladies","nouvelles","propage","rapport","r\u00e9gions","r\u00e9v\u00e8le"],"articleSection":["Les maladies"],"inLanguage":"fr-FR"},{"@type":"WebPage","@id":"https:\/\/rvh-synergie.org\/actualites\/le-rapport-de-la-cop30-revele-comment-le-changement-climatique-propage-les-maladies-infectieuses-a-de-nouvelles-regions\/","url":"https:\/\/rvh-synergie.org\/actualites\/le-rapport-de-la-cop30-revele-comment-le-changement-climatique-propage-les-maladies-infectieuses-a-de-nouvelles-regions\/","name":"Le rapport de la COP30 r\u00e9v\u00e8le comment le changement climatique propage les maladies infectieuses \u00e0 de nouvelles r\u00e9gions - RVH-Synergie.org","isPartOf":{"@id":"https:\/\/rvh-synergie.org\/actualites\/#website"},"primaryImageOfPage":{"@id":"https:\/\/rvh-synergie.org\/actualites\/le-rapport-de-la-cop30-revele-comment-le-changement-climatique-propage-les-maladies-infectieuses-a-de-nouvelles-regions\/#primaryimage"},"image":{"@id":"https:\/\/rvh-synergie.org\/actualites\/le-rapport-de-la-cop30-revele-comment-le-changement-climatique-propage-les-maladies-infectieuses-a-de-nouvelles-regions\/#primaryimage"},"thumbnailUrl":"https:\/\/rvh-synergie.org\/actualites\/wp-content\/uploads\/2025\/11\/1763078383_Le-rapport-de-la-COP30-revele-comment-le-changement-climatique.jpg","datePublished":"2025-11-13T23:59:43+00:00","dateModified":"2025-11-13T23:59:45+00:00","breadcrumb":{"@id":"https:\/\/rvh-synergie.org\/actualites\/le-rapport-de-la-cop30-revele-comment-le-changement-climatique-propage-les-maladies-infectieuses-a-de-nouvelles-regions\/#breadcrumb"},"inLanguage":"fr-FR","potentialAction":[{"@type":"ReadAction","target":["https:\/\/rvh-synergie.org\/actualites\/le-rapport-de-la-cop30-revele-comment-le-changement-climatique-propage-les-maladies-infectieuses-a-de-nouvelles-regions\/"]}]},{"@type":"ImageObject","inLanguage":"fr-FR","@id":"https:\/\/rvh-synergie.org\/actualites\/le-rapport-de-la-cop30-revele-comment-le-changement-climatique-propage-les-maladies-infectieuses-a-de-nouvelles-regions\/#primaryimage","url":"https:\/\/rvh-synergie.org\/actualites\/wp-content\/uploads\/2025\/11\/1763078383_Le-rapport-de-la-COP30-revele-comment-le-changement-climatique.jpg","contentUrl":"https:\/\/rvh-synergie.org\/actualites\/wp-content\/uploads\/2025\/11\/1763078383_Le-rapport-de-la-COP30-revele-comment-le-changement-climatique.jpg","width":1920,"height":1080,"caption":"Le rapport de la COP30 r\u00e9v\u00e8le comment le changement climatique propage les maladies infectieuses \u00e0 de nouvelles r\u00e9gions"},{"@type":"BreadcrumbList","@id":"https:\/\/rvh-synergie.org\/actualites\/le-rapport-de-la-cop30-revele-comment-le-changement-climatique-propage-les-maladies-infectieuses-a-de-nouvelles-regions\/#breadcrumb","itemListElement":[{"@type":"ListItem","position":1,"name":"Accueil","item":"https:\/\/rvh-synergie.org\/actualites\/"},{"@type":"ListItem","position":2,"name":"Le rapport de la COP30 r\u00e9v\u00e8le comment le changement climatique propage les maladies infectieuses \u00e0 de nouvelles r\u00e9gions"}]},{"@type":"WebSite","@id":"https:\/\/rvh-synergie.org\/actualites\/#website","url":"https:\/\/rvh-synergie.org\/actualites\/","name":"RVH-Synergie.org","description":"RVH-Synergie, site ind\u00e9pendant d&#039;informations sur la prise en charge des addictions.","publisher":{"@id":"https:\/\/rvh-synergie.org\/actualites\/#organization"},"potentialAction":[{"@type":"SearchAction","target":{"@type":"EntryPoint","urlTemplate":"https:\/\/rvh-synergie.org\/actualites\/?s={search_term_string}"},"query-input":{"@type":"PropertyValueSpecification","valueRequired":true,"valueName":"search_term_string"}}],"inLanguage":"fr-FR"},{"@type":"Organization","@id":"https:\/\/rvh-synergie.org\/actualites\/#organization","name":"RVH-Synergie.org","url":"https:\/\/rvh-synergie.org\/actualites\/","logo":{"@type":"ImageObject","inLanguage":"fr-FR","@id":"https:\/\/rvh-synergie.org\/actualites\/#\/schema\/logo\/image\/","url":"https:\/\/rvh-synergie.org\/actualites\/wp-content\/uploads\/2024\/09\/favicon.png","contentUrl":"https:\/\/rvh-synergie.org\/actualites\/wp-content\/uploads\/2024\/09\/favicon.png","width":512,"height":512,"caption":"RVH-Synergie.org"},"image":{"@id":"https:\/\/rvh-synergie.org\/actualites\/#\/schema\/logo\/image\/"}},{"@type":"Person","@id":"https:\/\/rvh-synergie.org\/actualites\/#\/schema\/person\/aa5ea98671fb4e8620f488a0795d2560","name":"Charles Martinez","image":{"@type":"ImageObject","inLanguage":"fr-FR","@id":"https:\/\/rvh-synergie.org\/actualites\/#\/schema\/person\/image\/","url":"https:\/\/rvh-synergie.org\/actualites\/wp-content\/uploads\/2024\/09\/charles-martinez-scaled.jpg","contentUrl":"https:\/\/rvh-synergie.org\/actualites\/wp-content\/uploads\/2024\/09\/charles-martinez-scaled.jpg","caption":"Charles Martinez"},"description":"Bonjour, je m'appelle Charles Martinez, r\u00e9dacteur passionn\u00e9 pour le m\u00e9dia RVH-synergie.org, d\u00e9di\u00e9 aux addictions et aux maladies. Depuis plus de dix ans, j'explore et rapporte les histoires poignantes des individus confront\u00e9s \u00e0 ces d\u00e9fis, tout en sensibilisant le public aux traitements novateurs et aux progr\u00e8s scientifiques dans ce domaine. Mon engagement r\u00e9side dans l'espoir de cr\u00e9er une communaut\u00e9 inform\u00e9e et empathique, pr\u00eate \u00e0 soutenir ceux qui luttent contre ces \u00e9preuves.","sameAs":["https:\/\/rvh-synergie.org\/"]}]}},"_links":{"self":[{"href":"https:\/\/rvh-synergie.org\/actualites\/wp-json\/wp\/v2\/posts\/11700","targetHints":{"allow":["GET"]}}],"collection":[{"href":"https:\/\/rvh-synergie.org\/actualites\/wp-json\/wp\/v2\/posts"}],"about":[{"href":"https:\/\/rvh-synergie.org\/actualites\/wp-json\/wp\/v2\/types\/post"}],"author":[{"embeddable":true,"href":"https:\/\/rvh-synergie.org\/actualites\/wp-json\/wp\/v2\/users\/1"}],"replies":[{"embeddable":true,"href":"https:\/\/rvh-synergie.org\/actualites\/wp-json\/wp\/v2\/comments?post=11700"}],"version-history":[{"count":0,"href":"https:\/\/rvh-synergie.org\/actualites\/wp-json\/wp\/v2\/posts\/11700\/revisions"}],"wp:featuredmedia":[{"embeddable":true,"href":"https:\/\/rvh-synergie.org\/actualites\/wp-json\/wp\/v2\/media\/11701"}],"wp:attachment":[{"href":"https:\/\/rvh-synergie.org\/actualites\/wp-json\/wp\/v2\/media?parent=11700"}],"wp:term":[{"taxonomy":"category","embeddable":true,"href":"https:\/\/rvh-synergie.org\/actualites\/wp-json\/wp\/v2\/categories?post=11700"},{"taxonomy":"post_tag","embeddable":true,"href":"https:\/\/rvh-synergie.org\/actualites\/wp-json\/wp\/v2\/tags?post=11700"}],"curies":[{"name":"wp","href":"https:\/\/api.w.org\/{rel}","templated":true}]}}