{"id":11688,"date":"2025-11-13T19:35:42","date_gmt":"2025-11-13T18:35:42","guid":{"rendered":"https:\/\/rvh-synergie.org\/actualites\/les-maux-de-tete-touchent-pres-dun-tiers-des-personnes-dans-le-monde\/"},"modified":"2025-11-13T19:35:43","modified_gmt":"2025-11-13T18:35:43","slug":"les-maux-de-tete-touchent-pres-dun-tiers-des-personnes-dans-le-monde","status":"publish","type":"post","link":"https:\/\/rvh-synergie.org\/actualites\/les-maux-de-tete-touchent-pres-dun-tiers-des-personnes-dans-le-monde\/","title":{"rendered":"Les maux de t\u00eate touchent pr\u00e8s d\u2019un tiers des personnes dans le monde"},"content":{"rendered":"<div>\n<div class=\"article-gallery lightGallery\">\n<div data-thumb=\"https:\/\/scx1.b-cdn.net\/csz\/news\/tmb\/2025\/headaches-affect-almos.jpg\" data-src=\"https:\/\/scx2.b-cdn.net\/gfx\/news\/2025\/headaches-affect-almos.jpg\" data-sub-html=\"\">\n<figure class=\"article-img\">\n<\/figure><\/div>\n<\/div>\n<p>Avez-vous r\u00e9guli\u00e8rement des migraines ? Si c&rsquo;est le cas, vous avez beaucoup de compagnie.<\/p>\n<p>Pr\u00e8s d&rsquo;une personne sur trois dans le monde souffre de maux de t\u00eate, touchant pr\u00e8s de 3 milliards de personnes, rapportent des chercheurs dans le num\u00e9ro de d\u00e9cembre de <i>La neurologie du Lancet<\/i>.<\/p>\n<p>C&rsquo;est particuli\u00e8rement mauvais pour les femmes, qui connaissent plus du double des probl\u00e8mes de sant\u00e9 li\u00e9s aux maux de t\u00eate au cours de leur vie que les hommes, ont d\u00e9couvert les chercheurs.<\/p>\n<p>\u00ab\u00a0Les femmes connaissent des niveaux significativement plus \u00e9lev\u00e9s d&rsquo;invalidit\u00e9 li\u00e9e aux maux de t\u00eate parce qu&rsquo;elles ont des maux de t\u00eate plus fr\u00e9quemment et pendant plus longtemps que les hommes\u00a0\u00bb, a d\u00e9clar\u00e9 la chercheuse Yvonne Xu, chercheuse scientifique \u00e0 l&rsquo;Institute for Health Metrics and Evaluation de l&rsquo;Universit\u00e9 de Washington, dans un communiqu\u00e9 de presse.<\/p>\n<p>\u00ab\u00a0Reconna\u00eetre cela est essentiel pour am\u00e9liorer la mani\u00e8re dont nous pr\u00e9venons et g\u00e9rons les c\u00e9phal\u00e9es dans le monde entier\u00a0\u00bb, a ajout\u00e9 Xu.<\/p>\n<p>Pour cette \u00e9tude, les chercheurs ont analys\u00e9 les donn\u00e9es de pr\u00e8s de 42\u00a0000 personnes provenant de 18 pays afin de cr\u00e9er une estimation du fardeau sanitaire mondial caus\u00e9 par les maux de t\u00eate en 2023.<\/p>\n<p>Les r\u00e9sultats ont montr\u00e9 que les maux de t\u00eate se classaient au sixi\u00e8me rang parmi toutes les causes d&rsquo;invalidit\u00e9, avec un taux de 542 ann\u00e9es v\u00e9cues avec une incapacit\u00e9 pour 100 000 personnes. Cette statistique repr\u00e9sente le temps total que les gens passent \u00e0 vivre avec des probl\u00e8mes de sant\u00e9 qui limitent leurs activit\u00e9s quotidiennes et leur bien-\u00eatre.<\/p>\n<p>Le fardeau de l&rsquo;invalidit\u00e9 d\u00fb aux c\u00e9phal\u00e9es \u00e9tait plus de deux fois plus \u00e9lev\u00e9 pour les femmes : 740 ann\u00e9es v\u00e9cues avec un handicap pour 100 000 femmes contre 364 pour 100 000 hommes, selon l&rsquo;\u00e9tude.<\/p>\n<p>Dans tous les groupes d\u2019\u00e2ge, les femmes passent syst\u00e9matiquement plus de temps \u00e0 g\u00e9rer leurs maux de t\u00eate que les hommes, ont d\u00e9couvert les chercheurs.<\/p>\n<p>Les migraines repr\u00e9sentent environ 90 % des ann\u00e9es de handicap li\u00e9es aux c\u00e9phal\u00e9es, m\u00eame si elles sont moins fr\u00e9quentes que les c\u00e9phal\u00e9es de tension, selon les chercheurs.<\/p>\n<p>Les migraines sont \u00e0 l&rsquo;origine d&rsquo;un taux de pr\u00e8s de 488 ann\u00e9es d&rsquo;incapacit\u00e9 pour 100 000 habitants, contre 54 ann\u00e9es d&rsquo;incapacit\u00e9 associ\u00e9es aux c\u00e9phal\u00e9es de tension.<\/p>\n<p>L&rsquo;\u00e9tude indique que les gens aggravent ces maux de t\u00eate en utilisant trop d&rsquo;analg\u00e9siques, ce qui peut provoquer des maux de t\u00eate dus \u00e0 un abus de m\u00e9dicaments.<\/p>\n<p>Selon les chercheurs, la surconsommation de m\u00e9dicaments repr\u00e9sente pr\u00e8s de 23 % des ann\u00e9es v\u00e9cues avec un handicap chez les hommes souffrant de migraine et 14 % chez les femmes souffrant de migraine.<\/p>\n<p>Les chiffres \u00e9taient encore pires pour les c\u00e9phal\u00e9es de tension. Selon l&rsquo;\u00e9tude, la surconsommation de m\u00e9dicaments contribue \u00e0 59 % des ann\u00e9es v\u00e9cues avec un handicap chez les hommes souffrant de c\u00e9phal\u00e9es de tension, et \u00e0 56 % chez les femmes.<\/p>\n<p>\u00ab\u00a0Nos r\u00e9sultats montrent qu&rsquo;une grande partie du fardeau mondial des maux de t\u00eate est \u00e9vitable\u00a0\u00bb, a d\u00e9clar\u00e9 le chercheur principal Andreas Kattem Hus\u00f8y, chercheur postdoctoral en neurom\u00e9decine et sciences du mouvement \u00e0 l&rsquo;Universit\u00e9 norv\u00e9gienne des sciences et technologies, dans un communiqu\u00e9 de presse.<\/p>\n<p>\u00ab\u00a0L&rsquo;int\u00e9gration des services contre les maux de t\u00eate dans les soins primaires, en particulier dans les pays \u00e0 revenu faible ou interm\u00e9diaire o\u00f9 les traitements efficaces restent rares, pourrait r\u00e9duire la perte de productivit\u00e9 et am\u00e9liorer la qualit\u00e9 de vie de centaines de millions de personnes\u00a0\u00bb, a d\u00e9clar\u00e9 Hus\u00f8y.<\/p>\n<p>                                        <!-- print only --><\/p><\/div>\n","protected":false},"excerpt":{"rendered":"<p>Avez-vous r\u00e9guli\u00e8rement des migraines ? Si c&rsquo;est le cas, vous avez beaucoup de compagnie. Pr\u00e8s<\/p>\n","protected":false},"author":1,"featured_media":11689,"comment_status":"closed","ping_status":"","sticky":false,"template":"","format":"standard","meta":{"footnotes":""},"categories":[86],"tags":[44,16,528,49,2673,1482,100,527,3633,593,7650],"class_list":["post-11688","post","type-post","status-publish","format-standard","has-post-thumbnail","hentry","category-les-maladies","tag-dans","tag-des","tag-dun","tag-les","tag-maux","tag-monde","tag-personnes","tag-pres","tag-tete","tag-tiers","tag-touchent","generate-columns","tablet-grid-50","mobile-grid-100","grid-parent","grid-50","resize-featured-image"],"yoast_head":"<!-- This site is optimized with the Yoast SEO plugin v23.4 - https:\/\/yoast.com\/wordpress\/plugins\/seo\/ -->\n<title>Les maux de t\u00eate touchent pr\u00e8s d\u2019un tiers des personnes dans le monde - RVH-Synergie.org<\/title>\n<meta name=\"robots\" content=\"index, follow, max-snippet:-1, max-image-preview:large, max-video-preview:-1\" \/>\n<link rel=\"canonical\" href=\"https:\/\/rvh-synergie.org\/actualites\/les-maux-de-tete-touchent-pres-dun-tiers-des-personnes-dans-le-monde\/\" \/>\n<meta property=\"og:locale\" content=\"fr_FR\" \/>\n<meta property=\"og:type\" content=\"article\" \/>\n<meta property=\"og:title\" content=\"Les maux de t\u00eate touchent pr\u00e8s d\u2019un tiers des personnes dans le monde - RVH-Synergie.org\" \/>\n<meta property=\"og:description\" content=\"Avez-vous r\u00e9guli\u00e8rement des migraines ? Si c&rsquo;est le cas, vous avez beaucoup de compagnie. Pr\u00e8s\" \/>\n<meta property=\"og:url\" content=\"https:\/\/rvh-synergie.org\/actualites\/les-maux-de-tete-touchent-pres-dun-tiers-des-personnes-dans-le-monde\/\" \/>\n<meta property=\"og:site_name\" content=\"RVH-Synergie\" \/>\n<meta property=\"article:published_time\" content=\"2025-11-13T18:35:42+00:00\" \/>\n<meta property=\"article:modified_time\" content=\"2025-11-13T18:35:43+00:00\" \/>\n<meta property=\"og:image\" content=\"https:\/\/rvh-synergie.org\/actualites\/wp-content\/uploads\/2025\/11\/1763058942_Les-maux-de-tete-touchent-pres-dun-tiers-des-personnes.jpg\" \/>\n\t<meta property=\"og:image:width\" content=\"1280\" \/>\n\t<meta property=\"og:image:height\" content=\"853\" \/>\n\t<meta property=\"og:image:type\" content=\"image\/jpeg\" \/>\n<meta name=\"author\" content=\"Charles Martinez\" \/>\n<meta name=\"twitter:card\" content=\"summary_large_image\" \/>\n<meta name=\"twitter:label1\" content=\"\u00c9crit par\" \/>\n\t<meta name=\"twitter:data1\" content=\"Charles Martinez\" \/>\n\t<meta name=\"twitter:label2\" content=\"Dur\u00e9e de lecture estim\u00e9e\" \/>\n\t<meta name=\"twitter:data2\" content=\"3 minutes\" \/>\n<script type=\"application\/ld+json\" class=\"yoast-schema-graph\">{\"@context\":\"https:\/\/schema.org\",\"@graph\":[{\"@type\":\"Article\",\"@id\":\"https:\/\/rvh-synergie.org\/actualites\/les-maux-de-tete-touchent-pres-dun-tiers-des-personnes-dans-le-monde\/#article\",\"isPartOf\":{\"@id\":\"https:\/\/rvh-synergie.org\/actualites\/les-maux-de-tete-touchent-pres-dun-tiers-des-personnes-dans-le-monde\/\"},\"author\":{\"name\":\"Charles Martinez\",\"@id\":\"https:\/\/rvh-synergie.org\/actualites\/#\/schema\/person\/aa5ea98671fb4e8620f488a0795d2560\"},\"headline\":\"Les maux de t\u00eate touchent pr\u00e8s d\u2019un tiers des personnes dans le monde\",\"datePublished\":\"2025-11-13T18:35:42+00:00\",\"dateModified\":\"2025-11-13T18:35:43+00:00\",\"mainEntityOfPage\":{\"@id\":\"https:\/\/rvh-synergie.org\/actualites\/les-maux-de-tete-touchent-pres-dun-tiers-des-personnes-dans-le-monde\/\"},\"wordCount\":645,\"publisher\":{\"@id\":\"https:\/\/rvh-synergie.org\/actualites\/#organization\"},\"image\":{\"@id\":\"https:\/\/rvh-synergie.org\/actualites\/les-maux-de-tete-touchent-pres-dun-tiers-des-personnes-dans-le-monde\/#primaryimage\"},\"thumbnailUrl\":\"https:\/\/rvh-synergie.org\/actualites\/wp-content\/uploads\/2025\/11\/1763058942_Les-maux-de-tete-touchent-pres-dun-tiers-des-personnes.jpg\",\"keywords\":[\"dans\",\"des\",\"dun\",\"Les\",\"maux\",\"monde\",\"personnes\",\"Pr\u00e8s\",\"t\u00eate\",\"tiers\",\"touchent\"],\"articleSection\":[\"Les maladies\"],\"inLanguage\":\"fr-FR\"},{\"@type\":\"WebPage\",\"@id\":\"https:\/\/rvh-synergie.org\/actualites\/les-maux-de-tete-touchent-pres-dun-tiers-des-personnes-dans-le-monde\/\",\"url\":\"https:\/\/rvh-synergie.org\/actualites\/les-maux-de-tete-touchent-pres-dun-tiers-des-personnes-dans-le-monde\/\",\"name\":\"Les maux de t\u00eate touchent pr\u00e8s d\u2019un tiers des personnes dans le monde - RVH-Synergie.org\",\"isPartOf\":{\"@id\":\"https:\/\/rvh-synergie.org\/actualites\/#website\"},\"primaryImageOfPage\":{\"@id\":\"https:\/\/rvh-synergie.org\/actualites\/les-maux-de-tete-touchent-pres-dun-tiers-des-personnes-dans-le-monde\/#primaryimage\"},\"image\":{\"@id\":\"https:\/\/rvh-synergie.org\/actualites\/les-maux-de-tete-touchent-pres-dun-tiers-des-personnes-dans-le-monde\/#primaryimage\"},\"thumbnailUrl\":\"https:\/\/rvh-synergie.org\/actualites\/wp-content\/uploads\/2025\/11\/1763058942_Les-maux-de-tete-touchent-pres-dun-tiers-des-personnes.jpg\",\"datePublished\":\"2025-11-13T18:35:42+00:00\",\"dateModified\":\"2025-11-13T18:35:43+00:00\",\"breadcrumb\":{\"@id\":\"https:\/\/rvh-synergie.org\/actualites\/les-maux-de-tete-touchent-pres-dun-tiers-des-personnes-dans-le-monde\/#breadcrumb\"},\"inLanguage\":\"fr-FR\",\"potentialAction\":[{\"@type\":\"ReadAction\",\"target\":[\"https:\/\/rvh-synergie.org\/actualites\/les-maux-de-tete-touchent-pres-dun-tiers-des-personnes-dans-le-monde\/\"]}]},{\"@type\":\"ImageObject\",\"inLanguage\":\"fr-FR\",\"@id\":\"https:\/\/rvh-synergie.org\/actualites\/les-maux-de-tete-touchent-pres-dun-tiers-des-personnes-dans-le-monde\/#primaryimage\",\"url\":\"https:\/\/rvh-synergie.org\/actualites\/wp-content\/uploads\/2025\/11\/1763058942_Les-maux-de-tete-touchent-pres-dun-tiers-des-personnes.jpg\",\"contentUrl\":\"https:\/\/rvh-synergie.org\/actualites\/wp-content\/uploads\/2025\/11\/1763058942_Les-maux-de-tete-touchent-pres-dun-tiers-des-personnes.jpg\",\"width\":1280,\"height\":853,\"caption\":\"Les maux de t\u00eate touchent pr\u00e8s d\u2019un tiers des personnes dans le monde\"},{\"@type\":\"BreadcrumbList\",\"@id\":\"https:\/\/rvh-synergie.org\/actualites\/les-maux-de-tete-touchent-pres-dun-tiers-des-personnes-dans-le-monde\/#breadcrumb\",\"itemListElement\":[{\"@type\":\"ListItem\",\"position\":1,\"name\":\"Accueil\",\"item\":\"https:\/\/rvh-synergie.org\/actualites\/\"},{\"@type\":\"ListItem\",\"position\":2,\"name\":\"Les maux de t\u00eate touchent pr\u00e8s d\u2019un tiers des personnes dans le monde\"}]},{\"@type\":\"WebSite\",\"@id\":\"https:\/\/rvh-synergie.org\/actualites\/#website\",\"url\":\"https:\/\/rvh-synergie.org\/actualites\/\",\"name\":\"RVH-Synergie.org\",\"description\":\"RVH-Synergie, site ind\u00e9pendant d&#039;informations sur la prise en charge des addictions.\",\"publisher\":{\"@id\":\"https:\/\/rvh-synergie.org\/actualites\/#organization\"},\"potentialAction\":[{\"@type\":\"SearchAction\",\"target\":{\"@type\":\"EntryPoint\",\"urlTemplate\":\"https:\/\/rvh-synergie.org\/actualites\/?s={search_term_string}\"},\"query-input\":{\"@type\":\"PropertyValueSpecification\",\"valueRequired\":true,\"valueName\":\"search_term_string\"}}],\"inLanguage\":\"fr-FR\"},{\"@type\":\"Organization\",\"@id\":\"https:\/\/rvh-synergie.org\/actualites\/#organization\",\"name\":\"RVH-Synergie.org\",\"url\":\"https:\/\/rvh-synergie.org\/actualites\/\",\"logo\":{\"@type\":\"ImageObject\",\"inLanguage\":\"fr-FR\",\"@id\":\"https:\/\/rvh-synergie.org\/actualites\/#\/schema\/logo\/image\/\",\"url\":\"https:\/\/rvh-synergie.org\/actualites\/wp-content\/uploads\/2024\/09\/favicon.png\",\"contentUrl\":\"https:\/\/rvh-synergie.org\/actualites\/wp-content\/uploads\/2024\/09\/favicon.png\",\"width\":512,\"height\":512,\"caption\":\"RVH-Synergie.org\"},\"image\":{\"@id\":\"https:\/\/rvh-synergie.org\/actualites\/#\/schema\/logo\/image\/\"}},{\"@type\":\"Person\",\"@id\":\"https:\/\/rvh-synergie.org\/actualites\/#\/schema\/person\/aa5ea98671fb4e8620f488a0795d2560\",\"name\":\"Charles Martinez\",\"image\":{\"@type\":\"ImageObject\",\"inLanguage\":\"fr-FR\",\"@id\":\"https:\/\/rvh-synergie.org\/actualites\/#\/schema\/person\/image\/\",\"url\":\"https:\/\/rvh-synergie.org\/actualites\/wp-content\/uploads\/2024\/09\/charles-martinez-scaled.jpg\",\"contentUrl\":\"https:\/\/rvh-synergie.org\/actualites\/wp-content\/uploads\/2024\/09\/charles-martinez-scaled.jpg\",\"caption\":\"Charles Martinez\"},\"description\":\"Bonjour, je m'appelle Charles Martinez, r\u00e9dacteur passionn\u00e9 pour le m\u00e9dia RVH-synergie.org, d\u00e9di\u00e9 aux addictions et aux maladies. Depuis plus de dix ans, j'explore et rapporte les histoires poignantes des individus confront\u00e9s \u00e0 ces d\u00e9fis, tout en sensibilisant le public aux traitements novateurs et aux progr\u00e8s scientifiques dans ce domaine. Mon engagement r\u00e9side dans l'espoir de cr\u00e9er une communaut\u00e9 inform\u00e9e et empathique, pr\u00eate \u00e0 soutenir ceux qui luttent contre ces \u00e9preuves.\",\"sameAs\":[\"https:\/\/rvh-synergie.org\/\"]}]}<\/script>\n<!-- \/ Yoast SEO plugin. -->","yoast_head_json":{"title":"Les maux de t\u00eate touchent pr\u00e8s d\u2019un tiers des personnes dans le monde - RVH-Synergie.org","robots":{"index":"index","follow":"follow","max-snippet":"max-snippet:-1","max-image-preview":"max-image-preview:large","max-video-preview":"max-video-preview:-1"},"canonical":"https:\/\/rvh-synergie.org\/actualites\/les-maux-de-tete-touchent-pres-dun-tiers-des-personnes-dans-le-monde\/","og_locale":"fr_FR","og_type":"article","og_title":"Les maux de t\u00eate touchent pr\u00e8s d\u2019un tiers des personnes dans le monde - RVH-Synergie.org","og_description":"Avez-vous r\u00e9guli\u00e8rement des migraines ? Si c&rsquo;est le cas, vous avez beaucoup de compagnie. Pr\u00e8s","og_url":"https:\/\/rvh-synergie.org\/actualites\/les-maux-de-tete-touchent-pres-dun-tiers-des-personnes-dans-le-monde\/","og_site_name":"RVH-Synergie","article_published_time":"2025-11-13T18:35:42+00:00","article_modified_time":"2025-11-13T18:35:43+00:00","og_image":[{"width":1280,"height":853,"url":"https:\/\/rvh-synergie.org\/actualites\/wp-content\/uploads\/2025\/11\/1763058942_Les-maux-de-tete-touchent-pres-dun-tiers-des-personnes.jpg","type":"image\/jpeg"}],"author":"Charles Martinez","twitter_card":"summary_large_image","twitter_misc":{"\u00c9crit par":"Charles Martinez","Dur\u00e9e de lecture estim\u00e9e":"3 minutes"},"schema":{"@context":"https:\/\/schema.org","@graph":[{"@type":"Article","@id":"https:\/\/rvh-synergie.org\/actualites\/les-maux-de-tete-touchent-pres-dun-tiers-des-personnes-dans-le-monde\/#article","isPartOf":{"@id":"https:\/\/rvh-synergie.org\/actualites\/les-maux-de-tete-touchent-pres-dun-tiers-des-personnes-dans-le-monde\/"},"author":{"name":"Charles Martinez","@id":"https:\/\/rvh-synergie.org\/actualites\/#\/schema\/person\/aa5ea98671fb4e8620f488a0795d2560"},"headline":"Les maux de t\u00eate touchent pr\u00e8s d\u2019un tiers des personnes dans le monde","datePublished":"2025-11-13T18:35:42+00:00","dateModified":"2025-11-13T18:35:43+00:00","mainEntityOfPage":{"@id":"https:\/\/rvh-synergie.org\/actualites\/les-maux-de-tete-touchent-pres-dun-tiers-des-personnes-dans-le-monde\/"},"wordCount":645,"publisher":{"@id":"https:\/\/rvh-synergie.org\/actualites\/#organization"},"image":{"@id":"https:\/\/rvh-synergie.org\/actualites\/les-maux-de-tete-touchent-pres-dun-tiers-des-personnes-dans-le-monde\/#primaryimage"},"thumbnailUrl":"https:\/\/rvh-synergie.org\/actualites\/wp-content\/uploads\/2025\/11\/1763058942_Les-maux-de-tete-touchent-pres-dun-tiers-des-personnes.jpg","keywords":["dans","des","dun","Les","maux","monde","personnes","Pr\u00e8s","t\u00eate","tiers","touchent"],"articleSection":["Les maladies"],"inLanguage":"fr-FR"},{"@type":"WebPage","@id":"https:\/\/rvh-synergie.org\/actualites\/les-maux-de-tete-touchent-pres-dun-tiers-des-personnes-dans-le-monde\/","url":"https:\/\/rvh-synergie.org\/actualites\/les-maux-de-tete-touchent-pres-dun-tiers-des-personnes-dans-le-monde\/","name":"Les maux de t\u00eate touchent pr\u00e8s d\u2019un tiers des personnes dans le monde - RVH-Synergie.org","isPartOf":{"@id":"https:\/\/rvh-synergie.org\/actualites\/#website"},"primaryImageOfPage":{"@id":"https:\/\/rvh-synergie.org\/actualites\/les-maux-de-tete-touchent-pres-dun-tiers-des-personnes-dans-le-monde\/#primaryimage"},"image":{"@id":"https:\/\/rvh-synergie.org\/actualites\/les-maux-de-tete-touchent-pres-dun-tiers-des-personnes-dans-le-monde\/#primaryimage"},"thumbnailUrl":"https:\/\/rvh-synergie.org\/actualites\/wp-content\/uploads\/2025\/11\/1763058942_Les-maux-de-tete-touchent-pres-dun-tiers-des-personnes.jpg","datePublished":"2025-11-13T18:35:42+00:00","dateModified":"2025-11-13T18:35:43+00:00","breadcrumb":{"@id":"https:\/\/rvh-synergie.org\/actualites\/les-maux-de-tete-touchent-pres-dun-tiers-des-personnes-dans-le-monde\/#breadcrumb"},"inLanguage":"fr-FR","potentialAction":[{"@type":"ReadAction","target":["https:\/\/rvh-synergie.org\/actualites\/les-maux-de-tete-touchent-pres-dun-tiers-des-personnes-dans-le-monde\/"]}]},{"@type":"ImageObject","inLanguage":"fr-FR","@id":"https:\/\/rvh-synergie.org\/actualites\/les-maux-de-tete-touchent-pres-dun-tiers-des-personnes-dans-le-monde\/#primaryimage","url":"https:\/\/rvh-synergie.org\/actualites\/wp-content\/uploads\/2025\/11\/1763058942_Les-maux-de-tete-touchent-pres-dun-tiers-des-personnes.jpg","contentUrl":"https:\/\/rvh-synergie.org\/actualites\/wp-content\/uploads\/2025\/11\/1763058942_Les-maux-de-tete-touchent-pres-dun-tiers-des-personnes.jpg","width":1280,"height":853,"caption":"Les maux de t\u00eate touchent pr\u00e8s d\u2019un tiers des personnes dans le monde"},{"@type":"BreadcrumbList","@id":"https:\/\/rvh-synergie.org\/actualites\/les-maux-de-tete-touchent-pres-dun-tiers-des-personnes-dans-le-monde\/#breadcrumb","itemListElement":[{"@type":"ListItem","position":1,"name":"Accueil","item":"https:\/\/rvh-synergie.org\/actualites\/"},{"@type":"ListItem","position":2,"name":"Les maux de t\u00eate touchent pr\u00e8s d\u2019un tiers des personnes dans le monde"}]},{"@type":"WebSite","@id":"https:\/\/rvh-synergie.org\/actualites\/#website","url":"https:\/\/rvh-synergie.org\/actualites\/","name":"RVH-Synergie.org","description":"RVH-Synergie, site ind\u00e9pendant d&#039;informations sur la prise en charge des addictions.","publisher":{"@id":"https:\/\/rvh-synergie.org\/actualites\/#organization"},"potentialAction":[{"@type":"SearchAction","target":{"@type":"EntryPoint","urlTemplate":"https:\/\/rvh-synergie.org\/actualites\/?s={search_term_string}"},"query-input":{"@type":"PropertyValueSpecification","valueRequired":true,"valueName":"search_term_string"}}],"inLanguage":"fr-FR"},{"@type":"Organization","@id":"https:\/\/rvh-synergie.org\/actualites\/#organization","name":"RVH-Synergie.org","url":"https:\/\/rvh-synergie.org\/actualites\/","logo":{"@type":"ImageObject","inLanguage":"fr-FR","@id":"https:\/\/rvh-synergie.org\/actualites\/#\/schema\/logo\/image\/","url":"https:\/\/rvh-synergie.org\/actualites\/wp-content\/uploads\/2024\/09\/favicon.png","contentUrl":"https:\/\/rvh-synergie.org\/actualites\/wp-content\/uploads\/2024\/09\/favicon.png","width":512,"height":512,"caption":"RVH-Synergie.org"},"image":{"@id":"https:\/\/rvh-synergie.org\/actualites\/#\/schema\/logo\/image\/"}},{"@type":"Person","@id":"https:\/\/rvh-synergie.org\/actualites\/#\/schema\/person\/aa5ea98671fb4e8620f488a0795d2560","name":"Charles Martinez","image":{"@type":"ImageObject","inLanguage":"fr-FR","@id":"https:\/\/rvh-synergie.org\/actualites\/#\/schema\/person\/image\/","url":"https:\/\/rvh-synergie.org\/actualites\/wp-content\/uploads\/2024\/09\/charles-martinez-scaled.jpg","contentUrl":"https:\/\/rvh-synergie.org\/actualites\/wp-content\/uploads\/2024\/09\/charles-martinez-scaled.jpg","caption":"Charles Martinez"},"description":"Bonjour, je m'appelle Charles Martinez, r\u00e9dacteur passionn\u00e9 pour le m\u00e9dia RVH-synergie.org, d\u00e9di\u00e9 aux addictions et aux maladies. Depuis plus de dix ans, j'explore et rapporte les histoires poignantes des individus confront\u00e9s \u00e0 ces d\u00e9fis, tout en sensibilisant le public aux traitements novateurs et aux progr\u00e8s scientifiques dans ce domaine. Mon engagement r\u00e9side dans l'espoir de cr\u00e9er une communaut\u00e9 inform\u00e9e et empathique, pr\u00eate \u00e0 soutenir ceux qui luttent contre ces \u00e9preuves.","sameAs":["https:\/\/rvh-synergie.org\/"]}]}},"_links":{"self":[{"href":"https:\/\/rvh-synergie.org\/actualites\/wp-json\/wp\/v2\/posts\/11688","targetHints":{"allow":["GET"]}}],"collection":[{"href":"https:\/\/rvh-synergie.org\/actualites\/wp-json\/wp\/v2\/posts"}],"about":[{"href":"https:\/\/rvh-synergie.org\/actualites\/wp-json\/wp\/v2\/types\/post"}],"author":[{"embeddable":true,"href":"https:\/\/rvh-synergie.org\/actualites\/wp-json\/wp\/v2\/users\/1"}],"replies":[{"embeddable":true,"href":"https:\/\/rvh-synergie.org\/actualites\/wp-json\/wp\/v2\/comments?post=11688"}],"version-history":[{"count":0,"href":"https:\/\/rvh-synergie.org\/actualites\/wp-json\/wp\/v2\/posts\/11688\/revisions"}],"wp:featuredmedia":[{"embeddable":true,"href":"https:\/\/rvh-synergie.org\/actualites\/wp-json\/wp\/v2\/media\/11689"}],"wp:attachment":[{"href":"https:\/\/rvh-synergie.org\/actualites\/wp-json\/wp\/v2\/media?parent=11688"}],"wp:term":[{"taxonomy":"category","embeddable":true,"href":"https:\/\/rvh-synergie.org\/actualites\/wp-json\/wp\/v2\/categories?post=11688"},{"taxonomy":"post_tag","embeddable":true,"href":"https:\/\/rvh-synergie.org\/actualites\/wp-json\/wp\/v2\/tags?post=11688"}],"curies":[{"name":"wp","href":"https:\/\/api.w.org\/{rel}","templated":true}]}}