{"id":11678,"date":"2025-11-13T14:11:10","date_gmt":"2025-11-13T13:11:10","guid":{"rendered":"https:\/\/rvh-synergie.org\/actualites\/cas-de-rougeole-confirme-dans-le-sud-ouest-du-colorado-expositions-possibles-a-cortez-et-mancos\/"},"modified":"2025-11-13T14:11:11","modified_gmt":"2025-11-13T13:11:11","slug":"cas-de-rougeole-confirme-dans-le-sud-ouest-du-colorado-expositions-possibles-a-cortez-et-mancos","status":"publish","type":"post","link":"https:\/\/rvh-synergie.org\/actualites\/cas-de-rougeole-confirme-dans-le-sud-ouest-du-colorado-expositions-possibles-a-cortez-et-mancos\/","title":{"rendered":"Cas de rougeole confirm\u00e9 dans le sud-ouest du Colorado, expositions possibles \u00e0 Cortez et Mancos"},"content":{"rendered":"<div>\n<div class=\"article-gallery lightGallery\">\n<div data-thumb=\"https:\/\/scx1.b-cdn.net\/csz\/news\/tmb\/2025\/measles-1.jpg\" data-src=\"https:\/\/scx2.b-cdn.net\/gfx\/news\/hires\/2025\/measles-1.jpg\" data-sub-html=\"Credit: Unsplash\/CC0 Public Domain\">\n<figure class=\"article-img\">\n<\/figure><\/div>\n<\/div>\n<p>Les habitants de Cortez et de Mancos pourraient avoir \u00e9t\u00e9 expos\u00e9s \u00e0 la rougeole suite \u00e0 un cas confirm\u00e9 chez un enfant d&rsquo;\u00e2ge scolaire du comt\u00e9 de Montezuma, selon le minist\u00e8re de la Sant\u00e9 publique et de l&rsquo;Environnement du Colorado.<\/p>\n<p>L&rsquo;enfant a d\u00e9velopp\u00e9 des sympt\u00f4mes de rougeole apr\u00e8s avoir voyag\u00e9 dans une autre r\u00e9gion du Colorado o\u00f9 une \u00e9pid\u00e9mie de rougeole \u00e9tait en cours, ont annonc\u00e9 des responsables de l&rsquo;\u00c9tat mercredi soir. Ils n\u2019avaient pas \u00e9t\u00e9 vaccin\u00e9s contre la rougeole, les oreillons et la rub\u00e9ole.<\/p>\n<p>Les personnes qui se trouvaient dans les villes de Cortez et Mancos entre le 5 novembre et mardi pourraient avoir \u00e9t\u00e9 expos\u00e9es et devraient surveiller les sympt\u00f4mes et envisager d&rsquo;\u00e9viter les rassemblements publics jusqu&rsquo;au 4 d\u00e9cembre, ont d\u00e9clar\u00e9 les responsables de la sant\u00e9.<\/p>\n<p>Les responsables de l&rsquo;\u00c9tat n&rsquo;ont pas fourni de lieux d&rsquo;exposition sp\u00e9cifiques mercredi et n&rsquo;ont pas pu \u00eatre contact\u00e9s dans l&rsquo;imm\u00e9diat pour commenter.<\/p>\n<p>Les sympt\u00f4mes de la rougeole se d\u00e9veloppent g\u00e9n\u00e9ralement dans les sept \u00e0 21 jours suivant l&rsquo;exposition et comprennent de la fi\u00e8vre, de la toux, un \u00e9coulement nasal, des yeux rouges et une \u00e9ruption cutan\u00e9e qui appara\u00eet g\u00e9n\u00e9ralement quelques jours plus tard sur le visage avant de se propager.<\/p>\n<p>Toute personne d\u00e9veloppant des sympt\u00f4mes doit contacter son fournisseur de soins de sant\u00e9 par t\u00e9l\u00e9phone pour discuter des prochaines \u00e9tapes et \u00e9viter de nouvelles expositions, ont d\u00e9clar\u00e9 les responsables de la sant\u00e9 publique.<\/p>\n<p>La rougeole est une maladie tr\u00e8s contagieuse qui est largement \u00e9vit\u00e9e gr\u00e2ce \u00e0 deux doses du vaccin ROR.<\/p>\n<p>Les responsables de la sant\u00e9 publique ont confirm\u00e9 31 cas de rougeole parmi les Coloradans cette ann\u00e9e, selon un tableau de bord de l&rsquo;\u00c9tat mis \u00e0 jour pour la derni\u00e8re fois en octobre.<\/p>\n<p>                                        <!-- print only --><\/p><\/div>\n","protected":false},"excerpt":{"rendered":"<p>Les habitants de Cortez et de Mancos pourraient avoir \u00e9t\u00e9 expos\u00e9s \u00e0 la rougeole suite<\/p>\n","protected":false},"author":1,"featured_media":7921,"comment_status":"closed","ping_status":"","sticky":false,"template":"","format":"standard","meta":{"footnotes":""},"categories":[86],"tags":[344,565,1136,7660,44,3046,7661,4232,1117,4184],"class_list":["post-11678","post","type-post","status-publish","format-standard","has-post-thumbnail","hentry","category-les-maladies","tag-cas","tag-colorado","tag-confirme","tag-cortez","tag-dans","tag-expositions","tag-mancos","tag-possibles","tag-rougeole","tag-sudouest","generate-columns","tablet-grid-50","mobile-grid-100","grid-parent","grid-50","resize-featured-image"],"yoast_head":"<!-- This site is optimized with the Yoast SEO plugin v23.4 - https:\/\/yoast.com\/wordpress\/plugins\/seo\/ -->\n<title>Cas de rougeole confirm\u00e9 dans le sud-ouest du Colorado, expositions possibles \u00e0 Cortez et Mancos - RVH-Synergie.org<\/title>\n<meta name=\"robots\" content=\"index, follow, max-snippet:-1, max-image-preview:large, max-video-preview:-1\" \/>\n<link rel=\"canonical\" href=\"https:\/\/rvh-synergie.org\/actualites\/cas-de-rougeole-confirme-dans-le-sud-ouest-du-colorado-expositions-possibles-a-cortez-et-mancos\/\" \/>\n<meta property=\"og:locale\" content=\"fr_FR\" \/>\n<meta property=\"og:type\" content=\"article\" \/>\n<meta property=\"og:title\" content=\"Cas de rougeole confirm\u00e9 dans le sud-ouest du Colorado, expositions possibles \u00e0 Cortez et Mancos - RVH-Synergie.org\" \/>\n<meta property=\"og:description\" content=\"Les habitants de Cortez et de Mancos pourraient avoir \u00e9t\u00e9 expos\u00e9s \u00e0 la rougeole suite\" \/>\n<meta property=\"og:url\" content=\"https:\/\/rvh-synergie.org\/actualites\/cas-de-rougeole-confirme-dans-le-sud-ouest-du-colorado-expositions-possibles-a-cortez-et-mancos\/\" \/>\n<meta property=\"og:site_name\" content=\"RVH-Synergie\" \/>\n<meta property=\"article:published_time\" content=\"2025-11-13T13:11:10+00:00\" \/>\n<meta property=\"article:modified_time\" content=\"2025-11-13T13:11:11+00:00\" \/>\n<meta property=\"og:image\" content=\"https:\/\/rvh-synergie.org\/actualites\/wp-content\/uploads\/2025\/07\/1752353758_La-Caroline-du-Sud-voit-le-premier-cas-de-la-scaled.jpg\" \/>\n\t<meta property=\"og:image:width\" content=\"2560\" \/>\n\t<meta property=\"og:image:height\" content=\"1920\" \/>\n\t<meta property=\"og:image:type\" content=\"image\/jpeg\" \/>\n<meta name=\"author\" content=\"Charles Martinez\" \/>\n<meta name=\"twitter:card\" content=\"summary_large_image\" \/>\n<meta name=\"twitter:label1\" content=\"\u00c9crit par\" \/>\n\t<meta name=\"twitter:data1\" content=\"Charles Martinez\" \/>\n\t<meta name=\"twitter:label2\" content=\"Dur\u00e9e de lecture estim\u00e9e\" \/>\n\t<meta name=\"twitter:data2\" content=\"2 minutes\" \/>\n<script type=\"application\/ld+json\" class=\"yoast-schema-graph\">{\"@context\":\"https:\/\/schema.org\",\"@graph\":[{\"@type\":\"Article\",\"@id\":\"https:\/\/rvh-synergie.org\/actualites\/cas-de-rougeole-confirme-dans-le-sud-ouest-du-colorado-expositions-possibles-a-cortez-et-mancos\/#article\",\"isPartOf\":{\"@id\":\"https:\/\/rvh-synergie.org\/actualites\/cas-de-rougeole-confirme-dans-le-sud-ouest-du-colorado-expositions-possibles-a-cortez-et-mancos\/\"},\"author\":{\"name\":\"Charles Martinez\",\"@id\":\"https:\/\/rvh-synergie.org\/actualites\/#\/schema\/person\/aa5ea98671fb4e8620f488a0795d2560\"},\"headline\":\"Cas de rougeole confirm\u00e9 dans le sud-ouest du Colorado, expositions possibles \u00e0 Cortez et Mancos\",\"datePublished\":\"2025-11-13T13:11:10+00:00\",\"dateModified\":\"2025-11-13T13:11:11+00:00\",\"mainEntityOfPage\":{\"@id\":\"https:\/\/rvh-synergie.org\/actualites\/cas-de-rougeole-confirme-dans-le-sud-ouest-du-colorado-expositions-possibles-a-cortez-et-mancos\/\"},\"wordCount\":336,\"publisher\":{\"@id\":\"https:\/\/rvh-synergie.org\/actualites\/#organization\"},\"image\":{\"@id\":\"https:\/\/rvh-synergie.org\/actualites\/cas-de-rougeole-confirme-dans-le-sud-ouest-du-colorado-expositions-possibles-a-cortez-et-mancos\/#primaryimage\"},\"thumbnailUrl\":\"https:\/\/rvh-synergie.org\/actualites\/wp-content\/uploads\/2025\/07\/1752353758_La-Caroline-du-Sud-voit-le-premier-cas-de-la-scaled.jpg\",\"keywords\":[\"cas\",\"Colorado\",\"confirme\",\"Cortez\",\"dans\",\"expositions\",\"Mancos\",\"possibles\",\"rougeole\",\"sudouest\"],\"articleSection\":[\"Les maladies\"],\"inLanguage\":\"fr-FR\"},{\"@type\":\"WebPage\",\"@id\":\"https:\/\/rvh-synergie.org\/actualites\/cas-de-rougeole-confirme-dans-le-sud-ouest-du-colorado-expositions-possibles-a-cortez-et-mancos\/\",\"url\":\"https:\/\/rvh-synergie.org\/actualites\/cas-de-rougeole-confirme-dans-le-sud-ouest-du-colorado-expositions-possibles-a-cortez-et-mancos\/\",\"name\":\"Cas de rougeole confirm\u00e9 dans le sud-ouest du Colorado, expositions possibles \u00e0 Cortez et Mancos - RVH-Synergie.org\",\"isPartOf\":{\"@id\":\"https:\/\/rvh-synergie.org\/actualites\/#website\"},\"primaryImageOfPage\":{\"@id\":\"https:\/\/rvh-synergie.org\/actualites\/cas-de-rougeole-confirme-dans-le-sud-ouest-du-colorado-expositions-possibles-a-cortez-et-mancos\/#primaryimage\"},\"image\":{\"@id\":\"https:\/\/rvh-synergie.org\/actualites\/cas-de-rougeole-confirme-dans-le-sud-ouest-du-colorado-expositions-possibles-a-cortez-et-mancos\/#primaryimage\"},\"thumbnailUrl\":\"https:\/\/rvh-synergie.org\/actualites\/wp-content\/uploads\/2025\/07\/1752353758_La-Caroline-du-Sud-voit-le-premier-cas-de-la-scaled.jpg\",\"datePublished\":\"2025-11-13T13:11:10+00:00\",\"dateModified\":\"2025-11-13T13:11:11+00:00\",\"breadcrumb\":{\"@id\":\"https:\/\/rvh-synergie.org\/actualites\/cas-de-rougeole-confirme-dans-le-sud-ouest-du-colorado-expositions-possibles-a-cortez-et-mancos\/#breadcrumb\"},\"inLanguage\":\"fr-FR\",\"potentialAction\":[{\"@type\":\"ReadAction\",\"target\":[\"https:\/\/rvh-synergie.org\/actualites\/cas-de-rougeole-confirme-dans-le-sud-ouest-du-colorado-expositions-possibles-a-cortez-et-mancos\/\"]}]},{\"@type\":\"ImageObject\",\"inLanguage\":\"fr-FR\",\"@id\":\"https:\/\/rvh-synergie.org\/actualites\/cas-de-rougeole-confirme-dans-le-sud-ouest-du-colorado-expositions-possibles-a-cortez-et-mancos\/#primaryimage\",\"url\":\"https:\/\/rvh-synergie.org\/actualites\/wp-content\/uploads\/2025\/07\/1752353758_La-Caroline-du-Sud-voit-le-premier-cas-de-la-scaled.jpg\",\"contentUrl\":\"https:\/\/rvh-synergie.org\/actualites\/wp-content\/uploads\/2025\/07\/1752353758_La-Caroline-du-Sud-voit-le-premier-cas-de-la-scaled.jpg\",\"width\":2560,\"height\":1920,\"caption\":\"La Caroline du Sud voit le premier cas de la rougeole de 2025, disent les responsables\"},{\"@type\":\"BreadcrumbList\",\"@id\":\"https:\/\/rvh-synergie.org\/actualites\/cas-de-rougeole-confirme-dans-le-sud-ouest-du-colorado-expositions-possibles-a-cortez-et-mancos\/#breadcrumb\",\"itemListElement\":[{\"@type\":\"ListItem\",\"position\":1,\"name\":\"Accueil\",\"item\":\"https:\/\/rvh-synergie.org\/actualites\/\"},{\"@type\":\"ListItem\",\"position\":2,\"name\":\"Cas de rougeole confirm\u00e9 dans le sud-ouest du Colorado, expositions possibles \u00e0 Cortez et Mancos\"}]},{\"@type\":\"WebSite\",\"@id\":\"https:\/\/rvh-synergie.org\/actualites\/#website\",\"url\":\"https:\/\/rvh-synergie.org\/actualites\/\",\"name\":\"RVH-Synergie.org\",\"description\":\"RVH-Synergie, site ind\u00e9pendant d&#039;informations sur la prise en charge des addictions.\",\"publisher\":{\"@id\":\"https:\/\/rvh-synergie.org\/actualites\/#organization\"},\"potentialAction\":[{\"@type\":\"SearchAction\",\"target\":{\"@type\":\"EntryPoint\",\"urlTemplate\":\"https:\/\/rvh-synergie.org\/actualites\/?s={search_term_string}\"},\"query-input\":{\"@type\":\"PropertyValueSpecification\",\"valueRequired\":true,\"valueName\":\"search_term_string\"}}],\"inLanguage\":\"fr-FR\"},{\"@type\":\"Organization\",\"@id\":\"https:\/\/rvh-synergie.org\/actualites\/#organization\",\"name\":\"RVH-Synergie.org\",\"url\":\"https:\/\/rvh-synergie.org\/actualites\/\",\"logo\":{\"@type\":\"ImageObject\",\"inLanguage\":\"fr-FR\",\"@id\":\"https:\/\/rvh-synergie.org\/actualites\/#\/schema\/logo\/image\/\",\"url\":\"https:\/\/rvh-synergie.org\/actualites\/wp-content\/uploads\/2024\/09\/favicon.png\",\"contentUrl\":\"https:\/\/rvh-synergie.org\/actualites\/wp-content\/uploads\/2024\/09\/favicon.png\",\"width\":512,\"height\":512,\"caption\":\"RVH-Synergie.org\"},\"image\":{\"@id\":\"https:\/\/rvh-synergie.org\/actualites\/#\/schema\/logo\/image\/\"}},{\"@type\":\"Person\",\"@id\":\"https:\/\/rvh-synergie.org\/actualites\/#\/schema\/person\/aa5ea98671fb4e8620f488a0795d2560\",\"name\":\"Charles Martinez\",\"image\":{\"@type\":\"ImageObject\",\"inLanguage\":\"fr-FR\",\"@id\":\"https:\/\/rvh-synergie.org\/actualites\/#\/schema\/person\/image\/\",\"url\":\"https:\/\/rvh-synergie.org\/actualites\/wp-content\/uploads\/2024\/09\/charles-martinez-scaled.jpg\",\"contentUrl\":\"https:\/\/rvh-synergie.org\/actualites\/wp-content\/uploads\/2024\/09\/charles-martinez-scaled.jpg\",\"caption\":\"Charles Martinez\"},\"description\":\"Bonjour, je m'appelle Charles Martinez, r\u00e9dacteur passionn\u00e9 pour le m\u00e9dia RVH-synergie.org, d\u00e9di\u00e9 aux addictions et aux maladies. Depuis plus de dix ans, j'explore et rapporte les histoires poignantes des individus confront\u00e9s \u00e0 ces d\u00e9fis, tout en sensibilisant le public aux traitements novateurs et aux progr\u00e8s scientifiques dans ce domaine. Mon engagement r\u00e9side dans l'espoir de cr\u00e9er une communaut\u00e9 inform\u00e9e et empathique, pr\u00eate \u00e0 soutenir ceux qui luttent contre ces \u00e9preuves.\",\"sameAs\":[\"https:\/\/rvh-synergie.org\/\"]}]}<\/script>\n<!-- \/ Yoast SEO plugin. -->","yoast_head_json":{"title":"Cas de rougeole confirm\u00e9 dans le sud-ouest du Colorado, expositions possibles \u00e0 Cortez et Mancos - RVH-Synergie.org","robots":{"index":"index","follow":"follow","max-snippet":"max-snippet:-1","max-image-preview":"max-image-preview:large","max-video-preview":"max-video-preview:-1"},"canonical":"https:\/\/rvh-synergie.org\/actualites\/cas-de-rougeole-confirme-dans-le-sud-ouest-du-colorado-expositions-possibles-a-cortez-et-mancos\/","og_locale":"fr_FR","og_type":"article","og_title":"Cas de rougeole confirm\u00e9 dans le sud-ouest du Colorado, expositions possibles \u00e0 Cortez et Mancos - RVH-Synergie.org","og_description":"Les habitants de Cortez et de Mancos pourraient avoir \u00e9t\u00e9 expos\u00e9s \u00e0 la rougeole suite","og_url":"https:\/\/rvh-synergie.org\/actualites\/cas-de-rougeole-confirme-dans-le-sud-ouest-du-colorado-expositions-possibles-a-cortez-et-mancos\/","og_site_name":"RVH-Synergie","article_published_time":"2025-11-13T13:11:10+00:00","article_modified_time":"2025-11-13T13:11:11+00:00","og_image":[{"width":2560,"height":1920,"url":"https:\/\/rvh-synergie.org\/actualites\/wp-content\/uploads\/2025\/07\/1752353758_La-Caroline-du-Sud-voit-le-premier-cas-de-la-scaled.jpg","type":"image\/jpeg"}],"author":"Charles Martinez","twitter_card":"summary_large_image","twitter_misc":{"\u00c9crit par":"Charles Martinez","Dur\u00e9e de lecture estim\u00e9e":"2 minutes"},"schema":{"@context":"https:\/\/schema.org","@graph":[{"@type":"Article","@id":"https:\/\/rvh-synergie.org\/actualites\/cas-de-rougeole-confirme-dans-le-sud-ouest-du-colorado-expositions-possibles-a-cortez-et-mancos\/#article","isPartOf":{"@id":"https:\/\/rvh-synergie.org\/actualites\/cas-de-rougeole-confirme-dans-le-sud-ouest-du-colorado-expositions-possibles-a-cortez-et-mancos\/"},"author":{"name":"Charles Martinez","@id":"https:\/\/rvh-synergie.org\/actualites\/#\/schema\/person\/aa5ea98671fb4e8620f488a0795d2560"},"headline":"Cas de rougeole confirm\u00e9 dans le sud-ouest du Colorado, expositions possibles \u00e0 Cortez et Mancos","datePublished":"2025-11-13T13:11:10+00:00","dateModified":"2025-11-13T13:11:11+00:00","mainEntityOfPage":{"@id":"https:\/\/rvh-synergie.org\/actualites\/cas-de-rougeole-confirme-dans-le-sud-ouest-du-colorado-expositions-possibles-a-cortez-et-mancos\/"},"wordCount":336,"publisher":{"@id":"https:\/\/rvh-synergie.org\/actualites\/#organization"},"image":{"@id":"https:\/\/rvh-synergie.org\/actualites\/cas-de-rougeole-confirme-dans-le-sud-ouest-du-colorado-expositions-possibles-a-cortez-et-mancos\/#primaryimage"},"thumbnailUrl":"https:\/\/rvh-synergie.org\/actualites\/wp-content\/uploads\/2025\/07\/1752353758_La-Caroline-du-Sud-voit-le-premier-cas-de-la-scaled.jpg","keywords":["cas","Colorado","confirme","Cortez","dans","expositions","Mancos","possibles","rougeole","sudouest"],"articleSection":["Les maladies"],"inLanguage":"fr-FR"},{"@type":"WebPage","@id":"https:\/\/rvh-synergie.org\/actualites\/cas-de-rougeole-confirme-dans-le-sud-ouest-du-colorado-expositions-possibles-a-cortez-et-mancos\/","url":"https:\/\/rvh-synergie.org\/actualites\/cas-de-rougeole-confirme-dans-le-sud-ouest-du-colorado-expositions-possibles-a-cortez-et-mancos\/","name":"Cas de rougeole confirm\u00e9 dans le sud-ouest du Colorado, expositions possibles \u00e0 Cortez et Mancos - RVH-Synergie.org","isPartOf":{"@id":"https:\/\/rvh-synergie.org\/actualites\/#website"},"primaryImageOfPage":{"@id":"https:\/\/rvh-synergie.org\/actualites\/cas-de-rougeole-confirme-dans-le-sud-ouest-du-colorado-expositions-possibles-a-cortez-et-mancos\/#primaryimage"},"image":{"@id":"https:\/\/rvh-synergie.org\/actualites\/cas-de-rougeole-confirme-dans-le-sud-ouest-du-colorado-expositions-possibles-a-cortez-et-mancos\/#primaryimage"},"thumbnailUrl":"https:\/\/rvh-synergie.org\/actualites\/wp-content\/uploads\/2025\/07\/1752353758_La-Caroline-du-Sud-voit-le-premier-cas-de-la-scaled.jpg","datePublished":"2025-11-13T13:11:10+00:00","dateModified":"2025-11-13T13:11:11+00:00","breadcrumb":{"@id":"https:\/\/rvh-synergie.org\/actualites\/cas-de-rougeole-confirme-dans-le-sud-ouest-du-colorado-expositions-possibles-a-cortez-et-mancos\/#breadcrumb"},"inLanguage":"fr-FR","potentialAction":[{"@type":"ReadAction","target":["https:\/\/rvh-synergie.org\/actualites\/cas-de-rougeole-confirme-dans-le-sud-ouest-du-colorado-expositions-possibles-a-cortez-et-mancos\/"]}]},{"@type":"ImageObject","inLanguage":"fr-FR","@id":"https:\/\/rvh-synergie.org\/actualites\/cas-de-rougeole-confirme-dans-le-sud-ouest-du-colorado-expositions-possibles-a-cortez-et-mancos\/#primaryimage","url":"https:\/\/rvh-synergie.org\/actualites\/wp-content\/uploads\/2025\/07\/1752353758_La-Caroline-du-Sud-voit-le-premier-cas-de-la-scaled.jpg","contentUrl":"https:\/\/rvh-synergie.org\/actualites\/wp-content\/uploads\/2025\/07\/1752353758_La-Caroline-du-Sud-voit-le-premier-cas-de-la-scaled.jpg","width":2560,"height":1920,"caption":"La Caroline du Sud voit le premier cas de la rougeole de 2025, disent les responsables"},{"@type":"BreadcrumbList","@id":"https:\/\/rvh-synergie.org\/actualites\/cas-de-rougeole-confirme-dans-le-sud-ouest-du-colorado-expositions-possibles-a-cortez-et-mancos\/#breadcrumb","itemListElement":[{"@type":"ListItem","position":1,"name":"Accueil","item":"https:\/\/rvh-synergie.org\/actualites\/"},{"@type":"ListItem","position":2,"name":"Cas de rougeole confirm\u00e9 dans le sud-ouest du Colorado, expositions possibles \u00e0 Cortez et Mancos"}]},{"@type":"WebSite","@id":"https:\/\/rvh-synergie.org\/actualites\/#website","url":"https:\/\/rvh-synergie.org\/actualites\/","name":"RVH-Synergie.org","description":"RVH-Synergie, site ind\u00e9pendant d&#039;informations sur la prise en charge des addictions.","publisher":{"@id":"https:\/\/rvh-synergie.org\/actualites\/#organization"},"potentialAction":[{"@type":"SearchAction","target":{"@type":"EntryPoint","urlTemplate":"https:\/\/rvh-synergie.org\/actualites\/?s={search_term_string}"},"query-input":{"@type":"PropertyValueSpecification","valueRequired":true,"valueName":"search_term_string"}}],"inLanguage":"fr-FR"},{"@type":"Organization","@id":"https:\/\/rvh-synergie.org\/actualites\/#organization","name":"RVH-Synergie.org","url":"https:\/\/rvh-synergie.org\/actualites\/","logo":{"@type":"ImageObject","inLanguage":"fr-FR","@id":"https:\/\/rvh-synergie.org\/actualites\/#\/schema\/logo\/image\/","url":"https:\/\/rvh-synergie.org\/actualites\/wp-content\/uploads\/2024\/09\/favicon.png","contentUrl":"https:\/\/rvh-synergie.org\/actualites\/wp-content\/uploads\/2024\/09\/favicon.png","width":512,"height":512,"caption":"RVH-Synergie.org"},"image":{"@id":"https:\/\/rvh-synergie.org\/actualites\/#\/schema\/logo\/image\/"}},{"@type":"Person","@id":"https:\/\/rvh-synergie.org\/actualites\/#\/schema\/person\/aa5ea98671fb4e8620f488a0795d2560","name":"Charles Martinez","image":{"@type":"ImageObject","inLanguage":"fr-FR","@id":"https:\/\/rvh-synergie.org\/actualites\/#\/schema\/person\/image\/","url":"https:\/\/rvh-synergie.org\/actualites\/wp-content\/uploads\/2024\/09\/charles-martinez-scaled.jpg","contentUrl":"https:\/\/rvh-synergie.org\/actualites\/wp-content\/uploads\/2024\/09\/charles-martinez-scaled.jpg","caption":"Charles Martinez"},"description":"Bonjour, je m'appelle Charles Martinez, r\u00e9dacteur passionn\u00e9 pour le m\u00e9dia RVH-synergie.org, d\u00e9di\u00e9 aux addictions et aux maladies. Depuis plus de dix ans, j'explore et rapporte les histoires poignantes des individus confront\u00e9s \u00e0 ces d\u00e9fis, tout en sensibilisant le public aux traitements novateurs et aux progr\u00e8s scientifiques dans ce domaine. Mon engagement r\u00e9side dans l'espoir de cr\u00e9er une communaut\u00e9 inform\u00e9e et empathique, pr\u00eate \u00e0 soutenir ceux qui luttent contre ces \u00e9preuves.","sameAs":["https:\/\/rvh-synergie.org\/"]}]}},"_links":{"self":[{"href":"https:\/\/rvh-synergie.org\/actualites\/wp-json\/wp\/v2\/posts\/11678","targetHints":{"allow":["GET"]}}],"collection":[{"href":"https:\/\/rvh-synergie.org\/actualites\/wp-json\/wp\/v2\/posts"}],"about":[{"href":"https:\/\/rvh-synergie.org\/actualites\/wp-json\/wp\/v2\/types\/post"}],"author":[{"embeddable":true,"href":"https:\/\/rvh-synergie.org\/actualites\/wp-json\/wp\/v2\/users\/1"}],"replies":[{"embeddable":true,"href":"https:\/\/rvh-synergie.org\/actualites\/wp-json\/wp\/v2\/comments?post=11678"}],"version-history":[{"count":0,"href":"https:\/\/rvh-synergie.org\/actualites\/wp-json\/wp\/v2\/posts\/11678\/revisions"}],"wp:featuredmedia":[{"embeddable":true,"href":"https:\/\/rvh-synergie.org\/actualites\/wp-json\/wp\/v2\/media\/7921"}],"wp:attachment":[{"href":"https:\/\/rvh-synergie.org\/actualites\/wp-json\/wp\/v2\/media?parent=11678"}],"wp:term":[{"taxonomy":"category","embeddable":true,"href":"https:\/\/rvh-synergie.org\/actualites\/wp-json\/wp\/v2\/categories?post=11678"},{"taxonomy":"post_tag","embeddable":true,"href":"https:\/\/rvh-synergie.org\/actualites\/wp-json\/wp\/v2\/tags?post=11678"}],"curies":[{"name":"wp","href":"https:\/\/api.w.org\/{rel}","templated":true}]}}