{"id":11666,"date":"2025-11-13T07:26:03","date_gmt":"2025-11-13T06:26:03","guid":{"rendered":"https:\/\/rvh-synergie.org\/actualites\/les-inegalites-dans-lutilisation-des-antibiotiques-persistent-malgre-le-declin-de-la-pandemie\/"},"modified":"2025-11-13T07:26:04","modified_gmt":"2025-11-13T06:26:04","slug":"les-inegalites-dans-lutilisation-des-antibiotiques-persistent-malgre-le-declin-de-la-pandemie","status":"publish","type":"post","link":"https:\/\/rvh-synergie.org\/actualites\/les-inegalites-dans-lutilisation-des-antibiotiques-persistent-malgre-le-declin-de-la-pandemie\/","title":{"rendered":"Les in\u00e9galit\u00e9s dans l\u2019utilisation des antibiotiques persistent malgr\u00e9 le d\u00e9clin de la pand\u00e9mie"},"content":{"rendered":"<div>\n<div class=\"article-gallery lightGallery\">\n<div data-thumb=\"https:\/\/scx1.b-cdn.net\/csz\/news\/tmb\/2018\/antibiotic.jpg\" data-src=\"https:\/\/scx2.b-cdn.net\/gfx\/news\/hires\/2018\/antibiotic.jpg\" data-sub-html=\"Credit: CC0 Public Domain\">\n<figure class=\"article-img\">\n<\/figure><\/div>\n<\/div>\n<p>Une \u00e9tude men\u00e9e par Eslam Abousamra, doctorant \u00e0 la CUNY SPH, et par la professeure distingu\u00e9e Luisa N. Borrell a r\u00e9v\u00e9l\u00e9 des disparit\u00e9s majeures dans l&rsquo;utilisation des antibiotiques selon les groupes d&rsquo;\u00e2ge, le sexe, la race\/origine ethnique, les niveaux d&rsquo;\u00e9ducation, le statut d&rsquo;assurance, les probl\u00e8mes de sant\u00e9 et les r\u00e9gions g\u00e9ographiques aux \u00c9tats-Unis.<\/p>\n<p>L\u2019utilisation inappropri\u00e9e d\u2019antibiotiques contribue largement au probl\u00e8me croissant de la r\u00e9sistance aux antimicrobiens, une menace responsable de millions de d\u00e9c\u00e8s dans le monde et de milliers aux \u00c9tats-Unis chaque ann\u00e9e. Des recherches ant\u00e9rieures ont montr\u00e9 que les antibiotiques sont souvent mal compris et inutilement prescrits, mais il n\u2019\u00e9tait pas clair si les disparit\u00e9s li\u00e9es aux facteurs sociod\u00e9mographiques et li\u00e9s \u00e0 la sant\u00e9 persistaient et, avant tout, si celles associ\u00e9es \u00e0 la race\/origine ethnique et \u00e0 la r\u00e9gion g\u00e9ographique avaient chang\u00e9 au fil du temps, en particulier apr\u00e8s les perturbations provoqu\u00e9es par la pand\u00e9mie de COVID-19.<\/p>\n<p>Pour l&rsquo;\u00e9tude, publi\u00e9e dans <i>M\u00e9decine pr\u00e9ventive<\/i>les auteurs ont analys\u00e9 les donn\u00e9es de l&rsquo;enqu\u00eate par panel sur les d\u00e9penses m\u00e9dicales (2017-2022) aupr\u00e8s de 118\u00a0110 adultes am\u00e9ricains \u00e2g\u00e9s de 18 ans ou plus. Ils ont examin\u00e9 si chaque participant avait au moins une ordonnance remplie d&rsquo;antibiotiques syst\u00e9miques au cours d&rsquo;une ann\u00e9e civile.<\/p>\n<p>Pour identifier des tendances, les auteurs ont pris en compte des facteurs sociod\u00e9mographiques (\u00e2ge, sexe, race et origine ethnique, \u00e9ducation, statut d&rsquo;assurance et r\u00e9gion g\u00e9ographique), l&rsquo;\u00e9tat de sant\u00e9 et les donn\u00e9es sur l&rsquo;utilisation des soins de sant\u00e9. Ils ont appliqu\u00e9 des statistiques descriptives et des mod\u00e8les de r\u00e9gression de Poisson pour estimer les ratios de pr\u00e9valence, en ajustant toutes les covariables pertinentes. Ces m\u00e9thodes tenaient compte de la conception complexe de l&rsquo;enqu\u00eate et des poids d&rsquo;\u00e9chantillonnage pour garantir la repr\u00e9sentativit\u00e9 nationale de leurs r\u00e9sultats.<\/p>\n<p>Ils ont constat\u00e9 que 14,3 % des adultes am\u00e9ricains ont d\u00e9clar\u00e9 avoir utilis\u00e9 des antibiotiques. Apr\u00e8s ajustement en fonction de divers facteurs, les adultes \u00e2g\u00e9s de 65 ans ou plus \u00e9taient 27 % plus susceptibles d&rsquo;utiliser des antibiotiques que ceux \u00e2g\u00e9s de 18 \u00e0 34 ans. Les femmes \u00e9taient 45 % plus susceptibles que les hommes d\u2019utiliser des antibiotiques. Les assur\u00e9s priv\u00e9s pr\u00e9sentaient une probabilit\u00e9 d&rsquo;utilisation 67 % plus \u00e9lev\u00e9e que les adultes non assur\u00e9s. Des niveaux d\u2019\u00e9ducation plus \u00e9lev\u00e9s \u00e9taient associ\u00e9s \u00e0 une utilisation accrue d\u2019antibiotiques.<\/p>\n<p>Les adultes hispaniques, noirs et asiatiques utilisaient moins d\u2019antibiotiques que les adultes blancs, m\u00eame apr\u00e8s ajustements. Au niveau r\u00e9gional, l&rsquo;utilisation d&rsquo;antibiotiques \u00e9tait plus \u00e9lev\u00e9e dans le Sud et le Midwest que dans le Nord-Est. La bronchite chronique a montr\u00e9 l&rsquo;association la plus forte avec une utilisation plus \u00e9lev\u00e9e d&rsquo;antibiotiques.<\/p>\n<p>\u00ab Notamment, les disparit\u00e9s raciales\/ethniques et r\u00e9gionales dans l&rsquo;utilisation des antibiotiques sont rest\u00e9es stables avant, pendant et apr\u00e8s la pand\u00e9mie de COVID-19 \u00bb, explique le professeur distingu\u00e9 Borrell. \u00ab\u00a0Cependant, ces disparit\u00e9s ont \u00e9t\u00e9 att\u00e9nu\u00e9es pendant et apr\u00e8s la pand\u00e9mie, ce qui indique la n\u00e9cessit\u00e9 de strat\u00e9gies cibl\u00e9es pour rem\u00e9dier aux in\u00e9galit\u00e9s et am\u00e9liorer la gestion des antibiotiques.\u00a0\u00bb<\/p>\n<p>\u00ab Comprendre ces tendances est crucial pour concevoir des interventions et garantir une utilisation \u00e9quitable et responsable des antibiotiques dans tous les groupes d\u00e9mographiques, ce qui peut aider \u00e0 contenir la r\u00e9sistance, \u00e0 am\u00e9liorer les r\u00e9sultats en mati\u00e8re de sant\u00e9 et \u00e0 \u00e9clairer les politiques de sant\u00e9 publique \u00bb, explique Abousamra.<\/p>\n<p>                                        <!-- print only --><\/p><\/div>\n","protected":false},"excerpt":{"rendered":"<p>Une \u00e9tude men\u00e9e par Eslam Abousamra, doctorant \u00e0 la CUNY SPH, et par la professeure<\/p>\n","protected":false},"author":1,"featured_media":5804,"comment_status":"closed","ping_status":"","sticky":false,"template":"","format":"standard","meta":{"footnotes":""},"categories":[86],"tags":[609,44,2457,16,2051,49,478,882,454,175],"class_list":["post-11666","post","type-post","status-publish","format-standard","has-post-thumbnail","hentry","category-les-maladies","tag-antibiotiques","tag-dans","tag-declin","tag-des","tag-inegalites","tag-les","tag-lutilisation","tag-malgre","tag-pandemie","tag-persistent","generate-columns","tablet-grid-50","mobile-grid-100","grid-parent","grid-50","resize-featured-image"],"yoast_head":"<!-- This site is optimized with the Yoast SEO plugin v23.4 - https:\/\/yoast.com\/wordpress\/plugins\/seo\/ -->\n<title>Les in\u00e9galit\u00e9s dans l\u2019utilisation des antibiotiques persistent malgr\u00e9 le d\u00e9clin de la pand\u00e9mie - RVH-Synergie.org<\/title>\n<meta name=\"robots\" content=\"index, follow, max-snippet:-1, max-image-preview:large, max-video-preview:-1\" \/>\n<link rel=\"canonical\" href=\"https:\/\/rvh-synergie.org\/actualites\/les-inegalites-dans-lutilisation-des-antibiotiques-persistent-malgre-le-declin-de-la-pandemie\/\" \/>\n<meta property=\"og:locale\" content=\"fr_FR\" \/>\n<meta property=\"og:type\" content=\"article\" \/>\n<meta property=\"og:title\" content=\"Les in\u00e9galit\u00e9s dans l\u2019utilisation des antibiotiques persistent malgr\u00e9 le d\u00e9clin de la pand\u00e9mie - RVH-Synergie.org\" \/>\n<meta property=\"og:description\" content=\"Une \u00e9tude men\u00e9e par Eslam Abousamra, doctorant \u00e0 la CUNY SPH, et par la professeure\" \/>\n<meta property=\"og:url\" content=\"https:\/\/rvh-synergie.org\/actualites\/les-inegalites-dans-lutilisation-des-antibiotiques-persistent-malgre-le-declin-de-la-pandemie\/\" \/>\n<meta property=\"og:site_name\" content=\"RVH-Synergie\" \/>\n<meta property=\"article:published_time\" content=\"2025-11-13T06:26:03+00:00\" \/>\n<meta property=\"article:modified_time\" content=\"2025-11-13T06:26:04+00:00\" \/>\n<meta property=\"og:image\" content=\"https:\/\/rvh-synergie.org\/actualites\/wp-content\/uploads\/2025\/04\/1744836944_Lutilisation-frequente-dantibiotiques-chez-les-nourrissons-et-les-jeunes-enfants.jpg\" \/>\n\t<meta property=\"og:image:width\" content=\"1920\" \/>\n\t<meta property=\"og:image:height\" content=\"1279\" \/>\n\t<meta property=\"og:image:type\" content=\"image\/jpeg\" \/>\n<meta name=\"author\" content=\"Charles Martinez\" \/>\n<meta name=\"twitter:card\" content=\"summary_large_image\" \/>\n<meta name=\"twitter:label1\" content=\"\u00c9crit par\" \/>\n\t<meta name=\"twitter:data1\" content=\"Charles Martinez\" \/>\n\t<meta name=\"twitter:label2\" content=\"Dur\u00e9e de lecture estim\u00e9e\" \/>\n\t<meta name=\"twitter:data2\" content=\"3 minutes\" \/>\n<script type=\"application\/ld+json\" class=\"yoast-schema-graph\">{\"@context\":\"https:\/\/schema.org\",\"@graph\":[{\"@type\":\"Article\",\"@id\":\"https:\/\/rvh-synergie.org\/actualites\/les-inegalites-dans-lutilisation-des-antibiotiques-persistent-malgre-le-declin-de-la-pandemie\/#article\",\"isPartOf\":{\"@id\":\"https:\/\/rvh-synergie.org\/actualites\/les-inegalites-dans-lutilisation-des-antibiotiques-persistent-malgre-le-declin-de-la-pandemie\/\"},\"author\":{\"name\":\"Charles Martinez\",\"@id\":\"https:\/\/rvh-synergie.org\/actualites\/#\/schema\/person\/aa5ea98671fb4e8620f488a0795d2560\"},\"headline\":\"Les in\u00e9galit\u00e9s dans l\u2019utilisation des antibiotiques persistent malgr\u00e9 le d\u00e9clin de la pand\u00e9mie\",\"datePublished\":\"2025-11-13T06:26:03+00:00\",\"dateModified\":\"2025-11-13T06:26:04+00:00\",\"mainEntityOfPage\":{\"@id\":\"https:\/\/rvh-synergie.org\/actualites\/les-inegalites-dans-lutilisation-des-antibiotiques-persistent-malgre-le-declin-de-la-pandemie\/\"},\"wordCount\":635,\"publisher\":{\"@id\":\"https:\/\/rvh-synergie.org\/actualites\/#organization\"},\"image\":{\"@id\":\"https:\/\/rvh-synergie.org\/actualites\/les-inegalites-dans-lutilisation-des-antibiotiques-persistent-malgre-le-declin-de-la-pandemie\/#primaryimage\"},\"thumbnailUrl\":\"https:\/\/rvh-synergie.org\/actualites\/wp-content\/uploads\/2025\/04\/1744836944_Lutilisation-frequente-dantibiotiques-chez-les-nourrissons-et-les-jeunes-enfants.jpg\",\"keywords\":[\"antibiotiques\",\"dans\",\"d\u00e9clin\",\"des\",\"in\u00e9galit\u00e9s\",\"Les\",\"Lutilisation\",\"malgr\u00e9\",\"pand\u00e9mie\",\"persistent\"],\"articleSection\":[\"Les maladies\"],\"inLanguage\":\"fr-FR\"},{\"@type\":\"WebPage\",\"@id\":\"https:\/\/rvh-synergie.org\/actualites\/les-inegalites-dans-lutilisation-des-antibiotiques-persistent-malgre-le-declin-de-la-pandemie\/\",\"url\":\"https:\/\/rvh-synergie.org\/actualites\/les-inegalites-dans-lutilisation-des-antibiotiques-persistent-malgre-le-declin-de-la-pandemie\/\",\"name\":\"Les in\u00e9galit\u00e9s dans l\u2019utilisation des antibiotiques persistent malgr\u00e9 le d\u00e9clin de la pand\u00e9mie - RVH-Synergie.org\",\"isPartOf\":{\"@id\":\"https:\/\/rvh-synergie.org\/actualites\/#website\"},\"primaryImageOfPage\":{\"@id\":\"https:\/\/rvh-synergie.org\/actualites\/les-inegalites-dans-lutilisation-des-antibiotiques-persistent-malgre-le-declin-de-la-pandemie\/#primaryimage\"},\"image\":{\"@id\":\"https:\/\/rvh-synergie.org\/actualites\/les-inegalites-dans-lutilisation-des-antibiotiques-persistent-malgre-le-declin-de-la-pandemie\/#primaryimage\"},\"thumbnailUrl\":\"https:\/\/rvh-synergie.org\/actualites\/wp-content\/uploads\/2025\/04\/1744836944_Lutilisation-frequente-dantibiotiques-chez-les-nourrissons-et-les-jeunes-enfants.jpg\",\"datePublished\":\"2025-11-13T06:26:03+00:00\",\"dateModified\":\"2025-11-13T06:26:04+00:00\",\"breadcrumb\":{\"@id\":\"https:\/\/rvh-synergie.org\/actualites\/les-inegalites-dans-lutilisation-des-antibiotiques-persistent-malgre-le-declin-de-la-pandemie\/#breadcrumb\"},\"inLanguage\":\"fr-FR\",\"potentialAction\":[{\"@type\":\"ReadAction\",\"target\":[\"https:\/\/rvh-synergie.org\/actualites\/les-inegalites-dans-lutilisation-des-antibiotiques-persistent-malgre-le-declin-de-la-pandemie\/\"]}]},{\"@type\":\"ImageObject\",\"inLanguage\":\"fr-FR\",\"@id\":\"https:\/\/rvh-synergie.org\/actualites\/les-inegalites-dans-lutilisation-des-antibiotiques-persistent-malgre-le-declin-de-la-pandemie\/#primaryimage\",\"url\":\"https:\/\/rvh-synergie.org\/actualites\/wp-content\/uploads\/2025\/04\/1744836944_Lutilisation-frequente-dantibiotiques-chez-les-nourrissons-et-les-jeunes-enfants.jpg\",\"contentUrl\":\"https:\/\/rvh-synergie.org\/actualites\/wp-content\/uploads\/2025\/04\/1744836944_Lutilisation-frequente-dantibiotiques-chez-les-nourrissons-et-les-jeunes-enfants.jpg\",\"width\":1920,\"height\":1279,\"caption\":\"L'utilisation fr\u00e9quente d'antibiotiques chez les nourrissons et les jeunes enfants peut augmenter le risque d'asthme, d'allergies et d'autres conditions\"},{\"@type\":\"BreadcrumbList\",\"@id\":\"https:\/\/rvh-synergie.org\/actualites\/les-inegalites-dans-lutilisation-des-antibiotiques-persistent-malgre-le-declin-de-la-pandemie\/#breadcrumb\",\"itemListElement\":[{\"@type\":\"ListItem\",\"position\":1,\"name\":\"Accueil\",\"item\":\"https:\/\/rvh-synergie.org\/actualites\/\"},{\"@type\":\"ListItem\",\"position\":2,\"name\":\"Les in\u00e9galit\u00e9s dans l\u2019utilisation des antibiotiques persistent malgr\u00e9 le d\u00e9clin de la pand\u00e9mie\"}]},{\"@type\":\"WebSite\",\"@id\":\"https:\/\/rvh-synergie.org\/actualites\/#website\",\"url\":\"https:\/\/rvh-synergie.org\/actualites\/\",\"name\":\"RVH-Synergie.org\",\"description\":\"RVH-Synergie, site ind\u00e9pendant d&#039;informations sur la prise en charge des addictions.\",\"publisher\":{\"@id\":\"https:\/\/rvh-synergie.org\/actualites\/#organization\"},\"potentialAction\":[{\"@type\":\"SearchAction\",\"target\":{\"@type\":\"EntryPoint\",\"urlTemplate\":\"https:\/\/rvh-synergie.org\/actualites\/?s={search_term_string}\"},\"query-input\":{\"@type\":\"PropertyValueSpecification\",\"valueRequired\":true,\"valueName\":\"search_term_string\"}}],\"inLanguage\":\"fr-FR\"},{\"@type\":\"Organization\",\"@id\":\"https:\/\/rvh-synergie.org\/actualites\/#organization\",\"name\":\"RVH-Synergie.org\",\"url\":\"https:\/\/rvh-synergie.org\/actualites\/\",\"logo\":{\"@type\":\"ImageObject\",\"inLanguage\":\"fr-FR\",\"@id\":\"https:\/\/rvh-synergie.org\/actualites\/#\/schema\/logo\/image\/\",\"url\":\"https:\/\/rvh-synergie.org\/actualites\/wp-content\/uploads\/2024\/09\/favicon.png\",\"contentUrl\":\"https:\/\/rvh-synergie.org\/actualites\/wp-content\/uploads\/2024\/09\/favicon.png\",\"width\":512,\"height\":512,\"caption\":\"RVH-Synergie.org\"},\"image\":{\"@id\":\"https:\/\/rvh-synergie.org\/actualites\/#\/schema\/logo\/image\/\"}},{\"@type\":\"Person\",\"@id\":\"https:\/\/rvh-synergie.org\/actualites\/#\/schema\/person\/aa5ea98671fb4e8620f488a0795d2560\",\"name\":\"Charles Martinez\",\"image\":{\"@type\":\"ImageObject\",\"inLanguage\":\"fr-FR\",\"@id\":\"https:\/\/rvh-synergie.org\/actualites\/#\/schema\/person\/image\/\",\"url\":\"https:\/\/rvh-synergie.org\/actualites\/wp-content\/uploads\/2024\/09\/charles-martinez-scaled.jpg\",\"contentUrl\":\"https:\/\/rvh-synergie.org\/actualites\/wp-content\/uploads\/2024\/09\/charles-martinez-scaled.jpg\",\"caption\":\"Charles Martinez\"},\"description\":\"Bonjour, je m'appelle Charles Martinez, r\u00e9dacteur passionn\u00e9 pour le m\u00e9dia RVH-synergie.org, d\u00e9di\u00e9 aux addictions et aux maladies. Depuis plus de dix ans, j'explore et rapporte les histoires poignantes des individus confront\u00e9s \u00e0 ces d\u00e9fis, tout en sensibilisant le public aux traitements novateurs et aux progr\u00e8s scientifiques dans ce domaine. Mon engagement r\u00e9side dans l'espoir de cr\u00e9er une communaut\u00e9 inform\u00e9e et empathique, pr\u00eate \u00e0 soutenir ceux qui luttent contre ces \u00e9preuves.\",\"sameAs\":[\"https:\/\/rvh-synergie.org\/\"]}]}<\/script>\n<!-- \/ Yoast SEO plugin. -->","yoast_head_json":{"title":"Les in\u00e9galit\u00e9s dans l\u2019utilisation des antibiotiques persistent malgr\u00e9 le d\u00e9clin de la pand\u00e9mie - RVH-Synergie.org","robots":{"index":"index","follow":"follow","max-snippet":"max-snippet:-1","max-image-preview":"max-image-preview:large","max-video-preview":"max-video-preview:-1"},"canonical":"https:\/\/rvh-synergie.org\/actualites\/les-inegalites-dans-lutilisation-des-antibiotiques-persistent-malgre-le-declin-de-la-pandemie\/","og_locale":"fr_FR","og_type":"article","og_title":"Les in\u00e9galit\u00e9s dans l\u2019utilisation des antibiotiques persistent malgr\u00e9 le d\u00e9clin de la pand\u00e9mie - RVH-Synergie.org","og_description":"Une \u00e9tude men\u00e9e par Eslam Abousamra, doctorant \u00e0 la CUNY SPH, et par la professeure","og_url":"https:\/\/rvh-synergie.org\/actualites\/les-inegalites-dans-lutilisation-des-antibiotiques-persistent-malgre-le-declin-de-la-pandemie\/","og_site_name":"RVH-Synergie","article_published_time":"2025-11-13T06:26:03+00:00","article_modified_time":"2025-11-13T06:26:04+00:00","og_image":[{"width":1920,"height":1279,"url":"https:\/\/rvh-synergie.org\/actualites\/wp-content\/uploads\/2025\/04\/1744836944_Lutilisation-frequente-dantibiotiques-chez-les-nourrissons-et-les-jeunes-enfants.jpg","type":"image\/jpeg"}],"author":"Charles Martinez","twitter_card":"summary_large_image","twitter_misc":{"\u00c9crit par":"Charles Martinez","Dur\u00e9e de lecture estim\u00e9e":"3 minutes"},"schema":{"@context":"https:\/\/schema.org","@graph":[{"@type":"Article","@id":"https:\/\/rvh-synergie.org\/actualites\/les-inegalites-dans-lutilisation-des-antibiotiques-persistent-malgre-le-declin-de-la-pandemie\/#article","isPartOf":{"@id":"https:\/\/rvh-synergie.org\/actualites\/les-inegalites-dans-lutilisation-des-antibiotiques-persistent-malgre-le-declin-de-la-pandemie\/"},"author":{"name":"Charles Martinez","@id":"https:\/\/rvh-synergie.org\/actualites\/#\/schema\/person\/aa5ea98671fb4e8620f488a0795d2560"},"headline":"Les in\u00e9galit\u00e9s dans l\u2019utilisation des antibiotiques persistent malgr\u00e9 le d\u00e9clin de la pand\u00e9mie","datePublished":"2025-11-13T06:26:03+00:00","dateModified":"2025-11-13T06:26:04+00:00","mainEntityOfPage":{"@id":"https:\/\/rvh-synergie.org\/actualites\/les-inegalites-dans-lutilisation-des-antibiotiques-persistent-malgre-le-declin-de-la-pandemie\/"},"wordCount":635,"publisher":{"@id":"https:\/\/rvh-synergie.org\/actualites\/#organization"},"image":{"@id":"https:\/\/rvh-synergie.org\/actualites\/les-inegalites-dans-lutilisation-des-antibiotiques-persistent-malgre-le-declin-de-la-pandemie\/#primaryimage"},"thumbnailUrl":"https:\/\/rvh-synergie.org\/actualites\/wp-content\/uploads\/2025\/04\/1744836944_Lutilisation-frequente-dantibiotiques-chez-les-nourrissons-et-les-jeunes-enfants.jpg","keywords":["antibiotiques","dans","d\u00e9clin","des","in\u00e9galit\u00e9s","Les","Lutilisation","malgr\u00e9","pand\u00e9mie","persistent"],"articleSection":["Les maladies"],"inLanguage":"fr-FR"},{"@type":"WebPage","@id":"https:\/\/rvh-synergie.org\/actualites\/les-inegalites-dans-lutilisation-des-antibiotiques-persistent-malgre-le-declin-de-la-pandemie\/","url":"https:\/\/rvh-synergie.org\/actualites\/les-inegalites-dans-lutilisation-des-antibiotiques-persistent-malgre-le-declin-de-la-pandemie\/","name":"Les in\u00e9galit\u00e9s dans l\u2019utilisation des antibiotiques persistent malgr\u00e9 le d\u00e9clin de la pand\u00e9mie - RVH-Synergie.org","isPartOf":{"@id":"https:\/\/rvh-synergie.org\/actualites\/#website"},"primaryImageOfPage":{"@id":"https:\/\/rvh-synergie.org\/actualites\/les-inegalites-dans-lutilisation-des-antibiotiques-persistent-malgre-le-declin-de-la-pandemie\/#primaryimage"},"image":{"@id":"https:\/\/rvh-synergie.org\/actualites\/les-inegalites-dans-lutilisation-des-antibiotiques-persistent-malgre-le-declin-de-la-pandemie\/#primaryimage"},"thumbnailUrl":"https:\/\/rvh-synergie.org\/actualites\/wp-content\/uploads\/2025\/04\/1744836944_Lutilisation-frequente-dantibiotiques-chez-les-nourrissons-et-les-jeunes-enfants.jpg","datePublished":"2025-11-13T06:26:03+00:00","dateModified":"2025-11-13T06:26:04+00:00","breadcrumb":{"@id":"https:\/\/rvh-synergie.org\/actualites\/les-inegalites-dans-lutilisation-des-antibiotiques-persistent-malgre-le-declin-de-la-pandemie\/#breadcrumb"},"inLanguage":"fr-FR","potentialAction":[{"@type":"ReadAction","target":["https:\/\/rvh-synergie.org\/actualites\/les-inegalites-dans-lutilisation-des-antibiotiques-persistent-malgre-le-declin-de-la-pandemie\/"]}]},{"@type":"ImageObject","inLanguage":"fr-FR","@id":"https:\/\/rvh-synergie.org\/actualites\/les-inegalites-dans-lutilisation-des-antibiotiques-persistent-malgre-le-declin-de-la-pandemie\/#primaryimage","url":"https:\/\/rvh-synergie.org\/actualites\/wp-content\/uploads\/2025\/04\/1744836944_Lutilisation-frequente-dantibiotiques-chez-les-nourrissons-et-les-jeunes-enfants.jpg","contentUrl":"https:\/\/rvh-synergie.org\/actualites\/wp-content\/uploads\/2025\/04\/1744836944_Lutilisation-frequente-dantibiotiques-chez-les-nourrissons-et-les-jeunes-enfants.jpg","width":1920,"height":1279,"caption":"L'utilisation fr\u00e9quente d'antibiotiques chez les nourrissons et les jeunes enfants peut augmenter le risque d'asthme, d'allergies et d'autres conditions"},{"@type":"BreadcrumbList","@id":"https:\/\/rvh-synergie.org\/actualites\/les-inegalites-dans-lutilisation-des-antibiotiques-persistent-malgre-le-declin-de-la-pandemie\/#breadcrumb","itemListElement":[{"@type":"ListItem","position":1,"name":"Accueil","item":"https:\/\/rvh-synergie.org\/actualites\/"},{"@type":"ListItem","position":2,"name":"Les in\u00e9galit\u00e9s dans l\u2019utilisation des antibiotiques persistent malgr\u00e9 le d\u00e9clin de la pand\u00e9mie"}]},{"@type":"WebSite","@id":"https:\/\/rvh-synergie.org\/actualites\/#website","url":"https:\/\/rvh-synergie.org\/actualites\/","name":"RVH-Synergie.org","description":"RVH-Synergie, site ind\u00e9pendant d&#039;informations sur la prise en charge des addictions.","publisher":{"@id":"https:\/\/rvh-synergie.org\/actualites\/#organization"},"potentialAction":[{"@type":"SearchAction","target":{"@type":"EntryPoint","urlTemplate":"https:\/\/rvh-synergie.org\/actualites\/?s={search_term_string}"},"query-input":{"@type":"PropertyValueSpecification","valueRequired":true,"valueName":"search_term_string"}}],"inLanguage":"fr-FR"},{"@type":"Organization","@id":"https:\/\/rvh-synergie.org\/actualites\/#organization","name":"RVH-Synergie.org","url":"https:\/\/rvh-synergie.org\/actualites\/","logo":{"@type":"ImageObject","inLanguage":"fr-FR","@id":"https:\/\/rvh-synergie.org\/actualites\/#\/schema\/logo\/image\/","url":"https:\/\/rvh-synergie.org\/actualites\/wp-content\/uploads\/2024\/09\/favicon.png","contentUrl":"https:\/\/rvh-synergie.org\/actualites\/wp-content\/uploads\/2024\/09\/favicon.png","width":512,"height":512,"caption":"RVH-Synergie.org"},"image":{"@id":"https:\/\/rvh-synergie.org\/actualites\/#\/schema\/logo\/image\/"}},{"@type":"Person","@id":"https:\/\/rvh-synergie.org\/actualites\/#\/schema\/person\/aa5ea98671fb4e8620f488a0795d2560","name":"Charles Martinez","image":{"@type":"ImageObject","inLanguage":"fr-FR","@id":"https:\/\/rvh-synergie.org\/actualites\/#\/schema\/person\/image\/","url":"https:\/\/rvh-synergie.org\/actualites\/wp-content\/uploads\/2024\/09\/charles-martinez-scaled.jpg","contentUrl":"https:\/\/rvh-synergie.org\/actualites\/wp-content\/uploads\/2024\/09\/charles-martinez-scaled.jpg","caption":"Charles Martinez"},"description":"Bonjour, je m'appelle Charles Martinez, r\u00e9dacteur passionn\u00e9 pour le m\u00e9dia RVH-synergie.org, d\u00e9di\u00e9 aux addictions et aux maladies. Depuis plus de dix ans, j'explore et rapporte les histoires poignantes des individus confront\u00e9s \u00e0 ces d\u00e9fis, tout en sensibilisant le public aux traitements novateurs et aux progr\u00e8s scientifiques dans ce domaine. Mon engagement r\u00e9side dans l'espoir de cr\u00e9er une communaut\u00e9 inform\u00e9e et empathique, pr\u00eate \u00e0 soutenir ceux qui luttent contre ces \u00e9preuves.","sameAs":["https:\/\/rvh-synergie.org\/"]}]}},"_links":{"self":[{"href":"https:\/\/rvh-synergie.org\/actualites\/wp-json\/wp\/v2\/posts\/11666","targetHints":{"allow":["GET"]}}],"collection":[{"href":"https:\/\/rvh-synergie.org\/actualites\/wp-json\/wp\/v2\/posts"}],"about":[{"href":"https:\/\/rvh-synergie.org\/actualites\/wp-json\/wp\/v2\/types\/post"}],"author":[{"embeddable":true,"href":"https:\/\/rvh-synergie.org\/actualites\/wp-json\/wp\/v2\/users\/1"}],"replies":[{"embeddable":true,"href":"https:\/\/rvh-synergie.org\/actualites\/wp-json\/wp\/v2\/comments?post=11666"}],"version-history":[{"count":0,"href":"https:\/\/rvh-synergie.org\/actualites\/wp-json\/wp\/v2\/posts\/11666\/revisions"}],"wp:featuredmedia":[{"embeddable":true,"href":"https:\/\/rvh-synergie.org\/actualites\/wp-json\/wp\/v2\/media\/5804"}],"wp:attachment":[{"href":"https:\/\/rvh-synergie.org\/actualites\/wp-json\/wp\/v2\/media?parent=11666"}],"wp:term":[{"taxonomy":"category","embeddable":true,"href":"https:\/\/rvh-synergie.org\/actualites\/wp-json\/wp\/v2\/categories?post=11666"},{"taxonomy":"post_tag","embeddable":true,"href":"https:\/\/rvh-synergie.org\/actualites\/wp-json\/wp\/v2\/tags?post=11666"}],"curies":[{"name":"wp","href":"https:\/\/api.w.org\/{rel}","templated":true}]}}