{"id":11651,"date":"2025-11-13T01:00:45","date_gmt":"2025-11-13T00:00:45","guid":{"rendered":"https:\/\/rvh-synergie.org\/actualites\/comment-les-cigarettes-electroniques-compromettent-les-droits-humains-des-enfants\/"},"modified":"2025-11-13T01:00:48","modified_gmt":"2025-11-13T00:00:48","slug":"comment-les-cigarettes-electroniques-compromettent-les-droits-humains-des-enfants","status":"publish","type":"post","link":"https:\/\/rvh-synergie.org\/actualites\/comment-les-cigarettes-electroniques-compromettent-les-droits-humains-des-enfants\/","title":{"rendered":"Comment les cigarettes \u00e9lectroniques compromettent les droits humains des enfants"},"content":{"rendered":"<div>\n<div class=\"article-gallery lightGallery\">\n<div data-thumb=\"https:\/\/scx1.b-cdn.net\/csz\/news\/tmb\/2025\/teen-vaping-1.jpg\" data-src=\"https:\/\/scx2.b-cdn.net\/gfx\/news\/hires\/2025\/teen-vaping-1.jpg\" data-sub-html=\"Credit: Pixabay\/CC0 Public Domain\">\n<figure class=\"article-img\">\n<\/figure><\/div>\n<\/div>\n<p>Exposer les enfants aux cigarettes \u00e9lectroniques compromet leurs droits humains. Ces produits devraient \u00eatre r\u00e9glement\u00e9s de mani\u00e8re \u00e0 donner la priorit\u00e9 \u00e0 l&rsquo;int\u00e9r\u00eat sup\u00e9rieur des enfants et \u00e0 les prot\u00e9ger des m\u00e9faits associ\u00e9s \u00e0 la consommation de nicotine sous toutes ses formes, affirment les experts en <i>Le BMJ<\/i>.<\/p>\n<p>Les enfants utilisent d\u00e9sormais les cigarettes \u00e9lectroniques \u00e0 des taux plus \u00e9lev\u00e9s que les adultes, \u00e9crivent Tom Gatehouse et ses coll\u00e8gues. \u00c0 l\u2019\u00e9chelle mondiale, l\u2019Organisation mondiale de la sant\u00e9 (OMS) estime que 7,2 % des enfants \u00e2g\u00e9s de 13 \u00e0 15 ans utilisent actuellement des cigarettes \u00e9lectroniques. Les donn\u00e9es indiquent que la consommation dans ce groupe est neuf fois sup\u00e9rieure \u00e0 celle des adultes, dans les pays qui surveillent les deux groupes.<\/p>\n<p>Comme leur cerveau est encore en d\u00e9veloppement, les adolescents sont particuli\u00e8rement sensibles \u00e0 l\u2019exposition \u00e0 la nicotine, qui peut avoir des effets \u00e0 long terme sur l\u2019attention, la cognition, la m\u00e9moire et l\u2019humeur, expliquent-ils. Ils sont \u00e9galement plus sensibles \u00e0 la d\u00e9pendance \u00e0 la nicotine, ce qui peut entra\u00eener des probl\u00e8mes de d\u00e9pendance et de toxicomanie plus tard dans la vie, et il est \u00e9galement de plus en plus \u00e9vident que les cigarettes \u00e9lectroniques peuvent servir de passerelle vers le tabagisme.<\/p>\n<h2>R\u00e9glementations mondiales et droits des enfants<\/h2>\n<p>Pourtant, m\u00eame si la protection de la sant\u00e9 des enfants est l\u00e9galement requise par la Convention des Nations Unies relative aux droits de l&rsquo;enfant (CDE), ils soulignent que 62 pays n&rsquo;ont toujours pas de r\u00e9glementation sur la cigarette \u00e9lectronique.<\/p>\n<p>Un lien explicite entre la lutte antitabac et les droits de l&rsquo;enfant a \u00e9t\u00e9 \u00e9tabli en 2003 avec l&rsquo;adoption de la Convention-cadre de l&rsquo;OMS pour la lutte antitabac, qui, selon les auteurs, est pertinente pour l&rsquo;usage des cigarettes \u00e9lectroniques par les jeunes ainsi que pour les produits du tabac conventionnels, puisque le cadre oblige les pays \u00e0 pr\u00e9venir et \u00e0 r\u00e9duire \u00e0 la fois la consommation de tabac et la d\u00e9pendance \u00e0 la nicotine.<\/p>\n<p>Ce lien a \u00e9t\u00e9 renforc\u00e9 en 2013 avec des recommandations selon lesquelles les partis prot\u00e8gent les enfants des aliments et boissons malsains, de l&rsquo;alcool, des solvants, des drogues illicites et des \u00ab autres substances toxiques \u00bb, qui devraient \u00e9videmment inclure les cigarettes \u00e9lectroniques, ajoutent-ils.<\/p>\n<h2>Arguments de l\u2019industrie et recommandations r\u00e9glementaires<\/h2>\n<p>Les industries du tabac et de la nicotine soutiennent que r\u00e9glementer les cigarettes \u00e9lectroniques de la m\u00eame mani\u00e8re que les produits du tabac conventionnels emp\u00eachera les fumeurs de se tourner vers des alternatives plus s\u00fbres. Pour les auteurs, en soulignant les b\u00e9n\u00e9fices potentiels pour ce groupe, ces industries ont persuad\u00e9 les gouvernements \u00ab de minimiser les dommages potentiels pour un groupe beaucoup plus large, qui comprend les enfants \u00bb.<\/p>\n<p>Ils notent que l&rsquo;OMS recommande une r\u00e9glementation stricte des cigarettes \u00e9lectroniques pour prot\u00e9ger la sant\u00e9 publique, avec une mise en \u0153uvre appropri\u00e9e. Les options incluent l&rsquo;interdiction de la vente de cigarettes \u00e9lectroniques et, lorsqu&rsquo;elles ne sont pas interdites, des mesures similaires \u00e0 celles qui ont contribu\u00e9 \u00e0 r\u00e9duire les taux de tabagisme chez les jeunes dans le monde, y compris des restrictions d&rsquo;\u00e2ge strictement appliqu\u00e9es ; les restrictions sur la publicit\u00e9, la promotion et le parrainage des cigarettes \u00e9lectroniques\u00a0; interdictions d&rsquo;affichage au d\u00e9tail; emballage neutre; et interdictions ou restrictions sur les ar\u00f4mes.<\/p>\n<p>L\u2019objectif primordial devrait \u00eatre de r\u00e9duire l\u2019attrait, la disponibilit\u00e9 et le prix abordable des cigarettes \u00e9lectroniques pour les enfants, comme de nombreux pays l\u2019ont d\u00e9j\u00e0 fait pour le tabac, affirment-ils.<\/p>\n<h2>D\u00e9fis en mati\u00e8re d\u2019application et obligations juridiques<\/h2>\n<p>Les gouvernements devront \u00eatre attentifs aux obstacles pratiques \u00e0 l&rsquo;application de la loi, tels que le marketing sur les r\u00e9seaux sociaux et le commerce \u00e9lectronique transfrontalier, ajoutent-ils, mais affirment qu&rsquo;anticiper ces d\u00e9fis \u00ab\u00a0garantira \u00e0 ce qu&rsquo;une approche de la r\u00e9glementation de la cigarette \u00e9lectronique centr\u00e9e sur l&rsquo;enfant ait les plus grandes chances de succ\u00e8s\u00a0\u00bb.<\/p>\n<p>\u00ab\u00a0Les cigarettes \u00e9lectroniques sont connues pour \u00eatre nocives pour ceux qui ne fument pas, en particulier pour les enfants, quel que soit leur r\u00f4le potentiel dans le sevrage tabagique ou, \u00e0 l&rsquo;inverse, leurs effets passerelles potentiels\u00a0\u00bb, \u00e9crivent-ils. \u00ab\u00a0Les gouvernements sont donc l\u00e9galement tenus d&#8217;emp\u00eacher leur utilisation parmi ce groupe d\u00e9mographique en vertu de la CRC et de la convention-cadre de l&rsquo;OMS.\u00a0\u00bb<\/p>\n<p>Compte tenu de l&rsquo;incertitude entourant les effets \u00e0 long terme de l&rsquo;usage de la cigarette \u00e9lectronique, ils concluent : \u00ab L&rsquo;incapacit\u00e9 \u00e0 prot\u00e9ger le droit \u00e0 la sant\u00e9 des enfants aujourd&rsquo;hui pourrait entra\u00eener des pr\u00e9judices qui s&rsquo;\u00e9tendent sur plusieurs g\u00e9n\u00e9rations. \u00bb<\/p>\n<p>                                        <!-- print only --><\/p><\/div>\n","protected":false},"excerpt":{"rendered":"<p>Exposer les enfants aux cigarettes \u00e9lectroniques compromet leurs droits humains. Ces produits devraient \u00eatre r\u00e9glement\u00e9s<\/p>\n","protected":false},"author":1,"featured_media":11652,"comment_status":"closed","ping_status":"","sticky":false,"template":"","format":"standard","meta":{"footnotes":""},"categories":[35],"tags":[366,182,2329,16,7654,367,135,1398,49],"class_list":["post-11651","post","type-post","status-publish","format-standard","has-post-thumbnail","hentry","category-les-addictions","tag-cigarettes","tag-comment","tag-compromettent","tag-des","tag-droits","tag-electroniques","tag-enfants","tag-humains","tag-les","generate-columns","tablet-grid-50","mobile-grid-100","grid-parent","grid-50","resize-featured-image"],"yoast_head":"<!-- This site is optimized with the Yoast SEO plugin v23.4 - https:\/\/yoast.com\/wordpress\/plugins\/seo\/ -->\n<title>Comment les cigarettes \u00e9lectroniques compromettent les droits humains des enfants - RVH-Synergie.org<\/title>\n<meta name=\"robots\" content=\"index, follow, max-snippet:-1, max-image-preview:large, max-video-preview:-1\" \/>\n<link rel=\"canonical\" href=\"https:\/\/rvh-synergie.org\/actualites\/comment-les-cigarettes-electroniques-compromettent-les-droits-humains-des-enfants\/\" \/>\n<meta property=\"og:locale\" content=\"fr_FR\" \/>\n<meta property=\"og:type\" content=\"article\" \/>\n<meta property=\"og:title\" content=\"Comment les cigarettes \u00e9lectroniques compromettent les droits humains des enfants - RVH-Synergie.org\" \/>\n<meta property=\"og:description\" content=\"Exposer les enfants aux cigarettes \u00e9lectroniques compromet leurs droits humains. Ces produits devraient \u00eatre r\u00e9glement\u00e9s\" \/>\n<meta property=\"og:url\" content=\"https:\/\/rvh-synergie.org\/actualites\/comment-les-cigarettes-electroniques-compromettent-les-droits-humains-des-enfants\/\" \/>\n<meta property=\"og:site_name\" content=\"RVH-Synergie\" \/>\n<meta property=\"article:published_time\" content=\"2025-11-13T00:00:45+00:00\" \/>\n<meta property=\"article:modified_time\" content=\"2025-11-13T00:00:48+00:00\" \/>\n<meta property=\"og:image\" content=\"https:\/\/rvh-synergie.org\/actualites\/wp-content\/uploads\/2025\/11\/1762992046_Comment-les-cigarettes-electroniques-compromettent-les-droits-humains-des-enfants.jpg\" \/>\n\t<meta property=\"og:image:width\" content=\"1920\" \/>\n\t<meta property=\"og:image:height\" content=\"1920\" \/>\n\t<meta property=\"og:image:type\" content=\"image\/jpeg\" \/>\n<meta name=\"author\" content=\"Charles Martinez\" \/>\n<meta name=\"twitter:card\" content=\"summary_large_image\" \/>\n<meta name=\"twitter:label1\" content=\"\u00c9crit par\" \/>\n\t<meta name=\"twitter:data1\" content=\"Charles Martinez\" \/>\n\t<meta name=\"twitter:label2\" content=\"Dur\u00e9e de lecture estim\u00e9e\" \/>\n\t<meta name=\"twitter:data2\" content=\"4 minutes\" \/>\n<script type=\"application\/ld+json\" class=\"yoast-schema-graph\">{\"@context\":\"https:\/\/schema.org\",\"@graph\":[{\"@type\":\"Article\",\"@id\":\"https:\/\/rvh-synergie.org\/actualites\/comment-les-cigarettes-electroniques-compromettent-les-droits-humains-des-enfants\/#article\",\"isPartOf\":{\"@id\":\"https:\/\/rvh-synergie.org\/actualites\/comment-les-cigarettes-electroniques-compromettent-les-droits-humains-des-enfants\/\"},\"author\":{\"name\":\"Charles Martinez\",\"@id\":\"https:\/\/rvh-synergie.org\/actualites\/#\/schema\/person\/aa5ea98671fb4e8620f488a0795d2560\"},\"headline\":\"Comment les cigarettes \u00e9lectroniques compromettent les droits humains des enfants\",\"datePublished\":\"2025-11-13T00:00:45+00:00\",\"dateModified\":\"2025-11-13T00:00:48+00:00\",\"mainEntityOfPage\":{\"@id\":\"https:\/\/rvh-synergie.org\/actualites\/comment-les-cigarettes-electroniques-compromettent-les-droits-humains-des-enfants\/\"},\"wordCount\":792,\"publisher\":{\"@id\":\"https:\/\/rvh-synergie.org\/actualites\/#organization\"},\"image\":{\"@id\":\"https:\/\/rvh-synergie.org\/actualites\/comment-les-cigarettes-electroniques-compromettent-les-droits-humains-des-enfants\/#primaryimage\"},\"thumbnailUrl\":\"https:\/\/rvh-synergie.org\/actualites\/wp-content\/uploads\/2025\/11\/1762992046_Comment-les-cigarettes-electroniques-compromettent-les-droits-humains-des-enfants.jpg\",\"keywords\":[\"cigarettes\",\"comment\",\"compromettent\",\"des\",\"droits\",\"\u00e9lectroniques\",\"enfants\",\"humains\",\"Les\"],\"articleSection\":[\"Les addictions\"],\"inLanguage\":\"fr-FR\"},{\"@type\":\"WebPage\",\"@id\":\"https:\/\/rvh-synergie.org\/actualites\/comment-les-cigarettes-electroniques-compromettent-les-droits-humains-des-enfants\/\",\"url\":\"https:\/\/rvh-synergie.org\/actualites\/comment-les-cigarettes-electroniques-compromettent-les-droits-humains-des-enfants\/\",\"name\":\"Comment les cigarettes \u00e9lectroniques compromettent les droits humains des enfants - RVH-Synergie.org\",\"isPartOf\":{\"@id\":\"https:\/\/rvh-synergie.org\/actualites\/#website\"},\"primaryImageOfPage\":{\"@id\":\"https:\/\/rvh-synergie.org\/actualites\/comment-les-cigarettes-electroniques-compromettent-les-droits-humains-des-enfants\/#primaryimage\"},\"image\":{\"@id\":\"https:\/\/rvh-synergie.org\/actualites\/comment-les-cigarettes-electroniques-compromettent-les-droits-humains-des-enfants\/#primaryimage\"},\"thumbnailUrl\":\"https:\/\/rvh-synergie.org\/actualites\/wp-content\/uploads\/2025\/11\/1762992046_Comment-les-cigarettes-electroniques-compromettent-les-droits-humains-des-enfants.jpg\",\"datePublished\":\"2025-11-13T00:00:45+00:00\",\"dateModified\":\"2025-11-13T00:00:48+00:00\",\"breadcrumb\":{\"@id\":\"https:\/\/rvh-synergie.org\/actualites\/comment-les-cigarettes-electroniques-compromettent-les-droits-humains-des-enfants\/#breadcrumb\"},\"inLanguage\":\"fr-FR\",\"potentialAction\":[{\"@type\":\"ReadAction\",\"target\":[\"https:\/\/rvh-synergie.org\/actualites\/comment-les-cigarettes-electroniques-compromettent-les-droits-humains-des-enfants\/\"]}]},{\"@type\":\"ImageObject\",\"inLanguage\":\"fr-FR\",\"@id\":\"https:\/\/rvh-synergie.org\/actualites\/comment-les-cigarettes-electroniques-compromettent-les-droits-humains-des-enfants\/#primaryimage\",\"url\":\"https:\/\/rvh-synergie.org\/actualites\/wp-content\/uploads\/2025\/11\/1762992046_Comment-les-cigarettes-electroniques-compromettent-les-droits-humains-des-enfants.jpg\",\"contentUrl\":\"https:\/\/rvh-synergie.org\/actualites\/wp-content\/uploads\/2025\/11\/1762992046_Comment-les-cigarettes-electroniques-compromettent-les-droits-humains-des-enfants.jpg\",\"width\":1920,\"height\":1920,\"caption\":\"Comment les cigarettes \u00e9lectroniques compromettent les droits humains des enfants\"},{\"@type\":\"BreadcrumbList\",\"@id\":\"https:\/\/rvh-synergie.org\/actualites\/comment-les-cigarettes-electroniques-compromettent-les-droits-humains-des-enfants\/#breadcrumb\",\"itemListElement\":[{\"@type\":\"ListItem\",\"position\":1,\"name\":\"Accueil\",\"item\":\"https:\/\/rvh-synergie.org\/actualites\/\"},{\"@type\":\"ListItem\",\"position\":2,\"name\":\"Comment les cigarettes \u00e9lectroniques compromettent les droits humains des enfants\"}]},{\"@type\":\"WebSite\",\"@id\":\"https:\/\/rvh-synergie.org\/actualites\/#website\",\"url\":\"https:\/\/rvh-synergie.org\/actualites\/\",\"name\":\"RVH-Synergie.org\",\"description\":\"RVH-Synergie, site ind\u00e9pendant d&#039;informations sur la prise en charge des addictions.\",\"publisher\":{\"@id\":\"https:\/\/rvh-synergie.org\/actualites\/#organization\"},\"potentialAction\":[{\"@type\":\"SearchAction\",\"target\":{\"@type\":\"EntryPoint\",\"urlTemplate\":\"https:\/\/rvh-synergie.org\/actualites\/?s={search_term_string}\"},\"query-input\":{\"@type\":\"PropertyValueSpecification\",\"valueRequired\":true,\"valueName\":\"search_term_string\"}}],\"inLanguage\":\"fr-FR\"},{\"@type\":\"Organization\",\"@id\":\"https:\/\/rvh-synergie.org\/actualites\/#organization\",\"name\":\"RVH-Synergie.org\",\"url\":\"https:\/\/rvh-synergie.org\/actualites\/\",\"logo\":{\"@type\":\"ImageObject\",\"inLanguage\":\"fr-FR\",\"@id\":\"https:\/\/rvh-synergie.org\/actualites\/#\/schema\/logo\/image\/\",\"url\":\"https:\/\/rvh-synergie.org\/actualites\/wp-content\/uploads\/2024\/09\/favicon.png\",\"contentUrl\":\"https:\/\/rvh-synergie.org\/actualites\/wp-content\/uploads\/2024\/09\/favicon.png\",\"width\":512,\"height\":512,\"caption\":\"RVH-Synergie.org\"},\"image\":{\"@id\":\"https:\/\/rvh-synergie.org\/actualites\/#\/schema\/logo\/image\/\"}},{\"@type\":\"Person\",\"@id\":\"https:\/\/rvh-synergie.org\/actualites\/#\/schema\/person\/aa5ea98671fb4e8620f488a0795d2560\",\"name\":\"Charles Martinez\",\"image\":{\"@type\":\"ImageObject\",\"inLanguage\":\"fr-FR\",\"@id\":\"https:\/\/rvh-synergie.org\/actualites\/#\/schema\/person\/image\/\",\"url\":\"https:\/\/rvh-synergie.org\/actualites\/wp-content\/uploads\/2024\/09\/charles-martinez-scaled.jpg\",\"contentUrl\":\"https:\/\/rvh-synergie.org\/actualites\/wp-content\/uploads\/2024\/09\/charles-martinez-scaled.jpg\",\"caption\":\"Charles Martinez\"},\"description\":\"Bonjour, je m'appelle Charles Martinez, r\u00e9dacteur passionn\u00e9 pour le m\u00e9dia RVH-synergie.org, d\u00e9di\u00e9 aux addictions et aux maladies. Depuis plus de dix ans, j'explore et rapporte les histoires poignantes des individus confront\u00e9s \u00e0 ces d\u00e9fis, tout en sensibilisant le public aux traitements novateurs et aux progr\u00e8s scientifiques dans ce domaine. Mon engagement r\u00e9side dans l'espoir de cr\u00e9er une communaut\u00e9 inform\u00e9e et empathique, pr\u00eate \u00e0 soutenir ceux qui luttent contre ces \u00e9preuves.\",\"sameAs\":[\"https:\/\/rvh-synergie.org\/\"]}]}<\/script>\n<!-- \/ Yoast SEO plugin. -->","yoast_head_json":{"title":"Comment les cigarettes \u00e9lectroniques compromettent les droits humains des enfants - RVH-Synergie.org","robots":{"index":"index","follow":"follow","max-snippet":"max-snippet:-1","max-image-preview":"max-image-preview:large","max-video-preview":"max-video-preview:-1"},"canonical":"https:\/\/rvh-synergie.org\/actualites\/comment-les-cigarettes-electroniques-compromettent-les-droits-humains-des-enfants\/","og_locale":"fr_FR","og_type":"article","og_title":"Comment les cigarettes \u00e9lectroniques compromettent les droits humains des enfants - RVH-Synergie.org","og_description":"Exposer les enfants aux cigarettes \u00e9lectroniques compromet leurs droits humains. Ces produits devraient \u00eatre r\u00e9glement\u00e9s","og_url":"https:\/\/rvh-synergie.org\/actualites\/comment-les-cigarettes-electroniques-compromettent-les-droits-humains-des-enfants\/","og_site_name":"RVH-Synergie","article_published_time":"2025-11-13T00:00:45+00:00","article_modified_time":"2025-11-13T00:00:48+00:00","og_image":[{"width":1920,"height":1920,"url":"https:\/\/rvh-synergie.org\/actualites\/wp-content\/uploads\/2025\/11\/1762992046_Comment-les-cigarettes-electroniques-compromettent-les-droits-humains-des-enfants.jpg","type":"image\/jpeg"}],"author":"Charles Martinez","twitter_card":"summary_large_image","twitter_misc":{"\u00c9crit par":"Charles Martinez","Dur\u00e9e de lecture estim\u00e9e":"4 minutes"},"schema":{"@context":"https:\/\/schema.org","@graph":[{"@type":"Article","@id":"https:\/\/rvh-synergie.org\/actualites\/comment-les-cigarettes-electroniques-compromettent-les-droits-humains-des-enfants\/#article","isPartOf":{"@id":"https:\/\/rvh-synergie.org\/actualites\/comment-les-cigarettes-electroniques-compromettent-les-droits-humains-des-enfants\/"},"author":{"name":"Charles Martinez","@id":"https:\/\/rvh-synergie.org\/actualites\/#\/schema\/person\/aa5ea98671fb4e8620f488a0795d2560"},"headline":"Comment les cigarettes \u00e9lectroniques compromettent les droits humains des enfants","datePublished":"2025-11-13T00:00:45+00:00","dateModified":"2025-11-13T00:00:48+00:00","mainEntityOfPage":{"@id":"https:\/\/rvh-synergie.org\/actualites\/comment-les-cigarettes-electroniques-compromettent-les-droits-humains-des-enfants\/"},"wordCount":792,"publisher":{"@id":"https:\/\/rvh-synergie.org\/actualites\/#organization"},"image":{"@id":"https:\/\/rvh-synergie.org\/actualites\/comment-les-cigarettes-electroniques-compromettent-les-droits-humains-des-enfants\/#primaryimage"},"thumbnailUrl":"https:\/\/rvh-synergie.org\/actualites\/wp-content\/uploads\/2025\/11\/1762992046_Comment-les-cigarettes-electroniques-compromettent-les-droits-humains-des-enfants.jpg","keywords":["cigarettes","comment","compromettent","des","droits","\u00e9lectroniques","enfants","humains","Les"],"articleSection":["Les addictions"],"inLanguage":"fr-FR"},{"@type":"WebPage","@id":"https:\/\/rvh-synergie.org\/actualites\/comment-les-cigarettes-electroniques-compromettent-les-droits-humains-des-enfants\/","url":"https:\/\/rvh-synergie.org\/actualites\/comment-les-cigarettes-electroniques-compromettent-les-droits-humains-des-enfants\/","name":"Comment les cigarettes \u00e9lectroniques compromettent les droits humains des enfants - RVH-Synergie.org","isPartOf":{"@id":"https:\/\/rvh-synergie.org\/actualites\/#website"},"primaryImageOfPage":{"@id":"https:\/\/rvh-synergie.org\/actualites\/comment-les-cigarettes-electroniques-compromettent-les-droits-humains-des-enfants\/#primaryimage"},"image":{"@id":"https:\/\/rvh-synergie.org\/actualites\/comment-les-cigarettes-electroniques-compromettent-les-droits-humains-des-enfants\/#primaryimage"},"thumbnailUrl":"https:\/\/rvh-synergie.org\/actualites\/wp-content\/uploads\/2025\/11\/1762992046_Comment-les-cigarettes-electroniques-compromettent-les-droits-humains-des-enfants.jpg","datePublished":"2025-11-13T00:00:45+00:00","dateModified":"2025-11-13T00:00:48+00:00","breadcrumb":{"@id":"https:\/\/rvh-synergie.org\/actualites\/comment-les-cigarettes-electroniques-compromettent-les-droits-humains-des-enfants\/#breadcrumb"},"inLanguage":"fr-FR","potentialAction":[{"@type":"ReadAction","target":["https:\/\/rvh-synergie.org\/actualites\/comment-les-cigarettes-electroniques-compromettent-les-droits-humains-des-enfants\/"]}]},{"@type":"ImageObject","inLanguage":"fr-FR","@id":"https:\/\/rvh-synergie.org\/actualites\/comment-les-cigarettes-electroniques-compromettent-les-droits-humains-des-enfants\/#primaryimage","url":"https:\/\/rvh-synergie.org\/actualites\/wp-content\/uploads\/2025\/11\/1762992046_Comment-les-cigarettes-electroniques-compromettent-les-droits-humains-des-enfants.jpg","contentUrl":"https:\/\/rvh-synergie.org\/actualites\/wp-content\/uploads\/2025\/11\/1762992046_Comment-les-cigarettes-electroniques-compromettent-les-droits-humains-des-enfants.jpg","width":1920,"height":1920,"caption":"Comment les cigarettes \u00e9lectroniques compromettent les droits humains des enfants"},{"@type":"BreadcrumbList","@id":"https:\/\/rvh-synergie.org\/actualites\/comment-les-cigarettes-electroniques-compromettent-les-droits-humains-des-enfants\/#breadcrumb","itemListElement":[{"@type":"ListItem","position":1,"name":"Accueil","item":"https:\/\/rvh-synergie.org\/actualites\/"},{"@type":"ListItem","position":2,"name":"Comment les cigarettes \u00e9lectroniques compromettent les droits humains des enfants"}]},{"@type":"WebSite","@id":"https:\/\/rvh-synergie.org\/actualites\/#website","url":"https:\/\/rvh-synergie.org\/actualites\/","name":"RVH-Synergie.org","description":"RVH-Synergie, site ind\u00e9pendant d&#039;informations sur la prise en charge des addictions.","publisher":{"@id":"https:\/\/rvh-synergie.org\/actualites\/#organization"},"potentialAction":[{"@type":"SearchAction","target":{"@type":"EntryPoint","urlTemplate":"https:\/\/rvh-synergie.org\/actualites\/?s={search_term_string}"},"query-input":{"@type":"PropertyValueSpecification","valueRequired":true,"valueName":"search_term_string"}}],"inLanguage":"fr-FR"},{"@type":"Organization","@id":"https:\/\/rvh-synergie.org\/actualites\/#organization","name":"RVH-Synergie.org","url":"https:\/\/rvh-synergie.org\/actualites\/","logo":{"@type":"ImageObject","inLanguage":"fr-FR","@id":"https:\/\/rvh-synergie.org\/actualites\/#\/schema\/logo\/image\/","url":"https:\/\/rvh-synergie.org\/actualites\/wp-content\/uploads\/2024\/09\/favicon.png","contentUrl":"https:\/\/rvh-synergie.org\/actualites\/wp-content\/uploads\/2024\/09\/favicon.png","width":512,"height":512,"caption":"RVH-Synergie.org"},"image":{"@id":"https:\/\/rvh-synergie.org\/actualites\/#\/schema\/logo\/image\/"}},{"@type":"Person","@id":"https:\/\/rvh-synergie.org\/actualites\/#\/schema\/person\/aa5ea98671fb4e8620f488a0795d2560","name":"Charles Martinez","image":{"@type":"ImageObject","inLanguage":"fr-FR","@id":"https:\/\/rvh-synergie.org\/actualites\/#\/schema\/person\/image\/","url":"https:\/\/rvh-synergie.org\/actualites\/wp-content\/uploads\/2024\/09\/charles-martinez-scaled.jpg","contentUrl":"https:\/\/rvh-synergie.org\/actualites\/wp-content\/uploads\/2024\/09\/charles-martinez-scaled.jpg","caption":"Charles Martinez"},"description":"Bonjour, je m'appelle Charles Martinez, r\u00e9dacteur passionn\u00e9 pour le m\u00e9dia RVH-synergie.org, d\u00e9di\u00e9 aux addictions et aux maladies. Depuis plus de dix ans, j'explore et rapporte les histoires poignantes des individus confront\u00e9s \u00e0 ces d\u00e9fis, tout en sensibilisant le public aux traitements novateurs et aux progr\u00e8s scientifiques dans ce domaine. Mon engagement r\u00e9side dans l'espoir de cr\u00e9er une communaut\u00e9 inform\u00e9e et empathique, pr\u00eate \u00e0 soutenir ceux qui luttent contre ces \u00e9preuves.","sameAs":["https:\/\/rvh-synergie.org\/"]}]}},"_links":{"self":[{"href":"https:\/\/rvh-synergie.org\/actualites\/wp-json\/wp\/v2\/posts\/11651","targetHints":{"allow":["GET"]}}],"collection":[{"href":"https:\/\/rvh-synergie.org\/actualites\/wp-json\/wp\/v2\/posts"}],"about":[{"href":"https:\/\/rvh-synergie.org\/actualites\/wp-json\/wp\/v2\/types\/post"}],"author":[{"embeddable":true,"href":"https:\/\/rvh-synergie.org\/actualites\/wp-json\/wp\/v2\/users\/1"}],"replies":[{"embeddable":true,"href":"https:\/\/rvh-synergie.org\/actualites\/wp-json\/wp\/v2\/comments?post=11651"}],"version-history":[{"count":0,"href":"https:\/\/rvh-synergie.org\/actualites\/wp-json\/wp\/v2\/posts\/11651\/revisions"}],"wp:featuredmedia":[{"embeddable":true,"href":"https:\/\/rvh-synergie.org\/actualites\/wp-json\/wp\/v2\/media\/11652"}],"wp:attachment":[{"href":"https:\/\/rvh-synergie.org\/actualites\/wp-json\/wp\/v2\/media?parent=11651"}],"wp:term":[{"taxonomy":"category","embeddable":true,"href":"https:\/\/rvh-synergie.org\/actualites\/wp-json\/wp\/v2\/categories?post=11651"},{"taxonomy":"post_tag","embeddable":true,"href":"https:\/\/rvh-synergie.org\/actualites\/wp-json\/wp\/v2\/tags?post=11651"}],"curies":[{"name":"wp","href":"https:\/\/api.w.org\/{rel}","templated":true}]}}