{"id":11648,"date":"2025-11-13T00:40:37","date_gmt":"2025-11-12T23:40:37","guid":{"rendered":"https:\/\/rvh-synergie.org\/actualites\/les-cephalees-touchent-3-milliards-de-personnes-dans-le-monde-se-classant-au-sixieme-rang-en-termes-de-perte-de-sante-en-2023\/"},"modified":"2025-11-13T00:40:40","modified_gmt":"2025-11-12T23:40:40","slug":"les-cephalees-touchent-3-milliards-de-personnes-dans-le-monde-se-classant-au-sixieme-rang-en-termes-de-perte-de-sante-en-2023","status":"publish","type":"post","link":"https:\/\/rvh-synergie.org\/actualites\/les-cephalees-touchent-3-milliards-de-personnes-dans-le-monde-se-classant-au-sixieme-rang-en-termes-de-perte-de-sante-en-2023\/","title":{"rendered":"Les c\u00e9phal\u00e9es touchent 3 milliards de personnes dans le monde, se classant au sixi\u00e8me rang en termes de perte de sant\u00e9 en 2023"},"content":{"rendered":"<div>\n<div class=\"article-gallery lightGallery\">\n<div data-thumb=\"https:\/\/scx1.b-cdn.net\/csz\/news\/tmb\/2025\/headache-1.jpg\" data-src=\"https:\/\/scx2.b-cdn.net\/gfx\/news\/hires\/2025\/headache-1.jpg\" data-sub-html=\"Credit: Pixabay\/CC0 Public Domain\">\n<figure class=\"article-img\">\n<\/figure><\/div>\n<\/div>\n<p>Les c\u00e9phal\u00e9es ont touch\u00e9 pr\u00e8s de 3 milliards de personnes dans le monde en 2023, soit pr\u00e8s d&rsquo;une personne sur trois, un chiffre inchang\u00e9 depuis 1990, et se sont class\u00e9es au sixi\u00e8me rang des causes de perte de sant\u00e9, selon une nouvelle \u00e9tude \u00e0 para\u00eetre dans <i>La neurologie du Lancet<\/i>. L\u2019analyse fait partie de l\u2019\u00e9tude Global Burden of Disease (GBD) 2023 et estime la perte de sant\u00e9 due \u00e0 la migraine, aux c\u00e9phal\u00e9es de tension et aux c\u00e9phal\u00e9es dues \u00e0 l\u2019abus de m\u00e9dicaments de 1990 \u00e0 2023.<\/p>\n<p>L&rsquo;\u00e9tude a \u00e9t\u00e9 dirig\u00e9e par des chercheurs de l&rsquo;Institute for Health Metrics and Evaluation (IHME) et de l&rsquo;Universit\u00e9 norv\u00e9gienne des sciences et technologies (NTNU). L\u2019\u00e9tude a examin\u00e9 la perte de sant\u00e9 r\u00e9sultant des maux de t\u00eate et la dur\u00e9e pendant laquelle les personnes souffrent de maux de t\u00eate, selon l\u2019\u00e2ge et le sexe.<\/p>\n<p>La perte de sant\u00e9 a \u00e9t\u00e9 mesur\u00e9e en ann\u00e9es v\u00e9cues avec un handicap (YLD), ce qui repr\u00e9sente le temps total que les personnes passent \u00e0 vivre avec des probl\u00e8mes de sant\u00e9 qui limitent leurs activit\u00e9s quotidiennes et leur bien-\u00eatre g\u00e9n\u00e9ral. S&rsquo;appuyant sur des \u00e9tudes de population \u00e0 travers le monde, l&rsquo;analyse fournit l&rsquo;image la plus compl\u00e8te \u00e0 ce jour de la mani\u00e8re dont les c\u00e9phal\u00e9es affectent la vie quotidienne et la sant\u00e9 globale.<\/p>\n<h2>Les c\u00e9phal\u00e9es comptent parmi les affections les plus invalidantes au monde, touchant de mani\u00e8re disproportionn\u00e9e les femmes<\/h2>\n<p>En 2023, les c\u00e9phal\u00e9es repr\u00e9sentaient un taux standardis\u00e9 selon l\u2019\u00e2ge de 541,9 YLD pour 100\u00a0000 personnes, se classant au sixi\u00e8me rang parmi toutes les causes d\u2019invalidit\u00e9 dans le monde. Le fardeau des c\u00e9phal\u00e9es \u00e9tait plus de deux fois plus \u00e9lev\u00e9 chez les femmes que chez les hommes, avec des taux de 739,9 et 346,1 YLD pour 100 000 habitants, respectivement. Dans tous les groupes d\u2019\u00e2ge, les femmes passaient syst\u00e9matiquement plus de temps \u00e0 ressentir des sympt\u00f4mes de maux de t\u00eate que les hommes.<\/p>\n<p>\u00ab\u00a0Notre analyse montre que les troubles des c\u00e9phal\u00e9es sont rest\u00e9s inchang\u00e9s depuis trois d\u00e9cennies\u00a0\u00bb, a d\u00e9clar\u00e9 Yvonne Xu, co-auteur et chercheuse \u00e0 l&rsquo;IHME. \u00ab\u00a0Et les femmes connaissent des niveaux significativement plus \u00e9lev\u00e9s d&rsquo;invalidit\u00e9 li\u00e9e aux maux de t\u00eate parce qu&rsquo;elles ont des maux de t\u00eate plus fr\u00e9quemment et pendant plus longtemps que les hommes. Reconna\u00eetre cela est essentiel pour am\u00e9liorer la fa\u00e7on dont nous pr\u00e9venons et g\u00e9rons les maux de t\u00eate dans le monde entier.\u00a0\u00bb<\/p>\n<h2>La migraine et la surconsommation de m\u00e9dicaments repr\u00e9sentent la majeure partie du fardeau mondial des c\u00e9phal\u00e9es<\/h2>\n<p>Bien que les c\u00e9phal\u00e9es de tension soient pr\u00e8s de deux fois plus fr\u00e9quentes que la migraine, la migraine repr\u00e9sente environ 90 % des YLD attribu\u00e9es aux c\u00e9phal\u00e9es. En 2023, la migraine \u00e0 elle seule a caus\u00e9 environ 40,9 millions d\u2019YLD dans le monde, avec un taux standardis\u00e9 selon l\u2019\u00e2ge de 487,5 YLD pour 100\u00a0000. Les c\u00e9phal\u00e9es de tension repr\u00e9sentaient 54,4 YLD pour 100\u00a0000, ce qui montre que la migraine, bien que moins courante, est beaucoup plus invalidante et repr\u00e9sente la majeure partie du fardeau global des c\u00e9phal\u00e9es.<\/p>\n<p>M\u00eame si les taux d&rsquo;incapacit\u00e9 li\u00e9s \u00e0 la migraine les plus \u00e9lev\u00e9s ont \u00e9t\u00e9 observ\u00e9s en Afrique du Nord et au Moyen-Orient, suivis de pr\u00e8s par les r\u00e9gions \u00e0 revenu \u00e9lev\u00e9 comme l&rsquo;Europe et l&rsquo;Am\u00e9rique du Nord, le fardeau reste \u00e9lev\u00e9 \u00e0 l&rsquo;\u00e9chelle mondiale.<\/p>\n<p>Les c\u00e9phal\u00e9es dues \u00e0 un abus de m\u00e9dicaments, d\u00e9finies comme l&rsquo;aggravation d&rsquo;un mal de t\u00eate existant en raison d&rsquo;une utilisation excessive de m\u00e9dicaments (par exemple, des analg\u00e9siques) principalement utilis\u00e9s pour traiter la migraine ou les c\u00e9phal\u00e9es de tension, amplifie encore ce fardeau. Bien que cette pathologie touche relativement peu de personnes, son impact sur l&rsquo;invalidit\u00e9 \u00e0 l&rsquo;\u00e9chelle de la population est consid\u00e9rable en raison du fardeau individuel \u00e9lev\u00e9.<\/p>\n<p>Pour la migraine, la surconsommation de m\u00e9dicaments repr\u00e9sentait 22,6 % des YLD chez les hommes et 14,1 % chez les femmes, tandis que pour les c\u00e9phal\u00e9es de tension, elle repr\u00e9sentait respectivement 58,9 % et 56,1 %. Dans l\u2019ensemble, la surconsommation de m\u00e9dicaments \u00e9tait responsable de plus d\u2019un cinqui\u00e8me de toutes les incapacit\u00e9s li\u00e9es aux maux de t\u00eate dans le monde.<\/p>\n<p>\u00ab\u00a0Nos r\u00e9sultats montrent qu&rsquo;une grande partie du fardeau mondial des maux de t\u00eate est \u00e9vitable\u00a0\u00bb, a d\u00e9clar\u00e9 Andreas Kattem Hus\u00f8y, auteur principal et chercheur postdoctoral au D\u00e9partement de neurom\u00e9decine et des sciences du mouvement du NTNU et du Centre norv\u00e9gien de recherche sur les maux de t\u00eate (NorHead).<\/p>\n<p>\u00ab\u00a0L&rsquo;int\u00e9gration des services contre les maux de t\u00eate dans les soins primaires, en particulier dans les pays \u00e0 revenu faible ou interm\u00e9diaire o\u00f9 les traitements efficaces restent rares, pourrait r\u00e9duire la perte de productivit\u00e9 et am\u00e9liorer la qualit\u00e9 de vie de centaines de millions de personnes.\u00a0\u00bb<\/p>\n<h2>L\u2019am\u00e9lioration des soins et de l\u2019\u00e9ducation est essentielle pour r\u00e9duire le fardeau mondial des c\u00e9phal\u00e9es<\/h2>\n<p>Les c\u00e9phal\u00e9es restent l\u2019un des probl\u00e8mes de sant\u00e9 les plus courants et les plus invalidants dans le monde. Le fardeau est in\u00e9galement r\u00e9parti selon le sexe et encore intensifi\u00e9 par la surutilisation d\u2019analg\u00e9siques, une cause \u00e9vitable de douleur et d\u2019invalidit\u00e9 \u00e0 long terme. Bien que des traitements efficaces et abordables soient disponibles, l\u2019acc\u00e8s \u00e0 des soins appropri\u00e9s et \u00e0 l\u2019\u00e9ducation sur l\u2019utilisation s\u00fbre des m\u00e9dicaments reste limit\u00e9 dans de nombreux contextes.<\/p>\n<p>Les r\u00e9sultats mettent en \u00e9vidence un besoin urgent de renforcer la pr\u00e9vention, la gestion et l\u2019acc\u00e8s aux soins pour les c\u00e9phal\u00e9es dans le monde entier. Gr\u00e2ce \u00e0 une plus grande sensibilisation et \u00e0 une action coordonn\u00e9e, une grande partie du fardeau mondial des c\u00e9phal\u00e9es peut \u00eatre \u00e9vit\u00e9e.<\/p>\n<p>                                        <!-- print only --><\/p><\/div>\n","protected":false},"excerpt":{"rendered":"<p>Les c\u00e9phal\u00e9es ont touch\u00e9 pr\u00e8s de 3 milliards de personnes dans le monde en 2023,<\/p>\n","protected":false},"author":1,"featured_media":11649,"comment_status":"closed","ping_status":"","sticky":false,"template":"","format":"standard","meta":{"footnotes":""},"categories":[86],"tags":[7649,7651,44,49,4542,1482,100,1054,7652,212,3624,7653,7650],"class_list":["post-11648","post","type-post","status-publish","format-standard","has-post-thumbnail","hentry","category-les-maladies","tag-cephalees","tag-classant","tag-dans","tag-les","tag-milliards","tag-monde","tag-personnes","tag-perte","tag-rang","tag-sante","tag-sixieme","tag-termes","tag-touchent","generate-columns","tablet-grid-50","mobile-grid-100","grid-parent","grid-50","resize-featured-image"],"yoast_head":"<!-- This site is optimized with the Yoast SEO plugin v23.4 - https:\/\/yoast.com\/wordpress\/plugins\/seo\/ -->\n<title>Les c\u00e9phal\u00e9es touchent 3 milliards de personnes dans le monde, se classant au sixi\u00e8me rang en termes de perte de sant\u00e9 en 2023 - RVH-Synergie.org<\/title>\n<meta name=\"robots\" content=\"index, follow, max-snippet:-1, max-image-preview:large, max-video-preview:-1\" \/>\n<link rel=\"canonical\" href=\"https:\/\/rvh-synergie.org\/actualites\/les-cephalees-touchent-3-milliards-de-personnes-dans-le-monde-se-classant-au-sixieme-rang-en-termes-de-perte-de-sante-en-2023\/\" \/>\n<meta property=\"og:locale\" content=\"fr_FR\" \/>\n<meta property=\"og:type\" content=\"article\" \/>\n<meta property=\"og:title\" content=\"Les c\u00e9phal\u00e9es touchent 3 milliards de personnes dans le monde, se classant au sixi\u00e8me rang en termes de perte de sant\u00e9 en 2023 - RVH-Synergie.org\" \/>\n<meta property=\"og:description\" content=\"Les c\u00e9phal\u00e9es ont touch\u00e9 pr\u00e8s de 3 milliards de personnes dans le monde en 2023,\" \/>\n<meta property=\"og:url\" content=\"https:\/\/rvh-synergie.org\/actualites\/les-cephalees-touchent-3-milliards-de-personnes-dans-le-monde-se-classant-au-sixieme-rang-en-termes-de-perte-de-sante-en-2023\/\" \/>\n<meta property=\"og:site_name\" content=\"RVH-Synergie\" \/>\n<meta property=\"article:published_time\" content=\"2025-11-12T23:40:37+00:00\" \/>\n<meta property=\"article:modified_time\" content=\"2025-11-12T23:40:40+00:00\" \/>\n<meta property=\"og:image\" content=\"https:\/\/rvh-synergie.org\/actualites\/wp-content\/uploads\/2025\/11\/1762990837_Les-cephalees-touchent-3-milliards-de-personnes-dans-le-monde.jpg\" \/>\n\t<meta property=\"og:image:width\" content=\"1920\" \/>\n\t<meta property=\"og:image:height\" content=\"1032\" \/>\n\t<meta property=\"og:image:type\" content=\"image\/jpeg\" \/>\n<meta name=\"author\" content=\"Charles Martinez\" \/>\n<meta name=\"twitter:card\" content=\"summary_large_image\" \/>\n<meta name=\"twitter:label1\" content=\"\u00c9crit par\" \/>\n\t<meta name=\"twitter:data1\" content=\"Charles Martinez\" \/>\n\t<meta name=\"twitter:label2\" content=\"Dur\u00e9e de lecture estim\u00e9e\" \/>\n\t<meta name=\"twitter:data2\" content=\"5 minutes\" \/>\n<script type=\"application\/ld+json\" class=\"yoast-schema-graph\">{\"@context\":\"https:\/\/schema.org\",\"@graph\":[{\"@type\":\"Article\",\"@id\":\"https:\/\/rvh-synergie.org\/actualites\/les-cephalees-touchent-3-milliards-de-personnes-dans-le-monde-se-classant-au-sixieme-rang-en-termes-de-perte-de-sante-en-2023\/#article\",\"isPartOf\":{\"@id\":\"https:\/\/rvh-synergie.org\/actualites\/les-cephalees-touchent-3-milliards-de-personnes-dans-le-monde-se-classant-au-sixieme-rang-en-termes-de-perte-de-sante-en-2023\/\"},\"author\":{\"name\":\"Charles Martinez\",\"@id\":\"https:\/\/rvh-synergie.org\/actualites\/#\/schema\/person\/aa5ea98671fb4e8620f488a0795d2560\"},\"headline\":\"Les c\u00e9phal\u00e9es touchent 3 milliards de personnes dans le monde, se classant au sixi\u00e8me rang en termes de perte de sant\u00e9 en 2023\",\"datePublished\":\"2025-11-12T23:40:37+00:00\",\"dateModified\":\"2025-11-12T23:40:40+00:00\",\"mainEntityOfPage\":{\"@id\":\"https:\/\/rvh-synergie.org\/actualites\/les-cephalees-touchent-3-milliards-de-personnes-dans-le-monde-se-classant-au-sixieme-rang-en-termes-de-perte-de-sante-en-2023\/\"},\"wordCount\":1050,\"publisher\":{\"@id\":\"https:\/\/rvh-synergie.org\/actualites\/#organization\"},\"image\":{\"@id\":\"https:\/\/rvh-synergie.org\/actualites\/les-cephalees-touchent-3-milliards-de-personnes-dans-le-monde-se-classant-au-sixieme-rang-en-termes-de-perte-de-sante-en-2023\/#primaryimage\"},\"thumbnailUrl\":\"https:\/\/rvh-synergie.org\/actualites\/wp-content\/uploads\/2025\/11\/1762990837_Les-cephalees-touchent-3-milliards-de-personnes-dans-le-monde.jpg\",\"keywords\":[\"c\u00e9phal\u00e9es\",\"classant\",\"dans\",\"Les\",\"milliards\",\"monde\",\"personnes\",\"perte\",\"rang\",\"sant\u00e9\",\"sixi\u00e8me\",\"termes\",\"touchent\"],\"articleSection\":[\"Les maladies\"],\"inLanguage\":\"fr-FR\"},{\"@type\":\"WebPage\",\"@id\":\"https:\/\/rvh-synergie.org\/actualites\/les-cephalees-touchent-3-milliards-de-personnes-dans-le-monde-se-classant-au-sixieme-rang-en-termes-de-perte-de-sante-en-2023\/\",\"url\":\"https:\/\/rvh-synergie.org\/actualites\/les-cephalees-touchent-3-milliards-de-personnes-dans-le-monde-se-classant-au-sixieme-rang-en-termes-de-perte-de-sante-en-2023\/\",\"name\":\"Les c\u00e9phal\u00e9es touchent 3 milliards de personnes dans le monde, se classant au sixi\u00e8me rang en termes de perte de sant\u00e9 en 2023 - RVH-Synergie.org\",\"isPartOf\":{\"@id\":\"https:\/\/rvh-synergie.org\/actualites\/#website\"},\"primaryImageOfPage\":{\"@id\":\"https:\/\/rvh-synergie.org\/actualites\/les-cephalees-touchent-3-milliards-de-personnes-dans-le-monde-se-classant-au-sixieme-rang-en-termes-de-perte-de-sante-en-2023\/#primaryimage\"},\"image\":{\"@id\":\"https:\/\/rvh-synergie.org\/actualites\/les-cephalees-touchent-3-milliards-de-personnes-dans-le-monde-se-classant-au-sixieme-rang-en-termes-de-perte-de-sante-en-2023\/#primaryimage\"},\"thumbnailUrl\":\"https:\/\/rvh-synergie.org\/actualites\/wp-content\/uploads\/2025\/11\/1762990837_Les-cephalees-touchent-3-milliards-de-personnes-dans-le-monde.jpg\",\"datePublished\":\"2025-11-12T23:40:37+00:00\",\"dateModified\":\"2025-11-12T23:40:40+00:00\",\"breadcrumb\":{\"@id\":\"https:\/\/rvh-synergie.org\/actualites\/les-cephalees-touchent-3-milliards-de-personnes-dans-le-monde-se-classant-au-sixieme-rang-en-termes-de-perte-de-sante-en-2023\/#breadcrumb\"},\"inLanguage\":\"fr-FR\",\"potentialAction\":[{\"@type\":\"ReadAction\",\"target\":[\"https:\/\/rvh-synergie.org\/actualites\/les-cephalees-touchent-3-milliards-de-personnes-dans-le-monde-se-classant-au-sixieme-rang-en-termes-de-perte-de-sante-en-2023\/\"]}]},{\"@type\":\"ImageObject\",\"inLanguage\":\"fr-FR\",\"@id\":\"https:\/\/rvh-synergie.org\/actualites\/les-cephalees-touchent-3-milliards-de-personnes-dans-le-monde-se-classant-au-sixieme-rang-en-termes-de-perte-de-sante-en-2023\/#primaryimage\",\"url\":\"https:\/\/rvh-synergie.org\/actualites\/wp-content\/uploads\/2025\/11\/1762990837_Les-cephalees-touchent-3-milliards-de-personnes-dans-le-monde.jpg\",\"contentUrl\":\"https:\/\/rvh-synergie.org\/actualites\/wp-content\/uploads\/2025\/11\/1762990837_Les-cephalees-touchent-3-milliards-de-personnes-dans-le-monde.jpg\",\"width\":1920,\"height\":1032,\"caption\":\"Les c\u00e9phal\u00e9es touchent 3 milliards de personnes dans le monde, se classant au sixi\u00e8me rang en termes de perte de sant\u00e9 en 2023\"},{\"@type\":\"BreadcrumbList\",\"@id\":\"https:\/\/rvh-synergie.org\/actualites\/les-cephalees-touchent-3-milliards-de-personnes-dans-le-monde-se-classant-au-sixieme-rang-en-termes-de-perte-de-sante-en-2023\/#breadcrumb\",\"itemListElement\":[{\"@type\":\"ListItem\",\"position\":1,\"name\":\"Accueil\",\"item\":\"https:\/\/rvh-synergie.org\/actualites\/\"},{\"@type\":\"ListItem\",\"position\":2,\"name\":\"Les c\u00e9phal\u00e9es touchent 3 milliards de personnes dans le monde, se classant au sixi\u00e8me rang en termes de perte de sant\u00e9 en 2023\"}]},{\"@type\":\"WebSite\",\"@id\":\"https:\/\/rvh-synergie.org\/actualites\/#website\",\"url\":\"https:\/\/rvh-synergie.org\/actualites\/\",\"name\":\"RVH-Synergie.org\",\"description\":\"RVH-Synergie, site ind\u00e9pendant d&#039;informations sur la prise en charge des addictions.\",\"publisher\":{\"@id\":\"https:\/\/rvh-synergie.org\/actualites\/#organization\"},\"potentialAction\":[{\"@type\":\"SearchAction\",\"target\":{\"@type\":\"EntryPoint\",\"urlTemplate\":\"https:\/\/rvh-synergie.org\/actualites\/?s={search_term_string}\"},\"query-input\":{\"@type\":\"PropertyValueSpecification\",\"valueRequired\":true,\"valueName\":\"search_term_string\"}}],\"inLanguage\":\"fr-FR\"},{\"@type\":\"Organization\",\"@id\":\"https:\/\/rvh-synergie.org\/actualites\/#organization\",\"name\":\"RVH-Synergie.org\",\"url\":\"https:\/\/rvh-synergie.org\/actualites\/\",\"logo\":{\"@type\":\"ImageObject\",\"inLanguage\":\"fr-FR\",\"@id\":\"https:\/\/rvh-synergie.org\/actualites\/#\/schema\/logo\/image\/\",\"url\":\"https:\/\/rvh-synergie.org\/actualites\/wp-content\/uploads\/2024\/09\/favicon.png\",\"contentUrl\":\"https:\/\/rvh-synergie.org\/actualites\/wp-content\/uploads\/2024\/09\/favicon.png\",\"width\":512,\"height\":512,\"caption\":\"RVH-Synergie.org\"},\"image\":{\"@id\":\"https:\/\/rvh-synergie.org\/actualites\/#\/schema\/logo\/image\/\"}},{\"@type\":\"Person\",\"@id\":\"https:\/\/rvh-synergie.org\/actualites\/#\/schema\/person\/aa5ea98671fb4e8620f488a0795d2560\",\"name\":\"Charles Martinez\",\"image\":{\"@type\":\"ImageObject\",\"inLanguage\":\"fr-FR\",\"@id\":\"https:\/\/rvh-synergie.org\/actualites\/#\/schema\/person\/image\/\",\"url\":\"https:\/\/rvh-synergie.org\/actualites\/wp-content\/uploads\/2024\/09\/charles-martinez-scaled.jpg\",\"contentUrl\":\"https:\/\/rvh-synergie.org\/actualites\/wp-content\/uploads\/2024\/09\/charles-martinez-scaled.jpg\",\"caption\":\"Charles Martinez\"},\"description\":\"Bonjour, je m'appelle Charles Martinez, r\u00e9dacteur passionn\u00e9 pour le m\u00e9dia RVH-synergie.org, d\u00e9di\u00e9 aux addictions et aux maladies. Depuis plus de dix ans, j'explore et rapporte les histoires poignantes des individus confront\u00e9s \u00e0 ces d\u00e9fis, tout en sensibilisant le public aux traitements novateurs et aux progr\u00e8s scientifiques dans ce domaine. Mon engagement r\u00e9side dans l'espoir de cr\u00e9er une communaut\u00e9 inform\u00e9e et empathique, pr\u00eate \u00e0 soutenir ceux qui luttent contre ces \u00e9preuves.\",\"sameAs\":[\"https:\/\/rvh-synergie.org\/\"]}]}<\/script>\n<!-- \/ Yoast SEO plugin. -->","yoast_head_json":{"title":"Les c\u00e9phal\u00e9es touchent 3 milliards de personnes dans le monde, se classant au sixi\u00e8me rang en termes de perte de sant\u00e9 en 2023 - RVH-Synergie.org","robots":{"index":"index","follow":"follow","max-snippet":"max-snippet:-1","max-image-preview":"max-image-preview:large","max-video-preview":"max-video-preview:-1"},"canonical":"https:\/\/rvh-synergie.org\/actualites\/les-cephalees-touchent-3-milliards-de-personnes-dans-le-monde-se-classant-au-sixieme-rang-en-termes-de-perte-de-sante-en-2023\/","og_locale":"fr_FR","og_type":"article","og_title":"Les c\u00e9phal\u00e9es touchent 3 milliards de personnes dans le monde, se classant au sixi\u00e8me rang en termes de perte de sant\u00e9 en 2023 - RVH-Synergie.org","og_description":"Les c\u00e9phal\u00e9es ont touch\u00e9 pr\u00e8s de 3 milliards de personnes dans le monde en 2023,","og_url":"https:\/\/rvh-synergie.org\/actualites\/les-cephalees-touchent-3-milliards-de-personnes-dans-le-monde-se-classant-au-sixieme-rang-en-termes-de-perte-de-sante-en-2023\/","og_site_name":"RVH-Synergie","article_published_time":"2025-11-12T23:40:37+00:00","article_modified_time":"2025-11-12T23:40:40+00:00","og_image":[{"width":1920,"height":1032,"url":"https:\/\/rvh-synergie.org\/actualites\/wp-content\/uploads\/2025\/11\/1762990837_Les-cephalees-touchent-3-milliards-de-personnes-dans-le-monde.jpg","type":"image\/jpeg"}],"author":"Charles Martinez","twitter_card":"summary_large_image","twitter_misc":{"\u00c9crit par":"Charles Martinez","Dur\u00e9e de lecture estim\u00e9e":"5 minutes"},"schema":{"@context":"https:\/\/schema.org","@graph":[{"@type":"Article","@id":"https:\/\/rvh-synergie.org\/actualites\/les-cephalees-touchent-3-milliards-de-personnes-dans-le-monde-se-classant-au-sixieme-rang-en-termes-de-perte-de-sante-en-2023\/#article","isPartOf":{"@id":"https:\/\/rvh-synergie.org\/actualites\/les-cephalees-touchent-3-milliards-de-personnes-dans-le-monde-se-classant-au-sixieme-rang-en-termes-de-perte-de-sante-en-2023\/"},"author":{"name":"Charles Martinez","@id":"https:\/\/rvh-synergie.org\/actualites\/#\/schema\/person\/aa5ea98671fb4e8620f488a0795d2560"},"headline":"Les c\u00e9phal\u00e9es touchent 3 milliards de personnes dans le monde, se classant au sixi\u00e8me rang en termes de perte de sant\u00e9 en 2023","datePublished":"2025-11-12T23:40:37+00:00","dateModified":"2025-11-12T23:40:40+00:00","mainEntityOfPage":{"@id":"https:\/\/rvh-synergie.org\/actualites\/les-cephalees-touchent-3-milliards-de-personnes-dans-le-monde-se-classant-au-sixieme-rang-en-termes-de-perte-de-sante-en-2023\/"},"wordCount":1050,"publisher":{"@id":"https:\/\/rvh-synergie.org\/actualites\/#organization"},"image":{"@id":"https:\/\/rvh-synergie.org\/actualites\/les-cephalees-touchent-3-milliards-de-personnes-dans-le-monde-se-classant-au-sixieme-rang-en-termes-de-perte-de-sante-en-2023\/#primaryimage"},"thumbnailUrl":"https:\/\/rvh-synergie.org\/actualites\/wp-content\/uploads\/2025\/11\/1762990837_Les-cephalees-touchent-3-milliards-de-personnes-dans-le-monde.jpg","keywords":["c\u00e9phal\u00e9es","classant","dans","Les","milliards","monde","personnes","perte","rang","sant\u00e9","sixi\u00e8me","termes","touchent"],"articleSection":["Les maladies"],"inLanguage":"fr-FR"},{"@type":"WebPage","@id":"https:\/\/rvh-synergie.org\/actualites\/les-cephalees-touchent-3-milliards-de-personnes-dans-le-monde-se-classant-au-sixieme-rang-en-termes-de-perte-de-sante-en-2023\/","url":"https:\/\/rvh-synergie.org\/actualites\/les-cephalees-touchent-3-milliards-de-personnes-dans-le-monde-se-classant-au-sixieme-rang-en-termes-de-perte-de-sante-en-2023\/","name":"Les c\u00e9phal\u00e9es touchent 3 milliards de personnes dans le monde, se classant au sixi\u00e8me rang en termes de perte de sant\u00e9 en 2023 - RVH-Synergie.org","isPartOf":{"@id":"https:\/\/rvh-synergie.org\/actualites\/#website"},"primaryImageOfPage":{"@id":"https:\/\/rvh-synergie.org\/actualites\/les-cephalees-touchent-3-milliards-de-personnes-dans-le-monde-se-classant-au-sixieme-rang-en-termes-de-perte-de-sante-en-2023\/#primaryimage"},"image":{"@id":"https:\/\/rvh-synergie.org\/actualites\/les-cephalees-touchent-3-milliards-de-personnes-dans-le-monde-se-classant-au-sixieme-rang-en-termes-de-perte-de-sante-en-2023\/#primaryimage"},"thumbnailUrl":"https:\/\/rvh-synergie.org\/actualites\/wp-content\/uploads\/2025\/11\/1762990837_Les-cephalees-touchent-3-milliards-de-personnes-dans-le-monde.jpg","datePublished":"2025-11-12T23:40:37+00:00","dateModified":"2025-11-12T23:40:40+00:00","breadcrumb":{"@id":"https:\/\/rvh-synergie.org\/actualites\/les-cephalees-touchent-3-milliards-de-personnes-dans-le-monde-se-classant-au-sixieme-rang-en-termes-de-perte-de-sante-en-2023\/#breadcrumb"},"inLanguage":"fr-FR","potentialAction":[{"@type":"ReadAction","target":["https:\/\/rvh-synergie.org\/actualites\/les-cephalees-touchent-3-milliards-de-personnes-dans-le-monde-se-classant-au-sixieme-rang-en-termes-de-perte-de-sante-en-2023\/"]}]},{"@type":"ImageObject","inLanguage":"fr-FR","@id":"https:\/\/rvh-synergie.org\/actualites\/les-cephalees-touchent-3-milliards-de-personnes-dans-le-monde-se-classant-au-sixieme-rang-en-termes-de-perte-de-sante-en-2023\/#primaryimage","url":"https:\/\/rvh-synergie.org\/actualites\/wp-content\/uploads\/2025\/11\/1762990837_Les-cephalees-touchent-3-milliards-de-personnes-dans-le-monde.jpg","contentUrl":"https:\/\/rvh-synergie.org\/actualites\/wp-content\/uploads\/2025\/11\/1762990837_Les-cephalees-touchent-3-milliards-de-personnes-dans-le-monde.jpg","width":1920,"height":1032,"caption":"Les c\u00e9phal\u00e9es touchent 3 milliards de personnes dans le monde, se classant au sixi\u00e8me rang en termes de perte de sant\u00e9 en 2023"},{"@type":"BreadcrumbList","@id":"https:\/\/rvh-synergie.org\/actualites\/les-cephalees-touchent-3-milliards-de-personnes-dans-le-monde-se-classant-au-sixieme-rang-en-termes-de-perte-de-sante-en-2023\/#breadcrumb","itemListElement":[{"@type":"ListItem","position":1,"name":"Accueil","item":"https:\/\/rvh-synergie.org\/actualites\/"},{"@type":"ListItem","position":2,"name":"Les c\u00e9phal\u00e9es touchent 3 milliards de personnes dans le monde, se classant au sixi\u00e8me rang en termes de perte de sant\u00e9 en 2023"}]},{"@type":"WebSite","@id":"https:\/\/rvh-synergie.org\/actualites\/#website","url":"https:\/\/rvh-synergie.org\/actualites\/","name":"RVH-Synergie.org","description":"RVH-Synergie, site ind\u00e9pendant d&#039;informations sur la prise en charge des addictions.","publisher":{"@id":"https:\/\/rvh-synergie.org\/actualites\/#organization"},"potentialAction":[{"@type":"SearchAction","target":{"@type":"EntryPoint","urlTemplate":"https:\/\/rvh-synergie.org\/actualites\/?s={search_term_string}"},"query-input":{"@type":"PropertyValueSpecification","valueRequired":true,"valueName":"search_term_string"}}],"inLanguage":"fr-FR"},{"@type":"Organization","@id":"https:\/\/rvh-synergie.org\/actualites\/#organization","name":"RVH-Synergie.org","url":"https:\/\/rvh-synergie.org\/actualites\/","logo":{"@type":"ImageObject","inLanguage":"fr-FR","@id":"https:\/\/rvh-synergie.org\/actualites\/#\/schema\/logo\/image\/","url":"https:\/\/rvh-synergie.org\/actualites\/wp-content\/uploads\/2024\/09\/favicon.png","contentUrl":"https:\/\/rvh-synergie.org\/actualites\/wp-content\/uploads\/2024\/09\/favicon.png","width":512,"height":512,"caption":"RVH-Synergie.org"},"image":{"@id":"https:\/\/rvh-synergie.org\/actualites\/#\/schema\/logo\/image\/"}},{"@type":"Person","@id":"https:\/\/rvh-synergie.org\/actualites\/#\/schema\/person\/aa5ea98671fb4e8620f488a0795d2560","name":"Charles Martinez","image":{"@type":"ImageObject","inLanguage":"fr-FR","@id":"https:\/\/rvh-synergie.org\/actualites\/#\/schema\/person\/image\/","url":"https:\/\/rvh-synergie.org\/actualites\/wp-content\/uploads\/2024\/09\/charles-martinez-scaled.jpg","contentUrl":"https:\/\/rvh-synergie.org\/actualites\/wp-content\/uploads\/2024\/09\/charles-martinez-scaled.jpg","caption":"Charles Martinez"},"description":"Bonjour, je m'appelle Charles Martinez, r\u00e9dacteur passionn\u00e9 pour le m\u00e9dia RVH-synergie.org, d\u00e9di\u00e9 aux addictions et aux maladies. Depuis plus de dix ans, j'explore et rapporte les histoires poignantes des individus confront\u00e9s \u00e0 ces d\u00e9fis, tout en sensibilisant le public aux traitements novateurs et aux progr\u00e8s scientifiques dans ce domaine. Mon engagement r\u00e9side dans l'espoir de cr\u00e9er une communaut\u00e9 inform\u00e9e et empathique, pr\u00eate \u00e0 soutenir ceux qui luttent contre ces \u00e9preuves.","sameAs":["https:\/\/rvh-synergie.org\/"]}]}},"_links":{"self":[{"href":"https:\/\/rvh-synergie.org\/actualites\/wp-json\/wp\/v2\/posts\/11648","targetHints":{"allow":["GET"]}}],"collection":[{"href":"https:\/\/rvh-synergie.org\/actualites\/wp-json\/wp\/v2\/posts"}],"about":[{"href":"https:\/\/rvh-synergie.org\/actualites\/wp-json\/wp\/v2\/types\/post"}],"author":[{"embeddable":true,"href":"https:\/\/rvh-synergie.org\/actualites\/wp-json\/wp\/v2\/users\/1"}],"replies":[{"embeddable":true,"href":"https:\/\/rvh-synergie.org\/actualites\/wp-json\/wp\/v2\/comments?post=11648"}],"version-history":[{"count":0,"href":"https:\/\/rvh-synergie.org\/actualites\/wp-json\/wp\/v2\/posts\/11648\/revisions"}],"wp:featuredmedia":[{"embeddable":true,"href":"https:\/\/rvh-synergie.org\/actualites\/wp-json\/wp\/v2\/media\/11649"}],"wp:attachment":[{"href":"https:\/\/rvh-synergie.org\/actualites\/wp-json\/wp\/v2\/media?parent=11648"}],"wp:term":[{"taxonomy":"category","embeddable":true,"href":"https:\/\/rvh-synergie.org\/actualites\/wp-json\/wp\/v2\/categories?post=11648"},{"taxonomy":"post_tag","embeddable":true,"href":"https:\/\/rvh-synergie.org\/actualites\/wp-json\/wp\/v2\/tags?post=11648"}],"curies":[{"name":"wp","href":"https:\/\/api.w.org\/{rel}","templated":true}]}}