{"id":11607,"date":"2025-11-11T19:18:29","date_gmt":"2025-11-11T18:18:29","guid":{"rendered":"https:\/\/rvh-synergie.org\/actualites\/pres-dun-arkannais-adulte-sur-quatre-a-consomme-du-tabac-au-cours-des-30-derniers-jours\/"},"modified":"2025-11-11T19:18:32","modified_gmt":"2025-11-11T18:18:32","slug":"pres-dun-arkannais-adulte-sur-quatre-a-consomme-du-tabac-au-cours-des-30-derniers-jours","status":"publish","type":"post","link":"https:\/\/rvh-synergie.org\/actualites\/pres-dun-arkannais-adulte-sur-quatre-a-consomme-du-tabac-au-cours-des-30-derniers-jours\/","title":{"rendered":"Pr\u00e8s d&rsquo;un Arkannais adulte sur quatre a consomm\u00e9 du tabac au cours des 30 derniers jours"},"content":{"rendered":"<div>\n<div class=\"article-gallery lightGallery\">\n<div data-thumb=\"https:\/\/scx1.b-cdn.net\/csz\/news\/tmb\/2025\/nearly-one-in-four-adu.jpg\" data-src=\"https:\/\/scx2.b-cdn.net\/gfx\/news\/2025\/nearly-one-in-four-adu.jpg\" data-sub-html=\"Credit: University of Arkansas\">\n<figure class=\"article-img\">\n<\/figure><\/div>\n<\/div>\n<p>De nouveaux r\u00e9sultats de l&rsquo;Arkansas Health Survey, l&rsquo;enqu\u00eate sur la sant\u00e9 la plus vaste et la plus compl\u00e8te de l&rsquo;histoire de l&rsquo;\u00c9tat, r\u00e9v\u00e8lent que 24,1 % des adultes de l&rsquo;Arkansas qui consommaient du tabac \u00e9taient bien au-dessus de la moyenne nationale de 18 %, comme l&rsquo;ont rapport\u00e9 les Centers for Disease Control.<\/p>\n<p>\u00ab\u00a0Le tabagisme reste l&rsquo;un des d\u00e9fis de sant\u00e9 publique les plus urgents auxquels l&rsquo;Arkansas est confront\u00e9\u00a0\u00bb, a d\u00e9clar\u00e9 Michael Ni\u00f1o, professeur agr\u00e9g\u00e9 de sociologie et de criminologie \u00e0 l&rsquo;Universit\u00e9 de l&rsquo;Arkansas, qui a dirig\u00e9 l&rsquo;enqu\u00eate.<\/p>\n<p>La consommation de tabac est la principale cause de d\u00e9c\u00e8s et de maladies \u00e9vitables en Arkansas et aux \u00c9tats-Unis. Elle est li\u00e9e \u00e0 des maladies chroniques telles que les accidents vasculaires c\u00e9r\u00e9braux, le cancer, les maladies cardiaques et respiratoires. Chaque ann\u00e9e, le tabagisme co\u00fbte plus d&rsquo;un milliard de dollars au syst\u00e8me de sant\u00e9 public et priv\u00e9 de l&rsquo;\u00c9tat, selon le Center for Health Improvement de l&rsquo;Arkansas.<\/p>\n<p>L&rsquo;enqu\u00eate sur la sant\u00e9 de l&rsquo;Arkansas, bas\u00e9e sur pr\u00e8s de 10 000 r\u00e9ponses, dresse un tableau d\u00e9taill\u00e9 de la sant\u00e9 physique et mentale de l&rsquo;\u00c9tat. Les chercheurs et les responsables de la sant\u00e9 publique peuvent constater la pr\u00e9valence de plus de 30 indicateurs diff\u00e9rents, qui incluent \u00e9galement l&rsquo;ob\u00e9sit\u00e9, l&rsquo;abus d&rsquo;alcool et la d\u00e9pression, dans chacune des 832 zones de recensement de l&rsquo;\u00c9tat.<\/p>\n<p>L&rsquo;Arkansas est seulement le deuxi\u00e8me \u00c9tat, apr\u00e8s la Californie, \u00e0 mener une enqu\u00eate approfondie sur la sant\u00e9 afin de recueillir des informations au niveau communautaire.<\/p>\n<p>\u00ab\u00a0Ces donn\u00e9es nous montrent non seulement le fardeau global, mais \u00e9galement o\u00f9 ce fardeau est le plus concentr\u00e9\u00a0\u00bb, a d\u00e9clar\u00e9 Ben Amick, co-chercheur principal et doyen associ\u00e9 \u00e0 la recherche \u00e0 l&rsquo;UAMS.<\/p>\n<p>Dans le cas du tabac, l\u2019Arkansas Health Survey r\u00e9v\u00e8le des taux de consommation \u00e9lev\u00e9s dans des endroits qui auraient \u00e9t\u00e9 n\u00e9glig\u00e9s par d\u2019autres \u00e9tudes plus larges. Par exemple, 12 comt\u00e9s avaient des taux de tabagisme au cours des 30 derniers jours sup\u00e9rieurs \u00e0 28 %. En zoomant au niveau du quartier, l&rsquo;enqu\u00eate montre 166 secteurs de recensement avec des taux tout aussi \u00e9lev\u00e9s. Beaucoup de ces quartiers \u00e0 forte pr\u00e9valence se trouvent en dehors des comt\u00e9s o\u00f9 les taux de tabagisme sont les plus \u00e9lev\u00e9s.<\/p>\n<p>\u00ab\u00a0Des donn\u00e9es pr\u00e9cises sont absolument essentielles pour cibler les interventions\u00a0\u00bb, a d\u00e9clar\u00e9 Craig Wilson, pr\u00e9sident-directeur g\u00e9n\u00e9ral du Arkansas Center for Health Improvement.<\/p>\n<p>L&rsquo;Arkansas Health Survey constitue une base pour b\u00e2tir des communaut\u00e9s plus saines. Les r\u00e9sultats aideront les d\u00e9cideurs politiques, les cliniciens et les organisations communautaires \u00e0 adapter les campagnes de pr\u00e9vention et d\u2019\u00e9ducation aux populations locales. Les mises \u00e0 jour annuelles de l&rsquo;enqu\u00eate permettront aux dirigeants de l&rsquo;\u00c9tat et des communaut\u00e9s d&rsquo;\u00e9valuer les progr\u00e8s au fil du temps.<\/p>\n<p>Dans les mois \u00e0 venir, Ni\u00f1o et son \u00e9quipe publieront des rapports suppl\u00e9mentaires sur l&rsquo;Arkansas Health Survey. D\u00e9but 2026, les cartes interactives de l&rsquo;enqu\u00eate seront disponibles en ligne via le tableau de bord AR-COMPASS.<\/p>\n<p>                                        <!-- print only --><\/p><\/div>\n","protected":false},"excerpt":{"rendered":"<p>De nouveaux r\u00e9sultats de l&rsquo;Arkansas Health Survey, l&rsquo;enqu\u00eate sur la sant\u00e9 la plus vaste et<\/p>\n","protected":false},"author":1,"featured_media":11608,"comment_status":"closed","ping_status":"","sticky":false,"template":"","format":"standard","meta":{"footnotes":""},"categories":[35],"tags":[3191,7634,7635,2653,1397,16,528,627,527,85,112,154],"class_list":["post-11607","post","type-post","status-publish","format-standard","has-post-thumbnail","hentry","category-les-addictions","tag-adulte","tag-arkannais","tag-consomme","tag-cours","tag-derniers","tag-des","tag-dun","tag-jours","tag-pres","tag-quatre","tag-sur","tag-tabac","generate-columns","tablet-grid-50","mobile-grid-100","grid-parent","grid-50","resize-featured-image"],"yoast_head":"<!-- This site is optimized with the Yoast SEO plugin v23.4 - https:\/\/yoast.com\/wordpress\/plugins\/seo\/ -->\n<title>Pr\u00e8s d&#039;un Arkannais adulte sur quatre a consomm\u00e9 du tabac au cours des 30 derniers jours - RVH-Synergie.org<\/title>\n<meta name=\"robots\" content=\"index, follow, max-snippet:-1, max-image-preview:large, max-video-preview:-1\" \/>\n<link rel=\"canonical\" href=\"https:\/\/rvh-synergie.org\/actualites\/pres-dun-arkannais-adulte-sur-quatre-a-consomme-du-tabac-au-cours-des-30-derniers-jours\/\" \/>\n<meta property=\"og:locale\" content=\"fr_FR\" \/>\n<meta property=\"og:type\" content=\"article\" \/>\n<meta property=\"og:title\" content=\"Pr\u00e8s d&#039;un Arkannais adulte sur quatre a consomm\u00e9 du tabac au cours des 30 derniers jours - RVH-Synergie.org\" \/>\n<meta property=\"og:description\" content=\"De nouveaux r\u00e9sultats de l&rsquo;Arkansas Health Survey, l&rsquo;enqu\u00eate sur la sant\u00e9 la plus vaste et\" \/>\n<meta property=\"og:url\" content=\"https:\/\/rvh-synergie.org\/actualites\/pres-dun-arkannais-adulte-sur-quatre-a-consomme-du-tabac-au-cours-des-30-derniers-jours\/\" \/>\n<meta property=\"og:site_name\" content=\"RVH-Synergie\" \/>\n<meta property=\"article:published_time\" content=\"2025-11-11T18:18:29+00:00\" \/>\n<meta property=\"article:modified_time\" content=\"2025-11-11T18:18:32+00:00\" \/>\n<meta property=\"og:image\" content=\"https:\/\/rvh-synergie.org\/actualites\/wp-content\/uploads\/2025\/11\/1762885110_Pres-dun-Arkannais-adulte-sur-quatre-a-consomme-du-tabac.jpg\" \/>\n\t<meta property=\"og:image:width\" content=\"1280\" \/>\n\t<meta property=\"og:image:height\" content=\"1280\" \/>\n\t<meta property=\"og:image:type\" content=\"image\/jpeg\" \/>\n<meta name=\"author\" content=\"Charles Martinez\" \/>\n<meta name=\"twitter:card\" content=\"summary_large_image\" \/>\n<meta name=\"twitter:label1\" content=\"\u00c9crit par\" \/>\n\t<meta name=\"twitter:data1\" content=\"Charles Martinez\" \/>\n\t<meta name=\"twitter:label2\" content=\"Dur\u00e9e de lecture estim\u00e9e\" \/>\n\t<meta name=\"twitter:data2\" content=\"3 minutes\" \/>\n<script type=\"application\/ld+json\" class=\"yoast-schema-graph\">{\"@context\":\"https:\/\/schema.org\",\"@graph\":[{\"@type\":\"Article\",\"@id\":\"https:\/\/rvh-synergie.org\/actualites\/pres-dun-arkannais-adulte-sur-quatre-a-consomme-du-tabac-au-cours-des-30-derniers-jours\/#article\",\"isPartOf\":{\"@id\":\"https:\/\/rvh-synergie.org\/actualites\/pres-dun-arkannais-adulte-sur-quatre-a-consomme-du-tabac-au-cours-des-30-derniers-jours\/\"},\"author\":{\"name\":\"Charles Martinez\",\"@id\":\"https:\/\/rvh-synergie.org\/actualites\/#\/schema\/person\/aa5ea98671fb4e8620f488a0795d2560\"},\"headline\":\"Pr\u00e8s d&rsquo;un Arkannais adulte sur quatre a consomm\u00e9 du tabac au cours des 30 derniers jours\",\"datePublished\":\"2025-11-11T18:18:29+00:00\",\"dateModified\":\"2025-11-11T18:18:32+00:00\",\"mainEntityOfPage\":{\"@id\":\"https:\/\/rvh-synergie.org\/actualites\/pres-dun-arkannais-adulte-sur-quatre-a-consomme-du-tabac-au-cours-des-30-derniers-jours\/\"},\"wordCount\":558,\"publisher\":{\"@id\":\"https:\/\/rvh-synergie.org\/actualites\/#organization\"},\"image\":{\"@id\":\"https:\/\/rvh-synergie.org\/actualites\/pres-dun-arkannais-adulte-sur-quatre-a-consomme-du-tabac-au-cours-des-30-derniers-jours\/#primaryimage\"},\"thumbnailUrl\":\"https:\/\/rvh-synergie.org\/actualites\/wp-content\/uploads\/2025\/11\/1762885110_Pres-dun-Arkannais-adulte-sur-quatre-a-consomme-du-tabac.jpg\",\"keywords\":[\"adulte\",\"Arkannais\",\"consomm\u00e9\",\"cours\",\"derniers\",\"des\",\"dun\",\"jours\",\"Pr\u00e8s\",\"quatre\",\"sur\",\"tabac\"],\"articleSection\":[\"Les addictions\"],\"inLanguage\":\"fr-FR\"},{\"@type\":\"WebPage\",\"@id\":\"https:\/\/rvh-synergie.org\/actualites\/pres-dun-arkannais-adulte-sur-quatre-a-consomme-du-tabac-au-cours-des-30-derniers-jours\/\",\"url\":\"https:\/\/rvh-synergie.org\/actualites\/pres-dun-arkannais-adulte-sur-quatre-a-consomme-du-tabac-au-cours-des-30-derniers-jours\/\",\"name\":\"Pr\u00e8s d'un Arkannais adulte sur quatre a consomm\u00e9 du tabac au cours des 30 derniers jours - RVH-Synergie.org\",\"isPartOf\":{\"@id\":\"https:\/\/rvh-synergie.org\/actualites\/#website\"},\"primaryImageOfPage\":{\"@id\":\"https:\/\/rvh-synergie.org\/actualites\/pres-dun-arkannais-adulte-sur-quatre-a-consomme-du-tabac-au-cours-des-30-derniers-jours\/#primaryimage\"},\"image\":{\"@id\":\"https:\/\/rvh-synergie.org\/actualites\/pres-dun-arkannais-adulte-sur-quatre-a-consomme-du-tabac-au-cours-des-30-derniers-jours\/#primaryimage\"},\"thumbnailUrl\":\"https:\/\/rvh-synergie.org\/actualites\/wp-content\/uploads\/2025\/11\/1762885110_Pres-dun-Arkannais-adulte-sur-quatre-a-consomme-du-tabac.jpg\",\"datePublished\":\"2025-11-11T18:18:29+00:00\",\"dateModified\":\"2025-11-11T18:18:32+00:00\",\"breadcrumb\":{\"@id\":\"https:\/\/rvh-synergie.org\/actualites\/pres-dun-arkannais-adulte-sur-quatre-a-consomme-du-tabac-au-cours-des-30-derniers-jours\/#breadcrumb\"},\"inLanguage\":\"fr-FR\",\"potentialAction\":[{\"@type\":\"ReadAction\",\"target\":[\"https:\/\/rvh-synergie.org\/actualites\/pres-dun-arkannais-adulte-sur-quatre-a-consomme-du-tabac-au-cours-des-30-derniers-jours\/\"]}]},{\"@type\":\"ImageObject\",\"inLanguage\":\"fr-FR\",\"@id\":\"https:\/\/rvh-synergie.org\/actualites\/pres-dun-arkannais-adulte-sur-quatre-a-consomme-du-tabac-au-cours-des-30-derniers-jours\/#primaryimage\",\"url\":\"https:\/\/rvh-synergie.org\/actualites\/wp-content\/uploads\/2025\/11\/1762885110_Pres-dun-Arkannais-adulte-sur-quatre-a-consomme-du-tabac.jpg\",\"contentUrl\":\"https:\/\/rvh-synergie.org\/actualites\/wp-content\/uploads\/2025\/11\/1762885110_Pres-dun-Arkannais-adulte-sur-quatre-a-consomme-du-tabac.jpg\",\"width\":1280,\"height\":1280,\"caption\":\"Pr\u00e8s d'un Arkannais adulte sur quatre a consomm\u00e9 du tabac au cours des 30 derniers jours\"},{\"@type\":\"BreadcrumbList\",\"@id\":\"https:\/\/rvh-synergie.org\/actualites\/pres-dun-arkannais-adulte-sur-quatre-a-consomme-du-tabac-au-cours-des-30-derniers-jours\/#breadcrumb\",\"itemListElement\":[{\"@type\":\"ListItem\",\"position\":1,\"name\":\"Accueil\",\"item\":\"https:\/\/rvh-synergie.org\/actualites\/\"},{\"@type\":\"ListItem\",\"position\":2,\"name\":\"Pr\u00e8s d&rsquo;un Arkannais adulte sur quatre a consomm\u00e9 du tabac au cours des 30 derniers jours\"}]},{\"@type\":\"WebSite\",\"@id\":\"https:\/\/rvh-synergie.org\/actualites\/#website\",\"url\":\"https:\/\/rvh-synergie.org\/actualites\/\",\"name\":\"RVH-Synergie.org\",\"description\":\"RVH-Synergie, site ind\u00e9pendant d&#039;informations sur la prise en charge des addictions.\",\"publisher\":{\"@id\":\"https:\/\/rvh-synergie.org\/actualites\/#organization\"},\"potentialAction\":[{\"@type\":\"SearchAction\",\"target\":{\"@type\":\"EntryPoint\",\"urlTemplate\":\"https:\/\/rvh-synergie.org\/actualites\/?s={search_term_string}\"},\"query-input\":{\"@type\":\"PropertyValueSpecification\",\"valueRequired\":true,\"valueName\":\"search_term_string\"}}],\"inLanguage\":\"fr-FR\"},{\"@type\":\"Organization\",\"@id\":\"https:\/\/rvh-synergie.org\/actualites\/#organization\",\"name\":\"RVH-Synergie.org\",\"url\":\"https:\/\/rvh-synergie.org\/actualites\/\",\"logo\":{\"@type\":\"ImageObject\",\"inLanguage\":\"fr-FR\",\"@id\":\"https:\/\/rvh-synergie.org\/actualites\/#\/schema\/logo\/image\/\",\"url\":\"https:\/\/rvh-synergie.org\/actualites\/wp-content\/uploads\/2024\/09\/favicon.png\",\"contentUrl\":\"https:\/\/rvh-synergie.org\/actualites\/wp-content\/uploads\/2024\/09\/favicon.png\",\"width\":512,\"height\":512,\"caption\":\"RVH-Synergie.org\"},\"image\":{\"@id\":\"https:\/\/rvh-synergie.org\/actualites\/#\/schema\/logo\/image\/\"}},{\"@type\":\"Person\",\"@id\":\"https:\/\/rvh-synergie.org\/actualites\/#\/schema\/person\/aa5ea98671fb4e8620f488a0795d2560\",\"name\":\"Charles Martinez\",\"image\":{\"@type\":\"ImageObject\",\"inLanguage\":\"fr-FR\",\"@id\":\"https:\/\/rvh-synergie.org\/actualites\/#\/schema\/person\/image\/\",\"url\":\"https:\/\/rvh-synergie.org\/actualites\/wp-content\/uploads\/2024\/09\/charles-martinez-scaled.jpg\",\"contentUrl\":\"https:\/\/rvh-synergie.org\/actualites\/wp-content\/uploads\/2024\/09\/charles-martinez-scaled.jpg\",\"caption\":\"Charles Martinez\"},\"description\":\"Bonjour, je m'appelle Charles Martinez, r\u00e9dacteur passionn\u00e9 pour le m\u00e9dia RVH-synergie.org, d\u00e9di\u00e9 aux addictions et aux maladies. Depuis plus de dix ans, j'explore et rapporte les histoires poignantes des individus confront\u00e9s \u00e0 ces d\u00e9fis, tout en sensibilisant le public aux traitements novateurs et aux progr\u00e8s scientifiques dans ce domaine. Mon engagement r\u00e9side dans l'espoir de cr\u00e9er une communaut\u00e9 inform\u00e9e et empathique, pr\u00eate \u00e0 soutenir ceux qui luttent contre ces \u00e9preuves.\",\"sameAs\":[\"https:\/\/rvh-synergie.org\/\"]}]}<\/script>\n<!-- \/ Yoast SEO plugin. -->","yoast_head_json":{"title":"Pr\u00e8s d'un Arkannais adulte sur quatre a consomm\u00e9 du tabac au cours des 30 derniers jours - RVH-Synergie.org","robots":{"index":"index","follow":"follow","max-snippet":"max-snippet:-1","max-image-preview":"max-image-preview:large","max-video-preview":"max-video-preview:-1"},"canonical":"https:\/\/rvh-synergie.org\/actualites\/pres-dun-arkannais-adulte-sur-quatre-a-consomme-du-tabac-au-cours-des-30-derniers-jours\/","og_locale":"fr_FR","og_type":"article","og_title":"Pr\u00e8s d'un Arkannais adulte sur quatre a consomm\u00e9 du tabac au cours des 30 derniers jours - RVH-Synergie.org","og_description":"De nouveaux r\u00e9sultats de l&rsquo;Arkansas Health Survey, l&rsquo;enqu\u00eate sur la sant\u00e9 la plus vaste et","og_url":"https:\/\/rvh-synergie.org\/actualites\/pres-dun-arkannais-adulte-sur-quatre-a-consomme-du-tabac-au-cours-des-30-derniers-jours\/","og_site_name":"RVH-Synergie","article_published_time":"2025-11-11T18:18:29+00:00","article_modified_time":"2025-11-11T18:18:32+00:00","og_image":[{"width":1280,"height":1280,"url":"https:\/\/rvh-synergie.org\/actualites\/wp-content\/uploads\/2025\/11\/1762885110_Pres-dun-Arkannais-adulte-sur-quatre-a-consomme-du-tabac.jpg","type":"image\/jpeg"}],"author":"Charles Martinez","twitter_card":"summary_large_image","twitter_misc":{"\u00c9crit par":"Charles Martinez","Dur\u00e9e de lecture estim\u00e9e":"3 minutes"},"schema":{"@context":"https:\/\/schema.org","@graph":[{"@type":"Article","@id":"https:\/\/rvh-synergie.org\/actualites\/pres-dun-arkannais-adulte-sur-quatre-a-consomme-du-tabac-au-cours-des-30-derniers-jours\/#article","isPartOf":{"@id":"https:\/\/rvh-synergie.org\/actualites\/pres-dun-arkannais-adulte-sur-quatre-a-consomme-du-tabac-au-cours-des-30-derniers-jours\/"},"author":{"name":"Charles Martinez","@id":"https:\/\/rvh-synergie.org\/actualites\/#\/schema\/person\/aa5ea98671fb4e8620f488a0795d2560"},"headline":"Pr\u00e8s d&rsquo;un Arkannais adulte sur quatre a consomm\u00e9 du tabac au cours des 30 derniers jours","datePublished":"2025-11-11T18:18:29+00:00","dateModified":"2025-11-11T18:18:32+00:00","mainEntityOfPage":{"@id":"https:\/\/rvh-synergie.org\/actualites\/pres-dun-arkannais-adulte-sur-quatre-a-consomme-du-tabac-au-cours-des-30-derniers-jours\/"},"wordCount":558,"publisher":{"@id":"https:\/\/rvh-synergie.org\/actualites\/#organization"},"image":{"@id":"https:\/\/rvh-synergie.org\/actualites\/pres-dun-arkannais-adulte-sur-quatre-a-consomme-du-tabac-au-cours-des-30-derniers-jours\/#primaryimage"},"thumbnailUrl":"https:\/\/rvh-synergie.org\/actualites\/wp-content\/uploads\/2025\/11\/1762885110_Pres-dun-Arkannais-adulte-sur-quatre-a-consomme-du-tabac.jpg","keywords":["adulte","Arkannais","consomm\u00e9","cours","derniers","des","dun","jours","Pr\u00e8s","quatre","sur","tabac"],"articleSection":["Les addictions"],"inLanguage":"fr-FR"},{"@type":"WebPage","@id":"https:\/\/rvh-synergie.org\/actualites\/pres-dun-arkannais-adulte-sur-quatre-a-consomme-du-tabac-au-cours-des-30-derniers-jours\/","url":"https:\/\/rvh-synergie.org\/actualites\/pres-dun-arkannais-adulte-sur-quatre-a-consomme-du-tabac-au-cours-des-30-derniers-jours\/","name":"Pr\u00e8s d'un Arkannais adulte sur quatre a consomm\u00e9 du tabac au cours des 30 derniers jours - RVH-Synergie.org","isPartOf":{"@id":"https:\/\/rvh-synergie.org\/actualites\/#website"},"primaryImageOfPage":{"@id":"https:\/\/rvh-synergie.org\/actualites\/pres-dun-arkannais-adulte-sur-quatre-a-consomme-du-tabac-au-cours-des-30-derniers-jours\/#primaryimage"},"image":{"@id":"https:\/\/rvh-synergie.org\/actualites\/pres-dun-arkannais-adulte-sur-quatre-a-consomme-du-tabac-au-cours-des-30-derniers-jours\/#primaryimage"},"thumbnailUrl":"https:\/\/rvh-synergie.org\/actualites\/wp-content\/uploads\/2025\/11\/1762885110_Pres-dun-Arkannais-adulte-sur-quatre-a-consomme-du-tabac.jpg","datePublished":"2025-11-11T18:18:29+00:00","dateModified":"2025-11-11T18:18:32+00:00","breadcrumb":{"@id":"https:\/\/rvh-synergie.org\/actualites\/pres-dun-arkannais-adulte-sur-quatre-a-consomme-du-tabac-au-cours-des-30-derniers-jours\/#breadcrumb"},"inLanguage":"fr-FR","potentialAction":[{"@type":"ReadAction","target":["https:\/\/rvh-synergie.org\/actualites\/pres-dun-arkannais-adulte-sur-quatre-a-consomme-du-tabac-au-cours-des-30-derniers-jours\/"]}]},{"@type":"ImageObject","inLanguage":"fr-FR","@id":"https:\/\/rvh-synergie.org\/actualites\/pres-dun-arkannais-adulte-sur-quatre-a-consomme-du-tabac-au-cours-des-30-derniers-jours\/#primaryimage","url":"https:\/\/rvh-synergie.org\/actualites\/wp-content\/uploads\/2025\/11\/1762885110_Pres-dun-Arkannais-adulte-sur-quatre-a-consomme-du-tabac.jpg","contentUrl":"https:\/\/rvh-synergie.org\/actualites\/wp-content\/uploads\/2025\/11\/1762885110_Pres-dun-Arkannais-adulte-sur-quatre-a-consomme-du-tabac.jpg","width":1280,"height":1280,"caption":"Pr\u00e8s d'un Arkannais adulte sur quatre a consomm\u00e9 du tabac au cours des 30 derniers jours"},{"@type":"BreadcrumbList","@id":"https:\/\/rvh-synergie.org\/actualites\/pres-dun-arkannais-adulte-sur-quatre-a-consomme-du-tabac-au-cours-des-30-derniers-jours\/#breadcrumb","itemListElement":[{"@type":"ListItem","position":1,"name":"Accueil","item":"https:\/\/rvh-synergie.org\/actualites\/"},{"@type":"ListItem","position":2,"name":"Pr\u00e8s d&rsquo;un Arkannais adulte sur quatre a consomm\u00e9 du tabac au cours des 30 derniers jours"}]},{"@type":"WebSite","@id":"https:\/\/rvh-synergie.org\/actualites\/#website","url":"https:\/\/rvh-synergie.org\/actualites\/","name":"RVH-Synergie.org","description":"RVH-Synergie, site ind\u00e9pendant d&#039;informations sur la prise en charge des addictions.","publisher":{"@id":"https:\/\/rvh-synergie.org\/actualites\/#organization"},"potentialAction":[{"@type":"SearchAction","target":{"@type":"EntryPoint","urlTemplate":"https:\/\/rvh-synergie.org\/actualites\/?s={search_term_string}"},"query-input":{"@type":"PropertyValueSpecification","valueRequired":true,"valueName":"search_term_string"}}],"inLanguage":"fr-FR"},{"@type":"Organization","@id":"https:\/\/rvh-synergie.org\/actualites\/#organization","name":"RVH-Synergie.org","url":"https:\/\/rvh-synergie.org\/actualites\/","logo":{"@type":"ImageObject","inLanguage":"fr-FR","@id":"https:\/\/rvh-synergie.org\/actualites\/#\/schema\/logo\/image\/","url":"https:\/\/rvh-synergie.org\/actualites\/wp-content\/uploads\/2024\/09\/favicon.png","contentUrl":"https:\/\/rvh-synergie.org\/actualites\/wp-content\/uploads\/2024\/09\/favicon.png","width":512,"height":512,"caption":"RVH-Synergie.org"},"image":{"@id":"https:\/\/rvh-synergie.org\/actualites\/#\/schema\/logo\/image\/"}},{"@type":"Person","@id":"https:\/\/rvh-synergie.org\/actualites\/#\/schema\/person\/aa5ea98671fb4e8620f488a0795d2560","name":"Charles Martinez","image":{"@type":"ImageObject","inLanguage":"fr-FR","@id":"https:\/\/rvh-synergie.org\/actualites\/#\/schema\/person\/image\/","url":"https:\/\/rvh-synergie.org\/actualites\/wp-content\/uploads\/2024\/09\/charles-martinez-scaled.jpg","contentUrl":"https:\/\/rvh-synergie.org\/actualites\/wp-content\/uploads\/2024\/09\/charles-martinez-scaled.jpg","caption":"Charles Martinez"},"description":"Bonjour, je m'appelle Charles Martinez, r\u00e9dacteur passionn\u00e9 pour le m\u00e9dia RVH-synergie.org, d\u00e9di\u00e9 aux addictions et aux maladies. Depuis plus de dix ans, j'explore et rapporte les histoires poignantes des individus confront\u00e9s \u00e0 ces d\u00e9fis, tout en sensibilisant le public aux traitements novateurs et aux progr\u00e8s scientifiques dans ce domaine. Mon engagement r\u00e9side dans l'espoir de cr\u00e9er une communaut\u00e9 inform\u00e9e et empathique, pr\u00eate \u00e0 soutenir ceux qui luttent contre ces \u00e9preuves.","sameAs":["https:\/\/rvh-synergie.org\/"]}]}},"_links":{"self":[{"href":"https:\/\/rvh-synergie.org\/actualites\/wp-json\/wp\/v2\/posts\/11607","targetHints":{"allow":["GET"]}}],"collection":[{"href":"https:\/\/rvh-synergie.org\/actualites\/wp-json\/wp\/v2\/posts"}],"about":[{"href":"https:\/\/rvh-synergie.org\/actualites\/wp-json\/wp\/v2\/types\/post"}],"author":[{"embeddable":true,"href":"https:\/\/rvh-synergie.org\/actualites\/wp-json\/wp\/v2\/users\/1"}],"replies":[{"embeddable":true,"href":"https:\/\/rvh-synergie.org\/actualites\/wp-json\/wp\/v2\/comments?post=11607"}],"version-history":[{"count":0,"href":"https:\/\/rvh-synergie.org\/actualites\/wp-json\/wp\/v2\/posts\/11607\/revisions"}],"wp:featuredmedia":[{"embeddable":true,"href":"https:\/\/rvh-synergie.org\/actualites\/wp-json\/wp\/v2\/media\/11608"}],"wp:attachment":[{"href":"https:\/\/rvh-synergie.org\/actualites\/wp-json\/wp\/v2\/media?parent=11607"}],"wp:term":[{"taxonomy":"category","embeddable":true,"href":"https:\/\/rvh-synergie.org\/actualites\/wp-json\/wp\/v2\/categories?post=11607"},{"taxonomy":"post_tag","embeddable":true,"href":"https:\/\/rvh-synergie.org\/actualites\/wp-json\/wp\/v2\/tags?post=11607"}],"curies":[{"name":"wp","href":"https:\/\/api.w.org\/{rel}","templated":true}]}}