{"id":11604,"date":"2025-11-11T18:50:40","date_gmt":"2025-11-11T17:50:40","guid":{"rendered":"https:\/\/rvh-synergie.org\/actualites\/jai-le-nez-bouche-comment-savoir-sil-sagit-du-rhume-des-foins-ou-dun-rhume\/"},"modified":"2025-11-11T18:50:52","modified_gmt":"2025-11-11T17:50:52","slug":"jai-le-nez-bouche-comment-savoir-sil-sagit-du-rhume-des-foins-ou-dun-rhume","status":"publish","type":"post","link":"https:\/\/rvh-synergie.org\/actualites\/jai-le-nez-bouche-comment-savoir-sil-sagit-du-rhume-des-foins-ou-dun-rhume\/","title":{"rendered":"J&rsquo;ai le nez bouch\u00e9. Comment savoir s\u2019il s\u2019agit du rhume des foins ou d\u2019un rhume ?"},"content":{"rendered":"<div>\n<div class=\"article-gallery lightGallery\">\n<div data-thumb=\"https:\/\/scx1.b-cdn.net\/csz\/news\/tmb\/2024\/sneeze-3.jpg\" data-src=\"https:\/\/scx2.b-cdn.net\/gfx\/news\/hires\/2024\/sneeze-3.jpg\" data-sub-html=\"Credit: Unsplash\/CC0 Public Domain\">\n<figure class=\"article-img\">\n<\/figure><\/div>\n<\/div>\n<p>Vous avez travers\u00e9 des p\u00e9riodes hivernales et avez \u00e9chapp\u00e9 au d\u00e9but du printemps sans rhume des foins. Maintenant, vous vous r\u00e9veillez avec un reniflement dont vous n&rsquo;arrivez pas \u00e0 vous d\u00e9barrasser.<\/p>\n<p>Comment savoir s&rsquo;il s&rsquo;agit du rhume des foins, d&rsquo;un rhume ou autre chose ? Et comment ces deux coupables diff\u00e9rents provoquent-ils des sympt\u00f4mes aussi similaires ?<\/p>\n<h2>Le rhume des foins est en fait une allergie<\/h2>\n<p>Le rhume des foins est une r\u00e9action allergique aux minuscules particules que vous inhalez provenant d&rsquo;\u00ab allerg\u00e8nes \u00bb. Il peut s&rsquo;agir de pollen, d&rsquo;acariens ou de squames d&rsquo;animaux (cellules mortes de la peau).<\/p>\n<p>Normalement, le corps ne r\u00e9agit pas \u00e0 ces particules inoffensives. Mais pour certaines personnes, le syst\u00e8me immunitaire les prend pour quelque chose de dangereux.<\/p>\n<p>Si vous souffrez d\u2019allergies, votre syst\u00e8me immunitaire pr\u00e9pare un type particulier d\u2019anticorps, appel\u00e9 IgE, pour cibler l\u2019allerg\u00e8ne coupable.<\/p>\n<p>Lorsque vous \u00eates ensuite expos\u00e9 \u00e0 cet allerg\u00e8ne, comme le pollen de gramin\u00e9es, votre syst\u00e8me immunitaire lib\u00e8re rapidement des produits chimiques tels que l&rsquo;histamine, qui contribuent \u00e0 une r\u00e9action allergique.<\/p>\n<p>L&rsquo;histamine et d&rsquo;autres substances inflammatoires lib\u00e9r\u00e9es enflamment la muqueuse du nez, des yeux et de la gorge. Cela provoque des \u00e9ternuements, un nez qui coule ou bouch\u00e9, des d\u00e9mangeaisons aux yeux, une sensation d&rsquo;\u00e9puisement et des difficult\u00e9s de concentration.<\/p>\n<p>L&rsquo;histamine irrite les nerfs du nez, des yeux et parfois de la gorge ou de la peau, provoquant des d\u00e9mangeaisons. C&rsquo;est une fausse alerte de votre corps, pensant qu&rsquo;il doit vous prot\u00e9ger.<\/p>\n<p>Un nez bouch\u00e9 ou qui coule peut rendre la respiration difficile la nuit, affectant votre sommeil et vous laissant fatigu\u00e9 le lendemain.<\/p>\n<h2>Comment le corps se d\u00e9fend contre une attaque virale<\/h2>\n<p>Lorsque vous attrapez un rhume, les virus p\u00e9n\u00e8trent dans votre corps via des gouttelettes ou des a\u00e9rosols inhal\u00e9s et atterrissent sur votre nez ou votre gorge. Les virus utilisent le rev\u00eatement sur leur surface pour s\u2019attacher et p\u00e9n\u00e9trer dans les cellules qui tapissent votre nez et votre gorge.<\/p>\n<p>C\u2019est l\u00e0 qu\u2019un virus du rhume peut se r\u00e9pliquer et faire \u00e9clater les cellules infect\u00e9es pour se propager et infecter davantage de cellules \u00e0 proximit\u00e9. Cela provoque la lib\u00e9ration de mol\u00e9cules qui signalent aux autres cellules immunitaires de se rendre dans la zone infect\u00e9e et de combattre les virus.<\/p>\n<p>Pendant le combat, des produits chimiques, notamment de l&rsquo;histamine (oui, similaire \u00e0 une r\u00e9ponse au rhume des foins) et d&rsquo;autres m\u00e9diateurs chimiques, sont lib\u00e9r\u00e9s, provoquant des sympt\u00f4mes tels qu&rsquo;un nez bouch\u00e9 et qui coule, un mal de gorge, des \u00e9ternuements et, parfois, de la fi\u00e8vre.<\/p>\n<p>De nombreux virus respiratoires peuvent provoquer des sympt\u00f4mes du rhume : les virus du rhume (rhinovirus), les coronavirus (du type non SRAS), les ad\u00e9novirus et d&rsquo;autres plus importants comme la grippe (influenza), le virus respiratoire syncytial (RSV) et le COVID (caus\u00e9 par le SRAS-CoV-2).<\/p>\n<h2>Alors, comment faire la diff\u00e9rence ?<\/h2>\n<p>Bien que le rhume des foins et les virus du rhume partagent certains sympt\u00f4mes qui se chevauchent, l&rsquo;une des principales diff\u00e9rences est que, ironiquement, le rhume des foins ne provoque pas r\u00e9ellement de fi\u00e8vre, mais un virus semblable au rhume ou \u00e0 la grippe le fait parfois.<\/p>\n<p>D&rsquo;autres sympt\u00f4mes du rhume ou de la grippe rarement observ\u00e9s avec le rhume des foins peuvent inclure un mal de gorge, des douleurs musculaires (en particulier la grippe) et une toux accompagn\u00e9e de mucus \u00e9pais (appel\u00e9 crachats).<\/p>\n<p>Cependant, si le rhume des foins est associ\u00e9 \u00e0 l\u2019asthme, vous pourriez \u00e9galement tousser et vous sentir essouffl\u00e9.<\/p>\n<p>La sensation de d\u00e9mangeaisons, et en particulier de d\u00e9mangeaisons aux yeux, est un sympt\u00f4me important du rhume des foins, rarement observ\u00e9 avec le rhume.<\/p>\n<p>La dur\u00e9e et les d\u00e9clencheurs des sympt\u00f4mes peuvent \u00e9galement \u00eatre un indice. Les sympt\u00f4mes du rhume ou de la grippe peuvent dispara\u00eetre en une semaine ou deux, la saison culminant g\u00e9n\u00e9ralement en hiver.<\/p>\n<p>Les sympt\u00f4mes du rhume des foins peuvent durer pendant toute la dur\u00e9e de la saison pollinique du printemps \u00e0 l\u2019\u00e9t\u00e9 (rhume des foins saisonnier) ou chaque fois que la personne est expos\u00e9e \u00e0 l\u2019allerg\u00e8ne particulier qui les d\u00e9clenche.<\/p>\n<h2>\u00c0 quoi faut-il faire attention ?<\/h2>\n<p>Le rhume des foins non trait\u00e9 peut avoir des impacts significatifs sur la qualit\u00e9 de vie et les performances au travail et \u00e0 l\u2019\u00e9cole. Les sympt\u00f4mes peuvent persister pendant des mois et r\u00e9appara\u00eetre chaque ann\u00e9e en cas d&rsquo;exposition \u00e0 des allerg\u00e8nes, en particulier au pollen de gramin\u00e9es.<\/p>\n<p>Si le rhume des foins survient parall\u00e8lement \u00e0 un asthme non contr\u00f4l\u00e9, des complications graves telles que des crises d&rsquo;asthme peuvent n\u00e9cessiter une hospitalisation.<\/p>\n<p>Les orages lors d\u2019une concentration \u00e9lev\u00e9e de pollen peuvent \u00e9galement provoquer un \u00ab asthme orageux \u00bb, m\u00eame si vous n\u2019avez jamais souffert d\u2019asthme auparavant.<\/p>\n<p>Les virus du rhume disparaissent g\u00e9n\u00e9ralement d\u2019eux-m\u00eames avec du repos, des liquides et des analg\u00e9siques comme le parac\u00e9tamol.<\/p>\n<p>Cependant, la grippe, le SRAS-CoV-2 et le RSV peuvent entra\u00eener des complications chez les personnes dont le syst\u00e8me immunitaire est affaibli, les jeunes enfants, les femmes enceintes, les personnes \u00e2g\u00e9es et celles souffrant de maladies pulmonaires sous-jacentes. Les complications peuvent inclure une pneumonie (infection pulmonaire grave), une bronchite\/bronchiolite (inflammation des voies respiratoires) et m\u00eame la mort. Des soins de sant\u00e9 pr\u00e9coces peuvent donc \u00eatre cruciaux.<\/p>\n<h2>Pourquoi vous pourriez avoir les deux en m\u00eame temps<\/h2>\n<p>L&rsquo;exposition \u00e0 des allerg\u00e8nes peut affaiblir la r\u00e9ponse immunitaire des cellules tapissant vos voies respiratoires. Cela rend plus difficile pour votre corps de lutter contre les virus respiratoires, ce qui signifie que le rhume peut durer plus longtemps et s&rsquo;aggraver.<\/p>\n<p>Des niveaux \u00e9lev\u00e9s de pollen en suspension dans l\u2019air ont \u00e9t\u00e9 associ\u00e9s \u00e0 une augmentation des hospitalisations pour asthme chez les gar\u00e7ons infect\u00e9s par le rhinovirus (un virus du rhume) et m\u00eame \u00e0 une augmentation des cas de SRAS-CoV-2 (COVID).<\/p>\n<p>Le pollen transporte une vari\u00e9t\u00e9 de biomol\u00e9cules, dont chacune peut affecter directement les cellules tapissant nos voies respiratoires et \u00e9ventuellement faciliter les infections virales respiratoires.<\/p>\n<p>Cependant, d\u2019autres \u00e9tudes sugg\u00e8rent que le rhume des foins pourrait en fait \u00eatre un facteur de protection contre les formes graves de COVID. Cela met en \u00e9vidence la complexit\u00e9 de la relation entre le pollen, notre syst\u00e8me immunitaire et les virus respiratoires.<\/p>\n<h2>Que devons-nous faire pour contr\u00f4ler les sympt\u00f4mes d\u2019allergie ?<\/h2>\n<p>La meilleure fa\u00e7on de traiter les sympt\u00f4mes du rhume des foins consiste \u00e0 utiliser un spray nasal de st\u00e9ro\u00efdes ou un spray de st\u00e9ro\u00efdes associ\u00e9 \u00e0 un antihistaminique. Les antihistaminiques oraux ne sont pas aussi efficaces pour contr\u00f4ler l&rsquo;inflammation sous-jacente que les sprays nasaux de st\u00e9ro\u00efdes.<\/p>\n<p>R\u00e9duire ou minimiser l\u2019exposition aux allerg\u00e8nes lorsque cela est possible peut \u00eatre utile. En Australie, les informations quotidiennes sur le pollen peuvent fournir une alerte les jours o\u00f9 le pollen est \u00e9lev\u00e9.<\/p>\n<p>Des tests et d\u2019autres traitements contre les allergies, tels que l\u2019immunoth\u00e9rapie, peuvent \u00eatre disponibles aupr\u00e8s d\u2019un allergologue. L&rsquo;immunoth\u00e9rapie est le processus de \u00ab d\u00e9sensibilisation \u00bb du syst\u00e8me immunitaire afin qu&rsquo;il soit moins susceptible de r\u00e9agir de mani\u00e8re excessive aux allerg\u00e8nes d\u00e9clencheurs.<\/p>\n<p>Si vous souffrez \u00e9galement d&rsquo;asthme, consultez votre m\u00e9decin pour revoir et mettre \u00e0 jour votre plan de traitement et votre inhalateur pr\u00e9ventif chaque ann\u00e9e.<\/p>\n<p>                                        <!-- print only --><\/p><\/div>\n","protected":false},"excerpt":{"rendered":"<p>Vous avez travers\u00e9 des p\u00e9riodes hivernales et avez \u00e9chapp\u00e9 au d\u00e9but du printemps sans rhume<\/p>\n","protected":false},"author":1,"featured_media":11605,"comment_status":"closed","ping_status":"","sticky":false,"template":"","format":"standard","meta":{"footnotes":""},"categories":[86],"tags":[1594,182,16,528,7633,613,7152,916,7632,888,7631],"class_list":["post-11604","post","type-post","status-publish","format-standard","has-post-thumbnail","hentry","category-les-maladies","tag-bouche","tag-comment","tag-des","tag-dun","tag-foins","tag-jai","tag-nez","tag-rhume","tag-sagit","tag-savoir","tag-sil","generate-columns","tablet-grid-50","mobile-grid-100","grid-parent","grid-50","resize-featured-image"],"yoast_head":"<!-- This site is optimized with the Yoast SEO plugin v23.4 - https:\/\/yoast.com\/wordpress\/plugins\/seo\/ -->\n<title>J&#039;ai le nez bouch\u00e9. Comment savoir s\u2019il s\u2019agit du rhume des foins ou d\u2019un rhume ? - RVH-Synergie.org<\/title>\n<meta name=\"robots\" content=\"index, follow, max-snippet:-1, max-image-preview:large, max-video-preview:-1\" \/>\n<link rel=\"canonical\" href=\"https:\/\/rvh-synergie.org\/actualites\/jai-le-nez-bouche-comment-savoir-sil-sagit-du-rhume-des-foins-ou-dun-rhume\/\" \/>\n<meta property=\"og:locale\" content=\"fr_FR\" \/>\n<meta property=\"og:type\" content=\"article\" \/>\n<meta property=\"og:title\" content=\"J&#039;ai le nez bouch\u00e9. Comment savoir s\u2019il s\u2019agit du rhume des foins ou d\u2019un rhume ? - RVH-Synergie.org\" \/>\n<meta property=\"og:description\" content=\"Vous avez travers\u00e9 des p\u00e9riodes hivernales et avez \u00e9chapp\u00e9 au d\u00e9but du printemps sans rhume\" \/>\n<meta property=\"og:url\" content=\"https:\/\/rvh-synergie.org\/actualites\/jai-le-nez-bouche-comment-savoir-sil-sagit-du-rhume-des-foins-ou-dun-rhume\/\" \/>\n<meta property=\"og:site_name\" content=\"RVH-Synergie\" \/>\n<meta property=\"article:published_time\" content=\"2025-11-11T17:50:40+00:00\" \/>\n<meta property=\"article:modified_time\" content=\"2025-11-11T17:50:52+00:00\" \/>\n<meta property=\"og:image\" content=\"https:\/\/rvh-synergie.org\/actualites\/wp-content\/uploads\/2025\/11\/1762883441_Jai-le-nez-bouche-Comment-savoir-sil-sagit-du-rhume-scaled.jpg\" \/>\n\t<meta property=\"og:image:width\" content=\"2560\" \/>\n\t<meta property=\"og:image:height\" content=\"1708\" \/>\n\t<meta property=\"og:image:type\" content=\"image\/jpeg\" \/>\n<meta name=\"author\" content=\"Charles Martinez\" \/>\n<meta name=\"twitter:card\" content=\"summary_large_image\" \/>\n<meta name=\"twitter:label1\" content=\"\u00c9crit par\" \/>\n\t<meta name=\"twitter:data1\" content=\"Charles Martinez\" \/>\n\t<meta name=\"twitter:label2\" content=\"Dur\u00e9e de lecture estim\u00e9e\" \/>\n\t<meta name=\"twitter:data2\" content=\"6 minutes\" \/>\n<script type=\"application\/ld+json\" class=\"yoast-schema-graph\">{\"@context\":\"https:\/\/schema.org\",\"@graph\":[{\"@type\":\"Article\",\"@id\":\"https:\/\/rvh-synergie.org\/actualites\/jai-le-nez-bouche-comment-savoir-sil-sagit-du-rhume-des-foins-ou-dun-rhume\/#article\",\"isPartOf\":{\"@id\":\"https:\/\/rvh-synergie.org\/actualites\/jai-le-nez-bouche-comment-savoir-sil-sagit-du-rhume-des-foins-ou-dun-rhume\/\"},\"author\":{\"name\":\"Charles Martinez\",\"@id\":\"https:\/\/rvh-synergie.org\/actualites\/#\/schema\/person\/aa5ea98671fb4e8620f488a0795d2560\"},\"headline\":\"J&rsquo;ai le nez bouch\u00e9. Comment savoir s\u2019il s\u2019agit du rhume des foins ou d\u2019un rhume ?\",\"datePublished\":\"2025-11-11T17:50:40+00:00\",\"dateModified\":\"2025-11-11T17:50:52+00:00\",\"mainEntityOfPage\":{\"@id\":\"https:\/\/rvh-synergie.org\/actualites\/jai-le-nez-bouche-comment-savoir-sil-sagit-du-rhume-des-foins-ou-dun-rhume\/\"},\"wordCount\":1318,\"publisher\":{\"@id\":\"https:\/\/rvh-synergie.org\/actualites\/#organization\"},\"image\":{\"@id\":\"https:\/\/rvh-synergie.org\/actualites\/jai-le-nez-bouche-comment-savoir-sil-sagit-du-rhume-des-foins-ou-dun-rhume\/#primaryimage\"},\"thumbnailUrl\":\"https:\/\/rvh-synergie.org\/actualites\/wp-content\/uploads\/2025\/11\/1762883441_Jai-le-nez-bouche-Comment-savoir-sil-sagit-du-rhume-scaled.jpg\",\"keywords\":[\"bouche\",\"comment\",\"des\",\"dun\",\"foins\",\"jai\",\"nez\",\"Rhume\",\"sagit\",\"savoir\",\"sil\"],\"articleSection\":[\"Les maladies\"],\"inLanguage\":\"fr-FR\"},{\"@type\":\"WebPage\",\"@id\":\"https:\/\/rvh-synergie.org\/actualites\/jai-le-nez-bouche-comment-savoir-sil-sagit-du-rhume-des-foins-ou-dun-rhume\/\",\"url\":\"https:\/\/rvh-synergie.org\/actualites\/jai-le-nez-bouche-comment-savoir-sil-sagit-du-rhume-des-foins-ou-dun-rhume\/\",\"name\":\"J'ai le nez bouch\u00e9. Comment savoir s\u2019il s\u2019agit du rhume des foins ou d\u2019un rhume ? - RVH-Synergie.org\",\"isPartOf\":{\"@id\":\"https:\/\/rvh-synergie.org\/actualites\/#website\"},\"primaryImageOfPage\":{\"@id\":\"https:\/\/rvh-synergie.org\/actualites\/jai-le-nez-bouche-comment-savoir-sil-sagit-du-rhume-des-foins-ou-dun-rhume\/#primaryimage\"},\"image\":{\"@id\":\"https:\/\/rvh-synergie.org\/actualites\/jai-le-nez-bouche-comment-savoir-sil-sagit-du-rhume-des-foins-ou-dun-rhume\/#primaryimage\"},\"thumbnailUrl\":\"https:\/\/rvh-synergie.org\/actualites\/wp-content\/uploads\/2025\/11\/1762883441_Jai-le-nez-bouche-Comment-savoir-sil-sagit-du-rhume-scaled.jpg\",\"datePublished\":\"2025-11-11T17:50:40+00:00\",\"dateModified\":\"2025-11-11T17:50:52+00:00\",\"breadcrumb\":{\"@id\":\"https:\/\/rvh-synergie.org\/actualites\/jai-le-nez-bouche-comment-savoir-sil-sagit-du-rhume-des-foins-ou-dun-rhume\/#breadcrumb\"},\"inLanguage\":\"fr-FR\",\"potentialAction\":[{\"@type\":\"ReadAction\",\"target\":[\"https:\/\/rvh-synergie.org\/actualites\/jai-le-nez-bouche-comment-savoir-sil-sagit-du-rhume-des-foins-ou-dun-rhume\/\"]}]},{\"@type\":\"ImageObject\",\"inLanguage\":\"fr-FR\",\"@id\":\"https:\/\/rvh-synergie.org\/actualites\/jai-le-nez-bouche-comment-savoir-sil-sagit-du-rhume-des-foins-ou-dun-rhume\/#primaryimage\",\"url\":\"https:\/\/rvh-synergie.org\/actualites\/wp-content\/uploads\/2025\/11\/1762883441_Jai-le-nez-bouche-Comment-savoir-sil-sagit-du-rhume-scaled.jpg\",\"contentUrl\":\"https:\/\/rvh-synergie.org\/actualites\/wp-content\/uploads\/2025\/11\/1762883441_Jai-le-nez-bouche-Comment-savoir-sil-sagit-du-rhume-scaled.jpg\",\"width\":2560,\"height\":1708,\"caption\":\"J'ai le nez bouch\u00e9. Comment savoir s\u2019il s\u2019agit du rhume des foins ou d\u2019un rhume ?\"},{\"@type\":\"BreadcrumbList\",\"@id\":\"https:\/\/rvh-synergie.org\/actualites\/jai-le-nez-bouche-comment-savoir-sil-sagit-du-rhume-des-foins-ou-dun-rhume\/#breadcrumb\",\"itemListElement\":[{\"@type\":\"ListItem\",\"position\":1,\"name\":\"Accueil\",\"item\":\"https:\/\/rvh-synergie.org\/actualites\/\"},{\"@type\":\"ListItem\",\"position\":2,\"name\":\"J&rsquo;ai le nez bouch\u00e9. Comment savoir s\u2019il s\u2019agit du rhume des foins ou d\u2019un rhume ?\"}]},{\"@type\":\"WebSite\",\"@id\":\"https:\/\/rvh-synergie.org\/actualites\/#website\",\"url\":\"https:\/\/rvh-synergie.org\/actualites\/\",\"name\":\"RVH-Synergie.org\",\"description\":\"RVH-Synergie, site ind\u00e9pendant d&#039;informations sur la prise en charge des addictions.\",\"publisher\":{\"@id\":\"https:\/\/rvh-synergie.org\/actualites\/#organization\"},\"potentialAction\":[{\"@type\":\"SearchAction\",\"target\":{\"@type\":\"EntryPoint\",\"urlTemplate\":\"https:\/\/rvh-synergie.org\/actualites\/?s={search_term_string}\"},\"query-input\":{\"@type\":\"PropertyValueSpecification\",\"valueRequired\":true,\"valueName\":\"search_term_string\"}}],\"inLanguage\":\"fr-FR\"},{\"@type\":\"Organization\",\"@id\":\"https:\/\/rvh-synergie.org\/actualites\/#organization\",\"name\":\"RVH-Synergie.org\",\"url\":\"https:\/\/rvh-synergie.org\/actualites\/\",\"logo\":{\"@type\":\"ImageObject\",\"inLanguage\":\"fr-FR\",\"@id\":\"https:\/\/rvh-synergie.org\/actualites\/#\/schema\/logo\/image\/\",\"url\":\"https:\/\/rvh-synergie.org\/actualites\/wp-content\/uploads\/2024\/09\/favicon.png\",\"contentUrl\":\"https:\/\/rvh-synergie.org\/actualites\/wp-content\/uploads\/2024\/09\/favicon.png\",\"width\":512,\"height\":512,\"caption\":\"RVH-Synergie.org\"},\"image\":{\"@id\":\"https:\/\/rvh-synergie.org\/actualites\/#\/schema\/logo\/image\/\"}},{\"@type\":\"Person\",\"@id\":\"https:\/\/rvh-synergie.org\/actualites\/#\/schema\/person\/aa5ea98671fb4e8620f488a0795d2560\",\"name\":\"Charles Martinez\",\"image\":{\"@type\":\"ImageObject\",\"inLanguage\":\"fr-FR\",\"@id\":\"https:\/\/rvh-synergie.org\/actualites\/#\/schema\/person\/image\/\",\"url\":\"https:\/\/rvh-synergie.org\/actualites\/wp-content\/uploads\/2024\/09\/charles-martinez-scaled.jpg\",\"contentUrl\":\"https:\/\/rvh-synergie.org\/actualites\/wp-content\/uploads\/2024\/09\/charles-martinez-scaled.jpg\",\"caption\":\"Charles Martinez\"},\"description\":\"Bonjour, je m'appelle Charles Martinez, r\u00e9dacteur passionn\u00e9 pour le m\u00e9dia RVH-synergie.org, d\u00e9di\u00e9 aux addictions et aux maladies. Depuis plus de dix ans, j'explore et rapporte les histoires poignantes des individus confront\u00e9s \u00e0 ces d\u00e9fis, tout en sensibilisant le public aux traitements novateurs et aux progr\u00e8s scientifiques dans ce domaine. Mon engagement r\u00e9side dans l'espoir de cr\u00e9er une communaut\u00e9 inform\u00e9e et empathique, pr\u00eate \u00e0 soutenir ceux qui luttent contre ces \u00e9preuves.\",\"sameAs\":[\"https:\/\/rvh-synergie.org\/\"]}]}<\/script>\n<!-- \/ Yoast SEO plugin. -->","yoast_head_json":{"title":"J'ai le nez bouch\u00e9. Comment savoir s\u2019il s\u2019agit du rhume des foins ou d\u2019un rhume ? - RVH-Synergie.org","robots":{"index":"index","follow":"follow","max-snippet":"max-snippet:-1","max-image-preview":"max-image-preview:large","max-video-preview":"max-video-preview:-1"},"canonical":"https:\/\/rvh-synergie.org\/actualites\/jai-le-nez-bouche-comment-savoir-sil-sagit-du-rhume-des-foins-ou-dun-rhume\/","og_locale":"fr_FR","og_type":"article","og_title":"J'ai le nez bouch\u00e9. Comment savoir s\u2019il s\u2019agit du rhume des foins ou d\u2019un rhume ? - RVH-Synergie.org","og_description":"Vous avez travers\u00e9 des p\u00e9riodes hivernales et avez \u00e9chapp\u00e9 au d\u00e9but du printemps sans rhume","og_url":"https:\/\/rvh-synergie.org\/actualites\/jai-le-nez-bouche-comment-savoir-sil-sagit-du-rhume-des-foins-ou-dun-rhume\/","og_site_name":"RVH-Synergie","article_published_time":"2025-11-11T17:50:40+00:00","article_modified_time":"2025-11-11T17:50:52+00:00","og_image":[{"width":2560,"height":1708,"url":"https:\/\/rvh-synergie.org\/actualites\/wp-content\/uploads\/2025\/11\/1762883441_Jai-le-nez-bouche-Comment-savoir-sil-sagit-du-rhume-scaled.jpg","type":"image\/jpeg"}],"author":"Charles Martinez","twitter_card":"summary_large_image","twitter_misc":{"\u00c9crit par":"Charles Martinez","Dur\u00e9e de lecture estim\u00e9e":"6 minutes"},"schema":{"@context":"https:\/\/schema.org","@graph":[{"@type":"Article","@id":"https:\/\/rvh-synergie.org\/actualites\/jai-le-nez-bouche-comment-savoir-sil-sagit-du-rhume-des-foins-ou-dun-rhume\/#article","isPartOf":{"@id":"https:\/\/rvh-synergie.org\/actualites\/jai-le-nez-bouche-comment-savoir-sil-sagit-du-rhume-des-foins-ou-dun-rhume\/"},"author":{"name":"Charles Martinez","@id":"https:\/\/rvh-synergie.org\/actualites\/#\/schema\/person\/aa5ea98671fb4e8620f488a0795d2560"},"headline":"J&rsquo;ai le nez bouch\u00e9. Comment savoir s\u2019il s\u2019agit du rhume des foins ou d\u2019un rhume ?","datePublished":"2025-11-11T17:50:40+00:00","dateModified":"2025-11-11T17:50:52+00:00","mainEntityOfPage":{"@id":"https:\/\/rvh-synergie.org\/actualites\/jai-le-nez-bouche-comment-savoir-sil-sagit-du-rhume-des-foins-ou-dun-rhume\/"},"wordCount":1318,"publisher":{"@id":"https:\/\/rvh-synergie.org\/actualites\/#organization"},"image":{"@id":"https:\/\/rvh-synergie.org\/actualites\/jai-le-nez-bouche-comment-savoir-sil-sagit-du-rhume-des-foins-ou-dun-rhume\/#primaryimage"},"thumbnailUrl":"https:\/\/rvh-synergie.org\/actualites\/wp-content\/uploads\/2025\/11\/1762883441_Jai-le-nez-bouche-Comment-savoir-sil-sagit-du-rhume-scaled.jpg","keywords":["bouche","comment","des","dun","foins","jai","nez","Rhume","sagit","savoir","sil"],"articleSection":["Les maladies"],"inLanguage":"fr-FR"},{"@type":"WebPage","@id":"https:\/\/rvh-synergie.org\/actualites\/jai-le-nez-bouche-comment-savoir-sil-sagit-du-rhume-des-foins-ou-dun-rhume\/","url":"https:\/\/rvh-synergie.org\/actualites\/jai-le-nez-bouche-comment-savoir-sil-sagit-du-rhume-des-foins-ou-dun-rhume\/","name":"J'ai le nez bouch\u00e9. Comment savoir s\u2019il s\u2019agit du rhume des foins ou d\u2019un rhume ? - RVH-Synergie.org","isPartOf":{"@id":"https:\/\/rvh-synergie.org\/actualites\/#website"},"primaryImageOfPage":{"@id":"https:\/\/rvh-synergie.org\/actualites\/jai-le-nez-bouche-comment-savoir-sil-sagit-du-rhume-des-foins-ou-dun-rhume\/#primaryimage"},"image":{"@id":"https:\/\/rvh-synergie.org\/actualites\/jai-le-nez-bouche-comment-savoir-sil-sagit-du-rhume-des-foins-ou-dun-rhume\/#primaryimage"},"thumbnailUrl":"https:\/\/rvh-synergie.org\/actualites\/wp-content\/uploads\/2025\/11\/1762883441_Jai-le-nez-bouche-Comment-savoir-sil-sagit-du-rhume-scaled.jpg","datePublished":"2025-11-11T17:50:40+00:00","dateModified":"2025-11-11T17:50:52+00:00","breadcrumb":{"@id":"https:\/\/rvh-synergie.org\/actualites\/jai-le-nez-bouche-comment-savoir-sil-sagit-du-rhume-des-foins-ou-dun-rhume\/#breadcrumb"},"inLanguage":"fr-FR","potentialAction":[{"@type":"ReadAction","target":["https:\/\/rvh-synergie.org\/actualites\/jai-le-nez-bouche-comment-savoir-sil-sagit-du-rhume-des-foins-ou-dun-rhume\/"]}]},{"@type":"ImageObject","inLanguage":"fr-FR","@id":"https:\/\/rvh-synergie.org\/actualites\/jai-le-nez-bouche-comment-savoir-sil-sagit-du-rhume-des-foins-ou-dun-rhume\/#primaryimage","url":"https:\/\/rvh-synergie.org\/actualites\/wp-content\/uploads\/2025\/11\/1762883441_Jai-le-nez-bouche-Comment-savoir-sil-sagit-du-rhume-scaled.jpg","contentUrl":"https:\/\/rvh-synergie.org\/actualites\/wp-content\/uploads\/2025\/11\/1762883441_Jai-le-nez-bouche-Comment-savoir-sil-sagit-du-rhume-scaled.jpg","width":2560,"height":1708,"caption":"J'ai le nez bouch\u00e9. Comment savoir s\u2019il s\u2019agit du rhume des foins ou d\u2019un rhume ?"},{"@type":"BreadcrumbList","@id":"https:\/\/rvh-synergie.org\/actualites\/jai-le-nez-bouche-comment-savoir-sil-sagit-du-rhume-des-foins-ou-dun-rhume\/#breadcrumb","itemListElement":[{"@type":"ListItem","position":1,"name":"Accueil","item":"https:\/\/rvh-synergie.org\/actualites\/"},{"@type":"ListItem","position":2,"name":"J&rsquo;ai le nez bouch\u00e9. Comment savoir s\u2019il s\u2019agit du rhume des foins ou d\u2019un rhume ?"}]},{"@type":"WebSite","@id":"https:\/\/rvh-synergie.org\/actualites\/#website","url":"https:\/\/rvh-synergie.org\/actualites\/","name":"RVH-Synergie.org","description":"RVH-Synergie, site ind\u00e9pendant d&#039;informations sur la prise en charge des addictions.","publisher":{"@id":"https:\/\/rvh-synergie.org\/actualites\/#organization"},"potentialAction":[{"@type":"SearchAction","target":{"@type":"EntryPoint","urlTemplate":"https:\/\/rvh-synergie.org\/actualites\/?s={search_term_string}"},"query-input":{"@type":"PropertyValueSpecification","valueRequired":true,"valueName":"search_term_string"}}],"inLanguage":"fr-FR"},{"@type":"Organization","@id":"https:\/\/rvh-synergie.org\/actualites\/#organization","name":"RVH-Synergie.org","url":"https:\/\/rvh-synergie.org\/actualites\/","logo":{"@type":"ImageObject","inLanguage":"fr-FR","@id":"https:\/\/rvh-synergie.org\/actualites\/#\/schema\/logo\/image\/","url":"https:\/\/rvh-synergie.org\/actualites\/wp-content\/uploads\/2024\/09\/favicon.png","contentUrl":"https:\/\/rvh-synergie.org\/actualites\/wp-content\/uploads\/2024\/09\/favicon.png","width":512,"height":512,"caption":"RVH-Synergie.org"},"image":{"@id":"https:\/\/rvh-synergie.org\/actualites\/#\/schema\/logo\/image\/"}},{"@type":"Person","@id":"https:\/\/rvh-synergie.org\/actualites\/#\/schema\/person\/aa5ea98671fb4e8620f488a0795d2560","name":"Charles Martinez","image":{"@type":"ImageObject","inLanguage":"fr-FR","@id":"https:\/\/rvh-synergie.org\/actualites\/#\/schema\/person\/image\/","url":"https:\/\/rvh-synergie.org\/actualites\/wp-content\/uploads\/2024\/09\/charles-martinez-scaled.jpg","contentUrl":"https:\/\/rvh-synergie.org\/actualites\/wp-content\/uploads\/2024\/09\/charles-martinez-scaled.jpg","caption":"Charles Martinez"},"description":"Bonjour, je m'appelle Charles Martinez, r\u00e9dacteur passionn\u00e9 pour le m\u00e9dia RVH-synergie.org, d\u00e9di\u00e9 aux addictions et aux maladies. Depuis plus de dix ans, j'explore et rapporte les histoires poignantes des individus confront\u00e9s \u00e0 ces d\u00e9fis, tout en sensibilisant le public aux traitements novateurs et aux progr\u00e8s scientifiques dans ce domaine. Mon engagement r\u00e9side dans l'espoir de cr\u00e9er une communaut\u00e9 inform\u00e9e et empathique, pr\u00eate \u00e0 soutenir ceux qui luttent contre ces \u00e9preuves.","sameAs":["https:\/\/rvh-synergie.org\/"]}]}},"_links":{"self":[{"href":"https:\/\/rvh-synergie.org\/actualites\/wp-json\/wp\/v2\/posts\/11604","targetHints":{"allow":["GET"]}}],"collection":[{"href":"https:\/\/rvh-synergie.org\/actualites\/wp-json\/wp\/v2\/posts"}],"about":[{"href":"https:\/\/rvh-synergie.org\/actualites\/wp-json\/wp\/v2\/types\/post"}],"author":[{"embeddable":true,"href":"https:\/\/rvh-synergie.org\/actualites\/wp-json\/wp\/v2\/users\/1"}],"replies":[{"embeddable":true,"href":"https:\/\/rvh-synergie.org\/actualites\/wp-json\/wp\/v2\/comments?post=11604"}],"version-history":[{"count":0,"href":"https:\/\/rvh-synergie.org\/actualites\/wp-json\/wp\/v2\/posts\/11604\/revisions"}],"wp:featuredmedia":[{"embeddable":true,"href":"https:\/\/rvh-synergie.org\/actualites\/wp-json\/wp\/v2\/media\/11605"}],"wp:attachment":[{"href":"https:\/\/rvh-synergie.org\/actualites\/wp-json\/wp\/v2\/media?parent=11604"}],"wp:term":[{"taxonomy":"category","embeddable":true,"href":"https:\/\/rvh-synergie.org\/actualites\/wp-json\/wp\/v2\/categories?post=11604"},{"taxonomy":"post_tag","embeddable":true,"href":"https:\/\/rvh-synergie.org\/actualites\/wp-json\/wp\/v2\/tags?post=11604"}],"curies":[{"name":"wp","href":"https:\/\/api.w.org\/{rel}","templated":true}]}}