{"id":11585,"date":"2025-11-11T05:16:29","date_gmt":"2025-11-11T04:16:29","guid":{"rendered":"https:\/\/rvh-synergie.org\/actualites\/les-patients-atteints-de-maladie-arterielle-peripherique-et-dafib-courent-un-risque-plus-eleve-devenements-cardiaques\/"},"modified":"2025-11-11T05:16:32","modified_gmt":"2025-11-11T04:16:32","slug":"les-patients-atteints-de-maladie-arterielle-peripherique-et-dafib-courent-un-risque-plus-eleve-devenements-cardiaques","status":"publish","type":"post","link":"https:\/\/rvh-synergie.org\/actualites\/les-patients-atteints-de-maladie-arterielle-peripherique-et-dafib-courent-un-risque-plus-eleve-devenements-cardiaques\/","title":{"rendered":"Les patients atteints de maladie art\u00e9rielle p\u00e9riph\u00e9rique et d&rsquo;Afib courent un risque plus \u00e9lev\u00e9 d&rsquo;\u00e9v\u00e9nements cardiaques"},"content":{"rendered":"<div>\n<div class=\"article-gallery lightGallery\">\n<div data-thumb=\"https:\/\/scx1.b-cdn.net\/csz\/news\/tmb\/2025\/patients-with-peripher.jpg\" data-src=\"https:\/\/scx2.b-cdn.net\/gfx\/news\/hires\/2025\/patients-with-peripher.jpg\" data-sub-html=\"New research from Intermountain Health in Salt Lake City finds that patients diagnosed with peripheral arterial disease (PAD) who also have atrial fibrillation (AFib) face a significantly higher risk of major adverse cardiovascular events (MACE). The Intermountain study analyzed long-term data of Intermountain Health patients with PAD and found that AFib was present in approximately one in four PAD patients, making this combination far more common than previously recognized. Credit: Intermountain Health\">\n<figure class=\"article-img\">\n<\/figure><\/div>\n<\/div>\n<p>Une nouvelle recherche d&rsquo;Intermountain Health \u00e0 Salt Lake City r\u00e9v\u00e8le que les patients diagnostiqu\u00e9s avec une maladie art\u00e9rielle p\u00e9riph\u00e9rique (MAP) qui souffrent \u00e9galement de fibrillation auriculaire (AFib) sont confront\u00e9s \u00e0 un risque significativement plus \u00e9lev\u00e9 d&rsquo;\u00e9v\u00e9nements cardiovasculaires ind\u00e9sirables majeurs (MACE).<\/p>\n<p>L&rsquo;\u00e9tude Intermountain a analys\u00e9 les donn\u00e9es \u00e0 long terme des patients d&rsquo;Intermountain Health atteints de MAP et a r\u00e9v\u00e9l\u00e9 que la fibrillation auriculaire \u00e9tait pr\u00e9sente chez environ un patient sur 4, ce qui rend cette combinaison beaucoup plus courante qu&rsquo;on ne le pensait auparavant.<\/p>\n<p>Plus important encore, les chercheurs d&rsquo;Intermountain ont d\u00e9couvert que la pr\u00e9sence d&rsquo;AFib double presque le risque d&rsquo;\u00e9v\u00e9nements cardiovasculaires ind\u00e9sirables majeurs chez les patients par rapport \u00e0 la MAP seule.<\/p>\n<p>Les rythmes cardiaques irr\u00e9guliers sont appel\u00e9s arythmies. La fibrillation auriculaire est l&rsquo;arythmie la plus courante qui peut souvent devenir rapide. Cela peut entra\u00eener des sympt\u00f4mes tels que des palpitations, de la fatigue et un essoufflement, car les cavit\u00e9s sup\u00e9rieures du c\u0153ur, appel\u00e9es oreillettes, battent de mani\u00e8re d\u00e9synchronis\u00e9e avec les cavit\u00e9s inf\u00e9rieures de \u00ab pompage \u00bb, appel\u00e9es ventricules.<\/p>\n<p>La fibrillation auriculaire peut entra\u00eener la formation de caillots sanguins dans le c\u0153ur, augmentant ainsi le risque d&rsquo;accident vasculaire c\u00e9r\u00e9bral. Cette maladie augmente \u00e9galement le risque d\u2019insuffisance cardiaque et d\u2019autres complications cardiaques. Beaucoup de gens ne remarquent aucun sympt\u00f4me.<\/p>\n<p>La MAP, comme la maladie coronarienne, se d\u00e9veloppe \u00e0 partir d\u2019une accumulation de d\u00e9p\u00f4ts dans les art\u00e8res, mais se produit dans les extr\u00e9mit\u00e9s. On estime que la MAP affecte pr\u00e8s de 8 \u00e0 12 millions d\u2019adultes am\u00e9ricains.<\/p>\n<p>Dans la MAP, les jambes ou les bras (g\u00e9n\u00e9ralement les jambes) ne re\u00e7oivent pas suffisamment de sang pour r\u00e9pondre \u00e0 la demande. Cela peut provoquer des douleurs dans les jambes lors de la marche, appel\u00e9es claudication, ainsi que d&rsquo;autres sympt\u00f4mes.<\/p>\n<p>Bien que les traitements contre la coronaropathie et la MAP soient similaires, notamment faire de l&rsquo;exercice, manger des aliments sains et ne pas fumer ou consommer du tabac, contrairement \u00e0 la coronaropathie, les personnes atteintes de MAP pr\u00e9sentent un risque plus \u00e9lev\u00e9 de crise cardiaque, d&rsquo;accident vasculaire c\u00e9r\u00e9bral et d&rsquo;amputation.<\/p>\n<p>Les chercheurs affirment que la pr\u00e9sence d\u2019AFib amplifie encore les risques d\u2019\u00e9v\u00e9nements.<\/p>\n<p>\u00ab\u00a0C&rsquo;est un rappel brutal que l&rsquo;AOMI n&rsquo;est pas seulement une maladie mena\u00e7ant les membres, c&rsquo;est un marqueur d&rsquo;ath\u00e9roscl\u00e9rose g\u00e9n\u00e9ralis\u00e9e\u00a0\u00bb, a d\u00e9clar\u00e9 Viet Le, DMSc, MPAS, PA-C, clinicien en pratique avanc\u00e9e et chercheur cardiovasculaire \u00e0 Intermountain Health et chercheur principal de l&rsquo;\u00e9tude.<\/p>\n<p>\u00ab\u00a0Nous avons constat\u00e9 que lorsque la fibrillation auriculaire est ajout\u00e9e au m\u00e9lange, le risque de crise cardiaque, d&rsquo;accident vasculaire c\u00e9r\u00e9bral et de d\u00e9c\u00e8s augmente de mani\u00e8re significative. Les cliniciens doivent d\u00e9pister la fibrillation auriculaire chez les patients atteints de MAP et g\u00e9rer de mani\u00e8re agressive ces deux affections.\u00a0\u00bb<\/p>\n<h2>Principales conclusions de l\u2019\u00e9tude\u00a0:<\/h2>\n<ul>\n<li>Les patients MAP sans fibrillation auriculaire sont d\u00e9j\u00e0 confront\u00e9s \u00e0 un taux d&rsquo;\u00e9v\u00e9nements \u00e9lev\u00e9\u00a0: 12\u00a0% subissent un \u00e9v\u00e9nement cardiovasculaire majeur au cours de la premi\u00e8re ann\u00e9e et 25\u00a0% dans les trois ans.<\/li>\n<li>Lorsque la fibrillation auriculaire est pr\u00e9sente, les occurrences de MACE augmentent consid\u00e9rablement\u00a0: 25\u00a0% la premi\u00e8re ann\u00e9e et 46\u00a0% dans les trois ans.<\/li>\n<li>Les principaux \u00e9v\u00e9nements cardiovasculaires ind\u00e9sirables comprennent l&rsquo;infarctus du myocarde (crise cardiaque), l&rsquo;accident vasculaire c\u00e9r\u00e9bral, l&rsquo;hospitalisation pour insuffisance cardiaque, l&rsquo;angor instable ou le d\u00e9c\u00e8s d\u00fb \u00e0 des \u00e9v\u00e9nements cardiovasculaires.<\/li>\n<\/ul>\n<p>Les chercheurs affirment que les r\u00e9sultats soulignent la n\u00e9cessit\u00e9 d\u2019une meilleure adh\u00e9sion aux protocoles de d\u00e9pistage et de traitement. Malgr\u00e9 les lignes directrices existantes, seulement 35 % des patients atteints d\u2019une MAP re\u00e7oivent un traitement m\u00e9dical optimal, comprenant un contr\u00f4le de la tension art\u00e9rielle, des statines, de l\u2019aspirine et une aide au sevrage tabagique.<\/p>\n<p>\u00ab\u00a0Les deux conditions proviennent de l&rsquo;accumulation de plaque dans les art\u00e8res f\u00e9morales et art\u00e9rielles\u00a0\u00bb, a d\u00e9clar\u00e9 Le. \u00ab\u00a0La fibrillation auriculaire doit \u00eatre \u00e9valu\u00e9e chez tous les patients atteints de maladie art\u00e9rielle p\u00e9riph\u00e9rique et un traitement pr\u00e9ventif agressif doit \u00eatre mis en \u0153uvre.\u00a0\u00bb<\/p>\n<p>                                        <!-- print only --><\/p><\/div>\n","protected":false},"excerpt":{"rendered":"<p>Une nouvelle recherche d&rsquo;Intermountain Health \u00e0 Salt Lake City r\u00e9v\u00e8le que les patients diagnostiqu\u00e9s avec<\/p>\n","protected":false},"author":1,"featured_media":11586,"comment_status":"closed","ping_status":"","sticky":false,"template":"","format":"standard","meta":{"footnotes":""},"categories":[86],"tags":[3435,282,1516,789,7624,7625,105,49,248,616,6034,40],"class_list":["post-11585","post","type-post","status-publish","format-standard","has-post-thumbnail","hentry","category-les-maladies","tag-arterielle","tag-atteints","tag-cardiaques","tag-courent","tag-dafib","tag-devenements","tag-eleve","tag-les","tag-maladie","tag-patients","tag-peripherique","tag-risque","generate-columns","tablet-grid-50","mobile-grid-100","grid-parent","grid-50","resize-featured-image"],"yoast_head":"<!-- This site is optimized with the Yoast SEO plugin v23.4 - https:\/\/yoast.com\/wordpress\/plugins\/seo\/ -->\n<title>Les patients atteints de maladie art\u00e9rielle p\u00e9riph\u00e9rique et d&#039;Afib courent un risque plus \u00e9lev\u00e9 d&#039;\u00e9v\u00e9nements cardiaques - RVH-Synergie.org<\/title>\n<meta name=\"robots\" content=\"index, follow, max-snippet:-1, max-image-preview:large, max-video-preview:-1\" \/>\n<link rel=\"canonical\" href=\"https:\/\/rvh-synergie.org\/actualites\/les-patients-atteints-de-maladie-arterielle-peripherique-et-dafib-courent-un-risque-plus-eleve-devenements-cardiaques\/\" \/>\n<meta property=\"og:locale\" content=\"fr_FR\" \/>\n<meta property=\"og:type\" content=\"article\" \/>\n<meta property=\"og:title\" content=\"Les patients atteints de maladie art\u00e9rielle p\u00e9riph\u00e9rique et d&#039;Afib courent un risque plus \u00e9lev\u00e9 d&#039;\u00e9v\u00e9nements cardiaques - RVH-Synergie.org\" \/>\n<meta property=\"og:description\" content=\"Une nouvelle recherche d&rsquo;Intermountain Health \u00e0 Salt Lake City r\u00e9v\u00e8le que les patients diagnostiqu\u00e9s avec\" \/>\n<meta property=\"og:url\" content=\"https:\/\/rvh-synergie.org\/actualites\/les-patients-atteints-de-maladie-arterielle-peripherique-et-dafib-courent-un-risque-plus-eleve-devenements-cardiaques\/\" \/>\n<meta property=\"og:site_name\" content=\"RVH-Synergie\" \/>\n<meta property=\"article:published_time\" content=\"2025-11-11T04:16:29+00:00\" \/>\n<meta property=\"article:modified_time\" content=\"2025-11-11T04:16:32+00:00\" \/>\n<meta property=\"og:image\" content=\"https:\/\/rvh-synergie.org\/actualites\/wp-content\/uploads\/2025\/11\/1762834589_Les-patients-atteints-de-maladie-arterielle-peripherique-et-dAfib-courent.jpg\" \/>\n\t<meta property=\"og:image:width\" content=\"1920\" \/>\n\t<meta property=\"og:image:height\" content=\"1080\" \/>\n\t<meta property=\"og:image:type\" content=\"image\/jpeg\" \/>\n<meta name=\"author\" content=\"Charles Martinez\" \/>\n<meta name=\"twitter:card\" content=\"summary_large_image\" \/>\n<meta name=\"twitter:label1\" content=\"\u00c9crit par\" \/>\n\t<meta name=\"twitter:data1\" content=\"Charles Martinez\" \/>\n\t<meta name=\"twitter:label2\" content=\"Dur\u00e9e de lecture estim\u00e9e\" \/>\n\t<meta name=\"twitter:data2\" content=\"4 minutes\" \/>\n<script type=\"application\/ld+json\" class=\"yoast-schema-graph\">{\"@context\":\"https:\/\/schema.org\",\"@graph\":[{\"@type\":\"Article\",\"@id\":\"https:\/\/rvh-synergie.org\/actualites\/les-patients-atteints-de-maladie-arterielle-peripherique-et-dafib-courent-un-risque-plus-eleve-devenements-cardiaques\/#article\",\"isPartOf\":{\"@id\":\"https:\/\/rvh-synergie.org\/actualites\/les-patients-atteints-de-maladie-arterielle-peripherique-et-dafib-courent-un-risque-plus-eleve-devenements-cardiaques\/\"},\"author\":{\"name\":\"Charles Martinez\",\"@id\":\"https:\/\/rvh-synergie.org\/actualites\/#\/schema\/person\/aa5ea98671fb4e8620f488a0795d2560\"},\"headline\":\"Les patients atteints de maladie art\u00e9rielle p\u00e9riph\u00e9rique et d&rsquo;Afib courent un risque plus \u00e9lev\u00e9 d&rsquo;\u00e9v\u00e9nements cardiaques\",\"datePublished\":\"2025-11-11T04:16:29+00:00\",\"dateModified\":\"2025-11-11T04:16:32+00:00\",\"mainEntityOfPage\":{\"@id\":\"https:\/\/rvh-synergie.org\/actualites\/les-patients-atteints-de-maladie-arterielle-peripherique-et-dafib-courent-un-risque-plus-eleve-devenements-cardiaques\/\"},\"wordCount\":763,\"publisher\":{\"@id\":\"https:\/\/rvh-synergie.org\/actualites\/#organization\"},\"image\":{\"@id\":\"https:\/\/rvh-synergie.org\/actualites\/les-patients-atteints-de-maladie-arterielle-peripherique-et-dafib-courent-un-risque-plus-eleve-devenements-cardiaques\/#primaryimage\"},\"thumbnailUrl\":\"https:\/\/rvh-synergie.org\/actualites\/wp-content\/uploads\/2025\/11\/1762834589_Les-patients-atteints-de-maladie-arterielle-peripherique-et-dAfib-courent.jpg\",\"keywords\":[\"art\u00e9rielle\",\"atteints\",\"cardiaques\",\"courent\",\"dAfib\",\"d\u00e9v\u00e9nements\",\"\u00e9lev\u00e9\",\"Les\",\"maladie\",\"patients\",\"p\u00e9riph\u00e9rique\",\"risque\"],\"articleSection\":[\"Les maladies\"],\"inLanguage\":\"fr-FR\"},{\"@type\":\"WebPage\",\"@id\":\"https:\/\/rvh-synergie.org\/actualites\/les-patients-atteints-de-maladie-arterielle-peripherique-et-dafib-courent-un-risque-plus-eleve-devenements-cardiaques\/\",\"url\":\"https:\/\/rvh-synergie.org\/actualites\/les-patients-atteints-de-maladie-arterielle-peripherique-et-dafib-courent-un-risque-plus-eleve-devenements-cardiaques\/\",\"name\":\"Les patients atteints de maladie art\u00e9rielle p\u00e9riph\u00e9rique et d'Afib courent un risque plus \u00e9lev\u00e9 d'\u00e9v\u00e9nements cardiaques - RVH-Synergie.org\",\"isPartOf\":{\"@id\":\"https:\/\/rvh-synergie.org\/actualites\/#website\"},\"primaryImageOfPage\":{\"@id\":\"https:\/\/rvh-synergie.org\/actualites\/les-patients-atteints-de-maladie-arterielle-peripherique-et-dafib-courent-un-risque-plus-eleve-devenements-cardiaques\/#primaryimage\"},\"image\":{\"@id\":\"https:\/\/rvh-synergie.org\/actualites\/les-patients-atteints-de-maladie-arterielle-peripherique-et-dafib-courent-un-risque-plus-eleve-devenements-cardiaques\/#primaryimage\"},\"thumbnailUrl\":\"https:\/\/rvh-synergie.org\/actualites\/wp-content\/uploads\/2025\/11\/1762834589_Les-patients-atteints-de-maladie-arterielle-peripherique-et-dAfib-courent.jpg\",\"datePublished\":\"2025-11-11T04:16:29+00:00\",\"dateModified\":\"2025-11-11T04:16:32+00:00\",\"breadcrumb\":{\"@id\":\"https:\/\/rvh-synergie.org\/actualites\/les-patients-atteints-de-maladie-arterielle-peripherique-et-dafib-courent-un-risque-plus-eleve-devenements-cardiaques\/#breadcrumb\"},\"inLanguage\":\"fr-FR\",\"potentialAction\":[{\"@type\":\"ReadAction\",\"target\":[\"https:\/\/rvh-synergie.org\/actualites\/les-patients-atteints-de-maladie-arterielle-peripherique-et-dafib-courent-un-risque-plus-eleve-devenements-cardiaques\/\"]}]},{\"@type\":\"ImageObject\",\"inLanguage\":\"fr-FR\",\"@id\":\"https:\/\/rvh-synergie.org\/actualites\/les-patients-atteints-de-maladie-arterielle-peripherique-et-dafib-courent-un-risque-plus-eleve-devenements-cardiaques\/#primaryimage\",\"url\":\"https:\/\/rvh-synergie.org\/actualites\/wp-content\/uploads\/2025\/11\/1762834589_Les-patients-atteints-de-maladie-arterielle-peripherique-et-dAfib-courent.jpg\",\"contentUrl\":\"https:\/\/rvh-synergie.org\/actualites\/wp-content\/uploads\/2025\/11\/1762834589_Les-patients-atteints-de-maladie-arterielle-peripherique-et-dAfib-courent.jpg\",\"width\":1920,\"height\":1080,\"caption\":\"Les patients atteints de maladie art\u00e9rielle p\u00e9riph\u00e9rique et d'Afib courent un risque plus \u00e9lev\u00e9 d'\u00e9v\u00e9nements cardiaques\"},{\"@type\":\"BreadcrumbList\",\"@id\":\"https:\/\/rvh-synergie.org\/actualites\/les-patients-atteints-de-maladie-arterielle-peripherique-et-dafib-courent-un-risque-plus-eleve-devenements-cardiaques\/#breadcrumb\",\"itemListElement\":[{\"@type\":\"ListItem\",\"position\":1,\"name\":\"Accueil\",\"item\":\"https:\/\/rvh-synergie.org\/actualites\/\"},{\"@type\":\"ListItem\",\"position\":2,\"name\":\"Les patients atteints de maladie art\u00e9rielle p\u00e9riph\u00e9rique et d&rsquo;Afib courent un risque plus \u00e9lev\u00e9 d&rsquo;\u00e9v\u00e9nements cardiaques\"}]},{\"@type\":\"WebSite\",\"@id\":\"https:\/\/rvh-synergie.org\/actualites\/#website\",\"url\":\"https:\/\/rvh-synergie.org\/actualites\/\",\"name\":\"RVH-Synergie.org\",\"description\":\"RVH-Synergie, site ind\u00e9pendant d&#039;informations sur la prise en charge des addictions.\",\"publisher\":{\"@id\":\"https:\/\/rvh-synergie.org\/actualites\/#organization\"},\"potentialAction\":[{\"@type\":\"SearchAction\",\"target\":{\"@type\":\"EntryPoint\",\"urlTemplate\":\"https:\/\/rvh-synergie.org\/actualites\/?s={search_term_string}\"},\"query-input\":{\"@type\":\"PropertyValueSpecification\",\"valueRequired\":true,\"valueName\":\"search_term_string\"}}],\"inLanguage\":\"fr-FR\"},{\"@type\":\"Organization\",\"@id\":\"https:\/\/rvh-synergie.org\/actualites\/#organization\",\"name\":\"RVH-Synergie.org\",\"url\":\"https:\/\/rvh-synergie.org\/actualites\/\",\"logo\":{\"@type\":\"ImageObject\",\"inLanguage\":\"fr-FR\",\"@id\":\"https:\/\/rvh-synergie.org\/actualites\/#\/schema\/logo\/image\/\",\"url\":\"https:\/\/rvh-synergie.org\/actualites\/wp-content\/uploads\/2024\/09\/favicon.png\",\"contentUrl\":\"https:\/\/rvh-synergie.org\/actualites\/wp-content\/uploads\/2024\/09\/favicon.png\",\"width\":512,\"height\":512,\"caption\":\"RVH-Synergie.org\"},\"image\":{\"@id\":\"https:\/\/rvh-synergie.org\/actualites\/#\/schema\/logo\/image\/\"}},{\"@type\":\"Person\",\"@id\":\"https:\/\/rvh-synergie.org\/actualites\/#\/schema\/person\/aa5ea98671fb4e8620f488a0795d2560\",\"name\":\"Charles Martinez\",\"image\":{\"@type\":\"ImageObject\",\"inLanguage\":\"fr-FR\",\"@id\":\"https:\/\/rvh-synergie.org\/actualites\/#\/schema\/person\/image\/\",\"url\":\"https:\/\/rvh-synergie.org\/actualites\/wp-content\/uploads\/2024\/09\/charles-martinez-scaled.jpg\",\"contentUrl\":\"https:\/\/rvh-synergie.org\/actualites\/wp-content\/uploads\/2024\/09\/charles-martinez-scaled.jpg\",\"caption\":\"Charles Martinez\"},\"description\":\"Bonjour, je m'appelle Charles Martinez, r\u00e9dacteur passionn\u00e9 pour le m\u00e9dia RVH-synergie.org, d\u00e9di\u00e9 aux addictions et aux maladies. Depuis plus de dix ans, j'explore et rapporte les histoires poignantes des individus confront\u00e9s \u00e0 ces d\u00e9fis, tout en sensibilisant le public aux traitements novateurs et aux progr\u00e8s scientifiques dans ce domaine. Mon engagement r\u00e9side dans l'espoir de cr\u00e9er une communaut\u00e9 inform\u00e9e et empathique, pr\u00eate \u00e0 soutenir ceux qui luttent contre ces \u00e9preuves.\",\"sameAs\":[\"https:\/\/rvh-synergie.org\/\"]}]}<\/script>\n<!-- \/ Yoast SEO plugin. -->","yoast_head_json":{"title":"Les patients atteints de maladie art\u00e9rielle p\u00e9riph\u00e9rique et d'Afib courent un risque plus \u00e9lev\u00e9 d'\u00e9v\u00e9nements cardiaques - RVH-Synergie.org","robots":{"index":"index","follow":"follow","max-snippet":"max-snippet:-1","max-image-preview":"max-image-preview:large","max-video-preview":"max-video-preview:-1"},"canonical":"https:\/\/rvh-synergie.org\/actualites\/les-patients-atteints-de-maladie-arterielle-peripherique-et-dafib-courent-un-risque-plus-eleve-devenements-cardiaques\/","og_locale":"fr_FR","og_type":"article","og_title":"Les patients atteints de maladie art\u00e9rielle p\u00e9riph\u00e9rique et d'Afib courent un risque plus \u00e9lev\u00e9 d'\u00e9v\u00e9nements cardiaques - RVH-Synergie.org","og_description":"Une nouvelle recherche d&rsquo;Intermountain Health \u00e0 Salt Lake City r\u00e9v\u00e8le que les patients diagnostiqu\u00e9s avec","og_url":"https:\/\/rvh-synergie.org\/actualites\/les-patients-atteints-de-maladie-arterielle-peripherique-et-dafib-courent-un-risque-plus-eleve-devenements-cardiaques\/","og_site_name":"RVH-Synergie","article_published_time":"2025-11-11T04:16:29+00:00","article_modified_time":"2025-11-11T04:16:32+00:00","og_image":[{"width":1920,"height":1080,"url":"https:\/\/rvh-synergie.org\/actualites\/wp-content\/uploads\/2025\/11\/1762834589_Les-patients-atteints-de-maladie-arterielle-peripherique-et-dAfib-courent.jpg","type":"image\/jpeg"}],"author":"Charles Martinez","twitter_card":"summary_large_image","twitter_misc":{"\u00c9crit par":"Charles Martinez","Dur\u00e9e de lecture estim\u00e9e":"4 minutes"},"schema":{"@context":"https:\/\/schema.org","@graph":[{"@type":"Article","@id":"https:\/\/rvh-synergie.org\/actualites\/les-patients-atteints-de-maladie-arterielle-peripherique-et-dafib-courent-un-risque-plus-eleve-devenements-cardiaques\/#article","isPartOf":{"@id":"https:\/\/rvh-synergie.org\/actualites\/les-patients-atteints-de-maladie-arterielle-peripherique-et-dafib-courent-un-risque-plus-eleve-devenements-cardiaques\/"},"author":{"name":"Charles Martinez","@id":"https:\/\/rvh-synergie.org\/actualites\/#\/schema\/person\/aa5ea98671fb4e8620f488a0795d2560"},"headline":"Les patients atteints de maladie art\u00e9rielle p\u00e9riph\u00e9rique et d&rsquo;Afib courent un risque plus \u00e9lev\u00e9 d&rsquo;\u00e9v\u00e9nements cardiaques","datePublished":"2025-11-11T04:16:29+00:00","dateModified":"2025-11-11T04:16:32+00:00","mainEntityOfPage":{"@id":"https:\/\/rvh-synergie.org\/actualites\/les-patients-atteints-de-maladie-arterielle-peripherique-et-dafib-courent-un-risque-plus-eleve-devenements-cardiaques\/"},"wordCount":763,"publisher":{"@id":"https:\/\/rvh-synergie.org\/actualites\/#organization"},"image":{"@id":"https:\/\/rvh-synergie.org\/actualites\/les-patients-atteints-de-maladie-arterielle-peripherique-et-dafib-courent-un-risque-plus-eleve-devenements-cardiaques\/#primaryimage"},"thumbnailUrl":"https:\/\/rvh-synergie.org\/actualites\/wp-content\/uploads\/2025\/11\/1762834589_Les-patients-atteints-de-maladie-arterielle-peripherique-et-dAfib-courent.jpg","keywords":["art\u00e9rielle","atteints","cardiaques","courent","dAfib","d\u00e9v\u00e9nements","\u00e9lev\u00e9","Les","maladie","patients","p\u00e9riph\u00e9rique","risque"],"articleSection":["Les maladies"],"inLanguage":"fr-FR"},{"@type":"WebPage","@id":"https:\/\/rvh-synergie.org\/actualites\/les-patients-atteints-de-maladie-arterielle-peripherique-et-dafib-courent-un-risque-plus-eleve-devenements-cardiaques\/","url":"https:\/\/rvh-synergie.org\/actualites\/les-patients-atteints-de-maladie-arterielle-peripherique-et-dafib-courent-un-risque-plus-eleve-devenements-cardiaques\/","name":"Les patients atteints de maladie art\u00e9rielle p\u00e9riph\u00e9rique et d'Afib courent un risque plus \u00e9lev\u00e9 d'\u00e9v\u00e9nements cardiaques - RVH-Synergie.org","isPartOf":{"@id":"https:\/\/rvh-synergie.org\/actualites\/#website"},"primaryImageOfPage":{"@id":"https:\/\/rvh-synergie.org\/actualites\/les-patients-atteints-de-maladie-arterielle-peripherique-et-dafib-courent-un-risque-plus-eleve-devenements-cardiaques\/#primaryimage"},"image":{"@id":"https:\/\/rvh-synergie.org\/actualites\/les-patients-atteints-de-maladie-arterielle-peripherique-et-dafib-courent-un-risque-plus-eleve-devenements-cardiaques\/#primaryimage"},"thumbnailUrl":"https:\/\/rvh-synergie.org\/actualites\/wp-content\/uploads\/2025\/11\/1762834589_Les-patients-atteints-de-maladie-arterielle-peripherique-et-dAfib-courent.jpg","datePublished":"2025-11-11T04:16:29+00:00","dateModified":"2025-11-11T04:16:32+00:00","breadcrumb":{"@id":"https:\/\/rvh-synergie.org\/actualites\/les-patients-atteints-de-maladie-arterielle-peripherique-et-dafib-courent-un-risque-plus-eleve-devenements-cardiaques\/#breadcrumb"},"inLanguage":"fr-FR","potentialAction":[{"@type":"ReadAction","target":["https:\/\/rvh-synergie.org\/actualites\/les-patients-atteints-de-maladie-arterielle-peripherique-et-dafib-courent-un-risque-plus-eleve-devenements-cardiaques\/"]}]},{"@type":"ImageObject","inLanguage":"fr-FR","@id":"https:\/\/rvh-synergie.org\/actualites\/les-patients-atteints-de-maladie-arterielle-peripherique-et-dafib-courent-un-risque-plus-eleve-devenements-cardiaques\/#primaryimage","url":"https:\/\/rvh-synergie.org\/actualites\/wp-content\/uploads\/2025\/11\/1762834589_Les-patients-atteints-de-maladie-arterielle-peripherique-et-dAfib-courent.jpg","contentUrl":"https:\/\/rvh-synergie.org\/actualites\/wp-content\/uploads\/2025\/11\/1762834589_Les-patients-atteints-de-maladie-arterielle-peripherique-et-dAfib-courent.jpg","width":1920,"height":1080,"caption":"Les patients atteints de maladie art\u00e9rielle p\u00e9riph\u00e9rique et d'Afib courent un risque plus \u00e9lev\u00e9 d'\u00e9v\u00e9nements cardiaques"},{"@type":"BreadcrumbList","@id":"https:\/\/rvh-synergie.org\/actualites\/les-patients-atteints-de-maladie-arterielle-peripherique-et-dafib-courent-un-risque-plus-eleve-devenements-cardiaques\/#breadcrumb","itemListElement":[{"@type":"ListItem","position":1,"name":"Accueil","item":"https:\/\/rvh-synergie.org\/actualites\/"},{"@type":"ListItem","position":2,"name":"Les patients atteints de maladie art\u00e9rielle p\u00e9riph\u00e9rique et d&rsquo;Afib courent un risque plus \u00e9lev\u00e9 d&rsquo;\u00e9v\u00e9nements cardiaques"}]},{"@type":"WebSite","@id":"https:\/\/rvh-synergie.org\/actualites\/#website","url":"https:\/\/rvh-synergie.org\/actualites\/","name":"RVH-Synergie.org","description":"RVH-Synergie, site ind\u00e9pendant d&#039;informations sur la prise en charge des addictions.","publisher":{"@id":"https:\/\/rvh-synergie.org\/actualites\/#organization"},"potentialAction":[{"@type":"SearchAction","target":{"@type":"EntryPoint","urlTemplate":"https:\/\/rvh-synergie.org\/actualites\/?s={search_term_string}"},"query-input":{"@type":"PropertyValueSpecification","valueRequired":true,"valueName":"search_term_string"}}],"inLanguage":"fr-FR"},{"@type":"Organization","@id":"https:\/\/rvh-synergie.org\/actualites\/#organization","name":"RVH-Synergie.org","url":"https:\/\/rvh-synergie.org\/actualites\/","logo":{"@type":"ImageObject","inLanguage":"fr-FR","@id":"https:\/\/rvh-synergie.org\/actualites\/#\/schema\/logo\/image\/","url":"https:\/\/rvh-synergie.org\/actualites\/wp-content\/uploads\/2024\/09\/favicon.png","contentUrl":"https:\/\/rvh-synergie.org\/actualites\/wp-content\/uploads\/2024\/09\/favicon.png","width":512,"height":512,"caption":"RVH-Synergie.org"},"image":{"@id":"https:\/\/rvh-synergie.org\/actualites\/#\/schema\/logo\/image\/"}},{"@type":"Person","@id":"https:\/\/rvh-synergie.org\/actualites\/#\/schema\/person\/aa5ea98671fb4e8620f488a0795d2560","name":"Charles Martinez","image":{"@type":"ImageObject","inLanguage":"fr-FR","@id":"https:\/\/rvh-synergie.org\/actualites\/#\/schema\/person\/image\/","url":"https:\/\/rvh-synergie.org\/actualites\/wp-content\/uploads\/2024\/09\/charles-martinez-scaled.jpg","contentUrl":"https:\/\/rvh-synergie.org\/actualites\/wp-content\/uploads\/2024\/09\/charles-martinez-scaled.jpg","caption":"Charles Martinez"},"description":"Bonjour, je m'appelle Charles Martinez, r\u00e9dacteur passionn\u00e9 pour le m\u00e9dia RVH-synergie.org, d\u00e9di\u00e9 aux addictions et aux maladies. Depuis plus de dix ans, j'explore et rapporte les histoires poignantes des individus confront\u00e9s \u00e0 ces d\u00e9fis, tout en sensibilisant le public aux traitements novateurs et aux progr\u00e8s scientifiques dans ce domaine. Mon engagement r\u00e9side dans l'espoir de cr\u00e9er une communaut\u00e9 inform\u00e9e et empathique, pr\u00eate \u00e0 soutenir ceux qui luttent contre ces \u00e9preuves.","sameAs":["https:\/\/rvh-synergie.org\/"]}]}},"_links":{"self":[{"href":"https:\/\/rvh-synergie.org\/actualites\/wp-json\/wp\/v2\/posts\/11585","targetHints":{"allow":["GET"]}}],"collection":[{"href":"https:\/\/rvh-synergie.org\/actualites\/wp-json\/wp\/v2\/posts"}],"about":[{"href":"https:\/\/rvh-synergie.org\/actualites\/wp-json\/wp\/v2\/types\/post"}],"author":[{"embeddable":true,"href":"https:\/\/rvh-synergie.org\/actualites\/wp-json\/wp\/v2\/users\/1"}],"replies":[{"embeddable":true,"href":"https:\/\/rvh-synergie.org\/actualites\/wp-json\/wp\/v2\/comments?post=11585"}],"version-history":[{"count":0,"href":"https:\/\/rvh-synergie.org\/actualites\/wp-json\/wp\/v2\/posts\/11585\/revisions"}],"wp:featuredmedia":[{"embeddable":true,"href":"https:\/\/rvh-synergie.org\/actualites\/wp-json\/wp\/v2\/media\/11586"}],"wp:attachment":[{"href":"https:\/\/rvh-synergie.org\/actualites\/wp-json\/wp\/v2\/media?parent=11585"}],"wp:term":[{"taxonomy":"category","embeddable":true,"href":"https:\/\/rvh-synergie.org\/actualites\/wp-json\/wp\/v2\/categories?post=11585"},{"taxonomy":"post_tag","embeddable":true,"href":"https:\/\/rvh-synergie.org\/actualites\/wp-json\/wp\/v2\/tags?post=11585"}],"curies":[{"name":"wp","href":"https:\/\/api.w.org\/{rel}","templated":true}]}}