{"id":11556,"date":"2025-11-10T18:26:05","date_gmt":"2025-11-10T17:26:05","guid":{"rendered":"https:\/\/rvh-synergie.org\/actualites\/un-lien-etroit-entre-le-diabete-de-type-2-et-la-perte-auditive-revele\/"},"modified":"2025-11-10T18:26:18","modified_gmt":"2025-11-10T17:26:18","slug":"un-lien-etroit-entre-le-diabete-de-type-2-et-la-perte-auditive-revele","status":"publish","type":"post","link":"https:\/\/rvh-synergie.org\/actualites\/un-lien-etroit-entre-le-diabete-de-type-2-et-la-perte-auditive-revele\/","title":{"rendered":"Un lien \u00e9troit entre le diab\u00e8te de type 2 et la perte auditive r\u00e9v\u00e9l\u00e9"},"content":{"rendered":"<div>\n<div class=\"article-gallery lightGallery\">\n<div data-thumb=\"https:\/\/scx1.b-cdn.net\/csz\/news\/tmb\/2025\/hearing.jpg\" data-src=\"https:\/\/scx2.b-cdn.net\/gfx\/news\/hires\/2025\/hearing.jpg\" data-sub-html=\"Credit: Unsplash\/CC0 Public Domain\">\n<figure class=\"article-img\">\n<\/figure><\/div>\n<\/div>\n<p>Alors que les \u00c9tats-Unis c\u00e9l\u00e8brent le Mois am\u00e9ricain du diab\u00e8te en novembre, une \u00e9tude approfondie publi\u00e9e dans <i>Otolaryngologie \u2013 Chirurgie de la t\u00eate et du cou<\/i>r\u00e9v\u00e8le que les personnes atteintes de diab\u00e8te de type 2 sont confront\u00e9es \u00e0 un risque consid\u00e9rablement \u00e9lev\u00e9 de perte auditive, une complication qui passe souvent inaper\u00e7ue et non d\u00e9pist\u00e9e.<\/p>\n<p>La revue syst\u00e9matique et la m\u00e9ta-analyse, parues dans le num\u00e9ro de novembre 2025, ont analys\u00e9 les donn\u00e9es de 17 \u00e9tudes portant sur 3\u00a0910 personnes atteintes de diab\u00e8te et 4\u00a0084 sujets t\u00e9moins. Les r\u00e9sultats dressent un tableau inqui\u00e9tant : la pr\u00e9valence de la perte auditive chez les patients atteints de diab\u00e8te de type 2 varie de 40,6 % \u00e0 71,9 %, et par rapport au groupe t\u00e9moin, le risque de perte auditive est 4,19 fois plus \u00e9lev\u00e9 chez les diab\u00e9tiques.<\/p>\n<p>L&rsquo;\u00e9tude, men\u00e9e par les auteurs Miguel Caballero-Borrego, MD, Ph.D., et Ivan Andujar-Lara, MD, de l&rsquo;Hospital Cl\u00ednic et de l&rsquo;Universit\u00e9 de Barcelone en Espagne, r\u00e9v\u00e8le que la perte auditive est principalement observ\u00e9e \u00e0 des fr\u00e9quences plus \u00e9lev\u00e9es, les seuils audiom\u00e9triques toniques moyens du groupe diab\u00e9tique \u00e9tant sup\u00e9rieurs de 3,19 dB \u00e0 ceux des t\u00e9moins.<\/p>\n<p>Les r\u00e9sultats de l&rsquo;\u00e9tude sur la dur\u00e9e du diab\u00e8te et le contr\u00f4le de la maladie sont particuli\u00e8rement remarquables. La pr\u00e9valence de la perte auditive \u00e9tait significativement plus \u00e9lev\u00e9e chez les patients ayant re\u00e7u un diagnostic de diab\u00e8te depuis plus de 10 ans, ces personnes \u00e9tant confront\u00e9es \u00e0 un risque 2,07 fois plus \u00e9lev\u00e9 que celles pr\u00e9sentant une dur\u00e9e de maladie plus courte.<\/p>\n<p>De plus, les patients pr\u00e9sentant une perte auditive mod\u00e9r\u00e9e et s\u00e9v\u00e8re \u00e0 profonde pr\u00e9sentaient des taux moyens d&rsquo;HbA1c plus \u00e9lev\u00e9s que les t\u00e9moins, ce qui sugg\u00e8re qu&rsquo;un contr\u00f4le glyc\u00e9mique plus faible est en corr\u00e9lation avec une d\u00e9ficience auditive plus s\u00e9v\u00e8re.<\/p>\n<p>Selon l\u2019\u00e9tude, le sexe des patients diab\u00e9tiques n\u2019a aucune influence sur la pr\u00e9valence de la perte auditive.<\/p>\n<p>Les auteurs de l&rsquo;\u00e9tude sugg\u00e8rent que la perte auditive dans le diab\u00e8te de type 2 pourrait r\u00e9sulter d&rsquo;alt\u00e9rations microcirculatoires affectant la cochl\u00e9e, entra\u00eenant des modifications de l&rsquo;ultrastructure des capillaires de l&rsquo;oreille interne, notamment un \u00e9paississement de la membrane basilaire et une atrophie de la strie vasculaire.<\/p>\n<p>Alors que le diab\u00e8te touche des millions d\u2019Am\u00e9ricains \u2013 et que ce nombre continue d\u2019augmenter \u2013 cette recherche souligne l\u2019importance de soins complets pour le diab\u00e8te incluant une \u00e9valuation de l\u2019audition. Les r\u00e9sultats sugg\u00e8rent que la perte auditive pourrait servir d\u2019indicateur pr\u00e9coce d\u2019une maladie microvasculaire, incitant potentiellement \u00e0 une intervention plus pr\u00e9coce pour pr\u00e9venir d\u2019autres complications.<\/p>\n<p>Le Mois am\u00e9ricain du diab\u00e8te, c\u00e9l\u00e9br\u00e9 chaque novembre, vise \u00e0 attirer l&rsquo;attention sur le diab\u00e8te et son impact sur des millions d&rsquo;Am\u00e9ricains. Cette nouvelle recherche ajoute la sant\u00e9 auditive \u00e0 la liste des consid\u00e9rations importantes en mati\u00e8re de d\u00e9pistage pour les personnes vivant avec le diab\u00e8te de type 2.<\/p>\n<p>                                        <!-- print only --><\/p><\/div>\n","protected":false},"excerpt":{"rendered":"<p>Alors que les \u00c9tats-Unis c\u00e9l\u00e8brent le Mois am\u00e9ricain du diab\u00e8te en novembre, une \u00e9tude approfondie<\/p>\n","protected":false},"author":1,"featured_media":11557,"comment_status":"closed","ping_status":"","sticky":false,"template":"","format":"standard","meta":{"footnotes":""},"categories":[86],"tags":[1910,102,159,6510,2071,1054,157,103],"class_list":["post-11556","post","type-post","status-publish","format-standard","has-post-thumbnail","hentry","category-les-maladies","tag-auditive","tag-diabete","tag-entre","tag-etroit","tag-lien","tag-perte","tag-revele","tag-type","generate-columns","tablet-grid-50","mobile-grid-100","grid-parent","grid-50","resize-featured-image"],"yoast_head":"<!-- This site is optimized with the Yoast SEO plugin v23.4 - https:\/\/yoast.com\/wordpress\/plugins\/seo\/ -->\n<title>Un lien \u00e9troit entre le diab\u00e8te de type 2 et la perte auditive r\u00e9v\u00e9l\u00e9 - RVH-Synergie.org<\/title>\n<meta name=\"robots\" content=\"index, follow, max-snippet:-1, max-image-preview:large, max-video-preview:-1\" \/>\n<link rel=\"canonical\" href=\"https:\/\/rvh-synergie.org\/actualites\/un-lien-etroit-entre-le-diabete-de-type-2-et-la-perte-auditive-revele\/\" \/>\n<meta property=\"og:locale\" content=\"fr_FR\" \/>\n<meta property=\"og:type\" content=\"article\" \/>\n<meta property=\"og:title\" content=\"Un lien \u00e9troit entre le diab\u00e8te de type 2 et la perte auditive r\u00e9v\u00e9l\u00e9 - RVH-Synergie.org\" \/>\n<meta property=\"og:description\" content=\"Alors que les \u00c9tats-Unis c\u00e9l\u00e8brent le Mois am\u00e9ricain du diab\u00e8te en novembre, une \u00e9tude approfondie\" \/>\n<meta property=\"og:url\" content=\"https:\/\/rvh-synergie.org\/actualites\/un-lien-etroit-entre-le-diabete-de-type-2-et-la-perte-auditive-revele\/\" \/>\n<meta property=\"og:site_name\" content=\"RVH-Synergie\" \/>\n<meta property=\"article:published_time\" content=\"2025-11-10T17:26:05+00:00\" \/>\n<meta property=\"article:modified_time\" content=\"2025-11-10T17:26:18+00:00\" \/>\n<meta property=\"og:image\" content=\"https:\/\/rvh-synergie.org\/actualites\/wp-content\/uploads\/2025\/11\/1762795565_Un-lien-etroit-entre-le-diabete-de-type-2-et-scaled.jpg\" \/>\n\t<meta property=\"og:image:width\" content=\"2560\" \/>\n\t<meta property=\"og:image:height\" content=\"1995\" \/>\n\t<meta property=\"og:image:type\" content=\"image\/jpeg\" \/>\n<meta name=\"author\" content=\"Charles Martinez\" \/>\n<meta name=\"twitter:card\" content=\"summary_large_image\" \/>\n<meta name=\"twitter:label1\" content=\"\u00c9crit par\" \/>\n\t<meta name=\"twitter:data1\" content=\"Charles Martinez\" \/>\n\t<meta name=\"twitter:label2\" content=\"Dur\u00e9e de lecture estim\u00e9e\" \/>\n\t<meta name=\"twitter:data2\" content=\"3 minutes\" \/>\n<script type=\"application\/ld+json\" class=\"yoast-schema-graph\">{\"@context\":\"https:\/\/schema.org\",\"@graph\":[{\"@type\":\"Article\",\"@id\":\"https:\/\/rvh-synergie.org\/actualites\/un-lien-etroit-entre-le-diabete-de-type-2-et-la-perte-auditive-revele\/#article\",\"isPartOf\":{\"@id\":\"https:\/\/rvh-synergie.org\/actualites\/un-lien-etroit-entre-le-diabete-de-type-2-et-la-perte-auditive-revele\/\"},\"author\":{\"name\":\"Charles Martinez\",\"@id\":\"https:\/\/rvh-synergie.org\/actualites\/#\/schema\/person\/aa5ea98671fb4e8620f488a0795d2560\"},\"headline\":\"Un lien \u00e9troit entre le diab\u00e8te de type 2 et la perte auditive r\u00e9v\u00e9l\u00e9\",\"datePublished\":\"2025-11-10T17:26:05+00:00\",\"dateModified\":\"2025-11-10T17:26:18+00:00\",\"mainEntityOfPage\":{\"@id\":\"https:\/\/rvh-synergie.org\/actualites\/un-lien-etroit-entre-le-diabete-de-type-2-et-la-perte-auditive-revele\/\"},\"wordCount\":556,\"publisher\":{\"@id\":\"https:\/\/rvh-synergie.org\/actualites\/#organization\"},\"image\":{\"@id\":\"https:\/\/rvh-synergie.org\/actualites\/un-lien-etroit-entre-le-diabete-de-type-2-et-la-perte-auditive-revele\/#primaryimage\"},\"thumbnailUrl\":\"https:\/\/rvh-synergie.org\/actualites\/wp-content\/uploads\/2025\/11\/1762795565_Un-lien-etroit-entre-le-diabete-de-type-2-et-scaled.jpg\",\"keywords\":[\"auditive\",\"diab\u00e8te\",\"entre\",\"\u00e9troit\",\"lien\",\"perte\",\"r\u00e9v\u00e8le\",\"type\"],\"articleSection\":[\"Les maladies\"],\"inLanguage\":\"fr-FR\"},{\"@type\":\"WebPage\",\"@id\":\"https:\/\/rvh-synergie.org\/actualites\/un-lien-etroit-entre-le-diabete-de-type-2-et-la-perte-auditive-revele\/\",\"url\":\"https:\/\/rvh-synergie.org\/actualites\/un-lien-etroit-entre-le-diabete-de-type-2-et-la-perte-auditive-revele\/\",\"name\":\"Un lien \u00e9troit entre le diab\u00e8te de type 2 et la perte auditive r\u00e9v\u00e9l\u00e9 - RVH-Synergie.org\",\"isPartOf\":{\"@id\":\"https:\/\/rvh-synergie.org\/actualites\/#website\"},\"primaryImageOfPage\":{\"@id\":\"https:\/\/rvh-synergie.org\/actualites\/un-lien-etroit-entre-le-diabete-de-type-2-et-la-perte-auditive-revele\/#primaryimage\"},\"image\":{\"@id\":\"https:\/\/rvh-synergie.org\/actualites\/un-lien-etroit-entre-le-diabete-de-type-2-et-la-perte-auditive-revele\/#primaryimage\"},\"thumbnailUrl\":\"https:\/\/rvh-synergie.org\/actualites\/wp-content\/uploads\/2025\/11\/1762795565_Un-lien-etroit-entre-le-diabete-de-type-2-et-scaled.jpg\",\"datePublished\":\"2025-11-10T17:26:05+00:00\",\"dateModified\":\"2025-11-10T17:26:18+00:00\",\"breadcrumb\":{\"@id\":\"https:\/\/rvh-synergie.org\/actualites\/un-lien-etroit-entre-le-diabete-de-type-2-et-la-perte-auditive-revele\/#breadcrumb\"},\"inLanguage\":\"fr-FR\",\"potentialAction\":[{\"@type\":\"ReadAction\",\"target\":[\"https:\/\/rvh-synergie.org\/actualites\/un-lien-etroit-entre-le-diabete-de-type-2-et-la-perte-auditive-revele\/\"]}]},{\"@type\":\"ImageObject\",\"inLanguage\":\"fr-FR\",\"@id\":\"https:\/\/rvh-synergie.org\/actualites\/un-lien-etroit-entre-le-diabete-de-type-2-et-la-perte-auditive-revele\/#primaryimage\",\"url\":\"https:\/\/rvh-synergie.org\/actualites\/wp-content\/uploads\/2025\/11\/1762795565_Un-lien-etroit-entre-le-diabete-de-type-2-et-scaled.jpg\",\"contentUrl\":\"https:\/\/rvh-synergie.org\/actualites\/wp-content\/uploads\/2025\/11\/1762795565_Un-lien-etroit-entre-le-diabete-de-type-2-et-scaled.jpg\",\"width\":2560,\"height\":1995,\"caption\":\"Un lien \u00e9troit entre le diab\u00e8te de type 2 et la perte auditive r\u00e9v\u00e9l\u00e9\"},{\"@type\":\"BreadcrumbList\",\"@id\":\"https:\/\/rvh-synergie.org\/actualites\/un-lien-etroit-entre-le-diabete-de-type-2-et-la-perte-auditive-revele\/#breadcrumb\",\"itemListElement\":[{\"@type\":\"ListItem\",\"position\":1,\"name\":\"Accueil\",\"item\":\"https:\/\/rvh-synergie.org\/actualites\/\"},{\"@type\":\"ListItem\",\"position\":2,\"name\":\"Un lien \u00e9troit entre le diab\u00e8te de type 2 et la perte auditive r\u00e9v\u00e9l\u00e9\"}]},{\"@type\":\"WebSite\",\"@id\":\"https:\/\/rvh-synergie.org\/actualites\/#website\",\"url\":\"https:\/\/rvh-synergie.org\/actualites\/\",\"name\":\"RVH-Synergie.org\",\"description\":\"RVH-Synergie, site ind\u00e9pendant d&#039;informations sur la prise en charge des addictions.\",\"publisher\":{\"@id\":\"https:\/\/rvh-synergie.org\/actualites\/#organization\"},\"potentialAction\":[{\"@type\":\"SearchAction\",\"target\":{\"@type\":\"EntryPoint\",\"urlTemplate\":\"https:\/\/rvh-synergie.org\/actualites\/?s={search_term_string}\"},\"query-input\":{\"@type\":\"PropertyValueSpecification\",\"valueRequired\":true,\"valueName\":\"search_term_string\"}}],\"inLanguage\":\"fr-FR\"},{\"@type\":\"Organization\",\"@id\":\"https:\/\/rvh-synergie.org\/actualites\/#organization\",\"name\":\"RVH-Synergie.org\",\"url\":\"https:\/\/rvh-synergie.org\/actualites\/\",\"logo\":{\"@type\":\"ImageObject\",\"inLanguage\":\"fr-FR\",\"@id\":\"https:\/\/rvh-synergie.org\/actualites\/#\/schema\/logo\/image\/\",\"url\":\"https:\/\/rvh-synergie.org\/actualites\/wp-content\/uploads\/2024\/09\/favicon.png\",\"contentUrl\":\"https:\/\/rvh-synergie.org\/actualites\/wp-content\/uploads\/2024\/09\/favicon.png\",\"width\":512,\"height\":512,\"caption\":\"RVH-Synergie.org\"},\"image\":{\"@id\":\"https:\/\/rvh-synergie.org\/actualites\/#\/schema\/logo\/image\/\"}},{\"@type\":\"Person\",\"@id\":\"https:\/\/rvh-synergie.org\/actualites\/#\/schema\/person\/aa5ea98671fb4e8620f488a0795d2560\",\"name\":\"Charles Martinez\",\"image\":{\"@type\":\"ImageObject\",\"inLanguage\":\"fr-FR\",\"@id\":\"https:\/\/rvh-synergie.org\/actualites\/#\/schema\/person\/image\/\",\"url\":\"https:\/\/rvh-synergie.org\/actualites\/wp-content\/uploads\/2024\/09\/charles-martinez-scaled.jpg\",\"contentUrl\":\"https:\/\/rvh-synergie.org\/actualites\/wp-content\/uploads\/2024\/09\/charles-martinez-scaled.jpg\",\"caption\":\"Charles Martinez\"},\"description\":\"Bonjour, je m'appelle Charles Martinez, r\u00e9dacteur passionn\u00e9 pour le m\u00e9dia RVH-synergie.org, d\u00e9di\u00e9 aux addictions et aux maladies. Depuis plus de dix ans, j'explore et rapporte les histoires poignantes des individus confront\u00e9s \u00e0 ces d\u00e9fis, tout en sensibilisant le public aux traitements novateurs et aux progr\u00e8s scientifiques dans ce domaine. Mon engagement r\u00e9side dans l'espoir de cr\u00e9er une communaut\u00e9 inform\u00e9e et empathique, pr\u00eate \u00e0 soutenir ceux qui luttent contre ces \u00e9preuves.\",\"sameAs\":[\"https:\/\/rvh-synergie.org\/\"]}]}<\/script>\n<!-- \/ Yoast SEO plugin. -->","yoast_head_json":{"title":"Un lien \u00e9troit entre le diab\u00e8te de type 2 et la perte auditive r\u00e9v\u00e9l\u00e9 - RVH-Synergie.org","robots":{"index":"index","follow":"follow","max-snippet":"max-snippet:-1","max-image-preview":"max-image-preview:large","max-video-preview":"max-video-preview:-1"},"canonical":"https:\/\/rvh-synergie.org\/actualites\/un-lien-etroit-entre-le-diabete-de-type-2-et-la-perte-auditive-revele\/","og_locale":"fr_FR","og_type":"article","og_title":"Un lien \u00e9troit entre le diab\u00e8te de type 2 et la perte auditive r\u00e9v\u00e9l\u00e9 - RVH-Synergie.org","og_description":"Alors que les \u00c9tats-Unis c\u00e9l\u00e8brent le Mois am\u00e9ricain du diab\u00e8te en novembre, une \u00e9tude approfondie","og_url":"https:\/\/rvh-synergie.org\/actualites\/un-lien-etroit-entre-le-diabete-de-type-2-et-la-perte-auditive-revele\/","og_site_name":"RVH-Synergie","article_published_time":"2025-11-10T17:26:05+00:00","article_modified_time":"2025-11-10T17:26:18+00:00","og_image":[{"width":2560,"height":1995,"url":"https:\/\/rvh-synergie.org\/actualites\/wp-content\/uploads\/2025\/11\/1762795565_Un-lien-etroit-entre-le-diabete-de-type-2-et-scaled.jpg","type":"image\/jpeg"}],"author":"Charles Martinez","twitter_card":"summary_large_image","twitter_misc":{"\u00c9crit par":"Charles Martinez","Dur\u00e9e de lecture estim\u00e9e":"3 minutes"},"schema":{"@context":"https:\/\/schema.org","@graph":[{"@type":"Article","@id":"https:\/\/rvh-synergie.org\/actualites\/un-lien-etroit-entre-le-diabete-de-type-2-et-la-perte-auditive-revele\/#article","isPartOf":{"@id":"https:\/\/rvh-synergie.org\/actualites\/un-lien-etroit-entre-le-diabete-de-type-2-et-la-perte-auditive-revele\/"},"author":{"name":"Charles Martinez","@id":"https:\/\/rvh-synergie.org\/actualites\/#\/schema\/person\/aa5ea98671fb4e8620f488a0795d2560"},"headline":"Un lien \u00e9troit entre le diab\u00e8te de type 2 et la perte auditive r\u00e9v\u00e9l\u00e9","datePublished":"2025-11-10T17:26:05+00:00","dateModified":"2025-11-10T17:26:18+00:00","mainEntityOfPage":{"@id":"https:\/\/rvh-synergie.org\/actualites\/un-lien-etroit-entre-le-diabete-de-type-2-et-la-perte-auditive-revele\/"},"wordCount":556,"publisher":{"@id":"https:\/\/rvh-synergie.org\/actualites\/#organization"},"image":{"@id":"https:\/\/rvh-synergie.org\/actualites\/un-lien-etroit-entre-le-diabete-de-type-2-et-la-perte-auditive-revele\/#primaryimage"},"thumbnailUrl":"https:\/\/rvh-synergie.org\/actualites\/wp-content\/uploads\/2025\/11\/1762795565_Un-lien-etroit-entre-le-diabete-de-type-2-et-scaled.jpg","keywords":["auditive","diab\u00e8te","entre","\u00e9troit","lien","perte","r\u00e9v\u00e8le","type"],"articleSection":["Les maladies"],"inLanguage":"fr-FR"},{"@type":"WebPage","@id":"https:\/\/rvh-synergie.org\/actualites\/un-lien-etroit-entre-le-diabete-de-type-2-et-la-perte-auditive-revele\/","url":"https:\/\/rvh-synergie.org\/actualites\/un-lien-etroit-entre-le-diabete-de-type-2-et-la-perte-auditive-revele\/","name":"Un lien \u00e9troit entre le diab\u00e8te de type 2 et la perte auditive r\u00e9v\u00e9l\u00e9 - RVH-Synergie.org","isPartOf":{"@id":"https:\/\/rvh-synergie.org\/actualites\/#website"},"primaryImageOfPage":{"@id":"https:\/\/rvh-synergie.org\/actualites\/un-lien-etroit-entre-le-diabete-de-type-2-et-la-perte-auditive-revele\/#primaryimage"},"image":{"@id":"https:\/\/rvh-synergie.org\/actualites\/un-lien-etroit-entre-le-diabete-de-type-2-et-la-perte-auditive-revele\/#primaryimage"},"thumbnailUrl":"https:\/\/rvh-synergie.org\/actualites\/wp-content\/uploads\/2025\/11\/1762795565_Un-lien-etroit-entre-le-diabete-de-type-2-et-scaled.jpg","datePublished":"2025-11-10T17:26:05+00:00","dateModified":"2025-11-10T17:26:18+00:00","breadcrumb":{"@id":"https:\/\/rvh-synergie.org\/actualites\/un-lien-etroit-entre-le-diabete-de-type-2-et-la-perte-auditive-revele\/#breadcrumb"},"inLanguage":"fr-FR","potentialAction":[{"@type":"ReadAction","target":["https:\/\/rvh-synergie.org\/actualites\/un-lien-etroit-entre-le-diabete-de-type-2-et-la-perte-auditive-revele\/"]}]},{"@type":"ImageObject","inLanguage":"fr-FR","@id":"https:\/\/rvh-synergie.org\/actualites\/un-lien-etroit-entre-le-diabete-de-type-2-et-la-perte-auditive-revele\/#primaryimage","url":"https:\/\/rvh-synergie.org\/actualites\/wp-content\/uploads\/2025\/11\/1762795565_Un-lien-etroit-entre-le-diabete-de-type-2-et-scaled.jpg","contentUrl":"https:\/\/rvh-synergie.org\/actualites\/wp-content\/uploads\/2025\/11\/1762795565_Un-lien-etroit-entre-le-diabete-de-type-2-et-scaled.jpg","width":2560,"height":1995,"caption":"Un lien \u00e9troit entre le diab\u00e8te de type 2 et la perte auditive r\u00e9v\u00e9l\u00e9"},{"@type":"BreadcrumbList","@id":"https:\/\/rvh-synergie.org\/actualites\/un-lien-etroit-entre-le-diabete-de-type-2-et-la-perte-auditive-revele\/#breadcrumb","itemListElement":[{"@type":"ListItem","position":1,"name":"Accueil","item":"https:\/\/rvh-synergie.org\/actualites\/"},{"@type":"ListItem","position":2,"name":"Un lien \u00e9troit entre le diab\u00e8te de type 2 et la perte auditive r\u00e9v\u00e9l\u00e9"}]},{"@type":"WebSite","@id":"https:\/\/rvh-synergie.org\/actualites\/#website","url":"https:\/\/rvh-synergie.org\/actualites\/","name":"RVH-Synergie.org","description":"RVH-Synergie, site ind\u00e9pendant d&#039;informations sur la prise en charge des addictions.","publisher":{"@id":"https:\/\/rvh-synergie.org\/actualites\/#organization"},"potentialAction":[{"@type":"SearchAction","target":{"@type":"EntryPoint","urlTemplate":"https:\/\/rvh-synergie.org\/actualites\/?s={search_term_string}"},"query-input":{"@type":"PropertyValueSpecification","valueRequired":true,"valueName":"search_term_string"}}],"inLanguage":"fr-FR"},{"@type":"Organization","@id":"https:\/\/rvh-synergie.org\/actualites\/#organization","name":"RVH-Synergie.org","url":"https:\/\/rvh-synergie.org\/actualites\/","logo":{"@type":"ImageObject","inLanguage":"fr-FR","@id":"https:\/\/rvh-synergie.org\/actualites\/#\/schema\/logo\/image\/","url":"https:\/\/rvh-synergie.org\/actualites\/wp-content\/uploads\/2024\/09\/favicon.png","contentUrl":"https:\/\/rvh-synergie.org\/actualites\/wp-content\/uploads\/2024\/09\/favicon.png","width":512,"height":512,"caption":"RVH-Synergie.org"},"image":{"@id":"https:\/\/rvh-synergie.org\/actualites\/#\/schema\/logo\/image\/"}},{"@type":"Person","@id":"https:\/\/rvh-synergie.org\/actualites\/#\/schema\/person\/aa5ea98671fb4e8620f488a0795d2560","name":"Charles Martinez","image":{"@type":"ImageObject","inLanguage":"fr-FR","@id":"https:\/\/rvh-synergie.org\/actualites\/#\/schema\/person\/image\/","url":"https:\/\/rvh-synergie.org\/actualites\/wp-content\/uploads\/2024\/09\/charles-martinez-scaled.jpg","contentUrl":"https:\/\/rvh-synergie.org\/actualites\/wp-content\/uploads\/2024\/09\/charles-martinez-scaled.jpg","caption":"Charles Martinez"},"description":"Bonjour, je m'appelle Charles Martinez, r\u00e9dacteur passionn\u00e9 pour le m\u00e9dia RVH-synergie.org, d\u00e9di\u00e9 aux addictions et aux maladies. Depuis plus de dix ans, j'explore et rapporte les histoires poignantes des individus confront\u00e9s \u00e0 ces d\u00e9fis, tout en sensibilisant le public aux traitements novateurs et aux progr\u00e8s scientifiques dans ce domaine. Mon engagement r\u00e9side dans l'espoir de cr\u00e9er une communaut\u00e9 inform\u00e9e et empathique, pr\u00eate \u00e0 soutenir ceux qui luttent contre ces \u00e9preuves.","sameAs":["https:\/\/rvh-synergie.org\/"]}]}},"_links":{"self":[{"href":"https:\/\/rvh-synergie.org\/actualites\/wp-json\/wp\/v2\/posts\/11556","targetHints":{"allow":["GET"]}}],"collection":[{"href":"https:\/\/rvh-synergie.org\/actualites\/wp-json\/wp\/v2\/posts"}],"about":[{"href":"https:\/\/rvh-synergie.org\/actualites\/wp-json\/wp\/v2\/types\/post"}],"author":[{"embeddable":true,"href":"https:\/\/rvh-synergie.org\/actualites\/wp-json\/wp\/v2\/users\/1"}],"replies":[{"embeddable":true,"href":"https:\/\/rvh-synergie.org\/actualites\/wp-json\/wp\/v2\/comments?post=11556"}],"version-history":[{"count":0,"href":"https:\/\/rvh-synergie.org\/actualites\/wp-json\/wp\/v2\/posts\/11556\/revisions"}],"wp:featuredmedia":[{"embeddable":true,"href":"https:\/\/rvh-synergie.org\/actualites\/wp-json\/wp\/v2\/media\/11557"}],"wp:attachment":[{"href":"https:\/\/rvh-synergie.org\/actualites\/wp-json\/wp\/v2\/media?parent=11556"}],"wp:term":[{"taxonomy":"category","embeddable":true,"href":"https:\/\/rvh-synergie.org\/actualites\/wp-json\/wp\/v2\/categories?post=11556"},{"taxonomy":"post_tag","embeddable":true,"href":"https:\/\/rvh-synergie.org\/actualites\/wp-json\/wp\/v2\/tags?post=11556"}],"curies":[{"name":"wp","href":"https:\/\/api.w.org\/{rel}","templated":true}]}}