{"id":11553,"date":"2025-11-10T17:43:50","date_gmt":"2025-11-10T16:43:50","guid":{"rendered":"https:\/\/rvh-synergie.org\/actualites\/les-jeunes-utilisent-des-sachets-de-nicotine-non-reglementes-malgre-les-risques-pour-la-sante-selon-une-etude\/"},"modified":"2025-11-10T17:44:02","modified_gmt":"2025-11-10T16:44:02","slug":"les-jeunes-utilisent-des-sachets-de-nicotine-non-reglementes-malgre-les-risques-pour-la-sante-selon-une-etude","status":"publish","type":"post","link":"https:\/\/rvh-synergie.org\/actualites\/les-jeunes-utilisent-des-sachets-de-nicotine-non-reglementes-malgre-les-risques-pour-la-sante-selon-une-etude\/","title":{"rendered":"Les jeunes utilisent des sachets de nicotine non r\u00e9glement\u00e9s malgr\u00e9 les risques pour la sant\u00e9, selon une \u00e9tude"},"content":{"rendered":"<div>\n<div class=\"article-gallery lightGallery\">\n<div data-thumb=\"https:\/\/scx1.b-cdn.net\/csz\/news\/tmb\/2025\/nicotine-pouch-2.jpg\" data-src=\"https:\/\/scx2.b-cdn.net\/gfx\/news\/hires\/2025\/nicotine-pouch-2.jpg\" data-sub-html=\"Credit: Unsplash\/CC0 Public Domain\">\n<figure class=\"article-img\">\n<\/figure><\/div>\n<\/div>\n<p>Les jeunes \u00e9cossais exp\u00e9rimentent les sachets de nicotine et signalent des effets ind\u00e9sirables tels que des naus\u00e9es et des \u00e9vanouissements, selon une nouvelle \u00e9tude du Centre \u00e9cossais de recherche sociale (ScotCen) publi\u00e9e dans la revue <i>D\u00e9pendance<\/i>.<\/p>\n<p>Les sachets de nicotine, entr\u00e9s sur le march\u00e9 britannique en 2019, sont de petits sachets sans tabac plac\u00e9s entre la l\u00e8vre et la gencive pour d\u00e9livrer de la nicotine. Ils ne sont actuellement pas r\u00e9glement\u00e9s au Royaume-Uni et peuvent \u00eatre l\u00e9galement vendus aux moins de 18 ans, bien que le projet de loi du gouvernement britannique sur le tabac et les vapes propose de nouvelles restrictions d&rsquo;\u00e2ge pour leur vente.<\/p>\n<p>Des chercheurs du Scottish Centre for Social Research (ScotCen) ont men\u00e9 la premi\u00e8re \u00e9tude qualitative au Royaume-Uni pour explorer comment les 14-16 ans comprennent et utilisent les sachets de nicotine. L&rsquo;\u00e9tude a impliqu\u00e9 16 groupes de discussion r\u00e9unissant 77 \u00e9l\u00e8ves et des entretiens avec 13 membres du personnel scolaire de quatre \u00e9coles \u00e9cossaises.<\/p>\n<h2>Principales conclusions\u00a0:<\/h2>\n<ul>\n<li>Sensibilisation et exp\u00e9rimentation \u00e9lev\u00e9es\u00a0: la plupart des \u00e9l\u00e8ves connaissaient les sachets de nicotine et les qualifiaient souvent de \u00ab snus \u00bb ou de \u00ab deckies sup\u00e9rieurs \u00bb. L&rsquo;utilisation exp\u00e9rimentale \u00e9tait courante, et une utilisation plus \u00e9tablie a \u00e9galement \u00e9t\u00e9 signal\u00e9e, en particulier parmi les \u00e9l\u00e8ves masculins plus \u00e2g\u00e9s.<\/li>\n<li>Utilisation discr\u00e8te dans les \u00e9coles : De nombreux jeunes d\u00e9clarent appr\u00e9cier que les pochettes puissent \u00eatre utilis\u00e9es discr\u00e8tement, y compris pendant les heures de classe ou dans les transports en commun, contrairement aux vapes ou aux cigarettes.<\/li>\n<li>Effets n\u00e9fastes sur la sant\u00e9\u00a0: les \u00e9l\u00e8ves ont signal\u00e9 des effets n\u00e9gatifs li\u00e9s \u00e0 l&rsquo;utilisation de sachets, allant de douleurs aux gencives et de sensations de br\u00fblure dans la bouche et la gorge, en passant par des naus\u00e9es, des sueurs et des \u00e9vanouissements.<\/li>\n<li>Per\u00e7us comme plus s\u00fbrs que le vapotage : Malgr\u00e9 ces effets, certains jeunes pensaient que les sachets \u00e9taient \u00ab meilleurs pour la sant\u00e9 \u00bb que le vapotage ou la cigarette, car ils \u00e9vitaient les dommages aux poumons. Un \u00e9l\u00e8ve de sexe masculin a d\u00e9clar\u00e9 aux chercheurs : \u00ab Je pr\u00e9f\u00e8re avoir de pires gencives que de pires poumons. \u00bb<\/li>\n<li>Personnel ignorant son utilisation\u00a0: les membres du personnel scolaire avaient une bonne connaissance et une bonne sensibilisation au vapotage parmi les \u00e9l\u00e8ves des \u00e9coles et prenaient des mesures pour y rem\u00e9dier. En revanche, ils avaient une connaissance limit\u00e9e des sachets de nicotine et ignoraient largement que les \u00e9l\u00e8ves les utilisaient.<\/li>\n<\/ul>\n<p>Andy MacGregor, directeur de la recherche politique au Centre \u00e9cossais de recherche sociale, a d\u00e9clar\u00e9 : \u00ab Notre \u00e9tude montre que la sensibilisation et l&rsquo;exp\u00e9rimentation des sachets de nicotine parmi les jeunes sont d\u00e9j\u00e0 tr\u00e8s r\u00e9pandues et que ces produits sont utilis\u00e9s discr\u00e8tement dans les \u00e9coles.<\/p>\n<p>\u00ab\u00a0\u00c9tant donn\u00e9 que les pochettes peuvent \u00eatre achet\u00e9es par des moins de 18 ans et utilis\u00e9es discr\u00e8tement, elles posent un d\u00e9fi unique aux enseignants, aux parents et aux d\u00e9cideurs politiques. Une r\u00e9glementation plus stricte et de meilleurs messages de sant\u00e9 publique sont n\u00e9cessaires de toute urgence.\u00a0\u00bb<\/p>\n<p>Allison Ford, professeure agr\u00e9g\u00e9e \u00e0 l&rsquo;Institut pour le marketing social et la sant\u00e9 de l&rsquo;Universit\u00e9 de Stirling et chercheuse principale de l&rsquo;\u00e9tude sur les nouveaux produits \u00e0 base de nicotine (NNP) en \u00c9cosse (NIPS), a d\u00e9clar\u00e9 : \u00ab Cet article important met en \u00e9vidence l&rsquo;accessibilit\u00e9 des sachets de nicotine pour les jeunes en \u00c9cosse et la sensibilisation des jeunes au marketing et \u00e0 la promotion des sachets de nicotine.<\/p>\n<p>\u00ab L&rsquo;\u00e9tude plus large du NIPS examine la disponibilit\u00e9 au d\u00e9tail, la commercialisation et l&rsquo;affichage des NNP en \u00c9cosse. Ses conclusions aideront le gouvernement \u00e9cossais \u00e0 d\u00e9cider si de nouvelles r\u00e8gles sont n\u00e9cessaires sur la mani\u00e8re dont les vapes et les sachets de nicotine sont pr\u00e9sent\u00e9s et commercialis\u00e9s dans les magasins, afin de prot\u00e9ger les jeunes de l&rsquo;utilisation de ces produits.<\/p>\n<p>Jamie Pearce, professeur de g\u00e9ographie de la sant\u00e9 \u00e0 l&rsquo;Universit\u00e9 d&rsquo;\u00c9dimbourg, a d\u00e9clar\u00e9 : \u00ab Les sachets de nicotine sont de plus en plus utilis\u00e9s parmi les jeunes en \u00c9cosse, ce qui peut entra\u00eener des effets nocifs \u00e0 long terme sur la sant\u00e9. Il est urgent de prendre des mesures pour r\u00e9duire la commercialisation, la disponibilit\u00e9 et la vente des sachets de nicotine aux jeunes. \u00bb<\/p>\n<p>                                        <!-- print only --><\/p><\/div>\n","protected":false},"excerpt":{"rendered":"<p>Les jeunes \u00e9cossais exp\u00e9rimentent les sachets de nicotine et signalent des effets ind\u00e9sirables tels que<\/p>\n","protected":false},"author":1,"featured_media":11554,"comment_status":"closed","ping_status":"","sticky":false,"template":"","format":"standard","meta":{"footnotes":""},"categories":[35],"tags":[16,48,57,49,882,1122,8,7122,397,1121,212,46,47,1412],"class_list":["post-11553","post","type-post","status-publish","format-standard","has-post-thumbnail","hentry","category-les-addictions","tag-des","tag-etude","tag-jeunes","tag-les","tag-malgre","tag-nicotine","tag-pour","tag-reglementes","tag-risques","tag-sachets","tag-sante","tag-selon","tag-une","tag-utilisent","generate-columns","tablet-grid-50","mobile-grid-100","grid-parent","grid-50","resize-featured-image"],"yoast_head":"<!-- This site is optimized with the Yoast SEO plugin v23.4 - https:\/\/yoast.com\/wordpress\/plugins\/seo\/ -->\n<title>Les jeunes utilisent des sachets de nicotine non r\u00e9glement\u00e9s malgr\u00e9 les risques pour la sant\u00e9, selon une \u00e9tude - RVH-Synergie.org<\/title>\n<meta name=\"robots\" content=\"index, follow, max-snippet:-1, max-image-preview:large, max-video-preview:-1\" \/>\n<link rel=\"canonical\" href=\"https:\/\/rvh-synergie.org\/actualites\/les-jeunes-utilisent-des-sachets-de-nicotine-non-reglementes-malgre-les-risques-pour-la-sante-selon-une-etude\/\" \/>\n<meta property=\"og:locale\" content=\"fr_FR\" \/>\n<meta property=\"og:type\" content=\"article\" \/>\n<meta property=\"og:title\" content=\"Les jeunes utilisent des sachets de nicotine non r\u00e9glement\u00e9s malgr\u00e9 les risques pour la sant\u00e9, selon une \u00e9tude - RVH-Synergie.org\" \/>\n<meta property=\"og:description\" content=\"Les jeunes \u00e9cossais exp\u00e9rimentent les sachets de nicotine et signalent des effets ind\u00e9sirables tels que\" \/>\n<meta property=\"og:url\" content=\"https:\/\/rvh-synergie.org\/actualites\/les-jeunes-utilisent-des-sachets-de-nicotine-non-reglementes-malgre-les-risques-pour-la-sante-selon-une-etude\/\" \/>\n<meta property=\"og:site_name\" content=\"RVH-Synergie\" \/>\n<meta property=\"article:published_time\" content=\"2025-11-10T16:43:50+00:00\" \/>\n<meta property=\"article:modified_time\" content=\"2025-11-10T16:44:02+00:00\" \/>\n<meta property=\"og:image\" content=\"https:\/\/rvh-synergie.org\/actualites\/wp-content\/uploads\/2025\/11\/1762793031_Les-jeunes-utilisent-des-sachets-de-nicotine-non-reglementes-malgre-scaled.jpg\" \/>\n\t<meta property=\"og:image:width\" content=\"2560\" \/>\n\t<meta property=\"og:image:height\" content=\"1707\" \/>\n\t<meta property=\"og:image:type\" content=\"image\/jpeg\" \/>\n<meta name=\"author\" content=\"Charles Martinez\" \/>\n<meta name=\"twitter:card\" content=\"summary_large_image\" \/>\n<meta name=\"twitter:label1\" content=\"\u00c9crit par\" \/>\n\t<meta name=\"twitter:data1\" content=\"Charles Martinez\" \/>\n\t<meta name=\"twitter:label2\" content=\"Dur\u00e9e de lecture estim\u00e9e\" \/>\n\t<meta name=\"twitter:data2\" content=\"4 minutes\" \/>\n<script type=\"application\/ld+json\" class=\"yoast-schema-graph\">{\"@context\":\"https:\/\/schema.org\",\"@graph\":[{\"@type\":\"Article\",\"@id\":\"https:\/\/rvh-synergie.org\/actualites\/les-jeunes-utilisent-des-sachets-de-nicotine-non-reglementes-malgre-les-risques-pour-la-sante-selon-une-etude\/#article\",\"isPartOf\":{\"@id\":\"https:\/\/rvh-synergie.org\/actualites\/les-jeunes-utilisent-des-sachets-de-nicotine-non-reglementes-malgre-les-risques-pour-la-sante-selon-une-etude\/\"},\"author\":{\"name\":\"Charles Martinez\",\"@id\":\"https:\/\/rvh-synergie.org\/actualites\/#\/schema\/person\/aa5ea98671fb4e8620f488a0795d2560\"},\"headline\":\"Les jeunes utilisent des sachets de nicotine non r\u00e9glement\u00e9s malgr\u00e9 les risques pour la sant\u00e9, selon une \u00e9tude\",\"datePublished\":\"2025-11-10T16:43:50+00:00\",\"dateModified\":\"2025-11-10T16:44:02+00:00\",\"mainEntityOfPage\":{\"@id\":\"https:\/\/rvh-synergie.org\/actualites\/les-jeunes-utilisent-des-sachets-de-nicotine-non-reglementes-malgre-les-risques-pour-la-sante-selon-une-etude\/\"},\"wordCount\":763,\"publisher\":{\"@id\":\"https:\/\/rvh-synergie.org\/actualites\/#organization\"},\"image\":{\"@id\":\"https:\/\/rvh-synergie.org\/actualites\/les-jeunes-utilisent-des-sachets-de-nicotine-non-reglementes-malgre-les-risques-pour-la-sante-selon-une-etude\/#primaryimage\"},\"thumbnailUrl\":\"https:\/\/rvh-synergie.org\/actualites\/wp-content\/uploads\/2025\/11\/1762793031_Les-jeunes-utilisent-des-sachets-de-nicotine-non-reglementes-malgre-scaled.jpg\",\"keywords\":[\"des\",\"\u00e9tude\",\"jeunes\",\"Les\",\"malgr\u00e9\",\"nicotine\",\"pour\",\"r\u00e9glement\u00e9s\",\"risques\",\"sachets\",\"sant\u00e9\",\"selon\",\"une\",\"utilisent\"],\"articleSection\":[\"Les addictions\"],\"inLanguage\":\"fr-FR\"},{\"@type\":\"WebPage\",\"@id\":\"https:\/\/rvh-synergie.org\/actualites\/les-jeunes-utilisent-des-sachets-de-nicotine-non-reglementes-malgre-les-risques-pour-la-sante-selon-une-etude\/\",\"url\":\"https:\/\/rvh-synergie.org\/actualites\/les-jeunes-utilisent-des-sachets-de-nicotine-non-reglementes-malgre-les-risques-pour-la-sante-selon-une-etude\/\",\"name\":\"Les jeunes utilisent des sachets de nicotine non r\u00e9glement\u00e9s malgr\u00e9 les risques pour la sant\u00e9, selon une \u00e9tude - RVH-Synergie.org\",\"isPartOf\":{\"@id\":\"https:\/\/rvh-synergie.org\/actualites\/#website\"},\"primaryImageOfPage\":{\"@id\":\"https:\/\/rvh-synergie.org\/actualites\/les-jeunes-utilisent-des-sachets-de-nicotine-non-reglementes-malgre-les-risques-pour-la-sante-selon-une-etude\/#primaryimage\"},\"image\":{\"@id\":\"https:\/\/rvh-synergie.org\/actualites\/les-jeunes-utilisent-des-sachets-de-nicotine-non-reglementes-malgre-les-risques-pour-la-sante-selon-une-etude\/#primaryimage\"},\"thumbnailUrl\":\"https:\/\/rvh-synergie.org\/actualites\/wp-content\/uploads\/2025\/11\/1762793031_Les-jeunes-utilisent-des-sachets-de-nicotine-non-reglementes-malgre-scaled.jpg\",\"datePublished\":\"2025-11-10T16:43:50+00:00\",\"dateModified\":\"2025-11-10T16:44:02+00:00\",\"breadcrumb\":{\"@id\":\"https:\/\/rvh-synergie.org\/actualites\/les-jeunes-utilisent-des-sachets-de-nicotine-non-reglementes-malgre-les-risques-pour-la-sante-selon-une-etude\/#breadcrumb\"},\"inLanguage\":\"fr-FR\",\"potentialAction\":[{\"@type\":\"ReadAction\",\"target\":[\"https:\/\/rvh-synergie.org\/actualites\/les-jeunes-utilisent-des-sachets-de-nicotine-non-reglementes-malgre-les-risques-pour-la-sante-selon-une-etude\/\"]}]},{\"@type\":\"ImageObject\",\"inLanguage\":\"fr-FR\",\"@id\":\"https:\/\/rvh-synergie.org\/actualites\/les-jeunes-utilisent-des-sachets-de-nicotine-non-reglementes-malgre-les-risques-pour-la-sante-selon-une-etude\/#primaryimage\",\"url\":\"https:\/\/rvh-synergie.org\/actualites\/wp-content\/uploads\/2025\/11\/1762793031_Les-jeunes-utilisent-des-sachets-de-nicotine-non-reglementes-malgre-scaled.jpg\",\"contentUrl\":\"https:\/\/rvh-synergie.org\/actualites\/wp-content\/uploads\/2025\/11\/1762793031_Les-jeunes-utilisent-des-sachets-de-nicotine-non-reglementes-malgre-scaled.jpg\",\"width\":2560,\"height\":1707,\"caption\":\"Les jeunes utilisent des sachets de nicotine non r\u00e9glement\u00e9s malgr\u00e9 les risques pour la sant\u00e9, selon une \u00e9tude\"},{\"@type\":\"BreadcrumbList\",\"@id\":\"https:\/\/rvh-synergie.org\/actualites\/les-jeunes-utilisent-des-sachets-de-nicotine-non-reglementes-malgre-les-risques-pour-la-sante-selon-une-etude\/#breadcrumb\",\"itemListElement\":[{\"@type\":\"ListItem\",\"position\":1,\"name\":\"Accueil\",\"item\":\"https:\/\/rvh-synergie.org\/actualites\/\"},{\"@type\":\"ListItem\",\"position\":2,\"name\":\"Les jeunes utilisent des sachets de nicotine non r\u00e9glement\u00e9s malgr\u00e9 les risques pour la sant\u00e9, selon une \u00e9tude\"}]},{\"@type\":\"WebSite\",\"@id\":\"https:\/\/rvh-synergie.org\/actualites\/#website\",\"url\":\"https:\/\/rvh-synergie.org\/actualites\/\",\"name\":\"RVH-Synergie.org\",\"description\":\"RVH-Synergie, site ind\u00e9pendant d&#039;informations sur la prise en charge des addictions.\",\"publisher\":{\"@id\":\"https:\/\/rvh-synergie.org\/actualites\/#organization\"},\"potentialAction\":[{\"@type\":\"SearchAction\",\"target\":{\"@type\":\"EntryPoint\",\"urlTemplate\":\"https:\/\/rvh-synergie.org\/actualites\/?s={search_term_string}\"},\"query-input\":{\"@type\":\"PropertyValueSpecification\",\"valueRequired\":true,\"valueName\":\"search_term_string\"}}],\"inLanguage\":\"fr-FR\"},{\"@type\":\"Organization\",\"@id\":\"https:\/\/rvh-synergie.org\/actualites\/#organization\",\"name\":\"RVH-Synergie.org\",\"url\":\"https:\/\/rvh-synergie.org\/actualites\/\",\"logo\":{\"@type\":\"ImageObject\",\"inLanguage\":\"fr-FR\",\"@id\":\"https:\/\/rvh-synergie.org\/actualites\/#\/schema\/logo\/image\/\",\"url\":\"https:\/\/rvh-synergie.org\/actualites\/wp-content\/uploads\/2024\/09\/favicon.png\",\"contentUrl\":\"https:\/\/rvh-synergie.org\/actualites\/wp-content\/uploads\/2024\/09\/favicon.png\",\"width\":512,\"height\":512,\"caption\":\"RVH-Synergie.org\"},\"image\":{\"@id\":\"https:\/\/rvh-synergie.org\/actualites\/#\/schema\/logo\/image\/\"}},{\"@type\":\"Person\",\"@id\":\"https:\/\/rvh-synergie.org\/actualites\/#\/schema\/person\/aa5ea98671fb4e8620f488a0795d2560\",\"name\":\"Charles Martinez\",\"image\":{\"@type\":\"ImageObject\",\"inLanguage\":\"fr-FR\",\"@id\":\"https:\/\/rvh-synergie.org\/actualites\/#\/schema\/person\/image\/\",\"url\":\"https:\/\/rvh-synergie.org\/actualites\/wp-content\/uploads\/2024\/09\/charles-martinez-scaled.jpg\",\"contentUrl\":\"https:\/\/rvh-synergie.org\/actualites\/wp-content\/uploads\/2024\/09\/charles-martinez-scaled.jpg\",\"caption\":\"Charles Martinez\"},\"description\":\"Bonjour, je m'appelle Charles Martinez, r\u00e9dacteur passionn\u00e9 pour le m\u00e9dia RVH-synergie.org, d\u00e9di\u00e9 aux addictions et aux maladies. Depuis plus de dix ans, j'explore et rapporte les histoires poignantes des individus confront\u00e9s \u00e0 ces d\u00e9fis, tout en sensibilisant le public aux traitements novateurs et aux progr\u00e8s scientifiques dans ce domaine. Mon engagement r\u00e9side dans l'espoir de cr\u00e9er une communaut\u00e9 inform\u00e9e et empathique, pr\u00eate \u00e0 soutenir ceux qui luttent contre ces \u00e9preuves.\",\"sameAs\":[\"https:\/\/rvh-synergie.org\/\"]}]}<\/script>\n<!-- \/ Yoast SEO plugin. -->","yoast_head_json":{"title":"Les jeunes utilisent des sachets de nicotine non r\u00e9glement\u00e9s malgr\u00e9 les risques pour la sant\u00e9, selon une \u00e9tude - RVH-Synergie.org","robots":{"index":"index","follow":"follow","max-snippet":"max-snippet:-1","max-image-preview":"max-image-preview:large","max-video-preview":"max-video-preview:-1"},"canonical":"https:\/\/rvh-synergie.org\/actualites\/les-jeunes-utilisent-des-sachets-de-nicotine-non-reglementes-malgre-les-risques-pour-la-sante-selon-une-etude\/","og_locale":"fr_FR","og_type":"article","og_title":"Les jeunes utilisent des sachets de nicotine non r\u00e9glement\u00e9s malgr\u00e9 les risques pour la sant\u00e9, selon une \u00e9tude - RVH-Synergie.org","og_description":"Les jeunes \u00e9cossais exp\u00e9rimentent les sachets de nicotine et signalent des effets ind\u00e9sirables tels que","og_url":"https:\/\/rvh-synergie.org\/actualites\/les-jeunes-utilisent-des-sachets-de-nicotine-non-reglementes-malgre-les-risques-pour-la-sante-selon-une-etude\/","og_site_name":"RVH-Synergie","article_published_time":"2025-11-10T16:43:50+00:00","article_modified_time":"2025-11-10T16:44:02+00:00","og_image":[{"width":2560,"height":1707,"url":"https:\/\/rvh-synergie.org\/actualites\/wp-content\/uploads\/2025\/11\/1762793031_Les-jeunes-utilisent-des-sachets-de-nicotine-non-reglementes-malgre-scaled.jpg","type":"image\/jpeg"}],"author":"Charles Martinez","twitter_card":"summary_large_image","twitter_misc":{"\u00c9crit par":"Charles Martinez","Dur\u00e9e de lecture estim\u00e9e":"4 minutes"},"schema":{"@context":"https:\/\/schema.org","@graph":[{"@type":"Article","@id":"https:\/\/rvh-synergie.org\/actualites\/les-jeunes-utilisent-des-sachets-de-nicotine-non-reglementes-malgre-les-risques-pour-la-sante-selon-une-etude\/#article","isPartOf":{"@id":"https:\/\/rvh-synergie.org\/actualites\/les-jeunes-utilisent-des-sachets-de-nicotine-non-reglementes-malgre-les-risques-pour-la-sante-selon-une-etude\/"},"author":{"name":"Charles Martinez","@id":"https:\/\/rvh-synergie.org\/actualites\/#\/schema\/person\/aa5ea98671fb4e8620f488a0795d2560"},"headline":"Les jeunes utilisent des sachets de nicotine non r\u00e9glement\u00e9s malgr\u00e9 les risques pour la sant\u00e9, selon une \u00e9tude","datePublished":"2025-11-10T16:43:50+00:00","dateModified":"2025-11-10T16:44:02+00:00","mainEntityOfPage":{"@id":"https:\/\/rvh-synergie.org\/actualites\/les-jeunes-utilisent-des-sachets-de-nicotine-non-reglementes-malgre-les-risques-pour-la-sante-selon-une-etude\/"},"wordCount":763,"publisher":{"@id":"https:\/\/rvh-synergie.org\/actualites\/#organization"},"image":{"@id":"https:\/\/rvh-synergie.org\/actualites\/les-jeunes-utilisent-des-sachets-de-nicotine-non-reglementes-malgre-les-risques-pour-la-sante-selon-une-etude\/#primaryimage"},"thumbnailUrl":"https:\/\/rvh-synergie.org\/actualites\/wp-content\/uploads\/2025\/11\/1762793031_Les-jeunes-utilisent-des-sachets-de-nicotine-non-reglementes-malgre-scaled.jpg","keywords":["des","\u00e9tude","jeunes","Les","malgr\u00e9","nicotine","pour","r\u00e9glement\u00e9s","risques","sachets","sant\u00e9","selon","une","utilisent"],"articleSection":["Les addictions"],"inLanguage":"fr-FR"},{"@type":"WebPage","@id":"https:\/\/rvh-synergie.org\/actualites\/les-jeunes-utilisent-des-sachets-de-nicotine-non-reglementes-malgre-les-risques-pour-la-sante-selon-une-etude\/","url":"https:\/\/rvh-synergie.org\/actualites\/les-jeunes-utilisent-des-sachets-de-nicotine-non-reglementes-malgre-les-risques-pour-la-sante-selon-une-etude\/","name":"Les jeunes utilisent des sachets de nicotine non r\u00e9glement\u00e9s malgr\u00e9 les risques pour la sant\u00e9, selon une \u00e9tude - RVH-Synergie.org","isPartOf":{"@id":"https:\/\/rvh-synergie.org\/actualites\/#website"},"primaryImageOfPage":{"@id":"https:\/\/rvh-synergie.org\/actualites\/les-jeunes-utilisent-des-sachets-de-nicotine-non-reglementes-malgre-les-risques-pour-la-sante-selon-une-etude\/#primaryimage"},"image":{"@id":"https:\/\/rvh-synergie.org\/actualites\/les-jeunes-utilisent-des-sachets-de-nicotine-non-reglementes-malgre-les-risques-pour-la-sante-selon-une-etude\/#primaryimage"},"thumbnailUrl":"https:\/\/rvh-synergie.org\/actualites\/wp-content\/uploads\/2025\/11\/1762793031_Les-jeunes-utilisent-des-sachets-de-nicotine-non-reglementes-malgre-scaled.jpg","datePublished":"2025-11-10T16:43:50+00:00","dateModified":"2025-11-10T16:44:02+00:00","breadcrumb":{"@id":"https:\/\/rvh-synergie.org\/actualites\/les-jeunes-utilisent-des-sachets-de-nicotine-non-reglementes-malgre-les-risques-pour-la-sante-selon-une-etude\/#breadcrumb"},"inLanguage":"fr-FR","potentialAction":[{"@type":"ReadAction","target":["https:\/\/rvh-synergie.org\/actualites\/les-jeunes-utilisent-des-sachets-de-nicotine-non-reglementes-malgre-les-risques-pour-la-sante-selon-une-etude\/"]}]},{"@type":"ImageObject","inLanguage":"fr-FR","@id":"https:\/\/rvh-synergie.org\/actualites\/les-jeunes-utilisent-des-sachets-de-nicotine-non-reglementes-malgre-les-risques-pour-la-sante-selon-une-etude\/#primaryimage","url":"https:\/\/rvh-synergie.org\/actualites\/wp-content\/uploads\/2025\/11\/1762793031_Les-jeunes-utilisent-des-sachets-de-nicotine-non-reglementes-malgre-scaled.jpg","contentUrl":"https:\/\/rvh-synergie.org\/actualites\/wp-content\/uploads\/2025\/11\/1762793031_Les-jeunes-utilisent-des-sachets-de-nicotine-non-reglementes-malgre-scaled.jpg","width":2560,"height":1707,"caption":"Les jeunes utilisent des sachets de nicotine non r\u00e9glement\u00e9s malgr\u00e9 les risques pour la sant\u00e9, selon une \u00e9tude"},{"@type":"BreadcrumbList","@id":"https:\/\/rvh-synergie.org\/actualites\/les-jeunes-utilisent-des-sachets-de-nicotine-non-reglementes-malgre-les-risques-pour-la-sante-selon-une-etude\/#breadcrumb","itemListElement":[{"@type":"ListItem","position":1,"name":"Accueil","item":"https:\/\/rvh-synergie.org\/actualites\/"},{"@type":"ListItem","position":2,"name":"Les jeunes utilisent des sachets de nicotine non r\u00e9glement\u00e9s malgr\u00e9 les risques pour la sant\u00e9, selon une \u00e9tude"}]},{"@type":"WebSite","@id":"https:\/\/rvh-synergie.org\/actualites\/#website","url":"https:\/\/rvh-synergie.org\/actualites\/","name":"RVH-Synergie.org","description":"RVH-Synergie, site ind\u00e9pendant d&#039;informations sur la prise en charge des addictions.","publisher":{"@id":"https:\/\/rvh-synergie.org\/actualites\/#organization"},"potentialAction":[{"@type":"SearchAction","target":{"@type":"EntryPoint","urlTemplate":"https:\/\/rvh-synergie.org\/actualites\/?s={search_term_string}"},"query-input":{"@type":"PropertyValueSpecification","valueRequired":true,"valueName":"search_term_string"}}],"inLanguage":"fr-FR"},{"@type":"Organization","@id":"https:\/\/rvh-synergie.org\/actualites\/#organization","name":"RVH-Synergie.org","url":"https:\/\/rvh-synergie.org\/actualites\/","logo":{"@type":"ImageObject","inLanguage":"fr-FR","@id":"https:\/\/rvh-synergie.org\/actualites\/#\/schema\/logo\/image\/","url":"https:\/\/rvh-synergie.org\/actualites\/wp-content\/uploads\/2024\/09\/favicon.png","contentUrl":"https:\/\/rvh-synergie.org\/actualites\/wp-content\/uploads\/2024\/09\/favicon.png","width":512,"height":512,"caption":"RVH-Synergie.org"},"image":{"@id":"https:\/\/rvh-synergie.org\/actualites\/#\/schema\/logo\/image\/"}},{"@type":"Person","@id":"https:\/\/rvh-synergie.org\/actualites\/#\/schema\/person\/aa5ea98671fb4e8620f488a0795d2560","name":"Charles Martinez","image":{"@type":"ImageObject","inLanguage":"fr-FR","@id":"https:\/\/rvh-synergie.org\/actualites\/#\/schema\/person\/image\/","url":"https:\/\/rvh-synergie.org\/actualites\/wp-content\/uploads\/2024\/09\/charles-martinez-scaled.jpg","contentUrl":"https:\/\/rvh-synergie.org\/actualites\/wp-content\/uploads\/2024\/09\/charles-martinez-scaled.jpg","caption":"Charles Martinez"},"description":"Bonjour, je m'appelle Charles Martinez, r\u00e9dacteur passionn\u00e9 pour le m\u00e9dia RVH-synergie.org, d\u00e9di\u00e9 aux addictions et aux maladies. Depuis plus de dix ans, j'explore et rapporte les histoires poignantes des individus confront\u00e9s \u00e0 ces d\u00e9fis, tout en sensibilisant le public aux traitements novateurs et aux progr\u00e8s scientifiques dans ce domaine. Mon engagement r\u00e9side dans l'espoir de cr\u00e9er une communaut\u00e9 inform\u00e9e et empathique, pr\u00eate \u00e0 soutenir ceux qui luttent contre ces \u00e9preuves.","sameAs":["https:\/\/rvh-synergie.org\/"]}]}},"_links":{"self":[{"href":"https:\/\/rvh-synergie.org\/actualites\/wp-json\/wp\/v2\/posts\/11553","targetHints":{"allow":["GET"]}}],"collection":[{"href":"https:\/\/rvh-synergie.org\/actualites\/wp-json\/wp\/v2\/posts"}],"about":[{"href":"https:\/\/rvh-synergie.org\/actualites\/wp-json\/wp\/v2\/types\/post"}],"author":[{"embeddable":true,"href":"https:\/\/rvh-synergie.org\/actualites\/wp-json\/wp\/v2\/users\/1"}],"replies":[{"embeddable":true,"href":"https:\/\/rvh-synergie.org\/actualites\/wp-json\/wp\/v2\/comments?post=11553"}],"version-history":[{"count":0,"href":"https:\/\/rvh-synergie.org\/actualites\/wp-json\/wp\/v2\/posts\/11553\/revisions"}],"wp:featuredmedia":[{"embeddable":true,"href":"https:\/\/rvh-synergie.org\/actualites\/wp-json\/wp\/v2\/media\/11554"}],"wp:attachment":[{"href":"https:\/\/rvh-synergie.org\/actualites\/wp-json\/wp\/v2\/media?parent=11553"}],"wp:term":[{"taxonomy":"category","embeddable":true,"href":"https:\/\/rvh-synergie.org\/actualites\/wp-json\/wp\/v2\/categories?post=11553"},{"taxonomy":"post_tag","embeddable":true,"href":"https:\/\/rvh-synergie.org\/actualites\/wp-json\/wp\/v2\/tags?post=11553"}],"curies":[{"name":"wp","href":"https:\/\/api.w.org\/{rel}","templated":true}]}}